{"id":81286,"date":"2015-04-29T07:25:52","date_gmt":"2015-04-29T05:25:52","guid":{"rendered":"https:\/\/centcols.org\/reunion-des-cent-cols-de-suisse-a-vevey-28-fevrier-2014\/"},"modified":"2015-04-29T07:25:52","modified_gmt":"2015-04-29T05:25:52","slug":"meeting-of-the-cent-cols-de-suisse-in-vevey-28-february-2014","status":"publish","type":"post","link":"https:\/\/centcols.org\/en\/reunion-des-cent-cols-de-suisse-a-vevey-28-fevrier-2014\/","title":{"rendered":"Meeting of the Cent Cols de Suisse in Vevey - 28 February 2014"},"content":{"rendered":"<h2>Minutes<\/h2>\n<p>8.30am, Nicole and Jean-Pierre bring us coffee and Cuchaule from the baths car park. The sun was shining and the temperature was already pleasant.<br \/>\nA small delegation of 6 riders set off at 9am for this 36km route with two passes. After a 6 km warm-up on a pretty little road, the gradient steepens to 13-15 %. Two bends before the summit of the Hauts-Cr\u00eats pass, we stopped in front of a footpath sign and were surprised to see it read \"Col des Jognins\".<\/p>\n<p>A new pass just 2 km away and everyone agreed to take a closer look. After two km of pushing along a path, we reached the pass. To avoid going back, we decided to descend the western side to Charmey and then climb back up to the Passage du Jeu de Quille. The route was therefore 10 km longer, but with one more pass. Back in Charmey at 4 p.m. for a beer (not two) before heading home.<\/p>\n<p>See you soon for new discoveries.<\/p>\n<p>Pierre<\/p>","protected":false},"excerpt":{"rendered":"<p>Compte rendu 8h30, Nicole et Jean-Pierre nous ont apport\u00e9 le caf\u00e9 et la Cuchaule sur le parking des bains. Le soleil est bien pr\u00e9sent et la temp\u00e9rature d\u00e9j\u00e0 agr\u00e9able. D\u00e9part \u00e0 9 heures d\u2019une petite d\u00e9l\u00e9gation de 6 membres pour ce parcours de 36 km avec deux cols. Apr\u00e8s 6 km d\u2019\u00e9chauffement sur une jolie [&hellip;]<\/p>\n","protected":false},"author":2,"featured_media":81287,"comment_status":"closed","ping_status":"open","sticky":false,"template":"","format":"standard","meta":{"_acf_changed":false,"footnotes":""},"categories":[85],"tags":[],"class_list":["post-81286","post","type-post","status-publish","format-standard","has-post-thumbnail","hentry","category-albums-photos"],"acf":[],"yoast_head":"<!-- This site is optimized with the Yoast SEO plugin v27.2 - https:\/\/yoast.com\/product\/yoast-seo-wordpress\/ -->\n<title>R\u00e9union des Cent Cols de Suisse \u00e0 Vevey - 28 f\u00e9vrier 2014 - Club des Cent Cols<\/title>\n<meta name=\"robots\" content=\"index, follow, max-snippet:-1, max-image-preview:large, max-video-preview:-1\" \/>\n<link rel=\"canonical\" href=\"https:\/\/centcols.org\/en\/meeting-of-the-cent-cols-de-suisse-in-vevey-28-february-2014\/\" \/>\n<meta property=\"og:locale\" content=\"en_GB\" \/>\n<meta property=\"og:type\" content=\"article\" \/>\n<meta property=\"og:title\" content=\"R\u00e9union des Cent Cols de Suisse \u00e0 Vevey - 28 f\u00e9vrier 2014 - Club des Cent Cols\" \/>\n<meta property=\"og:description\" content=\"Compte rendu 8h30, Nicole et Jean-Pierre nous ont apport\u00e9 le caf\u00e9 et la Cuchaule sur le parking des bains. Le soleil est bien pr\u00e9sent et la temp\u00e9rature d\u00e9j\u00e0 agr\u00e9able. D\u00e9part \u00e0 9 heures d\u2019une petite d\u00e9l\u00e9gation de 6 membres pour ce parcours de 36 km avec deux cols. Apr\u00e8s 6 km d\u2019\u00e9chauffement sur une jolie [&hellip;]\" \/>\n<meta property=\"og:url\" content=\"https:\/\/centcols.org\/en\/meeting-of-the-cent-cols-de-suisse-in-vevey-28-february-2014\/\" \/>\n<meta property=\"og:site_name\" content=\"Club des Cent Cols\" \/>\n<meta property=\"article:publisher\" content=\"https:\/\/www.facebook.com\/groups\/5261880558\/?locale=fr_FR\" \/>\n<meta property=\"article:published_time\" content=\"2015-04-29T05:25:52+00:00\" \/>\n<meta property=\"og:image\" content=\"https:\/\/centcols.org\/wp-content\/uploads\/2025\/05\/L00318.jpg\" \/>\n\t<meta property=\"og:image:width\" content=\"1280\" \/>\n\t<meta property=\"og:image:height\" content=\"1707\" \/>\n\t<meta property=\"og:image:type\" content=\"image\/jpeg\" \/>\n<meta name=\"author\" content=\"fabien\" \/>\n<meta name=\"twitter:card\" content=\"summary_large_image\" \/>\n<meta name=\"twitter:label1\" content=\"Written by\" \/>\n\t<meta name=\"twitter:data1\" content=\"fabien\" \/>\n\t<meta name=\"twitter:label2\" content=\"Estimated reading time\" \/>\n\t<meta name=\"twitter:data2\" content=\"1 minute\" \/>\n<script type=\"application\/ld+json\" class=\"yoast-schema-graph\">{\"@context\":\"https:\/\/schema.org\",\"@graph\":[{\"@type\":\"Article\",\"@id\":\"https:\/\/centcols.org\/reunion-des-cent-cols-de-suisse-a-vevey-28-fevrier-2014\/#article\",\"isPartOf\":{\"@id\":\"https:\/\/centcols.org\/reunion-des-cent-cols-de-suisse-a-vevey-28-fevrier-2014\/\"},\"author\":{\"name\":\"fabien\",\"@id\":\"https:\/\/centcols.org\/#\/schema\/person\/fcdb31e57ffa95295c9683ffdda82afa\"},\"headline\":\"R\u00e9union des Cent Cols de Suisse \u00e0 Vevey &#8211; 28 f\u00e9vrier 2014\",\"datePublished\":\"2015-04-29T05:25:52+00:00\",\"mainEntityOfPage\":{\"@id\":\"https:\/\/centcols.org\/reunion-des-cent-cols-de-suisse-a-vevey-28-fevrier-2014\/\"},\"wordCount\":214,\"publisher\":{\"@id\":\"https:\/\/centcols.org\/#organization\"},\"image\":{\"@id\":\"https:\/\/centcols.org\/reunion-des-cent-cols-de-suisse-a-vevey-28-fevrier-2014\/#primaryimage\"},\"thumbnailUrl\":\"https:\/\/centcols.org\/wp-content\/uploads\/2025\/05\/L00318.jpg\",\"articleSection\":[\"Albums photos\"],\"inLanguage\":\"en-GB\"},{\"@type\":\"WebPage\",\"@id\":\"https:\/\/centcols.org\/reunion-des-cent-cols-de-suisse-a-vevey-28-fevrier-2014\/\",\"url\":\"https:\/\/centcols.org\/reunion-des-cent-cols-de-suisse-a-vevey-28-fevrier-2014\/\",\"name\":\"R\u00e9union des Cent Cols de Suisse \u00e0 Vevey - 28 f\u00e9vrier 2014 - Club des Cent Cols\",\"isPartOf\":{\"@id\":\"https:\/\/centcols.org\/#website\"},\"primaryImageOfPage\":{\"@id\":\"https:\/\/centcols.org\/reunion-des-cent-cols-de-suisse-a-vevey-28-fevrier-2014\/#primaryimage\"},\"image\":{\"@id\":\"https:\/\/centcols.org\/reunion-des-cent-cols-de-suisse-a-vevey-28-fevrier-2014\/#primaryimage\"},\"thumbnailUrl\":\"https:\/\/centcols.org\/wp-content\/uploads\/2025\/05\/L00318.jpg\",\"datePublished\":\"2015-04-29T05:25:52+00:00\",\"breadcrumb\":{\"@id\":\"https:\/\/centcols.org\/reunion-des-cent-cols-de-suisse-a-vevey-28-fevrier-2014\/#breadcrumb\"},\"inLanguage\":\"en-GB\",\"potentialAction\":[{\"@type\":\"ReadAction\",\"target\":[\"https:\/\/centcols.org\/reunion-des-cent-cols-de-suisse-a-vevey-28-fevrier-2014\/\"]}]},{\"@type\":\"ImageObject\",\"inLanguage\":\"en-GB\",\"@id\":\"https:\/\/centcols.org\/reunion-des-cent-cols-de-suisse-a-vevey-28-fevrier-2014\/#primaryimage\",\"url\":\"https:\/\/centcols.org\/wp-content\/uploads\/2025\/05\/L00318.jpg\",\"contentUrl\":\"https:\/\/centcols.org\/wp-content\/uploads\/2025\/05\/L00318.jpg\",\"width\":1280,\"height\":1707},{\"@type\":\"BreadcrumbList\",\"@id\":\"https:\/\/centcols.org\/reunion-des-cent-cols-de-suisse-a-vevey-28-fevrier-2014\/#breadcrumb\",\"itemListElement\":[{\"@type\":\"ListItem\",\"position\":1,\"name\":\"Accueil\",\"item\":\"https:\/\/centcols.org\/\"},{\"@type\":\"ListItem\",\"position\":2,\"name\":\"Albums photos\",\"item\":\"https:\/\/centcols.org\/rubrique\/albums-photos\/\"},{\"@type\":\"ListItem\",\"position\":3,\"name\":\"R\u00e9union des Cent Cols de Suisse \u00e0 Vevey &#8211; 28 f\u00e9vrier 2014\"}]},{\"@type\":\"WebSite\",\"@id\":\"https:\/\/centcols.org\/#website\",\"url\":\"https:\/\/centcols.org\/\",\"name\":\"Club des Cent Cols\",\"description\":\"\",\"publisher\":{\"@id\":\"https:\/\/centcols.org\/#organization\"},\"potentialAction\":[{\"@type\":\"SearchAction\",\"target\":{\"@type\":\"EntryPoint\",\"urlTemplate\":\"https:\/\/centcols.org\/?s={search_term_string}\"},\"query-input\":{\"@type\":\"PropertyValueSpecification\",\"valueRequired\":true,\"valueName\":\"search_term_string\"}}],\"inLanguage\":\"en-GB\"},{\"@type\":\"Organization\",\"@id\":\"https:\/\/centcols.org\/#organization\",\"name\":\"Club des Cent Cols\",\"url\":\"https:\/\/centcols.org\/\",\"logo\":{\"@type\":\"ImageObject\",\"inLanguage\":\"en-GB\",\"@id\":\"https:\/\/centcols.org\/#\/schema\/logo\/image\/\",\"url\":\"https:\/\/centcols.org\/wp-content\/uploads\/2025\/01\/carte-icone.png\",\"contentUrl\":\"https:\/\/centcols.org\/wp-content\/uploads\/2025\/01\/carte-icone.png\",\"width\":250,\"height\":250,\"caption\":\"Club des Cent Cols\"},\"image\":{\"@id\":\"https:\/\/centcols.org\/#\/schema\/logo\/image\/\"},\"sameAs\":[\"https:\/\/www.facebook.com\/groups\/5261880558\/?locale=fr_FR\"]},{\"@type\":\"Person\",\"@id\":\"https:\/\/centcols.org\/#\/schema\/person\/fcdb31e57ffa95295c9683ffdda82afa\",\"name\":\"fabien\",\"image\":{\"@type\":\"ImageObject\",\"inLanguage\":\"en-GB\",\"@id\":\"https:\/\/centcols.org\/wp-content\/litespeed\/avatar\/9065528d4c1ba02f0faf2b7616b2a195.jpg?ver=1777225983\",\"url\":\"https:\/\/centcols.org\/wp-content\/litespeed\/avatar\/9065528d4c1ba02f0faf2b7616b2a195.jpg?ver=1777225983\",\"contentUrl\":\"https:\/\/centcols.org\/wp-content\/litespeed\/avatar\/9065528d4c1ba02f0faf2b7616b2a195.jpg?ver=1777225983\",\"caption\":\"fabien\"},\"url\":\"https:\/\/centcols.org\/en\/author\/fabien\/\"}]}<\/script>\n<!-- \/ Yoast SEO plugin. -->","yoast_head_json":{"title":"Meeting of the Cent Cols de Suisse in Vevey - 28 February 2014 - Club des Cent Cols","robots":{"index":"index","follow":"follow","max-snippet":"max-snippet:-1","max-image-preview":"max-image-preview:large","max-video-preview":"max-video-preview:-1"},"canonical":"https:\/\/centcols.org\/en\/meeting-of-the-cent-cols-de-suisse-in-vevey-28-february-2014\/","og_locale":"en_GB","og_type":"article","og_title":"R\u00e9union des Cent Cols de Suisse \u00e0 Vevey - 28 f\u00e9vrier 2014 - Club des Cent Cols","og_description":"Compte rendu 8h30, Nicole et Jean-Pierre nous ont apport\u00e9 le caf\u00e9 et la Cuchaule sur le parking des bains. Le soleil est bien pr\u00e9sent et la temp\u00e9rature d\u00e9j\u00e0 agr\u00e9able. D\u00e9part \u00e0 9 heures d\u2019une petite d\u00e9l\u00e9gation de 6 membres pour ce parcours de 36 km avec deux cols. Apr\u00e8s 6 km d\u2019\u00e9chauffement sur une jolie [&hellip;]","og_url":"https:\/\/centcols.org\/en\/meeting-of-the-cent-cols-de-suisse-in-vevey-28-february-2014\/","og_site_name":"Club des Cent Cols","article_publisher":"https:\/\/www.facebook.com\/groups\/5261880558\/?locale=fr_FR","article_published_time":"2015-04-29T05:25:52+00:00","og_image":[{"width":1280,"height":1707,"url":"https:\/\/centcols.org\/wp-content\/uploads\/2025\/05\/L00318.jpg","type":"image\/jpeg"}],"author":"fabien","twitter_card":"summary_large_image","twitter_misc":{"Written by":"fabien","Estimated reading time":"1 minute"},"schema":{"@context":"https:\/\/schema.org","@graph":[{"@type":"Article","@id":"https:\/\/centcols.org\/reunion-des-cent-cols-de-suisse-a-vevey-28-fevrier-2014\/#article","isPartOf":{"@id":"https:\/\/centcols.org\/reunion-des-cent-cols-de-suisse-a-vevey-28-fevrier-2014\/"},"author":{"name":"fabien","@id":"https:\/\/centcols.org\/#\/schema\/person\/fcdb31e57ffa95295c9683ffdda82afa"},"headline":"R\u00e9union des Cent Cols de Suisse \u00e0 Vevey &#8211; 28 f\u00e9vrier 2014","datePublished":"2015-04-29T05:25:52+00:00","mainEntityOfPage":{"@id":"https:\/\/centcols.org\/reunion-des-cent-cols-de-suisse-a-vevey-28-fevrier-2014\/"},"wordCount":214,"publisher":{"@id":"https:\/\/centcols.org\/#organization"},"image":{"@id":"https:\/\/centcols.org\/reunion-des-cent-cols-de-suisse-a-vevey-28-fevrier-2014\/#primaryimage"},"thumbnailUrl":"https:\/\/centcols.org\/wp-content\/uploads\/2025\/05\/L00318.jpg","articleSection":["Albums photos"],"inLanguage":"en-GB"},{"@type":"WebPage","@id":"https:\/\/centcols.org\/reunion-des-cent-cols-de-suisse-a-vevey-28-fevrier-2014\/","url":"https:\/\/centcols.org\/reunion-des-cent-cols-de-suisse-a-vevey-28-fevrier-2014\/","name":"Meeting of the Cent Cols de Suisse in Vevey - 28 February 2014 - Club des Cent Cols","isPartOf":{"@id":"https:\/\/centcols.org\/#website"},"primaryImageOfPage":{"@id":"https:\/\/centcols.org\/reunion-des-cent-cols-de-suisse-a-vevey-28-fevrier-2014\/#primaryimage"},"image":{"@id":"https:\/\/centcols.org\/reunion-des-cent-cols-de-suisse-a-vevey-28-fevrier-2014\/#primaryimage"},"thumbnailUrl":"https:\/\/centcols.org\/wp-content\/uploads\/2025\/05\/L00318.jpg","datePublished":"2015-04-29T05:25:52+00:00","breadcrumb":{"@id":"https:\/\/centcols.org\/reunion-des-cent-cols-de-suisse-a-vevey-28-fevrier-2014\/#breadcrumb"},"inLanguage":"en-GB","potentialAction":[{"@type":"ReadAction","target":["https:\/\/centcols.org\/reunion-des-cent-cols-de-suisse-a-vevey-28-fevrier-2014\/"]}]},{"@type":"ImageObject","inLanguage":"en-GB","@id":"https:\/\/centcols.org\/reunion-des-cent-cols-de-suisse-a-vevey-28-fevrier-2014\/#primaryimage","url":"https:\/\/centcols.org\/wp-content\/uploads\/2025\/05\/L00318.jpg","contentUrl":"https:\/\/centcols.org\/wp-content\/uploads\/2025\/05\/L00318.jpg","width":1280,"height":1707},{"@type":"BreadcrumbList","@id":"https:\/\/centcols.org\/reunion-des-cent-cols-de-suisse-a-vevey-28-fevrier-2014\/#breadcrumb","itemListElement":[{"@type":"ListItem","position":1,"name":"Accueil","item":"https:\/\/centcols.org\/"},{"@type":"ListItem","position":2,"name":"Albums photos","item":"https:\/\/centcols.org\/rubrique\/albums-photos\/"},{"@type":"ListItem","position":3,"name":"R\u00e9union des Cent Cols de Suisse \u00e0 Vevey &#8211; 28 f\u00e9vrier 2014"}]},{"@type":"WebSite","@id":"https:\/\/centcols.org\/#website","url":"https:\/\/centcols.org\/","name":"Club des Cent Cols","description":"","publisher":{"@id":"https:\/\/centcols.org\/#organization"},"potentialAction":[{"@type":"SearchAction","target":{"@type":"EntryPoint","urlTemplate":"https:\/\/centcols.org\/?s={search_term_string}"},"query-input":{"@type":"PropertyValueSpecification","valueRequired":true,"valueName":"search_term_string"}}],"inLanguage":"en-GB"},{"@type":"Organization","@id":"https:\/\/centcols.org\/#organization","name":"Club des Cent Cols","url":"https:\/\/centcols.org\/","logo":{"@type":"ImageObject","inLanguage":"en-GB","@id":"https:\/\/centcols.org\/#\/schema\/logo\/image\/","url":"https:\/\/centcols.org\/wp-content\/uploads\/2025\/01\/carte-icone.png","contentUrl":"https:\/\/centcols.org\/wp-content\/uploads\/2025\/01\/carte-icone.png","width":250,"height":250,"caption":"Club des Cent Cols"},"image":{"@id":"https:\/\/centcols.org\/#\/schema\/logo\/image\/"},"sameAs":["https:\/\/www.facebook.com\/groups\/5261880558\/?locale=fr_FR"]},{"@type":"Person","@id":"https:\/\/centcols.org\/#\/schema\/person\/fcdb31e57ffa95295c9683ffdda82afa","name":"fabien","image":{"@type":"ImageObject","inLanguage":"en-GB","@id":"https:\/\/centcols.org\/wp-content\/litespeed\/avatar\/9065528d4c1ba02f0faf2b7616b2a195.jpg?ver=1777225983","url":"https:\/\/centcols.org\/wp-content\/litespeed\/avatar\/9065528d4c1ba02f0faf2b7616b2a195.jpg?ver=1777225983","contentUrl":"https:\/\/centcols.org\/wp-content\/litespeed\/avatar\/9065528d4c1ba02f0faf2b7616b2a195.jpg?ver=1777225983","caption":"fabien"},"url":"https:\/\/centcols.org\/en\/author\/fabien\/"}]}},"_links":{"self":[{"href":"https:\/\/centcols.org\/en\/wp-json\/wp\/v2\/posts\/81286","targetHints":{"allow":["GET"]}}],"collection":[{"href":"https:\/\/centcols.org\/en\/wp-json\/wp\/v2\/posts"}],"about":[{"href":"https:\/\/centcols.org\/en\/wp-json\/wp\/v2\/types\/post"}],"author":[{"embeddable":true,"href":"https:\/\/centcols.org\/en\/wp-json\/wp\/v2\/users\/2"}],"replies":[{"embeddable":true,"href":"https:\/\/centcols.org\/en\/wp-json\/wp\/v2\/comments?post=81286"}],"version-history":[{"count":0,"href":"https:\/\/centcols.org\/en\/wp-json\/wp\/v2\/posts\/81286\/revisions"}],"wp:featuredmedia":[{"embeddable":true,"href":"https:\/\/centcols.org\/en\/wp-json\/wp\/v2\/media\/81287"}],"wp:attachment":[{"href":"https:\/\/centcols.org\/en\/wp-json\/wp\/v2\/media?parent=81286"}],"wp:term":[{"taxonomy":"category","embeddable":true,"href":"https:\/\/centcols.org\/en\/wp-json\/wp\/v2\/categories?post=81286"},{"taxonomy":"post_tag","embeddable":true,"href":"https:\/\/centcols.org\/en\/wp-json\/wp\/v2\/tags?post=81286"}],"curies":[{"name":"wp","href":"https:\/\/api.w.org\/{rel}","templated":true}]}}