{"id":81384,"date":"2015-04-10T17:25:08","date_gmt":"2015-04-10T15:25:08","guid":{"rendered":"https:\/\/centcols.org\/sejour-estival-a-villefort-lozere-du-22-au-30-aout-2015\/"},"modified":"2025-09-01T18:32:14","modified_gmt":"2025-09-01T16:32:14","slug":"stay-2015-villefort","status":"publish","type":"post","link":"https:\/\/centcols.org\/en\/sejour-2015-villefort\/","title":{"rendered":"Summer break in Villefort (Loz\u00e8re) from 22 to 30 August 2015"},"content":{"rendered":"<h2 class=\"wp-block-heading\">Photo albums<\/h2>\n\n\n\n<p><a href=\"#album\">Click to see the albums<\/a><\/p>\n\n\n\n<h2 class=\"wp-block-heading\">Presentation<\/h2>\n\n\n\n<p>The 2015 summer holiday will take place from 22 to 30 August at the \"<a href=\"http:\/\/www.sedaries.com\/www.sedaries.com\/SEDARIES.htm\" target=\"_blank\" rel=\"noopener\">Mas des S\u00e9dari\u00e8s<\/a>\"in the commune of Villefort.<\/p>\n\n\n\n<p>The Villefort region lies to the south of the G\u00e9vaudan, just a few arpents from the Gard and Ard\u00e8che. It reveals the face of the Loz\u00e8re C\u00e9venne. It's a relatively rugged tangle of \"serres\" and \"valats\", a difficult and rough land. After years of rural exodus, today's population is enriched by outside contributions encouraged by modern technology. The centuries-old chestnut trees are still there, witness to an agrarian epic that is now a thing of the past. Further south, silk mills and the remains of coal mines are reminders of prosperous times when work fed all generations.<\/p>\n\n\n\n<p>The watershed on the summit of Mont Loz\u00e8re divides the rainfall; the Tarn and Lot rivers flow westwards, while the C\u00e8ze and Gardon join the Mediterranean. On the high plateaux at altitude, immense granite chaotic formations give a rich landscape to this land lost in the sky. In spring, the broom heaths light up the slopes of this bare mountain. But in late summer, it's the mauve and pink of the heather that will delight the avid cyclist's eye. The chestnut bolls (p\u00e9loux) will soon be ripe, weighing down the branches of this tree, revered since the dawn of time and known as the \"breadfruit tree\".<\/p>\n\n\n\n<p>This is a land steeped in history. From the Middle Ages onwards, the R\u00e9gordane road gave the region its importance. Although today the villages are calm and peaceful, the Wars of Religion devastated the people. It was in Pont-de-Montvert in 1702 that the conflict erupted with the assassination of the Abb\u00e9 du Chayla. As with any civil war, the damage caused and the prejudice suffered took a long time to fade from memory. Tolerance and freedom of conscience are closely linked to the C\u00e9vennes region. History repeated itself during the Second World War. The Resistance received a favourable response from the very first hours of the conflict. Over time, it organised itself to become the \"army of shadows\". \"Jean-Pierre Chabrol's novel Un homme de trop, brought to the screen by Costa-Gavras, highlights this dark period in our history. The writer from Pont-de-Rastel has brilliantly rekindled the flame of the Huguenot struggle with \"Les fous de Dieu\" and the struggle of the miners in the lower C\u00e9vennes with \"La Gueuse\". Novelist, storyteller and radio broadcaster, Jean-Pierre Chabrol, with all his talent, has shed light on the C\u00e9vennes.<\/p>\n\n\n\n<p>You're invited to come and discover them at the end of August. The road will be beautiful, the path stony, the accent singing and the sun generous ... Welcome to all.<\/p>\n\n\n\n<p>Guy Camb\u00e9ss\u00e8des (CC 1420)<\/p>\n\n\n\n<figure class=\"wp-block-gallery has-nested-images columns-3 is-cropped wp-block-gallery-1 is-layout-flex wp-block-gallery-is-layout-flex\">\n<figure class=\"wp-block-image size-full\"><img loading=\"lazy\" decoding=\"async\" width=\"240\" height=\"180\" data-id=\"88768\" src=\"https:\/\/centcols.org\/wp-content\/uploads\/2015\/04\/vialas-mini.jpg\" alt=\"\" class=\"wp-image-88768\"\/><\/figure>\n\n\n\n<figure class=\"wp-block-image size-full\"><img loading=\"lazy\" decoding=\"async\" width=\"200\" height=\"220\" data-id=\"88769\" src=\"https:\/\/centcols.org\/wp-content\/uploads\/2015\/04\/villefort.png\" alt=\"\" class=\"wp-image-88769\"\/><\/figure>\n\n\n\n<figure class=\"wp-block-image size-full\"><img loading=\"lazy\" decoding=\"async\" width=\"240\" height=\"180\" data-id=\"88770\" src=\"https:\/\/centcols.org\/wp-content\/uploads\/2015\/04\/cassini-mini.jpg\" alt=\"\" class=\"wp-image-88770\"\/><\/figure>\n<\/figure>\n\n\n\n<h2 class=\"wp-block-heading\">Tours<\/h2>\n\n\n\n<p>As always <a href=\"\/en\/membres\/cctours\/tours.php\/?lieu=Villefort&amp;an=2015&amp;genre=R\">road routes<\/a> will be able to operate over a wider radius than their counterparts <a href=\"\/en\/membres\/cctours\/tours.php\/?lieu=Villefort&amp;an=2015&amp;genre=V\">mule drivers<\/a>. Mont Loz\u00e8re and its adjacent valleys will be at the heart of this Cevennes tour. Our overall altitude will be between 500 and 800 metres, with only a few passes on the Boug\u00e8s, Mont Loz\u00e8re and Mont du Goulet above the 1,000-metre mark.<\/p>\n\n\n\n<p>Most of the routes will be flexible, so that everyone can hike as they please. They have deliberately been mapped out with a reasonable mileage. Everyone is free to add an extra mile, to visit a site or to check out a GMP close to the route.<\/p>\n\n\n\n<p>The mountain bike trails are modestly graded, so that everyone can enjoy the scenery to the full and appreciate this southern region. As well as the medium-altitude passes, these circuits will provide a more detailed approach to Mont Loz\u00e8re, including a complete circuit around the summit of Finiels (1699 m). On the final day, there will also be an ascent of the Col de l'Aigle, very close to the Pic Cassini (1680 m). Last autumn's heavy rainfall may have damaged the paths and forest tracks, but this is not a factor to be overlooked...<\/p>\n\n\n\n<p>If you're planning to explore the region a little further, we've put together an online guide. <a href=\"https:\/\/centcols.org\/wp-content\/uploads\/2025\/09\/reglementation-cevennes.pdf\" target=\"_blank\" rel=\"noreferrer noopener\">List of itineraries or sections of itineraries prohibited for cycling in the C\u00e9vennes<\/a><\/p>\n\n\n\n<h2 class=\"wp-block-heading\">Hosting<\/h2>\n\n\n\n<p>We will be staying at the \"Les S\u00e9dari\u00e8s\" holiday centre on the outskirts of the town. Just a stone's throw from the Collet de Villefort on the slopes of the mountain, this establishment will be able to accommodate almost all the participants, with a quality hotel residence offering every comfort and a shady campsite with several terraces and a large number of mobile homes for rent. A private swimming pool and cr\u00eaperie round off the outdoor facilities perfectly.<\/p>\n\n\n\n<p>The commune also has hotels, bed and breakfasts, g\u00eetes and two other campsites on the lakeshore.<\/p>\n\n\n\n<ul class=\"wp-block-list\">\n<li>&nbsp;Centre de Vacances \" Les S\u00e9dari\u00e8s \" - Tel : 04 66 46 25 20 ou 06 52 36 91 49 Site : <a href=\"http:\/\/www.sedaries.com\">www.sedaries.com<\/a><\/li>\n\n\n\n<li>&nbsp;Villefort Tourist Office: tel 04 66 46 87 30 - Website : <a href=\"http:\/\/www.villefort-cevennes.com\">www.villefort-cevennes.com<\/a><\/li>\n<\/ul>\n\n\n\n<h2 class=\"wp-block-heading\">Useful tips<\/h2>\n\n\n\n<p>Although this trip takes place in summer, we recommend that you pack warm clothing and equipment. For cycle maintenance (tyres, inner tubes, etc.), we recommend that you bring everything you need, as we won't have a specialist shop on site.<\/p>\n\n\n\n<h2 class=\"wp-block-heading\">For the 'after' or post-bike period<\/h2>\n\n\n\n<p>The artificial lake on the Altier river is an ideal complement to our activity, offering a late afternoon swim, a stroll along its banks or simply a few moments of relaxation.<\/p>\n\n\n\n<p>The village of La Garde-Gu\u00e9rin, just a few kilometres away, will delight lovers of old stone. The churches of Concoules and Saint-Andr\u00e9-Capc\u00e8ze reveal Romanesque art in all its splendour. For nature lovers, the Mas de la Barque site is a popular starting point for hikes. The Villefort night market, held every Monday evening, is a great opportunity to discover the wealth of local produce.<\/p>\n\n\n\n<h2 class=\"wp-block-heading\">Registration<\/h2>\n\n\n\n<p>To register, download the PDF registration form and follow the instructions therein.<\/p>\n\n\n\n<h2 class=\"wp-block-heading\" id=\"album\">Photo albums<\/h2>\n\n\n\n<figure class=\"wp-block-gallery has-nested-images columns-default is-cropped wp-block-gallery-2 is-layout-flex wp-block-gallery-is-layout-flex\">\n<figure class=\"wp-block-image size-full\"><a href=\"https:\/\/photos.google.com\/share\/AF1QipOO207Pyc4WPRzIhbbIM0GbOMNpCKz3llaNRJdifw5kW4YlVp5PlxDcv9jyUxudnA?key=MklsQkttZnVqdWNvWU1lQlBVQUJHVng4ZE9fX29B\" target=\"_blank\" rel=\"noreferrer noopener\"><img loading=\"lazy\" decoding=\"async\" width=\"1200\" height=\"900\" data-id=\"88775\" src=\"https:\/\/centcols.org\/wp-content\/uploads\/2015\/04\/villefort_gc.jpg\" alt=\"\" class=\"wp-image-88775\" srcset=\"https:\/\/centcols.org\/wp-content\/uploads\/2015\/04\/villefort_gc.jpg 1200w, https:\/\/centcols.org\/wp-content\/uploads\/2015\/04\/villefort_gc-768x576.jpg 768w\" sizes=\"auto, (max-width: 1200px) 100vw, 1200px\" \/><\/a><figcaption class=\"wp-element-caption\">Album by Gerald Cowhan<\/figcaption><\/figure>\n\n\n\n<figure class=\"wp-block-image size-full\"><a href=\"https:\/\/photos.google.com\/share\/AF1QipOO207Pyc4WPRzIhbbIM0GbOMNpCKz3llaNRJdifw5kW4YlVp5PlxDcv9jyUxudnA?key=MklsQkttZnVqdWNvWU1lQlBVQUJHVng4ZE9fX29B\" target=\"_blank\" rel=\"noreferrer noopener\"><img loading=\"lazy\" decoding=\"async\" width=\"1200\" height=\"900\" data-id=\"88776\" src=\"https:\/\/centcols.org\/wp-content\/uploads\/2015\/04\/Villefort_gg.jpg\" alt=\"\" class=\"wp-image-88776\" srcset=\"https:\/\/centcols.org\/wp-content\/uploads\/2015\/04\/Villefort_gg.jpg 1200w, https:\/\/centcols.org\/wp-content\/uploads\/2015\/04\/Villefort_gg-768x576.jpg 768w\" sizes=\"auto, (max-width: 1200px) 100vw, 1200px\" \/><\/a><figcaption class=\"wp-element-caption\">Album by Guy Garcin and review on his website<\/figcaption><\/figure>\n<\/figure>\n\n\n\n<p><\/p>","protected":false},"excerpt":{"rendered":"<p>Albums Photos Cliquer pour voir les albums Pr\u00e9sentation Le s\u00e9jour d&rsquo;\u00e9t\u00e9 2015 se d\u00e9roulera du 22 au 30 ao\u00fbt au \u00abMas des S\u00e9dari\u00e8s\u00bb sur la commune de Villefort. La r\u00e9gion de Villefort est situ\u00e9e au sud du G\u00e9vaudan, \u00e0 quelques arpents du Gard et l\u2019Ard\u00e8che. Elle d\u00e9voile le visage de la C\u00e9venne loz\u00e9rienne. C\u2019est un [&hellip;]<\/p>\n","protected":false},"author":3,"featured_media":81385,"comment_status":"closed","ping_status":"closed","sticky":false,"template":"","format":"standard","meta":{"_acf_changed":false,"footnotes":""},"categories":[349,384,363,135,398,414,231],"tags":[],"class_list":["post-81384","post","type-post","status-publish","format-standard","has-post-thumbnail","hentry","category-france-pays-sejours","category-occitanie-region-sejours","category-massif-central-massif-sejours","category-calendrier","category-cevennes-massif","category-48-lozere-departement-sejours","category-sejours"],"acf":[],"yoast_head":"<!-- This site is optimized with the Yoast SEO plugin v27.2 - https:\/\/yoast.com\/product\/yoast-seo-wordpress\/ -->\n<title>S\u00e9jour estival \u00e0 Villefort (Loz\u00e8re) du 22 au 30 ao\u00fbt 2015 - Club des Cent Cols<\/title>\n<meta name=\"robots\" content=\"index, follow, max-snippet:-1, max-image-preview:large, max-video-preview:-1\" \/>\n<link rel=\"canonical\" href=\"https:\/\/centcols.org\/en\/stay-2015-villefort\/\" \/>\n<meta property=\"og:locale\" content=\"en_GB\" \/>\n<meta property=\"og:type\" content=\"article\" \/>\n<meta property=\"og:title\" content=\"S\u00e9jour estival \u00e0 Villefort (Loz\u00e8re) du 22 au 30 ao\u00fbt 2015 - Club des Cent Cols\" \/>\n<meta property=\"og:description\" content=\"Albums Photos Cliquer pour voir les albums Pr\u00e9sentation Le s\u00e9jour d&rsquo;\u00e9t\u00e9 2015 se d\u00e9roulera du 22 au 30 ao\u00fbt au \u00abMas des S\u00e9dari\u00e8s\u00bb sur la commune de Villefort. La r\u00e9gion de Villefort est situ\u00e9e au sud du G\u00e9vaudan, \u00e0 quelques arpents du Gard et l\u2019Ard\u00e8che. Elle d\u00e9voile le visage de la C\u00e9venne loz\u00e9rienne. C\u2019est un [&hellip;]\" \/>\n<meta property=\"og:url\" content=\"https:\/\/centcols.org\/en\/stay-2015-villefort\/\" \/>\n<meta property=\"og:site_name\" content=\"Club des Cent Cols\" \/>\n<meta property=\"article:publisher\" content=\"https:\/\/www.facebook.com\/groups\/5261880558\/?locale=fr_FR\" \/>\n<meta property=\"article:published_time\" content=\"2015-04-10T15:25:08+00:00\" \/>\n<meta property=\"article:modified_time\" content=\"2025-09-01T16:32:14+00:00\" \/>\n<meta property=\"og:image\" content=\"https:\/\/centcols.org\/wp-content\/uploads\/2025\/05\/vialas-mini.jpg\" \/>\n\t<meta property=\"og:image:width\" content=\"240\" \/>\n\t<meta property=\"og:image:height\" content=\"180\" \/>\n\t<meta property=\"og:image:type\" content=\"image\/jpeg\" \/>\n<meta name=\"author\" content=\"Webmestre\" \/>\n<meta name=\"twitter:card\" content=\"summary_large_image\" \/>\n<meta name=\"twitter:label1\" content=\"Written by\" \/>\n\t<meta name=\"twitter:data1\" content=\"Webmestre\" \/>\n\t<meta name=\"twitter:label2\" content=\"Estimated reading time\" \/>\n\t<meta name=\"twitter:data2\" content=\"7 minutes\" \/>\n<script type=\"application\/ld+json\" class=\"yoast-schema-graph\">{\"@context\":\"https:\/\/schema.org\",\"@graph\":[{\"@type\":\"Article\",\"@id\":\"https:\/\/centcols.org\/sejour-2015-villefort\/#article\",\"isPartOf\":{\"@id\":\"https:\/\/centcols.org\/sejour-2015-villefort\/\"},\"author\":{\"name\":\"Webmestre\",\"@id\":\"https:\/\/centcols.org\/#\/schema\/person\/911b404fb133d8c913dd27cdcf71c8e5\"},\"headline\":\"S\u00e9jour estival \u00e0 Villefort (Loz\u00e8re) du 22 au 30 ao\u00fbt 2015\",\"datePublished\":\"2015-04-10T15:25:08+00:00\",\"dateModified\":\"2025-09-01T16:32:14+00:00\",\"mainEntityOfPage\":{\"@id\":\"https:\/\/centcols.org\/sejour-2015-villefort\/\"},\"wordCount\":1206,\"publisher\":{\"@id\":\"https:\/\/centcols.org\/#organization\"},\"image\":{\"@id\":\"https:\/\/centcols.org\/sejour-2015-villefort\/#primaryimage\"},\"thumbnailUrl\":\"https:\/\/centcols.org\/wp-content\/uploads\/2025\/05\/vialas-mini.jpg\",\"articleSection\":[\"France\",\"Occitanie\",\"Massif Central\",\"Calendrier\",\"C\u00e9vennes\",\"48-Loz\u00e8re\",\"S\u00e9jours du Club des Cent Cols\"],\"inLanguage\":\"en-GB\"},{\"@type\":\"WebPage\",\"@id\":\"https:\/\/centcols.org\/sejour-2015-villefort\/\",\"url\":\"https:\/\/centcols.org\/sejour-2015-villefort\/\",\"name\":\"S\u00e9jour estival \u00e0 Villefort (Loz\u00e8re) du 22 au 30 ao\u00fbt 2015 - Club des Cent Cols\",\"isPartOf\":{\"@id\":\"https:\/\/centcols.org\/#website\"},\"primaryImageOfPage\":{\"@id\":\"https:\/\/centcols.org\/sejour-2015-villefort\/#primaryimage\"},\"image\":{\"@id\":\"https:\/\/centcols.org\/sejour-2015-villefort\/#primaryimage\"},\"thumbnailUrl\":\"https:\/\/centcols.org\/wp-content\/uploads\/2025\/05\/vialas-mini.jpg\",\"datePublished\":\"2015-04-10T15:25:08+00:00\",\"dateModified\":\"2025-09-01T16:32:14+00:00\",\"breadcrumb\":{\"@id\":\"https:\/\/centcols.org\/sejour-2015-villefort\/#breadcrumb\"},\"inLanguage\":\"en-GB\",\"potentialAction\":[{\"@type\":\"ReadAction\",\"target\":[\"https:\/\/centcols.org\/sejour-2015-villefort\/\"]}]},{\"@type\":\"ImageObject\",\"inLanguage\":\"en-GB\",\"@id\":\"https:\/\/centcols.org\/sejour-2015-villefort\/#primaryimage\",\"url\":\"https:\/\/centcols.org\/wp-content\/uploads\/2025\/05\/vialas-mini.jpg\",\"contentUrl\":\"https:\/\/centcols.org\/wp-content\/uploads\/2025\/05\/vialas-mini.jpg\",\"width\":240,\"height\":180},{\"@type\":\"BreadcrumbList\",\"@id\":\"https:\/\/centcols.org\/sejour-2015-villefort\/#breadcrumb\",\"itemListElement\":[{\"@type\":\"ListItem\",\"position\":1,\"name\":\"Accueil\",\"item\":\"https:\/\/centcols.org\/\"},{\"@type\":\"ListItem\",\"position\":2,\"name\":\"S\u00e9jours du Club des Cent Cols\",\"item\":\"https:\/\/centcols.org\/rubrique\/sejours\/\"},{\"@type\":\"ListItem\",\"position\":3,\"name\":\"Pays\",\"item\":\"https:\/\/centcols.org\/rubrique\/sejours\/pays-sejours\/\"},{\"@type\":\"ListItem\",\"position\":4,\"name\":\"France\",\"item\":\"https:\/\/centcols.org\/rubrique\/sejours\/pays-sejours\/france-pays-sejours\/\"},{\"@type\":\"ListItem\",\"position\":5,\"name\":\"S\u00e9jour estival \u00e0 Villefort (Loz\u00e8re) du 22 au 30 ao\u00fbt 2015\"}]},{\"@type\":\"WebSite\",\"@id\":\"https:\/\/centcols.org\/#website\",\"url\":\"https:\/\/centcols.org\/\",\"name\":\"Club des Cent Cols\",\"description\":\"\",\"publisher\":{\"@id\":\"https:\/\/centcols.org\/#organization\"},\"potentialAction\":[{\"@type\":\"SearchAction\",\"target\":{\"@type\":\"EntryPoint\",\"urlTemplate\":\"https:\/\/centcols.org\/?s={search_term_string}\"},\"query-input\":{\"@type\":\"PropertyValueSpecification\",\"valueRequired\":true,\"valueName\":\"search_term_string\"}}],\"inLanguage\":\"en-GB\"},{\"@type\":\"Organization\",\"@id\":\"https:\/\/centcols.org\/#organization\",\"name\":\"Club des Cent Cols\",\"url\":\"https:\/\/centcols.org\/\",\"logo\":{\"@type\":\"ImageObject\",\"inLanguage\":\"en-GB\",\"@id\":\"https:\/\/centcols.org\/#\/schema\/logo\/image\/\",\"url\":\"https:\/\/centcols.org\/wp-content\/uploads\/2025\/01\/carte-icone.png\",\"contentUrl\":\"https:\/\/centcols.org\/wp-content\/uploads\/2025\/01\/carte-icone.png\",\"width\":250,\"height\":250,\"caption\":\"Club des Cent Cols\"},\"image\":{\"@id\":\"https:\/\/centcols.org\/#\/schema\/logo\/image\/\"},\"sameAs\":[\"https:\/\/www.facebook.com\/groups\/5261880558\/?locale=fr_FR\"]},{\"@type\":\"Person\",\"@id\":\"https:\/\/centcols.org\/#\/schema\/person\/911b404fb133d8c913dd27cdcf71c8e5\",\"name\":\"Webmestre\",\"image\":{\"@type\":\"ImageObject\",\"inLanguage\":\"en-GB\",\"@id\":\"https:\/\/centcols.org\/wp-content\/litespeed\/avatar\/2d246e4b6b4f773e08515e1ffc53690b.jpg?ver=1777222892\",\"url\":\"https:\/\/centcols.org\/wp-content\/litespeed\/avatar\/2d246e4b6b4f773e08515e1ffc53690b.jpg?ver=1777222892\",\"contentUrl\":\"https:\/\/centcols.org\/wp-content\/litespeed\/avatar\/2d246e4b6b4f773e08515e1ffc53690b.jpg?ver=1777222892\",\"caption\":\"Webmestre\"},\"url\":\"https:\/\/centcols.org\/en\/author\/webmestre\/\"}]}<\/script>\n<!-- \/ Yoast SEO plugin. -->","yoast_head_json":{"title":"Summer break in Villefort (Loz\u00e8re) from 22 to 30 August 2015 - Club des Cent Cols","robots":{"index":"index","follow":"follow","max-snippet":"max-snippet:-1","max-image-preview":"max-image-preview:large","max-video-preview":"max-video-preview:-1"},"canonical":"https:\/\/centcols.org\/en\/stay-2015-villefort\/","og_locale":"en_GB","og_type":"article","og_title":"S\u00e9jour estival \u00e0 Villefort (Loz\u00e8re) du 22 au 30 ao\u00fbt 2015 - Club des Cent Cols","og_description":"Albums Photos Cliquer pour voir les albums Pr\u00e9sentation Le s\u00e9jour d&rsquo;\u00e9t\u00e9 2015 se d\u00e9roulera du 22 au 30 ao\u00fbt au \u00abMas des S\u00e9dari\u00e8s\u00bb sur la commune de Villefort. La r\u00e9gion de Villefort est situ\u00e9e au sud du G\u00e9vaudan, \u00e0 quelques arpents du Gard et l\u2019Ard\u00e8che. Elle d\u00e9voile le visage de la C\u00e9venne loz\u00e9rienne. C\u2019est un [&hellip;]","og_url":"https:\/\/centcols.org\/en\/stay-2015-villefort\/","og_site_name":"Club des Cent Cols","article_publisher":"https:\/\/www.facebook.com\/groups\/5261880558\/?locale=fr_FR","article_published_time":"2015-04-10T15:25:08+00:00","article_modified_time":"2025-09-01T16:32:14+00:00","og_image":[{"width":240,"height":180,"url":"https:\/\/centcols.org\/wp-content\/uploads\/2025\/05\/vialas-mini.jpg","type":"image\/jpeg"}],"author":"Webmestre","twitter_card":"summary_large_image","twitter_misc":{"Written by":"Webmestre","Estimated reading time":"7 minutes"},"schema":{"@context":"https:\/\/schema.org","@graph":[{"@type":"Article","@id":"https:\/\/centcols.org\/sejour-2015-villefort\/#article","isPartOf":{"@id":"https:\/\/centcols.org\/sejour-2015-villefort\/"},"author":{"name":"Webmestre","@id":"https:\/\/centcols.org\/#\/schema\/person\/911b404fb133d8c913dd27cdcf71c8e5"},"headline":"S\u00e9jour estival \u00e0 Villefort (Loz\u00e8re) du 22 au 30 ao\u00fbt 2015","datePublished":"2015-04-10T15:25:08+00:00","dateModified":"2025-09-01T16:32:14+00:00","mainEntityOfPage":{"@id":"https:\/\/centcols.org\/sejour-2015-villefort\/"},"wordCount":1206,"publisher":{"@id":"https:\/\/centcols.org\/#organization"},"image":{"@id":"https:\/\/centcols.org\/sejour-2015-villefort\/#primaryimage"},"thumbnailUrl":"https:\/\/centcols.org\/wp-content\/uploads\/2025\/05\/vialas-mini.jpg","articleSection":["France","Occitanie","Massif Central","Calendrier","C\u00e9vennes","48-Loz\u00e8re","S\u00e9jours du Club des Cent Cols"],"inLanguage":"en-GB"},{"@type":"WebPage","@id":"https:\/\/centcols.org\/sejour-2015-villefort\/","url":"https:\/\/centcols.org\/sejour-2015-villefort\/","name":"Summer break in Villefort (Loz\u00e8re) from 22 to 30 August 2015 - Club des Cent Cols","isPartOf":{"@id":"https:\/\/centcols.org\/#website"},"primaryImageOfPage":{"@id":"https:\/\/centcols.org\/sejour-2015-villefort\/#primaryimage"},"image":{"@id":"https:\/\/centcols.org\/sejour-2015-villefort\/#primaryimage"},"thumbnailUrl":"https:\/\/centcols.org\/wp-content\/uploads\/2025\/05\/vialas-mini.jpg","datePublished":"2015-04-10T15:25:08+00:00","dateModified":"2025-09-01T16:32:14+00:00","breadcrumb":{"@id":"https:\/\/centcols.org\/sejour-2015-villefort\/#breadcrumb"},"inLanguage":"en-GB","potentialAction":[{"@type":"ReadAction","target":["https:\/\/centcols.org\/sejour-2015-villefort\/"]}]},{"@type":"ImageObject","inLanguage":"en-GB","@id":"https:\/\/centcols.org\/sejour-2015-villefort\/#primaryimage","url":"https:\/\/centcols.org\/wp-content\/uploads\/2025\/05\/vialas-mini.jpg","contentUrl":"https:\/\/centcols.org\/wp-content\/uploads\/2025\/05\/vialas-mini.jpg","width":240,"height":180},{"@type":"BreadcrumbList","@id":"https:\/\/centcols.org\/sejour-2015-villefort\/#breadcrumb","itemListElement":[{"@type":"ListItem","position":1,"name":"Accueil","item":"https:\/\/centcols.org\/"},{"@type":"ListItem","position":2,"name":"S\u00e9jours du Club des Cent Cols","item":"https:\/\/centcols.org\/rubrique\/sejours\/"},{"@type":"ListItem","position":3,"name":"Pays","item":"https:\/\/centcols.org\/rubrique\/sejours\/pays-sejours\/"},{"@type":"ListItem","position":4,"name":"France","item":"https:\/\/centcols.org\/rubrique\/sejours\/pays-sejours\/france-pays-sejours\/"},{"@type":"ListItem","position":5,"name":"S\u00e9jour estival \u00e0 Villefort (Loz\u00e8re) du 22 au 30 ao\u00fbt 2015"}]},{"@type":"WebSite","@id":"https:\/\/centcols.org\/#website","url":"https:\/\/centcols.org\/","name":"Club des Cent Cols","description":"","publisher":{"@id":"https:\/\/centcols.org\/#organization"},"potentialAction":[{"@type":"SearchAction","target":{"@type":"EntryPoint","urlTemplate":"https:\/\/centcols.org\/?s={search_term_string}"},"query-input":{"@type":"PropertyValueSpecification","valueRequired":true,"valueName":"search_term_string"}}],"inLanguage":"en-GB"},{"@type":"Organization","@id":"https:\/\/centcols.org\/#organization","name":"Club des Cent Cols","url":"https:\/\/centcols.org\/","logo":{"@type":"ImageObject","inLanguage":"en-GB","@id":"https:\/\/centcols.org\/#\/schema\/logo\/image\/","url":"https:\/\/centcols.org\/wp-content\/uploads\/2025\/01\/carte-icone.png","contentUrl":"https:\/\/centcols.org\/wp-content\/uploads\/2025\/01\/carte-icone.png","width":250,"height":250,"caption":"Club des Cent Cols"},"image":{"@id":"https:\/\/centcols.org\/#\/schema\/logo\/image\/"},"sameAs":["https:\/\/www.facebook.com\/groups\/5261880558\/?locale=fr_FR"]},{"@type":"Person","@id":"https:\/\/centcols.org\/#\/schema\/person\/911b404fb133d8c913dd27cdcf71c8e5","name":"Webmaster","image":{"@type":"ImageObject","inLanguage":"en-GB","@id":"https:\/\/centcols.org\/wp-content\/litespeed\/avatar\/2d246e4b6b4f773e08515e1ffc53690b.jpg?ver=1777222892","url":"https:\/\/centcols.org\/wp-content\/litespeed\/avatar\/2d246e4b6b4f773e08515e1ffc53690b.jpg?ver=1777222892","contentUrl":"https:\/\/centcols.org\/wp-content\/litespeed\/avatar\/2d246e4b6b4f773e08515e1ffc53690b.jpg?ver=1777222892","caption":"Webmestre"},"url":"https:\/\/centcols.org\/en\/author\/webmestre\/"}]}},"_links":{"self":[{"href":"https:\/\/centcols.org\/en\/wp-json\/wp\/v2\/posts\/81384","targetHints":{"allow":["GET"]}}],"collection":[{"href":"https:\/\/centcols.org\/en\/wp-json\/wp\/v2\/posts"}],"about":[{"href":"https:\/\/centcols.org\/en\/wp-json\/wp\/v2\/types\/post"}],"author":[{"embeddable":true,"href":"https:\/\/centcols.org\/en\/wp-json\/wp\/v2\/users\/3"}],"replies":[{"embeddable":true,"href":"https:\/\/centcols.org\/en\/wp-json\/wp\/v2\/comments?post=81384"}],"version-history":[{"count":0,"href":"https:\/\/centcols.org\/en\/wp-json\/wp\/v2\/posts\/81384\/revisions"}],"wp:featuredmedia":[{"embeddable":true,"href":"https:\/\/centcols.org\/en\/wp-json\/wp\/v2\/media\/81385"}],"wp:attachment":[{"href":"https:\/\/centcols.org\/en\/wp-json\/wp\/v2\/media?parent=81384"}],"wp:term":[{"taxonomy":"category","embeddable":true,"href":"https:\/\/centcols.org\/en\/wp-json\/wp\/v2\/categories?post=81384"},{"taxonomy":"post_tag","embeddable":true,"href":"https:\/\/centcols.org\/en\/wp-json\/wp\/v2\/tags?post=81384"}],"curies":[{"name":"wp","href":"https:\/\/api.w.org\/{rel}","templated":true}]}}