{"id":81529,"date":"2012-01-23T10:10:40","date_gmt":"2012-01-23T08:10:40","guid":{"rendered":"https:\/\/centcols.org\/sejour-de-printemps-a-remuzat-drome-du-22-au-28-avril-2012\/"},"modified":"2025-10-02T16:52:03","modified_gmt":"2025-10-02T14:52:03","slug":"stay-2012-remuzat","status":"publish","type":"post","link":"https:\/\/centcols.org\/en\/sejour-2012-remuzat\/","title":{"rendered":"Spring break in R\u00e9muzat (Dr\u00f4me) from 22 to 28 April 2012"},"content":{"rendered":"<h2 class=\"wp-block-heading\">Presentation<\/h2>\n\n\n\n<p>The spring gathering will take place in 2012 at R\u00e9muzat in Drome proven\u00e7ale (62 km from Mont\u00e9limar and 26 km from Nyons) from 22 to 28 April.<br>R\u00e9muzat lies on the left bank of the river Oule, surrounded by orchards of plum trees. R\u00e9muzat is all Provence, with a hint of the Alps. More discreet, less well-known than other regions, its beauty remains more authentic, wilder with its stone houses and clay tiles.<br>Around the village (447 m altitude), the southern Pre-Alps, with peaks over 1,000 m high, are silhouetted against a sky of incomparable luminosity. The Caire rock, a long cliff facing due east, dominates the area. The morning sun quickly warms the air.<br>At the end of the page you'll find a more detailed cultural presentation of the region, its history, geography and terroir.<\/p>\n\n\n\n<figure class=\"wp-block-gallery has-nested-images columns-3 is-cropped wp-block-gallery-1 is-layout-flex wp-block-gallery-is-layout-flex\">\n<figure class=\"wp-block-image size-full\"><img loading=\"lazy\" decoding=\"async\" width=\"150\" height=\"181\" data-id=\"88898\" src=\"https:\/\/centcols.org\/wp-content\/uploads\/2012\/01\/remuzat.png\" alt=\"\" class=\"wp-image-88898\"\/><\/figure>\n\n\n\n<figure class=\"wp-block-image size-full\"><img loading=\"lazy\" decoding=\"async\" width=\"200\" height=\"150\" data-id=\"88899\" src=\"https:\/\/centcols.org\/wp-content\/uploads\/2012\/01\/lesLavandes.jpg\" alt=\"\" class=\"wp-image-88899\"\/><\/figure>\n\n\n\n<figure class=\"wp-block-image size-full\"><img loading=\"lazy\" decoding=\"async\" width=\"150\" height=\"165\" data-id=\"88937\" src=\"https:\/\/centcols.org\/wp-content\/uploads\/2012\/01\/drome-1.png\" alt=\"\" class=\"wp-image-88937\"\/><\/figure>\n<\/figure>\n\n\n\n<h2 class=\"wp-block-heading\">Registration<\/h2>\n\n\n\n<p><span class=\"flett\">P<\/span>o enable you to take part in its spring gathering and the activities on offer, the Club des Cent Cols has negotiated accommodation arrangements with the Association Tern\u00e9lia Chemins, which has travel accreditation, enabling us to comply with the Tourism Code and benefit from group rates.  Unlike previous trips, registrations and financial management will be handled directly by the Tern\u00e9lia Chemins Association, while the Club des Cent Cols will only be responsible for the programme of activities (tours, events).<\/p>\n\n\n\n<p>You will find enclosed the prices of the services and the general conditions of sale of the stay by Tern\u00e9lia as well as a registration form.<\/p>\n\n\n\n<p>You must register directly with the centre. <a href=\"https:\/\/centcols.org\/les_rendez-vous\/2012\/Remuzat\/inscription.pdf\" target=\"_blank\" rel=\"noopener\">Download the registration documentation<\/a><\/p>\n\n\n\n<h2 class=\"wp-block-heading\">Accommodation<\/h2>\n\n\n\n<p>We offer accommodation at the Les Lavandes holiday centre in the heart of the village. The centre has 88 rooms with 2 or 3 beds, balconies, private bathroom and WiFi connection, and 2 rooms with 2 beds for people with reduced mobility. There is also a sauna-hammam available at an additional cost.<\/p>\n\n\n\n<p>More information is available on the centre's website, <a href=\"http:\/\/www.ternelia-chemins.com\/ete\/village-vacances-les-lavandes-remuzat.html\">http:\/\/www.ternelia-chemins.com\/ete\/village-vacances-les-lavandes-remuzat.html<\/a><\/p>\n\n\n\n<figure class=\"wp-block-gallery has-nested-images columns-2 is-cropped wp-block-gallery-2 is-layout-flex wp-block-gallery-is-layout-flex\">\n<figure class=\"wp-block-image size-full\"><a href=\"https:\/\/centcols.org\/wp-content\/uploads\/2012\/01\/bar-1.jpg\"><img loading=\"lazy\" decoding=\"async\" width=\"200\" height=\"150\" data-id=\"88903\" src=\"https:\/\/centcols.org\/wp-content\/uploads\/2012\/01\/bar-1.jpg\" alt=\"\" class=\"wp-image-88903\"\/><\/a><\/figure>\n\n\n\n<figure class=\"wp-block-image size-full\"><a href=\"https:\/\/centcols.org\/wp-content\/uploads\/2012\/01\/chambre2lits.jpg\"><img loading=\"lazy\" decoding=\"async\" width=\"200\" height=\"150\" data-id=\"88904\" src=\"https:\/\/centcols.org\/wp-content\/uploads\/2012\/01\/chambre2lits.jpg\" alt=\"\" class=\"wp-image-88904\"\/><\/a><\/figure>\n<\/figure>\n\n\n\n<p>If you wish to use the accommodation offered, you must register directly with the centre by downloading the registration documentation mentioned in the previous section.<\/p>\n\n\n\n<p class=\"has-text-align-center\">The municipal campsite is closed at this time. There is a farm campsite with 6 pitches on the heights of R\u00e9muzat:<\/p>\n\n\n<div class=\"wp-block-image\">\n<figure class=\"aligncenter size-full\"><a href=\"https:\/\/centcols.org\/wp-content\/uploads\/2025\/09\/perriere.jpg\"><img loading=\"lazy\" decoding=\"async\" width=\"200\" height=\"150\" src=\"https:\/\/centcols.org\/wp-content\/uploads\/2025\/09\/perriere.jpg\" alt=\"\" class=\"wp-image-88905\"\/><\/a><\/figure>\n<\/div>\n\n\n<p class=\"has-text-align-center\">Ferme de la Perri\u00e8re<br>La Combe<br>26510 REMUZAT<\/p>\n\n\n\n<p class=\"has-text-align-center\">Telephone: +33 (0)4.26.66.90.09<br>Mobile: +33 (0)6.13.57.83.60<br><a href=\"\/en\/&\/#109;&#x61;&#x69;l&#116;&#x6f;:&#105;&#x6e;f&#111;&#x40;c&#97;&#x6d;&#x70;&#105;&#x6e;&#x67;-&#103;&#x69;t&#101;&#x2d;f&#101;&#x72;&#x6d;&#101;&#x2d;&#x72;e&#109;&#x75;z&#97;&#x74;&#46;&#102;&#x72;\">info@camping-gite-ferme-remuzat.fr<\/a><br><a href=\"http:\/\/www.camping-gite-ferme-remuzat.fr\/\" target=\"_blank\" rel=\"noopener\">www.camping-gite-ferme-remuzat.fr\/<\/a><\/p>\n\n\n\n<h2 class=\"wp-block-heading\">Programme details<\/h2>\n\n\n\n<h3 class=\"wp-block-heading\">Cycling programme<\/h3>\n\n\n\n<p>The list of passes on the routes, interactive maps, route sheets and altitude profiles can be found here :<\/p>\n\n\n\n<ul class=\"wp-block-list\">\n<li>List of <a href=\"\/en\/membres\/cctours\/tours.php\/?lieu=R\u00e9muzat&amp;an=2012&amp;genre=R\">road routes<\/a><\/li>\n\n\n\n<li>List of <a href=\"\/en\/membres\/cctours\/tours.php\/?lieu=R\u00e9muzat&amp;an=2012&amp;genre=V\">mountain bike trails<\/a><\/li>\n<\/ul>\n\n\n\n<p>For those of you who navigate using GPS or geolocation software, you can also download all the <a href=\"\/en\/membres\/cctours\/tours.php\/?lieu=R\u00e9muzat&amp;an=2012\">geolocation files<\/a><\/p>\n\n\n\n<p>The local organisers want to make sure that all the roads, paths and tracks are in impeccable condition for your visit. So they've launched a big <a href=\"https:\/\/centcols.org\/en\/util\/visuAlbum.php\/?album=5925-4\" target=\"_blank\" rel=\"noreferrer noopener\">undergrowth clearance<\/a> of almost 2 km on one of the mountain bike circuits on 31 March!<\/p>\n\n\n\n<figure class=\"wp-block-gallery has-nested-images columns-4 is-cropped wp-block-gallery-3 is-layout-flex wp-block-gallery-is-layout-flex\">\n<figure class=\"wp-block-image size-full\"><a href=\"https:\/\/centcols.org\/wp-content\/uploads\/2012\/01\/M00113.jpg\"><img loading=\"lazy\" decoding=\"async\" width=\"800\" height=\"600\" data-id=\"88906\" src=\"https:\/\/centcols.org\/wp-content\/uploads\/2012\/01\/M00113.jpg\" alt=\"\" class=\"wp-image-88906\" srcset=\"https:\/\/centcols.org\/wp-content\/uploads\/2012\/01\/M00113.jpg 800w, https:\/\/centcols.org\/wp-content\/uploads\/2012\/01\/M00113-768x576.jpg 768w\" sizes=\"auto, (max-width: 800px) 100vw, 800px\" \/><\/a><\/figure>\n\n\n\n<figure class=\"wp-block-image size-full\"><a href=\"https:\/\/centcols.org\/wp-content\/uploads\/2012\/01\/M00213.jpg\"><img loading=\"lazy\" decoding=\"async\" width=\"800\" height=\"600\" data-id=\"88907\" src=\"https:\/\/centcols.org\/wp-content\/uploads\/2012\/01\/M00213.jpg\" alt=\"\" class=\"wp-image-88907\" srcset=\"https:\/\/centcols.org\/wp-content\/uploads\/2012\/01\/M00213.jpg 800w, https:\/\/centcols.org\/wp-content\/uploads\/2012\/01\/M00213-768x576.jpg 768w\" sizes=\"auto, (max-width: 800px) 100vw, 800px\" \/><\/a><\/figure>\n\n\n\n<figure class=\"wp-block-image size-full\"><a href=\"https:\/\/centcols.org\/wp-content\/uploads\/2012\/01\/M00313.jpg\"><img loading=\"lazy\" decoding=\"async\" width=\"800\" height=\"600\" data-id=\"88908\" src=\"https:\/\/centcols.org\/wp-content\/uploads\/2012\/01\/M00313.jpg\" alt=\"\" class=\"wp-image-88908\" srcset=\"https:\/\/centcols.org\/wp-content\/uploads\/2012\/01\/M00313.jpg 800w, https:\/\/centcols.org\/wp-content\/uploads\/2012\/01\/M00313-768x576.jpg 768w\" sizes=\"auto, (max-width: 800px) 100vw, 800px\" \/><\/a><\/figure>\n\n\n\n<figure class=\"wp-block-image size-full\"><a href=\"https:\/\/centcols.org\/wp-content\/uploads\/2012\/01\/M00413.jpg\"><img loading=\"lazy\" decoding=\"async\" width=\"800\" height=\"601\" data-id=\"88909\" src=\"https:\/\/centcols.org\/wp-content\/uploads\/2012\/01\/M00413.jpg\" alt=\"\" class=\"wp-image-88909\" srcset=\"https:\/\/centcols.org\/wp-content\/uploads\/2012\/01\/M00413.jpg 800w, https:\/\/centcols.org\/wp-content\/uploads\/2012\/01\/M00413-768x577.jpg 768w\" sizes=\"auto, (max-width: 800px) 100vw, 800px\" \/><\/a><\/figure>\n\n\n\n<figure class=\"wp-block-image size-full\"><a href=\"https:\/\/centcols.org\/wp-content\/uploads\/2012\/01\/M00513.jpg\"><img loading=\"lazy\" decoding=\"async\" width=\"800\" height=\"600\" data-id=\"88910\" src=\"https:\/\/centcols.org\/wp-content\/uploads\/2012\/01\/M00513.jpg\" alt=\"\" class=\"wp-image-88910\" srcset=\"https:\/\/centcols.org\/wp-content\/uploads\/2012\/01\/M00513.jpg 800w, https:\/\/centcols.org\/wp-content\/uploads\/2012\/01\/M00513-768x576.jpg 768w\" sizes=\"auto, (max-width: 800px) 100vw, 800px\" \/><\/a><\/figure>\n\n\n\n<figure class=\"wp-block-image size-full\"><a href=\"https:\/\/centcols.org\/wp-content\/uploads\/2012\/01\/M00613.jpg\"><img loading=\"lazy\" decoding=\"async\" width=\"800\" height=\"601\" data-id=\"88911\" src=\"https:\/\/centcols.org\/wp-content\/uploads\/2012\/01\/M00613.jpg\" alt=\"\" class=\"wp-image-88911\" srcset=\"https:\/\/centcols.org\/wp-content\/uploads\/2012\/01\/M00613.jpg 800w, https:\/\/centcols.org\/wp-content\/uploads\/2012\/01\/M00613-768x577.jpg 768w\" sizes=\"auto, (max-width: 800px) 100vw, 800px\" \/><\/a><\/figure>\n\n\n\n<figure class=\"wp-block-image size-full\"><a href=\"https:\/\/centcols.org\/wp-content\/uploads\/2012\/01\/M00713.jpg\"><img loading=\"lazy\" decoding=\"async\" width=\"800\" height=\"601\" data-id=\"88912\" src=\"https:\/\/centcols.org\/wp-content\/uploads\/2012\/01\/M00713.jpg\" alt=\"\" class=\"wp-image-88912\" srcset=\"https:\/\/centcols.org\/wp-content\/uploads\/2012\/01\/M00713.jpg 800w, https:\/\/centcols.org\/wp-content\/uploads\/2012\/01\/M00713-768x577.jpg 768w\" sizes=\"auto, (max-width: 800px) 100vw, 800px\" \/><\/a><\/figure>\n<\/figure>\n\n\n\n<h2 class=\"wp-block-heading\">Events programme<\/h2>\n\n\n\n<ul class=\"wp-block-list\">\n<li>Sunday 22 - 6.00pm: welcome drink; 9pm: presentation of the routes.<\/li>\n\n\n\n<li>Monday 23 - 9.00 pm: Vulture evening<\/li>\n\n\n\n<li>Tuesday 24 - 9.00 pm: Digital cartography evening<\/li>\n\n\n\n<li>Wednesday 25 - 9.00 pm: Slide show of the 2011 Tour de la France by R\u00e9gis Paraz<\/li>\n\n\n\n<li>Thursday 26 - 9.00 pm: Quiz by Didier R\u00e9mond<\/li>\n\n\n\n<li>Friday 27 - 9.00 pm: Dance evening<\/li>\n\n\n\n<li>Saturday 28 - 12.30pm: farewell drink<\/li>\n<\/ul>\n\n\n\n<h2 class=\"wp-block-heading\">For those who don't cycle<\/h2>\n\n\n\n<h3 class=\"wp-block-heading\">Get a bird's eye view of the hilltop villages<\/h3>\n\n\n\n<p>\u2665\u2665\u2665 Saint May, Bodon Abbey, and the panorama of the Rocher du Caire. A 5-minute drive away.<\/p>\n\n\n\n<p>\u2665\u2665\u2665 Villeperdrix: old restored church (17th century), ruins of the priory, remains of the fortified enclosure of the medieval village. 10 mins by car.<\/p>\n\n\n\n<p>\u2665\u2665\u2665 Rochebrune: medieval perched village (12th century), tower of the old castle, church (11th-15th). 30 mins by car.<\/p>\n\n\n\n<p>\u2665\u2665\u2665 Pommerol and its extraordinary surroundings. Old restored and private village with regulated or even forbidden access (July-August). 30 minutes by car.<\/p>\n\n\n\n<p>\u2665\u2665 Aubres: little corner of paradise perched near Nyons. 30 minutes by car.<\/p>\n\n\n\n<p>\u2665 Montaulieu, le Po\u00ebt Sigillat, Chaudebonne, etc... 30 minutes away by car<\/p>\n\n\n\n<h3 class=\"wp-block-heading\">Absolutely the vultures<\/h3>\n\n\n\n<p>\u2665\u2665\u2665 Field observation walk with paying guide. Starting from the centre.<\/p>\n\n\n\n<h3 class=\"wp-block-heading\">The cool thing<\/h3>\n\n\n\n<p>\u2665\u2665\u2665 Visit the Provencal market in Nyons on Thursday mornings. 30 minutes by car.<\/p>\n\n\n\n<h3 class=\"wp-block-heading\">The must-sees<\/h3>\n\n\n\n<p>\u2665\u2665\u2665 Olives, wine, honey, cheese, seasonal fruit, lavender...<\/p>\n\n\n\n<h3 class=\"wp-block-heading\">Suggestion<\/h3>\n\n\n\n<p>\u2665\u2665\u2665 Follow your instincts... improvise.<\/p>\n\n\n\n<h2 class=\"wp-block-heading\">Cultural and tourist information<\/h2>\n\n\n\n<p>There are paths that glide along the roads and half-hidden under the grass, remain on the lookout. They say nothing. They just stand there. You see them, they look at you, sometimes very gently, they grab your foot and, if you just give way, they pull you off the road, God knows where!<br>Henri Bosc<\/p>\n\n\n\n<h2 class=\"wp-block-heading\">Introduction<\/h2>\n\n\n<div class=\"wp-block-image\">\n<figure class=\"aligncenter size-full\"><img loading=\"lazy\" decoding=\"async\" width=\"200\" height=\"150\" src=\"https:\/\/centcols.org\/wp-content\/uploads\/2012\/01\/pic0_al.jpg\" alt=\"\" class=\"wp-image-88913\"\/><\/figure>\n<\/div>\n\n\n<p class=\"has-text-align-left\">R\u00e9muzat is a small, peaceful village in the Dr\u00f4me Proven\u00e7ale, part of the Baronnies region. It lies on the left bank of the river Oule, overlooked by the impressive east-facing cliff of Rocher du Caire. The morning sun quickly warms the air. This is what enabled a colony of griffon vultures to be re-established in 1995, followed by black vultures, which had practically disappeared from France. Since then, the Egyptian vulture, which is much rarer, has reappeared spontaneously. There are now more than 300 individuals feeding over an area of more than 6,000 square kilometres.<\/p>\n\n\n\n<h2 class=\"wp-block-heading\">Geography<\/h2>\n\n\n<div class=\"wp-block-image\">\n<figure class=\"aligncenter size-full\"><img loading=\"lazy\" decoding=\"async\" width=\"200\" height=\"150\" src=\"https:\/\/centcols.org\/wp-content\/uploads\/2012\/01\/pic1_al.jpg\" alt=\"\" class=\"wp-image-88914\"\/><\/figure>\n<\/div>\n\n\n<p class=\"has-text-align-left\">The Baronnies is a natural and historic region between the south of the Dr\u00f4me, the west of the Hautes-Alpes and the north of the Vaucluse.<br>This is a mid-mountain region (altitude below 1600 m), with a rugged landscape that stretches from west to east, from the Valr\u00e9as plain to the middle Durance valley, and from south to north, from Mont Ventoux to the edge of the Diois.<\/p>\n\n\n\n<p class=\"has-text-align-left\">A country divided into valleys, interspersed here and there with large synclinal basins or narrow basins. Communication between the valleys has never been easy, despite the numerous medium-altitude passes.<\/p>\n\n\n\n<p>A land of contrasts, with vineyards on the plains, cherry, apricot and olive trees on the hills and lavender fields on the plateaux, but also vast areas covered in thickets of oak, juniper, boxwood and broom, and as far as the eye can see, gullied slopes tended to be fixed by colonies of Scots pine or plantations of black pine. This is a land of sunshine and luminous landscapes, dotted with hilltop villages and isolated farms, where the dual influence of the Mediterranean climate and the cool Alpine air has created an astonishing wealth of flora and fauna.<\/p>\n\n\n\n<h2 class=\"wp-block-heading\">History<\/h2>\n\n\n\n<p>The village of Castrum Remusaco (the first written mention dates back to 1270) was built on the right bank of the river Oule. Remains of the ramparts and the old church of Saint-Michel can still be seen. A former fief of the barony of M\u00e9vouillon, under the suzerainty of the abbey of Bodon (founded by St Marius in 556) and later that of the abbey of Ile Barbe, R\u00e9muzat was sold in 1305 by Baron Raymond V and the abbot of Ile Barbe to Charles II, King of Sicily and Count of Provence. From then on, it was part of the claverie de l'Oule and, until the Revolution, was under the jurisdiction of the government of Provence, the viguerie of Sisteron and the Parlement of Aix. The law of July 1790 made it a commune of the Dr\u00f4me d\u00e9partement, and the administrative reorganisation of the year VIII made it a canton administrative centre.<\/p>\n\n\n\n<h2 class=\"wp-block-heading\">Origins and terroir<\/h2>\n\n\n\n<p>The area has been inhabited since prehistoric times, and is deeply marked by Gallic (Voconces) and Roman influences. The Baronnies take their name from the Barons of M\u00e9vouillon and Montauban. These two seigneuries were definitively annexed to the Dauphin\u00e9, before being ceded, as part of this principality, to the Kingdom of France in 1349. Ancillary activities, such as cocoon rearing for the region's silk mills and spinning mills, provided important sources of income and improved the lot of the peasants. During the first half of the 20th century, new crops such as lime and lavender were developed.<\/p>\n\n\n\n<p>The region is strongly marked by events linked to the Second World War, and by the Resistance, which was very active in the area.<\/p>\n\n\n\n<p>Agriculture continues to dominate, employing almost a third of the working population. Traditional mixed farming combined with small-scale livestock rearing has disappeared in favour of fruit trees, which are spreading inland through the valleys of the Eygues and Ouv\u00e8ze rivers (apricot and cherry trees) and the C\u00e9ans and M\u00e9ouge rivers (apple and pear trees).<\/p>\n\n\n<div class=\"wp-block-image\">\n<figure class=\"aligncenter size-full\"><img loading=\"lazy\" decoding=\"async\" width=\"200\" height=\"150\" src=\"https:\/\/centcols.org\/wp-content\/uploads\/2012\/01\/pic2_al.jpg\" alt=\"\" class=\"wp-image-88915\"\/><\/figure>\n<\/div>\n\n\n<p>In the Nyons - Buis-les-Baronnies region, olive trees are still important (A.O.P. olives and oil from Nyons) as are vines, A.O.C. C\u00f4tes du Rh\u00f4ne in the Nyons - Vinsobres sector, and Coteaux des Baronnies wines (Buis-les-Baronnies - Sainte-Jalle).<\/p>\n\n\n\n<p>Finally, the region has a large medicinal and aromatic perfume plant sector (lavender, lavandin), giving rise to a large trade in dried flowers and AOC Haute-Provence essential oil.<\/p>\n\n\n\n<p>As in the neighbouring Bu\u00ebch region, sheep are still reared, mainly for the production of Sisteron lamb, but to a lesser extent. Goat's milk is used to make the famous \"picodon\" cheese.<\/p>\n\n\n\n<h2 class=\"wp-block-heading\">Personalities linked to the Commune<\/h2>\n\n\n\n<p>Abb\u00e9 Lucien Van Damme (1901-1989), born in Belgium and the descendant of an old Brussels family, was able, for health reasons, to exercise his ministry in the sunny climate of the southern Pre-Alps. The parish priest of R\u00e9muzat for more than 54 years (1933-1987), he was an erudite man who wrote numerous articles and valuable publications on his village and local history for researchers, linguists and sociologists.<\/p>\n\n\n\n<h2 class=\"wp-block-heading\">Baronnies Proven\u00e7ales Regional Nature Park<\/h2>\n\n\n\n<p>The idea of creating a regional nature park in the Baronnies proven\u00e7ales, straddling two d\u00e9partements (Hautes-Alpes and Dr\u00f4me) and two regions (Rh\u00f4ne-Alpes and Provence-Alpes-C\u00f4te d'Azur) dates back to the late 1990s.<\/p>\n\n\n\n<p>Locally, it was launched by the Groupement pour la Promotion et l'Expansion du Nyonsais Baronnies and local councillors, who were aware of the economic difficulties of this very rural region where agriculture remains under threat and development is fragile.<\/p>\n\n\n\n<p>In 2003, the two regional councils decided to finance an opportunity and feasibility study, which enabled them to adopt a joint resolution on 17 December 2004, setting out a perimeter (130 municipalities concerned) and organisational principles.<\/p>\n\n\n\n<p>On 30 March 2007, the Prefect of the Dr\u00f4me, noting that a majority of the communes and communities of communes concerned had given their agreement, published a decree creating a Syndicat Mixte de pr\u00e9figuration d'un parc naturel r\u00e9gional et d'am\u00e9nagement des Baronnies Proven\u00e7ales. Its head office is in Sahune and its main task is to draw up the charter for the future Park, which will be submitted to all the municipalities in the area concerned for a vote.<\/p>\n\n\n\n<p>The charter is due to be finalised in 2011 and the \"Nature Park\" label in 2012. The park project was submitted to a public enquiry from 20 June to 22 July 2011 and could bring together 130 municipalities. Its aims would be to preserve the environment, support agricultural activities and boost green tourism.<\/p>\n\n\n\n<p>The name \"Baronnies proven\u00e7ales\" has been the subject of debate over its legitimacy, as these territories belonged to the Dauphin\u00e9. Some adjacent lands in Provence existed as enclaves in the Dauphin\u00e9 in 1789, but their extent was small. However, if we refer to the map of the division of Provence in 1125, we can consider that the Baronnies were at one time part of Provence.<\/p>\n\n\n\n<p><em>&nbsp; &nbsp; &nbsp; &nbsp;Alf\u00e9o Lotto <\/em>Documentation from the article <a href=\"http:\/\/fr.wikipedia.org\/wiki\/R%C3%A9muzat\" target=\"_blank\" rel=\"noreferrer noopener\"><em>R\u00e9muzat<\/em><\/a> from Wikipedia.<\/p>\n\n\n\n<p>We also invite you to take a look at a <a href=\"https:\/\/centcols.org\/en\/util\/visuAlbum.php\/?album=05650-008\" target=\"_blank\" rel=\"noreferrer noopener\">slide show on the R\u00e9muzat region<\/a> and its mountain bike trails; this slide show, presented at the General Meeting in Canet-en-Roussillon on 26 November, was created by Alf\u00e9o Lotto, one of the \"regional players\".<\/p>\n\n\n\n<p>Another slide show on the region, by Didier R\u00e9mond, describes a <a href=\"https:\/\/centcols.org\/en\/util\/visuAlbum.php\/?album=1202-1\" target=\"_blank\" rel=\"noreferrer noopener\">mountain biking in 2009<\/a> in the R\u00e9muzat area.<a href=\"https:\/\/centcols.org\/en\/util\/visuAlbum.php\/?album=3199-002\">https:\/\/centcols.org\/util\/visuAlbum.php?album=3199-002<\/a><\/p>\n\n\n\n<figure class=\"wp-block-gallery has-nested-images columns-4 is-cropped wp-block-gallery-4 is-layout-flex wp-block-gallery-is-layout-flex\">\n<figure class=\"wp-block-image size-full\"><a href=\"https:\/\/centcols.org\/en\/util\/visuAlbum.php\/?album=0722-004\" target=\"_blank\" rel=\"noreferrer noopener\"><img loading=\"lazy\" decoding=\"async\" width=\"1200\" height=\"900\" data-id=\"88916\" src=\"https:\/\/centcols.org\/wp-content\/uploads\/2012\/01\/L00332-1.jpg\" alt=\"\" class=\"wp-image-88916\" srcset=\"https:\/\/centcols.org\/wp-content\/uploads\/2012\/01\/L00332-1.jpg 1200w, https:\/\/centcols.org\/wp-content\/uploads\/2012\/01\/L00332-1-768x576.jpg 768w\" sizes=\"auto, (max-width: 1200px) 100vw, 1200px\" \/><\/a><figcaption class=\"wp-element-caption\">Album by Alain Gillodes<\/figcaption><\/figure>\n\n\n\n<figure class=\"wp-block-image size-full\"><a href=\"https:\/\/centcols.org\/en\/util\/visuAlbum.php\/?album=6785-006\" target=\"_blank\" rel=\"noreferrer noopener\"><img loading=\"lazy\" decoding=\"async\" width=\"1200\" height=\"900\" data-id=\"88917\" src=\"https:\/\/centcols.org\/wp-content\/uploads\/2012\/01\/L0823-1.jpg\" alt=\"\" class=\"wp-image-88917\" srcset=\"https:\/\/centcols.org\/wp-content\/uploads\/2012\/01\/L0823-1.jpg 1200w, https:\/\/centcols.org\/wp-content\/uploads\/2012\/01\/L0823-1-768x576.jpg 768w\" sizes=\"auto, (max-width: 1200px) 100vw, 1200px\" \/><\/a><figcaption class=\"wp-element-caption\">Album by Max Tissot<\/figcaption><\/figure>\n\n\n\n<figure class=\"wp-block-image size-full\"><a href=\"https:\/\/centcols.org\/en\/util\/visuAlbum.php\/?album=3199-002\" target=\"_blank\" rel=\"noreferrer noopener\"><img loading=\"lazy\" decoding=\"async\" width=\"640\" height=\"480\" data-id=\"88918\" src=\"https:\/\/centcols.org\/wp-content\/uploads\/2012\/01\/M01013.jpg\" alt=\"\" class=\"wp-image-88918\"\/><\/a><figcaption class=\"wp-element-caption\">Album by Fran\u00e7oise Grimaud<\/figcaption><\/figure>\n\n\n\n<figure class=\"wp-block-image size-full\"><a href=\"https:\/\/centcols.org\/en\/util\/visuAlbum.php\/?album=3237-002\" target=\"_blank\" rel=\"noreferrer noopener\"><img loading=\"lazy\" decoding=\"async\" width=\"1200\" height=\"900\" data-id=\"88919\" src=\"https:\/\/centcols.org\/wp-content\/uploads\/2012\/01\/L02826-1.jpg\" alt=\"\" class=\"wp-image-88919\" srcset=\"https:\/\/centcols.org\/wp-content\/uploads\/2012\/01\/L02826-1.jpg 1200w, https:\/\/centcols.org\/wp-content\/uploads\/2012\/01\/L02826-1-768x576.jpg 768w\" sizes=\"auto, (max-width: 1200px) 100vw, 1200px\" \/><\/a><figcaption class=\"wp-element-caption\">Album by Jean-Claude Prast<\/figcaption><\/figure>\n\n\n\n<figure class=\"wp-block-image size-full\"><a href=\"https:\/\/centcols.org\/en\/util\/visuAlbum.php\/?album=6028-006\" target=\"_blank\" rel=\"noreferrer noopener\"><img loading=\"lazy\" decoding=\"async\" width=\"1200\" height=\"900\" data-id=\"88921\" src=\"https:\/\/centcols.org\/wp-content\/uploads\/2012\/01\/L03822-1.jpg\" alt=\"\" class=\"wp-image-88921\" srcset=\"https:\/\/centcols.org\/wp-content\/uploads\/2012\/01\/L03822-1.jpg 1200w, https:\/\/centcols.org\/wp-content\/uploads\/2012\/01\/L03822-1-768x576.jpg 768w\" sizes=\"auto, (max-width: 1200px) 100vw, 1200px\" \/><\/a><figcaption class=\"wp-element-caption\">Album by Jean-Pierre Lambert<\/figcaption><\/figure>\n\n\n\n<figure class=\"wp-block-image size-full\"><a href=\"https:\/\/centcols.org\/en\/util\/visuAlbum.php\/?album=6028-006\" target=\"_blank\" rel=\"noreferrer noopener\"><img loading=\"lazy\" decoding=\"async\" width=\"1200\" height=\"800\" data-id=\"88922\" src=\"https:\/\/centcols.org\/wp-content\/uploads\/2012\/01\/L00634-1.jpg\" alt=\"\" class=\"wp-image-88922\" srcset=\"https:\/\/centcols.org\/wp-content\/uploads\/2012\/01\/L00634-1.jpg 1200w, https:\/\/centcols.org\/wp-content\/uploads\/2012\/01\/L00634-1-768x512.jpg 768w\" sizes=\"auto, (max-width: 1200px) 100vw, 1200px\" \/><\/a><figcaption class=\"wp-element-caption\">Alf\u00e9o Lotto album<\/figcaption><\/figure>\n\n\n\n<figure class=\"wp-block-image size-full\"><a href=\"https:\/\/centcols.org\/en\/util\/visuAlbum.php\/?album=5600-004\" target=\"_blank\" rel=\"noreferrer noopener\"><img loading=\"lazy\" decoding=\"async\" width=\"1200\" height=\"900\" data-id=\"88924\" src=\"https:\/\/centcols.org\/wp-content\/uploads\/2012\/01\/L04914-1.jpg\" alt=\"\" class=\"wp-image-88924\" srcset=\"https:\/\/centcols.org\/wp-content\/uploads\/2012\/01\/L04914-1.jpg 1200w, https:\/\/centcols.org\/wp-content\/uploads\/2012\/01\/L04914-1-768x576.jpg 768w\" sizes=\"auto, (max-width: 1200px) 100vw, 1200px\" \/><\/a><figcaption class=\"wp-element-caption\">Album by Hubert Court<\/figcaption><\/figure>\n\n\n\n<figure class=\"wp-block-image size-full\"><a href=\"https:\/\/centcols.org\/en\/util\/visuAlbum.php\/?album=5756-001\" target=\"_blank\" rel=\"noreferrer noopener\"><img loading=\"lazy\" decoding=\"async\" width=\"1200\" height=\"900\" data-id=\"88925\" src=\"https:\/\/centcols.org\/wp-content\/uploads\/2012\/01\/L00532-1.jpg\" alt=\"\" class=\"wp-image-88925\" srcset=\"https:\/\/centcols.org\/wp-content\/uploads\/2012\/01\/L00532-1.jpg 1200w, https:\/\/centcols.org\/wp-content\/uploads\/2012\/01\/L00532-1-768x576.jpg 768w\" sizes=\"auto, (max-width: 1200px) 100vw, 1200px\" \/><\/a><figcaption class=\"wp-element-caption\">G\u00e9rald Cowham album<\/figcaption><\/figure>\n\n\n\n<figure class=\"wp-block-image size-full\"><a href=\"https:\/\/centcols.org\/en\/util\/visuAlbum.php\/?album=3225-006\" target=\"_blank\" rel=\"noreferrer noopener\"><img loading=\"lazy\" decoding=\"async\" width=\"1200\" height=\"675\" data-id=\"88926\" src=\"https:\/\/centcols.org\/wp-content\/uploads\/2012\/01\/L00131-1.jpg\" alt=\"\" class=\"wp-image-88926\" srcset=\"https:\/\/centcols.org\/wp-content\/uploads\/2012\/01\/L00131-1.jpg 1200w, https:\/\/centcols.org\/wp-content\/uploads\/2012\/01\/L00131-1-768x432.jpg 768w\" sizes=\"auto, (max-width: 1200px) 100vw, 1200px\" \/><\/a><figcaption class=\"wp-element-caption\">Album by R\u00e9gis Paraz<\/figcaption><\/figure>\n\n\n\n<figure class=\"wp-block-image size-full\"><a href=\"https:\/\/centcols.org\/en\/util\/visuAlbum.php\/?album=5173-003\" target=\"_blank\" rel=\"noreferrer noopener\"><img loading=\"lazy\" decoding=\"async\" width=\"1200\" height=\"900\" data-id=\"88927\" src=\"https:\/\/centcols.org\/wp-content\/uploads\/2012\/01\/L1101-1.jpg\" alt=\"\" class=\"wp-image-88927\" srcset=\"https:\/\/centcols.org\/wp-content\/uploads\/2012\/01\/L1101-1.jpg 1200w, https:\/\/centcols.org\/wp-content\/uploads\/2012\/01\/L1101-1-768x576.jpg 768w\" sizes=\"auto, (max-width: 1200px) 100vw, 1200px\" \/><\/a><figcaption class=\"wp-element-caption\">Album by Fr\u00e9d\u00e9ric Singla<\/figcaption><\/figure>\n\n\n\n<figure class=\"wp-block-image size-full\"><a href=\"https:\/\/centcols.org\/en\/util\/visuAlbum.php\/?album=2880-004\" target=\"_blank\" rel=\"noreferrer noopener\"><img loading=\"lazy\" decoding=\"async\" width=\"1200\" height=\"674\" data-id=\"88928\" src=\"https:\/\/centcols.org\/wp-content\/uploads\/2012\/01\/L1071-1.jpg\" alt=\"\" class=\"wp-image-88928\" srcset=\"https:\/\/centcols.org\/wp-content\/uploads\/2012\/01\/L1071-1.jpg 1200w, https:\/\/centcols.org\/wp-content\/uploads\/2012\/01\/L1071-1-768x431.jpg 768w\" sizes=\"auto, (max-width: 1200px) 100vw, 1200px\" \/><\/a><figcaption class=\"wp-element-caption\">Album by Guy Garcin<\/figcaption><\/figure>\n\n\n\n<figure class=\"wp-block-image size-full\"><a href=\"https:\/\/centcols.org\/en\/util\/visuAlbum.php\/?album=3848-002\" target=\"_blank\" rel=\"noreferrer noopener\"><img loading=\"lazy\" decoding=\"async\" width=\"1200\" height=\"900\" data-id=\"88929\" src=\"https:\/\/centcols.org\/wp-content\/uploads\/2012\/01\/L04915-1.jpg\" alt=\"\" class=\"wp-image-88929\" srcset=\"https:\/\/centcols.org\/wp-content\/uploads\/2012\/01\/L04915-1.jpg 1200w, https:\/\/centcols.org\/wp-content\/uploads\/2012\/01\/L04915-1-768x576.jpg 768w\" sizes=\"auto, (max-width: 1200px) 100vw, 1200px\" \/><\/a><figcaption class=\"wp-element-caption\">Album by Michel Boni<\/figcaption><\/figure>\n\n\n\n<figure class=\"wp-block-image size-full\"><a href=\"https:\/\/centcols.org\/en\/util\/visuAlbum.php\/?album=5913-001\" target=\"_blank\" rel=\"noreferrer noopener\"><img loading=\"lazy\" decoding=\"async\" width=\"1200\" height=\"900\" data-id=\"88931\" src=\"https:\/\/centcols.org\/wp-content\/uploads\/2012\/01\/L0843-1.jpg\" alt=\"\" class=\"wp-image-88931\" srcset=\"https:\/\/centcols.org\/wp-content\/uploads\/2012\/01\/L0843-1.jpg 1200w, https:\/\/centcols.org\/wp-content\/uploads\/2012\/01\/L0843-1-768x576.jpg 768w\" sizes=\"auto, (max-width: 1200px) 100vw, 1200px\" \/><\/a><figcaption class=\"wp-element-caption\">Album by Jaime Monter<\/figcaption><\/figure>\n\n\n\n<figure class=\"wp-block-image size-full\"><a href=\"https:\/\/centcols.org\/en\/util\/visuAlbum.php\/?album=1202-009\" target=\"_blank\" rel=\"noreferrer noopener\"><img loading=\"lazy\" decoding=\"async\" width=\"1200\" height=\"800\" data-id=\"88933\" src=\"https:\/\/centcols.org\/wp-content\/uploads\/2012\/01\/L05410-1.jpg\" alt=\"\" class=\"wp-image-88933\" srcset=\"https:\/\/centcols.org\/wp-content\/uploads\/2012\/01\/L05410-1.jpg 1200w, https:\/\/centcols.org\/wp-content\/uploads\/2012\/01\/L05410-1-768x512.jpg 768w\" sizes=\"auto, (max-width: 1200px) 100vw, 1200px\" \/><\/a><figcaption class=\"wp-element-caption\">Album by Didier R\u00e9mond<\/figcaption><\/figure>\n\n\n\n<figure class=\"wp-block-image size-full\"><a href=\"https:\/\/centcols.org\/en\/util\/visuAlbum.php\/?album=6796-002\" target=\"_blank\" rel=\"noreferrer noopener\"><img loading=\"lazy\" decoding=\"async\" width=\"1200\" height=\"896\" data-id=\"88934\" src=\"https:\/\/centcols.org\/wp-content\/uploads\/2012\/01\/L02328-1.jpg\" alt=\"\" class=\"wp-image-88934\" srcset=\"https:\/\/centcols.org\/wp-content\/uploads\/2012\/01\/L02328-1.jpg 1200w, https:\/\/centcols.org\/wp-content\/uploads\/2012\/01\/L02328-1-768x573.jpg 768w\" sizes=\"auto, (max-width: 1200px) 100vw, 1200px\" \/><\/a><figcaption class=\"wp-element-caption\">Album by Michel Andurand<\/figcaption><\/figure>\n\n\n\n<figure class=\"wp-block-image size-full\"><a href=\"https:\/\/centcols.org\/en\/util\/visuAlbum.php\/?album=3092-005\" target=\"_blank\" rel=\"noreferrer noopener\"><img loading=\"lazy\" decoding=\"async\" width=\"1200\" height=\"900\" data-id=\"88935\" src=\"https:\/\/centcols.org\/wp-content\/uploads\/2012\/01\/L03322-1.jpg\" alt=\"\" class=\"wp-image-88935\" srcset=\"https:\/\/centcols.org\/wp-content\/uploads\/2012\/01\/L03322-1.jpg 1200w, https:\/\/centcols.org\/wp-content\/uploads\/2012\/01\/L03322-1-768x576.jpg 768w\" sizes=\"auto, (max-width: 1200px) 100vw, 1200px\" \/><\/a><figcaption class=\"wp-element-caption\">Album by Philippe Carrez<\/figcaption><\/figure>\n<\/figure>","protected":false},"excerpt":{"rendered":"<p>Pr\u00e9sentation Le rassemblement de printemps se d\u00e9roulera en 2012 \u00e0 R\u00e9muzat en Drome proven\u00e7ale (situ\u00e9 \u00e0 62 km de Mont\u00e9limar et \u00e0 26 km de Nyons) du 22 au 28 avril.R\u00e9muzat s&rsquo;\u00e9tend sur la rive gauche de l&rsquo;Oule, au milieu des vergers de pruniers \u00ab\u00a0prune fleurie\u00a0\u00bb. R\u00e9muzat c&rsquo;est toute la Provence, avec un soup\u00e7on alpin. [&hellip;]<\/p>\n","protected":false},"author":3,"featured_media":81530,"comment_status":"closed","ping_status":"closed","sticky":false,"template":"","format":"standard","meta":{"_acf_changed":false,"footnotes":""},"categories":[349,367,404,135,389,231],"tags":[],"class_list":["post-81529","post","type-post","status-publish","format-standard","has-post-thumbnail","hentry","category-france-pays-sejours","category-auvergne-rhone-alpes-region-sejours","category-baronnies-provencales","category-calendrier","category-26-drome","category-sejours"],"acf":[],"yoast_head":"<!-- This site is optimized with the Yoast SEO plugin v27.2 - https:\/\/yoast.com\/product\/yoast-seo-wordpress\/ -->\n<title>S\u00e9jour de printemps \u00e0 R\u00e9muzat (Dr\u00f4me) du 22 au 28 avril 2012 - Club des Cent Cols<\/title>\n<meta name=\"robots\" content=\"index, follow, max-snippet:-1, max-image-preview:large, max-video-preview:-1\" \/>\n<link rel=\"canonical\" href=\"https:\/\/centcols.org\/en\/stay-2012-remuzat\/\" \/>\n<meta property=\"og:locale\" content=\"en_GB\" \/>\n<meta property=\"og:type\" content=\"article\" \/>\n<meta property=\"og:title\" content=\"S\u00e9jour de printemps \u00e0 R\u00e9muzat (Dr\u00f4me) du 22 au 28 avril 2012 - Club des Cent Cols\" \/>\n<meta property=\"og:description\" content=\"Pr\u00e9sentation Le rassemblement de printemps se d\u00e9roulera en 2012 \u00e0 R\u00e9muzat en Drome proven\u00e7ale (situ\u00e9 \u00e0 62 km de Mont\u00e9limar et \u00e0 26 km de Nyons) du 22 au 28 avril.R\u00e9muzat s&rsquo;\u00e9tend sur la rive gauche de l&rsquo;Oule, au milieu des vergers de pruniers \u00ab\u00a0prune fleurie\u00a0\u00bb. R\u00e9muzat c&rsquo;est toute la Provence, avec un soup\u00e7on alpin. [&hellip;]\" \/>\n<meta property=\"og:url\" content=\"https:\/\/centcols.org\/en\/stay-2012-remuzat\/\" \/>\n<meta property=\"og:site_name\" content=\"Club des Cent Cols\" \/>\n<meta property=\"article:publisher\" content=\"https:\/\/www.facebook.com\/groups\/5261880558\/?locale=fr_FR\" \/>\n<meta property=\"article:published_time\" content=\"2012-01-23T08:10:40+00:00\" \/>\n<meta property=\"article:modified_time\" content=\"2025-10-02T14:52:03+00:00\" \/>\n<meta property=\"og:image\" content=\"https:\/\/centcols.org\/wp-content\/uploads\/2025\/05\/L00332-e1443449716141.jpg\" \/>\n\t<meta property=\"og:image:width\" content=\"640\" \/>\n\t<meta property=\"og:image:height\" content=\"480\" \/>\n\t<meta property=\"og:image:type\" content=\"image\/jpeg\" \/>\n<meta name=\"author\" content=\"Webmestre\" \/>\n<meta name=\"twitter:card\" content=\"summary_large_image\" \/>\n<meta name=\"twitter:label1\" content=\"Written by\" \/>\n\t<meta name=\"twitter:data1\" content=\"Webmestre\" \/>\n\t<meta name=\"twitter:label2\" content=\"Estimated reading time\" \/>\n\t<meta name=\"twitter:data2\" content=\"17 minutes\" \/>\n<script type=\"application\/ld+json\" class=\"yoast-schema-graph\">{\"@context\":\"https:\/\/schema.org\",\"@graph\":[{\"@type\":\"Article\",\"@id\":\"https:\/\/centcols.org\/sejour-2012-remuzat\/#article\",\"isPartOf\":{\"@id\":\"https:\/\/centcols.org\/sejour-2012-remuzat\/\"},\"author\":{\"name\":\"Webmestre\",\"@id\":\"https:\/\/centcols.org\/#\/schema\/person\/911b404fb133d8c913dd27cdcf71c8e5\"},\"headline\":\"S\u00e9jour de printemps \u00e0 R\u00e9muzat (Dr\u00f4me) du 22 au 28 avril 2012\",\"datePublished\":\"2012-01-23T08:10:40+00:00\",\"dateModified\":\"2025-10-02T14:52:03+00:00\",\"mainEntityOfPage\":{\"@id\":\"https:\/\/centcols.org\/sejour-2012-remuzat\/\"},\"wordCount\":2305,\"publisher\":{\"@id\":\"https:\/\/centcols.org\/#organization\"},\"image\":{\"@id\":\"https:\/\/centcols.org\/sejour-2012-remuzat\/#primaryimage\"},\"thumbnailUrl\":\"https:\/\/centcols.org\/wp-content\/uploads\/2025\/05\/L00332-e1443449716141.jpg\",\"articleSection\":[\"France\",\"Auvergne-Rh\u00f4ne-Alpes\",\"Baronnies proven\u00e7ales\",\"Calendrier\",\"26-Dr\u00f4me\",\"S\u00e9jours du Club des Cent Cols\"],\"inLanguage\":\"en-GB\"},{\"@type\":\"WebPage\",\"@id\":\"https:\/\/centcols.org\/sejour-2012-remuzat\/\",\"url\":\"https:\/\/centcols.org\/sejour-2012-remuzat\/\",\"name\":\"S\u00e9jour de printemps \u00e0 R\u00e9muzat (Dr\u00f4me) du 22 au 28 avril 2012 - Club des Cent Cols\",\"isPartOf\":{\"@id\":\"https:\/\/centcols.org\/#website\"},\"primaryImageOfPage\":{\"@id\":\"https:\/\/centcols.org\/sejour-2012-remuzat\/#primaryimage\"},\"image\":{\"@id\":\"https:\/\/centcols.org\/sejour-2012-remuzat\/#primaryimage\"},\"thumbnailUrl\":\"https:\/\/centcols.org\/wp-content\/uploads\/2025\/05\/L00332-e1443449716141.jpg\",\"datePublished\":\"2012-01-23T08:10:40+00:00\",\"dateModified\":\"2025-10-02T14:52:03+00:00\",\"breadcrumb\":{\"@id\":\"https:\/\/centcols.org\/sejour-2012-remuzat\/#breadcrumb\"},\"inLanguage\":\"en-GB\",\"potentialAction\":[{\"@type\":\"ReadAction\",\"target\":[\"https:\/\/centcols.org\/sejour-2012-remuzat\/\"]}]},{\"@type\":\"ImageObject\",\"inLanguage\":\"en-GB\",\"@id\":\"https:\/\/centcols.org\/sejour-2012-remuzat\/#primaryimage\",\"url\":\"https:\/\/centcols.org\/wp-content\/uploads\/2025\/05\/L00332-e1443449716141.jpg\",\"contentUrl\":\"https:\/\/centcols.org\/wp-content\/uploads\/2025\/05\/L00332-e1443449716141.jpg\",\"width\":640,\"height\":480},{\"@type\":\"BreadcrumbList\",\"@id\":\"https:\/\/centcols.org\/sejour-2012-remuzat\/#breadcrumb\",\"itemListElement\":[{\"@type\":\"ListItem\",\"position\":1,\"name\":\"Accueil\",\"item\":\"https:\/\/centcols.org\/\"},{\"@type\":\"ListItem\",\"position\":2,\"name\":\"S\u00e9jours du Club des Cent Cols\",\"item\":\"https:\/\/centcols.org\/rubrique\/sejours\/\"},{\"@type\":\"ListItem\",\"position\":3,\"name\":\"Pays\",\"item\":\"https:\/\/centcols.org\/rubrique\/sejours\/pays-sejours\/\"},{\"@type\":\"ListItem\",\"position\":4,\"name\":\"France\",\"item\":\"https:\/\/centcols.org\/rubrique\/sejours\/pays-sejours\/france-pays-sejours\/\"},{\"@type\":\"ListItem\",\"position\":5,\"name\":\"S\u00e9jour de printemps \u00e0 R\u00e9muzat (Dr\u00f4me) du 22 au 28 avril 2012\"}]},{\"@type\":\"WebSite\",\"@id\":\"https:\/\/centcols.org\/#website\",\"url\":\"https:\/\/centcols.org\/\",\"name\":\"Club des Cent Cols\",\"description\":\"\",\"publisher\":{\"@id\":\"https:\/\/centcols.org\/#organization\"},\"potentialAction\":[{\"@type\":\"SearchAction\",\"target\":{\"@type\":\"EntryPoint\",\"urlTemplate\":\"https:\/\/centcols.org\/?s={search_term_string}\"},\"query-input\":{\"@type\":\"PropertyValueSpecification\",\"valueRequired\":true,\"valueName\":\"search_term_string\"}}],\"inLanguage\":\"en-GB\"},{\"@type\":\"Organization\",\"@id\":\"https:\/\/centcols.org\/#organization\",\"name\":\"Club des Cent Cols\",\"url\":\"https:\/\/centcols.org\/\",\"logo\":{\"@type\":\"ImageObject\",\"inLanguage\":\"en-GB\",\"@id\":\"https:\/\/centcols.org\/#\/schema\/logo\/image\/\",\"url\":\"https:\/\/centcols.org\/wp-content\/uploads\/2025\/01\/carte-icone.png\",\"contentUrl\":\"https:\/\/centcols.org\/wp-content\/uploads\/2025\/01\/carte-icone.png\",\"width\":250,\"height\":250,\"caption\":\"Club des Cent Cols\"},\"image\":{\"@id\":\"https:\/\/centcols.org\/#\/schema\/logo\/image\/\"},\"sameAs\":[\"https:\/\/www.facebook.com\/groups\/5261880558\/?locale=fr_FR\"]},{\"@type\":\"Person\",\"@id\":\"https:\/\/centcols.org\/#\/schema\/person\/911b404fb133d8c913dd27cdcf71c8e5\",\"name\":\"Webmestre\",\"image\":{\"@type\":\"ImageObject\",\"inLanguage\":\"en-GB\",\"@id\":\"https:\/\/centcols.org\/wp-content\/litespeed\/avatar\/2d246e4b6b4f773e08515e1ffc53690b.jpg?ver=1777222892\",\"url\":\"https:\/\/centcols.org\/wp-content\/litespeed\/avatar\/2d246e4b6b4f773e08515e1ffc53690b.jpg?ver=1777222892\",\"contentUrl\":\"https:\/\/centcols.org\/wp-content\/litespeed\/avatar\/2d246e4b6b4f773e08515e1ffc53690b.jpg?ver=1777222892\",\"caption\":\"Webmestre\"},\"url\":\"https:\/\/centcols.org\/en\/author\/webmestre\/\"}]}<\/script>\n<!-- \/ Yoast SEO plugin. -->","yoast_head_json":{"title":"Spring break in R\u00e9muzat (Dr\u00f4me) from 22 to 28 April 2012 - Club des Cent Cols","robots":{"index":"index","follow":"follow","max-snippet":"max-snippet:-1","max-image-preview":"max-image-preview:large","max-video-preview":"max-video-preview:-1"},"canonical":"https:\/\/centcols.org\/en\/stay-2012-remuzat\/","og_locale":"en_GB","og_type":"article","og_title":"S\u00e9jour de printemps \u00e0 R\u00e9muzat (Dr\u00f4me) du 22 au 28 avril 2012 - Club des Cent Cols","og_description":"Pr\u00e9sentation Le rassemblement de printemps se d\u00e9roulera en 2012 \u00e0 R\u00e9muzat en Drome proven\u00e7ale (situ\u00e9 \u00e0 62 km de Mont\u00e9limar et \u00e0 26 km de Nyons) du 22 au 28 avril.R\u00e9muzat s&rsquo;\u00e9tend sur la rive gauche de l&rsquo;Oule, au milieu des vergers de pruniers \u00ab\u00a0prune fleurie\u00a0\u00bb. R\u00e9muzat c&rsquo;est toute la Provence, avec un soup\u00e7on alpin. [&hellip;]","og_url":"https:\/\/centcols.org\/en\/stay-2012-remuzat\/","og_site_name":"Club des Cent Cols","article_publisher":"https:\/\/www.facebook.com\/groups\/5261880558\/?locale=fr_FR","article_published_time":"2012-01-23T08:10:40+00:00","article_modified_time":"2025-10-02T14:52:03+00:00","og_image":[{"width":640,"height":480,"url":"https:\/\/centcols.org\/wp-content\/uploads\/2025\/05\/L00332-e1443449716141.jpg","type":"image\/jpeg"}],"author":"Webmestre","twitter_card":"summary_large_image","twitter_misc":{"Written by":"Webmestre","Estimated reading time":"17 minutes"},"schema":{"@context":"https:\/\/schema.org","@graph":[{"@type":"Article","@id":"https:\/\/centcols.org\/sejour-2012-remuzat\/#article","isPartOf":{"@id":"https:\/\/centcols.org\/sejour-2012-remuzat\/"},"author":{"name":"Webmestre","@id":"https:\/\/centcols.org\/#\/schema\/person\/911b404fb133d8c913dd27cdcf71c8e5"},"headline":"S\u00e9jour de printemps \u00e0 R\u00e9muzat (Dr\u00f4me) du 22 au 28 avril 2012","datePublished":"2012-01-23T08:10:40+00:00","dateModified":"2025-10-02T14:52:03+00:00","mainEntityOfPage":{"@id":"https:\/\/centcols.org\/sejour-2012-remuzat\/"},"wordCount":2305,"publisher":{"@id":"https:\/\/centcols.org\/#organization"},"image":{"@id":"https:\/\/centcols.org\/sejour-2012-remuzat\/#primaryimage"},"thumbnailUrl":"https:\/\/centcols.org\/wp-content\/uploads\/2025\/05\/L00332-e1443449716141.jpg","articleSection":["France","Auvergne-Rh\u00f4ne-Alpes","Baronnies proven\u00e7ales","Calendrier","26-Dr\u00f4me","S\u00e9jours du Club des Cent Cols"],"inLanguage":"en-GB"},{"@type":"WebPage","@id":"https:\/\/centcols.org\/sejour-2012-remuzat\/","url":"https:\/\/centcols.org\/sejour-2012-remuzat\/","name":"Spring break in R\u00e9muzat (Dr\u00f4me) from 22 to 28 April 2012 - Club des Cent Cols","isPartOf":{"@id":"https:\/\/centcols.org\/#website"},"primaryImageOfPage":{"@id":"https:\/\/centcols.org\/sejour-2012-remuzat\/#primaryimage"},"image":{"@id":"https:\/\/centcols.org\/sejour-2012-remuzat\/#primaryimage"},"thumbnailUrl":"https:\/\/centcols.org\/wp-content\/uploads\/2025\/05\/L00332-e1443449716141.jpg","datePublished":"2012-01-23T08:10:40+00:00","dateModified":"2025-10-02T14:52:03+00:00","breadcrumb":{"@id":"https:\/\/centcols.org\/sejour-2012-remuzat\/#breadcrumb"},"inLanguage":"en-GB","potentialAction":[{"@type":"ReadAction","target":["https:\/\/centcols.org\/sejour-2012-remuzat\/"]}]},{"@type":"ImageObject","inLanguage":"en-GB","@id":"https:\/\/centcols.org\/sejour-2012-remuzat\/#primaryimage","url":"https:\/\/centcols.org\/wp-content\/uploads\/2025\/05\/L00332-e1443449716141.jpg","contentUrl":"https:\/\/centcols.org\/wp-content\/uploads\/2025\/05\/L00332-e1443449716141.jpg","width":640,"height":480},{"@type":"BreadcrumbList","@id":"https:\/\/centcols.org\/sejour-2012-remuzat\/#breadcrumb","itemListElement":[{"@type":"ListItem","position":1,"name":"Accueil","item":"https:\/\/centcols.org\/"},{"@type":"ListItem","position":2,"name":"S\u00e9jours du Club des Cent Cols","item":"https:\/\/centcols.org\/rubrique\/sejours\/"},{"@type":"ListItem","position":3,"name":"Pays","item":"https:\/\/centcols.org\/rubrique\/sejours\/pays-sejours\/"},{"@type":"ListItem","position":4,"name":"France","item":"https:\/\/centcols.org\/rubrique\/sejours\/pays-sejours\/france-pays-sejours\/"},{"@type":"ListItem","position":5,"name":"S\u00e9jour de printemps \u00e0 R\u00e9muzat (Dr\u00f4me) du 22 au 28 avril 2012"}]},{"@type":"WebSite","@id":"https:\/\/centcols.org\/#website","url":"https:\/\/centcols.org\/","name":"Club des Cent Cols","description":"","publisher":{"@id":"https:\/\/centcols.org\/#organization"},"potentialAction":[{"@type":"SearchAction","target":{"@type":"EntryPoint","urlTemplate":"https:\/\/centcols.org\/?s={search_term_string}"},"query-input":{"@type":"PropertyValueSpecification","valueRequired":true,"valueName":"search_term_string"}}],"inLanguage":"en-GB"},{"@type":"Organization","@id":"https:\/\/centcols.org\/#organization","name":"Club des Cent Cols","url":"https:\/\/centcols.org\/","logo":{"@type":"ImageObject","inLanguage":"en-GB","@id":"https:\/\/centcols.org\/#\/schema\/logo\/image\/","url":"https:\/\/centcols.org\/wp-content\/uploads\/2025\/01\/carte-icone.png","contentUrl":"https:\/\/centcols.org\/wp-content\/uploads\/2025\/01\/carte-icone.png","width":250,"height":250,"caption":"Club des Cent Cols"},"image":{"@id":"https:\/\/centcols.org\/#\/schema\/logo\/image\/"},"sameAs":["https:\/\/www.facebook.com\/groups\/5261880558\/?locale=fr_FR"]},{"@type":"Person","@id":"https:\/\/centcols.org\/#\/schema\/person\/911b404fb133d8c913dd27cdcf71c8e5","name":"Webmaster","image":{"@type":"ImageObject","inLanguage":"en-GB","@id":"https:\/\/centcols.org\/wp-content\/litespeed\/avatar\/2d246e4b6b4f773e08515e1ffc53690b.jpg?ver=1777222892","url":"https:\/\/centcols.org\/wp-content\/litespeed\/avatar\/2d246e4b6b4f773e08515e1ffc53690b.jpg?ver=1777222892","contentUrl":"https:\/\/centcols.org\/wp-content\/litespeed\/avatar\/2d246e4b6b4f773e08515e1ffc53690b.jpg?ver=1777222892","caption":"Webmestre"},"url":"https:\/\/centcols.org\/en\/author\/webmestre\/"}]}},"_links":{"self":[{"href":"https:\/\/centcols.org\/en\/wp-json\/wp\/v2\/posts\/81529","targetHints":{"allow":["GET"]}}],"collection":[{"href":"https:\/\/centcols.org\/en\/wp-json\/wp\/v2\/posts"}],"about":[{"href":"https:\/\/centcols.org\/en\/wp-json\/wp\/v2\/types\/post"}],"author":[{"embeddable":true,"href":"https:\/\/centcols.org\/en\/wp-json\/wp\/v2\/users\/3"}],"replies":[{"embeddable":true,"href":"https:\/\/centcols.org\/en\/wp-json\/wp\/v2\/comments?post=81529"}],"version-history":[{"count":0,"href":"https:\/\/centcols.org\/en\/wp-json\/wp\/v2\/posts\/81529\/revisions"}],"wp:featuredmedia":[{"embeddable":true,"href":"https:\/\/centcols.org\/en\/wp-json\/wp\/v2\/media\/81530"}],"wp:attachment":[{"href":"https:\/\/centcols.org\/en\/wp-json\/wp\/v2\/media?parent=81529"}],"wp:term":[{"taxonomy":"category","embeddable":true,"href":"https:\/\/centcols.org\/en\/wp-json\/wp\/v2\/categories?post=81529"},{"taxonomy":"post_tag","embeddable":true,"href":"https:\/\/centcols.org\/en\/wp-json\/wp\/v2\/tags?post=81529"}],"curies":[{"name":"wp","href":"https:\/\/api.w.org\/{rel}","templated":true}]}}