{"id":81590,"date":"2011-04-23T10:09:44","date_gmt":"2011-04-23T08:09:44","guid":{"rendered":"https:\/\/centcols.org\/sejour-estival-a-saint-sauveur-camprieu-gard-du-16-au-20-aout-2011\/"},"modified":"2025-09-02T11:24:10","modified_gmt":"2025-09-02T09:24:10","slug":"stay-2011-camprieu","status":"publish","type":"post","link":"https:\/\/centcols.org\/en\/sejour-2011-camprieu\/","title":{"rendered":"Summer break at Saint-Sauveur-Camprieu (Gard) from 16 to 20 August 2011"},"content":{"rendered":"<h2 class=\"wp-block-heading\">Presentation<\/h2>\n\n\n\n<p>Situated in the far west of the C\u00e9vennes, the Aigoual massif will be our 'playground' for this 2011 summer holiday. Mont Aigoual (1567m) is notorious for its capricious weather, and the M\u00e9t\u00e9o-France exhibitions in the summit observatory will give you all the information you need to understand this very special climate.<\/p>\n\n\n\n<p>Another lesser-known facet of the massif will also be highlighted, namely the Aigoual state forest. It deserves a historical approach before you explore it. It is the concrete expression of man's action on nature, for better or for worse. In the middle of the 19th<sup>e<\/sup> In the 19th century, the Aigoual forest was shrinking under the dual impact of excessive grazing and excessive exploitation by glassmakers, who demanded ever more for their furnaces. Serious flooding was rife in the valleys, with considerable and even dramatic consequences. The Water and Forestry Administration tried to reforest the area, but this provoked a great deal of opposition, as a choice had to be made between the forest and the grazing areas.<\/p>\n\n\n\n<p>In the end, thanks to an exceptional effort, forester Georges FABRE and botanist Charles FLAHAULT succeeded in regrowing thousands of hectares of forest. The most common species are spruce, larch, Austrian black pine, hooked pine, beech (faou in Occitan), sessile oak and chestnut. On the steepest southern slope, the different levels of vegetation are clearly visible. Four arbor\u00e9tums remain from this period, veritable open-air laboratories.<\/p>\n\n\n\n<p>Granite is omnipresent in the massif, the causses are the kingdom of limestone, and schist is confined to the C\u00e9vennes valleys. These three rocks form the bedrock of the region, shaping some superb landscapes. The causses offer vast stretches of barren desert with little vegetation. Water is scarce in this permeable terrain, where the rock very often outcrops. The flora, on the other hand, is extremely rich. Large birds of prey love these vast, sparsely populated areas, where the sky is their domain.<\/p>\n\n\n\n<p>The C\u00e9vennes valleys, a land of \"greenhouses\" and \"valats\", are places where people live. Villages and hamlets are built along rivers or perched on promontories. These mountains were the scene of the Camisard War. Men and women of the so-called \"reformed\" religion fought against the royal desire to impose a single religion on its subjects. Massacres, deportations to the galleys and imprisonment were the lot of those who chose to fight, while others preferred to flee with their wealth and know-how to countries of refuge (Switzerland, Holland, Germany, etc.). Here, in these parts, freedom of expression and tolerance are sacred values. Later, Pastor Rabault St Etienne took part in the debates that led to the drafting of the Declaration of the Rights of Man and the Citizen. During the Second World War, the Resistance found the area to be an ideal breeding ground, and although the topography of the terrain lent itself to this, men and women quickly came out of hiding in search of freedom.<\/p>\n\n\n\n<figure class=\"wp-block-gallery has-nested-images columns-4 is-cropped wp-block-gallery-1 is-layout-flex wp-block-gallery-is-layout-flex\">\n<figure class=\"wp-block-image size-full\"><a href=\"https:\/\/centcols.org\/wp-content\/uploads\/2011\/04\/prevert.jpg\"><img loading=\"lazy\" decoding=\"async\" width=\"200\" height=\"150\" data-id=\"88939\" src=\"https:\/\/centcols.org\/wp-content\/uploads\/2011\/04\/prevert.jpg\" alt=\"\" class=\"wp-image-88939\"\/><\/a><\/figure>\n\n\n\n<figure class=\"wp-block-image size-full\"><a href=\"https:\/\/centcols.org\/wp-content\/uploads\/2011\/04\/piste2.jpg\"><img loading=\"lazy\" decoding=\"async\" width=\"200\" height=\"150\" data-id=\"88940\" src=\"https:\/\/centcols.org\/wp-content\/uploads\/2011\/04\/piste2.jpg\" alt=\"\" class=\"wp-image-88940\"\/><\/a><\/figure>\n\n\n\n<figure class=\"wp-block-image size-full\"><a href=\"https:\/\/centcols.org\/wp-content\/uploads\/2011\/04\/causses.jpg\"><img loading=\"lazy\" decoding=\"async\" width=\"200\" height=\"150\" data-id=\"88941\" src=\"https:\/\/centcols.org\/wp-content\/uploads\/2011\/04\/causses.jpg\" alt=\"\" class=\"wp-image-88941\"\/><\/a><\/figure>\n\n\n\n<figure class=\"wp-block-image size-full\"><a href=\"https:\/\/centcols.org\/wp-content\/uploads\/2011\/04\/genets.jpg\"><img loading=\"lazy\" decoding=\"async\" width=\"200\" height=\"150\" data-id=\"88942\" src=\"https:\/\/centcols.org\/wp-content\/uploads\/2011\/04\/genets.jpg\" alt=\"\" class=\"wp-image-88942\"\/><\/a><\/figure>\n<\/figure>\n\n\n\n<h2 class=\"wp-block-heading\">International meeting at Cap de C\u00f4te (FR-30-1189)<\/h2>\n\n\n\n<p><span class=\"flett\">L<\/span>he annual meeting will take place on Saturday 20 August 2011, near the Cap de C\u00f4te pass (<a href=\"https:\/\/centcols.org\/en\/util\/geo\/visuGP.php\/?code=FR-30-1189\" target=\"_blank\" rel=\"noopener\">FR-30-1189<\/a>) on the slopes of the formidable Col de la Lusette (FR-30-1351). This pass faces due south and has a rough, bumpy road. It has all the characteristics of a hard pass. It has an irregular gradient and some difficult sections with short sections at 15 or even 17%. A pass that leaves no one indifferent, and one that will leave its mark for many years to come!<\/p>\n\n\n\n<p>We'll be welcomed on the outskirts of the g\u00eete-refuge, on a lawn with a shady grove kindly placed at our disposal. From here, a concrete path a few hundred metres long will give us access to the \"Serre de la Toureille\". This is a marvellous vantage point overlooking all the southern C\u00e9vennes and beyond (from Mt Ventoux to Canigou). It is from here that the fire brigade keeps a preventive watch throughout the dry season.<\/p>\n\n\n\n<h2 class=\"wp-block-heading\">The weather<\/h2>\n\n\n\n<p>At this time of year, the temperatures are generally very pleasant, but you'll need to bring your cycling kit with you, as the Aigoual can always hold a nasty surprise in store!...<\/p>\n\n\n\n<h2 class=\"wp-block-heading\">Tours<\/h2>\n\n\n\n<p><span class=\"flett\">N<\/span>ur meeting point will be at St Sauveur Camprieu, at an altitude of 1000m, on the D986 between Esp\u00e9rou and Meyrueis. This is a charming mountain village surrounded by meadows and forests, with an artificial lake and, above all, the Bramabiau abyss (le b\u0153uf qui brame, in Occitan), where the Bonheur stream emerges after a short underground journey.<\/p>\n\n\n\n<p>We will be riding in the C\u00e9vennes National Park, where off-piste riding is strictly prohibited. Mountain bikers should stay on the paths and tracks. Beyond this point, progress will be on foot only. Picking flowers is strictly forbidden.<\/p>\n\n\n\n<p>The <a href=\"\/en\/membres\/cctours\/tours.php\/?lieu=Camprieu&amp;an=2011\">proposed routes<\/a> are designed to enable as many members of the Confr\u00e9rie as possible to take part. There will always be the option of shortening the route or offering a more restricted itinerary. Around sixty passes will be accessible during this tour, as well as a number of BPF sites. Some passes appear on several circuits and are therefore repeated. However, if a pass is crossed more than once on a given tour, it will only appear the first time. The passes are listed in the order in which they are crossed on each tour.<\/p>\n\n\n\n<p>Non-walkers won't be forgotten either, with numerous walks and visits to sites such as the Jonte and Tarn gorges, Aven Armand, Millau and its viaduct, the Roquefort cellars, etc...<\/p>\n\n\n\n<h2 class=\"wp-block-heading\">Accommodation<\/h2>\n\n\n\n<p>The centre of gravity will be the \"Pont du Moulin\" holiday village in Saint-Sauveur-Camprieu. This establishment has all the facilities we need to make our stay a success. The \"T\u00e9rondel\" campsite next to the holiday centre also rents mobile homes. It will be an excellent addition to the range of accommodation on offer, bearing in mind that the commune where we are staying also has a parking area and spaces for camper vans.<br>Most of the rooms at the Pont du Moulin centre are configured as \"mini flats\" with two bedrooms, one with 2 beds and the other with 3 (including a bunk bed), with shared bathroom facilities for both rooms (see typical plan opposite). Priority will be given to couples in the 2-bed rooms, and individuals in the 3-bed rooms.<\/p>\n\n\n\n<p>There is also a hotel on site (the Auberge du Bonheur) and a number of holiday lets. The village of l'Esp\u00e9rou, 7km away, is served by an excellent road and offers two hotels and four stopover g\u00eetes. Many itineraries pass through this village.<\/p>\n\n\n\n<h2 class=\"wp-block-heading\">Photo albums<\/h2>\n\n\n\n<figure class=\"wp-block-gallery has-nested-images columns-4 is-cropped wp-block-gallery-2 is-layout-flex wp-block-gallery-is-layout-flex\">\n<figure class=\"wp-block-image size-full\"><a href=\"https:\/\/centcols.org\/en\/util\/visuAlbum.php\/?album=06028-002\" target=\"_blank\" rel=\"noreferrer noopener\"><img loading=\"lazy\" decoding=\"async\" width=\"1200\" height=\"674\" data-id=\"88944\" src=\"https:\/\/centcols.org\/wp-content\/uploads\/2011\/04\/L00316-1.jpg\" alt=\"\" class=\"wp-image-88944\" srcset=\"https:\/\/centcols.org\/wp-content\/uploads\/2011\/04\/L00316-1.jpg 1200w, https:\/\/centcols.org\/wp-content\/uploads\/2011\/04\/L00316-1-768x431.jpg 768w\" sizes=\"auto, (max-width: 1200px) 100vw, 1200px\" \/><\/a><figcaption class=\"wp-element-caption\">Jean-Pierre Lambert photo album<\/figcaption><\/figure>\n\n\n\n<figure class=\"wp-block-image size-full\"><a href=\"https:\/\/centcols.org\/les_rendez-vous\/2011\/Camprieu\/albums\/1420\/album.htm\" target=\"_blank\" rel=\"noreferrer noopener\"><img loading=\"lazy\" decoding=\"async\" width=\"1200\" height=\"806\" data-id=\"88945\" src=\"https:\/\/centcols.org\/wp-content\/uploads\/2011\/04\/L02613-1.jpg\" alt=\"\" class=\"wp-image-88945\" srcset=\"https:\/\/centcols.org\/wp-content\/uploads\/2011\/04\/L02613-1.jpg 1200w, https:\/\/centcols.org\/wp-content\/uploads\/2011\/04\/L02613-1-768x516.jpg 768w\" sizes=\"auto, (max-width: 1200px) 100vw, 1200px\" \/><\/a><figcaption class=\"wp-element-caption\">Photo album by Alain Minard (deputy mayor of Camprieu)<\/figcaption><\/figure>\n\n\n\n<figure class=\"wp-block-image size-full\"><a href=\"https:\/\/centcols.org\/en\/util\/visuAlbum.php\/?album=03225-002\" target=\"_blank\" rel=\"noreferrer noopener\"><img loading=\"lazy\" decoding=\"async\" width=\"1200\" height=\"806\" data-id=\"88946\" src=\"https:\/\/centcols.org\/wp-content\/uploads\/2011\/04\/L03324-1.jpg\" alt=\"\" class=\"wp-image-88946\" srcset=\"https:\/\/centcols.org\/wp-content\/uploads\/2011\/04\/L03324-1.jpg 1200w, https:\/\/centcols.org\/wp-content\/uploads\/2011\/04\/L03324-1-768x516.jpg 768w\" sizes=\"auto, (max-width: 1200px) 100vw, 1200px\" \/><\/a><figcaption class=\"wp-element-caption\">Photo album by Alain Minard (deputy mayor of Camprieu)<\/figcaption><\/figure>\n\n\n\n<figure class=\"wp-block-image size-full\"><a href=\"https:\/\/centcols.org\/en\/les_rendez-vous\/2011\/Camprieu\/albums\/5642\/\" target=\"_blank\" rel=\"noreferrer noopener\"><img loading=\"lazy\" decoding=\"async\" width=\"868\" height=\"579\" data-id=\"88948\" src=\"https:\/\/centcols.org\/wp-content\/uploads\/2011\/04\/camprieu14.jpg\" alt=\"\" class=\"wp-image-88948\" srcset=\"https:\/\/centcols.org\/wp-content\/uploads\/2011\/04\/camprieu14.jpg 868w, https:\/\/centcols.org\/wp-content\/uploads\/2011\/04\/camprieu14-768x512.jpg 768w\" sizes=\"auto, (max-width: 868px) 100vw, 868px\" \/><\/a><figcaption class=\"wp-element-caption\">Hubert Becker photo album<\/figcaption><\/figure>\n\n\n\n<figure class=\"wp-block-image size-full\"><a href=\"https:\/\/centcols.org\/en\/util\/visuAlbum.php\/?album=03019-001\" target=\"_blank\" rel=\"noreferrer noopener\"><img loading=\"lazy\" decoding=\"async\" width=\"640\" height=\"425\" data-id=\"88950\" src=\"https:\/\/centcols.org\/wp-content\/uploads\/2011\/04\/L02014-e1.jpg\" alt=\"\" class=\"wp-image-88950\"\/><\/a><figcaption class=\"wp-element-caption\">Ghislain Molitor's photo album<\/figcaption><\/figure>\n\n\n\n<figure class=\"wp-block-image size-full\"><a href=\"https:\/\/centcols.org\/en\/util\/visuAlbum.php\/?album=06862-002\" target=\"_blank\" rel=\"noreferrer noopener\"><img loading=\"lazy\" decoding=\"async\" width=\"640\" height=\"480\" data-id=\"88951\" src=\"https:\/\/centcols.org\/wp-content\/uploads\/2011\/04\/L01215-1.jpg\" alt=\"\" class=\"wp-image-88951\"\/><\/a><figcaption class=\"wp-element-caption\">Photo album by Philippe Marquet<\/figcaption><\/figure>\n\n\n\n<figure class=\"wp-block-image size-full\"><a href=\"https:\/\/centcols.org\/en\/util\/visuAlbum.php\/?album=06642-003\" target=\"_blank\" rel=\"noreferrer noopener\"><img loading=\"lazy\" decoding=\"async\" width=\"1200\" height=\"900\" data-id=\"88952\" src=\"https:\/\/centcols.org\/wp-content\/uploads\/2011\/04\/L02813-1.jpg\" alt=\"\" class=\"wp-image-88952\" srcset=\"https:\/\/centcols.org\/wp-content\/uploads\/2011\/04\/L02813-1.jpg 1200w, https:\/\/centcols.org\/wp-content\/uploads\/2011\/04\/L02813-1-768x576.jpg 768w\" sizes=\"auto, (max-width: 1200px) 100vw, 1200px\" \/><\/a><figcaption class=\"wp-element-caption\">Photo album by Jo\u00eblle De Rudder-Bonnel<\/figcaption><\/figure>\n\n\n\n<figure class=\"wp-block-image size-full\"><a href=\"https:\/\/centcols.org\/en\/util\/visuAlbum.php\/?album=04782-001\" target=\"_blank\" rel=\"noreferrer noopener\"><img loading=\"lazy\" decoding=\"async\" width=\"1365\" height=\"1024\" data-id=\"88953\" src=\"https:\/\/centcols.org\/wp-content\/uploads\/2011\/04\/L01415.jpg\" alt=\"\" class=\"wp-image-88953\" srcset=\"https:\/\/centcols.org\/wp-content\/uploads\/2011\/04\/L01415.jpg 1365w, https:\/\/centcols.org\/wp-content\/uploads\/2011\/04\/L01415-1200x900.jpg 1200w, https:\/\/centcols.org\/wp-content\/uploads\/2011\/04\/L01415-768x576.jpg 768w\" sizes=\"auto, (max-width: 1365px) 100vw, 1365px\" \/><\/a><figcaption class=\"wp-element-caption\">Photo album by Serge Polloni<\/figcaption><\/figure>\n\n\n\n<figure class=\"wp-block-image size-full\"><a href=\"https:\/\/centcols.org\/en\/util\/visuAlbum.php\/?album=05650-005\" target=\"_blank\" rel=\"noreferrer noopener\"><img loading=\"lazy\" decoding=\"async\" width=\"1200\" height=\"900\" data-id=\"88956\" src=\"https:\/\/centcols.org\/wp-content\/uploads\/2011\/04\/L02913-1.jpg\" alt=\"\" class=\"wp-image-88956\" srcset=\"https:\/\/centcols.org\/wp-content\/uploads\/2011\/04\/L02913-1.jpg 1200w, https:\/\/centcols.org\/wp-content\/uploads\/2011\/04\/L02913-1-768x576.jpg 768w\" sizes=\"auto, (max-width: 1200px) 100vw, 1200px\" \/><\/a><figcaption class=\"wp-element-caption\">Alf\u00e9o Lotto photo album<\/figcaption><\/figure>\n\n\n\n<figure class=\"wp-block-image size-full\"><img loading=\"lazy\" decoding=\"async\" width=\"800\" height=\"600\" data-id=\"88957\" src=\"https:\/\/centcols.org\/wp-content\/uploads\/2011\/04\/Camprieu-021.jpg\" alt=\"\" class=\"wp-image-88957\" srcset=\"https:\/\/centcols.org\/wp-content\/uploads\/2011\/04\/Camprieu-021.jpg 800w, https:\/\/centcols.org\/wp-content\/uploads\/2011\/04\/Camprieu-021-768x576.jpg 768w\" sizes=\"auto, (max-width: 800px) 100vw, 800px\" \/><figcaption class=\"wp-element-caption\">Photo album by Guy Cambess\u00e8d\u00e8s<\/figcaption><\/figure>\n\n\n\n<figure class=\"wp-block-image size-full\"><a href=\"https:\/\/centcols.org\/en\/util\/visuAlbum.php\/?album=03225-004\" target=\"_blank\" rel=\"noreferrer noopener\"><img loading=\"lazy\" decoding=\"async\" width=\"1200\" height=\"900\" data-id=\"88958\" src=\"https:\/\/centcols.org\/wp-content\/uploads\/2011\/04\/L01914-1.jpg\" alt=\"\" class=\"wp-image-88958\" srcset=\"https:\/\/centcols.org\/wp-content\/uploads\/2011\/04\/L01914-1.jpg 1200w, https:\/\/centcols.org\/wp-content\/uploads\/2011\/04\/L01914-1-768x576.jpg 768w\" sizes=\"auto, (max-width: 1200px) 100vw, 1200px\" \/><\/a><figcaption class=\"wp-element-caption\">R\u00e9gis Paraz photo album<\/figcaption><\/figure>\n\n\n\n<figure class=\"wp-block-image size-full\"><a href=\"https:\/\/centcols.org\/les_rendez-vous\/2011\/Camprieu\/albums\/3239\/album.htm\" target=\"_blank\" rel=\"noreferrer noopener\"><img loading=\"lazy\" decoding=\"async\" width=\"800\" height=\"600\" data-id=\"88960\" src=\"https:\/\/centcols.org\/wp-content\/uploads\/2011\/04\/P1050259.jpg\" alt=\"\" class=\"wp-image-88960\" srcset=\"https:\/\/centcols.org\/wp-content\/uploads\/2011\/04\/P1050259.jpg 800w, https:\/\/centcols.org\/wp-content\/uploads\/2011\/04\/P1050259-768x576.jpg 768w\" sizes=\"auto, (max-width: 800px) 100vw, 800px\" \/><\/a><figcaption class=\"wp-element-caption\">Photo album by Alain Dabe<\/figcaption><\/figure>\n\n\n\n<figure class=\"wp-block-image size-full\"><a href=\"https:\/\/centcols.org\/en\/util\/visuAlbum.php\/?album=00722-005\" target=\"_blank\" rel=\"noreferrer noopener\"><img loading=\"lazy\" decoding=\"async\" width=\"500\" height=\"390\" data-id=\"88962\" src=\"https:\/\/centcols.org\/wp-content\/uploads\/2011\/04\/L00216-500x390-1.jpg\" alt=\"\" class=\"wp-image-88962\"\/><\/a><figcaption class=\"wp-element-caption\">Photo album by Alain Gillodes<\/figcaption><\/figure>\n\n\n\n<figure class=\"wp-block-image size-full\"><a href=\"https:\/\/centcols.org\/en\/util\/visuAlbum.php\/?album=03092-003\" target=\"_blank\" rel=\"noreferrer noopener\"><img loading=\"lazy\" decoding=\"async\" width=\"1200\" height=\"900\" data-id=\"88963\" src=\"https:\/\/centcols.org\/wp-content\/uploads\/2011\/04\/L0881-1.jpg\" alt=\"\" class=\"wp-image-88963\" srcset=\"https:\/\/centcols.org\/wp-content\/uploads\/2011\/04\/L0881-1.jpg 1200w, https:\/\/centcols.org\/wp-content\/uploads\/2011\/04\/L0881-1-768x576.jpg 768w\" sizes=\"auto, (max-width: 1200px) 100vw, 1200px\" \/><\/a><figcaption class=\"wp-element-caption\">Phillipe Carrez's photo album<\/figcaption><\/figure>\n\n\n\n<figure class=\"wp-block-image size-full\"><a href=\"https:\/\/centcols.org\/en\/util\/visuAlbum.php\/?album=06441-001\" target=\"_blank\" rel=\"noreferrer noopener\"><img loading=\"lazy\" decoding=\"async\" width=\"1200\" height=\"900\" data-id=\"88964\" src=\"https:\/\/centcols.org\/wp-content\/uploads\/2011\/04\/L00915-1.jpg\" alt=\"\" class=\"wp-image-88964\" srcset=\"https:\/\/centcols.org\/wp-content\/uploads\/2011\/04\/L00915-1.jpg 1200w, https:\/\/centcols.org\/wp-content\/uploads\/2011\/04\/L00915-1-768x576.jpg 768w\" sizes=\"auto, (max-width: 1200px) 100vw, 1200px\" \/><\/a><figcaption class=\"wp-element-caption\">Photo album of Maryse Renaud<\/figcaption><\/figure>\n\n\n\n<figure class=\"wp-block-image size-full\"><a href=\"https:\/\/centcols.org\/en\/util\/visuAlbum.php\/?album=01420-003\" target=\"_blank\" rel=\"noreferrer noopener\"><img loading=\"lazy\" decoding=\"async\" width=\"800\" height=\"600\" data-id=\"88965\" src=\"https:\/\/centcols.org\/wp-content\/uploads\/2011\/04\/M0238.jpg\" alt=\"\" class=\"wp-image-88965\" srcset=\"https:\/\/centcols.org\/wp-content\/uploads\/2011\/04\/M0238.jpg 800w, https:\/\/centcols.org\/wp-content\/uploads\/2011\/04\/M0238-768x576.jpg 768w\" sizes=\"auto, (max-width: 800px) 100vw, 800px\" \/><\/a><figcaption class=\"wp-element-caption\">Photo album by Guy Cambess\u00e8d\u00e8s<\/figcaption><\/figure>\n\n\n\n<figure class=\"wp-block-image size-full\"><a href=\"https:\/\/centcols.org\/en\/util\/visuAlbum.php\/?album=03848-001\" target=\"_blank\" rel=\"noreferrer noopener\"><img loading=\"lazy\" decoding=\"async\" width=\"1200\" height=\"900\" data-id=\"88967\" src=\"https:\/\/centcols.org\/wp-content\/uploads\/2011\/04\/L1041-1.jpg\" alt=\"\" class=\"wp-image-88967\" srcset=\"https:\/\/centcols.org\/wp-content\/uploads\/2011\/04\/L1041-1.jpg 1200w, https:\/\/centcols.org\/wp-content\/uploads\/2011\/04\/L1041-1-768x576.jpg 768w\" sizes=\"auto, (max-width: 1200px) 100vw, 1200px\" \/><\/a><figcaption class=\"wp-element-caption\">Photo album by Michel Boni<\/figcaption><\/figure>\n<\/figure>","protected":false},"excerpt":{"rendered":"<p>Pr\u00e9sentation Situ\u00e9 \u00e0 l\u2019extr\u00eame Ouest des C\u00e9vennes, le massif de l\u2019Aigoual sera notre \u00ab terrain de jeu \u00bb pour ce s\u00e9jour estival 2011. Le Mont Aigoual (1567m) est connu pour ses \u00ab caprices \u00bb m\u00e9t\u00e9orologiques, les expositions de M\u00e9t\u00e9o-France propos\u00e9es dans l\u2019observatoire sommital sauront vous apporter les connaissances n\u00e9cessaires pour bien comprendre ce climat si [&hellip;]<\/p>\n","protected":false},"author":3,"featured_media":82978,"comment_status":"closed","ping_status":"closed","sticky":false,"template":"","format":"standard","meta":{"_acf_changed":false,"footnotes":""},"categories":[349,384,135,363,393,231],"tags":[],"class_list":["post-81590","post","type-post","status-publish","format-standard","has-post-thumbnail","hentry","category-france-pays-sejours","category-occitanie-region-sejours","category-calendrier","category-massif-central-massif-sejours","category-30-gard","category-sejours"],"acf":[],"yoast_head":"<!-- This site is optimized with the Yoast SEO plugin v27.2 - https:\/\/yoast.com\/product\/yoast-seo-wordpress\/ -->\n<title>S\u00e9jour estival \u00e0 Saint-Sauveur-Camprieu (Gard) du 16 au 20 ao\u00fbt 2011 - Club des Cent Cols<\/title>\n<meta name=\"robots\" content=\"index, follow, max-snippet:-1, max-image-preview:large, max-video-preview:-1\" \/>\n<link rel=\"canonical\" href=\"https:\/\/centcols.org\/en\/stay-2011-camprieu\/\" \/>\n<meta property=\"og:locale\" content=\"en_GB\" \/>\n<meta property=\"og:type\" content=\"article\" \/>\n<meta property=\"og:title\" content=\"S\u00e9jour estival \u00e0 Saint-Sauveur-Camprieu (Gard) du 16 au 20 ao\u00fbt 2011 - Club des Cent Cols\" \/>\n<meta property=\"og:description\" content=\"Pr\u00e9sentation Situ\u00e9 \u00e0 l\u2019extr\u00eame Ouest des C\u00e9vennes, le massif de l\u2019Aigoual sera notre \u00ab terrain de jeu \u00bb pour ce s\u00e9jour estival 2011. Le Mont Aigoual (1567m) est connu pour ses \u00ab caprices \u00bb m\u00e9t\u00e9orologiques, les expositions de M\u00e9t\u00e9o-France propos\u00e9es dans l\u2019observatoire sommital sauront vous apporter les connaissances n\u00e9cessaires pour bien comprendre ce climat si [&hellip;]\" \/>\n<meta property=\"og:url\" content=\"https:\/\/centcols.org\/en\/stay-2011-camprieu\/\" \/>\n<meta property=\"og:site_name\" content=\"Club des Cent Cols\" \/>\n<meta property=\"article:publisher\" content=\"https:\/\/www.facebook.com\/groups\/5261880558\/?locale=fr_FR\" \/>\n<meta property=\"article:published_time\" content=\"2011-04-23T08:09:44+00:00\" \/>\n<meta property=\"article:modified_time\" content=\"2025-09-02T09:24:10+00:00\" \/>\n<meta property=\"og:image\" content=\"https:\/\/centcols.org\/wp-content\/uploads\/2015\/04\/genets1.jpg\" \/>\n\t<meta property=\"og:image:width\" content=\"200\" \/>\n\t<meta property=\"og:image:height\" content=\"150\" \/>\n\t<meta property=\"og:image:type\" content=\"image\/jpeg\" \/>\n<meta name=\"author\" content=\"Webmestre\" \/>\n<meta name=\"twitter:card\" content=\"summary_large_image\" \/>\n<meta name=\"twitter:label1\" content=\"Written by\" \/>\n\t<meta name=\"twitter:data1\" content=\"Webmestre\" \/>\n\t<meta name=\"twitter:label2\" content=\"Estimated reading time\" \/>\n\t<meta name=\"twitter:data2\" content=\"11 minutes\" \/>\n<script type=\"application\/ld+json\" class=\"yoast-schema-graph\">{\"@context\":\"https:\/\/schema.org\",\"@graph\":[{\"@type\":\"Article\",\"@id\":\"https:\/\/centcols.org\/sejour-2011-camprieu\/#article\",\"isPartOf\":{\"@id\":\"https:\/\/centcols.org\/sejour-2011-camprieu\/\"},\"author\":{\"name\":\"Webmestre\",\"@id\":\"https:\/\/centcols.org\/#\/schema\/person\/911b404fb133d8c913dd27cdcf71c8e5\"},\"headline\":\"S\u00e9jour estival \u00e0 Saint-Sauveur-Camprieu (Gard) du 16 au 20 ao\u00fbt 2011\",\"datePublished\":\"2011-04-23T08:09:44+00:00\",\"dateModified\":\"2025-09-02T09:24:10+00:00\",\"mainEntityOfPage\":{\"@id\":\"https:\/\/centcols.org\/sejour-2011-camprieu\/\"},\"wordCount\":1390,\"publisher\":{\"@id\":\"https:\/\/centcols.org\/#organization\"},\"image\":{\"@id\":\"https:\/\/centcols.org\/sejour-2011-camprieu\/#primaryimage\"},\"thumbnailUrl\":\"https:\/\/centcols.org\/wp-content\/uploads\/2015\/04\/genets1.jpg\",\"articleSection\":[\"France\",\"Occitanie\",\"Calendrier\",\"Massif Central\",\"30-Gard\",\"S\u00e9jours du Club des Cent Cols\"],\"inLanguage\":\"en-GB\"},{\"@type\":\"WebPage\",\"@id\":\"https:\/\/centcols.org\/sejour-2011-camprieu\/\",\"url\":\"https:\/\/centcols.org\/sejour-2011-camprieu\/\",\"name\":\"S\u00e9jour estival \u00e0 Saint-Sauveur-Camprieu (Gard) du 16 au 20 ao\u00fbt 2011 - Club des Cent Cols\",\"isPartOf\":{\"@id\":\"https:\/\/centcols.org\/#website\"},\"primaryImageOfPage\":{\"@id\":\"https:\/\/centcols.org\/sejour-2011-camprieu\/#primaryimage\"},\"image\":{\"@id\":\"https:\/\/centcols.org\/sejour-2011-camprieu\/#primaryimage\"},\"thumbnailUrl\":\"https:\/\/centcols.org\/wp-content\/uploads\/2015\/04\/genets1.jpg\",\"datePublished\":\"2011-04-23T08:09:44+00:00\",\"dateModified\":\"2025-09-02T09:24:10+00:00\",\"breadcrumb\":{\"@id\":\"https:\/\/centcols.org\/sejour-2011-camprieu\/#breadcrumb\"},\"inLanguage\":\"en-GB\",\"potentialAction\":[{\"@type\":\"ReadAction\",\"target\":[\"https:\/\/centcols.org\/sejour-2011-camprieu\/\"]}]},{\"@type\":\"ImageObject\",\"inLanguage\":\"en-GB\",\"@id\":\"https:\/\/centcols.org\/sejour-2011-camprieu\/#primaryimage\",\"url\":\"https:\/\/centcols.org\/wp-content\/uploads\/2015\/04\/genets1.jpg\",\"contentUrl\":\"https:\/\/centcols.org\/wp-content\/uploads\/2015\/04\/genets1.jpg\",\"width\":200,\"height\":150},{\"@type\":\"BreadcrumbList\",\"@id\":\"https:\/\/centcols.org\/sejour-2011-camprieu\/#breadcrumb\",\"itemListElement\":[{\"@type\":\"ListItem\",\"position\":1,\"name\":\"Accueil\",\"item\":\"https:\/\/centcols.org\/\"},{\"@type\":\"ListItem\",\"position\":2,\"name\":\"S\u00e9jours du Club des Cent Cols\",\"item\":\"https:\/\/centcols.org\/rubrique\/sejours\/\"},{\"@type\":\"ListItem\",\"position\":3,\"name\":\"Pays\",\"item\":\"https:\/\/centcols.org\/rubrique\/sejours\/pays-sejours\/\"},{\"@type\":\"ListItem\",\"position\":4,\"name\":\"France\",\"item\":\"https:\/\/centcols.org\/rubrique\/sejours\/pays-sejours\/france-pays-sejours\/\"},{\"@type\":\"ListItem\",\"position\":5,\"name\":\"S\u00e9jour estival \u00e0 Saint-Sauveur-Camprieu (Gard) du 16 au 20 ao\u00fbt 2011\"}]},{\"@type\":\"WebSite\",\"@id\":\"https:\/\/centcols.org\/#website\",\"url\":\"https:\/\/centcols.org\/\",\"name\":\"Club des Cent Cols\",\"description\":\"\",\"publisher\":{\"@id\":\"https:\/\/centcols.org\/#organization\"},\"potentialAction\":[{\"@type\":\"SearchAction\",\"target\":{\"@type\":\"EntryPoint\",\"urlTemplate\":\"https:\/\/centcols.org\/?s={search_term_string}\"},\"query-input\":{\"@type\":\"PropertyValueSpecification\",\"valueRequired\":true,\"valueName\":\"search_term_string\"}}],\"inLanguage\":\"en-GB\"},{\"@type\":\"Organization\",\"@id\":\"https:\/\/centcols.org\/#organization\",\"name\":\"Club des Cent Cols\",\"url\":\"https:\/\/centcols.org\/\",\"logo\":{\"@type\":\"ImageObject\",\"inLanguage\":\"en-GB\",\"@id\":\"https:\/\/centcols.org\/#\/schema\/logo\/image\/\",\"url\":\"https:\/\/centcols.org\/wp-content\/uploads\/2025\/01\/carte-icone.png\",\"contentUrl\":\"https:\/\/centcols.org\/wp-content\/uploads\/2025\/01\/carte-icone.png\",\"width\":250,\"height\":250,\"caption\":\"Club des Cent Cols\"},\"image\":{\"@id\":\"https:\/\/centcols.org\/#\/schema\/logo\/image\/\"},\"sameAs\":[\"https:\/\/www.facebook.com\/groups\/5261880558\/?locale=fr_FR\"]},{\"@type\":\"Person\",\"@id\":\"https:\/\/centcols.org\/#\/schema\/person\/911b404fb133d8c913dd27cdcf71c8e5\",\"name\":\"Webmestre\",\"image\":{\"@type\":\"ImageObject\",\"inLanguage\":\"en-GB\",\"@id\":\"https:\/\/centcols.org\/wp-content\/litespeed\/avatar\/2d246e4b6b4f773e08515e1ffc53690b.jpg?ver=1777222892\",\"url\":\"https:\/\/centcols.org\/wp-content\/litespeed\/avatar\/2d246e4b6b4f773e08515e1ffc53690b.jpg?ver=1777222892\",\"contentUrl\":\"https:\/\/centcols.org\/wp-content\/litespeed\/avatar\/2d246e4b6b4f773e08515e1ffc53690b.jpg?ver=1777222892\",\"caption\":\"Webmestre\"},\"url\":\"https:\/\/centcols.org\/en\/author\/webmestre\/\"}]}<\/script>\n<!-- \/ Yoast SEO plugin. -->","yoast_head_json":{"title":"Summer holiday in Saint-Sauveur-Camprieu (Gard) from 16 to 20 August 2011 - Club des Cent Cols","robots":{"index":"index","follow":"follow","max-snippet":"max-snippet:-1","max-image-preview":"max-image-preview:large","max-video-preview":"max-video-preview:-1"},"canonical":"https:\/\/centcols.org\/en\/stay-2011-camprieu\/","og_locale":"en_GB","og_type":"article","og_title":"S\u00e9jour estival \u00e0 Saint-Sauveur-Camprieu (Gard) du 16 au 20 ao\u00fbt 2011 - Club des Cent Cols","og_description":"Pr\u00e9sentation Situ\u00e9 \u00e0 l\u2019extr\u00eame Ouest des C\u00e9vennes, le massif de l\u2019Aigoual sera notre \u00ab terrain de jeu \u00bb pour ce s\u00e9jour estival 2011. Le Mont Aigoual (1567m) est connu pour ses \u00ab caprices \u00bb m\u00e9t\u00e9orologiques, les expositions de M\u00e9t\u00e9o-France propos\u00e9es dans l\u2019observatoire sommital sauront vous apporter les connaissances n\u00e9cessaires pour bien comprendre ce climat si [&hellip;]","og_url":"https:\/\/centcols.org\/en\/stay-2011-camprieu\/","og_site_name":"Club des Cent Cols","article_publisher":"https:\/\/www.facebook.com\/groups\/5261880558\/?locale=fr_FR","article_published_time":"2011-04-23T08:09:44+00:00","article_modified_time":"2025-09-02T09:24:10+00:00","og_image":[{"width":200,"height":150,"url":"https:\/\/centcols.org\/wp-content\/uploads\/2015\/04\/genets1.jpg","type":"image\/jpeg"}],"author":"Webmestre","twitter_card":"summary_large_image","twitter_misc":{"Written by":"Webmestre","Estimated reading time":"11 minutes"},"schema":{"@context":"https:\/\/schema.org","@graph":[{"@type":"Article","@id":"https:\/\/centcols.org\/sejour-2011-camprieu\/#article","isPartOf":{"@id":"https:\/\/centcols.org\/sejour-2011-camprieu\/"},"author":{"name":"Webmestre","@id":"https:\/\/centcols.org\/#\/schema\/person\/911b404fb133d8c913dd27cdcf71c8e5"},"headline":"S\u00e9jour estival \u00e0 Saint-Sauveur-Camprieu (Gard) du 16 au 20 ao\u00fbt 2011","datePublished":"2011-04-23T08:09:44+00:00","dateModified":"2025-09-02T09:24:10+00:00","mainEntityOfPage":{"@id":"https:\/\/centcols.org\/sejour-2011-camprieu\/"},"wordCount":1390,"publisher":{"@id":"https:\/\/centcols.org\/#organization"},"image":{"@id":"https:\/\/centcols.org\/sejour-2011-camprieu\/#primaryimage"},"thumbnailUrl":"https:\/\/centcols.org\/wp-content\/uploads\/2015\/04\/genets1.jpg","articleSection":["France","Occitanie","Calendrier","Massif Central","30-Gard","S\u00e9jours du Club des Cent Cols"],"inLanguage":"en-GB"},{"@type":"WebPage","@id":"https:\/\/centcols.org\/sejour-2011-camprieu\/","url":"https:\/\/centcols.org\/sejour-2011-camprieu\/","name":"Summer holiday in Saint-Sauveur-Camprieu (Gard) from 16 to 20 August 2011 - Club des Cent Cols","isPartOf":{"@id":"https:\/\/centcols.org\/#website"},"primaryImageOfPage":{"@id":"https:\/\/centcols.org\/sejour-2011-camprieu\/#primaryimage"},"image":{"@id":"https:\/\/centcols.org\/sejour-2011-camprieu\/#primaryimage"},"thumbnailUrl":"https:\/\/centcols.org\/wp-content\/uploads\/2015\/04\/genets1.jpg","datePublished":"2011-04-23T08:09:44+00:00","dateModified":"2025-09-02T09:24:10+00:00","breadcrumb":{"@id":"https:\/\/centcols.org\/sejour-2011-camprieu\/#breadcrumb"},"inLanguage":"en-GB","potentialAction":[{"@type":"ReadAction","target":["https:\/\/centcols.org\/sejour-2011-camprieu\/"]}]},{"@type":"ImageObject","inLanguage":"en-GB","@id":"https:\/\/centcols.org\/sejour-2011-camprieu\/#primaryimage","url":"https:\/\/centcols.org\/wp-content\/uploads\/2015\/04\/genets1.jpg","contentUrl":"https:\/\/centcols.org\/wp-content\/uploads\/2015\/04\/genets1.jpg","width":200,"height":150},{"@type":"BreadcrumbList","@id":"https:\/\/centcols.org\/sejour-2011-camprieu\/#breadcrumb","itemListElement":[{"@type":"ListItem","position":1,"name":"Accueil","item":"https:\/\/centcols.org\/"},{"@type":"ListItem","position":2,"name":"S\u00e9jours du Club des Cent Cols","item":"https:\/\/centcols.org\/rubrique\/sejours\/"},{"@type":"ListItem","position":3,"name":"Pays","item":"https:\/\/centcols.org\/rubrique\/sejours\/pays-sejours\/"},{"@type":"ListItem","position":4,"name":"France","item":"https:\/\/centcols.org\/rubrique\/sejours\/pays-sejours\/france-pays-sejours\/"},{"@type":"ListItem","position":5,"name":"S\u00e9jour estival \u00e0 Saint-Sauveur-Camprieu (Gard) du 16 au 20 ao\u00fbt 2011"}]},{"@type":"WebSite","@id":"https:\/\/centcols.org\/#website","url":"https:\/\/centcols.org\/","name":"Club des Cent Cols","description":"","publisher":{"@id":"https:\/\/centcols.org\/#organization"},"potentialAction":[{"@type":"SearchAction","target":{"@type":"EntryPoint","urlTemplate":"https:\/\/centcols.org\/?s={search_term_string}"},"query-input":{"@type":"PropertyValueSpecification","valueRequired":true,"valueName":"search_term_string"}}],"inLanguage":"en-GB"},{"@type":"Organization","@id":"https:\/\/centcols.org\/#organization","name":"Club des Cent Cols","url":"https:\/\/centcols.org\/","logo":{"@type":"ImageObject","inLanguage":"en-GB","@id":"https:\/\/centcols.org\/#\/schema\/logo\/image\/","url":"https:\/\/centcols.org\/wp-content\/uploads\/2025\/01\/carte-icone.png","contentUrl":"https:\/\/centcols.org\/wp-content\/uploads\/2025\/01\/carte-icone.png","width":250,"height":250,"caption":"Club des Cent Cols"},"image":{"@id":"https:\/\/centcols.org\/#\/schema\/logo\/image\/"},"sameAs":["https:\/\/www.facebook.com\/groups\/5261880558\/?locale=fr_FR"]},{"@type":"Person","@id":"https:\/\/centcols.org\/#\/schema\/person\/911b404fb133d8c913dd27cdcf71c8e5","name":"Webmaster","image":{"@type":"ImageObject","inLanguage":"en-GB","@id":"https:\/\/centcols.org\/wp-content\/litespeed\/avatar\/2d246e4b6b4f773e08515e1ffc53690b.jpg?ver=1777222892","url":"https:\/\/centcols.org\/wp-content\/litespeed\/avatar\/2d246e4b6b4f773e08515e1ffc53690b.jpg?ver=1777222892","contentUrl":"https:\/\/centcols.org\/wp-content\/litespeed\/avatar\/2d246e4b6b4f773e08515e1ffc53690b.jpg?ver=1777222892","caption":"Webmestre"},"url":"https:\/\/centcols.org\/en\/author\/webmestre\/"}]}},"_links":{"self":[{"href":"https:\/\/centcols.org\/en\/wp-json\/wp\/v2\/posts\/81590","targetHints":{"allow":["GET"]}}],"collection":[{"href":"https:\/\/centcols.org\/en\/wp-json\/wp\/v2\/posts"}],"about":[{"href":"https:\/\/centcols.org\/en\/wp-json\/wp\/v2\/types\/post"}],"author":[{"embeddable":true,"href":"https:\/\/centcols.org\/en\/wp-json\/wp\/v2\/users\/3"}],"replies":[{"embeddable":true,"href":"https:\/\/centcols.org\/en\/wp-json\/wp\/v2\/comments?post=81590"}],"version-history":[{"count":0,"href":"https:\/\/centcols.org\/en\/wp-json\/wp\/v2\/posts\/81590\/revisions"}],"wp:featuredmedia":[{"embeddable":true,"href":"https:\/\/centcols.org\/en\/wp-json\/wp\/v2\/media\/82978"}],"wp:attachment":[{"href":"https:\/\/centcols.org\/en\/wp-json\/wp\/v2\/media?parent=81590"}],"wp:term":[{"taxonomy":"category","embeddable":true,"href":"https:\/\/centcols.org\/en\/wp-json\/wp\/v2\/categories?post=81590"},{"taxonomy":"post_tag","embeddable":true,"href":"https:\/\/centcols.org\/en\/wp-json\/wp\/v2\/tags?post=81590"}],"curies":[{"name":"wp","href":"https:\/\/api.w.org\/{rel}","templated":true}]}}