{"id":81608,"date":"2011-01-23T10:08:27","date_gmt":"2011-01-23T08:08:27","guid":{"rendered":"https:\/\/centcols.org\/sejour-de-printemps-en-catalogne-espagnole-a-ripoll-gi-du-9-au-16-avril-2011\/"},"modified":"2025-09-15T13:01:28","modified_gmt":"2025-09-15T11:01:28","slug":"stay-2011-ripoll","status":"publish","type":"post","link":"https:\/\/centcols.org\/en\/sejour-2011-ripoll\/","title":{"rendered":"Spring break in Spanish Catalonia at Ripoll (GI) from 9 to 16 April 2011"},"content":{"rendered":"<h2 class=\"wp-block-heading\">Presentation<\/h2>\n\n\n\n<p><strong>For the first time, a Club des Cent Cols holiday will be taking place outside France. Our spring 2011 trip will take place in Ripoll (65 km south of Bourg-Madame and 80 km west of the Costa Brava), in the Catalan province of Girona.<\/strong><\/p>\n\n\n\n<p>The Ripoll\u00e8s is a comarca (one of Catalonia's 41 administrative subdivisions) surrounded by mountains (the Pyrenees to the north and numerous Serra mountains all around), criss-crossed by valleys (Vall de Ribes, Camprodon and Baix Ripoll\u00e8s), where el Freser and el Ter flow from north to south: mountains, rivers, valleys and villages, many of them medieval in origin, will help you appreciate its beauty.<\/p>\n\n\n\n<p>It's a region with an extensive network of roads, tracks, paths and trails, dotted with mountain passes, making it ideal for our sport.<\/p>\n\n\n\n<p>It's also one of the regions with the most Romanesque buildings in Europe: 98 monuments spread across the 19 villages of the comarca: monasteries, hermitages, churches and medieval bridges that you're sure to want to visit on your cycling or mountain-biking outings.<\/p>\n\n\n\n<p>The Benedictine monastery of Santa Maria de Ripoll, founded by Guifred the Velu in 880, became one of the most important monastic centres in Catalonia until the 15th century. This monument of great historical and cultural interest is one of the finest examples of Catalan Romanesque art.<\/p>\n\n\n\n<p>Alain GILLODES ( CC n\u00b0 722) and Chantal SALA (CC n\u00b0 3674)<\/p>\n\n\n\n<figure class=\"wp-block-gallery has-nested-images columns-3 is-cropped wp-block-gallery-1 is-layout-flex wp-block-gallery-is-layout-flex\">\n<figure class=\"wp-block-image size-full\"><img loading=\"lazy\" decoding=\"async\" width=\"200\" height=\"150\" data-id=\"89083\" src=\"https:\/\/centcols.org\/wp-content\/uploads\/2011\/01\/santJaume.jpg\" alt=\"\" class=\"wp-image-89083\" srcset=\"https:\/\/centcols.org\/wp-content\/uploads\/2011\/01\/santJaume.jpg 200w, https:\/\/centcols.org\/wp-content\/uploads\/2011\/01\/santJaume-16x12.jpg 16w\" sizes=\"auto, (max-width: 200px) 100vw, 200px\" \/><\/figure>\n\n\n\n<figure class=\"wp-block-image size-full\"><img loading=\"lazy\" decoding=\"async\" width=\"418\" height=\"386\" data-id=\"89084\" src=\"https:\/\/centcols.org\/wp-content\/uploads\/2011\/01\/ripolles.jpg\" alt=\"\" class=\"wp-image-89084\" srcset=\"https:\/\/centcols.org\/wp-content\/uploads\/2011\/01\/ripolles.jpg 418w, https:\/\/centcols.org\/wp-content\/uploads\/2011\/01\/ripolles-13x12.jpg 13w\" sizes=\"auto, (max-width: 418px) 100vw, 418px\" \/><\/figure>\n\n\n\n<figure class=\"wp-block-image size-full\"><img loading=\"lazy\" decoding=\"async\" width=\"200\" height=\"150\" data-id=\"89085\" src=\"https:\/\/centcols.org\/wp-content\/uploads\/2011\/01\/rupit.jpg\" alt=\"\" class=\"wp-image-89085\" srcset=\"https:\/\/centcols.org\/wp-content\/uploads\/2011\/01\/rupit.jpg 200w, https:\/\/centcols.org\/wp-content\/uploads\/2011\/01\/rupit-16x12.jpg 16w\" sizes=\"auto, (max-width: 200px) 100vw, 200px\" \/><\/figure>\n<\/figure>\n\n\n\n<h2 class=\"wp-block-heading\">Important practical information<\/h2>\n\n\n\n<h3 class=\"wp-block-heading\">Practical organisation<\/h3>\n\n\n\n<p>The two hotels where we will be staying are 3km apart.<br>On arrival at Ripoll, each of you (including campers) will receive a card containing all the information about the accommodation you have chosen and the services you have paid for. Please keep this card with you, especially when you go to the restaurant. This card will be given to you at the hotel where you will be staying, either between 4pm and 5.45pm on Saturday 9 April at the reception desk we will be holding, or, outside this time, at the reception desk of your hotel. All participants will then meet at 6pm at the La SOLANA del TER hotel for a welcome drink.<br>Each hotel will provide us with a bicycle room.<\/p>\n\n\n\n<h3 class=\"wp-block-heading\">Mealtimes<\/h3>\n\n\n\n<ul class=\"wp-block-list\">\n<li>Breakfast (and picnic) at 7.30am<\/li>\n\n\n\n<li>Dinner at 8pm<\/li>\n<\/ul>\n\n\n\n<h3 class=\"wp-block-heading\">Departure<\/h3>\n\n\n\n<p>9.00 am at the actual departure point, after approaching by car if necessary.<\/p>\n\n\n\n<p>The detailed programme indicates the actual departure point for each route and the location of the car park chosen for your parking; the interactive map of each route will also allow you to view its departure point very precisely (see opposite); it also indicates the distance from Ripoll, generally less than or equal to 35km, and the remarkable sites. These are detailed in the cultural and tourist notes.<\/p>\n\n\n\n<h3 class=\"wp-block-heading\">Events programme<\/h3>\n\n\n\n<ul class=\"wp-block-list\">\n<li>Saturday 9th April 2011\n<ul class=\"wp-block-list\">\n<li>From 4 p.m. Participants are welcomed at each hotel and given individual passes for their stay.<\/li>\n\n\n\n<li>6pm At La SOLANA DEL TER, presentation of the tour and programme by the Chairman, R\u00e9gis Paraz; welcome drink in the presence of the Mayor of Ripoll, Madame Jorda y Roura.<\/li>\n<\/ul>\n<\/li>\n\n\n\n<li>Monday 11th April 2011\n<ul class=\"wp-block-list\">\n<li>6pm Short talk on the history of Catalonia, given by Mich\u00e8le, a teacher from Ripoll.<\/li>\n<\/ul>\n<\/li>\n\n\n\n<li>Wednesday 13th April 2011\n<ul class=\"wp-block-list\">\n<li>6.30pm Lecture by Dr Bernard Corbet on cardiovascular diseases and the risks associated with practising our sport (CC N\u00b0 5364)<\/li>\n<\/ul>\n<\/li>\n\n\n\n<li>Friday 15 April 2011\n<ul class=\"wp-block-list\">\n<li>At 6pm, a short concert of Catalan music offered by Madame Jorda y Roura, Mayor of Ripoll.<\/li>\n\n\n\n<li>7pm Closing aperitif at the LA TROBADA hotel<\/li>\n<\/ul>\n<\/li>\n<\/ul>\n\n\n\n<p>The Boutique will be available on two evenings (the days and location will be determined on site) from 6 to 8 p.m.<\/p>\n\n\n\n<h3 class=\"wp-block-heading\">Notice boards<\/h3>\n\n\n\n<p>Each hotel has a notice board with all the information you need - don't forget to consult it.<\/p>\n\n\n\n<h2 class=\"wp-block-heading\">Tours<\/h2>\n\n\n\n<p><a href=\"\/en\/membres\/cctours\/tours.php\/?lieu=Ripoll&amp;an=2011&amp;genre=R\">Seven road circuits<\/a> and <a href=\"\/en\/membres\/cctours\/tours.php\/?lieu=Ripoll&amp;an=2011&amp;genre=V\">seven mountain bike trails<\/a> are on offer. Four of the road routes start from Ripoll, and three require you to travel between 12 and 37 km by car. Two of the mountain bike routes start from Ripoll, with the others being staggered by between 12 and 26 km.<\/p>\n\n\n\n<p>In April, the weather is normally mild in this region, which lies on the Mediterranean side of the continental divide and south of the Pyrenees. Bear in mind, however, that Ripoll is in a valley at an altitude of 700 metres and that all the tours will be at a higher altitude, with one of the road tours going up to 2104 metres. So be sure to bring appropriate clothing.<\/p>\n\n\n\n<figure class=\"wp-block-gallery has-nested-images columns-2 is-cropped wp-block-gallery-2 is-layout-flex wp-block-gallery-is-layout-flex\">\n<figure class=\"wp-block-image size-full\"><img loading=\"lazy\" decoding=\"async\" width=\"200\" height=\"150\" data-id=\"90349\" src=\"https:\/\/centcols.org\/wp-content\/uploads\/2011\/01\/vidra.jpg\" alt=\"\" class=\"wp-image-90349\" srcset=\"https:\/\/centcols.org\/wp-content\/uploads\/2011\/01\/vidra.jpg 200w, https:\/\/centcols.org\/wp-content\/uploads\/2011\/01\/vidra-16x12.jpg 16w\" sizes=\"auto, (max-width: 200px) 100vw, 200px\" \/><\/figure>\n\n\n\n<figure class=\"wp-block-image size-full\"><img loading=\"lazy\" decoding=\"async\" width=\"200\" height=\"150\" data-id=\"90350\" src=\"https:\/\/centcols.org\/wp-content\/uploads\/2011\/01\/pal.jpg\" alt=\"\" class=\"wp-image-90350\" srcset=\"https:\/\/centcols.org\/wp-content\/uploads\/2011\/01\/pal.jpg 200w, https:\/\/centcols.org\/wp-content\/uploads\/2011\/01\/pal-16x12.jpg 16w\" sizes=\"auto, (max-width: 200px) 100vw, 200px\" \/><\/figure>\n<\/figure>\n\n\n\n<h6 class=\"wp-block-heading\">The road circuits were designed by Alain Gillodes and Chantal Sala, and mapped out by Mario Labelle.<br>Download a <a href=\"https:\/\/centcols.org\/wp-content\/uploads\/2025\/09\/routiers_papier.jpg\" target=\"_blank\" rel=\"noreferrer noopener\">synoptic map<\/a> Printable version of all the road circuits (1.9 MB) - thanks to G\u00e9rard Birelli.<\/h6>\n\n\n\n<h6 class=\"wp-block-heading\">The mountain bike trails were designed by Alain Gillodes and Chantal Sala, and mapped out by G\u00e9rard Birelli.<\/h6>\n\n\n\n<figure class=\"wp-block-gallery has-nested-images columns-8 is-cropped wp-block-gallery-3 is-layout-flex wp-block-gallery-is-layout-flex\">\n<figure class=\"wp-block-image size-full\"><a href=\"https:\/\/centcols.org\/wp-content\/uploads\/2011\/01\/trobada.jpg\"><img loading=\"lazy\" decoding=\"async\" width=\"200\" height=\"150\" data-id=\"89087\" src=\"https:\/\/centcols.org\/wp-content\/uploads\/2011\/01\/trobada.jpg\" alt=\"\" class=\"wp-image-89087\" srcset=\"https:\/\/centcols.org\/wp-content\/uploads\/2011\/01\/trobada.jpg 200w, https:\/\/centcols.org\/wp-content\/uploads\/2011\/01\/trobada-16x12.jpg 16w\" sizes=\"auto, (max-width: 200px) 100vw, 200px\" \/><\/a><\/figure>\n\n\n\n<figure class=\"wp-block-image size-full\"><a href=\"https:\/\/centcols.org\/wp-content\/uploads\/2011\/01\/elRipolles.png\"><img loading=\"lazy\" decoding=\"async\" width=\"200\" height=\"62\" data-id=\"89088\" src=\"https:\/\/centcols.org\/wp-content\/uploads\/2011\/01\/elRipolles.png\" alt=\"\" class=\"wp-image-89088\" srcset=\"https:\/\/centcols.org\/wp-content\/uploads\/2011\/01\/elRipolles.png 200w, https:\/\/centcols.org\/wp-content\/uploads\/2011\/01\/elRipolles-18x6.png 18w\" sizes=\"auto, (max-width: 200px) 100vw, 200px\" \/><\/a><\/figure>\n\n\n\n<figure class=\"wp-block-image size-full\"><a href=\"https:\/\/centcols.org\/wp-content\/uploads\/2011\/01\/espanya.png\"><img loading=\"lazy\" decoding=\"async\" width=\"200\" height=\"133\" data-id=\"89090\" src=\"https:\/\/centcols.org\/wp-content\/uploads\/2011\/01\/espanya.png\" alt=\"\" class=\"wp-image-89090\" srcset=\"https:\/\/centcols.org\/wp-content\/uploads\/2011\/01\/espanya.png 200w, https:\/\/centcols.org\/wp-content\/uploads\/2011\/01\/espanya-18x12.png 18w\" sizes=\"auto, (max-width: 200px) 100vw, 200px\" \/><\/a><\/figure>\n\n\n\n<figure class=\"wp-block-image size-full\"><a href=\"https:\/\/centcols.org\/wp-content\/uploads\/2011\/01\/girona.png\"><img loading=\"lazy\" decoding=\"async\" width=\"200\" height=\"133\" data-id=\"89091\" src=\"https:\/\/centcols.org\/wp-content\/uploads\/2011\/01\/girona.png\" alt=\"\" class=\"wp-image-89091\" srcset=\"https:\/\/centcols.org\/wp-content\/uploads\/2011\/01\/girona.png 200w, https:\/\/centcols.org\/wp-content\/uploads\/2011\/01\/girona-18x12.png 18w\" sizes=\"auto, (max-width: 200px) 100vw, 200px\" \/><\/a><\/figure>\n\n\n\n<figure class=\"wp-block-image size-full\"><a href=\"https:\/\/centcols.org\/wp-content\/uploads\/2011\/01\/ripoll.png\"><img loading=\"lazy\" decoding=\"async\" width=\"200\" height=\"133\" data-id=\"89092\" src=\"https:\/\/centcols.org\/wp-content\/uploads\/2011\/01\/ripoll.png\" alt=\"\" class=\"wp-image-89092\" srcset=\"https:\/\/centcols.org\/wp-content\/uploads\/2011\/01\/ripoll.png 200w, https:\/\/centcols.org\/wp-content\/uploads\/2011\/01\/ripoll-18x12.png 18w\" sizes=\"auto, (max-width: 200px) 100vw, 200px\" \/><\/a><\/figure>\n\n\n\n<figure class=\"wp-block-image size-full\"><a href=\"https:\/\/centcols.org\/wp-content\/uploads\/2011\/01\/senyera.png\"><img loading=\"lazy\" decoding=\"async\" width=\"200\" height=\"135\" data-id=\"89093\" src=\"https:\/\/centcols.org\/wp-content\/uploads\/2011\/01\/senyera.png\" alt=\"\" class=\"wp-image-89093\" srcset=\"https:\/\/centcols.org\/wp-content\/uploads\/2011\/01\/senyera.png 200w, https:\/\/centcols.org\/wp-content\/uploads\/2011\/01\/senyera-18x12.png 18w\" sizes=\"auto, (max-width: 200px) 100vw, 200px\" \/><\/a><\/figure>\n\n\n\n<figure class=\"wp-block-image size-full\"><a href=\"https:\/\/centcols.org\/wp-content\/uploads\/2011\/01\/solana.jpg\"><img loading=\"lazy\" decoding=\"async\" width=\"200\" height=\"150\" data-id=\"89094\" src=\"https:\/\/centcols.org\/wp-content\/uploads\/2011\/01\/solana.jpg\" alt=\"\" class=\"wp-image-89094\" srcset=\"https:\/\/centcols.org\/wp-content\/uploads\/2011\/01\/solana.jpg 200w, https:\/\/centcols.org\/wp-content\/uploads\/2011\/01\/solana-16x12.jpg 16w\" sizes=\"auto, (max-width: 200px) 100vw, 200px\" \/><\/a><\/figure>\n<\/figure>\n\n\n\n<h2 class=\"wp-block-heading\">Accommodation<\/h2>\n\n\n\n<p>Participants will be accommodated in two hotels in Ripoll, a small town of 11,000 inhabitants that does not have a single establishment capable of holding our large number of cyclists. The two establishments offer similar facilities, and one of the two hotels has been assigned to you once you have registered for the trip. The two hotels are La Solana del Ter (pin S on the map below) and La Trobada (pin T).<\/p>\n\n\n\n<p>The full-board package indicated on the registration form covers accommodation for 7 nights, from 09\/04 to 15\/04 inclusive, and all meals from dinner on Saturday evening 09\/04 to breakfast on Saturday morning 16\/04, inclusive.<\/p>\n\n\n\n<h2 class=\"wp-block-heading\">Cultural and tourist information<\/h2>\n\n\n\n<p>This document contains <a href=\"https:\/\/centcols.org\/wp-content\/uploads\/2025\/09\/sites.pdf\">PDF<\/a> a few cultural and tourist notes on some of the sites in the Ripoll\u00e8s and Garrotxa comarques that you will pass through on your tour, or that are nearby and well worth a visit.<\/p>\n\n\n\n<h2 class=\"wp-block-heading\">Photo albums<\/h2>\n\n\n\n<figure class=\"wp-block-gallery has-nested-images columns-default is-cropped wp-block-gallery-4 is-layout-flex wp-block-gallery-is-layout-flex\">\n<figure class=\"wp-block-image size-full\"><a href=\"https:\/\/centcols.org\/en\/util\/visuAlbum.php\/?album=00722-003\" target=\"_blank\" rel=\"noreferrer noopener\"><img loading=\"lazy\" decoding=\"async\" width=\"800\" height=\"600\" data-id=\"89099\" src=\"https:\/\/centcols.org\/wp-content\/uploads\/2011\/01\/ripoll-gillodes.jpg\" alt=\"\" class=\"wp-image-89099\" srcset=\"https:\/\/centcols.org\/wp-content\/uploads\/2011\/01\/ripoll-gillodes.jpg 800w, https:\/\/centcols.org\/wp-content\/uploads\/2011\/01\/ripoll-gillodes-768x576.jpg 768w, https:\/\/centcols.org\/wp-content\/uploads\/2011\/01\/ripoll-gillodes-16x12.jpg 16w\" sizes=\"auto, (max-width: 800px) 100vw, 800px\" \/><\/a><figcaption class=\"wp-element-caption\">Album by Alain Gillodes<\/figcaption><\/figure>\n\n\n\n<figure class=\"wp-block-image size-full\"><a href=\"https:\/\/centcols.org\/en\/util\/visuAlbum.php\/?album=06028-001\" target=\"_blank\" rel=\"noreferrer noopener\"><img loading=\"lazy\" decoding=\"async\" width=\"800\" height=\"450\" data-id=\"89101\" src=\"https:\/\/centcols.org\/wp-content\/uploads\/2011\/01\/ripoll-L01315.jpg\" alt=\"\" class=\"wp-image-89101\" srcset=\"https:\/\/centcols.org\/wp-content\/uploads\/2011\/01\/ripoll-L01315.jpg 800w, https:\/\/centcols.org\/wp-content\/uploads\/2011\/01\/ripoll-L01315-768x432.jpg 768w, https:\/\/centcols.org\/wp-content\/uploads\/2011\/01\/ripoll-L01315-18x10.jpg 18w\" sizes=\"auto, (max-width: 800px) 100vw, 800px\" \/><\/a><figcaption class=\"wp-element-caption\">she looks down on us!<\/figcaption><\/figure>\n\n\n\n<figure class=\"wp-block-image size-full\"><a href=\"https:\/\/centcols.org\/en\/util\/visuAlbum.php\/?album=02880-001\" target=\"_blank\" rel=\"noreferrer noopener\"><img loading=\"lazy\" decoding=\"async\" width=\"800\" height=\"600\" data-id=\"89102\" src=\"https:\/\/centcols.org\/wp-content\/uploads\/2011\/01\/ripoll-garcin.jpg\" alt=\"\" class=\"wp-image-89102\" srcset=\"https:\/\/centcols.org\/wp-content\/uploads\/2011\/01\/ripoll-garcin.jpg 800w, https:\/\/centcols.org\/wp-content\/uploads\/2011\/01\/ripoll-garcin-768x576.jpg 768w, https:\/\/centcols.org\/wp-content\/uploads\/2011\/01\/ripoll-garcin-16x12.jpg 16w\" sizes=\"auto, (max-width: 800px) 100vw, 800px\" \/><\/a><figcaption class=\"wp-element-caption\">Villers St Paul on the ridge<\/figcaption><\/figure>\n\n\n\n<figure class=\"wp-block-image size-full\"><a href=\"https:\/\/centcols.org\/en\/util\/visuAlbum.php\/?album=06642-001\" target=\"_blank\" rel=\"noreferrer noopener\"><img loading=\"lazy\" decoding=\"async\" width=\"800\" height=\"600\" data-id=\"89103\" src=\"https:\/\/centcols.org\/wp-content\/uploads\/2011\/01\/ripoll-derudder.jpg\" alt=\"\" class=\"wp-image-89103\" srcset=\"https:\/\/centcols.org\/wp-content\/uploads\/2011\/01\/ripoll-derudder.jpg 800w, https:\/\/centcols.org\/wp-content\/uploads\/2011\/01\/ripoll-derudder-768x576.jpg 768w, https:\/\/centcols.org\/wp-content\/uploads\/2011\/01\/ripoll-derudder-16x12.jpg 16w\" sizes=\"auto, (max-width: 800px) 100vw, 800px\" \/><\/a><figcaption class=\"wp-element-caption\">Album by Joelle De Rudder-Bonnel<\/figcaption><\/figure>\n\n\n\n<figure class=\"wp-block-image size-full\"><a href=\"https:\/\/centcols.org\/en\/util\/visuAlbum.php\/?album=03237-001\" target=\"_blank\" rel=\"noreferrer noopener\"><img loading=\"lazy\" decoding=\"async\" width=\"800\" height=\"600\" data-id=\"89104\" src=\"https:\/\/centcols.org\/wp-content\/uploads\/2011\/01\/ripoll-L00815.jpg\" alt=\"\" class=\"wp-image-89104\" srcset=\"https:\/\/centcols.org\/wp-content\/uploads\/2011\/01\/ripoll-L00815.jpg 800w, https:\/\/centcols.org\/wp-content\/uploads\/2011\/01\/ripoll-L00815-768x576.jpg 768w, https:\/\/centcols.org\/wp-content\/uploads\/2011\/01\/ripoll-L00815-16x12.jpg 16w\" sizes=\"auto, (max-width: 800px) 100vw, 800px\" \/><\/a><figcaption class=\"wp-element-caption\">Album by Jean-Claude Prast<\/figcaption><\/figure>\n\n\n\n<figure class=\"wp-block-image size-full\"><a href=\"https:\/\/centcols.org\/en\/util\/visuAlbum.php\/?album=00550-008\" target=\"_blank\" rel=\"noreferrer noopener\"><img loading=\"lazy\" decoding=\"async\" width=\"800\" height=\"600\" data-id=\"89105\" src=\"https:\/\/centcols.org\/wp-content\/uploads\/2011\/01\/ripoll-besson.jpg\" alt=\"\" class=\"wp-image-89105\" srcset=\"https:\/\/centcols.org\/wp-content\/uploads\/2011\/01\/ripoll-besson.jpg 800w, https:\/\/centcols.org\/wp-content\/uploads\/2011\/01\/ripoll-besson-768x576.jpg 768w, https:\/\/centcols.org\/wp-content\/uploads\/2011\/01\/ripoll-besson-16x12.jpg 16w\" sizes=\"auto, (max-width: 800px) 100vw, 800px\" \/><\/a><figcaption class=\"wp-element-caption\">Bernard Besson album<\/figcaption><\/figure>\n\n\n\n<figure class=\"wp-block-image size-full\"><a href=\"https:\/\/centcols.org\/en\/util\/visuAlbum.php\/?album=03092-002\" target=\"_blank\" rel=\"noreferrer noopener\"><img loading=\"lazy\" decoding=\"async\" width=\"800\" height=\"600\" data-id=\"89107\" src=\"https:\/\/centcols.org\/wp-content\/uploads\/2011\/01\/ripoll-carrez.jpg\" alt=\"\" class=\"wp-image-89107\" srcset=\"https:\/\/centcols.org\/wp-content\/uploads\/2011\/01\/ripoll-carrez.jpg 800w, https:\/\/centcols.org\/wp-content\/uploads\/2011\/01\/ripoll-carrez-768x576.jpg 768w, https:\/\/centcols.org\/wp-content\/uploads\/2011\/01\/ripoll-carrez-16x12.jpg 16w\" sizes=\"auto, (max-width: 800px) 100vw, 800px\" \/><\/a><figcaption class=\"wp-element-caption\">Album by Philippe Carrez<\/figcaption><\/figure>\n\n\n\n<figure class=\"wp-block-image size-full\"><a href=\"https:\/\/centcols.org\/en\/util\/visuAlbum.php\/?album=06796-001\" target=\"_blank\" rel=\"noreferrer noopener\"><img loading=\"lazy\" decoding=\"async\" width=\"800\" height=\"600\" data-id=\"89108\" src=\"https:\/\/centcols.org\/wp-content\/uploads\/2011\/01\/ripoll-andurand.jpg\" alt=\"\" class=\"wp-image-89108\" srcset=\"https:\/\/centcols.org\/wp-content\/uploads\/2011\/01\/ripoll-andurand.jpg 800w, https:\/\/centcols.org\/wp-content\/uploads\/2011\/01\/ripoll-andurand-768x576.jpg 768w, https:\/\/centcols.org\/wp-content\/uploads\/2011\/01\/ripoll-andurand-16x12.jpg 16w\" sizes=\"auto, (max-width: 800px) 100vw, 800px\" \/><\/a><figcaption class=\"wp-element-caption\">Album by Michel Andurand<\/figcaption><\/figure>\n\n\n\n<figure class=\"wp-block-image size-full\"><a href=\"https:\/\/centcols.org\/en\/util\/visuAlbum.php\/?album=05600-002\" target=\"_blank\" rel=\"noreferrer noopener\"><img loading=\"lazy\" decoding=\"async\" width=\"800\" height=\"508\" data-id=\"89111\" src=\"https:\/\/centcols.org\/wp-content\/uploads\/2011\/01\/ripoll-court.jpg\" alt=\"\" class=\"wp-image-89111\" srcset=\"https:\/\/centcols.org\/wp-content\/uploads\/2011\/01\/ripoll-court.jpg 800w, https:\/\/centcols.org\/wp-content\/uploads\/2011\/01\/ripoll-court-768x488.jpg 768w, https:\/\/centcols.org\/wp-content\/uploads\/2011\/01\/ripoll-court-18x12.jpg 18w\" sizes=\"auto, (max-width: 800px) 100vw, 800px\" \/><\/a><figcaption class=\"wp-element-caption\">Album by Hubert Court<\/figcaption><\/figure>\n<\/figure>\n\n\n\n<p><\/p>","protected":false},"excerpt":{"rendered":"<p>Pr\u00e9sentation Pour la premi\u00e8re fois, un s\u00e9jour du Club des Cent Cols se situera hors de France. En effet, notre s\u00e9jour de printemps 2011 se d\u00e9roulera \u00e0 Ripoll (situ\u00e9 \u00e0 65 km au sud de Bourg-Madame et \u00e0 80 km \u00e0 l\u2019ouest de la Costa Brava), en terre catalane, dans la province de Girona. Le [&hellip;]<\/p>\n","protected":false},"author":3,"featured_media":81609,"comment_status":"closed","ping_status":"closed","sticky":false,"template":"","format":"standard","meta":{"_acf_changed":false,"footnotes":""},"categories":[360,135,403,412,231],"tags":[],"class_list":["post-81608","post","type-post","status-publish","format-standard","has-post-thumbnail","hentry","category-espagne-pays-sejours","category-calendrier","category-catalogne","category-pyrenees-catalanes","category-sejours"],"acf":[],"yoast_head":"<!-- This site is optimized with the Yoast SEO plugin v27.2 - https:\/\/yoast.com\/product\/yoast-seo-wordpress\/ -->\n<title>S\u00e9jour de printemps en Catalogne espagnole \u00e0 Ripoll (GI) du 9 au 16 avril 2011 - Club des Cent Cols<\/title>\n<meta name=\"robots\" content=\"index, follow, max-snippet:-1, max-image-preview:large, max-video-preview:-1\" \/>\n<link rel=\"canonical\" href=\"https:\/\/centcols.org\/en\/stay-2011-ripoll\/\" \/>\n<meta property=\"og:locale\" content=\"en_GB\" \/>\n<meta property=\"og:type\" content=\"article\" \/>\n<meta property=\"og:title\" content=\"S\u00e9jour de printemps en Catalogne espagnole \u00e0 Ripoll (GI) du 9 au 16 avril 2011 - Club des Cent Cols\" \/>\n<meta property=\"og:description\" content=\"Pr\u00e9sentation Pour la premi\u00e8re fois, un s\u00e9jour du Club des Cent Cols se situera hors de France. En effet, notre s\u00e9jour de printemps 2011 se d\u00e9roulera \u00e0 Ripoll (situ\u00e9 \u00e0 65 km au sud de Bourg-Madame et \u00e0 80 km \u00e0 l\u2019ouest de la Costa Brava), en terre catalane, dans la province de Girona. Le [&hellip;]\" \/>\n<meta property=\"og:url\" content=\"https:\/\/centcols.org\/en\/stay-2011-ripoll\/\" \/>\n<meta property=\"og:site_name\" content=\"Club des Cent Cols\" \/>\n<meta property=\"article:publisher\" content=\"https:\/\/www.facebook.com\/groups\/5261880558\/?locale=fr_FR\" \/>\n<meta property=\"article:published_time\" content=\"2011-01-23T08:08:27+00:00\" \/>\n<meta property=\"article:modified_time\" content=\"2025-09-15T11:01:28+00:00\" \/>\n<meta property=\"og:image\" content=\"https:\/\/centcols.org\/wp-content\/uploads\/2025\/05\/banner.jpg\" \/>\n\t<meta property=\"og:image:width\" content=\"1000\" \/>\n\t<meta property=\"og:image:height\" content=\"150\" \/>\n\t<meta property=\"og:image:type\" content=\"image\/jpeg\" \/>\n<meta name=\"author\" content=\"Webmestre\" \/>\n<meta name=\"twitter:card\" content=\"summary_large_image\" \/>\n<meta name=\"twitter:label1\" content=\"Written by\" \/>\n\t<meta name=\"twitter:data1\" content=\"Webmestre\" \/>\n\t<meta name=\"twitter:label2\" content=\"Estimated reading time\" \/>\n\t<meta name=\"twitter:data2\" content=\"10 minutes\" \/>\n<script type=\"application\/ld+json\" class=\"yoast-schema-graph\">{\"@context\":\"https:\/\/schema.org\",\"@graph\":[{\"@type\":\"Article\",\"@id\":\"https:\/\/centcols.org\/sejour-2011-ripoll\/#article\",\"isPartOf\":{\"@id\":\"https:\/\/centcols.org\/sejour-2011-ripoll\/\"},\"author\":{\"name\":\"Webmestre\",\"@id\":\"https:\/\/centcols.org\/#\/schema\/person\/911b404fb133d8c913dd27cdcf71c8e5\"},\"headline\":\"S\u00e9jour de printemps en Catalogne espagnole \u00e0 Ripoll (GI) du 9 au 16 avril 2011\",\"datePublished\":\"2011-01-23T08:08:27+00:00\",\"dateModified\":\"2025-09-15T11:01:28+00:00\",\"mainEntityOfPage\":{\"@id\":\"https:\/\/centcols.org\/sejour-2011-ripoll\/\"},\"wordCount\":1126,\"publisher\":{\"@id\":\"https:\/\/centcols.org\/#organization\"},\"image\":{\"@id\":\"https:\/\/centcols.org\/sejour-2011-ripoll\/#primaryimage\"},\"thumbnailUrl\":\"https:\/\/centcols.org\/wp-content\/uploads\/2025\/05\/banner.jpg\",\"articleSection\":[\"Espagne\",\"Calendrier\",\"Catalogne\",\"Pyr\u00e9n\u00e9es catalanes\",\"S\u00e9jours du Club des Cent Cols\"],\"inLanguage\":\"en-GB\"},{\"@type\":\"WebPage\",\"@id\":\"https:\/\/centcols.org\/sejour-2011-ripoll\/\",\"url\":\"https:\/\/centcols.org\/sejour-2011-ripoll\/\",\"name\":\"S\u00e9jour de printemps en Catalogne espagnole \u00e0 Ripoll (GI) du 9 au 16 avril 2011 - Club des Cent Cols\",\"isPartOf\":{\"@id\":\"https:\/\/centcols.org\/#website\"},\"primaryImageOfPage\":{\"@id\":\"https:\/\/centcols.org\/sejour-2011-ripoll\/#primaryimage\"},\"image\":{\"@id\":\"https:\/\/centcols.org\/sejour-2011-ripoll\/#primaryimage\"},\"thumbnailUrl\":\"https:\/\/centcols.org\/wp-content\/uploads\/2025\/05\/banner.jpg\",\"datePublished\":\"2011-01-23T08:08:27+00:00\",\"dateModified\":\"2025-09-15T11:01:28+00:00\",\"breadcrumb\":{\"@id\":\"https:\/\/centcols.org\/sejour-2011-ripoll\/#breadcrumb\"},\"inLanguage\":\"en-GB\",\"potentialAction\":[{\"@type\":\"ReadAction\",\"target\":[\"https:\/\/centcols.org\/sejour-2011-ripoll\/\"]}]},{\"@type\":\"ImageObject\",\"inLanguage\":\"en-GB\",\"@id\":\"https:\/\/centcols.org\/sejour-2011-ripoll\/#primaryimage\",\"url\":\"https:\/\/centcols.org\/wp-content\/uploads\/2025\/05\/banner.jpg\",\"contentUrl\":\"https:\/\/centcols.org\/wp-content\/uploads\/2025\/05\/banner.jpg\",\"width\":1000,\"height\":150},{\"@type\":\"BreadcrumbList\",\"@id\":\"https:\/\/centcols.org\/sejour-2011-ripoll\/#breadcrumb\",\"itemListElement\":[{\"@type\":\"ListItem\",\"position\":1,\"name\":\"Accueil\",\"item\":\"https:\/\/centcols.org\/\"},{\"@type\":\"ListItem\",\"position\":2,\"name\":\"S\u00e9jours du Club des Cent Cols\",\"item\":\"https:\/\/centcols.org\/rubrique\/sejours\/\"},{\"@type\":\"ListItem\",\"position\":3,\"name\":\"Pays\",\"item\":\"https:\/\/centcols.org\/rubrique\/sejours\/pays-sejours\/\"},{\"@type\":\"ListItem\",\"position\":4,\"name\":\"Espagne\",\"item\":\"https:\/\/centcols.org\/rubrique\/sejours\/pays-sejours\/espagne-pays-sejours\/\"},{\"@type\":\"ListItem\",\"position\":5,\"name\":\"S\u00e9jour de printemps en Catalogne espagnole \u00e0 Ripoll (GI) du 9 au 16 avril 2011\"}]},{\"@type\":\"WebSite\",\"@id\":\"https:\/\/centcols.org\/#website\",\"url\":\"https:\/\/centcols.org\/\",\"name\":\"Club des Cent Cols\",\"description\":\"\",\"publisher\":{\"@id\":\"https:\/\/centcols.org\/#organization\"},\"potentialAction\":[{\"@type\":\"SearchAction\",\"target\":{\"@type\":\"EntryPoint\",\"urlTemplate\":\"https:\/\/centcols.org\/?s={search_term_string}\"},\"query-input\":{\"@type\":\"PropertyValueSpecification\",\"valueRequired\":true,\"valueName\":\"search_term_string\"}}],\"inLanguage\":\"en-GB\"},{\"@type\":\"Organization\",\"@id\":\"https:\/\/centcols.org\/#organization\",\"name\":\"Club des Cent Cols\",\"url\":\"https:\/\/centcols.org\/\",\"logo\":{\"@type\":\"ImageObject\",\"inLanguage\":\"en-GB\",\"@id\":\"https:\/\/centcols.org\/#\/schema\/logo\/image\/\",\"url\":\"https:\/\/centcols.org\/wp-content\/uploads\/2025\/01\/carte-icone.png\",\"contentUrl\":\"https:\/\/centcols.org\/wp-content\/uploads\/2025\/01\/carte-icone.png\",\"width\":250,\"height\":250,\"caption\":\"Club des Cent Cols\"},\"image\":{\"@id\":\"https:\/\/centcols.org\/#\/schema\/logo\/image\/\"},\"sameAs\":[\"https:\/\/www.facebook.com\/groups\/5261880558\/?locale=fr_FR\"]},{\"@type\":\"Person\",\"@id\":\"https:\/\/centcols.org\/#\/schema\/person\/911b404fb133d8c913dd27cdcf71c8e5\",\"name\":\"Webmestre\",\"image\":{\"@type\":\"ImageObject\",\"inLanguage\":\"en-GB\",\"@id\":\"https:\/\/centcols.org\/wp-content\/litespeed\/avatar\/2d246e4b6b4f773e08515e1ffc53690b.jpg?ver=1777222892\",\"url\":\"https:\/\/centcols.org\/wp-content\/litespeed\/avatar\/2d246e4b6b4f773e08515e1ffc53690b.jpg?ver=1777222892\",\"contentUrl\":\"https:\/\/centcols.org\/wp-content\/litespeed\/avatar\/2d246e4b6b4f773e08515e1ffc53690b.jpg?ver=1777222892\",\"caption\":\"Webmestre\"},\"url\":\"https:\/\/centcols.org\/en\/author\/webmestre\/\"}]}<\/script>\n<!-- \/ Yoast SEO plugin. -->","yoast_head_json":{"title":"Spring break in Spanish Catalonia in Ripoll (GI) from 9 to 16 April 2011 - Club des Cent Cols","robots":{"index":"index","follow":"follow","max-snippet":"max-snippet:-1","max-image-preview":"max-image-preview:large","max-video-preview":"max-video-preview:-1"},"canonical":"https:\/\/centcols.org\/en\/stay-2011-ripoll\/","og_locale":"en_GB","og_type":"article","og_title":"S\u00e9jour de printemps en Catalogne espagnole \u00e0 Ripoll (GI) du 9 au 16 avril 2011 - Club des Cent Cols","og_description":"Pr\u00e9sentation Pour la premi\u00e8re fois, un s\u00e9jour du Club des Cent Cols se situera hors de France. En effet, notre s\u00e9jour de printemps 2011 se d\u00e9roulera \u00e0 Ripoll (situ\u00e9 \u00e0 65 km au sud de Bourg-Madame et \u00e0 80 km \u00e0 l\u2019ouest de la Costa Brava), en terre catalane, dans la province de Girona. Le [&hellip;]","og_url":"https:\/\/centcols.org\/en\/stay-2011-ripoll\/","og_site_name":"Club des Cent Cols","article_publisher":"https:\/\/www.facebook.com\/groups\/5261880558\/?locale=fr_FR","article_published_time":"2011-01-23T08:08:27+00:00","article_modified_time":"2025-09-15T11:01:28+00:00","og_image":[{"width":1000,"height":150,"url":"https:\/\/centcols.org\/wp-content\/uploads\/2025\/05\/banner.jpg","type":"image\/jpeg"}],"author":"Webmestre","twitter_card":"summary_large_image","twitter_misc":{"Written by":"Webmestre","Estimated reading time":"10 minutes"},"schema":{"@context":"https:\/\/schema.org","@graph":[{"@type":"Article","@id":"https:\/\/centcols.org\/sejour-2011-ripoll\/#article","isPartOf":{"@id":"https:\/\/centcols.org\/sejour-2011-ripoll\/"},"author":{"name":"Webmestre","@id":"https:\/\/centcols.org\/#\/schema\/person\/911b404fb133d8c913dd27cdcf71c8e5"},"headline":"S\u00e9jour de printemps en Catalogne espagnole \u00e0 Ripoll (GI) du 9 au 16 avril 2011","datePublished":"2011-01-23T08:08:27+00:00","dateModified":"2025-09-15T11:01:28+00:00","mainEntityOfPage":{"@id":"https:\/\/centcols.org\/sejour-2011-ripoll\/"},"wordCount":1126,"publisher":{"@id":"https:\/\/centcols.org\/#organization"},"image":{"@id":"https:\/\/centcols.org\/sejour-2011-ripoll\/#primaryimage"},"thumbnailUrl":"https:\/\/centcols.org\/wp-content\/uploads\/2025\/05\/banner.jpg","articleSection":["Espagne","Calendrier","Catalogne","Pyr\u00e9n\u00e9es catalanes","S\u00e9jours du Club des Cent Cols"],"inLanguage":"en-GB"},{"@type":"WebPage","@id":"https:\/\/centcols.org\/sejour-2011-ripoll\/","url":"https:\/\/centcols.org\/sejour-2011-ripoll\/","name":"Spring break in Spanish Catalonia in Ripoll (GI) from 9 to 16 April 2011 - Club des Cent Cols","isPartOf":{"@id":"https:\/\/centcols.org\/#website"},"primaryImageOfPage":{"@id":"https:\/\/centcols.org\/sejour-2011-ripoll\/#primaryimage"},"image":{"@id":"https:\/\/centcols.org\/sejour-2011-ripoll\/#primaryimage"},"thumbnailUrl":"https:\/\/centcols.org\/wp-content\/uploads\/2025\/05\/banner.jpg","datePublished":"2011-01-23T08:08:27+00:00","dateModified":"2025-09-15T11:01:28+00:00","breadcrumb":{"@id":"https:\/\/centcols.org\/sejour-2011-ripoll\/#breadcrumb"},"inLanguage":"en-GB","potentialAction":[{"@type":"ReadAction","target":["https:\/\/centcols.org\/sejour-2011-ripoll\/"]}]},{"@type":"ImageObject","inLanguage":"en-GB","@id":"https:\/\/centcols.org\/sejour-2011-ripoll\/#primaryimage","url":"https:\/\/centcols.org\/wp-content\/uploads\/2025\/05\/banner.jpg","contentUrl":"https:\/\/centcols.org\/wp-content\/uploads\/2025\/05\/banner.jpg","width":1000,"height":150},{"@type":"BreadcrumbList","@id":"https:\/\/centcols.org\/sejour-2011-ripoll\/#breadcrumb","itemListElement":[{"@type":"ListItem","position":1,"name":"Accueil","item":"https:\/\/centcols.org\/"},{"@type":"ListItem","position":2,"name":"S\u00e9jours du Club des Cent Cols","item":"https:\/\/centcols.org\/rubrique\/sejours\/"},{"@type":"ListItem","position":3,"name":"Pays","item":"https:\/\/centcols.org\/rubrique\/sejours\/pays-sejours\/"},{"@type":"ListItem","position":4,"name":"Espagne","item":"https:\/\/centcols.org\/rubrique\/sejours\/pays-sejours\/espagne-pays-sejours\/"},{"@type":"ListItem","position":5,"name":"S\u00e9jour de printemps en Catalogne espagnole \u00e0 Ripoll (GI) du 9 au 16 avril 2011"}]},{"@type":"WebSite","@id":"https:\/\/centcols.org\/#website","url":"https:\/\/centcols.org\/","name":"Club des Cent Cols","description":"","publisher":{"@id":"https:\/\/centcols.org\/#organization"},"potentialAction":[{"@type":"SearchAction","target":{"@type":"EntryPoint","urlTemplate":"https:\/\/centcols.org\/?s={search_term_string}"},"query-input":{"@type":"PropertyValueSpecification","valueRequired":true,"valueName":"search_term_string"}}],"inLanguage":"en-GB"},{"@type":"Organization","@id":"https:\/\/centcols.org\/#organization","name":"Club des Cent Cols","url":"https:\/\/centcols.org\/","logo":{"@type":"ImageObject","inLanguage":"en-GB","@id":"https:\/\/centcols.org\/#\/schema\/logo\/image\/","url":"https:\/\/centcols.org\/wp-content\/uploads\/2025\/01\/carte-icone.png","contentUrl":"https:\/\/centcols.org\/wp-content\/uploads\/2025\/01\/carte-icone.png","width":250,"height":250,"caption":"Club des Cent Cols"},"image":{"@id":"https:\/\/centcols.org\/#\/schema\/logo\/image\/"},"sameAs":["https:\/\/www.facebook.com\/groups\/5261880558\/?locale=fr_FR"]},{"@type":"Person","@id":"https:\/\/centcols.org\/#\/schema\/person\/911b404fb133d8c913dd27cdcf71c8e5","name":"Webmaster","image":{"@type":"ImageObject","inLanguage":"en-GB","@id":"https:\/\/centcols.org\/wp-content\/litespeed\/avatar\/2d246e4b6b4f773e08515e1ffc53690b.jpg?ver=1777222892","url":"https:\/\/centcols.org\/wp-content\/litespeed\/avatar\/2d246e4b6b4f773e08515e1ffc53690b.jpg?ver=1777222892","contentUrl":"https:\/\/centcols.org\/wp-content\/litespeed\/avatar\/2d246e4b6b4f773e08515e1ffc53690b.jpg?ver=1777222892","caption":"Webmestre"},"url":"https:\/\/centcols.org\/en\/author\/webmestre\/"}]}},"_links":{"self":[{"href":"https:\/\/centcols.org\/en\/wp-json\/wp\/v2\/posts\/81608","targetHints":{"allow":["GET"]}}],"collection":[{"href":"https:\/\/centcols.org\/en\/wp-json\/wp\/v2\/posts"}],"about":[{"href":"https:\/\/centcols.org\/en\/wp-json\/wp\/v2\/types\/post"}],"author":[{"embeddable":true,"href":"https:\/\/centcols.org\/en\/wp-json\/wp\/v2\/users\/3"}],"replies":[{"embeddable":true,"href":"https:\/\/centcols.org\/en\/wp-json\/wp\/v2\/comments?post=81608"}],"version-history":[{"count":0,"href":"https:\/\/centcols.org\/en\/wp-json\/wp\/v2\/posts\/81608\/revisions"}],"wp:featuredmedia":[{"embeddable":true,"href":"https:\/\/centcols.org\/en\/wp-json\/wp\/v2\/media\/81609"}],"wp:attachment":[{"href":"https:\/\/centcols.org\/en\/wp-json\/wp\/v2\/media?parent=81608"}],"wp:term":[{"taxonomy":"category","embeddable":true,"href":"https:\/\/centcols.org\/en\/wp-json\/wp\/v2\/categories?post=81608"},{"taxonomy":"post_tag","embeddable":true,"href":"https:\/\/centcols.org\/en\/wp-json\/wp\/v2\/tags?post=81608"}],"curies":[{"name":"wp","href":"https:\/\/api.w.org\/{rel}","templated":true}]}}