{"id":81619,"date":"2009-04-23T10:06:00","date_gmt":"2009-04-23T08:06:00","guid":{"rendered":"https:\/\/centcols.org\/sejour-estival-du-club-des-cent-cols-a-val-louron-hautes-pyrenees-du-11-au-15-aout-2009\/"},"modified":"2025-10-02T11:25:38","modified_gmt":"2025-10-02T09:25:38","slug":"cent-cols-club-summer-break-in-val-louron-hautes-pyrenees-from-11-to-15-august-2009","status":"publish","type":"post","link":"https:\/\/centcols.org\/en\/sejour-estival-du-club-des-cent-cols-a-val-louron-hautes-pyrenees-du-11-au-15-aout-2009\/","title":{"rendered":"Cent Cols Club summer break in Val-Louron (Hautes-Pyr\u00e9n\u00e9es) from 11 to 15 August 2009"},"content":{"rendered":"<h2 class=\"wp-block-heading\">Presentation<\/h2>\n\n\n\n<p>Every year in mid-August, the Club des Cent Cols invites its members to an international gathering at the top of a mountain pass. On Saturday 15 August 2009, we'll be meeting at the summit of the Col d'Azet (FR-65-1580) in the Pyrenees.<\/p>\n\n\n\n<p>This gathering will be accompanied by a holiday (from the evening of 11\/08 to midday on 15\/08). Our accommodation will be at Le Lustou in the Val Louron resort. Each day, a road circuit and a mountain bike circuit will be offered to participants.<\/p>\n\n\n\n<figure class=\"wp-block-gallery has-nested-images columns-4 is-cropped wp-block-gallery-1 is-layout-flex wp-block-gallery-is-layout-flex\">\n<figure class=\"wp-block-image size-full\"><a href=\"https:\/\/centcols.org\/wp-content\/uploads\/2009\/04\/Val-Louron-01.jpg\"><img loading=\"lazy\" decoding=\"async\" width=\"800\" height=\"600\" data-id=\"89457\" src=\"https:\/\/centcols.org\/wp-content\/uploads\/2009\/04\/Val-Louron-01.jpg\" alt=\"\" class=\"wp-image-89457\" srcset=\"https:\/\/centcols.org\/wp-content\/uploads\/2009\/04\/Val-Louron-01.jpg 800w, https:\/\/centcols.org\/wp-content\/uploads\/2009\/04\/Val-Louron-01-768x576.jpg 768w, https:\/\/centcols.org\/wp-content\/uploads\/2009\/04\/Val-Louron-01-16x12.jpg 16w\" sizes=\"auto, (max-width: 800px) 100vw, 800px\" \/><\/a><\/figure>\n\n\n\n<figure class=\"wp-block-image size-full\"><a href=\"https:\/\/centcols.org\/wp-content\/uploads\/2009\/04\/Val-Louron-02.jpg\"><img loading=\"lazy\" decoding=\"async\" width=\"800\" height=\"600\" data-id=\"89458\" src=\"https:\/\/centcols.org\/wp-content\/uploads\/2009\/04\/Val-Louron-02.jpg\" alt=\"\" class=\"wp-image-89458\" srcset=\"https:\/\/centcols.org\/wp-content\/uploads\/2009\/04\/Val-Louron-02.jpg 800w, https:\/\/centcols.org\/wp-content\/uploads\/2009\/04\/Val-Louron-02-768x576.jpg 768w, https:\/\/centcols.org\/wp-content\/uploads\/2009\/04\/Val-Louron-02-16x12.jpg 16w\" sizes=\"auto, (max-width: 800px) 100vw, 800px\" \/><\/a><\/figure>\n\n\n\n<figure class=\"wp-block-image size-full\"><a href=\"https:\/\/centcols.org\/wp-content\/uploads\/2009\/04\/Val-Louron-03.jpg\"><img loading=\"lazy\" decoding=\"async\" width=\"800\" height=\"600\" data-id=\"89459\" src=\"https:\/\/centcols.org\/wp-content\/uploads\/2009\/04\/Val-Louron-03.jpg\" alt=\"\" class=\"wp-image-89459\" srcset=\"https:\/\/centcols.org\/wp-content\/uploads\/2009\/04\/Val-Louron-03.jpg 800w, https:\/\/centcols.org\/wp-content\/uploads\/2009\/04\/Val-Louron-03-768x576.jpg 768w, https:\/\/centcols.org\/wp-content\/uploads\/2009\/04\/Val-Louron-03-16x12.jpg 16w\" sizes=\"auto, (max-width: 800px) 100vw, 800px\" \/><\/a><\/figure>\n\n\n\n<figure class=\"wp-block-image size-full\"><a href=\"https:\/\/centcols.org\/wp-content\/uploads\/2009\/04\/Val-Louron-04.jpg\"><img loading=\"lazy\" decoding=\"async\" width=\"800\" height=\"600\" data-id=\"89460\" src=\"https:\/\/centcols.org\/wp-content\/uploads\/2009\/04\/Val-Louron-04.jpg\" alt=\"\" class=\"wp-image-89460\" srcset=\"https:\/\/centcols.org\/wp-content\/uploads\/2009\/04\/Val-Louron-04.jpg 800w, https:\/\/centcols.org\/wp-content\/uploads\/2009\/04\/Val-Louron-04-768x576.jpg 768w, https:\/\/centcols.org\/wp-content\/uploads\/2009\/04\/Val-Louron-04-16x12.jpg 16w\" sizes=\"auto, (max-width: 800px) 100vw, 800px\" \/><\/a><\/figure>\n<\/figure>\n\n\n\n<h2 class=\"wp-block-heading\">Collars<\/h2>\n\n\n\n<p>Please note: This list differs slightly from the list in the magazine; this list is the official version.<\/p>\n\n\n\n<h3 class=\"wp-block-heading\">Road routes<\/h3>\n\n\n\n<p>On Friday 14 August you can choose between two tours. <i>(Click on the tour name for details)<\/i><\/p>\n\n\n\n<figure class=\"wp-block-table aligncenter\"><table class=\"has-fixed-layout\"><thead><tr><th><strong>Wednesday 12 August<\/strong><br><strong>\"&nbsp;<\/strong><a href=\"https:\/\/centcols.org\/les_rendez-vous\/2009\/Val-Louron\/R1.htm\">Val-Louron north-east<\/a><strong>&nbsp;\"<\/strong><br><strong>Start : Val Louron<\/strong><\/th><th><strong>Thursday 13 August<\/strong><br><strong>\"&nbsp;<\/strong><a href=\"https:\/\/centcols.org\/les_rendez-vous\/2009\/Val-Louron\/R2.htm\">Luchon<\/a><strong>&nbsp;\"<\/strong><br><strong>Start : Luchon<\/strong><\/th><th><strong>Friday 14th August<\/strong><br><strong>\"&nbsp;<\/strong><a href=\"https:\/\/centcols.org\/les_rendez-vous\/2009\/Val-Louron\/R3.htm\">Arreau<\/a><strong>&nbsp;\"<\/strong><br><strong>Start : Arreau<\/strong><\/th><th><strong>Friday 14th August<\/strong><br><strong>\"&nbsp;<\/strong><a href=\"https:\/\/centcols.org\/les_rendez-vous\/2009\/Val-Louron\/R4.htm\">Val-Louron north-west<\/a><strong>&nbsp;\"<\/strong><br><strong>Start : Val Louron<\/strong><\/th><\/tr><\/thead><tbody><tr><td><a href=\"https:\/\/centcols.org\/en\/util\/geo\/visuGP.php\/?c=31156900\" target=\"_BLANK\" rel=\"noreferrer noopener\">FR-31-1569<\/a><br>Col de Peyresourde<br><a href=\"https:\/\/centcols.org\/en\/util\/geo\/visuGP.php\/?c=31175500\" target=\"_BLANK\" rel=\"noreferrer noopener\">FR-31-1755<\/a><br>Port of Bal\u00e8s<br>(Note 1)<br><a href=\"https:\/\/centcols.org\/en\/util\/geo\/visuGP.php\/?c=65063100\" target=\"_BLANK\" rel=\"noreferrer noopener\">FR-65-0631<\/a><br>Col de Mazouau<br><a href=\"https:\/\/centcols.org\/en\/util\/geo\/visuGP.php\/?c=65158000\" target=\"_BLANK\" rel=\"noreferrer noopener\">FR-65-1580<\/a><br>Val Louron-Azet pass<br><a href=\"https:\/\/centcols.org\/en\/util\/geo\/visuGP.php\/?c=65158500\" target=\"_BLANK\" rel=\"noreferrer noopener\">FR-65-1585<\/a><br>Couret de Latuhe<br>(Note 2)<\/td><td><a href=\"https:\/\/centcols.org\/en\/util\/geo\/visuGP.php\/?c=31129300\" target=\"_BLANK\" rel=\"noreferrer noopener\">FR-31-1293<\/a> Burbe gate<br><a href=\"https:\/\/centcols.org\/en\/util\/geo\/visuGP.php\/?c=31138200\" target=\"_BLANK\" rel=\"noreferrer noopener\">FR-31-1382<\/a> Col d'Artigaux<br><a href=\"https:\/\/centcols.org\/en\/util\/geo\/visuGP.php\/?c=31134500\" target=\"_BLANK\" rel=\"noreferrer noopener\">FR-31-1345<\/a> Artigascou Pass<br><a href=\"https:\/\/centcols.org\/en\/util\/geo\/visuGP.php\/?c=31140501\" target=\"_BLANK\" rel=\"noreferrer noopener\">FR-31-1405a<\/a> Col de Lagues (Note 3)<br><a href=\"https:\/\/centcols.org\/en\/util\/geo\/visuGP.php\/?c=31134900\" target=\"_BLANK\" rel=\"noreferrer noopener\">FR-31-1349<\/a> Col de Ment\u00e9<br><a href=\"https:\/\/centcols.org\/en\/util\/geo\/visuGP.php\/?c=31124600\" target=\"_BLANK\" rel=\"noreferrer noopener\">FR-31-1246<\/a> Col de la Clin<br><a href=\"https:\/\/centcols.org\/en\/util\/geo\/visuGP.php\/?c=31059900\" target=\"_BLANK\" rel=\"noreferrer noopener\">FR-31-0599<\/a> Col de Buret<br><a href=\"https:\/\/centcols.org\/en\/util\/geo\/visuGP.php\/?c=31071501\" target=\"_BLANK\" rel=\"noreferrer noopener\">FR-31-0715a<\/a> Col du Bech<br><a href=\"https:\/\/centcols.org\/en\/util\/geo\/visuGP.php\/?c=31079700\" target=\"_BLANK\" rel=\"noreferrer noopener\">FR-31-0797<\/a> Col des Ares<\/td><td><a href=\"https:\/\/centcols.org\/en\/util\/geo\/visuGP.php\/?c=65148900\" target=\"_BLANK\" rel=\"noreferrer noopener\">FR-65-1489<\/a><br>Col d'Aspin<br><a href=\"https:\/\/centcols.org\/en\/util\/geo\/visuGP.php\/?c=65081000\" target=\"_BLANK\" rel=\"noreferrer noopener\">FR-65-0810<\/a><br>Palomi\u00e8res pass<br><a href=\"https:\/\/centcols.org\/en\/util\/geo\/visuGP.php\/?c=65068700\" target=\"_BLANK\" rel=\"noreferrer noopener\">FR-65-0687<\/a><br>Col de la P\u00e8de<br><a href=\"https:\/\/centcols.org\/en\/util\/geo\/visuGP.php\/?c=65055700\" target=\"_BLANK\" rel=\"noreferrer noopener\">FR-65-0557<\/a><br>Cot det Hoo<br><a href=\"https:\/\/centcols.org\/en\/util\/geo\/visuGP.php\/?c=65058400\" target=\"_BLANK\" rel=\"noreferrer noopener\">FR-65-0584<\/a><br>Pla de Couret<br><a href=\"https:\/\/centcols.org\/en\/util\/geo\/visuGP.php\/?c=65065200\" target=\"_BLANK\" rel=\"noreferrer noopener\">FR-65-0652<\/a><br>Escots<br><a href=\"https:\/\/centcols.org\/en\/util\/geo\/visuGP.php\/?c=65061900\" target=\"_BLANK\" rel=\"noreferrer noopener\">FR-65-0619<\/a><br>Couret d'Asque<br><a href=\"https:\/\/centcols.org\/en\/util\/geo\/visuGP.php\/?c=65058900\" target=\"_BLANK\" rel=\"noreferrer noopener\">FR-65-0589<\/a><br>Cot de Sir\u00e8s<br><a href=\"https:\/\/centcols.org\/en\/util\/geo\/visuGP.php\/?c=65073200\" target=\"_BLANK\" rel=\"noreferrer noopener\">FR-65-0732<\/a><br>Cutting collar<br><a href=\"https:\/\/centcols.org\/en\/util\/geo\/visuGP.php\/?c=65065900\" target=\"_BLANK\" rel=\"noreferrer noopener\">FR-65-0659<\/a><br>Col de Luquet<\/td><td><a href=\"https:\/\/centcols.org\/en\/util\/geo\/visuGP.php\/?c=65141700\" target=\"_BLANK\" rel=\"noreferrer noopener\">FR-65-1417<\/a><br>Col de Beyr\u00e8de<br>(Note 4)<br><a href=\"https:\/\/centcols.org\/en\/util\/geo\/visuGP.php\/?c=65156400\" target=\"_BLANK\" rel=\"noreferrer noopener\">FR-65-1564<\/a><br>Hourquette d'Ancizan<br><a href=\"https:\/\/centcols.org\/en\/util\/geo\/visuGP.php\/?c=65153800\" target=\"_BLANK\" rel=\"noreferrer noopener\">FR-65-1538<\/a><br>Hourquette d'Arreau<br><a href=\"https:\/\/centcols.org\/en\/util\/geo\/visuGP.php\/?c=65158000\" target=\"_BLANK\" rel=\"noreferrer noopener\">FR-65-1580<\/a><br>Val Louron-Azet pass<\/td><\/tr><\/tbody><\/table><\/figure>\n\n\n\n<hr class=\"wp-block-separator has-alpha-channel-opacity\"\/>\n\n\n\n<p>Optional from Port de Bal\u00e8s: FR-31-1855b Port de Pierrefite<\/p>\n\n\n\n<ul class=\"wp-block-list\">\n<li>R1 over 300 metres<\/li>\n\n\n\n<li>3 km of un-surfaced cycle track between the Col d'Artigascou and the Col de Lagues<\/li>\n\n\n\n<li>3 km of un-surfaced track for cyclists (Route Foresti\u00e8re de Coumelade) between the Col de Beyr\u00e8de and the Col d'Aspin road<\/li>\n<\/ul>\n\n\n\n<h3 class=\"wp-block-heading\">Mountain bike routes<\/h3>\n\n\n\n<p>You can download the <a href=\"https:\/\/centcols.org\/les_rendez-vous\/2009\/Val-Louron\/geo.htm\" target=\"_blank\" rel=\"noopener\">geolocation files<\/a> GPX, Google Earth and Carto Explore these circuits.<\/p>\n\n\n\n<div>On Wednesday 12 August, you can choose between two tours.<br>On 13 August, the circuit includes an important variant, and can be considered as two circuits.<br>The Saint Lary tour is not scheduled for any particular date.<br><i>(Click on the tour name for details)<\/i><\/div>\n\n\n\n<div>&nbsp;<\/div>\n\n\n\n<div>\n<table style=\"width: 104.02%;\">\n<tbody>\n<tr>\n<td style=\"width: 96.2406%;\">\n<table>\n<thead>\n<tr>\n<th>Wednesday 12 August<br>\" <a class=\"iframe-fancybox\" href=\"https:\/\/centcols.org\/les_rendez-vous\/2009\/Val-Louron\/V1.htm\">Sarrancolin<\/a> \"<br>Start : Sarrancolin<\/th>\n<th>Wednesday 12 August<br>\" <a class=\"iframe-fancybox\" href=\"https:\/\/centcols.org\/les_rendez-vous\/2009\/Val-Louron\/V2.htm\">Wicks<\/a> \"<br>Start : H\u00e8ches<\/th>\n<th>Thursday 13 August<br>\" <a class=\"iframe-fancybox\" href=\"https:\/\/centcols.org\/les_rendez-vous\/2009\/Val-Louron\/V3.htm\">Luchon<\/a> \"<br>Start : Luchon<\/th>\n<th>Friday 14th August<br>\" <a class=\"iframe-fancybox\" href=\"https:\/\/centcols.org\/les_rendez-vous\/2009\/Val-Louron\/V4.htm\">Garin<\/a> \"<br>Start : Garin <span class=\"note\">(Note 8)<\/span><\/th>\n<th>Free choice<br>\"Saint Lary<br>Start : Saint Lary<\/th>\n<\/tr>\n<\/thead>\n<tbody>\n<tr>\n<td>\n<ol>\n<li><a class=\"iframe-fancybox\" href=\"https:\/\/centcols.org\/en\/util\/geo\/visuGP.php\/?c=65121700\" target=\"_BLANK\" rel=\"noopener\">FR-65-1217<\/a><br>Col d'Estiv\u00e8re<\/li>\n<li><a class=\"iframe-fancybox\" href=\"https:\/\/centcols.org\/en\/util\/geo\/visuGP.php\/?c=65127800\" target=\"_BLANK\" rel=\"noopener\">FR-65-1278<\/a><br>Col de M\u00e8nes<\/li>\n<li><a class=\"iframe-fancybox\" href=\"https:\/\/centcols.org\/en\/util\/geo\/visuGP.php\/?c=65120700\" target=\"_BLANK\" rel=\"noopener\">FR-65-1207<\/a><br>Col d'Artiguette<\/li>\n<li><a class=\"iframe-fancybox\" href=\"https:\/\/centcols.org\/en\/util\/geo\/visuGP.php\/?c=65145900\" target=\"_BLANK\" rel=\"noopener\">FR-65-1459<\/a><br>Loyos Pass<\/li>\n<li><a class=\"iframe-fancybox\" href=\"https:\/\/centcols.org\/en\/util\/geo\/visuGP.php\/?c=65151200\" target=\"_BLANK\" rel=\"noopener\">FR-65-1512<\/a><br>Col de Parreu<\/li>\n<li><a class=\"iframe-fancybox\" href=\"https:\/\/centcols.org\/en\/util\/geo\/visuGP.php\/?c=65145400\" target=\"_BLANK\" rel=\"noopener\">FR-65-1454<\/a><br>Col de Bas<\/li>\n<li><a class=\"iframe-fancybox\" href=\"https:\/\/centcols.org\/en\/util\/geo\/visuGP.php\/?c=65165500\" target=\"_BLANK\" rel=\"noopener\">FR-65-1655<\/a><br>Col de la Lit<\/li>\n<li><a class=\"iframe-fancybox\" href=\"https:\/\/centcols.org\/en\/util\/geo\/visuGP.php\/?c=65168501\" target=\"_BLANK\" rel=\"noopener\">FR-65-1685a<\/a><br>Cap Nest\u00e8s pass<\/li>\n<li><a class=\"iframe-fancybox\" href=\"https:\/\/centcols.org\/en\/util\/geo\/visuGP.php\/?c=65173501\" target=\"_BLANK\" rel=\"noopener\">FR-65-1735a<\/a><br>Col de l'Aouet<\/li>\n<li><a class=\"iframe-fancybox\" href=\"https:\/\/centcols.org\/en\/util\/geo\/visuGP.php\/?c=65182400\" target=\"_BLANK\" rel=\"noopener\">FR-65-1824<\/a><br>Hourquette d'Hum\u00e8ne<\/li>\n<li><a class=\"iframe-fancybox\" href=\"https:\/\/centcols.org\/en\/util\/geo\/visuGP.php\/?c=65163500\" target=\"_BLANK\" rel=\"noopener\">FR-65-1635<\/a><br>Gembre pass<\/li>\n<li><a class=\"iframe-fancybox\" href=\"https:\/\/centcols.org\/en\/util\/geo\/visuGP.php\/?c=65168502\" target=\"_BLANK\" rel=\"noopener\">FR-65-1685b<\/a><br>Son\u00e8res pass<\/li>\n<\/ol>\n<\/td>\n<td style=\"vertical-align: top;\">\n<ol>\n<li><a class=\"iframe-fancybox\" href=\"https:\/\/centcols.org\/en\/util\/geo\/visuGP.php\/?c=65065900\" target=\"_BLANK\" rel=\"noopener\">FR-65-0659<\/a><br>Col de Luquet<\/li>\n<li><a class=\"iframe-fancybox\" href=\"https:\/\/centcols.org\/en\/util\/geo\/visuGP.php\/?c=65073200\" target=\"_BLANK\" rel=\"noopener\">FR-65-0732<\/a><br>Cutting collar<\/li>\n<li><a class=\"iframe-fancybox\" href=\"https:\/\/centcols.org\/en\/util\/geo\/visuGP.php\/?c=65102800\" target=\"_BLANK\" rel=\"noopener\">FR-65-1028<\/a><br>Couradabat pass<\/li>\n<li><a class=\"iframe-fancybox\" href=\"https:\/\/centcols.org\/en\/util\/geo\/visuGP.php\/?c=65100000\" target=\"_BLANK\" rel=\"noopener\">FR-65-1000<\/a><br>Couret de Berdou<\/li>\n<li><a class=\"iframe-fancybox\" href=\"https:\/\/centcols.org\/en\/util\/geo\/visuGP.php\/?c=65116800\" target=\"_BLANK\" rel=\"noopener\">FR-65-1168<\/a><br>Col des Estrets<\/li>\n<li><a class=\"iframe-fancybox\" href=\"https:\/\/centcols.org\/en\/util\/geo\/visuGP.php\/?c=65123700\" target=\"_BLANK\" rel=\"noopener\">FR-65-1237<\/a><br>Col de Oueil Lusent<br><span class=\"note\">(Note 5)<\/span><\/li>\n<li><a class=\"iframe-fancybox\" href=\"https:\/\/centcols.org\/en\/util\/geo\/visuGP.php\/?c=65114500\" target=\"_BLANK\" rel=\"noopener\">FR-65-1145<\/a><br>Ar\u00e8s pass<\/li>\n<li><a class=\"iframe-fancybox\" href=\"https:\/\/centcols.org\/en\/util\/geo\/visuGP.php\/?c=65098600\" target=\"_BLANK\" rel=\"noopener\">FR-65-0986<\/a><br>Col de Couret<\/li>\n<li><a class=\"iframe-fancybox\" href=\"https:\/\/centcols.org\/en\/util\/geo\/visuGP.php\/?c=65104200\" target=\"_BLANK\" rel=\"noopener\">FR-65-1042<\/a><br>Col de Moum\u00e8de<br><span class=\"note\">(Note 6)<\/span><\/li>\n<\/ol>\n<\/td>\n<td style=\"vertical-align: top;\">\n<ol>\n<li><a class=\"iframe-fancybox\" href=\"https:\/\/centcols.org\/en\/util\/geo\/visuGP.php\/?c=31129300\" target=\"_BLANK\" rel=\"noopener\">FR-31-1293<\/a><br>Col du Portillon de Burbe<br><span class=\"note\">(Note 7)<\/span><\/li>\n<li><a class=\"iframe-fancybox\" href=\"https:\/\/centcols.org\/en\/util\/geo\/visuICC.php\/?code=L-1337\" target=\"_BLANK\" rel=\"noopener\">ES-L-1337<\/a><br>Coret dera Artigueta<\/li>\n<li><a class=\"iframe-fancybox\" href=\"https:\/\/centcols.org\/en\/util\/geo\/visuGP.php\/?c=31174900\" target=\"_BLANK\" rel=\"noopener\">FR-31-1749<\/a><br>Col de Bar\u00e8ges<\/li>\n<li><span class=\"c2k\"><a class=\"iframe-fancybox\" href=\"https:\/\/centcols.org\/en\/util\/geo\/visuGP.php\/?c=31204801\" target=\"_BLANK\" rel=\"noopener\">FR-31-2048a<\/a><br>Passada d'era Trona<\/span><\/li>\n<li><span class=\"c2k\"><a class=\"iframe-fancybox\" href=\"https:\/\/centcols.org\/en\/util\/geo\/visuGP.php\/?c=31211400\" target=\"_BLANK\" rel=\"noopener\">FR-31-2114<\/a><br>Passage d'Arr\u00e8s<\/span><\/li>\n<li><span class=\"c2k\"><a class=\"iframe-fancybox\" href=\"https:\/\/centcols.org\/en\/util\/geo\/visuGP.php\/?c=31210500\" target=\"_BLANK\" rel=\"noopener\">FR-31-2105<\/a><br>Passage d'Arrou<\/span><\/li>\n<li><span class=\"c2k\"><a class=\"iframe-fancybox\" href=\"https:\/\/centcols.org\/en\/util\/geo\/visuGP.php\/?c=31204800\" target=\"_BLANK\" rel=\"noopener\">FR-31-2048<\/a><br>No Vilamos<\/span><\/li>\n<li><span class=\"c2k\"><a class=\"iframe-fancybox\" href=\"https:\/\/centcols.org\/en\/util\/geo\/visuICC.php\/?code=L-2013\" target=\"_BLANK\" rel=\"noopener\">ES-L-2013<\/a><br>Cot de Poilan\u00e8r<\/span><\/li>\n<li><span class=\"c2k\"><a class=\"iframe-fancybox\" href=\"https:\/\/centcols.org\/en\/util\/geo\/visuGP.php\/?c=31206900\" target=\"_BLANK\" rel=\"noopener\">FR-31-2069<\/a><br>Pas de la Montjoi<\/span><\/li>\n<\/ol>\n<\/td>\n<td style=\"vertical-align: top;\">\n<ol>\n<li><a class=\"iframe-fancybox\" href=\"https:\/\/centcols.org\/en\/util\/geo\/visuGP.php\/?c=31168300\" target=\"_BLANK\" rel=\"noopener\">FR-31-1683<\/a><br>Port of Court<\/li>\n<li><a class=\"iframe-fancybox\" href=\"https:\/\/centcols.org\/en\/util\/geo\/visuGP.php\/?c=31175500\" target=\"_BLANK\" rel=\"noopener\">FR-31-1755<\/a><br>Port of Bal\u00e8s<\/li>\n<li><a class=\"iframe-fancybox\" href=\"https:\/\/centcols.org\/en\/util\/geo\/visuGP.php\/?c=65165600\" target=\"_BLANK\" rel=\"noopener\">FR-65-1656<\/a><br>Col de Pradaus<\/li>\n<li><a class=\"iframe-fancybox\" href=\"https:\/\/centcols.org\/en\/util\/geo\/visuGP.php\/?c=65171000\" target=\"_BLANK\" rel=\"noopener\">FR-65-1710<\/a><br>Couret de St Martin<\/li>\n<li><a class=\"iframe-fancybox\" href=\"https:\/\/centcols.org\/en\/util\/geo\/visuGP.php\/?c=65164501\" target=\"_BLANK\" rel=\"noopener\">FR-65-1645a<\/a><br>Passage de la Courbe<\/li>\n<li><a class=\"iframe-fancybox\" href=\"https:\/\/centcols.org\/en\/util\/geo\/visuGP.php\/?c=31185502\" target=\"_BLANK\" rel=\"noopener\">FR-31-1855b<\/a><br>Port of Pierrefite<\/li>\n<li><span class=\"c2k\"><a class=\"iframe-fancybox\" href=\"https:\/\/centcols.org\/en\/util\/geo\/visuGP.php\/?c=65203500\" target=\"_BLANK\" rel=\"noopener\">FR-65-2035<\/a><br>Lion Pass<\/span><\/li>\n<li><span class=\"c2k\"><a class=\"iframe-fancybox\" href=\"https:\/\/centcols.org\/en\/util\/geo\/visuGP.php\/?c=31200100\" target=\"_BLANK\" rel=\"noopener\">FR-31-2001<\/a><br>Col de Louron<\/span><\/li>\n<li><span class=\"c2k\"><a class=\"iframe-fancybox\" href=\"https:\/\/centcols.org\/en\/util\/geo\/visuGP.php\/?c=31201500\" target=\"_BLANK\" rel=\"noopener\">FR-31-2015<\/a><br>Sahiestre pass<\/span><\/li>\n<li><a class=\"iframe-fancybox\" href=\"https:\/\/centcols.org\/en\/util\/geo\/visuGP.php\/?c=31199200\" target=\"_BLANK\" rel=\"noopener\">FR-31-1992<\/a><br>Port of Pinate<\/li>\n<\/ol>\n<\/td>\n<td style=\"vertical-align: top;\">\n<ol>\n<li><span class=\"c2k\"><a class=\"iframe-fancybox\" href=\"https:\/\/centcols.org\/en\/util\/geo\/visuGP.php\/?c=65221501\" target=\"_BLANK\" rel=\"noopener\">FR-65-2215a<\/a><br>Col de Portet<br><span class=\"note\">(Note 9)<\/span><\/span><\/li>\n<li><span class=\"c2k\"><a class=\"iframe-fancybox\" href=\"https:\/\/centcols.org\/en\/util\/geo\/visuGP.php\/?c=65227400\" target=\"_BLANK\" rel=\"noopener\">FR-65-2274<\/a><br>Col de Terre N\u00e8re<\/span><\/li>\n<\/ol>\n<\/td>\n<\/tr>\n<\/tbody>\n<\/table>\n<\/td>\n<td style=\"width: 0.601504%;\">&nbsp;<\/td>\n<td style=\"width: 1.80451%;\">&nbsp;<\/td>\n<td style=\"width: 1.50376%;\">&nbsp;<\/td>\n<td style=\"width: 1.95489%;\">&nbsp;<\/td>\n<\/tr>\n<\/tbody>\n<\/table>\n<\/div>\n\n\n\n<ul class=\"wp-block-list\">\n<li>Optional from the Col de Oueil Lusent:&nbsp;<a class=\"iframe-fancybox\" href=\"https:\/\/centcols.org\/en\/util\/geo\/visuGP.php\/?c=65139500\" target=\"_BLANK\" rel=\"noopener\">FR-65-1395<\/a> Col de Castillon (S3-S4) return journey.<\/li>\n\n\n\n<li>Optional after the Col de Moum\u00e8de, before returning to H\u00e8ches :&nbsp;<a class=\"iframe-fancybox\" href=\"https:\/\/centcols.org\/en\/util\/geo\/visuGP.php\/?c=65111400\" target=\"_blank\" rel=\"noopener\">FR-65-1114<\/a> Pas du Moun\u00e9 and back.<\/li>\n\n\n\n<li>Optional from the Burbe Gate:<a class=\"iframe-fancybox\" href=\"https:\/\/centcols.org\/en\/util\/geo\/visuICC.php\/?code=L-1355\" target=\"_BLANK\" rel=\"noopener\">ES-L-1355<\/a> Coret dera Cl\u00f2ta and <a class=\"iframe-fancybox\" href=\"https:\/\/centcols.org\/en\/util\/geo\/visuICC.php\/?code=L-1404\" target=\"_BLANK\" rel=\"noopener\">ES-L-1404<\/a> Coret de Samor\u00e8ra.<br>Parking difficulties.<\/li>\n\n\n\n<li>Option:&nbsp;<span class=\"c2k\"><a class=\"iframe-fancybox\" href=\"https:\/\/centcols.org\/en\/util\/geo\/visuGP.php\/?c=65242500\" target=\"_BLANK\" rel=\"noopener\">FR-65-2425<\/a><\/span> Jetas pass<\/li>\n<\/ul>\n\n\n\n<h2 class=\"wp-block-heading\">The report<\/h2>\n\n\n\n<h3 class=\"wp-block-heading\">A stay in Aure<\/h3>\n\n\n\n<p>So here we are, back in the Pyrenees, between the Aure and Louron valleys, on the borders of Comminges, Bigorre and Spain...<br>There were a few fewer of us than in 2008, around 150, but the atmosphere remained in keeping with the spirit of the Cent Cols: friendship, mutual aid and good humour.<\/p>\n\n\n\n<p>Of course, everyone had already climbed the neighbouring cols, but Alain Gillodes, the regional delegate, had managed to find some more or less secret cols, set to music by Ren\u00e9 Poty and 'images' by Mario Labelle. I've heard that some of the more or less 2,000-metre passes were not easy to find. You had to take the handlebars by the horns! Normal in the pastoral areas we crossed. We even sat down in the dung-strewn grass to watch the official ceremony at the Col d'Azet meeting, during which Claude B\u00e9nistrand gave his last speech as President. It was still a little early to say thank you to the team who will be handing over the reins at the next AGM, but we all thought about it!<\/p>\n\n\n\n<p>Even though this year's souvenir gift was a first aid kit, it's safe to assume that the club is not in any danger!<br>In addition to a large number of French visitors, the event was also attended by Italians, Swiss, English and two Australians who had travelled from Amsterdam. Hats off to them! As for the Swiss, I heard that two of them had extended their stay in the region.<\/p>\n\n\n\n<p>For 2010, we're heading north-east to the Vosges...<\/p>\n\n\n\n<p><strong>Georges Golse<\/strong><\/p>\n\n\n\n<h2 class=\"wp-block-heading\">Photo albums<\/h2>\n\n\n\n<figure class=\"wp-block-gallery has-nested-images columns-4 is-cropped wp-block-gallery-2 is-layout-flex wp-block-gallery-is-layout-flex\">\n<figure class=\"wp-block-image size-full\"><a href=\"https:\/\/centcols.org\/les_rendez-vous\/2009\/Val-Louron\/Albums\/01.htm\" target=\"_blank\" rel=\"noreferrer noopener\"><img loading=\"lazy\" decoding=\"async\" width=\"640\" height=\"480\" data-id=\"89186\" src=\"https:\/\/centcols.org\/wp-content\/uploads\/2009\/04\/4889_17.jpg\" alt=\"\" class=\"wp-image-89186\" srcset=\"https:\/\/centcols.org\/wp-content\/uploads\/2009\/04\/4889_17.jpg 640w, https:\/\/centcols.org\/wp-content\/uploads\/2009\/04\/4889_17-16x12.jpg 16w\" sizes=\"auto, (max-width: 640px) 100vw, 640px\" \/><\/a><figcaption class=\"wp-element-caption\">Album by Mario Labelle<\/figcaption><\/figure>\n\n\n\n<figure class=\"wp-block-image size-full\"><a href=\"https:\/\/centcols.org\/les_rendez-vous\/2009\/Val-Louron\/Albums\/03.htm\" target=\"_blank\" rel=\"noreferrer noopener\"><img loading=\"lazy\" decoding=\"async\" width=\"642\" height=\"482\" data-id=\"89188\" src=\"https:\/\/centcols.org\/wp-content\/uploads\/2009\/04\/rg39.jpg\" alt=\"\" class=\"wp-image-89188\" srcset=\"https:\/\/centcols.org\/wp-content\/uploads\/2009\/04\/rg39.jpg 642w, https:\/\/centcols.org\/wp-content\/uploads\/2009\/04\/rg39-16x12.jpg 16w\" sizes=\"auto, (max-width: 642px) 100vw, 642px\" \/><\/a><figcaption class=\"wp-element-caption\">Album by Guy Ruffi\u00e9<\/figcaption><\/figure>\n\n\n\n<figure class=\"wp-block-image size-full\"><a href=\"https:\/\/centcols.org\/les_rendez-vous\/2009\/Val-Louron\/Albums\/04.htm\" target=\"_blank\" rel=\"noreferrer noopener\"><img loading=\"lazy\" decoding=\"async\" width=\"642\" height=\"482\" data-id=\"89190\" src=\"https:\/\/centcols.org\/wp-content\/uploads\/2009\/04\/jplambert-085.jpg\" alt=\"\" class=\"wp-image-89190\" srcset=\"https:\/\/centcols.org\/wp-content\/uploads\/2009\/04\/jplambert-085.jpg 642w, https:\/\/centcols.org\/wp-content\/uploads\/2009\/04\/jplambert-085-16x12.jpg 16w\" sizes=\"auto, (max-width: 642px) 100vw, 642px\" \/><\/a><figcaption class=\"wp-element-caption\">Album by Jean-Pierre Lambert<\/figcaption><\/figure>\n\n\n\n<figure class=\"wp-block-image size-full\"><a href=\"https:\/\/centcols.org\/les_rendez-vous\/2009\/Val-Louron\/Albums\/05.htm\" target=\"_blank\" rel=\"noreferrer noopener\"><img loading=\"lazy\" decoding=\"async\" width=\"642\" height=\"482\" data-id=\"89191\" src=\"https:\/\/centcols.org\/wp-content\/uploads\/2009\/04\/jbernauer-776.jpg\" alt=\"\" class=\"wp-image-89191\" srcset=\"https:\/\/centcols.org\/wp-content\/uploads\/2009\/04\/jbernauer-776.jpg 642w, https:\/\/centcols.org\/wp-content\/uploads\/2009\/04\/jbernauer-776-16x12.jpg 16w\" sizes=\"auto, (max-width: 642px) 100vw, 642px\" \/><\/a><figcaption class=\"wp-element-caption\">Album by Jean Bernauer<\/figcaption><\/figure>\n\n\n\n<figure class=\"wp-block-image size-full\"><a href=\"https:\/\/centcols.org\/les_rendez-vous\/2009\/Val-Louron\/Albums\/06.htm\" target=\"_blank\" rel=\"noreferrer noopener\"><img loading=\"lazy\" decoding=\"async\" width=\"642\" height=\"482\" data-id=\"89193\" src=\"https:\/\/centcols.org\/wp-content\/uploads\/2009\/04\/alotto-001.jpg\" alt=\"\" class=\"wp-image-89193\" srcset=\"https:\/\/centcols.org\/wp-content\/uploads\/2009\/04\/alotto-001.jpg 642w, https:\/\/centcols.org\/wp-content\/uploads\/2009\/04\/alotto-001-16x12.jpg 16w\" sizes=\"auto, (max-width: 642px) 100vw, 642px\" \/><\/a><figcaption class=\"wp-element-caption\">Alf\u00e9o Lotto album<\/figcaption><\/figure>\n\n\n\n<figure class=\"wp-block-image size-full\"><a href=\"https:\/\/centcols.org\/les_rendez-vous\/2009\/Val-Louron\/Albums\/07.htm\" target=\"_blank\" rel=\"noreferrer noopener\"><img loading=\"lazy\" decoding=\"async\" width=\"640\" height=\"480\" data-id=\"89194\" src=\"https:\/\/centcols.org\/wp-content\/uploads\/2009\/04\/5925-13.jpg\" alt=\"\" class=\"wp-image-89194\" srcset=\"https:\/\/centcols.org\/wp-content\/uploads\/2009\/04\/5925-13.jpg 640w, https:\/\/centcols.org\/wp-content\/uploads\/2009\/04\/5925-13-16x12.jpg 16w\" sizes=\"auto, (max-width: 640px) 100vw, 640px\" \/><\/a><figcaption class=\"wp-element-caption\">Album by Thierry Labour<\/figcaption><\/figure>\n\n\n\n<figure class=\"wp-block-image size-full\"><img loading=\"lazy\" decoding=\"async\" width=\"640\" height=\"480\" data-id=\"89195\" src=\"https:\/\/centcols.org\/wp-content\/uploads\/2009\/04\/5065-04.jpg\" alt=\"\" class=\"wp-image-89195\" srcset=\"https:\/\/centcols.org\/wp-content\/uploads\/2009\/04\/5065-04.jpg 640w, https:\/\/centcols.org\/wp-content\/uploads\/2009\/04\/5065-04-16x12.jpg 16w\" sizes=\"auto, (max-width: 640px) 100vw, 640px\" \/><figcaption class=\"wp-element-caption\">Album by Enrico Alberini<\/figcaption><\/figure>\n\n\n\n<figure class=\"wp-block-image size-full\"><a href=\"https:\/\/centcols.org\/les_rendez-vous\/2009\/Val-Louron\/Albums\/09.htm\" target=\"_blank\" rel=\"noreferrer noopener\"><img loading=\"lazy\" decoding=\"async\" width=\"640\" height=\"480\" data-id=\"89196\" src=\"https:\/\/centcols.org\/wp-content\/uploads\/2009\/04\/touzeau-23.jpg\" alt=\"\" class=\"wp-image-89196\" srcset=\"https:\/\/centcols.org\/wp-content\/uploads\/2009\/04\/touzeau-23.jpg 640w, https:\/\/centcols.org\/wp-content\/uploads\/2009\/04\/touzeau-23-16x12.jpg 16w\" sizes=\"auto, (max-width: 640px) 100vw, 640px\" \/><\/a><figcaption class=\"wp-element-caption\"><a href=\"https:\/\/centcols.org\/les_rendez-vous\/2009\/Val-Louron\/Albums\/09.htm\" target=\"_blank\" rel=\"noreferrer noopener\">Francis Touzeau album<\/a><\/figcaption><\/figure>\n\n\n\n<figure class=\"wp-block-image size-full\"><a href=\"https:\/\/centcols.org\/les_rendez-vous\/2009\/Val-Louron\/Albums\/10.htm\" target=\"_blank\" rel=\"noreferrer noopener\"><img loading=\"lazy\" decoding=\"async\" width=\"640\" height=\"427\" data-id=\"89198\" src=\"https:\/\/centcols.org\/wp-content\/uploads\/2009\/04\/3956-11.jpg\" alt=\"\" class=\"wp-image-89198\" srcset=\"https:\/\/centcols.org\/wp-content\/uploads\/2009\/04\/3956-11.jpg 640w, https:\/\/centcols.org\/wp-content\/uploads\/2009\/04\/3956-11-18x12.jpg 18w\" sizes=\"auto, (max-width: 640px) 100vw, 640px\" \/><\/a><figcaption class=\"wp-element-caption\">Album by Agn\u00e8s M\u00e9oulet-Morieux<\/figcaption><\/figure>\n\n\n\n<figure class=\"wp-block-image size-full\"><a href=\"https:\/\/centcols.org\/les_rendez-vous\/2009\/Val-Louron\/Albums\/11.htm\" target=\"_blank\" rel=\"noreferrer noopener\"><img loading=\"lazy\" decoding=\"async\" width=\"640\" height=\"480\" data-id=\"89199\" src=\"https:\/\/centcols.org\/wp-content\/uploads\/2009\/04\/Cowham-13-06-1.jpg\" alt=\"\" class=\"wp-image-89199\" srcset=\"https:\/\/centcols.org\/wp-content\/uploads\/2009\/04\/Cowham-13-06-1.jpg 640w, https:\/\/centcols.org\/wp-content\/uploads\/2009\/04\/Cowham-13-06-1-16x12.jpg 16w\" sizes=\"auto, (max-width: 640px) 100vw, 640px\" \/><\/a><figcaption class=\"wp-element-caption\">Album by Gerald Cowham<\/figcaption><\/figure>\n\n\n\n<figure class=\"wp-block-image size-full\"><a href=\"https:\/\/centcols.org\/les_rendez-vous\/2009\/Val-Louron\/Albums\/12.htm\" target=\"_blank\" rel=\"noreferrer noopener\"><img loading=\"lazy\" decoding=\"async\" width=\"648\" height=\"486\" data-id=\"89200\" src=\"https:\/\/centcols.org\/wp-content\/uploads\/2009\/04\/5480-04a.jpg\" alt=\"\" class=\"wp-image-89200\" srcset=\"https:\/\/centcols.org\/wp-content\/uploads\/2009\/04\/5480-04a.jpg 648w, https:\/\/centcols.org\/wp-content\/uploads\/2009\/04\/5480-04a-16x12.jpg 16w\" sizes=\"auto, (max-width: 648px) 100vw, 648px\" \/><\/a><figcaption class=\"wp-element-caption\">Album by Ren\u00e9 Rial<\/figcaption><\/figure>\n\n\n\n<figure class=\"wp-block-image size-full\"><a href=\"https:\/\/centcols.org\/les_rendez-vous\/2009\/Val-Louron\/Albums\/13.htm\" target=\"_blank\" rel=\"noreferrer noopener\"><img loading=\"lazy\" decoding=\"async\" width=\"642\" height=\"482\" data-id=\"89201\" src=\"https:\/\/centcols.org\/wp-content\/uploads\/2009\/04\/harle-64.jpg\" alt=\"\" class=\"wp-image-89201\" srcset=\"https:\/\/centcols.org\/wp-content\/uploads\/2009\/04\/harle-64.jpg 642w, https:\/\/centcols.org\/wp-content\/uploads\/2009\/04\/harle-64-16x12.jpg 16w\" sizes=\"auto, (max-width: 642px) 100vw, 642px\" \/><\/a><figcaption class=\"wp-element-caption\">Album by Guy Harl\u00e9<\/figcaption><\/figure>\n\n\n\n<figure class=\"wp-block-image size-full\"><a href=\"https:\/\/centcols.org\/les_rendez-vous\/2009\/Val-Louron\/Albums\/14.htm\" target=\"_blank\" rel=\"noreferrer noopener\"><img loading=\"lazy\" decoding=\"async\" width=\"642\" height=\"520\" data-id=\"89202\" src=\"https:\/\/centcols.org\/wp-content\/uploads\/2009\/04\/poty-29.jpg\" alt=\"\" class=\"wp-image-89202\" srcset=\"https:\/\/centcols.org\/wp-content\/uploads\/2009\/04\/poty-29.jpg 642w, https:\/\/centcols.org\/wp-content\/uploads\/2009\/04\/poty-29-15x12.jpg 15w\" sizes=\"auto, (max-width: 642px) 100vw, 642px\" \/><\/a><figcaption class=\"wp-element-caption\">Album by Nicole and Ren\u00e9 Poty<\/figcaption><\/figure>\n\n\n\n<figure class=\"wp-block-image size-full\"><a href=\"https:\/\/centcols.org\/les_rendez-vous\/2009\/Val-Louron\/Albums\/15.htm\" target=\"_blank\" rel=\"noreferrer noopener\"><img loading=\"lazy\" decoding=\"async\" width=\"640\" height=\"480\" data-id=\"89203\" src=\"https:\/\/centcols.org\/wp-content\/uploads\/2009\/04\/gillodes-133.jpg\" alt=\"\" class=\"wp-image-89203\" srcset=\"https:\/\/centcols.org\/wp-content\/uploads\/2009\/04\/gillodes-133.jpg 640w, https:\/\/centcols.org\/wp-content\/uploads\/2009\/04\/gillodes-133-16x12.jpg 16w\" sizes=\"auto, (max-width: 640px) 100vw, 640px\" \/><\/a><figcaption class=\"wp-element-caption\">Album by Alain Gillodes<\/figcaption><\/figure>\n\n\n\n<figure class=\"wp-block-image size-full\"><a href=\"https:\/\/centcols.org\/les_rendez-vous\/2009\/Val-Louron\/Albums\/02.htm\" target=\"_blank\" rel=\"noreferrer noopener\"><img loading=\"lazy\" decoding=\"async\" width=\"640\" height=\"480\" data-id=\"89204\" src=\"https:\/\/centcols.org\/wp-content\/uploads\/2009\/04\/4889_24.jpg\" alt=\"\" class=\"wp-image-89204\" srcset=\"https:\/\/centcols.org\/wp-content\/uploads\/2009\/04\/4889_24.jpg 640w, https:\/\/centcols.org\/wp-content\/uploads\/2009\/04\/4889_24-16x12.jpg 16w\" sizes=\"auto, (max-width: 640px) 100vw, 640px\" \/><\/a><figcaption class=\"wp-element-caption\">Album by Mario Labelle<\/figcaption><\/figure>\n<\/figure>","protected":false},"excerpt":{"rendered":"<p>Pr\u00e9sentation Comme chaque ann\u00e9e, \u00e0 la mi-ao\u00fbt, le Club des Cent Cols convie ses adh\u00e9rents \u00e0 un rassemblement international au sommet d&rsquo;un col. Le samedi 15 ao\u00fbt 2009, nous nous retrouverons au sommet du col d&rsquo;Azet (FR-65-1580) dans les Pyr\u00e9n\u00e9es. Ce rassemblement s&rsquo;accompagnera d&rsquo;un s\u00e9jour (du 11\/08 au soir au 15\/08 \u00e0 midi). Notre h\u00e9bergement [&hellip;]<\/p>\n","protected":false},"author":3,"featured_media":81620,"comment_status":"closed","ping_status":"closed","sticky":false,"template":"","format":"standard","meta":{"_acf_changed":false,"footnotes":""},"categories":[349,384,135,421,379,231],"tags":[],"class_list":["post-81619","post","type-post","status-publish","format-standard","has-post-thumbnail","hentry","category-france-pays-sejours","category-occitanie-region-sejours","category-calendrier","category-65-hautes-pyrenees-departement-sejours","category-pyrenees-massif-sejours","category-sejours"],"acf":[],"yoast_head":"<!-- This site is optimized with the Yoast SEO plugin v27.2 - https:\/\/yoast.com\/product\/yoast-seo-wordpress\/ -->\n<title>S\u00e9jour estival du Club des Cent Cols \u00e0 Val-Louron (Hautes-Pyr\u00e9n\u00e9es) du 11 au 15 ao\u00fbt 2009 - Club des Cent Cols<\/title>\n<meta name=\"robots\" content=\"index, follow, max-snippet:-1, max-image-preview:large, max-video-preview:-1\" \/>\n<link rel=\"canonical\" href=\"https:\/\/centcols.org\/en\/cent-cols-club-summer-break-in-val-louron-hautes-pyrenees-from-11-to-15-august-2009\/\" \/>\n<meta property=\"og:locale\" content=\"en_GB\" \/>\n<meta property=\"og:type\" content=\"article\" \/>\n<meta property=\"og:title\" content=\"S\u00e9jour estival du Club des Cent Cols \u00e0 Val-Louron (Hautes-Pyr\u00e9n\u00e9es) du 11 au 15 ao\u00fbt 2009 - Club des Cent Cols\" \/>\n<meta property=\"og:description\" content=\"Pr\u00e9sentation Comme chaque ann\u00e9e, \u00e0 la mi-ao\u00fbt, le Club des Cent Cols convie ses adh\u00e9rents \u00e0 un rassemblement international au sommet d&rsquo;un col. Le samedi 15 ao\u00fbt 2009, nous nous retrouverons au sommet du col d&rsquo;Azet (FR-65-1580) dans les Pyr\u00e9n\u00e9es. Ce rassemblement s&rsquo;accompagnera d&rsquo;un s\u00e9jour (du 11\/08 au soir au 15\/08 \u00e0 midi). Notre h\u00e9bergement [&hellip;]\" \/>\n<meta property=\"og:url\" content=\"https:\/\/centcols.org\/en\/cent-cols-club-summer-break-in-val-louron-hautes-pyrenees-from-11-to-15-august-2009\/\" \/>\n<meta property=\"og:site_name\" content=\"Club des Cent Cols\" \/>\n<meta property=\"article:publisher\" content=\"https:\/\/www.facebook.com\/groups\/5261880558\/?locale=fr_FR\" \/>\n<meta property=\"article:published_time\" content=\"2009-04-23T08:06:00+00:00\" \/>\n<meta property=\"article:modified_time\" content=\"2025-10-02T09:25:38+00:00\" \/>\n<meta property=\"og:image\" content=\"https:\/\/centcols.org\/wp-content\/uploads\/2025\/05\/Cowham-13-06-1.jpg\" \/>\n\t<meta property=\"og:image:width\" content=\"640\" \/>\n\t<meta property=\"og:image:height\" content=\"480\" \/>\n\t<meta property=\"og:image:type\" content=\"image\/jpeg\" \/>\n<meta name=\"author\" content=\"Webmestre\" \/>\n<meta name=\"twitter:card\" content=\"summary_large_image\" \/>\n<meta name=\"twitter:label1\" content=\"Written by\" \/>\n\t<meta name=\"twitter:data1\" content=\"Webmestre\" \/>\n\t<meta name=\"twitter:label2\" content=\"Estimated reading time\" \/>\n\t<meta name=\"twitter:data2\" content=\"10 minutes\" \/>\n<script type=\"application\/ld+json\" class=\"yoast-schema-graph\">{\"@context\":\"https:\/\/schema.org\",\"@graph\":[{\"@type\":\"Article\",\"@id\":\"https:\/\/centcols.org\/sejour-estival-du-club-des-cent-cols-a-val-louron-hautes-pyrenees-du-11-au-15-aout-2009\/#article\",\"isPartOf\":{\"@id\":\"https:\/\/centcols.org\/sejour-estival-du-club-des-cent-cols-a-val-louron-hautes-pyrenees-du-11-au-15-aout-2009\/\"},\"author\":{\"name\":\"Webmestre\",\"@id\":\"https:\/\/centcols.org\/#\/schema\/person\/911b404fb133d8c913dd27cdcf71c8e5\"},\"headline\":\"S\u00e9jour estival du Club des Cent Cols \u00e0 Val-Louron (Hautes-Pyr\u00e9n\u00e9es) du 11 au 15 ao\u00fbt 2009\",\"datePublished\":\"2009-04-23T08:06:00+00:00\",\"dateModified\":\"2025-10-02T09:25:38+00:00\",\"mainEntityOfPage\":{\"@id\":\"https:\/\/centcols.org\/sejour-estival-du-club-des-cent-cols-a-val-louron-hautes-pyrenees-du-11-au-15-aout-2009\/\"},\"wordCount\":1191,\"publisher\":{\"@id\":\"https:\/\/centcols.org\/#organization\"},\"image\":{\"@id\":\"https:\/\/centcols.org\/sejour-estival-du-club-des-cent-cols-a-val-louron-hautes-pyrenees-du-11-au-15-aout-2009\/#primaryimage\"},\"thumbnailUrl\":\"https:\/\/centcols.org\/wp-content\/uploads\/2025\/05\/Cowham-13-06-1.jpg\",\"articleSection\":[\"France\",\"Occitanie\",\"Calendrier\",\"65-Hautes-Pyr\u00e9n\u00e9es\",\"Pyr\u00e9n\u00e9es\",\"S\u00e9jours du Club des Cent Cols\"],\"inLanguage\":\"en-GB\"},{\"@type\":\"WebPage\",\"@id\":\"https:\/\/centcols.org\/sejour-estival-du-club-des-cent-cols-a-val-louron-hautes-pyrenees-du-11-au-15-aout-2009\/\",\"url\":\"https:\/\/centcols.org\/sejour-estival-du-club-des-cent-cols-a-val-louron-hautes-pyrenees-du-11-au-15-aout-2009\/\",\"name\":\"S\u00e9jour estival du Club des Cent Cols \u00e0 Val-Louron (Hautes-Pyr\u00e9n\u00e9es) du 11 au 15 ao\u00fbt 2009 - Club des Cent Cols\",\"isPartOf\":{\"@id\":\"https:\/\/centcols.org\/#website\"},\"primaryImageOfPage\":{\"@id\":\"https:\/\/centcols.org\/sejour-estival-du-club-des-cent-cols-a-val-louron-hautes-pyrenees-du-11-au-15-aout-2009\/#primaryimage\"},\"image\":{\"@id\":\"https:\/\/centcols.org\/sejour-estival-du-club-des-cent-cols-a-val-louron-hautes-pyrenees-du-11-au-15-aout-2009\/#primaryimage\"},\"thumbnailUrl\":\"https:\/\/centcols.org\/wp-content\/uploads\/2025\/05\/Cowham-13-06-1.jpg\",\"datePublished\":\"2009-04-23T08:06:00+00:00\",\"dateModified\":\"2025-10-02T09:25:38+00:00\",\"breadcrumb\":{\"@id\":\"https:\/\/centcols.org\/sejour-estival-du-club-des-cent-cols-a-val-louron-hautes-pyrenees-du-11-au-15-aout-2009\/#breadcrumb\"},\"inLanguage\":\"en-GB\",\"potentialAction\":[{\"@type\":\"ReadAction\",\"target\":[\"https:\/\/centcols.org\/sejour-estival-du-club-des-cent-cols-a-val-louron-hautes-pyrenees-du-11-au-15-aout-2009\/\"]}]},{\"@type\":\"ImageObject\",\"inLanguage\":\"en-GB\",\"@id\":\"https:\/\/centcols.org\/sejour-estival-du-club-des-cent-cols-a-val-louron-hautes-pyrenees-du-11-au-15-aout-2009\/#primaryimage\",\"url\":\"https:\/\/centcols.org\/wp-content\/uploads\/2025\/05\/Cowham-13-06-1.jpg\",\"contentUrl\":\"https:\/\/centcols.org\/wp-content\/uploads\/2025\/05\/Cowham-13-06-1.jpg\",\"width\":640,\"height\":480},{\"@type\":\"BreadcrumbList\",\"@id\":\"https:\/\/centcols.org\/sejour-estival-du-club-des-cent-cols-a-val-louron-hautes-pyrenees-du-11-au-15-aout-2009\/#breadcrumb\",\"itemListElement\":[{\"@type\":\"ListItem\",\"position\":1,\"name\":\"Accueil\",\"item\":\"https:\/\/centcols.org\/\"},{\"@type\":\"ListItem\",\"position\":2,\"name\":\"S\u00e9jours du Club des Cent Cols\",\"item\":\"https:\/\/centcols.org\/rubrique\/sejours\/\"},{\"@type\":\"ListItem\",\"position\":3,\"name\":\"Pays\",\"item\":\"https:\/\/centcols.org\/rubrique\/sejours\/pays-sejours\/\"},{\"@type\":\"ListItem\",\"position\":4,\"name\":\"France\",\"item\":\"https:\/\/centcols.org\/rubrique\/sejours\/pays-sejours\/france-pays-sejours\/\"},{\"@type\":\"ListItem\",\"position\":5,\"name\":\"S\u00e9jour estival du Club des Cent Cols \u00e0 Val-Louron (Hautes-Pyr\u00e9n\u00e9es) du 11 au 15 ao\u00fbt 2009\"}]},{\"@type\":\"WebSite\",\"@id\":\"https:\/\/centcols.org\/#website\",\"url\":\"https:\/\/centcols.org\/\",\"name\":\"Club des Cent Cols\",\"description\":\"\",\"publisher\":{\"@id\":\"https:\/\/centcols.org\/#organization\"},\"potentialAction\":[{\"@type\":\"SearchAction\",\"target\":{\"@type\":\"EntryPoint\",\"urlTemplate\":\"https:\/\/centcols.org\/?s={search_term_string}\"},\"query-input\":{\"@type\":\"PropertyValueSpecification\",\"valueRequired\":true,\"valueName\":\"search_term_string\"}}],\"inLanguage\":\"en-GB\"},{\"@type\":\"Organization\",\"@id\":\"https:\/\/centcols.org\/#organization\",\"name\":\"Club des Cent Cols\",\"url\":\"https:\/\/centcols.org\/\",\"logo\":{\"@type\":\"ImageObject\",\"inLanguage\":\"en-GB\",\"@id\":\"https:\/\/centcols.org\/#\/schema\/logo\/image\/\",\"url\":\"https:\/\/centcols.org\/wp-content\/uploads\/2025\/01\/carte-icone.png\",\"contentUrl\":\"https:\/\/centcols.org\/wp-content\/uploads\/2025\/01\/carte-icone.png\",\"width\":250,\"height\":250,\"caption\":\"Club des Cent Cols\"},\"image\":{\"@id\":\"https:\/\/centcols.org\/#\/schema\/logo\/image\/\"},\"sameAs\":[\"https:\/\/www.facebook.com\/groups\/5261880558\/?locale=fr_FR\"]},{\"@type\":\"Person\",\"@id\":\"https:\/\/centcols.org\/#\/schema\/person\/911b404fb133d8c913dd27cdcf71c8e5\",\"name\":\"Webmestre\",\"image\":{\"@type\":\"ImageObject\",\"inLanguage\":\"en-GB\",\"@id\":\"https:\/\/centcols.org\/wp-content\/litespeed\/avatar\/2d246e4b6b4f773e08515e1ffc53690b.jpg?ver=1777222892\",\"url\":\"https:\/\/centcols.org\/wp-content\/litespeed\/avatar\/2d246e4b6b4f773e08515e1ffc53690b.jpg?ver=1777222892\",\"contentUrl\":\"https:\/\/centcols.org\/wp-content\/litespeed\/avatar\/2d246e4b6b4f773e08515e1ffc53690b.jpg?ver=1777222892\",\"caption\":\"Webmestre\"},\"url\":\"https:\/\/centcols.org\/en\/author\/webmestre\/\"}]}<\/script>\n<!-- \/ Yoast SEO plugin. -->","yoast_head_json":{"title":"Summer holiday of the Club des Cent Cols in Val-Louron (Hautes-Pyr\u00e9n\u00e9es) from 11 to 15 August 2009 - Club des Cent Cols","robots":{"index":"index","follow":"follow","max-snippet":"max-snippet:-1","max-image-preview":"max-image-preview:large","max-video-preview":"max-video-preview:-1"},"canonical":"https:\/\/centcols.org\/en\/cent-cols-club-summer-break-in-val-louron-hautes-pyrenees-from-11-to-15-august-2009\/","og_locale":"en_GB","og_type":"article","og_title":"S\u00e9jour estival du Club des Cent Cols \u00e0 Val-Louron (Hautes-Pyr\u00e9n\u00e9es) du 11 au 15 ao\u00fbt 2009 - Club des Cent Cols","og_description":"Pr\u00e9sentation Comme chaque ann\u00e9e, \u00e0 la mi-ao\u00fbt, le Club des Cent Cols convie ses adh\u00e9rents \u00e0 un rassemblement international au sommet d&rsquo;un col. Le samedi 15 ao\u00fbt 2009, nous nous retrouverons au sommet du col d&rsquo;Azet (FR-65-1580) dans les Pyr\u00e9n\u00e9es. Ce rassemblement s&rsquo;accompagnera d&rsquo;un s\u00e9jour (du 11\/08 au soir au 15\/08 \u00e0 midi). Notre h\u00e9bergement [&hellip;]","og_url":"https:\/\/centcols.org\/en\/cent-cols-club-summer-break-in-val-louron-hautes-pyrenees-from-11-to-15-august-2009\/","og_site_name":"Club des Cent Cols","article_publisher":"https:\/\/www.facebook.com\/groups\/5261880558\/?locale=fr_FR","article_published_time":"2009-04-23T08:06:00+00:00","article_modified_time":"2025-10-02T09:25:38+00:00","og_image":[{"width":640,"height":480,"url":"https:\/\/centcols.org\/wp-content\/uploads\/2025\/05\/Cowham-13-06-1.jpg","type":"image\/jpeg"}],"author":"Webmestre","twitter_card":"summary_large_image","twitter_misc":{"Written by":"Webmestre","Estimated reading time":"10 minutes"},"schema":{"@context":"https:\/\/schema.org","@graph":[{"@type":"Article","@id":"https:\/\/centcols.org\/sejour-estival-du-club-des-cent-cols-a-val-louron-hautes-pyrenees-du-11-au-15-aout-2009\/#article","isPartOf":{"@id":"https:\/\/centcols.org\/sejour-estival-du-club-des-cent-cols-a-val-louron-hautes-pyrenees-du-11-au-15-aout-2009\/"},"author":{"name":"Webmestre","@id":"https:\/\/centcols.org\/#\/schema\/person\/911b404fb133d8c913dd27cdcf71c8e5"},"headline":"S\u00e9jour estival du Club des Cent Cols \u00e0 Val-Louron (Hautes-Pyr\u00e9n\u00e9es) du 11 au 15 ao\u00fbt 2009","datePublished":"2009-04-23T08:06:00+00:00","dateModified":"2025-10-02T09:25:38+00:00","mainEntityOfPage":{"@id":"https:\/\/centcols.org\/sejour-estival-du-club-des-cent-cols-a-val-louron-hautes-pyrenees-du-11-au-15-aout-2009\/"},"wordCount":1191,"publisher":{"@id":"https:\/\/centcols.org\/#organization"},"image":{"@id":"https:\/\/centcols.org\/sejour-estival-du-club-des-cent-cols-a-val-louron-hautes-pyrenees-du-11-au-15-aout-2009\/#primaryimage"},"thumbnailUrl":"https:\/\/centcols.org\/wp-content\/uploads\/2025\/05\/Cowham-13-06-1.jpg","articleSection":["France","Occitanie","Calendrier","65-Hautes-Pyr\u00e9n\u00e9es","Pyr\u00e9n\u00e9es","S\u00e9jours du Club des Cent Cols"],"inLanguage":"en-GB"},{"@type":"WebPage","@id":"https:\/\/centcols.org\/sejour-estival-du-club-des-cent-cols-a-val-louron-hautes-pyrenees-du-11-au-15-aout-2009\/","url":"https:\/\/centcols.org\/sejour-estival-du-club-des-cent-cols-a-val-louron-hautes-pyrenees-du-11-au-15-aout-2009\/","name":"Summer holiday of the Club des Cent Cols in Val-Louron (Hautes-Pyr\u00e9n\u00e9es) from 11 to 15 August 2009 - Club des Cent Cols","isPartOf":{"@id":"https:\/\/centcols.org\/#website"},"primaryImageOfPage":{"@id":"https:\/\/centcols.org\/sejour-estival-du-club-des-cent-cols-a-val-louron-hautes-pyrenees-du-11-au-15-aout-2009\/#primaryimage"},"image":{"@id":"https:\/\/centcols.org\/sejour-estival-du-club-des-cent-cols-a-val-louron-hautes-pyrenees-du-11-au-15-aout-2009\/#primaryimage"},"thumbnailUrl":"https:\/\/centcols.org\/wp-content\/uploads\/2025\/05\/Cowham-13-06-1.jpg","datePublished":"2009-04-23T08:06:00+00:00","dateModified":"2025-10-02T09:25:38+00:00","breadcrumb":{"@id":"https:\/\/centcols.org\/sejour-estival-du-club-des-cent-cols-a-val-louron-hautes-pyrenees-du-11-au-15-aout-2009\/#breadcrumb"},"inLanguage":"en-GB","potentialAction":[{"@type":"ReadAction","target":["https:\/\/centcols.org\/sejour-estival-du-club-des-cent-cols-a-val-louron-hautes-pyrenees-du-11-au-15-aout-2009\/"]}]},{"@type":"ImageObject","inLanguage":"en-GB","@id":"https:\/\/centcols.org\/sejour-estival-du-club-des-cent-cols-a-val-louron-hautes-pyrenees-du-11-au-15-aout-2009\/#primaryimage","url":"https:\/\/centcols.org\/wp-content\/uploads\/2025\/05\/Cowham-13-06-1.jpg","contentUrl":"https:\/\/centcols.org\/wp-content\/uploads\/2025\/05\/Cowham-13-06-1.jpg","width":640,"height":480},{"@type":"BreadcrumbList","@id":"https:\/\/centcols.org\/sejour-estival-du-club-des-cent-cols-a-val-louron-hautes-pyrenees-du-11-au-15-aout-2009\/#breadcrumb","itemListElement":[{"@type":"ListItem","position":1,"name":"Accueil","item":"https:\/\/centcols.org\/"},{"@type":"ListItem","position":2,"name":"S\u00e9jours du Club des Cent Cols","item":"https:\/\/centcols.org\/rubrique\/sejours\/"},{"@type":"ListItem","position":3,"name":"Pays","item":"https:\/\/centcols.org\/rubrique\/sejours\/pays-sejours\/"},{"@type":"ListItem","position":4,"name":"France","item":"https:\/\/centcols.org\/rubrique\/sejours\/pays-sejours\/france-pays-sejours\/"},{"@type":"ListItem","position":5,"name":"S\u00e9jour estival du Club des Cent Cols \u00e0 Val-Louron (Hautes-Pyr\u00e9n\u00e9es) du 11 au 15 ao\u00fbt 2009"}]},{"@type":"WebSite","@id":"https:\/\/centcols.org\/#website","url":"https:\/\/centcols.org\/","name":"Club des Cent Cols","description":"","publisher":{"@id":"https:\/\/centcols.org\/#organization"},"potentialAction":[{"@type":"SearchAction","target":{"@type":"EntryPoint","urlTemplate":"https:\/\/centcols.org\/?s={search_term_string}"},"query-input":{"@type":"PropertyValueSpecification","valueRequired":true,"valueName":"search_term_string"}}],"inLanguage":"en-GB"},{"@type":"Organization","@id":"https:\/\/centcols.org\/#organization","name":"Club des Cent Cols","url":"https:\/\/centcols.org\/","logo":{"@type":"ImageObject","inLanguage":"en-GB","@id":"https:\/\/centcols.org\/#\/schema\/logo\/image\/","url":"https:\/\/centcols.org\/wp-content\/uploads\/2025\/01\/carte-icone.png","contentUrl":"https:\/\/centcols.org\/wp-content\/uploads\/2025\/01\/carte-icone.png","width":250,"height":250,"caption":"Club des Cent Cols"},"image":{"@id":"https:\/\/centcols.org\/#\/schema\/logo\/image\/"},"sameAs":["https:\/\/www.facebook.com\/groups\/5261880558\/?locale=fr_FR"]},{"@type":"Person","@id":"https:\/\/centcols.org\/#\/schema\/person\/911b404fb133d8c913dd27cdcf71c8e5","name":"Webmaster","image":{"@type":"ImageObject","inLanguage":"en-GB","@id":"https:\/\/centcols.org\/wp-content\/litespeed\/avatar\/2d246e4b6b4f773e08515e1ffc53690b.jpg?ver=1777222892","url":"https:\/\/centcols.org\/wp-content\/litespeed\/avatar\/2d246e4b6b4f773e08515e1ffc53690b.jpg?ver=1777222892","contentUrl":"https:\/\/centcols.org\/wp-content\/litespeed\/avatar\/2d246e4b6b4f773e08515e1ffc53690b.jpg?ver=1777222892","caption":"Webmestre"},"url":"https:\/\/centcols.org\/en\/author\/webmestre\/"}]}},"_links":{"self":[{"href":"https:\/\/centcols.org\/en\/wp-json\/wp\/v2\/posts\/81619","targetHints":{"allow":["GET"]}}],"collection":[{"href":"https:\/\/centcols.org\/en\/wp-json\/wp\/v2\/posts"}],"about":[{"href":"https:\/\/centcols.org\/en\/wp-json\/wp\/v2\/types\/post"}],"author":[{"embeddable":true,"href":"https:\/\/centcols.org\/en\/wp-json\/wp\/v2\/users\/3"}],"replies":[{"embeddable":true,"href":"https:\/\/centcols.org\/en\/wp-json\/wp\/v2\/comments?post=81619"}],"version-history":[{"count":0,"href":"https:\/\/centcols.org\/en\/wp-json\/wp\/v2\/posts\/81619\/revisions"}],"wp:featuredmedia":[{"embeddable":true,"href":"https:\/\/centcols.org\/en\/wp-json\/wp\/v2\/media\/81620"}],"wp:attachment":[{"href":"https:\/\/centcols.org\/en\/wp-json\/wp\/v2\/media?parent=81619"}],"wp:term":[{"taxonomy":"category","embeddable":true,"href":"https:\/\/centcols.org\/en\/wp-json\/wp\/v2\/categories?post=81619"},{"taxonomy":"post_tag","embeddable":true,"href":"https:\/\/centcols.org\/en\/wp-json\/wp\/v2\/tags?post=81619"}],"curies":[{"name":"wp","href":"https:\/\/api.w.org\/{rel}","templated":true}]}}