{"id":81684,"date":"2015-04-20T14:45:17","date_gmt":"2015-04-20T12:45:17","guid":{"rendered":"https:\/\/centcols.org\/assemblee-generale-du-club-des-cent-cols-a-vogue-ardeche-les-29-et-30-novembre-2014\/"},"modified":"2025-11-06T09:43:49","modified_gmt":"2025-11-06T07:43:49","slug":"ag-2014-vogue","status":"publish","type":"post","link":"https:\/\/centcols.org\/en\/ag-2014-vogue\/","title":{"rendered":"General Meeting of the Club des Cent Cols in Vog\u00fc\u00e9 (Ard\u00e8che) on 29 and 30 November 2014"},"content":{"rendered":"<h2 class=\"wp-block-heading\">Presentation<\/h2>\n\n\n\n<p>For this 2014 AGM, the brotherhood will be moving to a more central location, the village of Vog\u00fc\u00e9, listed as one of the most beautiful in France. We will be welcomed at the \"Lou Capitelle\" estate. The AGM will be held on Saturday from 3pm.<\/p>\n\n\n\n<p>Vog\u00fc\u00e9 is a village with a population of 940, situated at an average altitude of 160 m in the lower Ard\u00e8che valley. Built in the shape of an amphitheatre on the banks of the Ard\u00e8che, Vog\u00fc\u00e9 was a medieval village and an important railway junction until 1982. Some of the tracks are still used by the \u00abPicasso\u00bb tourist train, which offers a breathtaking view from the viaduct. The oldest parts of the village date back to the 11th century.<sup>e<\/sup> century and the XVII<sup>e<\/sup>. The fortified castle, which dates back to medieval times and was refurbished in the XVIIth century, has been restored.<sup>e<\/sup>It belonged to the Marquis Pierre de Vog\u00fc\u00e9. La Tourasse, in the centre of the village, is the oldest dwelling in the area. A Benedictine priory has given way to the church of Sainte Marie. The village's main source of income is tourism and vine-growing. The village is home to the renowned Ard\u00e9choise cycle race every year. The heights above the village are classified as a \"Natural Area of Ecological, Faunistic and Floristic Interest\". The village has also been awarded the \"Station Verte de Vacances\" label.<\/p>\n\n\n\n<figure class=\"wp-block-gallery has-nested-images columns-3 is-cropped wp-block-gallery-1 is-layout-flex wp-block-gallery-is-layout-flex\">\n<figure class=\"wp-block-image size-full\"><a href=\"https:\/\/centcols.org\/wp-content\/uploads\/2015\/04\/ardeche.jpg\"><img loading=\"lazy\" decoding=\"async\" width=\"240\" height=\"180\" data-id=\"91861\" src=\"https:\/\/centcols.org\/wp-content\/uploads\/2015\/04\/ardeche.jpg\" alt=\"\" class=\"wp-image-91861\" srcset=\"https:\/\/centcols.org\/wp-content\/uploads\/2015\/04\/ardeche.jpg 240w, https:\/\/centcols.org\/wp-content\/uploads\/2015\/04\/ardeche-16x12.jpg 16w\" sizes=\"auto, (max-width: 240px) 100vw, 240px\" \/><\/a><\/figure>\n\n\n\n<figure class=\"wp-block-image size-full\"><a href=\"https:\/\/centcols.org\/wp-content\/uploads\/2015\/04\/ardeche.png\"><img loading=\"lazy\" decoding=\"async\" width=\"200\" height=\"220\" data-id=\"91862\" src=\"https:\/\/centcols.org\/wp-content\/uploads\/2015\/04\/ardeche.png\" alt=\"\" class=\"wp-image-91862\" srcset=\"https:\/\/centcols.org\/wp-content\/uploads\/2015\/04\/ardeche.png 200w, https:\/\/centcols.org\/wp-content\/uploads\/2015\/04\/ardeche-11x12.png 11w\" sizes=\"auto, (max-width: 200px) 100vw, 200px\" \/><\/a><\/figure>\n\n\n\n<figure class=\"wp-block-image size-full\"><a href=\"https:\/\/centcols.org\/wp-content\/uploads\/2015\/04\/pontdarc.jpg\"><img loading=\"lazy\" decoding=\"async\" width=\"240\" height=\"180\" data-id=\"91863\" src=\"https:\/\/centcols.org\/wp-content\/uploads\/2015\/04\/pontdarc.jpg\" alt=\"\" class=\"wp-image-91863\" srcset=\"https:\/\/centcols.org\/wp-content\/uploads\/2015\/04\/pontdarc.jpg 240w, https:\/\/centcols.org\/wp-content\/uploads\/2015\/04\/pontdarc-16x12.jpg 16w\" sizes=\"auto, (max-width: 240px) 100vw, 240px\" \/><\/a><\/figure>\n\n\n\n<figure class=\"wp-block-image size-full\"><a href=\"https:\/\/centcols.org\/wp-content\/uploads\/2015\/04\/viaduc.jpg\"><img loading=\"lazy\" decoding=\"async\" width=\"240\" height=\"180\" data-id=\"91864\" src=\"https:\/\/centcols.org\/wp-content\/uploads\/2015\/04\/viaduc.jpg\" alt=\"\" class=\"wp-image-91864\" srcset=\"https:\/\/centcols.org\/wp-content\/uploads\/2015\/04\/viaduc.jpg 240w, https:\/\/centcols.org\/wp-content\/uploads\/2015\/04\/viaduc-16x12.jpg 16w\" sizes=\"auto, (max-width: 240px) 100vw, 240px\" \/><\/a><\/figure>\n\n\n\n<figure class=\"wp-block-image size-large\"><img loading=\"lazy\" decoding=\"async\" width=\"200\" height=\"220\" data-id=\"91869\" src=\"https:\/\/centcols.org\/wp-content\/uploads\/2015\/04\/vogue.png\" alt=\"\" class=\"wp-image-91869\" srcset=\"https:\/\/centcols.org\/wp-content\/uploads\/2015\/04\/vogue.png 200w, https:\/\/centcols.org\/wp-content\/uploads\/2015\/04\/vogue-11x12.png 11w\" sizes=\"auto, (max-width: 200px) 100vw, 200px\" \/><\/figure>\n\n\n\n<figure class=\"wp-block-image size-full\"><a href=\"https:\/\/centcols.org\/wp-content\/uploads\/2015\/04\/vogue.jpg\"><img loading=\"lazy\" decoding=\"async\" width=\"240\" height=\"180\" data-id=\"91865\" src=\"https:\/\/centcols.org\/wp-content\/uploads\/2015\/04\/vogue.jpg\" alt=\"\" class=\"wp-image-91865\" srcset=\"https:\/\/centcols.org\/wp-content\/uploads\/2015\/04\/vogue.jpg 240w, https:\/\/centcols.org\/wp-content\/uploads\/2015\/04\/vogue-16x12.jpg 16w\" sizes=\"auto, (max-width: 240px) 100vw, 240px\" \/><\/a><\/figure>\n<\/figure>\n\n\n\n<h2 class=\"wp-block-heading\">Hosting<\/h2>\n\n\n\n<p>Holiday village: Domaine de Lou Capitelle - 07200 Vog\u00fc\u00e9<br>tel. +33 (0)4 75 37 81 90 - <a href=\"http:\/\/www.loucapitelle.com\/\" target=\"_blank\" rel=\"noopener\">http:\/\/www.loucapitelle.com<\/a><br>132 comfort rooms, 50 luxury rooms: bed linen and towels provided, cleaning charged to occupants. Single rooms available at extra cost.<\/p>\n\n\n\n<h3 class=\"wp-block-heading\">Contact<\/h3>\n\n\n\n<p>Tourist Office, Le Village, 07200 Vog\u00fc\u00e9 - +33 (0)4 75 37 01 17 -&nbsp; <a href=\"http:\/\/www.vogue-tourisme.com\/\" target=\"_blank\" rel=\"noopener\">http:\/\/www.vogue-tourisme.com<\/a><\/p>\n\n\n\n<h2 class=\"wp-block-heading\">Tours<\/h2>\n\n\n\n<p>Road and mountain bike routes are on offer on both Saturday 29 and Sunday 30. These are suggestions that everyone can adapt to suit their fitness and the weather. Of course, you'll need to leave early enough on Saturday to be back in time for the meeting: the bike departures are scheduled for 8.30am. If you're doing the route by mountain bike, you'll need to leave half an hour beforehand to get from Vog\u00fc\u00e9 to Largenti\u00e8re by car. The list of <a href=\"https:\/\/centcols.org\/en\/membres\/cctours\/tours.php\/?lieu=Vog\u00fc\u00e9&amp;an=2014\">all tours<\/a> is available, as well as separate lists for <a href=\"https:\/\/centcols.org\/en\/membres\/cctours\/tours.php\/?lieu=Vog\u00fc\u00e9&amp;an=2014&amp;genre=R\" target=\"_blank\" rel=\"noreferrer noopener\">road routes<\/a> and <a href=\"https:\/\/centcols.org\/en\/membres\/cctours\/tours.php\/?lieu=Vog\u00fc\u00e9&amp;an=2014&amp;genre=V\" target=\"_blank\" rel=\"noreferrer noopener\">mountain bike trails<\/a>. From these lists, altitude profiles and interactive maps are available for each route.<\/p>\n\n\n\n<p>For those who use a GPS or mapping software on their computer, there are <a href=\"https:\/\/centcols.org\/en\/membres\/cctours\/tours.php\/?lieu=Vog\u00fc\u00e9&amp;an=2014\" target=\"_blank\" rel=\"noreferrer noopener\">geolocation files<\/a> can be downloaded.<\/p>\n\n\n\n<h2 class=\"wp-block-heading\">Other activities<\/h2>\n\n\n\n<ul class=\"wp-block-list\">\n<li>Canyoning, Maison du Plein-Air, 07200 Aubenas<\/li>\n\n\n\n<li>Caving, 07150 Vallon-Pont-d'Arc<\/li>\n\n\n\n<li>Canoeing, Les Salles, 07120 Balazuc<\/li>\n<\/ul>\n\n\n\n<h2 class=\"wp-block-heading\">Visits<\/h2>\n\n\n\n<ul class=\"wp-block-list\">\n<li>Ch\u00e2teau de Vog\u00fc\u00e9 (Romanesque chapel, dungeons, hanging garden), dating from the Middle Ages and restored in the 17th century<\/li>\n\n\n\n<li>\u00c9glise Saint-Pierre de Sauveplantade (the smallest Romanesque church dating from the 9th and 11th centuries)<\/li>\n\n\n\n<li>The village of Saint-Sernin, occupied very early by man (flint, with the Espinasse cross, the object of processions to ward off drought)<\/li>\n<\/ul>\n\n\n\n<h2 class=\"wp-block-heading\">Tastings<\/h2>\n\n\n\n<ul class=\"wp-block-list\">\n<li>Propri\u00e9t\u00e9 Claude Gascon, vins, 07200 Rochecolombe: Gris de Grenache, Chardonnay<\/li>\n\n\n\n<li>Boucherie charcuterie Moulin, 07200 Saint-Etienne-de-Fontbellon: Ard\u00e8che specialities since 1946<\/li>\n\n\n\n<li>Le Petit Ard\u00e9chois, 07200 Saint-Etienne-de-Fontbellon: artisanal nougats, calissons and pralines<\/li>\n\n\n\n<li>Le Gen\u00eat d'Or, 07200 Vog\u00fc\u00e9: Ard\u00e8che Nougat with a variety of honeys<\/li>\n<\/ul>\n\n\n\n<h2 class=\"wp-block-heading\">Bikes for Africa<\/h2>\n\n\n\n<p>This operation was successfully launched by our late friend Roland Grimaud, in conjunction with the 2008 Club des Cent Cols AGM in Ch\u00e2teau-Arnoux and the 2009 AGM in Yenne. I offered to run it again in Annecy at the 2012 AGM, and once again a large number of you responded. The event will continue this year, on 29 November in Vog\u00fc\u00e9.<\/p>\n\n\n\n<p>This initiative has been run since 2001 by the Grenoble-based association \u00abREPERAGES\u00bb.<\/p>\n\n\n\n<p><strong>Solidarity action<\/strong>REPERAGES: REPERAGES collects all bicycles, large and small, in good or poor condition, even incomplete, then refurbishes them in its workshop and sends them to Africa, particularly Burkina Faso and Mali, where the action is taken over by village associations. There, the use of bicycles encourages children to go to school, makes the work less arduous...<\/p>\n\n\n\n<p><strong>Help with integration<\/strong>In Grenoble, the structure has created jobs that are supervised and supported as part of the integration process. Between 3,000 and 3,500 bicycles are collected each year.<\/p>\n\n\n\n<p><strong>Environmental action<\/strong>A non-polluting means of transport, a bicycle can be purchased from REPERAGES.<\/p>\n\n\n\n<p>The Grenoble structure is supported by the local authorities - State - Region - Department - City. Numerous local authorities, associations and volunteers work together in the collection field.<\/p>\n\n\n\n<p>In Vog\u00fc\u00e9, a drop-off point (to be specified) will be available. It will be open on Saturday 29 November from 9am to 1pm.<\/p>\n\n\n\n<p>Please inform me in advance of the number and size of bikes so that REPERAGES can organise the collection. Of course, bicycle accessories are also collected.<\/p>\n\n\n\n<p>Thank you for your generosity...<\/p>\n\n\n\n<p><em>Robert YONNET<\/em>, CC 5292,&nbsp;<a href=\"javascript:;\">robert.yonnet@orange.fr<\/a>,+33 (0)6 81 85 54 71.<\/p>\n\n\n\n<h2 class=\"wp-block-heading\">Photo albums :<\/h2>\n\n\n\n<p><a href=\"https:\/\/centcols.org\/en\/util\/visuAlbum.php\/?album=06502-002\" target=\"_blank\" rel=\"noreferrer noopener\">Photo album by S\u00e9bastien Vadot<\/a><\/p>\n\n\n\n<p><a href=\"https:\/\/centcols.org\/en\/backup\/ag-2014-vogue\/\"><\/a><\/p>\n\n\n\n<p><a href=\"https:\/\/centcols.org\/en\/util\/visuAlbum.php\/?album=03872-005\" target=\"_blank\" rel=\"noreferrer noopener\">Bernard Giraudeau photo album<\/a><\/p>\n\n\n\n<p><a href=\"https:\/\/centcols.org\/backup\/wp-content\/uploads\/2015\/04\/M004251.jpg\"><\/a><\/p>\n\n\n\n<p><a href=\"https:\/\/centcols.org\/en\/util\/visuAlbum.php\/?album=03693-007\" target=\"_blank\" rel=\"noreferrer noopener\">Alain Brault's photo album<\/a><\/p>\n\n\n\n<p><a href=\"https:\/\/centcols.org\/backup\/wp-content\/uploads\/2015\/04\/M006261.jpg\"><\/a><\/p>\n\n\n\n<p><a href=\"https:\/\/centcols.org\/en\/util\/visuAlbum.php\/?album=07279-001\" target=\"_blank\" rel=\"noreferrer noopener\">Andr\u00e9 Liotier photo album<\/a><\/p>","protected":false},"excerpt":{"rendered":"<p>Pr\u00e9sentation Pour cette AG 2014, la confr\u00e9rie rejoindra un lieu plus central, le village de Vog\u00fc\u00e9, class\u00e9 parmi les plus beaux de France. Nous serons accueillis au domaine de \u00abLou Capitelle\u00bb. L&rsquo;assembl\u00e9e se tiendra le samedi \u00e0 partir de 15 heures. Vog\u00fc\u00e9 est un village de 940 habitants, situ\u00e9 \u00e0 une altitude moyenne de 160&nbsp;m, [&hellip;]<\/p>\n","protected":false},"author":3,"featured_media":81685,"comment_status":"closed","ping_status":"closed","sticky":false,"template":"","format":"standard","meta":{"_acf_changed":false,"footnotes":""},"categories":[217,135],"tags":[],"class_list":["post-81684","post","type-post","status-publish","format-standard","has-post-thumbnail","hentry","category-assemblees-generales","category-calendrier"],"acf":[],"yoast_head":"<!-- This site is optimized with the Yoast SEO plugin v27.2 - https:\/\/yoast.com\/product\/yoast-seo-wordpress\/ -->\n<title>Assembl\u00e9e g\u00e9n\u00e9rale du Club des Cent Cols \u00e0 Vog\u00fc\u00e9 (Ard\u00e8che) les 29 et 30 novembre 2014 - Club des Cent Cols<\/title>\n<meta name=\"robots\" content=\"index, follow, max-snippet:-1, max-image-preview:large, max-video-preview:-1\" \/>\n<link rel=\"canonical\" href=\"https:\/\/centcols.org\/en\/ag-2014-vogue\/\" \/>\n<meta property=\"og:locale\" content=\"en_GB\" \/>\n<meta property=\"og:type\" content=\"article\" \/>\n<meta property=\"og:title\" content=\"Assembl\u00e9e g\u00e9n\u00e9rale du Club des Cent Cols \u00e0 Vog\u00fc\u00e9 (Ard\u00e8che) les 29 et 30 novembre 2014 - Club des Cent Cols\" \/>\n<meta property=\"og:description\" content=\"Pr\u00e9sentation Pour cette AG 2014, la confr\u00e9rie rejoindra un lieu plus central, le village de Vog\u00fc\u00e9, class\u00e9 parmi les plus beaux de France. Nous serons accueillis au domaine de \u00abLou Capitelle\u00bb. L&rsquo;assembl\u00e9e se tiendra le samedi \u00e0 partir de 15 heures. Vog\u00fc\u00e9 est un village de 940 habitants, situ\u00e9 \u00e0 une altitude moyenne de 160&nbsp;m, [&hellip;]\" \/>\n<meta property=\"og:url\" content=\"https:\/\/centcols.org\/en\/ag-2014-vogue\/\" \/>\n<meta property=\"og:site_name\" content=\"Club des Cent Cols\" \/>\n<meta property=\"article:publisher\" content=\"https:\/\/www.facebook.com\/groups\/5261880558\/?locale=fr_FR\" \/>\n<meta property=\"article:published_time\" content=\"2015-04-20T12:45:17+00:00\" \/>\n<meta property=\"article:modified_time\" content=\"2025-11-06T07:43:49+00:00\" \/>\n<meta property=\"og:image\" content=\"https:\/\/centcols.org\/wp-content\/uploads\/2025\/05\/M006261.jpg\" \/>\n\t<meta property=\"og:image:width\" content=\"800\" \/>\n\t<meta property=\"og:image:height\" content=\"600\" \/>\n\t<meta property=\"og:image:type\" content=\"image\/jpeg\" \/>\n<meta name=\"author\" content=\"Webmestre\" \/>\n<meta name=\"twitter:card\" content=\"summary_large_image\" \/>\n<meta name=\"twitter:label1\" content=\"Written by\" \/>\n\t<meta name=\"twitter:data1\" content=\"Webmestre\" \/>\n\t<meta name=\"twitter:label2\" content=\"Estimated reading time\" \/>\n\t<meta name=\"twitter:data2\" content=\"6 minutes\" \/>\n<script type=\"application\/ld+json\" class=\"yoast-schema-graph\">{\"@context\":\"https:\/\/schema.org\",\"@graph\":[{\"@type\":\"Article\",\"@id\":\"https:\/\/centcols.org\/ag-2014-vogue\/#article\",\"isPartOf\":{\"@id\":\"https:\/\/centcols.org\/ag-2014-vogue\/\"},\"author\":{\"name\":\"Webmestre\",\"@id\":\"https:\/\/centcols.org\/#\/schema\/person\/911b404fb133d8c913dd27cdcf71c8e5\"},\"headline\":\"Assembl\u00e9e g\u00e9n\u00e9rale du Club des Cent Cols \u00e0 Vog\u00fc\u00e9 (Ard\u00e8che) les 29 et 30 novembre 2014\",\"datePublished\":\"2015-04-20T12:45:17+00:00\",\"dateModified\":\"2025-11-06T07:43:49+00:00\",\"mainEntityOfPage\":{\"@id\":\"https:\/\/centcols.org\/ag-2014-vogue\/\"},\"wordCount\":912,\"publisher\":{\"@id\":\"https:\/\/centcols.org\/#organization\"},\"image\":{\"@id\":\"https:\/\/centcols.org\/ag-2014-vogue\/#primaryimage\"},\"thumbnailUrl\":\"https:\/\/centcols.org\/wp-content\/uploads\/2025\/05\/M006261.jpg\",\"articleSection\":[\"Assembl\u00e9es g\u00e9n\u00e9rales\",\"Calendrier\"],\"inLanguage\":\"en-GB\"},{\"@type\":\"WebPage\",\"@id\":\"https:\/\/centcols.org\/ag-2014-vogue\/\",\"url\":\"https:\/\/centcols.org\/ag-2014-vogue\/\",\"name\":\"Assembl\u00e9e g\u00e9n\u00e9rale du Club des Cent Cols \u00e0 Vog\u00fc\u00e9 (Ard\u00e8che) les 29 et 30 novembre 2014 - Club des Cent Cols\",\"isPartOf\":{\"@id\":\"https:\/\/centcols.org\/#website\"},\"primaryImageOfPage\":{\"@id\":\"https:\/\/centcols.org\/ag-2014-vogue\/#primaryimage\"},\"image\":{\"@id\":\"https:\/\/centcols.org\/ag-2014-vogue\/#primaryimage\"},\"thumbnailUrl\":\"https:\/\/centcols.org\/wp-content\/uploads\/2025\/05\/M006261.jpg\",\"datePublished\":\"2015-04-20T12:45:17+00:00\",\"dateModified\":\"2025-11-06T07:43:49+00:00\",\"breadcrumb\":{\"@id\":\"https:\/\/centcols.org\/ag-2014-vogue\/#breadcrumb\"},\"inLanguage\":\"en-GB\",\"potentialAction\":[{\"@type\":\"ReadAction\",\"target\":[\"https:\/\/centcols.org\/ag-2014-vogue\/\"]}]},{\"@type\":\"ImageObject\",\"inLanguage\":\"en-GB\",\"@id\":\"https:\/\/centcols.org\/ag-2014-vogue\/#primaryimage\",\"url\":\"https:\/\/centcols.org\/wp-content\/uploads\/2025\/05\/M006261.jpg\",\"contentUrl\":\"https:\/\/centcols.org\/wp-content\/uploads\/2025\/05\/M006261.jpg\",\"width\":800,\"height\":600},{\"@type\":\"BreadcrumbList\",\"@id\":\"https:\/\/centcols.org\/ag-2014-vogue\/#breadcrumb\",\"itemListElement\":[{\"@type\":\"ListItem\",\"position\":1,\"name\":\"Accueil\",\"item\":\"https:\/\/centcols.org\/\"},{\"@type\":\"ListItem\",\"position\":2,\"name\":\"Assembl\u00e9es g\u00e9n\u00e9rales\",\"item\":\"https:\/\/centcols.org\/rubrique\/assemblees-generales\/\"},{\"@type\":\"ListItem\",\"position\":3,\"name\":\"Assembl\u00e9e g\u00e9n\u00e9rale du Club des Cent Cols \u00e0 Vog\u00fc\u00e9 (Ard\u00e8che) les 29 et 30 novembre 2014\"}]},{\"@type\":\"WebSite\",\"@id\":\"https:\/\/centcols.org\/#website\",\"url\":\"https:\/\/centcols.org\/\",\"name\":\"Club des Cent Cols\",\"description\":\"\",\"publisher\":{\"@id\":\"https:\/\/centcols.org\/#organization\"},\"potentialAction\":[{\"@type\":\"SearchAction\",\"target\":{\"@type\":\"EntryPoint\",\"urlTemplate\":\"https:\/\/centcols.org\/?s={search_term_string}\"},\"query-input\":{\"@type\":\"PropertyValueSpecification\",\"valueRequired\":true,\"valueName\":\"search_term_string\"}}],\"inLanguage\":\"en-GB\"},{\"@type\":\"Organization\",\"@id\":\"https:\/\/centcols.org\/#organization\",\"name\":\"Club des Cent Cols\",\"url\":\"https:\/\/centcols.org\/\",\"logo\":{\"@type\":\"ImageObject\",\"inLanguage\":\"en-GB\",\"@id\":\"https:\/\/centcols.org\/#\/schema\/logo\/image\/\",\"url\":\"https:\/\/centcols.org\/wp-content\/uploads\/2025\/01\/carte-icone.png\",\"contentUrl\":\"https:\/\/centcols.org\/wp-content\/uploads\/2025\/01\/carte-icone.png\",\"width\":250,\"height\":250,\"caption\":\"Club des Cent Cols\"},\"image\":{\"@id\":\"https:\/\/centcols.org\/#\/schema\/logo\/image\/\"},\"sameAs\":[\"https:\/\/www.facebook.com\/groups\/5261880558\/?locale=fr_FR\"]},{\"@type\":\"Person\",\"@id\":\"https:\/\/centcols.org\/#\/schema\/person\/911b404fb133d8c913dd27cdcf71c8e5\",\"name\":\"Webmestre\",\"image\":{\"@type\":\"ImageObject\",\"inLanguage\":\"en-GB\",\"@id\":\"https:\/\/centcols.org\/wp-content\/litespeed\/avatar\/2d246e4b6b4f773e08515e1ffc53690b.jpg?ver=1777222892\",\"url\":\"https:\/\/centcols.org\/wp-content\/litespeed\/avatar\/2d246e4b6b4f773e08515e1ffc53690b.jpg?ver=1777222892\",\"contentUrl\":\"https:\/\/centcols.org\/wp-content\/litespeed\/avatar\/2d246e4b6b4f773e08515e1ffc53690b.jpg?ver=1777222892\",\"caption\":\"Webmestre\"},\"url\":\"https:\/\/centcols.org\/en\/author\/webmestre\/\"}]}<\/script>\n<!-- \/ Yoast SEO plugin. -->","yoast_head_json":{"title":"General Meeting of the Club des Cent Cols in Vog\u00fc\u00e9 (Ard\u00e8che) on 29 and 30 November 2014 - Club des Cent Cols","robots":{"index":"index","follow":"follow","max-snippet":"max-snippet:-1","max-image-preview":"max-image-preview:large","max-video-preview":"max-video-preview:-1"},"canonical":"https:\/\/centcols.org\/en\/ag-2014-vogue\/","og_locale":"en_GB","og_type":"article","og_title":"Assembl\u00e9e g\u00e9n\u00e9rale du Club des Cent Cols \u00e0 Vog\u00fc\u00e9 (Ard\u00e8che) les 29 et 30 novembre 2014 - Club des Cent Cols","og_description":"Pr\u00e9sentation Pour cette AG 2014, la confr\u00e9rie rejoindra un lieu plus central, le village de Vog\u00fc\u00e9, class\u00e9 parmi les plus beaux de France. Nous serons accueillis au domaine de \u00abLou Capitelle\u00bb. L&rsquo;assembl\u00e9e se tiendra le samedi \u00e0 partir de 15 heures. Vog\u00fc\u00e9 est un village de 940 habitants, situ\u00e9 \u00e0 une altitude moyenne de 160&nbsp;m, [&hellip;]","og_url":"https:\/\/centcols.org\/en\/ag-2014-vogue\/","og_site_name":"Club des Cent Cols","article_publisher":"https:\/\/www.facebook.com\/groups\/5261880558\/?locale=fr_FR","article_published_time":"2015-04-20T12:45:17+00:00","article_modified_time":"2025-11-06T07:43:49+00:00","og_image":[{"width":800,"height":600,"url":"https:\/\/centcols.org\/wp-content\/uploads\/2025\/05\/M006261.jpg","type":"image\/jpeg"}],"author":"Webmestre","twitter_card":"summary_large_image","twitter_misc":{"Written by":"Webmestre","Estimated reading time":"6 minutes"},"schema":{"@context":"https:\/\/schema.org","@graph":[{"@type":"Article","@id":"https:\/\/centcols.org\/ag-2014-vogue\/#article","isPartOf":{"@id":"https:\/\/centcols.org\/ag-2014-vogue\/"},"author":{"name":"Webmestre","@id":"https:\/\/centcols.org\/#\/schema\/person\/911b404fb133d8c913dd27cdcf71c8e5"},"headline":"Assembl\u00e9e g\u00e9n\u00e9rale du Club des Cent Cols \u00e0 Vog\u00fc\u00e9 (Ard\u00e8che) les 29 et 30 novembre 2014","datePublished":"2015-04-20T12:45:17+00:00","dateModified":"2025-11-06T07:43:49+00:00","mainEntityOfPage":{"@id":"https:\/\/centcols.org\/ag-2014-vogue\/"},"wordCount":912,"publisher":{"@id":"https:\/\/centcols.org\/#organization"},"image":{"@id":"https:\/\/centcols.org\/ag-2014-vogue\/#primaryimage"},"thumbnailUrl":"https:\/\/centcols.org\/wp-content\/uploads\/2025\/05\/M006261.jpg","articleSection":["Assembl\u00e9es g\u00e9n\u00e9rales","Calendrier"],"inLanguage":"en-GB"},{"@type":"WebPage","@id":"https:\/\/centcols.org\/ag-2014-vogue\/","url":"https:\/\/centcols.org\/ag-2014-vogue\/","name":"General Meeting of the Club des Cent Cols in Vog\u00fc\u00e9 (Ard\u00e8che) on 29 and 30 November 2014 - Club des Cent Cols","isPartOf":{"@id":"https:\/\/centcols.org\/#website"},"primaryImageOfPage":{"@id":"https:\/\/centcols.org\/ag-2014-vogue\/#primaryimage"},"image":{"@id":"https:\/\/centcols.org\/ag-2014-vogue\/#primaryimage"},"thumbnailUrl":"https:\/\/centcols.org\/wp-content\/uploads\/2025\/05\/M006261.jpg","datePublished":"2015-04-20T12:45:17+00:00","dateModified":"2025-11-06T07:43:49+00:00","breadcrumb":{"@id":"https:\/\/centcols.org\/ag-2014-vogue\/#breadcrumb"},"inLanguage":"en-GB","potentialAction":[{"@type":"ReadAction","target":["https:\/\/centcols.org\/ag-2014-vogue\/"]}]},{"@type":"ImageObject","inLanguage":"en-GB","@id":"https:\/\/centcols.org\/ag-2014-vogue\/#primaryimage","url":"https:\/\/centcols.org\/wp-content\/uploads\/2025\/05\/M006261.jpg","contentUrl":"https:\/\/centcols.org\/wp-content\/uploads\/2025\/05\/M006261.jpg","width":800,"height":600},{"@type":"BreadcrumbList","@id":"https:\/\/centcols.org\/ag-2014-vogue\/#breadcrumb","itemListElement":[{"@type":"ListItem","position":1,"name":"Accueil","item":"https:\/\/centcols.org\/"},{"@type":"ListItem","position":2,"name":"Assembl\u00e9es g\u00e9n\u00e9rales","item":"https:\/\/centcols.org\/rubrique\/assemblees-generales\/"},{"@type":"ListItem","position":3,"name":"Assembl\u00e9e g\u00e9n\u00e9rale du Club des Cent Cols \u00e0 Vog\u00fc\u00e9 (Ard\u00e8che) les 29 et 30 novembre 2014"}]},{"@type":"WebSite","@id":"https:\/\/centcols.org\/#website","url":"https:\/\/centcols.org\/","name":"Club des Cent Cols","description":"","publisher":{"@id":"https:\/\/centcols.org\/#organization"},"potentialAction":[{"@type":"SearchAction","target":{"@type":"EntryPoint","urlTemplate":"https:\/\/centcols.org\/?s={search_term_string}"},"query-input":{"@type":"PropertyValueSpecification","valueRequired":true,"valueName":"search_term_string"}}],"inLanguage":"en-GB"},{"@type":"Organization","@id":"https:\/\/centcols.org\/#organization","name":"Club des Cent Cols","url":"https:\/\/centcols.org\/","logo":{"@type":"ImageObject","inLanguage":"en-GB","@id":"https:\/\/centcols.org\/#\/schema\/logo\/image\/","url":"https:\/\/centcols.org\/wp-content\/uploads\/2025\/01\/carte-icone.png","contentUrl":"https:\/\/centcols.org\/wp-content\/uploads\/2025\/01\/carte-icone.png","width":250,"height":250,"caption":"Club des Cent Cols"},"image":{"@id":"https:\/\/centcols.org\/#\/schema\/logo\/image\/"},"sameAs":["https:\/\/www.facebook.com\/groups\/5261880558\/?locale=fr_FR"]},{"@type":"Person","@id":"https:\/\/centcols.org\/#\/schema\/person\/911b404fb133d8c913dd27cdcf71c8e5","name":"Webmaster","image":{"@type":"ImageObject","inLanguage":"en-GB","@id":"https:\/\/centcols.org\/wp-content\/litespeed\/avatar\/2d246e4b6b4f773e08515e1ffc53690b.jpg?ver=1777222892","url":"https:\/\/centcols.org\/wp-content\/litespeed\/avatar\/2d246e4b6b4f773e08515e1ffc53690b.jpg?ver=1777222892","contentUrl":"https:\/\/centcols.org\/wp-content\/litespeed\/avatar\/2d246e4b6b4f773e08515e1ffc53690b.jpg?ver=1777222892","caption":"Webmestre"},"url":"https:\/\/centcols.org\/en\/author\/webmestre\/"}]}},"_links":{"self":[{"href":"https:\/\/centcols.org\/en\/wp-json\/wp\/v2\/posts\/81684","targetHints":{"allow":["GET"]}}],"collection":[{"href":"https:\/\/centcols.org\/en\/wp-json\/wp\/v2\/posts"}],"about":[{"href":"https:\/\/centcols.org\/en\/wp-json\/wp\/v2\/types\/post"}],"author":[{"embeddable":true,"href":"https:\/\/centcols.org\/en\/wp-json\/wp\/v2\/users\/3"}],"replies":[{"embeddable":true,"href":"https:\/\/centcols.org\/en\/wp-json\/wp\/v2\/comments?post=81684"}],"version-history":[{"count":0,"href":"https:\/\/centcols.org\/en\/wp-json\/wp\/v2\/posts\/81684\/revisions"}],"wp:featuredmedia":[{"embeddable":true,"href":"https:\/\/centcols.org\/en\/wp-json\/wp\/v2\/media\/81685"}],"wp:attachment":[{"href":"https:\/\/centcols.org\/en\/wp-json\/wp\/v2\/media?parent=81684"}],"wp:term":[{"taxonomy":"category","embeddable":true,"href":"https:\/\/centcols.org\/en\/wp-json\/wp\/v2\/categories?post=81684"},{"taxonomy":"post_tag","embeddable":true,"href":"https:\/\/centcols.org\/en\/wp-json\/wp\/v2\/tags?post=81684"}],"curies":[{"name":"wp","href":"https:\/\/api.w.org\/{rel}","templated":true}]}}