{"id":81730,"date":"2015-04-15T08:48:54","date_gmt":"2015-04-15T06:48:54","guid":{"rendered":"https:\/\/centcols.org\/assemblee-generale-a-serezin-du-rhone-rhone-le-04-decembre-2004\/"},"modified":"2025-11-06T05:15:13","modified_gmt":"2025-11-06T03:15:13","slug":"general-meeting-in-serezin-du-rhone-rhone-on-04-december-2004","status":"publish","type":"post","link":"https:\/\/centcols.org\/en\/assemblee-generale-a-serezin-du-rhone-rhone-le-04-decembre-2004\/","title":{"rendered":"General Meeting at S\u00e9r\u00e9zin-du-Rh\u00f4ne (Rh\u00f4ne) on 04 December 2004"},"content":{"rendered":"<h2>The report<\/h2>\n<h3>Minutes of the General Meeting of the Club des Cent Cols<br \/>\n4 December 2004, S\u00e9r\u00e9zin-du-Rh\u00f4ne (69)<\/h3>\n<p>The annual General Meeting of the Club des Cent Cols was held on 4 December 2004 in the village hall of S\u00e9r\u00e9zin-du-Rh\u00f4ne (69) under the chairmanship of Claude B\u00e9nistrand and in the presence of the elected members of the Board of Directors (B. Vieillard, Vice-Chairman, excused).<\/p>\n<p>The Annual General Meeting begins at 4pm, with around a hundred members in attendance, happy to meet up for this traditional event.<\/p>\n<p>Claude B\u00e9nistrand presented apologies from Dominique Lamouller, President of the French Federation (and member of the \"Cent Cols\") and Robert de Rudder, President of the Rh\u00f4ne-Alpes League (also a member of the \"Cent Cols\"), who were both in Quimper for the FFCT General Meeting.<\/p>\n<p>Claude B\u00e9nistrand introduced the personalities who had done us the honour of attending our meeting: the Mayor of S\u00e9r\u00e9zin, Mr Colin, representing CODEP 69, and Mr Gilbert Veysseyre, President of AS ARRA, who had organised the meeting.<\/p>\n<p>Also presented:<\/p>\n<ul>\n<li>CERP members: Guy Bodoin, Jean-Fran\u00e7ois Plantard, Bernard Chalchat.<\/li>\n<li>The regional delegates: Alain Gillodes, Bernard M\u00e9zaize, R\u00e9gis Paraz, Michel M\u00e9dina, Thierry Combelles (who came specially from Germany) and Pierre Mai (who came from Switzerland).<\/li>\n<li>Mario Labelle is a computer expert whose work on behalf of the Confr\u00e9rie is well known and appreciated by all.<\/li>\n<\/ul>\n<p>The agenda begins with the reading of the various reports, as distributed in info Cent Cols No. 8:<\/p>\n<ul>\n<li>Annual report, presented by Claude B\u00e9nistrand, Chairman.<\/li>\n<li>Activity report, presented by Ren\u00e9 Poty, General Secretary.<\/li>\n<li>Financial report, presented by Michel Mathieu, Treasurer.<\/li>\n<\/ul>\n<p>Christophe Guitton, auditor, congratulates Michel Mathieu on the Confr\u00e9rie's sound financial management.<\/p>\n<p>A new feature this year was the use of a slide show to illustrate the various reports, making them more lively and demonstrative. Many thanks to R\u00e9gis Paraz, who set up the computer and video projector.<\/p>\n<p>In addition to the activity report, Bernard Pommel, member of the Board of Directors and in charge of the permanent \"Cent Cols\" hikes, gave a very positive report on participation in the various hikes. Over 160 people signed up for all of them, which was a very pleasant surprise. Bernard Pommel announced the launch of a seventh permanent tour: \"Cent Cols en Haut-Languedoc\" (devised by Pierre Gasc), with two new permanent tours in Italy promised for 2005.<\/p>\n<p>Mario Labelle presented the various projects concerning the computerised services of the \"Club des Cent Cols\". A quick survey of the room showed that almost half the members present know about and regularly visit the Confr\u00e9rie's website, and many of them have already signed up for the services reserved for them (such as access to the roll of honour, consultation of the archives, the discussion list, etc.).<\/p>\n<p>The ballot papers sent by post to the secretariat were counted on 29 November by the tellers: Roger Colombo and Robert Bocqueraz. Philippe Carrez and R\u00e9gis Paraz counted the last votes cast at the meeting, and the results are now announced:<\/p>\n<table style=\"height: 131px;\" width=\"513\">\n<tbody>\n<tr>\n<td>Number of registrations<\/td>\n<td>2577<\/td>\n<td>or<\/td>\n<td>37,49%<\/td>\n<\/tr>\n<tr>\n<td>Number of voters<\/td>\n<td>966<\/td>\n<td><\/td>\n<td><\/td>\n<\/tr>\n<tr>\n<td>\n<p>Annual Report<\/p>\n<p>&nbsp;<\/p>\n<p>or<\/td>\n<td>\n<p>yes<\/p>\n<p>955<\/p>\n<p>98,86%<\/td>\n<td>\n<p>no<\/p>\n<p>4<\/p>\n<p>0,41%<\/td>\n<td>\n<p>Abstentions<\/p>\n<p>7<\/p>\n<p>0,72%<\/td>\n<\/tr>\n<tr>\n<td>\n<p>Activity Report<\/p>\n<p>&nbsp;<\/p>\n<p>or<\/td>\n<td>\n<p>yes<\/p>\n<p>959<\/p>\n<p>99,28%<\/td>\n<td>\n<p>no<\/p>\n<p>4<\/p>\n<p>0,41%<\/td>\n<td>\n<p>Abstentions<\/p>\n<p>3<\/p>\n<p>0,31%<\/td>\n<\/tr>\n<tr>\n<td>\n<p>Financial Report<\/p>\n<p>&nbsp;<\/p>\n<p>or<\/td>\n<td>\n<p>yes<\/p>\n<p>957<\/p>\n<p>99.07%<\/td>\n<td>\n<p>no<\/p>\n<p>1<\/p>\n<p>0.10%<\/td>\n<td>\n<p>Abstentions<\/p>\n<p>8<\/p>\n<p>0.83%<\/td>\n<\/tr>\n<\/tbody>\n<\/table>\n<p>Claude B\u00e9nistrand thanks all members for their renewed confidence in the management team.<\/p>\n<p>Then it was time for the awards. We had the pleasure of inducting two new members: Francine and Claude Mabillot (from Ternay 69). Claude B\u00e9nistrand presented them with their diplomas, medals and magazines. Then it was Jean-Claude Prast's turn to be honoured with a medal bearing the name of his 1,000th mountain pass: the Col d'Urbeis.<\/p>\n<p>The floor was given to the Mayor of S\u00e9r\u00e9zin, who gave us a presentation of his commune, and then to Gilbert Veysseyre, to whom we owe the impeccable organisation of this General Meeting.<\/p>\n<p>The agenda continued with a presentation of the project to hold a meeting around 15 August 2005. Ren\u00e9 Poty used a slide show to present the commune of Seix in Haut-Salat (09), which will be hosting our stay, and the Col de Catchaud\u00e9gu\u00e9, where the meeting will be held on 15 August. Road and mule routes will be available every day. The grand finale will be the ascent of the Port d'Aula on the Franco-Spanish border.<\/p>\n<p>To round off the General Meeting, a projection of our international meeting at the Col de l'Echelle and our stay in Brian\u00e7on (15 August 2004) gave everyone a chance to escape to the summits and passes above 2000m... great memories for all those taking part!<\/p>\n<p>After setting a date for Sunday 05 December at Ampuis for a ride in the foothills of Mt Pilat (with five short passes as a treat), everyone was invited to a \"pot de l'amiti\u00e9\". The AGM itself ended at 6.30pm. In the evening, a very convivial dinner brought together around fifty people in a very warm atmosphere. A pleasant way to close the 2004 season and look forward to 2005.<\/p>\n<p>Ren\u00e9 POTY (S-G)<\/p>\n<h2>The photos<\/h2>\n<p>&nbsp;<\/p>","protected":false},"excerpt":{"rendered":"<p>Le compte rendu Compte-rendu de l&rsquo;Assembl\u00e9e g\u00e9n\u00e9rale du Club des Cent Cols Le 4 d\u00e9cembre 2004, S\u00e9r\u00e9zin-du-Rh\u00f4ne (69) L&rsquo;Assembl\u00e9e G\u00e9n\u00e9rale annuelle du Club des Cent Cols s&rsquo;est tenue le 4 d\u00e9cembre 2004 dans la salle communale de S\u00e9r\u00e9zin-du-Rh\u00f4ne (69) sous la pr\u00e9sidence de Claude B\u00e9nistrand et en la pr\u00e9sence des membres \u00e9lus du Conseil d&rsquo;Administration [&hellip;]<\/p>\n","protected":false},"author":3,"featured_media":84117,"comment_status":"closed","ping_status":"open","sticky":false,"template":"","format":"standard","meta":{"_acf_changed":false,"footnotes":""},"categories":[217,135],"tags":[],"class_list":["post-81730","post","type-post","status-publish","format-standard","has-post-thumbnail","hentry","category-assemblees-generales","category-calendrier"],"acf":[],"yoast_head":"<!-- This site is optimized with the Yoast SEO plugin v27.2 - https:\/\/yoast.com\/product\/yoast-seo-wordpress\/ -->\n<title>Assembl\u00e9e g\u00e9n\u00e9rale \u00e0 S\u00e9r\u00e9zin-du-Rh\u00f4ne (Rh\u00f4ne) le 04 d\u00e9cembre 2004 - Club des Cent Cols<\/title>\n<meta name=\"robots\" content=\"index, follow, max-snippet:-1, max-image-preview:large, max-video-preview:-1\" \/>\n<link rel=\"canonical\" href=\"https:\/\/centcols.org\/en\/general-meeting-in-serezin-du-rhone-rhone-on-04-december-2004\/\" \/>\n<meta property=\"og:locale\" content=\"en_GB\" \/>\n<meta property=\"og:type\" content=\"article\" \/>\n<meta property=\"og:title\" content=\"Assembl\u00e9e g\u00e9n\u00e9rale \u00e0 S\u00e9r\u00e9zin-du-Rh\u00f4ne (Rh\u00f4ne) le 04 d\u00e9cembre 2004 - Club des Cent Cols\" \/>\n<meta property=\"og:description\" content=\"Le compte rendu Compte-rendu de l&rsquo;Assembl\u00e9e g\u00e9n\u00e9rale du Club des Cent Cols Le 4 d\u00e9cembre 2004, S\u00e9r\u00e9zin-du-Rh\u00f4ne (69) L&rsquo;Assembl\u00e9e G\u00e9n\u00e9rale annuelle du Club des Cent Cols s&rsquo;est tenue le 4 d\u00e9cembre 2004 dans la salle communale de S\u00e9r\u00e9zin-du-Rh\u00f4ne (69) sous la pr\u00e9sidence de Claude B\u00e9nistrand et en la pr\u00e9sence des membres \u00e9lus du Conseil d&rsquo;Administration [&hellip;]\" \/>\n<meta property=\"og:url\" content=\"https:\/\/centcols.org\/en\/general-meeting-in-serezin-du-rhone-rhone-on-04-december-2004\/\" \/>\n<meta property=\"og:site_name\" content=\"Club des Cent Cols\" \/>\n<meta property=\"article:publisher\" content=\"https:\/\/www.facebook.com\/groups\/5261880558\/?locale=fr_FR\" \/>\n<meta property=\"article:published_time\" content=\"2015-04-15T06:48:54+00:00\" \/>\n<meta property=\"article:modified_time\" content=\"2025-11-06T03:15:13+00:00\" \/>\n<meta property=\"og:image\" content=\"https:\/\/centcols.org\/wp-content\/uploads\/2015\/04\/serezin.jpg\" \/>\n\t<meta property=\"og:image:width\" content=\"900\" \/>\n\t<meta property=\"og:image:height\" content=\"506\" \/>\n\t<meta property=\"og:image:type\" content=\"image\/jpeg\" \/>\n<meta name=\"author\" content=\"Webmestre\" \/>\n<meta name=\"twitter:card\" content=\"summary_large_image\" \/>\n<meta name=\"twitter:label1\" content=\"Written by\" \/>\n\t<meta name=\"twitter:data1\" content=\"Webmestre\" \/>\n\t<meta name=\"twitter:label2\" content=\"Estimated reading time\" \/>\n\t<meta name=\"twitter:data2\" content=\"5 minutes\" \/>\n<script type=\"application\/ld+json\" class=\"yoast-schema-graph\">{\"@context\":\"https:\/\/schema.org\",\"@graph\":[{\"@type\":\"Article\",\"@id\":\"https:\/\/centcols.org\/assemblee-generale-a-serezin-du-rhone-rhone-le-04-decembre-2004\/#article\",\"isPartOf\":{\"@id\":\"https:\/\/centcols.org\/assemblee-generale-a-serezin-du-rhone-rhone-le-04-decembre-2004\/\"},\"author\":{\"name\":\"Webmestre\",\"@id\":\"https:\/\/centcols.org\/#\/schema\/person\/911b404fb133d8c913dd27cdcf71c8e5\"},\"headline\":\"Assembl\u00e9e g\u00e9n\u00e9rale \u00e0 S\u00e9r\u00e9zin-du-Rh\u00f4ne (Rh\u00f4ne) le 04 d\u00e9cembre 2004\",\"datePublished\":\"2015-04-15T06:48:54+00:00\",\"dateModified\":\"2025-11-06T03:15:13+00:00\",\"mainEntityOfPage\":{\"@id\":\"https:\/\/centcols.org\/assemblee-generale-a-serezin-du-rhone-rhone-le-04-decembre-2004\/\"},\"wordCount\":1005,\"publisher\":{\"@id\":\"https:\/\/centcols.org\/#organization\"},\"image\":{\"@id\":\"https:\/\/centcols.org\/assemblee-generale-a-serezin-du-rhone-rhone-le-04-decembre-2004\/#primaryimage\"},\"thumbnailUrl\":\"https:\/\/centcols.org\/wp-content\/uploads\/2015\/04\/serezin.jpg\",\"articleSection\":[\"Assembl\u00e9es g\u00e9n\u00e9rales\",\"Calendrier\"],\"inLanguage\":\"en-GB\"},{\"@type\":\"WebPage\",\"@id\":\"https:\/\/centcols.org\/assemblee-generale-a-serezin-du-rhone-rhone-le-04-decembre-2004\/\",\"url\":\"https:\/\/centcols.org\/assemblee-generale-a-serezin-du-rhone-rhone-le-04-decembre-2004\/\",\"name\":\"Assembl\u00e9e g\u00e9n\u00e9rale \u00e0 S\u00e9r\u00e9zin-du-Rh\u00f4ne (Rh\u00f4ne) le 04 d\u00e9cembre 2004 - Club des Cent Cols\",\"isPartOf\":{\"@id\":\"https:\/\/centcols.org\/#website\"},\"primaryImageOfPage\":{\"@id\":\"https:\/\/centcols.org\/assemblee-generale-a-serezin-du-rhone-rhone-le-04-decembre-2004\/#primaryimage\"},\"image\":{\"@id\":\"https:\/\/centcols.org\/assemblee-generale-a-serezin-du-rhone-rhone-le-04-decembre-2004\/#primaryimage\"},\"thumbnailUrl\":\"https:\/\/centcols.org\/wp-content\/uploads\/2015\/04\/serezin.jpg\",\"datePublished\":\"2015-04-15T06:48:54+00:00\",\"dateModified\":\"2025-11-06T03:15:13+00:00\",\"breadcrumb\":{\"@id\":\"https:\/\/centcols.org\/assemblee-generale-a-serezin-du-rhone-rhone-le-04-decembre-2004\/#breadcrumb\"},\"inLanguage\":\"en-GB\",\"potentialAction\":[{\"@type\":\"ReadAction\",\"target\":[\"https:\/\/centcols.org\/assemblee-generale-a-serezin-du-rhone-rhone-le-04-decembre-2004\/\"]}]},{\"@type\":\"ImageObject\",\"inLanguage\":\"en-GB\",\"@id\":\"https:\/\/centcols.org\/assemblee-generale-a-serezin-du-rhone-rhone-le-04-decembre-2004\/#primaryimage\",\"url\":\"https:\/\/centcols.org\/wp-content\/uploads\/2015\/04\/serezin.jpg\",\"contentUrl\":\"https:\/\/centcols.org\/wp-content\/uploads\/2015\/04\/serezin.jpg\",\"width\":900,\"height\":506},{\"@type\":\"BreadcrumbList\",\"@id\":\"https:\/\/centcols.org\/assemblee-generale-a-serezin-du-rhone-rhone-le-04-decembre-2004\/#breadcrumb\",\"itemListElement\":[{\"@type\":\"ListItem\",\"position\":1,\"name\":\"Accueil\",\"item\":\"https:\/\/centcols.org\/\"},{\"@type\":\"ListItem\",\"position\":2,\"name\":\"Assembl\u00e9es g\u00e9n\u00e9rales\",\"item\":\"https:\/\/centcols.org\/rubrique\/assemblees-generales\/\"},{\"@type\":\"ListItem\",\"position\":3,\"name\":\"Assembl\u00e9e g\u00e9n\u00e9rale \u00e0 S\u00e9r\u00e9zin-du-Rh\u00f4ne (Rh\u00f4ne) le 04 d\u00e9cembre 2004\"}]},{\"@type\":\"WebSite\",\"@id\":\"https:\/\/centcols.org\/#website\",\"url\":\"https:\/\/centcols.org\/\",\"name\":\"Club des Cent Cols\",\"description\":\"\",\"publisher\":{\"@id\":\"https:\/\/centcols.org\/#organization\"},\"potentialAction\":[{\"@type\":\"SearchAction\",\"target\":{\"@type\":\"EntryPoint\",\"urlTemplate\":\"https:\/\/centcols.org\/?s={search_term_string}\"},\"query-input\":{\"@type\":\"PropertyValueSpecification\",\"valueRequired\":true,\"valueName\":\"search_term_string\"}}],\"inLanguage\":\"en-GB\"},{\"@type\":\"Organization\",\"@id\":\"https:\/\/centcols.org\/#organization\",\"name\":\"Club des Cent Cols\",\"url\":\"https:\/\/centcols.org\/\",\"logo\":{\"@type\":\"ImageObject\",\"inLanguage\":\"en-GB\",\"@id\":\"https:\/\/centcols.org\/#\/schema\/logo\/image\/\",\"url\":\"https:\/\/centcols.org\/wp-content\/uploads\/2025\/01\/carte-icone.png\",\"contentUrl\":\"https:\/\/centcols.org\/wp-content\/uploads\/2025\/01\/carte-icone.png\",\"width\":250,\"height\":250,\"caption\":\"Club des Cent Cols\"},\"image\":{\"@id\":\"https:\/\/centcols.org\/#\/schema\/logo\/image\/\"},\"sameAs\":[\"https:\/\/www.facebook.com\/groups\/5261880558\/?locale=fr_FR\"]},{\"@type\":\"Person\",\"@id\":\"https:\/\/centcols.org\/#\/schema\/person\/911b404fb133d8c913dd27cdcf71c8e5\",\"name\":\"Webmestre\",\"image\":{\"@type\":\"ImageObject\",\"inLanguage\":\"en-GB\",\"@id\":\"https:\/\/centcols.org\/wp-content\/litespeed\/avatar\/2d246e4b6b4f773e08515e1ffc53690b.jpg?ver=1777222892\",\"url\":\"https:\/\/centcols.org\/wp-content\/litespeed\/avatar\/2d246e4b6b4f773e08515e1ffc53690b.jpg?ver=1777222892\",\"contentUrl\":\"https:\/\/centcols.org\/wp-content\/litespeed\/avatar\/2d246e4b6b4f773e08515e1ffc53690b.jpg?ver=1777222892\",\"caption\":\"Webmestre\"},\"url\":\"https:\/\/centcols.org\/en\/author\/webmestre\/\"}]}<\/script>\n<!-- \/ Yoast SEO plugin. -->","yoast_head_json":{"title":"General Meeting in S\u00e9r\u00e9zin-du-Rh\u00f4ne (Rh\u00f4ne) on 04 December 2004 - Club des Cent Cols","robots":{"index":"index","follow":"follow","max-snippet":"max-snippet:-1","max-image-preview":"max-image-preview:large","max-video-preview":"max-video-preview:-1"},"canonical":"https:\/\/centcols.org\/en\/general-meeting-in-serezin-du-rhone-rhone-on-04-december-2004\/","og_locale":"en_GB","og_type":"article","og_title":"Assembl\u00e9e g\u00e9n\u00e9rale \u00e0 S\u00e9r\u00e9zin-du-Rh\u00f4ne (Rh\u00f4ne) le 04 d\u00e9cembre 2004 - Club des Cent Cols","og_description":"Le compte rendu Compte-rendu de l&rsquo;Assembl\u00e9e g\u00e9n\u00e9rale du Club des Cent Cols Le 4 d\u00e9cembre 2004, S\u00e9r\u00e9zin-du-Rh\u00f4ne (69) L&rsquo;Assembl\u00e9e G\u00e9n\u00e9rale annuelle du Club des Cent Cols s&rsquo;est tenue le 4 d\u00e9cembre 2004 dans la salle communale de S\u00e9r\u00e9zin-du-Rh\u00f4ne (69) sous la pr\u00e9sidence de Claude B\u00e9nistrand et en la pr\u00e9sence des membres \u00e9lus du Conseil d&rsquo;Administration [&hellip;]","og_url":"https:\/\/centcols.org\/en\/general-meeting-in-serezin-du-rhone-rhone-on-04-december-2004\/","og_site_name":"Club des Cent Cols","article_publisher":"https:\/\/www.facebook.com\/groups\/5261880558\/?locale=fr_FR","article_published_time":"2015-04-15T06:48:54+00:00","article_modified_time":"2025-11-06T03:15:13+00:00","og_image":[{"width":900,"height":506,"url":"https:\/\/centcols.org\/wp-content\/uploads\/2015\/04\/serezin.jpg","type":"image\/jpeg"}],"author":"Webmestre","twitter_card":"summary_large_image","twitter_misc":{"Written by":"Webmestre","Estimated reading time":"5 minutes"},"schema":{"@context":"https:\/\/schema.org","@graph":[{"@type":"Article","@id":"https:\/\/centcols.org\/assemblee-generale-a-serezin-du-rhone-rhone-le-04-decembre-2004\/#article","isPartOf":{"@id":"https:\/\/centcols.org\/assemblee-generale-a-serezin-du-rhone-rhone-le-04-decembre-2004\/"},"author":{"name":"Webmestre","@id":"https:\/\/centcols.org\/#\/schema\/person\/911b404fb133d8c913dd27cdcf71c8e5"},"headline":"Assembl\u00e9e g\u00e9n\u00e9rale \u00e0 S\u00e9r\u00e9zin-du-Rh\u00f4ne (Rh\u00f4ne) le 04 d\u00e9cembre 2004","datePublished":"2015-04-15T06:48:54+00:00","dateModified":"2025-11-06T03:15:13+00:00","mainEntityOfPage":{"@id":"https:\/\/centcols.org\/assemblee-generale-a-serezin-du-rhone-rhone-le-04-decembre-2004\/"},"wordCount":1005,"publisher":{"@id":"https:\/\/centcols.org\/#organization"},"image":{"@id":"https:\/\/centcols.org\/assemblee-generale-a-serezin-du-rhone-rhone-le-04-decembre-2004\/#primaryimage"},"thumbnailUrl":"https:\/\/centcols.org\/wp-content\/uploads\/2015\/04\/serezin.jpg","articleSection":["Assembl\u00e9es g\u00e9n\u00e9rales","Calendrier"],"inLanguage":"en-GB"},{"@type":"WebPage","@id":"https:\/\/centcols.org\/assemblee-generale-a-serezin-du-rhone-rhone-le-04-decembre-2004\/","url":"https:\/\/centcols.org\/assemblee-generale-a-serezin-du-rhone-rhone-le-04-decembre-2004\/","name":"General Meeting in S\u00e9r\u00e9zin-du-Rh\u00f4ne (Rh\u00f4ne) on 04 December 2004 - Club des Cent Cols","isPartOf":{"@id":"https:\/\/centcols.org\/#website"},"primaryImageOfPage":{"@id":"https:\/\/centcols.org\/assemblee-generale-a-serezin-du-rhone-rhone-le-04-decembre-2004\/#primaryimage"},"image":{"@id":"https:\/\/centcols.org\/assemblee-generale-a-serezin-du-rhone-rhone-le-04-decembre-2004\/#primaryimage"},"thumbnailUrl":"https:\/\/centcols.org\/wp-content\/uploads\/2015\/04\/serezin.jpg","datePublished":"2015-04-15T06:48:54+00:00","dateModified":"2025-11-06T03:15:13+00:00","breadcrumb":{"@id":"https:\/\/centcols.org\/assemblee-generale-a-serezin-du-rhone-rhone-le-04-decembre-2004\/#breadcrumb"},"inLanguage":"en-GB","potentialAction":[{"@type":"ReadAction","target":["https:\/\/centcols.org\/assemblee-generale-a-serezin-du-rhone-rhone-le-04-decembre-2004\/"]}]},{"@type":"ImageObject","inLanguage":"en-GB","@id":"https:\/\/centcols.org\/assemblee-generale-a-serezin-du-rhone-rhone-le-04-decembre-2004\/#primaryimage","url":"https:\/\/centcols.org\/wp-content\/uploads\/2015\/04\/serezin.jpg","contentUrl":"https:\/\/centcols.org\/wp-content\/uploads\/2015\/04\/serezin.jpg","width":900,"height":506},{"@type":"BreadcrumbList","@id":"https:\/\/centcols.org\/assemblee-generale-a-serezin-du-rhone-rhone-le-04-decembre-2004\/#breadcrumb","itemListElement":[{"@type":"ListItem","position":1,"name":"Accueil","item":"https:\/\/centcols.org\/"},{"@type":"ListItem","position":2,"name":"Assembl\u00e9es g\u00e9n\u00e9rales","item":"https:\/\/centcols.org\/rubrique\/assemblees-generales\/"},{"@type":"ListItem","position":3,"name":"Assembl\u00e9e g\u00e9n\u00e9rale \u00e0 S\u00e9r\u00e9zin-du-Rh\u00f4ne (Rh\u00f4ne) le 04 d\u00e9cembre 2004"}]},{"@type":"WebSite","@id":"https:\/\/centcols.org\/#website","url":"https:\/\/centcols.org\/","name":"Club des Cent Cols","description":"","publisher":{"@id":"https:\/\/centcols.org\/#organization"},"potentialAction":[{"@type":"SearchAction","target":{"@type":"EntryPoint","urlTemplate":"https:\/\/centcols.org\/?s={search_term_string}"},"query-input":{"@type":"PropertyValueSpecification","valueRequired":true,"valueName":"search_term_string"}}],"inLanguage":"en-GB"},{"@type":"Organization","@id":"https:\/\/centcols.org\/#organization","name":"Club des Cent Cols","url":"https:\/\/centcols.org\/","logo":{"@type":"ImageObject","inLanguage":"en-GB","@id":"https:\/\/centcols.org\/#\/schema\/logo\/image\/","url":"https:\/\/centcols.org\/wp-content\/uploads\/2025\/01\/carte-icone.png","contentUrl":"https:\/\/centcols.org\/wp-content\/uploads\/2025\/01\/carte-icone.png","width":250,"height":250,"caption":"Club des Cent Cols"},"image":{"@id":"https:\/\/centcols.org\/#\/schema\/logo\/image\/"},"sameAs":["https:\/\/www.facebook.com\/groups\/5261880558\/?locale=fr_FR"]},{"@type":"Person","@id":"https:\/\/centcols.org\/#\/schema\/person\/911b404fb133d8c913dd27cdcf71c8e5","name":"Webmaster","image":{"@type":"ImageObject","inLanguage":"en-GB","@id":"https:\/\/centcols.org\/wp-content\/litespeed\/avatar\/2d246e4b6b4f773e08515e1ffc53690b.jpg?ver=1777222892","url":"https:\/\/centcols.org\/wp-content\/litespeed\/avatar\/2d246e4b6b4f773e08515e1ffc53690b.jpg?ver=1777222892","contentUrl":"https:\/\/centcols.org\/wp-content\/litespeed\/avatar\/2d246e4b6b4f773e08515e1ffc53690b.jpg?ver=1777222892","caption":"Webmestre"},"url":"https:\/\/centcols.org\/en\/author\/webmestre\/"}]}},"_links":{"self":[{"href":"https:\/\/centcols.org\/en\/wp-json\/wp\/v2\/posts\/81730","targetHints":{"allow":["GET"]}}],"collection":[{"href":"https:\/\/centcols.org\/en\/wp-json\/wp\/v2\/posts"}],"about":[{"href":"https:\/\/centcols.org\/en\/wp-json\/wp\/v2\/types\/post"}],"author":[{"embeddable":true,"href":"https:\/\/centcols.org\/en\/wp-json\/wp\/v2\/users\/3"}],"replies":[{"embeddable":true,"href":"https:\/\/centcols.org\/en\/wp-json\/wp\/v2\/comments?post=81730"}],"version-history":[{"count":0,"href":"https:\/\/centcols.org\/en\/wp-json\/wp\/v2\/posts\/81730\/revisions"}],"wp:featuredmedia":[{"embeddable":true,"href":"https:\/\/centcols.org\/en\/wp-json\/wp\/v2\/media\/84117"}],"wp:attachment":[{"href":"https:\/\/centcols.org\/en\/wp-json\/wp\/v2\/media?parent=81730"}],"wp:term":[{"taxonomy":"category","embeddable":true,"href":"https:\/\/centcols.org\/en\/wp-json\/wp\/v2\/categories?post=81730"},{"taxonomy":"post_tag","embeddable":true,"href":"https:\/\/centcols.org\/en\/wp-json\/wp\/v2\/tags?post=81730"}],"curies":[{"name":"wp","href":"https:\/\/api.w.org\/{rel}","templated":true}]}}