{"id":81754,"date":"2015-04-15T15:02:53","date_gmt":"2015-04-15T13:02:53","guid":{"rendered":"https:\/\/centcols.org\/assemblee-generale-du-club-des-cent-cols-a-parent-puy-de-dome-les-27-et-28-novembre-2010\/"},"modified":"2025-11-06T04:59:48","modified_gmt":"2025-11-06T02:59:48","slug":"general-meeting-of-the-cent-cols-club-in-parent-puy-de-dome-on-27-and-28-november-2010","status":"publish","type":"post","link":"https:\/\/centcols.org\/en\/assemblee-generale-du-club-des-cent-cols-a-parent-puy-de-dome-les-27-et-28-novembre-2010\/","title":{"rendered":"General Meeting of the Club des Cent Cols in Parent (Puy-de-D\u00f4me) on 27 and 28 November 2010"},"content":{"rendered":"<div class=\"wp-block-image\">\n<figure class=\"aligncenter size-full\"><img loading=\"lazy\" decoding=\"async\" width=\"774\" height=\"143\" src=\"https:\/\/centcols.org\/wp-content\/uploads\/2025\/06\/puys21.jpg\" alt=\"\" class=\"wp-image-83372\" srcset=\"https:\/\/centcols.org\/wp-content\/uploads\/2025\/06\/puys21.jpg 774w, https:\/\/centcols.org\/wp-content\/uploads\/2025\/06\/puys21-768x142.jpg 768w\" sizes=\"auto, (max-width: 774px) 100vw, 774px\" \/><\/figure>\n<\/div>\n\n\n<div style=\"height:50px\" aria-hidden=\"true\" class=\"wp-block-spacer\"><\/div>\n\n\n<div class=\"wp-block-image\">\n<figure class=\"aligncenter size-full\"><img loading=\"lazy\" decoding=\"async\" width=\"150\" height=\"167\" src=\"https:\/\/centcols.org\/wp-content\/uploads\/2025\/06\/blason631.png\" alt=\"\" class=\"wp-image-83375\"\/><\/figure>\n<\/div>\n\n\n<p><strong>The Amicale Cyclo Clermontoise invites you to the 2010 General Meeting of the Club des Cent Cols in Parent, in the Val d'Allier. Accommodation and catering will be provided by the Village de Vacances de Parent, a long-standing partner of the FFCT, which has moved from VAL to VVF.<\/strong><\/p>\n\n\n\n<p>Europe's last great wild river, from its C\u00e9vennes source in the Loz\u00e8re to its confluence with the Loire at the Bec d'Allier in the Nivernais region, the Allier forms the backbone of the Auvergne.<\/p>\n\n\n\n<p>Its valley separates the Dev\u00e8s plateau from the Margeride mountains, the Puys range from the Livradois mountains and the Combrailles from the Madeleine mountains. Its course waters the limagnes of Brioude, Issoire and Riom, symbolised by the three languages on the traditional coat of arms of the Province of Auvergne.<\/p>\n\n\n\n<p>Claude BENISTRAND<br>CC No. 284<\/p>\n\n\n\n<h2 class=\"wp-block-heading\">Programme<\/h2>\n\n\n\n<p>The reception will be open from Friday evening for those who have travelled a long way to get their bikes out on Saturday morning. Saturday afternoon will be devoted to the meeting itself, followed by a festive meal.<\/p>\n\n\n\n<p>Sunday morning's programme includes a road bike outing, a mountain bike outing or a guided walk with a visit to a winery, before the closing lunch at midday.<\/p>\n\n\n\n<figure class=\"wp-block-gallery has-nested-images columns-default is-cropped wp-block-gallery-1 is-layout-flex wp-block-gallery-is-layout-flex\">\n<figure class=\"wp-block-image size-large\"><img loading=\"lazy\" decoding=\"async\" width=\"300\" height=\"225\" data-id=\"83373\" src=\"https:\/\/centcols.org\/wp-content\/uploads\/2025\/06\/vvf1.jpg\" alt=\"\" class=\"wp-image-83373\"\/><\/figure>\n\n\n\n<figure class=\"wp-block-image size-large\"><img loading=\"lazy\" decoding=\"async\" width=\"300\" height=\"225\" data-id=\"83374\" src=\"https:\/\/centcols.org\/wp-content\/uploads\/2025\/06\/billom1.jpg\" alt=\"\" class=\"wp-image-83374\"\/><\/figure>\n\n\n\n<figure class=\"wp-block-image size-large\"><img loading=\"lazy\" decoding=\"async\" width=\"300\" height=\"225\" data-id=\"83376\" src=\"https:\/\/centcols.org\/wp-content\/uploads\/2025\/06\/colorado1.jpg\" alt=\"\" class=\"wp-image-83376\"\/><\/figure>\n<\/figure>\n\n\n\n<h2 class=\"wp-block-heading\">The routes<\/h2>\n\n\n\n<p>The routes will be spread along both banks of the Allier. The road circuits will be around 60 km long, while the mountain bike circuits will be suitable for a half-day ride.<\/p>\n\n\n\n<ul class=\"wp-block-list\">\n<li>Right bank: the castles circuit: Yronde-et-Buron, Saint-Babel, Chauriat, Mezel, Buss\u00e9ol, passing through the garlic capital, the medieval town of Billom and Vic-le-Comte, former capital of the Counts of Auvergne. There are three passes on this route: the Croix des Gardes, Potey and Jallat passes.<\/li>\n\n\n\n<li>Left bank: the oppida trail: three climbs to discover three high-altitude sites where archaeological digs have uncovered a Gallic oppidum: Corent, Gondole, and the best-known Gergovie, the highest point on the route at 717 m, on whose slopes is the only pass on the route: the Col des Goules (FR-63-698). On the way back, the route passes through the wine-growing villages of Veyre-Monton, La Sauvetat, Authezat and the village of Montpeyroux, characterised by its tower and arkose buildings.<\/li>\n\n\n\n<li>Sunday morning guided walk: plan to carpool to the village of Boudes in the Lembronnais. A 2-hour walk (bring walking shoes) will enable you to discover the \u00abColorado auvergnat\u00bb: the Vall\u00e9e des Saints, made up of fairy chimneys sculpted in red lateritic clay. On the way back, visit a winery in Boudes.<\/li>\n<\/ul>\n\n\n\n<h2 class=\"wp-block-heading\">Tours<\/h2>\n\n\n\n<p>On Saturday 27 and Sunday 28 November, two road and mountain bike circuits are on offer, numbered R1, R2, V1 and V2. All routes start from the Parent VVF and run in an anti-clockwise direction.<\/p>\n\n\n\n<h3 class=\"wp-block-heading\">Road routes<\/h3>\n\n\n\n<p>(Click on the tour name for details)<\/p>\n\n\n\n<h4 class=\"wp-block-heading\">Saturday 27 November<\/h4>\n\n\n\n<p><a class=\"iframe-fancybox\" href=\"https:\/\/centcols.org\/en\/les_rendez-vous\/2010\/Parent\/circuit.php\/?id=R1\" target=\"_blank\" rel=\"noopener\">Castles Tour<\/a><\/p>\n\n\n\n<p>Distance: 69 km<br>Difference in altitude: 1,000 m<br>Departure: VVF Parent at 8.30 a.m.<\/p>\n\n\n\n<ol class=\"wp-block-list\">\n<li><a class=\"iframe-fancybox\" href=\"https:\/\/centcols.org\/en\/util\/geo\/visuGP.php\/?c=63065400\" target=\"_blank\" rel=\"noopener\">FR-63-0654<\/a> Col de la Croix des Gardes<\/li>\n\n\n\n<li><a class=\"iframe-fancybox\" href=\"https:\/\/centcols.org\/en\/util\/geo\/visuGP.php\/?c=63058300\" target=\"_blank\" rel=\"noopener\">FR-63-0583<\/a> Col de Potey<\/li>\n\n\n\n<li><a class=\"iframe-fancybox\" href=\"https:\/\/centcols.org\/en\/util\/geo\/visuGP.php\/?c=63049900\" target=\"_blank\" rel=\"noopener\">FR-63-0499<\/a> Col de Jallat<\/li>\n<\/ol>\n\n\n\n<h4 class=\"wp-block-heading\">Sunday 28 November<\/h4>\n\n\n\n<p><a class=\"iframe-fancybox\" href=\"https:\/\/centcols.org\/en\/les_rendez-vous\/2010\/Parent\/circuit.php\/?id=R2\" target=\"_blank\" rel=\"noopener\">The Oppida circuit<\/a><\/p>\n\n\n\n<p>Distance: 55 km<br>Altitude gain: 970 m<br>Departure: VVF Parent at 8.30 a.m.<\/p>\n\n\n\n<ol class=\"wp-block-list\">\n<li><a class=\"iframe-fancybox\" href=\"https:\/\/centcols.org\/en\/util\/geo\/visuGP.php\/?c=63069800\" target=\"_blank\" rel=\"noopener\">FR-63-0698<\/a> Col des Goules<\/li>\n<\/ol>\n\n\n\n<h3 class=\"wp-block-heading\">Mountain bike routes<\/h3>\n\n\n\n<p>(Click on the tour name for details)<\/p>\n\n\n\n<h4 class=\"wp-block-heading\">Saturday 27 November<\/h4>\n\n\n\n<p><a class=\"iframe-fancybox\" href=\"https:\/\/centcols.org\/en\/les_rendez-vous\/2010\/Parent\/circuit.php\/?id=V1\" target=\"_blank\" rel=\"noopener\">Right bank <\/a><\/p>\n\n\n\n<p>Distance: 29 km<br>Ascent: 600 m<br>Departure: VVF Parent at 8.30 a.m.<\/p>\n\n\n\n<ol class=\"wp-block-list\">\n<li><a class=\"iframe-fancybox\" href=\"https:\/\/centcols.org\/en\/util\/geo\/visuGP.php\/?c=63065400\" target=\"_blank\" rel=\"noopener\">FR-63-0654<\/a> Col de la Croix des Gardes<\/li>\n\n\n\n<li><a class=\"iframe-fancybox\" href=\"https:\/\/centcols.org\/en\/util\/geo\/visuGP.php\/?c=63058300\" target=\"_blank\" rel=\"noopener\">FR-63-0583<\/a> Col de Potey<\/li>\n<\/ol>\n\n\n\n<h4 class=\"wp-block-heading\">Sunday 28 November<\/h4>\n\n\n\n<p><a class=\"iframe-fancybox\" href=\"https:\/\/centcols.org\/en\/les_rendez-vous\/2010\/Parent\/circuit.php\/?id=V2\" target=\"_blank\" rel=\"noopener\">Left bank<\/a><\/p>\n\n\n\n<p>Distance: 23 km<br>Ascent: 440 m<br>Departure: VVF Parent at 8.30 a.m.<\/p>\n\n\n\n<p>Accompanist: Jacques JUILLARD<\/p>\n\n\n\n<h2 class=\"wp-block-heading\">Geolocation files<\/h2>\n\n\n\n<p><a class=\"iframe-fancybox\" href=\"https:\/\/centcols.org\/les_rendez-vous\/2010\/Parent\/geo.htm\" target=\"_blank\" rel=\"noopener\">On this page<\/a> you will find GPX, KML and Carto Exploreur files of the routes for use with geolocation software and GPS receivers.<\/p>\n\n\n\n<h2 class=\"wp-block-heading\">Registration<\/h2>\n\n\n\n<p>You don't need to register if you want to attend the AGM itself on the 27th and ride with your colleagues on the morning of the 28th. However, if you want accommodation and\/or meals, registration is essential. So please fill in the registration form and return it with your payment to the address shown on the form before 10 November.<\/p>\n\n\n\n<h2 class=\"wp-block-heading\">Voting material<\/h2>\n\n\n\n<p>Some copies of Infos Cent Cols were apparently sent without ballot papers (the envelopes are included).<\/p>\n\n\n\n<h2 class=\"wp-block-heading\">Access to the VVF \u00abLes Balcons du Sancy\u00bb in Parent<\/h2>","protected":false},"excerpt":{"rendered":"<p>C\u2019est dans le Val d\u2019Allier sur la commune de Parent que l\u2019Amicale Cyclo Clermontoise vous convie \u00e0 l\u2019Assembl\u00e9e g\u00e9n\u00e9rale 2010 du Club des Cent Cols. L\u2019h\u00e9bergement et la restauration seront assur\u00e9s par la structure du Village de Vacances de Parent, pass\u00e9 du giron de VAL \u00e0 celui de VVF et partenaire de longue date de [&hellip;]<\/p>\n","protected":false},"author":3,"featured_media":83372,"comment_status":"closed","ping_status":"open","sticky":false,"template":"","format":"standard","meta":{"_acf_changed":false,"footnotes":""},"categories":[217,135],"tags":[],"class_list":["post-81754","post","type-post","status-publish","format-standard","has-post-thumbnail","hentry","category-assemblees-generales","category-calendrier"],"acf":[],"yoast_head":"<!-- This site is optimized with the Yoast SEO plugin v27.2 - https:\/\/yoast.com\/product\/yoast-seo-wordpress\/ -->\n<title>Assembl\u00e9e g\u00e9n\u00e9rale du Club des Cent Cols \u00e0 Parent (Puy-de-D\u00f4me) les 27 et 28 novembre 2010 - Club des Cent Cols<\/title>\n<meta name=\"robots\" content=\"index, follow, max-snippet:-1, max-image-preview:large, max-video-preview:-1\" \/>\n<link rel=\"canonical\" href=\"https:\/\/centcols.org\/en\/general-meeting-of-the-cent-cols-club-in-parent-puy-de-dome-on-27-and-28-november-2010\/\" \/>\n<meta property=\"og:locale\" content=\"en_GB\" \/>\n<meta property=\"og:type\" content=\"article\" \/>\n<meta property=\"og:title\" content=\"Assembl\u00e9e g\u00e9n\u00e9rale du Club des Cent Cols \u00e0 Parent (Puy-de-D\u00f4me) les 27 et 28 novembre 2010 - Club des Cent Cols\" \/>\n<meta property=\"og:description\" content=\"C\u2019est dans le Val d\u2019Allier sur la commune de Parent que l\u2019Amicale Cyclo Clermontoise vous convie \u00e0 l\u2019Assembl\u00e9e g\u00e9n\u00e9rale 2010 du Club des Cent Cols. L\u2019h\u00e9bergement et la restauration seront assur\u00e9s par la structure du Village de Vacances de Parent, pass\u00e9 du giron de VAL \u00e0 celui de VVF et partenaire de longue date de [&hellip;]\" \/>\n<meta property=\"og:url\" content=\"https:\/\/centcols.org\/en\/general-meeting-of-the-cent-cols-club-in-parent-puy-de-dome-on-27-and-28-november-2010\/\" \/>\n<meta property=\"og:site_name\" content=\"Club des Cent Cols\" \/>\n<meta property=\"article:publisher\" content=\"https:\/\/www.facebook.com\/groups\/5261880558\/?locale=fr_FR\" \/>\n<meta property=\"article:published_time\" content=\"2015-04-15T13:02:53+00:00\" \/>\n<meta property=\"article:modified_time\" content=\"2025-11-06T02:59:48+00:00\" \/>\n<meta property=\"og:image\" content=\"https:\/\/centcols.org\/wp-content\/uploads\/2025\/06\/puys21.jpg\" \/>\n\t<meta property=\"og:image:width\" content=\"774\" \/>\n\t<meta property=\"og:image:height\" content=\"143\" \/>\n\t<meta property=\"og:image:type\" content=\"image\/jpeg\" \/>\n<meta name=\"author\" content=\"Webmestre\" \/>\n<meta name=\"twitter:card\" content=\"summary_large_image\" \/>\n<meta name=\"twitter:label1\" content=\"Written by\" \/>\n\t<meta name=\"twitter:data1\" content=\"Webmestre\" \/>\n\t<meta name=\"twitter:label2\" content=\"Estimated reading time\" \/>\n\t<meta name=\"twitter:data2\" content=\"5 minutes\" \/>\n<script type=\"application\/ld+json\" class=\"yoast-schema-graph\">{\"@context\":\"https:\/\/schema.org\",\"@graph\":[{\"@type\":\"Article\",\"@id\":\"https:\/\/centcols.org\/assemblee-generale-du-club-des-cent-cols-a-parent-puy-de-dome-les-27-et-28-novembre-2010\/#article\",\"isPartOf\":{\"@id\":\"https:\/\/centcols.org\/assemblee-generale-du-club-des-cent-cols-a-parent-puy-de-dome-les-27-et-28-novembre-2010\/\"},\"author\":{\"name\":\"Webmestre\",\"@id\":\"https:\/\/centcols.org\/#\/schema\/person\/911b404fb133d8c913dd27cdcf71c8e5\"},\"headline\":\"Assembl\u00e9e g\u00e9n\u00e9rale du Club des Cent Cols \u00e0 Parent (Puy-de-D\u00f4me) les 27 et 28 novembre 2010\",\"datePublished\":\"2015-04-15T13:02:53+00:00\",\"dateModified\":\"2025-11-06T02:59:48+00:00\",\"mainEntityOfPage\":{\"@id\":\"https:\/\/centcols.org\/assemblee-generale-du-club-des-cent-cols-a-parent-puy-de-dome-les-27-et-28-novembre-2010\/\"},\"wordCount\":777,\"publisher\":{\"@id\":\"https:\/\/centcols.org\/#organization\"},\"image\":{\"@id\":\"https:\/\/centcols.org\/assemblee-generale-du-club-des-cent-cols-a-parent-puy-de-dome-les-27-et-28-novembre-2010\/#primaryimage\"},\"thumbnailUrl\":\"https:\/\/centcols.org\/wp-content\/uploads\/2025\/06\/puys21.jpg\",\"articleSection\":[\"Assembl\u00e9es g\u00e9n\u00e9rales\",\"Calendrier\"],\"inLanguage\":\"en-GB\"},{\"@type\":\"WebPage\",\"@id\":\"https:\/\/centcols.org\/assemblee-generale-du-club-des-cent-cols-a-parent-puy-de-dome-les-27-et-28-novembre-2010\/\",\"url\":\"https:\/\/centcols.org\/assemblee-generale-du-club-des-cent-cols-a-parent-puy-de-dome-les-27-et-28-novembre-2010\/\",\"name\":\"Assembl\u00e9e g\u00e9n\u00e9rale du Club des Cent Cols \u00e0 Parent (Puy-de-D\u00f4me) les 27 et 28 novembre 2010 - Club des Cent Cols\",\"isPartOf\":{\"@id\":\"https:\/\/centcols.org\/#website\"},\"primaryImageOfPage\":{\"@id\":\"https:\/\/centcols.org\/assemblee-generale-du-club-des-cent-cols-a-parent-puy-de-dome-les-27-et-28-novembre-2010\/#primaryimage\"},\"image\":{\"@id\":\"https:\/\/centcols.org\/assemblee-generale-du-club-des-cent-cols-a-parent-puy-de-dome-les-27-et-28-novembre-2010\/#primaryimage\"},\"thumbnailUrl\":\"https:\/\/centcols.org\/wp-content\/uploads\/2025\/06\/puys21.jpg\",\"datePublished\":\"2015-04-15T13:02:53+00:00\",\"dateModified\":\"2025-11-06T02:59:48+00:00\",\"breadcrumb\":{\"@id\":\"https:\/\/centcols.org\/assemblee-generale-du-club-des-cent-cols-a-parent-puy-de-dome-les-27-et-28-novembre-2010\/#breadcrumb\"},\"inLanguage\":\"en-GB\",\"potentialAction\":[{\"@type\":\"ReadAction\",\"target\":[\"https:\/\/centcols.org\/assemblee-generale-du-club-des-cent-cols-a-parent-puy-de-dome-les-27-et-28-novembre-2010\/\"]}]},{\"@type\":\"ImageObject\",\"inLanguage\":\"en-GB\",\"@id\":\"https:\/\/centcols.org\/assemblee-generale-du-club-des-cent-cols-a-parent-puy-de-dome-les-27-et-28-novembre-2010\/#primaryimage\",\"url\":\"https:\/\/centcols.org\/wp-content\/uploads\/2025\/06\/puys21.jpg\",\"contentUrl\":\"https:\/\/centcols.org\/wp-content\/uploads\/2025\/06\/puys21.jpg\",\"width\":774,\"height\":143},{\"@type\":\"BreadcrumbList\",\"@id\":\"https:\/\/centcols.org\/assemblee-generale-du-club-des-cent-cols-a-parent-puy-de-dome-les-27-et-28-novembre-2010\/#breadcrumb\",\"itemListElement\":[{\"@type\":\"ListItem\",\"position\":1,\"name\":\"Accueil\",\"item\":\"https:\/\/centcols.org\/\"},{\"@type\":\"ListItem\",\"position\":2,\"name\":\"Assembl\u00e9es g\u00e9n\u00e9rales\",\"item\":\"https:\/\/centcols.org\/rubrique\/assemblees-generales\/\"},{\"@type\":\"ListItem\",\"position\":3,\"name\":\"Assembl\u00e9e g\u00e9n\u00e9rale du Club des Cent Cols \u00e0 Parent (Puy-de-D\u00f4me) les 27 et 28 novembre 2010\"}]},{\"@type\":\"WebSite\",\"@id\":\"https:\/\/centcols.org\/#website\",\"url\":\"https:\/\/centcols.org\/\",\"name\":\"Club des Cent Cols\",\"description\":\"\",\"publisher\":{\"@id\":\"https:\/\/centcols.org\/#organization\"},\"potentialAction\":[{\"@type\":\"SearchAction\",\"target\":{\"@type\":\"EntryPoint\",\"urlTemplate\":\"https:\/\/centcols.org\/?s={search_term_string}\"},\"query-input\":{\"@type\":\"PropertyValueSpecification\",\"valueRequired\":true,\"valueName\":\"search_term_string\"}}],\"inLanguage\":\"en-GB\"},{\"@type\":\"Organization\",\"@id\":\"https:\/\/centcols.org\/#organization\",\"name\":\"Club des Cent Cols\",\"url\":\"https:\/\/centcols.org\/\",\"logo\":{\"@type\":\"ImageObject\",\"inLanguage\":\"en-GB\",\"@id\":\"https:\/\/centcols.org\/#\/schema\/logo\/image\/\",\"url\":\"https:\/\/centcols.org\/wp-content\/uploads\/2025\/01\/carte-icone.png\",\"contentUrl\":\"https:\/\/centcols.org\/wp-content\/uploads\/2025\/01\/carte-icone.png\",\"width\":250,\"height\":250,\"caption\":\"Club des Cent Cols\"},\"image\":{\"@id\":\"https:\/\/centcols.org\/#\/schema\/logo\/image\/\"},\"sameAs\":[\"https:\/\/www.facebook.com\/groups\/5261880558\/?locale=fr_FR\"]},{\"@type\":\"Person\",\"@id\":\"https:\/\/centcols.org\/#\/schema\/person\/911b404fb133d8c913dd27cdcf71c8e5\",\"name\":\"Webmestre\",\"image\":{\"@type\":\"ImageObject\",\"inLanguage\":\"en-GB\",\"@id\":\"https:\/\/centcols.org\/wp-content\/litespeed\/avatar\/2d246e4b6b4f773e08515e1ffc53690b.jpg?ver=1777222892\",\"url\":\"https:\/\/centcols.org\/wp-content\/litespeed\/avatar\/2d246e4b6b4f773e08515e1ffc53690b.jpg?ver=1777222892\",\"contentUrl\":\"https:\/\/centcols.org\/wp-content\/litespeed\/avatar\/2d246e4b6b4f773e08515e1ffc53690b.jpg?ver=1777222892\",\"caption\":\"Webmestre\"},\"url\":\"https:\/\/centcols.org\/en\/author\/webmestre\/\"}]}<\/script>\n<!-- \/ Yoast SEO plugin. -->","yoast_head_json":{"title":"General Meeting of the Club des Cent Cols in Parent (Puy-de-D\u00f4me) on 27 and 28 November 2010 - Club des Cent Cols","robots":{"index":"index","follow":"follow","max-snippet":"max-snippet:-1","max-image-preview":"max-image-preview:large","max-video-preview":"max-video-preview:-1"},"canonical":"https:\/\/centcols.org\/en\/general-meeting-of-the-cent-cols-club-in-parent-puy-de-dome-on-27-and-28-november-2010\/","og_locale":"en_GB","og_type":"article","og_title":"Assembl\u00e9e g\u00e9n\u00e9rale du Club des Cent Cols \u00e0 Parent (Puy-de-D\u00f4me) les 27 et 28 novembre 2010 - Club des Cent Cols","og_description":"C\u2019est dans le Val d\u2019Allier sur la commune de Parent que l\u2019Amicale Cyclo Clermontoise vous convie \u00e0 l\u2019Assembl\u00e9e g\u00e9n\u00e9rale 2010 du Club des Cent Cols. L\u2019h\u00e9bergement et la restauration seront assur\u00e9s par la structure du Village de Vacances de Parent, pass\u00e9 du giron de VAL \u00e0 celui de VVF et partenaire de longue date de [&hellip;]","og_url":"https:\/\/centcols.org\/en\/general-meeting-of-the-cent-cols-club-in-parent-puy-de-dome-on-27-and-28-november-2010\/","og_site_name":"Club des Cent Cols","article_publisher":"https:\/\/www.facebook.com\/groups\/5261880558\/?locale=fr_FR","article_published_time":"2015-04-15T13:02:53+00:00","article_modified_time":"2025-11-06T02:59:48+00:00","og_image":[{"width":774,"height":143,"url":"https:\/\/centcols.org\/wp-content\/uploads\/2025\/06\/puys21.jpg","type":"image\/jpeg"}],"author":"Webmestre","twitter_card":"summary_large_image","twitter_misc":{"Written by":"Webmestre","Estimated reading time":"5 minutes"},"schema":{"@context":"https:\/\/schema.org","@graph":[{"@type":"Article","@id":"https:\/\/centcols.org\/assemblee-generale-du-club-des-cent-cols-a-parent-puy-de-dome-les-27-et-28-novembre-2010\/#article","isPartOf":{"@id":"https:\/\/centcols.org\/assemblee-generale-du-club-des-cent-cols-a-parent-puy-de-dome-les-27-et-28-novembre-2010\/"},"author":{"name":"Webmestre","@id":"https:\/\/centcols.org\/#\/schema\/person\/911b404fb133d8c913dd27cdcf71c8e5"},"headline":"Assembl\u00e9e g\u00e9n\u00e9rale du Club des Cent Cols \u00e0 Parent (Puy-de-D\u00f4me) les 27 et 28 novembre 2010","datePublished":"2015-04-15T13:02:53+00:00","dateModified":"2025-11-06T02:59:48+00:00","mainEntityOfPage":{"@id":"https:\/\/centcols.org\/assemblee-generale-du-club-des-cent-cols-a-parent-puy-de-dome-les-27-et-28-novembre-2010\/"},"wordCount":777,"publisher":{"@id":"https:\/\/centcols.org\/#organization"},"image":{"@id":"https:\/\/centcols.org\/assemblee-generale-du-club-des-cent-cols-a-parent-puy-de-dome-les-27-et-28-novembre-2010\/#primaryimage"},"thumbnailUrl":"https:\/\/centcols.org\/wp-content\/uploads\/2025\/06\/puys21.jpg","articleSection":["Assembl\u00e9es g\u00e9n\u00e9rales","Calendrier"],"inLanguage":"en-GB"},{"@type":"WebPage","@id":"https:\/\/centcols.org\/assemblee-generale-du-club-des-cent-cols-a-parent-puy-de-dome-les-27-et-28-novembre-2010\/","url":"https:\/\/centcols.org\/assemblee-generale-du-club-des-cent-cols-a-parent-puy-de-dome-les-27-et-28-novembre-2010\/","name":"General Meeting of the Club des Cent Cols in Parent (Puy-de-D\u00f4me) on 27 and 28 November 2010 - Club des Cent Cols","isPartOf":{"@id":"https:\/\/centcols.org\/#website"},"primaryImageOfPage":{"@id":"https:\/\/centcols.org\/assemblee-generale-du-club-des-cent-cols-a-parent-puy-de-dome-les-27-et-28-novembre-2010\/#primaryimage"},"image":{"@id":"https:\/\/centcols.org\/assemblee-generale-du-club-des-cent-cols-a-parent-puy-de-dome-les-27-et-28-novembre-2010\/#primaryimage"},"thumbnailUrl":"https:\/\/centcols.org\/wp-content\/uploads\/2025\/06\/puys21.jpg","datePublished":"2015-04-15T13:02:53+00:00","dateModified":"2025-11-06T02:59:48+00:00","breadcrumb":{"@id":"https:\/\/centcols.org\/assemblee-generale-du-club-des-cent-cols-a-parent-puy-de-dome-les-27-et-28-novembre-2010\/#breadcrumb"},"inLanguage":"en-GB","potentialAction":[{"@type":"ReadAction","target":["https:\/\/centcols.org\/assemblee-generale-du-club-des-cent-cols-a-parent-puy-de-dome-les-27-et-28-novembre-2010\/"]}]},{"@type":"ImageObject","inLanguage":"en-GB","@id":"https:\/\/centcols.org\/assemblee-generale-du-club-des-cent-cols-a-parent-puy-de-dome-les-27-et-28-novembre-2010\/#primaryimage","url":"https:\/\/centcols.org\/wp-content\/uploads\/2025\/06\/puys21.jpg","contentUrl":"https:\/\/centcols.org\/wp-content\/uploads\/2025\/06\/puys21.jpg","width":774,"height":143},{"@type":"BreadcrumbList","@id":"https:\/\/centcols.org\/assemblee-generale-du-club-des-cent-cols-a-parent-puy-de-dome-les-27-et-28-novembre-2010\/#breadcrumb","itemListElement":[{"@type":"ListItem","position":1,"name":"Accueil","item":"https:\/\/centcols.org\/"},{"@type":"ListItem","position":2,"name":"Assembl\u00e9es g\u00e9n\u00e9rales","item":"https:\/\/centcols.org\/rubrique\/assemblees-generales\/"},{"@type":"ListItem","position":3,"name":"Assembl\u00e9e g\u00e9n\u00e9rale du Club des Cent Cols \u00e0 Parent (Puy-de-D\u00f4me) les 27 et 28 novembre 2010"}]},{"@type":"WebSite","@id":"https:\/\/centcols.org\/#website","url":"https:\/\/centcols.org\/","name":"Club des Cent Cols","description":"","publisher":{"@id":"https:\/\/centcols.org\/#organization"},"potentialAction":[{"@type":"SearchAction","target":{"@type":"EntryPoint","urlTemplate":"https:\/\/centcols.org\/?s={search_term_string}"},"query-input":{"@type":"PropertyValueSpecification","valueRequired":true,"valueName":"search_term_string"}}],"inLanguage":"en-GB"},{"@type":"Organization","@id":"https:\/\/centcols.org\/#organization","name":"Club des Cent Cols","url":"https:\/\/centcols.org\/","logo":{"@type":"ImageObject","inLanguage":"en-GB","@id":"https:\/\/centcols.org\/#\/schema\/logo\/image\/","url":"https:\/\/centcols.org\/wp-content\/uploads\/2025\/01\/carte-icone.png","contentUrl":"https:\/\/centcols.org\/wp-content\/uploads\/2025\/01\/carte-icone.png","width":250,"height":250,"caption":"Club des Cent Cols"},"image":{"@id":"https:\/\/centcols.org\/#\/schema\/logo\/image\/"},"sameAs":["https:\/\/www.facebook.com\/groups\/5261880558\/?locale=fr_FR"]},{"@type":"Person","@id":"https:\/\/centcols.org\/#\/schema\/person\/911b404fb133d8c913dd27cdcf71c8e5","name":"Webmaster","image":{"@type":"ImageObject","inLanguage":"en-GB","@id":"https:\/\/centcols.org\/wp-content\/litespeed\/avatar\/2d246e4b6b4f773e08515e1ffc53690b.jpg?ver=1777222892","url":"https:\/\/centcols.org\/wp-content\/litespeed\/avatar\/2d246e4b6b4f773e08515e1ffc53690b.jpg?ver=1777222892","contentUrl":"https:\/\/centcols.org\/wp-content\/litespeed\/avatar\/2d246e4b6b4f773e08515e1ffc53690b.jpg?ver=1777222892","caption":"Webmestre"},"url":"https:\/\/centcols.org\/en\/author\/webmestre\/"}]}},"_links":{"self":[{"href":"https:\/\/centcols.org\/en\/wp-json\/wp\/v2\/posts\/81754","targetHints":{"allow":["GET"]}}],"collection":[{"href":"https:\/\/centcols.org\/en\/wp-json\/wp\/v2\/posts"}],"about":[{"href":"https:\/\/centcols.org\/en\/wp-json\/wp\/v2\/types\/post"}],"author":[{"embeddable":true,"href":"https:\/\/centcols.org\/en\/wp-json\/wp\/v2\/users\/3"}],"replies":[{"embeddable":true,"href":"https:\/\/centcols.org\/en\/wp-json\/wp\/v2\/comments?post=81754"}],"version-history":[{"count":0,"href":"https:\/\/centcols.org\/en\/wp-json\/wp\/v2\/posts\/81754\/revisions"}],"wp:featuredmedia":[{"embeddable":true,"href":"https:\/\/centcols.org\/en\/wp-json\/wp\/v2\/media\/83372"}],"wp:attachment":[{"href":"https:\/\/centcols.org\/en\/wp-json\/wp\/v2\/media?parent=81754"}],"wp:term":[{"taxonomy":"category","embeddable":true,"href":"https:\/\/centcols.org\/en\/wp-json\/wp\/v2\/categories?post=81754"},{"taxonomy":"post_tag","embeddable":true,"href":"https:\/\/centcols.org\/en\/wp-json\/wp\/v2\/tags?post=81754"}],"curies":[{"name":"wp","href":"https:\/\/api.w.org\/{rel}","templated":true}]}}