{"id":81768,"date":"2016-05-04T11:18:45","date_gmt":"2016-05-04T09:18:45","guid":{"rendered":"https:\/\/centcols.org\/sejour-estival-a-vassieux-en-vercors-drome-du-16-au-24-juillet-2016\/"},"modified":"2025-09-01T18:06:16","modified_gmt":"2025-09-01T16:06:16","slug":"stay-2016-vassieux","status":"publish","type":"post","link":"https:\/\/centcols.org\/en\/sejour-2016-vassieux\/","title":{"rendered":"Summer break in Vassieux-en-Vercors (Dr\u00f4me) from 16 to 24 July 2016"},"content":{"rendered":"<h2 class=\"wp-block-heading\">Presentation<\/h2>\n\n\n\n<p>The 2016 summer holiday will take place from 16 to 24 July at <a href=\"http:\/\/www.lepiroulet.com\/spip\/Vassieux-en-Vercors.html\" target=\"_blank\" rel=\"noreferrer noopener\">Piroulet<\/a> in the commune of Vassieux-en-Vercors.<\/p>\n\n\n\n<p>The photos on this page (landscapes, fauna, flora) were mainly supplied by Mich\u00e8le Sassoulas.<\/p>\n\n\n\n<figure class=\"wp-block-gallery has-nested-images columns-3 is-cropped wp-block-gallery-1 is-layout-flex wp-block-gallery-is-layout-flex\">\n<figure class=\"wp-block-image size-full\"><a href=\"https:\/\/centcols.org\/wp-content\/uploads\/2016\/05\/200_blason_vassieux00001.png\"><img loading=\"lazy\" decoding=\"async\" width=\"200\" height=\"220\" data-id=\"88731\" src=\"https:\/\/centcols.org\/wp-content\/uploads\/2016\/05\/200_blason_vassieux00001.png\" alt=\"\" class=\"wp-image-88731\"\/><\/a><figcaption class=\"wp-element-caption\">Vassieux<\/figcaption><\/figure>\n\n\n\n<figure class=\"wp-block-image size-full\"><a href=\"https:\/\/centcols.org\/wp-content\/uploads\/2016\/05\/villagevassieux.jpg\"><img loading=\"lazy\" decoding=\"async\" width=\"1024\" height=\"768\" data-id=\"88732\" src=\"https:\/\/centcols.org\/wp-content\/uploads\/2016\/05\/villagevassieux.jpg\" alt=\"\" class=\"wp-image-88732\" srcset=\"https:\/\/centcols.org\/wp-content\/uploads\/2016\/05\/villagevassieux.jpg 1024w, https:\/\/centcols.org\/wp-content\/uploads\/2016\/05\/villagevassieux-768x576.jpg 768w\" sizes=\"auto, (max-width: 1024px) 100vw, 1024px\" \/><\/a><figcaption class=\"wp-element-caption\">the village of Vassieux-en-Vercors from the rocks of Beausi\u00e8re<\/figcaption><\/figure>\n\n\n\n<figure class=\"wp-block-image size-full\"><a href=\"https:\/\/centcols.org\/wp-content\/uploads\/2016\/05\/Blason_province_fr_Dauphine.svg_.png\"><img loading=\"lazy\" decoding=\"async\" width=\"200\" height=\"220\" data-id=\"88733\" src=\"https:\/\/centcols.org\/wp-content\/uploads\/2016\/05\/Blason_province_fr_Dauphine.svg_.png\" alt=\"\" class=\"wp-image-88733\"\/><\/a><figcaption class=\"wp-element-caption\">Dauphin\u00e9<\/figcaption><\/figure>\n<\/figure>\n\n\n\n<figure class=\"wp-block-gallery has-nested-images columns-3 is-cropped wp-block-gallery-2 is-layout-flex wp-block-gallery-is-layout-flex\">\n<figure class=\"wp-block-image size-full\"><a href=\"https:\/\/centcols.org\/wp-content\/uploads\/2016\/05\/DSCN2366.jpg\"><img loading=\"lazy\" decoding=\"async\" width=\"1024\" height=\"768\" data-id=\"88734\" src=\"https:\/\/centcols.org\/wp-content\/uploads\/2016\/05\/DSCN2366.jpg\" alt=\"\" class=\"wp-image-88734\" srcset=\"https:\/\/centcols.org\/wp-content\/uploads\/2016\/05\/DSCN2366.jpg 1024w, https:\/\/centcols.org\/wp-content\/uploads\/2016\/05\/DSCN2366-768x576.jpg 768w\" sizes=\"auto, (max-width: 1024px) 100vw, 1024px\" \/><\/a><figcaption class=\"wp-element-caption\">the windmills of Vassieux<\/figcaption><\/figure>\n\n\n\n<figure class=\"wp-block-image size-full\"><a href=\"https:\/\/centcols.org\/wp-content\/uploads\/2016\/05\/DSCN1420.jpg\"><img loading=\"lazy\" decoding=\"async\" width=\"1024\" height=\"768\" data-id=\"88735\" src=\"https:\/\/centcols.org\/wp-content\/uploads\/2016\/05\/DSCN1420.jpg\" alt=\"\" class=\"wp-image-88735\" srcset=\"https:\/\/centcols.org\/wp-content\/uploads\/2016\/05\/DSCN1420.jpg 1024w, https:\/\/centcols.org\/wp-content\/uploads\/2016\/05\/DSCN1420-768x576.jpg 768w\" sizes=\"auto, (max-width: 1024px) 100vw, 1024px\" \/><\/a><figcaption class=\"wp-element-caption\">the Resistance memorial at the Col de la Chau<\/figcaption><\/figure>\n\n\n\n<figure class=\"wp-block-image size-full\"><a href=\"https:\/\/centcols.org\/wp-content\/uploads\/2016\/05\/Bataille.jpg\"><img loading=\"lazy\" decoding=\"async\" width=\"1024\" height=\"768\" data-id=\"88736\" src=\"https:\/\/centcols.org\/wp-content\/uploads\/2016\/05\/Bataille.jpg\" alt=\"\" class=\"wp-image-88736\" srcset=\"https:\/\/centcols.org\/wp-content\/uploads\/2016\/05\/Bataille.jpg 1024w, https:\/\/centcols.org\/wp-content\/uploads\/2016\/05\/Bataille-768x576.jpg 768w\" sizes=\"auto, (max-width: 1024px) 100vw, 1024px\" \/><\/a><figcaption class=\"wp-element-caption\">fog scarf over the Col de la Bataille<\/figcaption><\/figure>\n<\/figure>\n\n\n\n<div class=\"wp-block-columns is-layout-flex wp-container-core-columns-is-layout-9d6595d7 wp-block-columns-is-layout-flex\">\n<div class=\"wp-block-column is-layout-flow wp-block-column-is-layout-flow\" style=\"flex-basis:66.66%\">\n<h2 class=\"wp-block-heading\">Introduction to the region<\/h2>\n\n\n\n<p>The Vercors is a massif in the Pre-Alps region of south-eastern France, straddling the departments of Is\u00e8re and Dr\u00f4me, and rising to an altitude of 2,341 metres at Grand Veymont. The Is\u00e8re part is much better known for tourism, particularly winter tourism, thanks to the fame brought by the 1968 Grenoble Olympic Games. Autrans, Villard-de-Lans and Saint-Nizier-du-Moucherotte were the venues for the Nordic events (cross-country skiing and ski jumping). The Dr\u00f4me part of the massif is much wilder, and that's where we'll be staying this summer.<\/p>\n\n\n\n<p>The geography of the Vercors is often summed up by the term \"plateau\". Seen from a distance, it looks simple: the difference in altitude between the massif and the valleys is several hundred metres, reaching the inhabited areas at between 800 and 1,200 metres. The fifty-kilometre-long ridge on the eastern flank has several peaks that exceed 2,000 metres in altitude, while the interior of the massif fluctuates between 800 and 1,500 metres.<\/p>\n\n\n\n<p>The particular relief of the Vercors has earned it two nicknames. The \"Fortress\" nickname reflects the difficulty of accessing the Vercors from the plains: most of the time, you have to pass through gorges formed by limestone cliffs or steps accessible only to hikers. The \"French Dolomites\" nickname refers to the Italian limestone massif known for its distinctive rock shapes.<\/p>\n\n\n\n<p>Because of this particular relief, the centre of the Vercors is divided into several distinct regions.<\/p>\n\n\n\n<p>The Coulmes, to the north-west, has always been the most densely wooded part of the massif. The forest was exploited in the 19th<sup>e<\/sup> In this region, the Vercors looks more like a mountain than a series of plateaux. In this region, the Vercors looks more like a mountain than a succession of plateaux, with the folds of Urgonian limestone being more rounded. There are several impressive routes to the Coulmes, in particular the Gorges du Nan and Gorges des \u00c9couges. A road tour will help you discover them.<\/p>\n\n\n\n<p>The Quatre Montagnes is now the most developed area of the Vercors for tourism, particularly cross-country and downhill skiing. Nevertheless, traditional activities still exist in the Quatre Montagnes, in particular dairy farming and cheese production. The four main villages (Autrans, M\u00e9audre, Lans-en-Vercors and Villard-de-Lans) are spread across two plateaux separated by wooded mountains. These four villages are ski resorts but still have working farms.<\/p>\n\n\n\n<p>On closer inspection, the contrasts are stark: wide valleys (the Lans-en-Vercors valley, the Autrans and La Chapelle-en-Vercors regions, etc.) and plateaux (the Coulmes forest, the Lente forest and the immense Hauts-Plateaux du Vercors) are separated by deep gorges (the Bourne and Furon gorges, etc.).) and plateaux (the Coulmes forest, the Lente forest and the immense Hauts-Plateaux du Vercors) are separated by deep gorges (the Bourne and Furon gorges, etc.) and imposing cliffs that can exceed 400 metres in height (the Presles, Combe Laval and Archiane cirque cliffs, etc.). Mont Aiguille is isolated from the rest of the massif by erosion that has cut into all its flanks.<\/p>\n\n\n\n<p>Because of this relief, several parts of the Vercors are particularly isolated from the rest of the massif. Gresse-en-Vercors has no connection with the interior of the massif: you have to travel around a hundred kilometres to reach the south of the Vercors via the Col de Rousset and around seventy kilometres to reach the north of the Vercors via Saint-Nizier-du-Moucherotte.<\/p>\n\n\n\n<p>The Vercors in the Dr\u00f4me region is made up of smaller, but more numerous plateaux. Some of these plateaux are spectacular (Ambel, Font d'Urle), offering fine views from one to the other or to the surrounding plains. To the north of the Vercors in the Dr\u00f4me region are several gorges crossed by impressive roads cut right into the cliffs. The grassy plateaux of the Dr\u00f4me Vercors are used as mountain pastures in summer. The transhumance is the occasion for a festival in Die.<\/p>\n\n\n\n<figure class=\"wp-block-gallery has-nested-images columns-default is-cropped wp-block-gallery-3 is-layout-flex wp-block-gallery-is-layout-flex\">\n<figure class=\"wp-block-image size-full\"><a href=\"https:\/\/centcols.org\/wp-content\/uploads\/2016\/05\/DSC04657.jpg\"><img loading=\"lazy\" decoding=\"async\" width=\"1024\" height=\"768\" data-id=\"88739\" src=\"https:\/\/centcols.org\/wp-content\/uploads\/2016\/05\/DSC04657.jpg\" alt=\"\" class=\"wp-image-88739\" srcset=\"https:\/\/centcols.org\/wp-content\/uploads\/2016\/05\/DSC04657.jpg 1024w, https:\/\/centcols.org\/wp-content\/uploads\/2016\/05\/DSC04657-768x576.jpg 768w\" sizes=\"auto, (max-width: 1024px) 100vw, 1024px\" \/><\/a><figcaption class=\"wp-element-caption\">pas de l'Echelette <\/figcaption><\/figure>\n\n\n\n<figure class=\"wp-block-image size-full\"><a href=\"https:\/\/centcols.org\/wp-content\/uploads\/2016\/05\/DSCN2383.jpg\"><img loading=\"lazy\" decoding=\"async\" width=\"1024\" height=\"768\" data-id=\"88740\" src=\"https:\/\/centcols.org\/wp-content\/uploads\/2016\/05\/DSCN2383.jpg\" alt=\"\" class=\"wp-image-88740\" srcset=\"https:\/\/centcols.org\/wp-content\/uploads\/2016\/05\/DSCN2383.jpg 1024w, https:\/\/centcols.org\/wp-content\/uploads\/2016\/05\/DSCN2383-768x576.jpg 768w\" sizes=\"auto, (max-width: 1024px) 100vw, 1024px\" \/><\/a><figcaption class=\"wp-element-caption\">puy de la Gag\u00e8re and the cliffs of the cirque de Quint<\/figcaption><\/figure>\n<figcaption class=\"blocks-gallery-caption wp-element-caption\">Mich\u00e8le Sassoulas<\/figcaption><\/figure>\n<\/div>\n\n\n\n<div class=\"wp-block-column is-layout-flow wp-block-column-is-layout-flow\" style=\"flex-basis:33.33%\">\n<h2 class=\"wp-block-heading\">The Vercors horse<\/h2>\n\n\n<div class=\"wp-block-image\">\n<figure class=\"aligncenter size-full is-resized\"><img loading=\"lazy\" decoding=\"async\" width=\"800\" height=\"600\" src=\"https:\/\/centcols.org\/wp-content\/uploads\/2016\/05\/urle00005.jpg\" alt=\"\" class=\"wp-image-88738\" style=\"aspect-ratio:1;object-fit:cover;width:801px\" srcset=\"https:\/\/centcols.org\/wp-content\/uploads\/2016\/05\/urle00005.jpg 800w, https:\/\/centcols.org\/wp-content\/uploads\/2016\/05\/urle00005-768x576.jpg 768w\" sizes=\"auto, (max-width: 800px) 100vw, 800px\" \/><figcaption class=\"wp-element-caption\">Photo taken on the Gag\u00e8res plateau (R.Paraz)<\/figcaption><\/figure>\n<\/div>\n\n\n<div style=\"height:25px\" aria-hidden=\"true\" class=\"wp-block-spacer\"><\/div>\n\n\n\n<div style=\"height:25px\" aria-hidden=\"true\" class=\"wp-block-spacer\"><\/div>\n\n\n\n<p>On the <strong>plateau des Gag\u00e8res<\/strong>When it's foggy and only the beacons for snow clearance are visible, the atmosphere is special. Or when the frost stretches its thin horizontal blades across the plants and pylons, when the wind sweeps across the lapiaz and meadows, when the storm howls ... a la <strong>Porte d'Urle<\/strong>.<\/p>\n\n\n\n<p>The plateau is superb in spring, when the vegetation between the fluted lapiaz slabs, rock barriers and scialets is decked out in narcissi and orchids.<\/p>\n\n\n\n<p>This is the pastureland of the<strong> Vercors horse<\/strong>which returns from the Crau plain to take up its summer pastures in the Vercors.<\/p>\n\n\n\n<p>This horse is also called Barraquand, after the first breeder, Jules Barraquand, a farmer from Ambel who bought the Font d'Urle lawns in 1919 for his sheep and around a hundred of his horses. The great transhumance then took place between the Mas de Beauchamp in the Crau and the southern Vercors.<\/p>\n\n\n\n<p>The Vercors horse almost disappeared after the war in the 1950s. It owes its survival to passionate breeders and the support of the Vercors Park. Recently, Michel Chapoutier tested the use of animal traction to work his famous vines at Tain-l'Hermitage: perhaps the Vercors horse will become part of the Rh\u00f4ne winegrowing landscape too!<\/p>\n\n\n\n<p>This is a small, hardy and hardy horse, energetic and supple, with a bay coat, expressive eyes and a black and fawn mane. It can be found, almost freely, from Serre Montu\u00e9 to Puy de la Gag\u00e8re.<\/p>\n\n\n\n<p>Or flush with the cliffs of the Cirque de Quint... In July 1994, a very violent storm sent the horses into a panic and they plunged into the abyss. 47 horses perished and it was difficult to recover their carcasses from the scree and slopes below.<\/p>\n\n\n\n<p>Mich\u00e8le Sassoulas (cc 1430)<\/p>\n<\/div>\n<\/div>\n\n\n\n<h3 class=\"wp-block-heading\"><strong>&nbsp;The Vercors Highlands<\/strong><\/h3>\n\n\n\n<p>Unique in its size at 17,000 hectares, the Hauts-Plateaux Reserve covers 10% of the Vercors Regional Nature Park. It is currently the largest terrestrial reserve in mainland France.<\/p>\n\n\n\n<p>Today, with its alternating mountain pastures and forests, the Reserve boasts the largest forest of hooked pine in the limestone Alps, and a rich flora of some 738 species. Animal life is discreet but abundant.<\/p>\n\n\n\n<p>Most of the mountain species can be seen here: marmot, black grouse, golden eagle, chamois, etc., as well as rarer species such as the rock ptarmigan, mountain hare, wolf, little owl and Tengmalm's owl. Some species, such as the Alpine ibex, griffon vulture, bearded vulture and marmot, have been reintroduced in recent years.<\/p>\n\n\n\n<figure class=\"wp-block-gallery has-nested-images columns-2 is-cropped wp-block-gallery-4 is-layout-flex wp-block-gallery-is-layout-flex\">\n<figure class=\"wp-block-image size-full\"><a href=\"https:\/\/centcols.org\/wp-content\/uploads\/2016\/05\/DSCN1336.jpg\"><img loading=\"lazy\" decoding=\"async\" width=\"1024\" height=\"768\" data-id=\"88741\" src=\"https:\/\/centcols.org\/wp-content\/uploads\/2016\/05\/DSCN1336.jpg\" alt=\"\" class=\"wp-image-88741\" srcset=\"https:\/\/centcols.org\/wp-content\/uploads\/2016\/05\/DSCN1336.jpg 1024w, https:\/\/centcols.org\/wp-content\/uploads\/2016\/05\/DSCN1336-768x576.jpg 768w\" sizes=\"auto, (max-width: 1024px) 100vw, 1024px\" \/><\/a><\/figure>\n\n\n\n<figure class=\"wp-block-image size-full\"><a href=\"https:\/\/centcols.org\/wp-content\/uploads\/2016\/05\/DSCF3373_1.jpg\"><img loading=\"lazy\" decoding=\"async\" width=\"1024\" height=\"768\" data-id=\"88742\" src=\"https:\/\/centcols.org\/wp-content\/uploads\/2016\/05\/DSCF3373_1.jpg\" alt=\"\" class=\"wp-image-88742\" srcset=\"https:\/\/centcols.org\/wp-content\/uploads\/2016\/05\/DSCF3373_1.jpg 1024w, https:\/\/centcols.org\/wp-content\/uploads\/2016\/05\/DSCF3373_1-768x576.jpg 768w\" sizes=\"auto, (max-width: 1024px) 100vw, 1024px\" \/><\/a><\/figure>\n<\/figure>\n\n\n\n<p>Botanists and flower lovers will discover a very rich flora, where white comes first before red\/pink with several varieties of orchids, gentians, thistles... See also the website : <em><a href=\"http:\/\/www.fleursduvercors.com\/\" target=\"_blank\" rel=\"noreferrer noopener\">http:\/\/www.fleursduvercors.com\/<\/a> <\/em>where you can see this by selecting sorting by colour.<\/p>\n\n\n\n<figure class=\"wp-block-gallery has-nested-images columns-3 is-cropped wp-block-gallery-5 is-layout-flex wp-block-gallery-is-layout-flex\">\n<figure class=\"wp-block-image size-full\"><a href=\"https:\/\/centcols.org\/wp-content\/uploads\/2016\/05\/DSC03684_1.jpg\"><img loading=\"lazy\" decoding=\"async\" width=\"1024\" height=\"768\" data-id=\"88743\" src=\"https:\/\/centcols.org\/wp-content\/uploads\/2016\/05\/DSC03684_1.jpg\" alt=\"\" class=\"wp-image-88743\" srcset=\"https:\/\/centcols.org\/wp-content\/uploads\/2016\/05\/DSC03684_1.jpg 1024w, https:\/\/centcols.org\/wp-content\/uploads\/2016\/05\/DSC03684_1-768x576.jpg 768w\" sizes=\"auto, (max-width: 1024px) 100vw, 1024px\" \/><\/a><figcaption class=\"wp-element-caption\">in spring scilla and crocus<\/figcaption><\/figure>\n\n\n\n<figure class=\"wp-block-image size-full\"><a href=\"https:\/\/centcols.org\/wp-content\/uploads\/2016\/05\/DSCN1362.jpg\"><img loading=\"lazy\" decoding=\"async\" width=\"1024\" height=\"768\" data-id=\"88745\" src=\"https:\/\/centcols.org\/wp-content\/uploads\/2016\/05\/DSCN1362.jpg\" alt=\"\" class=\"wp-image-88745\" srcset=\"https:\/\/centcols.org\/wp-content\/uploads\/2016\/05\/DSCN1362.jpg 1024w, https:\/\/centcols.org\/wp-content\/uploads\/2016\/05\/DSCN1362-768x576.jpg 768w\" sizes=\"auto, (max-width: 1024px) 100vw, 1024px\" \/><\/a><figcaption class=\"wp-element-caption\">carnation<\/figcaption><\/figure>\n\n\n\n<figure class=\"wp-block-image size-full\"><a href=\"https:\/\/centcols.org\/wp-content\/uploads\/2016\/05\/DSCF3411_1.jpg\"><img loading=\"lazy\" decoding=\"async\" width=\"576\" height=\"768\" data-id=\"88747\" src=\"https:\/\/centcols.org\/wp-content\/uploads\/2016\/05\/DSCF3411_1.jpg\" alt=\"\" class=\"wp-image-88747\"\/><\/a><figcaption class=\"wp-element-caption\">elder orchis<\/figcaption><\/figure>\n\n\n\n<figure class=\"wp-block-image size-full\"><a href=\"https:\/\/centcols.org\/wp-content\/uploads\/2016\/05\/DSCN1309.jpg\"><img loading=\"lazy\" decoding=\"async\" width=\"1024\" height=\"768\" data-id=\"88746\" src=\"https:\/\/centcols.org\/wp-content\/uploads\/2016\/05\/DSCN1309.jpg\" alt=\"\" class=\"wp-image-88746\" srcset=\"https:\/\/centcols.org\/wp-content\/uploads\/2016\/05\/DSCN1309.jpg 1024w, https:\/\/centcols.org\/wp-content\/uploads\/2016\/05\/DSCN1309-768x576.jpg 768w\" sizes=\"auto, (max-width: 1024px) 100vw, 1024px\" \/><\/a><figcaption class=\"wp-element-caption\">edelweiss<\/figcaption><\/figure>\n\n\n\n<figure class=\"wp-block-image size-full\"><a href=\"https:\/\/centcols.org\/wp-content\/uploads\/2016\/05\/DSCF3091_1.jpg\"><img loading=\"lazy\" decoding=\"async\" width=\"576\" height=\"768\" data-id=\"88748\" src=\"https:\/\/centcols.org\/wp-content\/uploads\/2016\/05\/DSCF3091_1.jpg\" alt=\"\" class=\"wp-image-88748\"\/><\/a><figcaption class=\"wp-element-caption\">dog tooth<\/figcaption><\/figure>\n\n\n\n<figure class=\"wp-block-image size-full\"><a href=\"https:\/\/centcols.org\/wp-content\/uploads\/2016\/05\/DSC03820_1.jpg\"><img loading=\"lazy\" decoding=\"async\" width=\"1024\" height=\"768\" data-id=\"88744\" src=\"https:\/\/centcols.org\/wp-content\/uploads\/2016\/05\/DSC03820_1.jpg\" alt=\"\" class=\"wp-image-88744\" srcset=\"https:\/\/centcols.org\/wp-content\/uploads\/2016\/05\/DSC03820_1.jpg 1024w, https:\/\/centcols.org\/wp-content\/uploads\/2016\/05\/DSC03820_1-768x576.jpg 768w\" sizes=\"auto, (max-width: 1024px) 100vw, 1024px\" \/><\/a><figcaption class=\"wp-element-caption\">gentian<\/figcaption><\/figure>\n<\/figure>\n\n\n\n<h2 class=\"wp-block-heading\">Tours<\/h2>\n\n\n\n<p>The <a href=\"\/en\/membres\/cctours\/tours.php\/?lieu=Vassieux&amp;an=2016&amp;genre=V\">mule tracks<\/a> were drawn up by Alf\u00e9o Lotto (CC No. 5650), Jean-Marie Gilouin (CC No. 5699) and Alain Benoist (CC No. 5663) and the <a href=\"\/en\/membres\/cctours\/tours.php\/?lieu=Vassieux&amp;an=2016&amp;genre=R\">road routes<\/a> by R\u00e9gis Paraz (CC No. 3225).<\/p>\n\n\n\n<p>The holiday centre is already located at altitude. Nevertheless, most of the road routes have been designed to allow you to discover the most spectacular access roads to the plateau. Sometimes you will have to start by descending into the valley before climbing back up to the plateau. It would have been possible to make a few passes on the way up and back, for example to the Col de Tourniol. That would have been a real shame, firstly because of the ethics of conquering a pass and secondly because the most remarkable scenery is on the valley side. The same goes for the Col de Romey\u00e8re. Unfortunately for the Col du Rousset, it wasn't possible to plan a route of reasonable length to climb it via its southern slope and its magnificent switchbacks.<\/p>\n\n\n\n<p>However, the few remaining road circuits on the plateau are relatively steep. In accordance with the adage \"who can do more can do less\" (although the reverse is not true) and in order to allow as many members as possible to enjoy themselves, a certain number of road or mule routes have reasonable mileage or gradients. The \"toughest\" riders are free to make the circuits harder.<\/p>\n\n\n\n<p><a href=\"https:\/\/centcols.org\/wp-content\/uploads\/2025\/09\/Plaquette_Vassieux_br.pdf\">Download the brochure<\/a><\/p>\n\n\n\n<p><a href=\"https:\/\/centcols.org\/wp-content\/uploads\/2025\/09\/Circuitspedestres.zip\">Download Mich\u00e8le Sassoulas' walking routes<\/a><\/p>\n\n\n\n<div class=\"wp-block-columns is-layout-flex wp-container-core-columns-is-layout-9d6595d7 wp-block-columns-is-layout-flex\">\n<div class=\"wp-block-column is-layout-flow wp-block-column-is-layout-flow\" style=\"flex-basis:66.66%\">\n<h2 class=\"wp-block-heading\">Hosting<\/h2>\n\n\n\n<p>Situated on the southern edge of the Vercors massif, on an open, windy plateau, the village of Vassieux-en-Vercors now has a population of 344. Its main sources of income are agriculture and tourism, of which Piroulet is a mainstay.<\/p>\n\n\n\n<p>It's the Village Vacances <a href=\"http:\/\/www.lepiroulet.com\/spip\/Vassieux-en-Vercors.html\" target=\"_blank\" rel=\"noreferrer noopener\">le Piroulet<\/a> who is going to welcome us. The word \"Piroulet\" means \"the man who turns the mill\". It is linked to the name of the locality, les Pr\u00e9s du Moulin, and refers to an 18th-century water mill.<sup>e<\/sup> which was located 300 m from the holiday village. The holiday village has 140 beds spread over 4 floors of rooms: 11 on the garden level, 22 on the ground floor, two of which are accessible to people with reduced mobility, and 22 duplexes on the first and second floors. Le Piroulet has four classrooms and\/or activity rooms, a large activity room, two other activity rooms, three restaurant rooms, a lounge, a bar and a heated indoor swimming pool.<\/p>\n<\/div>\n\n\n\n<div class=\"wp-block-column is-layout-flow wp-block-column-is-layout-flow\" style=\"flex-basis:33.33%\">\n<h2 class=\"wp-block-heading\">Note from the Board of Directors<\/h2>\n\n\n\n<p>If you arrange your accommodation elsewhere than at Le Piroulet holiday village, please let us know that you will be taking part in the holiday, for 3 reasons:<\/p>\n\n\n\n<ol class=\"wp-block-list\">\n<li>To be able to correctly size joint events (information sessions, welcome and farewell parties).<\/li>\n\n\n\n<li>To be able to split up into several groups on the routes to improve safety for everyone.<\/li>\n\n\n\n<li>To help organisers deal with any unforeseen events.<\/li>\n<\/ol>\n<\/div>\n<\/div>\n\n\n\n<figure class=\"wp-block-gallery has-nested-images columns-2 is-cropped wp-block-gallery-6 is-layout-flex wp-block-gallery-is-layout-flex\">\n<figure class=\"wp-block-image size-full\"><a href=\"https:\/\/centcols.org\/wp-content\/uploads\/2016\/05\/P1020967.jpg\"><img loading=\"lazy\" decoding=\"async\" width=\"1024\" height=\"768\" data-id=\"88751\" src=\"https:\/\/centcols.org\/wp-content\/uploads\/2016\/05\/P1020967.jpg\" alt=\"\" class=\"wp-image-88751\" srcset=\"https:\/\/centcols.org\/wp-content\/uploads\/2016\/05\/P1020967.jpg 1024w, https:\/\/centcols.org\/wp-content\/uploads\/2016\/05\/P1020967-768x576.jpg 768w\" sizes=\"auto, (max-width: 1024px) 100vw, 1024px\" \/><\/a><figcaption class=\"wp-element-caption\">Le Piroulet<\/figcaption><\/figure>\n\n\n\n<figure class=\"wp-block-image size-full\"><a href=\"https:\/\/centcols.org\/wp-content\/uploads\/2016\/05\/P1020970.jpg\"><img loading=\"lazy\" decoding=\"async\" width=\"1024\" height=\"768\" data-id=\"88752\" src=\"https:\/\/centcols.org\/wp-content\/uploads\/2016\/05\/P1020970.jpg\" alt=\"\" class=\"wp-image-88752\" srcset=\"https:\/\/centcols.org\/wp-content\/uploads\/2016\/05\/P1020970.jpg 1024w, https:\/\/centcols.org\/wp-content\/uploads\/2016\/05\/P1020970-768x576.jpg 768w\" sizes=\"auto, (max-width: 1024px) 100vw, 1024px\" \/><\/a><figcaption class=\"wp-element-caption\">Le Piroulet<\/figcaption><\/figure>\n<\/figure>\n\n\n\n<p>There is a motorhome park around 300 m from Le Piroulet.<\/p>\n\n\n\n<p>Campsite: there is a campsite about 3 km from Le Piroulet<\/p>\n\n\n\n<p><a href=\"http:\/\/lespins-vassieux-en-vercors.e-monsite.com\/\" target=\"_blank\" rel=\"noreferrer noopener\">Camping les Pins<\/a><br>Les Granges<br>26420 Vassieux-en-Vercors<\/p>\n\n\n\n<p>Telephone: + 33 650 11 98 35<br>Adresse mail :&nbsp;&#108;&#x65;&#115;&#x70;i&#x6e;s&#118;&#x61;&#115;&#x73;i&#x65;u&#120;&#x40;&#103;&#x6d;a&#x69;l&#46;&#x63;&#111;&#x6d;<\/p>\n\n\n\n<p>Grand G\u00eete des Loubi\u00e8res<\/p>\n\n\n\n<p>A large three-bedroom g\u00eete sleeping between 6 and 12 people.<\/p>\n\n\n\n<p>If anyone still looking for accommodation in Vassieux at this time of year wants to share the g\u00eete, that's one solution. The g\u00eete is 2 km from the village (and the Piroulet) and the same distance from the campsite.  The kitchen\/lounge\/terrace areas are shared but are spacious.  There is a garage for bicycles and parking for cars.<\/p>\n\n\n\n<p>See the website <a href=\"http:\/\/www.lespinsvassieuxenvercors.fr\/\" target=\"_blank\" rel=\"noreferrer noopener\">http:\/\/www.lespinsvassieuxenvercors.fr\/<\/a> and click on Grand G\u00eetes des Loubi\u00e8res in the banner at the top of the page.<\/p>\n\n\n\n<h2 class=\"wp-block-heading\">Other activities or visits<\/h2>\n\n\n\n<p>necropolis, \"Resistance\" memorial, park, prehistory museum, caves.<\/p>\n\n\n\n<p>Mich\u00e8le Sassoulas (CC No. 1430), a local member of the region, has put together a range of walking suggestions for all levels.<\/p>\n\n\n\n<h2 class=\"wp-block-heading\">Useful tips<\/h2>\n\n\n\n<h4 class=\"wp-block-heading\"><strong>Extending your stay:<\/strong><\/h4>\n\n\n\n<p>As stated in the presentation of the region, some parts of the Vercors are isolated from others. It is therefore possible to plan a few extra days to explore other areas that the tour does not explore.<\/p>\n\n\n\n<p>Please note! If you extend your stay, <strong>Mountain biking is restricted to a single route: the Grande Travers\u00e9e du Vercors (GTV) variant.<\/strong><\/p>\n\n\n\n<p><strong>Suggestions:<\/strong><\/p>\n\n\n\n<ul class=\"wp-block-list\">\n<li>A loop from Vif to Gresse-en-Vercors via the Col de l'Arzelier, Col des Deux and Col de Serre-Monet, then back via the Col de l'Allimas, Col du Fau and Collet de Sinard will give you the chance to explore the eastern side of the massif (the Pas du Serpaton round trip option is well worth the diversions).<\/li>\n<\/ul>\n\n\n<div class=\"wp-block-image\">\n<figure class=\"aligncenter size-full is-resized\"><a href=\"https:\/\/centcols.org\/wp-content\/uploads\/2016\/05\/DSCN1342.jpg\"><img loading=\"lazy\" decoding=\"async\" width=\"1024\" height=\"768\" src=\"https:\/\/centcols.org\/wp-content\/uploads\/2016\/05\/DSCN1342.jpg\" alt=\"\" class=\"wp-image-88753\" style=\"width:800px\" srcset=\"https:\/\/centcols.org\/wp-content\/uploads\/2016\/05\/DSCN1342.jpg 1024w, https:\/\/centcols.org\/wp-content\/uploads\/2016\/05\/DSCN1342-768x576.jpg 768w\" sizes=\"auto, (max-width: 1024px) 100vw, 1024px\" \/><\/a><figcaption class=\"wp-element-caption\">The eastern cliffs of the Vercors, from Grand Veymont<\/figcaption><\/figure>\n<\/div>\n\n\n<p>A tour of the Tri\u00e8ves, between Vercors and Devoluy, will take you over a number of passes with Mont Aiguille as a backdrop, and a loop around the Col de Men\u00e9e, Chatillon-en-Diois, Col de Grimone, Col de la Croix-Haute will take you through the Diois and the southern slopes of the massif.<\/p>\n\n\n\n<h2 class=\"wp-block-heading\">Registration<\/h2>\n\n\n\n<p>To register, download the PDF registration form and follow the instructions therein.<\/p>\n\n\n\n<h2 class=\"wp-block-heading\">Photo album by Mich\u00e8le Sassoulas<\/h2>\n\n\n\n<figure class=\"wp-block-gallery has-nested-images columns-4 is-cropped wp-block-gallery-7 is-layout-flex wp-block-gallery-is-layout-flex\">\n<figure class=\"wp-block-image size-full\"><a href=\"https:\/\/centcols.org\/wp-content\/uploads\/2016\/05\/DSCN2387.jpg\"><img loading=\"lazy\" decoding=\"async\" width=\"576\" height=\"768\" data-id=\"88755\" src=\"https:\/\/centcols.org\/wp-content\/uploads\/2016\/05\/DSCN2387.jpg\" alt=\"\" class=\"wp-image-88755\"\/><\/a><figcaption class=\"wp-element-caption\">Font d'Urle glacier (500 m from the Porte d'Urle)<\/figcaption><\/figure>\n\n\n\n<figure class=\"wp-block-image size-full\"><a href=\"https:\/\/centcols.org\/wp-content\/uploads\/2016\/05\/DSCF3416_1.jpg\"><img loading=\"lazy\" decoding=\"async\" width=\"576\" height=\"768\" data-id=\"88760\" src=\"https:\/\/centcols.org\/wp-content\/uploads\/2016\/05\/DSCF3416_1.jpg\" alt=\"\" class=\"wp-image-88760\"\/><\/a><figcaption class=\"wp-element-caption\">natural pass 1367 m tunnel 1255 m !<\/figcaption><\/figure>\n\n\n\n<figure class=\"wp-block-image size-full\"><a href=\"https:\/\/centcols.org\/wp-content\/uploads\/2016\/05\/DSCN1475_1.jpg\"><img loading=\"lazy\" decoding=\"async\" width=\"576\" height=\"768\" data-id=\"88756\" src=\"https:\/\/centcols.org\/wp-content\/uploads\/2016\/05\/DSCN1475_1.jpg\" alt=\"\" class=\"wp-image-88756\"\/><\/a><figcaption class=\"wp-element-caption\">Ours stone on the Ambel plateau<\/figcaption><\/figure>\n\n\n\n<figure class=\"wp-block-image size-full\"><a href=\"https:\/\/centcols.org\/wp-content\/uploads\/2016\/05\/DSCN1418.jpg\"><img loading=\"lazy\" decoding=\"async\" width=\"1024\" height=\"768\" data-id=\"88758\" src=\"https:\/\/centcols.org\/wp-content\/uploads\/2016\/05\/DSCN1418.jpg\" alt=\"\" class=\"wp-image-88758\" srcset=\"https:\/\/centcols.org\/wp-content\/uploads\/2016\/05\/DSCN1418.jpg 1024w, https:\/\/centcols.org\/wp-content\/uploads\/2016\/05\/DSCN1418-768x576.jpg 768w\" sizes=\"auto, (max-width: 1024px) 100vw, 1024px\" \/><\/a><figcaption class=\"wp-element-caption\">But de l'Aiglette seen from the But de N\u00e8ve and the Col de Chironne below<\/figcaption><\/figure>\n\n\n\n<figure class=\"wp-block-image size-full\"><a href=\"https:\/\/centcols.org\/wp-content\/uploads\/2016\/05\/DSCN1404.jpg\"><img loading=\"lazy\" decoding=\"async\" width=\"1024\" height=\"768\" data-id=\"88759\" src=\"https:\/\/centcols.org\/wp-content\/uploads\/2016\/05\/DSCN1404.jpg\" alt=\"\" class=\"wp-image-88759\" srcset=\"https:\/\/centcols.org\/wp-content\/uploads\/2016\/05\/DSCN1404.jpg 1024w, https:\/\/centcols.org\/wp-content\/uploads\/2016\/05\/DSCN1404-768x576.jpg 768w\" sizes=\"auto, (max-width: 1024px) 100vw, 1024px\" \/><\/a><figcaption class=\"wp-element-caption\">Orientation tables (1532m) before the Collet de Sapiau. In the background, the goal of Sapiau<\/figcaption><\/figure>\n\n\n\n<figure class=\"wp-block-image size-full\"><a href=\"https:\/\/centcols.org\/wp-content\/uploads\/2016\/05\/DSCF3436_1.jpg\"><img loading=\"lazy\" decoding=\"async\" width=\"1024\" height=\"768\" data-id=\"88761\" src=\"https:\/\/centcols.org\/wp-content\/uploads\/2016\/05\/DSCF3436_1.jpg\" alt=\"\" class=\"wp-image-88761\" srcset=\"https:\/\/centcols.org\/wp-content\/uploads\/2016\/05\/DSCF3436_1.jpg 1024w, https:\/\/centcols.org\/wp-content\/uploads\/2016\/05\/DSCF3436_1-768x576.jpg 768w\" sizes=\"auto, (max-width: 1024px) 100vw, 1024px\" \/><\/a><figcaption class=\"wp-element-caption\">Serre Montu\u00e9 and the Infernet ridge seen from Les Gag\u00e8res. Forest of cairns on the lapiaz<\/figcaption><\/figure>\n\n\n\n<figure class=\"wp-block-image size-full\"><a href=\"https:\/\/centcols.org\/wp-content\/uploads\/2016\/05\/DSCF3159_1.jpg\"><img loading=\"lazy\" decoding=\"async\" width=\"1024\" height=\"768\" data-id=\"88762\" src=\"https:\/\/centcols.org\/wp-content\/uploads\/2016\/05\/DSCF3159_1.jpg\" alt=\"\" class=\"wp-image-88762\" srcset=\"https:\/\/centcols.org\/wp-content\/uploads\/2016\/05\/DSCF3159_1.jpg 1024w, https:\/\/centcols.org\/wp-content\/uploads\/2016\/05\/DSCF3159_1-768x576.jpg 768w\" sizes=\"auto, (max-width: 1024px) 100vw, 1024px\" \/><\/a><figcaption class=\"wp-element-caption\">Serre Montu\u00e9 and the Infernet ridge seen from the Pas d'Ambel<\/figcaption><\/figure>\n\n\n\n<figure class=\"wp-block-image size-full\"><a href=\"https:\/\/centcols.org\/wp-content\/uploads\/2016\/05\/DSC04645.jpg\"><img loading=\"lazy\" decoding=\"async\" width=\"1024\" height=\"768\" data-id=\"88763\" src=\"https:\/\/centcols.org\/wp-content\/uploads\/2016\/05\/DSC04645.jpg\" alt=\"\" class=\"wp-image-88763\" srcset=\"https:\/\/centcols.org\/wp-content\/uploads\/2016\/05\/DSC04645.jpg 1024w, https:\/\/centcols.org\/wp-content\/uploads\/2016\/05\/DSC04645-768x576.jpg 768w\" sizes=\"auto, (max-width: 1024px) 100vw, 1024px\" \/><\/a><figcaption class=\"wp-element-caption\">arrival at Collet de Sapiau<\/figcaption><\/figure>\n\n\n\n<figure class=\"wp-block-image size-full\"><a href=\"https:\/\/centcols.org\/wp-content\/uploads\/2016\/05\/DSC04640-1.jpg\"><img loading=\"lazy\" decoding=\"async\" width=\"1024\" height=\"768\" data-id=\"88765\" src=\"https:\/\/centcols.org\/wp-content\/uploads\/2016\/05\/DSC04640-1.jpg\" alt=\"\" class=\"wp-image-88765\" srcset=\"https:\/\/centcols.org\/wp-content\/uploads\/2016\/05\/DSC04640-1.jpg 1024w, https:\/\/centcols.org\/wp-content\/uploads\/2016\/05\/DSC04640-1-768x576.jpg 768w\" sizes=\"auto, (max-width: 1024px) 100vw, 1024px\" \/><\/a><figcaption class=\"wp-element-caption\">the Veymont, up to the Collet de Sapiau<\/figcaption><\/figure>\n\n\n\n<figure class=\"wp-block-image size-full\"><a href=\"https:\/\/centcols.org\/wp-content\/uploads\/2016\/05\/DSC04579.jpg\"><img loading=\"lazy\" decoding=\"async\" width=\"1024\" height=\"768\" data-id=\"88766\" src=\"https:\/\/centcols.org\/wp-content\/uploads\/2016\/05\/DSC04579.jpg\" alt=\"\" class=\"wp-image-88766\" srcset=\"https:\/\/centcols.org\/wp-content\/uploads\/2016\/05\/DSC04579.jpg 1024w, https:\/\/centcols.org\/wp-content\/uploads\/2016\/05\/DSC04579-768x576.jpg 768w\" sizes=\"auto, (max-width: 1024px) 100vw, 1024px\" \/><\/a><figcaption class=\"wp-element-caption\">Below the sea of clouds, the Dr\u00f4me valley seen from the Col de Vassieux. The Trois Becs in the sun.<\/figcaption><\/figure>\n<\/figure>","protected":false},"excerpt":{"rendered":"<p>Pr\u00e9sentation Le s\u00e9jour d&rsquo;\u00e9t\u00e9 2016 se d\u00e9roulera du 16 au 24 juillet au Piroulet sur la commune de Vassieux-en-Vercors. Les photos de cette page (paysages, faune, flore) ont \u00e9t\u00e9 essentiellement fournies par Mich\u00e8le Sassoulas. Pr\u00e9sentation de la r\u00e9gion Le Vercors est un massif des Pr\u00e9alpes situ\u00e9 dans le sud-est de la France, \u00e0 cheval entre [&hellip;]<\/p>\n","protected":false},"author":3,"featured_media":82964,"comment_status":"closed","ping_status":"open","sticky":false,"template":"","format":"standard","meta":{"_acf_changed":false,"footnotes":""},"categories":[349,367,373,410,135,389,231],"tags":[],"class_list":["post-81768","post","type-post","status-publish","format-standard","has-post-thumbnail","hentry","category-france-pays-sejours","category-auvergne-rhone-alpes-region-sejours","category-alpes-francaises-du-nord-massif-sejours","category-vercors","category-calendrier","category-26-drome","category-sejours"],"acf":[],"yoast_head":"<!-- This site is optimized with the Yoast SEO plugin v27.2 - https:\/\/yoast.com\/product\/yoast-seo-wordpress\/ -->\n<title>S\u00e9jour estival \u00e0 Vassieux-en-Vercors (Dr\u00f4me) du 16 au 24 juillet 2016 - Club des Cent Cols<\/title>\n<meta name=\"robots\" content=\"index, follow, max-snippet:-1, max-image-preview:large, max-video-preview:-1\" \/>\n<link rel=\"canonical\" href=\"https:\/\/centcols.org\/en\/stay-2016-vassieux\/\" \/>\n<meta property=\"og:locale\" content=\"en_GB\" \/>\n<meta property=\"og:type\" content=\"article\" \/>\n<meta property=\"og:title\" content=\"S\u00e9jour estival \u00e0 Vassieux-en-Vercors (Dr\u00f4me) du 16 au 24 juillet 2016 - Club des Cent Cols\" \/>\n<meta property=\"og:description\" content=\"Pr\u00e9sentation Le s\u00e9jour d&rsquo;\u00e9t\u00e9 2016 se d\u00e9roulera du 16 au 24 juillet au Piroulet sur la commune de Vassieux-en-Vercors. Les photos de cette page (paysages, faune, flore) ont \u00e9t\u00e9 essentiellement fournies par Mich\u00e8le Sassoulas. Pr\u00e9sentation de la r\u00e9gion Le Vercors est un massif des Pr\u00e9alpes situ\u00e9 dans le sud-est de la France, \u00e0 cheval entre [&hellip;]\" \/>\n<meta property=\"og:url\" content=\"https:\/\/centcols.org\/en\/stay-2016-vassieux\/\" \/>\n<meta property=\"og:site_name\" content=\"Club des Cent Cols\" \/>\n<meta property=\"article:publisher\" content=\"https:\/\/www.facebook.com\/groups\/5261880558\/?locale=fr_FR\" \/>\n<meta property=\"article:published_time\" content=\"2016-05-04T09:18:45+00:00\" \/>\n<meta property=\"article:modified_time\" content=\"2025-09-01T16:06:16+00:00\" \/>\n<meta property=\"og:image\" content=\"https:\/\/centcols.org\/wp-content\/uploads\/2016\/05\/villagevassieux1.jpg\" \/>\n\t<meta property=\"og:image:width\" content=\"1024\" \/>\n\t<meta property=\"og:image:height\" content=\"768\" \/>\n\t<meta property=\"og:image:type\" content=\"image\/jpeg\" \/>\n<meta name=\"author\" content=\"Webmestre\" \/>\n<meta name=\"twitter:card\" content=\"summary_large_image\" \/>\n<meta name=\"twitter:label1\" content=\"Written by\" \/>\n\t<meta name=\"twitter:data1\" content=\"Webmestre\" \/>\n\t<meta name=\"twitter:label2\" content=\"Estimated reading time\" \/>\n\t<meta name=\"twitter:data2\" content=\"18 minutes\" \/>\n<script type=\"application\/ld+json\" class=\"yoast-schema-graph\">{\"@context\":\"https:\/\/schema.org\",\"@graph\":[{\"@type\":\"Article\",\"@id\":\"https:\/\/centcols.org\/sejour-2016-vassieux\/#article\",\"isPartOf\":{\"@id\":\"https:\/\/centcols.org\/sejour-2016-vassieux\/\"},\"author\":{\"name\":\"Webmestre\",\"@id\":\"https:\/\/centcols.org\/#\/schema\/person\/911b404fb133d8c913dd27cdcf71c8e5\"},\"headline\":\"S\u00e9jour estival \u00e0 Vassieux-en-Vercors (Dr\u00f4me) du 16 au 24 juillet 2016\",\"datePublished\":\"2016-05-04T09:18:45+00:00\",\"dateModified\":\"2025-09-01T16:06:16+00:00\",\"mainEntityOfPage\":{\"@id\":\"https:\/\/centcols.org\/sejour-2016-vassieux\/\"},\"wordCount\":2479,\"publisher\":{\"@id\":\"https:\/\/centcols.org\/#organization\"},\"image\":{\"@id\":\"https:\/\/centcols.org\/sejour-2016-vassieux\/#primaryimage\"},\"thumbnailUrl\":\"https:\/\/centcols.org\/wp-content\/uploads\/2016\/05\/villagevassieux1.jpg\",\"articleSection\":[\"France\",\"Auvergne-Rh\u00f4ne-Alpes\",\"Alpes fran\u00e7aises du Nord\",\"Vercors\",\"Calendrier\",\"26-Dr\u00f4me\",\"S\u00e9jours du Club des Cent Cols\"],\"inLanguage\":\"en-GB\"},{\"@type\":\"WebPage\",\"@id\":\"https:\/\/centcols.org\/sejour-2016-vassieux\/\",\"url\":\"https:\/\/centcols.org\/sejour-2016-vassieux\/\",\"name\":\"S\u00e9jour estival \u00e0 Vassieux-en-Vercors (Dr\u00f4me) du 16 au 24 juillet 2016 - Club des Cent Cols\",\"isPartOf\":{\"@id\":\"https:\/\/centcols.org\/#website\"},\"primaryImageOfPage\":{\"@id\":\"https:\/\/centcols.org\/sejour-2016-vassieux\/#primaryimage\"},\"image\":{\"@id\":\"https:\/\/centcols.org\/sejour-2016-vassieux\/#primaryimage\"},\"thumbnailUrl\":\"https:\/\/centcols.org\/wp-content\/uploads\/2016\/05\/villagevassieux1.jpg\",\"datePublished\":\"2016-05-04T09:18:45+00:00\",\"dateModified\":\"2025-09-01T16:06:16+00:00\",\"breadcrumb\":{\"@id\":\"https:\/\/centcols.org\/sejour-2016-vassieux\/#breadcrumb\"},\"inLanguage\":\"en-GB\",\"potentialAction\":[{\"@type\":\"ReadAction\",\"target\":[\"https:\/\/centcols.org\/sejour-2016-vassieux\/\"]}]},{\"@type\":\"ImageObject\",\"inLanguage\":\"en-GB\",\"@id\":\"https:\/\/centcols.org\/sejour-2016-vassieux\/#primaryimage\",\"url\":\"https:\/\/centcols.org\/wp-content\/uploads\/2016\/05\/villagevassieux1.jpg\",\"contentUrl\":\"https:\/\/centcols.org\/wp-content\/uploads\/2016\/05\/villagevassieux1.jpg\",\"width\":1024,\"height\":768},{\"@type\":\"BreadcrumbList\",\"@id\":\"https:\/\/centcols.org\/sejour-2016-vassieux\/#breadcrumb\",\"itemListElement\":[{\"@type\":\"ListItem\",\"position\":1,\"name\":\"Accueil\",\"item\":\"https:\/\/centcols.org\/\"},{\"@type\":\"ListItem\",\"position\":2,\"name\":\"S\u00e9jours du Club des Cent Cols\",\"item\":\"https:\/\/centcols.org\/rubrique\/sejours\/\"},{\"@type\":\"ListItem\",\"position\":3,\"name\":\"Pays\",\"item\":\"https:\/\/centcols.org\/rubrique\/sejours\/pays-sejours\/\"},{\"@type\":\"ListItem\",\"position\":4,\"name\":\"France\",\"item\":\"https:\/\/centcols.org\/rubrique\/sejours\/pays-sejours\/france-pays-sejours\/\"},{\"@type\":\"ListItem\",\"position\":5,\"name\":\"S\u00e9jour estival \u00e0 Vassieux-en-Vercors (Dr\u00f4me) du 16 au 24 juillet 2016\"}]},{\"@type\":\"WebSite\",\"@id\":\"https:\/\/centcols.org\/#website\",\"url\":\"https:\/\/centcols.org\/\",\"name\":\"Club des Cent Cols\",\"description\":\"\",\"publisher\":{\"@id\":\"https:\/\/centcols.org\/#organization\"},\"potentialAction\":[{\"@type\":\"SearchAction\",\"target\":{\"@type\":\"EntryPoint\",\"urlTemplate\":\"https:\/\/centcols.org\/?s={search_term_string}\"},\"query-input\":{\"@type\":\"PropertyValueSpecification\",\"valueRequired\":true,\"valueName\":\"search_term_string\"}}],\"inLanguage\":\"en-GB\"},{\"@type\":\"Organization\",\"@id\":\"https:\/\/centcols.org\/#organization\",\"name\":\"Club des Cent Cols\",\"url\":\"https:\/\/centcols.org\/\",\"logo\":{\"@type\":\"ImageObject\",\"inLanguage\":\"en-GB\",\"@id\":\"https:\/\/centcols.org\/#\/schema\/logo\/image\/\",\"url\":\"https:\/\/centcols.org\/wp-content\/uploads\/2025\/01\/carte-icone.png\",\"contentUrl\":\"https:\/\/centcols.org\/wp-content\/uploads\/2025\/01\/carte-icone.png\",\"width\":250,\"height\":250,\"caption\":\"Club des Cent Cols\"},\"image\":{\"@id\":\"https:\/\/centcols.org\/#\/schema\/logo\/image\/\"},\"sameAs\":[\"https:\/\/www.facebook.com\/groups\/5261880558\/?locale=fr_FR\"]},{\"@type\":\"Person\",\"@id\":\"https:\/\/centcols.org\/#\/schema\/person\/911b404fb133d8c913dd27cdcf71c8e5\",\"name\":\"Webmestre\",\"image\":{\"@type\":\"ImageObject\",\"inLanguage\":\"en-GB\",\"@id\":\"https:\/\/centcols.org\/wp-content\/litespeed\/avatar\/2d246e4b6b4f773e08515e1ffc53690b.jpg?ver=1777222892\",\"url\":\"https:\/\/centcols.org\/wp-content\/litespeed\/avatar\/2d246e4b6b4f773e08515e1ffc53690b.jpg?ver=1777222892\",\"contentUrl\":\"https:\/\/centcols.org\/wp-content\/litespeed\/avatar\/2d246e4b6b4f773e08515e1ffc53690b.jpg?ver=1777222892\",\"caption\":\"Webmestre\"},\"url\":\"https:\/\/centcols.org\/en\/author\/webmestre\/\"}]}<\/script>\n<!-- \/ Yoast SEO plugin. -->","yoast_head_json":{"title":"Summer holiday in Vassieux-en-Vercors (Dr\u00f4me) from 16 to 24 July 2016 - Club des Cent Cols","robots":{"index":"index","follow":"follow","max-snippet":"max-snippet:-1","max-image-preview":"max-image-preview:large","max-video-preview":"max-video-preview:-1"},"canonical":"https:\/\/centcols.org\/en\/stay-2016-vassieux\/","og_locale":"en_GB","og_type":"article","og_title":"S\u00e9jour estival \u00e0 Vassieux-en-Vercors (Dr\u00f4me) du 16 au 24 juillet 2016 - Club des Cent Cols","og_description":"Pr\u00e9sentation Le s\u00e9jour d&rsquo;\u00e9t\u00e9 2016 se d\u00e9roulera du 16 au 24 juillet au Piroulet sur la commune de Vassieux-en-Vercors. Les photos de cette page (paysages, faune, flore) ont \u00e9t\u00e9 essentiellement fournies par Mich\u00e8le Sassoulas. Pr\u00e9sentation de la r\u00e9gion Le Vercors est un massif des Pr\u00e9alpes situ\u00e9 dans le sud-est de la France, \u00e0 cheval entre [&hellip;]","og_url":"https:\/\/centcols.org\/en\/stay-2016-vassieux\/","og_site_name":"Club des Cent Cols","article_publisher":"https:\/\/www.facebook.com\/groups\/5261880558\/?locale=fr_FR","article_published_time":"2016-05-04T09:18:45+00:00","article_modified_time":"2025-09-01T16:06:16+00:00","og_image":[{"width":1024,"height":768,"url":"https:\/\/centcols.org\/wp-content\/uploads\/2016\/05\/villagevassieux1.jpg","type":"image\/jpeg"}],"author":"Webmestre","twitter_card":"summary_large_image","twitter_misc":{"Written by":"Webmestre","Estimated reading time":"18 minutes"},"schema":{"@context":"https:\/\/schema.org","@graph":[{"@type":"Article","@id":"https:\/\/centcols.org\/sejour-2016-vassieux\/#article","isPartOf":{"@id":"https:\/\/centcols.org\/sejour-2016-vassieux\/"},"author":{"name":"Webmestre","@id":"https:\/\/centcols.org\/#\/schema\/person\/911b404fb133d8c913dd27cdcf71c8e5"},"headline":"S\u00e9jour estival \u00e0 Vassieux-en-Vercors (Dr\u00f4me) du 16 au 24 juillet 2016","datePublished":"2016-05-04T09:18:45+00:00","dateModified":"2025-09-01T16:06:16+00:00","mainEntityOfPage":{"@id":"https:\/\/centcols.org\/sejour-2016-vassieux\/"},"wordCount":2479,"publisher":{"@id":"https:\/\/centcols.org\/#organization"},"image":{"@id":"https:\/\/centcols.org\/sejour-2016-vassieux\/#primaryimage"},"thumbnailUrl":"https:\/\/centcols.org\/wp-content\/uploads\/2016\/05\/villagevassieux1.jpg","articleSection":["France","Auvergne-Rh\u00f4ne-Alpes","Alpes fran\u00e7aises du Nord","Vercors","Calendrier","26-Dr\u00f4me","S\u00e9jours du Club des Cent Cols"],"inLanguage":"en-GB"},{"@type":"WebPage","@id":"https:\/\/centcols.org\/sejour-2016-vassieux\/","url":"https:\/\/centcols.org\/sejour-2016-vassieux\/","name":"Summer holiday in Vassieux-en-Vercors (Dr\u00f4me) from 16 to 24 July 2016 - Club des Cent Cols","isPartOf":{"@id":"https:\/\/centcols.org\/#website"},"primaryImageOfPage":{"@id":"https:\/\/centcols.org\/sejour-2016-vassieux\/#primaryimage"},"image":{"@id":"https:\/\/centcols.org\/sejour-2016-vassieux\/#primaryimage"},"thumbnailUrl":"https:\/\/centcols.org\/wp-content\/uploads\/2016\/05\/villagevassieux1.jpg","datePublished":"2016-05-04T09:18:45+00:00","dateModified":"2025-09-01T16:06:16+00:00","breadcrumb":{"@id":"https:\/\/centcols.org\/sejour-2016-vassieux\/#breadcrumb"},"inLanguage":"en-GB","potentialAction":[{"@type":"ReadAction","target":["https:\/\/centcols.org\/sejour-2016-vassieux\/"]}]},{"@type":"ImageObject","inLanguage":"en-GB","@id":"https:\/\/centcols.org\/sejour-2016-vassieux\/#primaryimage","url":"https:\/\/centcols.org\/wp-content\/uploads\/2016\/05\/villagevassieux1.jpg","contentUrl":"https:\/\/centcols.org\/wp-content\/uploads\/2016\/05\/villagevassieux1.jpg","width":1024,"height":768},{"@type":"BreadcrumbList","@id":"https:\/\/centcols.org\/sejour-2016-vassieux\/#breadcrumb","itemListElement":[{"@type":"ListItem","position":1,"name":"Accueil","item":"https:\/\/centcols.org\/"},{"@type":"ListItem","position":2,"name":"S\u00e9jours du Club des Cent Cols","item":"https:\/\/centcols.org\/rubrique\/sejours\/"},{"@type":"ListItem","position":3,"name":"Pays","item":"https:\/\/centcols.org\/rubrique\/sejours\/pays-sejours\/"},{"@type":"ListItem","position":4,"name":"France","item":"https:\/\/centcols.org\/rubrique\/sejours\/pays-sejours\/france-pays-sejours\/"},{"@type":"ListItem","position":5,"name":"S\u00e9jour estival \u00e0 Vassieux-en-Vercors (Dr\u00f4me) du 16 au 24 juillet 2016"}]},{"@type":"WebSite","@id":"https:\/\/centcols.org\/#website","url":"https:\/\/centcols.org\/","name":"Club des Cent Cols","description":"","publisher":{"@id":"https:\/\/centcols.org\/#organization"},"potentialAction":[{"@type":"SearchAction","target":{"@type":"EntryPoint","urlTemplate":"https:\/\/centcols.org\/?s={search_term_string}"},"query-input":{"@type":"PropertyValueSpecification","valueRequired":true,"valueName":"search_term_string"}}],"inLanguage":"en-GB"},{"@type":"Organization","@id":"https:\/\/centcols.org\/#organization","name":"Club des Cent Cols","url":"https:\/\/centcols.org\/","logo":{"@type":"ImageObject","inLanguage":"en-GB","@id":"https:\/\/centcols.org\/#\/schema\/logo\/image\/","url":"https:\/\/centcols.org\/wp-content\/uploads\/2025\/01\/carte-icone.png","contentUrl":"https:\/\/centcols.org\/wp-content\/uploads\/2025\/01\/carte-icone.png","width":250,"height":250,"caption":"Club des Cent Cols"},"image":{"@id":"https:\/\/centcols.org\/#\/schema\/logo\/image\/"},"sameAs":["https:\/\/www.facebook.com\/groups\/5261880558\/?locale=fr_FR"]},{"@type":"Person","@id":"https:\/\/centcols.org\/#\/schema\/person\/911b404fb133d8c913dd27cdcf71c8e5","name":"Webmaster","image":{"@type":"ImageObject","inLanguage":"en-GB","@id":"https:\/\/centcols.org\/wp-content\/litespeed\/avatar\/2d246e4b6b4f773e08515e1ffc53690b.jpg?ver=1777222892","url":"https:\/\/centcols.org\/wp-content\/litespeed\/avatar\/2d246e4b6b4f773e08515e1ffc53690b.jpg?ver=1777222892","contentUrl":"https:\/\/centcols.org\/wp-content\/litespeed\/avatar\/2d246e4b6b4f773e08515e1ffc53690b.jpg?ver=1777222892","caption":"Webmestre"},"url":"https:\/\/centcols.org\/en\/author\/webmestre\/"}]}},"_links":{"self":[{"href":"https:\/\/centcols.org\/en\/wp-json\/wp\/v2\/posts\/81768","targetHints":{"allow":["GET"]}}],"collection":[{"href":"https:\/\/centcols.org\/en\/wp-json\/wp\/v2\/posts"}],"about":[{"href":"https:\/\/centcols.org\/en\/wp-json\/wp\/v2\/types\/post"}],"author":[{"embeddable":true,"href":"https:\/\/centcols.org\/en\/wp-json\/wp\/v2\/users\/3"}],"replies":[{"embeddable":true,"href":"https:\/\/centcols.org\/en\/wp-json\/wp\/v2\/comments?post=81768"}],"version-history":[{"count":0,"href":"https:\/\/centcols.org\/en\/wp-json\/wp\/v2\/posts\/81768\/revisions"}],"wp:featuredmedia":[{"embeddable":true,"href":"https:\/\/centcols.org\/en\/wp-json\/wp\/v2\/media\/82964"}],"wp:attachment":[{"href":"https:\/\/centcols.org\/en\/wp-json\/wp\/v2\/media?parent=81768"}],"wp:term":[{"taxonomy":"category","embeddable":true,"href":"https:\/\/centcols.org\/en\/wp-json\/wp\/v2\/categories?post=81768"},{"taxonomy":"post_tag","embeddable":true,"href":"https:\/\/centcols.org\/en\/wp-json\/wp\/v2\/tags?post=81768"}],"curies":[{"name":"wp","href":"https:\/\/api.w.org\/{rel}","templated":true}]}}