{"id":81895,"date":"2017-03-07T10:00:01","date_gmt":"2017-03-07T08:00:01","guid":{"rendered":"https:\/\/centcols.org\/concentration-regionale-alpes-du-nord-au-col-de-la-croisette-le-24-juin-2017\/"},"modified":"2025-09-09T17:20:39","modified_gmt":"2025-09-09T15:20:39","slug":"alpes-du-nord-regional-concentration-at-col-de-la-croisette-on-24-june-2017","status":"publish","type":"post","link":"https:\/\/centcols.org\/en\/concentration-regionale-alpes-du-nord-au-col-de-la-croisette-le-24-juin-2017\/","title":{"rendered":"Alpes du Nord regional meeting at Col de la Croisette on 24 June 2017"},"content":{"rendered":"\n<p>Samedi 24 juin 2017, Alpes du Nord<br>Col de la Croisette, 1176 m (Haute-Savoie)<\/p>\n\n\n\n<p>C&rsquo;est sur ce promontoire situ\u00e9 \u00e0 pr\u00e8s de 1200 m que vous serez accueillis \u00e0 partir de 11 h<br>Cela vous laissera le temps d&rsquo;admirer le paysage : au nord, le Jura, la Suisse et le lac L\u00e9man, au sud, le massif des Bornes avec en fond toute la cha\u00eene du Mont Blanc<\/p>\n\n\n\n<p>Un d\u00e9part group\u00e9 se fera \u00e0 partir du lac des Droni\u00e8res \u00e0 Cruseilles. Rendez-vous \u00e0 partir de 8 h 15 pour un d\u00e9part entre 8 h 45 et 9 h<\/p>\n\n\n\n<h3 class=\"wp-block-heading\">Circuits<\/h3>\n\n\n\n<p><strong>Route :<\/strong> Mont\u00e9e par la D 41a, c&rsquo;est l&rsquo;itin\u00e9raire le plus facile au d\u00e9part de Cruseilles<br><strong>VTT :<\/strong> Il est possible de monter en empruntant des pistes foresti\u00e8res en \u00e9vitant au maximum la route goudronn\u00e9e. Le parcours se fait en partie sur la cr\u00eate du Sal\u00e8ve, avec vue panoramique sur Gen\u00e8ve et le L\u00e9man \u00e0 gauche et le massif du Mont Blanc \u00e0 droite. \u00a0 \u00a0<a href=\"https:\/\/centcols.org\/wp-content\/uploads\/2025\/09\/Trace-Croisette-VTT.zip\">Trace-Croisette-VTT<\/a><\/p>\n\n\n\n<p>Au programme, tout ou partie des cols des Convers, des Pitons, de la Croisette, du Mont Sion, Pas de l&rsquo;Echelle, du Chatillon, et col surprise de l&rsquo;additif 2017<\/p>\n\n\n\n<h3 class=\"wp-block-heading\">Contact<\/h3>\n\n\n\n<p>Guy Harl\u00e9<br>04 50 60 67 27 &#8211; 06 77 11 17 03<br>[email]&#103;u&#x79;&#46;&#x68;a&#x72;l&#x65;&#64;&#x67;m&#x61;&#105;&#x6c;&#46;&#x63;&#111;&#x6d;[\/email]<\/p>\n","protected":false},"excerpt":{"rendered":"<p>Samedi 24 juin 2017, Alpes du NordCol de la Croisette, 1176 m (Haute-Savoie) C&rsquo;est sur ce promontoire situ\u00e9 \u00e0 pr\u00e8s de 1200 m que vous serez accueillis \u00e0 partir de 11 hCela vous laissera le temps d&rsquo;admirer le paysage : au nord, le Jura, la Suisse et le lac L\u00e9man, au sud, le massif des [&hellip;]<\/p>\n","protected":false},"author":136,"featured_media":0,"comment_status":"closed","ping_status":"open","sticky":false,"template":"","format":"standard","meta":{"_acf_changed":false,"footnotes":""},"categories":[135,280,216],"tags":[],"class_list":["post-81895","post","type-post","status-publish","format-standard","hentry","category-calendrier","category-les-rassemblements-de-2017","category-rencontres-regionales"],"acf":[],"yoast_head":"<!-- This site is optimized with the Yoast SEO plugin v27.2 - https:\/\/yoast.com\/product\/yoast-seo-wordpress\/ -->\n<title>Concentration r\u00e9gionale Alpes du Nord au col de la Croisette le 24 juin 2017 - Club des Cent Cols<\/title>\n<meta name=\"robots\" content=\"index, follow, max-snippet:-1, max-image-preview:large, max-video-preview:-1\" \/>\n<link rel=\"canonical\" href=\"https:\/\/centcols.org\/en\/alpes-du-nord-regional-concentration-at-col-de-la-croisette-on-24-june-2017\/\" \/>\n<meta property=\"og:locale\" content=\"en_GB\" \/>\n<meta property=\"og:type\" content=\"article\" \/>\n<meta property=\"og:title\" content=\"Concentration r\u00e9gionale Alpes du Nord au col de la Croisette le 24 juin 2017 - Club des Cent Cols\" \/>\n<meta property=\"og:description\" content=\"Samedi 24 juin 2017, Alpes du NordCol de la Croisette, 1176 m (Haute-Savoie) C&rsquo;est sur ce promontoire situ\u00e9 \u00e0 pr\u00e8s de 1200 m que vous serez accueillis \u00e0 partir de 11 hCela vous laissera le temps d&rsquo;admirer le paysage : au nord, le Jura, la Suisse et le lac L\u00e9man, au sud, le massif des [&hellip;]\" \/>\n<meta property=\"og:url\" content=\"https:\/\/centcols.org\/en\/alpes-du-nord-regional-concentration-at-col-de-la-croisette-on-24-june-2017\/\" \/>\n<meta property=\"og:site_name\" content=\"Club des Cent Cols\" \/>\n<meta property=\"article:publisher\" content=\"https:\/\/www.facebook.com\/groups\/5261880558\/?locale=fr_FR\" \/>\n<meta property=\"article:published_time\" content=\"2017-03-07T08:00:01+00:00\" \/>\n<meta property=\"article:modified_time\" content=\"2025-09-09T15:20:39+00:00\" \/>\n<meta name=\"author\" content=\"Guy Harl\u00e9\" \/>\n<meta name=\"twitter:card\" content=\"summary_large_image\" \/>\n<meta name=\"twitter:label1\" content=\"Written by\" \/>\n\t<meta name=\"twitter:data1\" content=\"Guy Harl\u00e9\" \/>\n\t<meta name=\"twitter:label2\" content=\"Estimated reading time\" \/>\n\t<meta name=\"twitter:data2\" content=\"2 minutes\" \/>\n<script type=\"application\/ld+json\" class=\"yoast-schema-graph\">{\"@context\":\"https:\/\/schema.org\",\"@graph\":[{\"@type\":\"Article\",\"@id\":\"https:\/\/centcols.org\/concentration-regionale-alpes-du-nord-au-col-de-la-croisette-le-24-juin-2017\/#article\",\"isPartOf\":{\"@id\":\"https:\/\/centcols.org\/concentration-regionale-alpes-du-nord-au-col-de-la-croisette-le-24-juin-2017\/\"},\"author\":{\"name\":\"Guy Harl\u00e9\",\"@id\":\"https:\/\/centcols.org\/#\/schema\/person\/377f00da2793c0363246869bb3a344d0\"},\"headline\":\"Concentration r\u00e9gionale Alpes du Nord au col de la Croisette le 24 juin 2017\",\"datePublished\":\"2017-03-07T08:00:01+00:00\",\"dateModified\":\"2025-09-09T15:20:39+00:00\",\"mainEntityOfPage\":{\"@id\":\"https:\/\/centcols.org\/concentration-regionale-alpes-du-nord-au-col-de-la-croisette-le-24-juin-2017\/\"},\"wordCount\":212,\"publisher\":{\"@id\":\"https:\/\/centcols.org\/#organization\"},\"articleSection\":[\"Calendrier\",\"2017-rassemblements\",\"Rencontres r\u00e9gionales\"],\"inLanguage\":\"en-GB\"},{\"@type\":\"WebPage\",\"@id\":\"https:\/\/centcols.org\/concentration-regionale-alpes-du-nord-au-col-de-la-croisette-le-24-juin-2017\/\",\"url\":\"https:\/\/centcols.org\/concentration-regionale-alpes-du-nord-au-col-de-la-croisette-le-24-juin-2017\/\",\"name\":\"Concentration r\u00e9gionale Alpes du Nord au col de la Croisette le 24 juin 2017 - Club des Cent Cols\",\"isPartOf\":{\"@id\":\"https:\/\/centcols.org\/#website\"},\"datePublished\":\"2017-03-07T08:00:01+00:00\",\"dateModified\":\"2025-09-09T15:20:39+00:00\",\"breadcrumb\":{\"@id\":\"https:\/\/centcols.org\/concentration-regionale-alpes-du-nord-au-col-de-la-croisette-le-24-juin-2017\/#breadcrumb\"},\"inLanguage\":\"en-GB\",\"potentialAction\":[{\"@type\":\"ReadAction\",\"target\":[\"https:\/\/centcols.org\/concentration-regionale-alpes-du-nord-au-col-de-la-croisette-le-24-juin-2017\/\"]}]},{\"@type\":\"BreadcrumbList\",\"@id\":\"https:\/\/centcols.org\/concentration-regionale-alpes-du-nord-au-col-de-la-croisette-le-24-juin-2017\/#breadcrumb\",\"itemListElement\":[{\"@type\":\"ListItem\",\"position\":1,\"name\":\"Accueil\",\"item\":\"https:\/\/centcols.org\/\"},{\"@type\":\"ListItem\",\"position\":2,\"name\":\"Calendrier\",\"item\":\"https:\/\/centcols.org\/rubrique\/calendrier\/\"},{\"@type\":\"ListItem\",\"position\":3,\"name\":\"Concentration r\u00e9gionale Alpes du Nord au col de la Croisette le 24 juin 2017\"}]},{\"@type\":\"WebSite\",\"@id\":\"https:\/\/centcols.org\/#website\",\"url\":\"https:\/\/centcols.org\/\",\"name\":\"Club des Cent Cols\",\"description\":\"\",\"publisher\":{\"@id\":\"https:\/\/centcols.org\/#organization\"},\"potentialAction\":[{\"@type\":\"SearchAction\",\"target\":{\"@type\":\"EntryPoint\",\"urlTemplate\":\"https:\/\/centcols.org\/?s={search_term_string}\"},\"query-input\":{\"@type\":\"PropertyValueSpecification\",\"valueRequired\":true,\"valueName\":\"search_term_string\"}}],\"inLanguage\":\"en-GB\"},{\"@type\":\"Organization\",\"@id\":\"https:\/\/centcols.org\/#organization\",\"name\":\"Club des Cent Cols\",\"url\":\"https:\/\/centcols.org\/\",\"logo\":{\"@type\":\"ImageObject\",\"inLanguage\":\"en-GB\",\"@id\":\"https:\/\/centcols.org\/#\/schema\/logo\/image\/\",\"url\":\"https:\/\/centcols.org\/wp-content\/uploads\/2025\/01\/carte-icone.png\",\"contentUrl\":\"https:\/\/centcols.org\/wp-content\/uploads\/2025\/01\/carte-icone.png\",\"width\":250,\"height\":250,\"caption\":\"Club des Cent Cols\"},\"image\":{\"@id\":\"https:\/\/centcols.org\/#\/schema\/logo\/image\/\"},\"sameAs\":[\"https:\/\/www.facebook.com\/groups\/5261880558\/?locale=fr_FR\"]},{\"@type\":\"Person\",\"@id\":\"https:\/\/centcols.org\/#\/schema\/person\/377f00da2793c0363246869bb3a344d0\",\"name\":\"Guy Harl\u00e9\",\"image\":{\"@type\":\"ImageObject\",\"inLanguage\":\"en-GB\",\"@id\":\"https:\/\/centcols.org\/wp-content\/litespeed\/avatar\/94c4de37e46cf090f296d42ab3e8d6a6.jpg?ver=1777238144\",\"url\":\"https:\/\/centcols.org\/wp-content\/litespeed\/avatar\/94c4de37e46cf090f296d42ab3e8d6a6.jpg?ver=1777238144\",\"contentUrl\":\"https:\/\/centcols.org\/wp-content\/litespeed\/avatar\/94c4de37e46cf090f296d42ab3e8d6a6.jpg?ver=1777238144\",\"caption\":\"Guy Harl\u00e9\"},\"url\":\"https:\/\/centcols.org\/en\/author\/5193\/\"}]}<\/script>\n<!-- \/ Yoast SEO plugin. -->","yoast_head_json":{"title":"Alpes du Nord regional meeting at Col de la Croisette on 24 June 2017 - Club des Cent Cols","robots":{"index":"index","follow":"follow","max-snippet":"max-snippet:-1","max-image-preview":"max-image-preview:large","max-video-preview":"max-video-preview:-1"},"canonical":"https:\/\/centcols.org\/en\/alpes-du-nord-regional-concentration-at-col-de-la-croisette-on-24-june-2017\/","og_locale":"en_GB","og_type":"article","og_title":"Concentration r\u00e9gionale Alpes du Nord au col de la Croisette le 24 juin 2017 - Club des Cent Cols","og_description":"Samedi 24 juin 2017, Alpes du NordCol de la Croisette, 1176 m (Haute-Savoie) C&rsquo;est sur ce promontoire situ\u00e9 \u00e0 pr\u00e8s de 1200 m que vous serez accueillis \u00e0 partir de 11 hCela vous laissera le temps d&rsquo;admirer le paysage : au nord, le Jura, la Suisse et le lac L\u00e9man, au sud, le massif des [&hellip;]","og_url":"https:\/\/centcols.org\/en\/alpes-du-nord-regional-concentration-at-col-de-la-croisette-on-24-june-2017\/","og_site_name":"Club des Cent Cols","article_publisher":"https:\/\/www.facebook.com\/groups\/5261880558\/?locale=fr_FR","article_published_time":"2017-03-07T08:00:01+00:00","article_modified_time":"2025-09-09T15:20:39+00:00","author":"Guy Harl\u00e9","twitter_card":"summary_large_image","twitter_misc":{"Written by":"Guy Harl\u00e9","Estimated reading time":"2 minutes"},"schema":{"@context":"https:\/\/schema.org","@graph":[{"@type":"Article","@id":"https:\/\/centcols.org\/concentration-regionale-alpes-du-nord-au-col-de-la-croisette-le-24-juin-2017\/#article","isPartOf":{"@id":"https:\/\/centcols.org\/concentration-regionale-alpes-du-nord-au-col-de-la-croisette-le-24-juin-2017\/"},"author":{"name":"Guy Harl\u00e9","@id":"https:\/\/centcols.org\/#\/schema\/person\/377f00da2793c0363246869bb3a344d0"},"headline":"Concentration r\u00e9gionale Alpes du Nord au col de la Croisette le 24 juin 2017","datePublished":"2017-03-07T08:00:01+00:00","dateModified":"2025-09-09T15:20:39+00:00","mainEntityOfPage":{"@id":"https:\/\/centcols.org\/concentration-regionale-alpes-du-nord-au-col-de-la-croisette-le-24-juin-2017\/"},"wordCount":212,"publisher":{"@id":"https:\/\/centcols.org\/#organization"},"articleSection":["Calendrier","2017-rassemblements","Rencontres r\u00e9gionales"],"inLanguage":"en-GB"},{"@type":"WebPage","@id":"https:\/\/centcols.org\/concentration-regionale-alpes-du-nord-au-col-de-la-croisette-le-24-juin-2017\/","url":"https:\/\/centcols.org\/concentration-regionale-alpes-du-nord-au-col-de-la-croisette-le-24-juin-2017\/","name":"Alpes du Nord regional meeting at Col de la Croisette on 24 June 2017 - Club des Cent Cols","isPartOf":{"@id":"https:\/\/centcols.org\/#website"},"datePublished":"2017-03-07T08:00:01+00:00","dateModified":"2025-09-09T15:20:39+00:00","breadcrumb":{"@id":"https:\/\/centcols.org\/concentration-regionale-alpes-du-nord-au-col-de-la-croisette-le-24-juin-2017\/#breadcrumb"},"inLanguage":"en-GB","potentialAction":[{"@type":"ReadAction","target":["https:\/\/centcols.org\/concentration-regionale-alpes-du-nord-au-col-de-la-croisette-le-24-juin-2017\/"]}]},{"@type":"BreadcrumbList","@id":"https:\/\/centcols.org\/concentration-regionale-alpes-du-nord-au-col-de-la-croisette-le-24-juin-2017\/#breadcrumb","itemListElement":[{"@type":"ListItem","position":1,"name":"Accueil","item":"https:\/\/centcols.org\/"},{"@type":"ListItem","position":2,"name":"Calendrier","item":"https:\/\/centcols.org\/rubrique\/calendrier\/"},{"@type":"ListItem","position":3,"name":"Concentration r\u00e9gionale Alpes du Nord au col de la Croisette le 24 juin 2017"}]},{"@type":"WebSite","@id":"https:\/\/centcols.org\/#website","url":"https:\/\/centcols.org\/","name":"Club des Cent Cols","description":"","publisher":{"@id":"https:\/\/centcols.org\/#organization"},"potentialAction":[{"@type":"SearchAction","target":{"@type":"EntryPoint","urlTemplate":"https:\/\/centcols.org\/?s={search_term_string}"},"query-input":{"@type":"PropertyValueSpecification","valueRequired":true,"valueName":"search_term_string"}}],"inLanguage":"en-GB"},{"@type":"Organization","@id":"https:\/\/centcols.org\/#organization","name":"Club des Cent Cols","url":"https:\/\/centcols.org\/","logo":{"@type":"ImageObject","inLanguage":"en-GB","@id":"https:\/\/centcols.org\/#\/schema\/logo\/image\/","url":"https:\/\/centcols.org\/wp-content\/uploads\/2025\/01\/carte-icone.png","contentUrl":"https:\/\/centcols.org\/wp-content\/uploads\/2025\/01\/carte-icone.png","width":250,"height":250,"caption":"Club des Cent Cols"},"image":{"@id":"https:\/\/centcols.org\/#\/schema\/logo\/image\/"},"sameAs":["https:\/\/www.facebook.com\/groups\/5261880558\/?locale=fr_FR"]},{"@type":"Person","@id":"https:\/\/centcols.org\/#\/schema\/person\/377f00da2793c0363246869bb3a344d0","name":"Guy Harl\u00e9","image":{"@type":"ImageObject","inLanguage":"en-GB","@id":"https:\/\/centcols.org\/wp-content\/litespeed\/avatar\/94c4de37e46cf090f296d42ab3e8d6a6.jpg?ver=1777238144","url":"https:\/\/centcols.org\/wp-content\/litespeed\/avatar\/94c4de37e46cf090f296d42ab3e8d6a6.jpg?ver=1777238144","contentUrl":"https:\/\/centcols.org\/wp-content\/litespeed\/avatar\/94c4de37e46cf090f296d42ab3e8d6a6.jpg?ver=1777238144","caption":"Guy Harl\u00e9"},"url":"https:\/\/centcols.org\/en\/author\/5193\/"}]}},"_links":{"self":[{"href":"https:\/\/centcols.org\/en\/wp-json\/wp\/v2\/posts\/81895","targetHints":{"allow":["GET"]}}],"collection":[{"href":"https:\/\/centcols.org\/en\/wp-json\/wp\/v2\/posts"}],"about":[{"href":"https:\/\/centcols.org\/en\/wp-json\/wp\/v2\/types\/post"}],"author":[{"embeddable":true,"href":"https:\/\/centcols.org\/en\/wp-json\/wp\/v2\/users\/136"}],"replies":[{"embeddable":true,"href":"https:\/\/centcols.org\/en\/wp-json\/wp\/v2\/comments?post=81895"}],"version-history":[{"count":0,"href":"https:\/\/centcols.org\/en\/wp-json\/wp\/v2\/posts\/81895\/revisions"}],"wp:attachment":[{"href":"https:\/\/centcols.org\/en\/wp-json\/wp\/v2\/media?parent=81895"}],"wp:term":[{"taxonomy":"category","embeddable":true,"href":"https:\/\/centcols.org\/en\/wp-json\/wp\/v2\/categories?post=81895"},{"taxonomy":"post_tag","embeddable":true,"href":"https:\/\/centcols.org\/en\/wp-json\/wp\/v2\/tags?post=81895"}],"curies":[{"name":"wp","href":"https:\/\/api.w.org\/{rel}","templated":true}]}}