{"id":81899,"date":"2016-02-03T14:59:20","date_gmt":"2016-02-03T12:59:20","guid":{"rendered":"https:\/\/centcols.org\/concentration-regionale-vosges-au-col-du-praye-le-3-septembre-2016\/"},"modified":"2025-09-12T22:47:08","modified_gmt":"2025-09-12T20:47:08","slug":"vosges-regional-concentration-at-col-du-praye-on-3-september-2016","status":"publish","type":"post","link":"https:\/\/centcols.org\/en\/concentration-regionale-vosges-au-col-du-praye-le-3-septembre-2016\/","title":{"rendered":"Vosges regional meeting at Col du Pray\u00e9 on 3 September 2016"},"content":{"rendered":"\n<p>Samedi 3 septembre 2016, Vosges<\/p>\n\n\n\n<p>Col du Pray\u00e9, 785 m (Bas-Rhin)<br>Apr\u00e8s la visite du Vercors, pourquoi ne pas poser vos roues dans le verdoyant massif vosgien ?<br>Jean-Christophe, l\u2019alsacien et Ars\u00e8ne , le lorrain, vous invitent \u00e0 participer \u00e0 la concentration des cent cols de l\u2019est qui aura lieu le 03 septembre 2016 au col du Pray\u00e9.<br>Le rendez-vous est fix\u00e9 \u00e0 9 heures au col (une petite route y donne acc\u00e8s). Un caf\u00e9 vous sera servi par Marie-Fran\u00e7oise.<br>De l\u00e0, les vettistes effectueront une boucle d\u2019une trentaine de kilom\u00e8tres en empruntant une bonne piste \u00e0 travers la for\u00eat de sapins, en passant par les cols du Donon, d\u2019Asson, du Ht du Bon Dieu, de la croix Brignon, du Pourrio pour arriver enfin au col du Pray\u00e9.<br>Les routiers, quant \u00e0 eux boucleront un parcours de 70 kilom\u00e8tres par les cols du Lamperstein, de Halmoze, du col de l\u2019Engin, de la c\u00f4te de l\u2019engin, d\u2019entre les deux Donons.<br>Tout ce beau monde se retrouvera au col du Pray\u00e9 vers 12 heures pour partager le pain et le fromage traditionnels.<br>Si vous emportez votre casse-cro\u00fbte, vous pourrez le d\u00e9guster en notre compagnie au col afin de prolonger ce moment de convivialit\u00e9.<br>Si la qu\u00eate de cols ne vous suffit pas, vous aurez tout loisir, durant l\u2019apr\u00e8s-mid,i de franchir encore une quinzaine de cols suppl\u00e9mentaires dans les alentours.<br>Ars\u00e8ne sera d\u00e9j\u00e0 au col le vendredi soir.<br>Venez nombreux, vous ne serez point d\u00e9\u00e7us, s i les dieux veulent bien \u00eatre bienveillants avec nous !<\/p>\n\n\n\n<p>Ars\u00e8ne<\/p>\n\n\n\n<p>NB : les places \u00e9tant limit\u00e9es, vous voudrez bien faire enregistrer votre participation aupr\u00e8s de moi-m\u00eame ou de Jean-Christophe.<\/p>\n\n\n\n<figure class=\"wp-block-image size-full\"><img loading=\"lazy\" decoding=\"async\" width=\"500\" height=\"380\" src=\"https:\/\/centcols.org\/wp-content\/uploads\/2016\/02\/praye-500x380-1.png\" alt=\"\" class=\"wp-image-90006\" srcset=\"https:\/\/centcols.org\/wp-content\/uploads\/2016\/02\/praye-500x380-1.png 500w, https:\/\/centcols.org\/wp-content\/uploads\/2016\/02\/praye-500x380-1-16x12.png 16w\" sizes=\"auto, (max-width: 500px) 100vw, 500px\" \/><\/figure>\n\n\n\n<figure class=\"wp-block-gallery has-nested-images columns-default is-cropped wp-block-gallery-1 is-layout-flex wp-block-gallery-is-layout-flex\">\n<figure class=\"wp-block-image size-large\"><img loading=\"lazy\" decoding=\"async\" width=\"500\" height=\"375\" data-id=\"90007\" src=\"https:\/\/centcols.org\/wp-content\/uploads\/2016\/02\/praye1.jpg\" alt=\"\" class=\"wp-image-90007\" srcset=\"https:\/\/centcols.org\/wp-content\/uploads\/2016\/02\/praye1.jpg 500w, https:\/\/centcols.org\/wp-content\/uploads\/2016\/02\/praye1-16x12.jpg 16w\" sizes=\"auto, (max-width: 500px) 100vw, 500px\" \/><\/figure>\n\n\n\n<figure class=\"wp-block-image size-large\"><img loading=\"lazy\" decoding=\"async\" width=\"500\" height=\"375\" data-id=\"90008\" src=\"https:\/\/centcols.org\/wp-content\/uploads\/2016\/02\/praye2.jpg\" alt=\"\" class=\"wp-image-90008\" srcset=\"https:\/\/centcols.org\/wp-content\/uploads\/2016\/02\/praye2.jpg 500w, https:\/\/centcols.org\/wp-content\/uploads\/2016\/02\/praye2-16x12.jpg 16w\" sizes=\"auto, (max-width: 500px) 100vw, 500px\" \/><\/figure>\n<\/figure>\n\n\n\n<h3 class=\"wp-block-heading\">\u00a0Route<\/h3>\n\n\n\n<p><a href=\"http:\/\/localhost\/centcols2\/wp-content\/uploads\/2016\/02\/donon.gpx\" rel=\"\">donon<\/a> (gpx)<\/p>\n\n\n\n<h3 class=\"wp-block-heading\">VTT<\/h3>\n\n\n\n<p><a href=\"http:\/\/localhost\/centcols2\/wp-content\/uploads\/2016\/02\/Praye-1.gpx\" rel=\"\">Praye 1<\/a> (gpx)<br><a href=\"http:\/\/localhost\/centcols2\/wp-content\/uploads\/2016\/02\/Praye-2.gpx\" rel=\"\">Praye 2<\/a> (gpx)<br><a href=\"http:\/\/localhost\/centcols2\/wp-content\/uploads\/2016\/02\/Praye-variante.gpx\" rel=\"\">Praye variante<\/a> (gpx)<\/p>\n\n\n\n<h3 class=\"wp-block-heading\">Contact<\/h3>\n\n\n\n<p>Jean-Christophe Braumann<br>06 48 80 28 48<br>[email]&#x6a;&#x65;&#x61;&#x6e;&#x2d;&#x63;&#x68;&#114;&#105;&#115;&#116;&#111;phe&#46;&#x62;&#x72;&#x61;&#x75;&#x6d;&#x61;&#x6e;&#x6e;&#64;&#119;&#97;&#110;&#97;doo&#46;&#x66;&#x72;[\/email]<\/p>\n\n\n\n<p>Ars\u00e8ne Bickel<br>03 87 95 30 90<br>[email]&#x62;c&#x79;&#99;&#x6c;&#111;&#46;&#x61;p&#x69;&#115;&#x40;&#111;r&#x61;&#110;&#x67;&#101;&#46;&#x66;r[\/email]<\/p>\n","protected":false},"excerpt":{"rendered":"<p>Samedi 3 septembre 2016, Vosges Col du Pray\u00e9, 785 m (Bas-Rhin)Apr\u00e8s la visite du Vercors, pourquoi ne pas poser vos roues dans le verdoyant massif vosgien ?Jean-Christophe, l\u2019alsacien et Ars\u00e8ne , le lorrain, vous invitent \u00e0 participer \u00e0 la concentration des cent cols de l\u2019est qui aura lieu le 03 septembre 2016 au col du [&hellip;]<\/p>\n","protected":false},"author":136,"featured_media":0,"comment_status":"closed","ping_status":"open","sticky":false,"template":"","format":"standard","meta":{"_acf_changed":false,"footnotes":""},"categories":[135,270,216],"tags":[],"class_list":["post-81899","post","type-post","status-publish","format-standard","hentry","category-calendrier","category-les-rassemblements-de-2016","category-rencontres-regionales"],"acf":[],"yoast_head":"<!-- This site is optimized with the Yoast SEO plugin v27.2 - https:\/\/yoast.com\/product\/yoast-seo-wordpress\/ -->\n<title>Concentration r\u00e9gionale Vosges au col du Pray\u00e9 le 3 septembre 2016 - Club des Cent Cols<\/title>\n<meta name=\"robots\" content=\"index, follow, max-snippet:-1, max-image-preview:large, max-video-preview:-1\" \/>\n<link rel=\"canonical\" href=\"https:\/\/centcols.org\/en\/vosges-regional-concentration-at-col-du-praye-on-3-september-2016\/\" \/>\n<meta property=\"og:locale\" content=\"en_GB\" \/>\n<meta property=\"og:type\" content=\"article\" \/>\n<meta property=\"og:title\" content=\"Concentration r\u00e9gionale Vosges au col du Pray\u00e9 le 3 septembre 2016 - Club des Cent Cols\" \/>\n<meta property=\"og:description\" content=\"Samedi 3 septembre 2016, Vosges Col du Pray\u00e9, 785 m (Bas-Rhin)Apr\u00e8s la visite du Vercors, pourquoi ne pas poser vos roues dans le verdoyant massif vosgien ?Jean-Christophe, l\u2019alsacien et Ars\u00e8ne , le lorrain, vous invitent \u00e0 participer \u00e0 la concentration des cent cols de l\u2019est qui aura lieu le 03 septembre 2016 au col du [&hellip;]\" \/>\n<meta property=\"og:url\" content=\"https:\/\/centcols.org\/en\/vosges-regional-concentration-at-col-du-praye-on-3-september-2016\/\" \/>\n<meta property=\"og:site_name\" content=\"Club des Cent Cols\" \/>\n<meta property=\"article:publisher\" content=\"https:\/\/www.facebook.com\/groups\/5261880558\/?locale=fr_FR\" \/>\n<meta property=\"article:published_time\" content=\"2016-02-03T12:59:20+00:00\" \/>\n<meta property=\"article:modified_time\" content=\"2025-09-12T20:47:08+00:00\" \/>\n<meta property=\"og:image\" content=\"https:\/\/centcols.org\/wp-content\/uploads\/2016\/02\/praye-500x380-1.png\" \/>\n\t<meta property=\"og:image:width\" content=\"500\" \/>\n\t<meta property=\"og:image:height\" content=\"380\" \/>\n\t<meta property=\"og:image:type\" content=\"image\/png\" \/>\n<meta name=\"author\" content=\"Guy Harl\u00e9\" \/>\n<meta name=\"twitter:card\" content=\"summary_large_image\" \/>\n<meta name=\"twitter:label1\" content=\"Written by\" \/>\n\t<meta name=\"twitter:data1\" content=\"Guy Harl\u00e9\" \/>\n\t<meta name=\"twitter:label2\" content=\"Estimated reading time\" \/>\n\t<meta name=\"twitter:data2\" content=\"3 minutes\" \/>\n<script type=\"application\/ld+json\" class=\"yoast-schema-graph\">{\"@context\":\"https:\/\/schema.org\",\"@graph\":[{\"@type\":\"Article\",\"@id\":\"https:\/\/centcols.org\/concentration-regionale-vosges-au-col-du-praye-le-3-septembre-2016\/#article\",\"isPartOf\":{\"@id\":\"https:\/\/centcols.org\/concentration-regionale-vosges-au-col-du-praye-le-3-septembre-2016\/\"},\"author\":{\"name\":\"Guy Harl\u00e9\",\"@id\":\"https:\/\/centcols.org\/#\/schema\/person\/377f00da2793c0363246869bb3a344d0\"},\"headline\":\"Concentration r\u00e9gionale Vosges au col du Pray\u00e9 le 3 septembre 2016\",\"datePublished\":\"2016-02-03T12:59:20+00:00\",\"dateModified\":\"2025-09-12T20:47:08+00:00\",\"mainEntityOfPage\":{\"@id\":\"https:\/\/centcols.org\/concentration-regionale-vosges-au-col-du-praye-le-3-septembre-2016\/\"},\"wordCount\":324,\"publisher\":{\"@id\":\"https:\/\/centcols.org\/#organization\"},\"image\":{\"@id\":\"https:\/\/centcols.org\/concentration-regionale-vosges-au-col-du-praye-le-3-septembre-2016\/#primaryimage\"},\"thumbnailUrl\":\"https:\/\/centcols.org\/wp-content\/uploads\/2016\/02\/praye-500x380-1.png\",\"articleSection\":[\"Calendrier\",\"2016-rassemblements\",\"Rencontres r\u00e9gionales\"],\"inLanguage\":\"en-GB\"},{\"@type\":\"WebPage\",\"@id\":\"https:\/\/centcols.org\/concentration-regionale-vosges-au-col-du-praye-le-3-septembre-2016\/\",\"url\":\"https:\/\/centcols.org\/concentration-regionale-vosges-au-col-du-praye-le-3-septembre-2016\/\",\"name\":\"Concentration r\u00e9gionale Vosges au col du Pray\u00e9 le 3 septembre 2016 - Club des Cent Cols\",\"isPartOf\":{\"@id\":\"https:\/\/centcols.org\/#website\"},\"primaryImageOfPage\":{\"@id\":\"https:\/\/centcols.org\/concentration-regionale-vosges-au-col-du-praye-le-3-septembre-2016\/#primaryimage\"},\"image\":{\"@id\":\"https:\/\/centcols.org\/concentration-regionale-vosges-au-col-du-praye-le-3-septembre-2016\/#primaryimage\"},\"thumbnailUrl\":\"https:\/\/centcols.org\/wp-content\/uploads\/2016\/02\/praye-500x380-1.png\",\"datePublished\":\"2016-02-03T12:59:20+00:00\",\"dateModified\":\"2025-09-12T20:47:08+00:00\",\"breadcrumb\":{\"@id\":\"https:\/\/centcols.org\/concentration-regionale-vosges-au-col-du-praye-le-3-septembre-2016\/#breadcrumb\"},\"inLanguage\":\"en-GB\",\"potentialAction\":[{\"@type\":\"ReadAction\",\"target\":[\"https:\/\/centcols.org\/concentration-regionale-vosges-au-col-du-praye-le-3-septembre-2016\/\"]}]},{\"@type\":\"ImageObject\",\"inLanguage\":\"en-GB\",\"@id\":\"https:\/\/centcols.org\/concentration-regionale-vosges-au-col-du-praye-le-3-septembre-2016\/#primaryimage\",\"url\":\"https:\/\/centcols.org\/wp-content\/uploads\/2016\/02\/praye-500x380-1.png\",\"contentUrl\":\"https:\/\/centcols.org\/wp-content\/uploads\/2016\/02\/praye-500x380-1.png\"},{\"@type\":\"BreadcrumbList\",\"@id\":\"https:\/\/centcols.org\/concentration-regionale-vosges-au-col-du-praye-le-3-septembre-2016\/#breadcrumb\",\"itemListElement\":[{\"@type\":\"ListItem\",\"position\":1,\"name\":\"Accueil\",\"item\":\"https:\/\/centcols.org\/\"},{\"@type\":\"ListItem\",\"position\":2,\"name\":\"Calendrier\",\"item\":\"https:\/\/centcols.org\/rubrique\/calendrier\/\"},{\"@type\":\"ListItem\",\"position\":3,\"name\":\"Concentration r\u00e9gionale Vosges au col du Pray\u00e9 le 3 septembre 2016\"}]},{\"@type\":\"WebSite\",\"@id\":\"https:\/\/centcols.org\/#website\",\"url\":\"https:\/\/centcols.org\/\",\"name\":\"Club des Cent Cols\",\"description\":\"\",\"publisher\":{\"@id\":\"https:\/\/centcols.org\/#organization\"},\"potentialAction\":[{\"@type\":\"SearchAction\",\"target\":{\"@type\":\"EntryPoint\",\"urlTemplate\":\"https:\/\/centcols.org\/?s={search_term_string}\"},\"query-input\":{\"@type\":\"PropertyValueSpecification\",\"valueRequired\":true,\"valueName\":\"search_term_string\"}}],\"inLanguage\":\"en-GB\"},{\"@type\":\"Organization\",\"@id\":\"https:\/\/centcols.org\/#organization\",\"name\":\"Club des Cent Cols\",\"url\":\"https:\/\/centcols.org\/\",\"logo\":{\"@type\":\"ImageObject\",\"inLanguage\":\"en-GB\",\"@id\":\"https:\/\/centcols.org\/#\/schema\/logo\/image\/\",\"url\":\"https:\/\/centcols.org\/wp-content\/uploads\/2025\/01\/carte-icone.png\",\"contentUrl\":\"https:\/\/centcols.org\/wp-content\/uploads\/2025\/01\/carte-icone.png\",\"width\":250,\"height\":250,\"caption\":\"Club des Cent Cols\"},\"image\":{\"@id\":\"https:\/\/centcols.org\/#\/schema\/logo\/image\/\"},\"sameAs\":[\"https:\/\/www.facebook.com\/groups\/5261880558\/?locale=fr_FR\"]},{\"@type\":\"Person\",\"@id\":\"https:\/\/centcols.org\/#\/schema\/person\/377f00da2793c0363246869bb3a344d0\",\"name\":\"Guy Harl\u00e9\",\"image\":{\"@type\":\"ImageObject\",\"inLanguage\":\"en-GB\",\"@id\":\"https:\/\/centcols.org\/wp-content\/litespeed\/avatar\/94c4de37e46cf090f296d42ab3e8d6a6.jpg?ver=1777238144\",\"url\":\"https:\/\/centcols.org\/wp-content\/litespeed\/avatar\/94c4de37e46cf090f296d42ab3e8d6a6.jpg?ver=1777238144\",\"contentUrl\":\"https:\/\/centcols.org\/wp-content\/litespeed\/avatar\/94c4de37e46cf090f296d42ab3e8d6a6.jpg?ver=1777238144\",\"caption\":\"Guy Harl\u00e9\"},\"url\":\"https:\/\/centcols.org\/en\/author\/5193\/\"}]}<\/script>\n<!-- \/ Yoast SEO plugin. -->","yoast_head_json":{"title":"Vosges regional meeting at the Col du Pray\u00e9 on 3 September 2016 - Club des Cent Cols","robots":{"index":"index","follow":"follow","max-snippet":"max-snippet:-1","max-image-preview":"max-image-preview:large","max-video-preview":"max-video-preview:-1"},"canonical":"https:\/\/centcols.org\/en\/vosges-regional-concentration-at-col-du-praye-on-3-september-2016\/","og_locale":"en_GB","og_type":"article","og_title":"Concentration r\u00e9gionale Vosges au col du Pray\u00e9 le 3 septembre 2016 - Club des Cent Cols","og_description":"Samedi 3 septembre 2016, Vosges Col du Pray\u00e9, 785 m (Bas-Rhin)Apr\u00e8s la visite du Vercors, pourquoi ne pas poser vos roues dans le verdoyant massif vosgien ?Jean-Christophe, l\u2019alsacien et Ars\u00e8ne , le lorrain, vous invitent \u00e0 participer \u00e0 la concentration des cent cols de l\u2019est qui aura lieu le 03 septembre 2016 au col du [&hellip;]","og_url":"https:\/\/centcols.org\/en\/vosges-regional-concentration-at-col-du-praye-on-3-september-2016\/","og_site_name":"Club des Cent Cols","article_publisher":"https:\/\/www.facebook.com\/groups\/5261880558\/?locale=fr_FR","article_published_time":"2016-02-03T12:59:20+00:00","article_modified_time":"2025-09-12T20:47:08+00:00","og_image":[{"width":500,"height":380,"url":"https:\/\/centcols.org\/wp-content\/uploads\/2016\/02\/praye-500x380-1.png","type":"image\/png"}],"author":"Guy Harl\u00e9","twitter_card":"summary_large_image","twitter_misc":{"Written by":"Guy Harl\u00e9","Estimated reading time":"3 minutes"},"schema":{"@context":"https:\/\/schema.org","@graph":[{"@type":"Article","@id":"https:\/\/centcols.org\/concentration-regionale-vosges-au-col-du-praye-le-3-septembre-2016\/#article","isPartOf":{"@id":"https:\/\/centcols.org\/concentration-regionale-vosges-au-col-du-praye-le-3-septembre-2016\/"},"author":{"name":"Guy Harl\u00e9","@id":"https:\/\/centcols.org\/#\/schema\/person\/377f00da2793c0363246869bb3a344d0"},"headline":"Concentration r\u00e9gionale Vosges au col du Pray\u00e9 le 3 septembre 2016","datePublished":"2016-02-03T12:59:20+00:00","dateModified":"2025-09-12T20:47:08+00:00","mainEntityOfPage":{"@id":"https:\/\/centcols.org\/concentration-regionale-vosges-au-col-du-praye-le-3-septembre-2016\/"},"wordCount":324,"publisher":{"@id":"https:\/\/centcols.org\/#organization"},"image":{"@id":"https:\/\/centcols.org\/concentration-regionale-vosges-au-col-du-praye-le-3-septembre-2016\/#primaryimage"},"thumbnailUrl":"https:\/\/centcols.org\/wp-content\/uploads\/2016\/02\/praye-500x380-1.png","articleSection":["Calendrier","2016-rassemblements","Rencontres r\u00e9gionales"],"inLanguage":"en-GB"},{"@type":"WebPage","@id":"https:\/\/centcols.org\/concentration-regionale-vosges-au-col-du-praye-le-3-septembre-2016\/","url":"https:\/\/centcols.org\/concentration-regionale-vosges-au-col-du-praye-le-3-septembre-2016\/","name":"Vosges regional meeting at the Col du Pray\u00e9 on 3 September 2016 - Club des Cent Cols","isPartOf":{"@id":"https:\/\/centcols.org\/#website"},"primaryImageOfPage":{"@id":"https:\/\/centcols.org\/concentration-regionale-vosges-au-col-du-praye-le-3-septembre-2016\/#primaryimage"},"image":{"@id":"https:\/\/centcols.org\/concentration-regionale-vosges-au-col-du-praye-le-3-septembre-2016\/#primaryimage"},"thumbnailUrl":"https:\/\/centcols.org\/wp-content\/uploads\/2016\/02\/praye-500x380-1.png","datePublished":"2016-02-03T12:59:20+00:00","dateModified":"2025-09-12T20:47:08+00:00","breadcrumb":{"@id":"https:\/\/centcols.org\/concentration-regionale-vosges-au-col-du-praye-le-3-septembre-2016\/#breadcrumb"},"inLanguage":"en-GB","potentialAction":[{"@type":"ReadAction","target":["https:\/\/centcols.org\/concentration-regionale-vosges-au-col-du-praye-le-3-septembre-2016\/"]}]},{"@type":"ImageObject","inLanguage":"en-GB","@id":"https:\/\/centcols.org\/concentration-regionale-vosges-au-col-du-praye-le-3-septembre-2016\/#primaryimage","url":"https:\/\/centcols.org\/wp-content\/uploads\/2016\/02\/praye-500x380-1.png","contentUrl":"https:\/\/centcols.org\/wp-content\/uploads\/2016\/02\/praye-500x380-1.png"},{"@type":"BreadcrumbList","@id":"https:\/\/centcols.org\/concentration-regionale-vosges-au-col-du-praye-le-3-septembre-2016\/#breadcrumb","itemListElement":[{"@type":"ListItem","position":1,"name":"Accueil","item":"https:\/\/centcols.org\/"},{"@type":"ListItem","position":2,"name":"Calendrier","item":"https:\/\/centcols.org\/rubrique\/calendrier\/"},{"@type":"ListItem","position":3,"name":"Concentration r\u00e9gionale Vosges au col du Pray\u00e9 le 3 septembre 2016"}]},{"@type":"WebSite","@id":"https:\/\/centcols.org\/#website","url":"https:\/\/centcols.org\/","name":"Club des Cent Cols","description":"","publisher":{"@id":"https:\/\/centcols.org\/#organization"},"potentialAction":[{"@type":"SearchAction","target":{"@type":"EntryPoint","urlTemplate":"https:\/\/centcols.org\/?s={search_term_string}"},"query-input":{"@type":"PropertyValueSpecification","valueRequired":true,"valueName":"search_term_string"}}],"inLanguage":"en-GB"},{"@type":"Organization","@id":"https:\/\/centcols.org\/#organization","name":"Club des Cent Cols","url":"https:\/\/centcols.org\/","logo":{"@type":"ImageObject","inLanguage":"en-GB","@id":"https:\/\/centcols.org\/#\/schema\/logo\/image\/","url":"https:\/\/centcols.org\/wp-content\/uploads\/2025\/01\/carte-icone.png","contentUrl":"https:\/\/centcols.org\/wp-content\/uploads\/2025\/01\/carte-icone.png","width":250,"height":250,"caption":"Club des Cent Cols"},"image":{"@id":"https:\/\/centcols.org\/#\/schema\/logo\/image\/"},"sameAs":["https:\/\/www.facebook.com\/groups\/5261880558\/?locale=fr_FR"]},{"@type":"Person","@id":"https:\/\/centcols.org\/#\/schema\/person\/377f00da2793c0363246869bb3a344d0","name":"Guy Harl\u00e9","image":{"@type":"ImageObject","inLanguage":"en-GB","@id":"https:\/\/centcols.org\/wp-content\/litespeed\/avatar\/94c4de37e46cf090f296d42ab3e8d6a6.jpg?ver=1777238144","url":"https:\/\/centcols.org\/wp-content\/litespeed\/avatar\/94c4de37e46cf090f296d42ab3e8d6a6.jpg?ver=1777238144","contentUrl":"https:\/\/centcols.org\/wp-content\/litespeed\/avatar\/94c4de37e46cf090f296d42ab3e8d6a6.jpg?ver=1777238144","caption":"Guy Harl\u00e9"},"url":"https:\/\/centcols.org\/en\/author\/5193\/"}]}},"_links":{"self":[{"href":"https:\/\/centcols.org\/en\/wp-json\/wp\/v2\/posts\/81899","targetHints":{"allow":["GET"]}}],"collection":[{"href":"https:\/\/centcols.org\/en\/wp-json\/wp\/v2\/posts"}],"about":[{"href":"https:\/\/centcols.org\/en\/wp-json\/wp\/v2\/types\/post"}],"author":[{"embeddable":true,"href":"https:\/\/centcols.org\/en\/wp-json\/wp\/v2\/users\/136"}],"replies":[{"embeddable":true,"href":"https:\/\/centcols.org\/en\/wp-json\/wp\/v2\/comments?post=81899"}],"version-history":[{"count":0,"href":"https:\/\/centcols.org\/en\/wp-json\/wp\/v2\/posts\/81899\/revisions"}],"wp:attachment":[{"href":"https:\/\/centcols.org\/en\/wp-json\/wp\/v2\/media?parent=81899"}],"wp:term":[{"taxonomy":"category","embeddable":true,"href":"https:\/\/centcols.org\/en\/wp-json\/wp\/v2\/categories?post=81899"},{"taxonomy":"post_tag","embeddable":true,"href":"https:\/\/centcols.org\/en\/wp-json\/wp\/v2\/tags?post=81899"}],"curies":[{"name":"wp","href":"https:\/\/api.w.org\/{rel}","templated":true}]}}