{"id":81942,"date":"2018-01-30T16:28:34","date_gmt":"2018-01-30T14:28:34","guid":{"rendered":"https:\/\/centcols.org\/baulmes-suisse-sortie-vtt-14-juillet-2018\/"},"modified":"2025-09-14T22:02:46","modified_gmt":"2025-09-14T20:02:46","slug":"switzerland-2018-baulmes","status":"publish","type":"post","link":"https:\/\/centcols.org\/en\/suisse-2018-baulmes\/","title":{"rendered":"Baulmes, Switzerland, mountain bike outing, 14 July 2018"},"content":{"rendered":"<p>Saturday 14 July 2018, Baulmes, Switzerland<\/p>\n\n\n\n<p><span lang=\"FR\">Col de la Poyette<br>Meet at the car park south of the station at 8.30 a.m. for coffee, departure at 9 a.m.<br><\/span><span lang=\"FR\">6 passes, 41 km, altitude difference 1300<\/span><\/p>\n\n\n\n<figure class=\"wp-block-image size-full\"><img loading=\"lazy\" decoding=\"async\" width=\"622\" height=\"382\" src=\"https:\/\/centcols.org\/wp-content\/uploads\/2025\/05\/beaulmes.jpg\" alt=\"\" class=\"wp-image-81943\"\/><\/figure>\n\n\n\n<h2 class=\"wp-block-heading\">Contact<\/h2>\n\n\n\n<p>Christian Binggeli<br>chemin du Jura 1<br>CH-1135 Denens<br>Tel: (0041) 021 801 01 75 Mobile: 0041 078 723 11 33<br>c&amp;tbinggeli@bluewin.ch<\/p>\n\n\n\n<p>&nbsp;<\/p>","protected":false},"excerpt":{"rendered":"<p>Samedi 14 juillet 2018, Baulmes, Suisse Col de la PoyetteRendez-vous au parking au sud de la gare \u00e0 8 h 30 pour le caf\u00e9, d\u00e9part \u00e0 9 h6 cols, 41 Km, d\u00e9nivel\u00e9 1300 Contact Christian Binggelichemin du Jura 1CH-1135 DenensT\u00e9l :&nbsp;(0041) 021 801 01 75&nbsp; Natel&nbsp;: 0041 078 723 11 33c&amp;&#116;&#x62;i&#x6e;g&#103;&#x65;&#108;&#x69;&#64;&#98;&#x6c;&#117;&#x65;w&#x69;&#x6e;&#46;&#x63;h &nbsp;<\/p>","protected":false},"author":136,"featured_media":81943,"comment_status":"closed","ping_status":"open","sticky":false,"template":"","format":"standard","meta":{"_acf_changed":false,"footnotes":""},"categories":[135,282,216],"tags":[],"class_list":["post-81942","post","type-post","status-publish","format-standard","has-post-thumbnail","hentry","category-calendrier","category-les-rassemblements-de-2018","category-rencontres-regionales"],"acf":[],"yoast_head":"<!-- This site is optimized with the Yoast SEO plugin v27.2 - https:\/\/yoast.com\/product\/yoast-seo-wordpress\/ -->\n<title>Baulmes, Suisse, sortie VTT, 14 juillet 2018 - Club des Cent Cols<\/title>\n<meta name=\"robots\" content=\"index, follow, max-snippet:-1, max-image-preview:large, max-video-preview:-1\" \/>\n<link rel=\"canonical\" href=\"https:\/\/centcols.org\/en\/switzerland-2018-baulmes\/\" \/>\n<meta property=\"og:locale\" content=\"en_GB\" \/>\n<meta property=\"og:type\" content=\"article\" \/>\n<meta property=\"og:title\" content=\"Baulmes, Suisse, sortie VTT, 14 juillet 2018 - Club des Cent Cols\" \/>\n<meta property=\"og:description\" content=\"Samedi 14 juillet 2018, Baulmes, Suisse Col de la PoyetteRendez-vous au parking au sud de la gare \u00e0 8 h 30 pour le caf\u00e9, d\u00e9part \u00e0 9 h6 cols, 41 Km, d\u00e9nivel\u00e9 1300 Contact Christian Binggelichemin du Jura 1CH-1135 DenensT\u00e9l :&nbsp;(0041) 021 801 01 75&nbsp; Natel&nbsp;: 0041 078 723 11 33c&amp;&#116;&#x62;i&#x6e;g&#103;&#x65;&#108;&#x69;&#064;&#098;&#x6c;&#117;&#x65;w&#x69;&#x6e;&#046;&#x63;h &nbsp;\" \/>\n<meta property=\"og:url\" content=\"https:\/\/centcols.org\/en\/switzerland-2018-baulmes\/\" \/>\n<meta property=\"og:site_name\" content=\"Club des Cent Cols\" \/>\n<meta property=\"article:publisher\" content=\"https:\/\/www.facebook.com\/groups\/5261880558\/?locale=fr_FR\" \/>\n<meta property=\"article:published_time\" content=\"2018-01-30T14:28:34+00:00\" \/>\n<meta property=\"article:modified_time\" content=\"2025-09-14T20:02:46+00:00\" \/>\n<meta property=\"og:image\" content=\"https:\/\/centcols.org\/wp-content\/uploads\/2025\/05\/beaulmes.jpg\" \/>\n\t<meta property=\"og:image:width\" content=\"622\" \/>\n\t<meta property=\"og:image:height\" content=\"382\" \/>\n\t<meta property=\"og:image:type\" content=\"image\/jpeg\" \/>\n<meta name=\"author\" content=\"Guy Harl\u00e9\" \/>\n<meta name=\"twitter:card\" content=\"summary_large_image\" \/>\n<meta name=\"twitter:label1\" content=\"Written by\" \/>\n\t<meta name=\"twitter:data1\" content=\"Guy Harl\u00e9\" \/>\n\t<meta name=\"twitter:label2\" content=\"Estimated reading time\" \/>\n\t<meta name=\"twitter:data2\" content=\"1 minute\" \/>\n<script type=\"application\/ld+json\" class=\"yoast-schema-graph\">{\"@context\":\"https:\/\/schema.org\",\"@graph\":[{\"@type\":\"Article\",\"@id\":\"https:\/\/centcols.org\/suisse-2018-baulmes\/#article\",\"isPartOf\":{\"@id\":\"https:\/\/centcols.org\/suisse-2018-baulmes\/\"},\"author\":{\"name\":\"Guy Harl\u00e9\",\"@id\":\"https:\/\/centcols.org\/#\/schema\/person\/377f00da2793c0363246869bb3a344d0\"},\"headline\":\"Baulmes, Suisse, sortie VTT, 14 juillet 2018\",\"datePublished\":\"2018-01-30T14:28:34+00:00\",\"dateModified\":\"2025-09-14T20:02:46+00:00\",\"mainEntityOfPage\":{\"@id\":\"https:\/\/centcols.org\/suisse-2018-baulmes\/\"},\"wordCount\":49,\"publisher\":{\"@id\":\"https:\/\/centcols.org\/#organization\"},\"image\":{\"@id\":\"https:\/\/centcols.org\/suisse-2018-baulmes\/#primaryimage\"},\"thumbnailUrl\":\"https:\/\/centcols.org\/wp-content\/uploads\/2025\/05\/beaulmes.jpg\",\"articleSection\":[\"Calendrier\",\"2018-rassemblements\",\"Rencontres r\u00e9gionales\"],\"inLanguage\":\"en-GB\"},{\"@type\":\"WebPage\",\"@id\":\"https:\/\/centcols.org\/suisse-2018-baulmes\/\",\"url\":\"https:\/\/centcols.org\/suisse-2018-baulmes\/\",\"name\":\"Baulmes, Suisse, sortie VTT, 14 juillet 2018 - Club des Cent Cols\",\"isPartOf\":{\"@id\":\"https:\/\/centcols.org\/#website\"},\"primaryImageOfPage\":{\"@id\":\"https:\/\/centcols.org\/suisse-2018-baulmes\/#primaryimage\"},\"image\":{\"@id\":\"https:\/\/centcols.org\/suisse-2018-baulmes\/#primaryimage\"},\"thumbnailUrl\":\"https:\/\/centcols.org\/wp-content\/uploads\/2025\/05\/beaulmes.jpg\",\"datePublished\":\"2018-01-30T14:28:34+00:00\",\"dateModified\":\"2025-09-14T20:02:46+00:00\",\"breadcrumb\":{\"@id\":\"https:\/\/centcols.org\/suisse-2018-baulmes\/#breadcrumb\"},\"inLanguage\":\"en-GB\",\"potentialAction\":[{\"@type\":\"ReadAction\",\"target\":[\"https:\/\/centcols.org\/suisse-2018-baulmes\/\"]}]},{\"@type\":\"ImageObject\",\"inLanguage\":\"en-GB\",\"@id\":\"https:\/\/centcols.org\/suisse-2018-baulmes\/#primaryimage\",\"url\":\"https:\/\/centcols.org\/wp-content\/uploads\/2025\/05\/beaulmes.jpg\",\"contentUrl\":\"https:\/\/centcols.org\/wp-content\/uploads\/2025\/05\/beaulmes.jpg\",\"width\":622,\"height\":382},{\"@type\":\"BreadcrumbList\",\"@id\":\"https:\/\/centcols.org\/suisse-2018-baulmes\/#breadcrumb\",\"itemListElement\":[{\"@type\":\"ListItem\",\"position\":1,\"name\":\"Accueil\",\"item\":\"https:\/\/centcols.org\/\"},{\"@type\":\"ListItem\",\"position\":2,\"name\":\"Calendrier\",\"item\":\"https:\/\/centcols.org\/rubrique\/calendrier\/\"},{\"@type\":\"ListItem\",\"position\":3,\"name\":\"Baulmes, Suisse, sortie VTT, 14 juillet 2018\"}]},{\"@type\":\"WebSite\",\"@id\":\"https:\/\/centcols.org\/#website\",\"url\":\"https:\/\/centcols.org\/\",\"name\":\"Club des Cent Cols\",\"description\":\"\",\"publisher\":{\"@id\":\"https:\/\/centcols.org\/#organization\"},\"potentialAction\":[{\"@type\":\"SearchAction\",\"target\":{\"@type\":\"EntryPoint\",\"urlTemplate\":\"https:\/\/centcols.org\/?s={search_term_string}\"},\"query-input\":{\"@type\":\"PropertyValueSpecification\",\"valueRequired\":true,\"valueName\":\"search_term_string\"}}],\"inLanguage\":\"en-GB\"},{\"@type\":\"Organization\",\"@id\":\"https:\/\/centcols.org\/#organization\",\"name\":\"Club des Cent Cols\",\"url\":\"https:\/\/centcols.org\/\",\"logo\":{\"@type\":\"ImageObject\",\"inLanguage\":\"en-GB\",\"@id\":\"https:\/\/centcols.org\/#\/schema\/logo\/image\/\",\"url\":\"https:\/\/centcols.org\/wp-content\/uploads\/2025\/01\/carte-icone.png\",\"contentUrl\":\"https:\/\/centcols.org\/wp-content\/uploads\/2025\/01\/carte-icone.png\",\"width\":250,\"height\":250,\"caption\":\"Club des Cent Cols\"},\"image\":{\"@id\":\"https:\/\/centcols.org\/#\/schema\/logo\/image\/\"},\"sameAs\":[\"https:\/\/www.facebook.com\/groups\/5261880558\/?locale=fr_FR\"]},{\"@type\":\"Person\",\"@id\":\"https:\/\/centcols.org\/#\/schema\/person\/377f00da2793c0363246869bb3a344d0\",\"name\":\"Guy Harl\u00e9\",\"image\":{\"@type\":\"ImageObject\",\"inLanguage\":\"en-GB\",\"@id\":\"https:\/\/centcols.org\/wp-content\/litespeed\/avatar\/94c4de37e46cf090f296d42ab3e8d6a6.jpg?ver=1777238144\",\"url\":\"https:\/\/centcols.org\/wp-content\/litespeed\/avatar\/94c4de37e46cf090f296d42ab3e8d6a6.jpg?ver=1777238144\",\"contentUrl\":\"https:\/\/centcols.org\/wp-content\/litespeed\/avatar\/94c4de37e46cf090f296d42ab3e8d6a6.jpg?ver=1777238144\",\"caption\":\"Guy Harl\u00e9\"},\"url\":\"https:\/\/centcols.org\/en\/author\/5193\/\"}]}<\/script>\n<!-- \/ Yoast SEO plugin. -->","yoast_head_json":{"title":"Baulmes, Switzerland, mountain bike outing, 14 July 2018 - Club des Cent Cols","robots":{"index":"index","follow":"follow","max-snippet":"max-snippet:-1","max-image-preview":"max-image-preview:large","max-video-preview":"max-video-preview:-1"},"canonical":"https:\/\/centcols.org\/en\/switzerland-2018-baulmes\/","og_locale":"en_GB","og_type":"article","og_title":"Baulmes, Suisse, sortie VTT, 14 juillet 2018 - Club des Cent Cols","og_description":"Samedi 14 juillet 2018, Baulmes, Suisse Col de la PoyetteRendez-vous au parking au sud de la gare \u00e0 8 h 30 pour le caf\u00e9, d\u00e9part \u00e0 9 h6 cols, 41 Km, d\u00e9nivel\u00e9 1300 Contact Christian Binggelichemin du Jura 1CH-1135 DenensT\u00e9l :&nbsp;(0041) 021 801 01 75&nbsp; Natel&nbsp;: 0041 078 723 11 33c&amp;&#116;&#x62;i&#x6e;g&#103;&#x65;&#108;&#x69;&#64;&#98;&#x6c;&#117;&#x65;w&#x69;&#x6e;&#46;&#x63;h &nbsp;","og_url":"https:\/\/centcols.org\/en\/switzerland-2018-baulmes\/","og_site_name":"Club des Cent Cols","article_publisher":"https:\/\/www.facebook.com\/groups\/5261880558\/?locale=fr_FR","article_published_time":"2018-01-30T14:28:34+00:00","article_modified_time":"2025-09-14T20:02:46+00:00","og_image":[{"width":622,"height":382,"url":"https:\/\/centcols.org\/wp-content\/uploads\/2025\/05\/beaulmes.jpg","type":"image\/jpeg"}],"author":"Guy Harl\u00e9","twitter_card":"summary_large_image","twitter_misc":{"Written by":"Guy Harl\u00e9","Estimated reading time":"1 minute"},"schema":{"@context":"https:\/\/schema.org","@graph":[{"@type":"Article","@id":"https:\/\/centcols.org\/suisse-2018-baulmes\/#article","isPartOf":{"@id":"https:\/\/centcols.org\/suisse-2018-baulmes\/"},"author":{"name":"Guy Harl\u00e9","@id":"https:\/\/centcols.org\/#\/schema\/person\/377f00da2793c0363246869bb3a344d0"},"headline":"Baulmes, Suisse, sortie VTT, 14 juillet 2018","datePublished":"2018-01-30T14:28:34+00:00","dateModified":"2025-09-14T20:02:46+00:00","mainEntityOfPage":{"@id":"https:\/\/centcols.org\/suisse-2018-baulmes\/"},"wordCount":49,"publisher":{"@id":"https:\/\/centcols.org\/#organization"},"image":{"@id":"https:\/\/centcols.org\/suisse-2018-baulmes\/#primaryimage"},"thumbnailUrl":"https:\/\/centcols.org\/wp-content\/uploads\/2025\/05\/beaulmes.jpg","articleSection":["Calendrier","2018-rassemblements","Rencontres r\u00e9gionales"],"inLanguage":"en-GB"},{"@type":"WebPage","@id":"https:\/\/centcols.org\/suisse-2018-baulmes\/","url":"https:\/\/centcols.org\/suisse-2018-baulmes\/","name":"Baulmes, Switzerland, mountain bike outing, 14 July 2018 - Club des Cent Cols","isPartOf":{"@id":"https:\/\/centcols.org\/#website"},"primaryImageOfPage":{"@id":"https:\/\/centcols.org\/suisse-2018-baulmes\/#primaryimage"},"image":{"@id":"https:\/\/centcols.org\/suisse-2018-baulmes\/#primaryimage"},"thumbnailUrl":"https:\/\/centcols.org\/wp-content\/uploads\/2025\/05\/beaulmes.jpg","datePublished":"2018-01-30T14:28:34+00:00","dateModified":"2025-09-14T20:02:46+00:00","breadcrumb":{"@id":"https:\/\/centcols.org\/suisse-2018-baulmes\/#breadcrumb"},"inLanguage":"en-GB","potentialAction":[{"@type":"ReadAction","target":["https:\/\/centcols.org\/suisse-2018-baulmes\/"]}]},{"@type":"ImageObject","inLanguage":"en-GB","@id":"https:\/\/centcols.org\/suisse-2018-baulmes\/#primaryimage","url":"https:\/\/centcols.org\/wp-content\/uploads\/2025\/05\/beaulmes.jpg","contentUrl":"https:\/\/centcols.org\/wp-content\/uploads\/2025\/05\/beaulmes.jpg","width":622,"height":382},{"@type":"BreadcrumbList","@id":"https:\/\/centcols.org\/suisse-2018-baulmes\/#breadcrumb","itemListElement":[{"@type":"ListItem","position":1,"name":"Accueil","item":"https:\/\/centcols.org\/"},{"@type":"ListItem","position":2,"name":"Calendrier","item":"https:\/\/centcols.org\/rubrique\/calendrier\/"},{"@type":"ListItem","position":3,"name":"Baulmes, Suisse, sortie VTT, 14 juillet 2018"}]},{"@type":"WebSite","@id":"https:\/\/centcols.org\/#website","url":"https:\/\/centcols.org\/","name":"Club des Cent Cols","description":"","publisher":{"@id":"https:\/\/centcols.org\/#organization"},"potentialAction":[{"@type":"SearchAction","target":{"@type":"EntryPoint","urlTemplate":"https:\/\/centcols.org\/?s={search_term_string}"},"query-input":{"@type":"PropertyValueSpecification","valueRequired":true,"valueName":"search_term_string"}}],"inLanguage":"en-GB"},{"@type":"Organization","@id":"https:\/\/centcols.org\/#organization","name":"Club des Cent Cols","url":"https:\/\/centcols.org\/","logo":{"@type":"ImageObject","inLanguage":"en-GB","@id":"https:\/\/centcols.org\/#\/schema\/logo\/image\/","url":"https:\/\/centcols.org\/wp-content\/uploads\/2025\/01\/carte-icone.png","contentUrl":"https:\/\/centcols.org\/wp-content\/uploads\/2025\/01\/carte-icone.png","width":250,"height":250,"caption":"Club des Cent Cols"},"image":{"@id":"https:\/\/centcols.org\/#\/schema\/logo\/image\/"},"sameAs":["https:\/\/www.facebook.com\/groups\/5261880558\/?locale=fr_FR"]},{"@type":"Person","@id":"https:\/\/centcols.org\/#\/schema\/person\/377f00da2793c0363246869bb3a344d0","name":"Guy Harl\u00e9","image":{"@type":"ImageObject","inLanguage":"en-GB","@id":"https:\/\/centcols.org\/wp-content\/litespeed\/avatar\/94c4de37e46cf090f296d42ab3e8d6a6.jpg?ver=1777238144","url":"https:\/\/centcols.org\/wp-content\/litespeed\/avatar\/94c4de37e46cf090f296d42ab3e8d6a6.jpg?ver=1777238144","contentUrl":"https:\/\/centcols.org\/wp-content\/litespeed\/avatar\/94c4de37e46cf090f296d42ab3e8d6a6.jpg?ver=1777238144","caption":"Guy Harl\u00e9"},"url":"https:\/\/centcols.org\/en\/author\/5193\/"}]}},"_links":{"self":[{"href":"https:\/\/centcols.org\/en\/wp-json\/wp\/v2\/posts\/81942","targetHints":{"allow":["GET"]}}],"collection":[{"href":"https:\/\/centcols.org\/en\/wp-json\/wp\/v2\/posts"}],"about":[{"href":"https:\/\/centcols.org\/en\/wp-json\/wp\/v2\/types\/post"}],"author":[{"embeddable":true,"href":"https:\/\/centcols.org\/en\/wp-json\/wp\/v2\/users\/136"}],"replies":[{"embeddable":true,"href":"https:\/\/centcols.org\/en\/wp-json\/wp\/v2\/comments?post=81942"}],"version-history":[{"count":0,"href":"https:\/\/centcols.org\/en\/wp-json\/wp\/v2\/posts\/81942\/revisions"}],"wp:featuredmedia":[{"embeddable":true,"href":"https:\/\/centcols.org\/en\/wp-json\/wp\/v2\/media\/81943"}],"wp:attachment":[{"href":"https:\/\/centcols.org\/en\/wp-json\/wp\/v2\/media?parent=81942"}],"wp:term":[{"taxonomy":"category","embeddable":true,"href":"https:\/\/centcols.org\/en\/wp-json\/wp\/v2\/categories?post=81942"},{"taxonomy":"post_tag","embeddable":true,"href":"https:\/\/centcols.org\/en\/wp-json\/wp\/v2\/tags?post=81942"}],"curies":[{"name":"wp","href":"https:\/\/api.w.org\/{rel}","templated":true}]}}