{"id":81971,"date":"2018-03-06T09:04:06","date_gmt":"2018-03-06T07:04:06","guid":{"rendered":"https:\/\/centcols.org\/assemblee-generale-du-club-des-cent-cols-a-bedoin-vaucluse-le-10-novembre-2018\/"},"modified":"2025-09-02T11:09:58","modified_gmt":"2025-09-02T09:09:58","slug":"ag-2018-bedoin","status":"publish","type":"post","link":"https:\/\/centcols.org\/en\/ag-2018-bedoin\/","title":{"rendered":"General Meeting of the Club des Cent Cols in B\u00e9doin (Vaucluse) on 10 November 2018"},"content":{"rendered":"<h2 class=\"wp-block-heading\">Presentation<\/h2>\n\n\n\n<p>AGM 2018, B\u00e9doin, Saturday 10 November 2018 at 2.30 pm<\/p>\n\n\n\n<p>You will be able to register for accommodation from June 2018 :<\/p>\n\n\n<div class=\"wp-block-image\">\n<figure class=\"aligncenter size-full is-resized\"><img loading=\"lazy\" decoding=\"async\" width=\"1200\" height=\"797\" src=\"https:\/\/centcols.org\/wp-content\/uploads\/2018\/03\/Ventoux-13.jpg\" alt=\"\" class=\"wp-image-88974\" style=\"width:800px\" srcset=\"https:\/\/centcols.org\/wp-content\/uploads\/2018\/03\/Ventoux-13.jpg 1200w, https:\/\/centcols.org\/wp-content\/uploads\/2018\/03\/Ventoux-13-768x510.jpg 768w\" sizes=\"auto, (max-width: 1200px) 100vw, 1200px\" \/><figcaption class=\"wp-element-caption\">Mont Ventoux (photo T Labour)<\/figcaption><\/figure>\n<\/div>\n\n\n<p>It's in this friendly village, at the foot of the G\u00e9ant de Provence, 50 km east of Avignon and 15 km from Carpentras, that we'll be holding our 2018 general meeting. All activities - except cycling, of course - (the general meeting itself, on-site voting, meals and accommodation) will take place at the Les Florans holiday village in B\u00e9doin, in the Vaucluse d\u00e9partement. The village is run by the VTF company, and will exceptionally remain open after the autumn school holidays to welcome us.<br>Many centcolists are familiar with this village, which is the starting point for the ascent of Mont Ventoux via its southern slope, a route reputed to be the most difficult. Although our stay here is in November, it's not impossible that some people might like to make the ascent if they feel like it, in the sunshine and mild temperatures.<br>As usual, we will be offering two <a href=\"\/en\/membres\/cctours\/tours.php\/?lieu=B\u00e9doin&amp;an=2018&amp;genre=R\">road circuits<\/a> and two <a href=\"\/en\/membres\/cctours\/tours.php\/?lieu=B\u00e9doin&amp;an=2018&amp;genre=V\">mountain bike trails<\/a> in the surrounding area, probably departing from the centre, for Saturday and Sunday mornings.<\/p>\n\n\n<div class=\"wp-block-image wp-image-33269\">\n<figure class=\"aligncenter size-full is-resized\"><img loading=\"lazy\" decoding=\"async\" width=\"1200\" height=\"797\" src=\"https:\/\/centcols.org\/wp-content\/uploads\/2018\/03\/Gorges-de-la-Nesque-1.jpg\" alt=\"\" class=\"wp-image-88976\" style=\"width:800px\" srcset=\"https:\/\/centcols.org\/wp-content\/uploads\/2018\/03\/Gorges-de-la-Nesque-1.jpg 1200w, https:\/\/centcols.org\/wp-content\/uploads\/2018\/03\/Gorges-de-la-Nesque-1-768x510.jpg 768w\" sizes=\"auto, (max-width: 1200px) 100vw, 1200px\" \/><figcaption class=\"wp-element-caption\">Gorges de la Nesque (photo T Labour)<\/figcaption><\/figure>\n<\/div>\n\n\n<p>The area around B\u00e9doin is rich in magnificent sites and landscapes that deserve our attention, especially as there is no shortage of passes. So, Dentelles de Montmirail, Gorges de la Nesque, etc., we'll see what our friends from Club Vaison Cyclo Nature (VCN) come up with, and we'd like to thank them warmly for their help in preparing the AGM and the trip.<\/p>\n\n\n\n<p>BEDOIN<br>This is a charming farming village on Mont Ventoux. Spread over a large area, it is made up of several hamlets, all of which have in common the Mediterranean climate and the almost daily sunshine. It produces a\u00a0<a href=\"https:\/\/www.provenceweb.fr\/f\/mag\/terroir\/vin\/vignobles\/ventoux.htm\">AOC classified wine<\/a>\u00a0as well as fruit and asparagus. B\u00e9doin is fortunate to be home to one of the largest communal forests in France. It covers more than 6,300 hectares, a third of the forest cover of Mont Ventoux. It is without doubt the most varied forest in the Vaucluse, with over 1,200 different plant species! The village has a very long history, dating back to prehistoric times. If you're curious, you'll be interested to read<a href=\"https:\/\/fr.wikipedia.org\/wiki\/B%C3%A9doin\"> Wikipedia article<\/a> on the Internet.<\/p>\n\n\n\n<p>ACCOMMODATION, RESTAURATION and venue of the AGM<\/p>\n\n\n\n<figure class=\"wp-block-image size-full is-resized alignnone wp-image-33268\"><img loading=\"lazy\" decoding=\"async\" width=\"1200\" height=\"755\" src=\"https:\/\/centcols.org\/wp-content\/uploads\/2018\/03\/Bedoin-les-florans.jpg\" alt=\"\" class=\"wp-image-88977\" style=\"aspect-ratio:1;width:840px;height:auto\" srcset=\"https:\/\/centcols.org\/wp-content\/uploads\/2018\/03\/Bedoin-les-florans.jpg 1200w, https:\/\/centcols.org\/wp-content\/uploads\/2018\/03\/Bedoin-les-florans-768x483.jpg 768w\" sizes=\"auto, (max-width: 1200px) 100vw, 1200px\" \/><figcaption class=\"wp-element-caption\">B\u00e9doin Les Florans (photo VTF)<\/figcaption><\/figure>\n\n\n\n<p>VTF holiday village \"Les Florans<br>Chemin des Florans<br>BP 02, 84410 B\u00c9DOIN<br>Tel: +33 4 90 65 60 10<br><a href=\"https:\/\/www.vtf-vacances.com\/fr\/village-vacances-familles\/provence-alpes-cote-d-azur\/vaucluse\/bedoin\/417\" target=\"_blank\" rel=\"noopener\">Website<\/a><\/p>\n\n\n\n<h2 class=\"wp-block-heading\">Bike rides<\/h2>\n\n\n\n<p>Four routes have been prepared.<\/p>\n\n\n\n<p>On Saturday morning, the road circuit (around 45 km) and the mountain bike circuit (27 km, with road, R1\/R2 and S3 sections) start from M\u00e9thamis, around 25 minutes' drive from B\u00e9doin. Departure from M\u00e9thamis is at 8.30am, with a car departure from B\u00e9doin at 8am. Both routes will be accompanied by local cyclists.<\/p>\n\n\n\n<p>On Sunday morning, the road circuit (around 45 km) starts from the holiday centre. The meeting point is at 8am. The mountain bike circuit (23 km, with road sections and mainly R1\/R2 and one R3 section) will take you to the Dentelles de Montmirail, starting from Lafare. The meeting point is at 8.30am (departure from B\u00e9doin by car at 7.50am). These two tours will also be accompanied by local cyclists.<\/p>\n\n\n\n<h3 class=\"wp-block-heading\">Road circuits<\/h3>\n\n\n\n<p>Two <a href=\"\/en\/membres\/cctours\/tours.php\/?lieu=B\u00e9doin&amp;an=2018&amp;genre=R\">road routes<\/a> are available, one for Saturday and one for Sunday.<\/p>\n\n\n\n<h3 class=\"wp-block-heading\">Mountain bike routes<\/h3>\n\n\n\n<p>They are also two <a href=\"\/en\/membres\/cctours\/tours.php\/?lieu=B\u00e9doin&amp;an=2018&amp;genre=V\">mountain bike trails<\/a> for Saturday and Sunday.<\/p>\n\n\n\n<p>&nbsp;<\/p>","protected":false},"excerpt":{"rendered":"<p>Pr\u00e9sentation AG 2018, B\u00e9doin, samedi 10 novembre 2018 \u00e0 14 h 30 Vous pourrez vous inscrire pour l\u2019h\u00e9bergement \u00e0 partir de juin 2018 : C&rsquo;est dans ce sympathique village, au pied du G\u00e9ant de Provence, \u00e0 50 km \u00e0 l&rsquo;est d&rsquo;Avignon et 15 km de Carpentras, que nous tiendrons notre assembl\u00e9e g\u00e9n\u00e9rale 2018. L&rsquo;ensemble des [&hellip;]<\/p>\n","protected":false},"author":270,"featured_media":81972,"comment_status":"closed","ping_status":"closed","sticky":false,"template":"","format":"standard","meta":{"_acf_changed":false,"footnotes":""},"categories":[217,135],"tags":[],"class_list":["post-81971","post","type-post","status-publish","format-standard","has-post-thumbnail","hentry","category-assemblees-generales","category-calendrier"],"acf":[],"yoast_head":"<!-- This site is optimized with the Yoast SEO plugin v27.2 - https:\/\/yoast.com\/product\/yoast-seo-wordpress\/ -->\n<title>Assembl\u00e9e g\u00e9n\u00e9rale du Club des Cent Cols \u00e0 B\u00e9doin (Vaucluse) le 10 novembre 2018 - Club des Cent Cols<\/title>\n<meta name=\"robots\" content=\"index, follow, max-snippet:-1, max-image-preview:large, max-video-preview:-1\" \/>\n<link rel=\"canonical\" href=\"https:\/\/centcols.org\/en\/ag-2018-bedoin\/\" \/>\n<meta property=\"og:locale\" content=\"en_GB\" \/>\n<meta property=\"og:type\" content=\"article\" \/>\n<meta property=\"og:title\" content=\"Assembl\u00e9e g\u00e9n\u00e9rale du Club des Cent Cols \u00e0 B\u00e9doin (Vaucluse) le 10 novembre 2018 - Club des Cent Cols\" \/>\n<meta property=\"og:description\" content=\"Pr\u00e9sentation AG 2018, B\u00e9doin, samedi 10 novembre 2018 \u00e0 14 h 30 Vous pourrez vous inscrire pour l\u2019h\u00e9bergement \u00e0 partir de juin 2018 : C&rsquo;est dans ce sympathique village, au pied du G\u00e9ant de Provence, \u00e0 50 km \u00e0 l&rsquo;est d&rsquo;Avignon et 15 km de Carpentras, que nous tiendrons notre assembl\u00e9e g\u00e9n\u00e9rale 2018. L&rsquo;ensemble des [&hellip;]\" \/>\n<meta property=\"og:url\" content=\"https:\/\/centcols.org\/en\/ag-2018-bedoin\/\" \/>\n<meta property=\"og:site_name\" content=\"Club des Cent Cols\" \/>\n<meta property=\"article:publisher\" content=\"https:\/\/www.facebook.com\/groups\/5261880558\/?locale=fr_FR\" \/>\n<meta property=\"article:published_time\" content=\"2018-03-06T07:04:06+00:00\" \/>\n<meta property=\"article:modified_time\" content=\"2025-09-02T09:09:58+00:00\" \/>\n<meta property=\"og:image\" content=\"https:\/\/centcols.org\/wp-content\/uploads\/2025\/05\/Bedoin-les-florans2.jpg\" \/>\n\t<meta property=\"og:image:width\" content=\"1628\" \/>\n\t<meta property=\"og:image:height\" content=\"1024\" \/>\n\t<meta property=\"og:image:type\" content=\"image\/jpeg\" \/>\n<meta name=\"author\" content=\"Thierry Labour\" \/>\n<meta name=\"twitter:card\" content=\"summary_large_image\" \/>\n<meta name=\"twitter:label1\" content=\"Written by\" \/>\n\t<meta name=\"twitter:data1\" content=\"Thierry Labour\" \/>\n\t<meta name=\"twitter:label2\" content=\"Estimated reading time\" \/>\n\t<meta name=\"twitter:data2\" content=\"4 minutes\" \/>\n<script type=\"application\/ld+json\" class=\"yoast-schema-graph\">{\"@context\":\"https:\/\/schema.org\",\"@graph\":[{\"@type\":\"Article\",\"@id\":\"https:\/\/centcols.org\/ag-2018-bedoin\/#article\",\"isPartOf\":{\"@id\":\"https:\/\/centcols.org\/ag-2018-bedoin\/\"},\"author\":{\"name\":\"Thierry Labour\",\"@id\":\"https:\/\/centcols.org\/#\/schema\/person\/19badcd698057e2dc29340586080b94f\"},\"headline\":\"Assembl\u00e9e g\u00e9n\u00e9rale du Club des Cent Cols \u00e0 B\u00e9doin (Vaucluse) le 10 novembre 2018\",\"datePublished\":\"2018-03-06T07:04:06+00:00\",\"dateModified\":\"2025-09-02T09:09:58+00:00\",\"mainEntityOfPage\":{\"@id\":\"https:\/\/centcols.org\/ag-2018-bedoin\/\"},\"wordCount\":668,\"publisher\":{\"@id\":\"https:\/\/centcols.org\/#organization\"},\"image\":{\"@id\":\"https:\/\/centcols.org\/ag-2018-bedoin\/#primaryimage\"},\"thumbnailUrl\":\"https:\/\/centcols.org\/wp-content\/uploads\/2025\/05\/Bedoin-les-florans2.jpg\",\"articleSection\":[\"Assembl\u00e9es g\u00e9n\u00e9rales\",\"Calendrier\"],\"inLanguage\":\"en-GB\"},{\"@type\":\"WebPage\",\"@id\":\"https:\/\/centcols.org\/ag-2018-bedoin\/\",\"url\":\"https:\/\/centcols.org\/ag-2018-bedoin\/\",\"name\":\"Assembl\u00e9e g\u00e9n\u00e9rale du Club des Cent Cols \u00e0 B\u00e9doin (Vaucluse) le 10 novembre 2018 - Club des Cent Cols\",\"isPartOf\":{\"@id\":\"https:\/\/centcols.org\/#website\"},\"primaryImageOfPage\":{\"@id\":\"https:\/\/centcols.org\/ag-2018-bedoin\/#primaryimage\"},\"image\":{\"@id\":\"https:\/\/centcols.org\/ag-2018-bedoin\/#primaryimage\"},\"thumbnailUrl\":\"https:\/\/centcols.org\/wp-content\/uploads\/2025\/05\/Bedoin-les-florans2.jpg\",\"datePublished\":\"2018-03-06T07:04:06+00:00\",\"dateModified\":\"2025-09-02T09:09:58+00:00\",\"breadcrumb\":{\"@id\":\"https:\/\/centcols.org\/ag-2018-bedoin\/#breadcrumb\"},\"inLanguage\":\"en-GB\",\"potentialAction\":[{\"@type\":\"ReadAction\",\"target\":[\"https:\/\/centcols.org\/ag-2018-bedoin\/\"]}]},{\"@type\":\"ImageObject\",\"inLanguage\":\"en-GB\",\"@id\":\"https:\/\/centcols.org\/ag-2018-bedoin\/#primaryimage\",\"url\":\"https:\/\/centcols.org\/wp-content\/uploads\/2025\/05\/Bedoin-les-florans2.jpg\",\"contentUrl\":\"https:\/\/centcols.org\/wp-content\/uploads\/2025\/05\/Bedoin-les-florans2.jpg\",\"width\":1628,\"height\":1024},{\"@type\":\"BreadcrumbList\",\"@id\":\"https:\/\/centcols.org\/ag-2018-bedoin\/#breadcrumb\",\"itemListElement\":[{\"@type\":\"ListItem\",\"position\":1,\"name\":\"Accueil\",\"item\":\"https:\/\/centcols.org\/\"},{\"@type\":\"ListItem\",\"position\":2,\"name\":\"Assembl\u00e9es g\u00e9n\u00e9rales\",\"item\":\"https:\/\/centcols.org\/rubrique\/assemblees-generales\/\"},{\"@type\":\"ListItem\",\"position\":3,\"name\":\"Assembl\u00e9e g\u00e9n\u00e9rale du Club des Cent Cols \u00e0 B\u00e9doin (Vaucluse) le 10 novembre 2018\"}]},{\"@type\":\"WebSite\",\"@id\":\"https:\/\/centcols.org\/#website\",\"url\":\"https:\/\/centcols.org\/\",\"name\":\"Club des Cent Cols\",\"description\":\"\",\"publisher\":{\"@id\":\"https:\/\/centcols.org\/#organization\"},\"potentialAction\":[{\"@type\":\"SearchAction\",\"target\":{\"@type\":\"EntryPoint\",\"urlTemplate\":\"https:\/\/centcols.org\/?s={search_term_string}\"},\"query-input\":{\"@type\":\"PropertyValueSpecification\",\"valueRequired\":true,\"valueName\":\"search_term_string\"}}],\"inLanguage\":\"en-GB\"},{\"@type\":\"Organization\",\"@id\":\"https:\/\/centcols.org\/#organization\",\"name\":\"Club des Cent Cols\",\"url\":\"https:\/\/centcols.org\/\",\"logo\":{\"@type\":\"ImageObject\",\"inLanguage\":\"en-GB\",\"@id\":\"https:\/\/centcols.org\/#\/schema\/logo\/image\/\",\"url\":\"https:\/\/centcols.org\/wp-content\/uploads\/2025\/01\/carte-icone.png\",\"contentUrl\":\"https:\/\/centcols.org\/wp-content\/uploads\/2025\/01\/carte-icone.png\",\"width\":250,\"height\":250,\"caption\":\"Club des Cent Cols\"},\"image\":{\"@id\":\"https:\/\/centcols.org\/#\/schema\/logo\/image\/\"},\"sameAs\":[\"https:\/\/www.facebook.com\/groups\/5261880558\/?locale=fr_FR\"]},{\"@type\":\"Person\",\"@id\":\"https:\/\/centcols.org\/#\/schema\/person\/19badcd698057e2dc29340586080b94f\",\"name\":\"Thierry Labour\",\"image\":{\"@type\":\"ImageObject\",\"inLanguage\":\"en-GB\",\"@id\":\"https:\/\/centcols.org\/wp-content\/litespeed\/avatar\/0f2ad73ca12dd8b37b8d6dc4b7ca1e71.jpg?ver=1777205821\",\"url\":\"https:\/\/centcols.org\/wp-content\/litespeed\/avatar\/0f2ad73ca12dd8b37b8d6dc4b7ca1e71.jpg?ver=1777205821\",\"contentUrl\":\"https:\/\/centcols.org\/wp-content\/litespeed\/avatar\/0f2ad73ca12dd8b37b8d6dc4b7ca1e71.jpg?ver=1777205821\",\"caption\":\"Thierry Labour\"},\"url\":\"https:\/\/centcols.org\/en\/author\/5925\/\"}]}<\/script>\n<!-- \/ Yoast SEO plugin. -->","yoast_head_json":{"title":"General Meeting of the Club des Cent Cols in B\u00e9doin (Vaucluse) on 10 November 2018 - Club des Cent Cols","robots":{"index":"index","follow":"follow","max-snippet":"max-snippet:-1","max-image-preview":"max-image-preview:large","max-video-preview":"max-video-preview:-1"},"canonical":"https:\/\/centcols.org\/en\/ag-2018-bedoin\/","og_locale":"en_GB","og_type":"article","og_title":"Assembl\u00e9e g\u00e9n\u00e9rale du Club des Cent Cols \u00e0 B\u00e9doin (Vaucluse) le 10 novembre 2018 - Club des Cent Cols","og_description":"Pr\u00e9sentation AG 2018, B\u00e9doin, samedi 10 novembre 2018 \u00e0 14 h 30 Vous pourrez vous inscrire pour l\u2019h\u00e9bergement \u00e0 partir de juin 2018 : C&rsquo;est dans ce sympathique village, au pied du G\u00e9ant de Provence, \u00e0 50 km \u00e0 l&rsquo;est d&rsquo;Avignon et 15 km de Carpentras, que nous tiendrons notre assembl\u00e9e g\u00e9n\u00e9rale 2018. L&rsquo;ensemble des [&hellip;]","og_url":"https:\/\/centcols.org\/en\/ag-2018-bedoin\/","og_site_name":"Club des Cent Cols","article_publisher":"https:\/\/www.facebook.com\/groups\/5261880558\/?locale=fr_FR","article_published_time":"2018-03-06T07:04:06+00:00","article_modified_time":"2025-09-02T09:09:58+00:00","og_image":[{"width":1628,"height":1024,"url":"https:\/\/centcols.org\/wp-content\/uploads\/2025\/05\/Bedoin-les-florans2.jpg","type":"image\/jpeg"}],"author":"Thierry Labour","twitter_card":"summary_large_image","twitter_misc":{"Written by":"Thierry Labour","Estimated reading time":"4 minutes"},"schema":{"@context":"https:\/\/schema.org","@graph":[{"@type":"Article","@id":"https:\/\/centcols.org\/ag-2018-bedoin\/#article","isPartOf":{"@id":"https:\/\/centcols.org\/ag-2018-bedoin\/"},"author":{"name":"Thierry Labour","@id":"https:\/\/centcols.org\/#\/schema\/person\/19badcd698057e2dc29340586080b94f"},"headline":"Assembl\u00e9e g\u00e9n\u00e9rale du Club des Cent Cols \u00e0 B\u00e9doin (Vaucluse) le 10 novembre 2018","datePublished":"2018-03-06T07:04:06+00:00","dateModified":"2025-09-02T09:09:58+00:00","mainEntityOfPage":{"@id":"https:\/\/centcols.org\/ag-2018-bedoin\/"},"wordCount":668,"publisher":{"@id":"https:\/\/centcols.org\/#organization"},"image":{"@id":"https:\/\/centcols.org\/ag-2018-bedoin\/#primaryimage"},"thumbnailUrl":"https:\/\/centcols.org\/wp-content\/uploads\/2025\/05\/Bedoin-les-florans2.jpg","articleSection":["Assembl\u00e9es g\u00e9n\u00e9rales","Calendrier"],"inLanguage":"en-GB"},{"@type":"WebPage","@id":"https:\/\/centcols.org\/ag-2018-bedoin\/","url":"https:\/\/centcols.org\/ag-2018-bedoin\/","name":"General Meeting of the Club des Cent Cols in B\u00e9doin (Vaucluse) on 10 November 2018 - Club des Cent Cols","isPartOf":{"@id":"https:\/\/centcols.org\/#website"},"primaryImageOfPage":{"@id":"https:\/\/centcols.org\/ag-2018-bedoin\/#primaryimage"},"image":{"@id":"https:\/\/centcols.org\/ag-2018-bedoin\/#primaryimage"},"thumbnailUrl":"https:\/\/centcols.org\/wp-content\/uploads\/2025\/05\/Bedoin-les-florans2.jpg","datePublished":"2018-03-06T07:04:06+00:00","dateModified":"2025-09-02T09:09:58+00:00","breadcrumb":{"@id":"https:\/\/centcols.org\/ag-2018-bedoin\/#breadcrumb"},"inLanguage":"en-GB","potentialAction":[{"@type":"ReadAction","target":["https:\/\/centcols.org\/ag-2018-bedoin\/"]}]},{"@type":"ImageObject","inLanguage":"en-GB","@id":"https:\/\/centcols.org\/ag-2018-bedoin\/#primaryimage","url":"https:\/\/centcols.org\/wp-content\/uploads\/2025\/05\/Bedoin-les-florans2.jpg","contentUrl":"https:\/\/centcols.org\/wp-content\/uploads\/2025\/05\/Bedoin-les-florans2.jpg","width":1628,"height":1024},{"@type":"BreadcrumbList","@id":"https:\/\/centcols.org\/ag-2018-bedoin\/#breadcrumb","itemListElement":[{"@type":"ListItem","position":1,"name":"Accueil","item":"https:\/\/centcols.org\/"},{"@type":"ListItem","position":2,"name":"Assembl\u00e9es g\u00e9n\u00e9rales","item":"https:\/\/centcols.org\/rubrique\/assemblees-generales\/"},{"@type":"ListItem","position":3,"name":"Assembl\u00e9e g\u00e9n\u00e9rale du Club des Cent Cols \u00e0 B\u00e9doin (Vaucluse) le 10 novembre 2018"}]},{"@type":"WebSite","@id":"https:\/\/centcols.org\/#website","url":"https:\/\/centcols.org\/","name":"Club des Cent Cols","description":"","publisher":{"@id":"https:\/\/centcols.org\/#organization"},"potentialAction":[{"@type":"SearchAction","target":{"@type":"EntryPoint","urlTemplate":"https:\/\/centcols.org\/?s={search_term_string}"},"query-input":{"@type":"PropertyValueSpecification","valueRequired":true,"valueName":"search_term_string"}}],"inLanguage":"en-GB"},{"@type":"Organization","@id":"https:\/\/centcols.org\/#organization","name":"Club des Cent Cols","url":"https:\/\/centcols.org\/","logo":{"@type":"ImageObject","inLanguage":"en-GB","@id":"https:\/\/centcols.org\/#\/schema\/logo\/image\/","url":"https:\/\/centcols.org\/wp-content\/uploads\/2025\/01\/carte-icone.png","contentUrl":"https:\/\/centcols.org\/wp-content\/uploads\/2025\/01\/carte-icone.png","width":250,"height":250,"caption":"Club des Cent Cols"},"image":{"@id":"https:\/\/centcols.org\/#\/schema\/logo\/image\/"},"sameAs":["https:\/\/www.facebook.com\/groups\/5261880558\/?locale=fr_FR"]},{"@type":"Person","@id":"https:\/\/centcols.org\/#\/schema\/person\/19badcd698057e2dc29340586080b94f","name":"Thierry Labour","image":{"@type":"ImageObject","inLanguage":"en-GB","@id":"https:\/\/centcols.org\/wp-content\/litespeed\/avatar\/0f2ad73ca12dd8b37b8d6dc4b7ca1e71.jpg?ver=1777205821","url":"https:\/\/centcols.org\/wp-content\/litespeed\/avatar\/0f2ad73ca12dd8b37b8d6dc4b7ca1e71.jpg?ver=1777205821","contentUrl":"https:\/\/centcols.org\/wp-content\/litespeed\/avatar\/0f2ad73ca12dd8b37b8d6dc4b7ca1e71.jpg?ver=1777205821","caption":"Thierry Labour"},"url":"https:\/\/centcols.org\/en\/author\/5925\/"}]}},"_links":{"self":[{"href":"https:\/\/centcols.org\/en\/wp-json\/wp\/v2\/posts\/81971","targetHints":{"allow":["GET"]}}],"collection":[{"href":"https:\/\/centcols.org\/en\/wp-json\/wp\/v2\/posts"}],"about":[{"href":"https:\/\/centcols.org\/en\/wp-json\/wp\/v2\/types\/post"}],"author":[{"embeddable":true,"href":"https:\/\/centcols.org\/en\/wp-json\/wp\/v2\/users\/270"}],"replies":[{"embeddable":true,"href":"https:\/\/centcols.org\/en\/wp-json\/wp\/v2\/comments?post=81971"}],"version-history":[{"count":0,"href":"https:\/\/centcols.org\/en\/wp-json\/wp\/v2\/posts\/81971\/revisions"}],"wp:featuredmedia":[{"embeddable":true,"href":"https:\/\/centcols.org\/en\/wp-json\/wp\/v2\/media\/81972"}],"wp:attachment":[{"href":"https:\/\/centcols.org\/en\/wp-json\/wp\/v2\/media?parent=81971"}],"wp:term":[{"taxonomy":"category","embeddable":true,"href":"https:\/\/centcols.org\/en\/wp-json\/wp\/v2\/categories?post=81971"},{"taxonomy":"post_tag","embeddable":true,"href":"https:\/\/centcols.org\/en\/wp-json\/wp\/v2\/tags?post=81971"}],"curies":[{"name":"wp","href":"https:\/\/api.w.org\/{rel}","templated":true}]}}