{"id":82094,"date":"2018-12-16T17:01:01","date_gmt":"2018-12-16T15:01:01","guid":{"rendered":"https:\/\/centcols.org\/crans-sur-sierre-suisse-sortie-2000-10-aout-2019\/"},"modified":"2025-09-14T21:04:23","modified_gmt":"2025-09-14T19:04:23","slug":"crans-sur-sierre-switzerland-exit-2000-10-august-2019","status":"publish","type":"post","link":"https:\/\/centcols.org\/en\/crans-sur-sierre-suisse-sortie-2000-10-aout-2019\/","title":{"rendered":"Crans-sur-Sierre, Switzerland, exit + 2000, 10 August 2019"},"content":{"rendered":"\n<p>Samedi 10 ao\u00fbt 2019, Crans-sur-Sierre, Suisse<\/p>\n\n\n\n<p>Rendez-vous au parking du t\u00e9l\u00e9ph\u00e9rique de Cry d\u2019Er \u00e0 8h30 pour le caf\u00e9, <strong>d\u00e9part \u00e0 9h00<br><\/strong>21 km, 850 m de d\u00e9nivel\u00e9. 2 cols, Pas de l\u2019Ours CH-VS-1520, Col P\u00e9pinet CH-VS-2278.<\/p>\n\n\n\n<figure class=\"wp-block-image size-full\"><img loading=\"lazy\" decoding=\"async\" width=\"745\" height=\"368\" src=\"https:\/\/centcols.org\/wp-content\/uploads\/2025\/05\/crans.jpg\" alt=\"\" class=\"wp-image-82095\"\/><\/figure>\n\n\n\n<h3 class=\"wp-block-heading\">Contact<\/h3>\n\n\n\n<p>Pierre Mai<br>Vy de Bi\u00e8re 8<br>CH-1144 Ballens<br>T\u00e9l :&nbsp;(0041) 021 807 34 17&nbsp;&nbsp;Natel&nbsp;: 0041 76 498 58 73<br>[email]&#x70;&#109;&#x61;&#x69;&#64;&#x62;&#108;u&#x65;&#119;i&#x6e;&#46;c&#x68;[\/email]<\/p>\n","protected":false},"excerpt":{"rendered":"<p>Samedi 10 ao\u00fbt 2019, Crans-sur-Sierre, Suisse Rendez-vous au parking du t\u00e9l\u00e9ph\u00e9rique de Cry d\u2019Er \u00e0 8h30 pour le caf\u00e9, d\u00e9part \u00e0 9h0021 km, 850 m de d\u00e9nivel\u00e9. 2 cols, Pas de l\u2019Ours CH-VS-1520, Col P\u00e9pinet CH-VS-2278. Contact Pierre MaiVy de Bi\u00e8re 8CH-1144 BallensT\u00e9l :&nbsp;(0041) 021 807 34 17&nbsp;&nbsp;Natel&nbsp;: 0041 76 498 58 73[email]&#112;&#x6d;&#x61;i&#64;&#x62;l&#117;&#x65;&#x77;&#105;&#x6e;&#x2e;c&#104;[\/email]<\/p>\n","protected":false},"author":136,"featured_media":82095,"comment_status":"closed","ping_status":"open","sticky":false,"template":"","format":"standard","meta":{"_acf_changed":false,"footnotes":""},"categories":[284,135,216],"tags":[],"class_list":["post-82094","post","type-post","status-publish","format-standard","has-post-thumbnail","hentry","category-les-rassemblements-de-2019","category-calendrier","category-rencontres-regionales"],"acf":[],"yoast_head":"<!-- This site is optimized with the Yoast SEO plugin v27.2 - https:\/\/yoast.com\/product\/yoast-seo-wordpress\/ -->\n<title>Crans-sur-Sierre, Suisse, sortie + 2000, 10 ao\u00fbt 2019 - Club des Cent Cols<\/title>\n<meta name=\"robots\" content=\"index, follow, max-snippet:-1, max-image-preview:large, max-video-preview:-1\" \/>\n<link rel=\"canonical\" href=\"https:\/\/centcols.org\/en\/crans-sur-sierre-switzerland-exit-2000-10-august-2019\/\" \/>\n<meta property=\"og:locale\" content=\"en_GB\" \/>\n<meta property=\"og:type\" content=\"article\" \/>\n<meta property=\"og:title\" content=\"Crans-sur-Sierre, Suisse, sortie + 2000, 10 ao\u00fbt 2019 - Club des Cent Cols\" \/>\n<meta property=\"og:description\" content=\"Samedi 10 ao\u00fbt 2019, Crans-sur-Sierre, Suisse Rendez-vous au parking du t\u00e9l\u00e9ph\u00e9rique de Cry d\u2019Er \u00e0 8h30 pour le caf\u00e9, d\u00e9part \u00e0 9h0021 km, 850 m de d\u00e9nivel\u00e9. 2 cols, Pas de l\u2019Ours CH-VS-1520, Col P\u00e9pinet CH-VS-2278. Contact Pierre MaiVy de Bi\u00e8re 8CH-1144 BallensT\u00e9l :&nbsp;(0041) 021 807 34 17&nbsp;&nbsp;Natel&nbsp;: 0041 76 498 58 73[email]&#x70;&#109;&#x61;&#x69;&#064;&#x62;&#x6c;&#117;&#x65;&#x77;&#105;&#x6e;&#x2e;c&#x68;[\/email]\" \/>\n<meta property=\"og:url\" content=\"https:\/\/centcols.org\/en\/crans-sur-sierre-switzerland-exit-2000-10-august-2019\/\" \/>\n<meta property=\"og:site_name\" content=\"Club des Cent Cols\" \/>\n<meta property=\"article:publisher\" content=\"https:\/\/www.facebook.com\/groups\/5261880558\/?locale=fr_FR\" \/>\n<meta property=\"article:published_time\" content=\"2018-12-16T15:01:01+00:00\" \/>\n<meta property=\"article:modified_time\" content=\"2025-09-14T19:04:23+00:00\" \/>\n<meta property=\"og:image\" content=\"https:\/\/centcols.org\/wp-content\/uploads\/2025\/05\/crans.jpg\" \/>\n\t<meta property=\"og:image:width\" content=\"745\" \/>\n\t<meta property=\"og:image:height\" content=\"368\" \/>\n\t<meta property=\"og:image:type\" content=\"image\/jpeg\" \/>\n<meta name=\"author\" content=\"Guy Harl\u00e9\" \/>\n<meta name=\"twitter:card\" content=\"summary_large_image\" \/>\n<meta name=\"twitter:label1\" content=\"Written by\" \/>\n\t<meta name=\"twitter:data1\" content=\"Guy Harl\u00e9\" \/>\n\t<meta name=\"twitter:label2\" content=\"Estimated reading time\" \/>\n\t<meta name=\"twitter:data2\" content=\"1 minute\" \/>\n<script type=\"application\/ld+json\" class=\"yoast-schema-graph\">{\"@context\":\"https:\/\/schema.org\",\"@graph\":[{\"@type\":\"Article\",\"@id\":\"https:\/\/centcols.org\/crans-sur-sierre-suisse-sortie-2000-10-aout-2019\/#article\",\"isPartOf\":{\"@id\":\"https:\/\/centcols.org\/crans-sur-sierre-suisse-sortie-2000-10-aout-2019\/\"},\"author\":{\"name\":\"Guy Harl\u00e9\",\"@id\":\"https:\/\/centcols.org\/#\/schema\/person\/377f00da2793c0363246869bb3a344d0\"},\"headline\":\"Crans-sur-Sierre, Suisse, sortie + 2000, 10 ao\u00fbt 2019\",\"datePublished\":\"2018-12-16T15:01:01+00:00\",\"dateModified\":\"2025-09-14T19:04:23+00:00\",\"mainEntityOfPage\":{\"@id\":\"https:\/\/centcols.org\/crans-sur-sierre-suisse-sortie-2000-10-aout-2019\/\"},\"wordCount\":63,\"publisher\":{\"@id\":\"https:\/\/centcols.org\/#organization\"},\"image\":{\"@id\":\"https:\/\/centcols.org\/crans-sur-sierre-suisse-sortie-2000-10-aout-2019\/#primaryimage\"},\"thumbnailUrl\":\"https:\/\/centcols.org\/wp-content\/uploads\/2025\/05\/crans.jpg\",\"articleSection\":[\"2019-rassemblements\",\"Calendrier\",\"Rencontres r\u00e9gionales\"],\"inLanguage\":\"en-GB\"},{\"@type\":\"WebPage\",\"@id\":\"https:\/\/centcols.org\/crans-sur-sierre-suisse-sortie-2000-10-aout-2019\/\",\"url\":\"https:\/\/centcols.org\/crans-sur-sierre-suisse-sortie-2000-10-aout-2019\/\",\"name\":\"Crans-sur-Sierre, Suisse, sortie + 2000, 10 ao\u00fbt 2019 - Club des Cent Cols\",\"isPartOf\":{\"@id\":\"https:\/\/centcols.org\/#website\"},\"primaryImageOfPage\":{\"@id\":\"https:\/\/centcols.org\/crans-sur-sierre-suisse-sortie-2000-10-aout-2019\/#primaryimage\"},\"image\":{\"@id\":\"https:\/\/centcols.org\/crans-sur-sierre-suisse-sortie-2000-10-aout-2019\/#primaryimage\"},\"thumbnailUrl\":\"https:\/\/centcols.org\/wp-content\/uploads\/2025\/05\/crans.jpg\",\"datePublished\":\"2018-12-16T15:01:01+00:00\",\"dateModified\":\"2025-09-14T19:04:23+00:00\",\"breadcrumb\":{\"@id\":\"https:\/\/centcols.org\/crans-sur-sierre-suisse-sortie-2000-10-aout-2019\/#breadcrumb\"},\"inLanguage\":\"en-GB\",\"potentialAction\":[{\"@type\":\"ReadAction\",\"target\":[\"https:\/\/centcols.org\/crans-sur-sierre-suisse-sortie-2000-10-aout-2019\/\"]}]},{\"@type\":\"ImageObject\",\"inLanguage\":\"en-GB\",\"@id\":\"https:\/\/centcols.org\/crans-sur-sierre-suisse-sortie-2000-10-aout-2019\/#primaryimage\",\"url\":\"https:\/\/centcols.org\/wp-content\/uploads\/2025\/05\/crans.jpg\",\"contentUrl\":\"https:\/\/centcols.org\/wp-content\/uploads\/2025\/05\/crans.jpg\",\"width\":745,\"height\":368},{\"@type\":\"BreadcrumbList\",\"@id\":\"https:\/\/centcols.org\/crans-sur-sierre-suisse-sortie-2000-10-aout-2019\/#breadcrumb\",\"itemListElement\":[{\"@type\":\"ListItem\",\"position\":1,\"name\":\"Accueil\",\"item\":\"https:\/\/centcols.org\/\"},{\"@type\":\"ListItem\",\"position\":2,\"name\":\"Calendrier\",\"item\":\"https:\/\/centcols.org\/rubrique\/calendrier\/\"},{\"@type\":\"ListItem\",\"position\":3,\"name\":\"Crans-sur-Sierre, Suisse, sortie + 2000, 10 ao\u00fbt 2019\"}]},{\"@type\":\"WebSite\",\"@id\":\"https:\/\/centcols.org\/#website\",\"url\":\"https:\/\/centcols.org\/\",\"name\":\"Club des Cent Cols\",\"description\":\"\",\"publisher\":{\"@id\":\"https:\/\/centcols.org\/#organization\"},\"potentialAction\":[{\"@type\":\"SearchAction\",\"target\":{\"@type\":\"EntryPoint\",\"urlTemplate\":\"https:\/\/centcols.org\/?s={search_term_string}\"},\"query-input\":{\"@type\":\"PropertyValueSpecification\",\"valueRequired\":true,\"valueName\":\"search_term_string\"}}],\"inLanguage\":\"en-GB\"},{\"@type\":\"Organization\",\"@id\":\"https:\/\/centcols.org\/#organization\",\"name\":\"Club des Cent Cols\",\"url\":\"https:\/\/centcols.org\/\",\"logo\":{\"@type\":\"ImageObject\",\"inLanguage\":\"en-GB\",\"@id\":\"https:\/\/centcols.org\/#\/schema\/logo\/image\/\",\"url\":\"https:\/\/centcols.org\/wp-content\/uploads\/2025\/01\/carte-icone.png\",\"contentUrl\":\"https:\/\/centcols.org\/wp-content\/uploads\/2025\/01\/carte-icone.png\",\"width\":250,\"height\":250,\"caption\":\"Club des Cent Cols\"},\"image\":{\"@id\":\"https:\/\/centcols.org\/#\/schema\/logo\/image\/\"},\"sameAs\":[\"https:\/\/www.facebook.com\/groups\/5261880558\/?locale=fr_FR\"]},{\"@type\":\"Person\",\"@id\":\"https:\/\/centcols.org\/#\/schema\/person\/377f00da2793c0363246869bb3a344d0\",\"name\":\"Guy Harl\u00e9\",\"image\":{\"@type\":\"ImageObject\",\"inLanguage\":\"en-GB\",\"@id\":\"https:\/\/centcols.org\/wp-content\/litespeed\/avatar\/94c4de37e46cf090f296d42ab3e8d6a6.jpg?ver=1777238144\",\"url\":\"https:\/\/centcols.org\/wp-content\/litespeed\/avatar\/94c4de37e46cf090f296d42ab3e8d6a6.jpg?ver=1777238144\",\"contentUrl\":\"https:\/\/centcols.org\/wp-content\/litespeed\/avatar\/94c4de37e46cf090f296d42ab3e8d6a6.jpg?ver=1777238144\",\"caption\":\"Guy Harl\u00e9\"},\"url\":\"https:\/\/centcols.org\/en\/author\/5193\/\"}]}<\/script>\n<!-- \/ Yoast SEO plugin. -->","yoast_head_json":{"title":"Crans-sur-Sierre, Switzerland, exit + 2000, 10 August 2019 - Club des Cent Cols","robots":{"index":"index","follow":"follow","max-snippet":"max-snippet:-1","max-image-preview":"max-image-preview:large","max-video-preview":"max-video-preview:-1"},"canonical":"https:\/\/centcols.org\/en\/crans-sur-sierre-switzerland-exit-2000-10-august-2019\/","og_locale":"en_GB","og_type":"article","og_title":"Crans-sur-Sierre, Suisse, sortie + 2000, 10 ao\u00fbt 2019 - Club des Cent Cols","og_description":"Samedi 10 ao\u00fbt 2019, Crans-sur-Sierre, Suisse Rendez-vous au parking du t\u00e9l\u00e9ph\u00e9rique de Cry d\u2019Er \u00e0 8h30 pour le caf\u00e9, d\u00e9part \u00e0 9h0021 km, 850 m de d\u00e9nivel\u00e9. 2 cols, Pas de l\u2019Ours CH-VS-1520, Col P\u00e9pinet CH-VS-2278. Contact Pierre MaiVy de Bi\u00e8re 8CH-1144 BallensT\u00e9l :&nbsp;(0041) 021 807 34 17&nbsp;&nbsp;Natel&nbsp;: 0041 76 498 58 73[email]&#x70;&#109;&#x61;&#x69;&#64;&#x62;&#x6c;&#117;&#x65;&#x77;&#105;&#x6e;&#x2e;c&#x68;[\/email]","og_url":"https:\/\/centcols.org\/en\/crans-sur-sierre-switzerland-exit-2000-10-august-2019\/","og_site_name":"Club des Cent Cols","article_publisher":"https:\/\/www.facebook.com\/groups\/5261880558\/?locale=fr_FR","article_published_time":"2018-12-16T15:01:01+00:00","article_modified_time":"2025-09-14T19:04:23+00:00","og_image":[{"width":745,"height":368,"url":"https:\/\/centcols.org\/wp-content\/uploads\/2025\/05\/crans.jpg","type":"image\/jpeg"}],"author":"Guy Harl\u00e9","twitter_card":"summary_large_image","twitter_misc":{"Written by":"Guy Harl\u00e9","Estimated reading time":"1 minute"},"schema":{"@context":"https:\/\/schema.org","@graph":[{"@type":"Article","@id":"https:\/\/centcols.org\/crans-sur-sierre-suisse-sortie-2000-10-aout-2019\/#article","isPartOf":{"@id":"https:\/\/centcols.org\/crans-sur-sierre-suisse-sortie-2000-10-aout-2019\/"},"author":{"name":"Guy Harl\u00e9","@id":"https:\/\/centcols.org\/#\/schema\/person\/377f00da2793c0363246869bb3a344d0"},"headline":"Crans-sur-Sierre, Suisse, sortie + 2000, 10 ao\u00fbt 2019","datePublished":"2018-12-16T15:01:01+00:00","dateModified":"2025-09-14T19:04:23+00:00","mainEntityOfPage":{"@id":"https:\/\/centcols.org\/crans-sur-sierre-suisse-sortie-2000-10-aout-2019\/"},"wordCount":63,"publisher":{"@id":"https:\/\/centcols.org\/#organization"},"image":{"@id":"https:\/\/centcols.org\/crans-sur-sierre-suisse-sortie-2000-10-aout-2019\/#primaryimage"},"thumbnailUrl":"https:\/\/centcols.org\/wp-content\/uploads\/2025\/05\/crans.jpg","articleSection":["2019-rassemblements","Calendrier","Rencontres r\u00e9gionales"],"inLanguage":"en-GB"},{"@type":"WebPage","@id":"https:\/\/centcols.org\/crans-sur-sierre-suisse-sortie-2000-10-aout-2019\/","url":"https:\/\/centcols.org\/crans-sur-sierre-suisse-sortie-2000-10-aout-2019\/","name":"Crans-sur-Sierre, Switzerland, exit + 2000, 10 August 2019 - Club des Cent Cols","isPartOf":{"@id":"https:\/\/centcols.org\/#website"},"primaryImageOfPage":{"@id":"https:\/\/centcols.org\/crans-sur-sierre-suisse-sortie-2000-10-aout-2019\/#primaryimage"},"image":{"@id":"https:\/\/centcols.org\/crans-sur-sierre-suisse-sortie-2000-10-aout-2019\/#primaryimage"},"thumbnailUrl":"https:\/\/centcols.org\/wp-content\/uploads\/2025\/05\/crans.jpg","datePublished":"2018-12-16T15:01:01+00:00","dateModified":"2025-09-14T19:04:23+00:00","breadcrumb":{"@id":"https:\/\/centcols.org\/crans-sur-sierre-suisse-sortie-2000-10-aout-2019\/#breadcrumb"},"inLanguage":"en-GB","potentialAction":[{"@type":"ReadAction","target":["https:\/\/centcols.org\/crans-sur-sierre-suisse-sortie-2000-10-aout-2019\/"]}]},{"@type":"ImageObject","inLanguage":"en-GB","@id":"https:\/\/centcols.org\/crans-sur-sierre-suisse-sortie-2000-10-aout-2019\/#primaryimage","url":"https:\/\/centcols.org\/wp-content\/uploads\/2025\/05\/crans.jpg","contentUrl":"https:\/\/centcols.org\/wp-content\/uploads\/2025\/05\/crans.jpg","width":745,"height":368},{"@type":"BreadcrumbList","@id":"https:\/\/centcols.org\/crans-sur-sierre-suisse-sortie-2000-10-aout-2019\/#breadcrumb","itemListElement":[{"@type":"ListItem","position":1,"name":"Accueil","item":"https:\/\/centcols.org\/"},{"@type":"ListItem","position":2,"name":"Calendrier","item":"https:\/\/centcols.org\/rubrique\/calendrier\/"},{"@type":"ListItem","position":3,"name":"Crans-sur-Sierre, Suisse, sortie + 2000, 10 ao\u00fbt 2019"}]},{"@type":"WebSite","@id":"https:\/\/centcols.org\/#website","url":"https:\/\/centcols.org\/","name":"Club des Cent Cols","description":"","publisher":{"@id":"https:\/\/centcols.org\/#organization"},"potentialAction":[{"@type":"SearchAction","target":{"@type":"EntryPoint","urlTemplate":"https:\/\/centcols.org\/?s={search_term_string}"},"query-input":{"@type":"PropertyValueSpecification","valueRequired":true,"valueName":"search_term_string"}}],"inLanguage":"en-GB"},{"@type":"Organization","@id":"https:\/\/centcols.org\/#organization","name":"Club des Cent Cols","url":"https:\/\/centcols.org\/","logo":{"@type":"ImageObject","inLanguage":"en-GB","@id":"https:\/\/centcols.org\/#\/schema\/logo\/image\/","url":"https:\/\/centcols.org\/wp-content\/uploads\/2025\/01\/carte-icone.png","contentUrl":"https:\/\/centcols.org\/wp-content\/uploads\/2025\/01\/carte-icone.png","width":250,"height":250,"caption":"Club des Cent Cols"},"image":{"@id":"https:\/\/centcols.org\/#\/schema\/logo\/image\/"},"sameAs":["https:\/\/www.facebook.com\/groups\/5261880558\/?locale=fr_FR"]},{"@type":"Person","@id":"https:\/\/centcols.org\/#\/schema\/person\/377f00da2793c0363246869bb3a344d0","name":"Guy Harl\u00e9","image":{"@type":"ImageObject","inLanguage":"en-GB","@id":"https:\/\/centcols.org\/wp-content\/litespeed\/avatar\/94c4de37e46cf090f296d42ab3e8d6a6.jpg?ver=1777238144","url":"https:\/\/centcols.org\/wp-content\/litespeed\/avatar\/94c4de37e46cf090f296d42ab3e8d6a6.jpg?ver=1777238144","contentUrl":"https:\/\/centcols.org\/wp-content\/litespeed\/avatar\/94c4de37e46cf090f296d42ab3e8d6a6.jpg?ver=1777238144","caption":"Guy Harl\u00e9"},"url":"https:\/\/centcols.org\/en\/author\/5193\/"}]}},"_links":{"self":[{"href":"https:\/\/centcols.org\/en\/wp-json\/wp\/v2\/posts\/82094","targetHints":{"allow":["GET"]}}],"collection":[{"href":"https:\/\/centcols.org\/en\/wp-json\/wp\/v2\/posts"}],"about":[{"href":"https:\/\/centcols.org\/en\/wp-json\/wp\/v2\/types\/post"}],"author":[{"embeddable":true,"href":"https:\/\/centcols.org\/en\/wp-json\/wp\/v2\/users\/136"}],"replies":[{"embeddable":true,"href":"https:\/\/centcols.org\/en\/wp-json\/wp\/v2\/comments?post=82094"}],"version-history":[{"count":0,"href":"https:\/\/centcols.org\/en\/wp-json\/wp\/v2\/posts\/82094\/revisions"}],"wp:featuredmedia":[{"embeddable":true,"href":"https:\/\/centcols.org\/en\/wp-json\/wp\/v2\/media\/82095"}],"wp:attachment":[{"href":"https:\/\/centcols.org\/en\/wp-json\/wp\/v2\/media?parent=82094"}],"wp:term":[{"taxonomy":"category","embeddable":true,"href":"https:\/\/centcols.org\/en\/wp-json\/wp\/v2\/categories?post=82094"},{"taxonomy":"post_tag","embeddable":true,"href":"https:\/\/centcols.org\/en\/wp-json\/wp\/v2\/tags?post=82094"}],"curies":[{"name":"wp","href":"https:\/\/api.w.org\/{rel}","templated":true}]}}