{"id":82099,"date":"2018-12-16T16:50:00","date_gmt":"2018-12-16T14:50:00","guid":{"rendered":"https:\/\/centcols.org\/rassemblement-international-col-de-la-crenee-vosges-le-27-juillet-2019\/"},"modified":"2025-09-14T21:05:27","modified_gmt":"2025-09-14T19:05:27","slug":"col-de-la-crenee-vosges-international-rally-on-27-july-2019","status":"publish","type":"post","link":"https:\/\/centcols.org\/en\/rassemblement-international-col-de-la-crenee-vosges-le-27-juillet-2019\/","title":{"rendered":"International meeting, Col de la Cren\u00e9e (Vosges) on 27 July 2019"},"content":{"rendered":"\n<p>Le rassemblement international se tiendra en fin de s\u00e9jour d&rsquo;\u00e9t\u00e9 \u00e0 Saint-Di\u00e9-des-Vosges<\/p>\n\n\n\n<p>Des pr\u00e9cisions seront apport\u00e9es dans la rubrique \u00a0\u00bbS\u00e9jours\u00a0\u00bb : Saint-Di\u00e9-des-Vosges (20 au 27 juillet 2019)<\/p>\n\n\n\n<figure class=\"wp-block-image size-full\"><img loading=\"lazy\" decoding=\"async\" width=\"807\" height=\"602\" src=\"https:\/\/centcols.org\/wp-content\/uploads\/2025\/05\/Rass-Inter.png\" alt=\"\" class=\"wp-image-82100\" srcset=\"https:\/\/centcols.org\/wp-content\/uploads\/2025\/05\/Rass-Inter.png 807w, https:\/\/centcols.org\/wp-content\/uploads\/2025\/05\/Rass-Inter-768x573.png 768w\" sizes=\"auto, (max-width: 807px) 100vw, 807px\" \/><\/figure>\n\n\n\n<p><\/p>\n\n\n\n<h3 class=\"wp-block-heading\">Contact<\/h3>\n\n\n\n<p>Guy Harl\u00e9<br>+33 4 50 60 67 27 &#8211; +33 6 77 11 17 03<br>[email]&#x67;&#117;y&#x2e;&#104;&#97;&#x72;&#x6c;&#101;&#64;&#x67;&#109;a&#x69;&#x6c;&#46;c&#x6f;&#109;[\/email]<\/p>\n","protected":false},"excerpt":{"rendered":"<p>Le rassemblement international se tiendra en fin de s\u00e9jour d&rsquo;\u00e9t\u00e9 \u00e0 Saint-Di\u00e9-des-Vosges Des pr\u00e9cisions seront apport\u00e9es dans la rubrique \u00a0\u00bbS\u00e9jours\u00a0\u00bb : Saint-Di\u00e9-des-Vosges (20 au 27 juillet 2019) Contact Guy Harl\u00e9+33 4 50 60 67 27 &#8211; +33 6 77 11 17 03[email]gu&#121;&#46;&#104;&#97;&#x72;&#x6c;&#x65;&#x40;&#x67;ma&#105;&#108;&#46;&#99;&#x6f;&#x6d;[\/email]<\/p>\n","protected":false},"author":136,"featured_media":82100,"comment_status":"closed","ping_status":"open","sticky":false,"template":"","format":"standard","meta":{"_acf_changed":false,"footnotes":""},"categories":[284,135,216],"tags":[],"class_list":["post-82099","post","type-post","status-publish","format-standard","has-post-thumbnail","hentry","category-les-rassemblements-de-2019","category-calendrier","category-rencontres-regionales"],"acf":[],"yoast_head":"<!-- This site is optimized with the Yoast SEO plugin v27.2 - https:\/\/yoast.com\/product\/yoast-seo-wordpress\/ -->\n<title>Rassemblement international, Col de la Cren\u00e9e (Vosges) le 27 juillet 2019 - Club des Cent Cols<\/title>\n<meta name=\"robots\" content=\"index, follow, max-snippet:-1, max-image-preview:large, max-video-preview:-1\" \/>\n<link rel=\"canonical\" href=\"https:\/\/centcols.org\/en\/col-de-la-crenee-vosges-international-rally-on-27-july-2019\/\" \/>\n<meta property=\"og:locale\" content=\"en_GB\" \/>\n<meta property=\"og:type\" content=\"article\" \/>\n<meta property=\"og:title\" content=\"Rassemblement international, Col de la Cren\u00e9e (Vosges) le 27 juillet 2019 - Club des Cent Cols\" \/>\n<meta property=\"og:description\" content=\"Le rassemblement international se tiendra en fin de s\u00e9jour d&rsquo;\u00e9t\u00e9 \u00e0 Saint-Di\u00e9-des-Vosges Des pr\u00e9cisions seront apport\u00e9es dans la rubrique \u00a0\u00bbS\u00e9jours\u00a0\u00bb : Saint-Di\u00e9-des-Vosges (20 au 27 juillet 2019) Contact Guy Harl\u00e9+33 4 50 60 67 27 &#8211; +33 6 77 11 17 03[email]guy&#046;harle&#064;gmail&#046;com[\/email]\" \/>\n<meta property=\"og:url\" content=\"https:\/\/centcols.org\/en\/col-de-la-crenee-vosges-international-rally-on-27-july-2019\/\" \/>\n<meta property=\"og:site_name\" content=\"Club des Cent Cols\" \/>\n<meta property=\"article:publisher\" content=\"https:\/\/www.facebook.com\/groups\/5261880558\/?locale=fr_FR\" \/>\n<meta property=\"article:published_time\" content=\"2018-12-16T14:50:00+00:00\" \/>\n<meta property=\"article:modified_time\" content=\"2025-09-14T19:05:27+00:00\" \/>\n<meta property=\"og:image\" content=\"https:\/\/centcols.org\/wp-content\/uploads\/2025\/05\/Rass-Inter.png\" \/>\n\t<meta property=\"og:image:width\" content=\"807\" \/>\n\t<meta property=\"og:image:height\" content=\"602\" \/>\n\t<meta property=\"og:image:type\" content=\"image\/png\" \/>\n<meta name=\"author\" content=\"Guy Harl\u00e9\" \/>\n<meta name=\"twitter:card\" content=\"summary_large_image\" \/>\n<meta name=\"twitter:label1\" content=\"Written by\" \/>\n\t<meta name=\"twitter:data1\" content=\"Guy Harl\u00e9\" \/>\n\t<meta name=\"twitter:label2\" content=\"Estimated reading time\" \/>\n\t<meta name=\"twitter:data2\" content=\"1 minute\" \/>\n<script type=\"application\/ld+json\" class=\"yoast-schema-graph\">{\"@context\":\"https:\/\/schema.org\",\"@graph\":[{\"@type\":\"Article\",\"@id\":\"https:\/\/centcols.org\/rassemblement-international-col-de-la-crenee-vosges-le-27-juillet-2019\/#article\",\"isPartOf\":{\"@id\":\"https:\/\/centcols.org\/rassemblement-international-col-de-la-crenee-vosges-le-27-juillet-2019\/\"},\"author\":{\"name\":\"Guy Harl\u00e9\",\"@id\":\"https:\/\/centcols.org\/#\/schema\/person\/377f00da2793c0363246869bb3a344d0\"},\"headline\":\"Rassemblement international, Col de la Cren\u00e9e (Vosges) le 27 juillet 2019\",\"datePublished\":\"2018-12-16T14:50:00+00:00\",\"dateModified\":\"2025-09-14T19:05:27+00:00\",\"mainEntityOfPage\":{\"@id\":\"https:\/\/centcols.org\/rassemblement-international-col-de-la-crenee-vosges-le-27-juillet-2019\/\"},\"wordCount\":49,\"publisher\":{\"@id\":\"https:\/\/centcols.org\/#organization\"},\"image\":{\"@id\":\"https:\/\/centcols.org\/rassemblement-international-col-de-la-crenee-vosges-le-27-juillet-2019\/#primaryimage\"},\"thumbnailUrl\":\"https:\/\/centcols.org\/wp-content\/uploads\/2025\/05\/Rass-Inter.png\",\"articleSection\":[\"2019-rassemblements\",\"Calendrier\",\"Rencontres r\u00e9gionales\"],\"inLanguage\":\"en-GB\"},{\"@type\":\"WebPage\",\"@id\":\"https:\/\/centcols.org\/rassemblement-international-col-de-la-crenee-vosges-le-27-juillet-2019\/\",\"url\":\"https:\/\/centcols.org\/rassemblement-international-col-de-la-crenee-vosges-le-27-juillet-2019\/\",\"name\":\"Rassemblement international, Col de la Cren\u00e9e (Vosges) le 27 juillet 2019 - Club des Cent Cols\",\"isPartOf\":{\"@id\":\"https:\/\/centcols.org\/#website\"},\"primaryImageOfPage\":{\"@id\":\"https:\/\/centcols.org\/rassemblement-international-col-de-la-crenee-vosges-le-27-juillet-2019\/#primaryimage\"},\"image\":{\"@id\":\"https:\/\/centcols.org\/rassemblement-international-col-de-la-crenee-vosges-le-27-juillet-2019\/#primaryimage\"},\"thumbnailUrl\":\"https:\/\/centcols.org\/wp-content\/uploads\/2025\/05\/Rass-Inter.png\",\"datePublished\":\"2018-12-16T14:50:00+00:00\",\"dateModified\":\"2025-09-14T19:05:27+00:00\",\"breadcrumb\":{\"@id\":\"https:\/\/centcols.org\/rassemblement-international-col-de-la-crenee-vosges-le-27-juillet-2019\/#breadcrumb\"},\"inLanguage\":\"en-GB\",\"potentialAction\":[{\"@type\":\"ReadAction\",\"target\":[\"https:\/\/centcols.org\/rassemblement-international-col-de-la-crenee-vosges-le-27-juillet-2019\/\"]}]},{\"@type\":\"ImageObject\",\"inLanguage\":\"en-GB\",\"@id\":\"https:\/\/centcols.org\/rassemblement-international-col-de-la-crenee-vosges-le-27-juillet-2019\/#primaryimage\",\"url\":\"https:\/\/centcols.org\/wp-content\/uploads\/2025\/05\/Rass-Inter.png\",\"contentUrl\":\"https:\/\/centcols.org\/wp-content\/uploads\/2025\/05\/Rass-Inter.png\",\"width\":807,\"height\":602},{\"@type\":\"BreadcrumbList\",\"@id\":\"https:\/\/centcols.org\/rassemblement-international-col-de-la-crenee-vosges-le-27-juillet-2019\/#breadcrumb\",\"itemListElement\":[{\"@type\":\"ListItem\",\"position\":1,\"name\":\"Accueil\",\"item\":\"https:\/\/centcols.org\/\"},{\"@type\":\"ListItem\",\"position\":2,\"name\":\"Calendrier\",\"item\":\"https:\/\/centcols.org\/rubrique\/calendrier\/\"},{\"@type\":\"ListItem\",\"position\":3,\"name\":\"Rassemblement international, Col de la Cren\u00e9e (Vosges) le 27 juillet 2019\"}]},{\"@type\":\"WebSite\",\"@id\":\"https:\/\/centcols.org\/#website\",\"url\":\"https:\/\/centcols.org\/\",\"name\":\"Club des Cent Cols\",\"description\":\"\",\"publisher\":{\"@id\":\"https:\/\/centcols.org\/#organization\"},\"potentialAction\":[{\"@type\":\"SearchAction\",\"target\":{\"@type\":\"EntryPoint\",\"urlTemplate\":\"https:\/\/centcols.org\/?s={search_term_string}\"},\"query-input\":{\"@type\":\"PropertyValueSpecification\",\"valueRequired\":true,\"valueName\":\"search_term_string\"}}],\"inLanguage\":\"en-GB\"},{\"@type\":\"Organization\",\"@id\":\"https:\/\/centcols.org\/#organization\",\"name\":\"Club des Cent Cols\",\"url\":\"https:\/\/centcols.org\/\",\"logo\":{\"@type\":\"ImageObject\",\"inLanguage\":\"en-GB\",\"@id\":\"https:\/\/centcols.org\/#\/schema\/logo\/image\/\",\"url\":\"https:\/\/centcols.org\/wp-content\/uploads\/2025\/01\/carte-icone.png\",\"contentUrl\":\"https:\/\/centcols.org\/wp-content\/uploads\/2025\/01\/carte-icone.png\",\"width\":250,\"height\":250,\"caption\":\"Club des Cent Cols\"},\"image\":{\"@id\":\"https:\/\/centcols.org\/#\/schema\/logo\/image\/\"},\"sameAs\":[\"https:\/\/www.facebook.com\/groups\/5261880558\/?locale=fr_FR\"]},{\"@type\":\"Person\",\"@id\":\"https:\/\/centcols.org\/#\/schema\/person\/377f00da2793c0363246869bb3a344d0\",\"name\":\"Guy Harl\u00e9\",\"image\":{\"@type\":\"ImageObject\",\"inLanguage\":\"en-GB\",\"@id\":\"https:\/\/centcols.org\/wp-content\/litespeed\/avatar\/94c4de37e46cf090f296d42ab3e8d6a6.jpg?ver=1777238144\",\"url\":\"https:\/\/centcols.org\/wp-content\/litespeed\/avatar\/94c4de37e46cf090f296d42ab3e8d6a6.jpg?ver=1777238144\",\"contentUrl\":\"https:\/\/centcols.org\/wp-content\/litespeed\/avatar\/94c4de37e46cf090f296d42ab3e8d6a6.jpg?ver=1777238144\",\"caption\":\"Guy Harl\u00e9\"},\"url\":\"https:\/\/centcols.org\/en\/author\/5193\/\"}]}<\/script>\n<!-- \/ Yoast SEO plugin. -->","yoast_head_json":{"title":"International meeting, Col de la Cren\u00e9e (Vosges) on 27 July 2019 - Club des Cent Cols","robots":{"index":"index","follow":"follow","max-snippet":"max-snippet:-1","max-image-preview":"max-image-preview:large","max-video-preview":"max-video-preview:-1"},"canonical":"https:\/\/centcols.org\/en\/col-de-la-crenee-vosges-international-rally-on-27-july-2019\/","og_locale":"en_GB","og_type":"article","og_title":"Rassemblement international, Col de la Cren\u00e9e (Vosges) le 27 juillet 2019 - Club des Cent Cols","og_description":"Le rassemblement international se tiendra en fin de s\u00e9jour d&rsquo;\u00e9t\u00e9 \u00e0 Saint-Di\u00e9-des-Vosges Des pr\u00e9cisions seront apport\u00e9es dans la rubrique \u00a0\u00bbS\u00e9jours\u00a0\u00bb : Saint-Di\u00e9-des-Vosges (20 au 27 juillet 2019) Contact Guy Harl\u00e9+33 4 50 60 67 27 &#8211; +33 6 77 11 17 03[email]guy&#46;harle&#64;gmail&#46;com[\/email]","og_url":"https:\/\/centcols.org\/en\/col-de-la-crenee-vosges-international-rally-on-27-july-2019\/","og_site_name":"Club des Cent Cols","article_publisher":"https:\/\/www.facebook.com\/groups\/5261880558\/?locale=fr_FR","article_published_time":"2018-12-16T14:50:00+00:00","article_modified_time":"2025-09-14T19:05:27+00:00","og_image":[{"width":807,"height":602,"url":"https:\/\/centcols.org\/wp-content\/uploads\/2025\/05\/Rass-Inter.png","type":"image\/png"}],"author":"Guy Harl\u00e9","twitter_card":"summary_large_image","twitter_misc":{"Written by":"Guy Harl\u00e9","Estimated reading time":"1 minute"},"schema":{"@context":"https:\/\/schema.org","@graph":[{"@type":"Article","@id":"https:\/\/centcols.org\/rassemblement-international-col-de-la-crenee-vosges-le-27-juillet-2019\/#article","isPartOf":{"@id":"https:\/\/centcols.org\/rassemblement-international-col-de-la-crenee-vosges-le-27-juillet-2019\/"},"author":{"name":"Guy Harl\u00e9","@id":"https:\/\/centcols.org\/#\/schema\/person\/377f00da2793c0363246869bb3a344d0"},"headline":"Rassemblement international, Col de la Cren\u00e9e (Vosges) le 27 juillet 2019","datePublished":"2018-12-16T14:50:00+00:00","dateModified":"2025-09-14T19:05:27+00:00","mainEntityOfPage":{"@id":"https:\/\/centcols.org\/rassemblement-international-col-de-la-crenee-vosges-le-27-juillet-2019\/"},"wordCount":49,"publisher":{"@id":"https:\/\/centcols.org\/#organization"},"image":{"@id":"https:\/\/centcols.org\/rassemblement-international-col-de-la-crenee-vosges-le-27-juillet-2019\/#primaryimage"},"thumbnailUrl":"https:\/\/centcols.org\/wp-content\/uploads\/2025\/05\/Rass-Inter.png","articleSection":["2019-rassemblements","Calendrier","Rencontres r\u00e9gionales"],"inLanguage":"en-GB"},{"@type":"WebPage","@id":"https:\/\/centcols.org\/rassemblement-international-col-de-la-crenee-vosges-le-27-juillet-2019\/","url":"https:\/\/centcols.org\/rassemblement-international-col-de-la-crenee-vosges-le-27-juillet-2019\/","name":"International meeting, Col de la Cren\u00e9e (Vosges) on 27 July 2019 - Club des Cent Cols","isPartOf":{"@id":"https:\/\/centcols.org\/#website"},"primaryImageOfPage":{"@id":"https:\/\/centcols.org\/rassemblement-international-col-de-la-crenee-vosges-le-27-juillet-2019\/#primaryimage"},"image":{"@id":"https:\/\/centcols.org\/rassemblement-international-col-de-la-crenee-vosges-le-27-juillet-2019\/#primaryimage"},"thumbnailUrl":"https:\/\/centcols.org\/wp-content\/uploads\/2025\/05\/Rass-Inter.png","datePublished":"2018-12-16T14:50:00+00:00","dateModified":"2025-09-14T19:05:27+00:00","breadcrumb":{"@id":"https:\/\/centcols.org\/rassemblement-international-col-de-la-crenee-vosges-le-27-juillet-2019\/#breadcrumb"},"inLanguage":"en-GB","potentialAction":[{"@type":"ReadAction","target":["https:\/\/centcols.org\/rassemblement-international-col-de-la-crenee-vosges-le-27-juillet-2019\/"]}]},{"@type":"ImageObject","inLanguage":"en-GB","@id":"https:\/\/centcols.org\/rassemblement-international-col-de-la-crenee-vosges-le-27-juillet-2019\/#primaryimage","url":"https:\/\/centcols.org\/wp-content\/uploads\/2025\/05\/Rass-Inter.png","contentUrl":"https:\/\/centcols.org\/wp-content\/uploads\/2025\/05\/Rass-Inter.png","width":807,"height":602},{"@type":"BreadcrumbList","@id":"https:\/\/centcols.org\/rassemblement-international-col-de-la-crenee-vosges-le-27-juillet-2019\/#breadcrumb","itemListElement":[{"@type":"ListItem","position":1,"name":"Accueil","item":"https:\/\/centcols.org\/"},{"@type":"ListItem","position":2,"name":"Calendrier","item":"https:\/\/centcols.org\/rubrique\/calendrier\/"},{"@type":"ListItem","position":3,"name":"Rassemblement international, Col de la Cren\u00e9e (Vosges) le 27 juillet 2019"}]},{"@type":"WebSite","@id":"https:\/\/centcols.org\/#website","url":"https:\/\/centcols.org\/","name":"Club des Cent Cols","description":"","publisher":{"@id":"https:\/\/centcols.org\/#organization"},"potentialAction":[{"@type":"SearchAction","target":{"@type":"EntryPoint","urlTemplate":"https:\/\/centcols.org\/?s={search_term_string}"},"query-input":{"@type":"PropertyValueSpecification","valueRequired":true,"valueName":"search_term_string"}}],"inLanguage":"en-GB"},{"@type":"Organization","@id":"https:\/\/centcols.org\/#organization","name":"Club des Cent Cols","url":"https:\/\/centcols.org\/","logo":{"@type":"ImageObject","inLanguage":"en-GB","@id":"https:\/\/centcols.org\/#\/schema\/logo\/image\/","url":"https:\/\/centcols.org\/wp-content\/uploads\/2025\/01\/carte-icone.png","contentUrl":"https:\/\/centcols.org\/wp-content\/uploads\/2025\/01\/carte-icone.png","width":250,"height":250,"caption":"Club des Cent Cols"},"image":{"@id":"https:\/\/centcols.org\/#\/schema\/logo\/image\/"},"sameAs":["https:\/\/www.facebook.com\/groups\/5261880558\/?locale=fr_FR"]},{"@type":"Person","@id":"https:\/\/centcols.org\/#\/schema\/person\/377f00da2793c0363246869bb3a344d0","name":"Guy Harl\u00e9","image":{"@type":"ImageObject","inLanguage":"en-GB","@id":"https:\/\/centcols.org\/wp-content\/litespeed\/avatar\/94c4de37e46cf090f296d42ab3e8d6a6.jpg?ver=1777238144","url":"https:\/\/centcols.org\/wp-content\/litespeed\/avatar\/94c4de37e46cf090f296d42ab3e8d6a6.jpg?ver=1777238144","contentUrl":"https:\/\/centcols.org\/wp-content\/litespeed\/avatar\/94c4de37e46cf090f296d42ab3e8d6a6.jpg?ver=1777238144","caption":"Guy Harl\u00e9"},"url":"https:\/\/centcols.org\/en\/author\/5193\/"}]}},"_links":{"self":[{"href":"https:\/\/centcols.org\/en\/wp-json\/wp\/v2\/posts\/82099","targetHints":{"allow":["GET"]}}],"collection":[{"href":"https:\/\/centcols.org\/en\/wp-json\/wp\/v2\/posts"}],"about":[{"href":"https:\/\/centcols.org\/en\/wp-json\/wp\/v2\/types\/post"}],"author":[{"embeddable":true,"href":"https:\/\/centcols.org\/en\/wp-json\/wp\/v2\/users\/136"}],"replies":[{"embeddable":true,"href":"https:\/\/centcols.org\/en\/wp-json\/wp\/v2\/comments?post=82099"}],"version-history":[{"count":0,"href":"https:\/\/centcols.org\/en\/wp-json\/wp\/v2\/posts\/82099\/revisions"}],"wp:featuredmedia":[{"embeddable":true,"href":"https:\/\/centcols.org\/en\/wp-json\/wp\/v2\/media\/82100"}],"wp:attachment":[{"href":"https:\/\/centcols.org\/en\/wp-json\/wp\/v2\/media?parent=82099"}],"wp:term":[{"taxonomy":"category","embeddable":true,"href":"https:\/\/centcols.org\/en\/wp-json\/wp\/v2\/categories?post=82099"},{"taxonomy":"post_tag","embeddable":true,"href":"https:\/\/centcols.org\/en\/wp-json\/wp\/v2\/tags?post=82099"}],"curies":[{"name":"wp","href":"https:\/\/api.w.org\/{rel}","templated":true}]}}