{"id":82101,"date":"2019-01-08T20:47:51","date_gmt":"2019-01-08T18:47:51","guid":{"rendered":"https:\/\/centcols.org\/pyrenees-col-de-calzan-le-6-octobre-2019\/"},"modified":"2025-09-14T21:03:28","modified_gmt":"2025-09-14T19:03:28","slug":"pyrenees-col-de-calzan-6-october-2019","status":"publish","type":"post","link":"https:\/\/centcols.org\/en\/pyrenees-col-de-calzan-le-6-octobre-2019\/","title":{"rendered":"Pyrenees, Calzan pass on 6 October 2019"},"content":{"rendered":"\n<p>Dimanche 6 octobre 2019, Pyr\u00e9n\u00e9es<br>Col de Calzan (FR-09-0472)<\/p>\n\n\n\n<figure class=\"wp-block-image size-full\"><img loading=\"lazy\" decoding=\"async\" width=\"799\" height=\"495\" src=\"https:\/\/centcols.org\/wp-content\/uploads\/2025\/05\/Calzan.jpg\" alt=\"\" class=\"wp-image-82102\" srcset=\"https:\/\/centcols.org\/wp-content\/uploads\/2025\/05\/Calzan.jpg 799w, https:\/\/centcols.org\/wp-content\/uploads\/2025\/05\/Calzan-768x476.jpg 768w\" sizes=\"auto, (max-width: 799px) 100vw, 799px\" \/><\/figure>\n\n\n\n<h3 class=\"wp-block-heading\"><em><span style=\"color: #000000;\"><strong><a style=\"color: #000000;\" href=\"http:\/\/www.alaingillodes.fr\/concentration%20CCC-OCD\/calzan\/calzan_p.htm\" target=\"_blank\" rel=\"noopener noreferrer\">Programme de la journ\u00e9e<\/a><\/strong><\/span><\/em><\/h3>\n\n\n\n<p>Voir ici&nbsp; : <a href=\"http:\/\/www.alaingillodes.fr\/concentration%20CCC-OCD\/calzan\/calzan_p.htm\" target=\"_blank\" rel=\"noopener noreferrer\"><span style=\"color: #0000ff;\"><strong>Site d&rsquo;Alain Gillodes<\/strong><\/span><\/a><\/p>\n\n\n\n<h3 class=\"wp-block-heading\">Contact<\/h3>\n\n\n\n<p>Alain Gillodes<br>05 61 56 74 35 &#8211; 06 78 67 83 62<br>[email]&#97;&#108;&#x61;i&#110;&#x2e;&#x67;i&#108;&#x6c;&#x6f;d&#101;&#x73;&#64;&#111;&#x72;&#x61;n&#103;&#x65;&#x2e;f&#114;[\/email]<\/p>\n","protected":false},"excerpt":{"rendered":"<p>Dimanche 6 octobre 2019, Pyr\u00e9n\u00e9esCol de Calzan (FR-09-0472) Programme de la journ\u00e9e Voir ici&nbsp; : Site d&rsquo;Alain Gillodes Contact Alain Gillodes05 61 56 74 35 &#8211; 06 78 67 83 62[email]alai&#110;&#46;&#103;&#105;&#108;&#x6c;&#x6f;&#x64;&#x65;&#x73;&#x40;&#x6f;rang&#101;&#46;&#102;&#114;[\/email]<\/p>\n","protected":false},"author":136,"featured_media":82102,"comment_status":"closed","ping_status":"open","sticky":false,"template":"","format":"standard","meta":{"_acf_changed":false,"footnotes":""},"categories":[284,135,216],"tags":[],"class_list":["post-82101","post","type-post","status-publish","format-standard","has-post-thumbnail","hentry","category-les-rassemblements-de-2019","category-calendrier","category-rencontres-regionales"],"acf":[],"yoast_head":"<!-- This site is optimized with the Yoast SEO plugin v27.2 - https:\/\/yoast.com\/product\/yoast-seo-wordpress\/ -->\n<title>Pyr\u00e9n\u00e9es, col de Calzan le 6 octobre 2019 - Club des Cent Cols<\/title>\n<meta name=\"robots\" content=\"index, follow, max-snippet:-1, max-image-preview:large, max-video-preview:-1\" \/>\n<link rel=\"canonical\" href=\"https:\/\/centcols.org\/en\/pyrenees-col-de-calzan-6-october-2019\/\" \/>\n<meta property=\"og:locale\" content=\"en_GB\" \/>\n<meta property=\"og:type\" content=\"article\" \/>\n<meta property=\"og:title\" content=\"Pyr\u00e9n\u00e9es, col de Calzan le 6 octobre 2019 - Club des Cent Cols\" \/>\n<meta property=\"og:description\" content=\"Dimanche 6 octobre 2019, Pyr\u00e9n\u00e9esCol de Calzan (FR-09-0472) Programme de la journ\u00e9e Voir ici&nbsp; : Site d&rsquo;Alain Gillodes Contact Alain Gillodes05 61 56 74 35 &#8211; 06 78 67 83 62[email]&#x61;l&#x61;&#105;&#x6e;&#046;g&#x69;l&#x6c;&#111;&#x64;&#101;s&#x40;&#111;&#x72;&#097;n&#x67;e&#x2e;&#102;&#x72;[\/email]\" \/>\n<meta property=\"og:url\" content=\"https:\/\/centcols.org\/en\/pyrenees-col-de-calzan-6-october-2019\/\" \/>\n<meta property=\"og:site_name\" content=\"Club des Cent Cols\" \/>\n<meta property=\"article:publisher\" content=\"https:\/\/www.facebook.com\/groups\/5261880558\/?locale=fr_FR\" \/>\n<meta property=\"article:published_time\" content=\"2019-01-08T18:47:51+00:00\" \/>\n<meta property=\"article:modified_time\" content=\"2025-09-14T19:03:28+00:00\" \/>\n<meta property=\"og:image\" content=\"https:\/\/centcols.org\/wp-content\/uploads\/2025\/05\/Calzan.jpg\" \/>\n\t<meta property=\"og:image:width\" content=\"799\" \/>\n\t<meta property=\"og:image:height\" content=\"495\" \/>\n\t<meta property=\"og:image:type\" content=\"image\/jpeg\" \/>\n<meta name=\"author\" content=\"Guy Harl\u00e9\" \/>\n<meta name=\"twitter:card\" content=\"summary_large_image\" \/>\n<meta name=\"twitter:label1\" content=\"Written by\" \/>\n\t<meta name=\"twitter:data1\" content=\"Guy Harl\u00e9\" \/>\n\t<meta name=\"twitter:label2\" content=\"Estimated reading time\" \/>\n\t<meta name=\"twitter:data2\" content=\"1 minute\" \/>\n<script type=\"application\/ld+json\" class=\"yoast-schema-graph\">{\"@context\":\"https:\/\/schema.org\",\"@graph\":[{\"@type\":\"Article\",\"@id\":\"https:\/\/centcols.org\/pyrenees-col-de-calzan-le-6-octobre-2019\/#article\",\"isPartOf\":{\"@id\":\"https:\/\/centcols.org\/pyrenees-col-de-calzan-le-6-octobre-2019\/\"},\"author\":{\"name\":\"Guy Harl\u00e9\",\"@id\":\"https:\/\/centcols.org\/#\/schema\/person\/377f00da2793c0363246869bb3a344d0\"},\"headline\":\"Pyr\u00e9n\u00e9es, col de Calzan le 6 octobre 2019\",\"datePublished\":\"2019-01-08T18:47:51+00:00\",\"dateModified\":\"2025-09-14T19:03:28+00:00\",\"mainEntityOfPage\":{\"@id\":\"https:\/\/centcols.org\/pyrenees-col-de-calzan-le-6-octobre-2019\/\"},\"wordCount\":39,\"publisher\":{\"@id\":\"https:\/\/centcols.org\/#organization\"},\"image\":{\"@id\":\"https:\/\/centcols.org\/pyrenees-col-de-calzan-le-6-octobre-2019\/#primaryimage\"},\"thumbnailUrl\":\"https:\/\/centcols.org\/wp-content\/uploads\/2025\/05\/Calzan.jpg\",\"articleSection\":[\"2019-rassemblements\",\"Calendrier\",\"Rencontres r\u00e9gionales\"],\"inLanguage\":\"en-GB\"},{\"@type\":\"WebPage\",\"@id\":\"https:\/\/centcols.org\/pyrenees-col-de-calzan-le-6-octobre-2019\/\",\"url\":\"https:\/\/centcols.org\/pyrenees-col-de-calzan-le-6-octobre-2019\/\",\"name\":\"Pyr\u00e9n\u00e9es, col de Calzan le 6 octobre 2019 - Club des Cent Cols\",\"isPartOf\":{\"@id\":\"https:\/\/centcols.org\/#website\"},\"primaryImageOfPage\":{\"@id\":\"https:\/\/centcols.org\/pyrenees-col-de-calzan-le-6-octobre-2019\/#primaryimage\"},\"image\":{\"@id\":\"https:\/\/centcols.org\/pyrenees-col-de-calzan-le-6-octobre-2019\/#primaryimage\"},\"thumbnailUrl\":\"https:\/\/centcols.org\/wp-content\/uploads\/2025\/05\/Calzan.jpg\",\"datePublished\":\"2019-01-08T18:47:51+00:00\",\"dateModified\":\"2025-09-14T19:03:28+00:00\",\"breadcrumb\":{\"@id\":\"https:\/\/centcols.org\/pyrenees-col-de-calzan-le-6-octobre-2019\/#breadcrumb\"},\"inLanguage\":\"en-GB\",\"potentialAction\":[{\"@type\":\"ReadAction\",\"target\":[\"https:\/\/centcols.org\/pyrenees-col-de-calzan-le-6-octobre-2019\/\"]}]},{\"@type\":\"ImageObject\",\"inLanguage\":\"en-GB\",\"@id\":\"https:\/\/centcols.org\/pyrenees-col-de-calzan-le-6-octobre-2019\/#primaryimage\",\"url\":\"https:\/\/centcols.org\/wp-content\/uploads\/2025\/05\/Calzan.jpg\",\"contentUrl\":\"https:\/\/centcols.org\/wp-content\/uploads\/2025\/05\/Calzan.jpg\",\"width\":799,\"height\":495},{\"@type\":\"BreadcrumbList\",\"@id\":\"https:\/\/centcols.org\/pyrenees-col-de-calzan-le-6-octobre-2019\/#breadcrumb\",\"itemListElement\":[{\"@type\":\"ListItem\",\"position\":1,\"name\":\"Accueil\",\"item\":\"https:\/\/centcols.org\/\"},{\"@type\":\"ListItem\",\"position\":2,\"name\":\"Calendrier\",\"item\":\"https:\/\/centcols.org\/rubrique\/calendrier\/\"},{\"@type\":\"ListItem\",\"position\":3,\"name\":\"Pyr\u00e9n\u00e9es, col de Calzan le 6 octobre 2019\"}]},{\"@type\":\"WebSite\",\"@id\":\"https:\/\/centcols.org\/#website\",\"url\":\"https:\/\/centcols.org\/\",\"name\":\"Club des Cent Cols\",\"description\":\"\",\"publisher\":{\"@id\":\"https:\/\/centcols.org\/#organization\"},\"potentialAction\":[{\"@type\":\"SearchAction\",\"target\":{\"@type\":\"EntryPoint\",\"urlTemplate\":\"https:\/\/centcols.org\/?s={search_term_string}\"},\"query-input\":{\"@type\":\"PropertyValueSpecification\",\"valueRequired\":true,\"valueName\":\"search_term_string\"}}],\"inLanguage\":\"en-GB\"},{\"@type\":\"Organization\",\"@id\":\"https:\/\/centcols.org\/#organization\",\"name\":\"Club des Cent Cols\",\"url\":\"https:\/\/centcols.org\/\",\"logo\":{\"@type\":\"ImageObject\",\"inLanguage\":\"en-GB\",\"@id\":\"https:\/\/centcols.org\/#\/schema\/logo\/image\/\",\"url\":\"https:\/\/centcols.org\/wp-content\/uploads\/2025\/01\/carte-icone.png\",\"contentUrl\":\"https:\/\/centcols.org\/wp-content\/uploads\/2025\/01\/carte-icone.png\",\"width\":250,\"height\":250,\"caption\":\"Club des Cent Cols\"},\"image\":{\"@id\":\"https:\/\/centcols.org\/#\/schema\/logo\/image\/\"},\"sameAs\":[\"https:\/\/www.facebook.com\/groups\/5261880558\/?locale=fr_FR\"]},{\"@type\":\"Person\",\"@id\":\"https:\/\/centcols.org\/#\/schema\/person\/377f00da2793c0363246869bb3a344d0\",\"name\":\"Guy Harl\u00e9\",\"image\":{\"@type\":\"ImageObject\",\"inLanguage\":\"en-GB\",\"@id\":\"https:\/\/centcols.org\/wp-content\/litespeed\/avatar\/94c4de37e46cf090f296d42ab3e8d6a6.jpg?ver=1777238144\",\"url\":\"https:\/\/centcols.org\/wp-content\/litespeed\/avatar\/94c4de37e46cf090f296d42ab3e8d6a6.jpg?ver=1777238144\",\"contentUrl\":\"https:\/\/centcols.org\/wp-content\/litespeed\/avatar\/94c4de37e46cf090f296d42ab3e8d6a6.jpg?ver=1777238144\",\"caption\":\"Guy Harl\u00e9\"},\"url\":\"https:\/\/centcols.org\/en\/author\/5193\/\"}]}<\/script>\n<!-- \/ Yoast SEO plugin. -->","yoast_head_json":{"title":"Pyrenees, Calzan pass on 6 October 2019 - Club des Cent Cols","robots":{"index":"index","follow":"follow","max-snippet":"max-snippet:-1","max-image-preview":"max-image-preview:large","max-video-preview":"max-video-preview:-1"},"canonical":"https:\/\/centcols.org\/en\/pyrenees-col-de-calzan-6-october-2019\/","og_locale":"en_GB","og_type":"article","og_title":"Pyr\u00e9n\u00e9es, col de Calzan le 6 octobre 2019 - Club des Cent Cols","og_description":"Dimanche 6 octobre 2019, Pyr\u00e9n\u00e9esCol de Calzan (FR-09-0472) Programme de la journ\u00e9e Voir ici&nbsp; : Site d&rsquo;Alain Gillodes Contact Alain Gillodes05 61 56 74 35 &#8211; 06 78 67 83 62[email]&#x61;l&#x61;&#105;&#x6e;&#46;g&#x69;l&#x6c;&#111;&#x64;&#101;s&#x40;&#111;&#x72;&#97;n&#x67;e&#x2e;&#102;&#x72;[\/email]","og_url":"https:\/\/centcols.org\/en\/pyrenees-col-de-calzan-6-october-2019\/","og_site_name":"Club des Cent Cols","article_publisher":"https:\/\/www.facebook.com\/groups\/5261880558\/?locale=fr_FR","article_published_time":"2019-01-08T18:47:51+00:00","article_modified_time":"2025-09-14T19:03:28+00:00","og_image":[{"width":799,"height":495,"url":"https:\/\/centcols.org\/wp-content\/uploads\/2025\/05\/Calzan.jpg","type":"image\/jpeg"}],"author":"Guy Harl\u00e9","twitter_card":"summary_large_image","twitter_misc":{"Written by":"Guy Harl\u00e9","Estimated reading time":"1 minute"},"schema":{"@context":"https:\/\/schema.org","@graph":[{"@type":"Article","@id":"https:\/\/centcols.org\/pyrenees-col-de-calzan-le-6-octobre-2019\/#article","isPartOf":{"@id":"https:\/\/centcols.org\/pyrenees-col-de-calzan-le-6-octobre-2019\/"},"author":{"name":"Guy Harl\u00e9","@id":"https:\/\/centcols.org\/#\/schema\/person\/377f00da2793c0363246869bb3a344d0"},"headline":"Pyr\u00e9n\u00e9es, col de Calzan le 6 octobre 2019","datePublished":"2019-01-08T18:47:51+00:00","dateModified":"2025-09-14T19:03:28+00:00","mainEntityOfPage":{"@id":"https:\/\/centcols.org\/pyrenees-col-de-calzan-le-6-octobre-2019\/"},"wordCount":39,"publisher":{"@id":"https:\/\/centcols.org\/#organization"},"image":{"@id":"https:\/\/centcols.org\/pyrenees-col-de-calzan-le-6-octobre-2019\/#primaryimage"},"thumbnailUrl":"https:\/\/centcols.org\/wp-content\/uploads\/2025\/05\/Calzan.jpg","articleSection":["2019-rassemblements","Calendrier","Rencontres r\u00e9gionales"],"inLanguage":"en-GB"},{"@type":"WebPage","@id":"https:\/\/centcols.org\/pyrenees-col-de-calzan-le-6-octobre-2019\/","url":"https:\/\/centcols.org\/pyrenees-col-de-calzan-le-6-octobre-2019\/","name":"Pyrenees, Calzan pass on 6 October 2019 - Club des Cent Cols","isPartOf":{"@id":"https:\/\/centcols.org\/#website"},"primaryImageOfPage":{"@id":"https:\/\/centcols.org\/pyrenees-col-de-calzan-le-6-octobre-2019\/#primaryimage"},"image":{"@id":"https:\/\/centcols.org\/pyrenees-col-de-calzan-le-6-octobre-2019\/#primaryimage"},"thumbnailUrl":"https:\/\/centcols.org\/wp-content\/uploads\/2025\/05\/Calzan.jpg","datePublished":"2019-01-08T18:47:51+00:00","dateModified":"2025-09-14T19:03:28+00:00","breadcrumb":{"@id":"https:\/\/centcols.org\/pyrenees-col-de-calzan-le-6-octobre-2019\/#breadcrumb"},"inLanguage":"en-GB","potentialAction":[{"@type":"ReadAction","target":["https:\/\/centcols.org\/pyrenees-col-de-calzan-le-6-octobre-2019\/"]}]},{"@type":"ImageObject","inLanguage":"en-GB","@id":"https:\/\/centcols.org\/pyrenees-col-de-calzan-le-6-octobre-2019\/#primaryimage","url":"https:\/\/centcols.org\/wp-content\/uploads\/2025\/05\/Calzan.jpg","contentUrl":"https:\/\/centcols.org\/wp-content\/uploads\/2025\/05\/Calzan.jpg","width":799,"height":495},{"@type":"BreadcrumbList","@id":"https:\/\/centcols.org\/pyrenees-col-de-calzan-le-6-octobre-2019\/#breadcrumb","itemListElement":[{"@type":"ListItem","position":1,"name":"Accueil","item":"https:\/\/centcols.org\/"},{"@type":"ListItem","position":2,"name":"Calendrier","item":"https:\/\/centcols.org\/rubrique\/calendrier\/"},{"@type":"ListItem","position":3,"name":"Pyr\u00e9n\u00e9es, col de Calzan le 6 octobre 2019"}]},{"@type":"WebSite","@id":"https:\/\/centcols.org\/#website","url":"https:\/\/centcols.org\/","name":"Club des Cent Cols","description":"","publisher":{"@id":"https:\/\/centcols.org\/#organization"},"potentialAction":[{"@type":"SearchAction","target":{"@type":"EntryPoint","urlTemplate":"https:\/\/centcols.org\/?s={search_term_string}"},"query-input":{"@type":"PropertyValueSpecification","valueRequired":true,"valueName":"search_term_string"}}],"inLanguage":"en-GB"},{"@type":"Organization","@id":"https:\/\/centcols.org\/#organization","name":"Club des Cent Cols","url":"https:\/\/centcols.org\/","logo":{"@type":"ImageObject","inLanguage":"en-GB","@id":"https:\/\/centcols.org\/#\/schema\/logo\/image\/","url":"https:\/\/centcols.org\/wp-content\/uploads\/2025\/01\/carte-icone.png","contentUrl":"https:\/\/centcols.org\/wp-content\/uploads\/2025\/01\/carte-icone.png","width":250,"height":250,"caption":"Club des Cent Cols"},"image":{"@id":"https:\/\/centcols.org\/#\/schema\/logo\/image\/"},"sameAs":["https:\/\/www.facebook.com\/groups\/5261880558\/?locale=fr_FR"]},{"@type":"Person","@id":"https:\/\/centcols.org\/#\/schema\/person\/377f00da2793c0363246869bb3a344d0","name":"Guy Harl\u00e9","image":{"@type":"ImageObject","inLanguage":"en-GB","@id":"https:\/\/centcols.org\/wp-content\/litespeed\/avatar\/94c4de37e46cf090f296d42ab3e8d6a6.jpg?ver=1777238144","url":"https:\/\/centcols.org\/wp-content\/litespeed\/avatar\/94c4de37e46cf090f296d42ab3e8d6a6.jpg?ver=1777238144","contentUrl":"https:\/\/centcols.org\/wp-content\/litespeed\/avatar\/94c4de37e46cf090f296d42ab3e8d6a6.jpg?ver=1777238144","caption":"Guy Harl\u00e9"},"url":"https:\/\/centcols.org\/en\/author\/5193\/"}]}},"_links":{"self":[{"href":"https:\/\/centcols.org\/en\/wp-json\/wp\/v2\/posts\/82101","targetHints":{"allow":["GET"]}}],"collection":[{"href":"https:\/\/centcols.org\/en\/wp-json\/wp\/v2\/posts"}],"about":[{"href":"https:\/\/centcols.org\/en\/wp-json\/wp\/v2\/types\/post"}],"author":[{"embeddable":true,"href":"https:\/\/centcols.org\/en\/wp-json\/wp\/v2\/users\/136"}],"replies":[{"embeddable":true,"href":"https:\/\/centcols.org\/en\/wp-json\/wp\/v2\/comments?post=82101"}],"version-history":[{"count":0,"href":"https:\/\/centcols.org\/en\/wp-json\/wp\/v2\/posts\/82101\/revisions"}],"wp:featuredmedia":[{"embeddable":true,"href":"https:\/\/centcols.org\/en\/wp-json\/wp\/v2\/media\/82102"}],"wp:attachment":[{"href":"https:\/\/centcols.org\/en\/wp-json\/wp\/v2\/media?parent=82101"}],"wp:term":[{"taxonomy":"category","embeddable":true,"href":"https:\/\/centcols.org\/en\/wp-json\/wp\/v2\/categories?post=82101"},{"taxonomy":"post_tag","embeddable":true,"href":"https:\/\/centcols.org\/en\/wp-json\/wp\/v2\/tags?post=82101"}],"curies":[{"name":"wp","href":"https:\/\/api.w.org\/{rel}","templated":true}]}}