{"id":82103,"date":"2018-12-16T17:10:09","date_gmt":"2018-12-16T15:10:09","guid":{"rendered":"https:\/\/centcols.org\/vosges-col-du-petit-ballon-24-aout-2019\/"},"modified":"2025-09-09T15:25:19","modified_gmt":"2025-09-09T13:25:19","slug":"vosges-col-du-petit-ballon-24-august-2019","status":"publish","type":"post","link":"https:\/\/centcols.org\/en\/vosges-col-du-petit-ballon-24-aout-2019\/","title":{"rendered":"Vosges Col du Petit Ballon, 24 August 2019"},"content":{"rendered":"\n<p>Samedi 24 ao\u00fbt 2019, Vosges<br>Col du Petit Ballon<\/p>\n\n\n<div class=\"wp-block-image\">\n<figure class=\"alignleft size-full\"><img loading=\"lazy\" decoding=\"async\" width=\"280\" height=\"210\" src=\"https:\/\/centcols.org\/wp-content\/uploads\/2018\/12\/petit_ballon-vue-hohneck.jpg\" alt=\"\" class=\"wp-image-89430\" srcset=\"https:\/\/centcols.org\/wp-content\/uploads\/2018\/12\/petit_ballon-vue-hohneck.jpg 280w, https:\/\/centcols.org\/wp-content\/uploads\/2018\/12\/petit_ballon-vue-hohneck-16x12.jpg 16w\" sizes=\"auto, (max-width: 280px) 100vw, 280px\" \/><figcaption class=\"wp-element-caption\">Petit Ballon vu du Hohneck<\/figcaption><\/figure>\n<\/div>\n\n\n<p>Ars\u00e8ne et Jean-Christophe vous donnent rendez-vous \u00e0 9 h 30 devant la gare de Munster (altitude 400 m) pour aller \u00e0 la d\u00e9couverte de 2 nouveaux cols r\u00e9cemment homologu\u00e9s :<br>&#8211; Le col du Petit Ballon (FR-68-1163) et le col du Strohberg (FR-68-1155) 1 km plus loin<br>Ces deux cols sont accessibles pour le routiers comme pour les V\u00e9t\u00e9tistes<\/p>\n\n\n\n<p>A midi, nous partagerons le pain et le fromage traditionnels suivi du repas tir\u00e9 du sac<br>Il y aura possibilit\u00e9 de se restaurer \u00e0 la ferme auberge du Rothenbrunnen situ\u00e9 \u00e0 300 m<\/p>\n\n\n\n<p>Dans l&rsquo;apr\u00e8s-midi, vous aurez la possibilit\u00e9 d&rsquo;aller au col de Boenlesgrab (FR-68-0865) ou du col du Hilsenfirst (FR-68-1121) et bien d&rsquo;autres cols des alentours<\/p>\n\n\n\n<p>&nbsp;<\/p>\n\n\n<div class=\"wp-block-image\">\n<figure class=\"aligncenter size-full is-resized\"><img loading=\"lazy\" decoding=\"async\" width=\"1200\" height=\"900\" src=\"https:\/\/centcols.org\/wp-content\/uploads\/2018\/12\/Rothenbrunnen.jpg\" alt=\"\" class=\"wp-image-89431\" style=\"width:800px\" srcset=\"https:\/\/centcols.org\/wp-content\/uploads\/2018\/12\/Rothenbrunnen.jpg 1200w, https:\/\/centcols.org\/wp-content\/uploads\/2018\/12\/Rothenbrunnen-768x576.jpg 768w, https:\/\/centcols.org\/wp-content\/uploads\/2018\/12\/Rothenbrunnen-16x12.jpg 16w\" sizes=\"auto, (max-width: 1200px) 100vw, 1200px\" \/><figcaption class=\"wp-element-caption\">Ferme auberge de Rothenbrunnen<\/figcaption><\/figure>\n<\/div>\n\n\n<h3 class=\"wp-block-heading\">Circuits<\/h3>\n\n\n\n<p>Circuits route et VTT : <a href=\"https:\/\/centcols.org\/wp-content\/uploads\/2025\/09\/circuits.zip\" target=\"_blank\" rel=\"noreferrer noopener\">Fichier \u00e0 d\u00e9zipper<\/a><\/p>\n\n\n\n<h3 class=\"wp-block-heading\">Contact<\/h3>\n\n\n\n<p>Ars\u00e8ne Bickel<br>03 87 95 30 90<br>[email]&#x62;&#99;y&#x63;&#x6c;&#111;&#46;&#x61;&#x70;&#105;s&#x40;&#x6f;&#114;a&#x6e;&#x67;&#101;&#46;&#x66;&#114;[\/email]<\/p>\n","protected":false},"excerpt":{"rendered":"<p>Samedi 24 ao\u00fbt 2019, VosgesCol du Petit Ballon Ars\u00e8ne et Jean-Christophe vous donnent rendez-vous \u00e0 9 h 30 devant la gare de Munster (altitude 400 m) pour aller \u00e0 la d\u00e9couverte de 2 nouveaux cols r\u00e9cemment homologu\u00e9s :&#8211; Le col du Petit Ballon (FR-68-1163) et le col du Strohberg (FR-68-1155) 1 km plus loinCes deux [&hellip;]<\/p>\n","protected":false},"author":136,"featured_media":82104,"comment_status":"closed","ping_status":"closed","sticky":false,"template":"","format":"standard","meta":{"_acf_changed":false,"footnotes":""},"categories":[284,135,216],"tags":[],"class_list":["post-82103","post","type-post","status-publish","format-standard","has-post-thumbnail","hentry","category-les-rassemblements-de-2019","category-calendrier","category-rencontres-regionales"],"acf":[],"yoast_head":"<!-- This site is optimized with the Yoast SEO plugin v27.2 - https:\/\/yoast.com\/product\/yoast-seo-wordpress\/ -->\n<title>Vosges col du Petit Ballon, 24 ao\u00fbt 2019 - Club des Cent Cols<\/title>\n<meta name=\"robots\" content=\"index, follow, max-snippet:-1, max-image-preview:large, max-video-preview:-1\" \/>\n<link rel=\"canonical\" href=\"https:\/\/centcols.org\/en\/vosges-col-du-petit-ballon-24-august-2019\/\" \/>\n<meta property=\"og:locale\" content=\"en_GB\" \/>\n<meta property=\"og:type\" content=\"article\" \/>\n<meta property=\"og:title\" content=\"Vosges col du Petit Ballon, 24 ao\u00fbt 2019 - Club des Cent Cols\" \/>\n<meta property=\"og:description\" content=\"Samedi 24 ao\u00fbt 2019, VosgesCol du Petit Ballon Ars\u00e8ne et Jean-Christophe vous donnent rendez-vous \u00e0 9 h 30 devant la gare de Munster (altitude 400 m) pour aller \u00e0 la d\u00e9couverte de 2 nouveaux cols r\u00e9cemment homologu\u00e9s :&#8211; Le col du Petit Ballon (FR-68-1163) et le col du Strohberg (FR-68-1155) 1 km plus loinCes deux [&hellip;]\" \/>\n<meta property=\"og:url\" content=\"https:\/\/centcols.org\/en\/vosges-col-du-petit-ballon-24-august-2019\/\" \/>\n<meta property=\"og:site_name\" content=\"Club des Cent Cols\" \/>\n<meta property=\"article:publisher\" content=\"https:\/\/www.facebook.com\/groups\/5261880558\/?locale=fr_FR\" \/>\n<meta property=\"article:published_time\" content=\"2018-12-16T15:10:09+00:00\" \/>\n<meta property=\"article:modified_time\" content=\"2025-09-09T13:25:19+00:00\" \/>\n<meta property=\"og:image\" content=\"https:\/\/centcols.org\/wp-content\/uploads\/2025\/05\/petit_ballon-vue-hohneck-1.jpg\" \/>\n\t<meta property=\"og:image:width\" content=\"280\" \/>\n\t<meta property=\"og:image:height\" content=\"210\" \/>\n\t<meta property=\"og:image:type\" content=\"image\/jpeg\" \/>\n<meta name=\"author\" content=\"Guy Harl\u00e9\" \/>\n<meta name=\"twitter:card\" content=\"summary_large_image\" \/>\n<meta name=\"twitter:label1\" content=\"Written by\" \/>\n\t<meta name=\"twitter:data1\" content=\"Guy Harl\u00e9\" \/>\n\t<meta name=\"twitter:label2\" content=\"Estimated reading time\" \/>\n\t<meta name=\"twitter:data2\" content=\"2 minutes\" \/>\n<script type=\"application\/ld+json\" class=\"yoast-schema-graph\">{\"@context\":\"https:\/\/schema.org\",\"@graph\":[{\"@type\":\"Article\",\"@id\":\"https:\/\/centcols.org\/vosges-col-du-petit-ballon-24-aout-2019\/#article\",\"isPartOf\":{\"@id\":\"https:\/\/centcols.org\/vosges-col-du-petit-ballon-24-aout-2019\/\"},\"author\":{\"name\":\"Guy Harl\u00e9\",\"@id\":\"https:\/\/centcols.org\/#\/schema\/person\/377f00da2793c0363246869bb3a344d0\"},\"headline\":\"Vosges col du Petit Ballon, 24 ao\u00fbt 2019\",\"datePublished\":\"2018-12-16T15:10:09+00:00\",\"dateModified\":\"2025-09-09T13:25:19+00:00\",\"mainEntityOfPage\":{\"@id\":\"https:\/\/centcols.org\/vosges-col-du-petit-ballon-24-aout-2019\/\"},\"wordCount\":159,\"publisher\":{\"@id\":\"https:\/\/centcols.org\/#organization\"},\"image\":{\"@id\":\"https:\/\/centcols.org\/vosges-col-du-petit-ballon-24-aout-2019\/#primaryimage\"},\"thumbnailUrl\":\"https:\/\/centcols.org\/wp-content\/uploads\/2025\/05\/petit_ballon-vue-hohneck-1.jpg\",\"articleSection\":[\"2019-rassemblements\",\"Calendrier\",\"Rencontres r\u00e9gionales\"],\"inLanguage\":\"en-GB\"},{\"@type\":\"WebPage\",\"@id\":\"https:\/\/centcols.org\/vosges-col-du-petit-ballon-24-aout-2019\/\",\"url\":\"https:\/\/centcols.org\/vosges-col-du-petit-ballon-24-aout-2019\/\",\"name\":\"Vosges col du Petit Ballon, 24 ao\u00fbt 2019 - Club des Cent Cols\",\"isPartOf\":{\"@id\":\"https:\/\/centcols.org\/#website\"},\"primaryImageOfPage\":{\"@id\":\"https:\/\/centcols.org\/vosges-col-du-petit-ballon-24-aout-2019\/#primaryimage\"},\"image\":{\"@id\":\"https:\/\/centcols.org\/vosges-col-du-petit-ballon-24-aout-2019\/#primaryimage\"},\"thumbnailUrl\":\"https:\/\/centcols.org\/wp-content\/uploads\/2025\/05\/petit_ballon-vue-hohneck-1.jpg\",\"datePublished\":\"2018-12-16T15:10:09+00:00\",\"dateModified\":\"2025-09-09T13:25:19+00:00\",\"breadcrumb\":{\"@id\":\"https:\/\/centcols.org\/vosges-col-du-petit-ballon-24-aout-2019\/#breadcrumb\"},\"inLanguage\":\"en-GB\",\"potentialAction\":[{\"@type\":\"ReadAction\",\"target\":[\"https:\/\/centcols.org\/vosges-col-du-petit-ballon-24-aout-2019\/\"]}]},{\"@type\":\"ImageObject\",\"inLanguage\":\"en-GB\",\"@id\":\"https:\/\/centcols.org\/vosges-col-du-petit-ballon-24-aout-2019\/#primaryimage\",\"url\":\"https:\/\/centcols.org\/wp-content\/uploads\/2025\/05\/petit_ballon-vue-hohneck-1.jpg\",\"contentUrl\":\"https:\/\/centcols.org\/wp-content\/uploads\/2025\/05\/petit_ballon-vue-hohneck-1.jpg\",\"width\":280,\"height\":210},{\"@type\":\"BreadcrumbList\",\"@id\":\"https:\/\/centcols.org\/vosges-col-du-petit-ballon-24-aout-2019\/#breadcrumb\",\"itemListElement\":[{\"@type\":\"ListItem\",\"position\":1,\"name\":\"Accueil\",\"item\":\"https:\/\/centcols.org\/\"},{\"@type\":\"ListItem\",\"position\":2,\"name\":\"Calendrier\",\"item\":\"https:\/\/centcols.org\/rubrique\/calendrier\/\"},{\"@type\":\"ListItem\",\"position\":3,\"name\":\"Vosges col du Petit Ballon, 24 ao\u00fbt 2019\"}]},{\"@type\":\"WebSite\",\"@id\":\"https:\/\/centcols.org\/#website\",\"url\":\"https:\/\/centcols.org\/\",\"name\":\"Club des Cent Cols\",\"description\":\"\",\"publisher\":{\"@id\":\"https:\/\/centcols.org\/#organization\"},\"potentialAction\":[{\"@type\":\"SearchAction\",\"target\":{\"@type\":\"EntryPoint\",\"urlTemplate\":\"https:\/\/centcols.org\/?s={search_term_string}\"},\"query-input\":{\"@type\":\"PropertyValueSpecification\",\"valueRequired\":true,\"valueName\":\"search_term_string\"}}],\"inLanguage\":\"en-GB\"},{\"@type\":\"Organization\",\"@id\":\"https:\/\/centcols.org\/#organization\",\"name\":\"Club des Cent Cols\",\"url\":\"https:\/\/centcols.org\/\",\"logo\":{\"@type\":\"ImageObject\",\"inLanguage\":\"en-GB\",\"@id\":\"https:\/\/centcols.org\/#\/schema\/logo\/image\/\",\"url\":\"https:\/\/centcols.org\/wp-content\/uploads\/2025\/01\/carte-icone.png\",\"contentUrl\":\"https:\/\/centcols.org\/wp-content\/uploads\/2025\/01\/carte-icone.png\",\"width\":250,\"height\":250,\"caption\":\"Club des Cent Cols\"},\"image\":{\"@id\":\"https:\/\/centcols.org\/#\/schema\/logo\/image\/\"},\"sameAs\":[\"https:\/\/www.facebook.com\/groups\/5261880558\/?locale=fr_FR\"]},{\"@type\":\"Person\",\"@id\":\"https:\/\/centcols.org\/#\/schema\/person\/377f00da2793c0363246869bb3a344d0\",\"name\":\"Guy Harl\u00e9\",\"image\":{\"@type\":\"ImageObject\",\"inLanguage\":\"en-GB\",\"@id\":\"https:\/\/centcols.org\/wp-content\/litespeed\/avatar\/94c4de37e46cf090f296d42ab3e8d6a6.jpg?ver=1777238144\",\"url\":\"https:\/\/centcols.org\/wp-content\/litespeed\/avatar\/94c4de37e46cf090f296d42ab3e8d6a6.jpg?ver=1777238144\",\"contentUrl\":\"https:\/\/centcols.org\/wp-content\/litespeed\/avatar\/94c4de37e46cf090f296d42ab3e8d6a6.jpg?ver=1777238144\",\"caption\":\"Guy Harl\u00e9\"},\"url\":\"https:\/\/centcols.org\/en\/author\/5193\/\"}]}<\/script>\n<!-- \/ Yoast SEO plugin. -->","yoast_head_json":{"title":"Vosges Col du Petit Ballon, 24 August 2019 - Club des Cent Cols","robots":{"index":"index","follow":"follow","max-snippet":"max-snippet:-1","max-image-preview":"max-image-preview:large","max-video-preview":"max-video-preview:-1"},"canonical":"https:\/\/centcols.org\/en\/vosges-col-du-petit-ballon-24-august-2019\/","og_locale":"en_GB","og_type":"article","og_title":"Vosges col du Petit Ballon, 24 ao\u00fbt 2019 - Club des Cent Cols","og_description":"Samedi 24 ao\u00fbt 2019, VosgesCol du Petit Ballon Ars\u00e8ne et Jean-Christophe vous donnent rendez-vous \u00e0 9 h 30 devant la gare de Munster (altitude 400 m) pour aller \u00e0 la d\u00e9couverte de 2 nouveaux cols r\u00e9cemment homologu\u00e9s :&#8211; Le col du Petit Ballon (FR-68-1163) et le col du Strohberg (FR-68-1155) 1 km plus loinCes deux [&hellip;]","og_url":"https:\/\/centcols.org\/en\/vosges-col-du-petit-ballon-24-august-2019\/","og_site_name":"Club des Cent Cols","article_publisher":"https:\/\/www.facebook.com\/groups\/5261880558\/?locale=fr_FR","article_published_time":"2018-12-16T15:10:09+00:00","article_modified_time":"2025-09-09T13:25:19+00:00","og_image":[{"width":280,"height":210,"url":"https:\/\/centcols.org\/wp-content\/uploads\/2025\/05\/petit_ballon-vue-hohneck-1.jpg","type":"image\/jpeg"}],"author":"Guy Harl\u00e9","twitter_card":"summary_large_image","twitter_misc":{"Written by":"Guy Harl\u00e9","Estimated reading time":"2 minutes"},"schema":{"@context":"https:\/\/schema.org","@graph":[{"@type":"Article","@id":"https:\/\/centcols.org\/vosges-col-du-petit-ballon-24-aout-2019\/#article","isPartOf":{"@id":"https:\/\/centcols.org\/vosges-col-du-petit-ballon-24-aout-2019\/"},"author":{"name":"Guy Harl\u00e9","@id":"https:\/\/centcols.org\/#\/schema\/person\/377f00da2793c0363246869bb3a344d0"},"headline":"Vosges col du Petit Ballon, 24 ao\u00fbt 2019","datePublished":"2018-12-16T15:10:09+00:00","dateModified":"2025-09-09T13:25:19+00:00","mainEntityOfPage":{"@id":"https:\/\/centcols.org\/vosges-col-du-petit-ballon-24-aout-2019\/"},"wordCount":159,"publisher":{"@id":"https:\/\/centcols.org\/#organization"},"image":{"@id":"https:\/\/centcols.org\/vosges-col-du-petit-ballon-24-aout-2019\/#primaryimage"},"thumbnailUrl":"https:\/\/centcols.org\/wp-content\/uploads\/2025\/05\/petit_ballon-vue-hohneck-1.jpg","articleSection":["2019-rassemblements","Calendrier","Rencontres r\u00e9gionales"],"inLanguage":"en-GB"},{"@type":"WebPage","@id":"https:\/\/centcols.org\/vosges-col-du-petit-ballon-24-aout-2019\/","url":"https:\/\/centcols.org\/vosges-col-du-petit-ballon-24-aout-2019\/","name":"Vosges Col du Petit Ballon, 24 August 2019 - Club des Cent Cols","isPartOf":{"@id":"https:\/\/centcols.org\/#website"},"primaryImageOfPage":{"@id":"https:\/\/centcols.org\/vosges-col-du-petit-ballon-24-aout-2019\/#primaryimage"},"image":{"@id":"https:\/\/centcols.org\/vosges-col-du-petit-ballon-24-aout-2019\/#primaryimage"},"thumbnailUrl":"https:\/\/centcols.org\/wp-content\/uploads\/2025\/05\/petit_ballon-vue-hohneck-1.jpg","datePublished":"2018-12-16T15:10:09+00:00","dateModified":"2025-09-09T13:25:19+00:00","breadcrumb":{"@id":"https:\/\/centcols.org\/vosges-col-du-petit-ballon-24-aout-2019\/#breadcrumb"},"inLanguage":"en-GB","potentialAction":[{"@type":"ReadAction","target":["https:\/\/centcols.org\/vosges-col-du-petit-ballon-24-aout-2019\/"]}]},{"@type":"ImageObject","inLanguage":"en-GB","@id":"https:\/\/centcols.org\/vosges-col-du-petit-ballon-24-aout-2019\/#primaryimage","url":"https:\/\/centcols.org\/wp-content\/uploads\/2025\/05\/petit_ballon-vue-hohneck-1.jpg","contentUrl":"https:\/\/centcols.org\/wp-content\/uploads\/2025\/05\/petit_ballon-vue-hohneck-1.jpg","width":280,"height":210},{"@type":"BreadcrumbList","@id":"https:\/\/centcols.org\/vosges-col-du-petit-ballon-24-aout-2019\/#breadcrumb","itemListElement":[{"@type":"ListItem","position":1,"name":"Accueil","item":"https:\/\/centcols.org\/"},{"@type":"ListItem","position":2,"name":"Calendrier","item":"https:\/\/centcols.org\/rubrique\/calendrier\/"},{"@type":"ListItem","position":3,"name":"Vosges col du Petit Ballon, 24 ao\u00fbt 2019"}]},{"@type":"WebSite","@id":"https:\/\/centcols.org\/#website","url":"https:\/\/centcols.org\/","name":"Club des Cent Cols","description":"","publisher":{"@id":"https:\/\/centcols.org\/#organization"},"potentialAction":[{"@type":"SearchAction","target":{"@type":"EntryPoint","urlTemplate":"https:\/\/centcols.org\/?s={search_term_string}"},"query-input":{"@type":"PropertyValueSpecification","valueRequired":true,"valueName":"search_term_string"}}],"inLanguage":"en-GB"},{"@type":"Organization","@id":"https:\/\/centcols.org\/#organization","name":"Club des Cent Cols","url":"https:\/\/centcols.org\/","logo":{"@type":"ImageObject","inLanguage":"en-GB","@id":"https:\/\/centcols.org\/#\/schema\/logo\/image\/","url":"https:\/\/centcols.org\/wp-content\/uploads\/2025\/01\/carte-icone.png","contentUrl":"https:\/\/centcols.org\/wp-content\/uploads\/2025\/01\/carte-icone.png","width":250,"height":250,"caption":"Club des Cent Cols"},"image":{"@id":"https:\/\/centcols.org\/#\/schema\/logo\/image\/"},"sameAs":["https:\/\/www.facebook.com\/groups\/5261880558\/?locale=fr_FR"]},{"@type":"Person","@id":"https:\/\/centcols.org\/#\/schema\/person\/377f00da2793c0363246869bb3a344d0","name":"Guy Harl\u00e9","image":{"@type":"ImageObject","inLanguage":"en-GB","@id":"https:\/\/centcols.org\/wp-content\/litespeed\/avatar\/94c4de37e46cf090f296d42ab3e8d6a6.jpg?ver=1777238144","url":"https:\/\/centcols.org\/wp-content\/litespeed\/avatar\/94c4de37e46cf090f296d42ab3e8d6a6.jpg?ver=1777238144","contentUrl":"https:\/\/centcols.org\/wp-content\/litespeed\/avatar\/94c4de37e46cf090f296d42ab3e8d6a6.jpg?ver=1777238144","caption":"Guy Harl\u00e9"},"url":"https:\/\/centcols.org\/en\/author\/5193\/"}]}},"_links":{"self":[{"href":"https:\/\/centcols.org\/en\/wp-json\/wp\/v2\/posts\/82103","targetHints":{"allow":["GET"]}}],"collection":[{"href":"https:\/\/centcols.org\/en\/wp-json\/wp\/v2\/posts"}],"about":[{"href":"https:\/\/centcols.org\/en\/wp-json\/wp\/v2\/types\/post"}],"author":[{"embeddable":true,"href":"https:\/\/centcols.org\/en\/wp-json\/wp\/v2\/users\/136"}],"replies":[{"embeddable":true,"href":"https:\/\/centcols.org\/en\/wp-json\/wp\/v2\/comments?post=82103"}],"version-history":[{"count":0,"href":"https:\/\/centcols.org\/en\/wp-json\/wp\/v2\/posts\/82103\/revisions"}],"wp:featuredmedia":[{"embeddable":true,"href":"https:\/\/centcols.org\/en\/wp-json\/wp\/v2\/media\/82104"}],"wp:attachment":[{"href":"https:\/\/centcols.org\/en\/wp-json\/wp\/v2\/media?parent=82103"}],"wp:term":[{"taxonomy":"category","embeddable":true,"href":"https:\/\/centcols.org\/en\/wp-json\/wp\/v2\/categories?post=82103"},{"taxonomy":"post_tag","embeddable":true,"href":"https:\/\/centcols.org\/en\/wp-json\/wp\/v2\/tags?post=82103"}],"curies":[{"name":"wp","href":"https:\/\/api.w.org\/{rel}","templated":true}]}}