{"id":82111,"date":"2018-12-16T17:11:51","date_gmt":"2018-12-16T15:11:51","guid":{"rendered":"https:\/\/centcols.org\/drome-ardeche-vaucluse-col-de-boutiere-31-aout-2019\/"},"modified":"2025-06-06T09:45:27","modified_gmt":"2025-06-06T07:45:27","slug":"drome-ardeche-vaucluse-col-de-boutiere-31-august-2019","status":"publish","type":"post","link":"https:\/\/centcols.org\/en\/drome-ardeche-vaucluse-col-de-boutiere-31-aout-2019\/","title":{"rendered":"Dr\u00f4me Ard\u00e8che Vaucluse, Bouti\u00e8re pass, 31 August 2019"},"content":{"rendered":"<p>Samedi 31 ao\u00fbt 2019, Dr\u00f4me, Ard\u00e8che, Vaucluse<br \/>\nCol de Bouti\u00e8re (FR-26-0654)<\/p>\n<div>D\u00e9part de Dieulefit \u00e0 9 h 00. Possibilit\u00e9 de parking en arrivant de La B\u00e9gude de Mazenc ou de Bourde<\/div>\n<h3>\u00a0Contact<\/h3>\n<p>Jean-Marie Gilouin<br \/>\n06 31 79 01 06<br \/>\n[email]&#x62;&#106;m&#x2e;&#99;e&#x6e;&#116;c&#x6f;&#x6c;&#115;&#x40;&#x67;&#109;a&#x69;&#108;&#46;&#x63;&#111;m[\/email]<\/p>\n","protected":false},"excerpt":{"rendered":"<p>Samedi 31 ao\u00fbt 2019, Dr\u00f4me, Ard\u00e8che, Vaucluse Col de Bouti\u00e8re (FR-26-0654) D\u00e9part de Dieulefit \u00e0 9 h 00. Possibilit\u00e9 de parking en arrivant de La B\u00e9gude de Mazenc ou de Bourde \u00a0Contact Jean-Marie Gilouin 06 31 79 01 06 [email]&#98;&#x6a;&#109;&#x2e;&#99;&#x65;n&#x74;c&#111;&#x6c;&#115;&#x40;&#103;&#x6d;a&#x69;l&#46;&#x63;&#111;&#x6d;[\/email]<\/p>\n","protected":false},"author":136,"featured_media":0,"comment_status":"closed","ping_status":"open","sticky":false,"template":"","format":"standard","meta":{"_acf_changed":false,"footnotes":""},"categories":[284,135,216],"tags":[],"class_list":["post-82111","post","type-post","status-publish","format-standard","hentry","category-les-rassemblements-de-2019","category-calendrier","category-rencontres-regionales"],"acf":[],"yoast_head":"<!-- This site is optimized with the Yoast SEO plugin v27.2 - https:\/\/yoast.com\/product\/yoast-seo-wordpress\/ -->\n<title>Dr\u00f4me Ard\u00e8che Vaucluse, col de Bouti\u00e8re, 31 ao\u00fbt 2019 - Club des Cent Cols<\/title>\n<meta name=\"robots\" content=\"index, follow, max-snippet:-1, max-image-preview:large, max-video-preview:-1\" \/>\n<link rel=\"canonical\" href=\"https:\/\/centcols.org\/en\/drome-ardeche-vaucluse-col-de-boutiere-31-august-2019\/\" \/>\n<meta property=\"og:locale\" content=\"en_GB\" \/>\n<meta property=\"og:type\" content=\"article\" \/>\n<meta property=\"og:title\" content=\"Dr\u00f4me Ard\u00e8che Vaucluse, col de Bouti\u00e8re, 31 ao\u00fbt 2019 - Club des Cent Cols\" \/>\n<meta property=\"og:description\" content=\"Samedi 31 ao\u00fbt 2019, Dr\u00f4me, Ard\u00e8che, Vaucluse Col de Bouti\u00e8re (FR-26-0654) D\u00e9part de Dieulefit \u00e0 9 h 00. Possibilit\u00e9 de parking en arrivant de La B\u00e9gude de Mazenc ou de Bourde \u00a0Contact Jean-Marie Gilouin 06 31 79 01 06 [email]&#x62;&#106;m&#x2e;&#099;e&#x6e;&#116;c&#x6f;&#x6c;&#115;&#x40;&#x67;&#109;a&#x69;&#108;&#046;&#x63;&#111;m[\/email]\" \/>\n<meta property=\"og:url\" content=\"https:\/\/centcols.org\/en\/drome-ardeche-vaucluse-col-de-boutiere-31-august-2019\/\" \/>\n<meta property=\"og:site_name\" content=\"Club des Cent Cols\" \/>\n<meta property=\"article:publisher\" content=\"https:\/\/www.facebook.com\/groups\/5261880558\/?locale=fr_FR\" \/>\n<meta property=\"article:published_time\" content=\"2018-12-16T15:11:51+00:00\" \/>\n<meta property=\"article:modified_time\" content=\"2025-06-06T07:45:27+00:00\" \/>\n<meta name=\"author\" content=\"Guy Harl\u00e9\" \/>\n<meta name=\"twitter:card\" content=\"summary_large_image\" \/>\n<meta name=\"twitter:label1\" content=\"Written by\" \/>\n\t<meta name=\"twitter:data1\" content=\"Guy Harl\u00e9\" \/>\n\t<meta name=\"twitter:label2\" content=\"Estimated reading time\" \/>\n\t<meta name=\"twitter:data2\" content=\"1 minute\" \/>\n<script type=\"application\/ld+json\" class=\"yoast-schema-graph\">{\"@context\":\"https:\/\/schema.org\",\"@graph\":[{\"@type\":\"Article\",\"@id\":\"https:\/\/centcols.org\/drome-ardeche-vaucluse-col-de-boutiere-31-aout-2019\/#article\",\"isPartOf\":{\"@id\":\"https:\/\/centcols.org\/drome-ardeche-vaucluse-col-de-boutiere-31-aout-2019\/\"},\"author\":{\"name\":\"Guy Harl\u00e9\",\"@id\":\"https:\/\/centcols.org\/#\/schema\/person\/377f00da2793c0363246869bb3a344d0\"},\"headline\":\"Dr\u00f4me Ard\u00e8che Vaucluse, col de Bouti\u00e8re, 31 ao\u00fbt 2019\",\"datePublished\":\"2018-12-16T15:11:51+00:00\",\"dateModified\":\"2025-06-06T07:45:27+00:00\",\"mainEntityOfPage\":{\"@id\":\"https:\/\/centcols.org\/drome-ardeche-vaucluse-col-de-boutiere-31-aout-2019\/\"},\"wordCount\":53,\"publisher\":{\"@id\":\"https:\/\/centcols.org\/#organization\"},\"articleSection\":[\"2019-rassemblements\",\"Calendrier\",\"Rencontres r\u00e9gionales\"],\"inLanguage\":\"en-GB\"},{\"@type\":\"WebPage\",\"@id\":\"https:\/\/centcols.org\/drome-ardeche-vaucluse-col-de-boutiere-31-aout-2019\/\",\"url\":\"https:\/\/centcols.org\/drome-ardeche-vaucluse-col-de-boutiere-31-aout-2019\/\",\"name\":\"Dr\u00f4me Ard\u00e8che Vaucluse, col de Bouti\u00e8re, 31 ao\u00fbt 2019 - Club des Cent Cols\",\"isPartOf\":{\"@id\":\"https:\/\/centcols.org\/#website\"},\"datePublished\":\"2018-12-16T15:11:51+00:00\",\"dateModified\":\"2025-06-06T07:45:27+00:00\",\"breadcrumb\":{\"@id\":\"https:\/\/centcols.org\/drome-ardeche-vaucluse-col-de-boutiere-31-aout-2019\/#breadcrumb\"},\"inLanguage\":\"en-GB\",\"potentialAction\":[{\"@type\":\"ReadAction\",\"target\":[\"https:\/\/centcols.org\/drome-ardeche-vaucluse-col-de-boutiere-31-aout-2019\/\"]}]},{\"@type\":\"BreadcrumbList\",\"@id\":\"https:\/\/centcols.org\/drome-ardeche-vaucluse-col-de-boutiere-31-aout-2019\/#breadcrumb\",\"itemListElement\":[{\"@type\":\"ListItem\",\"position\":1,\"name\":\"Accueil\",\"item\":\"https:\/\/centcols.org\/\"},{\"@type\":\"ListItem\",\"position\":2,\"name\":\"Calendrier\",\"item\":\"https:\/\/centcols.org\/rubrique\/calendrier\/\"},{\"@type\":\"ListItem\",\"position\":3,\"name\":\"Dr\u00f4me Ard\u00e8che Vaucluse, col de Bouti\u00e8re, 31 ao\u00fbt 2019\"}]},{\"@type\":\"WebSite\",\"@id\":\"https:\/\/centcols.org\/#website\",\"url\":\"https:\/\/centcols.org\/\",\"name\":\"Club des Cent Cols\",\"description\":\"\",\"publisher\":{\"@id\":\"https:\/\/centcols.org\/#organization\"},\"potentialAction\":[{\"@type\":\"SearchAction\",\"target\":{\"@type\":\"EntryPoint\",\"urlTemplate\":\"https:\/\/centcols.org\/?s={search_term_string}\"},\"query-input\":{\"@type\":\"PropertyValueSpecification\",\"valueRequired\":true,\"valueName\":\"search_term_string\"}}],\"inLanguage\":\"en-GB\"},{\"@type\":\"Organization\",\"@id\":\"https:\/\/centcols.org\/#organization\",\"name\":\"Club des Cent Cols\",\"url\":\"https:\/\/centcols.org\/\",\"logo\":{\"@type\":\"ImageObject\",\"inLanguage\":\"en-GB\",\"@id\":\"https:\/\/centcols.org\/#\/schema\/logo\/image\/\",\"url\":\"https:\/\/centcols.org\/wp-content\/uploads\/2025\/01\/carte-icone.png\",\"contentUrl\":\"https:\/\/centcols.org\/wp-content\/uploads\/2025\/01\/carte-icone.png\",\"width\":250,\"height\":250,\"caption\":\"Club des Cent Cols\"},\"image\":{\"@id\":\"https:\/\/centcols.org\/#\/schema\/logo\/image\/\"},\"sameAs\":[\"https:\/\/www.facebook.com\/groups\/5261880558\/?locale=fr_FR\"]},{\"@type\":\"Person\",\"@id\":\"https:\/\/centcols.org\/#\/schema\/person\/377f00da2793c0363246869bb3a344d0\",\"name\":\"Guy Harl\u00e9\",\"image\":{\"@type\":\"ImageObject\",\"inLanguage\":\"en-GB\",\"@id\":\"https:\/\/centcols.org\/wp-content\/litespeed\/avatar\/94c4de37e46cf090f296d42ab3e8d6a6.jpg?ver=1777238144\",\"url\":\"https:\/\/centcols.org\/wp-content\/litespeed\/avatar\/94c4de37e46cf090f296d42ab3e8d6a6.jpg?ver=1777238144\",\"contentUrl\":\"https:\/\/centcols.org\/wp-content\/litespeed\/avatar\/94c4de37e46cf090f296d42ab3e8d6a6.jpg?ver=1777238144\",\"caption\":\"Guy Harl\u00e9\"},\"url\":\"https:\/\/centcols.org\/en\/author\/5193\/\"}]}<\/script>\n<!-- \/ Yoast SEO plugin. -->","yoast_head_json":{"title":"Dr\u00f4me Ard\u00e8che Vaucluse, Bouti\u00e8re pass, 31 August 2019 - Club des Cent Cols","robots":{"index":"index","follow":"follow","max-snippet":"max-snippet:-1","max-image-preview":"max-image-preview:large","max-video-preview":"max-video-preview:-1"},"canonical":"https:\/\/centcols.org\/en\/drome-ardeche-vaucluse-col-de-boutiere-31-august-2019\/","og_locale":"en_GB","og_type":"article","og_title":"Dr\u00f4me Ard\u00e8che Vaucluse, col de Bouti\u00e8re, 31 ao\u00fbt 2019 - Club des Cent Cols","og_description":"Samedi 31 ao\u00fbt 2019, Dr\u00f4me, Ard\u00e8che, Vaucluse Col de Bouti\u00e8re (FR-26-0654) D\u00e9part de Dieulefit \u00e0 9 h 00. Possibilit\u00e9 de parking en arrivant de La B\u00e9gude de Mazenc ou de Bourde \u00a0Contact Jean-Marie Gilouin 06 31 79 01 06 [email]&#x62;&#106;m&#x2e;&#99;e&#x6e;&#116;c&#x6f;&#x6c;&#115;&#x40;&#x67;&#109;a&#x69;&#108;&#46;&#x63;&#111;m[\/email]","og_url":"https:\/\/centcols.org\/en\/drome-ardeche-vaucluse-col-de-boutiere-31-august-2019\/","og_site_name":"Club des Cent Cols","article_publisher":"https:\/\/www.facebook.com\/groups\/5261880558\/?locale=fr_FR","article_published_time":"2018-12-16T15:11:51+00:00","article_modified_time":"2025-06-06T07:45:27+00:00","author":"Guy Harl\u00e9","twitter_card":"summary_large_image","twitter_misc":{"Written by":"Guy Harl\u00e9","Estimated reading time":"1 minute"},"schema":{"@context":"https:\/\/schema.org","@graph":[{"@type":"Article","@id":"https:\/\/centcols.org\/drome-ardeche-vaucluse-col-de-boutiere-31-aout-2019\/#article","isPartOf":{"@id":"https:\/\/centcols.org\/drome-ardeche-vaucluse-col-de-boutiere-31-aout-2019\/"},"author":{"name":"Guy Harl\u00e9","@id":"https:\/\/centcols.org\/#\/schema\/person\/377f00da2793c0363246869bb3a344d0"},"headline":"Dr\u00f4me Ard\u00e8che Vaucluse, col de Bouti\u00e8re, 31 ao\u00fbt 2019","datePublished":"2018-12-16T15:11:51+00:00","dateModified":"2025-06-06T07:45:27+00:00","mainEntityOfPage":{"@id":"https:\/\/centcols.org\/drome-ardeche-vaucluse-col-de-boutiere-31-aout-2019\/"},"wordCount":53,"publisher":{"@id":"https:\/\/centcols.org\/#organization"},"articleSection":["2019-rassemblements","Calendrier","Rencontres r\u00e9gionales"],"inLanguage":"en-GB"},{"@type":"WebPage","@id":"https:\/\/centcols.org\/drome-ardeche-vaucluse-col-de-boutiere-31-aout-2019\/","url":"https:\/\/centcols.org\/drome-ardeche-vaucluse-col-de-boutiere-31-aout-2019\/","name":"Dr\u00f4me Ard\u00e8che Vaucluse, Bouti\u00e8re pass, 31 August 2019 - Club des Cent Cols","isPartOf":{"@id":"https:\/\/centcols.org\/#website"},"datePublished":"2018-12-16T15:11:51+00:00","dateModified":"2025-06-06T07:45:27+00:00","breadcrumb":{"@id":"https:\/\/centcols.org\/drome-ardeche-vaucluse-col-de-boutiere-31-aout-2019\/#breadcrumb"},"inLanguage":"en-GB","potentialAction":[{"@type":"ReadAction","target":["https:\/\/centcols.org\/drome-ardeche-vaucluse-col-de-boutiere-31-aout-2019\/"]}]},{"@type":"BreadcrumbList","@id":"https:\/\/centcols.org\/drome-ardeche-vaucluse-col-de-boutiere-31-aout-2019\/#breadcrumb","itemListElement":[{"@type":"ListItem","position":1,"name":"Accueil","item":"https:\/\/centcols.org\/"},{"@type":"ListItem","position":2,"name":"Calendrier","item":"https:\/\/centcols.org\/rubrique\/calendrier\/"},{"@type":"ListItem","position":3,"name":"Dr\u00f4me Ard\u00e8che Vaucluse, col de Bouti\u00e8re, 31 ao\u00fbt 2019"}]},{"@type":"WebSite","@id":"https:\/\/centcols.org\/#website","url":"https:\/\/centcols.org\/","name":"Club des Cent Cols","description":"","publisher":{"@id":"https:\/\/centcols.org\/#organization"},"potentialAction":[{"@type":"SearchAction","target":{"@type":"EntryPoint","urlTemplate":"https:\/\/centcols.org\/?s={search_term_string}"},"query-input":{"@type":"PropertyValueSpecification","valueRequired":true,"valueName":"search_term_string"}}],"inLanguage":"en-GB"},{"@type":"Organization","@id":"https:\/\/centcols.org\/#organization","name":"Club des Cent Cols","url":"https:\/\/centcols.org\/","logo":{"@type":"ImageObject","inLanguage":"en-GB","@id":"https:\/\/centcols.org\/#\/schema\/logo\/image\/","url":"https:\/\/centcols.org\/wp-content\/uploads\/2025\/01\/carte-icone.png","contentUrl":"https:\/\/centcols.org\/wp-content\/uploads\/2025\/01\/carte-icone.png","width":250,"height":250,"caption":"Club des Cent Cols"},"image":{"@id":"https:\/\/centcols.org\/#\/schema\/logo\/image\/"},"sameAs":["https:\/\/www.facebook.com\/groups\/5261880558\/?locale=fr_FR"]},{"@type":"Person","@id":"https:\/\/centcols.org\/#\/schema\/person\/377f00da2793c0363246869bb3a344d0","name":"Guy Harl\u00e9","image":{"@type":"ImageObject","inLanguage":"en-GB","@id":"https:\/\/centcols.org\/wp-content\/litespeed\/avatar\/94c4de37e46cf090f296d42ab3e8d6a6.jpg?ver=1777238144","url":"https:\/\/centcols.org\/wp-content\/litespeed\/avatar\/94c4de37e46cf090f296d42ab3e8d6a6.jpg?ver=1777238144","contentUrl":"https:\/\/centcols.org\/wp-content\/litespeed\/avatar\/94c4de37e46cf090f296d42ab3e8d6a6.jpg?ver=1777238144","caption":"Guy Harl\u00e9"},"url":"https:\/\/centcols.org\/en\/author\/5193\/"}]}},"_links":{"self":[{"href":"https:\/\/centcols.org\/en\/wp-json\/wp\/v2\/posts\/82111","targetHints":{"allow":["GET"]}}],"collection":[{"href":"https:\/\/centcols.org\/en\/wp-json\/wp\/v2\/posts"}],"about":[{"href":"https:\/\/centcols.org\/en\/wp-json\/wp\/v2\/types\/post"}],"author":[{"embeddable":true,"href":"https:\/\/centcols.org\/en\/wp-json\/wp\/v2\/users\/136"}],"replies":[{"embeddable":true,"href":"https:\/\/centcols.org\/en\/wp-json\/wp\/v2\/comments?post=82111"}],"version-history":[{"count":0,"href":"https:\/\/centcols.org\/en\/wp-json\/wp\/v2\/posts\/82111\/revisions"}],"wp:attachment":[{"href":"https:\/\/centcols.org\/en\/wp-json\/wp\/v2\/media?parent=82111"}],"wp:term":[{"taxonomy":"category","embeddable":true,"href":"https:\/\/centcols.org\/en\/wp-json\/wp\/v2\/categories?post=82111"},{"taxonomy":"post_tag","embeddable":true,"href":"https:\/\/centcols.org\/en\/wp-json\/wp\/v2\/tags?post=82111"}],"curies":[{"name":"wp","href":"https:\/\/api.w.org\/{rel}","templated":true}]}}