{"id":82135,"date":"2019-06-04T21:27:38","date_gmt":"2019-06-04T19:27:38","guid":{"rendered":"https:\/\/centcols.org\/sejour-dautomne-et-assemblee-generale-a-nant-aveyron-8-au-10-novembre-2019\/"},"modified":"2025-09-14T19:38:56","modified_gmt":"2025-09-14T17:38:56","slug":"ag-2019-nant","status":"publish","type":"post","link":"https:\/\/centcols.org\/en\/ag-2019-nant\/","title":{"rendered":"Autumn break and general meeting in Nant (Aveyron), 8 to 10 November 2019"},"content":{"rendered":"<blockquote class=\"wp-block-quote is-layout-flow wp-block-quote-is-layout-flow\">\n<p><span style=\"color: #808080;\">The following people have contributed to this page presenting the holiday: IT and holiday managers<\/span><\/p>\n<\/blockquote>\n\n\n<div class=\"wp-block-image wp-image-35493\">\n<figure class=\"aligncenter size-full\"><a href=\"https:\/\/centcols.org\/wp-content\/uploads\/2025\/05\/2018.10-Nant-vue-generale017-r.jpg\"><img loading=\"lazy\" decoding=\"async\" width=\"800\" height=\"600\" src=\"https:\/\/centcols.org\/wp-content\/uploads\/2025\/05\/2018.10-Nant-vue-generale017-r.jpg\" alt=\"\" class=\"wp-image-82139\" srcset=\"https:\/\/centcols.org\/wp-content\/uploads\/2025\/05\/2018.10-Nant-vue-generale017-r.jpg 800w, https:\/\/centcols.org\/wp-content\/uploads\/2025\/05\/2018.10-Nant-vue-generale017-r-768x576.jpg 768w\" sizes=\"auto, (max-width: 800px) 100vw, 800px\" \/><\/a><figcaption class=\"wp-element-caption\">Nant - general view (Photo Guy Cambess\u00e8d\u00e8s)<\/figcaption><\/figure>\n<\/div>\n\n\n<p><span style=\"color: #000000;\">We'll be in Nant, Aveyron, for our autumn break and the<a href=\"https:\/\/centcols.org\/en\/ag-2019-nant\/\" target=\"_blank\" rel=\"noopener noreferrer\"><strong>Annual General Meeting<\/strong><\/a> of 2019.<\/span><\/p>\n\n\n\n<h3 class=\"wp-block-heading\"><span style=\"color: #000000;\">Some elements of the programme:<\/span><\/h3>\n\n\n\n<p>A reception will be held on site on Friday from 4.30pm. Rooms will be available from 5pm.<\/p>\n\n\n\n<p>Start of Saturday's route: 8.30 am at the holiday centre<br>Start of Saturday's mountain bike trail: 8.30am in Saucli\u00e8res (meet for car pooling at 8am at the holiday centre)<br>Start of Sunday's road and mountain bike routes: 8.30 am at the holiday centre<\/p>\n\n\n\n<p>Full details of the programme are in the CCI you have received or can consult on the website.<\/p>\n\n\n\n<h3 class=\"wp-block-heading\"><span style=\"color: #000000; font-size: 1.4em;\">You will find the headings below:<\/span><\/h3>\n\n\n\n<ul class=\"wp-block-list\">\n<li><span style=\"color: #000000;\">Introduction to the region<\/span><\/li>\n\n\n\n<li><span style=\"color: #000000;\">The <a href=\"\/en\/membres\/cctours\/tours.php\/?lieu=Nant&amp;an=2019\">circuits<\/a><\/span><\/li>\n\n\n\n<li><span style=\"color: #000000;\">Hosting<\/span><\/li>\n\n\n\n<li><span style=\"color: #000000;\">Note from the Board of Directors<\/span><\/li>\n\n\n\n<li><span style=\"color: #000000;\">Registration<\/span><\/li>\n\n\n\n<li><span style=\"color: #000000;\">Annual General Meeting of the Club des Cent Cols&nbsp;<\/span><\/li>\n\n\n\n<li><span style=\"color: #000000;\">Other activities or visits<\/span><\/li>\n<\/ul>\n\n\n\n<h2 class=\"wp-block-heading\">Presentation of Nant<\/h2>\n\n\n\n<p>It's in the Aveyron that we're holding our General Meeting this year and our associated autumn break. Nant lies on the border between the mountainous C\u00e9vennes and the arid high plateaux of the Causses. This medieval village is situated on the Dourbie, a rushing river that, from its source near Mont Aigoual, has carved out the Gorges de la Dourbie to the east and the Canyon de la Dourbie to the north on its way to the Tarn, which it joins at Millau. We won't be going as far as the Aigoual, a beautiful mountain that we explored extensively during our 2011 trip to Camprieu. A few passes will nevertheless quench our thirst for autumn exploits. Within a radius of around forty kilometres, in addition to the Dourbie and the Aigoual, there are numerous sites to satisfy our tourist curiosity: Gorges du Tarn, Millau and its Viaduct, Saint-Affrique, Roquefort, the Chaos of Montpellier-le-Vieux, etc.<\/p>\n\n\n\n<figure class=\"wp-block-gallery has-nested-images columns-3 is-cropped wp-block-gallery-1 is-layout-flex wp-block-gallery-is-layout-flex\">\n<figure class=\"wp-block-image size-full\"><a href=\"https:\/\/centcols.org\/wp-content\/uploads\/2019\/06\/2018.10-Nant-le-vieux-pont008-r.jpg\"><img loading=\"lazy\" decoding=\"async\" width=\"800\" height=\"600\" data-id=\"88588\" src=\"https:\/\/centcols.org\/wp-content\/uploads\/2019\/06\/2018.10-Nant-le-vieux-pont008-r.jpg\" alt=\"\" class=\"wp-image-88588\" srcset=\"https:\/\/centcols.org\/wp-content\/uploads\/2019\/06\/2018.10-Nant-le-vieux-pont008-r.jpg 800w, https:\/\/centcols.org\/wp-content\/uploads\/2019\/06\/2018.10-Nant-le-vieux-pont008-r-768x576.jpg 768w\" sizes=\"auto, (max-width: 800px) 100vw, 800px\" \/><\/a><figcaption class=\"wp-element-caption\">Nant - the old bridge (Photo Guy Cambessedes)<\/figcaption><\/figure>\n\n\n\n<figure class=\"wp-block-image size-full\"><a href=\"https:\/\/centcols.org\/wp-content\/uploads\/2019\/06\/2018.10-Nant-la-halle-couverte-010-r.jpg\"><img loading=\"lazy\" decoding=\"async\" width=\"800\" height=\"600\" data-id=\"88589\" src=\"https:\/\/centcols.org\/wp-content\/uploads\/2019\/06\/2018.10-Nant-la-halle-couverte-010-r.jpg\" alt=\"\" class=\"wp-image-88589\" srcset=\"https:\/\/centcols.org\/wp-content\/uploads\/2019\/06\/2018.10-Nant-la-halle-couverte-010-r.jpg 800w, https:\/\/centcols.org\/wp-content\/uploads\/2019\/06\/2018.10-Nant-la-halle-couverte-010-r-768x576.jpg 768w\" sizes=\"auto, (max-width: 800px) 100vw, 800px\" \/><\/a><figcaption class=\"wp-element-caption\">Nant - the covered market (Photo Guy Cambessedes)<\/figcaption><\/figure>\n\n\n\n<figure class=\"wp-block-image size-full\"><a href=\"https:\/\/centcols.org\/wp-content\/uploads\/2019\/06\/Nant-le-roc-nantais-.jpg\"><img loading=\"lazy\" decoding=\"async\" width=\"1200\" height=\"900\" data-id=\"88592\" src=\"https:\/\/centcols.org\/wp-content\/uploads\/2019\/06\/Nant-le-roc-nantais-.jpg\" alt=\"\" class=\"wp-image-88592\" srcset=\"https:\/\/centcols.org\/wp-content\/uploads\/2019\/06\/Nant-le-roc-nantais-.jpg 1200w, https:\/\/centcols.org\/wp-content\/uploads\/2019\/06\/Nant-le-roc-nantais--768x576.jpg 768w\" sizes=\"auto, (max-width: 1200px) 100vw, 1200px\" \/><\/a><figcaption class=\"wp-element-caption\">Nant - the Roc Nantais (photo Guy Cambessedes)<\/figcaption><\/figure>\n<\/figure>\n\n\n\n<p>There are three sites on the Internet where you can find out more about Nant and the surrounding area:<br>Tourist Office (+33 (0)5 65 62 23 64) : <a href=\"https:\/\/www.tourisme-aveyron.com\/fr\/diffusio\/patrimoine-culturel-visites\/village-de-nant-nant_TFO089808464046\" target=\"_blank\" rel=\"noreferrer noopener\">website<\/a><br>Wikipedia : <a href=\"https:\/\/fr.wikipedia.org\/wiki\/Nant\" target=\"_blank\" rel=\"noreferrer noopener\">website<\/a><\/p>\n\n\n\n<h2 class=\"wp-block-heading\"><a href=\"https:\/\/centcols.org\/en\/membres\/cctours\/tours.php\/?lieu=Nant&amp;an=2019\">The routes<\/a><\/h2>\n\n\n\n<p>On both Saturday and Sunday mornings, a road circuit and a mountain bike circuit will be on offer. They are all accessible to all our members in terms of length, gradient and difficulty. The two mountain bike circuits have been tested in the field.&nbsp;<br>While the mountain passes won't be exceptional, the scenery should satisfy even the most demanding cyclists. A brief description of the routes and gpx tracks will be available in the autumn.<\/p>\n\n\n\n<h4 class=\"wp-block-heading\"><a href=\"https:\/\/centcols.org\/en\/membres\/cctours\/tours.php\/?lieu=Nant&amp;an=2019&amp;genre=R\">Road routes<\/a><\/h4>\n\n\n\n<p><strong>R1 : <\/strong>This 54km \"Dourbie and Tr\u00e9zevel\" route, with its 800m of ascent, takes you over the La Pierre Plant\u00e9e and Rhodes passes.<\/p>\n\n\n\n<p><strong>R2 : <\/strong>In 62 km and 900 m of positive ascent, it will take you over the Campestre and Larzac Causses and take you over 3 passes.<\/p>\n\n\n\n<h4 class=\"wp-block-heading\"><a href=\"https:\/\/centcols.org\/en\/membres\/cctours\/tours.php\/?lieu=Nant&amp;an=2019&amp;genre=V\">Mountain bike routes<\/a><\/h4>\n\n\n\n<p><strong>V1 : <\/strong>Leaving from the holiday centre, it will take you over 26 km and 800 m of ascent to discover 3 passes between Dourbie and Causse.<\/p>\n\n\n\n<p><strong>V2 : <\/strong>After setting off by car at 18 km, you'll be heading to \"the source of the Burle\"! Another 3 passes in 23 km and 650 m of ascent.<\/p>\n\n\n\n<figure class=\"wp-block-gallery has-nested-images columns-3 is-cropped wp-block-gallery-2 is-layout-flex wp-block-gallery-is-layout-flex\">\n<figure class=\"wp-block-image size-full\"><a href=\"https:\/\/centcols.org\/wp-content\/uploads\/2019\/06\/R1-Cantobre-.jpg\"><img loading=\"lazy\" decoding=\"async\" width=\"1200\" height=\"900\" data-id=\"88593\" src=\"https:\/\/centcols.org\/wp-content\/uploads\/2019\/06\/R1-Cantobre-.jpg\" alt=\"\" class=\"wp-image-88593\" srcset=\"https:\/\/centcols.org\/wp-content\/uploads\/2019\/06\/R1-Cantobre-.jpg 1200w, https:\/\/centcols.org\/wp-content\/uploads\/2019\/06\/R1-Cantobre--768x576.jpg 768w\" sizes=\"auto, (max-width: 1200px) 100vw, 1200px\" \/><\/a><figcaption class=\"wp-element-caption\">R1 - Cantobre (Photo G Cambesedes)<\/figcaption><\/figure>\n\n\n\n<figure class=\"wp-block-image size-full\"><a href=\"https:\/\/centcols.org\/wp-content\/uploads\/2019\/06\/R1-la-chapelle-des-Cuns-.jpg\"><img loading=\"lazy\" decoding=\"async\" width=\"1200\" height=\"900\" data-id=\"88594\" src=\"https:\/\/centcols.org\/wp-content\/uploads\/2019\/06\/R1-la-chapelle-des-Cuns-.jpg\" alt=\"\" class=\"wp-image-88594\" srcset=\"https:\/\/centcols.org\/wp-content\/uploads\/2019\/06\/R1-la-chapelle-des-Cuns-.jpg 1200w, https:\/\/centcols.org\/wp-content\/uploads\/2019\/06\/R1-la-chapelle-des-Cuns--768x576.jpg 768w\" sizes=\"auto, (max-width: 1200px) 100vw, 1200px\" \/><\/a><figcaption class=\"wp-element-caption\">R1 - Cuns chapel (photo by Guy Cambessedes)<\/figcaption><\/figure>\n\n\n\n<figure class=\"wp-block-image size-full\"><a href=\"https:\/\/centcols.org\/wp-content\/uploads\/2019\/06\/R2-Brebis-sur-le-Larzac-.jpg\"><img loading=\"lazy\" decoding=\"async\" width=\"1200\" height=\"900\" data-id=\"88595\" src=\"https:\/\/centcols.org\/wp-content\/uploads\/2019\/06\/R2-Brebis-sur-le-Larzac-.jpg\" alt=\"\" class=\"wp-image-88595\" srcset=\"https:\/\/centcols.org\/wp-content\/uploads\/2019\/06\/R2-Brebis-sur-le-Larzac-.jpg 1200w, https:\/\/centcols.org\/wp-content\/uploads\/2019\/06\/R2-Brebis-sur-le-Larzac--768x576.jpg 768w\" sizes=\"auto, (max-width: 1200px) 100vw, 1200px\" \/><\/a><figcaption class=\"wp-element-caption\">R2 - Ewes on the Larzac (photo Guy Cambessedes)<\/figcaption><\/figure>\n\n\n\n<figure class=\"wp-block-image size-full\"><a href=\"https:\/\/centcols.org\/wp-content\/uploads\/2019\/06\/R2-Cardabelle-.jpg\"><img loading=\"lazy\" decoding=\"async\" width=\"1200\" height=\"900\" data-id=\"88596\" src=\"https:\/\/centcols.org\/wp-content\/uploads\/2019\/06\/R2-Cardabelle-.jpg\" alt=\"\" class=\"wp-image-88596\" srcset=\"https:\/\/centcols.org\/wp-content\/uploads\/2019\/06\/R2-Cardabelle-.jpg 1200w, https:\/\/centcols.org\/wp-content\/uploads\/2019\/06\/R2-Cardabelle--768x576.jpg 768w\" sizes=\"auto, (max-width: 1200px) 100vw, 1200px\" \/><\/a><figcaption class=\"wp-element-caption\">R2 - Cardabelle (photo Guy Cambessedes)<\/figcaption><\/figure>\n\n\n\n<figure class=\"wp-block-image size-full\"><a href=\"https:\/\/centcols.org\/wp-content\/uploads\/2019\/06\/R2-La-Couvertoirade-.jpg\"><img loading=\"lazy\" decoding=\"async\" width=\"1200\" height=\"900\" data-id=\"88597\" src=\"https:\/\/centcols.org\/wp-content\/uploads\/2019\/06\/R2-La-Couvertoirade-.jpg\" alt=\"\" class=\"wp-image-88597\" srcset=\"https:\/\/centcols.org\/wp-content\/uploads\/2019\/06\/R2-La-Couvertoirade-.jpg 1200w, https:\/\/centcols.org\/wp-content\/uploads\/2019\/06\/R2-La-Couvertoirade--768x576.jpg 768w\" sizes=\"auto, (max-width: 1200px) 100vw, 1200px\" \/><\/a><figcaption class=\"wp-element-caption\">R2 - La Couvertoirade (photo Guy Cambessedes)<\/figcaption><\/figure>\n\n\n\n<figure class=\"wp-block-image size-full\"><a href=\"https:\/\/centcols.org\/wp-content\/uploads\/2019\/06\/V1-le-hameau-dAlgues-r.jpg\"><img loading=\"lazy\" decoding=\"async\" width=\"1024\" height=\"345\" data-id=\"88598\" src=\"https:\/\/centcols.org\/wp-content\/uploads\/2019\/06\/V1-le-hameau-dAlgues-r.jpg\" alt=\"\" class=\"wp-image-88598\" srcset=\"https:\/\/centcols.org\/wp-content\/uploads\/2019\/06\/V1-le-hameau-dAlgues-r.jpg 1024w, https:\/\/centcols.org\/wp-content\/uploads\/2019\/06\/V1-le-hameau-dAlgues-r-768x259.jpg 768w\" sizes=\"auto, (max-width: 1024px) 100vw, 1024px\" \/><\/a><figcaption class=\"wp-element-caption\">V1 - the hamlet of Algues (photo Guy Cambessedes)<\/figcaption><\/figure>\n\n\n\n<figure class=\"wp-block-image size-full\"><a href=\"https:\/\/centcols.org\/wp-content\/uploads\/2025\/05\/V1-Nant-.jpg\"><img loading=\"lazy\" decoding=\"async\" width=\"1200\" height=\"900\" data-id=\"82172\" src=\"https:\/\/centcols.org\/wp-content\/uploads\/2025\/05\/V1-Nant-.jpg\" alt=\"\" class=\"wp-image-82172\" srcset=\"https:\/\/centcols.org\/wp-content\/uploads\/2025\/05\/V1-Nant-.jpg 1200w, https:\/\/centcols.org\/wp-content\/uploads\/2025\/05\/V1-Nant--768x576.jpg 768w\" sizes=\"auto, (max-width: 1200px) 100vw, 1200px\" \/><\/a><figcaption class=\"wp-element-caption\">V1 - Nant (photo Guy Cambessedes)<\/figcaption><\/figure>\n\n\n\n<figure class=\"wp-block-image size-full\"><a href=\"https:\/\/centcols.org\/wp-content\/uploads\/2019\/06\/V1-sur-le-causse-Begon-r-500x157-1.jpg\"><img loading=\"lazy\" decoding=\"async\" width=\"500\" height=\"157\" data-id=\"88599\" src=\"https:\/\/centcols.org\/wp-content\/uploads\/2019\/06\/V1-sur-le-causse-Begon-r-500x157-1.jpg\" alt=\"\" class=\"wp-image-88599\"\/><\/a><figcaption class=\"wp-element-caption\">V1 - on the causse B\u00e9gon (photo Guy Cambessedes)<\/figcaption><\/figure>\n\n\n\n<figure class=\"wp-block-image size-full\"><a href=\"https:\/\/centcols.org\/wp-content\/uploads\/2019\/06\/V2-au-col-de-la-croix-de-la-guerite-r.jpg\"><img loading=\"lazy\" decoding=\"async\" width=\"1280\" height=\"669\" data-id=\"88600\" src=\"https:\/\/centcols.org\/wp-content\/uploads\/2019\/06\/V2-au-col-de-la-croix-de-la-guerite-r.jpg\" alt=\"\" class=\"wp-image-88600\" srcset=\"https:\/\/centcols.org\/wp-content\/uploads\/2019\/06\/V2-au-col-de-la-croix-de-la-guerite-r.jpg 1280w, https:\/\/centcols.org\/wp-content\/uploads\/2019\/06\/V2-au-col-de-la-croix-de-la-guerite-r-1200x627.jpg 1200w, https:\/\/centcols.org\/wp-content\/uploads\/2019\/06\/V2-au-col-de-la-croix-de-la-guerite-r-768x401.jpg 768w\" sizes=\"auto, (max-width: 1280px) 100vw, 1280px\" \/><\/a><figcaption class=\"wp-element-caption\">V2 - the Croix de la Gu\u00e9rite pass (photo Guy Cambessedes)<\/figcaption><\/figure>\n\n\n\n<figure class=\"wp-block-image size-full\"><a href=\"https:\/\/centcols.org\/wp-content\/uploads\/2019\/06\/V2-depuis-les-cretes.jpg\"><img loading=\"lazy\" decoding=\"async\" width=\"1365\" height=\"1024\" data-id=\"88601\" src=\"https:\/\/centcols.org\/wp-content\/uploads\/2019\/06\/V2-depuis-les-cretes.jpg\" alt=\"\" class=\"wp-image-88601\" srcset=\"https:\/\/centcols.org\/wp-content\/uploads\/2019\/06\/V2-depuis-les-cretes.jpg 1365w, https:\/\/centcols.org\/wp-content\/uploads\/2019\/06\/V2-depuis-les-cretes-1200x900.jpg 1200w, https:\/\/centcols.org\/wp-content\/uploads\/2019\/06\/V2-depuis-les-cretes-768x576.jpg 768w\" sizes=\"auto, (max-width: 1365px) 100vw, 1365px\" \/><\/a><figcaption class=\"wp-element-caption\">V2 - from the ridges (photo Guy Cambessedes)<\/figcaption><\/figure>\n\n\n\n<figure class=\"wp-block-image size-full\"><a href=\"https:\/\/centcols.org\/wp-content\/uploads\/2019\/06\/V2-sur-la-piste-de-la-Barriere-rjpg.jpg\"><img loading=\"lazy\" decoding=\"async\" width=\"1280\" height=\"660\" data-id=\"88602\" src=\"https:\/\/centcols.org\/wp-content\/uploads\/2019\/06\/V2-sur-la-piste-de-la-Barriere-rjpg.jpg\" alt=\"\" class=\"wp-image-88602\" srcset=\"https:\/\/centcols.org\/wp-content\/uploads\/2019\/06\/V2-sur-la-piste-de-la-Barriere-rjpg.jpg 1280w, https:\/\/centcols.org\/wp-content\/uploads\/2019\/06\/V2-sur-la-piste-de-la-Barriere-rjpg-1200x619.jpg 1200w, https:\/\/centcols.org\/wp-content\/uploads\/2019\/06\/V2-sur-la-piste-de-la-Barriere-rjpg-768x396.jpg 768w\" sizes=\"auto, (max-width: 1280px) 100vw, 1280px\" \/><\/a><figcaption class=\"wp-element-caption\">V2 - on the Barri\u00e8re track (photo Guy Cambessedes)<\/figcaption><\/figure>\n<\/figure>\n\n\n\n<h2 class=\"wp-block-heading\">Hosting<\/h2>\n\n\n\n<p><strong><br>Village Soleil Evasion, Domaine du Roc Nantais<\/strong>, Faubourg Bas,12230 NANT<\/p>\n\n\n\n<p>Tel: +33 (0)5 64 13 64 37. Email address: <a href=\"mailto:nant&#64;capfrance&#46;co&#109;\">nant@capfrance.com<\/a>&nbsp;<a href=\"http:\/\/www.soleilevasion.fr\/cap-france-roc-nantais.html\">Roc Nantais website<\/a><\/p>\n\n\n\n<div class=\"wp-block-columns is-layout-flex wp-container-core-columns-is-layout-9d6595d7 wp-block-columns-is-layout-flex\">\n<div class=\"wp-block-column is-layout-flow wp-block-column-is-layout-flow\" style=\"flex-basis:66.66%\">\n<p>It is located in the village, less than 200m from the town centre, in 3 hectares of parkland. The rooms are spacious and have separate bathrooms and WCs. All the usual facilities are available (bike room, car park, WiFi, etc.).<\/p>\n\n\n\n<figure class=\"wp-block-image size-full\"><img loading=\"lazy\" decoding=\"async\" width=\"1272\" height=\"1064\" src=\"https:\/\/centcols.org\/wp-content\/uploads\/2025\/05\/Nant-Village-de-vacances.jpg\" alt=\"\" class=\"wp-image-82140\" style=\"object-fit:cover\" srcset=\"https:\/\/centcols.org\/wp-content\/uploads\/2025\/05\/Nant-Village-de-vacances.jpg 1272w, https:\/\/centcols.org\/wp-content\/uploads\/2025\/05\/Nant-Village-de-vacances-1200x1004.jpg 1200w, https:\/\/centcols.org\/wp-content\/uploads\/2025\/05\/Nant-Village-de-vacances-768x642.jpg 768w\" sizes=\"auto, (max-width: 1272px) 100vw, 1272px\" \/><\/figure>\n<\/div>\n\n\n\n<div class=\"wp-block-column is-layout-flow wp-block-column-is-layout-flow\" style=\"flex-basis:33.33%\">\n<div style=\"height:80px\" aria-hidden=\"true\" class=\"wp-block-spacer\"><\/div>\n\n\n\n<h2 class=\"wp-block-heading\">Note from the Board of Directors<\/h2>\n\n\n\n<p>If you arrange your accommodation elsewhere than at the holiday village, please let us know that you will be taking part in the holiday, for 3 reasons:<\/p>\n\n\n\n<ol class=\"wp-block-list\">\n<li>To be able to correctly size joint events (information sessions, welcome and farewell parties).<\/li>\n\n\n\n<li>To be able to split up into several groups on the routes to improve safety for everyone.<\/li>\n\n\n\n<li>To help organisers deal with any unforeseen events.<\/li>\n<\/ol>\n<\/div>\n<\/div>\n\n\n\n<figure class=\"wp-block-gallery has-nested-images columns-2 is-cropped wp-block-gallery-3 is-layout-flex wp-block-gallery-is-layout-flex\">\n<figure class=\"wp-block-image size-full\"><a href=\"https:\/\/centcols.org\/wp-content\/uploads\/2019\/06\/2018.10-Nant-le-roc-nantais-2-014-r.jpg\"><img loading=\"lazy\" decoding=\"async\" width=\"800\" height=\"600\" data-id=\"88590\" src=\"https:\/\/centcols.org\/wp-content\/uploads\/2019\/06\/2018.10-Nant-le-roc-nantais-2-014-r.jpg\" alt=\"\" class=\"wp-image-88590\" srcset=\"https:\/\/centcols.org\/wp-content\/uploads\/2019\/06\/2018.10-Nant-le-roc-nantais-2-014-r.jpg 800w, https:\/\/centcols.org\/wp-content\/uploads\/2019\/06\/2018.10-Nant-le-roc-nantais-2-014-r-768x576.jpg 768w\" sizes=\"auto, (max-width: 800px) 100vw, 800px\" \/><\/a><figcaption class=\"wp-element-caption\">Nant - le Roc Nantais (Photo Guy Cambessedes)<\/figcaption><\/figure>\n\n\n\n<figure class=\"wp-block-image size-full\"><a href=\"https:\/\/centcols.org\/wp-content\/uploads\/2025\/05\/2018.10-Nant-le-roc-nantais013-r.jpg\"><img loading=\"lazy\" decoding=\"async\" width=\"800\" height=\"600\" data-id=\"82137\" src=\"https:\/\/centcols.org\/wp-content\/uploads\/2025\/05\/2018.10-Nant-le-roc-nantais013-r.jpg\" alt=\"\" class=\"wp-image-82137\" srcset=\"https:\/\/centcols.org\/wp-content\/uploads\/2025\/05\/2018.10-Nant-le-roc-nantais013-r.jpg 800w, https:\/\/centcols.org\/wp-content\/uploads\/2025\/05\/2018.10-Nant-le-roc-nantais013-r-768x576.jpg 768w\" sizes=\"auto, (max-width: 800px) 100vw, 800px\" \/><\/a><figcaption class=\"wp-element-caption\">Nant - le Roc Nantais (Photo Guy Cambessedes)<\/figcaption><\/figure>\n<\/figure>\n\n\n\n<h4 class=\"wp-block-heading\">Other accommodation options<\/h4>\n\n\n\n<p>There is a public car park in the immediate vicinity of the Domaine du Roc Nantais: motorhomes are allowed to park there (as well as in the other car parks in the commune), but there are no connections (electricity, water, etc.).<\/p>\n\n\n\n<h2 class=\"wp-block-heading\">Registrations<\/h2>\n\n\n\n<p>To register, download the PDF registration form from the link below and follow the instructions therein.<br>Please note that the registration form enclosed with this magazine and available on the Club's website includes <strong>two pages<\/strong> You will also need to sign the conditions governing the operation of the \"solidarity fund\". If you plan to be accompanied by your partner, be sure to register him\/her as an associate member with your Territorial Delegate beforehand, and don't forget to enter his\/her associate membership number in the box provided. If, and only if, a participant does not hold an FFCT licence, he\/she must also take out compulsory insurance. Participation in the Solidarity Fund is included in the registration fee.<\/p>\n\n\n\n<p><strong>Depending on when you arrive and when you leave, the package is different:<\/strong><\/p>\n\n\n\n<ul class=\"wp-block-list\">\n<li>If you arrive on Friday for dinner and leave on Sunday after lunch, you will be charged \u20ac134.<\/li>\n\n\n\n<li>If you arrive for lunch on Saturday and leave on Sunday morning, you will be charged \u20ac61 for the half-board package plus \u20ac17.50 for lunch on the 9th.<\/li>\n\n\n\n<li>If you arrive for lunch on Saturday and leave on Sunday after lunch, you will be charged \u20ac71 for the board package plus \u20ac17.50 for lunch on the 9th.<\/li>\n\n\n\n<li>If you are coming without accommodation (either an overnight stay or your own accommodation), you can register for meals on Saturday lunchtime (\u20ac17.50), Saturday evening (\u20ac21.50) and\/or Sunday lunchtime (\u20ac17.50). The Saturday evening meal has been improved.<\/li>\n\n\n\n<li>And so on.<\/li>\n<\/ul>\n\n\n\n<p>Some may be tempted to <strong>extend their stay until Monday 11 November<\/strong>. We have negotiated with the accommodation provider the possibility of sleeping an extra night (from Sunday to Monday) with breakfast on Monday morning. This is the purpose of the \"Option\" line at \u20ac33. On the other hand, there will be no meal on Sunday evening, as everyone will have to make their own arrangements.<\/p>\n\n\n\n<p>You can pay the registration fee by cheque or by transfer to the Club's account. In view of the additional fees charged, we do not accept payment by PayPal.<\/p>\n\n\n\n<p>Members are allocated in the order in which the cheque is sent or the transfer is made. For the former, the postmark will be taken as proof, for the latter, please send us a copy of the transfer order. If the holiday is full, a waiting list will be set up, which will operate according to the same priority allocation rules as for direct enrolments.<\/p>\n\n\n\n<h3 class=\"wp-block-heading\"><strong>Download the newsletter :<\/strong><\/h3>\n\n\n\n<ul class=\"wp-block-list\">\n<li>Registration Form Nant<\/li>\n\n\n\n<li>Modulo d'Iscrizione Nant<\/li>\n\n\n\n<li>Registration form Nant<\/li>\n<\/ul>\n\n\n\n<p>The deadline for receipt of entries is <strong>30 September 2019.<\/strong><\/p>\n\n\n\n<h3 class=\"wp-block-heading\"><strong>Trombinoscope, a new feature:<\/strong><\/h3>\n\n\n\n<p>When we meet up at trips (and other events), we meet a lot of friends and acquaintances, but we're not sure we know everyone's name, and we don't always dare admit it or ask. To try to remedy this, as announced at the B\u00e9doin AGM, we are proposing to give each participant in the trips a simple trombinoscope of those present, with the photo, name and membership number of all those who have sent us (either beforehand or with their registration) their photo and authorisation to publish it on the trombinoscope page of the Club's website. You can send a digital photo of your face alone as a <strong>JPG file<\/strong> of good definition and quality, with a width\/height ratio of \u00be, clearly mentioning your name and membership number, to <a href=\"javascript:;\">photodemembre@centcols.org<\/a>or directly at <a href=\"javascript:;\">sejours@centcols.org<\/a> who will pass on the information. Make sure you tick the yes or no box on the registration form, depending on whether you accept or not. If no box is ticked, the answer will be deemed negative. If you send a \"paper\" photo with your enrolment form, this will only be used for the trip's trombinoscope.<\/p>\n\n\n<div class=\"wp-block-image\">\n<figure class=\"aligncenter size-full\"><a href=\"https:\/\/centcols.org\/wp-content\/uploads\/2019\/06\/2018.10-Nant-templier-moderne012-r.jpg\"><img loading=\"lazy\" decoding=\"async\" width=\"800\" height=\"600\" src=\"https:\/\/centcols.org\/wp-content\/uploads\/2019\/06\/2018.10-Nant-templier-moderne012-r.jpg\" alt=\"\" class=\"wp-image-88591\" srcset=\"https:\/\/centcols.org\/wp-content\/uploads\/2019\/06\/2018.10-Nant-templier-moderne012-r.jpg 800w, https:\/\/centcols.org\/wp-content\/uploads\/2019\/06\/2018.10-Nant-templier-moderne012-r-768x576.jpg 768w\" sizes=\"auto, (max-width: 800px) 100vw, 800px\" \/><\/a><\/figure>\n<\/div>\n\n\n<h2 class=\"wp-block-heading\">Annual General Meeting of the Club des Cent Cols<\/h2>\n\n\n\n<p>It will be held on site on Saturday afternoon. For more details, go to&nbsp;<a href=\"https:\/\/centcols.org\/en\/ag-2019-nant\/\" target=\"_blank\" rel=\"noreferrer noopener\"><strong>Annual General Meeting<\/strong><\/a>.<\/p>\n\n\n\n<p>The invitation to the meeting and the statutory documents will be sent out as usual via an Info Cent Cols in October and will also be available on the website.<\/p>\n\n\n\n<p>At the end of the work, we'll have a drinks reception to allow us to get together in a less formal way.<\/p>\n\n\n\n<h2 class=\"wp-block-heading\">Other activities or visits<\/h2>\n\n\n\n<p>For those accompanying you, we can suggest a few visits in the vicinity of Nant.<\/p>\n\n\n\n<ul class=\"wp-block-list\">\n<li>La Couvertoirade and La Cavalerie, Templar towns<\/li>\n\n\n\n<li>The Roquefort cellars<\/li>\n\n\n\n<li>Millau and its viaduct<\/li>\n\n\n\n<li>The villages of la Dourbie (les Cuns, Cantobre, Saint-V\u00e9ran and la Roque-Sainte-Marguerite)<\/li>\n<\/ul>","protected":false},"excerpt":{"rendered":"<p>Ont contribu\u00e9 \u00e0 cette page de pr\u00e9sentation du s\u00e9jour les responsables informatique et s\u00e9jours C&rsquo;est \u00e0 Nant dans l&rsquo;Aveyron que nous nous retrouverons pour le s\u00e9jour d&rsquo;automne et l&rsquo;Assembl\u00e9e G\u00e9n\u00e9rale de 2019. Quelques \u00e9l\u00e9ments de programme : Un accueil sera assur\u00e9 sur place le vendredi \u00e0 partir de 16h30. Les chambres seront disponibles d\u00e8s 17h [&hellip;]<\/p>\n","protected":false},"author":3,"featured_media":0,"comment_status":"closed","ping_status":"closed","sticky":false,"template":"","format":"standard","meta":{"_acf_changed":false,"footnotes":""},"categories":[349,383,384,363,408,231],"tags":[],"class_list":["post-82135","post","type-post","status-publish","format-standard","hentry","category-france-pays-sejours","category-12-aveyron","category-occitanie-region-sejours","category-massif-central-massif-sejours","category-grands-causses","category-sejours"],"acf":[],"yoast_head":"<!-- This site is optimized with the Yoast SEO plugin v27.2 - https:\/\/yoast.com\/product\/yoast-seo-wordpress\/ -->\n<title>S\u00e9jour d&#039;automne et assembl\u00e9e g\u00e9n\u00e9rale \u00e0 Nant (Aveyron), 8 au 10 novembre 2019 - Club des Cent Cols<\/title>\n<meta name=\"robots\" content=\"index, follow, max-snippet:-1, max-image-preview:large, max-video-preview:-1\" \/>\n<link rel=\"canonical\" href=\"https:\/\/centcols.org\/en\/ag-2019-nant\/\" \/>\n<meta property=\"og:locale\" content=\"en_GB\" \/>\n<meta property=\"og:type\" content=\"article\" \/>\n<meta property=\"og:title\" content=\"S\u00e9jour d&#039;automne et assembl\u00e9e g\u00e9n\u00e9rale \u00e0 Nant (Aveyron), 8 au 10 novembre 2019 - Club des Cent Cols\" \/>\n<meta property=\"og:description\" content=\"Ont contribu\u00e9 \u00e0 cette page de pr\u00e9sentation du s\u00e9jour les responsables informatique et s\u00e9jours C&rsquo;est \u00e0 Nant dans l&rsquo;Aveyron que nous nous retrouverons pour le s\u00e9jour d&rsquo;automne et l&rsquo;Assembl\u00e9e G\u00e9n\u00e9rale de 2019. Quelques \u00e9l\u00e9ments de programme : Un accueil sera assur\u00e9 sur place le vendredi \u00e0 partir de 16h30. Les chambres seront disponibles d\u00e8s 17h [&hellip;]\" \/>\n<meta property=\"og:url\" content=\"https:\/\/centcols.org\/en\/ag-2019-nant\/\" \/>\n<meta property=\"og:site_name\" content=\"Club des Cent Cols\" \/>\n<meta property=\"article:publisher\" content=\"https:\/\/www.facebook.com\/groups\/5261880558\/?locale=fr_FR\" \/>\n<meta property=\"article:published_time\" content=\"2019-06-04T19:27:38+00:00\" \/>\n<meta property=\"article:modified_time\" content=\"2025-09-14T17:38:56+00:00\" \/>\n<meta property=\"og:image\" content=\"https:\/\/centcols.org\/wp-content\/uploads\/2025\/05\/2018.10-Nant-vue-generale017-r.jpg\" \/>\n\t<meta property=\"og:image:width\" content=\"800\" \/>\n\t<meta property=\"og:image:height\" content=\"600\" \/>\n\t<meta property=\"og:image:type\" content=\"image\/jpeg\" \/>\n<meta name=\"author\" content=\"Webmestre\" \/>\n<meta name=\"twitter:card\" content=\"summary_large_image\" \/>\n<meta name=\"twitter:label1\" content=\"Written by\" \/>\n\t<meta name=\"twitter:data1\" content=\"Webmestre\" \/>\n\t<meta name=\"twitter:label2\" content=\"Estimated reading time\" \/>\n\t<meta name=\"twitter:data2\" content=\"13 minutes\" \/>\n<script type=\"application\/ld+json\" class=\"yoast-schema-graph\">{\"@context\":\"https:\/\/schema.org\",\"@graph\":[{\"@type\":\"Article\",\"@id\":\"https:\/\/centcols.org\/ag-2019-nant\/#article\",\"isPartOf\":{\"@id\":\"https:\/\/centcols.org\/ag-2019-nant\/\"},\"author\":{\"name\":\"Webmestre\",\"@id\":\"https:\/\/centcols.org\/#\/schema\/person\/911b404fb133d8c913dd27cdcf71c8e5\"},\"headline\":\"S\u00e9jour d&rsquo;automne et assembl\u00e9e g\u00e9n\u00e9rale \u00e0 Nant (Aveyron), 8 au 10 novembre 2019\",\"datePublished\":\"2019-06-04T19:27:38+00:00\",\"dateModified\":\"2025-09-14T17:38:56+00:00\",\"mainEntityOfPage\":{\"@id\":\"https:\/\/centcols.org\/ag-2019-nant\/\"},\"wordCount\":1788,\"publisher\":{\"@id\":\"https:\/\/centcols.org\/#organization\"},\"image\":{\"@id\":\"https:\/\/centcols.org\/ag-2019-nant\/#primaryimage\"},\"thumbnailUrl\":\"https:\/\/centcols.org\/wp-content\/uploads\/2025\/05\/2018.10-Nant-vue-generale017-r.jpg\",\"articleSection\":[\"France\",\"12-Aveyron\",\"Occitanie\",\"Massif Central\",\"Grands Causses\",\"S\u00e9jours du Club des Cent Cols\"],\"inLanguage\":\"en-GB\"},{\"@type\":\"WebPage\",\"@id\":\"https:\/\/centcols.org\/ag-2019-nant\/\",\"url\":\"https:\/\/centcols.org\/ag-2019-nant\/\",\"name\":\"S\u00e9jour d'automne et assembl\u00e9e g\u00e9n\u00e9rale \u00e0 Nant (Aveyron), 8 au 10 novembre 2019 - Club des Cent Cols\",\"isPartOf\":{\"@id\":\"https:\/\/centcols.org\/#website\"},\"primaryImageOfPage\":{\"@id\":\"https:\/\/centcols.org\/ag-2019-nant\/#primaryimage\"},\"image\":{\"@id\":\"https:\/\/centcols.org\/ag-2019-nant\/#primaryimage\"},\"thumbnailUrl\":\"https:\/\/centcols.org\/wp-content\/uploads\/2025\/05\/2018.10-Nant-vue-generale017-r.jpg\",\"datePublished\":\"2019-06-04T19:27:38+00:00\",\"dateModified\":\"2025-09-14T17:38:56+00:00\",\"breadcrumb\":{\"@id\":\"https:\/\/centcols.org\/ag-2019-nant\/#breadcrumb\"},\"inLanguage\":\"en-GB\",\"potentialAction\":[{\"@type\":\"ReadAction\",\"target\":[\"https:\/\/centcols.org\/ag-2019-nant\/\"]}]},{\"@type\":\"ImageObject\",\"inLanguage\":\"en-GB\",\"@id\":\"https:\/\/centcols.org\/ag-2019-nant\/#primaryimage\",\"url\":\"https:\/\/centcols.org\/wp-content\/uploads\/2025\/05\/2018.10-Nant-vue-generale017-r.jpg\",\"contentUrl\":\"https:\/\/centcols.org\/wp-content\/uploads\/2025\/05\/2018.10-Nant-vue-generale017-r.jpg\"},{\"@type\":\"BreadcrumbList\",\"@id\":\"https:\/\/centcols.org\/ag-2019-nant\/#breadcrumb\",\"itemListElement\":[{\"@type\":\"ListItem\",\"position\":1,\"name\":\"Accueil\",\"item\":\"https:\/\/centcols.org\/\"},{\"@type\":\"ListItem\",\"position\":2,\"name\":\"S\u00e9jours du Club des Cent Cols\",\"item\":\"https:\/\/centcols.org\/rubrique\/sejours\/\"},{\"@type\":\"ListItem\",\"position\":3,\"name\":\"Pays\",\"item\":\"https:\/\/centcols.org\/rubrique\/sejours\/pays-sejours\/\"},{\"@type\":\"ListItem\",\"position\":4,\"name\":\"France\",\"item\":\"https:\/\/centcols.org\/rubrique\/sejours\/pays-sejours\/france-pays-sejours\/\"},{\"@type\":\"ListItem\",\"position\":5,\"name\":\"S\u00e9jour d&rsquo;automne et assembl\u00e9e g\u00e9n\u00e9rale \u00e0 Nant (Aveyron), 8 au 10 novembre 2019\"}]},{\"@type\":\"WebSite\",\"@id\":\"https:\/\/centcols.org\/#website\",\"url\":\"https:\/\/centcols.org\/\",\"name\":\"Club des Cent Cols\",\"description\":\"\",\"publisher\":{\"@id\":\"https:\/\/centcols.org\/#organization\"},\"potentialAction\":[{\"@type\":\"SearchAction\",\"target\":{\"@type\":\"EntryPoint\",\"urlTemplate\":\"https:\/\/centcols.org\/?s={search_term_string}\"},\"query-input\":{\"@type\":\"PropertyValueSpecification\",\"valueRequired\":true,\"valueName\":\"search_term_string\"}}],\"inLanguage\":\"en-GB\"},{\"@type\":\"Organization\",\"@id\":\"https:\/\/centcols.org\/#organization\",\"name\":\"Club des Cent Cols\",\"url\":\"https:\/\/centcols.org\/\",\"logo\":{\"@type\":\"ImageObject\",\"inLanguage\":\"en-GB\",\"@id\":\"https:\/\/centcols.org\/#\/schema\/logo\/image\/\",\"url\":\"https:\/\/centcols.org\/wp-content\/uploads\/2025\/01\/carte-icone.png\",\"contentUrl\":\"https:\/\/centcols.org\/wp-content\/uploads\/2025\/01\/carte-icone.png\",\"width\":250,\"height\":250,\"caption\":\"Club des Cent Cols\"},\"image\":{\"@id\":\"https:\/\/centcols.org\/#\/schema\/logo\/image\/\"},\"sameAs\":[\"https:\/\/www.facebook.com\/groups\/5261880558\/?locale=fr_FR\"]},{\"@type\":\"Person\",\"@id\":\"https:\/\/centcols.org\/#\/schema\/person\/911b404fb133d8c913dd27cdcf71c8e5\",\"name\":\"Webmestre\",\"image\":{\"@type\":\"ImageObject\",\"inLanguage\":\"en-GB\",\"@id\":\"https:\/\/centcols.org\/wp-content\/litespeed\/avatar\/2d246e4b6b4f773e08515e1ffc53690b.jpg?ver=1777222892\",\"url\":\"https:\/\/centcols.org\/wp-content\/litespeed\/avatar\/2d246e4b6b4f773e08515e1ffc53690b.jpg?ver=1777222892\",\"contentUrl\":\"https:\/\/centcols.org\/wp-content\/litespeed\/avatar\/2d246e4b6b4f773e08515e1ffc53690b.jpg?ver=1777222892\",\"caption\":\"Webmestre\"},\"url\":\"https:\/\/centcols.org\/en\/author\/webmestre\/\"}]}<\/script>\n<!-- \/ Yoast SEO plugin. -->","yoast_head_json":{"title":"Autumn break and general meeting in Nant (Aveyron), 8 to 10 November 2019 - Club des Cent Cols","robots":{"index":"index","follow":"follow","max-snippet":"max-snippet:-1","max-image-preview":"max-image-preview:large","max-video-preview":"max-video-preview:-1"},"canonical":"https:\/\/centcols.org\/en\/ag-2019-nant\/","og_locale":"en_GB","og_type":"article","og_title":"S\u00e9jour d'automne et assembl\u00e9e g\u00e9n\u00e9rale \u00e0 Nant (Aveyron), 8 au 10 novembre 2019 - Club des Cent Cols","og_description":"Ont contribu\u00e9 \u00e0 cette page de pr\u00e9sentation du s\u00e9jour les responsables informatique et s\u00e9jours C&rsquo;est \u00e0 Nant dans l&rsquo;Aveyron que nous nous retrouverons pour le s\u00e9jour d&rsquo;automne et l&rsquo;Assembl\u00e9e G\u00e9n\u00e9rale de 2019. Quelques \u00e9l\u00e9ments de programme : Un accueil sera assur\u00e9 sur place le vendredi \u00e0 partir de 16h30. Les chambres seront disponibles d\u00e8s 17h [&hellip;]","og_url":"https:\/\/centcols.org\/en\/ag-2019-nant\/","og_site_name":"Club des Cent Cols","article_publisher":"https:\/\/www.facebook.com\/groups\/5261880558\/?locale=fr_FR","article_published_time":"2019-06-04T19:27:38+00:00","article_modified_time":"2025-09-14T17:38:56+00:00","og_image":[{"width":800,"height":600,"url":"https:\/\/centcols.org\/wp-content\/uploads\/2025\/05\/2018.10-Nant-vue-generale017-r.jpg","type":"image\/jpeg"}],"author":"Webmestre","twitter_card":"summary_large_image","twitter_misc":{"Written by":"Webmestre","Estimated reading time":"13 minutes"},"schema":{"@context":"https:\/\/schema.org","@graph":[{"@type":"Article","@id":"https:\/\/centcols.org\/ag-2019-nant\/#article","isPartOf":{"@id":"https:\/\/centcols.org\/ag-2019-nant\/"},"author":{"name":"Webmestre","@id":"https:\/\/centcols.org\/#\/schema\/person\/911b404fb133d8c913dd27cdcf71c8e5"},"headline":"S\u00e9jour d&rsquo;automne et assembl\u00e9e g\u00e9n\u00e9rale \u00e0 Nant (Aveyron), 8 au 10 novembre 2019","datePublished":"2019-06-04T19:27:38+00:00","dateModified":"2025-09-14T17:38:56+00:00","mainEntityOfPage":{"@id":"https:\/\/centcols.org\/ag-2019-nant\/"},"wordCount":1788,"publisher":{"@id":"https:\/\/centcols.org\/#organization"},"image":{"@id":"https:\/\/centcols.org\/ag-2019-nant\/#primaryimage"},"thumbnailUrl":"https:\/\/centcols.org\/wp-content\/uploads\/2025\/05\/2018.10-Nant-vue-generale017-r.jpg","articleSection":["France","12-Aveyron","Occitanie","Massif Central","Grands Causses","S\u00e9jours du Club des Cent Cols"],"inLanguage":"en-GB"},{"@type":"WebPage","@id":"https:\/\/centcols.org\/ag-2019-nant\/","url":"https:\/\/centcols.org\/ag-2019-nant\/","name":"Autumn break and general meeting in Nant (Aveyron), 8 to 10 November 2019 - Club des Cent Cols","isPartOf":{"@id":"https:\/\/centcols.org\/#website"},"primaryImageOfPage":{"@id":"https:\/\/centcols.org\/ag-2019-nant\/#primaryimage"},"image":{"@id":"https:\/\/centcols.org\/ag-2019-nant\/#primaryimage"},"thumbnailUrl":"https:\/\/centcols.org\/wp-content\/uploads\/2025\/05\/2018.10-Nant-vue-generale017-r.jpg","datePublished":"2019-06-04T19:27:38+00:00","dateModified":"2025-09-14T17:38:56+00:00","breadcrumb":{"@id":"https:\/\/centcols.org\/ag-2019-nant\/#breadcrumb"},"inLanguage":"en-GB","potentialAction":[{"@type":"ReadAction","target":["https:\/\/centcols.org\/ag-2019-nant\/"]}]},{"@type":"ImageObject","inLanguage":"en-GB","@id":"https:\/\/centcols.org\/ag-2019-nant\/#primaryimage","url":"https:\/\/centcols.org\/wp-content\/uploads\/2025\/05\/2018.10-Nant-vue-generale017-r.jpg","contentUrl":"https:\/\/centcols.org\/wp-content\/uploads\/2025\/05\/2018.10-Nant-vue-generale017-r.jpg"},{"@type":"BreadcrumbList","@id":"https:\/\/centcols.org\/ag-2019-nant\/#breadcrumb","itemListElement":[{"@type":"ListItem","position":1,"name":"Accueil","item":"https:\/\/centcols.org\/"},{"@type":"ListItem","position":2,"name":"S\u00e9jours du Club des Cent Cols","item":"https:\/\/centcols.org\/rubrique\/sejours\/"},{"@type":"ListItem","position":3,"name":"Pays","item":"https:\/\/centcols.org\/rubrique\/sejours\/pays-sejours\/"},{"@type":"ListItem","position":4,"name":"France","item":"https:\/\/centcols.org\/rubrique\/sejours\/pays-sejours\/france-pays-sejours\/"},{"@type":"ListItem","position":5,"name":"S\u00e9jour d&rsquo;automne et assembl\u00e9e g\u00e9n\u00e9rale \u00e0 Nant (Aveyron), 8 au 10 novembre 2019"}]},{"@type":"WebSite","@id":"https:\/\/centcols.org\/#website","url":"https:\/\/centcols.org\/","name":"Club des Cent Cols","description":"","publisher":{"@id":"https:\/\/centcols.org\/#organization"},"potentialAction":[{"@type":"SearchAction","target":{"@type":"EntryPoint","urlTemplate":"https:\/\/centcols.org\/?s={search_term_string}"},"query-input":{"@type":"PropertyValueSpecification","valueRequired":true,"valueName":"search_term_string"}}],"inLanguage":"en-GB"},{"@type":"Organization","@id":"https:\/\/centcols.org\/#organization","name":"Club des Cent Cols","url":"https:\/\/centcols.org\/","logo":{"@type":"ImageObject","inLanguage":"en-GB","@id":"https:\/\/centcols.org\/#\/schema\/logo\/image\/","url":"https:\/\/centcols.org\/wp-content\/uploads\/2025\/01\/carte-icone.png","contentUrl":"https:\/\/centcols.org\/wp-content\/uploads\/2025\/01\/carte-icone.png","width":250,"height":250,"caption":"Club des Cent Cols"},"image":{"@id":"https:\/\/centcols.org\/#\/schema\/logo\/image\/"},"sameAs":["https:\/\/www.facebook.com\/groups\/5261880558\/?locale=fr_FR"]},{"@type":"Person","@id":"https:\/\/centcols.org\/#\/schema\/person\/911b404fb133d8c913dd27cdcf71c8e5","name":"Webmaster","image":{"@type":"ImageObject","inLanguage":"en-GB","@id":"https:\/\/centcols.org\/wp-content\/litespeed\/avatar\/2d246e4b6b4f773e08515e1ffc53690b.jpg?ver=1777222892","url":"https:\/\/centcols.org\/wp-content\/litespeed\/avatar\/2d246e4b6b4f773e08515e1ffc53690b.jpg?ver=1777222892","contentUrl":"https:\/\/centcols.org\/wp-content\/litespeed\/avatar\/2d246e4b6b4f773e08515e1ffc53690b.jpg?ver=1777222892","caption":"Webmestre"},"url":"https:\/\/centcols.org\/en\/author\/webmestre\/"}]}},"_links":{"self":[{"href":"https:\/\/centcols.org\/en\/wp-json\/wp\/v2\/posts\/82135","targetHints":{"allow":["GET"]}}],"collection":[{"href":"https:\/\/centcols.org\/en\/wp-json\/wp\/v2\/posts"}],"about":[{"href":"https:\/\/centcols.org\/en\/wp-json\/wp\/v2\/types\/post"}],"author":[{"embeddable":true,"href":"https:\/\/centcols.org\/en\/wp-json\/wp\/v2\/users\/3"}],"replies":[{"embeddable":true,"href":"https:\/\/centcols.org\/en\/wp-json\/wp\/v2\/comments?post=82135"}],"version-history":[{"count":0,"href":"https:\/\/centcols.org\/en\/wp-json\/wp\/v2\/posts\/82135\/revisions"}],"wp:attachment":[{"href":"https:\/\/centcols.org\/en\/wp-json\/wp\/v2\/media?parent=82135"}],"wp:term":[{"taxonomy":"category","embeddable":true,"href":"https:\/\/centcols.org\/en\/wp-json\/wp\/v2\/categories?post=82135"},{"taxonomy":"post_tag","embeddable":true,"href":"https:\/\/centcols.org\/en\/wp-json\/wp\/v2\/tags?post=82135"}],"curies":[{"name":"wp","href":"https:\/\/api.w.org\/{rel}","templated":true}]}}