{"id":82156,"date":"2019-08-01T18:42:37","date_gmt":"2019-08-01T16:42:37","guid":{"rendered":"https:\/\/centcols.org\/challenge-des-cols-routiers-situes-sur-les-lignes-de-partage-des-eaux-inter-mer-des-alpes\/"},"modified":"2025-10-02T19:32:09","modified_gmt":"2025-10-02T17:32:09","slug":"challenge-des-cols-routiers-situes-sur-les-lignes-de-partage-des-eaux-inter-mer-des-alpes","status":"publish","type":"post","link":"https:\/\/centcols.org\/en\/challenge-des-cols-routiers-situes-sur-les-lignes-de-partage-des-eaux-inter-mer-des-alpes\/","title":{"rendered":"Challenge of the road passes located on the \"Alps inter-sea watersheds\"."},"content":{"rendered":"\n<p>G\u00e9rard Galland nous propose ce challenge:<\/p>\n\n\n\n<p>Gravir tous les cols routiers situ\u00e9s sur les cinq principales LPE diff\u00e9rentes des Alpes \u00e0 savoir : <em>1 &#8211; Mer du Nord \/ Adriatique, 2 &#8211; M\u00e9diterran\u00e9e Occidentale \/ Adriatique, 3 &#8211; Mer du Nord \/ M\u00e9diterran\u00e9e O., 4 &#8211; Mer du Nord \/ Mer Noire, 5 &#8211; Mer Noire \/ Adriatique. 80<\/em>&nbsp;cols.<\/p>\n\n\n\n<p>Plusieurs pays concern\u00e9s.<\/p>\n\n\n\n<p>Ce challenge est ouvert aux membres et aux non membres du Club des Cent Cols.<\/p>\n\n\n\n<p>Contact : [email]LPEd&#101;&#115;&#65;&#108;&#112;&#101;&#115;&#x40;&#x63;&#x65;&#x6e;&#x74;&#x63;&#x6f;&#x6c;&#x73;&#46;org[\/email]<br>Bulletin d&rsquo;inscription <a href=\"https:\/\/centcols.org\/wp-content\/uploads\/2025\/08\/bichallengelpe.pdf\" target=\"_blank\" rel=\"noreferrer noopener\">Format PDF<\/a>&nbsp; &nbsp; &nbsp;<a href=\"https:\/\/centcols.org\/wp-content\/uploads\/2025\/08\/bichallengelpe.zip\" target=\"_blank\" rel=\"noreferrer noopener\"> Format Word<\/a><\/p>\n\n\n\n<h2 class=\"wp-block-heading\">Objectifs<\/h2>\n\n\n\n<p>L\u2019objectif de ce challenge est aussi d\u2019inciter les participants \u00e0 une observation d\u00e9taill\u00e9e des zones visit\u00e9es concernant le r\u00e9seau hydrographique des Alpes et en particulier de s\u2019int\u00e9resser au futur parcours des eaux s\u2019\u00e9coulant de part et d\u2019autres des cols escalad\u00e9s.<\/p>\n\n\n\n<p>Le terme LPE (Ligne de partage des eaux) est \u00e9voqu\u00e9 dans les commentaires de l\u2019article 2 de notre r\u00e8gle du jeu, extrait\u00a0: \u00ab\u00a0un <u><em>lieu nomm\u00e9<\/em><\/u> sur un plan cadastral\u2026.. avec un intitul\u00e9 \u00e9voquant un <u>col<\/u>, <u>r\u00e9pond \u00e0 la<\/u><em><u> RDJ<\/u>, sous r\u00e9serve \u2026. ,\u00a0 qu\u2019il soit <u>situ\u00e9 sur une LPE<\/u>\u00a0\u00bb.<br><\/em>Une <strong>ligne de partage des eaux<\/strong> d\u00e9signe une limite g\u00e9ographique qui divise un territoire en deux bassins versants\u00a0: de chaque c\u00f4t\u00e9 de la ligne, les eaux s\u2019\u00e9coulent vers deux cours d\u2019eau diff\u00e9rents, voire vers deux fleuves, voire deux mers ou oc\u00e9ans.<br>Ligne de partage signifie <strong>s\u00e9paration<\/strong>. Souvent une fronti\u00e8re \u2013 politique, linguistique \u2026 suit une\u00a0 ligne de partage des eaux. Fort heureusement la communication est possible gr\u00e2ce aux points de passage \u2026 ces <strong>points de passage<\/strong> ont un nom\u00a0: \u00ab\u00a0<strong>cols<\/strong>\u00a0\u00bb.<\/p>\n\n\n\n<p><strong>Les Alpes<\/strong> sont &nbsp;consid\u00e9r\u00e9es comme le ch\u00e2teau d\u2019eau de l\u2019Europe&nbsp;; &nbsp;les principaux fleuves europ\u00e9ens y prennent leurs sources. Ils alimentent 4 bassins versants et 4 mers&nbsp;: la <strong>Mer du Nord<\/strong> (avec le Rhin et ses affluents), la <strong>M\u00e9diterran\u00e9e Occidentale<\/strong> (avec Le Rh\u00f4ne et ses affluents, le Var, La Roya, et les fleuves c\u00f4tiers ligures), l\u2019<strong>Adriatique<\/strong> (avec Le P\u00f4 et ses affluents, l\u2019Adige, le Piave, le Tagliamento, la So\u010da)&nbsp; et la <strong>Mer Noire<\/strong> (avec des affluents du Danube).<\/p>\n\n\n\n<p>A partir de 2 <strong>tripoints&nbsp;hydrographiques<\/strong> (un tripoint hydrographique est un point o\u00f9 se rejoignent trois&nbsp;<a href=\"https:\/\/fr.wikipedia.org\/wiki\/Bassin_versant\">bassins versants<\/a>) le Witenwasserenstock (Rh\u00f4ne \u2013 Rhin \u2013 P\u00f4) et le Pass Lunghin (Rhin \u2013 P\u00f4 \u2013 Danube) tous deux situ\u00e9s en Suisse, on peut d\u00e9finir <a href=\"https:\/\/cyclotouristes-grenoblois.assoconnect.com\/articles\/138137-les-cols-routiers-situes-sur-les-principales-lpe-des-alpes\" target=\"_blank\" rel=\"noopener noreferrer\">5 lignes de partage des eaux dans les alpes<\/a> :<\/p>\n\n\n\n<p>Entre les deux tri-points :<\/p>\n\n\n\n<ol class=\"wp-block-list\">\n<li><a href=\"https:\/\/cyclotouristes-grenoblois.assoconnect.com\/articles\/138186-1-cols-situes-sur-la-ligne-de-partage-des-eaux-mer-du-nord-adriatique\" target=\"_blank\" rel=\"noopener noreferrer\">LPE&nbsp;Mer du Nord \u2013 Adriatique<\/a> (presque enti\u00e8rement en Suisse, court passage en Italie)<\/li>\n<\/ol>\n\n\n<div class=\"wp-block-image\">\n<figure class=\"aligncenter size-full is-resized\"><img loading=\"lazy\" decoding=\"async\" width=\"1355\" height=\"965\" src=\"https:\/\/centcols.org\/wp-content\/uploads\/2019\/08\/splugen.jpg\" alt=\"\" class=\"wp-image-89065\" style=\"width:800px\" srcset=\"https:\/\/centcols.org\/wp-content\/uploads\/2019\/08\/splugen.jpg 1355w, https:\/\/centcols.org\/wp-content\/uploads\/2019\/08\/splugen-1200x855.jpg 1200w, https:\/\/centcols.org\/wp-content\/uploads\/2019\/08\/splugen-768x547.jpg 768w, https:\/\/centcols.org\/wp-content\/uploads\/2019\/08\/splugen-18x12.jpg 18w\" sizes=\"auto, (max-width: 1355px) 100vw, 1355px\" \/><figcaption class=\"wp-element-caption\">Spl\u00fcgen Pass (photo G\u00e9rard Galland)<\/figcaption><\/figure>\n<\/div>\n\n\n<p>Partant du Witenwasserenstock&nbsp;:<\/p>\n\n\n\n<ol start=\"2\" class=\"wp-block-list\">\n<li><a href=\"https:\/\/cyclotouristes-grenoblois.assoconnect.com\/articles\/138223-2-cols-situes-sur-la-lpe-mediterranee-occidentale-adriatique\" target=\"_blank\" rel=\"noopener\">LPE M\u00e9diterran\u00e9e occidentale \u2013 Adriatique<\/a> (en Suisse, Italie et France)<\/li>\n<\/ol>\n\n\n<div class=\"wp-block-image\">\n<figure class=\"aligncenter size-full is-resized\"><img loading=\"lazy\" decoding=\"async\" width=\"1420\" height=\"888\" src=\"https:\/\/centcols.org\/wp-content\/uploads\/2019\/08\/grandstbernard.jpg\" alt=\"\" class=\"wp-image-89066\" style=\"width:800px\" srcset=\"https:\/\/centcols.org\/wp-content\/uploads\/2019\/08\/grandstbernard.jpg 1420w, https:\/\/centcols.org\/wp-content\/uploads\/2019\/08\/grandstbernard-1200x750.jpg 1200w, https:\/\/centcols.org\/wp-content\/uploads\/2019\/08\/grandstbernard-768x480.jpg 768w, https:\/\/centcols.org\/wp-content\/uploads\/2019\/08\/grandstbernard-18x12.jpg 18w\" sizes=\"auto, (max-width: 1420px) 100vw, 1420px\" \/><figcaption class=\"wp-element-caption\">col du Grand Saint-Bernard<\/figcaption><\/figure>\n<\/div>\n\n\n<li><a href=\"https:\/\/cyclotouristes-grenoblois.assoconnect.com\/articles\/138324-3-les-cols-situes-sur-la-lpe-mediterranee-occidentale-mer-du-nord\" target=\"_blank\" rel=\"noopener\">LPE Mer du Nord &#8211; M\u00e9diterran\u00e9e occidentale<\/a> (enti\u00e8rement en Suisse)<\/li>\n\n\n<div class=\"wp-block-image\">\n<figure class=\"aligncenter size-full is-resized\"><img loading=\"lazy\" decoding=\"async\" width=\"1184\" height=\"888\" src=\"https:\/\/centcols.org\/wp-content\/uploads\/2019\/08\/coldechaude.jpg\" alt=\"\" class=\"wp-image-89068\" style=\"width:800px\" srcset=\"https:\/\/centcols.org\/wp-content\/uploads\/2019\/08\/coldechaude.jpg 1184w, https:\/\/centcols.org\/wp-content\/uploads\/2019\/08\/coldechaude-768x576.jpg 768w, https:\/\/centcols.org\/wp-content\/uploads\/2019\/08\/coldechaude-16x12.jpg 16w\" sizes=\"auto, (max-width: 1184px) 100vw, 1184px\" \/><figcaption class=\"wp-element-caption\">Col de Chaude (photo G\u00e9rard Galland)<\/figcaption><\/figure>\n<\/div>\n\n\n<p>Partant du Piz Lunghin&nbsp;:<\/p>\n\n\n\n<ol start=\"4\" class=\"wp-block-list\">\n<li><a href=\"https:\/\/cyclotouristes-grenoblois.assoconnect.com\/articles\/138336-4-les-cols-situes-sur-la-lpe-mer-noire-mer-du-nord\" target=\"_blank\" rel=\"noopener\">LPE Mer du Nord \u2013 Mer Noire<\/a> (en Suisse, Italie, Autriche et Allemagne)<\/li>\n<\/ol>\n\n\n<div class=\"wp-block-image\">\n<figure class=\"aligncenter size-full is-resized\"><img loading=\"lazy\" decoding=\"async\" width=\"1281\" height=\"965\" src=\"https:\/\/centcols.org\/wp-content\/uploads\/2019\/08\/albulapass.jpg\" alt=\"\" class=\"wp-image-89069\" style=\"width:800px\" srcset=\"https:\/\/centcols.org\/wp-content\/uploads\/2019\/08\/albulapass.jpg 1281w, https:\/\/centcols.org\/wp-content\/uploads\/2019\/08\/albulapass-1200x904.jpg 1200w, https:\/\/centcols.org\/wp-content\/uploads\/2019\/08\/albulapass-768x579.jpg 768w, https:\/\/centcols.org\/wp-content\/uploads\/2019\/08\/albulapass-16x12.jpg 16w\" sizes=\"auto, (max-width: 1281px) 100vw, 1281px\" \/><figcaption class=\"wp-element-caption\">Albula Pass (photo Daniel Cattin)<\/figcaption><\/figure>\n<\/div>\n\n\n<p>5. <a href=\"https:\/\/cyclotouristes-grenoblois.assoconnect.com\/articles\/138339-5-les-cols-situes-sur-la-ligne-de-partage-des-eaux-mer-noire-adriatique\" target=\"_blank\" rel=\"noopener\">LPE Mer Noire \u2013 Adriatique<\/a> (en Suisse, Italie, Autriche et Slov\u00e9nie).<\/p>\n\n\n<div class=\"wp-block-image\">\n<figure class=\"aligncenter size-full is-resized\"><img loading=\"lazy\" decoding=\"async\" width=\"1431\" height=\"965\" src=\"https:\/\/centcols.org\/wp-content\/uploads\/2019\/08\/livigno.jpg\" alt=\"\" class=\"wp-image-89070\" style=\"width:800px\" srcset=\"https:\/\/centcols.org\/wp-content\/uploads\/2019\/08\/livigno.jpg 1431w, https:\/\/centcols.org\/wp-content\/uploads\/2019\/08\/livigno-1200x809.jpg 1200w, https:\/\/centcols.org\/wp-content\/uploads\/2019\/08\/livigno-768x518.jpg 768w, https:\/\/centcols.org\/wp-content\/uploads\/2019\/08\/livigno-18x12.jpg 18w\" sizes=\"auto, (max-width: 1431px) 100vw, 1431px\" \/><figcaption class=\"wp-element-caption\">Val et Forcola di Livigno (photo Lucien Chevalier)<\/figcaption><\/figure>\n<\/div>\n\n\n<p>Des descriptions des lignes de partages des eaux et des cols situ\u00e9s sur ces LPE sont disponibles avec les liens ci-dessus. Un diaporama avec cartes et photos prises dans les principaux cols est \u00e9galement disponible en lien avec ces articles.<\/p>\n\n\n\n<p>Une autre approche est de se concentrer sur la &nbsp;<strong>ligne \u00ab&nbsp;principale&nbsp;\u00bb de partage des eaux Atlantique &#8211; M\u00e9diterran\u00e9e (LPE A\/M)<\/strong> qui, &nbsp;depuis la R\u00e9publique Tch\u00e8que \u00e0 travers le massif des Sud\u00e8tes et le sud de l\u2019Allemagne, traverse les Alpes (LPE 4, 1 et 3 ci-dessus) et se prolonge et vers l\u2019ouest et le sud dans le Jura puis le Massif Central avant de traverser les Pyr\u00e9n\u00e9es, l\u2019Espagne et le Maroc.&nbsp; Cette approche revient \u00e0 consid\u00e9rer comme une seule mer la M\u00e9diterran\u00e9e occidentale, l\u2019Adriatique et la Mer Noire. Elle fait de la LPE M\u00e9diterran\u00e9e occidentale \u2013 Adriatique (LPE 2), une LPE de \u00ab&nbsp;second ordre&nbsp;\u00bb \u2026 malgr\u00e9 son passage par le Cervin, le Mont Blanc,le Mont Thabor et le Mont Saccarel.<\/p>\n\n\n\n<p>Une importante documentation sur cette LPE \u00ab&nbsp;principale&nbsp;\u00bb est disponible sur le site de&nbsp; <a href=\"http:\/\/lpe-asso.org\/notre-association\/\" target=\"_blank\" rel=\"noopener noreferrer\">l\u2019association \u00ab&nbsp;Ligne de Partage&nbsp;\u00bb<\/a>&nbsp; qui a \u00e9t\u00e9 cr\u00e9\u00e9e en 2014 avec&nbsp; \u00ab objet de d\u00e9velopper toutes activit\u00e9s en lien avec la ligne de partage des eaux entre l\u2019oc\u00e9an Atlantique et la mer M\u00e9diterran\u00e9e (dite \u00ab\u00a0ligne A\/M\u00a0\u00bb) \u00bb. Une page \u00ab\u00a0En v\u00e9lo aussi\u00a0\u00bb, r\u00e9cemment cr\u00e9\u00e9 est consacr\u00e9e au franchissement de la LPE \u00e0 v\u00e9lo.<\/p>\n\n\n<div class=\"wp-block-image\">\n<figure class=\"aligncenter size-full\"><img loading=\"lazy\" decoding=\"async\" width=\"722\" height=\"582\" src=\"https:\/\/centcols.org\/wp-content\/uploads\/2019\/08\/lpe01.jpg\" alt=\"\" class=\"wp-image-89071\" srcset=\"https:\/\/centcols.org\/wp-content\/uploads\/2019\/08\/lpe01.jpg 722w, https:\/\/centcols.org\/wp-content\/uploads\/2019\/08\/lpe01-15x12.jpg 15w\" sizes=\"auto, (max-width: 722px) 100vw, 722px\" \/><\/figure>\n<\/div>\n\n\n<p><\/p>\n\n\n\n<p>Plut\u00f4t que l\u2019augmentation infinie du nombre de cols gravis, beaucoup d\u2019entre nous pr\u00e9f\u00e8rent&nbsp; l\u2019accomplissement d\u2019un objectif g\u00e9ographiquement ou culturellement d\u00e9termin\u00e9.<\/p>\n\n\n\n<p>Le challenge&nbsp; <strong>des Lignes de Partage des Eaux\u00a0\u00bb&nbsp;inter-mer\u00a0\u00bb des Alpes<\/strong> vise dans cet esprit \u00e0 inviter les participants \u00e0 visiter les cols situ\u00e9s sur ces LPE.<\/p>\n\n\n\n<p>Il nous a sembl\u00e9 int\u00e9ressant de proposer aussi ce Challenge \u00e0 des non-membres du Club des Cent Cols afin de leur permettre le commencement d\u2019une \u00ab collection de cols \u00bb au c\u0153ur des Alpes. Nous leur apportons pour cela notre expertise sur les cols et nous mettons \u00e0 leur disposition des outils informatiques sophistiqu\u00e9s. Nous esp\u00e9rons, par ce moyen, promouvoir les joies et les plaisirs de la d\u00e9couverte et du voyage \u00e0 v\u00e9lo.<\/p>\n\n\n\n<h2 class=\"wp-block-heading\">Fonctionnement du challenge<\/h2>\n\n\n\n<p>Le Club des Cent Cols a cr\u00e9\u00e9 le&nbsp;<strong>Challenge &nbsp;des Lignes de Partage des Eaux \u00a0\u00bb&nbsp;inter-mer\u00a0\u00bb&nbsp; des Alpes (LPEA)<\/strong> dont l\u2019objectif est le franchissement de tous les cols routiers situ\u00e9s sur ces LPE. Soit&nbsp;:<\/p>\n\n\n\n<figure class=\"wp-block-table\"><table class=\"has-fixed-layout\"><tbody><tr><td>1 -LPE &nbsp;<a href=\"https:\/\/cyclotourisme-grenoble-ctg.org\/CTG\/page-1-les-cols-situes-sur-la-ligne-de-partage-des-eaux-mer-du-nord-adriatique\/\" target=\"_blank\" rel=\"noopener noreferrer\">Mer du Nord \/ Adriatique<\/a><\/td><td>4 cols<\/td><\/tr><tr><td>2 &#8211; LPE <a href=\"https:\/\/cyclotourisme-grenoble-ctg.org\/CTG\/page-2-les-cols-situes-sur-la-ligne-de-partage-des-eaux-mediterranee-occidentale-adriatique\/\" target=\"_blank\" rel=\"noopener noreferrer\">M\u00e9diterran\u00e9e Occidentale. \/ Adriatique<\/a><\/td><td>27 cols<\/td><\/tr><tr><td>3 &#8211; LPE <a href=\"https:\/\/cyclotourisme-grenoble-ctg.org\/CTG\/page-3-les-cols-situes-sur-la-ligne-de-partage-des-eaux-mediterranee-occidentale-mer-du-nord\/\" target=\"_blank\" rel=\"noopener noreferrer\">Mer du Nord \/ M\u00e9diterran\u00e9e Occidentale<\/a><\/td><td>17 cols<\/td><\/tr><tr><td>4 &#8211; LPE <a href=\"https:\/\/cyclotourisme-grenoble-ctg.org\/CTG\/page-4-les-cols-situes-sur-la-ligne-de-partage-des-eaux-mer-noire-mer-du-nord\/\" target=\"_blank\" rel=\"noopener noreferrer\">Mer du Nord \/ Mer Noire<\/a><\/td><td>9 cols<\/td><\/tr><tr><td>5 -LPE <a href=\"https:\/\/cyclotourisme-grenoble-ctg.org\/CTG\/page-5-les-cols-situes-sur-la-ligne-de-partage-des-eaux-mer-noire-adriatique\/\" target=\"_blank\" rel=\"noopener noreferrer\">Mer Noire \/ Adriatique<\/a><\/td><td>23 cols<\/td><\/tr><tr><td><strong>Total (LPE Alpes)<\/strong><\/td><td><strong>80&nbsp; cols<\/strong><\/td><\/tr><\/tbody><\/table><\/figure>\n\n\n\n<p>Les cols sont ceux inscrits dans les catalogues de cols de la Confr\u00e9rie des Cent Cols des pays concern\u00e9s \u00e0 la date d\u2019inscription au challenge. Ils sont list\u00e9s en fin de ce document et &nbsp;dans le tableau excel d\u00e9crit ci-dessous. Celui-ci sert \u00e0 la d\u00e9claration des cols. Il&nbsp; est envoy\u00e9 au participant lors de son inscription.<br>Les cols peuvent \u00eatre escalad\u00e9s dans n\u2019importe quel ordre (mais en conformit\u00e9 avec la <a href=\"http:\/\/centcols.org\/regle-du-jeu\/\" target=\"_blank\" rel=\"noopener noreferrer\">r\u00e8gle du jeu du club des 100 cols)<\/a>.<\/p>\n\n\n\n<p><span style=\"color: #ff0000;\"><em style=\"font-weight: 400;\">A la cr\u00e9ation du challenge, 78 cols, situ\u00e9s sur les LPE des Alpes, \u00e9taient r\u00e9f\u00e9renc\u00e9s dans les catalogues.&nbsp; En 2020, le Col de Gourze <span style=\"color: #0000ff;\">(<\/span><\/em><span style=\"font-weight: 400; color: #0000ff;\"><a style=\"color: #0000ff;\" href=\"http:\/\/centcols.org\/util\/geo\/visuGen.php?code=CH-VD-0799\"><em>CH-VD-0799<\/em><\/a><\/span><em style=\"font-weight: 400;\"><span style=\"color: #0000ff;\">)<\/span> et en 2022, Le Basset&nbsp;<\/em><em style=\"font-weight: 400;\"><span style=\"color: #0000ff;\">(<a style=\"color: #0000ff;\" href=\"https:\/\/centcols.org\/util\/geo\/visu.php?code=CH-VD-0683\"><em>CH-VD-<\/em><em>0<\/em><em>683<\/em><\/a>)<\/span>&nbsp;<\/em><em style=\"font-weight: 400;\">ont \u00e9t\u00e9 ajout\u00e9s au catalogue Suisse. Ils ont \u00e9t\u00e9 inclus dans le challenge (juillet 2022).<\/em><em style=\"font-weight: 400;\"><br><em>Pour les participants inscrits avant 2022, le challenge comporte l\u2019escalade des 78 cols&nbsp;(le col de Gourze et le Basset sont des options, conseill\u00e9es mais facultatives).<\/em><br><em>Pour les inscriptions re\u00e7ues \u00e0 partir de juillet 2022, le nombre de cols \u00e0 escalader est de 80.<\/em><\/em><\/span><\/p>\n\n\n\n<p>Des circuits permettant de joindre \u2013 au plus&nbsp; court \u2013 les cols des diverses LPE sont propos\u00e9s dans les articles descriptifs (voir liens dans la partie objectifs).<\/p>\n\n\n\n<p>Les cols escalad\u00e9s avant la cr\u00e9ation du challenge sont pris en compte.<\/p>\n\n\n\n<ul class=\"wp-block-list\">\n<li>Le Challenge LPEA <strong>\u00ab&nbsp;Platine&nbsp;\u00bb<\/strong> est obtenu quand le participant a franchi tous les cols situ\u00e9s sur les <strong>cinq LPE<\/strong> soit les 79 cols concern\u00e9s.<\/li>\n\n\n\n<li>Le Challenge LPE <strong>\u00abOr&nbsp;\u00bb<\/strong> est obtenu quand le participant a franchi tous les cols situ\u00e9s sur la <strong>ligne de partage des eaux Atlantique- M\u00e9diterran\u00e9e (LPE A\/M)<\/strong>&nbsp; soit 28&nbsp; cols (9 pour LPE Mer du Nord \/ Mer Noire,&nbsp; 4 pour LPE&nbsp; Mer du Nord \/ Adriatique et 16 pour la LPE Mer du Nord \/ M\u00e9diterran\u00e9e Occidentale),<\/li>\n\n\n\n<li>Le Challenge LPE&nbsp; <strong>\u00ab&nbsp;Argent&nbsp;\u00bb<\/strong> est obtenu quand le participant a franchi tous les cols de <strong>trois LPE<\/strong> (il peut \u00eatre confondu avec le Challenge Or, si ces 3 LPE sont celles de la LPE Atlantique\/ M\u00e9diterran\u00e9e.<\/li>\n\n\n\n<li>Le Challenge LPE <strong>\u00ab&nbsp;Bronze&nbsp;\u00bb<\/strong> est obtenu quand le participant a franchi tous les cols de <strong>deux LPE<\/strong>.<\/li>\n<\/ul>\n\n\n\n<h2 class=\"wp-block-heading\">Inscription<\/h2>\n\n\n\n<p><a href=\"https:\/\/centcols.org\/wp-content\/uploads\/2025\/08\/bichallengelpe.pdf\" target=\"_blank\" rel=\"noopener noreferrer\">T\u00e9l\u00e9charger le bulletin d&rsquo;inscription (pdf)<\/a>,\u00a0 <a href=\"https:\/\/centcols.org\/wp-content\/uploads\/2025\/08\/bichallengelpe.zip\" target=\"_blank\" rel=\"noreferrer noopener\">ou au format Word<\/a>\u00a0ou le demander aupr\u00e8s du responsable du challenge [email]&#x4c;&#x50;&#x45;&#x64;&#x65;&#x73;&#x41;&#x6c;&#x70;&#x65;&#x73;&#x40;&#x63;&#x65;&#x6e;&#x74;&#x63;&#x6f;&#x6c;&#x73;&#x2e;&#x6f;&#114;&#103;[\/email]<\/p>\n\n\n\n<ul class=\"wp-block-list\">\n<li>Un num\u00e9ro sera attribu\u00e9 dans l\u2019ordre des inscriptions.<\/li>\n\n\n\n<li>Un num\u00e9ro sera attribu\u00e9 \u00e0 la r\u00e9ception de la d\u00e9claration d\u2019ach\u00e8vement du challenge<\/li>\n<\/ul>\n\n\n\n<p>A r\u00e9ception du bulletin d\u2019inscription, le responsable communiquera au demandeur&nbsp; le tableau d\u00e9claratif dans lequel sont list\u00e9s les cols de chaque LPE.<\/p>\n\n\n\n<p>Ce tableau est constitu\u00e9 de 7 feuilles, une pour chacune des 5 LPE, et deux feuilles r\u00e9capitulatives. Il permet au participant de g\u00e9rer sa liste des cols escalad\u00e9s et de visualiser sa progression.<\/p>\n\n\n\n<p>Pour chaque LPE sont indiqu\u00e9s dans la feuille correspondante, les noms, altitudes, codes et acc\u00e8s des cols, ainsi qu\u2019un lien vers le visualiseur de col. Pour les cols frontaliers, les indications des diff\u00e9rents catalogues on \u00e9t\u00e9 incluses.<br>Le participant indiquera dans la colonne \u00ab\u00a0date\u00a0\u00bb une information de son choix (<em>en format num\u00e9rique&nbsp;: par exemple<\/em> <em>la date d\u2019escalade ou un num\u00e9ro d\u2019ordre<\/em>) pour chaque col escalad\u00e9, excel calculera le nombre de cols escalad\u00e9s pour la LPE correspondante. Cette information sera report\u00e9e automatiquement dans la feuille r\u00e9capitulation. Lorsque tous les cols situ\u00e9s sur une LPE seront escalad\u00e9s, cela sera indiqu\u00e9 dans la feuille r\u00e9capitulation. Celle-ci indiquera \u00e9galement, le niveau (de bronze \u00e0 platine) de challenge obtenu.<br>La d\u00e9claration se fait par transmission du fichier Excel renseign\u00e9 (et nomm\u00e9 999-NOM Challenge LPE Alpes \u2013 <em>999=Num\u00e9ro d\u2019ordre d\u2019inscription au challenge<\/em>) au responsable du Challenge [email]&#x4c;&#80;&#x45;&#x64;&#101;&#x73;&#x41;&#108;&#x70;&#x65;&#115;&#x40;&#x63;e&#x6e;&#x74;c&#x6f;&#108;s&#x2e;&#111;r&#x67;[\/email], le responsable analyse les r\u00e9sultats et \u00e9tablit le Tableau d\u2019Honneur.<\/p>\n\n\n\n<p>Apr\u00e8s obtention des challenges \u00ab&nbsp;Or&nbsp;\u00bb et \u00ab&nbsp;Platine&nbsp;\u00bb, sur demande du participant, le responsable du challenge pr\u00e9parera un dipl\u00f4me attestant l\u2019obtention du&nbsp; <strong><u>Challenge \u00ab&nbsp;Or&nbsp;\u00bb ou \u00ab&nbsp;Platine&nbsp;\u00bb des Lignes de Partage des <\/u><\/strong><strong><u>Eaux \u00a0\u00bb&nbsp;inter-mer\u00a0\u00bbdes Alpes (LPEA) <\/u><\/strong><\/p>\n\n\n\n<p>Le participant aura la possibilit\u00e9 de l\u2019imprimer lui-m\u00eame, de se le faire envoyer par le responsable du challenge contre la somme de six euros. <em>(Cette somme comprend le co\u00fbt du papier sp\u00e9cial, l\u2019impression et l\u2019envoi postal).<\/em> <strong>Uniquement<\/strong> le dipl\u00f4me&nbsp; de Challenge <strong><u>\u00ab&nbsp;Platine&nbsp;\u00bb<\/u><\/strong> peut \u00eatre remis en main propre&nbsp; lors des manifestations du Club des Cent Cols.<\/p>\n\n\n\n<p>Un Tableau d\u2019Honneur des d\u00e9tenteurs de chaque Challenge et des participants inscrits&nbsp; (avec leur degr\u00e9 de progression) sera \u00e9tabli. Dans un premier temps cette liste sera disponible aupr\u00e8s du responsable du challenge, les conditions de son insertion dans les publications du Club des 100 cols publi\u00e9e seront d\u00e9cid\u00e9es ult\u00e9rieurement. (Un participant pourra demander que son nom ne figure pas dans la liste publi\u00e9e)<\/p>\n\n\n\n<h2 class=\"wp-block-heading\">R\u00e8glement du challenge<\/h2>\n\n\n\n<ul class=\"wp-block-list\">\n<li>Ce challenge est ouvert aux membres et aux non membres du Club des Cent Cols.<\/li>\n\n\n\n<li>Pour s\u2019inscrire au Challenge, il faut : remplir&nbsp;<a aria-label=\" (opens in a new tab)\" href=\"https:\/\/centcols.org\/wp-content\/uploads\/2025\/08\/bichallengelpe.pdf\" target=\"_blank\" rel=\"noreferrer noopener\">le bulletin d\u2019inscription<\/a> valant acceptation de ce r\u00e8glement<\/li>\n\n\n\n<li>Le but du Challenge est de franchir tous les cols situ\u00e9s sur les LPE \u00a0\u00bb inter-mer\u00a0\u00bb des Alpes. La liste des cols est \u00e9tablie par le Club des Cent Cols selon des crit\u00e8res stricts de topographie et de toponymie.<\/li>\n\n\n\n<li>Les cols doivent \u00eatre gravis conform\u00e9ment \u00e0 la r\u00e8gle du jeu du Club des Cent Cols.<\/li>\n\n\n\n<li>Chaque col gravi est d\u00e9clar\u00e9 comme tel sur la bonne foi du participant<\/li>\n\n\n\n<li>Il n\u2019y a pas de d\u00e9lai impos\u00e9..<\/li>\n\n\n\n<li>Un brevet est remis lorsque tous les cols situ\u00e9 sur les LPE des Alpes &nbsp;sont gravis.<\/li>\n<\/ul>\n\n\n\n<h2 class=\"wp-block-heading\">LISTE DES COLS<\/h2>\n\n\n\n<h3 class=\"wp-block-heading\"><strong>&nbsp;<\/strong><strong>1 -LPE&nbsp; Mer du Nord \/ Adriatique &nbsp;&nbsp;&nbsp;&nbsp;&nbsp;&nbsp;&nbsp;&nbsp;&nbsp;&nbsp;&nbsp;&nbsp;&nbsp;&nbsp;&nbsp;&nbsp;&nbsp;&nbsp;&nbsp;&nbsp;&nbsp;&nbsp;&nbsp;&nbsp;&nbsp;&nbsp;&nbsp;&nbsp;&nbsp;&nbsp;&nbsp;&nbsp;&nbsp;&nbsp;&nbsp;&nbsp;&nbsp;&nbsp;&nbsp;&nbsp;&nbsp; 4 cols<\/strong><\/h3>\n\n\n\n<figure class=\"wp-block-table\"><table class=\"has-fixed-layout\"><tbody><tr><td>1<\/td><td>Passo del San Gottardo \/ Gotthardpass<\/td><td colspan=\"2\"><a href=\"http:\/\/centcols.org\/util\/geo\/visuGen.php?code=CH-TI-2091\">CH-TI-2091<\/a><\/td><\/tr><tr><td>2<\/td><td>Passo del Lucomagno \/ Lukmanierpass<\/td><td colspan=\"2\"><a href=\"http:\/\/centcols.org\/util\/geo\/visuGen.php?code=CH-GR-1915\">CH-GR-1915<\/a><\/td><\/tr><tr><td>3<\/td><td>Passo del San Bernardino \/ Bernhardinpass<\/td><td colspan=\"2\"><a href=\"http:\/\/centcols.org\/util\/geo\/visuGen.php?code=CH-GR-2065a\">CH-GR-2065a<\/a><\/td><\/tr><tr><td>4<\/td><td>Spl\u00fcgenpass \/ Passo della Spluga<\/td><td><a href=\"http:\/\/centcols.org\/util\/geo\/visuGen.php?code=CH-GR-2115b\">CH-GR-2115b<\/a><\/td><td><a href=\"http:\/\/centcols.org\/util\/geo\/visuGen.php?code=IT-SO-2115\">IT-SO-2115<\/a><\/td><\/tr><\/tbody><\/table><\/figure>\n\n\n\n<h3 class=\"wp-block-heading\"><strong>2 &#8211; LPE <\/strong><strong>M\u00e9diterran\u00e9e Occidentale. \/ Adriatique<\/strong><strong>&nbsp;&nbsp;&nbsp;&nbsp;&nbsp;&nbsp;&nbsp;&nbsp;&nbsp;&nbsp;&nbsp;&nbsp;&nbsp;&nbsp;&nbsp;&nbsp;&nbsp;&nbsp; 27 cols<\/strong><\/h3>\n\n\n\n<figure class=\"wp-block-table\"><table class=\"has-fixed-layout\"><tbody><tr><td>1<\/td><td>Nufenenpass \/ Passo della Novena<\/td><td colspan=\"2\"><a href=\"http:\/\/centcols.org\/util\/geo\/visuGen.php?code=CH-TI-2478b\">CH-TI-2478b<\/a><\/td><\/tr><tr><td>2<\/td><td>Simplonpass \/ Col du Simplon<\/td><td colspan=\"2\"><a href=\"http:\/\/centcols.org\/util\/geo\/visuGen.php?code=CH-VS-2005\">CH-VS-2005<\/a><\/td><\/tr><tr><td>3<\/td><td>Col du Grand St. Bernard \/ Colle del Gran San Bernardo<\/td><td><a href=\"http:\/\/centcols.org\/util\/geo\/visuGen.php?code=CH-VS-2469a\">CH-VS-2469a<\/a><\/td><td><a href=\"http:\/\/centcols.org\/util\/geo\/visuGen.php?code=IT-AO-2473\">IT-AO-2473<\/a><\/td><\/tr><tr><td>4<\/td><td>Col du Petit Saint-Bernard<\/td><td><a href=\"http:\/\/centcols.org\/util\/geo\/visuGen.php?code=FR-73-2188\">FR-73-2188<\/a><\/td><td><a href=\"http:\/\/centcols.org\/util\/geo\/visuGen.php?code=IT-AO-2188\">IT-AO-2188<\/a><\/td><\/tr><tr><td>5<\/td><td>Col du Mont Cenis<\/td><td colspan=\"2\"><a href=\"http:\/\/centcols.org\/util\/geo\/visuGen.php?code=FR-73-2081\">FR-73-2081<\/a><\/td><\/tr><tr><td>6<\/td><td>Col du Petit Mont Cenis<\/td><td colspan=\"2\"><a href=\"http:\/\/centcols.org\/util\/geo\/visuGen.php?code=FR-73-2183b\">FR-73-2183b<\/a><\/td><\/tr><tr><td>7<\/td><td>Col de l&rsquo;Echelle<\/td><td colspan=\"2\"><a href=\"http:\/\/centcols.org\/util\/geo\/visuGen.php?code=FR-05-1762\">FR-05-1762<\/a><\/td><\/tr><tr><td>8<\/td><td>Le Mauvais Pas<\/td><td colspan=\"2\"><a href=\"http:\/\/centcols.org\/util\/geo\/visuGen.php?code=FR-05-1779\">FR-05-1779<\/a><\/td><\/tr><tr><td>9<\/td><td>Col de Montgen\u00e8vre<\/td><td colspan=\"2\"><a href=\"http:\/\/centcols.org\/util\/geo\/visuGen.php?code=FR-05-1850\">FR-05-1850<\/a><\/td><\/tr><tr><td>10<\/td><td>Col Agnel \/&nbsp; Colle dell&rsquo;Agnello<\/td><td><a href=\"http:\/\/centcols.org\/util\/geo\/visuGen.php?code=FR-05-2744\">FR-05-2744<\/a><\/td><td><a href=\"http:\/\/centcols.org\/util\/geo\/visuGen.php?code=IT-CN-2748\">IT-CN-2748<\/a><\/td><\/tr><tr><td>11<\/td><td>Col de Larche \/ Colle della Maddalena<\/td><td><a href=\"http:\/\/centcols.org\/util\/geo\/visuGen.php?code=FR-04-1991\">FR-04-1991<\/a><\/td><td><a href=\"http:\/\/centcols.org\/util\/geo\/visuGen.php?code=IT-CN-1996\">IT-CN-1996<\/a><\/td><\/tr><tr><td>12<\/td><td>Col de la Lombarde \/ Colle della Lombarda<\/td><td><a href=\"http:\/\/centcols.org\/util\/geo\/visuGen.php?code=FR-06-2350a\">FR-06-2350a<\/a><\/td><td><a href=\"http:\/\/centcols.org\/util\/geo\/visuGen.php?code=IT-CN-2351\">IT-CN-2351<\/a><\/td><\/tr><tr><td>13<\/td><td>Col de Tende Ouest \/Colle di Tenda<\/td><td><a href=\"http:\/\/centcols.org\/util\/geo\/visuGen.php?code=FR-06-1871\">FR-06-1871<\/a><\/td><td><a href=\"http:\/\/centcols.org\/util\/geo\/visuGen.php?code=IT-CN-1871\">IT-CN-1871<\/a><\/td><\/tr><tr><td>14<\/td><td>Colla San Bernardo<em> (di Mendatica)<\/em><\/td><td colspan=\"2\"><a href=\"http:\/\/centcols.org\/util\/geo\/visuGen.php?code=IT-IM-1263\">IT-IM-1263<\/a><\/td><\/tr><tr><td>15<\/td><td>Colla Rinella<\/td><td colspan=\"2\"><a href=\"http:\/\/centcols.org\/util\/geo\/visuGen.php?code=IT-IM-1281\">IT-IM-1281<\/a><\/td><\/tr><tr><td>16<\/td><td>Colla del Fieno<\/td><td colspan=\"2\"><a href=\"http:\/\/centcols.org\/util\/geo\/visuGen.php?code=IT-IM-1242\">IT-IM-1242<\/a><\/td><\/tr><tr><td>17<\/td><td>Colla dei Boschetti<\/td><td colspan=\"2\"><a href=\"http:\/\/centcols.org\/util\/geo\/visuGen.php?code=IT-IM-1229\">IT-IM-1229<\/a><\/td><\/tr><tr><td>18<\/td><td>Colle di Nava<\/td><td colspan=\"2\"><a href=\"http:\/\/centcols.org\/util\/geo\/visuGen.php?code=IT-IM-0941\">IT-IM-0941<\/a><\/td><\/tr><tr><td>19<\/td><td>Colla di San Bernardo<\/td><td colspan=\"2\"><a href=\"http:\/\/centcols.org\/util\/geo\/visuGen.php?code=IT-IM-1052\">IT-IM-1052<\/a><\/td><\/tr><tr><td>20<\/td><td>Passo di Prale<\/td><td colspan=\"2\"><a href=\"http:\/\/centcols.org\/util\/geo\/visuGen.php?code=IT-CN-1269b\">IT-CN-1269b<\/a><\/td><\/tr><tr><td>21<\/td><td>Colle Caprauna<\/td><td colspan=\"2\"><a href=\"http:\/\/centcols.org\/util\/geo\/visuGen.php?code=IT-CN-1376\">IT-CN-1376<\/a><\/td><\/tr><tr><td>22<\/td><td>Colle di San Bernardo<\/td><td colspan=\"2\"><a href=\"http:\/\/centcols.org\/util\/geo\/visuGen.php?code=IT-CN-0957\">IT-CN-0957<\/a><\/td><\/tr><tr><td>23<\/td><td>Colle Scravaion<\/td><td colspan=\"2\"><a href=\"http:\/\/centcols.org\/util\/geo\/visuGen.php?code=IT-SV-0820\">IT-SV-0820<\/a><\/td><\/tr><tr><td>24<\/td><td>Giogo di Toirano<\/td><td colspan=\"2\"><a href=\"http:\/\/centcols.org\/util\/geo\/visuGen.php?code=IT-SV-0807\">IT-SV-0807<\/a><\/td><\/tr><tr><td>25<\/td><td>Colle di Melogno<\/td><td colspan=\"2\"><a href=\"http:\/\/centcols.org\/util\/geo\/visuGen.php?code=IT-SV-1028\">IT-SV-1028<\/a><\/td><\/tr><tr><td>26<\/td><td>Bocchetta di Altare<\/td><td colspan=\"2\"><a href=\"http:\/\/centcols.org\/util\/geo\/visuGen.php?code=IT-SV-0440\">IT-SV-0440<\/a><\/td><\/tr><tr><td>27<\/td><td>Colle di Cadibona (tunnel)<\/td><td colspan=\"2\"><a href=\"http:\/\/centcols.org\/util\/geo\/visuGen.php?code=IT-SV-0435\">IT-SV-0435<\/a><\/td><\/tr><\/tbody><\/table><\/figure>\n\n\n\n<h3 class=\"wp-block-heading\"><strong>&nbsp;<\/strong><strong>3 &#8211; LPE Mer du Nord \/ M\u00e9diterran\u00e9e Occidentale.&nbsp;&nbsp;&nbsp;&nbsp;&nbsp;&nbsp;&nbsp;&nbsp;&nbsp;&nbsp;&nbsp;&nbsp;&nbsp;&nbsp; 17 cols<\/strong><strong>&nbsp;&nbsp;&nbsp;&nbsp;&nbsp;&nbsp;&nbsp;&nbsp;&nbsp;&nbsp;&nbsp;&nbsp;&nbsp;&nbsp;&nbsp;&nbsp;&nbsp; <\/strong><\/h3>\n\n\n\n<figure class=\"wp-block-table\"><table class=\"has-fixed-layout\"><tbody><tr><td>1<\/td><td>Furkapass \/Col de la Furka<\/td><td><a href=\"http:\/\/centcols.org\/util\/geo\/visuGen.php?code=CH-UR-2429c\">CH-UR-2429c<\/a><\/td><\/tr><tr><td>2<\/td><td>Grimselpass \/ Col du Grimsel<\/td><td><a href=\"http:\/\/centcols.org\/util\/geo\/visuGen.php?code=CH-BE-2165b\">CH-BE-2165b<\/a><\/td><\/tr><tr><td>3<\/td><td>Col du Sanetsch \/ Sanetschpass<\/td><td><a href=\"http:\/\/centcols.org\/util\/geo\/visuGen.php?code=CH-VS-2252\">CH-VS-2252<\/a><\/td><\/tr><tr><td>4<\/td><td>Col du Pillon<\/td><td><a href=\"http:\/\/centcols.org\/util\/geo\/visuGen.php?code=CH-VD-1546a\">CH-VD-1546a<\/a><\/td><\/tr><tr><td>5<\/td><td>Col des Mosses<\/td><td><a href=\"http:\/\/centcols.org\/util\/geo\/visuGen.php?code=CH-VD-1445\">CH-VD-1445<\/a><\/td><\/tr><tr><td>6<\/td><td>Col de la Pierre du Mouell\u00e9<\/td><td><a href=\"http:\/\/centcols.org\/util\/geo\/visuGen.php?code=CH-VD-1661\">CH-VD-1661<\/a><\/td><\/tr><tr><td>7<\/td><td>Col d&rsquo;Ayerne<\/td><td><a href=\"http:\/\/centcols.org\/util\/geo\/visuGen.php?code=CH-VD-1465\">CH-VD-1465<\/a><\/td><\/tr><tr><td>8<\/td><td>Col de Chaude<\/td><td><a href=\"http:\/\/centcols.org\/util\/geo\/visuGen.php?code=CH-VD-1621\">CH-VD-1621<\/a><\/td><\/tr><tr><td>9<\/td><td>Col de Jaman<\/td><td><a href=\"http:\/\/centcols.org\/util\/geo\/visuGen.php?code=CH-VD-1512\">CH-VD-1512<\/a><\/td><\/tr><tr><td>10<\/td><td>Le Creux<\/td><td><a href=\"http:\/\/centcols.org\/util\/geo\/visuGen.php?code=CH-FR-1490\">CH-FR-1490<\/a><\/td><\/tr><tr><td>11<\/td><td>Col de Belle Chaux<\/td><td><a href=\"http:\/\/centcols.org\/util\/geo\/visuGen.php?code=CH-FR-1510a\">CH-FR-1510a<\/a><\/td><\/tr><tr><td>12<\/td><td>Col de Villard<\/td><td><a href=\"http:\/\/centcols.org\/util\/geo\/visuGen.php?code=CH-FR-1459b\">CH-FR-1459b<\/a><\/td><\/tr><tr><td>13<\/td><td>Col de Rathevel<\/td><td><a href=\"http:\/\/centcols.org\/util\/geo\/visuGen.php?code=CH-FR-1233\">CH-FR-1233<\/a><\/td><\/tr><tr><td>14<\/td><td>Seuil d&rsquo;Attalens<\/td><td><a href=\"http:\/\/centcols.org\/util\/geo\/visuGen.php?code=CH-VD-0753\">CH-VD-0753<\/a><\/td><\/tr><tr><td>15<\/td><td>Le Basset<\/td><td><a href=\"https:\/\/centcols.org\/util\/geo\/visu.php?code=CH-VD-0683\">CH-VD-0683<\/a><\/td><\/tr><tr><td>16<\/td><td>Col de Gourze<\/td><td><a href=\"http:\/\/centcols.org\/util\/geo\/visuGen.php?code=CH-VD-0799\">CH-VD-0799<\/a><\/td><\/tr><tr><td>17<\/td><td>Col du Chalet-\u00e0-Gobet<\/td><td><a href=\"http:\/\/centcols.org\/util\/geo\/visuGen.php?code=CH-VD-0872\">CH-VD-0872<\/a><\/td><\/tr><\/tbody><\/table><\/figure>\n\n\n\n<h3 class=\"wp-block-heading\">&nbsp;<\/h3>\n\n\n\n<h3 class=\"wp-block-heading\"><strong>4 &#8211; LPE Mer du Nord \/ Mer Noire&nbsp;&nbsp;&nbsp;&nbsp;&nbsp;&nbsp;&nbsp;&nbsp;&nbsp;&nbsp;&nbsp;&nbsp;&nbsp;&nbsp;&nbsp;&nbsp;&nbsp;&nbsp;&nbsp;&nbsp;&nbsp;&nbsp;&nbsp;&nbsp;&nbsp;&nbsp;&nbsp;&nbsp;&nbsp;&nbsp;&nbsp;&nbsp;&nbsp;&nbsp;&nbsp;&nbsp;&nbsp;&nbsp;&nbsp;&nbsp;&nbsp;&nbsp;&nbsp; 9 cols&nbsp;&nbsp; <\/strong><\/h3>\n\n\n\n<figure class=\"wp-block-table\"><table class=\"has-fixed-layout\"><tbody><tr><td>1<\/td><td>Julierpass<\/td><td><a href=\"http:\/\/centcols.org\/util\/geo\/visuGen.php?code=CH-GR-2284\">CH-GR-2284<\/a><\/td><\/tr><tr><td>2<\/td><td>Albulapass<\/td><td><a href=\"http:\/\/centcols.org\/util\/geo\/visuGen.php?code=CH-GR-2312\">CH-GR-2312<\/a><\/td><\/tr><tr><td>3<\/td><td>Fl\u00fcelapass<\/td><td><a href=\"http:\/\/centcols.org\/util\/geo\/visuGen.php?code=CH-GR-2383a\">CH-GR-2383a<\/a><\/td><\/tr><tr><td>4<\/td><td>Bielerh\u00f6he<\/td><td><a href=\"http:\/\/centcols.org\/util\/geo\/visuGen.php?code=AT-7-2037a\">AT-7-2037a<\/a><\/td><\/tr><tr><td>5<\/td><td>Zeinisjoch<\/td><td><a href=\"http:\/\/centcols.org\/util\/geo\/visuGen.php?code=AT-7-1842\">AT-7-1842<\/a><\/td><\/tr><tr><td>6<\/td><td>Arlbergpass<\/td><td><a href=\"http:\/\/centcols.org\/util\/geo\/visuGen.php?code=AT-7-1793\">AT-7-1793<\/a><\/td><\/tr><tr><td>7<\/td><td>Flexenpass<\/td><td><a href=\"http:\/\/centcols.org\/util\/geo\/visuGen.php?code=AT-8-1773\">AT-8-1773<\/a><\/td><\/tr><tr><td>8<\/td><td>Hochtannbergpass<\/td><td><a href=\"http:\/\/centcols.org\/util\/geo\/visuGen.php?code=AT-8-1676\">AT-8-1676<\/a><\/td><\/tr><tr><td>9<\/td><td>Riedbergpass<\/td><td><a href=\"http:\/\/centcols.org\/util\/geo\/visuDE.php?code=DE-BY-1420\">DE-BY-1420<\/a><\/td><\/tr><\/tbody><\/table><\/figure>\n\n\n\n<h3 class=\"wp-block-heading\"><strong>5 -LPE Mer Noire \/ Adriatique &nbsp;&nbsp;&nbsp;&nbsp;&nbsp;&nbsp;&nbsp;&nbsp;&nbsp;&nbsp;&nbsp;&nbsp;&nbsp;&nbsp;&nbsp;&nbsp;&nbsp;&nbsp;&nbsp;&nbsp;&nbsp;&nbsp;&nbsp;&nbsp;&nbsp;&nbsp;&nbsp;&nbsp;&nbsp;&nbsp;&nbsp;&nbsp;&nbsp;&nbsp;&nbsp;&nbsp;&nbsp;&nbsp;&nbsp;&nbsp;&nbsp;&nbsp;&nbsp;&nbsp;&nbsp;&nbsp;&nbsp; 23 cols<\/strong><\/h3>\n\n\n\n<figure class=\"wp-block-table\"><table class=\"has-fixed-layout\"><tbody><tr><td>1<\/td><td>&nbsp;Passo del Maloja \/Malojapass<\/td><td colspan=\"2\"><a href=\"http:\/\/centcols.org\/util\/geo\/visuCH.php?code=CH-GR-1790\"><strong>CH-GR-1790<\/strong><\/a><\/td><\/tr><tr><td>2<\/td><td>Passo del Bernina \/ Berninapass<\/td><td colspan=\"2\"><a href=\"http:\/\/centcols.org\/util\/geo\/visuGen.php?code=CH-GR-2307\"><strong>CH-GR-2307<\/strong><\/a><\/td><\/tr><tr><td>3<\/td><td>Forcola di Livigno<\/td><td><a href=\"http:\/\/centcols.org\/util\/geo\/visuGen.php?code=IT-SO-2315\"><strong>IT-SO-2315<\/strong><\/a><\/td><td><a href=\"http:\/\/centcols.org\/util\/geo\/visuGen.php?code=CH-GR-2315c\"><strong>CH-GR-2315c<\/strong><\/a><\/td><\/tr><tr><td>4<\/td><td>Passo di Foscagno<\/td><td colspan=\"2\"><a href=\"http:\/\/centcols.org\/util\/geo\/visuGen.php?code=IT-SO-2291\"><strong>IT-SO-2291<\/strong><\/a><\/td><\/tr><tr><td>5<\/td><td>Passo di Fraele<\/td><td colspan=\"2\"><a href=\"http:\/\/centcols.org\/util\/geo\/visuGen.php?code=IT-SO-1952\"><strong>IT-SO-1952<\/strong><\/a><\/td><\/tr><tr><td>6<\/td><td>Ofenpass \/ Pass dal Fuorn<\/td><td colspan=\"2\"><a href=\"http:\/\/centcols.org\/util\/geo\/visuGen.php?code=CH-GR-2149b\"><strong>CH-GR-2149b<\/strong><\/a><\/td><\/tr><tr><td>7<\/td><td>Passo di Resia \/ Reschenpass<\/td><td colspan=\"2\"><a href=\"http:\/\/centcols.org\/util\/geo\/visuGen.php?code=IT-BZ-1507\"><strong>IT-BZ-1507<\/strong><\/a><\/td><\/tr><tr><td>8<\/td><td>Passo del Rombo \/ Timmelsjoch<\/td><td><a href=\"http:\/\/centcols.org\/util\/geo\/visuGen.php?code=AT-7-2474\"><strong>AT-7-2474<\/strong><\/a><\/td><td><a href=\"http:\/\/centcols.org\/util\/geo\/visuGen.php?code=IT-BZ-2491\"><strong>IT-BZ-2491<\/strong><\/a><\/td><\/tr><tr><td>9<\/td><td>Passo del Brennero \/Brennerpass<\/td><td><a href=\"http:\/\/centcols.org\/util\/geo\/visuGen.php?code=AT-7-1370\"><strong>AT-7-1370<\/strong><\/a><\/td><td><a href=\"http:\/\/centcols.org\/util\/geo\/visuGen.php?code=IT-BZ-1375\"><strong>IT-BZ-1375<\/strong><\/a><\/td><\/tr><tr><td>10<\/td><td>Passo di Vizze \/ Pfitscher Joch<\/td><td><a href=\"http:\/\/centcols.org\/util\/geo\/visuGen.php?code=AT-7-2246\"><strong>AT-7-2246<\/strong><\/a><\/td><td><a href=\"http:\/\/centcols.org\/util\/geo\/visuGen.php?code=IT-BZ-2251\"><strong>IT-BZ-2251<\/strong><\/a><\/td><\/tr><tr><td>11<\/td><td>Passo di Gola \/ Klammljoch<\/td><td><a href=\"http:\/\/centcols.org\/util\/geo\/visuGen.php?code=AT-7-2288\"><strong>AT-7-2288<\/strong><\/a><\/td><td><a href=\"http:\/\/centcols.org\/util\/geo\/visuGen.php?code=IT-BZ-2288\"><strong>IT-BZ-2288<\/strong><\/a><\/td><\/tr><tr><td>12<\/td><td>Passo Stalle \/ Staller Sattel<\/td><td><a href=\"http:\/\/centcols.org\/util\/geo\/visuGen.php?code=AT-7-2052\"><strong>AT-7-2052<\/strong><\/a><\/td><td><a href=\"http:\/\/centcols.org\/util\/geo\/visuGen.php?code=IT-BZ-2052\"><strong>IT-BZ-2052<\/strong><\/a><\/td><\/tr><tr><td>13<\/td><td>Sella di Dobbiaco \/ Toblacher Sattel<\/td><td colspan=\"2\"><a href=\"http:\/\/centcols.org\/util\/geo\/visuGen.php?code=IT-BZ-1209\"><strong>IT-BZ-1209<\/strong><\/a><\/td><\/tr><tr><td>14<\/td><td>Passo Monte Croce Comelico \/Kreuzbergpass<\/td><td colspan=\"2\"><a href=\"http:\/\/centcols.org\/util\/geo\/visuGen.php?code=IT-BL-1637\">IT-BL-1637<\/a><\/td><\/tr><tr><td>15<\/td><td>Passo di Monte Croce Carnico \/ Pl\u00f6ckenpass<\/td><td><a href=\"http:\/\/centcols.org\/util\/geo\/visuGen.php?code=AT-2-1357b\"><strong>AT-2-1357b<\/strong><\/a><\/td><td><a href=\"http:\/\/centcols.org\/util\/geo\/visuGen.php?code=IT-UD-1360\"><strong>IT-UD-1360<\/strong><\/a><\/td><\/tr><tr><td>16<\/td><td>Passo di Pramollo \/ Nassfeldpass<\/td><td><a href=\"http:\/\/centcols.org\/util\/geo\/visuGen.php?code=AT-2-1530\"><strong>AT-2-1530<\/strong><\/a><\/td><td><a href=\"http:\/\/centcols.org\/util\/geo\/visuGen.php?code=IT-UD-1531\"><strong>IT-UD-1531<\/strong><\/a><\/td><\/tr><tr><td>17<\/td><td>Sella di Camporosso<\/td><td colspan=\"2\"><a href=\"http:\/\/centcols.org\/util\/geo\/visuGen.php?code=IT-UD-0814\"><strong>IT-UD-0814<\/strong><\/a><\/td><\/tr><tr><td>18<\/td><td>Sella Nevea<\/td><td colspan=\"2\"><a href=\"http:\/\/centcols.org\/util\/geo\/visuGen.php?code=IT-UD-1178\"><strong>IT-UD-1178<\/strong><\/a><\/td><\/tr><tr><td>19<\/td><td>Passo del Predil \/&nbsp; Predel<\/td><td><a href=\"http:\/\/centcols.org\/util\/geo\/visuGen.php?code=IT-UD-1156\"><strong>IT-UD-1156<\/strong><\/a><\/td><td><a href=\"http:\/\/centcols.org\/util\/geo\/visuGen.php?code=SI-1156\"><strong>SI-1156<\/strong><\/a><\/td><\/tr><tr><td>20<\/td><td>Forcella della Lavina \/ Klanska \u0161krbina<\/td><td><a href=\"http:\/\/centcols.org\/util\/geo\/visuGen.php?code=IT-UD-2068\"><strong>IT-UD-2068<\/strong><\/a><\/td><td><a href=\"http:\/\/centcols.org\/util\/geo\/visuGen.php?code=SI-2055\"><strong>SI-2055<\/strong><\/a><\/td><\/tr><tr><td>21<\/td><td>Preval Vr\u0161i\u010d \/ Passo di Moistrocca<\/td><td colspan=\"2\"><a href=\"http:\/\/centcols.org\/util\/geo\/visuGen.php?code=SI-1611\"><strong>SI-1611<\/strong><\/a><\/td><\/tr><tr><td>22<\/td><td>Bohinjsko sedlo<\/td><td colspan=\"2\"><a href=\"http:\/\/centcols.org\/util\/geo\/visuGen.php?code=SI-1277\"><strong>SI-1277<\/strong><\/a><\/td><\/tr><tr><td>23<\/td><td>Postojnska Vrata<\/td><td colspan=\"2\"><a href=\"http:\/\/centcols.org\/util\/geo\/visuGen.php?code=SI-0610\"><strong>SI-0610<\/strong><\/a><\/td><\/tr><\/tbody><\/table><\/figure>\n\n\n\n<p>&nbsp;<\/p>\n","protected":false},"excerpt":{"rendered":"<p>G\u00e9rard Galland nous propose ce challenge: Gravir tous les cols routiers situ\u00e9s sur les cinq principales LPE diff\u00e9rentes des Alpes \u00e0 savoir : 1 &#8211; Mer du Nord \/ Adriatique, 2 &#8211; M\u00e9diterran\u00e9e Occidentale \/ Adriatique, 3 &#8211; Mer du Nord \/ M\u00e9diterran\u00e9e O., 4 &#8211; Mer du Nord \/ Mer Noire, 5 &#8211; Mer [&hellip;]<\/p>\n","protected":false},"author":3,"featured_media":82159,"comment_status":"closed","ping_status":"open","sticky":false,"template":"","format":"standard","meta":{"_acf_changed":false,"footnotes":""},"categories":[219],"tags":[],"class_list":["post-82156","post","type-post","status-publish","format-standard","has-post-thumbnail","hentry","category-challenges"],"acf":[],"yoast_head":"<!-- This site is optimized with the Yoast SEO plugin v27.2 - https:\/\/yoast.com\/product\/yoast-seo-wordpress\/ -->\n<title>Challenge des cols routiers situ\u00e9s sur les \u00ab Lignes de partage des eaux inter-mer des Alpes \u00bb - Club des Cent Cols<\/title>\n<meta name=\"robots\" content=\"index, follow, max-snippet:-1, max-image-preview:large, max-video-preview:-1\" \/>\n<link rel=\"canonical\" href=\"https:\/\/centcols.org\/en\/challenge-des-cols-routiers-situes-sur-les-lignes-de-partage-des-eaux-inter-mer-des-alpes\/\" \/>\n<meta property=\"og:locale\" content=\"en_GB\" \/>\n<meta property=\"og:type\" content=\"article\" \/>\n<meta property=\"og:title\" content=\"Challenge des cols routiers situ\u00e9s sur les \u00ab Lignes de partage des eaux inter-mer des Alpes \u00bb - Club des Cent Cols\" \/>\n<meta property=\"og:description\" content=\"G\u00e9rard Galland nous propose ce challenge: Gravir tous les cols routiers situ\u00e9s sur les cinq principales LPE diff\u00e9rentes des Alpes \u00e0 savoir : 1 &#8211; Mer du Nord \/ Adriatique, 2 &#8211; M\u00e9diterran\u00e9e Occidentale \/ Adriatique, 3 &#8211; Mer du Nord \/ M\u00e9diterran\u00e9e O., 4 &#8211; Mer du Nord \/ Mer Noire, 5 &#8211; Mer [&hellip;]\" \/>\n<meta property=\"og:url\" content=\"https:\/\/centcols.org\/en\/challenge-des-cols-routiers-situes-sur-les-lignes-de-partage-des-eaux-inter-mer-des-alpes\/\" \/>\n<meta property=\"og:site_name\" content=\"Club des Cent Cols\" \/>\n<meta property=\"article:publisher\" content=\"https:\/\/www.facebook.com\/groups\/5261880558\/?locale=fr_FR\" \/>\n<meta property=\"article:published_time\" content=\"2019-08-01T16:42:37+00:00\" \/>\n<meta property=\"article:modified_time\" content=\"2025-10-02T17:32:09+00:00\" \/>\n<meta property=\"og:image\" content=\"https:\/\/centcols.org\/wp-content\/uploads\/2025\/05\/grandstbernard.jpg\" \/>\n\t<meta property=\"og:image:width\" content=\"1420\" \/>\n\t<meta property=\"og:image:height\" content=\"888\" \/>\n\t<meta property=\"og:image:type\" content=\"image\/jpeg\" \/>\n<meta name=\"author\" content=\"Webmestre\" \/>\n<meta name=\"twitter:card\" content=\"summary_large_image\" \/>\n<meta name=\"twitter:label1\" content=\"Written by\" \/>\n\t<meta name=\"twitter:data1\" content=\"Webmestre\" \/>\n\t<meta name=\"twitter:label2\" content=\"Estimated reading time\" \/>\n\t<meta name=\"twitter:data2\" content=\"14 minutes\" \/>\n<script type=\"application\/ld+json\" class=\"yoast-schema-graph\">{\"@context\":\"https:\/\/schema.org\",\"@graph\":[{\"@type\":\"Article\",\"@id\":\"https:\/\/centcols.org\/challenge-des-cols-routiers-situes-sur-les-lignes-de-partage-des-eaux-inter-mer-des-alpes\/#article\",\"isPartOf\":{\"@id\":\"https:\/\/centcols.org\/challenge-des-cols-routiers-situes-sur-les-lignes-de-partage-des-eaux-inter-mer-des-alpes\/\"},\"author\":{\"name\":\"Webmestre\",\"@id\":\"https:\/\/centcols.org\/#\/schema\/person\/911b404fb133d8c913dd27cdcf71c8e5\"},\"headline\":\"Challenge des cols routiers situ\u00e9s sur les \u00ab Lignes de partage des eaux inter-mer des Alpes \u00bb\",\"datePublished\":\"2019-08-01T16:42:37+00:00\",\"dateModified\":\"2025-10-02T17:32:09+00:00\",\"mainEntityOfPage\":{\"@id\":\"https:\/\/centcols.org\/challenge-des-cols-routiers-situes-sur-les-lignes-de-partage-des-eaux-inter-mer-des-alpes\/\"},\"wordCount\":2656,\"publisher\":{\"@id\":\"https:\/\/centcols.org\/#organization\"},\"image\":{\"@id\":\"https:\/\/centcols.org\/challenge-des-cols-routiers-situes-sur-les-lignes-de-partage-des-eaux-inter-mer-des-alpes\/#primaryimage\"},\"thumbnailUrl\":\"https:\/\/centcols.org\/wp-content\/uploads\/2025\/05\/grandstbernard.jpg\",\"articleSection\":[\"Challenges\"],\"inLanguage\":\"en-GB\"},{\"@type\":\"WebPage\",\"@id\":\"https:\/\/centcols.org\/challenge-des-cols-routiers-situes-sur-les-lignes-de-partage-des-eaux-inter-mer-des-alpes\/\",\"url\":\"https:\/\/centcols.org\/challenge-des-cols-routiers-situes-sur-les-lignes-de-partage-des-eaux-inter-mer-des-alpes\/\",\"name\":\"Challenge des cols routiers situ\u00e9s sur les \u00ab Lignes de partage des eaux inter-mer des Alpes \u00bb - Club des Cent Cols\",\"isPartOf\":{\"@id\":\"https:\/\/centcols.org\/#website\"},\"primaryImageOfPage\":{\"@id\":\"https:\/\/centcols.org\/challenge-des-cols-routiers-situes-sur-les-lignes-de-partage-des-eaux-inter-mer-des-alpes\/#primaryimage\"},\"image\":{\"@id\":\"https:\/\/centcols.org\/challenge-des-cols-routiers-situes-sur-les-lignes-de-partage-des-eaux-inter-mer-des-alpes\/#primaryimage\"},\"thumbnailUrl\":\"https:\/\/centcols.org\/wp-content\/uploads\/2025\/05\/grandstbernard.jpg\",\"datePublished\":\"2019-08-01T16:42:37+00:00\",\"dateModified\":\"2025-10-02T17:32:09+00:00\",\"breadcrumb\":{\"@id\":\"https:\/\/centcols.org\/challenge-des-cols-routiers-situes-sur-les-lignes-de-partage-des-eaux-inter-mer-des-alpes\/#breadcrumb\"},\"inLanguage\":\"en-GB\",\"potentialAction\":[{\"@type\":\"ReadAction\",\"target\":[\"https:\/\/centcols.org\/challenge-des-cols-routiers-situes-sur-les-lignes-de-partage-des-eaux-inter-mer-des-alpes\/\"]}]},{\"@type\":\"ImageObject\",\"inLanguage\":\"en-GB\",\"@id\":\"https:\/\/centcols.org\/challenge-des-cols-routiers-situes-sur-les-lignes-de-partage-des-eaux-inter-mer-des-alpes\/#primaryimage\",\"url\":\"https:\/\/centcols.org\/wp-content\/uploads\/2025\/05\/grandstbernard.jpg\",\"contentUrl\":\"https:\/\/centcols.org\/wp-content\/uploads\/2025\/05\/grandstbernard.jpg\",\"width\":1420,\"height\":888},{\"@type\":\"BreadcrumbList\",\"@id\":\"https:\/\/centcols.org\/challenge-des-cols-routiers-situes-sur-les-lignes-de-partage-des-eaux-inter-mer-des-alpes\/#breadcrumb\",\"itemListElement\":[{\"@type\":\"ListItem\",\"position\":1,\"name\":\"Accueil\",\"item\":\"https:\/\/centcols.org\/\"},{\"@type\":\"ListItem\",\"position\":2,\"name\":\"Challenges\",\"item\":\"https:\/\/centcols.org\/rubrique\/challenges\/\"},{\"@type\":\"ListItem\",\"position\":3,\"name\":\"Challenge des cols routiers situ\u00e9s sur les \u00ab Lignes de partage des eaux inter-mer des Alpes \u00bb\"}]},{\"@type\":\"WebSite\",\"@id\":\"https:\/\/centcols.org\/#website\",\"url\":\"https:\/\/centcols.org\/\",\"name\":\"Club des Cent Cols\",\"description\":\"\",\"publisher\":{\"@id\":\"https:\/\/centcols.org\/#organization\"},\"potentialAction\":[{\"@type\":\"SearchAction\",\"target\":{\"@type\":\"EntryPoint\",\"urlTemplate\":\"https:\/\/centcols.org\/?s={search_term_string}\"},\"query-input\":{\"@type\":\"PropertyValueSpecification\",\"valueRequired\":true,\"valueName\":\"search_term_string\"}}],\"inLanguage\":\"en-GB\"},{\"@type\":\"Organization\",\"@id\":\"https:\/\/centcols.org\/#organization\",\"name\":\"Club des Cent Cols\",\"url\":\"https:\/\/centcols.org\/\",\"logo\":{\"@type\":\"ImageObject\",\"inLanguage\":\"en-GB\",\"@id\":\"https:\/\/centcols.org\/#\/schema\/logo\/image\/\",\"url\":\"https:\/\/centcols.org\/wp-content\/uploads\/2025\/01\/carte-icone.png\",\"contentUrl\":\"https:\/\/centcols.org\/wp-content\/uploads\/2025\/01\/carte-icone.png\",\"width\":250,\"height\":250,\"caption\":\"Club des Cent Cols\"},\"image\":{\"@id\":\"https:\/\/centcols.org\/#\/schema\/logo\/image\/\"},\"sameAs\":[\"https:\/\/www.facebook.com\/groups\/5261880558\/?locale=fr_FR\"]},{\"@type\":\"Person\",\"@id\":\"https:\/\/centcols.org\/#\/schema\/person\/911b404fb133d8c913dd27cdcf71c8e5\",\"name\":\"Webmestre\",\"image\":{\"@type\":\"ImageObject\",\"inLanguage\":\"en-GB\",\"@id\":\"https:\/\/centcols.org\/wp-content\/litespeed\/avatar\/2d246e4b6b4f773e08515e1ffc53690b.jpg?ver=1777222892\",\"url\":\"https:\/\/centcols.org\/wp-content\/litespeed\/avatar\/2d246e4b6b4f773e08515e1ffc53690b.jpg?ver=1777222892\",\"contentUrl\":\"https:\/\/centcols.org\/wp-content\/litespeed\/avatar\/2d246e4b6b4f773e08515e1ffc53690b.jpg?ver=1777222892\",\"caption\":\"Webmestre\"},\"url\":\"https:\/\/centcols.org\/en\/author\/webmestre\/\"}]}<\/script>\n<!-- \/ Yoast SEO plugin. -->","yoast_head_json":{"title":"Challenge of the road passes located on the \"Inter-Sea Watersheds of the Alps\" - Club des Cent Cols","robots":{"index":"index","follow":"follow","max-snippet":"max-snippet:-1","max-image-preview":"max-image-preview:large","max-video-preview":"max-video-preview:-1"},"canonical":"https:\/\/centcols.org\/en\/challenge-des-cols-routiers-situes-sur-les-lignes-de-partage-des-eaux-inter-mer-des-alpes\/","og_locale":"en_GB","og_type":"article","og_title":"Challenge des cols routiers situ\u00e9s sur les \u00ab Lignes de partage des eaux inter-mer des Alpes \u00bb - Club des Cent Cols","og_description":"G\u00e9rard Galland nous propose ce challenge: Gravir tous les cols routiers situ\u00e9s sur les cinq principales LPE diff\u00e9rentes des Alpes \u00e0 savoir : 1 &#8211; Mer du Nord \/ Adriatique, 2 &#8211; M\u00e9diterran\u00e9e Occidentale \/ Adriatique, 3 &#8211; Mer du Nord \/ M\u00e9diterran\u00e9e O., 4 &#8211; Mer du Nord \/ Mer Noire, 5 &#8211; Mer [&hellip;]","og_url":"https:\/\/centcols.org\/en\/challenge-des-cols-routiers-situes-sur-les-lignes-de-partage-des-eaux-inter-mer-des-alpes\/","og_site_name":"Club des Cent Cols","article_publisher":"https:\/\/www.facebook.com\/groups\/5261880558\/?locale=fr_FR","article_published_time":"2019-08-01T16:42:37+00:00","article_modified_time":"2025-10-02T17:32:09+00:00","og_image":[{"width":1420,"height":888,"url":"https:\/\/centcols.org\/wp-content\/uploads\/2025\/05\/grandstbernard.jpg","type":"image\/jpeg"}],"author":"Webmestre","twitter_card":"summary_large_image","twitter_misc":{"Written by":"Webmestre","Estimated reading time":"14 minutes"},"schema":{"@context":"https:\/\/schema.org","@graph":[{"@type":"Article","@id":"https:\/\/centcols.org\/challenge-des-cols-routiers-situes-sur-les-lignes-de-partage-des-eaux-inter-mer-des-alpes\/#article","isPartOf":{"@id":"https:\/\/centcols.org\/challenge-des-cols-routiers-situes-sur-les-lignes-de-partage-des-eaux-inter-mer-des-alpes\/"},"author":{"name":"Webmestre","@id":"https:\/\/centcols.org\/#\/schema\/person\/911b404fb133d8c913dd27cdcf71c8e5"},"headline":"Challenge des cols routiers situ\u00e9s sur les \u00ab Lignes de partage des eaux inter-mer des Alpes \u00bb","datePublished":"2019-08-01T16:42:37+00:00","dateModified":"2025-10-02T17:32:09+00:00","mainEntityOfPage":{"@id":"https:\/\/centcols.org\/challenge-des-cols-routiers-situes-sur-les-lignes-de-partage-des-eaux-inter-mer-des-alpes\/"},"wordCount":2656,"publisher":{"@id":"https:\/\/centcols.org\/#organization"},"image":{"@id":"https:\/\/centcols.org\/challenge-des-cols-routiers-situes-sur-les-lignes-de-partage-des-eaux-inter-mer-des-alpes\/#primaryimage"},"thumbnailUrl":"https:\/\/centcols.org\/wp-content\/uploads\/2025\/05\/grandstbernard.jpg","articleSection":["Challenges"],"inLanguage":"en-GB"},{"@type":"WebPage","@id":"https:\/\/centcols.org\/challenge-des-cols-routiers-situes-sur-les-lignes-de-partage-des-eaux-inter-mer-des-alpes\/","url":"https:\/\/centcols.org\/challenge-des-cols-routiers-situes-sur-les-lignes-de-partage-des-eaux-inter-mer-des-alpes\/","name":"Challenge of the road passes located on the \"Inter-Sea Watersheds of the Alps\" - Club des Cent Cols","isPartOf":{"@id":"https:\/\/centcols.org\/#website"},"primaryImageOfPage":{"@id":"https:\/\/centcols.org\/challenge-des-cols-routiers-situes-sur-les-lignes-de-partage-des-eaux-inter-mer-des-alpes\/#primaryimage"},"image":{"@id":"https:\/\/centcols.org\/challenge-des-cols-routiers-situes-sur-les-lignes-de-partage-des-eaux-inter-mer-des-alpes\/#primaryimage"},"thumbnailUrl":"https:\/\/centcols.org\/wp-content\/uploads\/2025\/05\/grandstbernard.jpg","datePublished":"2019-08-01T16:42:37+00:00","dateModified":"2025-10-02T17:32:09+00:00","breadcrumb":{"@id":"https:\/\/centcols.org\/challenge-des-cols-routiers-situes-sur-les-lignes-de-partage-des-eaux-inter-mer-des-alpes\/#breadcrumb"},"inLanguage":"en-GB","potentialAction":[{"@type":"ReadAction","target":["https:\/\/centcols.org\/challenge-des-cols-routiers-situes-sur-les-lignes-de-partage-des-eaux-inter-mer-des-alpes\/"]}]},{"@type":"ImageObject","inLanguage":"en-GB","@id":"https:\/\/centcols.org\/challenge-des-cols-routiers-situes-sur-les-lignes-de-partage-des-eaux-inter-mer-des-alpes\/#primaryimage","url":"https:\/\/centcols.org\/wp-content\/uploads\/2025\/05\/grandstbernard.jpg","contentUrl":"https:\/\/centcols.org\/wp-content\/uploads\/2025\/05\/grandstbernard.jpg","width":1420,"height":888},{"@type":"BreadcrumbList","@id":"https:\/\/centcols.org\/challenge-des-cols-routiers-situes-sur-les-lignes-de-partage-des-eaux-inter-mer-des-alpes\/#breadcrumb","itemListElement":[{"@type":"ListItem","position":1,"name":"Accueil","item":"https:\/\/centcols.org\/"},{"@type":"ListItem","position":2,"name":"Challenges","item":"https:\/\/centcols.org\/rubrique\/challenges\/"},{"@type":"ListItem","position":3,"name":"Challenge des cols routiers situ\u00e9s sur les \u00ab Lignes de partage des eaux inter-mer des Alpes \u00bb"}]},{"@type":"WebSite","@id":"https:\/\/centcols.org\/#website","url":"https:\/\/centcols.org\/","name":"Club des Cent Cols","description":"","publisher":{"@id":"https:\/\/centcols.org\/#organization"},"potentialAction":[{"@type":"SearchAction","target":{"@type":"EntryPoint","urlTemplate":"https:\/\/centcols.org\/?s={search_term_string}"},"query-input":{"@type":"PropertyValueSpecification","valueRequired":true,"valueName":"search_term_string"}}],"inLanguage":"en-GB"},{"@type":"Organization","@id":"https:\/\/centcols.org\/#organization","name":"Club des Cent Cols","url":"https:\/\/centcols.org\/","logo":{"@type":"ImageObject","inLanguage":"en-GB","@id":"https:\/\/centcols.org\/#\/schema\/logo\/image\/","url":"https:\/\/centcols.org\/wp-content\/uploads\/2025\/01\/carte-icone.png","contentUrl":"https:\/\/centcols.org\/wp-content\/uploads\/2025\/01\/carte-icone.png","width":250,"height":250,"caption":"Club des Cent Cols"},"image":{"@id":"https:\/\/centcols.org\/#\/schema\/logo\/image\/"},"sameAs":["https:\/\/www.facebook.com\/groups\/5261880558\/?locale=fr_FR"]},{"@type":"Person","@id":"https:\/\/centcols.org\/#\/schema\/person\/911b404fb133d8c913dd27cdcf71c8e5","name":"Webmaster","image":{"@type":"ImageObject","inLanguage":"en-GB","@id":"https:\/\/centcols.org\/wp-content\/litespeed\/avatar\/2d246e4b6b4f773e08515e1ffc53690b.jpg?ver=1777222892","url":"https:\/\/centcols.org\/wp-content\/litespeed\/avatar\/2d246e4b6b4f773e08515e1ffc53690b.jpg?ver=1777222892","contentUrl":"https:\/\/centcols.org\/wp-content\/litespeed\/avatar\/2d246e4b6b4f773e08515e1ffc53690b.jpg?ver=1777222892","caption":"Webmestre"},"url":"https:\/\/centcols.org\/en\/author\/webmestre\/"}]}},"_links":{"self":[{"href":"https:\/\/centcols.org\/en\/wp-json\/wp\/v2\/posts\/82156","targetHints":{"allow":["GET"]}}],"collection":[{"href":"https:\/\/centcols.org\/en\/wp-json\/wp\/v2\/posts"}],"about":[{"href":"https:\/\/centcols.org\/en\/wp-json\/wp\/v2\/types\/post"}],"author":[{"embeddable":true,"href":"https:\/\/centcols.org\/en\/wp-json\/wp\/v2\/users\/3"}],"replies":[{"embeddable":true,"href":"https:\/\/centcols.org\/en\/wp-json\/wp\/v2\/comments?post=82156"}],"version-history":[{"count":0,"href":"https:\/\/centcols.org\/en\/wp-json\/wp\/v2\/posts\/82156\/revisions"}],"wp:featuredmedia":[{"embeddable":true,"href":"https:\/\/centcols.org\/en\/wp-json\/wp\/v2\/media\/82159"}],"wp:attachment":[{"href":"https:\/\/centcols.org\/en\/wp-json\/wp\/v2\/media?parent=82156"}],"wp:term":[{"taxonomy":"category","embeddable":true,"href":"https:\/\/centcols.org\/en\/wp-json\/wp\/v2\/categories?post=82156"},{"taxonomy":"post_tag","embeddable":true,"href":"https:\/\/centcols.org\/en\/wp-json\/wp\/v2\/tags?post=82156"}],"curies":[{"name":"wp","href":"https:\/\/api.w.org\/{rel}","templated":true}]}}