{"id":82180,"date":"2019-11-24T10:05:06","date_gmt":"2019-11-24T08:05:06","guid":{"rendered":"https:\/\/centcols.org\/gstaad-suisse-sortie-vtt-25-juillet-2020\/"},"modified":"2025-09-14T19:13:24","modified_gmt":"2025-09-14T17:13:24","slug":"switzerland-2020-gstaad","status":"publish","type":"post","link":"https:\/\/centcols.org\/en\/suisse-2020-gstaad\/","title":{"rendered":"Gstaad, Switzerland, mountain bike outing, 25 July 2020"},"content":{"rendered":"\n<p>Samedi 25 juillet 2020, Gstaad, Suisse<\/p>\n\n\n\n<p><span lang=\"FR\">Rendez-vous au parking du t\u00e9l\u00e9ph\u00e9rique du Wispile \u00e0 8 h 30 pour le caf\u00e9,<strong> d\u00e9part \u00e0 9 h 00<br><\/strong>22 km, 950 m de d\u00e9nivel\u00e9, 3 cols :<br>&#8211; Col de Jable (CH-BE-1884)<br>&#8211; Trittlisattel (CH-BE-1850c)<br>&#8211; Col de Wild Boden (CH-BE-1651)<\/span><\/p>\n\n\n\n<figure class=\"wp-block-image size-full\"><img loading=\"lazy\" decoding=\"async\" width=\"741\" height=\"450\" src=\"https:\/\/centcols.org\/wp-content\/uploads\/2025\/05\/gstaad.png\" alt=\"\" class=\"wp-image-82181\"\/><\/figure>\n\n\n\n<h3 class=\"wp-block-heading\">Contact<\/h3>\n\n\n\n<p>Alain Besson<br>Chemin des Coumenets 11<br>CH-1000 Lausanne<br>T\u00e9l : (0041) 021 544 85 20&nbsp;&nbsp; Natel : (00 41) 079 612 21 17<br>[email]&#97;&#x31;&#98;&#x65;&#115;&#x73;&#111;&#x6e;&#64;&#x67;m&#x61;i&#x6c;&#46;&#99;&#x6f;&#109;[\/email]<\/p>\n","protected":false},"excerpt":{"rendered":"<p>Samedi 25 juillet 2020, Gstaad, Suisse Rendez-vous au parking du t\u00e9l\u00e9ph\u00e9rique du Wispile \u00e0 8 h 30 pour le caf\u00e9, d\u00e9part \u00e0 9 h 0022 km, 950 m de d\u00e9nivel\u00e9, 3 cols :&#8211; Col de Jable (CH-BE-1884)&#8211; Trittlisattel (CH-BE-1850c)&#8211; Col de Wild Boden (CH-BE-1651) Contact Alain BessonChemin des Coumenets 11CH-1000 LausanneT\u00e9l : (0041) 021 544 [&hellip;]<\/p>\n","protected":false},"author":136,"featured_media":82181,"comment_status":"closed","ping_status":"open","sticky":false,"template":"","format":"standard","meta":{"_acf_changed":false,"footnotes":""},"categories":[286,135,216],"tags":[],"class_list":["post-82180","post","type-post","status-publish","format-standard","has-post-thumbnail","hentry","category-les-rassemblements-de-2020","category-calendrier","category-rencontres-regionales"],"acf":[],"yoast_head":"<!-- This site is optimized with the Yoast SEO plugin v27.2 - https:\/\/yoast.com\/product\/yoast-seo-wordpress\/ -->\n<title>Gstaad, Suisse, sortie VTT, 25 juillet 2020 - Club des Cent Cols<\/title>\n<meta name=\"robots\" content=\"index, follow, max-snippet:-1, max-image-preview:large, max-video-preview:-1\" \/>\n<link rel=\"canonical\" href=\"https:\/\/centcols.org\/en\/switzerland-2020-gstaad\/\" \/>\n<meta property=\"og:locale\" content=\"en_GB\" \/>\n<meta property=\"og:type\" content=\"article\" \/>\n<meta property=\"og:title\" content=\"Gstaad, Suisse, sortie VTT, 25 juillet 2020 - Club des Cent Cols\" \/>\n<meta property=\"og:description\" content=\"Samedi 25 juillet 2020, Gstaad, Suisse Rendez-vous au parking du t\u00e9l\u00e9ph\u00e9rique du Wispile \u00e0 8 h 30 pour le caf\u00e9, d\u00e9part \u00e0 9 h 0022 km, 950 m de d\u00e9nivel\u00e9, 3 cols :&#8211; Col de Jable (CH-BE-1884)&#8211; Trittlisattel (CH-BE-1850c)&#8211; Col de Wild Boden (CH-BE-1651) Contact Alain BessonChemin des Coumenets 11CH-1000 LausanneT\u00e9l : (0041) 021 544 [&hellip;]\" \/>\n<meta property=\"og:url\" content=\"https:\/\/centcols.org\/en\/switzerland-2020-gstaad\/\" \/>\n<meta property=\"og:site_name\" content=\"Club des Cent Cols\" \/>\n<meta property=\"article:publisher\" content=\"https:\/\/www.facebook.com\/groups\/5261880558\/?locale=fr_FR\" \/>\n<meta property=\"article:published_time\" content=\"2019-11-24T08:05:06+00:00\" \/>\n<meta property=\"article:modified_time\" content=\"2025-09-14T17:13:24+00:00\" \/>\n<meta property=\"og:image\" content=\"https:\/\/centcols.org\/wp-content\/uploads\/2025\/05\/gstaad.png\" \/>\n\t<meta property=\"og:image:width\" content=\"741\" \/>\n\t<meta property=\"og:image:height\" content=\"450\" \/>\n\t<meta property=\"og:image:type\" content=\"image\/png\" \/>\n<meta name=\"author\" content=\"Guy Harl\u00e9\" \/>\n<meta name=\"twitter:card\" content=\"summary_large_image\" \/>\n<meta name=\"twitter:label1\" content=\"Written by\" \/>\n\t<meta name=\"twitter:data1\" content=\"Guy Harl\u00e9\" \/>\n\t<meta name=\"twitter:label2\" content=\"Estimated reading time\" \/>\n\t<meta name=\"twitter:data2\" content=\"1 minute\" \/>\n<script type=\"application\/ld+json\" class=\"yoast-schema-graph\">{\"@context\":\"https:\/\/schema.org\",\"@graph\":[{\"@type\":\"Article\",\"@id\":\"https:\/\/centcols.org\/suisse-2020-gstaad\/#article\",\"isPartOf\":{\"@id\":\"https:\/\/centcols.org\/suisse-2020-gstaad\/\"},\"author\":{\"name\":\"Guy Harl\u00e9\",\"@id\":\"https:\/\/centcols.org\/#\/schema\/person\/377f00da2793c0363246869bb3a344d0\"},\"headline\":\"Gstaad, Suisse, sortie VTT, 25 juillet 2020\",\"datePublished\":\"2019-11-24T08:05:06+00:00\",\"dateModified\":\"2025-09-14T17:13:24+00:00\",\"mainEntityOfPage\":{\"@id\":\"https:\/\/centcols.org\/suisse-2020-gstaad\/\"},\"wordCount\":64,\"publisher\":{\"@id\":\"https:\/\/centcols.org\/#organization\"},\"image\":{\"@id\":\"https:\/\/centcols.org\/suisse-2020-gstaad\/#primaryimage\"},\"thumbnailUrl\":\"https:\/\/centcols.org\/wp-content\/uploads\/2025\/05\/gstaad.png\",\"articleSection\":[\"2020-rassemblements\",\"Calendrier\",\"Rencontres r\u00e9gionales\"],\"inLanguage\":\"en-GB\"},{\"@type\":\"WebPage\",\"@id\":\"https:\/\/centcols.org\/suisse-2020-gstaad\/\",\"url\":\"https:\/\/centcols.org\/suisse-2020-gstaad\/\",\"name\":\"Gstaad, Suisse, sortie VTT, 25 juillet 2020 - Club des Cent Cols\",\"isPartOf\":{\"@id\":\"https:\/\/centcols.org\/#website\"},\"primaryImageOfPage\":{\"@id\":\"https:\/\/centcols.org\/suisse-2020-gstaad\/#primaryimage\"},\"image\":{\"@id\":\"https:\/\/centcols.org\/suisse-2020-gstaad\/#primaryimage\"},\"thumbnailUrl\":\"https:\/\/centcols.org\/wp-content\/uploads\/2025\/05\/gstaad.png\",\"datePublished\":\"2019-11-24T08:05:06+00:00\",\"dateModified\":\"2025-09-14T17:13:24+00:00\",\"breadcrumb\":{\"@id\":\"https:\/\/centcols.org\/suisse-2020-gstaad\/#breadcrumb\"},\"inLanguage\":\"en-GB\",\"potentialAction\":[{\"@type\":\"ReadAction\",\"target\":[\"https:\/\/centcols.org\/suisse-2020-gstaad\/\"]}]},{\"@type\":\"ImageObject\",\"inLanguage\":\"en-GB\",\"@id\":\"https:\/\/centcols.org\/suisse-2020-gstaad\/#primaryimage\",\"url\":\"https:\/\/centcols.org\/wp-content\/uploads\/2025\/05\/gstaad.png\",\"contentUrl\":\"https:\/\/centcols.org\/wp-content\/uploads\/2025\/05\/gstaad.png\",\"width\":741,\"height\":450},{\"@type\":\"BreadcrumbList\",\"@id\":\"https:\/\/centcols.org\/suisse-2020-gstaad\/#breadcrumb\",\"itemListElement\":[{\"@type\":\"ListItem\",\"position\":1,\"name\":\"Accueil\",\"item\":\"https:\/\/centcols.org\/\"},{\"@type\":\"ListItem\",\"position\":2,\"name\":\"Calendrier\",\"item\":\"https:\/\/centcols.org\/rubrique\/calendrier\/\"},{\"@type\":\"ListItem\",\"position\":3,\"name\":\"Gstaad, Suisse, sortie VTT, 25 juillet 2020\"}]},{\"@type\":\"WebSite\",\"@id\":\"https:\/\/centcols.org\/#website\",\"url\":\"https:\/\/centcols.org\/\",\"name\":\"Club des Cent Cols\",\"description\":\"\",\"publisher\":{\"@id\":\"https:\/\/centcols.org\/#organization\"},\"potentialAction\":[{\"@type\":\"SearchAction\",\"target\":{\"@type\":\"EntryPoint\",\"urlTemplate\":\"https:\/\/centcols.org\/?s={search_term_string}\"},\"query-input\":{\"@type\":\"PropertyValueSpecification\",\"valueRequired\":true,\"valueName\":\"search_term_string\"}}],\"inLanguage\":\"en-GB\"},{\"@type\":\"Organization\",\"@id\":\"https:\/\/centcols.org\/#organization\",\"name\":\"Club des Cent Cols\",\"url\":\"https:\/\/centcols.org\/\",\"logo\":{\"@type\":\"ImageObject\",\"inLanguage\":\"en-GB\",\"@id\":\"https:\/\/centcols.org\/#\/schema\/logo\/image\/\",\"url\":\"https:\/\/centcols.org\/wp-content\/uploads\/2025\/01\/carte-icone.png\",\"contentUrl\":\"https:\/\/centcols.org\/wp-content\/uploads\/2025\/01\/carte-icone.png\",\"width\":250,\"height\":250,\"caption\":\"Club des Cent Cols\"},\"image\":{\"@id\":\"https:\/\/centcols.org\/#\/schema\/logo\/image\/\"},\"sameAs\":[\"https:\/\/www.facebook.com\/groups\/5261880558\/?locale=fr_FR\"]},{\"@type\":\"Person\",\"@id\":\"https:\/\/centcols.org\/#\/schema\/person\/377f00da2793c0363246869bb3a344d0\",\"name\":\"Guy Harl\u00e9\",\"image\":{\"@type\":\"ImageObject\",\"inLanguage\":\"en-GB\",\"@id\":\"https:\/\/centcols.org\/wp-content\/litespeed\/avatar\/94c4de37e46cf090f296d42ab3e8d6a6.jpg?ver=1777238144\",\"url\":\"https:\/\/centcols.org\/wp-content\/litespeed\/avatar\/94c4de37e46cf090f296d42ab3e8d6a6.jpg?ver=1777238144\",\"contentUrl\":\"https:\/\/centcols.org\/wp-content\/litespeed\/avatar\/94c4de37e46cf090f296d42ab3e8d6a6.jpg?ver=1777238144\",\"caption\":\"Guy Harl\u00e9\"},\"url\":\"https:\/\/centcols.org\/en\/author\/5193\/\"}]}<\/script>\n<!-- \/ Yoast SEO plugin. -->","yoast_head_json":{"title":"Gstaad, Switzerland, MTB outing, 25 July 2020 - Club des Cent Cols","robots":{"index":"index","follow":"follow","max-snippet":"max-snippet:-1","max-image-preview":"max-image-preview:large","max-video-preview":"max-video-preview:-1"},"canonical":"https:\/\/centcols.org\/en\/switzerland-2020-gstaad\/","og_locale":"en_GB","og_type":"article","og_title":"Gstaad, Suisse, sortie VTT, 25 juillet 2020 - Club des Cent Cols","og_description":"Samedi 25 juillet 2020, Gstaad, Suisse Rendez-vous au parking du t\u00e9l\u00e9ph\u00e9rique du Wispile \u00e0 8 h 30 pour le caf\u00e9, d\u00e9part \u00e0 9 h 0022 km, 950 m de d\u00e9nivel\u00e9, 3 cols :&#8211; Col de Jable (CH-BE-1884)&#8211; Trittlisattel (CH-BE-1850c)&#8211; Col de Wild Boden (CH-BE-1651) Contact Alain BessonChemin des Coumenets 11CH-1000 LausanneT\u00e9l : (0041) 021 544 [&hellip;]","og_url":"https:\/\/centcols.org\/en\/switzerland-2020-gstaad\/","og_site_name":"Club des Cent Cols","article_publisher":"https:\/\/www.facebook.com\/groups\/5261880558\/?locale=fr_FR","article_published_time":"2019-11-24T08:05:06+00:00","article_modified_time":"2025-09-14T17:13:24+00:00","og_image":[{"width":741,"height":450,"url":"https:\/\/centcols.org\/wp-content\/uploads\/2025\/05\/gstaad.png","type":"image\/png"}],"author":"Guy Harl\u00e9","twitter_card":"summary_large_image","twitter_misc":{"Written by":"Guy Harl\u00e9","Estimated reading time":"1 minute"},"schema":{"@context":"https:\/\/schema.org","@graph":[{"@type":"Article","@id":"https:\/\/centcols.org\/suisse-2020-gstaad\/#article","isPartOf":{"@id":"https:\/\/centcols.org\/suisse-2020-gstaad\/"},"author":{"name":"Guy Harl\u00e9","@id":"https:\/\/centcols.org\/#\/schema\/person\/377f00da2793c0363246869bb3a344d0"},"headline":"Gstaad, Suisse, sortie VTT, 25 juillet 2020","datePublished":"2019-11-24T08:05:06+00:00","dateModified":"2025-09-14T17:13:24+00:00","mainEntityOfPage":{"@id":"https:\/\/centcols.org\/suisse-2020-gstaad\/"},"wordCount":64,"publisher":{"@id":"https:\/\/centcols.org\/#organization"},"image":{"@id":"https:\/\/centcols.org\/suisse-2020-gstaad\/#primaryimage"},"thumbnailUrl":"https:\/\/centcols.org\/wp-content\/uploads\/2025\/05\/gstaad.png","articleSection":["2020-rassemblements","Calendrier","Rencontres r\u00e9gionales"],"inLanguage":"en-GB"},{"@type":"WebPage","@id":"https:\/\/centcols.org\/suisse-2020-gstaad\/","url":"https:\/\/centcols.org\/suisse-2020-gstaad\/","name":"Gstaad, Switzerland, MTB outing, 25 July 2020 - Club des Cent Cols","isPartOf":{"@id":"https:\/\/centcols.org\/#website"},"primaryImageOfPage":{"@id":"https:\/\/centcols.org\/suisse-2020-gstaad\/#primaryimage"},"image":{"@id":"https:\/\/centcols.org\/suisse-2020-gstaad\/#primaryimage"},"thumbnailUrl":"https:\/\/centcols.org\/wp-content\/uploads\/2025\/05\/gstaad.png","datePublished":"2019-11-24T08:05:06+00:00","dateModified":"2025-09-14T17:13:24+00:00","breadcrumb":{"@id":"https:\/\/centcols.org\/suisse-2020-gstaad\/#breadcrumb"},"inLanguage":"en-GB","potentialAction":[{"@type":"ReadAction","target":["https:\/\/centcols.org\/suisse-2020-gstaad\/"]}]},{"@type":"ImageObject","inLanguage":"en-GB","@id":"https:\/\/centcols.org\/suisse-2020-gstaad\/#primaryimage","url":"https:\/\/centcols.org\/wp-content\/uploads\/2025\/05\/gstaad.png","contentUrl":"https:\/\/centcols.org\/wp-content\/uploads\/2025\/05\/gstaad.png","width":741,"height":450},{"@type":"BreadcrumbList","@id":"https:\/\/centcols.org\/suisse-2020-gstaad\/#breadcrumb","itemListElement":[{"@type":"ListItem","position":1,"name":"Accueil","item":"https:\/\/centcols.org\/"},{"@type":"ListItem","position":2,"name":"Calendrier","item":"https:\/\/centcols.org\/rubrique\/calendrier\/"},{"@type":"ListItem","position":3,"name":"Gstaad, Suisse, sortie VTT, 25 juillet 2020"}]},{"@type":"WebSite","@id":"https:\/\/centcols.org\/#website","url":"https:\/\/centcols.org\/","name":"Club des Cent Cols","description":"","publisher":{"@id":"https:\/\/centcols.org\/#organization"},"potentialAction":[{"@type":"SearchAction","target":{"@type":"EntryPoint","urlTemplate":"https:\/\/centcols.org\/?s={search_term_string}"},"query-input":{"@type":"PropertyValueSpecification","valueRequired":true,"valueName":"search_term_string"}}],"inLanguage":"en-GB"},{"@type":"Organization","@id":"https:\/\/centcols.org\/#organization","name":"Club des Cent Cols","url":"https:\/\/centcols.org\/","logo":{"@type":"ImageObject","inLanguage":"en-GB","@id":"https:\/\/centcols.org\/#\/schema\/logo\/image\/","url":"https:\/\/centcols.org\/wp-content\/uploads\/2025\/01\/carte-icone.png","contentUrl":"https:\/\/centcols.org\/wp-content\/uploads\/2025\/01\/carte-icone.png","width":250,"height":250,"caption":"Club des Cent Cols"},"image":{"@id":"https:\/\/centcols.org\/#\/schema\/logo\/image\/"},"sameAs":["https:\/\/www.facebook.com\/groups\/5261880558\/?locale=fr_FR"]},{"@type":"Person","@id":"https:\/\/centcols.org\/#\/schema\/person\/377f00da2793c0363246869bb3a344d0","name":"Guy Harl\u00e9","image":{"@type":"ImageObject","inLanguage":"en-GB","@id":"https:\/\/centcols.org\/wp-content\/litespeed\/avatar\/94c4de37e46cf090f296d42ab3e8d6a6.jpg?ver=1777238144","url":"https:\/\/centcols.org\/wp-content\/litespeed\/avatar\/94c4de37e46cf090f296d42ab3e8d6a6.jpg?ver=1777238144","contentUrl":"https:\/\/centcols.org\/wp-content\/litespeed\/avatar\/94c4de37e46cf090f296d42ab3e8d6a6.jpg?ver=1777238144","caption":"Guy Harl\u00e9"},"url":"https:\/\/centcols.org\/en\/author\/5193\/"}]}},"_links":{"self":[{"href":"https:\/\/centcols.org\/en\/wp-json\/wp\/v2\/posts\/82180","targetHints":{"allow":["GET"]}}],"collection":[{"href":"https:\/\/centcols.org\/en\/wp-json\/wp\/v2\/posts"}],"about":[{"href":"https:\/\/centcols.org\/en\/wp-json\/wp\/v2\/types\/post"}],"author":[{"embeddable":true,"href":"https:\/\/centcols.org\/en\/wp-json\/wp\/v2\/users\/136"}],"replies":[{"embeddable":true,"href":"https:\/\/centcols.org\/en\/wp-json\/wp\/v2\/comments?post=82180"}],"version-history":[{"count":0,"href":"https:\/\/centcols.org\/en\/wp-json\/wp\/v2\/posts\/82180\/revisions"}],"wp:featuredmedia":[{"embeddable":true,"href":"https:\/\/centcols.org\/en\/wp-json\/wp\/v2\/media\/82181"}],"wp:attachment":[{"href":"https:\/\/centcols.org\/en\/wp-json\/wp\/v2\/media?parent=82180"}],"wp:term":[{"taxonomy":"category","embeddable":true,"href":"https:\/\/centcols.org\/en\/wp-json\/wp\/v2\/categories?post=82180"},{"taxonomy":"post_tag","embeddable":true,"href":"https:\/\/centcols.org\/en\/wp-json\/wp\/v2\/tags?post=82180"}],"curies":[{"name":"wp","href":"https:\/\/api.w.org\/{rel}","templated":true}]}}