{"id":82192,"date":"2019-11-28T16:29:05","date_gmt":"2019-11-28T14:29:05","guid":{"rendered":"https:\/\/centcols.org\/pyrenees-col-de-portech-reporte-au-3-octobre-2021\/"},"modified":"2025-08-22T17:37:59","modified_gmt":"2025-08-22T15:37:59","slug":"pyrenees-col-de-portech-postponed-to-3-october-2021","status":"publish","type":"post","link":"https:\/\/centcols.org\/en\/pyrenees-col-de-portech-reporte-au-3-octobre-2021\/","title":{"rendered":"Pyrenees, Portech pass"},"content":{"rendered":"<p>Pyr\u00e9n\u00e9es<br \/>\nCol de Portech (FR-09-0862)<br \/>\nEn raison des conditions sanitaires impos\u00e9es par covid 19, le rassemblement commun avec l&rsquo;Ordre des Cols Durs est report\u00e9 au 3 octobre 2021<\/p>\n<p>[mapsmarker marker=\u00a0\u00bb16&Prime;]<\/p>\n<h3>Programme<\/h3>\n<p><a href=\"https:\/\/www.alaingillodes.fr\/concentration%20CCC-OCD\/Portech_20\/portech_p.htm\" target=\"_blank\" rel=\"noopener noreferrer\">A voir ici sur le site d&rsquo;Alain Gillodes<\/a><\/p>\n<h3>Contact<\/h3>\n<p>Alain Gillodes<br \/>\n05 61 56 74 35 &#8211; 06 78 67 83 62<br \/>\n[email]&#x61;&#x6c;&#97;i&#x6e;&#x2e;&#x67;&#105;l&#x6c;&#x6f;&#x64;&#101;s&#x40;&#x6f;&#x72;&#97;n&#x67;&#x65;&#x2e;&#102;r[\/email]<\/p>\n","protected":false},"excerpt":{"rendered":"<p>Pyr\u00e9n\u00e9es Col de Portech (FR-09-0862) En raison des conditions sanitaires impos\u00e9es par covid 19, le rassemblement commun avec l&rsquo;Ordre des Cols Durs est report\u00e9 au 3 octobre 2021 [mapsmarker marker=\u00a0\u00bb16&Prime;] Programme A voir ici sur le site d&rsquo;Alain Gillodes Contact Alain Gillodes 05 61 56 74 35 &#8211; 06 78 67 83 62 [email]&#x61;&#108;a&#x69;&#110;&#46;&#x67;&#105;l&#x6c;&#111;d&#x65;&#115;&#64;&#x6f;&#x72;a&#x6e;&#x67;&#101;&#x2e;&#x66;&#114;[\/email]<\/p>\n","protected":false},"author":136,"featured_media":85757,"comment_status":"closed","ping_status":"open","sticky":false,"template":"","format":"standard","meta":{"_acf_changed":false,"footnotes":""},"categories":[286,135,216],"tags":[],"class_list":["post-82192","post","type-post","status-publish","format-standard","has-post-thumbnail","hentry","category-les-rassemblements-de-2020","category-calendrier","category-rencontres-regionales"],"acf":[],"yoast_head":"<!-- This site is optimized with the Yoast SEO plugin v27.2 - https:\/\/yoast.com\/product\/yoast-seo-wordpress\/ -->\n<title>Pyr\u00e9n\u00e9es, col de Portech - Club des Cent Cols<\/title>\n<meta name=\"robots\" content=\"index, follow, max-snippet:-1, max-image-preview:large, max-video-preview:-1\" \/>\n<link rel=\"canonical\" href=\"https:\/\/centcols.org\/en\/pyrenees-col-de-portech-postponed-to-3-october-2021\/\" \/>\n<meta property=\"og:locale\" content=\"en_GB\" \/>\n<meta property=\"og:type\" content=\"article\" \/>\n<meta property=\"og:title\" content=\"Pyr\u00e9n\u00e9es, col de Portech - Club des Cent Cols\" \/>\n<meta property=\"og:description\" content=\"Pyr\u00e9n\u00e9es Col de Portech (FR-09-0862) En raison des conditions sanitaires impos\u00e9es par covid 19, le rassemblement commun avec l&rsquo;Ordre des Cols Durs est report\u00e9 au 3 octobre 2021 [mapsmarker marker=\u00a0\u00bb16&Prime;] Programme A voir ici sur le site d&rsquo;Alain Gillodes Contact Alain Gillodes 05 61 56 74 35 &#8211; 06 78 67 83 62 [email]&#097;&#x6c;&#097;&#x69;&#110;&#x2e;&#103;&#x69;&#108;&#x6c;&#111;&#x64;&#101;&#x73;&#064;&#x6f;&#114;&#x61;&#110;&#x67;&#101;&#x2e;&#102;&#x72;[\/email]\" \/>\n<meta property=\"og:url\" content=\"https:\/\/centcols.org\/en\/pyrenees-col-de-portech-postponed-to-3-october-2021\/\" \/>\n<meta property=\"og:site_name\" content=\"Club des Cent Cols\" \/>\n<meta property=\"article:publisher\" content=\"https:\/\/www.facebook.com\/groups\/5261880558\/?locale=fr_FR\" \/>\n<meta property=\"article:published_time\" content=\"2019-11-28T14:29:05+00:00\" \/>\n<meta property=\"article:modified_time\" content=\"2025-08-22T15:37:59+00:00\" \/>\n<meta property=\"og:image\" content=\"https:\/\/centcols.org\/wp-content\/uploads\/2019\/11\/portech.jpg\" \/>\n\t<meta property=\"og:image:width\" content=\"800\" \/>\n\t<meta property=\"og:image:height\" content=\"524\" \/>\n\t<meta property=\"og:image:type\" content=\"image\/jpeg\" \/>\n<meta name=\"author\" content=\"Guy Harl\u00e9\" \/>\n<meta name=\"twitter:card\" content=\"summary_large_image\" \/>\n<meta name=\"twitter:label1\" content=\"Written by\" \/>\n\t<meta name=\"twitter:data1\" content=\"Guy Harl\u00e9\" \/>\n\t<meta name=\"twitter:label2\" content=\"Estimated reading time\" \/>\n\t<meta name=\"twitter:data2\" content=\"1 minute\" \/>\n<script type=\"application\/ld+json\" class=\"yoast-schema-graph\">{\"@context\":\"https:\/\/schema.org\",\"@graph\":[{\"@type\":\"Article\",\"@id\":\"https:\/\/centcols.org\/pyrenees-col-de-portech-reporte-au-3-octobre-2021\/#article\",\"isPartOf\":{\"@id\":\"https:\/\/centcols.org\/pyrenees-col-de-portech-reporte-au-3-octobre-2021\/\"},\"author\":{\"name\":\"Guy Harl\u00e9\",\"@id\":\"https:\/\/centcols.org\/#\/schema\/person\/377f00da2793c0363246869bb3a344d0\"},\"headline\":\"Pyr\u00e9n\u00e9es, col de Portech\",\"datePublished\":\"2019-11-28T14:29:05+00:00\",\"dateModified\":\"2025-08-22T15:37:59+00:00\",\"mainEntityOfPage\":{\"@id\":\"https:\/\/centcols.org\/pyrenees-col-de-portech-reporte-au-3-octobre-2021\/\"},\"wordCount\":58,\"publisher\":{\"@id\":\"https:\/\/centcols.org\/#organization\"},\"image\":{\"@id\":\"https:\/\/centcols.org\/pyrenees-col-de-portech-reporte-au-3-octobre-2021\/#primaryimage\"},\"thumbnailUrl\":\"https:\/\/centcols.org\/wp-content\/uploads\/2019\/11\/portech.jpg\",\"articleSection\":[\"2020-rassemblements\",\"Calendrier\",\"Rencontres r\u00e9gionales\"],\"inLanguage\":\"en-GB\"},{\"@type\":\"WebPage\",\"@id\":\"https:\/\/centcols.org\/pyrenees-col-de-portech-reporte-au-3-octobre-2021\/\",\"url\":\"https:\/\/centcols.org\/pyrenees-col-de-portech-reporte-au-3-octobre-2021\/\",\"name\":\"Pyr\u00e9n\u00e9es, col de Portech - Club des Cent Cols\",\"isPartOf\":{\"@id\":\"https:\/\/centcols.org\/#website\"},\"primaryImageOfPage\":{\"@id\":\"https:\/\/centcols.org\/pyrenees-col-de-portech-reporte-au-3-octobre-2021\/#primaryimage\"},\"image\":{\"@id\":\"https:\/\/centcols.org\/pyrenees-col-de-portech-reporte-au-3-octobre-2021\/#primaryimage\"},\"thumbnailUrl\":\"https:\/\/centcols.org\/wp-content\/uploads\/2019\/11\/portech.jpg\",\"datePublished\":\"2019-11-28T14:29:05+00:00\",\"dateModified\":\"2025-08-22T15:37:59+00:00\",\"breadcrumb\":{\"@id\":\"https:\/\/centcols.org\/pyrenees-col-de-portech-reporte-au-3-octobre-2021\/#breadcrumb\"},\"inLanguage\":\"en-GB\",\"potentialAction\":[{\"@type\":\"ReadAction\",\"target\":[\"https:\/\/centcols.org\/pyrenees-col-de-portech-reporte-au-3-octobre-2021\/\"]}]},{\"@type\":\"ImageObject\",\"inLanguage\":\"en-GB\",\"@id\":\"https:\/\/centcols.org\/pyrenees-col-de-portech-reporte-au-3-octobre-2021\/#primaryimage\",\"url\":\"https:\/\/centcols.org\/wp-content\/uploads\/2019\/11\/portech.jpg\",\"contentUrl\":\"https:\/\/centcols.org\/wp-content\/uploads\/2019\/11\/portech.jpg\",\"width\":800,\"height\":524},{\"@type\":\"BreadcrumbList\",\"@id\":\"https:\/\/centcols.org\/pyrenees-col-de-portech-reporte-au-3-octobre-2021\/#breadcrumb\",\"itemListElement\":[{\"@type\":\"ListItem\",\"position\":1,\"name\":\"Accueil\",\"item\":\"https:\/\/centcols.org\/\"},{\"@type\":\"ListItem\",\"position\":2,\"name\":\"Calendrier\",\"item\":\"https:\/\/centcols.org\/rubrique\/calendrier\/\"},{\"@type\":\"ListItem\",\"position\":3,\"name\":\"Pyr\u00e9n\u00e9es, col de Portech\"}]},{\"@type\":\"WebSite\",\"@id\":\"https:\/\/centcols.org\/#website\",\"url\":\"https:\/\/centcols.org\/\",\"name\":\"Club des Cent Cols\",\"description\":\"\",\"publisher\":{\"@id\":\"https:\/\/centcols.org\/#organization\"},\"potentialAction\":[{\"@type\":\"SearchAction\",\"target\":{\"@type\":\"EntryPoint\",\"urlTemplate\":\"https:\/\/centcols.org\/?s={search_term_string}\"},\"query-input\":{\"@type\":\"PropertyValueSpecification\",\"valueRequired\":true,\"valueName\":\"search_term_string\"}}],\"inLanguage\":\"en-GB\"},{\"@type\":\"Organization\",\"@id\":\"https:\/\/centcols.org\/#organization\",\"name\":\"Club des Cent Cols\",\"url\":\"https:\/\/centcols.org\/\",\"logo\":{\"@type\":\"ImageObject\",\"inLanguage\":\"en-GB\",\"@id\":\"https:\/\/centcols.org\/#\/schema\/logo\/image\/\",\"url\":\"https:\/\/centcols.org\/wp-content\/uploads\/2025\/01\/carte-icone.png\",\"contentUrl\":\"https:\/\/centcols.org\/wp-content\/uploads\/2025\/01\/carte-icone.png\",\"width\":250,\"height\":250,\"caption\":\"Club des Cent Cols\"},\"image\":{\"@id\":\"https:\/\/centcols.org\/#\/schema\/logo\/image\/\"},\"sameAs\":[\"https:\/\/www.facebook.com\/groups\/5261880558\/?locale=fr_FR\"]},{\"@type\":\"Person\",\"@id\":\"https:\/\/centcols.org\/#\/schema\/person\/377f00da2793c0363246869bb3a344d0\",\"name\":\"Guy Harl\u00e9\",\"image\":{\"@type\":\"ImageObject\",\"inLanguage\":\"en-GB\",\"@id\":\"https:\/\/centcols.org\/wp-content\/litespeed\/avatar\/94c4de37e46cf090f296d42ab3e8d6a6.jpg?ver=1777238144\",\"url\":\"https:\/\/centcols.org\/wp-content\/litespeed\/avatar\/94c4de37e46cf090f296d42ab3e8d6a6.jpg?ver=1777238144\",\"contentUrl\":\"https:\/\/centcols.org\/wp-content\/litespeed\/avatar\/94c4de37e46cf090f296d42ab3e8d6a6.jpg?ver=1777238144\",\"caption\":\"Guy Harl\u00e9\"},\"url\":\"https:\/\/centcols.org\/en\/author\/5193\/\"}]}<\/script>\n<!-- \/ Yoast SEO plugin. -->","yoast_head_json":{"title":"Pyrenees, Portech pass - Club des Cent Cols","robots":{"index":"index","follow":"follow","max-snippet":"max-snippet:-1","max-image-preview":"max-image-preview:large","max-video-preview":"max-video-preview:-1"},"canonical":"https:\/\/centcols.org\/en\/pyrenees-col-de-portech-postponed-to-3-october-2021\/","og_locale":"en_GB","og_type":"article","og_title":"Pyr\u00e9n\u00e9es, col de Portech - Club des Cent Cols","og_description":"Pyr\u00e9n\u00e9es Col de Portech (FR-09-0862) En raison des conditions sanitaires impos\u00e9es par covid 19, le rassemblement commun avec l&rsquo;Ordre des Cols Durs est report\u00e9 au 3 octobre 2021 [mapsmarker marker=\u00a0\u00bb16&Prime;] Programme A voir ici sur le site d&rsquo;Alain Gillodes Contact Alain Gillodes 05 61 56 74 35 &#8211; 06 78 67 83 62 [email]&#97;&#x6c;&#97;&#x69;&#110;&#x2e;&#103;&#x69;&#108;&#x6c;&#111;&#x64;&#101;&#x73;&#64;&#x6f;&#114;&#x61;&#110;&#x67;&#101;&#x2e;&#102;&#x72;[\/email]","og_url":"https:\/\/centcols.org\/en\/pyrenees-col-de-portech-postponed-to-3-october-2021\/","og_site_name":"Club des Cent Cols","article_publisher":"https:\/\/www.facebook.com\/groups\/5261880558\/?locale=fr_FR","article_published_time":"2019-11-28T14:29:05+00:00","article_modified_time":"2025-08-22T15:37:59+00:00","og_image":[{"width":800,"height":524,"url":"https:\/\/centcols.org\/wp-content\/uploads\/2019\/11\/portech.jpg","type":"image\/jpeg"}],"author":"Guy Harl\u00e9","twitter_card":"summary_large_image","twitter_misc":{"Written by":"Guy Harl\u00e9","Estimated reading time":"1 minute"},"schema":{"@context":"https:\/\/schema.org","@graph":[{"@type":"Article","@id":"https:\/\/centcols.org\/pyrenees-col-de-portech-reporte-au-3-octobre-2021\/#article","isPartOf":{"@id":"https:\/\/centcols.org\/pyrenees-col-de-portech-reporte-au-3-octobre-2021\/"},"author":{"name":"Guy Harl\u00e9","@id":"https:\/\/centcols.org\/#\/schema\/person\/377f00da2793c0363246869bb3a344d0"},"headline":"Pyr\u00e9n\u00e9es, col de Portech","datePublished":"2019-11-28T14:29:05+00:00","dateModified":"2025-08-22T15:37:59+00:00","mainEntityOfPage":{"@id":"https:\/\/centcols.org\/pyrenees-col-de-portech-reporte-au-3-octobre-2021\/"},"wordCount":58,"publisher":{"@id":"https:\/\/centcols.org\/#organization"},"image":{"@id":"https:\/\/centcols.org\/pyrenees-col-de-portech-reporte-au-3-octobre-2021\/#primaryimage"},"thumbnailUrl":"https:\/\/centcols.org\/wp-content\/uploads\/2019\/11\/portech.jpg","articleSection":["2020-rassemblements","Calendrier","Rencontres r\u00e9gionales"],"inLanguage":"en-GB"},{"@type":"WebPage","@id":"https:\/\/centcols.org\/pyrenees-col-de-portech-reporte-au-3-octobre-2021\/","url":"https:\/\/centcols.org\/pyrenees-col-de-portech-reporte-au-3-octobre-2021\/","name":"Pyrenees, Portech pass - Club des Cent Cols","isPartOf":{"@id":"https:\/\/centcols.org\/#website"},"primaryImageOfPage":{"@id":"https:\/\/centcols.org\/pyrenees-col-de-portech-reporte-au-3-octobre-2021\/#primaryimage"},"image":{"@id":"https:\/\/centcols.org\/pyrenees-col-de-portech-reporte-au-3-octobre-2021\/#primaryimage"},"thumbnailUrl":"https:\/\/centcols.org\/wp-content\/uploads\/2019\/11\/portech.jpg","datePublished":"2019-11-28T14:29:05+00:00","dateModified":"2025-08-22T15:37:59+00:00","breadcrumb":{"@id":"https:\/\/centcols.org\/pyrenees-col-de-portech-reporte-au-3-octobre-2021\/#breadcrumb"},"inLanguage":"en-GB","potentialAction":[{"@type":"ReadAction","target":["https:\/\/centcols.org\/pyrenees-col-de-portech-reporte-au-3-octobre-2021\/"]}]},{"@type":"ImageObject","inLanguage":"en-GB","@id":"https:\/\/centcols.org\/pyrenees-col-de-portech-reporte-au-3-octobre-2021\/#primaryimage","url":"https:\/\/centcols.org\/wp-content\/uploads\/2019\/11\/portech.jpg","contentUrl":"https:\/\/centcols.org\/wp-content\/uploads\/2019\/11\/portech.jpg","width":800,"height":524},{"@type":"BreadcrumbList","@id":"https:\/\/centcols.org\/pyrenees-col-de-portech-reporte-au-3-octobre-2021\/#breadcrumb","itemListElement":[{"@type":"ListItem","position":1,"name":"Accueil","item":"https:\/\/centcols.org\/"},{"@type":"ListItem","position":2,"name":"Calendrier","item":"https:\/\/centcols.org\/rubrique\/calendrier\/"},{"@type":"ListItem","position":3,"name":"Pyr\u00e9n\u00e9es, col de Portech"}]},{"@type":"WebSite","@id":"https:\/\/centcols.org\/#website","url":"https:\/\/centcols.org\/","name":"Club des Cent Cols","description":"","publisher":{"@id":"https:\/\/centcols.org\/#organization"},"potentialAction":[{"@type":"SearchAction","target":{"@type":"EntryPoint","urlTemplate":"https:\/\/centcols.org\/?s={search_term_string}"},"query-input":{"@type":"PropertyValueSpecification","valueRequired":true,"valueName":"search_term_string"}}],"inLanguage":"en-GB"},{"@type":"Organization","@id":"https:\/\/centcols.org\/#organization","name":"Club des Cent Cols","url":"https:\/\/centcols.org\/","logo":{"@type":"ImageObject","inLanguage":"en-GB","@id":"https:\/\/centcols.org\/#\/schema\/logo\/image\/","url":"https:\/\/centcols.org\/wp-content\/uploads\/2025\/01\/carte-icone.png","contentUrl":"https:\/\/centcols.org\/wp-content\/uploads\/2025\/01\/carte-icone.png","width":250,"height":250,"caption":"Club des Cent Cols"},"image":{"@id":"https:\/\/centcols.org\/#\/schema\/logo\/image\/"},"sameAs":["https:\/\/www.facebook.com\/groups\/5261880558\/?locale=fr_FR"]},{"@type":"Person","@id":"https:\/\/centcols.org\/#\/schema\/person\/377f00da2793c0363246869bb3a344d0","name":"Guy Harl\u00e9","image":{"@type":"ImageObject","inLanguage":"en-GB","@id":"https:\/\/centcols.org\/wp-content\/litespeed\/avatar\/94c4de37e46cf090f296d42ab3e8d6a6.jpg?ver=1777238144","url":"https:\/\/centcols.org\/wp-content\/litespeed\/avatar\/94c4de37e46cf090f296d42ab3e8d6a6.jpg?ver=1777238144","contentUrl":"https:\/\/centcols.org\/wp-content\/litespeed\/avatar\/94c4de37e46cf090f296d42ab3e8d6a6.jpg?ver=1777238144","caption":"Guy Harl\u00e9"},"url":"https:\/\/centcols.org\/en\/author\/5193\/"}]}},"_links":{"self":[{"href":"https:\/\/centcols.org\/en\/wp-json\/wp\/v2\/posts\/82192","targetHints":{"allow":["GET"]}}],"collection":[{"href":"https:\/\/centcols.org\/en\/wp-json\/wp\/v2\/posts"}],"about":[{"href":"https:\/\/centcols.org\/en\/wp-json\/wp\/v2\/types\/post"}],"author":[{"embeddable":true,"href":"https:\/\/centcols.org\/en\/wp-json\/wp\/v2\/users\/136"}],"replies":[{"embeddable":true,"href":"https:\/\/centcols.org\/en\/wp-json\/wp\/v2\/comments?post=82192"}],"version-history":[{"count":0,"href":"https:\/\/centcols.org\/en\/wp-json\/wp\/v2\/posts\/82192\/revisions"}],"wp:featuredmedia":[{"embeddable":true,"href":"https:\/\/centcols.org\/en\/wp-json\/wp\/v2\/media\/85757"}],"wp:attachment":[{"href":"https:\/\/centcols.org\/en\/wp-json\/wp\/v2\/media?parent=82192"}],"wp:term":[{"taxonomy":"category","embeddable":true,"href":"https:\/\/centcols.org\/en\/wp-json\/wp\/v2\/categories?post=82192"},{"taxonomy":"post_tag","embeddable":true,"href":"https:\/\/centcols.org\/en\/wp-json\/wp\/v2\/tags?post=82192"}],"curies":[{"name":"wp","href":"https:\/\/api.w.org\/{rel}","templated":true}]}}