{"id":82222,"date":"2020-03-11T18:04:46","date_gmt":"2020-03-11T16:04:46","guid":{"rendered":"https:\/\/centcols.org\/felicien-missilier-cc-n-800-100-ans\/"},"modified":"2025-11-05T20:20:19","modified_gmt":"2025-11-05T18:20:19","slug":"felicien-missilier-cc-n-800-100-years-old","status":"publish","type":"post","link":"https:\/\/centcols.org\/en\/felicien-missilier-cc-n-800-100-ans\/","title":{"rendered":"F\u00e9licien Missilier CC N\u00b0 800 - 100 years old"},"content":{"rendered":"<p>F\u00e9licien Missilier, CC N\u00b0 800, joined the brotherhood in 1979. On 22 February 2020, he celebrated his 100th spring. Below is the article published in the Dauphin\u00e9 Lib\u00e9r\u00e9 on 23 February.<br>F\u00e9licien left us a few days later on the night of 1 to 2 March.<\/p>\n\n\n\n<h3 class=\"wp-block-heading\">Le Dauphin\u00e9 Lib\u00e9r\u00e9 newspaper, 23 February 2020<\/h3>\n\n\n\n<figure class=\"wp-block-image size-full\"><img loading=\"lazy\" decoding=\"async\" width=\"800\" height=\"856\" src=\"https:\/\/centcols.org\/wp-content\/uploads\/2020\/03\/2020-02-22_Missilier-Felicien.jpg\" alt=\"\" class=\"wp-image-89550\" srcset=\"https:\/\/centcols.org\/wp-content\/uploads\/2020\/03\/2020-02-22_Missilier-Felicien.jpg 800w, https:\/\/centcols.org\/wp-content\/uploads\/2020\/03\/2020-02-22_Missilier-Felicien-768x822.jpg 768w, https:\/\/centcols.org\/wp-content\/uploads\/2020\/03\/2020-02-22_Missilier-Felicien-11x12.jpg 11w\" sizes=\"auto, (max-width: 800px) 100vw, 800px\" \/><\/figure>\n\n\n\n<h3 class=\"wp-block-heading has-text-align-left\"><h3 style=\"text-align: center;\">Extract from the magazine Cyclotourisme (F\u00e9d\u00e9ration Fran\u00e7aise de Cyclotourisme) No. 700 of April 2020<\/h3><\/h3>\n\n\n\n<figure class=\"wp-block-image size-full\"><img loading=\"lazy\" decoding=\"async\" width=\"766\" height=\"894\" src=\"https:\/\/centcols.org\/wp-content\/uploads\/2020\/03\/2020-02-22_Missilier-Felicien-a.jpg\" alt=\"\" class=\"wp-image-89554\" srcset=\"https:\/\/centcols.org\/wp-content\/uploads\/2020\/03\/2020-02-22_Missilier-Felicien-a.jpg 766w, https:\/\/centcols.org\/wp-content\/uploads\/2020\/03\/2020-02-22_Missilier-Felicien-a-10x12.jpg 10w\" sizes=\"auto, (max-width: 766px) 100vw, 766px\" \/><\/figure>","protected":false},"excerpt":{"rendered":"<p>F\u00e9licien Missilier, CC N\u00b0 800, est entr\u00e9 dans la confr\u00e9rie en 1979. Il vient de f\u00eater, le 22 f\u00e9vier 2020 son 100 \u00e8me printemps. Ci-dessous, l&rsquo;article du Dauphin\u00e9 Lib\u00e9r\u00e9 du 23 f\u00e9vrier.F\u00e9licien nous a quitt\u00e9s quelques jours plus tard dans la nuit du 1er au 2 mars Journal Le Dauphin\u00e9 Lib\u00e9r\u00e9 du 23 f\u00e9vrier 2020 [&hellip;]<\/p>\n","protected":false},"author":136,"featured_media":82223,"comment_status":"closed","ping_status":"open","sticky":false,"template":"","format":"standard","meta":{"_acf_changed":false,"footnotes":""},"categories":[133,287,81],"tags":[],"class_list":["post-82222","post","type-post","status-publish","format-standard","has-post-thumbnail","hentry","category-revue-de-presse","category-287","category-articles-de-presse-et-videos"],"acf":[],"yoast_head":"<!-- This site is optimized with the Yoast SEO plugin v27.2 - https:\/\/yoast.com\/product\/yoast-seo-wordpress\/ -->\n<title>F\u00e9licien Missilier CC N\u00b0 800 - 100 ans - Club des Cent Cols<\/title>\n<meta name=\"robots\" content=\"index, follow, max-snippet:-1, max-image-preview:large, max-video-preview:-1\" \/>\n<link rel=\"canonical\" href=\"https:\/\/centcols.org\/en\/felicien-missilier-cc-n-800-100-years-old\/\" \/>\n<meta property=\"og:locale\" content=\"en_GB\" \/>\n<meta property=\"og:type\" content=\"article\" \/>\n<meta property=\"og:title\" content=\"F\u00e9licien Missilier CC N\u00b0 800 - 100 ans - Club des Cent Cols\" \/>\n<meta property=\"og:description\" content=\"F\u00e9licien Missilier, CC N\u00b0 800, est entr\u00e9 dans la confr\u00e9rie en 1979. Il vient de f\u00eater, le 22 f\u00e9vier 2020 son 100 \u00e8me printemps. Ci-dessous, l&rsquo;article du Dauphin\u00e9 Lib\u00e9r\u00e9 du 23 f\u00e9vrier.F\u00e9licien nous a quitt\u00e9s quelques jours plus tard dans la nuit du 1er au 2 mars Journal Le Dauphin\u00e9 Lib\u00e9r\u00e9 du 23 f\u00e9vrier 2020 [&hellip;]\" \/>\n<meta property=\"og:url\" content=\"https:\/\/centcols.org\/en\/felicien-missilier-cc-n-800-100-years-old\/\" \/>\n<meta property=\"og:site_name\" content=\"Club des Cent Cols\" \/>\n<meta property=\"article:publisher\" content=\"https:\/\/www.facebook.com\/groups\/5261880558\/?locale=fr_FR\" \/>\n<meta property=\"article:published_time\" content=\"2020-03-11T16:04:46+00:00\" \/>\n<meta property=\"article:modified_time\" content=\"2025-11-05T18:20:19+00:00\" \/>\n<meta property=\"og:image\" content=\"https:\/\/centcols.org\/wp-content\/uploads\/2025\/05\/2020-02-22_Missilier-Felicien-1.jpg\" \/>\n\t<meta property=\"og:image:width\" content=\"1280\" \/>\n\t<meta property=\"og:image:height\" content=\"1370\" \/>\n\t<meta property=\"og:image:type\" content=\"image\/jpeg\" \/>\n<meta name=\"author\" content=\"Guy Harl\u00e9\" \/>\n<meta name=\"twitter:card\" content=\"summary_large_image\" \/>\n<meta name=\"twitter:label1\" content=\"Written by\" \/>\n\t<meta name=\"twitter:data1\" content=\"Guy Harl\u00e9\" \/>\n\t<meta name=\"twitter:label2\" content=\"Estimated reading time\" \/>\n\t<meta name=\"twitter:data2\" content=\"1 minute\" \/>\n<script type=\"application\/ld+json\" class=\"yoast-schema-graph\">{\"@context\":\"https:\/\/schema.org\",\"@graph\":[{\"@type\":\"Article\",\"@id\":\"https:\/\/centcols.org\/felicien-missilier-cc-n-800-100-ans\/#article\",\"isPartOf\":{\"@id\":\"https:\/\/centcols.org\/felicien-missilier-cc-n-800-100-ans\/\"},\"author\":{\"name\":\"Guy Harl\u00e9\",\"@id\":\"https:\/\/centcols.org\/#\/schema\/person\/377f00da2793c0363246869bb3a344d0\"},\"headline\":\"F\u00e9licien Missilier CC N\u00b0 800 &#8211; 100 ans\",\"datePublished\":\"2020-03-11T16:04:46+00:00\",\"dateModified\":\"2025-11-05T18:20:19+00:00\",\"mainEntityOfPage\":{\"@id\":\"https:\/\/centcols.org\/felicien-missilier-cc-n-800-100-ans\/\"},\"wordCount\":80,\"publisher\":{\"@id\":\"https:\/\/centcols.org\/#organization\"},\"image\":{\"@id\":\"https:\/\/centcols.org\/felicien-missilier-cc-n-800-100-ans\/#primaryimage\"},\"thumbnailUrl\":\"https:\/\/centcols.org\/wp-content\/uploads\/2025\/05\/2020-02-22_Missilier-Felicien-1.jpg\",\"articleSection\":[\"Revue de presse\",\"2020\",\"Articles de presse et vid\u00e9os\"],\"inLanguage\":\"en-GB\"},{\"@type\":\"WebPage\",\"@id\":\"https:\/\/centcols.org\/felicien-missilier-cc-n-800-100-ans\/\",\"url\":\"https:\/\/centcols.org\/felicien-missilier-cc-n-800-100-ans\/\",\"name\":\"F\u00e9licien Missilier CC N\u00b0 800 - 100 ans - Club des Cent Cols\",\"isPartOf\":{\"@id\":\"https:\/\/centcols.org\/#website\"},\"primaryImageOfPage\":{\"@id\":\"https:\/\/centcols.org\/felicien-missilier-cc-n-800-100-ans\/#primaryimage\"},\"image\":{\"@id\":\"https:\/\/centcols.org\/felicien-missilier-cc-n-800-100-ans\/#primaryimage\"},\"thumbnailUrl\":\"https:\/\/centcols.org\/wp-content\/uploads\/2025\/05\/2020-02-22_Missilier-Felicien-1.jpg\",\"datePublished\":\"2020-03-11T16:04:46+00:00\",\"dateModified\":\"2025-11-05T18:20:19+00:00\",\"breadcrumb\":{\"@id\":\"https:\/\/centcols.org\/felicien-missilier-cc-n-800-100-ans\/#breadcrumb\"},\"inLanguage\":\"en-GB\",\"potentialAction\":[{\"@type\":\"ReadAction\",\"target\":[\"https:\/\/centcols.org\/felicien-missilier-cc-n-800-100-ans\/\"]}]},{\"@type\":\"ImageObject\",\"inLanguage\":\"en-GB\",\"@id\":\"https:\/\/centcols.org\/felicien-missilier-cc-n-800-100-ans\/#primaryimage\",\"url\":\"https:\/\/centcols.org\/wp-content\/uploads\/2025\/05\/2020-02-22_Missilier-Felicien-1.jpg\",\"contentUrl\":\"https:\/\/centcols.org\/wp-content\/uploads\/2025\/05\/2020-02-22_Missilier-Felicien-1.jpg\",\"width\":1280,\"height\":1370},{\"@type\":\"BreadcrumbList\",\"@id\":\"https:\/\/centcols.org\/felicien-missilier-cc-n-800-100-ans\/#breadcrumb\",\"itemListElement\":[{\"@type\":\"ListItem\",\"position\":1,\"name\":\"Accueil\",\"item\":\"https:\/\/centcols.org\/\"},{\"@type\":\"ListItem\",\"position\":2,\"name\":\"Gazette\",\"item\":\"https:\/\/centcols.org\/rubrique\/gazette\/\"},{\"@type\":\"ListItem\",\"position\":3,\"name\":\"Revue de presse\",\"item\":\"https:\/\/centcols.org\/rubrique\/gazette\/revue-de-presse\/\"},{\"@type\":\"ListItem\",\"position\":4,\"name\":\"F\u00e9licien Missilier CC N\u00b0 800 &#8211; 100 ans\"}]},{\"@type\":\"WebSite\",\"@id\":\"https:\/\/centcols.org\/#website\",\"url\":\"https:\/\/centcols.org\/\",\"name\":\"Club des Cent Cols\",\"description\":\"\",\"publisher\":{\"@id\":\"https:\/\/centcols.org\/#organization\"},\"potentialAction\":[{\"@type\":\"SearchAction\",\"target\":{\"@type\":\"EntryPoint\",\"urlTemplate\":\"https:\/\/centcols.org\/?s={search_term_string}\"},\"query-input\":{\"@type\":\"PropertyValueSpecification\",\"valueRequired\":true,\"valueName\":\"search_term_string\"}}],\"inLanguage\":\"en-GB\"},{\"@type\":\"Organization\",\"@id\":\"https:\/\/centcols.org\/#organization\",\"name\":\"Club des Cent Cols\",\"url\":\"https:\/\/centcols.org\/\",\"logo\":{\"@type\":\"ImageObject\",\"inLanguage\":\"en-GB\",\"@id\":\"https:\/\/centcols.org\/#\/schema\/logo\/image\/\",\"url\":\"https:\/\/centcols.org\/wp-content\/uploads\/2025\/01\/carte-icone.png\",\"contentUrl\":\"https:\/\/centcols.org\/wp-content\/uploads\/2025\/01\/carte-icone.png\",\"width\":250,\"height\":250,\"caption\":\"Club des Cent Cols\"},\"image\":{\"@id\":\"https:\/\/centcols.org\/#\/schema\/logo\/image\/\"},\"sameAs\":[\"https:\/\/www.facebook.com\/groups\/5261880558\/?locale=fr_FR\"]},{\"@type\":\"Person\",\"@id\":\"https:\/\/centcols.org\/#\/schema\/person\/377f00da2793c0363246869bb3a344d0\",\"name\":\"Guy Harl\u00e9\",\"image\":{\"@type\":\"ImageObject\",\"inLanguage\":\"en-GB\",\"@id\":\"https:\/\/centcols.org\/wp-content\/litespeed\/avatar\/94c4de37e46cf090f296d42ab3e8d6a6.jpg?ver=1777238144\",\"url\":\"https:\/\/centcols.org\/wp-content\/litespeed\/avatar\/94c4de37e46cf090f296d42ab3e8d6a6.jpg?ver=1777238144\",\"contentUrl\":\"https:\/\/centcols.org\/wp-content\/litespeed\/avatar\/94c4de37e46cf090f296d42ab3e8d6a6.jpg?ver=1777238144\",\"caption\":\"Guy Harl\u00e9\"},\"url\":\"https:\/\/centcols.org\/en\/author\/5193\/\"}]}<\/script>\n<!-- \/ Yoast SEO plugin. -->","yoast_head_json":{"title":"F\u00e9licien Missilier CC N\u00b0 800 - 100 years old - Club des Cent Cols","robots":{"index":"index","follow":"follow","max-snippet":"max-snippet:-1","max-image-preview":"max-image-preview:large","max-video-preview":"max-video-preview:-1"},"canonical":"https:\/\/centcols.org\/en\/felicien-missilier-cc-n-800-100-years-old\/","og_locale":"en_GB","og_type":"article","og_title":"F\u00e9licien Missilier CC N\u00b0 800 - 100 ans - Club des Cent Cols","og_description":"F\u00e9licien Missilier, CC N\u00b0 800, est entr\u00e9 dans la confr\u00e9rie en 1979. Il vient de f\u00eater, le 22 f\u00e9vier 2020 son 100 \u00e8me printemps. Ci-dessous, l&rsquo;article du Dauphin\u00e9 Lib\u00e9r\u00e9 du 23 f\u00e9vrier.F\u00e9licien nous a quitt\u00e9s quelques jours plus tard dans la nuit du 1er au 2 mars Journal Le Dauphin\u00e9 Lib\u00e9r\u00e9 du 23 f\u00e9vrier 2020 [&hellip;]","og_url":"https:\/\/centcols.org\/en\/felicien-missilier-cc-n-800-100-years-old\/","og_site_name":"Club des Cent Cols","article_publisher":"https:\/\/www.facebook.com\/groups\/5261880558\/?locale=fr_FR","article_published_time":"2020-03-11T16:04:46+00:00","article_modified_time":"2025-11-05T18:20:19+00:00","og_image":[{"width":1280,"height":1370,"url":"https:\/\/centcols.org\/wp-content\/uploads\/2025\/05\/2020-02-22_Missilier-Felicien-1.jpg","type":"image\/jpeg"}],"author":"Guy Harl\u00e9","twitter_card":"summary_large_image","twitter_misc":{"Written by":"Guy Harl\u00e9","Estimated reading time":"1 minute"},"schema":{"@context":"https:\/\/schema.org","@graph":[{"@type":"Article","@id":"https:\/\/centcols.org\/felicien-missilier-cc-n-800-100-ans\/#article","isPartOf":{"@id":"https:\/\/centcols.org\/felicien-missilier-cc-n-800-100-ans\/"},"author":{"name":"Guy Harl\u00e9","@id":"https:\/\/centcols.org\/#\/schema\/person\/377f00da2793c0363246869bb3a344d0"},"headline":"F\u00e9licien Missilier CC N\u00b0 800 &#8211; 100 ans","datePublished":"2020-03-11T16:04:46+00:00","dateModified":"2025-11-05T18:20:19+00:00","mainEntityOfPage":{"@id":"https:\/\/centcols.org\/felicien-missilier-cc-n-800-100-ans\/"},"wordCount":80,"publisher":{"@id":"https:\/\/centcols.org\/#organization"},"image":{"@id":"https:\/\/centcols.org\/felicien-missilier-cc-n-800-100-ans\/#primaryimage"},"thumbnailUrl":"https:\/\/centcols.org\/wp-content\/uploads\/2025\/05\/2020-02-22_Missilier-Felicien-1.jpg","articleSection":["Revue de presse","2020","Articles de presse et vid\u00e9os"],"inLanguage":"en-GB"},{"@type":"WebPage","@id":"https:\/\/centcols.org\/felicien-missilier-cc-n-800-100-ans\/","url":"https:\/\/centcols.org\/felicien-missilier-cc-n-800-100-ans\/","name":"F\u00e9licien Missilier CC N\u00b0 800 - 100 years old - Club des Cent Cols","isPartOf":{"@id":"https:\/\/centcols.org\/#website"},"primaryImageOfPage":{"@id":"https:\/\/centcols.org\/felicien-missilier-cc-n-800-100-ans\/#primaryimage"},"image":{"@id":"https:\/\/centcols.org\/felicien-missilier-cc-n-800-100-ans\/#primaryimage"},"thumbnailUrl":"https:\/\/centcols.org\/wp-content\/uploads\/2025\/05\/2020-02-22_Missilier-Felicien-1.jpg","datePublished":"2020-03-11T16:04:46+00:00","dateModified":"2025-11-05T18:20:19+00:00","breadcrumb":{"@id":"https:\/\/centcols.org\/felicien-missilier-cc-n-800-100-ans\/#breadcrumb"},"inLanguage":"en-GB","potentialAction":[{"@type":"ReadAction","target":["https:\/\/centcols.org\/felicien-missilier-cc-n-800-100-ans\/"]}]},{"@type":"ImageObject","inLanguage":"en-GB","@id":"https:\/\/centcols.org\/felicien-missilier-cc-n-800-100-ans\/#primaryimage","url":"https:\/\/centcols.org\/wp-content\/uploads\/2025\/05\/2020-02-22_Missilier-Felicien-1.jpg","contentUrl":"https:\/\/centcols.org\/wp-content\/uploads\/2025\/05\/2020-02-22_Missilier-Felicien-1.jpg","width":1280,"height":1370},{"@type":"BreadcrumbList","@id":"https:\/\/centcols.org\/felicien-missilier-cc-n-800-100-ans\/#breadcrumb","itemListElement":[{"@type":"ListItem","position":1,"name":"Accueil","item":"https:\/\/centcols.org\/"},{"@type":"ListItem","position":2,"name":"Gazette","item":"https:\/\/centcols.org\/rubrique\/gazette\/"},{"@type":"ListItem","position":3,"name":"Revue de presse","item":"https:\/\/centcols.org\/rubrique\/gazette\/revue-de-presse\/"},{"@type":"ListItem","position":4,"name":"F\u00e9licien Missilier CC N\u00b0 800 &#8211; 100 ans"}]},{"@type":"WebSite","@id":"https:\/\/centcols.org\/#website","url":"https:\/\/centcols.org\/","name":"Club des Cent Cols","description":"","publisher":{"@id":"https:\/\/centcols.org\/#organization"},"potentialAction":[{"@type":"SearchAction","target":{"@type":"EntryPoint","urlTemplate":"https:\/\/centcols.org\/?s={search_term_string}"},"query-input":{"@type":"PropertyValueSpecification","valueRequired":true,"valueName":"search_term_string"}}],"inLanguage":"en-GB"},{"@type":"Organization","@id":"https:\/\/centcols.org\/#organization","name":"Club des Cent Cols","url":"https:\/\/centcols.org\/","logo":{"@type":"ImageObject","inLanguage":"en-GB","@id":"https:\/\/centcols.org\/#\/schema\/logo\/image\/","url":"https:\/\/centcols.org\/wp-content\/uploads\/2025\/01\/carte-icone.png","contentUrl":"https:\/\/centcols.org\/wp-content\/uploads\/2025\/01\/carte-icone.png","width":250,"height":250,"caption":"Club des Cent Cols"},"image":{"@id":"https:\/\/centcols.org\/#\/schema\/logo\/image\/"},"sameAs":["https:\/\/www.facebook.com\/groups\/5261880558\/?locale=fr_FR"]},{"@type":"Person","@id":"https:\/\/centcols.org\/#\/schema\/person\/377f00da2793c0363246869bb3a344d0","name":"Guy Harl\u00e9","image":{"@type":"ImageObject","inLanguage":"en-GB","@id":"https:\/\/centcols.org\/wp-content\/litespeed\/avatar\/94c4de37e46cf090f296d42ab3e8d6a6.jpg?ver=1777238144","url":"https:\/\/centcols.org\/wp-content\/litespeed\/avatar\/94c4de37e46cf090f296d42ab3e8d6a6.jpg?ver=1777238144","contentUrl":"https:\/\/centcols.org\/wp-content\/litespeed\/avatar\/94c4de37e46cf090f296d42ab3e8d6a6.jpg?ver=1777238144","caption":"Guy Harl\u00e9"},"url":"https:\/\/centcols.org\/en\/author\/5193\/"}]}},"_links":{"self":[{"href":"https:\/\/centcols.org\/en\/wp-json\/wp\/v2\/posts\/82222","targetHints":{"allow":["GET"]}}],"collection":[{"href":"https:\/\/centcols.org\/en\/wp-json\/wp\/v2\/posts"}],"about":[{"href":"https:\/\/centcols.org\/en\/wp-json\/wp\/v2\/types\/post"}],"author":[{"embeddable":true,"href":"https:\/\/centcols.org\/en\/wp-json\/wp\/v2\/users\/136"}],"replies":[{"embeddable":true,"href":"https:\/\/centcols.org\/en\/wp-json\/wp\/v2\/comments?post=82222"}],"version-history":[{"count":0,"href":"https:\/\/centcols.org\/en\/wp-json\/wp\/v2\/posts\/82222\/revisions"}],"wp:featuredmedia":[{"embeddable":true,"href":"https:\/\/centcols.org\/en\/wp-json\/wp\/v2\/media\/82223"}],"wp:attachment":[{"href":"https:\/\/centcols.org\/en\/wp-json\/wp\/v2\/media?parent=82222"}],"wp:term":[{"taxonomy":"category","embeddable":true,"href":"https:\/\/centcols.org\/en\/wp-json\/wp\/v2\/categories?post=82222"},{"taxonomy":"post_tag","embeddable":true,"href":"https:\/\/centcols.org\/en\/wp-json\/wp\/v2\/tags?post=82222"}],"curies":[{"name":"wp","href":"https:\/\/api.w.org\/{rel}","templated":true}]}}