{"id":82254,"date":"2020-11-29T15:30:11","date_gmt":"2020-11-29T13:30:11","guid":{"rendered":"https:\/\/centcols.org\/raduno-italiano-2021-monasterolo-del-castello-29-et-30-mai-2021\/"},"modified":"2025-08-17T12:33:53","modified_gmt":"2025-08-17T10:33:53","slug":"raduno-2021-monasterolo","status":"publish","type":"post","link":"https:\/\/centcols.org\/en\/raduno-2021-monasterolo\/","title":{"rendered":"Raduno italiano 2021, Monasterolo del Castello, 29 and 30 May 2021"},"content":{"rendered":"<p><span style=\"font-size: medium;\"><b>Le Raduno italien du Club des Cent Cols se tiendra \u00e0 Monasterolo del Castello (BG), pr\u00e8s du Lac d\u2019Endine, Bergame.<\/b><\/span><span style=\"font-family: Arial, serif;\"><span style=\"font-size: small;\"><br \/>\n<\/span><\/span><\/p>\n\n<p><span style=\"font-size: 12pt;\">Demi-pension (chambre, d\u00eener, petit d\u00e9jeuner):<\/span><br \/>\n&#8211; <span style=\"color: #222222;\"><span style=\"font-family: Arial, serif;\"><span style=\"font-size: medium;\"><span lang=\"fr-FR\">Chambre solo<\/span><\/span><\/span><\/span><span style=\"color: #222222;\"><span style=\"font-family: Arial, serif;\"><span style=\"font-size: medium;\"><span lang=\"fr-FR\">: 93,00 \u20ac<br \/>\n&#8211; Chambre 2 lits: 75,00 \u20ac par personne<\/span><\/span><\/span><\/span><\/p>\n<p><span style=\"color: #222222;\"><span style=\"font-family: Arial, serif;\"><span style=\"font-size: medium;\"><span lang=\"fr-FR\">Parking disponible pour les participants.<br \/>\n<\/span><\/span><\/span><\/span><span style=\"color: #222222;\"><span style=\"font-family: Arial, serif;\"><span style=\"font-size: medium;\"><span lang=\"fr-FR\">D\u00eener du samedi soir 29 mai : 35,00 \u20ac<\/span><\/span><\/span><\/span><\/p>\n<p>R\u00e9servation directe \u00e0 l&rsquo;h\u00f4tel par mail en pr\u00e9cisant que vous \u00eates membre du club des Cent Cols.<span style=\"color: #000000;\"><span style=\"font-size: small;\"><b><br \/>\nIndirizzo : <\/b><\/span><span style=\"font-size: small;\">Via Montegrappa, 41, 24060 Monasterolo del Castello BG<br \/>\n<\/span><span style=\"font-size: small;\"><b>Telefono : <\/b><\/span><\/span><span style=\"font-size: small;\"><span style=\"color: #000000;\">+39 035 814513<\/span><br \/>\n<\/span><span style=\"font-size: small;\"><b>email : <\/b><\/span><span style=\"font-size: small;\">info&#64;locandadelboscaiolo&#46;&#105;&#116;<br \/>\n<strong>H\u00f4tel : <a href=\"https:\/\/www.google.com\/search?q=locanda+del+boscaiolo&amp;rlz=1C1CHMO_enIT507IT511&amp;oq=locanda+del+&amp;aqs=chrome.3.69i57j0l2j35i39j0l4.7026j0j8&amp;sourceid=chrome&amp;ie=UTF-8\" target=\"_blank\" rel=\"noopener noreferrer\">Locanda Del Boscaiolo di Pettini Mario<\/a><\/strong><\/span><\/p>\n<p><b>2 parcours routiers et 2 parcours VTT sont pr\u00e9vus pour le samedi et le dimanche.<\/b><\/p>\n<p><span style=\"font-size: 14pt;\"><strong><span style=\"color: #ff0000;\"><a style=\"color: #ff0000;\" href=\"\/membres\/cctours\/tours.php?lieu=Monasterolo&amp;an=2021\">ICI LES PARCOURS<\/a><\/span><\/strong><\/span><b><\/b><\/p>\n<p><b>V1 &#8211; Parcours<\/b><b> VTT samedi 29,\u00a0 d\u00e9part 9 h 00 de Fiorano Al Serio (cimeti\u00e8re)<br \/>\nV2 &#8211; Parcours<\/b><b> VTT dimanche 30, d\u00e9part 8 h 30 de l&rsquo;h\u00f4tel<br \/>\n<\/b><\/p>\n<p><b>R1 &#8211; Parcours<\/b><b> Route samedi 29,\u00a0 d\u00e9part 10 h 00 de l&rsquo;h\u00f4tel<br \/>\nR2 &#8211; Parcours<\/b><b> Route dimanche 30, d\u00e9part 8 h 30 de l&rsquo;h\u00f4tel\u00a0<\/b><\/p>\n<table width=\"979\">\n<tbody>\n<tr>\n<td width=\"253\">Raduno Lago di Endine 2021<\/td>\n<td width=\"236\">Raduno Lago di Endine 2021<\/td>\n<td width=\"237\">Raduno Lago di Endine 2021<\/td>\n<td width=\"253\">Raduno Lago di Endine 2021<\/td>\n<\/tr>\n<tr>\n<td width=\"253\">Strada\/Route R1 \u00abMonasterolo &#8211; Colli San Fermo &#8211; Monasterolo\u00bb<\/td>\n<td width=\"236\">Circuito MTB\/VTT V1 \u00abFiorano al Serio &#8211; Ganda &#8211; Aviatico &#8211; Fiorano al Serio\u00bb<\/td>\n<td width=\"237\">Strada\/Route R2 \u00abMonasterolo &#8211; Ganda &#8211; Zambla &#8211; Monasterolo\u00bb<\/td>\n<td width=\"253\">Circuito MTB\/VTT V1 \u00abMonasterolo &#8211; Adrara -Colle Dedine &#8211; Colle di Caf &#8211; Monasterolo\u00bb<\/td>\n<\/tr>\n<tr>\n<td width=\"253\"><\/td>\n<td width=\"236\"><\/td>\n<td width=\"237\"><\/td>\n<td width=\"253\"><\/td>\n<\/tr>\n<tr>\n<td>Data: 29-5-2021 (sabato)<\/td>\n<td>Data: 29-5-2021 (sabato)<\/td>\n<td>Data: 30-5-2021 (domenica)<\/td>\n<td>Data: 30-5-2021 (domenica)<\/td>\n<\/tr>\n<tr>\n<td>Partenza: Monasterolo del Castello<\/td>\n<td>Partenza: Fiorano al Serio<\/td>\n<td>Partenza: Monasterolo del Castello<\/td>\n<td>Partenza: Monasterolo del Castello<\/td>\n<\/tr>\n<tr>\n<td>ore 10,00<\/td>\n<td>ore 10,00<\/td>\n<td>ore 8,45<\/td>\n<td>ore 8,30<\/td>\n<\/tr>\n<tr>\n<td>Distanza: 71 km<\/td>\n<td>Distanza:\u00a0 34 km<\/td>\n<td>Distanza: 111 km<\/td>\n<td>Distanza: 49 km<\/td>\n<\/tr>\n<tr>\n<td>Dislivello: 1940\u00a0 m<\/td>\n<td>Dislivello: 1530\u00a0 m<\/td>\n<td>Dislivello: 2800\u00a0 m<\/td>\n<td>Dislivello: 2000\u00a0 m<\/td>\n<\/tr>\n<tr>\n<td>Colli sul circuito S1: 5 colli<\/td>\n<td>Colli sul circuito V1: 7 colli<\/td>\n<td>Colli sul circuito S2: 8 colli<\/td>\n<td>Colli sul circuito V2: 11 colli<\/td>\n<\/tr>\n<tr>\n<td><\/td>\n<td><\/td>\n<td><\/td>\n<td><\/td>\n<\/tr>\n<tr>\n<td>Monasterolo del Castello (365 m)<\/td>\n<td>Partenza: Fiorano al Serio\u00a0 (396 m)<\/td>\n<td>Monasterolo del Castello (365 m)<\/td>\n<td>Monasterolo del Castello (365 m)<\/td>\n<\/tr>\n<tr>\n<td>Borgo di Terzo (300 m)<\/td>\n<td><\/td>\n<td>Ranzanico (519 m)<\/td>\n<td><\/td>\n<\/tr>\n<tr>\n<td>Grone (388 m)<\/td>\n<td>1. IT-BG-1045<\/td>\n<td><\/td>\n<td>Casazza (349 m)<\/td>\n<\/tr>\n<tr>\n<td>Sant&rsquo;Antonio (772 m)<\/td>\n<td>Passate di Ganda<\/td>\n<td>1. IT-BG-0908<\/td>\n<td>Borgo di Terzo (300 m)<\/td>\n<\/tr>\n<tr>\n<td>San Fermo (1047 m)<\/td>\n<td><\/td>\n<td>Forcella di Ranzanico<\/td>\n<td>Berzo San Fermo<\/td>\n<\/tr>\n<tr>\n<td>Colli San Fermo (1210 m) (A-R 2 km)<\/td>\n<td>2. IT-BG-1160<\/td>\n<td><\/td>\n<td><\/td>\n<\/tr>\n<tr>\n<td><\/td>\n<td>La Forca<\/td>\n<td>Leffe &#8211; Gandino &#8211; Ponte Nossa (465 m)<\/td>\n<td>1. IT-BG-0670<\/td>\n<\/tr>\n<tr>\n<td>1. IT-BG-1242<\/td>\n<td><\/td>\n<td><\/td>\n<td>Col Croce<\/td>\n<\/tr>\n<tr>\n<td width=\"253\">Colle di Caf (A-R 0,5 km &#8211; R1)<\/td>\n<td>3. IT-BG-1215<\/td>\n<td>2. IT-BG-1264<\/td>\n<td><\/td>\n<\/tr>\n<tr>\n<td width=\"253\"><\/td>\n<td>La Forcella<\/td>\n<td>Passo di Zambla<\/td>\n<td>2. IT-BG-0462b<\/td>\n<\/tr>\n<tr>\n<td>2. IT-BG-1281<\/td>\n<td><\/td>\n<td><\/td>\n<td>Colle di San Carlo<\/td>\n<\/tr>\n<tr>\n<td>Il Colletto<\/td>\n<td>4. IT-BG-1202<\/td>\n<td>3. IT-BG-1267<\/td>\n<td><\/td>\n<\/tr>\n<tr>\n<td><\/td>\n<td>Forcellino<\/td>\n<td>Passo della Crocetta<\/td>\n<td>Adrara San Martino (355 m)<\/td>\n<\/tr>\n<tr>\n<td>San Fermo (1047 m)<\/td>\n<td><\/td>\n<td><\/td>\n<td>Viadanica (336 m)<\/td>\n<\/tr>\n<tr>\n<td>Adrara San Martino (355 m)<\/td>\n<td>5. IT-BG-1312<\/td>\n<td>Oltre il Colle (1030 m)<\/td>\n<td><\/td>\n<\/tr>\n<tr>\n<td><\/td>\n<td>Passo Barbata<\/td>\n<td><\/td>\n<td>3. IT-BG-0399<\/td>\n<\/tr>\n<tr>\n<td>3. IT-BG-0462b<\/td>\n<td><\/td>\n<td>4. IT-BG-1039<\/td>\n<td>Forcella<\/td>\n<\/tr>\n<tr>\n<td>Colle di San Carlo<\/td>\n<td>6. IT-BG-1474<\/td>\n<td>La Forcella<\/td>\n<td><\/td>\n<\/tr>\n<tr>\n<td><\/td>\n<td>Passo Pradaccio<\/td>\n<td><\/td>\n<td>4. IT-BG-0776<\/td>\n<\/tr>\n<tr>\n<td>Adrara San Martino (355 m)<\/td>\n<td><\/td>\n<td>5. IT-BG-1051<\/td>\n<td>Colle Cambline<\/td>\n<\/tr>\n<tr>\n<td>Viadanica (336 m)<\/td>\n<td>7. IT-BG-1274b<\/td>\n<td>Passo Crocetta\u00a0 (A-R 3 km)<\/td>\n<td><\/td>\n<\/tr>\n<tr>\n<td><\/td>\n<td>Passo di Bliben<\/td>\n<td><\/td>\n<td>5. IT-BG-0892a<\/td>\n<\/tr>\n<tr>\n<td>4. IT-BG-0399<\/td>\n<td>Ritorno a Fiorano al Serio<\/td>\n<td>Serina (986 m)<\/td>\n<td>Colle di Oregia<\/td>\n<\/tr>\n<tr>\n<td>Forcella<\/td>\n<td><\/td>\n<td>Aviatico (1022 m)<\/td>\n<td><\/td>\n<\/tr>\n<tr>\n<td><\/td>\n<td><\/td>\n<td><\/td>\n<td>6. IT-BG-0809c<\/td>\n<\/tr>\n<tr>\n<td>Villongo (230 m)<\/td>\n<td><\/td>\n<td>6. IT-BG-1045<\/td>\n<td>Colle del Giogo<\/td>\n<\/tr>\n<tr>\n<td>Foresto Sparso (346 m)<\/td>\n<td><\/td>\n<td>Passate di Ganda<\/td>\n<td><\/td>\n<\/tr>\n<tr>\n<td><\/td>\n<td><\/td>\n<td><\/td>\n<td>7. IT-BG-1016<\/td>\n<\/tr>\n<tr>\n<td>5. IT-BG-0567<\/td>\n<td><\/td>\n<td>7. IT-BG-0664<\/td>\n<td>Colle Dedine<\/td>\n<\/tr>\n<tr>\n<td>Colle di San Giovanni<\/td>\n<td><\/td>\n<td>Forcellino di Bianzano<\/td>\n<td><\/td>\n<\/tr>\n<tr>\n<td><\/td>\n<td><\/td>\n<td><\/td>\n<td>8. IT-BG-1030<\/td>\n<\/tr>\n<tr>\n<td>Selva &#8211; Zandobbio (278 m)<\/td>\n<td><\/td>\n<td>8. IT-BG-0678<\/td>\n<td>Colle Martinazzo<\/td>\n<\/tr>\n<tr>\n<td>Casazza (349 m)<\/td>\n<td><\/td>\n<td>Forcella<\/td>\n<td><\/td>\n<\/tr>\n<tr>\n<td>Ritorno a Monasterolo del Castello<\/td>\n<td><\/td>\n<td><\/td>\n<td>9. IT-BG-1022<\/td>\n<\/tr>\n<tr>\n<td><\/td>\n<td><\/td>\n<td>Ritorno a Monasterolo del Castello<\/td>\n<td>Colle Cargadura<\/td>\n<\/tr>\n<tr>\n<td><\/td>\n<td><\/td>\n<td><\/td>\n<td><\/td>\n<\/tr>\n<tr>\n<td><\/td>\n<td><\/td>\n<td><\/td>\n<td>10. IT-BG-1242<\/td>\n<\/tr>\n<tr>\n<td><\/td>\n<td><\/td>\n<td><\/td>\n<td width=\"253\">Colle di Caf (A-R 0,5 km &#8211; R1)<\/td>\n<\/tr>\n<tr>\n<td><\/td>\n<td><\/td>\n<td><\/td>\n<td width=\"253\"><\/td>\n<\/tr>\n<tr>\n<td><\/td>\n<td><\/td>\n<td><\/td>\n<td>11. IT-BG-1281<\/td>\n<\/tr>\n<tr>\n<td><\/td>\n<td><\/td>\n<td><\/td>\n<td>Il Colletto<\/td>\n<\/tr>\n<tr>\n<td><\/td>\n<td><\/td>\n<td><\/td>\n<td><\/td>\n<\/tr>\n<tr>\n<td><\/td>\n<td><\/td>\n<td><\/td>\n<td>Ritorno a Monasterolo del Castello<\/td>\n<\/tr>\n<\/tbody>\n<\/table>\n<p><span style=\"font-size: 1.4em;\">Contact<br \/>\nLuigi Spina<\/span><\/p>\n<div class=\"col-4-4 cf\">\n<p>+39 349 416 31 74<br \/>\n[email]&#108;&#x75;i&#103;&#x69;&#46;&#x73;&#x70;&#105;&#x6e;a&#64;&#x67;m&#120;&#x2e;&#100;&#x65;[\/email]<\/p>\n<div style=\"clear: both;\"><\/div>\n<\/div>\n","protected":false},"excerpt":{"rendered":"<p>Le Raduno italien du Club des Cent Cols se tiendra \u00e0 Monasterolo del Castello (BG), pr\u00e8s du Lac d\u2019Endine, Bergame. Demi-pension (chambre, d\u00eener, petit d\u00e9jeuner): &#8211; Chambre solo: 93,00 \u20ac &#8211; Chambre 2 lits: 75,00 \u20ac par personne Parking disponible pour les participants. D\u00eener du samedi soir 29 mai : 35,00 \u20ac R\u00e9servation directe \u00e0 [&hellip;]<\/p>\n","protected":false},"author":136,"featured_media":0,"comment_status":"closed","ping_status":"open","sticky":false,"template":"","format":"standard","meta":{"_acf_changed":false,"footnotes":""},"categories":[291,135,216],"tags":[],"class_list":["post-82254","post","type-post","status-publish","format-standard","hentry","category-les-rassemblements-de-2021","category-calendrier","category-rencontres-regionales"],"acf":[],"yoast_head":"<!-- This site is optimized with the Yoast SEO plugin v27.2 - https:\/\/yoast.com\/product\/yoast-seo-wordpress\/ -->\n<title>Raduno italiano 2021, Monasterolo del Castello, 29 et 30 mai 2021 - Club des Cent Cols<\/title>\n<meta name=\"robots\" content=\"index, follow, max-snippet:-1, max-image-preview:large, max-video-preview:-1\" \/>\n<link rel=\"canonical\" href=\"https:\/\/centcols.org\/en\/raduno-2021-monasterolo\/\" \/>\n<meta property=\"og:locale\" content=\"en_GB\" \/>\n<meta property=\"og:type\" content=\"article\" \/>\n<meta property=\"og:title\" content=\"Raduno italiano 2021, Monasterolo del Castello, 29 et 30 mai 2021 - Club des Cent Cols\" \/>\n<meta property=\"og:description\" content=\"Le Raduno italien du Club des Cent Cols se tiendra \u00e0 Monasterolo del Castello (BG), pr\u00e8s du Lac d\u2019Endine, Bergame. Demi-pension (chambre, d\u00eener, petit d\u00e9jeuner): &#8211; Chambre solo: 93,00 \u20ac &#8211; Chambre 2 lits: 75,00 \u20ac par personne Parking disponible pour les participants. D\u00eener du samedi soir 29 mai : 35,00 \u20ac R\u00e9servation directe \u00e0 [&hellip;]\" \/>\n<meta property=\"og:url\" content=\"https:\/\/centcols.org\/en\/raduno-2021-monasterolo\/\" \/>\n<meta property=\"og:site_name\" content=\"Club des Cent Cols\" \/>\n<meta property=\"article:publisher\" content=\"https:\/\/www.facebook.com\/groups\/5261880558\/?locale=fr_FR\" \/>\n<meta property=\"article:published_time\" content=\"2020-11-29T13:30:11+00:00\" \/>\n<meta property=\"article:modified_time\" content=\"2025-08-17T10:33:53+00:00\" \/>\n<meta name=\"author\" content=\"Guy Harl\u00e9\" \/>\n<meta name=\"twitter:card\" content=\"summary_large_image\" \/>\n<meta name=\"twitter:label1\" content=\"Written by\" \/>\n\t<meta name=\"twitter:data1\" content=\"Guy Harl\u00e9\" \/>\n\t<meta name=\"twitter:label2\" content=\"Estimated reading time\" \/>\n\t<meta name=\"twitter:data2\" content=\"4 minutes\" \/>\n<script type=\"application\/ld+json\" class=\"yoast-schema-graph\">{\"@context\":\"https:\/\/schema.org\",\"@graph\":[{\"@type\":\"Article\",\"@id\":\"https:\/\/centcols.org\/raduno-2021-monasterolo\/#article\",\"isPartOf\":{\"@id\":\"https:\/\/centcols.org\/raduno-2021-monasterolo\/\"},\"author\":{\"name\":\"Guy Harl\u00e9\",\"@id\":\"https:\/\/centcols.org\/#\/schema\/person\/377f00da2793c0363246869bb3a344d0\"},\"headline\":\"Raduno italiano 2021, Monasterolo del Castello, 29 et 30 mai 2021\",\"datePublished\":\"2020-11-29T13:30:11+00:00\",\"dateModified\":\"2025-08-17T10:33:53+00:00\",\"mainEntityOfPage\":{\"@id\":\"https:\/\/centcols.org\/raduno-2021-monasterolo\/\"},\"wordCount\":595,\"publisher\":{\"@id\":\"https:\/\/centcols.org\/#organization\"},\"articleSection\":[\"2021-rassemblements\",\"Calendrier\",\"Rencontres r\u00e9gionales\"],\"inLanguage\":\"en-GB\"},{\"@type\":\"WebPage\",\"@id\":\"https:\/\/centcols.org\/raduno-2021-monasterolo\/\",\"url\":\"https:\/\/centcols.org\/raduno-2021-monasterolo\/\",\"name\":\"Raduno italiano 2021, Monasterolo del Castello, 29 et 30 mai 2021 - Club des Cent Cols\",\"isPartOf\":{\"@id\":\"https:\/\/centcols.org\/#website\"},\"datePublished\":\"2020-11-29T13:30:11+00:00\",\"dateModified\":\"2025-08-17T10:33:53+00:00\",\"breadcrumb\":{\"@id\":\"https:\/\/centcols.org\/raduno-2021-monasterolo\/#breadcrumb\"},\"inLanguage\":\"en-GB\",\"potentialAction\":[{\"@type\":\"ReadAction\",\"target\":[\"https:\/\/centcols.org\/raduno-2021-monasterolo\/\"]}]},{\"@type\":\"BreadcrumbList\",\"@id\":\"https:\/\/centcols.org\/raduno-2021-monasterolo\/#breadcrumb\",\"itemListElement\":[{\"@type\":\"ListItem\",\"position\":1,\"name\":\"Accueil\",\"item\":\"https:\/\/centcols.org\/\"},{\"@type\":\"ListItem\",\"position\":2,\"name\":\"Calendrier\",\"item\":\"https:\/\/centcols.org\/rubrique\/calendrier\/\"},{\"@type\":\"ListItem\",\"position\":3,\"name\":\"Raduno italiano 2021, Monasterolo del Castello, 29 et 30 mai 2021\"}]},{\"@type\":\"WebSite\",\"@id\":\"https:\/\/centcols.org\/#website\",\"url\":\"https:\/\/centcols.org\/\",\"name\":\"Club des Cent Cols\",\"description\":\"\",\"publisher\":{\"@id\":\"https:\/\/centcols.org\/#organization\"},\"potentialAction\":[{\"@type\":\"SearchAction\",\"target\":{\"@type\":\"EntryPoint\",\"urlTemplate\":\"https:\/\/centcols.org\/?s={search_term_string}\"},\"query-input\":{\"@type\":\"PropertyValueSpecification\",\"valueRequired\":true,\"valueName\":\"search_term_string\"}}],\"inLanguage\":\"en-GB\"},{\"@type\":\"Organization\",\"@id\":\"https:\/\/centcols.org\/#organization\",\"name\":\"Club des Cent Cols\",\"url\":\"https:\/\/centcols.org\/\",\"logo\":{\"@type\":\"ImageObject\",\"inLanguage\":\"en-GB\",\"@id\":\"https:\/\/centcols.org\/#\/schema\/logo\/image\/\",\"url\":\"https:\/\/centcols.org\/wp-content\/uploads\/2025\/01\/carte-icone.png\",\"contentUrl\":\"https:\/\/centcols.org\/wp-content\/uploads\/2025\/01\/carte-icone.png\",\"width\":250,\"height\":250,\"caption\":\"Club des Cent Cols\"},\"image\":{\"@id\":\"https:\/\/centcols.org\/#\/schema\/logo\/image\/\"},\"sameAs\":[\"https:\/\/www.facebook.com\/groups\/5261880558\/?locale=fr_FR\"]},{\"@type\":\"Person\",\"@id\":\"https:\/\/centcols.org\/#\/schema\/person\/377f00da2793c0363246869bb3a344d0\",\"name\":\"Guy Harl\u00e9\",\"image\":{\"@type\":\"ImageObject\",\"inLanguage\":\"en-GB\",\"@id\":\"https:\/\/centcols.org\/wp-content\/litespeed\/avatar\/94c4de37e46cf090f296d42ab3e8d6a6.jpg?ver=1777238144\",\"url\":\"https:\/\/centcols.org\/wp-content\/litespeed\/avatar\/94c4de37e46cf090f296d42ab3e8d6a6.jpg?ver=1777238144\",\"contentUrl\":\"https:\/\/centcols.org\/wp-content\/litespeed\/avatar\/94c4de37e46cf090f296d42ab3e8d6a6.jpg?ver=1777238144\",\"caption\":\"Guy Harl\u00e9\"},\"url\":\"https:\/\/centcols.org\/en\/author\/5193\/\"}]}<\/script>\n<!-- \/ Yoast SEO plugin. -->","yoast_head_json":{"title":"Raduno italiano 2021, Monasterolo del Castello, 29 and 30 May 2021 - Club des Cent Cols","robots":{"index":"index","follow":"follow","max-snippet":"max-snippet:-1","max-image-preview":"max-image-preview:large","max-video-preview":"max-video-preview:-1"},"canonical":"https:\/\/centcols.org\/en\/raduno-2021-monasterolo\/","og_locale":"en_GB","og_type":"article","og_title":"Raduno italiano 2021, Monasterolo del Castello, 29 et 30 mai 2021 - Club des Cent Cols","og_description":"Le Raduno italien du Club des Cent Cols se tiendra \u00e0 Monasterolo del Castello (BG), pr\u00e8s du Lac d\u2019Endine, Bergame. Demi-pension (chambre, d\u00eener, petit d\u00e9jeuner): &#8211; Chambre solo: 93,00 \u20ac &#8211; Chambre 2 lits: 75,00 \u20ac par personne Parking disponible pour les participants. D\u00eener du samedi soir 29 mai : 35,00 \u20ac R\u00e9servation directe \u00e0 [&hellip;]","og_url":"https:\/\/centcols.org\/en\/raduno-2021-monasterolo\/","og_site_name":"Club des Cent Cols","article_publisher":"https:\/\/www.facebook.com\/groups\/5261880558\/?locale=fr_FR","article_published_time":"2020-11-29T13:30:11+00:00","article_modified_time":"2025-08-17T10:33:53+00:00","author":"Guy Harl\u00e9","twitter_card":"summary_large_image","twitter_misc":{"Written by":"Guy Harl\u00e9","Estimated reading time":"4 minutes"},"schema":{"@context":"https:\/\/schema.org","@graph":[{"@type":"Article","@id":"https:\/\/centcols.org\/raduno-2021-monasterolo\/#article","isPartOf":{"@id":"https:\/\/centcols.org\/raduno-2021-monasterolo\/"},"author":{"name":"Guy Harl\u00e9","@id":"https:\/\/centcols.org\/#\/schema\/person\/377f00da2793c0363246869bb3a344d0"},"headline":"Raduno italiano 2021, Monasterolo del Castello, 29 et 30 mai 2021","datePublished":"2020-11-29T13:30:11+00:00","dateModified":"2025-08-17T10:33:53+00:00","mainEntityOfPage":{"@id":"https:\/\/centcols.org\/raduno-2021-monasterolo\/"},"wordCount":595,"publisher":{"@id":"https:\/\/centcols.org\/#organization"},"articleSection":["2021-rassemblements","Calendrier","Rencontres r\u00e9gionales"],"inLanguage":"en-GB"},{"@type":"WebPage","@id":"https:\/\/centcols.org\/raduno-2021-monasterolo\/","url":"https:\/\/centcols.org\/raduno-2021-monasterolo\/","name":"Raduno italiano 2021, Monasterolo del Castello, 29 and 30 May 2021 - Club des Cent Cols","isPartOf":{"@id":"https:\/\/centcols.org\/#website"},"datePublished":"2020-11-29T13:30:11+00:00","dateModified":"2025-08-17T10:33:53+00:00","breadcrumb":{"@id":"https:\/\/centcols.org\/raduno-2021-monasterolo\/#breadcrumb"},"inLanguage":"en-GB","potentialAction":[{"@type":"ReadAction","target":["https:\/\/centcols.org\/raduno-2021-monasterolo\/"]}]},{"@type":"BreadcrumbList","@id":"https:\/\/centcols.org\/raduno-2021-monasterolo\/#breadcrumb","itemListElement":[{"@type":"ListItem","position":1,"name":"Accueil","item":"https:\/\/centcols.org\/"},{"@type":"ListItem","position":2,"name":"Calendrier","item":"https:\/\/centcols.org\/rubrique\/calendrier\/"},{"@type":"ListItem","position":3,"name":"Raduno italiano 2021, Monasterolo del Castello, 29 et 30 mai 2021"}]},{"@type":"WebSite","@id":"https:\/\/centcols.org\/#website","url":"https:\/\/centcols.org\/","name":"Club des Cent Cols","description":"","publisher":{"@id":"https:\/\/centcols.org\/#organization"},"potentialAction":[{"@type":"SearchAction","target":{"@type":"EntryPoint","urlTemplate":"https:\/\/centcols.org\/?s={search_term_string}"},"query-input":{"@type":"PropertyValueSpecification","valueRequired":true,"valueName":"search_term_string"}}],"inLanguage":"en-GB"},{"@type":"Organization","@id":"https:\/\/centcols.org\/#organization","name":"Club des Cent Cols","url":"https:\/\/centcols.org\/","logo":{"@type":"ImageObject","inLanguage":"en-GB","@id":"https:\/\/centcols.org\/#\/schema\/logo\/image\/","url":"https:\/\/centcols.org\/wp-content\/uploads\/2025\/01\/carte-icone.png","contentUrl":"https:\/\/centcols.org\/wp-content\/uploads\/2025\/01\/carte-icone.png","width":250,"height":250,"caption":"Club des Cent Cols"},"image":{"@id":"https:\/\/centcols.org\/#\/schema\/logo\/image\/"},"sameAs":["https:\/\/www.facebook.com\/groups\/5261880558\/?locale=fr_FR"]},{"@type":"Person","@id":"https:\/\/centcols.org\/#\/schema\/person\/377f00da2793c0363246869bb3a344d0","name":"Guy Harl\u00e9","image":{"@type":"ImageObject","inLanguage":"en-GB","@id":"https:\/\/centcols.org\/wp-content\/litespeed\/avatar\/94c4de37e46cf090f296d42ab3e8d6a6.jpg?ver=1777238144","url":"https:\/\/centcols.org\/wp-content\/litespeed\/avatar\/94c4de37e46cf090f296d42ab3e8d6a6.jpg?ver=1777238144","contentUrl":"https:\/\/centcols.org\/wp-content\/litespeed\/avatar\/94c4de37e46cf090f296d42ab3e8d6a6.jpg?ver=1777238144","caption":"Guy Harl\u00e9"},"url":"https:\/\/centcols.org\/en\/author\/5193\/"}]}},"_links":{"self":[{"href":"https:\/\/centcols.org\/en\/wp-json\/wp\/v2\/posts\/82254","targetHints":{"allow":["GET"]}}],"collection":[{"href":"https:\/\/centcols.org\/en\/wp-json\/wp\/v2\/posts"}],"about":[{"href":"https:\/\/centcols.org\/en\/wp-json\/wp\/v2\/types\/post"}],"author":[{"embeddable":true,"href":"https:\/\/centcols.org\/en\/wp-json\/wp\/v2\/users\/136"}],"replies":[{"embeddable":true,"href":"https:\/\/centcols.org\/en\/wp-json\/wp\/v2\/comments?post=82254"}],"version-history":[{"count":0,"href":"https:\/\/centcols.org\/en\/wp-json\/wp\/v2\/posts\/82254\/revisions"}],"wp:attachment":[{"href":"https:\/\/centcols.org\/en\/wp-json\/wp\/v2\/media?parent=82254"}],"wp:term":[{"taxonomy":"category","embeddable":true,"href":"https:\/\/centcols.org\/en\/wp-json\/wp\/v2\/categories?post=82254"},{"taxonomy":"post_tag","embeddable":true,"href":"https:\/\/centcols.org\/en\/wp-json\/wp\/v2\/tags?post=82254"}],"curies":[{"name":"wp","href":"https:\/\/api.w.org\/{rel}","templated":true}]}}