{"id":82260,"date":"2020-12-11T10:23:45","date_gmt":"2020-12-11T08:23:45","guid":{"rendered":"https:\/\/centcols.org\/alpes-du-sud-col-du-noyer-28-aout\/"},"modified":"2025-06-06T10:44:08","modified_gmt":"2025-06-06T08:44:08","slug":"alpes-du-sud-col-du-noyer-28-august","status":"publish","type":"post","link":"https:\/\/centcols.org\/en\/alpes-du-sud-col-du-noyer-28-aout\/","title":{"rendered":"Southern Alps, Col du Noyer, 28 August"},"content":{"rendered":"<p>Alpes Sud, Col du Noyer (FR-05-1664)<\/p>\n<h3>Accueil<\/h3>\n<p>A partir de au col \u00e0 partir de 11 h 30 pour le pot de l&rsquo;amiti\u00e9<\/p>\n<p>[mapsmarker marker=\u00a0\u00bb41&Prime;]<\/p>\n<h3>Contact<\/h3>\n<p>Bernard Henry<br \/>\n<span style=\"font-family: Times New Roman, serif;\"><span style=\"font-size: medium;\"><span style=\"color: #000000;\"><span style=\"font-family: Helvetica, serif;\"><span style=\"font-size: small;\"><span lang=\"en-GB\">+33 4 92 44 09 02\u00a0 &#8211;\u00a0 +33 6 08 74 29 59<br \/>\n<\/span><\/span><\/span><\/span><\/span><\/span><span style=\"font-family: Times New Roman, serif;\"><span style=\"font-size: medium;\"><span style=\"color: #0563c1;\"><u><a href=\"\/D:&#47;&#x31;&#48;&#x30;&#37;&#x32;0&#x43;o&#108;&#x73;&#47;&#x43;&#111;&#x6e;c&#x65;n&#116;&#x72;&#97;&#x74;&#105;&#x6f;&#110;&#x73;%&#x32;0&#114;&#x25;&#67;&#x33;&#37;&#x41;9&#x67;i&#111;&#x6e;&#97;&#x6c;&#101;&#x73;&#47;&#x32;0&#x32;1&#47;&#x62;&#101;&#x72;&#110;&#x61;r&#x64;&#46;&#104;&#x65;&#110;&#x72;&#121;&#x30;&#53;&#x40;o&#x72;a&#110;&#x67;&#101;&#x2e;&#102;&#x72;\"><span style=\"font-family: Helvetica, serif;\"><span style=\"font-size: small;\"><span lang=\"en-GB\">[email]&#98;&#101;&#x72;n&#97;&#x72;&#x64;&#46;&#104;&#x65;&#x6e;r&#121;&#x30;&#x35;&#64;&#111;&#x72;&#x61;n&#103;&#x65;&#x2e;f&#114;[\/email]<\/span><\/span><\/span><\/a><\/u><\/span><\/span><\/span><\/p>\n<p>Jean-Paul Zuanon<br \/>\n<span style=\"font-family: Times New Roman, serif;\"><span style=\"font-size: medium;\"><span style=\"color: #000000;\"><span style=\"font-family: Helvetica, serif;\"><span style=\"font-size: small;\"><span lang=\"en-GB\">+33 4 76 30 49 21\u00a0 &#8211;\u00a0 +33 6 23 95 24 31<br \/>\n<\/span><\/span><\/span><\/span><\/span><\/span><span style=\"font-family: Times New Roman, serif;\"><span style=\"font-size: medium;\"><span style=\"color: #0563c1;\"><u><a href=\"\/D:\/10&#48;&#37;&#50;&#48;&#x43;&#x6f;&#x6c;&#x73;&#x2f;&#x43;&#x6f;nce&#110;&#116;&#114;&#97;&#116;&#x69;&#x6f;&#x6e;&#x73;&#x25;&#x32;0r%C&#51;&#37;&#65;&#57;&#x67;&#x69;&#x6f;&#x6e;&#x61;&#x6c;es\/2&#48;&#50;&#49;&#47;&#x6a;&#x70;&#x6d;&#x6e;&#x2e;&#x7a;&#x75;ano&#110;&#64;&#111;&#114;&#97;&#x6e;&#x67;&#x65;&#x2e;&#x66;&#x72;\"><span style=\"font-family: Helvetica, serif;\"><span style=\"font-size: small;\"><span lang=\"en-GB\">[email]&#106;p&#x6d;n&#x2e;z&#x75;&#97;&#x6e;&#111;&#x6e;&#64;o&#x72;a&#x6e;g&#x65;&#46;&#x66;&#114;[\/email]<\/span><\/span><\/span><\/a><\/u><\/span><\/span><\/span><\/p>\n<p><span style=\"font-family: Times New Roman, serif;\"><span style=\"font-size: medium;\"><span style=\"color: #000000;\"><span style=\"font-family: Helvetica, serif;\"><span style=\"font-size: small;\"><span lang=\"en-GB\">\u00a0<\/span><\/span><\/span><\/span><\/span><\/span><\/p>\n<p><span style=\"font-family: Times New Roman, serif;\"><span style=\"font-size: medium;\"><span style=\"color: #000000;\"><span style=\"font-family: Helvetica, serif;\"><span style=\"font-size: small;\"><span lang=\"en-GB\">\u00a0<\/span><\/span><\/span><\/span><\/span><\/span><\/p>\n","protected":false},"excerpt":{"rendered":"<p>Alpes Sud, Col du Noyer (FR-05-1664) Accueil A partir de au col \u00e0 partir de 11 h 30 pour le pot de l&rsquo;amiti\u00e9 [mapsmarker marker=\u00a0\u00bb41&Prime;] Contact Bernard Henry +33 4 92 44 09 02\u00a0 &#8211;\u00a0 +33 6 08 74 29 59 [email]&#98;&#x65;&#114;&#x6e;a&#114;&#x64;&#46;&#x68;e&#x6e;r&#121;&#x30;&#53;&#x40;o&#x72;&#x61;&#110;&#x67;e&#x2e;f&#114;[\/email] Jean-Paul Zuanon +33 4 76 30 49 21\u00a0 &#8211;\u00a0 +33 6 23 95 [&hellip;]<\/p>\n","protected":false},"author":136,"featured_media":0,"comment_status":"closed","ping_status":"open","sticky":false,"template":"","format":"standard","meta":{"_acf_changed":false,"footnotes":""},"categories":[291,135,216],"tags":[],"class_list":["post-82260","post","type-post","status-publish","format-standard","hentry","category-les-rassemblements-de-2021","category-calendrier","category-rencontres-regionales"],"acf":[],"yoast_head":"<!-- This site is optimized with the Yoast SEO plugin v27.2 - https:\/\/yoast.com\/product\/yoast-seo-wordpress\/ -->\n<title>Alpes du Sud, col du Noyer, 28 ao\u00fbt - Club des Cent Cols<\/title>\n<meta name=\"robots\" content=\"index, follow, max-snippet:-1, max-image-preview:large, max-video-preview:-1\" \/>\n<link rel=\"canonical\" href=\"https:\/\/centcols.org\/en\/alpes-du-sud-col-du-noyer-28-august\/\" \/>\n<meta property=\"og:locale\" content=\"en_GB\" \/>\n<meta property=\"og:type\" content=\"article\" \/>\n<meta property=\"og:title\" content=\"Alpes du Sud, col du Noyer, 28 ao\u00fbt - Club des Cent Cols\" \/>\n<meta property=\"og:description\" content=\"Alpes Sud, Col du Noyer (FR-05-1664) Accueil A partir de au col \u00e0 partir de 11 h 30 pour le pot de l&rsquo;amiti\u00e9 [mapsmarker marker=\u00a0\u00bb41&Prime;] Contact Bernard Henry +33 4 92 44 09 02\u00a0 &#8211;\u00a0 +33 6 08 74 29 59 [email]be&#114;&#110;&#097;&#x72;&#x64;&#x2e;&#x68;&#x65;nr&#121;&#048;&#053;&#x40;&#x6f;&#x72;&#x61;&#x6e;ge&#046;&#102;&#114;[\/email] Jean-Paul Zuanon +33 4 76 30 49 21\u00a0 &#8211;\u00a0 +33 6 23 95 [&hellip;]\" \/>\n<meta property=\"og:url\" content=\"https:\/\/centcols.org\/en\/alpes-du-sud-col-du-noyer-28-august\/\" \/>\n<meta property=\"og:site_name\" content=\"Club des Cent Cols\" \/>\n<meta property=\"article:publisher\" content=\"https:\/\/www.facebook.com\/groups\/5261880558\/?locale=fr_FR\" \/>\n<meta property=\"article:published_time\" content=\"2020-12-11T08:23:45+00:00\" \/>\n<meta property=\"article:modified_time\" content=\"2025-06-06T08:44:08+00:00\" \/>\n<meta name=\"author\" content=\"Guy Harl\u00e9\" \/>\n<meta name=\"twitter:card\" content=\"summary_large_image\" \/>\n<meta name=\"twitter:label1\" content=\"Written by\" \/>\n\t<meta name=\"twitter:data1\" content=\"Guy Harl\u00e9\" \/>\n\t<meta name=\"twitter:label2\" content=\"Estimated reading time\" \/>\n\t<meta name=\"twitter:data2\" content=\"1 minute\" \/>\n<script type=\"application\/ld+json\" class=\"yoast-schema-graph\">{\"@context\":\"https:\/\/schema.org\",\"@graph\":[{\"@type\":\"Article\",\"@id\":\"https:\/\/centcols.org\/alpes-du-sud-col-du-noyer-28-aout\/#article\",\"isPartOf\":{\"@id\":\"https:\/\/centcols.org\/alpes-du-sud-col-du-noyer-28-aout\/\"},\"author\":{\"name\":\"Guy Harl\u00e9\",\"@id\":\"https:\/\/centcols.org\/#\/schema\/person\/377f00da2793c0363246869bb3a344d0\"},\"headline\":\"Alpes du Sud, col du Noyer, 28 ao\u00fbt\",\"datePublished\":\"2020-12-11T08:23:45+00:00\",\"dateModified\":\"2025-06-06T08:44:08+00:00\",\"mainEntityOfPage\":{\"@id\":\"https:\/\/centcols.org\/alpes-du-sud-col-du-noyer-28-aout\/\"},\"wordCount\":51,\"publisher\":{\"@id\":\"https:\/\/centcols.org\/#organization\"},\"articleSection\":[\"2021-rassemblements\",\"Calendrier\",\"Rencontres r\u00e9gionales\"],\"inLanguage\":\"en-GB\"},{\"@type\":\"WebPage\",\"@id\":\"https:\/\/centcols.org\/alpes-du-sud-col-du-noyer-28-aout\/\",\"url\":\"https:\/\/centcols.org\/alpes-du-sud-col-du-noyer-28-aout\/\",\"name\":\"Alpes du Sud, col du Noyer, 28 ao\u00fbt - Club des Cent Cols\",\"isPartOf\":{\"@id\":\"https:\/\/centcols.org\/#website\"},\"datePublished\":\"2020-12-11T08:23:45+00:00\",\"dateModified\":\"2025-06-06T08:44:08+00:00\",\"breadcrumb\":{\"@id\":\"https:\/\/centcols.org\/alpes-du-sud-col-du-noyer-28-aout\/#breadcrumb\"},\"inLanguage\":\"en-GB\",\"potentialAction\":[{\"@type\":\"ReadAction\",\"target\":[\"https:\/\/centcols.org\/alpes-du-sud-col-du-noyer-28-aout\/\"]}]},{\"@type\":\"BreadcrumbList\",\"@id\":\"https:\/\/centcols.org\/alpes-du-sud-col-du-noyer-28-aout\/#breadcrumb\",\"itemListElement\":[{\"@type\":\"ListItem\",\"position\":1,\"name\":\"Accueil\",\"item\":\"https:\/\/centcols.org\/\"},{\"@type\":\"ListItem\",\"position\":2,\"name\":\"Calendrier\",\"item\":\"https:\/\/centcols.org\/rubrique\/calendrier\/\"},{\"@type\":\"ListItem\",\"position\":3,\"name\":\"Alpes du Sud, col du Noyer, 28 ao\u00fbt\"}]},{\"@type\":\"WebSite\",\"@id\":\"https:\/\/centcols.org\/#website\",\"url\":\"https:\/\/centcols.org\/\",\"name\":\"Club des Cent Cols\",\"description\":\"\",\"publisher\":{\"@id\":\"https:\/\/centcols.org\/#organization\"},\"potentialAction\":[{\"@type\":\"SearchAction\",\"target\":{\"@type\":\"EntryPoint\",\"urlTemplate\":\"https:\/\/centcols.org\/?s={search_term_string}\"},\"query-input\":{\"@type\":\"PropertyValueSpecification\",\"valueRequired\":true,\"valueName\":\"search_term_string\"}}],\"inLanguage\":\"en-GB\"},{\"@type\":\"Organization\",\"@id\":\"https:\/\/centcols.org\/#organization\",\"name\":\"Club des Cent Cols\",\"url\":\"https:\/\/centcols.org\/\",\"logo\":{\"@type\":\"ImageObject\",\"inLanguage\":\"en-GB\",\"@id\":\"https:\/\/centcols.org\/#\/schema\/logo\/image\/\",\"url\":\"https:\/\/centcols.org\/wp-content\/uploads\/2025\/01\/carte-icone.png\",\"contentUrl\":\"https:\/\/centcols.org\/wp-content\/uploads\/2025\/01\/carte-icone.png\",\"width\":250,\"height\":250,\"caption\":\"Club des Cent Cols\"},\"image\":{\"@id\":\"https:\/\/centcols.org\/#\/schema\/logo\/image\/\"},\"sameAs\":[\"https:\/\/www.facebook.com\/groups\/5261880558\/?locale=fr_FR\"]},{\"@type\":\"Person\",\"@id\":\"https:\/\/centcols.org\/#\/schema\/person\/377f00da2793c0363246869bb3a344d0\",\"name\":\"Guy Harl\u00e9\",\"image\":{\"@type\":\"ImageObject\",\"inLanguage\":\"en-GB\",\"@id\":\"https:\/\/centcols.org\/wp-content\/litespeed\/avatar\/94c4de37e46cf090f296d42ab3e8d6a6.jpg?ver=1777238144\",\"url\":\"https:\/\/centcols.org\/wp-content\/litespeed\/avatar\/94c4de37e46cf090f296d42ab3e8d6a6.jpg?ver=1777238144\",\"contentUrl\":\"https:\/\/centcols.org\/wp-content\/litespeed\/avatar\/94c4de37e46cf090f296d42ab3e8d6a6.jpg?ver=1777238144\",\"caption\":\"Guy Harl\u00e9\"},\"url\":\"https:\/\/centcols.org\/en\/author\/5193\/\"}]}<\/script>\n<!-- \/ Yoast SEO plugin. -->","yoast_head_json":{"title":"Alpes du Sud, Col du Noyer, 28 August - Club des Cent Cols","robots":{"index":"index","follow":"follow","max-snippet":"max-snippet:-1","max-image-preview":"max-image-preview:large","max-video-preview":"max-video-preview:-1"},"canonical":"https:\/\/centcols.org\/en\/alpes-du-sud-col-du-noyer-28-august\/","og_locale":"en_GB","og_type":"article","og_title":"Alpes du Sud, col du Noyer, 28 ao\u00fbt - Club des Cent Cols","og_description":"Alpes Sud, Col du Noyer (FR-05-1664) Accueil A partir de au col \u00e0 partir de 11 h 30 pour le pot de l&rsquo;amiti\u00e9 [mapsmarker marker=\u00a0\u00bb41&Prime;] Contact Bernard Henry +33 4 92 44 09 02\u00a0 &#8211;\u00a0 +33 6 08 74 29 59 [email]be&#114;&#110;&#97;&#x72;&#x64;&#x2e;&#x68;&#x65;nr&#121;&#48;&#53;&#x40;&#x6f;&#x72;&#x61;&#x6e;ge&#46;&#102;&#114;[\/email] Jean-Paul Zuanon +33 4 76 30 49 21\u00a0 &#8211;\u00a0 +33 6 23 95 [&hellip;]","og_url":"https:\/\/centcols.org\/en\/alpes-du-sud-col-du-noyer-28-august\/","og_site_name":"Club des Cent Cols","article_publisher":"https:\/\/www.facebook.com\/groups\/5261880558\/?locale=fr_FR","article_published_time":"2020-12-11T08:23:45+00:00","article_modified_time":"2025-06-06T08:44:08+00:00","author":"Guy Harl\u00e9","twitter_card":"summary_large_image","twitter_misc":{"Written by":"Guy Harl\u00e9","Estimated reading time":"1 minute"},"schema":{"@context":"https:\/\/schema.org","@graph":[{"@type":"Article","@id":"https:\/\/centcols.org\/alpes-du-sud-col-du-noyer-28-aout\/#article","isPartOf":{"@id":"https:\/\/centcols.org\/alpes-du-sud-col-du-noyer-28-aout\/"},"author":{"name":"Guy Harl\u00e9","@id":"https:\/\/centcols.org\/#\/schema\/person\/377f00da2793c0363246869bb3a344d0"},"headline":"Alpes du Sud, col du Noyer, 28 ao\u00fbt","datePublished":"2020-12-11T08:23:45+00:00","dateModified":"2025-06-06T08:44:08+00:00","mainEntityOfPage":{"@id":"https:\/\/centcols.org\/alpes-du-sud-col-du-noyer-28-aout\/"},"wordCount":51,"publisher":{"@id":"https:\/\/centcols.org\/#organization"},"articleSection":["2021-rassemblements","Calendrier","Rencontres r\u00e9gionales"],"inLanguage":"en-GB"},{"@type":"WebPage","@id":"https:\/\/centcols.org\/alpes-du-sud-col-du-noyer-28-aout\/","url":"https:\/\/centcols.org\/alpes-du-sud-col-du-noyer-28-aout\/","name":"Alpes du Sud, Col du Noyer, 28 August - Club des Cent Cols","isPartOf":{"@id":"https:\/\/centcols.org\/#website"},"datePublished":"2020-12-11T08:23:45+00:00","dateModified":"2025-06-06T08:44:08+00:00","breadcrumb":{"@id":"https:\/\/centcols.org\/alpes-du-sud-col-du-noyer-28-aout\/#breadcrumb"},"inLanguage":"en-GB","potentialAction":[{"@type":"ReadAction","target":["https:\/\/centcols.org\/alpes-du-sud-col-du-noyer-28-aout\/"]}]},{"@type":"BreadcrumbList","@id":"https:\/\/centcols.org\/alpes-du-sud-col-du-noyer-28-aout\/#breadcrumb","itemListElement":[{"@type":"ListItem","position":1,"name":"Accueil","item":"https:\/\/centcols.org\/"},{"@type":"ListItem","position":2,"name":"Calendrier","item":"https:\/\/centcols.org\/rubrique\/calendrier\/"},{"@type":"ListItem","position":3,"name":"Alpes du Sud, col du Noyer, 28 ao\u00fbt"}]},{"@type":"WebSite","@id":"https:\/\/centcols.org\/#website","url":"https:\/\/centcols.org\/","name":"Club des Cent Cols","description":"","publisher":{"@id":"https:\/\/centcols.org\/#organization"},"potentialAction":[{"@type":"SearchAction","target":{"@type":"EntryPoint","urlTemplate":"https:\/\/centcols.org\/?s={search_term_string}"},"query-input":{"@type":"PropertyValueSpecification","valueRequired":true,"valueName":"search_term_string"}}],"inLanguage":"en-GB"},{"@type":"Organization","@id":"https:\/\/centcols.org\/#organization","name":"Club des Cent Cols","url":"https:\/\/centcols.org\/","logo":{"@type":"ImageObject","inLanguage":"en-GB","@id":"https:\/\/centcols.org\/#\/schema\/logo\/image\/","url":"https:\/\/centcols.org\/wp-content\/uploads\/2025\/01\/carte-icone.png","contentUrl":"https:\/\/centcols.org\/wp-content\/uploads\/2025\/01\/carte-icone.png","width":250,"height":250,"caption":"Club des Cent Cols"},"image":{"@id":"https:\/\/centcols.org\/#\/schema\/logo\/image\/"},"sameAs":["https:\/\/www.facebook.com\/groups\/5261880558\/?locale=fr_FR"]},{"@type":"Person","@id":"https:\/\/centcols.org\/#\/schema\/person\/377f00da2793c0363246869bb3a344d0","name":"Guy Harl\u00e9","image":{"@type":"ImageObject","inLanguage":"en-GB","@id":"https:\/\/centcols.org\/wp-content\/litespeed\/avatar\/94c4de37e46cf090f296d42ab3e8d6a6.jpg?ver=1777238144","url":"https:\/\/centcols.org\/wp-content\/litespeed\/avatar\/94c4de37e46cf090f296d42ab3e8d6a6.jpg?ver=1777238144","contentUrl":"https:\/\/centcols.org\/wp-content\/litespeed\/avatar\/94c4de37e46cf090f296d42ab3e8d6a6.jpg?ver=1777238144","caption":"Guy Harl\u00e9"},"url":"https:\/\/centcols.org\/en\/author\/5193\/"}]}},"_links":{"self":[{"href":"https:\/\/centcols.org\/en\/wp-json\/wp\/v2\/posts\/82260","targetHints":{"allow":["GET"]}}],"collection":[{"href":"https:\/\/centcols.org\/en\/wp-json\/wp\/v2\/posts"}],"about":[{"href":"https:\/\/centcols.org\/en\/wp-json\/wp\/v2\/types\/post"}],"author":[{"embeddable":true,"href":"https:\/\/centcols.org\/en\/wp-json\/wp\/v2\/users\/136"}],"replies":[{"embeddable":true,"href":"https:\/\/centcols.org\/en\/wp-json\/wp\/v2\/comments?post=82260"}],"version-history":[{"count":0,"href":"https:\/\/centcols.org\/en\/wp-json\/wp\/v2\/posts\/82260\/revisions"}],"wp:attachment":[{"href":"https:\/\/centcols.org\/en\/wp-json\/wp\/v2\/media?parent=82260"}],"wp:term":[{"taxonomy":"category","embeddable":true,"href":"https:\/\/centcols.org\/en\/wp-json\/wp\/v2\/categories?post=82260"},{"taxonomy":"post_tag","embeddable":true,"href":"https:\/\/centcols.org\/en\/wp-json\/wp\/v2\/tags?post=82260"}],"curies":[{"name":"wp","href":"https:\/\/api.w.org\/{rel}","templated":true}]}}