{"id":82284,"date":"2021-06-06T14:15:39","date_gmt":"2021-06-06T12:15:39","guid":{"rendered":"https:\/\/centcols.org\/sejour-dete-a-meolans-revel-04-au-11-septembre-2021\/"},"modified":"2025-09-09T01:48:41","modified_gmt":"2025-09-08T23:48:41","slug":"stay-2021-meolans-revel","status":"publish","type":"post","link":"https:\/\/centcols.org\/en\/sejour-2021-meolans-revel\/","title":{"rendered":"Summer holiday in M\u00e9olans-Revel, 04 to 11 September 2021"},"content":{"rendered":"<p><span style=\"color: #808080;\">Enrico Alberini, Christophe Badonnel, Bernard Giraudeau and the IT managers contributed to this page presenting the trip.<\/span><\/p>\n\n\n<div class=\"wp-block-image wp-image-57491 size-large\">\n<figure class=\"aligncenter size-full is-resized\"><a href=\"https:\/\/centcols.org\/wp-content\/uploads\/2021\/06\/barcelonette1-2.jpg\"><img loading=\"lazy\" decoding=\"async\" width=\"1200\" height=\"900\" src=\"https:\/\/centcols.org\/wp-content\/uploads\/2021\/06\/barcelonette1-2.jpg\" alt=\"\" class=\"wp-image-85941\" style=\"width:800px\" srcset=\"https:\/\/centcols.org\/wp-content\/uploads\/2021\/06\/barcelonette1-2.jpg 1200w, https:\/\/centcols.org\/wp-content\/uploads\/2021\/06\/barcelonette1-2-768x576.jpg 768w\" sizes=\"auto, (max-width: 1200px) 100vw, 1200px\" \/><\/a><figcaption class=\"wp-element-caption\">Barcelonnette from the Belv\u00e8d\u00e8re (\u00a9 Kris Claeys)<\/figcaption><\/figure>\n<\/div>\n\n<div class=\"wp-block-image\">\n<figure class=\"aligncenter size-full is-resized\"><a href=\"https:\/\/centcols.org\/wp-content\/uploads\/2021\/06\/barcelonette2.jpg\"><img loading=\"lazy\" decoding=\"async\" width=\"1200\" height=\"900\" src=\"https:\/\/centcols.org\/wp-content\/uploads\/2021\/06\/barcelonette2.jpg\" alt=\"\" class=\"wp-image-85942\" style=\"width:800px\" srcset=\"https:\/\/centcols.org\/wp-content\/uploads\/2021\/06\/barcelonette2.jpg 1200w, https:\/\/centcols.org\/wp-content\/uploads\/2021\/06\/barcelonette2-768x576.jpg 768w\" sizes=\"auto, (max-width: 1200px) 100vw, 1200px\" \/><\/a><\/figure>\n<\/div>\n\n\n<p><span style=\"color: #000000;\"><br>The 2021 summer break will take place from 4 to 11 September in the Alpes de Haute Provence department, at M\u00e9olans-Revel to be precise. It has been prepared by a small local team: Paulette Autric, Robert Yonnet and Philippe Fee.<br><\/span><\/p>\n\n\n\n<p><span style=\"color: #000000;\">M\u00e9olans-Revel is located close to Barcelonnette in the Ubaye valley.<\/span><\/p>\n\n\n\n<p><span style=\"color: #000000;\">We'll be staying in the Cap France holiday village, Lou Riouclar, at an altitude of 1270 metres.<\/span><\/p>\n\n\n\n<p><span style=\"color: #000000;\">You will find the headings below:<\/span><\/p>\n\n\n\n<ul class=\"wp-block-list\">\n<li><span style=\"color: #000000;\">Introduction to the region<\/span><\/li>\n\n\n\n<li>Circuits, <a href=\"\/en\/membres\/cctours\/tours.php\/?lieu=M\u00e9olans&amp;an=2021&amp;genre=R\" target=\"_blank\" rel=\"noopener\">road<\/a> and <a href=\"\/en\/membres\/cctours\/tours.php\/?lieu=M\u00e9olans&amp;an=2021&amp;genre=V\" target=\"_blank\" rel=\"noopener\">MOUNTAIN BIKE<\/a><\/li>\n\n\n\n<li><span style=\"color: #000000;\">Hosting<\/span><\/li>\n\n\n\n<li><span style=\"color: #000000;\">Note from the Board of Directors<\/span><\/li>\n\n\n\n<li><span style=\"color: #000000;\">Registrations<\/span><\/li>\n\n\n\n<li><span style=\"color: #000000;\">Other activities or visits&nbsp; &nbsp;<\/span><\/li>\n<\/ul>\n\n\n\n<h4 class=\"wp-block-heading\"><strong>Arrival, stay and instructions COVID-19 :<\/strong><\/h4>\n\n\n\n<p><strong><u>Warning COVID-19<\/u><\/strong><\/p>\n\n\n\n<p>Conditions of access to the establishment: for the moment, no conditions are required by the establishment hosting us (PCR test or vaccination certificate).<\/p>\n\n\n\n<p>The director of the centre informed me today that from 07 August, I will be required to show a health pass to gain access to his establishment.<\/p>\n\n\n\n<p>On 04 September 2021, when you arrive, the accommodation provider will check your health pass.<\/p>\n\n\n\n<p>What is the evidence (government sources)<\/p>\n\n\n\n<p>1 Vaccination, provided that people have a complete vaccination schedule and the necessary time after the final injection, i.e. :&nbsp;<\/p>\n\n\n\n<ul class=\"wp-block-list\">\n<li>7 days after the second injection for double-injection vaccines (Pfizer, Moderna, AstraZeneca);<\/li>\n\n\n\n<li>4 weeks after injection for vaccines with a single injection (Johnson \u00a7 Johnson from Janssen);<\/li>\n\n\n\n<li>7 days after injection for vaccines in people with a history of Covid (single injection)<\/li>\n<\/ul>\n\n\n\n<ol start=\"2\" class=\"wp-block-list\">\n<li>proof of a negative test less than 48 hours old.<\/li>\n<\/ol>\n\n\n\n<p>The health pass will only be checked on arrival and the PCR test will remain valid for the duration of your stay.<\/p>\n\n\n\n<p>Masks must be worn in the holiday village, so make sure you have enough for your stay.<\/p>\n\n\n\n<p><strong><u>Bike shops :<br><\/u><\/strong><strong>Cycle Ubaye Sport<br><\/strong>Pont Long Joint Development Zone<br>04400 Barcelonnette<br><a href=\"https:\/\/www.google.com\/search?sxsrf=ALeKk02tt83ZcWn0siBzv6sRSzKetPxvGA%3A1592830042786&amp;ei=WqjwXqrEL4Oca4bJosgG&amp;q=loisir+vtt+pollionnay&amp;oq=loisir+vtt+pollionnay&amp;gs_lcp=CgZwc3ktYWIQARgAMgIIADIGCAAQFhAeMgYIABAWEB4yAggmOgQIIxAnOgQIABBDOgUIABCDAToFCAAQsQM6BwgAEBQQhwI6BggAEAoQQzoHCAAQQxCLAzoFCAAQiwM6CAgAEIMBEIsDOgoIABCxAxBDEIsDOgoIABAUEIcCEIsDUIiZDVjFxQ1gt-ENaABwAHgAgAG2AYgB5BCSAQQxNC43mAEAoAEBqgEHZ3dzLXdpergBAg&amp;sclient=psy-ab\">04 92 34 36 15<\/a><br>open Tuesday to Saturday 08.00 - 12.00 and 14.00 - 19.00<\/p>\n\n\n\n<h2 class=\"wp-block-heading\">Introduction to the region :<\/h2>\n\n\n\n<p>After our stay in Digne in 2014, the Alpes-de-Haute-Provence is once again the setting for this summer's Club des Cent Cols holiday, and more specifically the Ubaye valley. We'll be staying at the Cap France establishment \"Lou Riouclar\" on the heights of M\u00e9olans-Revel, on the right bank of the river that gives the valley its name.  Rich in road and mule passes, but also rich in diverse landscapes, Ubaye should not disappoint the participants in this stay.  The Ubaye valley is located at the north-eastern end of the Alpes-de-Haute-Provence d\u00e9partement (04), in the Provence-Alpes-C\u00f4te-D'azur region. Two French d\u00e9partements and an Italian region mark the administrative boundaries of the valley, whose main town is Barcelonette (population 2,575). The valley owes its name to the river that flows through it from its source at the Col de Longet (FR-04-2660 \/IT-CN-2660a). The river first flows south-west and then west. The Ubaye flows into the Durance at Lac de Serre-Pon\u00e7on, forming the eastern branch of the lake. The lowest point in the valley is 771m at Lac de Serre-Pon\u00e7on, and the highest peak is 3412m at the Aiguille de Chambeyron. A major road network criss-crosses the various valleys that make up this geographical entity, providing it with numerous exits almost exclusively via a pass, from the lowest, Le Collet (FR-04-0991) to the highest, the Col de la Bonnette (FR-04-2715). The Col de Larche (FR-04-1991) or Colle della Maddalena (IT-CN-1996) provides access to the Val Stura in the province of Cuneo. The main and secondary ridges offer the opportunity to climb many mule-track passes, including perhaps the most legendary of them all, the Col du Parpaillon (FR-04-2637-tunnel). The presence of numerous military tracks, which originally served the defence works, means that the mule passes can be approached at great advantage. The valley's main economic activity is tourism. There are a few alpine ski resorts in the valley, but their modest size has helped to preserve the natural and traditional character of many areas. Other sporting activities include cycling (Brevet des 7 cols de l'Ubaye) and mountain biking. Sheep farming and the sale of various local products are other sources of income. The high peaks that are everywhere along the main valley and satellite valleys, and the presence of Lac de Serre-Pon\u00e7on, offer spectacular views.  Barcelonnette, the town of the \"Mexicans\" (Ubayans who returned after making their fortune in Mexico) and other villages have some fine monuments to visit. Thanks to its geographical location and the presence of a \"low\" pass, the Col de Larche (1991 m), the military history of Ubaye dates back to Antiquity. The spectacular 19th-century fortifications are the last remnants and form part of the region's tourist heritage. Ubaye is located in the southern Alps, so the climate is a Mediterranean-influenced mountain climate with exceptional sunshine, cold in winter and hot and stormy in summer. The flora and fauna are typically Alpine. The usual species can be found here (marmots, chamois, foxes, ptarmigan, ducks and golden eagles). A pack of wolves is thought to have taken up residence in the Parpaillon massif a few years ago. There is a clear contrast between the adret and ubac sides of the main east-west valley, with dark forests of fir, spruce and larch on the left bank and farmland on the right.<\/p>\n\n\n\n<h2 class=\"wp-block-heading\"><a href=\"https:\/\/centcols.org\/en\/membres\/cctours\/tours.php\/?lieu=M\u00e9olans&amp;an=2021\">Circuits<\/a> :<\/h2>\n\n\n\n<p>At the start of the holiday, we advise you not to climb the major passes, as from 03 to 05 September there will be a <a href=\"https:\/\/www.barcelonnette.com\/agendas\/evenements\/alpes-aventure-motofestival--4878675.html\" target=\"_blank\" rel=\"noreferrer noopener\">biker festival<\/a> Cycling in the <a href=\"https:\/\/centcols.org\/wp-content\/uploads\/2025\/08\/Parc-National-du-Mercantour.pdf\" target=\"_blank\" rel=\"noreferrer noopener\">Mercantour National Park<\/a> is regulated. Route: the routes may seem long and with significant differences in altitude, but you will have several options for shortening them. The latest issue of <a href=\"https:\/\/centcols.org\/wp-content\/uploads\/2025\/08\/echappee-en-ubaye-\u00a9-Big-Bike-Magazine.pdf\" target=\"_blank\" rel=\"noreferrer noopener\">Big Bike magazine<\/a> is dedicated to the Ubaye. R1: between Durance and Monges - 118 km - 2090 metres - 9 passes: Col de Saint-Martin, Col des Garcinets, Col des Sagnes, Le Coulet, Col du Ch\u00e2teau, Col du Haut Forest, Col de Gr\u00eale, Col de Sarraut, Col des Mey\u00e8res<\/p>\n\n\n\n<figure class=\"wp-block-gallery has-nested-images columns-3 is-cropped wp-block-gallery-1 is-layout-flex wp-block-gallery-is-layout-flex\">\n<figure class=\"wp-block-image size-full\"><a href=\"https:\/\/centcols.org\/wp-content\/uploads\/2021\/06\/R1-village-de-Bellafaire-1.jpg\"><img loading=\"lazy\" decoding=\"async\" width=\"1200\" height=\"900\" data-id=\"85944\" src=\"https:\/\/centcols.org\/wp-content\/uploads\/2021\/06\/R1-village-de-Bellafaire-1.jpg\" alt=\"\" class=\"wp-image-85944\" srcset=\"https:\/\/centcols.org\/wp-content\/uploads\/2021\/06\/R1-village-de-Bellafaire-1.jpg 1200w, https:\/\/centcols.org\/wp-content\/uploads\/2021\/06\/R1-village-de-Bellafaire-1-768x576.jpg 768w\" sizes=\"auto, (max-width: 1200px) 100vw, 1200px\" \/><\/a><figcaption class=\"wp-element-caption\">R1 - village of Bellafaire \u00a9 Robert Yonnet<\/figcaption><\/figure>\n\n\n\n<figure class=\"wp-block-image size-full\"><a href=\"https:\/\/centcols.org\/wp-content\/uploads\/2021\/06\/R1-descente-col-de-Sarraut.jpg\"><img loading=\"lazy\" decoding=\"async\" width=\"1200\" height=\"900\" data-id=\"85945\" src=\"https:\/\/centcols.org\/wp-content\/uploads\/2021\/06\/R1-descente-col-de-Sarraut.jpg\" alt=\"\" class=\"wp-image-85945\" srcset=\"https:\/\/centcols.org\/wp-content\/uploads\/2021\/06\/R1-descente-col-de-Sarraut.jpg 1200w, https:\/\/centcols.org\/wp-content\/uploads\/2021\/06\/R1-descente-col-de-Sarraut-768x576.jpg 768w\" sizes=\"auto, (max-width: 1200px) 100vw, 1200px\" \/><\/a><figcaption class=\"wp-element-caption\">R1 - Descent Col de Sarraut - \u00a9 Robert Yonnet<\/figcaption><\/figure>\n\n\n\n<figure class=\"wp-block-image size-full\"><a href=\"https:\/\/centcols.org\/wp-content\/uploads\/2021\/06\/R1-col-des-Garcinets-1.jpg\"><img loading=\"lazy\" decoding=\"async\" width=\"1200\" height=\"900\" data-id=\"85946\" src=\"https:\/\/centcols.org\/wp-content\/uploads\/2021\/06\/R1-col-des-Garcinets-1.jpg\" alt=\"\" class=\"wp-image-85946\" srcset=\"https:\/\/centcols.org\/wp-content\/uploads\/2021\/06\/R1-col-des-Garcinets-1.jpg 1200w, https:\/\/centcols.org\/wp-content\/uploads\/2021\/06\/R1-col-des-Garcinets-1-768x576.jpg 768w\" sizes=\"auto, (max-width: 1200px) 100vw, 1200px\" \/><\/a><figcaption class=\"wp-element-caption\">R1 - Garcinets pass \u00a9 Robert Yonnet<\/figcaption><\/figure>\n\n\n\n<figure class=\"wp-block-image size-large\"><img loading=\"lazy\" decoding=\"async\" width=\"1200\" height=\"867\" data-id=\"85964\" src=\"https:\/\/centcols.org\/wp-content\/uploads\/2021\/06\/R1-5-col-de-Vars.jpg\" alt=\"\" class=\"wp-image-85964\" srcset=\"https:\/\/centcols.org\/wp-content\/uploads\/2021\/06\/R1-5-col-de-Vars.jpg 1200w, https:\/\/centcols.org\/wp-content\/uploads\/2021\/06\/R1-5-col-de-Vars-768x555.jpg 768w\" sizes=\"auto, (max-width: 1200px) 100vw, 1200px\" \/><figcaption class=\"wp-element-caption\">Col de Vars<\/figcaption><\/figure>\n<\/figure>\n\n\n\n<p>R2: Vars - 96 km - 1900 metres - 3 passes: Le Pertus, le Collet, Col de Vars<\/p>\n\n\n\n<p>R3: tour of Lac de Serre-Pon\u00e7on - 80 km - 1968 metres - 5 passes: Col de Pontis, Collet, Col de Charmentier, Col Lebraut, Collet<\/p>\n\n\n\n<figure class=\"wp-block-gallery has-nested-images columns-4 is-cropped wp-block-gallery-2 is-layout-flex wp-block-gallery-is-layout-flex\">\n<figure class=\"wp-block-image size-full\"><a href=\"https:\/\/centcols.org\/wp-content\/uploads\/2021\/06\/R3-lac-4.jpg\"><img loading=\"lazy\" decoding=\"async\" width=\"1200\" height=\"900\" data-id=\"85947\" src=\"https:\/\/centcols.org\/wp-content\/uploads\/2021\/06\/R3-lac-4.jpg\" alt=\"\" class=\"wp-image-85947\" srcset=\"https:\/\/centcols.org\/wp-content\/uploads\/2021\/06\/R3-lac-4.jpg 1200w, https:\/\/centcols.org\/wp-content\/uploads\/2021\/06\/R3-lac-4-768x576.jpg 768w\" sizes=\"auto, (max-width: 1200px) 100vw, 1200px\" \/><\/a><figcaption class=\"wp-element-caption\">R3 - Serre Pon\u00e7on lake \u00a9 Robert Yonnet<\/figcaption><\/figure>\n\n\n\n<figure class=\"wp-block-image size-full\"><a href=\"https:\/\/centcols.org\/wp-content\/uploads\/2021\/06\/R3-gorges-de-la-Blanche-1.jpg\"><img loading=\"lazy\" decoding=\"async\" width=\"1200\" height=\"900\" data-id=\"85948\" src=\"https:\/\/centcols.org\/wp-content\/uploads\/2021\/06\/R3-gorges-de-la-Blanche-1.jpg\" alt=\"\" class=\"wp-image-85948\" srcset=\"https:\/\/centcols.org\/wp-content\/uploads\/2021\/06\/R3-gorges-de-la-Blanche-1.jpg 1200w, https:\/\/centcols.org\/wp-content\/uploads\/2021\/06\/R3-gorges-de-la-Blanche-1-768x576.jpg 768w\" sizes=\"auto, (max-width: 1200px) 100vw, 1200px\" \/><\/a><figcaption class=\"wp-element-caption\">R3 - gorges de la Blanche \u00a9 Robert Yonnet<\/figcaption><\/figure>\n\n\n\n<figure class=\"wp-block-image size-full\"><a href=\"https:\/\/centcols.org\/wp-content\/uploads\/2021\/06\/R3-col-Lebraut-2.jpg\"><img loading=\"lazy\" decoding=\"async\" width=\"1200\" height=\"900\" data-id=\"85949\" src=\"https:\/\/centcols.org\/wp-content\/uploads\/2021\/06\/R3-col-Lebraut-2.jpg\" alt=\"\" class=\"wp-image-85949\" srcset=\"https:\/\/centcols.org\/wp-content\/uploads\/2021\/06\/R3-col-Lebraut-2.jpg 1200w, https:\/\/centcols.org\/wp-content\/uploads\/2021\/06\/R3-col-Lebraut-2-768x576.jpg 768w\" sizes=\"auto, (max-width: 1200px) 100vw, 1200px\" \/><\/a><figcaption class=\"wp-element-caption\">R3 - Lebraut pass \u00a9 Robert Yonnet<\/figcaption><\/figure>\n\n\n\n<figure class=\"wp-block-image size-full\"><a href=\"https:\/\/centcols.org\/wp-content\/uploads\/2021\/06\/R3-barrage-2.jpg\"><img loading=\"lazy\" decoding=\"async\" width=\"1200\" height=\"900\" data-id=\"85950\" src=\"https:\/\/centcols.org\/wp-content\/uploads\/2021\/06\/R3-barrage-2.jpg\" alt=\"\" class=\"wp-image-85950\" srcset=\"https:\/\/centcols.org\/wp-content\/uploads\/2021\/06\/R3-barrage-2.jpg 1200w, https:\/\/centcols.org\/wp-content\/uploads\/2021\/06\/R3-barrage-2-768x576.jpg 768w\" sizes=\"auto, (max-width: 1200px) 100vw, 1200px\" \/><\/a><figcaption class=\"wp-element-caption\">R3 - dam \u00a9 Robert Yonnet<\/figcaption><\/figure>\n<\/figure>\n\n\n\n<p>R4: Restefonds - 60 km - 2050 metres - 3 passes (optional Col de la Mouti\u00e8re): Faux col de Restefonds, col de la Bonette, col des Granges Communes R5: Basse Ubaye - Blanche - 95 km - 2000 metres - 9 passes: col Saint-Jean, le Coulet, col du Fanget, col du Labouret, col de Maure, col de Fillys, col de Font Sainte, col de Charamel, le Collet<\/p>\n\n\n\n<figure class=\"wp-block-gallery has-nested-images columns-3 is-cropped wp-block-gallery-3 is-layout-flex wp-block-gallery-is-layout-flex\">\n<figure class=\"wp-block-image size-full\"><a href=\"https:\/\/centcols.org\/wp-content\/uploads\/2021\/06\/R5-col-des-Fyllis.jpg\"><img loading=\"lazy\" decoding=\"async\" width=\"1200\" height=\"900\" data-id=\"85951\" src=\"https:\/\/centcols.org\/wp-content\/uploads\/2021\/06\/R5-col-des-Fyllis.jpg\" alt=\"\" class=\"wp-image-85951\" srcset=\"https:\/\/centcols.org\/wp-content\/uploads\/2021\/06\/R5-col-des-Fyllis.jpg 1200w, https:\/\/centcols.org\/wp-content\/uploads\/2021\/06\/R5-col-des-Fyllis-768x576.jpg 768w\" sizes=\"auto, (max-width: 1200px) 100vw, 1200px\" \/><\/a><figcaption class=\"wp-element-caption\">R5 - Fyllis pass \u00a9 Robert Yonnet<\/figcaption><\/figure>\n\n\n\n<figure class=\"wp-block-image size-full\"><a href=\"https:\/\/centcols.org\/wp-content\/uploads\/2021\/06\/R5-col-du-Labouret.jpg\"><img loading=\"lazy\" decoding=\"async\" width=\"1200\" height=\"900\" data-id=\"85952\" src=\"https:\/\/centcols.org\/wp-content\/uploads\/2021\/06\/R5-col-du-Labouret.jpg\" alt=\"\" class=\"wp-image-85952\" srcset=\"https:\/\/centcols.org\/wp-content\/uploads\/2021\/06\/R5-col-du-Labouret.jpg 1200w, https:\/\/centcols.org\/wp-content\/uploads\/2021\/06\/R5-col-du-Labouret-768x576.jpg 768w\" sizes=\"auto, (max-width: 1200px) 100vw, 1200px\" \/><\/a><figcaption class=\"wp-element-caption\">R5 - Labouret pass \u00a9 Robert Yonnet<\/figcaption><\/figure>\n\n\n\n<figure class=\"wp-block-image size-full\"><a href=\"https:\/\/centcols.org\/wp-content\/uploads\/2021\/06\/R5-village-de-Seyne-Les-Alpes.jpg\"><img loading=\"lazy\" decoding=\"async\" width=\"1200\" height=\"900\" data-id=\"85953\" src=\"https:\/\/centcols.org\/wp-content\/uploads\/2021\/06\/R5-village-de-Seyne-Les-Alpes.jpg\" alt=\"\" class=\"wp-image-85953\" srcset=\"https:\/\/centcols.org\/wp-content\/uploads\/2021\/06\/R5-village-de-Seyne-Les-Alpes.jpg 1200w, https:\/\/centcols.org\/wp-content\/uploads\/2021\/06\/R5-village-de-Seyne-Les-Alpes-768x576.jpg 768w\" sizes=\"auto, (max-width: 1200px) 100vw, 1200px\" \/><\/a><figcaption class=\"wp-element-caption\">R5 - village of Seyne Les Alpes \u00a9 Robert Yonnet<\/figcaption><\/figure>\n<\/figure>\n\n\n\n<p>R6: les trois cols - 120 km - 3300 metres - 3 passes: col de la Cayolle, col des Champs, col d'Allos R7: rassemblement - 50 km - 920 metres - 2 passes: le Pertus - col Saint-Jean<\/p>\n\n\n\n<figure class=\"wp-block-gallery has-nested-images columns-2 is-cropped wp-block-gallery-4 is-layout-flex wp-block-gallery-is-layout-flex\">\n<figure class=\"wp-block-image size-full\"><a href=\"https:\/\/centcols.org\/wp-content\/uploads\/2021\/06\/R7-station-du-col-St-Jean-1.jpg\"><img loading=\"lazy\" decoding=\"async\" width=\"1200\" height=\"900\" data-id=\"85954\" src=\"https:\/\/centcols.org\/wp-content\/uploads\/2021\/06\/R7-station-du-col-St-Jean-1.jpg\" alt=\"\" class=\"wp-image-85954\" srcset=\"https:\/\/centcols.org\/wp-content\/uploads\/2021\/06\/R7-station-du-col-St-Jean-1.jpg 1200w, https:\/\/centcols.org\/wp-content\/uploads\/2021\/06\/R7-station-du-col-St-Jean-1-768x576.jpg 768w\" sizes=\"auto, (max-width: 1200px) 100vw, 1200px\" \/><\/a><figcaption class=\"wp-element-caption\">R7 - Col St Jean station \u00a9 Robert Yonnet<\/figcaption><\/figure>\n\n\n\n<figure class=\"wp-block-image size-full\"><a href=\"https:\/\/centcols.org\/wp-content\/uploads\/2021\/06\/R7-col-St-Jean.jpg\"><img loading=\"lazy\" decoding=\"async\" width=\"1200\" height=\"900\" data-id=\"85955\" src=\"https:\/\/centcols.org\/wp-content\/uploads\/2021\/06\/R7-col-St-Jean.jpg\" alt=\"\" class=\"wp-image-85955\" srcset=\"https:\/\/centcols.org\/wp-content\/uploads\/2021\/06\/R7-col-St-Jean.jpg 1200w, https:\/\/centcols.org\/wp-content\/uploads\/2021\/06\/R7-col-St-Jean-768x576.jpg 768w\" sizes=\"auto, (max-width: 1200px) 100vw, 1200px\" \/><\/a><figcaption class=\"wp-element-caption\">R7 - St Jean pass \u00a9 Robert Yonnet<\/figcaption><\/figure>\n<\/figure>\n\n\n\n<p>MTB: V1: Bersezio - 30 km - 1550 metres - 5 passes: Colletto Ferriere, Bassa di Colombart, Col de Pouriac, Bassa Ferriere, Colletto Incianao<\/p>\n\n\n\n<figure class=\"wp-block-gallery has-nested-images columns-4 is-cropped wp-block-gallery-5 is-layout-flex wp-block-gallery-is-layout-flex\">\n<figure class=\"wp-block-image size-full\"><a href=\"https:\/\/centcols.org\/wp-content\/uploads\/2021\/06\/V1-21-sentinelle-des-lieux.jpg\"><img loading=\"lazy\" decoding=\"async\" width=\"900\" height=\"1200\" data-id=\"85956\" src=\"https:\/\/centcols.org\/wp-content\/uploads\/2021\/06\/V1-21-sentinelle-des-lieux.jpg\" alt=\"\" class=\"wp-image-85956\" srcset=\"https:\/\/centcols.org\/wp-content\/uploads\/2021\/06\/V1-21-sentinelle-des-lieux.jpg 900w, https:\/\/centcols.org\/wp-content\/uploads\/2021\/06\/V1-21-sentinelle-des-lieux-768x1024.jpg 768w\" sizes=\"auto, (max-width: 900px) 100vw, 900px\" \/><\/a><figcaption class=\"wp-element-caption\">V1 - sentinel of the place \u00a9 Robert Yonnet<\/figcaption><\/figure>\n\n\n\n<figure class=\"wp-block-image size-full\"><a href=\"https:\/\/centcols.org\/wp-content\/uploads\/2021\/06\/V1-13-bassa-di-Colombart-2.jpg\"><img loading=\"lazy\" decoding=\"async\" width=\"1200\" height=\"900\" data-id=\"85957\" src=\"https:\/\/centcols.org\/wp-content\/uploads\/2021\/06\/V1-13-bassa-di-Colombart-2.jpg\" alt=\"\" class=\"wp-image-85957\" srcset=\"https:\/\/centcols.org\/wp-content\/uploads\/2021\/06\/V1-13-bassa-di-Colombart-2.jpg 1200w, https:\/\/centcols.org\/wp-content\/uploads\/2021\/06\/V1-13-bassa-di-Colombart-2-768x576.jpg 768w\" sizes=\"auto, (max-width: 1200px) 100vw, 1200px\" \/><\/a><figcaption class=\"wp-element-caption\">V1 - bassa di Colombart 2 \u00a9 Robert Yonnet<\/figcaption><\/figure>\n\n\n\n<figure class=\"wp-block-image size-full\"><a href=\"https:\/\/centcols.org\/wp-content\/uploads\/2021\/06\/V1-20-Cime-de-la-Lose.jpg\"><img loading=\"lazy\" decoding=\"async\" width=\"1200\" height=\"900\" data-id=\"85958\" src=\"https:\/\/centcols.org\/wp-content\/uploads\/2021\/06\/V1-20-Cime-de-la-Lose.jpg\" alt=\"\" class=\"wp-image-85958\" srcset=\"https:\/\/centcols.org\/wp-content\/uploads\/2021\/06\/V1-20-Cime-de-la-Lose.jpg 1200w, https:\/\/centcols.org\/wp-content\/uploads\/2021\/06\/V1-20-Cime-de-la-Lose-768x576.jpg 768w\" sizes=\"auto, (max-width: 1200px) 100vw, 1200px\" \/><\/a><figcaption class=\"wp-element-caption\">V1 - Cime de la Lose \u00a9 Robert Yonnet<\/figcaption><\/figure>\n\n\n\n<figure class=\"wp-block-image size-full\"><a href=\"https:\/\/centcols.org\/wp-content\/uploads\/2021\/06\/V1-2-village-de-Bersezio.jpg\"><img loading=\"lazy\" decoding=\"async\" width=\"1200\" height=\"900\" data-id=\"85959\" src=\"https:\/\/centcols.org\/wp-content\/uploads\/2021\/06\/V1-2-village-de-Bersezio.jpg\" alt=\"\" class=\"wp-image-85959\" srcset=\"https:\/\/centcols.org\/wp-content\/uploads\/2021\/06\/V1-2-village-de-Bersezio.jpg 1200w, https:\/\/centcols.org\/wp-content\/uploads\/2021\/06\/V1-2-village-de-Bersezio-768x576.jpg 768w\" sizes=\"auto, (max-width: 1200px) 100vw, 1200px\" \/><\/a><figcaption class=\"wp-element-caption\">V1 - village of Bersezio \u00a9 Robert Yonnet<\/figcaption><\/figure>\n<\/figure>\n\n\n\n<p>V2: Vars - Risoul - 31 km - 1230 metres - 5 passes: Col de Jaffueil, Col de Saluces, Col du Vallon, Col de Valbelle, Col de Ch\u00e9rine<\/p>\n\n\n\n<figure class=\"wp-block-gallery has-nested-images columns-3 is-cropped wp-block-gallery-6 is-layout-flex wp-block-gallery-is-layout-flex\">\n<figure class=\"wp-block-image size-full\"><a href=\"https:\/\/centcols.org\/wp-content\/uploads\/2021\/06\/V2-11-pic-St-Andre.jpg\"><img loading=\"lazy\" decoding=\"async\" width=\"1200\" height=\"900\" data-id=\"85960\" src=\"https:\/\/centcols.org\/wp-content\/uploads\/2021\/06\/V2-11-pic-St-Andre.jpg\" alt=\"\" class=\"wp-image-85960\" srcset=\"https:\/\/centcols.org\/wp-content\/uploads\/2021\/06\/V2-11-pic-St-Andre.jpg 1200w, https:\/\/centcols.org\/wp-content\/uploads\/2021\/06\/V2-11-pic-St-Andre-768x576.jpg 768w\" sizes=\"auto, (max-width: 1200px) 100vw, 1200px\" \/><\/a><figcaption class=\"wp-element-caption\">V2 - St Andr\u00e9 peak \u00a9 Robert Yonnet<\/figcaption><\/figure>\n\n\n\n<figure class=\"wp-block-image size-full\"><a href=\"https:\/\/centcols.org\/wp-content\/uploads\/2021\/06\/V2-10-col-du-Vallon.jpg\"><img loading=\"lazy\" decoding=\"async\" width=\"1200\" height=\"900\" data-id=\"85961\" src=\"https:\/\/centcols.org\/wp-content\/uploads\/2021\/06\/V2-10-col-du-Vallon.jpg\" alt=\"\" class=\"wp-image-85961\" srcset=\"https:\/\/centcols.org\/wp-content\/uploads\/2021\/06\/V2-10-col-du-Vallon.jpg 1200w, https:\/\/centcols.org\/wp-content\/uploads\/2021\/06\/V2-10-col-du-Vallon-768x576.jpg 768w\" sizes=\"auto, (max-width: 1200px) 100vw, 1200px\" \/><\/a><figcaption class=\"wp-element-caption\">V2 - Vallon pass \u00a9 Robert Yonnet<\/figcaption><\/figure>\n\n\n\n<figure class=\"wp-block-image size-full\"><a href=\"https:\/\/centcols.org\/wp-content\/uploads\/2021\/06\/V2-5-station-de-Vars-Les-Claux.jpg\"><img loading=\"lazy\" decoding=\"async\" width=\"1200\" height=\"900\" data-id=\"85962\" src=\"https:\/\/centcols.org\/wp-content\/uploads\/2021\/06\/V2-5-station-de-Vars-Les-Claux.jpg\" alt=\"\" class=\"wp-image-85962\" srcset=\"https:\/\/centcols.org\/wp-content\/uploads\/2021\/06\/V2-5-station-de-Vars-Les-Claux.jpg 1200w, https:\/\/centcols.org\/wp-content\/uploads\/2021\/06\/V2-5-station-de-Vars-Les-Claux-768x576.jpg 768w\" sizes=\"auto, (max-width: 1200px) 100vw, 1200px\" \/><\/a><figcaption class=\"wp-element-caption\">V2 - Vars Les Claux resort \u00a9 Robert Yonnet<\/figcaption><\/figure>\n<\/figure>\n\n\n\n<p>V3: le Parpaillon - 41 km - 2130 metres - 4 passes: col du Parpaillon (tunnel), col de Girabeau, col de la Pare, Pas du Reverdillon<\/p>\n\n\n<div class=\"wp-block-image\">\n<figure class=\"aligncenter size-full is-resized\"><img loading=\"lazy\" decoding=\"async\" width=\"1094\" height=\"821\" src=\"https:\/\/centcols.org\/wp-content\/uploads\/2021\/06\/42-Col-du-Parpaillon.jpg\" alt=\"V3: Col du Parpaillon \u00a9 Enrico Alberini\" class=\"wp-image-85963\" style=\"width:800px\" srcset=\"https:\/\/centcols.org\/wp-content\/uploads\/2021\/06\/42-Col-du-Parpaillon.jpg 1094w, https:\/\/centcols.org\/wp-content\/uploads\/2021\/06\/42-Col-du-Parpaillon-768x576.jpg 768w\" sizes=\"auto, (max-width: 1094px) 100vw, 1094px\" \/><figcaption class=\"wp-element-caption\">V3: Col du Parpaillon \u00a9 Enrico Alberini<\/figcaption><\/figure>\n<\/div>\n\n\n<p>V4: Restefonds - 32 km - 1075 metres - 5 passes: Pas de Toureis, Faux col de Restefond, col de la Mouti\u00e8re, col de la Bonette, col des Granges Communes V5: Orrenaye - 24 km - 1200 metres - 6 passes: col R\u00e9my, col des Monges, col d'Aguya, col de la Gypi\u00e8re de l'Orrenaye, col de Ruburent, Colle della Scaletta V6: col d'Allos (not yet recognised due to the road being closed following the landslide) V7: rassemblement - 21 km - 530 metres - 3 passes: col de Font Sainte, col de Charamel, col Saint-Jean <strong>The annual meeting of the Club des Cent Cols<\/strong><\/p>\n\n\n\n<figure class=\"wp-block-gallery has-nested-images columns-2 is-cropped wp-block-gallery-7 is-layout-flex wp-block-gallery-is-layout-flex\">\n<figure class=\"wp-block-image size-full\"><a href=\"https:\/\/centcols.org\/wp-content\/uploads\/2021\/06\/V7-pic-du-Morgon.jpg\"><img loading=\"lazy\" decoding=\"async\" width=\"1200\" height=\"900\" data-id=\"85965\" src=\"https:\/\/centcols.org\/wp-content\/uploads\/2021\/06\/V7-pic-du-Morgon.jpg\" alt=\"\" class=\"wp-image-85965\" srcset=\"https:\/\/centcols.org\/wp-content\/uploads\/2021\/06\/V7-pic-du-Morgon.jpg 1200w, https:\/\/centcols.org\/wp-content\/uploads\/2021\/06\/V7-pic-du-Morgon-768x576.jpg 768w\" sizes=\"auto, (max-width: 1200px) 100vw, 1200px\" \/><\/a><figcaption class=\"wp-element-caption\">V7 - Morgon peak \u00a9 Robert Yonnet<\/figcaption><\/figure>\n\n\n\n<figure class=\"wp-block-image size-full\"><a href=\"https:\/\/centcols.org\/wp-content\/uploads\/2021\/06\/V7-Font-Sainte.jpg\"><img loading=\"lazy\" decoding=\"async\" width=\"1200\" height=\"900\" data-id=\"85966\" src=\"https:\/\/centcols.org\/wp-content\/uploads\/2021\/06\/V7-Font-Sainte.jpg\" alt=\"\" class=\"wp-image-85966\" srcset=\"https:\/\/centcols.org\/wp-content\/uploads\/2021\/06\/V7-Font-Sainte.jpg 1200w, https:\/\/centcols.org\/wp-content\/uploads\/2021\/06\/V7-Font-Sainte-768x576.jpg 768w\" sizes=\"auto, (max-width: 1200px) 100vw, 1200px\" \/><\/a><figcaption class=\"wp-element-caption\">V7 - Font Sainte \u00a9 Robert Yonnet<\/figcaption><\/figure>\n<\/figure>\n\n\n\n<p>Initially, the rally was to be held on the Col d'Allos. However, following a major landslide on 16 April 2021 between Uvernet-Fours and the Col d'Allos, and uncertainties over whether the road will be reopened, it has been decided that it will be held on Saturday 11 September 2021 from 11.00am at the Col d'Allos. <a href=\"https:\/\/centcols.org\/en\/util\/geo\/visuGen.php\/?code=FR-04-1333\" target=\"_blank\" rel=\"noreferrer noopener\">col Saint-Jean FR-04-1333<\/a><\/p>\n\n\n\n<figure class=\"wp-block-gallery has-nested-images columns-4 is-cropped wp-block-gallery-8 is-layout-flex wp-block-gallery-is-layout-flex\">\n<figure class=\"wp-block-image size-full\"><a href=\"https:\/\/centcols.org\/wp-content\/uploads\/2021\/06\/Club-des-100-Cols-11.09.2021-4.jpg\"><img loading=\"lazy\" decoding=\"async\" width=\"1200\" height=\"800\" data-id=\"85967\" src=\"https:\/\/centcols.org\/wp-content\/uploads\/2021\/06\/Club-des-100-Cols-11.09.2021-4.jpg\" alt=\"\" class=\"wp-image-85967\" srcset=\"https:\/\/centcols.org\/wp-content\/uploads\/2021\/06\/Club-des-100-Cols-11.09.2021-4.jpg 1200w, https:\/\/centcols.org\/wp-content\/uploads\/2021\/06\/Club-des-100-Cols-11.09.2021-4-768x512.jpg 768w\" sizes=\"auto, (max-width: 1200px) 100vw, 1200px\" \/><\/a><figcaption class=\"wp-element-caption\">a word from Guillaume de Lou Riouclar \u00a9 Sylvie Arnaud<\/figcaption><\/figure>\n\n\n\n<figure class=\"wp-block-image size-full\"><a href=\"https:\/\/centcols.org\/wp-content\/uploads\/2021\/06\/Club-des-100-Cols-11.09.2021-3.jpg\"><img loading=\"lazy\" decoding=\"async\" width=\"1200\" height=\"800\" data-id=\"85968\" src=\"https:\/\/centcols.org\/wp-content\/uploads\/2021\/06\/Club-des-100-Cols-11.09.2021-3.jpg\" alt=\"\" class=\"wp-image-85968\" srcset=\"https:\/\/centcols.org\/wp-content\/uploads\/2021\/06\/Club-des-100-Cols-11.09.2021-3.jpg 1200w, https:\/\/centcols.org\/wp-content\/uploads\/2021\/06\/Club-des-100-Cols-11.09.2021-3-768x512.jpg 768w\" sizes=\"auto, (max-width: 1200px) 100vw, 1200px\" \/><\/a><figcaption class=\"wp-element-caption\">the Lou Riouclar team \u00a9 Sylvie Arnaud<\/figcaption><\/figure>\n\n\n\n<figure class=\"wp-block-image size-full\"><a href=\"https:\/\/centcols.org\/wp-content\/uploads\/2021\/06\/Club-des-100-Cols-11.09.2021-2.jpg\"><img loading=\"lazy\" decoding=\"async\" width=\"1200\" height=\"994\" data-id=\"85969\" src=\"https:\/\/centcols.org\/wp-content\/uploads\/2021\/06\/Club-des-100-Cols-11.09.2021-2.jpg\" alt=\"\" class=\"wp-image-85969\" srcset=\"https:\/\/centcols.org\/wp-content\/uploads\/2021\/06\/Club-des-100-Cols-11.09.2021-2.jpg 1200w, https:\/\/centcols.org\/wp-content\/uploads\/2021\/06\/Club-des-100-Cols-11.09.2021-2-768x636.jpg 768w\" sizes=\"auto, (max-width: 1200px) 100vw, 1200px\" \/><\/a><figcaption class=\"wp-element-caption\">Presentation of the 40th anniversary book to the Mayor of Montclar \u00a9 Sylvie Arnaud<\/figcaption><\/figure>\n\n\n\n<figure class=\"wp-block-image size-full\"><a href=\"https:\/\/centcols.org\/wp-content\/uploads\/2021\/06\/Club-des-100-Cols-11.09.2021-1.jpg\"><img loading=\"lazy\" decoding=\"async\" width=\"1200\" height=\"800\" data-id=\"85970\" src=\"https:\/\/centcols.org\/wp-content\/uploads\/2021\/06\/Club-des-100-Cols-11.09.2021-1.jpg\" alt=\"\" class=\"wp-image-85970\" srcset=\"https:\/\/centcols.org\/wp-content\/uploads\/2021\/06\/Club-des-100-Cols-11.09.2021-1.jpg 1200w, https:\/\/centcols.org\/wp-content\/uploads\/2021\/06\/Club-des-100-Cols-11.09.2021-1-768x512.jpg 768w\" sizes=\"auto, (max-width: 1200px) 100vw, 1200px\" \/><\/a><figcaption class=\"wp-element-caption\">Montclar gathering \u00a9 Sylvie Arnaud<\/figcaption><\/figure>\n<\/figure>\n\n\n\n<p class=\"has-medium-font-size\"><a href=\"https:\/\/centcols.org\/wp-content\/uploads\/2025\/08\/La-Provence-Editions-Alpes-Page-Blanche-Ubaye-13.09.2021.pdf\" target=\"_blank\" rel=\"noreferrer noopener\">Article in La Provence<\/a> <a href=\"https:\/\/centcols.org\/wp-content\/uploads\/2025\/08\/La-Provence-Editions-Alpes-Page-Blanche-Ubaye-13.09.2021.pdf\" target=\"_blank\" rel=\"noreferrer noopener\">published on Monday 13 September 2021<\/a><\/p>\n\n\n\n<h2 class=\"wp-block-heading\">Hosting<\/h2>\n\n\n\n<div class=\"wp-block-columns is-layout-flex wp-container-core-columns-is-layout-9d6595d7 wp-block-columns-is-layout-flex\">\n<div class=\"wp-block-column is-layout-flow wp-block-column-is-layout-flow\" style=\"flex-basis:66.66%\">\n<p>We'll be staying at the Cap France holiday village, Lou Riouclar. It is located on the heights of the village of M\u00e9olans-Revel. <strong>Lou Riouclar<\/strong> 04340 M\u00e9olans-Revel Tel: +33 (0)4 92 80 75 75. Email address: <a href=\"\/en\/&\/#99;o&#x6e;t&#x61;c&#x74;&#64;&#x6c;&#111;&#x75;&#114;i&#x6f;u&#x63;l&#x61;&#114;&#x2e;&#99;&#x6f;&#109;\" target=\"_blank\" rel=\"noreferrer noopener\">contact@louriouclar.com<\/a> \u2013 <a href=\"https:\/\/www.louriouclar.com\" target=\"_blank\" rel=\"noreferrer noopener\">Lou Riouclar website<\/a> It has 118 rooms with 2 beds, each with a private bathroom with shower, washbasin and WC. Bed linen and towels are provided. The restaurant offers local produce, home-cooked dishes and short circuits with local producers. The village car park can accommodate campervans that have opted for the \"7-dinner package\" or \"7-day catering package\". INFORMATION: For all requests for early arrival, please contact the centre directly.<\/p>\n\n\n\n<figure class=\"wp-block-gallery has-nested-images columns-3 is-cropped wp-block-gallery-9 is-layout-flex wp-block-gallery-is-layout-flex\">\n<figure class=\"wp-block-image size-full\"><a href=\"https:\/\/centcols.org\/wp-content\/uploads\/2021\/06\/photo-drone-rioclar-2.jpg\"><img loading=\"lazy\" decoding=\"async\" width=\"1278\" height=\"720\" data-id=\"85978\" src=\"https:\/\/centcols.org\/wp-content\/uploads\/2021\/06\/photo-drone-rioclar-2.jpg\" alt=\"\" class=\"wp-image-85978\" srcset=\"https:\/\/centcols.org\/wp-content\/uploads\/2021\/06\/photo-drone-rioclar-2.jpg 1278w, https:\/\/centcols.org\/wp-content\/uploads\/2021\/06\/photo-drone-rioclar-2-1200x676.jpg 1200w, https:\/\/centcols.org\/wp-content\/uploads\/2021\/06\/photo-drone-rioclar-2-768x433.jpg 768w\" sizes=\"auto, (max-width: 1278px) 100vw, 1278px\" \/><\/a><figcaption class=\"wp-element-caption\">Lou Riouclar<\/figcaption><\/figure>\n\n\n\n<figure class=\"wp-block-image size-full\"><a href=\"https:\/\/centcols.org\/wp-content\/uploads\/2021\/06\/Vue-generale-Chalet-1-2.jpg\"><img loading=\"lazy\" decoding=\"async\" width=\"1200\" height=\"648\" data-id=\"85976\" src=\"https:\/\/centcols.org\/wp-content\/uploads\/2021\/06\/Vue-generale-Chalet-1-2.jpg\" alt=\"\" class=\"wp-image-85976\" srcset=\"https:\/\/centcols.org\/wp-content\/uploads\/2021\/06\/Vue-generale-Chalet-1-2.jpg 1200w, https:\/\/centcols.org\/wp-content\/uploads\/2021\/06\/Vue-generale-Chalet-1-2-768x415.jpg 768w\" sizes=\"auto, (max-width: 1200px) 100vw, 1200px\" \/><\/a><figcaption class=\"wp-element-caption\">Lou Riouclar<\/figcaption><\/figure>\n\n\n\n<figure class=\"wp-block-image size-full\"><a href=\"https:\/\/centcols.org\/wp-content\/uploads\/2021\/06\/Le-Chalet-vu-de-la-terrsasse-EU-2.jpg\"><img loading=\"lazy\" decoding=\"async\" width=\"1200\" height=\"800\" data-id=\"85977\" src=\"https:\/\/centcols.org\/wp-content\/uploads\/2021\/06\/Le-Chalet-vu-de-la-terrsasse-EU-2.jpg\" alt=\"\" class=\"wp-image-85977\" srcset=\"https:\/\/centcols.org\/wp-content\/uploads\/2021\/06\/Le-Chalet-vu-de-la-terrsasse-EU-2.jpg 1200w, https:\/\/centcols.org\/wp-content\/uploads\/2021\/06\/Le-Chalet-vu-de-la-terrsasse-EU-2-768x512.jpg 768w\" sizes=\"auto, (max-width: 1200px) 100vw, 1200px\" \/><\/a><figcaption class=\"wp-element-caption\">Lou Riouclar<\/figcaption><\/figure>\n<\/figure>\n<\/div>\n\n\n\n<div class=\"wp-block-column is-layout-flow wp-block-column-is-layout-flow\" style=\"flex-basis:33.33%\">\n<div style=\"height:50px\" aria-hidden=\"true\" class=\"wp-block-spacer\"><\/div>\n\n\n\n<h2 class=\"wp-block-heading\">Note from the Board of Directors<\/h2>\n\n\n\n<p>If you are arranging your accommodation elsewhere than at the Lou Riouclar holiday village, remember to register as a \"Simple Participant\":<\/p>\n\n\n\n<ol class=\"wp-block-list\">\n<li>To be able to correctly size joint events (information sessions, welcome and farewell parties).<\/li>\n\n\n\n<li>In order to provide you with the holiday booklet<\/li>\n\n\n\n<li>For an appropriate distribution of preparation and organisation costs.<\/li>\n<\/ol>\n<\/div>\n<\/div>\n\n\n\n<p>For campervanners looking for a little more comfort, we suggest these two addresses:<\/p>\n\n\n\n<ul class=\"wp-block-list\">\n<li>parking area behind the L\u00e9on Signoret municipal stadium in Barcelonnette<\/li>\n<\/ul>\n\n\n\n<h6 class=\"wp-block-heading\">overnight stay: 6 euros per day<\/h6>\n\n\n\n<h6 class=\"wp-block-heading\">electricity: \u20ac2 per day<\/h6>\n\n\n\n<h6 class=\"wp-block-heading\">payment by bank card at an automatic terminal<\/h6>\n\n\n\n<ul class=\"wp-block-list\">\n<li>camping restaurant River Le Martinet 04340 M\u00e9olans-Revel 04 92 85 57 13 \/ 07 77 86 93 65 <a href=\"https:\/\/camping-river.eu\/fr\/bienvenue-2\/\" target=\"_blank\" rel=\"noreferrer noopener\">campsite site<\/a> &nbsp;<\/li>\n<\/ul>\n\n\n\n<h2 class=\"wp-block-heading\">Registrations<\/h2>\n\n\n\n<p>To register, download the PDF registration form from the link below. Please note that the registration form consists of two pages: the registration form itself (make sure you fill in all the sections that apply to you and sign at the bottom of the page), and the special conditions that you will also need to sign. If you plan to be accompanied by your partner, be sure to register him\/her as an associate member with your Territorial or National Delegate beforehand, and don't forget to enter his\/her associate membership number in the appropriate box. For those of you who are lodging by your own means and taking care of your own meals, you should take the \"Simple Participant\" package, which corresponds to participation in all the benefits and services from which you benefit by taking part in the trip: cost of preparing the trip and the tours, publication of the maps displayed and the trombinoscope, welcome drink and drink at the end of the trip, trip brochure, organisation of activities for accompanying persons, Club insurance, etc. You can choose from the following packages:<\/p>\n\n\n\n<ul class=\"wp-block-list\">\n<li>\"Full Board\" at \u20ac478, to which you must add the additional costs of \u20ac18.50.<\/li>\n\n\n\n<li>\"The 7-dinner package costs \u20ac117 if you are staying on your own but wish to share the dinners with your friends. You must add the extra costs of \u20ac18.50.<\/li>\n\n\n\n<li>\"The 7-day catering package costs \u20ac233 and includes breakfast, packed lunches and dinners, plus additional costs of \u20ac18.50.<\/li>\n\n\n\n<li>Optional subscription to Gritchen insurance (2.34 % of the amount of benefits with a minimum of \u20ac8 per person or \u20ac16 for a couple)<\/li>\n\n\n\n<li>\"Single participant package\" at \u20ac18.50 if you stay in your own accommodation and provide your own lunches.<\/li>\n<\/ul>\n\n\n\n<p>If, and only if, a participant is not <strong>no FFCT licence<\/strong>In addition, you will need to take out the compulsory insurance (\u20ac7). You can pay the registration fee <strong>by cheque or bank transfer<\/strong> to the Club's account. In view of the additional fees charged by the organisation that manages it, we do not accept payment by PayPal. <strong>Assigning members<\/strong> payments are made in the order in which the cheque is sent or the transfer is made. For the former, the postmark will be taken as proof, for the latter, please send us a copy of the transfer order. If the holiday is full, a waiting list will be set up, which will operate according to the same priority allocation rules as for direct registrations.<\/p>\n\n\n\n<h3 class=\"wp-block-heading\">Trombinoscope<\/h3>\n\n\n\n<p> If you have not yet provided your photo for the <strong>directory <\/strong>and would like to be included, please tick the appropriate box and send us a photo in JPG format by e-mail. From <strong>further information<\/strong> will be posted later on the website, which you can consult regularly. Each time, the person in charge of the trips will send a short e-mail to the mailing list. If you would like to receive these emails, please send them to <strong>subscribe to the mailing list<\/strong>if you haven't already done so. <strong>If you have any questions<\/strong> Do not hesitate to call the person in charge of the holiday: +33 6 78 87 33 67. REMINDER: at its meeting on 26 September 2020, the Board of Directors decided that associate members would no longer be required to subscribe to the \"single participant\" or \"ancillary expenses\" packages. <\/p>\n\n\n\n<h3 class=\"wp-block-heading\">Download the newsletter :<\/h3>\n\n\n\n<ul class=\"wp-block-list\">\n<li>Registration form M\u00e9olans-Revel in French<\/li>\n\n\n\n<li>Booking form M\u00e9olans-Revel in English<\/li>\n\n\n\n<li>Modulo d'iscrizione M\u00e9olans-Revel in italiano<\/li>\n<\/ul>\n\n\n\n<p><strong>The deadline for receipt of entries is 10 August 2021.<\/strong><\/p>\n\n\n\n<p>You can leaf through <a href=\"https:\/\/centcols.org\/wp-content\/uploads\/2025\/08\/Livret-Ubaye-1.pdf\" target=\"_blank\" rel=\"noreferrer noopener\"><strong>here<\/strong> the Booklet<\/a> which will be distributed during your stay and, in addition to welcome messages, contains information about the region and how to get there, safety tips and detailed descriptions of the tours.<\/p>\n\n\n\n<h2 class=\"wp-block-heading\">Other activities or visits<\/h2>\n\n\n\n<h3 class=\"wp-block-heading\">MEOLANS-REVEL<\/h3>\n\n\n\n<p><strong>Various hamlets scattered at altitudes of up to 1,500 metres have preserved their character, harmoniously blending agricultural, craft and tourist activities. M\u00e9olans, visible from the road, nestles behind a rock topped by a proud bell tower, in the heart of a wooded area. The village and forest extend as far as the Laverq valley, a Benedictine priory, part of the Boscodon abbey and the stronghold of the monks who cleared the land.<\/strong> The village of Rioclar is the largest hamlet in the commune, with a local school and a church with stained glass windows depicting the surrounding chapels through the seasons. The Maison Chauvet, now the Auberge des Terres Blanches, has a sundial dating from 1773 with the legend \"Give me the sun and I'll tell you the time\". The Maison du Bois is a showcase for the timber industry, with areas for observation, information and games dedicated to the forest and timber of the Alps. The visit ends with a demonstration of woodturning, scroll sawing or router work with the Maison's animator. <a href=\"http:\/\/www.maisondubois.fr\">http:\/\/www.maisondubois.fr<\/a><\/p>\n\n\n\n<h3 class=\"wp-block-heading\">HERITAGE<\/h3>\n\n\n\n<p>With a rich heritage ranging from high-altitude fortresses (from Vauban to Maginot) to villas and tombs built by former emigrants returning from Mexico, the Ubaye valley, a passageway for people and cultures, looking as much towards Italy as France, invites you to discover its inhabited landscapes. To tell the story of the adventures of its peasant peddlers and daring emigrants, and the patient development of its land, skills and knowledge, the Ubaye valley has set up five museums and organises themed tours of its forts, churches and chapels, villages and resorts, landscapes and natural treasures. A strategic military crossroads between Provence, Dauphin\u00e9 and the Savoy states, the Ubaye valley was disputed for a long time. It was annexed to France in 1713 under the Treaty of Utrecht, and the Ubaye was extensively fortified. In the 19th century, under the successive leadership of General Haxo and then General S\u00e9r\u00e9 de Rivi\u00e8res, the main forts were built in the confluence areas or on the summits. From 1931 onwards, the Maginot line was added to these constructions. This unique and incomparable architectural heritage bears witness to the history of France in a landscape where borders no longer exist.<\/p>\n\n\n\n<figure class=\"wp-block-gallery has-nested-images columns-2 is-cropped wp-block-gallery-10 is-layout-flex wp-block-gallery-is-layout-flex\">\n<figure class=\"wp-block-image size-full\"><a href=\"https:\/\/centcols.org\/wp-content\/uploads\/2021\/06\/Fort-de-Tournoux-\u00a9-Claude-Gouron-3-1200x800-1.jpg\"><img loading=\"lazy\" decoding=\"async\" width=\"1200\" height=\"800\" data-id=\"85973\" src=\"https:\/\/centcols.org\/wp-content\/uploads\/2021\/06\/Fort-de-Tournoux-\u00a9-Claude-Gouron-3-1200x800-1.jpg\" alt=\"\" class=\"wp-image-85973\" srcset=\"https:\/\/centcols.org\/wp-content\/uploads\/2021\/06\/Fort-de-Tournoux-\u00a9-Claude-Gouron-3-1200x800-1.jpg 1200w, https:\/\/centcols.org\/wp-content\/uploads\/2021\/06\/Fort-de-Tournoux-\u00a9-Claude-Gouron-3-1200x800-1-768x512.jpg 768w\" sizes=\"auto, (max-width: 1200px) 100vw, 1200px\" \/><\/a><figcaption class=\"wp-element-caption\">Tournoux Fort \u00a9-Claude-Gouron<\/figcaption><\/figure>\n\n\n\n<figure class=\"wp-block-image size-full\"><a href=\"https:\/\/centcols.org\/wp-content\/uploads\/2021\/06\/Fort-de-Saint-Ours-\u00a9-CCVUSP-7-300x300-1.jpg\"><img loading=\"lazy\" decoding=\"async\" width=\"300\" height=\"300\" data-id=\"85974\" src=\"https:\/\/centcols.org\/wp-content\/uploads\/2021\/06\/Fort-de-Saint-Ours-\u00a9-CCVUSP-7-300x300-1.jpg\" alt=\"\" class=\"wp-image-85974\" srcset=\"https:\/\/centcols.org\/wp-content\/uploads\/2021\/06\/Fort-de-Saint-Ours-\u00a9-CCVUSP-7-300x300-1.jpg 300w, https:\/\/centcols.org\/wp-content\/uploads\/2021\/06\/Fort-de-Saint-Ours-\u00a9-CCVUSP-7-300x300-1-150x150.jpg 150w\" sizes=\"auto, (max-width: 300px) 100vw, 300px\" \/><\/a><figcaption class=\"wp-element-caption\">Fort de Saint-Ours \u00a9 CCVUSP <\/figcaption><\/figure>\n<\/figure>\n\n\n\n<h3 class=\"wp-block-heading\">MUSEUMS<\/h3>\n\n\n\n<p><strong>A museum along the valley<\/strong> The Lauzet-Ubaye museum reveals the landscapes of the valley and the richness of its flora and fauna, as well as the skills that man has developed in animal husbandry, crafts, architecture, hunting, gathering, etc. Located in the heart of the village in a former shop, the museum invites visitors to discover the valley. <strong>Valley Museum :<\/strong> Come and discover the collections of the Mus\u00e9e de la Vall\u00e9e, which are open to the world and other cultures: popular art from Mexico, China, Burma, etc.; the orientalist paintings of Jean and Marie Caire; the cabinet of curiosities of the migrant-traveller Emile Chabrand, not forgetting the adventure across the ocean of the inhabitants of Barcelonnette (known as \"les barcelonnettes\") in Mexico (1805-1950), as told by a descendant.<\/p>\n\n\n<div class=\"wp-block-image size-full wp-image-57712\">\n<figure class=\"aligncenter is-resized\"><a href=\"https:\/\/centcols.org\/wp-content\/uploads\/2021\/06\/Musee-de-la-Vallee-exterieur-\u00a9-Claude-Gouron-2-1200x900-1.jpg\"><img loading=\"lazy\" decoding=\"async\" width=\"1200\" height=\"900\" src=\"https:\/\/centcols.org\/wp-content\/uploads\/2021\/06\/Musee-de-la-Vallee-exterieur-\u00a9-Claude-Gouron-2-1200x900-1.jpg\" alt=\"\" class=\"wp-image-85975\" style=\"aspect-ratio:1;width:600px\" srcset=\"https:\/\/centcols.org\/wp-content\/uploads\/2021\/06\/Musee-de-la-Vallee-exterieur-\u00a9-Claude-Gouron-2-1200x900-1.jpg 1200w, https:\/\/centcols.org\/wp-content\/uploads\/2021\/06\/Musee-de-la-Vallee-exterieur-\u00a9-Claude-Gouron-2-1200x900-1-768x576.jpg 768w\" sizes=\"auto, (max-width: 1200px) 100vw, 1200px\" \/><\/a><figcaption class=\"wp-element-caption\">Mus\u00e9e de la Vall\u00e9e \u00a9 Claude Gouron<\/figcaption><\/figure>\n<\/div>\n\n\n<p>For archaeology enthusiasts, the museum houses bronzes from the famous Ollivier collection (Gleize donation) Parc de la Sapini\u00e8re - Avenue de la Lib\u00e9ration - 04400 Barcelonnette <strong>Museoscope of the lake :<\/strong> It tells the story of the construction of the Serre-Pon\u00e7on dam (the largest in Europe) and the villages that sank. Through a visual and sound journey, come and discover this place that combines leisure and culture in the same scenic space. <a href=\"http:\/\/www.museoscope-du-lac.com\">http:\/\/www.museoscope-du-lac.com<\/a><\/p>","protected":false},"excerpt":{"rendered":"<p>Ont contribu\u00e9 \u00e0 cette page de pr\u00e9sentation du s\u00e9jour Enrico Alberini, Christophe Badonnel, Bernard Giraudeau et les responsables informatiques. Le s\u00e9jour d\u2019\u00e9t\u00e9 2021 se d\u00e9roulera du 04 au 11 septembre dans le d\u00e9partement des Alpes de Haute Provence, plus pr\u00e9cis\u00e9ment \u00e0 M\u00e9olans-Revel. Il a \u00e9t\u00e9 pr\u00e9par\u00e9 par une petite \u00e9quipe locale : Paulette Autric, Robert [&hellip;]<\/p>\n","protected":false},"author":64,"featured_media":85941,"comment_status":"closed","ping_status":"open","sticky":false,"template":"","format":"standard","meta":{"_acf_changed":false,"footnotes":""},"categories":[349,381,353,355,135,231],"tags":[],"class_list":["post-82284","post","type-post","status-publish","format-standard","has-post-thumbnail","hentry","category-france-pays-sejours","category-04-alpes-de-haute-provence","category-alpes-francaises-du-sud-massif-sejours","category-provence-alpes-cote-dazur-region-sejours","category-calendrier","category-sejours"],"acf":[],"yoast_head":"<!-- This site is optimized with the Yoast SEO plugin v27.2 - https:\/\/yoast.com\/product\/yoast-seo-wordpress\/ -->\n<title>S\u00e9jour d&#039;\u00e9t\u00e9 \u00e0 M\u00e9olans-Revel, 04 au 11 septembre 2021 - Club des Cent Cols<\/title>\n<meta name=\"robots\" content=\"index, follow, max-snippet:-1, max-image-preview:large, max-video-preview:-1\" \/>\n<link rel=\"canonical\" href=\"https:\/\/centcols.org\/en\/stay-2021-meolans-revel\/\" \/>\n<meta property=\"og:locale\" content=\"en_GB\" \/>\n<meta property=\"og:type\" content=\"article\" \/>\n<meta property=\"og:title\" content=\"S\u00e9jour d&#039;\u00e9t\u00e9 \u00e0 M\u00e9olans-Revel, 04 au 11 septembre 2021 - Club des Cent Cols\" \/>\n<meta property=\"og:description\" content=\"Ont contribu\u00e9 \u00e0 cette page de pr\u00e9sentation du s\u00e9jour Enrico Alberini, Christophe Badonnel, Bernard Giraudeau et les responsables informatiques. Le s\u00e9jour d\u2019\u00e9t\u00e9 2021 se d\u00e9roulera du 04 au 11 septembre dans le d\u00e9partement des Alpes de Haute Provence, plus pr\u00e9cis\u00e9ment \u00e0 M\u00e9olans-Revel. Il a \u00e9t\u00e9 pr\u00e9par\u00e9 par une petite \u00e9quipe locale : Paulette Autric, Robert [&hellip;]\" \/>\n<meta property=\"og:url\" content=\"https:\/\/centcols.org\/en\/stay-2021-meolans-revel\/\" \/>\n<meta property=\"og:site_name\" content=\"Club des Cent Cols\" \/>\n<meta property=\"article:publisher\" content=\"https:\/\/www.facebook.com\/groups\/5261880558\/?locale=fr_FR\" \/>\n<meta property=\"article:published_time\" content=\"2021-06-06T12:15:39+00:00\" \/>\n<meta property=\"article:modified_time\" content=\"2025-09-08T23:48:41+00:00\" \/>\n<meta property=\"og:image\" content=\"https:\/\/centcols.org\/wp-content\/uploads\/2021\/06\/barcelonette1-2.jpg\" \/>\n\t<meta property=\"og:image:width\" content=\"1200\" \/>\n\t<meta property=\"og:image:height\" content=\"900\" \/>\n\t<meta property=\"og:image:type\" content=\"image\/jpeg\" \/>\n<meta name=\"author\" content=\"Christophe Badonnel\" \/>\n<meta name=\"twitter:card\" content=\"summary_large_image\" \/>\n<meta name=\"twitter:label1\" content=\"Written by\" \/>\n\t<meta name=\"twitter:data1\" content=\"Christophe Badonnel\" \/>\n\t<meta name=\"twitter:label2\" content=\"Estimated reading time\" \/>\n\t<meta name=\"twitter:data2\" content=\"24 minutes\" \/>\n<script type=\"application\/ld+json\" class=\"yoast-schema-graph\">{\"@context\":\"https:\/\/schema.org\",\"@graph\":[{\"@type\":\"Article\",\"@id\":\"https:\/\/centcols.org\/sejour-2021-meolans-revel\/#article\",\"isPartOf\":{\"@id\":\"https:\/\/centcols.org\/sejour-2021-meolans-revel\/\"},\"author\":{\"name\":\"Christophe Badonnel\",\"@id\":\"https:\/\/centcols.org\/#\/schema\/person\/5c1a9d61132fb33ccec149272abff6e1\"},\"headline\":\"S\u00e9jour d&rsquo;\u00e9t\u00e9 \u00e0 M\u00e9olans-Revel, 04 au 11 septembre 2021\",\"datePublished\":\"2021-06-06T12:15:39+00:00\",\"dateModified\":\"2025-09-08T23:48:41+00:00\",\"mainEntityOfPage\":{\"@id\":\"https:\/\/centcols.org\/sejour-2021-meolans-revel\/\"},\"wordCount\":3419,\"publisher\":{\"@id\":\"https:\/\/centcols.org\/#organization\"},\"image\":{\"@id\":\"https:\/\/centcols.org\/sejour-2021-meolans-revel\/#primaryimage\"},\"thumbnailUrl\":\"https:\/\/centcols.org\/wp-content\/uploads\/2021\/06\/barcelonette1-2.jpg\",\"articleSection\":[\"France\",\"04-Alpes-de-Haute-Provence\",\"Alpes fran\u00e7aises du sud\",\"Provence-Alpes-C\u00f4te d'Azur\",\"Calendrier\",\"S\u00e9jours du Club des Cent Cols\"],\"inLanguage\":\"en-GB\"},{\"@type\":\"WebPage\",\"@id\":\"https:\/\/centcols.org\/sejour-2021-meolans-revel\/\",\"url\":\"https:\/\/centcols.org\/sejour-2021-meolans-revel\/\",\"name\":\"S\u00e9jour d'\u00e9t\u00e9 \u00e0 M\u00e9olans-Revel, 04 au 11 septembre 2021 - Club des Cent Cols\",\"isPartOf\":{\"@id\":\"https:\/\/centcols.org\/#website\"},\"primaryImageOfPage\":{\"@id\":\"https:\/\/centcols.org\/sejour-2021-meolans-revel\/#primaryimage\"},\"image\":{\"@id\":\"https:\/\/centcols.org\/sejour-2021-meolans-revel\/#primaryimage\"},\"thumbnailUrl\":\"https:\/\/centcols.org\/wp-content\/uploads\/2021\/06\/barcelonette1-2.jpg\",\"datePublished\":\"2021-06-06T12:15:39+00:00\",\"dateModified\":\"2025-09-08T23:48:41+00:00\",\"breadcrumb\":{\"@id\":\"https:\/\/centcols.org\/sejour-2021-meolans-revel\/#breadcrumb\"},\"inLanguage\":\"en-GB\",\"potentialAction\":[{\"@type\":\"ReadAction\",\"target\":[\"https:\/\/centcols.org\/sejour-2021-meolans-revel\/\"]}]},{\"@type\":\"ImageObject\",\"inLanguage\":\"en-GB\",\"@id\":\"https:\/\/centcols.org\/sejour-2021-meolans-revel\/#primaryimage\",\"url\":\"https:\/\/centcols.org\/wp-content\/uploads\/2021\/06\/barcelonette1-2.jpg\",\"contentUrl\":\"https:\/\/centcols.org\/wp-content\/uploads\/2021\/06\/barcelonette1-2.jpg\",\"width\":1200,\"height\":900},{\"@type\":\"BreadcrumbList\",\"@id\":\"https:\/\/centcols.org\/sejour-2021-meolans-revel\/#breadcrumb\",\"itemListElement\":[{\"@type\":\"ListItem\",\"position\":1,\"name\":\"Accueil\",\"item\":\"https:\/\/centcols.org\/\"},{\"@type\":\"ListItem\",\"position\":2,\"name\":\"S\u00e9jours du Club des Cent Cols\",\"item\":\"https:\/\/centcols.org\/rubrique\/sejours\/\"},{\"@type\":\"ListItem\",\"position\":3,\"name\":\"Pays\",\"item\":\"https:\/\/centcols.org\/rubrique\/sejours\/pays-sejours\/\"},{\"@type\":\"ListItem\",\"position\":4,\"name\":\"France\",\"item\":\"https:\/\/centcols.org\/rubrique\/sejours\/pays-sejours\/france-pays-sejours\/\"},{\"@type\":\"ListItem\",\"position\":5,\"name\":\"S\u00e9jour d&rsquo;\u00e9t\u00e9 \u00e0 M\u00e9olans-Revel, 04 au 11 septembre 2021\"}]},{\"@type\":\"WebSite\",\"@id\":\"https:\/\/centcols.org\/#website\",\"url\":\"https:\/\/centcols.org\/\",\"name\":\"Club des Cent Cols\",\"description\":\"\",\"publisher\":{\"@id\":\"https:\/\/centcols.org\/#organization\"},\"potentialAction\":[{\"@type\":\"SearchAction\",\"target\":{\"@type\":\"EntryPoint\",\"urlTemplate\":\"https:\/\/centcols.org\/?s={search_term_string}\"},\"query-input\":{\"@type\":\"PropertyValueSpecification\",\"valueRequired\":true,\"valueName\":\"search_term_string\"}}],\"inLanguage\":\"en-GB\"},{\"@type\":\"Organization\",\"@id\":\"https:\/\/centcols.org\/#organization\",\"name\":\"Club des Cent Cols\",\"url\":\"https:\/\/centcols.org\/\",\"logo\":{\"@type\":\"ImageObject\",\"inLanguage\":\"en-GB\",\"@id\":\"https:\/\/centcols.org\/#\/schema\/logo\/image\/\",\"url\":\"https:\/\/centcols.org\/wp-content\/uploads\/2025\/01\/carte-icone.png\",\"contentUrl\":\"https:\/\/centcols.org\/wp-content\/uploads\/2025\/01\/carte-icone.png\",\"width\":250,\"height\":250,\"caption\":\"Club des Cent Cols\"},\"image\":{\"@id\":\"https:\/\/centcols.org\/#\/schema\/logo\/image\/\"},\"sameAs\":[\"https:\/\/www.facebook.com\/groups\/5261880558\/?locale=fr_FR\"]},{\"@type\":\"Person\",\"@id\":\"https:\/\/centcols.org\/#\/schema\/person\/5c1a9d61132fb33ccec149272abff6e1\",\"name\":\"Christophe Badonnel\",\"image\":{\"@type\":\"ImageObject\",\"inLanguage\":\"en-GB\",\"@id\":\"https:\/\/centcols.org\/wp-content\/litespeed\/avatar\/9f363966b51271bd99ebbb6ebd632889.jpg?ver=1777238111\",\"url\":\"https:\/\/centcols.org\/wp-content\/litespeed\/avatar\/9f363966b51271bd99ebbb6ebd632889.jpg?ver=1777238111\",\"contentUrl\":\"https:\/\/centcols.org\/wp-content\/litespeed\/avatar\/9f363966b51271bd99ebbb6ebd632889.jpg?ver=1777238111\",\"caption\":\"Christophe Badonnel\"},\"url\":\"https:\/\/centcols.org\/en\/author\/5799\/\"}]}<\/script>\n<!-- \/ Yoast SEO plugin. -->","yoast_head_json":{"title":"Summer holiday in M\u00e9olans-Revel, 04 to 11 September 2021 - Club des Cent Cols","robots":{"index":"index","follow":"follow","max-snippet":"max-snippet:-1","max-image-preview":"max-image-preview:large","max-video-preview":"max-video-preview:-1"},"canonical":"https:\/\/centcols.org\/en\/stay-2021-meolans-revel\/","og_locale":"en_GB","og_type":"article","og_title":"S\u00e9jour d'\u00e9t\u00e9 \u00e0 M\u00e9olans-Revel, 04 au 11 septembre 2021 - Club des Cent Cols","og_description":"Ont contribu\u00e9 \u00e0 cette page de pr\u00e9sentation du s\u00e9jour Enrico Alberini, Christophe Badonnel, Bernard Giraudeau et les responsables informatiques. Le s\u00e9jour d\u2019\u00e9t\u00e9 2021 se d\u00e9roulera du 04 au 11 septembre dans le d\u00e9partement des Alpes de Haute Provence, plus pr\u00e9cis\u00e9ment \u00e0 M\u00e9olans-Revel. Il a \u00e9t\u00e9 pr\u00e9par\u00e9 par une petite \u00e9quipe locale : Paulette Autric, Robert [&hellip;]","og_url":"https:\/\/centcols.org\/en\/stay-2021-meolans-revel\/","og_site_name":"Club des Cent Cols","article_publisher":"https:\/\/www.facebook.com\/groups\/5261880558\/?locale=fr_FR","article_published_time":"2021-06-06T12:15:39+00:00","article_modified_time":"2025-09-08T23:48:41+00:00","og_image":[{"width":1200,"height":900,"url":"https:\/\/centcols.org\/wp-content\/uploads\/2021\/06\/barcelonette1-2.jpg","type":"image\/jpeg"}],"author":"Christophe Badonnel","twitter_card":"summary_large_image","twitter_misc":{"Written by":"Christophe Badonnel","Estimated reading time":"24 minutes"},"schema":{"@context":"https:\/\/schema.org","@graph":[{"@type":"Article","@id":"https:\/\/centcols.org\/sejour-2021-meolans-revel\/#article","isPartOf":{"@id":"https:\/\/centcols.org\/sejour-2021-meolans-revel\/"},"author":{"name":"Christophe Badonnel","@id":"https:\/\/centcols.org\/#\/schema\/person\/5c1a9d61132fb33ccec149272abff6e1"},"headline":"S\u00e9jour d&rsquo;\u00e9t\u00e9 \u00e0 M\u00e9olans-Revel, 04 au 11 septembre 2021","datePublished":"2021-06-06T12:15:39+00:00","dateModified":"2025-09-08T23:48:41+00:00","mainEntityOfPage":{"@id":"https:\/\/centcols.org\/sejour-2021-meolans-revel\/"},"wordCount":3419,"publisher":{"@id":"https:\/\/centcols.org\/#organization"},"image":{"@id":"https:\/\/centcols.org\/sejour-2021-meolans-revel\/#primaryimage"},"thumbnailUrl":"https:\/\/centcols.org\/wp-content\/uploads\/2021\/06\/barcelonette1-2.jpg","articleSection":["France","04-Alpes-de-Haute-Provence","Alpes fran\u00e7aises du sud","Provence-Alpes-C\u00f4te d'Azur","Calendrier","S\u00e9jours du Club des Cent Cols"],"inLanguage":"en-GB"},{"@type":"WebPage","@id":"https:\/\/centcols.org\/sejour-2021-meolans-revel\/","url":"https:\/\/centcols.org\/sejour-2021-meolans-revel\/","name":"Summer holiday in M\u00e9olans-Revel, 04 to 11 September 2021 - Club des Cent Cols","isPartOf":{"@id":"https:\/\/centcols.org\/#website"},"primaryImageOfPage":{"@id":"https:\/\/centcols.org\/sejour-2021-meolans-revel\/#primaryimage"},"image":{"@id":"https:\/\/centcols.org\/sejour-2021-meolans-revel\/#primaryimage"},"thumbnailUrl":"https:\/\/centcols.org\/wp-content\/uploads\/2021\/06\/barcelonette1-2.jpg","datePublished":"2021-06-06T12:15:39+00:00","dateModified":"2025-09-08T23:48:41+00:00","breadcrumb":{"@id":"https:\/\/centcols.org\/sejour-2021-meolans-revel\/#breadcrumb"},"inLanguage":"en-GB","potentialAction":[{"@type":"ReadAction","target":["https:\/\/centcols.org\/sejour-2021-meolans-revel\/"]}]},{"@type":"ImageObject","inLanguage":"en-GB","@id":"https:\/\/centcols.org\/sejour-2021-meolans-revel\/#primaryimage","url":"https:\/\/centcols.org\/wp-content\/uploads\/2021\/06\/barcelonette1-2.jpg","contentUrl":"https:\/\/centcols.org\/wp-content\/uploads\/2021\/06\/barcelonette1-2.jpg","width":1200,"height":900},{"@type":"BreadcrumbList","@id":"https:\/\/centcols.org\/sejour-2021-meolans-revel\/#breadcrumb","itemListElement":[{"@type":"ListItem","position":1,"name":"Accueil","item":"https:\/\/centcols.org\/"},{"@type":"ListItem","position":2,"name":"S\u00e9jours du Club des Cent Cols","item":"https:\/\/centcols.org\/rubrique\/sejours\/"},{"@type":"ListItem","position":3,"name":"Pays","item":"https:\/\/centcols.org\/rubrique\/sejours\/pays-sejours\/"},{"@type":"ListItem","position":4,"name":"France","item":"https:\/\/centcols.org\/rubrique\/sejours\/pays-sejours\/france-pays-sejours\/"},{"@type":"ListItem","position":5,"name":"S\u00e9jour d&rsquo;\u00e9t\u00e9 \u00e0 M\u00e9olans-Revel, 04 au 11 septembre 2021"}]},{"@type":"WebSite","@id":"https:\/\/centcols.org\/#website","url":"https:\/\/centcols.org\/","name":"Club des Cent Cols","description":"","publisher":{"@id":"https:\/\/centcols.org\/#organization"},"potentialAction":[{"@type":"SearchAction","target":{"@type":"EntryPoint","urlTemplate":"https:\/\/centcols.org\/?s={search_term_string}"},"query-input":{"@type":"PropertyValueSpecification","valueRequired":true,"valueName":"search_term_string"}}],"inLanguage":"en-GB"},{"@type":"Organization","@id":"https:\/\/centcols.org\/#organization","name":"Club des Cent Cols","url":"https:\/\/centcols.org\/","logo":{"@type":"ImageObject","inLanguage":"en-GB","@id":"https:\/\/centcols.org\/#\/schema\/logo\/image\/","url":"https:\/\/centcols.org\/wp-content\/uploads\/2025\/01\/carte-icone.png","contentUrl":"https:\/\/centcols.org\/wp-content\/uploads\/2025\/01\/carte-icone.png","width":250,"height":250,"caption":"Club des Cent Cols"},"image":{"@id":"https:\/\/centcols.org\/#\/schema\/logo\/image\/"},"sameAs":["https:\/\/www.facebook.com\/groups\/5261880558\/?locale=fr_FR"]},{"@type":"Person","@id":"https:\/\/centcols.org\/#\/schema\/person\/5c1a9d61132fb33ccec149272abff6e1","name":"Christophe Badonnel","image":{"@type":"ImageObject","inLanguage":"en-GB","@id":"https:\/\/centcols.org\/wp-content\/litespeed\/avatar\/9f363966b51271bd99ebbb6ebd632889.jpg?ver=1777238111","url":"https:\/\/centcols.org\/wp-content\/litespeed\/avatar\/9f363966b51271bd99ebbb6ebd632889.jpg?ver=1777238111","contentUrl":"https:\/\/centcols.org\/wp-content\/litespeed\/avatar\/9f363966b51271bd99ebbb6ebd632889.jpg?ver=1777238111","caption":"Christophe Badonnel"},"url":"https:\/\/centcols.org\/en\/author\/5799\/"}]}},"_links":{"self":[{"href":"https:\/\/centcols.org\/en\/wp-json\/wp\/v2\/posts\/82284","targetHints":{"allow":["GET"]}}],"collection":[{"href":"https:\/\/centcols.org\/en\/wp-json\/wp\/v2\/posts"}],"about":[{"href":"https:\/\/centcols.org\/en\/wp-json\/wp\/v2\/types\/post"}],"author":[{"embeddable":true,"href":"https:\/\/centcols.org\/en\/wp-json\/wp\/v2\/users\/64"}],"replies":[{"embeddable":true,"href":"https:\/\/centcols.org\/en\/wp-json\/wp\/v2\/comments?post=82284"}],"version-history":[{"count":0,"href":"https:\/\/centcols.org\/en\/wp-json\/wp\/v2\/posts\/82284\/revisions"}],"wp:featuredmedia":[{"embeddable":true,"href":"https:\/\/centcols.org\/en\/wp-json\/wp\/v2\/media\/85941"}],"wp:attachment":[{"href":"https:\/\/centcols.org\/en\/wp-json\/wp\/v2\/media?parent=82284"}],"wp:term":[{"taxonomy":"category","embeddable":true,"href":"https:\/\/centcols.org\/en\/wp-json\/wp\/v2\/categories?post=82284"},{"taxonomy":"post_tag","embeddable":true,"href":"https:\/\/centcols.org\/en\/wp-json\/wp\/v2\/tags?post=82284"}],"curies":[{"name":"wp","href":"https:\/\/api.w.org\/{rel}","templated":true}]}}