{"id":82316,"date":"2022-01-28T16:35:00","date_gmt":"2022-01-28T14:35:00","guid":{"rendered":"https:\/\/centcols.org\/grand-est-pont-a-mousson-54-samedi-3-septembre-2022\/"},"modified":"2025-10-14T14:26:03","modified_gmt":"2025-10-14T12:26:03","slug":"grand-est-pont-a-mousson-54-saturday-3-september-2022","status":"publish","type":"post","link":"https:\/\/centcols.org\/en\/grand-est-pont-a-mousson-54-samedi-3-septembre-2022\/","title":{"rendered":"Grand-Est, Pont-\u00e0-Mousson (54), Saturday 3 September 2022"},"content":{"rendered":"\n<p>Le rassemblement r\u00e9gional Grand-Est 2022 se tiendra \u00e0 Pont-\u00e0-Mousson (54700) le samedi 3 septembre.<\/p>\n\n\n\n<p>Le lieu du rassemblement sera situ\u00e9 dans la ville de Pont-\u00e0-Mousson sur le parking de la piscine (rep\u00e9r\u00e9 par la fl\u00e8che noire sur la carte ci-dessous et tr\u00e8s bien indiqu\u00e9 dans la ville).<\/p>\n\n\n\n<p>Rendez-vous \u00e0 8h30 pour le caf\u00e9 d&rsquo;accueil. D\u00e9part group\u00e9 vers 9h.<\/p>\n\n\n\n<p>Le circuit propos\u00e9 est uniquement routier. Il passera par le col du RUDEMONT (FR-54-0250) et 2 nouveaux cols qui seront pr\u00e9sents dans le prochain additif.<\/p>\n\n\n\n<p>Ce circuit fait environ 45 km et emprunte en partie, la voie verte qui longe la Moselle.<br>Lors de mon passage (le 9\/2\/22), la route prise pour la descente du col du Rudemont (FR-54-0250) vers Nov\u00e9ant \u00e9tait boueuse et le goudron tr\u00e8s d\u00e9grad\u00e9. Il y possibilit\u00e9 de faire demi-tour au col et rejoindre la rue de l&rsquo;ancienne douane en bas d&rsquo;Arnaville et continuer la voie verte en direction de Metz<\/p>\n\n\n\n<p>T\u00e9l\u00e9charger la trace GPX sur <a href=\"https:\/\/www.openrunner.com\/route-details\/16418773\" target=\"_blank\" rel=\"noreferrer noopener\">Open Runner  n. 16418773<\/a><\/p>\n\n\n\n<figure class=\"wp-block-image size-full is-resized\"><img loading=\"lazy\" decoding=\"async\" width=\"1144\" height=\"581\" src=\"https:\/\/centcols.org\/wp-content\/uploads\/2022\/01\/Pont-a-Mousson-parking-de-la-piscine.jpg\" alt=\"\" class=\"wp-image-90107\" style=\"width:800px\" srcset=\"https:\/\/centcols.org\/wp-content\/uploads\/2022\/01\/Pont-a-Mousson-parking-de-la-piscine.jpg 1144w, https:\/\/centcols.org\/wp-content\/uploads\/2022\/01\/Pont-a-Mousson-parking-de-la-piscine-768x390.jpg 768w, https:\/\/centcols.org\/wp-content\/uploads\/2022\/01\/Pont-a-Mousson-parking-de-la-piscine-18x9.jpg 18w\" sizes=\"auto, (max-width: 1144px) 100vw, 1144px\" \/><\/figure>\n\n\n\n<p>Pendant que les cyclistes p\u00e9dalent joyeusement, il y possibilit\u00e9 de visiter <a href=\"https:\/\/www.abbaye-premontres.com\/\">l&rsquo;abbaye des pr\u00e9montr\u00e9s<\/a> situ\u00e9e \u00e0 proximit\u00e9&nbsp;&nbsp;ou la <a href=\"https:\/\/ville-pont-a-mousson.fr\/fr\/\">ville de Pont-\u00e0-Mousson<\/a>. Il faut aller voir la c\u00e9l\u00e8bre<a href=\"https:\/\/fr.wikipedia.org\/wiki\/Place_Duroc_(Pont-%C3%A0-Mousson)\"> place DUROC<\/a>, triangulaire et bord\u00e9e d&rsquo;arcades&nbsp;.<\/p>\n\n\n\n<h3 class=\"wp-block-heading\">Contact<\/h3>\n\n\n\n<p><br>Denis MATHIEU <br>+33 (0)6 85 20 02 55<br>[email]&#x64;&#x65;&#x6e;&#x69;&#x2e;&#x6d;&#x61;&#x74;&#x68;&#x69;&#x65;&#x75;&#x40;&#x6f;&#x72;&#x61;&#x6e;&#x67;&#x65;&#x2e;&#x66;&#x72;[\/email]<\/p>\n\n\n\n<p>Compte rendu : <a href=\"https:\/\/centcols.org\/wp-content\/uploads\/2025\/08\/Concentration-regionale-du-Grand-Est-CR2.pdf\">Concentration r\u00e9gionale du Grand CR.docx (centcols.org)<\/a><\/p>\n\n\n<h3 class=\"wp-album-user\"><a href=\"https:\/\/centcols.org\/wp-content\/albums\/90842\/6820\/album-90842-6820-20251028-200533.jpeg\" class=\"fancybox\" data-fancybox=\"album-90842-user-283\" rel=\"album-90842-user-283\" data-caption=\"La belle \u00e9quipe de retour\" title=\"La belle \u00e9quipe de retour\">Album de Denis Mathieu - CC 6820<\/a><\/h3><div class=\"wp-album-hidden\"><\/div>\n\n\n\n","protected":false},"excerpt":{"rendered":"<p>Le rassemblement r\u00e9gional Grand-Est 2022 se tiendra \u00e0 Pont-\u00e0-Mousson (54700) le samedi 3 septembre. Le lieu du rassemblement sera situ\u00e9 dans la ville de Pont-\u00e0-Mousson sur le parking de la piscine (rep\u00e9r\u00e9 par la fl\u00e8che noire sur la carte ci-dessous et tr\u00e8s bien indiqu\u00e9 dans la ville). Rendez-vous \u00e0 8h30 pour le caf\u00e9 d&rsquo;accueil. D\u00e9part [&hellip;]<\/p>\n","protected":false},"author":58,"featured_media":82317,"comment_status":"open","ping_status":"open","sticky":false,"template":"","format":"standard","meta":{"_acf_changed":false,"footnotes":""},"categories":[290,135,216],"tags":[],"class_list":["post-82316","post","type-post","status-publish","format-standard","has-post-thumbnail","hentry","category-les-rassemblements-de-2022","category-calendrier","category-rencontres-regionales"],"acf":[],"yoast_head":"<!-- This site is optimized with the Yoast SEO plugin v27.2 - https:\/\/yoast.com\/product\/yoast-seo-wordpress\/ -->\n<title>Grand-Est, Pont-\u00e0-Mousson (54), samedi 3 septembre 2022 - Club des Cent Cols<\/title>\n<meta name=\"robots\" content=\"index, follow, max-snippet:-1, max-image-preview:large, max-video-preview:-1\" \/>\n<link rel=\"canonical\" href=\"https:\/\/centcols.org\/en\/grand-est-pont-a-mousson-54-saturday-3-september-2022\/\" \/>\n<meta property=\"og:locale\" content=\"en_GB\" \/>\n<meta property=\"og:type\" content=\"article\" \/>\n<meta property=\"og:title\" content=\"Grand-Est, Pont-\u00e0-Mousson (54), samedi 3 septembre 2022 - Club des Cent Cols\" \/>\n<meta property=\"og:description\" content=\"Le rassemblement r\u00e9gional Grand-Est 2022 se tiendra \u00e0 Pont-\u00e0-Mousson (54700) le samedi 3 septembre. Le lieu du rassemblement sera situ\u00e9 dans la ville de Pont-\u00e0-Mousson sur le parking de la piscine (rep\u00e9r\u00e9 par la fl\u00e8che noire sur la carte ci-dessous et tr\u00e8s bien indiqu\u00e9 dans la ville). Rendez-vous \u00e0 8h30 pour le caf\u00e9 d&rsquo;accueil. D\u00e9part [&hellip;]\" \/>\n<meta property=\"og:url\" content=\"https:\/\/centcols.org\/en\/grand-est-pont-a-mousson-54-saturday-3-september-2022\/\" \/>\n<meta property=\"og:site_name\" content=\"Club des Cent Cols\" \/>\n<meta property=\"article:publisher\" content=\"https:\/\/www.facebook.com\/groups\/5261880558\/?locale=fr_FR\" \/>\n<meta property=\"article:published_time\" content=\"2022-01-28T14:35:00+00:00\" \/>\n<meta property=\"article:modified_time\" content=\"2025-10-14T12:26:03+00:00\" \/>\n<meta property=\"og:image\" content=\"https:\/\/centcols.org\/wp-content\/uploads\/2025\/05\/immagine.png\" \/>\n\t<meta property=\"og:image:width\" content=\"1366\" \/>\n\t<meta property=\"og:image:height\" content=\"768\" \/>\n\t<meta property=\"og:image:type\" content=\"image\/png\" \/>\n<meta name=\"author\" content=\"Enrico Alberini\" \/>\n<meta name=\"twitter:card\" content=\"summary_large_image\" \/>\n<meta name=\"twitter:label1\" content=\"Written by\" \/>\n\t<meta name=\"twitter:data1\" content=\"Enrico Alberini\" \/>\n\t<meta name=\"twitter:label2\" content=\"Estimated reading time\" \/>\n\t<meta name=\"twitter:data2\" content=\"2 minutes\" \/>\n<script type=\"application\/ld+json\" class=\"yoast-schema-graph\">{\"@context\":\"https:\/\/schema.org\",\"@graph\":[{\"@type\":\"Article\",\"@id\":\"https:\/\/centcols.org\/grand-est-pont-a-mousson-54-samedi-3-septembre-2022\/#article\",\"isPartOf\":{\"@id\":\"https:\/\/centcols.org\/grand-est-pont-a-mousson-54-samedi-3-septembre-2022\/\"},\"author\":{\"name\":\"Enrico Alberini\",\"@id\":\"https:\/\/centcols.org\/#\/schema\/person\/86c3ec6889d88501a29fccac614bebf8\"},\"headline\":\"Grand-Est, Pont-\u00e0-Mousson (54), samedi 3 septembre 2022\",\"datePublished\":\"2022-01-28T14:35:00+00:00\",\"dateModified\":\"2025-10-14T12:26:03+00:00\",\"mainEntityOfPage\":{\"@id\":\"https:\/\/centcols.org\/grand-est-pont-a-mousson-54-samedi-3-septembre-2022\/\"},\"wordCount\":252,\"commentCount\":0,\"publisher\":{\"@id\":\"https:\/\/centcols.org\/#organization\"},\"image\":{\"@id\":\"https:\/\/centcols.org\/grand-est-pont-a-mousson-54-samedi-3-septembre-2022\/#primaryimage\"},\"thumbnailUrl\":\"https:\/\/centcols.org\/wp-content\/uploads\/2025\/05\/immagine.png\",\"articleSection\":[\"2022-rassemblements\",\"Calendrier\",\"Rencontres r\u00e9gionales\"],\"inLanguage\":\"en-GB\",\"potentialAction\":[{\"@type\":\"CommentAction\",\"name\":\"Comment\",\"target\":[\"https:\/\/centcols.org\/grand-est-pont-a-mousson-54-samedi-3-septembre-2022\/#respond\"]}]},{\"@type\":\"WebPage\",\"@id\":\"https:\/\/centcols.org\/grand-est-pont-a-mousson-54-samedi-3-septembre-2022\/\",\"url\":\"https:\/\/centcols.org\/grand-est-pont-a-mousson-54-samedi-3-septembre-2022\/\",\"name\":\"Grand-Est, Pont-\u00e0-Mousson (54), samedi 3 septembre 2022 - Club des Cent Cols\",\"isPartOf\":{\"@id\":\"https:\/\/centcols.org\/#website\"},\"primaryImageOfPage\":{\"@id\":\"https:\/\/centcols.org\/grand-est-pont-a-mousson-54-samedi-3-septembre-2022\/#primaryimage\"},\"image\":{\"@id\":\"https:\/\/centcols.org\/grand-est-pont-a-mousson-54-samedi-3-septembre-2022\/#primaryimage\"},\"thumbnailUrl\":\"https:\/\/centcols.org\/wp-content\/uploads\/2025\/05\/immagine.png\",\"datePublished\":\"2022-01-28T14:35:00+00:00\",\"dateModified\":\"2025-10-14T12:26:03+00:00\",\"breadcrumb\":{\"@id\":\"https:\/\/centcols.org\/grand-est-pont-a-mousson-54-samedi-3-septembre-2022\/#breadcrumb\"},\"inLanguage\":\"en-GB\",\"potentialAction\":[{\"@type\":\"ReadAction\",\"target\":[\"https:\/\/centcols.org\/grand-est-pont-a-mousson-54-samedi-3-septembre-2022\/\"]}]},{\"@type\":\"ImageObject\",\"inLanguage\":\"en-GB\",\"@id\":\"https:\/\/centcols.org\/grand-est-pont-a-mousson-54-samedi-3-septembre-2022\/#primaryimage\",\"url\":\"https:\/\/centcols.org\/wp-content\/uploads\/2025\/05\/immagine.png\",\"contentUrl\":\"https:\/\/centcols.org\/wp-content\/uploads\/2025\/05\/immagine.png\",\"width\":1366,\"height\":768},{\"@type\":\"BreadcrumbList\",\"@id\":\"https:\/\/centcols.org\/grand-est-pont-a-mousson-54-samedi-3-septembre-2022\/#breadcrumb\",\"itemListElement\":[{\"@type\":\"ListItem\",\"position\":1,\"name\":\"Accueil\",\"item\":\"https:\/\/centcols.org\/\"},{\"@type\":\"ListItem\",\"position\":2,\"name\":\"Calendrier\",\"item\":\"https:\/\/centcols.org\/rubrique\/calendrier\/\"},{\"@type\":\"ListItem\",\"position\":3,\"name\":\"Grand-Est, Pont-\u00e0-Mousson (54), samedi 3 septembre 2022\"}]},{\"@type\":\"WebSite\",\"@id\":\"https:\/\/centcols.org\/#website\",\"url\":\"https:\/\/centcols.org\/\",\"name\":\"Club des Cent Cols\",\"description\":\"\",\"publisher\":{\"@id\":\"https:\/\/centcols.org\/#organization\"},\"potentialAction\":[{\"@type\":\"SearchAction\",\"target\":{\"@type\":\"EntryPoint\",\"urlTemplate\":\"https:\/\/centcols.org\/?s={search_term_string}\"},\"query-input\":{\"@type\":\"PropertyValueSpecification\",\"valueRequired\":true,\"valueName\":\"search_term_string\"}}],\"inLanguage\":\"en-GB\"},{\"@type\":\"Organization\",\"@id\":\"https:\/\/centcols.org\/#organization\",\"name\":\"Club des Cent Cols\",\"url\":\"https:\/\/centcols.org\/\",\"logo\":{\"@type\":\"ImageObject\",\"inLanguage\":\"en-GB\",\"@id\":\"https:\/\/centcols.org\/#\/schema\/logo\/image\/\",\"url\":\"https:\/\/centcols.org\/wp-content\/uploads\/2025\/01\/carte-icone.png\",\"contentUrl\":\"https:\/\/centcols.org\/wp-content\/uploads\/2025\/01\/carte-icone.png\",\"width\":250,\"height\":250,\"caption\":\"Club des Cent Cols\"},\"image\":{\"@id\":\"https:\/\/centcols.org\/#\/schema\/logo\/image\/\"},\"sameAs\":[\"https:\/\/www.facebook.com\/groups\/5261880558\/?locale=fr_FR\"]},{\"@type\":\"Person\",\"@id\":\"https:\/\/centcols.org\/#\/schema\/person\/86c3ec6889d88501a29fccac614bebf8\",\"name\":\"Enrico Alberini\",\"image\":{\"@type\":\"ImageObject\",\"inLanguage\":\"en-GB\",\"@id\":\"https:\/\/centcols.org\/wp-content\/litespeed\/avatar\/1b26e36a18d85acc8b0f860f9628213f.jpg?ver=1777240766\",\"url\":\"https:\/\/centcols.org\/wp-content\/litespeed\/avatar\/1b26e36a18d85acc8b0f860f9628213f.jpg?ver=1777240766\",\"contentUrl\":\"https:\/\/centcols.org\/wp-content\/litespeed\/avatar\/1b26e36a18d85acc8b0f860f9628213f.jpg?ver=1777240766\",\"caption\":\"Enrico Alberini\"},\"url\":\"https:\/\/centcols.org\/en\/author\/5065\/\"}]}<\/script>\n<!-- \/ Yoast SEO plugin. -->","yoast_head_json":{"title":"Grand-Est, Pont-\u00e0-Mousson (54), Saturday 3 September 2022 - Club des Cent Cols","robots":{"index":"index","follow":"follow","max-snippet":"max-snippet:-1","max-image-preview":"max-image-preview:large","max-video-preview":"max-video-preview:-1"},"canonical":"https:\/\/centcols.org\/en\/grand-est-pont-a-mousson-54-saturday-3-september-2022\/","og_locale":"en_GB","og_type":"article","og_title":"Grand-Est, Pont-\u00e0-Mousson (54), samedi 3 septembre 2022 - Club des Cent Cols","og_description":"Le rassemblement r\u00e9gional Grand-Est 2022 se tiendra \u00e0 Pont-\u00e0-Mousson (54700) le samedi 3 septembre. Le lieu du rassemblement sera situ\u00e9 dans la ville de Pont-\u00e0-Mousson sur le parking de la piscine (rep\u00e9r\u00e9 par la fl\u00e8che noire sur la carte ci-dessous et tr\u00e8s bien indiqu\u00e9 dans la ville). Rendez-vous \u00e0 8h30 pour le caf\u00e9 d&rsquo;accueil. D\u00e9part [&hellip;]","og_url":"https:\/\/centcols.org\/en\/grand-est-pont-a-mousson-54-saturday-3-september-2022\/","og_site_name":"Club des Cent Cols","article_publisher":"https:\/\/www.facebook.com\/groups\/5261880558\/?locale=fr_FR","article_published_time":"2022-01-28T14:35:00+00:00","article_modified_time":"2025-10-14T12:26:03+00:00","og_image":[{"width":1366,"height":768,"url":"https:\/\/centcols.org\/wp-content\/uploads\/2025\/05\/immagine.png","type":"image\/png"}],"author":"Enrico Alberini","twitter_card":"summary_large_image","twitter_misc":{"Written by":"Enrico Alberini","Estimated reading time":"2 minutes"},"schema":{"@context":"https:\/\/schema.org","@graph":[{"@type":"Article","@id":"https:\/\/centcols.org\/grand-est-pont-a-mousson-54-samedi-3-septembre-2022\/#article","isPartOf":{"@id":"https:\/\/centcols.org\/grand-est-pont-a-mousson-54-samedi-3-septembre-2022\/"},"author":{"name":"Enrico Alberini","@id":"https:\/\/centcols.org\/#\/schema\/person\/86c3ec6889d88501a29fccac614bebf8"},"headline":"Grand-Est, Pont-\u00e0-Mousson (54), samedi 3 septembre 2022","datePublished":"2022-01-28T14:35:00+00:00","dateModified":"2025-10-14T12:26:03+00:00","mainEntityOfPage":{"@id":"https:\/\/centcols.org\/grand-est-pont-a-mousson-54-samedi-3-septembre-2022\/"},"wordCount":252,"commentCount":0,"publisher":{"@id":"https:\/\/centcols.org\/#organization"},"image":{"@id":"https:\/\/centcols.org\/grand-est-pont-a-mousson-54-samedi-3-septembre-2022\/#primaryimage"},"thumbnailUrl":"https:\/\/centcols.org\/wp-content\/uploads\/2025\/05\/immagine.png","articleSection":["2022-rassemblements","Calendrier","Rencontres r\u00e9gionales"],"inLanguage":"en-GB","potentialAction":[{"@type":"CommentAction","name":"Comment","target":["https:\/\/centcols.org\/grand-est-pont-a-mousson-54-samedi-3-septembre-2022\/#respond"]}]},{"@type":"WebPage","@id":"https:\/\/centcols.org\/grand-est-pont-a-mousson-54-samedi-3-septembre-2022\/","url":"https:\/\/centcols.org\/grand-est-pont-a-mousson-54-samedi-3-septembre-2022\/","name":"Grand-Est, Pont-\u00e0-Mousson (54), Saturday 3 September 2022 - Club des Cent Cols","isPartOf":{"@id":"https:\/\/centcols.org\/#website"},"primaryImageOfPage":{"@id":"https:\/\/centcols.org\/grand-est-pont-a-mousson-54-samedi-3-septembre-2022\/#primaryimage"},"image":{"@id":"https:\/\/centcols.org\/grand-est-pont-a-mousson-54-samedi-3-septembre-2022\/#primaryimage"},"thumbnailUrl":"https:\/\/centcols.org\/wp-content\/uploads\/2025\/05\/immagine.png","datePublished":"2022-01-28T14:35:00+00:00","dateModified":"2025-10-14T12:26:03+00:00","breadcrumb":{"@id":"https:\/\/centcols.org\/grand-est-pont-a-mousson-54-samedi-3-septembre-2022\/#breadcrumb"},"inLanguage":"en-GB","potentialAction":[{"@type":"ReadAction","target":["https:\/\/centcols.org\/grand-est-pont-a-mousson-54-samedi-3-septembre-2022\/"]}]},{"@type":"ImageObject","inLanguage":"en-GB","@id":"https:\/\/centcols.org\/grand-est-pont-a-mousson-54-samedi-3-septembre-2022\/#primaryimage","url":"https:\/\/centcols.org\/wp-content\/uploads\/2025\/05\/immagine.png","contentUrl":"https:\/\/centcols.org\/wp-content\/uploads\/2025\/05\/immagine.png","width":1366,"height":768},{"@type":"BreadcrumbList","@id":"https:\/\/centcols.org\/grand-est-pont-a-mousson-54-samedi-3-septembre-2022\/#breadcrumb","itemListElement":[{"@type":"ListItem","position":1,"name":"Accueil","item":"https:\/\/centcols.org\/"},{"@type":"ListItem","position":2,"name":"Calendrier","item":"https:\/\/centcols.org\/rubrique\/calendrier\/"},{"@type":"ListItem","position":3,"name":"Grand-Est, Pont-\u00e0-Mousson (54), samedi 3 septembre 2022"}]},{"@type":"WebSite","@id":"https:\/\/centcols.org\/#website","url":"https:\/\/centcols.org\/","name":"Club des Cent Cols","description":"","publisher":{"@id":"https:\/\/centcols.org\/#organization"},"potentialAction":[{"@type":"SearchAction","target":{"@type":"EntryPoint","urlTemplate":"https:\/\/centcols.org\/?s={search_term_string}"},"query-input":{"@type":"PropertyValueSpecification","valueRequired":true,"valueName":"search_term_string"}}],"inLanguage":"en-GB"},{"@type":"Organization","@id":"https:\/\/centcols.org\/#organization","name":"Club des Cent Cols","url":"https:\/\/centcols.org\/","logo":{"@type":"ImageObject","inLanguage":"en-GB","@id":"https:\/\/centcols.org\/#\/schema\/logo\/image\/","url":"https:\/\/centcols.org\/wp-content\/uploads\/2025\/01\/carte-icone.png","contentUrl":"https:\/\/centcols.org\/wp-content\/uploads\/2025\/01\/carte-icone.png","width":250,"height":250,"caption":"Club des Cent Cols"},"image":{"@id":"https:\/\/centcols.org\/#\/schema\/logo\/image\/"},"sameAs":["https:\/\/www.facebook.com\/groups\/5261880558\/?locale=fr_FR"]},{"@type":"Person","@id":"https:\/\/centcols.org\/#\/schema\/person\/86c3ec6889d88501a29fccac614bebf8","name":"Enrico Alberini","image":{"@type":"ImageObject","inLanguage":"en-GB","@id":"https:\/\/centcols.org\/wp-content\/litespeed\/avatar\/1b26e36a18d85acc8b0f860f9628213f.jpg?ver=1777240766","url":"https:\/\/centcols.org\/wp-content\/litespeed\/avatar\/1b26e36a18d85acc8b0f860f9628213f.jpg?ver=1777240766","contentUrl":"https:\/\/centcols.org\/wp-content\/litespeed\/avatar\/1b26e36a18d85acc8b0f860f9628213f.jpg?ver=1777240766","caption":"Enrico Alberini"},"url":"https:\/\/centcols.org\/en\/author\/5065\/"}]}},"_links":{"self":[{"href":"https:\/\/centcols.org\/en\/wp-json\/wp\/v2\/posts\/82316","targetHints":{"allow":["GET"]}}],"collection":[{"href":"https:\/\/centcols.org\/en\/wp-json\/wp\/v2\/posts"}],"about":[{"href":"https:\/\/centcols.org\/en\/wp-json\/wp\/v2\/types\/post"}],"author":[{"embeddable":true,"href":"https:\/\/centcols.org\/en\/wp-json\/wp\/v2\/users\/58"}],"replies":[{"embeddable":true,"href":"https:\/\/centcols.org\/en\/wp-json\/wp\/v2\/comments?post=82316"}],"version-history":[{"count":0,"href":"https:\/\/centcols.org\/en\/wp-json\/wp\/v2\/posts\/82316\/revisions"}],"wp:featuredmedia":[{"embeddable":true,"href":"https:\/\/centcols.org\/en\/wp-json\/wp\/v2\/media\/82317"}],"wp:attachment":[{"href":"https:\/\/centcols.org\/en\/wp-json\/wp\/v2\/media?parent=82316"}],"wp:term":[{"taxonomy":"category","embeddable":true,"href":"https:\/\/centcols.org\/en\/wp-json\/wp\/v2\/categories?post=82316"},{"taxonomy":"post_tag","embeddable":true,"href":"https:\/\/centcols.org\/en\/wp-json\/wp\/v2\/tags?post=82316"}],"curies":[{"name":"wp","href":"https:\/\/api.w.org\/{rel}","templated":true}]}}