{"id":82322,"date":"2021-11-30T16:10:00","date_gmt":"2021-11-30T14:10:00","guid":{"rendered":"https:\/\/centcols.org\/raduno-italiano-28-29-mai-2022\/"},"modified":"2025-09-14T09:16:18","modified_gmt":"2025-09-14T07:16:18","slug":"raduno-italiano-28-29-may-2022","status":"publish","type":"post","link":"https:\/\/centcols.org\/en\/raduno-italiano-28-29-mai-2022\/","title":{"rendered":"Raduno italiano, 28-29 May 2022"},"content":{"rendered":"\n<p>Le rassemblement italien aura lieu les 28 et 29 mai 2022 \u00e0 Romano Canavese &#8211; Laghi d&rsquo;Ivrea (TO).<\/p>\n\n\n\n<p>[osm_map_v3 map_center=\u00a0\u00bb45.4176,7.8821&Prime; zoom=\u00a0\u00bb14.0&Prime; width=\u00a0\u00bb95%\u00a0\u00bb height=\u00a0\u00bb450&Prime; map_border=\u00a0\u00bbthin solid blue\u00a0\u00bb post_markers=\u00a0\u00bb1&Prime; control=\u00a0\u00bbfullscreen,scaleline,mouseposition,overview\u00a0\u00bb bckgrndimg=\u00a0\u00bbGDPR_bckgrnd.png\u00a0\u00bb ]<\/p>\n\n\n\n<p>H\u00d4TEL GARDENIA SRL<br>Regione Poarello 11<br>10090 &#8211; ROMANO CANAVESE (TO)<\/p>\n\n\n\n<p>T\u00e9l. +39 0125-631095<br>mail: &#x69;&#110;f&#x6f;&#64;h&#x67;&#97;r&#x64;&#x65;&#110;&#x69;&#x61;&#46;c&#x6f;&#109;<br>Sito web: https:\/\/www.hgardenia.com\/<\/p>\n\n\n\n<p>Prix :<br>Chambre double, pour 2 personnes : 70,00 \u20ac.<br>chambre double \u00e0 usage unique : 60,00\u20ac.<br>Les prix sont par chambre avec le petit-d\u00e9jeuner inclus.<\/p>\n\n\n\n<p>D\u00eener le samedi 28 mai :<br>30 euros par personne : bis d&rsquo;amuse-bouches, entr\u00e9e, plat principal avec accompagnement,<br>dessert, eau, vin en bouteille, caf\u00e9.<\/p>\n\n\n\n<p>Vous pouvez r\u00e9server par courriel \u00e0 l\u2019h\u00f4tel en pr\u00e9cisant que vous \u00eates membre du club des Cent Cols.<\/p>\n\n\n\n<p><a href=\"https:\/\/centcols.org\/wp-content\/uploads\/2025\/09\/Raduno-CCC-2022-percorsi-rev-02.xlsx\">Les parcours : voir ici<\/a><\/p>\n\n\n\n<h3 class=\"wp-block-heading\">Contact <\/h3>\n\n\n\n<p>Luigi Spina +39 349 416 31 74 <br><a href=\"&#109;&#x61;i&#108;&#x74;&#111;&#x3a;l&#117;&#x69;g&#x69;&#x2e;&#115;&#x70;i&#110;&#x61;&#64;&#x67;&#x6d;&#120;&#x2e;d&#101;\">&#108;&#x75;i&#x67;i&#46;&#x73;&#112;&#x69;n&#97;&#x40;&#103;&#x6d;x&#x2e;&#x64;&#101;<\/a><\/p>\n","protected":false},"excerpt":{"rendered":"<p>Le rassemblement italien aura lieu les 28 et 29 mai 2022 \u00e0 Romano Canavese &#8211; Laghi d&rsquo;Ivrea (TO). [osm_map_v3 map_center=\u00a0\u00bb45.4176,7.8821&Prime; zoom=\u00a0\u00bb14.0&Prime; width=\u00a0\u00bb95%\u00a0\u00bb height=\u00a0\u00bb450&Prime; map_border=\u00a0\u00bbthin solid blue\u00a0\u00bb post_markers=\u00a0\u00bb1&Prime; control=\u00a0\u00bbfullscreen,scaleline,mouseposition,overview\u00a0\u00bb bckgrndimg=\u00a0\u00bbGDPR_bckgrnd.png\u00a0\u00bb ] H\u00d4TEL GARDENIA SRLRegione Poarello 1110090 &#8211; ROMANO CANAVESE (TO) T\u00e9l. +39 0125-631095mail: &#x69;&#x6e;&#x66;&#x6f;&#64;&#104;&#103;ar&#x64;&#x65;&#x6e;&#x69;&#x61;&#46;&#99;&#111;mSito web: https:\/\/www.hgardenia.com\/ Prix :Chambre double, pour 2 personnes : 70,00 \u20ac.chambre double [&hellip;]<\/p>\n","protected":false},"author":58,"featured_media":84394,"comment_status":"closed","ping_status":"open","sticky":false,"template":"","format":"standard","meta":{"_acf_changed":false,"footnotes":""},"categories":[290,135,216],"tags":[],"class_list":["post-82322","post","type-post","status-publish","format-standard","has-post-thumbnail","hentry","category-les-rassemblements-de-2022","category-calendrier","category-rencontres-regionales"],"acf":[],"yoast_head":"<!-- This site is optimized with the Yoast SEO plugin v27.2 - https:\/\/yoast.com\/product\/yoast-seo-wordpress\/ -->\n<title>Raduno italiano, 28-29 mai 2022 - Club des Cent Cols<\/title>\n<meta name=\"robots\" content=\"index, follow, max-snippet:-1, max-image-preview:large, max-video-preview:-1\" \/>\n<link rel=\"canonical\" href=\"https:\/\/centcols.org\/en\/raduno-italiano-28-29-may-2022\/\" \/>\n<meta property=\"og:locale\" content=\"en_GB\" \/>\n<meta property=\"og:type\" content=\"article\" \/>\n<meta property=\"og:title\" content=\"Raduno italiano, 28-29 mai 2022 - Club des Cent Cols\" \/>\n<meta property=\"og:description\" content=\"Le rassemblement italien aura lieu les 28 et 29 mai 2022 \u00e0 Romano Canavese &#8211; Laghi d&rsquo;Ivrea (TO). [osm_map_v3 map_center=\u00a0\u00bb45.4176,7.8821&Prime; zoom=\u00a0\u00bb14.0&Prime; width=\u00a0\u00bb95%\u00a0\u00bb height=\u00a0\u00bb450&Prime; map_border=\u00a0\u00bbthin solid blue\u00a0\u00bb post_markers=\u00a0\u00bb1&Prime; control=\u00a0\u00bbfullscreen,scaleline,mouseposition,overview\u00a0\u00bb bckgrndimg=\u00a0\u00bbGDPR_bckgrnd.png\u00a0\u00bb ] H\u00d4TEL GARDENIA SRLRegione Poarello 1110090 &#8211; ROMANO CANAVESE (TO) T\u00e9l. +39 0125-631095mail: &#x69;&#x6e;&#x66;&#x6f;&#x40;&#x68;&#103;&#097;&#114;&#100;enia&#x2e;&#x63;&#x6f;&#x6d;Sito web: https:\/\/www.hgardenia.com\/ Prix :Chambre double, pour 2 personnes : 70,00 \u20ac.chambre double [&hellip;]\" \/>\n<meta property=\"og:url\" content=\"https:\/\/centcols.org\/en\/raduno-italiano-28-29-may-2022\/\" \/>\n<meta property=\"og:site_name\" content=\"Club des Cent Cols\" \/>\n<meta property=\"article:publisher\" content=\"https:\/\/www.facebook.com\/groups\/5261880558\/?locale=fr_FR\" \/>\n<meta property=\"article:published_time\" content=\"2021-11-30T14:10:00+00:00\" \/>\n<meta property=\"article:modified_time\" content=\"2025-09-14T07:16:18+00:00\" \/>\n<meta property=\"og:image\" content=\"https:\/\/centcols.org\/wp-content\/uploads\/2021\/11\/Lago_Pistono_3.jpg\" \/>\n\t<meta property=\"og:image:width\" content=\"900\" \/>\n\t<meta property=\"og:image:height\" content=\"506\" \/>\n\t<meta property=\"og:image:type\" content=\"image\/jpeg\" \/>\n<meta name=\"author\" content=\"Enrico Alberini\" \/>\n<meta name=\"twitter:card\" content=\"summary_large_image\" \/>\n<meta name=\"twitter:label1\" content=\"Written by\" \/>\n\t<meta name=\"twitter:data1\" content=\"Enrico Alberini\" \/>\n\t<meta name=\"twitter:label2\" content=\"Estimated reading time\" \/>\n\t<meta name=\"twitter:data2\" content=\"1 minute\" \/>\n<script type=\"application\/ld+json\" class=\"yoast-schema-graph\">{\"@context\":\"https:\/\/schema.org\",\"@graph\":[{\"@type\":\"Article\",\"@id\":\"https:\/\/centcols.org\/raduno-italiano-28-29-mai-2022\/#article\",\"isPartOf\":{\"@id\":\"https:\/\/centcols.org\/raduno-italiano-28-29-mai-2022\/\"},\"author\":{\"name\":\"Enrico Alberini\",\"@id\":\"https:\/\/centcols.org\/#\/schema\/person\/86c3ec6889d88501a29fccac614bebf8\"},\"headline\":\"Raduno italiano, 28-29 mai 2022\",\"datePublished\":\"2021-11-30T14:10:00+00:00\",\"dateModified\":\"2025-09-14T07:16:18+00:00\",\"mainEntityOfPage\":{\"@id\":\"https:\/\/centcols.org\/raduno-italiano-28-29-mai-2022\/\"},\"wordCount\":138,\"publisher\":{\"@id\":\"https:\/\/centcols.org\/#organization\"},\"image\":{\"@id\":\"https:\/\/centcols.org\/raduno-italiano-28-29-mai-2022\/#primaryimage\"},\"thumbnailUrl\":\"https:\/\/centcols.org\/wp-content\/uploads\/2021\/11\/Lago_Pistono_3.jpg\",\"articleSection\":[\"2022-rassemblements\",\"Calendrier\",\"Rencontres r\u00e9gionales\"],\"inLanguage\":\"en-GB\"},{\"@type\":\"WebPage\",\"@id\":\"https:\/\/centcols.org\/raduno-italiano-28-29-mai-2022\/\",\"url\":\"https:\/\/centcols.org\/raduno-italiano-28-29-mai-2022\/\",\"name\":\"Raduno italiano, 28-29 mai 2022 - Club des Cent Cols\",\"isPartOf\":{\"@id\":\"https:\/\/centcols.org\/#website\"},\"primaryImageOfPage\":{\"@id\":\"https:\/\/centcols.org\/raduno-italiano-28-29-mai-2022\/#primaryimage\"},\"image\":{\"@id\":\"https:\/\/centcols.org\/raduno-italiano-28-29-mai-2022\/#primaryimage\"},\"thumbnailUrl\":\"https:\/\/centcols.org\/wp-content\/uploads\/2021\/11\/Lago_Pistono_3.jpg\",\"datePublished\":\"2021-11-30T14:10:00+00:00\",\"dateModified\":\"2025-09-14T07:16:18+00:00\",\"breadcrumb\":{\"@id\":\"https:\/\/centcols.org\/raduno-italiano-28-29-mai-2022\/#breadcrumb\"},\"inLanguage\":\"en-GB\",\"potentialAction\":[{\"@type\":\"ReadAction\",\"target\":[\"https:\/\/centcols.org\/raduno-italiano-28-29-mai-2022\/\"]}]},{\"@type\":\"ImageObject\",\"inLanguage\":\"en-GB\",\"@id\":\"https:\/\/centcols.org\/raduno-italiano-28-29-mai-2022\/#primaryimage\",\"url\":\"https:\/\/centcols.org\/wp-content\/uploads\/2021\/11\/Lago_Pistono_3.jpg\",\"contentUrl\":\"https:\/\/centcols.org\/wp-content\/uploads\/2021\/11\/Lago_Pistono_3.jpg\",\"width\":900,\"height\":506},{\"@type\":\"BreadcrumbList\",\"@id\":\"https:\/\/centcols.org\/raduno-italiano-28-29-mai-2022\/#breadcrumb\",\"itemListElement\":[{\"@type\":\"ListItem\",\"position\":1,\"name\":\"Accueil\",\"item\":\"https:\/\/centcols.org\/\"},{\"@type\":\"ListItem\",\"position\":2,\"name\":\"Calendrier\",\"item\":\"https:\/\/centcols.org\/rubrique\/calendrier\/\"},{\"@type\":\"ListItem\",\"position\":3,\"name\":\"Raduno italiano, 28-29 mai 2022\"}]},{\"@type\":\"WebSite\",\"@id\":\"https:\/\/centcols.org\/#website\",\"url\":\"https:\/\/centcols.org\/\",\"name\":\"Club des Cent Cols\",\"description\":\"\",\"publisher\":{\"@id\":\"https:\/\/centcols.org\/#organization\"},\"potentialAction\":[{\"@type\":\"SearchAction\",\"target\":{\"@type\":\"EntryPoint\",\"urlTemplate\":\"https:\/\/centcols.org\/?s={search_term_string}\"},\"query-input\":{\"@type\":\"PropertyValueSpecification\",\"valueRequired\":true,\"valueName\":\"search_term_string\"}}],\"inLanguage\":\"en-GB\"},{\"@type\":\"Organization\",\"@id\":\"https:\/\/centcols.org\/#organization\",\"name\":\"Club des Cent Cols\",\"url\":\"https:\/\/centcols.org\/\",\"logo\":{\"@type\":\"ImageObject\",\"inLanguage\":\"en-GB\",\"@id\":\"https:\/\/centcols.org\/#\/schema\/logo\/image\/\",\"url\":\"https:\/\/centcols.org\/wp-content\/uploads\/2025\/01\/carte-icone.png\",\"contentUrl\":\"https:\/\/centcols.org\/wp-content\/uploads\/2025\/01\/carte-icone.png\",\"width\":250,\"height\":250,\"caption\":\"Club des Cent Cols\"},\"image\":{\"@id\":\"https:\/\/centcols.org\/#\/schema\/logo\/image\/\"},\"sameAs\":[\"https:\/\/www.facebook.com\/groups\/5261880558\/?locale=fr_FR\"]},{\"@type\":\"Person\",\"@id\":\"https:\/\/centcols.org\/#\/schema\/person\/86c3ec6889d88501a29fccac614bebf8\",\"name\":\"Enrico Alberini\",\"image\":{\"@type\":\"ImageObject\",\"inLanguage\":\"en-GB\",\"@id\":\"https:\/\/centcols.org\/wp-content\/litespeed\/avatar\/1b26e36a18d85acc8b0f860f9628213f.jpg?ver=1777240766\",\"url\":\"https:\/\/centcols.org\/wp-content\/litespeed\/avatar\/1b26e36a18d85acc8b0f860f9628213f.jpg?ver=1777240766\",\"contentUrl\":\"https:\/\/centcols.org\/wp-content\/litespeed\/avatar\/1b26e36a18d85acc8b0f860f9628213f.jpg?ver=1777240766\",\"caption\":\"Enrico Alberini\"},\"url\":\"https:\/\/centcols.org\/en\/author\/5065\/\"}]}<\/script>\n<!-- \/ Yoast SEO plugin. -->","yoast_head_json":{"title":"Raduno italiano, 28-29 May 2022 - Club des Cent Cols","robots":{"index":"index","follow":"follow","max-snippet":"max-snippet:-1","max-image-preview":"max-image-preview:large","max-video-preview":"max-video-preview:-1"},"canonical":"https:\/\/centcols.org\/en\/raduno-italiano-28-29-may-2022\/","og_locale":"en_GB","og_type":"article","og_title":"Raduno italiano, 28-29 mai 2022 - Club des Cent Cols","og_description":"Le rassemblement italien aura lieu les 28 et 29 mai 2022 \u00e0 Romano Canavese &#8211; Laghi d&rsquo;Ivrea (TO). [osm_map_v3 map_center=\u00a0\u00bb45.4176,7.8821&Prime; zoom=\u00a0\u00bb14.0&Prime; width=\u00a0\u00bb95%\u00a0\u00bb height=\u00a0\u00bb450&Prime; map_border=\u00a0\u00bbthin solid blue\u00a0\u00bb post_markers=\u00a0\u00bb1&Prime; control=\u00a0\u00bbfullscreen,scaleline,mouseposition,overview\u00a0\u00bb bckgrndimg=\u00a0\u00bbGDPR_bckgrnd.png\u00a0\u00bb ] H\u00d4TEL GARDENIA SRLRegione Poarello 1110090 &#8211; ROMANO CANAVESE (TO) T\u00e9l. +39 0125-631095mail: &#x69;&#x6e;&#x66;&#x6f;&#x40;&#x68;&#103;&#97;&#114;&#100;enia&#x2e;&#x63;&#x6f;&#x6d;Sito web: https:\/\/www.hgardenia.com\/ Prix :Chambre double, pour 2 personnes : 70,00 \u20ac.chambre double [&hellip;]","og_url":"https:\/\/centcols.org\/en\/raduno-italiano-28-29-may-2022\/","og_site_name":"Club des Cent Cols","article_publisher":"https:\/\/www.facebook.com\/groups\/5261880558\/?locale=fr_FR","article_published_time":"2021-11-30T14:10:00+00:00","article_modified_time":"2025-09-14T07:16:18+00:00","og_image":[{"width":900,"height":506,"url":"https:\/\/centcols.org\/wp-content\/uploads\/2021\/11\/Lago_Pistono_3.jpg","type":"image\/jpeg"}],"author":"Enrico Alberini","twitter_card":"summary_large_image","twitter_misc":{"Written by":"Enrico Alberini","Estimated reading time":"1 minute"},"schema":{"@context":"https:\/\/schema.org","@graph":[{"@type":"Article","@id":"https:\/\/centcols.org\/raduno-italiano-28-29-mai-2022\/#article","isPartOf":{"@id":"https:\/\/centcols.org\/raduno-italiano-28-29-mai-2022\/"},"author":{"name":"Enrico Alberini","@id":"https:\/\/centcols.org\/#\/schema\/person\/86c3ec6889d88501a29fccac614bebf8"},"headline":"Raduno italiano, 28-29 mai 2022","datePublished":"2021-11-30T14:10:00+00:00","dateModified":"2025-09-14T07:16:18+00:00","mainEntityOfPage":{"@id":"https:\/\/centcols.org\/raduno-italiano-28-29-mai-2022\/"},"wordCount":138,"publisher":{"@id":"https:\/\/centcols.org\/#organization"},"image":{"@id":"https:\/\/centcols.org\/raduno-italiano-28-29-mai-2022\/#primaryimage"},"thumbnailUrl":"https:\/\/centcols.org\/wp-content\/uploads\/2021\/11\/Lago_Pistono_3.jpg","articleSection":["2022-rassemblements","Calendrier","Rencontres r\u00e9gionales"],"inLanguage":"en-GB"},{"@type":"WebPage","@id":"https:\/\/centcols.org\/raduno-italiano-28-29-mai-2022\/","url":"https:\/\/centcols.org\/raduno-italiano-28-29-mai-2022\/","name":"Raduno italiano, 28-29 May 2022 - Club des Cent Cols","isPartOf":{"@id":"https:\/\/centcols.org\/#website"},"primaryImageOfPage":{"@id":"https:\/\/centcols.org\/raduno-italiano-28-29-mai-2022\/#primaryimage"},"image":{"@id":"https:\/\/centcols.org\/raduno-italiano-28-29-mai-2022\/#primaryimage"},"thumbnailUrl":"https:\/\/centcols.org\/wp-content\/uploads\/2021\/11\/Lago_Pistono_3.jpg","datePublished":"2021-11-30T14:10:00+00:00","dateModified":"2025-09-14T07:16:18+00:00","breadcrumb":{"@id":"https:\/\/centcols.org\/raduno-italiano-28-29-mai-2022\/#breadcrumb"},"inLanguage":"en-GB","potentialAction":[{"@type":"ReadAction","target":["https:\/\/centcols.org\/raduno-italiano-28-29-mai-2022\/"]}]},{"@type":"ImageObject","inLanguage":"en-GB","@id":"https:\/\/centcols.org\/raduno-italiano-28-29-mai-2022\/#primaryimage","url":"https:\/\/centcols.org\/wp-content\/uploads\/2021\/11\/Lago_Pistono_3.jpg","contentUrl":"https:\/\/centcols.org\/wp-content\/uploads\/2021\/11\/Lago_Pistono_3.jpg","width":900,"height":506},{"@type":"BreadcrumbList","@id":"https:\/\/centcols.org\/raduno-italiano-28-29-mai-2022\/#breadcrumb","itemListElement":[{"@type":"ListItem","position":1,"name":"Accueil","item":"https:\/\/centcols.org\/"},{"@type":"ListItem","position":2,"name":"Calendrier","item":"https:\/\/centcols.org\/rubrique\/calendrier\/"},{"@type":"ListItem","position":3,"name":"Raduno italiano, 28-29 mai 2022"}]},{"@type":"WebSite","@id":"https:\/\/centcols.org\/#website","url":"https:\/\/centcols.org\/","name":"Club des Cent Cols","description":"","publisher":{"@id":"https:\/\/centcols.org\/#organization"},"potentialAction":[{"@type":"SearchAction","target":{"@type":"EntryPoint","urlTemplate":"https:\/\/centcols.org\/?s={search_term_string}"},"query-input":{"@type":"PropertyValueSpecification","valueRequired":true,"valueName":"search_term_string"}}],"inLanguage":"en-GB"},{"@type":"Organization","@id":"https:\/\/centcols.org\/#organization","name":"Club des Cent Cols","url":"https:\/\/centcols.org\/","logo":{"@type":"ImageObject","inLanguage":"en-GB","@id":"https:\/\/centcols.org\/#\/schema\/logo\/image\/","url":"https:\/\/centcols.org\/wp-content\/uploads\/2025\/01\/carte-icone.png","contentUrl":"https:\/\/centcols.org\/wp-content\/uploads\/2025\/01\/carte-icone.png","width":250,"height":250,"caption":"Club des Cent Cols"},"image":{"@id":"https:\/\/centcols.org\/#\/schema\/logo\/image\/"},"sameAs":["https:\/\/www.facebook.com\/groups\/5261880558\/?locale=fr_FR"]},{"@type":"Person","@id":"https:\/\/centcols.org\/#\/schema\/person\/86c3ec6889d88501a29fccac614bebf8","name":"Enrico Alberini","image":{"@type":"ImageObject","inLanguage":"en-GB","@id":"https:\/\/centcols.org\/wp-content\/litespeed\/avatar\/1b26e36a18d85acc8b0f860f9628213f.jpg?ver=1777240766","url":"https:\/\/centcols.org\/wp-content\/litespeed\/avatar\/1b26e36a18d85acc8b0f860f9628213f.jpg?ver=1777240766","contentUrl":"https:\/\/centcols.org\/wp-content\/litespeed\/avatar\/1b26e36a18d85acc8b0f860f9628213f.jpg?ver=1777240766","caption":"Enrico Alberini"},"url":"https:\/\/centcols.org\/en\/author\/5065\/"}]}},"_links":{"self":[{"href":"https:\/\/centcols.org\/en\/wp-json\/wp\/v2\/posts\/82322","targetHints":{"allow":["GET"]}}],"collection":[{"href":"https:\/\/centcols.org\/en\/wp-json\/wp\/v2\/posts"}],"about":[{"href":"https:\/\/centcols.org\/en\/wp-json\/wp\/v2\/types\/post"}],"author":[{"embeddable":true,"href":"https:\/\/centcols.org\/en\/wp-json\/wp\/v2\/users\/58"}],"replies":[{"embeddable":true,"href":"https:\/\/centcols.org\/en\/wp-json\/wp\/v2\/comments?post=82322"}],"version-history":[{"count":0,"href":"https:\/\/centcols.org\/en\/wp-json\/wp\/v2\/posts\/82322\/revisions"}],"wp:featuredmedia":[{"embeddable":true,"href":"https:\/\/centcols.org\/en\/wp-json\/wp\/v2\/media\/84394"}],"wp:attachment":[{"href":"https:\/\/centcols.org\/en\/wp-json\/wp\/v2\/media?parent=82322"}],"wp:term":[{"taxonomy":"category","embeddable":true,"href":"https:\/\/centcols.org\/en\/wp-json\/wp\/v2\/categories?post=82322"},{"taxonomy":"post_tag","embeddable":true,"href":"https:\/\/centcols.org\/en\/wp-json\/wp\/v2\/tags?post=82322"}],"curies":[{"name":"wp","href":"https:\/\/api.w.org\/{rel}","templated":true}]}}