{"id":82339,"date":"2022-05-27T14:36:28","date_gmt":"2022-05-27T12:36:28","guid":{"rendered":"https:\/\/centcols.org\/sejour-dautomne-et-assemblee-generale-pour-le-50-ieme-anniversaire-de-la-confrerie-a-annecy-haute-savoie-du-04-au-06-novembre-2022\/"},"modified":"2025-09-14T06:32:25","modified_gmt":"2025-09-14T04:32:25","slug":"ag-2022-annecy","status":"publish","type":"post","link":"https:\/\/centcols.org\/en\/ag-2022-annecy\/","title":{"rendered":"Autumn break and general meeting for the 50th anniversary of the brotherhood in Annecy (Haute Savoie), from 04 to 06 November 2022"},"content":{"rendered":"<blockquote class=\"wp-block-quote is-layout-flow wp-block-quote-is-layout-flow\">\n<p><span style=\"color: #808080;\">IT managers Enrico Alberini, Jean-Luc Matte and Christophe Badonnel contributed to this page presenting the trip.<\/span><\/p>\n<\/blockquote>\n\n\n\n<h2 class=\"wp-block-heading\">Echoes :<\/h2>\n\n\n\n<div class=\"wp-block-columns is-layout-flex wp-container-core-columns-is-layout-9d6595d7 wp-block-columns-is-layout-flex\">\n<div class=\"wp-block-column is-layout-flow wp-block-column-is-layout-flow\">\n<p><a href=\"https:\/\/centcols.org\/en\/cr-ag-2022-annecy\/\" target=\"_blank\" rel=\"noreferrer noopener\">Report<\/a><br><a href=\"https:\/\/centcols.org\/en\/general-meeting-5-november-2022-pierre-mais-photo-album\/\" target=\"_blank\" rel=\"noreferrer noopener\">Pierre Mai's photo album<\/a><\/p>\n<\/div>\n\n\n\n<div class=\"wp-block-column is-layout-flow wp-block-column-is-layout-flow\">\n<p><a href=\"https:\/\/centcols.org\/en\/tables-at-the-dinner-following-the-general-meeting-5-november-2022\/\" target=\"_blank\" rel=\"noreferrer noopener\">Tables at the dinner after the General Meeting<\/a><br><a href=\"https:\/\/love-velo.fr\/ag-du-cinquantenaire-du-club-des-cent-cols-2022\/\">The AGM on Guy Garcin's blog<\/a><\/p>\n<\/div>\n<\/div>\n\n\n\n<p><span style=\"color: #000000;\">You will find the headings below:<\/span><\/p>\n\n\n\n<ul class=\"wp-block-list\">\n<li><span style=\"color: #000000;\">Introduction to the region<\/span><\/li>\n\n\n\n<li>The programme<\/li>\n\n\n\n<li><span style=\"color: #000000;\">Hosting<\/span><\/li>\n\n\n\n<li><span style=\"color: #000000;\">Note from the Board of Directors<\/span><\/li>\n\n\n\n<li><span style=\"color: #000000;\">Registrations<\/span><\/li>\n\n\n\n<li><span style=\"color: #000000;\">General Meeting of the Club des Cent Cols<\/span><\/li>\n\n\n\n<li>Presentation of diplomas and certificates<\/li>\n<\/ul>\n\n\n\n<h2 class=\"wp-block-heading\">Introduction to the region :<\/h2>\n\n\n\n<p>After 2012 and 2017, Haute-Savoie will once again be welcoming us for the Club des Cent Cols autumn break. We'll be staying at a Cap France establishment, \"Les Balcons du Lac\", in the hills above Sevrier, overlooking Lake Annecy. 2022 is a special year because our Confr\u00e9rie will be celebrating its 50th anniversary. <a href=\"https:\/\/centcols.org\/wp-content\/uploads\/2025\/08\/Edito-Jean-Perdoux.pdf\" target=\"_blank\" rel=\"noreferrer noopener\">Fifty years of passion, fifty years of friendship<\/a> On the heights of the purest lake in Europe, the holiday village is an ideal base from which to discover the Haute-Savoie region. Between the lake and the mountains, Annecy's historic medieval centre is an invitation to stroll and discover. With its cobbled streets, colourful buildings and emblematic edifices, the Venice of the Alps is a city rich in heritage. Along Annecy's canals, lined with elegant 17th-century mansions, you can discover the riches of the past. The lake invites you to discover its nature reserves, rich in local flora and fauna. On the Roc de Ch\u00e8re, a promontory overlooking the lake, take a family walk and discover the many different species of trees. Half an hour's drive away, discover the unique panorama of the Semnoz, with its 360\u00b0 views of the Northern Alps and the Jura. During a half-day excursion, you can also discover the typical small villages and local crafts, not forgetting the local cheese \"la tome des Bauges\". On the shores of Lake Annecy, take advantage of over 40 km of cycle paths to discover the region's hamlets and beaches.<\/p>\n\n\n\n<h2 class=\"wp-block-heading\">The Programme<\/h2>\n\n\n\n<p><strong>Saturday<\/strong> Visit the Paccard Museum from 09:00 to 11:00 Founded in 1796, the Paccard Foundry is an institution in Savoie's industrial heritage. The Paccard family reveals the secrets of their ancestral know-how. Enter the world of the bell founders; the enchantment of burning metal, manufacturing techniques from Antiquity to the present day. A guided tour of the foundry workshops, including a short film on one of the world records held by the company, and a demonstration of the electronic carillon. <a href=\"https:\/\/musee-paccard.com\/\" target=\"_blank\" rel=\"noreferrer noopener\">Website<\/a> The festive dinner will be followed by a musical evening hosted by a duo from the group Odys\u00e9e. <strong>Sunday<\/strong> clockwise around Lake Annecy on the cycle path, meeting in front of Sevrier church at 9am.<\/p>\n\n\n\n<figure class=\"wp-block-image size-full\"><img loading=\"lazy\" decoding=\"async\" width=\"1365\" height=\"1024\" src=\"https:\/\/centcols.org\/wp-content\/uploads\/2025\/08\/IMG_20210927_091815.jpg\" alt=\"\" class=\"wp-image-88516\" srcset=\"https:\/\/centcols.org\/wp-content\/uploads\/2025\/08\/IMG_20210927_091815.jpg 1365w, https:\/\/centcols.org\/wp-content\/uploads\/2025\/08\/IMG_20210927_091815-1200x900.jpg 1200w, https:\/\/centcols.org\/wp-content\/uploads\/2025\/08\/IMG_20210927_091815-768x576.jpg 768w\" sizes=\"auto, (max-width: 1365px) 100vw, 1365px\" \/><\/figure>\n\n\n\n<h2 class=\"wp-block-heading\"><a href=\"https:\/\/centcols.org\/en\/membres\/cctours\/tours.php\/?lieu=Annecy&amp;an=2022\" target=\"_blank\" rel=\"noreferrer noopener\">Tours<\/a><\/h2>\n\n\n\n<h4 class=\"wp-block-heading\"><a href=\"https:\/\/centcols.org\/en\/membres\/cctours\/tours.php\/?lieu=Annecy&amp;an=2022&amp;genre=R\" target=\"_blank\" rel=\"noreferrer noopener\">Road routes<\/a><\/h4>\n\n\n\n<h4 class=\"wp-block-heading\"><a href=\"https:\/\/centcols.org\/en\/membres\/cctours\/tours.php\/?lieu=Annecy&amp;an=2022&amp;genre=V\" target=\"_blank\" rel=\"noreferrer noopener\">Mountain bike routes<\/a><\/h4>\n\n\n\n<h2 class=\"wp-block-heading\">Hosting<\/h2>\n\n\n\n<p>In the heart of Haute-Savoie, in the Parc Naturel R\u00e9gional des Bauges, the holiday village \"les Balcons du lac\" enjoys a privileged location. Situated in Sevrier, 8 km from Annecy on the Col de Leschaux road, known as the \"Little Venice of Savoy\", the village overlooks Lake Annecy and its mountain setting. The panoramic lounge and restaurant offer a 180\u00b0 view of the lake and the mountains of northern Haute-Savoie. The hotel underwent major renovation work before Covid. Les Balcons du Lac d'Annecy - 1487 Route de Cessenaz - 74320 Sevrier Tel: +33 (0)4 50 52 44 25 <a href=\"https:\/\/www.neaclub.com\/les-balcons-du-lac-annecy-sevrier\/\" target=\"_blank\" rel=\"noreferrer noopener\">Website<\/a><a href=\"https:\/\/centcols.org\/en\/img_20210927_133954\/\"><\/a> Christophe Badonnel le bar <a href=\"https:\/\/centcols.org\/en\/img_20210927_125708\/\"><\/a> Christophe Badonnel the restaurant<\/p>\n\n\n\n<div class=\"wp-block-columns is-layout-flex wp-container-core-columns-is-layout-9d6595d7 wp-block-columns-is-layout-flex\">\n<div class=\"wp-block-column is-layout-flow wp-block-column-is-layout-flow\" style=\"flex-basis:66.66%\">\n<div style=\"height:40px\" aria-hidden=\"true\" class=\"wp-block-spacer\"><\/div>\n\n\n\n<figure class=\"wp-block-gallery has-nested-images columns-default is-cropped wp-block-gallery-1 is-layout-flex wp-block-gallery-is-layout-flex\">\n<figure class=\"wp-block-image size-full\"><a href=\"https:\/\/centcols.org\/wp-content\/uploads\/2025\/08\/IMG_20210927_133954.jpg\"><img loading=\"lazy\" decoding=\"async\" width=\"1365\" height=\"1024\" data-id=\"88518\" src=\"https:\/\/centcols.org\/wp-content\/uploads\/2025\/08\/IMG_20210927_133954.jpg\" alt=\"\" class=\"wp-image-88518\" srcset=\"https:\/\/centcols.org\/wp-content\/uploads\/2025\/08\/IMG_20210927_133954.jpg 1365w, https:\/\/centcols.org\/wp-content\/uploads\/2025\/08\/IMG_20210927_133954-1200x900.jpg 1200w, https:\/\/centcols.org\/wp-content\/uploads\/2025\/08\/IMG_20210927_133954-768x576.jpg 768w\" sizes=\"auto, (max-width: 1365px) 100vw, 1365px\" \/><\/a><figcaption class=\"wp-element-caption\">Christophe Badonnel le bar<\/figcaption><\/figure>\n\n\n\n<figure class=\"wp-block-image size-full\"><a href=\"https:\/\/centcols.org\/wp-content\/uploads\/2025\/08\/IMG_20210927_125708.jpg\"><img loading=\"lazy\" decoding=\"async\" width=\"1365\" height=\"1024\" data-id=\"88520\" src=\"https:\/\/centcols.org\/wp-content\/uploads\/2025\/08\/IMG_20210927_125708.jpg\" alt=\"\" class=\"wp-image-88520\" srcset=\"https:\/\/centcols.org\/wp-content\/uploads\/2025\/08\/IMG_20210927_125708.jpg 1365w, https:\/\/centcols.org\/wp-content\/uploads\/2025\/08\/IMG_20210927_125708-1200x900.jpg 1200w, https:\/\/centcols.org\/wp-content\/uploads\/2025\/08\/IMG_20210927_125708-768x576.jpg 768w\" sizes=\"auto, (max-width: 1365px) 100vw, 1365px\" \/><\/a><figcaption class=\"wp-element-caption\">Christophe Badonnel the restaurant<\/figcaption><\/figure>\n<\/figure>\n\n\n\n<p>You will be staying in a twin-bedded room equipped with a television and hairdryer. Beds are made on arrival and towels are provided. Single occupancy is possible subject to availability (at an additional cost).<\/p>\n<\/div>\n\n\n\n<div class=\"wp-block-column is-layout-flow wp-block-column-is-layout-flow\" style=\"flex-basis:33.33%\">\n<h2 class=\"wp-block-heading has-text-align-center\">Note from the Board of Directors<\/h2>\n\n\n\n<p>If you arrange your accommodation elsewhere than at the holiday village, please let us know that you will be taking part in the holiday, for 3 reasons:<\/p>\n\n\n\n<ol class=\"wp-block-list\">\n<li>To facilitate the organisation of this event (adjustment of services: welcome drinks, presentation of special 50th birthday gifts).<\/li>\n\n\n\n<li>To be able to split up into several groups on the routes to improve safety for everyone.<\/li>\n\n\n\n<li>To help organisers deal with any unforeseen events.<\/li>\n<\/ol>\n<\/div>\n<\/div>\n\n\n\n<h2 class=\"wp-block-heading\">Registrations<\/h2>\n\n\n\n<p>To register, download the PDF registration form from the link below and follow the instructions therein. Please note that the registration form available on the Club's website includes <strong>four pages<\/strong> You will also need to sign the terms and conditions of the Gritchen insurance policy. If you are planning to be accompanied by your partner, make sure you register him\/her as an associate member with your Territorial Delegate beforehand, and don't forget to enter his\/her associate membership number in the appropriate box. If, and only if, a participant does not have an FFCT licence, the compulsory insurance of \u20ac1 per day must be taken out in addition. <strong>Depending on when you arrive and when you leave, the package is different:<\/strong><\/p>\n\n\n\n<ul class=\"wp-block-list\">\n<li>If you arrive on Friday for dinner and leave on Sunday after lunch, you take the 165 euro package.<\/li>\n\n\n\n<li>If you arrive on Saturday for dinner and leave on Sunday after lunch, you take the \u20ac89 package.<\/li>\n\n\n\n<li>If you arrive on Saturday for dinner and leave on Sunday after breakfast, you take the half-board package at 79 euros.<\/li>\n\n\n\n<li>If you are coming without accommodation (either an overnight stay or accommodation on your own), you can register for meals: lunch and dinner at 20.50 euros. The improved Saturday evening meal is 33 euros.<\/li>\n\n\n\n<li>Visit the Paccard Museum on Saturday mornings for 11 euros.<\/li>\n<\/ul>\n\n\n\n<p>For early arrival requests, please contact the booking office directly: Tel: +33 (0)4 50 52 61 51. You can pay the registration fee <strong>by cheque or bank transfer<\/strong> to the Club's account. In view of the additional fees charged by the organisation that manages it, we do not accept payment by PayPal. <strong>Assigning members<\/strong> payments are made in the order in which the cheque is sent or the transfer is made. For the former, the postmark will be taken as proof, for the latter, please send us a copy of the transfer order. If the holiday is full, a waiting list will be set up, which will operate according to the same priority allocation rules as for direct registrations. <strong>Trombinoscope :<\/strong> If you have not yet provided your photo for the <strong>directory <\/strong>and would like to be included, please tick the appropriate box and send us a photo in JPG format by e-mail. From <strong>further information<\/strong> will be posted later on the website, which you can consult regularly. Each time, the person in charge of the trips will send a short e-mail to the mailing list. If you would like to receive these emails, please send them to <strong>subscribe to the mailing list<\/strong>if you haven't already done so. <strong>If you have any questions<\/strong> Don't hesitate to call the person in charge of the holiday: +33 6 78 87 33 67.<\/p>\n\n\n\n<h3 class=\"wp-block-heading\">Download the newsletter<\/h3>\n\n\n\n<ul class=\"wp-block-list\">\n<li>Annecy en fran\u00e7ais Registration Form<\/li>\n\n\n\n<li>Booking form Annecy in English<\/li>\n\n\n\n<li>Modulo d'iscrizione Annecy in italiano<\/li>\n<\/ul>\n\n\n\n<p>The deadline for receipt of entries is<strong> :<\/strong><\/p>\n\n\n\n<p><strong>02 September 2022 for people taking accommodation.<\/strong><\/p>\n\n\n\n<p><strong>04 October 2022 for those taking a meal, visiting the Paccard Museum and attending the General Meeting only<\/strong><\/p>\n\n\n\n<h2 class=\"wp-block-heading\">Annual General Meeting of the Club des Cent Cols<\/h2>\n\n\n\n<p>The Annual General Meeting will be held at the Imp\u00e9rial Palace on the banks of the lake. It will take place from 2.30 pm on Saturday 05 November 2022 in the Salle de l'Europe. It will be followed by an aperitif. For more details, go to the General Meeting page. The notice of meeting and the statutory documents will be sent out as usual via a Cent Cols newsletter in October and will also be available on the website.<\/p>\n\n\n\n<h2 class=\"wp-block-heading\">Presentation of diplomas and certificates<\/h2>\n\n\n\n<p>If you have passed a milestone (500 cols, 1000 cols, etc...) or completed a brevet des cols routiers, you will need to ask Nadine Giraudeau for the diploma and Bernard Giraudeau for the brevet. The presentation will take place on the evening of Friday 04 November in the presence of our founding president, Jean Perdoux. At the AGM, those who have completed the Jean Perdoux challenge will be presented with their brevet, and our member no. 8000, Christophe Marchal, who rides handbikes at a high level, will receive his diploma.<\/p>","protected":false},"excerpt":{"rendered":"<p>Ont contribu\u00e9 \u00e0 cette page de pr\u00e9sentation du s\u00e9jour les responsables informatiques, Enrico Alberini, Jean-Luc Matte et Christophe Badonnel Les \u00e9chos : Compte-renduL\u2019album photo de Pierre Mai Les tables au d\u00eener apr\u00e8s l\u2019Assembl\u00e9e g\u00e9n\u00e9raleL\u2019AG sur le blog de Guy Garcin Vous trouverez ci-dessous les rubriques : Pr\u00e9sentation de la r\u00e9gion : Apr\u00e8s 2012 et 2017, [&hellip;]<\/p>\n","protected":false},"author":64,"featured_media":0,"comment_status":"closed","ping_status":"closed","sticky":false,"template":"","format":"standard","meta":{"_acf_changed":false,"footnotes":""},"categories":[373,349,367,374,231],"tags":[],"class_list":["post-82339","post","type-post","status-publish","format-standard","hentry","category-alpes-francaises-du-nord-massif-sejours","category-france-pays-sejours","category-auvergne-rhone-alpes-region-sejours","category-74-haute-savoie","category-sejours"],"acf":[],"yoast_head":"<!-- This site is optimized with the Yoast SEO plugin v27.2 - https:\/\/yoast.com\/product\/yoast-seo-wordpress\/ -->\n<title>S\u00e9jour d&#039;automne et assembl\u00e9e g\u00e9n\u00e9rale pour le 50 i\u00e8me anniversaire de la confr\u00e9rie \u00e0 Annecy (Haute Savoie), du 04 au 06 novembre 2022 - Club des Cent Cols<\/title>\n<meta name=\"robots\" content=\"index, follow, max-snippet:-1, max-image-preview:large, max-video-preview:-1\" \/>\n<link rel=\"canonical\" href=\"https:\/\/centcols.org\/en\/ag-2022-annecy\/\" \/>\n<meta property=\"og:locale\" content=\"en_GB\" \/>\n<meta property=\"og:type\" content=\"article\" \/>\n<meta property=\"og:title\" content=\"S\u00e9jour d&#039;automne et assembl\u00e9e g\u00e9n\u00e9rale pour le 50 i\u00e8me anniversaire de la confr\u00e9rie \u00e0 Annecy (Haute Savoie), du 04 au 06 novembre 2022 - Club des Cent Cols\" \/>\n<meta property=\"og:description\" content=\"Ont contribu\u00e9 \u00e0 cette page de pr\u00e9sentation du s\u00e9jour les responsables informatiques, Enrico Alberini, Jean-Luc Matte et Christophe Badonnel Les \u00e9chos : Compte-renduL\u2019album photo de Pierre Mai Les tables au d\u00eener apr\u00e8s l\u2019Assembl\u00e9e g\u00e9n\u00e9raleL\u2019AG sur le blog de Guy Garcin Vous trouverez ci-dessous les rubriques : Pr\u00e9sentation de la r\u00e9gion : Apr\u00e8s 2012 et 2017, [&hellip;]\" \/>\n<meta property=\"og:url\" content=\"https:\/\/centcols.org\/en\/ag-2022-annecy\/\" \/>\n<meta property=\"og:site_name\" content=\"Club des Cent Cols\" \/>\n<meta property=\"article:publisher\" content=\"https:\/\/www.facebook.com\/groups\/5261880558\/?locale=fr_FR\" \/>\n<meta property=\"article:published_time\" content=\"2022-05-27T12:36:28+00:00\" \/>\n<meta property=\"article:modified_time\" content=\"2025-09-14T04:32:25+00:00\" \/>\n<meta property=\"og:image\" content=\"https:\/\/centcols.org\/wp-content\/uploads\/2025\/08\/IMG_20210927_091815.jpg\" \/>\n\t<meta property=\"og:image:width\" content=\"1365\" \/>\n\t<meta property=\"og:image:height\" content=\"1024\" \/>\n\t<meta property=\"og:image:type\" content=\"image\/jpeg\" \/>\n<meta name=\"author\" content=\"Christophe Badonnel\" \/>\n<meta name=\"twitter:card\" content=\"summary_large_image\" \/>\n<meta name=\"twitter:label1\" content=\"Written by\" \/>\n\t<meta name=\"twitter:data1\" content=\"Christophe Badonnel\" \/>\n\t<meta name=\"twitter:label2\" content=\"Estimated reading time\" \/>\n\t<meta name=\"twitter:data2\" content=\"8 minutes\" \/>\n<script type=\"application\/ld+json\" class=\"yoast-schema-graph\">{\"@context\":\"https:\/\/schema.org\",\"@graph\":[{\"@type\":\"Article\",\"@id\":\"https:\/\/centcols.org\/ag-2022-annecy\/#article\",\"isPartOf\":{\"@id\":\"https:\/\/centcols.org\/ag-2022-annecy\/\"},\"author\":{\"name\":\"Christophe Badonnel\",\"@id\":\"https:\/\/centcols.org\/#\/schema\/person\/5c1a9d61132fb33ccec149272abff6e1\"},\"headline\":\"S\u00e9jour d&rsquo;automne et assembl\u00e9e g\u00e9n\u00e9rale pour le 50 i\u00e8me anniversaire de la confr\u00e9rie \u00e0 Annecy (Haute Savoie), du 04 au 06 novembre 2022\",\"datePublished\":\"2022-05-27T12:36:28+00:00\",\"dateModified\":\"2025-09-14T04:32:25+00:00\",\"mainEntityOfPage\":{\"@id\":\"https:\/\/centcols.org\/ag-2022-annecy\/\"},\"wordCount\":1598,\"publisher\":{\"@id\":\"https:\/\/centcols.org\/#organization\"},\"image\":{\"@id\":\"https:\/\/centcols.org\/ag-2022-annecy\/#primaryimage\"},\"thumbnailUrl\":\"https:\/\/centcols.org\/wp-content\/uploads\/2025\/08\/IMG_20210927_091815.jpg\",\"articleSection\":[\"Alpes fran\u00e7aises du Nord\",\"France\",\"Auvergne-Rh\u00f4ne-Alpes\",\"74-Haute-Savoie\",\"S\u00e9jours du Club des Cent Cols\"],\"inLanguage\":\"en-GB\"},{\"@type\":\"WebPage\",\"@id\":\"https:\/\/centcols.org\/ag-2022-annecy\/\",\"url\":\"https:\/\/centcols.org\/ag-2022-annecy\/\",\"name\":\"S\u00e9jour d'automne et assembl\u00e9e g\u00e9n\u00e9rale pour le 50 i\u00e8me anniversaire de la confr\u00e9rie \u00e0 Annecy (Haute Savoie), du 04 au 06 novembre 2022 - Club des Cent Cols\",\"isPartOf\":{\"@id\":\"https:\/\/centcols.org\/#website\"},\"primaryImageOfPage\":{\"@id\":\"https:\/\/centcols.org\/ag-2022-annecy\/#primaryimage\"},\"image\":{\"@id\":\"https:\/\/centcols.org\/ag-2022-annecy\/#primaryimage\"},\"thumbnailUrl\":\"https:\/\/centcols.org\/wp-content\/uploads\/2025\/08\/IMG_20210927_091815.jpg\",\"datePublished\":\"2022-05-27T12:36:28+00:00\",\"dateModified\":\"2025-09-14T04:32:25+00:00\",\"breadcrumb\":{\"@id\":\"https:\/\/centcols.org\/ag-2022-annecy\/#breadcrumb\"},\"inLanguage\":\"en-GB\",\"potentialAction\":[{\"@type\":\"ReadAction\",\"target\":[\"https:\/\/centcols.org\/ag-2022-annecy\/\"]}]},{\"@type\":\"ImageObject\",\"inLanguage\":\"en-GB\",\"@id\":\"https:\/\/centcols.org\/ag-2022-annecy\/#primaryimage\",\"url\":\"https:\/\/centcols.org\/wp-content\/uploads\/2025\/08\/IMG_20210927_091815.jpg\",\"contentUrl\":\"https:\/\/centcols.org\/wp-content\/uploads\/2025\/08\/IMG_20210927_091815.jpg\"},{\"@type\":\"BreadcrumbList\",\"@id\":\"https:\/\/centcols.org\/ag-2022-annecy\/#breadcrumb\",\"itemListElement\":[{\"@type\":\"ListItem\",\"position\":1,\"name\":\"Accueil\",\"item\":\"https:\/\/centcols.org\/\"},{\"@type\":\"ListItem\",\"position\":2,\"name\":\"S\u00e9jours du Club des Cent Cols\",\"item\":\"https:\/\/centcols.org\/rubrique\/sejours\/\"},{\"@type\":\"ListItem\",\"position\":3,\"name\":\"Pays\",\"item\":\"https:\/\/centcols.org\/rubrique\/sejours\/pays-sejours\/\"},{\"@type\":\"ListItem\",\"position\":4,\"name\":\"France\",\"item\":\"https:\/\/centcols.org\/rubrique\/sejours\/pays-sejours\/france-pays-sejours\/\"},{\"@type\":\"ListItem\",\"position\":5,\"name\":\"S\u00e9jour d&rsquo;automne et assembl\u00e9e g\u00e9n\u00e9rale pour le 50 i\u00e8me anniversaire de la confr\u00e9rie \u00e0 Annecy (Haute Savoie), du 04 au 06 novembre 2022\"}]},{\"@type\":\"WebSite\",\"@id\":\"https:\/\/centcols.org\/#website\",\"url\":\"https:\/\/centcols.org\/\",\"name\":\"Club des Cent Cols\",\"description\":\"\",\"publisher\":{\"@id\":\"https:\/\/centcols.org\/#organization\"},\"potentialAction\":[{\"@type\":\"SearchAction\",\"target\":{\"@type\":\"EntryPoint\",\"urlTemplate\":\"https:\/\/centcols.org\/?s={search_term_string}\"},\"query-input\":{\"@type\":\"PropertyValueSpecification\",\"valueRequired\":true,\"valueName\":\"search_term_string\"}}],\"inLanguage\":\"en-GB\"},{\"@type\":\"Organization\",\"@id\":\"https:\/\/centcols.org\/#organization\",\"name\":\"Club des Cent Cols\",\"url\":\"https:\/\/centcols.org\/\",\"logo\":{\"@type\":\"ImageObject\",\"inLanguage\":\"en-GB\",\"@id\":\"https:\/\/centcols.org\/#\/schema\/logo\/image\/\",\"url\":\"https:\/\/centcols.org\/wp-content\/uploads\/2025\/01\/carte-icone.png\",\"contentUrl\":\"https:\/\/centcols.org\/wp-content\/uploads\/2025\/01\/carte-icone.png\",\"width\":250,\"height\":250,\"caption\":\"Club des Cent Cols\"},\"image\":{\"@id\":\"https:\/\/centcols.org\/#\/schema\/logo\/image\/\"},\"sameAs\":[\"https:\/\/www.facebook.com\/groups\/5261880558\/?locale=fr_FR\"]},{\"@type\":\"Person\",\"@id\":\"https:\/\/centcols.org\/#\/schema\/person\/5c1a9d61132fb33ccec149272abff6e1\",\"name\":\"Christophe Badonnel\",\"image\":{\"@type\":\"ImageObject\",\"inLanguage\":\"en-GB\",\"@id\":\"https:\/\/centcols.org\/wp-content\/litespeed\/avatar\/9f363966b51271bd99ebbb6ebd632889.jpg?ver=1777238111\",\"url\":\"https:\/\/centcols.org\/wp-content\/litespeed\/avatar\/9f363966b51271bd99ebbb6ebd632889.jpg?ver=1777238111\",\"contentUrl\":\"https:\/\/centcols.org\/wp-content\/litespeed\/avatar\/9f363966b51271bd99ebbb6ebd632889.jpg?ver=1777238111\",\"caption\":\"Christophe Badonnel\"},\"url\":\"https:\/\/centcols.org\/en\/author\/5799\/\"}]}<\/script>\n<!-- \/ Yoast SEO plugin. -->","yoast_head_json":{"title":"Autumn break and general meeting for the 50th anniversary of the brotherhood in Annecy (Haute Savoie), from 04 to 06 November 2022 - Club des Cent Cols","robots":{"index":"index","follow":"follow","max-snippet":"max-snippet:-1","max-image-preview":"max-image-preview:large","max-video-preview":"max-video-preview:-1"},"canonical":"https:\/\/centcols.org\/en\/ag-2022-annecy\/","og_locale":"en_GB","og_type":"article","og_title":"S\u00e9jour d'automne et assembl\u00e9e g\u00e9n\u00e9rale pour le 50 i\u00e8me anniversaire de la confr\u00e9rie \u00e0 Annecy (Haute Savoie), du 04 au 06 novembre 2022 - Club des Cent Cols","og_description":"Ont contribu\u00e9 \u00e0 cette page de pr\u00e9sentation du s\u00e9jour les responsables informatiques, Enrico Alberini, Jean-Luc Matte et Christophe Badonnel Les \u00e9chos : Compte-renduL\u2019album photo de Pierre Mai Les tables au d\u00eener apr\u00e8s l\u2019Assembl\u00e9e g\u00e9n\u00e9raleL\u2019AG sur le blog de Guy Garcin Vous trouverez ci-dessous les rubriques : Pr\u00e9sentation de la r\u00e9gion : Apr\u00e8s 2012 et 2017, [&hellip;]","og_url":"https:\/\/centcols.org\/en\/ag-2022-annecy\/","og_site_name":"Club des Cent Cols","article_publisher":"https:\/\/www.facebook.com\/groups\/5261880558\/?locale=fr_FR","article_published_time":"2022-05-27T12:36:28+00:00","article_modified_time":"2025-09-14T04:32:25+00:00","og_image":[{"width":1365,"height":1024,"url":"https:\/\/centcols.org\/wp-content\/uploads\/2025\/08\/IMG_20210927_091815.jpg","type":"image\/jpeg"}],"author":"Christophe Badonnel","twitter_card":"summary_large_image","twitter_misc":{"Written by":"Christophe Badonnel","Estimated reading time":"8 minutes"},"schema":{"@context":"https:\/\/schema.org","@graph":[{"@type":"Article","@id":"https:\/\/centcols.org\/ag-2022-annecy\/#article","isPartOf":{"@id":"https:\/\/centcols.org\/ag-2022-annecy\/"},"author":{"name":"Christophe Badonnel","@id":"https:\/\/centcols.org\/#\/schema\/person\/5c1a9d61132fb33ccec149272abff6e1"},"headline":"S\u00e9jour d&rsquo;automne et assembl\u00e9e g\u00e9n\u00e9rale pour le 50 i\u00e8me anniversaire de la confr\u00e9rie \u00e0 Annecy (Haute Savoie), du 04 au 06 novembre 2022","datePublished":"2022-05-27T12:36:28+00:00","dateModified":"2025-09-14T04:32:25+00:00","mainEntityOfPage":{"@id":"https:\/\/centcols.org\/ag-2022-annecy\/"},"wordCount":1598,"publisher":{"@id":"https:\/\/centcols.org\/#organization"},"image":{"@id":"https:\/\/centcols.org\/ag-2022-annecy\/#primaryimage"},"thumbnailUrl":"https:\/\/centcols.org\/wp-content\/uploads\/2025\/08\/IMG_20210927_091815.jpg","articleSection":["Alpes fran\u00e7aises du Nord","France","Auvergne-Rh\u00f4ne-Alpes","74-Haute-Savoie","S\u00e9jours du Club des Cent Cols"],"inLanguage":"en-GB"},{"@type":"WebPage","@id":"https:\/\/centcols.org\/ag-2022-annecy\/","url":"https:\/\/centcols.org\/ag-2022-annecy\/","name":"Autumn break and general meeting for the 50th anniversary of the brotherhood in Annecy (Haute Savoie), from 04 to 06 November 2022 - Club des Cent Cols","isPartOf":{"@id":"https:\/\/centcols.org\/#website"},"primaryImageOfPage":{"@id":"https:\/\/centcols.org\/ag-2022-annecy\/#primaryimage"},"image":{"@id":"https:\/\/centcols.org\/ag-2022-annecy\/#primaryimage"},"thumbnailUrl":"https:\/\/centcols.org\/wp-content\/uploads\/2025\/08\/IMG_20210927_091815.jpg","datePublished":"2022-05-27T12:36:28+00:00","dateModified":"2025-09-14T04:32:25+00:00","breadcrumb":{"@id":"https:\/\/centcols.org\/ag-2022-annecy\/#breadcrumb"},"inLanguage":"en-GB","potentialAction":[{"@type":"ReadAction","target":["https:\/\/centcols.org\/ag-2022-annecy\/"]}]},{"@type":"ImageObject","inLanguage":"en-GB","@id":"https:\/\/centcols.org\/ag-2022-annecy\/#primaryimage","url":"https:\/\/centcols.org\/wp-content\/uploads\/2025\/08\/IMG_20210927_091815.jpg","contentUrl":"https:\/\/centcols.org\/wp-content\/uploads\/2025\/08\/IMG_20210927_091815.jpg"},{"@type":"BreadcrumbList","@id":"https:\/\/centcols.org\/ag-2022-annecy\/#breadcrumb","itemListElement":[{"@type":"ListItem","position":1,"name":"Accueil","item":"https:\/\/centcols.org\/"},{"@type":"ListItem","position":2,"name":"S\u00e9jours du Club des Cent Cols","item":"https:\/\/centcols.org\/rubrique\/sejours\/"},{"@type":"ListItem","position":3,"name":"Pays","item":"https:\/\/centcols.org\/rubrique\/sejours\/pays-sejours\/"},{"@type":"ListItem","position":4,"name":"France","item":"https:\/\/centcols.org\/rubrique\/sejours\/pays-sejours\/france-pays-sejours\/"},{"@type":"ListItem","position":5,"name":"S\u00e9jour d&rsquo;automne et assembl\u00e9e g\u00e9n\u00e9rale pour le 50 i\u00e8me anniversaire de la confr\u00e9rie \u00e0 Annecy (Haute Savoie), du 04 au 06 novembre 2022"}]},{"@type":"WebSite","@id":"https:\/\/centcols.org\/#website","url":"https:\/\/centcols.org\/","name":"Club des Cent Cols","description":"","publisher":{"@id":"https:\/\/centcols.org\/#organization"},"potentialAction":[{"@type":"SearchAction","target":{"@type":"EntryPoint","urlTemplate":"https:\/\/centcols.org\/?s={search_term_string}"},"query-input":{"@type":"PropertyValueSpecification","valueRequired":true,"valueName":"search_term_string"}}],"inLanguage":"en-GB"},{"@type":"Organization","@id":"https:\/\/centcols.org\/#organization","name":"Club des Cent Cols","url":"https:\/\/centcols.org\/","logo":{"@type":"ImageObject","inLanguage":"en-GB","@id":"https:\/\/centcols.org\/#\/schema\/logo\/image\/","url":"https:\/\/centcols.org\/wp-content\/uploads\/2025\/01\/carte-icone.png","contentUrl":"https:\/\/centcols.org\/wp-content\/uploads\/2025\/01\/carte-icone.png","width":250,"height":250,"caption":"Club des Cent Cols"},"image":{"@id":"https:\/\/centcols.org\/#\/schema\/logo\/image\/"},"sameAs":["https:\/\/www.facebook.com\/groups\/5261880558\/?locale=fr_FR"]},{"@type":"Person","@id":"https:\/\/centcols.org\/#\/schema\/person\/5c1a9d61132fb33ccec149272abff6e1","name":"Christophe Badonnel","image":{"@type":"ImageObject","inLanguage":"en-GB","@id":"https:\/\/centcols.org\/wp-content\/litespeed\/avatar\/9f363966b51271bd99ebbb6ebd632889.jpg?ver=1777238111","url":"https:\/\/centcols.org\/wp-content\/litespeed\/avatar\/9f363966b51271bd99ebbb6ebd632889.jpg?ver=1777238111","contentUrl":"https:\/\/centcols.org\/wp-content\/litespeed\/avatar\/9f363966b51271bd99ebbb6ebd632889.jpg?ver=1777238111","caption":"Christophe Badonnel"},"url":"https:\/\/centcols.org\/en\/author\/5799\/"}]}},"_links":{"self":[{"href":"https:\/\/centcols.org\/en\/wp-json\/wp\/v2\/posts\/82339","targetHints":{"allow":["GET"]}}],"collection":[{"href":"https:\/\/centcols.org\/en\/wp-json\/wp\/v2\/posts"}],"about":[{"href":"https:\/\/centcols.org\/en\/wp-json\/wp\/v2\/types\/post"}],"author":[{"embeddable":true,"href":"https:\/\/centcols.org\/en\/wp-json\/wp\/v2\/users\/64"}],"replies":[{"embeddable":true,"href":"https:\/\/centcols.org\/en\/wp-json\/wp\/v2\/comments?post=82339"}],"version-history":[{"count":0,"href":"https:\/\/centcols.org\/en\/wp-json\/wp\/v2\/posts\/82339\/revisions"}],"wp:attachment":[{"href":"https:\/\/centcols.org\/en\/wp-json\/wp\/v2\/media?parent=82339"}],"wp:term":[{"taxonomy":"category","embeddable":true,"href":"https:\/\/centcols.org\/en\/wp-json\/wp\/v2\/categories?post=82339"},{"taxonomy":"post_tag","embeddable":true,"href":"https:\/\/centcols.org\/en\/wp-json\/wp\/v2\/tags?post=82339"}],"curies":[{"name":"wp","href":"https:\/\/api.w.org\/{rel}","templated":true}]}}