{"id":82349,"date":"2022-09-15T16:44:53","date_gmt":"2022-09-15T14:44:53","guid":{"rendered":"https:\/\/centcols.org\/assemblee-generale-du-club-des-cent-cols-annecy-haute-savoie-le-5-novembre-2022\/"},"modified":"2025-08-28T08:57:07","modified_gmt":"2025-08-28T06:57:07","slug":"cr-ag-2022-annecy","status":"publish","type":"post","link":"https:\/\/centcols.org\/en\/cr-ag-2022-annecy\/","title":{"rendered":"General Meeting of the Club des Cent Cols, Annecy (Haute-Savoie) on 5 November 2022"},"content":{"rendered":"<h2 class=\"wp-block-heading\">Report<\/h2>\n\n\n\n<p><strong>Annecy, Imperial Palace, 5 November 2022<\/strong><\/p>\n\n\n\n<p>The Chairman, Enrico ALBERINI, opens the AGM at 2pm.<\/p>\n\n\n\n<p>He thanked the following for attending<br>Martine CANO, President of the FFCT,<br>Catherine BORGEAIS-ROUET, President of COREG Aura (Auvergne-Rh\u00f4ne-Alpes) and CODEP74,<br>Antoine ARMAND, Member of Parliament for the Annecy constituency.<\/p>\n\n\n\n<p>After his annual report (see ICC October 2022), he handed over to Herv\u00e9 RETI\u00c8RE, the club secretary, for the club's activity report. This report will serve as the basis for a more comprehensive presentation that can be used, in particular, outside the club. It can be found here:<\/p>\n\n\n\n<p><a href=\"\/Videos\/intervention-HR-AG-ccc-2022.movie_.mp4\">Presentation of the club's activities<\/a><\/p>\n\n\n\n<p>S\u00e9bastien VADOT, the treasurer, then presented the financial report, followed by the provisional accounts.<\/p>\n\n\n\n<p><a href=\"\/Videos\/intervention-sv-ag-ccc-2022.movie_.mp4\">Presentation of the financial report<\/a><\/p>\n\n\n\n<p>Alain LAXENAIRE and Michel MATHIEU, auditors, presented their report.<\/p>\n\n\n\n<p>The Chairman then took the floor to announce the results of the votes, highlighting the significant increase in the number of voters for 2022: 899. This compares with 466 in 2021, an increase of 93 %.<\/p>\n\n\n\n<p>The results:<\/p>\n\n\n\n<p>Number of registrations: 1974<br>Number of voters: 899<br>Shareholding: 45.6 %<\/p>\n\n\n\n<figure class=\"wp-block-table is-style-stripes\"><table><tbody><tr><td><\/td><td class=\"has-text-align-center\" data-align=\"center\"><strong>Yes<\/strong><\/td><td class=\"has-text-align-center\" data-align=\"center\"><strong>No<\/strong><\/td><td class=\"has-text-align-center\" data-align=\"center\"><strong>White<\/strong><\/td><td class=\"has-text-align-center\" data-align=\"center\"><strong>Null<\/strong><\/td><\/tr><tr><td><strong>Moral report<\/strong><\/td><td class=\"has-text-align-center\" data-align=\"center\"><strong>871<\/strong><\/td><td class=\"has-text-align-center\" data-align=\"center\"><strong>10<\/strong><\/td><td class=\"has-text-align-center\" data-align=\"center\"><strong>13<\/strong><\/td><td class=\"has-text-align-center\" data-align=\"center\"><strong>5<\/strong><\/td><\/tr><tr><td><\/td><td class=\"has-text-align-center\" data-align=\"center\"><em>96.9 %<\/em><\/td><td class=\"has-text-align-center\" data-align=\"center\"><em>1.1 %<\/em><\/td><td class=\"has-text-align-center\" data-align=\"center\"><em>1.4 %<\/em><\/td><td class=\"has-text-align-center\" data-align=\"center\"><em>0.6 %<\/em><\/td><\/tr><tr><td><strong>Activity report<\/strong><\/td><td class=\"has-text-align-center\" data-align=\"center\"><strong>872<\/strong><\/td><td class=\"has-text-align-center\" data-align=\"center\"><strong>8<\/strong><\/td><td class=\"has-text-align-center\" data-align=\"center\"><strong>14<\/strong><\/td><td class=\"has-text-align-center\" data-align=\"center\"><strong>5<\/strong><\/td><\/tr><tr><td><\/td><td class=\"has-text-align-center\" data-align=\"center\"><em>97.0 %<\/em><\/td><td class=\"has-text-align-center\" data-align=\"center\"><em>0.9 %<\/em><\/td><td class=\"has-text-align-center\" data-align=\"center\"><em>1.5 %<\/em><\/td><td class=\"has-text-align-center\" data-align=\"center\"><em>0.6 %<\/em><\/td><\/tr><tr><td><strong>Financial report<\/strong><\/td><td class=\"has-text-align-center\" data-align=\"center\"><strong>876<\/strong><\/td><td class=\"has-text-align-center\" data-align=\"center\"><strong>8<\/strong><\/td><td class=\"has-text-align-center\" data-align=\"center\"><strong>10<\/strong><\/td><td class=\"has-text-align-center\" data-align=\"center\"><strong>5<\/strong><\/td><\/tr><tr><td><\/td><td class=\"has-text-align-center\" data-align=\"center\"><em>97.4 %<\/em><\/td><td class=\"has-text-align-center\" data-align=\"center\"><em>0.9 %<\/em><\/td><td class=\"has-text-align-center\" data-align=\"center\"><em>1.1 %<\/em><\/td><td class=\"has-text-align-center\" data-align=\"center\"><em>0.6 %<\/em><\/td><\/tr><\/tbody><\/table><\/figure>\n\n\n\n<p>With the statutory part of the meeting over, the Chairman handed over to Graham Cutting, who announced the completion of a titanic project: the compilation of catalogues of mountain passes around the world.<\/p>\n\n\n\n<p><a href=\"\/Videos\/intervention-graham-ag-ccc-2022.movie_.mp4\">Speech by Graham Cutting<\/a>.<\/p>\n\n\n\n<p>Didier R\u00c9MOND then presented the future 2023 summer holiday in Praz-sur-Arly (presentation to come on the club website).<\/p>\n\n\n\n<p>The Chairman then introduced Christophe MARCHAL, the club's 8,000th member.<\/p>\n\n\n\n<p><a href=\"\/Videos\/ccc-christophe-marchal-8000.movie_.mp4\">Presentation by Christophe Marchal<\/a>.<\/p>\n\n\n\n<p>He then presented TDs Pierre MAI, Didier R\u00c9MOND, G\u00e9rard FILLION-ROBIN and Alain GILLODES with a diploma for services rendered.<\/p>\n\n\n\n<p><a href=\"\/Videos\/ccc-dt-brevetes.movie_.mp4\">Presentation of service diplomas to TDs.<\/a><\/p>\n\n\n\n<p>Jean PERDOUX, founder of the Club and Honorary Chairman, then spoke.<\/p>\n\n\n\n<p><a href=\"\/Videos\/ccc-jean-perdoux.movie1_-1.mp4\">Speech by Jean Perdoux - Part 1<\/a><\/p>\n\n\n\n<p><a href=\"\/Videos\/ccc-jean-perdoux.movie2_.mp4\">Speech by Jean Perdoux - Part 2<\/a><\/p>\n\n\n\n<p>The floor is then given to Henri DUSSEAU - Honorary President<\/p>\n\n\n\n<p><a href=\"\/Videos\/ccc-henri-dusseau.mp4\">Speech by Henri Dusseau<\/a><\/p>\n\n\n\n<p>The last 3 presidents then each completed the history of the Club's 50 years.<\/p>\n\n\n\n<p><a href=\"\/Videos\/ccc-claude-benistrand.mp4\">Claude B\u00e9nistrand's speech<\/a> - Chairman from 2001 to 2009<\/p>\n\n\n\n<p><a href=\"\/Videos\/ccc-regis-paraz.movie_.mp4\">Speech by R\u00e9gis Paraz<\/a> - Chairman from 2009 to 2017<\/p>\n\n\n\n<p><a href=\"\/Videos\/intervention-BG-AG-ccc-2022.movie_-1.mp4\">Speech by Bernard Giraudeau<\/a> - President from 2017 to 2021.<\/p>\n\n\n\n<p>During the break, Claude MABILLOT's slide show of the Auvergne meeting at the Col de la Croix des Gardes on 17 September 2022.<\/p>\n\n\n\n<p>Back to work, <a href=\"\/Videos\/Video-daniel-Gobert.mp4\">recorded video intervention by Daniel Gobert<\/a>President of the BIG (Brevet International du Grimpeur)<\/p>\n\n\n\n<p>The following speakers then took the floor:<\/p>\n\n\n\n<p>Eric THOUVENIN, Chairman and founder of Openrunner<\/p>\n\n\n\n<p>Michel ROUGERT (vice-president of Cosfic 2024, organiser of the FFCT's Semaine F\u00e9d\u00e9rale 2024)<\/p>\n\n\n\n<p>Catherine BORGEAIS-ROUET, President of COREG Aura (Auvergne-Rh\u00f4ne-Alpes) and CODEP74<\/p>\n\n\n\n<p>Martine CANO, President of the FFCT, will give her final testimonial to the club's fiftieth anniversary.<\/p>\n\n\n\n<p>And finally, Enrico ALBERINI will conclude this extraordinary General Meeting by inviting everyone present to a vin d'honneur.<\/p>\n\n\n\n<h2 class=\"wp-block-heading\">Minutes of the Annual General Meeting: appendices<\/h2>\n\n\n\n<p><a href=\"\/Videos\/ccc-jean-perdoux-bon-wagon.movie_.mp4\">Lake Annecy cycle path<\/a> explained by Jean PERDOUX during the stop at Le Bon Wagon on the Sunday morning tour of the lake.<\/p>\n\n\n\n<p><a href=\"\/en\/tables-at-the-dinner-following-the-general-meeting-5-november-2022\/\">Tables at the dinner after the General Meeting<\/a>\u00a0<\/p>\n\n\n\n<p><a href=\"https:\/\/centcols.org\/en\/general-meeting-5-november-2022-pierre-mais-photo-album\/\">Pierre Mai's photo album<\/a><\/p>\n\n\n\n<p><a href=\"https:\/\/love-velo.fr\/ag-du-cinquantenaire-du-club-des-cent-cols-2022\/\">The AGM on Guy Garcin's blog<\/a><\/p>\n\n\n\n<h2 class=\"wp-block-heading\">2022 Annual General Meeting<\/h2>\n\n\n\n<p>The 2022 Annual General Meeting was held in Annecy (Salle de l'Imp\u00e9rial Palace) on Saturday 5 November 2022 at 2pm.<\/p>\n\n\n\n<p>Imp\u00e9rial Palace- Annecy<br>All. de l'Imp\u00e9rial, <br>74000 Annecy, France<br>Tel: <a href=\"https:\/\/www.google.com\/search?q=imperial+annecy&amp;oq=imperial+annecy&amp;aqs=chrome.0.0i355i512j46i175i199i512j0i22i30l8.7194j0j4&amp;sourceid=chrome&amp;ie=UTF-8#\">+33 (0) 4 50 09 30 00<\/a><br>https:\/\/www.hotel-imperial-palace.com\/<\/p>\n\n\n\n<p><br><\/p>","protected":false},"excerpt":{"rendered":"<p>Compte-rendu Annecy, Imperial Palace, 5 novembre 2022 Le Pr\u00e9sident, Enrico ALBERINI, ouvre l\u2019Assembl\u00e9e G\u00e9n\u00e9rale \u00e0 14 h. Il remercie de leur pr\u00e9senceMartine CANO, Pr\u00e9sidente de la FFCT,Catherine BORGEAIS-ROUET, Pr\u00e9sidente du COREG Aura (Auvergne-Rh\u00f4ne-Alpes) et du CODEP74,Antoine ARMAND, d\u00e9put\u00e9 de la circonscription d\u2019Annecy. Apr\u00e8s son rapport moral (voir dans l\u2019ICC d\u2019octobre 2022), il passe la parole [&hellip;]<\/p>\n","protected":false},"author":58,"featured_media":82350,"comment_status":"closed","ping_status":"closed","sticky":false,"template":"","format":"standard","meta":{"_acf_changed":false,"footnotes":""},"categories":[217,135],"tags":[],"class_list":["post-82349","post","type-post","status-publish","format-standard","has-post-thumbnail","hentry","category-assemblees-generales","category-calendrier"],"acf":[],"yoast_head":"<!-- This site is optimized with the Yoast SEO plugin v27.2 - https:\/\/yoast.com\/product\/yoast-seo-wordpress\/ -->\n<title>Assembl\u00e9e g\u00e9n\u00e9rale du Club des Cent Cols, Annecy (Haute-Savoie) le 5 novembre 2022 - Club des Cent Cols<\/title>\n<meta name=\"robots\" content=\"index, follow, max-snippet:-1, max-image-preview:large, max-video-preview:-1\" \/>\n<link rel=\"canonical\" href=\"https:\/\/centcols.org\/en\/cr-ag-2022-annecy\/\" \/>\n<meta property=\"og:locale\" content=\"en_GB\" \/>\n<meta property=\"og:type\" content=\"article\" \/>\n<meta property=\"og:title\" content=\"Assembl\u00e9e g\u00e9n\u00e9rale du Club des Cent Cols, Annecy (Haute-Savoie) le 5 novembre 2022 - Club des Cent Cols\" \/>\n<meta property=\"og:description\" content=\"Compte-rendu Annecy, Imperial Palace, 5 novembre 2022 Le Pr\u00e9sident, Enrico ALBERINI, ouvre l\u2019Assembl\u00e9e G\u00e9n\u00e9rale \u00e0 14 h. Il remercie de leur pr\u00e9senceMartine CANO, Pr\u00e9sidente de la FFCT,Catherine BORGEAIS-ROUET, Pr\u00e9sidente du COREG Aura (Auvergne-Rh\u00f4ne-Alpes) et du CODEP74,Antoine ARMAND, d\u00e9put\u00e9 de la circonscription d\u2019Annecy. Apr\u00e8s son rapport moral (voir dans l\u2019ICC d\u2019octobre 2022), il passe la parole [&hellip;]\" \/>\n<meta property=\"og:url\" content=\"https:\/\/centcols.org\/en\/cr-ag-2022-annecy\/\" \/>\n<meta property=\"og:site_name\" content=\"Club des Cent Cols\" \/>\n<meta property=\"article:publisher\" content=\"https:\/\/www.facebook.com\/groups\/5261880558\/?locale=fr_FR\" \/>\n<meta property=\"article:published_time\" content=\"2022-09-15T14:44:53+00:00\" \/>\n<meta property=\"article:modified_time\" content=\"2025-08-28T06:57:07+00:00\" \/>\n<meta property=\"og:image\" content=\"https:\/\/centcols.org\/wp-content\/uploads\/2025\/05\/01Table-Weibel-scaled-1.jpg\" \/>\n\t<meta property=\"og:image:width\" content=\"2560\" \/>\n\t<meta property=\"og:image:height\" content=\"1920\" \/>\n\t<meta property=\"og:image:type\" content=\"image\/jpeg\" \/>\n<meta name=\"author\" content=\"Enrico Alberini\" \/>\n<meta name=\"twitter:card\" content=\"summary_large_image\" \/>\n<meta name=\"twitter:label1\" content=\"Written by\" \/>\n\t<meta name=\"twitter:data1\" content=\"Enrico Alberini\" \/>\n\t<meta name=\"twitter:label2\" content=\"Estimated reading time\" \/>\n\t<meta name=\"twitter:data2\" content=\"4 minutes\" \/>\n<script type=\"application\/ld+json\" class=\"yoast-schema-graph\">{\"@context\":\"https:\/\/schema.org\",\"@graph\":[{\"@type\":\"Article\",\"@id\":\"https:\/\/centcols.org\/cr-ag-2022-annecy\/#article\",\"isPartOf\":{\"@id\":\"https:\/\/centcols.org\/cr-ag-2022-annecy\/\"},\"author\":{\"name\":\"Enrico Alberini\",\"@id\":\"https:\/\/centcols.org\/#\/schema\/person\/86c3ec6889d88501a29fccac614bebf8\"},\"headline\":\"Assembl\u00e9e g\u00e9n\u00e9rale du Club des Cent Cols, Annecy (Haute-Savoie) le 5 novembre 2022\",\"datePublished\":\"2022-09-15T14:44:53+00:00\",\"dateModified\":\"2025-08-28T06:57:07+00:00\",\"mainEntityOfPage\":{\"@id\":\"https:\/\/centcols.org\/cr-ag-2022-annecy\/\"},\"wordCount\":642,\"publisher\":{\"@id\":\"https:\/\/centcols.org\/#organization\"},\"image\":{\"@id\":\"https:\/\/centcols.org\/cr-ag-2022-annecy\/#primaryimage\"},\"thumbnailUrl\":\"https:\/\/centcols.org\/wp-content\/uploads\/2025\/05\/01Table-Weibel-scaled-1.jpg\",\"articleSection\":[\"Assembl\u00e9es g\u00e9n\u00e9rales\",\"Calendrier\"],\"inLanguage\":\"en-GB\"},{\"@type\":\"WebPage\",\"@id\":\"https:\/\/centcols.org\/cr-ag-2022-annecy\/\",\"url\":\"https:\/\/centcols.org\/cr-ag-2022-annecy\/\",\"name\":\"Assembl\u00e9e g\u00e9n\u00e9rale du Club des Cent Cols, Annecy (Haute-Savoie) le 5 novembre 2022 - Club des Cent Cols\",\"isPartOf\":{\"@id\":\"https:\/\/centcols.org\/#website\"},\"primaryImageOfPage\":{\"@id\":\"https:\/\/centcols.org\/cr-ag-2022-annecy\/#primaryimage\"},\"image\":{\"@id\":\"https:\/\/centcols.org\/cr-ag-2022-annecy\/#primaryimage\"},\"thumbnailUrl\":\"https:\/\/centcols.org\/wp-content\/uploads\/2025\/05\/01Table-Weibel-scaled-1.jpg\",\"datePublished\":\"2022-09-15T14:44:53+00:00\",\"dateModified\":\"2025-08-28T06:57:07+00:00\",\"breadcrumb\":{\"@id\":\"https:\/\/centcols.org\/cr-ag-2022-annecy\/#breadcrumb\"},\"inLanguage\":\"en-GB\",\"potentialAction\":[{\"@type\":\"ReadAction\",\"target\":[\"https:\/\/centcols.org\/cr-ag-2022-annecy\/\"]}]},{\"@type\":\"ImageObject\",\"inLanguage\":\"en-GB\",\"@id\":\"https:\/\/centcols.org\/cr-ag-2022-annecy\/#primaryimage\",\"url\":\"https:\/\/centcols.org\/wp-content\/uploads\/2025\/05\/01Table-Weibel-scaled-1.jpg\",\"contentUrl\":\"https:\/\/centcols.org\/wp-content\/uploads\/2025\/05\/01Table-Weibel-scaled-1.jpg\",\"width\":2560,\"height\":1920},{\"@type\":\"BreadcrumbList\",\"@id\":\"https:\/\/centcols.org\/cr-ag-2022-annecy\/#breadcrumb\",\"itemListElement\":[{\"@type\":\"ListItem\",\"position\":1,\"name\":\"Accueil\",\"item\":\"https:\/\/centcols.org\/\"},{\"@type\":\"ListItem\",\"position\":2,\"name\":\"Assembl\u00e9es g\u00e9n\u00e9rales\",\"item\":\"https:\/\/centcols.org\/rubrique\/assemblees-generales\/\"},{\"@type\":\"ListItem\",\"position\":3,\"name\":\"Assembl\u00e9e g\u00e9n\u00e9rale du Club des Cent Cols, Annecy (Haute-Savoie) le 5 novembre 2022\"}]},{\"@type\":\"WebSite\",\"@id\":\"https:\/\/centcols.org\/#website\",\"url\":\"https:\/\/centcols.org\/\",\"name\":\"Club des Cent Cols\",\"description\":\"\",\"publisher\":{\"@id\":\"https:\/\/centcols.org\/#organization\"},\"potentialAction\":[{\"@type\":\"SearchAction\",\"target\":{\"@type\":\"EntryPoint\",\"urlTemplate\":\"https:\/\/centcols.org\/?s={search_term_string}\"},\"query-input\":{\"@type\":\"PropertyValueSpecification\",\"valueRequired\":true,\"valueName\":\"search_term_string\"}}],\"inLanguage\":\"en-GB\"},{\"@type\":\"Organization\",\"@id\":\"https:\/\/centcols.org\/#organization\",\"name\":\"Club des Cent Cols\",\"url\":\"https:\/\/centcols.org\/\",\"logo\":{\"@type\":\"ImageObject\",\"inLanguage\":\"en-GB\",\"@id\":\"https:\/\/centcols.org\/#\/schema\/logo\/image\/\",\"url\":\"https:\/\/centcols.org\/wp-content\/uploads\/2025\/01\/carte-icone.png\",\"contentUrl\":\"https:\/\/centcols.org\/wp-content\/uploads\/2025\/01\/carte-icone.png\",\"width\":250,\"height\":250,\"caption\":\"Club des Cent Cols\"},\"image\":{\"@id\":\"https:\/\/centcols.org\/#\/schema\/logo\/image\/\"},\"sameAs\":[\"https:\/\/www.facebook.com\/groups\/5261880558\/?locale=fr_FR\"]},{\"@type\":\"Person\",\"@id\":\"https:\/\/centcols.org\/#\/schema\/person\/86c3ec6889d88501a29fccac614bebf8\",\"name\":\"Enrico Alberini\",\"image\":{\"@type\":\"ImageObject\",\"inLanguage\":\"en-GB\",\"@id\":\"https:\/\/centcols.org\/wp-content\/litespeed\/avatar\/1b26e36a18d85acc8b0f860f9628213f.jpg?ver=1777240766\",\"url\":\"https:\/\/centcols.org\/wp-content\/litespeed\/avatar\/1b26e36a18d85acc8b0f860f9628213f.jpg?ver=1777240766\",\"contentUrl\":\"https:\/\/centcols.org\/wp-content\/litespeed\/avatar\/1b26e36a18d85acc8b0f860f9628213f.jpg?ver=1777240766\",\"caption\":\"Enrico Alberini\"},\"url\":\"https:\/\/centcols.org\/en\/author\/5065\/\"}]}<\/script>\n<!-- \/ Yoast SEO plugin. -->","yoast_head_json":{"title":"General Meeting of the Club des Cent Cols, Annecy (Haute-Savoie) on 5 November 2022 - Club des Cent Cols","robots":{"index":"index","follow":"follow","max-snippet":"max-snippet:-1","max-image-preview":"max-image-preview:large","max-video-preview":"max-video-preview:-1"},"canonical":"https:\/\/centcols.org\/en\/cr-ag-2022-annecy\/","og_locale":"en_GB","og_type":"article","og_title":"Assembl\u00e9e g\u00e9n\u00e9rale du Club des Cent Cols, Annecy (Haute-Savoie) le 5 novembre 2022 - Club des Cent Cols","og_description":"Compte-rendu Annecy, Imperial Palace, 5 novembre 2022 Le Pr\u00e9sident, Enrico ALBERINI, ouvre l\u2019Assembl\u00e9e G\u00e9n\u00e9rale \u00e0 14 h. Il remercie de leur pr\u00e9senceMartine CANO, Pr\u00e9sidente de la FFCT,Catherine BORGEAIS-ROUET, Pr\u00e9sidente du COREG Aura (Auvergne-Rh\u00f4ne-Alpes) et du CODEP74,Antoine ARMAND, d\u00e9put\u00e9 de la circonscription d\u2019Annecy. Apr\u00e8s son rapport moral (voir dans l\u2019ICC d\u2019octobre 2022), il passe la parole [&hellip;]","og_url":"https:\/\/centcols.org\/en\/cr-ag-2022-annecy\/","og_site_name":"Club des Cent Cols","article_publisher":"https:\/\/www.facebook.com\/groups\/5261880558\/?locale=fr_FR","article_published_time":"2022-09-15T14:44:53+00:00","article_modified_time":"2025-08-28T06:57:07+00:00","og_image":[{"width":2560,"height":1920,"url":"https:\/\/centcols.org\/wp-content\/uploads\/2025\/05\/01Table-Weibel-scaled-1.jpg","type":"image\/jpeg"}],"author":"Enrico Alberini","twitter_card":"summary_large_image","twitter_misc":{"Written by":"Enrico Alberini","Estimated reading time":"4 minutes"},"schema":{"@context":"https:\/\/schema.org","@graph":[{"@type":"Article","@id":"https:\/\/centcols.org\/cr-ag-2022-annecy\/#article","isPartOf":{"@id":"https:\/\/centcols.org\/cr-ag-2022-annecy\/"},"author":{"name":"Enrico Alberini","@id":"https:\/\/centcols.org\/#\/schema\/person\/86c3ec6889d88501a29fccac614bebf8"},"headline":"Assembl\u00e9e g\u00e9n\u00e9rale du Club des Cent Cols, Annecy (Haute-Savoie) le 5 novembre 2022","datePublished":"2022-09-15T14:44:53+00:00","dateModified":"2025-08-28T06:57:07+00:00","mainEntityOfPage":{"@id":"https:\/\/centcols.org\/cr-ag-2022-annecy\/"},"wordCount":642,"publisher":{"@id":"https:\/\/centcols.org\/#organization"},"image":{"@id":"https:\/\/centcols.org\/cr-ag-2022-annecy\/#primaryimage"},"thumbnailUrl":"https:\/\/centcols.org\/wp-content\/uploads\/2025\/05\/01Table-Weibel-scaled-1.jpg","articleSection":["Assembl\u00e9es g\u00e9n\u00e9rales","Calendrier"],"inLanguage":"en-GB"},{"@type":"WebPage","@id":"https:\/\/centcols.org\/cr-ag-2022-annecy\/","url":"https:\/\/centcols.org\/cr-ag-2022-annecy\/","name":"General Meeting of the Club des Cent Cols, Annecy (Haute-Savoie) on 5 November 2022 - Club des Cent Cols","isPartOf":{"@id":"https:\/\/centcols.org\/#website"},"primaryImageOfPage":{"@id":"https:\/\/centcols.org\/cr-ag-2022-annecy\/#primaryimage"},"image":{"@id":"https:\/\/centcols.org\/cr-ag-2022-annecy\/#primaryimage"},"thumbnailUrl":"https:\/\/centcols.org\/wp-content\/uploads\/2025\/05\/01Table-Weibel-scaled-1.jpg","datePublished":"2022-09-15T14:44:53+00:00","dateModified":"2025-08-28T06:57:07+00:00","breadcrumb":{"@id":"https:\/\/centcols.org\/cr-ag-2022-annecy\/#breadcrumb"},"inLanguage":"en-GB","potentialAction":[{"@type":"ReadAction","target":["https:\/\/centcols.org\/cr-ag-2022-annecy\/"]}]},{"@type":"ImageObject","inLanguage":"en-GB","@id":"https:\/\/centcols.org\/cr-ag-2022-annecy\/#primaryimage","url":"https:\/\/centcols.org\/wp-content\/uploads\/2025\/05\/01Table-Weibel-scaled-1.jpg","contentUrl":"https:\/\/centcols.org\/wp-content\/uploads\/2025\/05\/01Table-Weibel-scaled-1.jpg","width":2560,"height":1920},{"@type":"BreadcrumbList","@id":"https:\/\/centcols.org\/cr-ag-2022-annecy\/#breadcrumb","itemListElement":[{"@type":"ListItem","position":1,"name":"Accueil","item":"https:\/\/centcols.org\/"},{"@type":"ListItem","position":2,"name":"Assembl\u00e9es g\u00e9n\u00e9rales","item":"https:\/\/centcols.org\/rubrique\/assemblees-generales\/"},{"@type":"ListItem","position":3,"name":"Assembl\u00e9e g\u00e9n\u00e9rale du Club des Cent Cols, Annecy (Haute-Savoie) le 5 novembre 2022"}]},{"@type":"WebSite","@id":"https:\/\/centcols.org\/#website","url":"https:\/\/centcols.org\/","name":"Club des Cent Cols","description":"","publisher":{"@id":"https:\/\/centcols.org\/#organization"},"potentialAction":[{"@type":"SearchAction","target":{"@type":"EntryPoint","urlTemplate":"https:\/\/centcols.org\/?s={search_term_string}"},"query-input":{"@type":"PropertyValueSpecification","valueRequired":true,"valueName":"search_term_string"}}],"inLanguage":"en-GB"},{"@type":"Organization","@id":"https:\/\/centcols.org\/#organization","name":"Club des Cent Cols","url":"https:\/\/centcols.org\/","logo":{"@type":"ImageObject","inLanguage":"en-GB","@id":"https:\/\/centcols.org\/#\/schema\/logo\/image\/","url":"https:\/\/centcols.org\/wp-content\/uploads\/2025\/01\/carte-icone.png","contentUrl":"https:\/\/centcols.org\/wp-content\/uploads\/2025\/01\/carte-icone.png","width":250,"height":250,"caption":"Club des Cent Cols"},"image":{"@id":"https:\/\/centcols.org\/#\/schema\/logo\/image\/"},"sameAs":["https:\/\/www.facebook.com\/groups\/5261880558\/?locale=fr_FR"]},{"@type":"Person","@id":"https:\/\/centcols.org\/#\/schema\/person\/86c3ec6889d88501a29fccac614bebf8","name":"Enrico Alberini","image":{"@type":"ImageObject","inLanguage":"en-GB","@id":"https:\/\/centcols.org\/wp-content\/litespeed\/avatar\/1b26e36a18d85acc8b0f860f9628213f.jpg?ver=1777240766","url":"https:\/\/centcols.org\/wp-content\/litespeed\/avatar\/1b26e36a18d85acc8b0f860f9628213f.jpg?ver=1777240766","contentUrl":"https:\/\/centcols.org\/wp-content\/litespeed\/avatar\/1b26e36a18d85acc8b0f860f9628213f.jpg?ver=1777240766","caption":"Enrico Alberini"},"url":"https:\/\/centcols.org\/en\/author\/5065\/"}]}},"_links":{"self":[{"href":"https:\/\/centcols.org\/en\/wp-json\/wp\/v2\/posts\/82349","targetHints":{"allow":["GET"]}}],"collection":[{"href":"https:\/\/centcols.org\/en\/wp-json\/wp\/v2\/posts"}],"about":[{"href":"https:\/\/centcols.org\/en\/wp-json\/wp\/v2\/types\/post"}],"author":[{"embeddable":true,"href":"https:\/\/centcols.org\/en\/wp-json\/wp\/v2\/users\/58"}],"replies":[{"embeddable":true,"href":"https:\/\/centcols.org\/en\/wp-json\/wp\/v2\/comments?post=82349"}],"version-history":[{"count":0,"href":"https:\/\/centcols.org\/en\/wp-json\/wp\/v2\/posts\/82349\/revisions"}],"wp:featuredmedia":[{"embeddable":true,"href":"https:\/\/centcols.org\/en\/wp-json\/wp\/v2\/media\/82350"}],"wp:attachment":[{"href":"https:\/\/centcols.org\/en\/wp-json\/wp\/v2\/media?parent=82349"}],"wp:term":[{"taxonomy":"category","embeddable":true,"href":"https:\/\/centcols.org\/en\/wp-json\/wp\/v2\/categories?post=82349"},{"taxonomy":"post_tag","embeddable":true,"href":"https:\/\/centcols.org\/en\/wp-json\/wp\/v2\/tags?post=82349"}],"curies":[{"name":"wp","href":"https:\/\/api.w.org\/{rel}","templated":true}]}}