{"id":82395,"date":"2022-12-02T09:00:00","date_gmt":"2022-12-02T07:00:00","guid":{"rendered":"https:\/\/centcols.org\/grand-est-plancher-les-mines-70290-samedi-27-mai-2023\/"},"modified":"2025-10-14T14:24:34","modified_gmt":"2025-10-14T12:24:34","slug":"grand-est-plancher-les-mines-70290-saturday-27-may-2023","status":"publish","type":"post","link":"https:\/\/centcols.org\/en\/grand-est-plancher-les-mines-70290-samedi-27-mai-2023\/","title":{"rendered":"Grand-Est, Plancher-les-Mines 70290, Saturday 27 May 2023"},"content":{"rendered":"\n<p>Le rassemblement r\u00e9gional du GRAND-EST 2023 est pr\u00e9vu le 27 Mai 2023, le d\u00e9part sera donn\u00e9 \u00e0 9h de Plancher-les-Mines 70290.<\/p>\n\n\n\n<p>Un pot d\u2019accueil sera servi \u00e0 partir de 8h sur le parking du d\u00e9part qui est situ\u00e9 dans la commune \u00e0 l&rsquo;impasse du canal ( prendre \u00e0 droite la rue du pont du Var, le parking est \u00e0 gauche apr\u00e8s le petit pont)<\/p>\n\n\n\n<p>Les circuits propos\u00e9s se termineront \u00e0 la planche des belles filles ou sera servi le pot traditionnel d&rsquo;arriv\u00e9e.<\/p>\n\n\n\n<figure class=\"wp-block-image\"><img decoding=\"async\" src=\"https:\/\/s2.qwant.com\/thumbr\/0x380\/f\/4\/e19bfa4a9e9f2d0c3b4d69d2cfae9eae578623415334edbaa2a52b20374dfe\/870x489_index.jpg?u=https%3A%2F%2Fcdn.radiofrance.fr%2Fs3%2Fcruiser-production%2F2019%2F10%2Fa2e64e91-25cc-4674-b480-771991e916a0%2F870x489_index.jpg&amp;q=0&amp;b=1&amp;p=0&amp;a=0\" alt=\"Tour de France 2020 : comment La Planche des Belles\n          Filles est devenue ...\"\/><\/figure>\n\n\n\n<p>\u00ab\u00a0\u00a0\u00bbLe circuit VTT passera au nouveau col \u00ab&nbsp;Sans Nom&nbsp;\u00bb FR-70-1001. La trace 15701832 est dispo sur Openrunner. 35 km et 1100 D+<\/p>\n\n\n\n<p>Le parcours VTT \u00e9voluera dans la r\u00e9serve naturelle nationale des ballons<br>comtois. Pendant la p\u00e9riode d&rsquo;hivernage, entre le 15 d\u00e9cembre et le 14<br>juillet, la circulation en VTT peut se faire uniquement sur les chemins<br>et sentiers balis\u00e9s et autoris\u00e9s <a href=\"https:\/\/centcols.org\/wp-content\/uploads\/2025\/08\/A3-SentierPer.pdf\">(voir  la carte ici)<\/a><\/p>\n\n\n\n<p>Un circuit route (trace 16147893 su OR) est aussi propos\u00e9, il passera&nbsp; 2 cols routiers (FR-70-0640 Chevesytaye et FR-70-0914 Chev\u00e8res) 50 km et 850 m de D+.<br>Ce circuit a \u00e9t\u00e9 propos\u00e9 par Philippe PILLET 5585 qui accompagnera le groupe. <\/p>\n\n\n\n<p>Ce rassemblement pr\u00e9vu juste apr\u00e8s le s\u00e9jour en for\u00eat-noire devrait permettre au plus grand nombre de gravir cette \u00ab\u00a0planche\u00a0\u00bb d\u00e9j\u00e0 gravie plusieurs fois par les coureuses&nbsp; et coureurs du tour de France.<\/p>\n\n\n\n<h4 class=\"wp-block-heading\">Contact local<\/h4>\n\n\n\n<p>Jean-Christophe BRAUMANN : 06 48 80 28 48<\/p>\n\n\n\n<h4 class=\"wp-block-heading\">Contact<\/h4>\n\n\n\n<p>DT03E &#8211; Denis MATHIEU<br>+33 (0)6 85 20 02 55<br>[email]&#x64;&#x65;&#110;i&#x2e;&#x6d;&#97;th&#x69;&#x65;&#117;&#64;&#x6f;&#x72;&#97;&#110;g&#x65;&#x2e;&#102;r[\/email]<\/p>\n\n\n\n<h2 class=\"wp-block-heading\">La Planche des Belles Filles<\/h2>\n\n\n\n<p>Selon une l\u00e9gende issue d&rsquo;une \u00e9tymologie populaire,&nbsp;le&nbsp;lieu devrait son&nbsp;nom&nbsp;\u00e0 un \u00e9pisode de la guerre de Dix Ans en 1635 durant lequel les jeunes&nbsp;filles&nbsp;du village voisin se seraient r\u00e9fugi\u00e9es sur cette montagne pour \u00e9chapper aux cruels mercenaires su\u00e9dois qui stationnaient dans la r\u00e9gion \u00e0 Plancher-les-Mines.<\/p>\n\n\n\n<p>Le d\u00e9partement de la Haute-Sa\u00f4ne est situ\u00e9 au sud du massif des Vosges. Il tient son nom de la rivi\u00e8re, la Sa\u00f4ne, qui le traverse du nord au sud. C\u2019est une grande rivi\u00e8re d\u2019ailleurs, longue de 473 km et qui est la troisi\u00e8me de France.<\/p>\n\n\n\n<p>Plancher-les-Mines est situ\u00e9 dans la haute vall\u00e9e du Rahin et comme son nom l\u2019indique, la ville a particip\u00e9 \u00e0 sa longue histoire industrielle et mini\u00e8re, maintenant en net d\u00e9clin, marquant les vall\u00e9es de cette r\u00e9gion. Aujourd\u2019hui, Plancher-les-Mines rena\u00eet de ses cendres gr\u00e2ce \u00e0 la pr\u00e9sence de la Planche des Belles Filles, haut lieu du cyclisme international et notamment du Tour de France.<\/p>\n\n\n\n<p>Les participants du rassemblement r\u00e9gional se sont r\u00e9partis entre un parcours routier et un parcours VTT pour rejoindre quelques cols haut-sa\u00f4nois et la Planche des belles Filles.<\/p>\n\n\n\n<h2 class=\"wp-block-heading\">Le compte rendu de Denis Mathieu \u2013 DT03E<\/h2>\n\n\n\n<p>Ce samedi 27 Mai 2023 s&rsquo;est d\u00e9roul\u00e9 la rencontre r\u00e9gionale du Grand-Est.<\/p>\n\n\n\n<p>Le d\u00e9part \u00e9tait situ\u00e9 \u00e0 Plancher les Mines (70290) et l&rsquo;arriv\u00e9e \u00e0 la Planche des&nbsp;Belles&nbsp;Filles.<\/p>\n\n\n\n<p>Nous \u00e9tions 43 r\u00e9partis entre le circuit VTT propos\u00e9 par Christophe BADONNEL, le circuit route propos\u00e9 par Philippe PILLET et la mont\u00e9e simple \u00e0 la Planche.<\/p>\n\n\n\n<p>Une bonne partie des pr\u00e9sents revenaient de TOODMOS.<\/p>\n\n\n\n<p>La m\u00e9t\u00e9o et l&rsquo;ambiance \u00e9taient cl\u00e9mentes.&nbsp; Merci \u00e0 tous les participants, sp\u00e9cial remerciement \u00e0 Christophe FOLLETETE pour ses sp\u00e9cialit\u00e9s locales.<\/p>\n\n\n\n\n\n\n\n\n\n<p>Ci-dessous 3 liens de photos<\/p>\n\n\n\n<p>Les photos de <a href=\"https:\/\/photos.app.goo.gl\/w3TWSWBiLnpnxZw67\" target=\"_blank\" rel=\"noopener\" title=\"\"><strong>Jean-Luc MATTE<\/strong><\/a><\/p>\n\n\n\n<p>Les photos de <a href=\"https:\/\/photos.google.com\/share\/AF1QipO9KIQDfRBvKVSwxKYY_MBlf76yO7wA-eAWJn2eLL19zaBV7mk7VN5yjad_NNBK0w?key=MnZ6eHRxQWNoZ3JtbzdCSTBmekNhVDlURHpZMVZB\" target=\"_blank\" rel=\"noopener\" title=\"\"><strong>Max Tissot<\/strong><\/a><\/p>\n\n\n\n<p>Les photos de <a href=\"https:\/\/photos.app.goo.gl\/tRj85tE9xLWALnki8\" target=\"_blank\" rel=\"noopener\" title=\"\"><strong>Fred Singla<\/strong><\/a><\/p>\n","protected":false},"excerpt":{"rendered":"<p>Le rassemblement r\u00e9gional du GRAND-EST 2023 est pr\u00e9vu le 27 Mai 2023, le d\u00e9part sera donn\u00e9 \u00e0 9h de Plancher-les-Mines 70290. Un pot d\u2019accueil sera servi \u00e0 partir de 8h sur le parking du d\u00e9part qui est situ\u00e9 dans la commune \u00e0 l&rsquo;impasse du canal ( prendre \u00e0 droite la rue du pont du Var, [&hellip;]<\/p>\n","protected":false},"author":58,"featured_media":83747,"comment_status":"open","ping_status":"open","sticky":false,"template":"","format":"standard","meta":{"_acf_changed":false,"footnotes":""},"categories":[293,135,216],"tags":[],"class_list":["post-82395","post","type-post","status-publish","format-standard","has-post-thumbnail","hentry","category-les-rassemblements-de-2023","category-calendrier","category-rencontres-regionales"],"acf":[],"yoast_head":"<!-- This site is optimized with the Yoast SEO plugin v27.2 - https:\/\/yoast.com\/product\/yoast-seo-wordpress\/ -->\n<title>Grand-Est, Plancher-les-Mines 70290, samedi 27 mai 2023 - Club des Cent Cols<\/title>\n<meta name=\"robots\" content=\"index, follow, max-snippet:-1, max-image-preview:large, max-video-preview:-1\" \/>\n<link rel=\"canonical\" href=\"https:\/\/centcols.org\/en\/grand-est-plancher-les-mines-70290-saturday-27-may-2023\/\" \/>\n<meta property=\"og:locale\" content=\"en_GB\" \/>\n<meta property=\"og:type\" content=\"article\" \/>\n<meta property=\"og:title\" content=\"Grand-Est, Plancher-les-Mines 70290, samedi 27 mai 2023 - Club des Cent Cols\" \/>\n<meta property=\"og:description\" content=\"Le rassemblement r\u00e9gional du GRAND-EST 2023 est pr\u00e9vu le 27 Mai 2023, le d\u00e9part sera donn\u00e9 \u00e0 9h de Plancher-les-Mines 70290. Un pot d\u2019accueil sera servi \u00e0 partir de 8h sur le parking du d\u00e9part qui est situ\u00e9 dans la commune \u00e0 l&rsquo;impasse du canal ( prendre \u00e0 droite la rue du pont du Var, [&hellip;]\" \/>\n<meta property=\"og:url\" content=\"https:\/\/centcols.org\/en\/grand-est-plancher-les-mines-70290-saturday-27-may-2023\/\" \/>\n<meta property=\"og:site_name\" content=\"Club des Cent Cols\" \/>\n<meta property=\"article:publisher\" content=\"https:\/\/www.facebook.com\/groups\/5261880558\/?locale=fr_FR\" \/>\n<meta property=\"article:published_time\" content=\"2022-12-02T07:00:00+00:00\" \/>\n<meta property=\"article:modified_time\" content=\"2025-10-14T12:24:34+00:00\" \/>\n<meta property=\"og:image\" content=\"https:\/\/centcols.org\/wp-content\/uploads\/2022\/12\/sansnom.jpg\" \/>\n\t<meta property=\"og:image:width\" content=\"800\" \/>\n\t<meta property=\"og:image:height\" content=\"450\" \/>\n\t<meta property=\"og:image:type\" content=\"image\/jpeg\" \/>\n<meta name=\"author\" content=\"Enrico Alberini\" \/>\n<meta name=\"twitter:card\" content=\"summary_large_image\" \/>\n<meta name=\"twitter:label1\" content=\"Written by\" \/>\n\t<meta name=\"twitter:data1\" content=\"Enrico Alberini\" \/>\n\t<meta name=\"twitter:label2\" content=\"Estimated reading time\" \/>\n\t<meta name=\"twitter:data2\" content=\"4 minutes\" \/>\n<script type=\"application\/ld+json\" class=\"yoast-schema-graph\">{\"@context\":\"https:\/\/schema.org\",\"@graph\":[{\"@type\":\"Article\",\"@id\":\"https:\/\/centcols.org\/grand-est-plancher-les-mines-70290-samedi-27-mai-2023\/#article\",\"isPartOf\":{\"@id\":\"https:\/\/centcols.org\/grand-est-plancher-les-mines-70290-samedi-27-mai-2023\/\"},\"author\":{\"name\":\"Enrico Alberini\",\"@id\":\"https:\/\/centcols.org\/#\/schema\/person\/86c3ec6889d88501a29fccac614bebf8\"},\"headline\":\"Grand-Est, Plancher-les-Mines 70290, samedi 27 mai 2023\",\"datePublished\":\"2022-12-02T07:00:00+00:00\",\"dateModified\":\"2025-10-14T12:24:34+00:00\",\"mainEntityOfPage\":{\"@id\":\"https:\/\/centcols.org\/grand-est-plancher-les-mines-70290-samedi-27-mai-2023\/\"},\"wordCount\":592,\"commentCount\":0,\"publisher\":{\"@id\":\"https:\/\/centcols.org\/#organization\"},\"image\":{\"@id\":\"https:\/\/centcols.org\/grand-est-plancher-les-mines-70290-samedi-27-mai-2023\/#primaryimage\"},\"thumbnailUrl\":\"https:\/\/centcols.org\/wp-content\/uploads\/2022\/12\/sansnom.jpg\",\"articleSection\":[\"2023-rassemblements\",\"Calendrier\",\"Rencontres r\u00e9gionales\"],\"inLanguage\":\"en-GB\",\"potentialAction\":[{\"@type\":\"CommentAction\",\"name\":\"Comment\",\"target\":[\"https:\/\/centcols.org\/grand-est-plancher-les-mines-70290-samedi-27-mai-2023\/#respond\"]}]},{\"@type\":\"WebPage\",\"@id\":\"https:\/\/centcols.org\/grand-est-plancher-les-mines-70290-samedi-27-mai-2023\/\",\"url\":\"https:\/\/centcols.org\/grand-est-plancher-les-mines-70290-samedi-27-mai-2023\/\",\"name\":\"Grand-Est, Plancher-les-Mines 70290, samedi 27 mai 2023 - Club des Cent Cols\",\"isPartOf\":{\"@id\":\"https:\/\/centcols.org\/#website\"},\"primaryImageOfPage\":{\"@id\":\"https:\/\/centcols.org\/grand-est-plancher-les-mines-70290-samedi-27-mai-2023\/#primaryimage\"},\"image\":{\"@id\":\"https:\/\/centcols.org\/grand-est-plancher-les-mines-70290-samedi-27-mai-2023\/#primaryimage\"},\"thumbnailUrl\":\"https:\/\/centcols.org\/wp-content\/uploads\/2022\/12\/sansnom.jpg\",\"datePublished\":\"2022-12-02T07:00:00+00:00\",\"dateModified\":\"2025-10-14T12:24:34+00:00\",\"breadcrumb\":{\"@id\":\"https:\/\/centcols.org\/grand-est-plancher-les-mines-70290-samedi-27-mai-2023\/#breadcrumb\"},\"inLanguage\":\"en-GB\",\"potentialAction\":[{\"@type\":\"ReadAction\",\"target\":[\"https:\/\/centcols.org\/grand-est-plancher-les-mines-70290-samedi-27-mai-2023\/\"]}]},{\"@type\":\"ImageObject\",\"inLanguage\":\"en-GB\",\"@id\":\"https:\/\/centcols.org\/grand-est-plancher-les-mines-70290-samedi-27-mai-2023\/#primaryimage\",\"url\":\"https:\/\/centcols.org\/wp-content\/uploads\/2022\/12\/sansnom.jpg\",\"contentUrl\":\"https:\/\/centcols.org\/wp-content\/uploads\/2022\/12\/sansnom.jpg\",\"width\":800,\"height\":450},{\"@type\":\"BreadcrumbList\",\"@id\":\"https:\/\/centcols.org\/grand-est-plancher-les-mines-70290-samedi-27-mai-2023\/#breadcrumb\",\"itemListElement\":[{\"@type\":\"ListItem\",\"position\":1,\"name\":\"Accueil\",\"item\":\"https:\/\/centcols.org\/\"},{\"@type\":\"ListItem\",\"position\":2,\"name\":\"Rencontres r\u00e9gionales\",\"item\":\"https:\/\/centcols.org\/rubrique\/rencontres-regionales\/\"},{\"@type\":\"ListItem\",\"position\":3,\"name\":\"Grand-Est, Plancher-les-Mines 70290, samedi 27 mai 2023\"}]},{\"@type\":\"WebSite\",\"@id\":\"https:\/\/centcols.org\/#website\",\"url\":\"https:\/\/centcols.org\/\",\"name\":\"Club des Cent Cols\",\"description\":\"\",\"publisher\":{\"@id\":\"https:\/\/centcols.org\/#organization\"},\"potentialAction\":[{\"@type\":\"SearchAction\",\"target\":{\"@type\":\"EntryPoint\",\"urlTemplate\":\"https:\/\/centcols.org\/?s={search_term_string}\"},\"query-input\":{\"@type\":\"PropertyValueSpecification\",\"valueRequired\":true,\"valueName\":\"search_term_string\"}}],\"inLanguage\":\"en-GB\"},{\"@type\":\"Organization\",\"@id\":\"https:\/\/centcols.org\/#organization\",\"name\":\"Club des Cent Cols\",\"url\":\"https:\/\/centcols.org\/\",\"logo\":{\"@type\":\"ImageObject\",\"inLanguage\":\"en-GB\",\"@id\":\"https:\/\/centcols.org\/#\/schema\/logo\/image\/\",\"url\":\"https:\/\/centcols.org\/wp-content\/uploads\/2025\/01\/carte-icone.png\",\"contentUrl\":\"https:\/\/centcols.org\/wp-content\/uploads\/2025\/01\/carte-icone.png\",\"width\":250,\"height\":250,\"caption\":\"Club des Cent Cols\"},\"image\":{\"@id\":\"https:\/\/centcols.org\/#\/schema\/logo\/image\/\"},\"sameAs\":[\"https:\/\/www.facebook.com\/groups\/5261880558\/?locale=fr_FR\"]},{\"@type\":\"Person\",\"@id\":\"https:\/\/centcols.org\/#\/schema\/person\/86c3ec6889d88501a29fccac614bebf8\",\"name\":\"Enrico Alberini\",\"image\":{\"@type\":\"ImageObject\",\"inLanguage\":\"en-GB\",\"@id\":\"https:\/\/centcols.org\/wp-content\/litespeed\/avatar\/1b26e36a18d85acc8b0f860f9628213f.jpg?ver=1777240766\",\"url\":\"https:\/\/centcols.org\/wp-content\/litespeed\/avatar\/1b26e36a18d85acc8b0f860f9628213f.jpg?ver=1777240766\",\"contentUrl\":\"https:\/\/centcols.org\/wp-content\/litespeed\/avatar\/1b26e36a18d85acc8b0f860f9628213f.jpg?ver=1777240766\",\"caption\":\"Enrico Alberini\"},\"url\":\"https:\/\/centcols.org\/en\/author\/5065\/\"}]}<\/script>\n<!-- \/ Yoast SEO plugin. -->","yoast_head_json":{"title":"Grand-Est, Plancher-les-Mines 70290, Saturday 27 May 2023 - Club des Cent Cols","robots":{"index":"index","follow":"follow","max-snippet":"max-snippet:-1","max-image-preview":"max-image-preview:large","max-video-preview":"max-video-preview:-1"},"canonical":"https:\/\/centcols.org\/en\/grand-est-plancher-les-mines-70290-saturday-27-may-2023\/","og_locale":"en_GB","og_type":"article","og_title":"Grand-Est, Plancher-les-Mines 70290, samedi 27 mai 2023 - Club des Cent Cols","og_description":"Le rassemblement r\u00e9gional du GRAND-EST 2023 est pr\u00e9vu le 27 Mai 2023, le d\u00e9part sera donn\u00e9 \u00e0 9h de Plancher-les-Mines 70290. Un pot d\u2019accueil sera servi \u00e0 partir de 8h sur le parking du d\u00e9part qui est situ\u00e9 dans la commune \u00e0 l&rsquo;impasse du canal ( prendre \u00e0 droite la rue du pont du Var, [&hellip;]","og_url":"https:\/\/centcols.org\/en\/grand-est-plancher-les-mines-70290-saturday-27-may-2023\/","og_site_name":"Club des Cent Cols","article_publisher":"https:\/\/www.facebook.com\/groups\/5261880558\/?locale=fr_FR","article_published_time":"2022-12-02T07:00:00+00:00","article_modified_time":"2025-10-14T12:24:34+00:00","og_image":[{"width":800,"height":450,"url":"https:\/\/centcols.org\/wp-content\/uploads\/2022\/12\/sansnom.jpg","type":"image\/jpeg"}],"author":"Enrico Alberini","twitter_card":"summary_large_image","twitter_misc":{"Written by":"Enrico Alberini","Estimated reading time":"4 minutes"},"schema":{"@context":"https:\/\/schema.org","@graph":[{"@type":"Article","@id":"https:\/\/centcols.org\/grand-est-plancher-les-mines-70290-samedi-27-mai-2023\/#article","isPartOf":{"@id":"https:\/\/centcols.org\/grand-est-plancher-les-mines-70290-samedi-27-mai-2023\/"},"author":{"name":"Enrico Alberini","@id":"https:\/\/centcols.org\/#\/schema\/person\/86c3ec6889d88501a29fccac614bebf8"},"headline":"Grand-Est, Plancher-les-Mines 70290, samedi 27 mai 2023","datePublished":"2022-12-02T07:00:00+00:00","dateModified":"2025-10-14T12:24:34+00:00","mainEntityOfPage":{"@id":"https:\/\/centcols.org\/grand-est-plancher-les-mines-70290-samedi-27-mai-2023\/"},"wordCount":592,"commentCount":0,"publisher":{"@id":"https:\/\/centcols.org\/#organization"},"image":{"@id":"https:\/\/centcols.org\/grand-est-plancher-les-mines-70290-samedi-27-mai-2023\/#primaryimage"},"thumbnailUrl":"https:\/\/centcols.org\/wp-content\/uploads\/2022\/12\/sansnom.jpg","articleSection":["2023-rassemblements","Calendrier","Rencontres r\u00e9gionales"],"inLanguage":"en-GB","potentialAction":[{"@type":"CommentAction","name":"Comment","target":["https:\/\/centcols.org\/grand-est-plancher-les-mines-70290-samedi-27-mai-2023\/#respond"]}]},{"@type":"WebPage","@id":"https:\/\/centcols.org\/grand-est-plancher-les-mines-70290-samedi-27-mai-2023\/","url":"https:\/\/centcols.org\/grand-est-plancher-les-mines-70290-samedi-27-mai-2023\/","name":"Grand-Est, Plancher-les-Mines 70290, Saturday 27 May 2023 - Club des Cent Cols","isPartOf":{"@id":"https:\/\/centcols.org\/#website"},"primaryImageOfPage":{"@id":"https:\/\/centcols.org\/grand-est-plancher-les-mines-70290-samedi-27-mai-2023\/#primaryimage"},"image":{"@id":"https:\/\/centcols.org\/grand-est-plancher-les-mines-70290-samedi-27-mai-2023\/#primaryimage"},"thumbnailUrl":"https:\/\/centcols.org\/wp-content\/uploads\/2022\/12\/sansnom.jpg","datePublished":"2022-12-02T07:00:00+00:00","dateModified":"2025-10-14T12:24:34+00:00","breadcrumb":{"@id":"https:\/\/centcols.org\/grand-est-plancher-les-mines-70290-samedi-27-mai-2023\/#breadcrumb"},"inLanguage":"en-GB","potentialAction":[{"@type":"ReadAction","target":["https:\/\/centcols.org\/grand-est-plancher-les-mines-70290-samedi-27-mai-2023\/"]}]},{"@type":"ImageObject","inLanguage":"en-GB","@id":"https:\/\/centcols.org\/grand-est-plancher-les-mines-70290-samedi-27-mai-2023\/#primaryimage","url":"https:\/\/centcols.org\/wp-content\/uploads\/2022\/12\/sansnom.jpg","contentUrl":"https:\/\/centcols.org\/wp-content\/uploads\/2022\/12\/sansnom.jpg","width":800,"height":450},{"@type":"BreadcrumbList","@id":"https:\/\/centcols.org\/grand-est-plancher-les-mines-70290-samedi-27-mai-2023\/#breadcrumb","itemListElement":[{"@type":"ListItem","position":1,"name":"Accueil","item":"https:\/\/centcols.org\/"},{"@type":"ListItem","position":2,"name":"Rencontres r\u00e9gionales","item":"https:\/\/centcols.org\/rubrique\/rencontres-regionales\/"},{"@type":"ListItem","position":3,"name":"Grand-Est, Plancher-les-Mines 70290, samedi 27 mai 2023"}]},{"@type":"WebSite","@id":"https:\/\/centcols.org\/#website","url":"https:\/\/centcols.org\/","name":"Club des Cent Cols","description":"","publisher":{"@id":"https:\/\/centcols.org\/#organization"},"potentialAction":[{"@type":"SearchAction","target":{"@type":"EntryPoint","urlTemplate":"https:\/\/centcols.org\/?s={search_term_string}"},"query-input":{"@type":"PropertyValueSpecification","valueRequired":true,"valueName":"search_term_string"}}],"inLanguage":"en-GB"},{"@type":"Organization","@id":"https:\/\/centcols.org\/#organization","name":"Club des Cent Cols","url":"https:\/\/centcols.org\/","logo":{"@type":"ImageObject","inLanguage":"en-GB","@id":"https:\/\/centcols.org\/#\/schema\/logo\/image\/","url":"https:\/\/centcols.org\/wp-content\/uploads\/2025\/01\/carte-icone.png","contentUrl":"https:\/\/centcols.org\/wp-content\/uploads\/2025\/01\/carte-icone.png","width":250,"height":250,"caption":"Club des Cent Cols"},"image":{"@id":"https:\/\/centcols.org\/#\/schema\/logo\/image\/"},"sameAs":["https:\/\/www.facebook.com\/groups\/5261880558\/?locale=fr_FR"]},{"@type":"Person","@id":"https:\/\/centcols.org\/#\/schema\/person\/86c3ec6889d88501a29fccac614bebf8","name":"Enrico Alberini","image":{"@type":"ImageObject","inLanguage":"en-GB","@id":"https:\/\/centcols.org\/wp-content\/litespeed\/avatar\/1b26e36a18d85acc8b0f860f9628213f.jpg?ver=1777240766","url":"https:\/\/centcols.org\/wp-content\/litespeed\/avatar\/1b26e36a18d85acc8b0f860f9628213f.jpg?ver=1777240766","contentUrl":"https:\/\/centcols.org\/wp-content\/litespeed\/avatar\/1b26e36a18d85acc8b0f860f9628213f.jpg?ver=1777240766","caption":"Enrico Alberini"},"url":"https:\/\/centcols.org\/en\/author\/5065\/"}]}},"_links":{"self":[{"href":"https:\/\/centcols.org\/en\/wp-json\/wp\/v2\/posts\/82395","targetHints":{"allow":["GET"]}}],"collection":[{"href":"https:\/\/centcols.org\/en\/wp-json\/wp\/v2\/posts"}],"about":[{"href":"https:\/\/centcols.org\/en\/wp-json\/wp\/v2\/types\/post"}],"author":[{"embeddable":true,"href":"https:\/\/centcols.org\/en\/wp-json\/wp\/v2\/users\/58"}],"replies":[{"embeddable":true,"href":"https:\/\/centcols.org\/en\/wp-json\/wp\/v2\/comments?post=82395"}],"version-history":[{"count":0,"href":"https:\/\/centcols.org\/en\/wp-json\/wp\/v2\/posts\/82395\/revisions"}],"wp:featuredmedia":[{"embeddable":true,"href":"https:\/\/centcols.org\/en\/wp-json\/wp\/v2\/media\/83747"}],"wp:attachment":[{"href":"https:\/\/centcols.org\/en\/wp-json\/wp\/v2\/media?parent=82395"}],"wp:term":[{"taxonomy":"category","embeddable":true,"href":"https:\/\/centcols.org\/en\/wp-json\/wp\/v2\/categories?post=82395"},{"taxonomy":"post_tag","embeddable":true,"href":"https:\/\/centcols.org\/en\/wp-json\/wp\/v2\/tags?post=82395"}],"curies":[{"name":"wp","href":"https:\/\/api.w.org\/{rel}","templated":true}]}}