{"id":82449,"date":"2023-07-11T14:31:07","date_gmt":"2023-07-11T12:31:07","guid":{"rendered":"https:\/\/centcols.org\/fr-2b-les-cretes-du-niolu-vtt-gravel-45-km-d-1500-m-7-cols\/"},"modified":"2025-09-12T19:54:29","modified_gmt":"2025-09-12T17:54:29","slug":"fr-2b-les-cretes-du-niolu-mountain-bike-gravel-45-km-d-1500-m-7-passes","status":"publish","type":"post","link":"https:\/\/centcols.org\/en\/fr-2b-les-cretes-du-niolu-vtt-gravel-45-km-d-1500-m-7-cols\/","title":{"rendered":"FR-2B Les Cr\u00eates du Niolu - MTB\/Gravel 45 km, D+ 1500 m, 7 passes"},"content":{"rendered":"<iframe width=\"100%\" height=\"650\" loading=\"lazy\" src=\"https:\/\/www.openrunner.com\/embed\/58316362553131306763664b61635854454d616d69643362333567793177645245417041743948424165493d3a3a5dccdab96407fc283e16bcf779be4c2c?unit=metric\" style=\"border: none;\"><\/iframe>\n\n\n\n<h2 class=\"wp-block-heading\">Author description<\/h2>\n\n\n\n<p><strong>Author <\/strong>Bernard Giraudeau<\/p>\n\n\n\n<p><strong>Course<\/strong> to be carried out in 2019<\/p>\n\n\n\n<p><strong>Departure<\/strong> Parking area near the Calacuccia dam. Height: 810 m<\/p>\n\n\n\n<h2 class=\"wp-block-heading\">Tourist information<\/h2>\n\n\n\n<p>The southern ridges of the Niolu are a wonderful vantage point over the vast, green depression of the Golo valley known as the Niolu. The north-western horizon is dominated by the Monte Cinto massif, Corsica's highest peak (2,706m), and its satellites, all over 2,500m high.<\/p>\n\n\n\n<p>To the south-east, you can see the gorges of another of Corsica's great rivers, the Tavignanu upstream from Corte.<\/p>\n\n\n\n<p><strong>7 collars<\/strong><\/p>\n\n\n\n<figure class=\"wp-block-table is-style-stripes\"><table class=\"has-fixed-layout\"><tbody><tr><td>1 - Bocca a Croce<br>2 - Bocca Capizzolu<br>3 - Bocca di l'Arinella<br>4 - Bocca Aleri<br>5 - Colletta di Melo<br>6 - Bocca di Conia<br>7 - Bocca a Canaghia<\/td><td><a href=\"https:\/\/centcols.org\/en\/util\/geo\/visu.php\/?code=FR-2B-1602b\" target=\"_blank\" rel=\"noreferrer noopener\">FR-2B-1602b<\/a><br><a href=\"https:\/\/centcols.org\/en\/util\/geo\/visu.php\/?code=FR-2B-1602a\" target=\"_blank\" rel=\"noreferrer noopener\">FR-2B-1602a<\/a><br><a href=\"https:\/\/centcols.org\/en\/util\/geo\/visu.php\/?code=FR-2B-1592\" target=\"_blank\" rel=\"noreferrer noopener\">FR-2B-1592<\/a><br><a href=\"https:\/\/centcols.org\/en\/util\/geo\/visu.php\/?code=FR-2B-1575\" target=\"_blank\" rel=\"noreferrer noopener\">FR-2B-1575<\/a><br><a href=\"https:\/\/centcols.org\/en\/util\/geo\/visu.php\/?code=FR-2B-1444\">FR-2B-1<\/a><a href=\"https:\/\/centcols.org\/en\/util\/geo\/visu.php\/?code=FR-2B-1444\" target=\"_blank\" rel=\"noreferrer noopener\">4<\/a><a href=\"https:\/\/centcols.org\/en\/util\/geo\/visu.php\/?code=FR-2B-1444\">44<\/a><br><a href=\"https:\/\/centcols.org\/en\/util\/geo\/visu.php\/?code=FR-2B-1669\" target=\"_blank\" rel=\"noreferrer noopener\">FR-2B-1669<\/a><br><a href=\"https:\/\/centcols.org\/en\/util\/geo\/visu.php\/?code=FR-2B-1815\" target=\"_blank\" rel=\"noreferrer noopener\">FR-2B-1815<\/a><\/td><\/tr><\/tbody><\/table><\/figure>\n\n\n\n<h2 class=\"wp-block-heading\">Technical specifications<\/h2>\n\n\n\n<p>The tarmac section covers 15% of the route, i.e. 6.8 km.<\/p>\n\n\n\n<p>Forestry or DFCI tracks account for 72%, or 33 km.<\/p>\n\n\n\n<p>Three sectors on footpaths will be easy. The final sectors around Bocca di Conia (S2-3) and Bocca a Canaghia (R2) will be more challenging.<\/p>\n\n\n\n<p>A Gravel bike can therefore be used over a wide area.<\/p>\n\n\n\n<p><strong>Keywords<\/strong> Niolu, Calacuccia, Albertacce, Casamaccioli, centcols<\/p>\n\n\n\n<p><strong>Openrunner link, interactive map, profile, gpx track<\/strong> : <strong><a href=\"https:\/\/www.openrunner.com\/route-details\/16608615\" target=\"_blank\" rel=\"noreferrer noopener\">https:\/\/www.openrunner.com\/route-details\/16608615<\/a><\/strong><\/p>\n\n\n\n<p>This itinerary is provided for information only. The author accepts no liability, nor that of the Club des Cent Cols, for any imponderables due to the cyclist himself, the equipment used or anything to do with the road, tracks and paths, their surroundings or other users.<\/p>\n\n\n\n<h2 class=\"wp-block-heading\">Photos<\/h2>\n\n\n<div class=\"wp-block-image\">\n<figure class=\"aligncenter size-full is-resized\"><a href=\"https:\/\/centcols.org\/wp-content\/uploads\/2023\/07\/Piste-R1-depuis-Bocca-Aleri1.jpg\"><img loading=\"lazy\" decoding=\"async\" width=\"800\" height=\"600\" src=\"https:\/\/centcols.org\/wp-content\/uploads\/2023\/07\/Piste-R1-depuis-Bocca-Aleri1.jpg\" alt=\"\" class=\"wp-image-89922\" style=\"width:800px\" srcset=\"https:\/\/centcols.org\/wp-content\/uploads\/2023\/07\/Piste-R1-depuis-Bocca-Aleri1.jpg 800w, https:\/\/centcols.org\/wp-content\/uploads\/2023\/07\/Piste-R1-depuis-Bocca-Aleri1-768x576.jpg 768w, https:\/\/centcols.org\/wp-content\/uploads\/2023\/07\/Piste-R1-depuis-Bocca-Aleri1-16x12.jpg 16w\" sizes=\"auto, (max-width: 800px) 100vw, 800px\" \/><\/a><figcaption class=\"wp-element-caption\"><strong>R1 trail from Bocca Aleri<\/strong><\/figcaption><\/figure>\n<\/div>\n\n<div class=\"wp-block-image\">\n<figure class=\"aligncenter size-full is-resized\"><a href=\"https:\/\/centcols.org\/wp-content\/uploads\/2023\/07\/Monte-Cinto-sans-legende1.jpg\"><img loading=\"lazy\" decoding=\"async\" width=\"800\" height=\"600\" src=\"https:\/\/centcols.org\/wp-content\/uploads\/2023\/07\/Monte-Cinto-sans-legende1.jpg\" alt=\"\" class=\"wp-image-89923\" style=\"width:800px\" srcset=\"https:\/\/centcols.org\/wp-content\/uploads\/2023\/07\/Monte-Cinto-sans-legende1.jpg 800w, https:\/\/centcols.org\/wp-content\/uploads\/2023\/07\/Monte-Cinto-sans-legende1-768x576.jpg 768w, https:\/\/centcols.org\/wp-content\/uploads\/2023\/07\/Monte-Cinto-sans-legende1-16x12.jpg 16w\" sizes=\"auto, (max-width: 800px) 100vw, 800px\" \/><\/a><figcaption class=\"wp-element-caption\"><strong>Monte Cinto<\/strong><\/figcaption><\/figure>\n<\/div>\n\n<div class=\"wp-block-image\">\n<figure class=\"aligncenter size-full is-resized\"><a href=\"https:\/\/centcols.org\/wp-content\/uploads\/2023\/07\/Les-bergerie-de-Conia1.jpg\"><img loading=\"lazy\" decoding=\"async\" width=\"800\" height=\"600\" src=\"https:\/\/centcols.org\/wp-content\/uploads\/2023\/07\/Les-bergerie-de-Conia1.jpg\" alt=\"\" class=\"wp-image-89924\" style=\"width:800px\" srcset=\"https:\/\/centcols.org\/wp-content\/uploads\/2023\/07\/Les-bergerie-de-Conia1.jpg 800w, https:\/\/centcols.org\/wp-content\/uploads\/2023\/07\/Les-bergerie-de-Conia1-768x576.jpg 768w, https:\/\/centcols.org\/wp-content\/uploads\/2023\/07\/Les-bergerie-de-Conia1-16x12.jpg 16w\" sizes=\"auto, (max-width: 800px) 100vw, 800px\" \/><\/a><figcaption class=\"wp-element-caption\"><strong>Les Bergeries de Conia<\/strong><\/figcaption><\/figure>\n<\/div>\n\n<div class=\"wp-block-image\">\n<figure class=\"aligncenter size-full is-resized\"><a href=\"https:\/\/centcols.org\/wp-content\/uploads\/2023\/07\/Bocca-Cappizzolu-Sans-L1.jpg\"><img loading=\"lazy\" decoding=\"async\" width=\"800\" height=\"600\" src=\"https:\/\/centcols.org\/wp-content\/uploads\/2023\/07\/Bocca-Cappizzolu-Sans-L1.jpg\" alt=\"\" class=\"wp-image-89925\" style=\"width:800px\" srcset=\"https:\/\/centcols.org\/wp-content\/uploads\/2023\/07\/Bocca-Cappizzolu-Sans-L1.jpg 800w, https:\/\/centcols.org\/wp-content\/uploads\/2023\/07\/Bocca-Cappizzolu-Sans-L1-768x576.jpg 768w, https:\/\/centcols.org\/wp-content\/uploads\/2023\/07\/Bocca-Cappizzolu-Sans-L1-16x12.jpg 16w\" sizes=\"auto, (max-width: 800px) 100vw, 800px\" \/><\/a><figcaption class=\"wp-element-caption\"><strong>Bocca Cappizzolu <\/strong><\/figcaption><\/figure>\n<\/div>","protected":false},"excerpt":{"rendered":"<p>Description de l\u2019auteur Auteur : Bernard Giraudeau Parcours : effectu\u00e9 en 2019 D\u00e9part : aire de stationnement proche du barrage de Calacuccia. Alt : 810 m Descriptif touristique Les cr\u00eates sud du Niolu sont un formidable belv\u00e9d\u00e8re sur la vaste d\u00e9pression verdoyante de la vall\u00e9e du Golo connue sous le nom de Niolu. L\u2019horizon au [&hellip;]<\/p>\n","protected":false},"author":3,"featured_media":82886,"comment_status":"open","ping_status":"open","sticky":false,"template":"","format":"standard","meta":{"_acf_changed":false,"footnotes":""},"categories":[303,319,320,331,327,326,220],"tags":[],"class_list":["post-82449","post","type-post","status-publish","format-standard","has-post-thumbnail","hentry","category-parcours-france","category-vtt-type-parcours","category-gravel-type-parcours","category-corse-region-parcours-membres","category-corse-massif-parcours-membres","category-corse-departement","category-parcours-membres"],"acf":[],"yoast_head":"<!-- This site is optimized with the Yoast SEO plugin v27.2 - https:\/\/yoast.com\/product\/yoast-seo-wordpress\/ -->\n<title>FR-2B Les Cr\u00eates du Niolu - VTT\/Gravel 45 km, D+ 1500 m, 7 cols - Club des Cent Cols<\/title>\n<meta name=\"robots\" content=\"index, follow, max-snippet:-1, max-image-preview:large, max-video-preview:-1\" \/>\n<link rel=\"canonical\" href=\"https:\/\/centcols.org\/en\/fr-2b-les-cretes-du-niolu-mountain-bike-gravel-45-km-d-1500-m-7-passes\/\" \/>\n<meta property=\"og:locale\" content=\"en_GB\" \/>\n<meta property=\"og:type\" content=\"article\" \/>\n<meta property=\"og:title\" content=\"FR-2B Les Cr\u00eates du Niolu - VTT\/Gravel 45 km, D+ 1500 m, 7 cols - Club des Cent Cols\" \/>\n<meta property=\"og:description\" content=\"Description de l\u2019auteur Auteur : Bernard Giraudeau Parcours : effectu\u00e9 en 2019 D\u00e9part : aire de stationnement proche du barrage de Calacuccia. Alt : 810 m Descriptif touristique Les cr\u00eates sud du Niolu sont un formidable belv\u00e9d\u00e8re sur la vaste d\u00e9pression verdoyante de la vall\u00e9e du Golo connue sous le nom de Niolu. L\u2019horizon au [&hellip;]\" \/>\n<meta property=\"og:url\" content=\"https:\/\/centcols.org\/en\/fr-2b-les-cretes-du-niolu-mountain-bike-gravel-45-km-d-1500-m-7-passes\/\" \/>\n<meta property=\"og:site_name\" content=\"Club des Cent Cols\" \/>\n<meta property=\"article:publisher\" content=\"https:\/\/www.facebook.com\/groups\/5261880558\/?locale=fr_FR\" \/>\n<meta property=\"article:published_time\" content=\"2023-07-11T12:31:07+00:00\" \/>\n<meta property=\"article:modified_time\" content=\"2025-09-12T17:54:29+00:00\" \/>\n<meta property=\"og:image\" content=\"https:\/\/centcols.org\/wp-content\/uploads\/2023\/07\/Piste-R1-depuis-Bocca-Aleri-500x3751-1.jpg\" \/>\n\t<meta property=\"og:image:width\" content=\"500\" \/>\n\t<meta property=\"og:image:height\" content=\"375\" \/>\n\t<meta property=\"og:image:type\" content=\"image\/jpeg\" \/>\n<meta name=\"author\" content=\"Webmestre\" \/>\n<meta name=\"twitter:card\" content=\"summary_large_image\" \/>\n<meta name=\"twitter:label1\" content=\"Written by\" \/>\n\t<meta name=\"twitter:data1\" content=\"Webmestre\" \/>\n\t<meta name=\"twitter:label2\" content=\"Estimated reading time\" \/>\n\t<meta name=\"twitter:data2\" content=\"3 minutes\" \/>\n<script type=\"application\/ld+json\" class=\"yoast-schema-graph\">{\"@context\":\"https:\/\/schema.org\",\"@graph\":[{\"@type\":\"Article\",\"@id\":\"https:\/\/centcols.org\/fr-2b-les-cretes-du-niolu-vtt-gravel-45-km-d-1500-m-7-cols\/#article\",\"isPartOf\":{\"@id\":\"https:\/\/centcols.org\/fr-2b-les-cretes-du-niolu-vtt-gravel-45-km-d-1500-m-7-cols\/\"},\"author\":{\"name\":\"Webmestre\",\"@id\":\"https:\/\/centcols.org\/#\/schema\/person\/911b404fb133d8c913dd27cdcf71c8e5\"},\"headline\":\"FR-2B Les Cr\u00eates du Niolu &#8211; VTT\/Gravel 45 km, D+ 1500 m, 7 cols\",\"datePublished\":\"2023-07-11T12:31:07+00:00\",\"dateModified\":\"2025-09-12T17:54:29+00:00\",\"mainEntityOfPage\":{\"@id\":\"https:\/\/centcols.org\/fr-2b-les-cretes-du-niolu-vtt-gravel-45-km-d-1500-m-7-cols\/\"},\"wordCount\":303,\"commentCount\":0,\"publisher\":{\"@id\":\"https:\/\/centcols.org\/#organization\"},\"image\":{\"@id\":\"https:\/\/centcols.org\/fr-2b-les-cretes-du-niolu-vtt-gravel-45-km-d-1500-m-7-cols\/#primaryimage\"},\"thumbnailUrl\":\"https:\/\/centcols.org\/wp-content\/uploads\/2023\/07\/Piste-R1-depuis-Bocca-Aleri-500x3751-1.jpg\",\"articleSection\":[\"Parcours France\",\"VTT\",\"Gravel\",\"Corse\",\"Corse\",\"20-Corse\",\"Parcours membres\"],\"inLanguage\":\"en-GB\",\"potentialAction\":[{\"@type\":\"CommentAction\",\"name\":\"Comment\",\"target\":[\"https:\/\/centcols.org\/fr-2b-les-cretes-du-niolu-vtt-gravel-45-km-d-1500-m-7-cols\/#respond\"]}]},{\"@type\":\"WebPage\",\"@id\":\"https:\/\/centcols.org\/fr-2b-les-cretes-du-niolu-vtt-gravel-45-km-d-1500-m-7-cols\/\",\"url\":\"https:\/\/centcols.org\/fr-2b-les-cretes-du-niolu-vtt-gravel-45-km-d-1500-m-7-cols\/\",\"name\":\"FR-2B Les Cr\u00eates du Niolu - VTT\/Gravel 45 km, D+ 1500 m, 7 cols - Club des Cent Cols\",\"isPartOf\":{\"@id\":\"https:\/\/centcols.org\/#website\"},\"primaryImageOfPage\":{\"@id\":\"https:\/\/centcols.org\/fr-2b-les-cretes-du-niolu-vtt-gravel-45-km-d-1500-m-7-cols\/#primaryimage\"},\"image\":{\"@id\":\"https:\/\/centcols.org\/fr-2b-les-cretes-du-niolu-vtt-gravel-45-km-d-1500-m-7-cols\/#primaryimage\"},\"thumbnailUrl\":\"https:\/\/centcols.org\/wp-content\/uploads\/2023\/07\/Piste-R1-depuis-Bocca-Aleri-500x3751-1.jpg\",\"datePublished\":\"2023-07-11T12:31:07+00:00\",\"dateModified\":\"2025-09-12T17:54:29+00:00\",\"breadcrumb\":{\"@id\":\"https:\/\/centcols.org\/fr-2b-les-cretes-du-niolu-vtt-gravel-45-km-d-1500-m-7-cols\/#breadcrumb\"},\"inLanguage\":\"en-GB\",\"potentialAction\":[{\"@type\":\"ReadAction\",\"target\":[\"https:\/\/centcols.org\/fr-2b-les-cretes-du-niolu-vtt-gravel-45-km-d-1500-m-7-cols\/\"]}]},{\"@type\":\"ImageObject\",\"inLanguage\":\"en-GB\",\"@id\":\"https:\/\/centcols.org\/fr-2b-les-cretes-du-niolu-vtt-gravel-45-km-d-1500-m-7-cols\/#primaryimage\",\"url\":\"https:\/\/centcols.org\/wp-content\/uploads\/2023\/07\/Piste-R1-depuis-Bocca-Aleri-500x3751-1.jpg\",\"contentUrl\":\"https:\/\/centcols.org\/wp-content\/uploads\/2023\/07\/Piste-R1-depuis-Bocca-Aleri-500x3751-1.jpg\",\"width\":500,\"height\":375},{\"@type\":\"BreadcrumbList\",\"@id\":\"https:\/\/centcols.org\/fr-2b-les-cretes-du-niolu-vtt-gravel-45-km-d-1500-m-7-cols\/#breadcrumb\",\"itemListElement\":[{\"@type\":\"ListItem\",\"position\":1,\"name\":\"Accueil\",\"item\":\"https:\/\/centcols.org\/\"},{\"@type\":\"ListItem\",\"position\":2,\"name\":\"Parcours membres\",\"item\":\"https:\/\/centcols.org\/rubrique\/parcours-membres\/\"},{\"@type\":\"ListItem\",\"position\":3,\"name\":\"Pays\",\"item\":\"https:\/\/centcols.org\/rubrique\/parcours-membres\/pays-parcours-membres\/\"},{\"@type\":\"ListItem\",\"position\":4,\"name\":\"Parcours France\",\"item\":\"https:\/\/centcols.org\/rubrique\/parcours-membres\/pays-parcours-membres\/parcours-france\/\"},{\"@type\":\"ListItem\",\"position\":5,\"name\":\"FR-2B Les Cr\u00eates du Niolu &#8211; VTT\/Gravel 45 km, D+ 1500 m, 7 cols\"}]},{\"@type\":\"WebSite\",\"@id\":\"https:\/\/centcols.org\/#website\",\"url\":\"https:\/\/centcols.org\/\",\"name\":\"Club des Cent Cols\",\"description\":\"\",\"publisher\":{\"@id\":\"https:\/\/centcols.org\/#organization\"},\"potentialAction\":[{\"@type\":\"SearchAction\",\"target\":{\"@type\":\"EntryPoint\",\"urlTemplate\":\"https:\/\/centcols.org\/?s={search_term_string}\"},\"query-input\":{\"@type\":\"PropertyValueSpecification\",\"valueRequired\":true,\"valueName\":\"search_term_string\"}}],\"inLanguage\":\"en-GB\"},{\"@type\":\"Organization\",\"@id\":\"https:\/\/centcols.org\/#organization\",\"name\":\"Club des Cent Cols\",\"url\":\"https:\/\/centcols.org\/\",\"logo\":{\"@type\":\"ImageObject\",\"inLanguage\":\"en-GB\",\"@id\":\"https:\/\/centcols.org\/#\/schema\/logo\/image\/\",\"url\":\"https:\/\/centcols.org\/wp-content\/uploads\/2025\/01\/carte-icone.png\",\"contentUrl\":\"https:\/\/centcols.org\/wp-content\/uploads\/2025\/01\/carte-icone.png\",\"width\":250,\"height\":250,\"caption\":\"Club des Cent Cols\"},\"image\":{\"@id\":\"https:\/\/centcols.org\/#\/schema\/logo\/image\/\"},\"sameAs\":[\"https:\/\/www.facebook.com\/groups\/5261880558\/?locale=fr_FR\"]},{\"@type\":\"Person\",\"@id\":\"https:\/\/centcols.org\/#\/schema\/person\/911b404fb133d8c913dd27cdcf71c8e5\",\"name\":\"Webmestre\",\"image\":{\"@type\":\"ImageObject\",\"inLanguage\":\"en-GB\",\"@id\":\"https:\/\/centcols.org\/wp-content\/litespeed\/avatar\/2d246e4b6b4f773e08515e1ffc53690b.jpg?ver=1777222892\",\"url\":\"https:\/\/centcols.org\/wp-content\/litespeed\/avatar\/2d246e4b6b4f773e08515e1ffc53690b.jpg?ver=1777222892\",\"contentUrl\":\"https:\/\/centcols.org\/wp-content\/litespeed\/avatar\/2d246e4b6b4f773e08515e1ffc53690b.jpg?ver=1777222892\",\"caption\":\"Webmestre\"},\"url\":\"https:\/\/centcols.org\/en\/author\/webmestre\/\"}]}<\/script>\n<!-- \/ Yoast SEO plugin. -->","yoast_head_json":{"title":"FR-2B Les Cr\u00eates du Niolu - MTB\/Gravel 45 km, D+ 1500 m, 7 passes - Club des Cent Cols","robots":{"index":"index","follow":"follow","max-snippet":"max-snippet:-1","max-image-preview":"max-image-preview:large","max-video-preview":"max-video-preview:-1"},"canonical":"https:\/\/centcols.org\/en\/fr-2b-les-cretes-du-niolu-mountain-bike-gravel-45-km-d-1500-m-7-passes\/","og_locale":"en_GB","og_type":"article","og_title":"FR-2B Les Cr\u00eates du Niolu - VTT\/Gravel 45 km, D+ 1500 m, 7 cols - Club des Cent Cols","og_description":"Description de l\u2019auteur Auteur : Bernard Giraudeau Parcours : effectu\u00e9 en 2019 D\u00e9part : aire de stationnement proche du barrage de Calacuccia. Alt : 810 m Descriptif touristique Les cr\u00eates sud du Niolu sont un formidable belv\u00e9d\u00e8re sur la vaste d\u00e9pression verdoyante de la vall\u00e9e du Golo connue sous le nom de Niolu. L\u2019horizon au [&hellip;]","og_url":"https:\/\/centcols.org\/en\/fr-2b-les-cretes-du-niolu-mountain-bike-gravel-45-km-d-1500-m-7-passes\/","og_site_name":"Club des Cent Cols","article_publisher":"https:\/\/www.facebook.com\/groups\/5261880558\/?locale=fr_FR","article_published_time":"2023-07-11T12:31:07+00:00","article_modified_time":"2025-09-12T17:54:29+00:00","og_image":[{"width":500,"height":375,"url":"https:\/\/centcols.org\/wp-content\/uploads\/2023\/07\/Piste-R1-depuis-Bocca-Aleri-500x3751-1.jpg","type":"image\/jpeg"}],"author":"Webmestre","twitter_card":"summary_large_image","twitter_misc":{"Written by":"Webmestre","Estimated reading time":"3 minutes"},"schema":{"@context":"https:\/\/schema.org","@graph":[{"@type":"Article","@id":"https:\/\/centcols.org\/fr-2b-les-cretes-du-niolu-vtt-gravel-45-km-d-1500-m-7-cols\/#article","isPartOf":{"@id":"https:\/\/centcols.org\/fr-2b-les-cretes-du-niolu-vtt-gravel-45-km-d-1500-m-7-cols\/"},"author":{"name":"Webmestre","@id":"https:\/\/centcols.org\/#\/schema\/person\/911b404fb133d8c913dd27cdcf71c8e5"},"headline":"FR-2B Les Cr\u00eates du Niolu &#8211; VTT\/Gravel 45 km, D+ 1500 m, 7 cols","datePublished":"2023-07-11T12:31:07+00:00","dateModified":"2025-09-12T17:54:29+00:00","mainEntityOfPage":{"@id":"https:\/\/centcols.org\/fr-2b-les-cretes-du-niolu-vtt-gravel-45-km-d-1500-m-7-cols\/"},"wordCount":303,"commentCount":0,"publisher":{"@id":"https:\/\/centcols.org\/#organization"},"image":{"@id":"https:\/\/centcols.org\/fr-2b-les-cretes-du-niolu-vtt-gravel-45-km-d-1500-m-7-cols\/#primaryimage"},"thumbnailUrl":"https:\/\/centcols.org\/wp-content\/uploads\/2023\/07\/Piste-R1-depuis-Bocca-Aleri-500x3751-1.jpg","articleSection":["Parcours France","VTT","Gravel","Corse","Corse","20-Corse","Parcours membres"],"inLanguage":"en-GB","potentialAction":[{"@type":"CommentAction","name":"Comment","target":["https:\/\/centcols.org\/fr-2b-les-cretes-du-niolu-vtt-gravel-45-km-d-1500-m-7-cols\/#respond"]}]},{"@type":"WebPage","@id":"https:\/\/centcols.org\/fr-2b-les-cretes-du-niolu-vtt-gravel-45-km-d-1500-m-7-cols\/","url":"https:\/\/centcols.org\/fr-2b-les-cretes-du-niolu-vtt-gravel-45-km-d-1500-m-7-cols\/","name":"FR-2B Les Cr\u00eates du Niolu - MTB\/Gravel 45 km, D+ 1500 m, 7 passes - Club des Cent Cols","isPartOf":{"@id":"https:\/\/centcols.org\/#website"},"primaryImageOfPage":{"@id":"https:\/\/centcols.org\/fr-2b-les-cretes-du-niolu-vtt-gravel-45-km-d-1500-m-7-cols\/#primaryimage"},"image":{"@id":"https:\/\/centcols.org\/fr-2b-les-cretes-du-niolu-vtt-gravel-45-km-d-1500-m-7-cols\/#primaryimage"},"thumbnailUrl":"https:\/\/centcols.org\/wp-content\/uploads\/2023\/07\/Piste-R1-depuis-Bocca-Aleri-500x3751-1.jpg","datePublished":"2023-07-11T12:31:07+00:00","dateModified":"2025-09-12T17:54:29+00:00","breadcrumb":{"@id":"https:\/\/centcols.org\/fr-2b-les-cretes-du-niolu-vtt-gravel-45-km-d-1500-m-7-cols\/#breadcrumb"},"inLanguage":"en-GB","potentialAction":[{"@type":"ReadAction","target":["https:\/\/centcols.org\/fr-2b-les-cretes-du-niolu-vtt-gravel-45-km-d-1500-m-7-cols\/"]}]},{"@type":"ImageObject","inLanguage":"en-GB","@id":"https:\/\/centcols.org\/fr-2b-les-cretes-du-niolu-vtt-gravel-45-km-d-1500-m-7-cols\/#primaryimage","url":"https:\/\/centcols.org\/wp-content\/uploads\/2023\/07\/Piste-R1-depuis-Bocca-Aleri-500x3751-1.jpg","contentUrl":"https:\/\/centcols.org\/wp-content\/uploads\/2023\/07\/Piste-R1-depuis-Bocca-Aleri-500x3751-1.jpg","width":500,"height":375},{"@type":"BreadcrumbList","@id":"https:\/\/centcols.org\/fr-2b-les-cretes-du-niolu-vtt-gravel-45-km-d-1500-m-7-cols\/#breadcrumb","itemListElement":[{"@type":"ListItem","position":1,"name":"Accueil","item":"https:\/\/centcols.org\/"},{"@type":"ListItem","position":2,"name":"Parcours membres","item":"https:\/\/centcols.org\/rubrique\/parcours-membres\/"},{"@type":"ListItem","position":3,"name":"Pays","item":"https:\/\/centcols.org\/rubrique\/parcours-membres\/pays-parcours-membres\/"},{"@type":"ListItem","position":4,"name":"Parcours France","item":"https:\/\/centcols.org\/rubrique\/parcours-membres\/pays-parcours-membres\/parcours-france\/"},{"@type":"ListItem","position":5,"name":"FR-2B Les Cr\u00eates du Niolu &#8211; VTT\/Gravel 45 km, D+ 1500 m, 7 cols"}]},{"@type":"WebSite","@id":"https:\/\/centcols.org\/#website","url":"https:\/\/centcols.org\/","name":"Club des Cent Cols","description":"","publisher":{"@id":"https:\/\/centcols.org\/#organization"},"potentialAction":[{"@type":"SearchAction","target":{"@type":"EntryPoint","urlTemplate":"https:\/\/centcols.org\/?s={search_term_string}"},"query-input":{"@type":"PropertyValueSpecification","valueRequired":true,"valueName":"search_term_string"}}],"inLanguage":"en-GB"},{"@type":"Organization","@id":"https:\/\/centcols.org\/#organization","name":"Club des Cent Cols","url":"https:\/\/centcols.org\/","logo":{"@type":"ImageObject","inLanguage":"en-GB","@id":"https:\/\/centcols.org\/#\/schema\/logo\/image\/","url":"https:\/\/centcols.org\/wp-content\/uploads\/2025\/01\/carte-icone.png","contentUrl":"https:\/\/centcols.org\/wp-content\/uploads\/2025\/01\/carte-icone.png","width":250,"height":250,"caption":"Club des Cent Cols"},"image":{"@id":"https:\/\/centcols.org\/#\/schema\/logo\/image\/"},"sameAs":["https:\/\/www.facebook.com\/groups\/5261880558\/?locale=fr_FR"]},{"@type":"Person","@id":"https:\/\/centcols.org\/#\/schema\/person\/911b404fb133d8c913dd27cdcf71c8e5","name":"Webmaster","image":{"@type":"ImageObject","inLanguage":"en-GB","@id":"https:\/\/centcols.org\/wp-content\/litespeed\/avatar\/2d246e4b6b4f773e08515e1ffc53690b.jpg?ver=1777222892","url":"https:\/\/centcols.org\/wp-content\/litespeed\/avatar\/2d246e4b6b4f773e08515e1ffc53690b.jpg?ver=1777222892","contentUrl":"https:\/\/centcols.org\/wp-content\/litespeed\/avatar\/2d246e4b6b4f773e08515e1ffc53690b.jpg?ver=1777222892","caption":"Webmestre"},"url":"https:\/\/centcols.org\/en\/author\/webmestre\/"}]}},"_links":{"self":[{"href":"https:\/\/centcols.org\/en\/wp-json\/wp\/v2\/posts\/82449","targetHints":{"allow":["GET"]}}],"collection":[{"href":"https:\/\/centcols.org\/en\/wp-json\/wp\/v2\/posts"}],"about":[{"href":"https:\/\/centcols.org\/en\/wp-json\/wp\/v2\/types\/post"}],"author":[{"embeddable":true,"href":"https:\/\/centcols.org\/en\/wp-json\/wp\/v2\/users\/3"}],"replies":[{"embeddable":true,"href":"https:\/\/centcols.org\/en\/wp-json\/wp\/v2\/comments?post=82449"}],"version-history":[{"count":0,"href":"https:\/\/centcols.org\/en\/wp-json\/wp\/v2\/posts\/82449\/revisions"}],"wp:featuredmedia":[{"embeddable":true,"href":"https:\/\/centcols.org\/en\/wp-json\/wp\/v2\/media\/82886"}],"wp:attachment":[{"href":"https:\/\/centcols.org\/en\/wp-json\/wp\/v2\/media?parent=82449"}],"wp:term":[{"taxonomy":"category","embeddable":true,"href":"https:\/\/centcols.org\/en\/wp-json\/wp\/v2\/categories?post=82449"},{"taxonomy":"post_tag","embeddable":true,"href":"https:\/\/centcols.org\/en\/wp-json\/wp\/v2\/tags?post=82449"}],"curies":[{"name":"wp","href":"https:\/\/api.w.org\/{rel}","templated":true}]}}