{"id":82464,"date":"2023-08-13T14:22:14","date_gmt":"2023-08-13T12:22:14","guid":{"rendered":"https:\/\/centcols.org\/de-bw-foret-noire-haslach-im-kinsigtal-est-gravel-69-km-d-2150-m-18-cols\/"},"modified":"2026-04-07T00:03:57","modified_gmt":"2026-04-06T22:03:57","slug":"de-bw-foret-noire-haslach-im-kinsigtal-est-gravel","status":"publish","type":"post","link":"https:\/\/centcols.org\/en\/de-bw-foret-noire-haslach-im-kinsigtal-est-gravel\/","title":{"rendered":"DE-BW Black Forest Haslach im Kinsigtal east - Gravel 69 km, D+ 2130 m, 18 passes"},"content":{"rendered":"<iframe width=\"100%\" height=\"650\" loading=\"lazy\" src=\"https:\/\/www.openrunner.com\/embed\/7a32547552764c6965467a695463774f664a764d41675a2b51336f363765396166507137527876655544303d3a3a276ccca9e0207f5a8b1e6ed4445a9599?unit=metric\" style=\"border: none;\"><\/iframe>\n\n\n\n<div style=\"height:30px\" aria-hidden=\"true\" class=\"wp-block-spacer\"><\/div>\n\n\n\n<h2 class=\"wp-block-heading\">Author description<\/h2>\n\n\n\n<p><strong>Author <\/strong>Jean-Luc Ceccato<br><strong>Course <\/strong>to be carried out in 2021<br><strong>Departure <\/strong>From Haslach, from a car park in the middle of the Strickerweg between the cemetery and the stadiums. Alt: 228 m.<\/p>\n\n\n\n<div style=\"height:30px\" aria-hidden=\"true\" class=\"wp-block-spacer\"><\/div>\n\n\n\n<h2 class=\"wp-block-heading\">Tourist information<\/h2>\n\n\n\n<p>The mountain passes are like pearls on a necklace, following each other at a regular pace! The architecture of the old houses is a must-see, both inside and outside the villages.<br>With the <a href=\"\/en\/de-bw-foret-noire-haslach-im-kinsigtal-sud-gravel\/\" target=\"_blank\" rel=\"noreferrer noopener\">Haslach im Kinsigtal south<\/a> and <a href=\"\/en\/de-bw-foret-noire-haslach-im-kinsigtal-ouest-gravel-87-km-d-2550-m-20-passes\/\" target=\"_blank\" rel=\"noreferrer noopener\">west<\/a>The concentration of mountain passes here is absolutely remarkable. A short break in Haslach is a great way to combine pass-picking with a visit to the picturesque village.<\/p>\n\n\n\n<div style=\"height:30px\" aria-hidden=\"true\" class=\"wp-block-spacer\"><\/div>\n\n\n\n<h2 class=\"wp-block-heading\">Technical specifications<\/h2>\n\n\n\n<p>This route is not difficult, but it does have some gradients and was completed on gravel without any problems.<br>It's a course of around 60% on good tracks and the rest on tarmac roads. As with most routes in the Black Forest, there are often some fairly steep gradients.<\/p>\n\n\n\n<div style=\"height:30px\" aria-hidden=\"true\" class=\"wp-block-spacer\"><\/div>\n\n\n\n<p><strong>18 collars<\/strong><\/p>\n\n\n\n<figure class=\"wp-block-table tableau-cols\"><table class=\"has-background\" style=\"background-color:#f0f0f0\"><tbody><tr><td>1 - Ebeneackersattel<\/td><td>455 m<\/td><td><a href=\"\/en\/util\/geo\/visu.php\/?code=DE-BW-0621a\" target=\"_blank\" rel=\"noreferrer noopener\">DE-BW-0621a<\/a><\/td><\/tr><tr><td>2 - Haseneckle<\/td><td>487 m<\/td><td><a href=\"\/en\/util\/geo\/visu.php\/?code=DE-BW-0487\" target=\"_blank\" rel=\"noreferrer noopener\">DE-BW-0487<\/a><\/td><\/tr><tr><td>3 - Schmids Wanderecke<\/td><td>352 m<\/td><td><a href=\"\/en\/util\/geo\/visu.php\/?code=DE-BW-0369\" target=\"_blank\" rel=\"noreferrer noopener\">DE-BW-0369<\/a><\/td><\/tr><tr><td>4 - Rossecke<\/td><td>460 m<\/td><td><a href=\"\/en\/util\/geo\/visu.php\/?code=DE-BW-0460a\" target=\"_blank\" rel=\"noreferrer noopener\">DE-BW-0460a<\/a><\/td><\/tr><tr><td>5 - Osterbach-Sattel<\/td><td>556 metres<\/td><td><a href=\"\/en\/util\/geo\/visu.php\/?code=DE-BW-0556\" target=\"_blank\" rel=\"noreferrer noopener\">DE-BW-0556<\/a><\/td><\/tr><tr><td>6 - Bergbauernh\u00f6he<\/td><td>618 m<\/td><td><a href=\"\/en\/util\/geo\/visu.php\/?code=DE-BW-0618\" target=\"_blank\" rel=\"noreferrer noopener\">DE-BW-0618<\/a><\/td><\/tr><tr><td>7 - Ebenacker<\/td><td>605 metres<\/td><td><a href=\"\/en\/util\/geo\/visu.php\/?code=DE-BW-0605\" target=\"_blank\" rel=\"noreferrer noopener\">DE-BW-0605<\/a><\/td><\/tr><tr><td>8 - Schmieders H\u00f6he<\/td><td>680 m<\/td><td><a href=\"\/en\/util\/geo\/visu.php\/?code=DE-BW-0680d\" target=\"_blank\" rel=\"noreferrer noopener\">DE-BW-0680d<\/a><\/td><\/tr><tr><td>9 - Schwarzenbach Sattel<\/td><td>781 m<\/td><td><a href=\"\/en\/util\/geo\/visu.php\/?code=DE-BW-0781\" target=\"_blank\" rel=\"noreferrer noopener\">DE-BW-0781<\/a><\/td><\/tr><tr><td>10 - Ballensattel<\/td><td>733 m<\/td><td><a href=\"\/en\/util\/geo\/visu.php\/?code=DE-BW-0863\" target=\"_blank\" rel=\"noreferrer noopener\">DE-BW-0863<\/a><\/td><\/tr><tr><td>11 - Herbeneck<\/td><td>617 m<\/td><td><a href=\"\/en\/util\/geo\/visu.php\/?code=DE-BW-0617\" target=\"_blank\" rel=\"noreferrer noopener\">DE-BW-0617<\/a><\/td><\/tr><tr><td>12 - Auf der Eck<\/td><td>493 m<\/td><td><a href=\"\/en\/util\/geo\/visu.php\/?code=DE-BW-0493\" target=\"_blank\" rel=\"noreferrer noopener\">DE-BW-0493<\/a><\/td><\/tr><tr><td>13 - Niller Eck<\/td><td>652 m<\/td><td><a href=\"\/en\/util\/geo\/visu.php\/?code=DE-BW-0652a\" target=\"_blank\" rel=\"noreferrer noopener\">DE-BW-0652a<\/a><\/td><\/tr><tr><td>14 - Kohlplatz<\/td><td>522 m<\/td><td><a href=\"\/en\/util\/geo\/visu.php\/?code=DE-BW-0522a\" target=\"_blank\" rel=\"noreferrer noopener\">DE-BW-0522a<\/a><\/td><\/tr><tr><td>15 - Fischerbacher H\u00f6he<\/td><td>591 m<\/td><td><a href=\"\/en\/util\/geo\/visu.php\/?code=DE-BW-0591\" target=\"_blank\" rel=\"noreferrer noopener\">DE-BW-0591<\/a><\/td><\/tr><tr><td>16 - Fischerbacher Eck<\/td><td>581 m<\/td><td><a href=\"\/en\/util\/geo\/visu.php\/?code=DE-BW-0581\" target=\"_blank\" rel=\"noreferrer noopener\">DE-BW-0581<\/a><\/td><\/tr><tr><td>17 - Bollenbacher Eck<\/td><td>585 m<\/td><td><a href=\"\/en\/util\/geo\/visu.php\/?code=DE-BW-0585\" target=\"_blank\" rel=\"noreferrer noopener\">DE-BW-0585<\/a><\/td><\/tr><tr><td>18 - Dierlisberger Eck<\/td><td>538 m<\/td><td><a href=\"\/en\/util\/geo\/visu.php\/?code=DE-BW-0538\" target=\"_blank\" rel=\"noreferrer noopener\">DE-BW-0538<\/a><\/td><\/tr><\/tbody><\/table><\/figure>\n\n\n\n<p><strong>Keywords<\/strong> Black Forest, Haslach im Kinsigtal, Baden, centcols<\/p>\n\n\n\n<p>Openrunner link, interactive map, profile, track : <a href=\"https:\/\/www.openrunner.com\/route-details\/16636667\" target=\"_blank\" rel=\"noreferrer noopener\">https:\/\/www.openrunner.com\/route-details\/16636667<\/a><\/p>\n\n\n\n<p>This itinerary is provided for information only. The author accepts no liability, nor that of the Club des Cent Cols, for any imponderables due to the cyclist himself, the equipment used or anything to do with the road, tracks and paths, their surroundings or other users.<\/p>\n\n\n\n<div style=\"height:30px\" aria-hidden=\"true\" class=\"wp-block-spacer\"><\/div>\n\n\n\n<h2 class=\"wp-block-heading\">Photos<\/h2>\n\n\n\n<figure class=\"wp-block-gallery has-nested-images columns-default is-cropped wp-block-gallery-1 is-layout-flex wp-block-gallery-is-layout-flex\">\n<figure class=\"wp-block-image size-large\"><a href=\"https:\/\/centcols.org\/wp-content\/uploads\/2023\/08\/Travaux-forestiers-EST1.jpg\"><img loading=\"lazy\" decoding=\"async\" width=\"1000\" height=\"750\" data-id=\"89831\" src=\"https:\/\/centcols.org\/wp-content\/uploads\/2023\/08\/Travaux-forestiers-EST1.jpg\" alt=\"\" class=\"wp-image-89831\" srcset=\"https:\/\/centcols.org\/wp-content\/uploads\/2023\/08\/Travaux-forestiers-EST1.jpg 1000w, https:\/\/centcols.org\/wp-content\/uploads\/2023\/08\/Travaux-forestiers-EST1-768x576.jpg 768w, https:\/\/centcols.org\/wp-content\/uploads\/2023\/08\/Travaux-forestiers-EST1-16x12.jpg 16w\" sizes=\"auto, (max-width: 1000px) 100vw, 1000px\" \/><\/a><figcaption class=\"wp-element-caption\">Forestry work<\/figcaption><\/figure>\n\n\n\n<figure class=\"wp-block-image size-large\"><a href=\"https:\/\/centcols.org\/wp-content\/uploads\/2023\/08\/Paysage-EST1.jpg\"><img loading=\"lazy\" decoding=\"async\" width=\"1000\" height=\"750\" data-id=\"89832\" src=\"https:\/\/centcols.org\/wp-content\/uploads\/2023\/08\/Paysage-EST1.jpg\" alt=\"\" class=\"wp-image-89832\" srcset=\"https:\/\/centcols.org\/wp-content\/uploads\/2023\/08\/Paysage-EST1.jpg 1000w, https:\/\/centcols.org\/wp-content\/uploads\/2023\/08\/Paysage-EST1-768x576.jpg 768w, https:\/\/centcols.org\/wp-content\/uploads\/2023\/08\/Paysage-EST1-16x12.jpg 16w\" sizes=\"auto, (max-width: 1000px) 100vw, 1000px\" \/><\/a><\/figure>\n\n\n\n<figure class=\"wp-block-image size-large\"><a href=\"https:\/\/centcols.org\/wp-content\/uploads\/2023\/08\/Col-EST-900x12001-1.jpg\"><img loading=\"lazy\" decoding=\"async\" width=\"900\" height=\"1200\" data-id=\"89833\" src=\"https:\/\/centcols.org\/wp-content\/uploads\/2023\/08\/Col-EST-900x12001-1.jpg\" alt=\"\" class=\"wp-image-89833\" srcset=\"https:\/\/centcols.org\/wp-content\/uploads\/2023\/08\/Col-EST-900x12001-1.jpg 900w, https:\/\/centcols.org\/wp-content\/uploads\/2023\/08\/Col-EST-900x12001-1-768x1024.jpg 768w, https:\/\/centcols.org\/wp-content\/uploads\/2023\/08\/Col-EST-900x12001-1-9x12.jpg 9w\" sizes=\"auto, (max-width: 900px) 100vw, 900px\" \/><\/a><figcaption class=\"wp-element-caption\">Col!<\/figcaption><\/figure>\n\n\n\n<figure class=\"wp-block-image size-large\"><a href=\"https:\/\/centcols.org\/wp-content\/uploads\/2023\/08\/image-56.jpeg\"><img loading=\"lazy\" decoding=\"async\" width=\"800\" height=\"531\" data-id=\"94962\" src=\"https:\/\/centcols.org\/wp-content\/uploads\/2023\/08\/image-56.jpeg\" alt=\"\" class=\"wp-image-94962\" srcset=\"https:\/\/centcols.org\/wp-content\/uploads\/2023\/08\/image-56.jpeg 800w, https:\/\/centcols.org\/wp-content\/uploads\/2023\/08\/image-56-768x510.jpeg 768w, https:\/\/centcols.org\/wp-content\/uploads\/2023\/08\/image-56-18x12.jpeg 18w\" sizes=\"auto, (max-width: 800px) 100vw, 800px\" \/><\/a><figcaption class=\"wp-element-caption\">Haseneckle<\/figcaption><\/figure>\n\n\n\n<figure class=\"wp-block-image size-large\"><a href=\"https:\/\/centcols.org\/wp-content\/uploads\/2023\/08\/image-57.jpeg\"><img loading=\"lazy\" decoding=\"async\" width=\"683\" height=\"422\" data-id=\"94963\" src=\"https:\/\/centcols.org\/wp-content\/uploads\/2023\/08\/image-57.jpeg\" alt=\"\" class=\"wp-image-94963\" srcset=\"https:\/\/centcols.org\/wp-content\/uploads\/2023\/08\/image-57.jpeg 683w, https:\/\/centcols.org\/wp-content\/uploads\/2023\/08\/image-57-18x12.jpeg 18w\" sizes=\"auto, (max-width: 683px) 100vw, 683px\" \/><\/a><figcaption class=\"wp-element-caption\">Ebenacker<\/figcaption><\/figure>\n\n\n\n<figure class=\"wp-block-image size-large\"><a href=\"https:\/\/centcols.org\/wp-content\/uploads\/2023\/08\/image-58.jpeg\"><img loading=\"lazy\" decoding=\"async\" width=\"800\" height=\"531\" data-id=\"94964\" src=\"https:\/\/centcols.org\/wp-content\/uploads\/2023\/08\/image-58.jpeg\" alt=\"\" class=\"wp-image-94964\" srcset=\"https:\/\/centcols.org\/wp-content\/uploads\/2023\/08\/image-58.jpeg 800w, https:\/\/centcols.org\/wp-content\/uploads\/2023\/08\/image-58-768x510.jpeg 768w, https:\/\/centcols.org\/wp-content\/uploads\/2023\/08\/image-58-18x12.jpeg 18w\" sizes=\"auto, (max-width: 800px) 100vw, 800px\" \/><\/a><figcaption class=\"wp-element-caption\">Schwarzenbach Sattel<\/figcaption><\/figure>\n\n\n\n<figure class=\"wp-block-image size-large\"><a href=\"https:\/\/centcols.org\/wp-content\/uploads\/2023\/08\/image-59.jpeg\"><img loading=\"lazy\" decoding=\"async\" width=\"800\" height=\"531\" data-id=\"94965\" src=\"https:\/\/centcols.org\/wp-content\/uploads\/2023\/08\/image-59.jpeg\" alt=\"\" class=\"wp-image-94965\" srcset=\"https:\/\/centcols.org\/wp-content\/uploads\/2023\/08\/image-59.jpeg 800w, https:\/\/centcols.org\/wp-content\/uploads\/2023\/08\/image-59-768x510.jpeg 768w, https:\/\/centcols.org\/wp-content\/uploads\/2023\/08\/image-59-18x12.jpeg 18w\" sizes=\"auto, (max-width: 800px) 100vw, 800px\" \/><\/a><figcaption class=\"wp-element-caption\">Herbeneck<\/figcaption><\/figure>\n\n\n\n<figure class=\"wp-block-image size-large\"><a href=\"https:\/\/centcols.org\/wp-content\/uploads\/2023\/08\/image-60.jpeg\"><img loading=\"lazy\" decoding=\"async\" width=\"800\" height=\"531\" data-id=\"94966\" src=\"https:\/\/centcols.org\/wp-content\/uploads\/2023\/08\/image-60.jpeg\" alt=\"\" class=\"wp-image-94966\" srcset=\"https:\/\/centcols.org\/wp-content\/uploads\/2023\/08\/image-60.jpeg 800w, https:\/\/centcols.org\/wp-content\/uploads\/2023\/08\/image-60-768x510.jpeg 768w, https:\/\/centcols.org\/wp-content\/uploads\/2023\/08\/image-60-18x12.jpeg 18w\" sizes=\"auto, (max-width: 800px) 100vw, 800px\" \/><\/a><figcaption class=\"wp-element-caption\">Fischerbacher Eck<\/figcaption><\/figure>\n\n\n\n<figure class=\"wp-block-image size-large\"><a href=\"https:\/\/centcols.org\/wp-content\/uploads\/2023\/08\/image-61.jpeg\"><img loading=\"lazy\" decoding=\"async\" width=\"800\" height=\"531\" data-id=\"94967\" src=\"https:\/\/centcols.org\/wp-content\/uploads\/2023\/08\/image-61.jpeg\" alt=\"\" class=\"wp-image-94967\" srcset=\"https:\/\/centcols.org\/wp-content\/uploads\/2023\/08\/image-61.jpeg 800w, https:\/\/centcols.org\/wp-content\/uploads\/2023\/08\/image-61-768x510.jpeg 768w, https:\/\/centcols.org\/wp-content\/uploads\/2023\/08\/image-61-18x12.jpeg 18w\" sizes=\"auto, (max-width: 800px) 100vw, 800px\" \/><\/a><figcaption class=\"wp-element-caption\">Bollenbacher Eck<\/figcaption><\/figure>\n<\/figure>","protected":false},"excerpt":{"rendered":"<p>Description de l\u2019auteur Auteur : Jean-Luc CeccatoParcours : effectu\u00e9 en 2021D\u00e9part : depuis Haslach, d\u2019un parking situ\u00e9 au milieu de la Strickerweg entre cimeti\u00e8re et stades. Alt : 228&nbsp;m. Descriptif touristique Les cols sont semblables \u00e0 des perles sur un collier, ils se suivent \u00e0 allure r\u00e9guli\u00e8re ! L\u2019architecture des maisons anciennes est absolument \u00e0 [&hellip;]<\/p>\n","protected":false},"author":3,"featured_media":82865,"comment_status":"open","ping_status":"open","sticky":false,"template":"","format":"standard","meta":{"_acf_changed":false,"footnotes":""},"categories":[302,320,323,220],"tags":[],"class_list":["post-82464","post","type-post","status-publish","format-standard","has-post-thumbnail","hentry","category-parcours-allemagne","category-gravel-type-parcours","category-foret-noire-massif-parcours-membres","category-parcours-membres"],"acf":[],"yoast_head":"<!-- This site is optimized with the Yoast SEO plugin v27.2 - https:\/\/yoast.com\/product\/yoast-seo-wordpress\/ -->\n<title>DE-BW For\u00eat-Noire Haslach im Kinsigtal est - Gravel 69 km, D+ 2130 m, 18 cols - Club des Cent Cols<\/title>\n<meta name=\"robots\" content=\"index, follow, max-snippet:-1, max-image-preview:large, max-video-preview:-1\" \/>\n<link rel=\"canonical\" href=\"https:\/\/centcols.org\/en\/de-bw-foret-noire-haslach-im-kinsigtal-est-gravel\/\" \/>\n<meta property=\"og:locale\" content=\"en_GB\" \/>\n<meta property=\"og:type\" content=\"article\" \/>\n<meta property=\"og:title\" content=\"DE-BW For\u00eat-Noire Haslach im Kinsigtal est - Gravel 69 km, D+ 2130 m, 18 cols - Club des Cent Cols\" \/>\n<meta property=\"og:description\" content=\"Description de l\u2019auteur Auteur : Jean-Luc CeccatoParcours : effectu\u00e9 en 2021D\u00e9part : depuis Haslach, d\u2019un parking situ\u00e9 au milieu de la Strickerweg entre cimeti\u00e8re et stades. Alt : 228&nbsp;m. Descriptif touristique Les cols sont semblables \u00e0 des perles sur un collier, ils se suivent \u00e0 allure r\u00e9guli\u00e8re ! L\u2019architecture des maisons anciennes est absolument \u00e0 [&hellip;]\" \/>\n<meta property=\"og:url\" content=\"https:\/\/centcols.org\/en\/de-bw-foret-noire-haslach-im-kinsigtal-est-gravel\/\" \/>\n<meta property=\"og:site_name\" content=\"Club des Cent Cols\" \/>\n<meta property=\"article:publisher\" content=\"https:\/\/www.facebook.com\/groups\/5261880558\/?locale=fr_FR\" \/>\n<meta property=\"article:published_time\" content=\"2023-08-13T12:22:14+00:00\" \/>\n<meta property=\"article:modified_time\" content=\"2026-04-06T22:03:57+00:00\" \/>\n<meta property=\"og:image\" content=\"https:\/\/centcols.org\/wp-content\/uploads\/2023\/08\/42011.jpg\" \/>\n\t<meta property=\"og:image:width\" content=\"800\" \/>\n\t<meta property=\"og:image:height\" content=\"531\" \/>\n\t<meta property=\"og:image:type\" content=\"image\/jpeg\" \/>\n<meta name=\"author\" content=\"Webmestre\" \/>\n<meta name=\"twitter:card\" content=\"summary_large_image\" \/>\n<meta name=\"twitter:label1\" content=\"Written by\" \/>\n\t<meta name=\"twitter:data1\" content=\"Webmestre\" \/>\n\t<meta name=\"twitter:label2\" content=\"Estimated reading time\" \/>\n\t<meta name=\"twitter:data2\" content=\"4 minutes\" \/>\n<script type=\"application\/ld+json\" class=\"yoast-schema-graph\">{\"@context\":\"https:\/\/schema.org\",\"@graph\":[{\"@type\":\"Article\",\"@id\":\"https:\/\/centcols.org\/de-bw-foret-noire-haslach-im-kinsigtal-est-gravel\/#article\",\"isPartOf\":{\"@id\":\"https:\/\/centcols.org\/de-bw-foret-noire-haslach-im-kinsigtal-est-gravel\/\"},\"author\":{\"name\":\"Webmestre\",\"@id\":\"https:\/\/centcols.org\/#\/schema\/person\/911b404fb133d8c913dd27cdcf71c8e5\"},\"headline\":\"DE-BW For\u00eat-Noire Haslach im Kinsigtal est &#8211; Gravel 69 km, D+ 2130 m, 18 cols\",\"datePublished\":\"2023-08-13T12:22:14+00:00\",\"dateModified\":\"2026-04-06T22:03:57+00:00\",\"mainEntityOfPage\":{\"@id\":\"https:\/\/centcols.org\/de-bw-foret-noire-haslach-im-kinsigtal-est-gravel\/\"},\"wordCount\":354,\"commentCount\":0,\"publisher\":{\"@id\":\"https:\/\/centcols.org\/#organization\"},\"image\":{\"@id\":\"https:\/\/centcols.org\/de-bw-foret-noire-haslach-im-kinsigtal-est-gravel\/#primaryimage\"},\"thumbnailUrl\":\"https:\/\/centcols.org\/wp-content\/uploads\/2023\/08\/42011.jpg\",\"articleSection\":[\"Parcours Allemagne\",\"Gravel\",\"For\u00eat-Noire\",\"Parcours membres\"],\"inLanguage\":\"en-GB\",\"potentialAction\":[{\"@type\":\"CommentAction\",\"name\":\"Comment\",\"target\":[\"https:\/\/centcols.org\/de-bw-foret-noire-haslach-im-kinsigtal-est-gravel\/#respond\"]}]},{\"@type\":\"WebPage\",\"@id\":\"https:\/\/centcols.org\/de-bw-foret-noire-haslach-im-kinsigtal-est-gravel\/\",\"url\":\"https:\/\/centcols.org\/de-bw-foret-noire-haslach-im-kinsigtal-est-gravel\/\",\"name\":\"DE-BW For\u00eat-Noire Haslach im Kinsigtal est - Gravel 69 km, D+ 2130 m, 18 cols - Club des Cent Cols\",\"isPartOf\":{\"@id\":\"https:\/\/centcols.org\/#website\"},\"primaryImageOfPage\":{\"@id\":\"https:\/\/centcols.org\/de-bw-foret-noire-haslach-im-kinsigtal-est-gravel\/#primaryimage\"},\"image\":{\"@id\":\"https:\/\/centcols.org\/de-bw-foret-noire-haslach-im-kinsigtal-est-gravel\/#primaryimage\"},\"thumbnailUrl\":\"https:\/\/centcols.org\/wp-content\/uploads\/2023\/08\/42011.jpg\",\"datePublished\":\"2023-08-13T12:22:14+00:00\",\"dateModified\":\"2026-04-06T22:03:57+00:00\",\"breadcrumb\":{\"@id\":\"https:\/\/centcols.org\/de-bw-foret-noire-haslach-im-kinsigtal-est-gravel\/#breadcrumb\"},\"inLanguage\":\"en-GB\",\"potentialAction\":[{\"@type\":\"ReadAction\",\"target\":[\"https:\/\/centcols.org\/de-bw-foret-noire-haslach-im-kinsigtal-est-gravel\/\"]}]},{\"@type\":\"ImageObject\",\"inLanguage\":\"en-GB\",\"@id\":\"https:\/\/centcols.org\/de-bw-foret-noire-haslach-im-kinsigtal-est-gravel\/#primaryimage\",\"url\":\"https:\/\/centcols.org\/wp-content\/uploads\/2023\/08\/42011.jpg\",\"contentUrl\":\"https:\/\/centcols.org\/wp-content\/uploads\/2023\/08\/42011.jpg\",\"width\":800,\"height\":531},{\"@type\":\"BreadcrumbList\",\"@id\":\"https:\/\/centcols.org\/de-bw-foret-noire-haslach-im-kinsigtal-est-gravel\/#breadcrumb\",\"itemListElement\":[{\"@type\":\"ListItem\",\"position\":1,\"name\":\"Accueil\",\"item\":\"https:\/\/centcols.org\/\"},{\"@type\":\"ListItem\",\"position\":2,\"name\":\"Parcours membres\",\"item\":\"https:\/\/centcols.org\/rubrique\/parcours-membres\/\"},{\"@type\":\"ListItem\",\"position\":3,\"name\":\"Pays\",\"item\":\"https:\/\/centcols.org\/rubrique\/parcours-membres\/pays-parcours-membres\/\"},{\"@type\":\"ListItem\",\"position\":4,\"name\":\"Parcours Allemagne\",\"item\":\"https:\/\/centcols.org\/rubrique\/parcours-membres\/pays-parcours-membres\/parcours-allemagne\/\"},{\"@type\":\"ListItem\",\"position\":5,\"name\":\"DE-BW For\u00eat-Noire Haslach im Kinsigtal est &#8211; Gravel 69 km, D+ 2130 m, 18 cols\"}]},{\"@type\":\"WebSite\",\"@id\":\"https:\/\/centcols.org\/#website\",\"url\":\"https:\/\/centcols.org\/\",\"name\":\"Club des Cent Cols\",\"description\":\"\",\"publisher\":{\"@id\":\"https:\/\/centcols.org\/#organization\"},\"potentialAction\":[{\"@type\":\"SearchAction\",\"target\":{\"@type\":\"EntryPoint\",\"urlTemplate\":\"https:\/\/centcols.org\/?s={search_term_string}\"},\"query-input\":{\"@type\":\"PropertyValueSpecification\",\"valueRequired\":true,\"valueName\":\"search_term_string\"}}],\"inLanguage\":\"en-GB\"},{\"@type\":\"Organization\",\"@id\":\"https:\/\/centcols.org\/#organization\",\"name\":\"Club des Cent Cols\",\"url\":\"https:\/\/centcols.org\/\",\"logo\":{\"@type\":\"ImageObject\",\"inLanguage\":\"en-GB\",\"@id\":\"https:\/\/centcols.org\/#\/schema\/logo\/image\/\",\"url\":\"https:\/\/centcols.org\/wp-content\/uploads\/2025\/01\/carte-icone.png\",\"contentUrl\":\"https:\/\/centcols.org\/wp-content\/uploads\/2025\/01\/carte-icone.png\",\"width\":250,\"height\":250,\"caption\":\"Club des Cent Cols\"},\"image\":{\"@id\":\"https:\/\/centcols.org\/#\/schema\/logo\/image\/\"},\"sameAs\":[\"https:\/\/www.facebook.com\/groups\/5261880558\/?locale=fr_FR\"]},{\"@type\":\"Person\",\"@id\":\"https:\/\/centcols.org\/#\/schema\/person\/911b404fb133d8c913dd27cdcf71c8e5\",\"name\":\"Webmestre\",\"image\":{\"@type\":\"ImageObject\",\"inLanguage\":\"en-GB\",\"@id\":\"https:\/\/centcols.org\/wp-content\/litespeed\/avatar\/2d246e4b6b4f773e08515e1ffc53690b.jpg?ver=1777222892\",\"url\":\"https:\/\/centcols.org\/wp-content\/litespeed\/avatar\/2d246e4b6b4f773e08515e1ffc53690b.jpg?ver=1777222892\",\"contentUrl\":\"https:\/\/centcols.org\/wp-content\/litespeed\/avatar\/2d246e4b6b4f773e08515e1ffc53690b.jpg?ver=1777222892\",\"caption\":\"Webmestre\"},\"url\":\"https:\/\/centcols.org\/en\/author\/webmestre\/\"}]}<\/script>\n<!-- \/ Yoast SEO plugin. -->","yoast_head_json":{"title":"DE-BW Black Forest Haslach im Kinsigtal east - Gravel 69 km, D+ 2130 m, 18 passes - Club des Cent Cols","robots":{"index":"index","follow":"follow","max-snippet":"max-snippet:-1","max-image-preview":"max-image-preview:large","max-video-preview":"max-video-preview:-1"},"canonical":"https:\/\/centcols.org\/en\/de-bw-foret-noire-haslach-im-kinsigtal-est-gravel\/","og_locale":"en_GB","og_type":"article","og_title":"DE-BW For\u00eat-Noire Haslach im Kinsigtal est - Gravel 69 km, D+ 2130 m, 18 cols - Club des Cent Cols","og_description":"Description de l\u2019auteur Auteur : Jean-Luc CeccatoParcours : effectu\u00e9 en 2021D\u00e9part : depuis Haslach, d\u2019un parking situ\u00e9 au milieu de la Strickerweg entre cimeti\u00e8re et stades. Alt : 228&nbsp;m. Descriptif touristique Les cols sont semblables \u00e0 des perles sur un collier, ils se suivent \u00e0 allure r\u00e9guli\u00e8re ! L\u2019architecture des maisons anciennes est absolument \u00e0 [&hellip;]","og_url":"https:\/\/centcols.org\/en\/de-bw-foret-noire-haslach-im-kinsigtal-est-gravel\/","og_site_name":"Club des Cent Cols","article_publisher":"https:\/\/www.facebook.com\/groups\/5261880558\/?locale=fr_FR","article_published_time":"2023-08-13T12:22:14+00:00","article_modified_time":"2026-04-06T22:03:57+00:00","og_image":[{"width":800,"height":531,"url":"https:\/\/centcols.org\/wp-content\/uploads\/2023\/08\/42011.jpg","type":"image\/jpeg"}],"author":"Webmestre","twitter_card":"summary_large_image","twitter_misc":{"Written by":"Webmestre","Estimated reading time":"4 minutes"},"schema":{"@context":"https:\/\/schema.org","@graph":[{"@type":"Article","@id":"https:\/\/centcols.org\/de-bw-foret-noire-haslach-im-kinsigtal-est-gravel\/#article","isPartOf":{"@id":"https:\/\/centcols.org\/de-bw-foret-noire-haslach-im-kinsigtal-est-gravel\/"},"author":{"name":"Webmestre","@id":"https:\/\/centcols.org\/#\/schema\/person\/911b404fb133d8c913dd27cdcf71c8e5"},"headline":"DE-BW For\u00eat-Noire Haslach im Kinsigtal est &#8211; Gravel 69 km, D+ 2130 m, 18 cols","datePublished":"2023-08-13T12:22:14+00:00","dateModified":"2026-04-06T22:03:57+00:00","mainEntityOfPage":{"@id":"https:\/\/centcols.org\/de-bw-foret-noire-haslach-im-kinsigtal-est-gravel\/"},"wordCount":354,"commentCount":0,"publisher":{"@id":"https:\/\/centcols.org\/#organization"},"image":{"@id":"https:\/\/centcols.org\/de-bw-foret-noire-haslach-im-kinsigtal-est-gravel\/#primaryimage"},"thumbnailUrl":"https:\/\/centcols.org\/wp-content\/uploads\/2023\/08\/42011.jpg","articleSection":["Parcours Allemagne","Gravel","For\u00eat-Noire","Parcours membres"],"inLanguage":"en-GB","potentialAction":[{"@type":"CommentAction","name":"Comment","target":["https:\/\/centcols.org\/de-bw-foret-noire-haslach-im-kinsigtal-est-gravel\/#respond"]}]},{"@type":"WebPage","@id":"https:\/\/centcols.org\/de-bw-foret-noire-haslach-im-kinsigtal-est-gravel\/","url":"https:\/\/centcols.org\/de-bw-foret-noire-haslach-im-kinsigtal-est-gravel\/","name":"DE-BW Black Forest Haslach im Kinsigtal east - Gravel 69 km, D+ 2130 m, 18 passes - Club des Cent Cols","isPartOf":{"@id":"https:\/\/centcols.org\/#website"},"primaryImageOfPage":{"@id":"https:\/\/centcols.org\/de-bw-foret-noire-haslach-im-kinsigtal-est-gravel\/#primaryimage"},"image":{"@id":"https:\/\/centcols.org\/de-bw-foret-noire-haslach-im-kinsigtal-est-gravel\/#primaryimage"},"thumbnailUrl":"https:\/\/centcols.org\/wp-content\/uploads\/2023\/08\/42011.jpg","datePublished":"2023-08-13T12:22:14+00:00","dateModified":"2026-04-06T22:03:57+00:00","breadcrumb":{"@id":"https:\/\/centcols.org\/de-bw-foret-noire-haslach-im-kinsigtal-est-gravel\/#breadcrumb"},"inLanguage":"en-GB","potentialAction":[{"@type":"ReadAction","target":["https:\/\/centcols.org\/de-bw-foret-noire-haslach-im-kinsigtal-est-gravel\/"]}]},{"@type":"ImageObject","inLanguage":"en-GB","@id":"https:\/\/centcols.org\/de-bw-foret-noire-haslach-im-kinsigtal-est-gravel\/#primaryimage","url":"https:\/\/centcols.org\/wp-content\/uploads\/2023\/08\/42011.jpg","contentUrl":"https:\/\/centcols.org\/wp-content\/uploads\/2023\/08\/42011.jpg","width":800,"height":531},{"@type":"BreadcrumbList","@id":"https:\/\/centcols.org\/de-bw-foret-noire-haslach-im-kinsigtal-est-gravel\/#breadcrumb","itemListElement":[{"@type":"ListItem","position":1,"name":"Accueil","item":"https:\/\/centcols.org\/"},{"@type":"ListItem","position":2,"name":"Parcours membres","item":"https:\/\/centcols.org\/rubrique\/parcours-membres\/"},{"@type":"ListItem","position":3,"name":"Pays","item":"https:\/\/centcols.org\/rubrique\/parcours-membres\/pays-parcours-membres\/"},{"@type":"ListItem","position":4,"name":"Parcours Allemagne","item":"https:\/\/centcols.org\/rubrique\/parcours-membres\/pays-parcours-membres\/parcours-allemagne\/"},{"@type":"ListItem","position":5,"name":"DE-BW For\u00eat-Noire Haslach im Kinsigtal est &#8211; Gravel 69 km, D+ 2130 m, 18 cols"}]},{"@type":"WebSite","@id":"https:\/\/centcols.org\/#website","url":"https:\/\/centcols.org\/","name":"Club des Cent Cols","description":"","publisher":{"@id":"https:\/\/centcols.org\/#organization"},"potentialAction":[{"@type":"SearchAction","target":{"@type":"EntryPoint","urlTemplate":"https:\/\/centcols.org\/?s={search_term_string}"},"query-input":{"@type":"PropertyValueSpecification","valueRequired":true,"valueName":"search_term_string"}}],"inLanguage":"en-GB"},{"@type":"Organization","@id":"https:\/\/centcols.org\/#organization","name":"Club des Cent Cols","url":"https:\/\/centcols.org\/","logo":{"@type":"ImageObject","inLanguage":"en-GB","@id":"https:\/\/centcols.org\/#\/schema\/logo\/image\/","url":"https:\/\/centcols.org\/wp-content\/uploads\/2025\/01\/carte-icone.png","contentUrl":"https:\/\/centcols.org\/wp-content\/uploads\/2025\/01\/carte-icone.png","width":250,"height":250,"caption":"Club des Cent Cols"},"image":{"@id":"https:\/\/centcols.org\/#\/schema\/logo\/image\/"},"sameAs":["https:\/\/www.facebook.com\/groups\/5261880558\/?locale=fr_FR"]},{"@type":"Person","@id":"https:\/\/centcols.org\/#\/schema\/person\/911b404fb133d8c913dd27cdcf71c8e5","name":"Webmaster","image":{"@type":"ImageObject","inLanguage":"en-GB","@id":"https:\/\/centcols.org\/wp-content\/litespeed\/avatar\/2d246e4b6b4f773e08515e1ffc53690b.jpg?ver=1777222892","url":"https:\/\/centcols.org\/wp-content\/litespeed\/avatar\/2d246e4b6b4f773e08515e1ffc53690b.jpg?ver=1777222892","contentUrl":"https:\/\/centcols.org\/wp-content\/litespeed\/avatar\/2d246e4b6b4f773e08515e1ffc53690b.jpg?ver=1777222892","caption":"Webmestre"},"url":"https:\/\/centcols.org\/en\/author\/webmestre\/"}]}},"_links":{"self":[{"href":"https:\/\/centcols.org\/en\/wp-json\/wp\/v2\/posts\/82464","targetHints":{"allow":["GET"]}}],"collection":[{"href":"https:\/\/centcols.org\/en\/wp-json\/wp\/v2\/posts"}],"about":[{"href":"https:\/\/centcols.org\/en\/wp-json\/wp\/v2\/types\/post"}],"author":[{"embeddable":true,"href":"https:\/\/centcols.org\/en\/wp-json\/wp\/v2\/users\/3"}],"replies":[{"embeddable":true,"href":"https:\/\/centcols.org\/en\/wp-json\/wp\/v2\/comments?post=82464"}],"version-history":[{"count":0,"href":"https:\/\/centcols.org\/en\/wp-json\/wp\/v2\/posts\/82464\/revisions"}],"wp:featuredmedia":[{"embeddable":true,"href":"https:\/\/centcols.org\/en\/wp-json\/wp\/v2\/media\/82865"}],"wp:attachment":[{"href":"https:\/\/centcols.org\/en\/wp-json\/wp\/v2\/media?parent=82464"}],"wp:term":[{"taxonomy":"category","embeddable":true,"href":"https:\/\/centcols.org\/en\/wp-json\/wp\/v2\/categories?post=82464"},{"taxonomy":"post_tag","embeddable":true,"href":"https:\/\/centcols.org\/en\/wp-json\/wp\/v2\/tags?post=82464"}],"curies":[{"name":"wp","href":"https:\/\/api.w.org\/{rel}","templated":true}]}}