{"id":82473,"date":"2023-08-08T14:15:37","date_gmt":"2023-08-08T12:15:37","guid":{"rendered":"https:\/\/centcols.org\/de-bw-foret-noire-niederweiler-nord-gravel-57-km-d-1600-m-11-cols\/"},"modified":"2026-04-19T18:21:25","modified_gmt":"2026-04-19T16:21:25","slug":"de-bw-foret-noire-niederweiler-nord-gravel","status":"publish","type":"post","link":"https:\/\/centcols.org\/en\/de-bw-foret-noire-niederweiler-nord-gravel\/","title":{"rendered":"DE-BW Black Forest Niederweiler Nord - Gravel 57 km, D+ 1600 m, 11 passes"},"content":{"rendered":"<iframe width=\"100%\" height=\"650\" loading=\"lazy\" src=\"https:\/\/www.openrunner.com\/embed\/36514975507374585a2b7054384639565332547a546571796a614f4167444e50766f3867697568387a6f493d3a3a3246f5e6be294712bba8ccb85f644bf3?unit=metric\" style=\"border: none;\"><\/iframe>\n\n\n\n<div style=\"height:30px\" aria-hidden=\"true\" class=\"wp-block-spacer\"><\/div>\n\n\n\n<h2 class=\"wp-block-heading\">Author description<\/h2>\n\n\n\n<p><strong>Author <\/strong>Jean-Luc Ceccato<br><strong>Course <\/strong>Completed on 11 June 2022<br><strong>Departure <\/strong>Niederweiler, exit east of M\u00fcllheim, Weilertalstra\u00dfe along the River Weiler. Near the Hotel Wartek. Elevation: 292 m.<\/p>\n\n\n\n<div style=\"height:30px\" aria-hidden=\"true\" class=\"wp-block-spacer\"><\/div>\n\n\n\n<h2 class=\"wp-block-heading\">Tourist information<\/h2>\n\n\n\n<p>Niederweiler lies on the edge of the Black Forest. The surrounding countryside, which is covered by this route, offers beautiful views of the town of M\u00fclheim and the Rhine plain on either side of the river.<\/p>\n\n\n\n<div style=\"height:30px\" aria-hidden=\"true\" class=\"wp-block-spacer\"><\/div>\n\n\n\n<h2 class=\"wp-block-heading\">Technical specifications<\/h2>\n\n\n\n<p>This route does not present any difficulty, but it does have a difference in altitude. It was done on gravel without any problems.<br>It's a course of around 40% of beautiful rolling tracks and the rest of tarmac roads.<\/p>\n\n\n\n<div style=\"height:30px\" aria-hidden=\"true\" class=\"wp-block-spacer\"><\/div>\n\n\n\n<p><strong>11 collars<\/strong><\/p>\n\n\n\n<figure class=\"wp-block-table tableau-cols\"><table class=\"has-background\" style=\"background-color:#f0f0f0\"><tbody><tr><td>1 - Muggardter H\u00f6he<\/td><td>402 m<\/td><td><a href=\"\/en\/util\/geo\/visu.php\/?code=DE-BW-0402a\" target=\"_blank\" rel=\"noreferrer noopener\">DE-BW-0402a<\/a><\/td><\/tr><tr><td>2 - Nussbaumplatz<\/td><td>540 m<\/td><td><a href=\"\/en\/util\/geo\/visu.php\/?code=DE-BW-0540b\" target=\"_blank\" rel=\"noreferrer noopener\">DE-BW-0540b<\/a><\/td><\/tr><tr><td>3 - Rimseck<\/td><td>647 m<\/td><td><a href=\"\/en\/util\/geo\/visu.php\/?code=DE-BW-0647\" target=\"_blank\" rel=\"noreferrer noopener\">DE-BW-0647<\/a><\/td><\/tr><tr><td>4 - Kohlplatz<\/td><td>582 m<\/td><td><a href=\"\/en\/util\/geo\/visu.php\/?code=DE-BW-0582a\" target=\"_blank\" rel=\"noreferrer noopener\">DE-BW-0582a<\/a><\/td><\/tr><tr><td>5 - Sattelplatz<\/td><td>610 metres<\/td><td><a href=\"\/en\/util\/geo\/visu.php\/?code=DE-BW-0610c\" target=\"_blank\" rel=\"noreferrer noopener\">DE-BW-0610c<\/a><\/td><\/tr><tr><td>6 - Riestersattel<\/td><td>680 m<\/td><td><a href=\"\/en\/util\/geo\/visu.php\/?code=DE-BW-0680c\" target=\"_blank\" rel=\"noreferrer noopener\">DE-BW-0680c<\/a><\/td><\/tr><tr><td>7 - Gabler Eck<\/td><td>797 m<\/td><td><a href=\"\/en\/util\/geo\/visu.php\/?code=DE-BW-0797\" target=\"_blank\" rel=\"noreferrer noopener\">DE-BW-0797<\/a><\/td><\/tr><tr><td>8 - Gutm\u00e4nnerspass<\/td><td>712 m<\/td><td><a href=\"\/en\/util\/geo\/visu.php\/?code=DE-BW-0712a\" target=\"_blank\" rel=\"noreferrer noopener\">DE-BW-0712a<\/a><\/td><\/tr><tr><td>9 - Heubronner Eck<\/td><td>814 m<\/td><td><a href=\"\/en\/util\/geo\/visu.php\/?code=DE-BW-0814\" target=\"_blank\" rel=\"noreferrer noopener\">DE-BW-0814<\/a><\/td><\/tr><tr><td>10 - Auf der Eck<\/td><td>847 m<\/td><td><a href=\"\/en\/util\/geo\/visu.php\/?code=DE-BW-0847\" target=\"_blank\" rel=\"noreferrer noopener\">DE-BW-0847<\/a><\/td><\/tr><tr><td>11 - Sirnitzsattel<\/td><td>1071 m<\/td><td><a href=\"\/en\/util\/geo\/visu.php\/?code=DE-BW-1071a\" target=\"_blank\" rel=\"noreferrer noopener\">DE-BW-1071a<\/a><\/td><\/tr><\/tbody><\/table><\/figure>\n\n\n\n<p><strong>Keywords<\/strong> Black Forest, Niederweiler, M\u00fcllheim, centcols<\/p>\n\n\n\n<p>Openrunner link, interactive map, profile, track : <a href=\"https:\/\/www.openrunner.com\/route-details\/16574891\" target=\"_blank\" rel=\"noreferrer noopener\">https:\/\/www.openrunner.com\/route-details\/16574891<\/a><\/p>\n\n\n\n<p>This itinerary is provided for information only. The author accepts no liability, nor that of the Club des Cent Cols, for any imponderables due to the cyclist himself, the equipment used or anything to do with the road, tracks and paths, their surroundings or other users.<\/p>\n\n\n\n<div style=\"height:30px\" aria-hidden=\"true\" class=\"wp-block-spacer\"><\/div>\n\n\n\n<h2 class=\"wp-block-heading\">Photos<\/h2>\n\n\n\n<figure class=\"wp-block-gallery has-nested-images columns-default is-cropped wp-block-gallery-1 is-layout-flex wp-block-gallery-is-layout-flex\">\n<figure class=\"wp-block-image size-large\"><a href=\"https:\/\/centcols.org\/wp-content\/uploads\/2023\/08\/Nierdeweiler-Vue-sur-la-plaine-Rhenane-1200x9001-1.jpg\"><img loading=\"lazy\" decoding=\"async\" width=\"1200\" height=\"900\" data-id=\"89861\" src=\"https:\/\/centcols.org\/wp-content\/uploads\/2023\/08\/Nierdeweiler-Vue-sur-la-plaine-Rhenane-1200x9001-1.jpg\" alt=\"\" class=\"wp-image-89861\" srcset=\"https:\/\/centcols.org\/wp-content\/uploads\/2023\/08\/Nierdeweiler-Vue-sur-la-plaine-Rhenane-1200x9001-1.jpg 1200w, https:\/\/centcols.org\/wp-content\/uploads\/2023\/08\/Nierdeweiler-Vue-sur-la-plaine-Rhenane-1200x9001-1-768x576.jpg 768w, https:\/\/centcols.org\/wp-content\/uploads\/2023\/08\/Nierdeweiler-Vue-sur-la-plaine-Rhenane-1200x9001-1-16x12.jpg 16w\" sizes=\"auto, (max-width: 1200px) 100vw, 1200px\" \/><\/a><figcaption class=\"wp-element-caption\">View of the Rhine plain<\/figcaption><\/figure>\n\n\n\n<figure class=\"wp-block-image size-large\"><a href=\"https:\/\/centcols.org\/wp-content\/uploads\/2023\/08\/image-97.jpeg\"><img loading=\"lazy\" decoding=\"async\" width=\"800\" height=\"600\" data-id=\"95430\" src=\"https:\/\/centcols.org\/wp-content\/uploads\/2023\/08\/image-97.jpeg\" alt=\"\" class=\"wp-image-95430\" srcset=\"https:\/\/centcols.org\/wp-content\/uploads\/2023\/08\/image-97.jpeg 800w, https:\/\/centcols.org\/wp-content\/uploads\/2023\/08\/image-97-768x576.jpeg 768w, https:\/\/centcols.org\/wp-content\/uploads\/2023\/08\/image-97-16x12.jpeg 16w\" sizes=\"auto, (max-width: 800px) 100vw, 800px\" \/><\/a><figcaption class=\"wp-element-caption\">Muggardter H\u00f6he<\/figcaption><\/figure>\n\n\n\n<figure class=\"wp-block-image size-large\"><a href=\"https:\/\/centcols.org\/wp-content\/uploads\/2023\/08\/image-98.jpeg\"><img loading=\"lazy\" decoding=\"async\" width=\"800\" height=\"531\" data-id=\"95431\" src=\"https:\/\/centcols.org\/wp-content\/uploads\/2023\/08\/image-98.jpeg\" alt=\"\" class=\"wp-image-95431\" srcset=\"https:\/\/centcols.org\/wp-content\/uploads\/2023\/08\/image-98.jpeg 800w, https:\/\/centcols.org\/wp-content\/uploads\/2023\/08\/image-98-768x510.jpeg 768w, https:\/\/centcols.org\/wp-content\/uploads\/2023\/08\/image-98-18x12.jpeg 18w\" sizes=\"auto, (max-width: 800px) 100vw, 800px\" \/><\/a><figcaption class=\"wp-element-caption\">Nussbaumplatz<\/figcaption><\/figure>\n\n\n\n<figure class=\"wp-block-image size-large\"><a href=\"https:\/\/centcols.org\/wp-content\/uploads\/2023\/08\/image-99.jpeg\"><img loading=\"lazy\" decoding=\"async\" width=\"773\" height=\"434\" data-id=\"95432\" src=\"https:\/\/centcols.org\/wp-content\/uploads\/2023\/08\/image-99.jpeg\" alt=\"\" class=\"wp-image-95432\" srcset=\"https:\/\/centcols.org\/wp-content\/uploads\/2023\/08\/image-99.jpeg 773w, https:\/\/centcols.org\/wp-content\/uploads\/2023\/08\/image-99-768x431.jpeg 768w, https:\/\/centcols.org\/wp-content\/uploads\/2023\/08\/image-99-18x10.jpeg 18w\" sizes=\"auto, (max-width: 773px) 100vw, 773px\" \/><\/a><figcaption class=\"wp-element-caption\">Rimseck<\/figcaption><\/figure>\n\n\n\n<figure class=\"wp-block-image size-large\"><a href=\"https:\/\/centcols.org\/wp-content\/uploads\/2023\/08\/image-100.jpeg\"><img loading=\"lazy\" decoding=\"async\" width=\"800\" height=\"531\" data-id=\"95433\" src=\"https:\/\/centcols.org\/wp-content\/uploads\/2023\/08\/image-100.jpeg\" alt=\"\" class=\"wp-image-95433\" srcset=\"https:\/\/centcols.org\/wp-content\/uploads\/2023\/08\/image-100.jpeg 800w, https:\/\/centcols.org\/wp-content\/uploads\/2023\/08\/image-100-768x510.jpeg 768w, https:\/\/centcols.org\/wp-content\/uploads\/2023\/08\/image-100-18x12.jpeg 18w\" sizes=\"auto, (max-width: 800px) 100vw, 800px\" \/><\/a><figcaption class=\"wp-element-caption\">Kohlplatz<\/figcaption><\/figure>\n\n\n\n<figure class=\"wp-block-image size-large\"><a href=\"https:\/\/centcols.org\/wp-content\/uploads\/2023\/08\/image-101.jpeg\"><img loading=\"lazy\" decoding=\"async\" width=\"800\" height=\"531\" data-id=\"95434\" src=\"https:\/\/centcols.org\/wp-content\/uploads\/2023\/08\/image-101.jpeg\" alt=\"\" class=\"wp-image-95434\" srcset=\"https:\/\/centcols.org\/wp-content\/uploads\/2023\/08\/image-101.jpeg 800w, https:\/\/centcols.org\/wp-content\/uploads\/2023\/08\/image-101-768x510.jpeg 768w, https:\/\/centcols.org\/wp-content\/uploads\/2023\/08\/image-101-18x12.jpeg 18w\" sizes=\"auto, (max-width: 800px) 100vw, 800px\" \/><\/a><figcaption class=\"wp-element-caption\">Sattelplatz<\/figcaption><\/figure>\n\n\n\n<figure class=\"wp-block-image size-large\"><a href=\"https:\/\/centcols.org\/wp-content\/uploads\/2023\/08\/image-102.jpeg\"><img loading=\"lazy\" decoding=\"async\" width=\"773\" height=\"434\" data-id=\"95435\" src=\"https:\/\/centcols.org\/wp-content\/uploads\/2023\/08\/image-102.jpeg\" alt=\"\" class=\"wp-image-95435\" srcset=\"https:\/\/centcols.org\/wp-content\/uploads\/2023\/08\/image-102.jpeg 773w, https:\/\/centcols.org\/wp-content\/uploads\/2023\/08\/image-102-768x431.jpeg 768w, https:\/\/centcols.org\/wp-content\/uploads\/2023\/08\/image-102-18x10.jpeg 18w\" sizes=\"auto, (max-width: 773px) 100vw, 773px\" \/><\/a><figcaption class=\"wp-element-caption\">Riestersattel<\/figcaption><\/figure>\n\n\n\n<figure class=\"wp-block-image size-large\"><a href=\"https:\/\/centcols.org\/wp-content\/uploads\/2023\/08\/image-103.jpeg\"><img loading=\"lazy\" decoding=\"async\" width=\"800\" height=\"531\" data-id=\"95436\" src=\"https:\/\/centcols.org\/wp-content\/uploads\/2023\/08\/image-103.jpeg\" alt=\"\" class=\"wp-image-95436\" srcset=\"https:\/\/centcols.org\/wp-content\/uploads\/2023\/08\/image-103.jpeg 800w, https:\/\/centcols.org\/wp-content\/uploads\/2023\/08\/image-103-768x510.jpeg 768w, https:\/\/centcols.org\/wp-content\/uploads\/2023\/08\/image-103-18x12.jpeg 18w\" sizes=\"auto, (max-width: 800px) 100vw, 800px\" \/><\/a><figcaption class=\"wp-element-caption\">Gabler Eck<\/figcaption><\/figure>\n\n\n\n<figure class=\"wp-block-image size-large\"><a href=\"https:\/\/centcols.org\/wp-content\/uploads\/2023\/08\/image-104.jpeg\"><img loading=\"lazy\" decoding=\"async\" width=\"800\" height=\"531\" data-id=\"95437\" src=\"https:\/\/centcols.org\/wp-content\/uploads\/2023\/08\/image-104.jpeg\" alt=\"\" class=\"wp-image-95437\" srcset=\"https:\/\/centcols.org\/wp-content\/uploads\/2023\/08\/image-104.jpeg 800w, https:\/\/centcols.org\/wp-content\/uploads\/2023\/08\/image-104-768x510.jpeg 768w, https:\/\/centcols.org\/wp-content\/uploads\/2023\/08\/image-104-18x12.jpeg 18w\" sizes=\"auto, (max-width: 800px) 100vw, 800px\" \/><\/a><figcaption class=\"wp-element-caption\">Gutm\u00e4nnerspass<\/figcaption><\/figure>\n\n\n\n<figure class=\"wp-block-image size-large\"><a href=\"https:\/\/centcols.org\/wp-content\/uploads\/2023\/08\/image-105.jpeg\"><img loading=\"lazy\" decoding=\"async\" width=\"773\" height=\"434\" data-id=\"95438\" src=\"https:\/\/centcols.org\/wp-content\/uploads\/2023\/08\/image-105.jpeg\" alt=\"\" class=\"wp-image-95438\" srcset=\"https:\/\/centcols.org\/wp-content\/uploads\/2023\/08\/image-105.jpeg 773w, https:\/\/centcols.org\/wp-content\/uploads\/2023\/08\/image-105-768x431.jpeg 768w, https:\/\/centcols.org\/wp-content\/uploads\/2023\/08\/image-105-18x10.jpeg 18w\" sizes=\"auto, (max-width: 773px) 100vw, 773px\" \/><\/a><figcaption class=\"wp-element-caption\">Heubronner Eck<\/figcaption><\/figure>\n\n\n\n<figure class=\"wp-block-image size-large\"><a href=\"https:\/\/centcols.org\/wp-content\/uploads\/2023\/08\/image-106.jpeg\"><img loading=\"lazy\" decoding=\"async\" width=\"773\" height=\"434\" data-id=\"95439\" src=\"https:\/\/centcols.org\/wp-content\/uploads\/2023\/08\/image-106.jpeg\" alt=\"\" class=\"wp-image-95439\" srcset=\"https:\/\/centcols.org\/wp-content\/uploads\/2023\/08\/image-106.jpeg 773w, https:\/\/centcols.org\/wp-content\/uploads\/2023\/08\/image-106-768x431.jpeg 768w, https:\/\/centcols.org\/wp-content\/uploads\/2023\/08\/image-106-18x10.jpeg 18w\" sizes=\"auto, (max-width: 773px) 100vw, 773px\" \/><\/a><figcaption class=\"wp-element-caption\">Auf der Eck<\/figcaption><\/figure>\n\n\n\n<figure class=\"wp-block-image size-large\"><a href=\"https:\/\/centcols.org\/wp-content\/uploads\/2023\/08\/image-107.jpeg\"><img loading=\"lazy\" decoding=\"async\" width=\"773\" height=\"434\" data-id=\"95440\" src=\"https:\/\/centcols.org\/wp-content\/uploads\/2023\/08\/image-107.jpeg\" alt=\"\" class=\"wp-image-95440\" srcset=\"https:\/\/centcols.org\/wp-content\/uploads\/2023\/08\/image-107.jpeg 773w, https:\/\/centcols.org\/wp-content\/uploads\/2023\/08\/image-107-768x431.jpeg 768w, https:\/\/centcols.org\/wp-content\/uploads\/2023\/08\/image-107-18x10.jpeg 18w\" sizes=\"auto, (max-width: 773px) 100vw, 773px\" \/><\/a><figcaption class=\"wp-element-caption\">Sirnitzsattel<\/figcaption><\/figure>\n<\/figure>","protected":false},"excerpt":{"rendered":"<p>Description de l\u2019auteur Auteur : Jean-Luc CeccatoParcours : effectu\u00e9 le 11 juin 2022D\u00e9part : Niederweiler, sortie est de M\u00fcllheim, Weilertalstra\u00dfe le long de la rivi\u00e8re Weiler. Proche de l\u2019h\u00f4tel Wartek. Alt : 292 m. Descriptif touristique Niederweiler est situ\u00e9 \u00e0 l\u2019or\u00e9e de la For\u00eat-Noire. Le relief avoisinant, parcouru par ce circuit, offre de belles perspectives [&hellip;]<\/p>\n","protected":false},"author":3,"featured_media":82871,"comment_status":"open","ping_status":"open","sticky":false,"template":"","format":"standard","meta":{"_acf_changed":false,"footnotes":""},"categories":[302,320,323,220],"tags":[],"class_list":["post-82473","post","type-post","status-publish","format-standard","has-post-thumbnail","hentry","category-parcours-allemagne","category-gravel-type-parcours","category-foret-noire-massif-parcours-membres","category-parcours-membres"],"acf":[],"yoast_head":"<!-- This site is optimized with the Yoast SEO plugin v27.2 - https:\/\/yoast.com\/product\/yoast-seo-wordpress\/ -->\n<title>DE-BW For\u00eat-Noire Niederweiler nord - Gravel 57 km, D+ 1600 m, 11 cols - Club des Cent Cols<\/title>\n<meta name=\"robots\" content=\"index, follow, max-snippet:-1, max-image-preview:large, max-video-preview:-1\" \/>\n<link rel=\"canonical\" href=\"https:\/\/centcols.org\/en\/de-bw-foret-noire-niederweiler-nord-gravel\/\" \/>\n<meta property=\"og:locale\" content=\"en_GB\" \/>\n<meta property=\"og:type\" content=\"article\" \/>\n<meta property=\"og:title\" content=\"DE-BW For\u00eat-Noire Niederweiler nord - Gravel 57 km, D+ 1600 m, 11 cols - Club des Cent Cols\" \/>\n<meta property=\"og:description\" content=\"Description de l\u2019auteur Auteur : Jean-Luc CeccatoParcours : effectu\u00e9 le 11 juin 2022D\u00e9part : Niederweiler, sortie est de M\u00fcllheim, Weilertalstra\u00dfe le long de la rivi\u00e8re Weiler. Proche de l\u2019h\u00f4tel Wartek. Alt : 292 m. Descriptif touristique Niederweiler est situ\u00e9 \u00e0 l\u2019or\u00e9e de la For\u00eat-Noire. Le relief avoisinant, parcouru par ce circuit, offre de belles perspectives [&hellip;]\" \/>\n<meta property=\"og:url\" content=\"https:\/\/centcols.org\/en\/de-bw-foret-noire-niederweiler-nord-gravel\/\" \/>\n<meta property=\"og:site_name\" content=\"Club des Cent Cols\" \/>\n<meta property=\"article:publisher\" content=\"https:\/\/www.facebook.com\/groups\/5261880558\/?locale=fr_FR\" \/>\n<meta property=\"article:published_time\" content=\"2023-08-08T12:15:37+00:00\" \/>\n<meta property=\"article:modified_time\" content=\"2026-04-19T16:21:25+00:00\" \/>\n<meta property=\"og:image\" content=\"https:\/\/centcols.org\/wp-content\/uploads\/2023\/08\/Nierdeweiler-Vue-sur-la-plaine-Rhenane-500x3751-1.jpg\" \/>\n\t<meta property=\"og:image:width\" content=\"500\" \/>\n\t<meta property=\"og:image:height\" content=\"375\" \/>\n\t<meta property=\"og:image:type\" content=\"image\/jpeg\" \/>\n<meta name=\"author\" content=\"Webmestre\" \/>\n<meta name=\"twitter:card\" content=\"summary_large_image\" \/>\n<meta name=\"twitter:label1\" content=\"Written by\" \/>\n\t<meta name=\"twitter:data1\" content=\"Webmestre\" \/>\n\t<meta name=\"twitter:label2\" content=\"Estimated reading time\" \/>\n\t<meta name=\"twitter:data2\" content=\"4 minutes\" \/>\n<script type=\"application\/ld+json\" class=\"yoast-schema-graph\">{\"@context\":\"https:\/\/schema.org\",\"@graph\":[{\"@type\":\"Article\",\"@id\":\"https:\/\/centcols.org\/de-bw-foret-noire-niederweiler-nord-gravel\/#article\",\"isPartOf\":{\"@id\":\"https:\/\/centcols.org\/de-bw-foret-noire-niederweiler-nord-gravel\/\"},\"author\":{\"name\":\"Webmestre\",\"@id\":\"https:\/\/centcols.org\/#\/schema\/person\/911b404fb133d8c913dd27cdcf71c8e5\"},\"headline\":\"DE-BW For\u00eat-Noire Niederweiler nord &#8211; Gravel 57 km, D+ 1600 m, 11 cols\",\"datePublished\":\"2023-08-08T12:15:37+00:00\",\"dateModified\":\"2026-04-19T16:21:25+00:00\",\"mainEntityOfPage\":{\"@id\":\"https:\/\/centcols.org\/de-bw-foret-noire-niederweiler-nord-gravel\/\"},\"wordCount\":287,\"commentCount\":0,\"publisher\":{\"@id\":\"https:\/\/centcols.org\/#organization\"},\"image\":{\"@id\":\"https:\/\/centcols.org\/de-bw-foret-noire-niederweiler-nord-gravel\/#primaryimage\"},\"thumbnailUrl\":\"https:\/\/centcols.org\/wp-content\/uploads\/2023\/08\/Nierdeweiler-Vue-sur-la-plaine-Rhenane-500x3751-1.jpg\",\"articleSection\":[\"Parcours Allemagne\",\"Gravel\",\"For\u00eat-Noire\",\"Parcours membres\"],\"inLanguage\":\"en-GB\",\"potentialAction\":[{\"@type\":\"CommentAction\",\"name\":\"Comment\",\"target\":[\"https:\/\/centcols.org\/de-bw-foret-noire-niederweiler-nord-gravel\/#respond\"]}]},{\"@type\":\"WebPage\",\"@id\":\"https:\/\/centcols.org\/de-bw-foret-noire-niederweiler-nord-gravel\/\",\"url\":\"https:\/\/centcols.org\/de-bw-foret-noire-niederweiler-nord-gravel\/\",\"name\":\"DE-BW For\u00eat-Noire Niederweiler nord - Gravel 57 km, D+ 1600 m, 11 cols - Club des Cent Cols\",\"isPartOf\":{\"@id\":\"https:\/\/centcols.org\/#website\"},\"primaryImageOfPage\":{\"@id\":\"https:\/\/centcols.org\/de-bw-foret-noire-niederweiler-nord-gravel\/#primaryimage\"},\"image\":{\"@id\":\"https:\/\/centcols.org\/de-bw-foret-noire-niederweiler-nord-gravel\/#primaryimage\"},\"thumbnailUrl\":\"https:\/\/centcols.org\/wp-content\/uploads\/2023\/08\/Nierdeweiler-Vue-sur-la-plaine-Rhenane-500x3751-1.jpg\",\"datePublished\":\"2023-08-08T12:15:37+00:00\",\"dateModified\":\"2026-04-19T16:21:25+00:00\",\"breadcrumb\":{\"@id\":\"https:\/\/centcols.org\/de-bw-foret-noire-niederweiler-nord-gravel\/#breadcrumb\"},\"inLanguage\":\"en-GB\",\"potentialAction\":[{\"@type\":\"ReadAction\",\"target\":[\"https:\/\/centcols.org\/de-bw-foret-noire-niederweiler-nord-gravel\/\"]}]},{\"@type\":\"ImageObject\",\"inLanguage\":\"en-GB\",\"@id\":\"https:\/\/centcols.org\/de-bw-foret-noire-niederweiler-nord-gravel\/#primaryimage\",\"url\":\"https:\/\/centcols.org\/wp-content\/uploads\/2023\/08\/Nierdeweiler-Vue-sur-la-plaine-Rhenane-500x3751-1.jpg\",\"contentUrl\":\"https:\/\/centcols.org\/wp-content\/uploads\/2023\/08\/Nierdeweiler-Vue-sur-la-plaine-Rhenane-500x3751-1.jpg\",\"width\":500,\"height\":375},{\"@type\":\"BreadcrumbList\",\"@id\":\"https:\/\/centcols.org\/de-bw-foret-noire-niederweiler-nord-gravel\/#breadcrumb\",\"itemListElement\":[{\"@type\":\"ListItem\",\"position\":1,\"name\":\"Accueil\",\"item\":\"https:\/\/centcols.org\/\"},{\"@type\":\"ListItem\",\"position\":2,\"name\":\"Parcours membres\",\"item\":\"https:\/\/centcols.org\/rubrique\/parcours-membres\/\"},{\"@type\":\"ListItem\",\"position\":3,\"name\":\"Pays\",\"item\":\"https:\/\/centcols.org\/rubrique\/parcours-membres\/pays-parcours-membres\/\"},{\"@type\":\"ListItem\",\"position\":4,\"name\":\"Parcours Allemagne\",\"item\":\"https:\/\/centcols.org\/rubrique\/parcours-membres\/pays-parcours-membres\/parcours-allemagne\/\"},{\"@type\":\"ListItem\",\"position\":5,\"name\":\"DE-BW For\u00eat-Noire Niederweiler nord &#8211; Gravel 57 km, D+ 1600 m, 11 cols\"}]},{\"@type\":\"WebSite\",\"@id\":\"https:\/\/centcols.org\/#website\",\"url\":\"https:\/\/centcols.org\/\",\"name\":\"Club des Cent Cols\",\"description\":\"\",\"publisher\":{\"@id\":\"https:\/\/centcols.org\/#organization\"},\"potentialAction\":[{\"@type\":\"SearchAction\",\"target\":{\"@type\":\"EntryPoint\",\"urlTemplate\":\"https:\/\/centcols.org\/?s={search_term_string}\"},\"query-input\":{\"@type\":\"PropertyValueSpecification\",\"valueRequired\":true,\"valueName\":\"search_term_string\"}}],\"inLanguage\":\"en-GB\"},{\"@type\":\"Organization\",\"@id\":\"https:\/\/centcols.org\/#organization\",\"name\":\"Club des Cent Cols\",\"url\":\"https:\/\/centcols.org\/\",\"logo\":{\"@type\":\"ImageObject\",\"inLanguage\":\"en-GB\",\"@id\":\"https:\/\/centcols.org\/#\/schema\/logo\/image\/\",\"url\":\"https:\/\/centcols.org\/wp-content\/uploads\/2025\/01\/carte-icone.png\",\"contentUrl\":\"https:\/\/centcols.org\/wp-content\/uploads\/2025\/01\/carte-icone.png\",\"width\":250,\"height\":250,\"caption\":\"Club des Cent Cols\"},\"image\":{\"@id\":\"https:\/\/centcols.org\/#\/schema\/logo\/image\/\"},\"sameAs\":[\"https:\/\/www.facebook.com\/groups\/5261880558\/?locale=fr_FR\"]},{\"@type\":\"Person\",\"@id\":\"https:\/\/centcols.org\/#\/schema\/person\/911b404fb133d8c913dd27cdcf71c8e5\",\"name\":\"Webmestre\",\"image\":{\"@type\":\"ImageObject\",\"inLanguage\":\"en-GB\",\"@id\":\"https:\/\/centcols.org\/wp-content\/litespeed\/avatar\/2d246e4b6b4f773e08515e1ffc53690b.jpg?ver=1777222892\",\"url\":\"https:\/\/centcols.org\/wp-content\/litespeed\/avatar\/2d246e4b6b4f773e08515e1ffc53690b.jpg?ver=1777222892\",\"contentUrl\":\"https:\/\/centcols.org\/wp-content\/litespeed\/avatar\/2d246e4b6b4f773e08515e1ffc53690b.jpg?ver=1777222892\",\"caption\":\"Webmestre\"},\"url\":\"https:\/\/centcols.org\/en\/author\/webmestre\/\"}]}<\/script>\n<!-- \/ Yoast SEO plugin. -->","yoast_head_json":{"title":"DE-BW Black Forest Niederweiler north - Gravel 57 km, D+ 1600 m, 11 cols - Club des Cent Cols","robots":{"index":"index","follow":"follow","max-snippet":"max-snippet:-1","max-image-preview":"max-image-preview:large","max-video-preview":"max-video-preview:-1"},"canonical":"https:\/\/centcols.org\/en\/de-bw-foret-noire-niederweiler-nord-gravel\/","og_locale":"en_GB","og_type":"article","og_title":"DE-BW For\u00eat-Noire Niederweiler nord - Gravel 57 km, D+ 1600 m, 11 cols - Club des Cent Cols","og_description":"Description de l\u2019auteur Auteur : Jean-Luc CeccatoParcours : effectu\u00e9 le 11 juin 2022D\u00e9part : Niederweiler, sortie est de M\u00fcllheim, Weilertalstra\u00dfe le long de la rivi\u00e8re Weiler. Proche de l\u2019h\u00f4tel Wartek. Alt : 292 m. Descriptif touristique Niederweiler est situ\u00e9 \u00e0 l\u2019or\u00e9e de la For\u00eat-Noire. Le relief avoisinant, parcouru par ce circuit, offre de belles perspectives [&hellip;]","og_url":"https:\/\/centcols.org\/en\/de-bw-foret-noire-niederweiler-nord-gravel\/","og_site_name":"Club des Cent Cols","article_publisher":"https:\/\/www.facebook.com\/groups\/5261880558\/?locale=fr_FR","article_published_time":"2023-08-08T12:15:37+00:00","article_modified_time":"2026-04-19T16:21:25+00:00","og_image":[{"width":500,"height":375,"url":"https:\/\/centcols.org\/wp-content\/uploads\/2023\/08\/Nierdeweiler-Vue-sur-la-plaine-Rhenane-500x3751-1.jpg","type":"image\/jpeg"}],"author":"Webmestre","twitter_card":"summary_large_image","twitter_misc":{"Written by":"Webmestre","Estimated reading time":"4 minutes"},"schema":{"@context":"https:\/\/schema.org","@graph":[{"@type":"Article","@id":"https:\/\/centcols.org\/de-bw-foret-noire-niederweiler-nord-gravel\/#article","isPartOf":{"@id":"https:\/\/centcols.org\/de-bw-foret-noire-niederweiler-nord-gravel\/"},"author":{"name":"Webmestre","@id":"https:\/\/centcols.org\/#\/schema\/person\/911b404fb133d8c913dd27cdcf71c8e5"},"headline":"DE-BW For\u00eat-Noire Niederweiler nord &#8211; Gravel 57 km, D+ 1600 m, 11 cols","datePublished":"2023-08-08T12:15:37+00:00","dateModified":"2026-04-19T16:21:25+00:00","mainEntityOfPage":{"@id":"https:\/\/centcols.org\/de-bw-foret-noire-niederweiler-nord-gravel\/"},"wordCount":287,"commentCount":0,"publisher":{"@id":"https:\/\/centcols.org\/#organization"},"image":{"@id":"https:\/\/centcols.org\/de-bw-foret-noire-niederweiler-nord-gravel\/#primaryimage"},"thumbnailUrl":"https:\/\/centcols.org\/wp-content\/uploads\/2023\/08\/Nierdeweiler-Vue-sur-la-plaine-Rhenane-500x3751-1.jpg","articleSection":["Parcours Allemagne","Gravel","For\u00eat-Noire","Parcours membres"],"inLanguage":"en-GB","potentialAction":[{"@type":"CommentAction","name":"Comment","target":["https:\/\/centcols.org\/de-bw-foret-noire-niederweiler-nord-gravel\/#respond"]}]},{"@type":"WebPage","@id":"https:\/\/centcols.org\/de-bw-foret-noire-niederweiler-nord-gravel\/","url":"https:\/\/centcols.org\/de-bw-foret-noire-niederweiler-nord-gravel\/","name":"DE-BW Black Forest Niederweiler north - Gravel 57 km, D+ 1600 m, 11 cols - Club des Cent Cols","isPartOf":{"@id":"https:\/\/centcols.org\/#website"},"primaryImageOfPage":{"@id":"https:\/\/centcols.org\/de-bw-foret-noire-niederweiler-nord-gravel\/#primaryimage"},"image":{"@id":"https:\/\/centcols.org\/de-bw-foret-noire-niederweiler-nord-gravel\/#primaryimage"},"thumbnailUrl":"https:\/\/centcols.org\/wp-content\/uploads\/2023\/08\/Nierdeweiler-Vue-sur-la-plaine-Rhenane-500x3751-1.jpg","datePublished":"2023-08-08T12:15:37+00:00","dateModified":"2026-04-19T16:21:25+00:00","breadcrumb":{"@id":"https:\/\/centcols.org\/de-bw-foret-noire-niederweiler-nord-gravel\/#breadcrumb"},"inLanguage":"en-GB","potentialAction":[{"@type":"ReadAction","target":["https:\/\/centcols.org\/de-bw-foret-noire-niederweiler-nord-gravel\/"]}]},{"@type":"ImageObject","inLanguage":"en-GB","@id":"https:\/\/centcols.org\/de-bw-foret-noire-niederweiler-nord-gravel\/#primaryimage","url":"https:\/\/centcols.org\/wp-content\/uploads\/2023\/08\/Nierdeweiler-Vue-sur-la-plaine-Rhenane-500x3751-1.jpg","contentUrl":"https:\/\/centcols.org\/wp-content\/uploads\/2023\/08\/Nierdeweiler-Vue-sur-la-plaine-Rhenane-500x3751-1.jpg","width":500,"height":375},{"@type":"BreadcrumbList","@id":"https:\/\/centcols.org\/de-bw-foret-noire-niederweiler-nord-gravel\/#breadcrumb","itemListElement":[{"@type":"ListItem","position":1,"name":"Accueil","item":"https:\/\/centcols.org\/"},{"@type":"ListItem","position":2,"name":"Parcours membres","item":"https:\/\/centcols.org\/rubrique\/parcours-membres\/"},{"@type":"ListItem","position":3,"name":"Pays","item":"https:\/\/centcols.org\/rubrique\/parcours-membres\/pays-parcours-membres\/"},{"@type":"ListItem","position":4,"name":"Parcours Allemagne","item":"https:\/\/centcols.org\/rubrique\/parcours-membres\/pays-parcours-membres\/parcours-allemagne\/"},{"@type":"ListItem","position":5,"name":"DE-BW For\u00eat-Noire Niederweiler nord &#8211; Gravel 57 km, D+ 1600 m, 11 cols"}]},{"@type":"WebSite","@id":"https:\/\/centcols.org\/#website","url":"https:\/\/centcols.org\/","name":"Club des Cent Cols","description":"","publisher":{"@id":"https:\/\/centcols.org\/#organization"},"potentialAction":[{"@type":"SearchAction","target":{"@type":"EntryPoint","urlTemplate":"https:\/\/centcols.org\/?s={search_term_string}"},"query-input":{"@type":"PropertyValueSpecification","valueRequired":true,"valueName":"search_term_string"}}],"inLanguage":"en-GB"},{"@type":"Organization","@id":"https:\/\/centcols.org\/#organization","name":"Club des Cent Cols","url":"https:\/\/centcols.org\/","logo":{"@type":"ImageObject","inLanguage":"en-GB","@id":"https:\/\/centcols.org\/#\/schema\/logo\/image\/","url":"https:\/\/centcols.org\/wp-content\/uploads\/2025\/01\/carte-icone.png","contentUrl":"https:\/\/centcols.org\/wp-content\/uploads\/2025\/01\/carte-icone.png","width":250,"height":250,"caption":"Club des Cent Cols"},"image":{"@id":"https:\/\/centcols.org\/#\/schema\/logo\/image\/"},"sameAs":["https:\/\/www.facebook.com\/groups\/5261880558\/?locale=fr_FR"]},{"@type":"Person","@id":"https:\/\/centcols.org\/#\/schema\/person\/911b404fb133d8c913dd27cdcf71c8e5","name":"Webmaster","image":{"@type":"ImageObject","inLanguage":"en-GB","@id":"https:\/\/centcols.org\/wp-content\/litespeed\/avatar\/2d246e4b6b4f773e08515e1ffc53690b.jpg?ver=1777222892","url":"https:\/\/centcols.org\/wp-content\/litespeed\/avatar\/2d246e4b6b4f773e08515e1ffc53690b.jpg?ver=1777222892","contentUrl":"https:\/\/centcols.org\/wp-content\/litespeed\/avatar\/2d246e4b6b4f773e08515e1ffc53690b.jpg?ver=1777222892","caption":"Webmestre"},"url":"https:\/\/centcols.org\/en\/author\/webmestre\/"}]}},"_links":{"self":[{"href":"https:\/\/centcols.org\/en\/wp-json\/wp\/v2\/posts\/82473","targetHints":{"allow":["GET"]}}],"collection":[{"href":"https:\/\/centcols.org\/en\/wp-json\/wp\/v2\/posts"}],"about":[{"href":"https:\/\/centcols.org\/en\/wp-json\/wp\/v2\/types\/post"}],"author":[{"embeddable":true,"href":"https:\/\/centcols.org\/en\/wp-json\/wp\/v2\/users\/3"}],"replies":[{"embeddable":true,"href":"https:\/\/centcols.org\/en\/wp-json\/wp\/v2\/comments?post=82473"}],"version-history":[{"count":0,"href":"https:\/\/centcols.org\/en\/wp-json\/wp\/v2\/posts\/82473\/revisions"}],"wp:featuredmedia":[{"embeddable":true,"href":"https:\/\/centcols.org\/en\/wp-json\/wp\/v2\/media\/82871"}],"wp:attachment":[{"href":"https:\/\/centcols.org\/en\/wp-json\/wp\/v2\/media?parent=82473"}],"wp:term":[{"taxonomy":"category","embeddable":true,"href":"https:\/\/centcols.org\/en\/wp-json\/wp\/v2\/categories?post=82473"},{"taxonomy":"post_tag","embeddable":true,"href":"https:\/\/centcols.org\/en\/wp-json\/wp\/v2\/tags?post=82473"}],"curies":[{"name":"wp","href":"https:\/\/api.w.org\/{rel}","templated":true}]}}