{"id":82482,"date":"2023-08-03T14:40:00","date_gmt":"2023-08-03T12:40:00","guid":{"rendered":"https:\/\/centcols.org\/de-bw-foret-noire-schiltach-ouest-gravel-66-km-d-1650-m-18-cols\/"},"modified":"2026-04-25T17:08:57","modified_gmt":"2026-04-25T15:08:57","slug":"de-bw-foret-noire-schiltach-ouest-gravel","status":"publish","type":"post","link":"https:\/\/centcols.org\/en\/de-bw-foret-noire-schiltach-ouest-gravel\/","title":{"rendered":"DE-BW Black Forest Schiltach West - Gravel 68 km, D+ 1670 m, 18 passes"},"content":{"rendered":"<iframe width=\"100%\" height=\"650\" loading=\"lazy\" src=\"https:\/\/www.openrunner.com\/embed\/772f57422b494a2f2b7952304244616b555042644e6d68636d74347279636e5062632f42776e774e6433493d3a3afc09c0ca94366547783e828d5d9c8135?unit=metric\" style=\"border: none;\"><\/iframe>\n\n\n\n<div style=\"height:30px\" aria-hidden=\"true\" class=\"wp-block-spacer\"><\/div>\n\n\n\n<h2 class=\"wp-block-heading\">Author description<\/h2>\n\n\n\n<p><strong>Author<\/strong>Jean-Luc Ceccato<br><strong>Course<\/strong> To be carried out on 14 September 2020<br><strong>Departure<\/strong> Schiltach: several free car parks, including one along the Kinzig at the junction of Hauptstra\u00dfe and Auestra\u00dfe. Alt: 330 m.<br>For accommodation, I recommend the Gasthof Zum Wey\u00dfen R\u00f6\u00dfle. Rosemarie Wolber is very friendly and speaks French. The food is very good.<\/p>\n\n\n\n<div style=\"height:30px\" aria-hidden=\"true\" class=\"wp-block-spacer\"><\/div>\n\n\n\n<h2 class=\"wp-block-heading\">Tourist information<\/h2>\n\n\n\n<p>As you pass through the villages, you'll see the carefully decorated houses that are so typical of this mid-mountain region. There are numerous viewpoints along the way.<\/p>\n\n\n\n<div style=\"height:30px\" aria-hidden=\"true\" class=\"wp-block-spacer\"><\/div>\n\n\n\n<h2 class=\"wp-block-heading\">Technical specifications<\/h2>\n\n\n\n<p>This route presents no difficulties, and was completed with a mountain bike fitted with 40 gravel tyres, without any problems. The route covers around 50% of nice rolling tracks and the rest on tarmac roads.<br>For access to the Dohlenbacher H\u00f6he DE-BW-0476, I advise you to go up and down the side of the loop that I went down, about 300 m, because the part I went up required me to cross an electrified fence and drive inside the field.<br>At km 17.7 of the route, cross the river directly and skip the loop I did unnecessarily, to get back on the route at km 19.9.<br>Once you reach Col Steig DE-BW-0505a, an easy 200-metre push leads to a track.<br>As with most routes in the Black Forest, there are often quite steep gradients to contend with.<\/p>\n\n\n\n<div style=\"height:30px\" aria-hidden=\"true\" class=\"wp-block-spacer\"><\/div>\n\n\n\n<p><strong>18 collars<\/strong><\/p>\n\n\n\n<p>1 Hofeck \u00a0\u00a0\u00a0\u00a0\u00a0\u00a0\u00a0\u00a0\u00a0\u00a0\u00a0\u00a0\u00a0\u00a0\u00a0\u00a0\u00a0\u00a0\u00a0\u00a0\u00a0\u00a0\u00a0\u00a0\u00a0\u00a0\u00a0\u00a0\u00a0\u00a0\u00a0 <a href=\"https:\/\/centcols.org\/en\/util\/geo\/visuGen.php\/?code=DE-BW-0349\" target=\"_blank\" rel=\"noreferrer noopener\">DE-BW-0349<\/a><br>2 Dohlenbacher H\u00f6he \u00a0\u00a0\u00a0\u00a0\u00a0\u00a0\u00a0\u00a0\u00a0\u00a0\u00a0\u00a0\u00a0 <a href=\"https:\/\/centcols.org\/en\/util\/geo\/visuGen.php\/?code=DE-BW-0476\" target=\"_blank\" rel=\"noreferrer noopener\">DE-BW-0476<\/a><br>3 Happachsattel \u00a0\u00a0\u00a0\u00a0\u00a0\u00a0\u00a0\u00a0\u00a0\u00a0\u00a0\u00a0\u00a0\u00a0\u00a0\u00a0\u00a0\u00a0\u00a0\u00a0\u00a0\u00a0 <a href=\"https:\/\/centcols.org\/en\/util\/geo\/visuGen.php\/?code=DE-BW-0410\" target=\"_blank\" rel=\"noreferrer noopener\">DE-BW-0410<\/a><br>4 Burgeck \u00a0\u00a0\u00a0\u00a0\u00a0\u00a0\u00a0\u00a0\u00a0\u00a0\u00a0\u00a0\u00a0\u00a0\u00a0\u00a0\u00a0\u00a0\u00a0\u00a0\u00a0\u00a0\u00a0\u00a0\u00a0\u00a0\u00a0\u00a0\u00a0\u00a0 <a href=\"https:\/\/centcols.org\/en\/util\/geo\/visuGen.php\/?code=DE-BW-0498\" target=\"_blank\" rel=\"noreferrer noopener\">DE-BW-0498<\/a><br>5 Schrannenbauernsattel \u00a0\u00a0\u00a0\u00a0\u00a0\u00a0\u00a0\u00a0\u00a0\u00a0 <a href=\"https:\/\/centcols.org\/en\/util\/geo\/visuGen.php\/?code=DE-BW-0635a\" target=\"_blank\" rel=\"noreferrer noopener\">DE-BW-0635a<\/a><br>6 Landeck \u00a0\u00a0\u00a0\u00a0\u00a0\u00a0\u00a0\u00a0\u00a0\u00a0\u00a0\u00a0\u00a0\u00a0\u00a0\u00a0\u00a0\u00a0\u00a0\u00a0\u00a0\u00a0\u00a0\u00a0\u00a0\u00a0\u00a0\u00a0\u00a0 <a href=\"https:\/\/centcols.org\/en\/util\/geo\/visuGen.php\/?code=DE-BW-0674\" target=\"_blank\" rel=\"noreferrer noopener\">DE-BW-0674<\/a><br>7 Sankt RomanerHohe \u00a0\u00a0\u00a0\u00a0\u00a0\u00a0\u00a0\u00a0\u00a0\u00a0\u00a0\u00a0 <a href=\"https:\/\/centcols.org\/en\/util\/geo\/visuGen.php\/?code=DE-BW-0725a\" target=\"_blank\" rel=\"noreferrer noopener\">DE-BW-0725a<\/a><br>8 Auf der Ecken \u00a0\u00a0\u00a0\u00a0\u00a0\u00a0\u00a0\u00a0\u00a0\u00a0\u00a0\u00a0\u00a0\u00a0\u00a0\u00a0\u00a0\u00a0\u00a0\u00a0\u00a0 <a href=\"https:\/\/centcols.org\/en\/util\/geo\/visuGen.php\/?code=DE-BW-0680\" target=\"_blank\" rel=\"noreferrer noopener\">DE-BW-0680<\/a><br>9 Jehlebasches Hohe \u00a0\u00a0\u00a0\u00a0\u00a0\u00a0\u00a0\u00a0\u00a0\u00a0\u00a0\u00a0\u00a0\u00a0\u00a0 <a href=\"https:\/\/centcols.org\/en\/util\/geo\/visuGen.php\/?code=DE-BW-0705\" target=\"_blank\" rel=\"noreferrer noopener\">DE-BW-0705<\/a><br>10 Kohlplatz \u00a0\u00a0\u00a0\u00a0\u00a0\u00a0\u00a0\u00a0\u00a0\u00a0\u00a0\u00a0\u00a0\u00a0\u00a0\u00a0\u00a0\u00a0\u00a0\u00a0\u00a0\u00a0\u00a0\u00a0\u00a0\u00a0 <a href=\"https:\/\/centcols.org\/en\/util\/geo\/visuGen.php\/?code=DE-BW-0730b\" target=\"_blank\" rel=\"noreferrer noopener\">DE-BW-0730b<\/a><br>11 Vorder Hals \u00a0\u00a0\u00a0\u00a0\u00a0\u00a0\u00a0\u00a0\u00a0\u00a0\u00a0\u00a0\u00a0\u00a0\u00a0\u00a0\u00a0\u00a0\u00a0\u00a0\u00a0\u00a0 <a href=\"https:\/\/centcols.org\/en\/util\/geo\/visuGen.php\/?code=DE-BW-0763\" target=\"_blank\" rel=\"noreferrer noopener\">DE-BW-0763<\/a><br>12 Hinter Hals \u00a0\u00a0\u00a0\u00a0\u00a0\u00a0\u00a0\u00a0\u00a0\u00a0\u00a0\u00a0\u00a0\u00a0\u00a0\u00a0\u00a0\u00a0\u00a0\u00a0\u00a0\u00a0\u00a0 <a href=\"https:\/\/centcols.org\/en\/util\/geo\/visuGen.php\/?code=DE-BW-0752a\" target=\"_blank\" rel=\"noreferrer noopener\">DE-BW-0752<\/a><br>13 Neusteigle \u00a0\u00a0\u00a0\u00a0\u00a0\u00a0\u00a0\u00a0\u00a0\u00a0\u00a0\u00a0\u00a0\u00a0\u00a0\u00a0\u00a0\u00a0\u00a0\u00a0\u00a0\u00a0\u00a0\u00a0\u00a0 <a href=\"https:\/\/centcols.org\/en\/util\/geo\/visuGen.php\/?code=DE-BW-0601\" target=\"_blank\" rel=\"noreferrer noopener\">DE-BW-0601<\/a><br>14 Steig \u00a0\u00a0\u00a0\u00a0\u00a0\u00a0\u00a0\u00a0\u00a0\u00a0\u00a0\u00a0\u00a0\u00a0\u00a0\u00a0\u00a0\u00a0\u00a0\u00a0\u00a0\u00a0\u00a0\u00a0\u00a0\u00a0\u00a0\u00a0\u00a0\u00a0\u00a0\u00a0 <a href=\"https:\/\/centcols.org\/en\/util\/geo\/visuGen.php\/?code=DE-BW-0505a\">DE-B<\/a><a href=\"https:\/\/centcols.org\/en\/util\/geo\/visuGen.php\/?code=DE-BW-0505a\" target=\"_blank\" rel=\"noreferrer noopener\">W<\/a><a href=\"https:\/\/centcols.org\/en\/util\/geo\/visuGen.php\/?code=DE-BW-0505a\">-0505a<\/a><br>15 Das Tor \u00a0\u00a0\u00a0\u00a0\u00a0\u00a0\u00a0\u00a0\u00a0\u00a0\u00a0\u00a0\u00a0\u00a0\u00a0\u00a0\u00a0\u00a0\u00a0\u00a0\u00a0\u00a0\u00a0\u00a0\u00a0\u00a0\u00a0\u00a0 <a href=\"https:\/\/centcols.org\/en\/util\/geo\/visuGen.php\/?code=DE-BW-0704\" target=\"_blank\" rel=\"noreferrer noopener\">DE-BW-0704<\/a><br>16 Alte Grube\u00a0\u00a0\u00a0\u00a0\u00a0\u00a0\u00a0\u00a0\u00a0\u00a0\u00a0\u00a0\u00a0\u00a0\u00a0\u00a0\u00a0\u00a0\u00a0\u00a0\u00a0\u00a0\u00a0\u00a0\u00a0 <a href=\"https:\/\/centcols.org\/en\/util\/geo\/visuGen.php\/?code=DE-BW-0749\" target=\"_blank\" rel=\"noreferrer noopener\">DE-BW-0749<\/a><br>17 Bockseckle \u00a0\u00a0\u00a0\u00a0\u00a0\u00a0\u00a0\u00a0\u00a0\u00a0\u00a0\u00a0\u00a0\u00a0\u00a0\u00a0\u00a0\u00a0\u00a0\u00a0\u00a0\u00a0\u00a0 <a href=\"https:\/\/centcols.org\/en\/util\/geo\/visuGen.php\/?code=DE-BW-0788b\" target=\"_blank\" rel=\"noreferrer noopener\">DE-BW-0788b<\/a><br>18 Hasenhohe \u00a0\u00a0\u00a0\u00a0\u00a0\u00a0\u00a0\u00a0\u00a0\u00a0\u00a0\u00a0\u00a0\u00a0\u00a0\u00a0\u00a0\u00a0\u00a0\u00a0\u00a0\u00a0\u00a0\u00a0 <a href=\"https:\/\/centcols.org\/en\/util\/geo\/visuGen.php\/?code=DE-BW-0644\" target=\"_blank\" rel=\"noreferrer noopener\">DE-BW-0644<\/a><\/p>\n\n\n\n<p><strong>Link<\/strong> <strong>Openrunner, interactive map, profile, gpx track<\/strong> <a href=\"https:\/\/www.openrunner.com\/route-details\/16387849\" target=\"_blank\" rel=\"noreferrer noopener\">https:\/\/www.openrunner.com\/route-details\/16387849<\/a><\/p>\n\n\n\n<p><strong>Key words<\/strong>Black Forest, Sciltach, centcols<\/p>\n\n\n\n<p>This itinerary is given as an indication only. The author declines all responsibility, as well as that of the Club des Cent Cols, for imponderables caused by the cyclist himself, the equipment used or anything relating to the road, its environment or other road users.<\/p>\n\n\n\n<h2 class=\"wp-block-heading\">Photos<\/h2>\n\n\n<div class=\"wp-block-image\">\n<figure class=\"aligncenter size-full is-resized\"><a href=\"https:\/\/centcols.org\/wp-content\/uploads\/2023\/08\/Presentation1-1200x6751-1.jpg\"><img loading=\"lazy\" decoding=\"async\" width=\"1200\" height=\"675\" src=\"https:\/\/centcols.org\/wp-content\/uploads\/2023\/08\/Presentation1-1200x6751-1.jpg\" alt=\"\" class=\"wp-image-89873\" style=\"width:800px\" srcset=\"https:\/\/centcols.org\/wp-content\/uploads\/2023\/08\/Presentation1-1200x6751-1.jpg 1200w, https:\/\/centcols.org\/wp-content\/uploads\/2023\/08\/Presentation1-1200x6751-1-768x432.jpg 768w, https:\/\/centcols.org\/wp-content\/uploads\/2023\/08\/Presentation1-1200x6751-1-18x10.jpg 18w\" sizes=\"auto, (max-width: 1200px) 100vw, 1200px\" \/><\/a><\/figure>\n<\/div>\n\n\n<div style=\"height:20px\" aria-hidden=\"true\" class=\"wp-block-spacer\"><\/div>\n\n\n<div class=\"wp-block-image\">\n<figure class=\"aligncenter size-full is-resized\"><a href=\"https:\/\/centcols.org\/wp-content\/uploads\/2023\/08\/2NoeQgUy9mAlkxYk3viXIMQ8Z7G1.jpg\"><img loading=\"lazy\" decoding=\"async\" width=\"1000\" height=\"612\" src=\"https:\/\/centcols.org\/wp-content\/uploads\/2023\/08\/2NoeQgUy9mAlkxYk3viXIMQ8Z7G1.jpg\" alt=\"\" class=\"wp-image-89874\" style=\"width:800px\" srcset=\"https:\/\/centcols.org\/wp-content\/uploads\/2023\/08\/2NoeQgUy9mAlkxYk3viXIMQ8Z7G1.jpg 1000w, https:\/\/centcols.org\/wp-content\/uploads\/2023\/08\/2NoeQgUy9mAlkxYk3viXIMQ8Z7G1-768x470.jpg 768w, https:\/\/centcols.org\/wp-content\/uploads\/2023\/08\/2NoeQgUy9mAlkxYk3viXIMQ8Z7G1-18x12.jpg 18w\" sizes=\"auto, (max-width: 1000px) 100vw, 1000px\" \/><\/a><\/figure>\n<\/div>\n\n\n<div style=\"height:20px\" aria-hidden=\"true\" class=\"wp-block-spacer\"><\/div>\n\n\n<div class=\"wp-block-image\">\n<figure class=\"aligncenter size-full is-resized\"><a href=\"https:\/\/centcols.org\/wp-content\/uploads\/2023\/08\/2NoeQe3ijEQW5knzdNdSyrWniku1.jpg\"><img loading=\"lazy\" decoding=\"async\" width=\"1000\" height=\"668\" src=\"https:\/\/centcols.org\/wp-content\/uploads\/2023\/08\/2NoeQe3ijEQW5knzdNdSyrWniku1.jpg\" alt=\"\" class=\"wp-image-89875\" style=\"width:800px\" srcset=\"https:\/\/centcols.org\/wp-content\/uploads\/2023\/08\/2NoeQe3ijEQW5knzdNdSyrWniku1.jpg 1000w, https:\/\/centcols.org\/wp-content\/uploads\/2023\/08\/2NoeQe3ijEQW5knzdNdSyrWniku1-768x513.jpg 768w, https:\/\/centcols.org\/wp-content\/uploads\/2023\/08\/2NoeQe3ijEQW5knzdNdSyrWniku1-18x12.jpg 18w\" sizes=\"auto, (max-width: 1000px) 100vw, 1000px\" \/><\/a><\/figure>\n<\/div>\n\n\n<p class=\"has-text-align-center\"><strong>Schiltag, the streets of half-timbered houses<\/strong><\/p>\n\n\n<div class=\"wp-block-image\">\n<figure class=\"aligncenter size-full is-resized\"><a href=\"https:\/\/centcols.org\/wp-content\/uploads\/2023\/08\/2NoeQkPQNYk0wlvo9DmYj6J0NMo1.jpg\"><img loading=\"lazy\" decoding=\"async\" width=\"669\" height=\"941\" src=\"https:\/\/centcols.org\/wp-content\/uploads\/2023\/08\/2NoeQkPQNYk0wlvo9DmYj6J0NMo1.jpg\" alt=\"\" class=\"wp-image-89876\" style=\"width:auto;height:600px\" srcset=\"https:\/\/centcols.org\/wp-content\/uploads\/2023\/08\/2NoeQkPQNYk0wlvo9DmYj6J0NMo1.jpg 669w, https:\/\/centcols.org\/wp-content\/uploads\/2023\/08\/2NoeQkPQNYk0wlvo9DmYj6J0NMo1-9x12.jpg 9w\" sizes=\"auto, (max-width: 669px) 100vw, 669px\" \/><\/a><figcaption class=\"wp-element-caption\"><strong>The Town Hall<\/strong><\/figcaption><\/figure>\n<\/div>\n\n<div class=\"wp-block-image\">\n<figure class=\"aligncenter size-full is-resized\"><a href=\"https:\/\/centcols.org\/wp-content\/uploads\/2023\/08\/2NzySr09kikyn4uxwdlDwHwm1Dg-11.jpg\"><img loading=\"lazy\" decoding=\"async\" width=\"1000\" height=\"703\" src=\"https:\/\/centcols.org\/wp-content\/uploads\/2023\/08\/2NzySr09kikyn4uxwdlDwHwm1Dg-11.jpg\" alt=\"\" class=\"wp-image-89878\" style=\"width:800px\" srcset=\"https:\/\/centcols.org\/wp-content\/uploads\/2023\/08\/2NzySr09kikyn4uxwdlDwHwm1Dg-11.jpg 1000w, https:\/\/centcols.org\/wp-content\/uploads\/2023\/08\/2NzySr09kikyn4uxwdlDwHwm1Dg-11-768x540.jpg 768w, https:\/\/centcols.org\/wp-content\/uploads\/2023\/08\/2NzySr09kikyn4uxwdlDwHwm1Dg-11-18x12.jpg 18w\" sizes=\"auto, (max-width: 1000px) 100vw, 1000px\" \/><\/a><figcaption class=\"wp-element-caption\"><strong>An inhabited meadow<\/strong><\/figcaption><\/figure>\n<\/div>\n\n<div class=\"wp-block-image\">\n<figure class=\"aligncenter size-full is-resized\"><a href=\"https:\/\/centcols.org\/wp-content\/uploads\/2023\/08\/2NzyHbRx0Q8sIU5aNx6bA01tIB21.jpg\"><img loading=\"lazy\" decoding=\"async\" width=\"1000\" height=\"750\" src=\"https:\/\/centcols.org\/wp-content\/uploads\/2023\/08\/2NzyHbRx0Q8sIU5aNx6bA01tIB21.jpg\" alt=\"\" class=\"wp-image-89879\" style=\"width:800px\" srcset=\"https:\/\/centcols.org\/wp-content\/uploads\/2023\/08\/2NzyHbRx0Q8sIU5aNx6bA01tIB21.jpg 1000w, https:\/\/centcols.org\/wp-content\/uploads\/2023\/08\/2NzyHbRx0Q8sIU5aNx6bA01tIB21-768x576.jpg 768w, https:\/\/centcols.org\/wp-content\/uploads\/2023\/08\/2NzyHbRx0Q8sIU5aNx6bA01tIB21-16x12.jpg 16w\" sizes=\"auto, (max-width: 1000px) 100vw, 1000px\" \/><\/a><figcaption class=\"wp-element-caption\"><strong>Passage through undergrowth<\/strong><\/figcaption><\/figure>\n<\/div>\n\n<div class=\"wp-block-image\">\n<figure class=\"aligncenter size-full is-resized\"><a href=\"https:\/\/centcols.org\/wp-content\/uploads\/2023\/08\/2NzyAalbqzYSJjNiGc4IPS7Qmdo-11.jpg\"><img loading=\"lazy\" decoding=\"async\" width=\"1000\" height=\"683\" src=\"https:\/\/centcols.org\/wp-content\/uploads\/2023\/08\/2NzyAalbqzYSJjNiGc4IPS7Qmdo-11.jpg\" alt=\"\" class=\"wp-image-89880\" style=\"width:800px\" srcset=\"https:\/\/centcols.org\/wp-content\/uploads\/2023\/08\/2NzyAalbqzYSJjNiGc4IPS7Qmdo-11.jpg 1000w, https:\/\/centcols.org\/wp-content\/uploads\/2023\/08\/2NzyAalbqzYSJjNiGc4IPS7Qmdo-11-768x525.jpg 768w, https:\/\/centcols.org\/wp-content\/uploads\/2023\/08\/2NzyAalbqzYSJjNiGc4IPS7Qmdo-11-18x12.jpg 18w\" sizes=\"auto, (max-width: 1000px) 100vw, 1000px\" \/><\/a><figcaption class=\"wp-element-caption\"><strong>Panorama<\/strong><\/figcaption><\/figure>\n<\/div>\n\n<div class=\"wp-block-image\">\n<figure class=\"aligncenter size-large is-resized\"><img decoding=\"async\" src=\"https:\/\/centcols.org\/util\/geo\/visu\/DE\/img\/1093\/5301.jpg\" alt=\"\" style=\"width:800px\"\/><\/figure>\n<\/div>\n\n\n<div style=\"height:20px\" aria-hidden=\"true\" class=\"wp-block-spacer\"><\/div>\n\n\n<div class=\"wp-block-image\">\n<figure class=\"aligncenter size-large is-resized\"><img decoding=\"async\" src=\"https:\/\/centcols.org\/util\/geo\/visu\/DE\/img\/1094\/3401.jpg\" alt=\"\" style=\"width:800px\"\/><figcaption class=\"wp-element-caption\"><strong>Dohlenbacher Hohe<\/strong><\/figcaption><\/figure>\n<\/div>\n\n<div class=\"wp-block-image\">\n<figure class=\"aligncenter size-large is-resized\"><img decoding=\"async\" src=\"https:\/\/centcols.org\/util\/geo\/visu\/DE\/img\/1093\/9101.jpg\" alt=\"\" style=\"width:800px\"\/><\/figure>\n<\/div>\n\n\n<div style=\"height:20px\" aria-hidden=\"true\" class=\"wp-block-spacer\"><\/div>\n\n\n<div class=\"wp-block-image\">\n<figure class=\"aligncenter size-large is-resized\"><img decoding=\"async\" src=\"https:\/\/centcols.org\/util\/geo\/visu\/DE\/img\/1094\/5801.jpg\" alt=\"\" style=\"width:800px\"\/><figcaption class=\"wp-element-caption\"><strong>Burgeck<\/strong><\/figcaption><\/figure>\n<\/div>\n\n<div class=\"wp-block-image\">\n<figure class=\"aligncenter size-large is-resized\"><img decoding=\"async\" src=\"https:\/\/centcols.org\/util\/geo\/visu\/DE\/img\/1095\/6400.jpg\" alt=\"\" style=\"width:800px\"\/><figcaption class=\"wp-element-caption\"><strong>Schrannenbauernsattel<\/strong><\/figcaption><\/figure>\n<\/div>\n\n<div class=\"wp-block-image\">\n<figure class=\"aligncenter size-large is-resized\"><img decoding=\"async\" src=\"https:\/\/centcols.org\/util\/geo\/visu\/DE\/img\/1095\/8701.jpg\" alt=\"\" style=\"width:800px\"\/><figcaption class=\"wp-element-caption\"><strong>Landeck<\/strong><\/figcaption><\/figure>\n<\/div>\n\n<div class=\"wp-block-image\">\n<figure class=\"aligncenter size-large is-resized\"><img decoding=\"async\" src=\"https:\/\/centcols.org\/util\/geo\/visu\/DE\/img\/1096\/3501.jpg\" alt=\"\" style=\"width:800px\"\/><figcaption class=\"wp-element-caption\"><strong>Sankt Romaner H\u00f6he<\/strong><\/figcaption><\/figure>\n<\/div>\n\n<div class=\"wp-block-image\">\n<figure class=\"aligncenter size-large is-resized\"><img decoding=\"async\" src=\"https:\/\/centcols.org\/util\/geo\/visu\/DE\/img\/1095\/9101.jpg\" alt=\"\" style=\"width:800px\"\/><figcaption class=\"wp-element-caption\"><strong>Auf der Ecken<\/strong><\/figcaption><\/figure>\n<\/div>\n\n<div class=\"wp-block-image\">\n<figure class=\"aligncenter size-large is-resized\"><img decoding=\"async\" src=\"https:\/\/centcols.org\/util\/geo\/visu\/DE\/img\/1096\/1101.jpg\" alt=\"\" style=\"width:800px\"\/><figcaption class=\"wp-element-caption\"><strong>Jehlebasches H\u00f6he<\/strong><\/figcaption><\/figure>\n<\/div>\n\n<div class=\"wp-block-image\">\n<figure class=\"aligncenter size-large is-resized\"><img decoding=\"async\" src=\"https:\/\/centcols.org\/util\/geo\/visu\/DE\/img\/1096\/3901.jpg\" alt=\"\" style=\"width:800px\"\/><figcaption class=\"wp-element-caption\"><strong>Kohlplatz<\/strong><\/figcaption><\/figure>\n<\/div>\n\n<div class=\"wp-block-image\">\n<figure class=\"aligncenter size-large is-resized\"><img decoding=\"async\" src=\"https:\/\/centcols.org\/util\/geo\/visu\/DE\/img\/1096\/7101.jpg\" alt=\"\" style=\"width:800px\"\/><figcaption class=\"wp-element-caption\"><strong>Vorder Hals<\/strong><\/figcaption><\/figure>\n<\/div>\n\n<div class=\"wp-block-image\">\n<figure class=\"aligncenter size-large is-resized\"><img decoding=\"async\" src=\"https:\/\/centcols.org\/util\/geo\/visu\/DE\/img\/1096\/6100.jpg\" alt=\"\" style=\"width:800px\"\/><figcaption class=\"wp-element-caption\"><strong>Hinter Hals<\/strong><\/figcaption><\/figure>\n<\/div>\n\n<div class=\"wp-block-image\">\n<figure class=\"aligncenter size-large is-resized\"><img decoding=\"async\" src=\"https:\/\/centcols.org\/util\/geo\/visu\/DE\/img\/1095\/3300.jpg\" alt=\"\" style=\"width:800px\"\/><figcaption class=\"wp-element-caption\"><strong>Neusteingle<\/strong><\/figcaption><\/figure>\n<\/div>\n\n<div class=\"wp-block-image\">\n<figure class=\"aligncenter size-large is-resized\"><img decoding=\"async\" src=\"https:\/\/centcols.org\/util\/geo\/visu\/DE\/img\/1096\/1001.jpg\" alt=\"\" style=\"width:800px\"\/><figcaption class=\"wp-element-caption\"><strong>Das Tor<\/strong><\/figcaption><\/figure>\n<\/div>\n\n<div class=\"wp-block-image\">\n<figure class=\"aligncenter size-large is-resized\"><img decoding=\"async\" src=\"https:\/\/centcols.org\/util\/geo\/visu\/DE\/img\/1096\/5800.jpg\" alt=\"\" style=\"width:800px\"\/><figcaption class=\"wp-element-caption\"><strong>Alte Grube<\/strong><\/figcaption><\/figure>\n<\/div>\n\n<div class=\"wp-block-image\">\n<figure class=\"aligncenter size-large is-resized\"><img decoding=\"async\" src=\"https:\/\/centcols.org\/util\/geo\/visu\/DE\/img\/1096\/8901.jpg\" alt=\"\" style=\"width:800px\"\/><figcaption class=\"wp-element-caption\"><strong>Bockseckle<\/strong><\/figcaption><\/figure>\n<\/div>\n\n<div class=\"wp-block-image\">\n<figure class=\"aligncenter size-large is-resized\"><img decoding=\"async\" src=\"https:\/\/centcols.org\/util\/geo\/visu\/DE\/img\/1095\/7100.jpg\" alt=\"\" style=\"width:800px\"\/><figcaption class=\"wp-element-caption\"><strong>Hasenh\u00f6he<\/strong><\/figcaption><\/figure>\n<\/div>","protected":false},"excerpt":{"rendered":"<p>Description de l\u2019auteur Auteur: Jean-Luc CeccatoParcours : effectu\u00e9 le 14 Septembre 2020D\u00e9part : Schiltach, plusieurs parkings gratuits dont celui le long de la Kinzig au croisement de la Hauptstra\u00dfe et de l\u2019Auestra\u00dfe. Alt : 330 m.Pour l\u2019h\u00e9bergement, je recommande le Gasthof Zum Wey\u00dfen R\u00f6\u00dfle. Rosemarie Wolber est tr\u00e8s sympathique et parle fran\u00e7ais. La nourriture est [&hellip;]<\/p>\n","protected":false},"author":3,"featured_media":82875,"comment_status":"open","ping_status":"open","sticky":false,"template":"","format":"standard","meta":{"_acf_changed":false,"footnotes":""},"categories":[302,320,323,220],"tags":[],"class_list":["post-82482","post","type-post","status-publish","format-standard","has-post-thumbnail","hentry","category-parcours-allemagne","category-gravel-type-parcours","category-foret-noire-massif-parcours-membres","category-parcours-membres"],"acf":[],"yoast_head":"<!-- This site is optimized with the Yoast SEO plugin v27.2 - https:\/\/yoast.com\/product\/yoast-seo-wordpress\/ -->\n<title>DE-BW For\u00eat-Noire Schiltach ouest - Gravel 68 km, D+ 1670 m, 18 cols - Club des Cent Cols<\/title>\n<meta name=\"robots\" content=\"index, follow, max-snippet:-1, max-image-preview:large, max-video-preview:-1\" \/>\n<link rel=\"canonical\" href=\"https:\/\/centcols.org\/en\/de-bw-foret-noire-schiltach-ouest-gravel\/\" \/>\n<meta property=\"og:locale\" content=\"en_GB\" \/>\n<meta property=\"og:type\" content=\"article\" \/>\n<meta property=\"og:title\" content=\"DE-BW For\u00eat-Noire Schiltach ouest - Gravel 68 km, D+ 1670 m, 18 cols - Club des Cent Cols\" \/>\n<meta property=\"og:description\" content=\"Description de l\u2019auteur Auteur: Jean-Luc CeccatoParcours : effectu\u00e9 le 14 Septembre 2020D\u00e9part : Schiltach, plusieurs parkings gratuits dont celui le long de la Kinzig au croisement de la Hauptstra\u00dfe et de l\u2019Auestra\u00dfe. Alt : 330 m.Pour l\u2019h\u00e9bergement, je recommande le Gasthof Zum Wey\u00dfen R\u00f6\u00dfle. Rosemarie Wolber est tr\u00e8s sympathique et parle fran\u00e7ais. La nourriture est [&hellip;]\" \/>\n<meta property=\"og:url\" content=\"https:\/\/centcols.org\/en\/de-bw-foret-noire-schiltach-ouest-gravel\/\" \/>\n<meta property=\"og:site_name\" content=\"Club des Cent Cols\" \/>\n<meta property=\"article:publisher\" content=\"https:\/\/www.facebook.com\/groups\/5261880558\/?locale=fr_FR\" \/>\n<meta property=\"article:published_time\" content=\"2023-08-03T12:40:00+00:00\" \/>\n<meta property=\"article:modified_time\" content=\"2026-04-25T15:08:57+00:00\" \/>\n<meta property=\"og:image\" content=\"https:\/\/centcols.org\/wp-content\/uploads\/2023\/08\/2NzySr09kikyn4uxwdlDwHwm1Dg-1-500x3521-1.jpg\" \/>\n\t<meta property=\"og:image:width\" content=\"500\" \/>\n\t<meta property=\"og:image:height\" content=\"352\" \/>\n\t<meta property=\"og:image:type\" content=\"image\/jpeg\" \/>\n<meta name=\"author\" content=\"Webmestre\" \/>\n<meta name=\"twitter:card\" content=\"summary_large_image\" \/>\n<meta name=\"twitter:label1\" content=\"Written by\" \/>\n\t<meta name=\"twitter:data1\" content=\"Webmestre\" \/>\n\t<meta name=\"twitter:label2\" content=\"Estimated reading time\" \/>\n\t<meta name=\"twitter:data2\" content=\"8 minutes\" \/>\n<script type=\"application\/ld+json\" class=\"yoast-schema-graph\">{\"@context\":\"https:\/\/schema.org\",\"@graph\":[{\"@type\":\"Article\",\"@id\":\"https:\/\/centcols.org\/de-bw-foret-noire-schiltach-ouest-gravel\/#article\",\"isPartOf\":{\"@id\":\"https:\/\/centcols.org\/de-bw-foret-noire-schiltach-ouest-gravel\/\"},\"author\":{\"name\":\"Webmestre\",\"@id\":\"https:\/\/centcols.org\/#\/schema\/person\/911b404fb133d8c913dd27cdcf71c8e5\"},\"headline\":\"DE-BW For\u00eat-Noire Schiltach ouest &#8211; Gravel 68 km, D+ 1670 m, 18 cols\",\"datePublished\":\"2023-08-03T12:40:00+00:00\",\"dateModified\":\"2026-04-25T15:08:57+00:00\",\"mainEntityOfPage\":{\"@id\":\"https:\/\/centcols.org\/de-bw-foret-noire-schiltach-ouest-gravel\/\"},\"wordCount\":439,\"commentCount\":0,\"publisher\":{\"@id\":\"https:\/\/centcols.org\/#organization\"},\"image\":{\"@id\":\"https:\/\/centcols.org\/de-bw-foret-noire-schiltach-ouest-gravel\/#primaryimage\"},\"thumbnailUrl\":\"https:\/\/centcols.org\/wp-content\/uploads\/2023\/08\/2NzySr09kikyn4uxwdlDwHwm1Dg-1-500x3521-1.jpg\",\"articleSection\":[\"Parcours Allemagne\",\"Gravel\",\"For\u00eat-Noire\",\"Parcours membres\"],\"inLanguage\":\"en-GB\",\"potentialAction\":[{\"@type\":\"CommentAction\",\"name\":\"Comment\",\"target\":[\"https:\/\/centcols.org\/de-bw-foret-noire-schiltach-ouest-gravel\/#respond\"]}]},{\"@type\":\"WebPage\",\"@id\":\"https:\/\/centcols.org\/de-bw-foret-noire-schiltach-ouest-gravel\/\",\"url\":\"https:\/\/centcols.org\/de-bw-foret-noire-schiltach-ouest-gravel\/\",\"name\":\"DE-BW For\u00eat-Noire Schiltach ouest - Gravel 68 km, D+ 1670 m, 18 cols - Club des Cent Cols\",\"isPartOf\":{\"@id\":\"https:\/\/centcols.org\/#website\"},\"primaryImageOfPage\":{\"@id\":\"https:\/\/centcols.org\/de-bw-foret-noire-schiltach-ouest-gravel\/#primaryimage\"},\"image\":{\"@id\":\"https:\/\/centcols.org\/de-bw-foret-noire-schiltach-ouest-gravel\/#primaryimage\"},\"thumbnailUrl\":\"https:\/\/centcols.org\/wp-content\/uploads\/2023\/08\/2NzySr09kikyn4uxwdlDwHwm1Dg-1-500x3521-1.jpg\",\"datePublished\":\"2023-08-03T12:40:00+00:00\",\"dateModified\":\"2026-04-25T15:08:57+00:00\",\"breadcrumb\":{\"@id\":\"https:\/\/centcols.org\/de-bw-foret-noire-schiltach-ouest-gravel\/#breadcrumb\"},\"inLanguage\":\"en-GB\",\"potentialAction\":[{\"@type\":\"ReadAction\",\"target\":[\"https:\/\/centcols.org\/de-bw-foret-noire-schiltach-ouest-gravel\/\"]}]},{\"@type\":\"ImageObject\",\"inLanguage\":\"en-GB\",\"@id\":\"https:\/\/centcols.org\/de-bw-foret-noire-schiltach-ouest-gravel\/#primaryimage\",\"url\":\"https:\/\/centcols.org\/wp-content\/uploads\/2023\/08\/2NzySr09kikyn4uxwdlDwHwm1Dg-1-500x3521-1.jpg\",\"contentUrl\":\"https:\/\/centcols.org\/wp-content\/uploads\/2023\/08\/2NzySr09kikyn4uxwdlDwHwm1Dg-1-500x3521-1.jpg\",\"width\":500,\"height\":352},{\"@type\":\"BreadcrumbList\",\"@id\":\"https:\/\/centcols.org\/de-bw-foret-noire-schiltach-ouest-gravel\/#breadcrumb\",\"itemListElement\":[{\"@type\":\"ListItem\",\"position\":1,\"name\":\"Accueil\",\"item\":\"https:\/\/centcols.org\/\"},{\"@type\":\"ListItem\",\"position\":2,\"name\":\"Parcours membres\",\"item\":\"https:\/\/centcols.org\/rubrique\/parcours-membres\/\"},{\"@type\":\"ListItem\",\"position\":3,\"name\":\"Pays\",\"item\":\"https:\/\/centcols.org\/rubrique\/parcours-membres\/pays-parcours-membres\/\"},{\"@type\":\"ListItem\",\"position\":4,\"name\":\"Parcours Allemagne\",\"item\":\"https:\/\/centcols.org\/rubrique\/parcours-membres\/pays-parcours-membres\/parcours-allemagne\/\"},{\"@type\":\"ListItem\",\"position\":5,\"name\":\"DE-BW For\u00eat-Noire Schiltach ouest &#8211; Gravel 68 km, D+ 1670 m, 18 cols\"}]},{\"@type\":\"WebSite\",\"@id\":\"https:\/\/centcols.org\/#website\",\"url\":\"https:\/\/centcols.org\/\",\"name\":\"Club des Cent Cols\",\"description\":\"\",\"publisher\":{\"@id\":\"https:\/\/centcols.org\/#organization\"},\"potentialAction\":[{\"@type\":\"SearchAction\",\"target\":{\"@type\":\"EntryPoint\",\"urlTemplate\":\"https:\/\/centcols.org\/?s={search_term_string}\"},\"query-input\":{\"@type\":\"PropertyValueSpecification\",\"valueRequired\":true,\"valueName\":\"search_term_string\"}}],\"inLanguage\":\"en-GB\"},{\"@type\":\"Organization\",\"@id\":\"https:\/\/centcols.org\/#organization\",\"name\":\"Club des Cent Cols\",\"url\":\"https:\/\/centcols.org\/\",\"logo\":{\"@type\":\"ImageObject\",\"inLanguage\":\"en-GB\",\"@id\":\"https:\/\/centcols.org\/#\/schema\/logo\/image\/\",\"url\":\"https:\/\/centcols.org\/wp-content\/uploads\/2025\/01\/carte-icone.png\",\"contentUrl\":\"https:\/\/centcols.org\/wp-content\/uploads\/2025\/01\/carte-icone.png\",\"width\":250,\"height\":250,\"caption\":\"Club des Cent Cols\"},\"image\":{\"@id\":\"https:\/\/centcols.org\/#\/schema\/logo\/image\/\"},\"sameAs\":[\"https:\/\/www.facebook.com\/groups\/5261880558\/?locale=fr_FR\"]},{\"@type\":\"Person\",\"@id\":\"https:\/\/centcols.org\/#\/schema\/person\/911b404fb133d8c913dd27cdcf71c8e5\",\"name\":\"Webmestre\",\"image\":{\"@type\":\"ImageObject\",\"inLanguage\":\"en-GB\",\"@id\":\"https:\/\/centcols.org\/wp-content\/litespeed\/avatar\/2d246e4b6b4f773e08515e1ffc53690b.jpg?ver=1777222892\",\"url\":\"https:\/\/centcols.org\/wp-content\/litespeed\/avatar\/2d246e4b6b4f773e08515e1ffc53690b.jpg?ver=1777222892\",\"contentUrl\":\"https:\/\/centcols.org\/wp-content\/litespeed\/avatar\/2d246e4b6b4f773e08515e1ffc53690b.jpg?ver=1777222892\",\"caption\":\"Webmestre\"},\"url\":\"https:\/\/centcols.org\/en\/author\/webmestre\/\"}]}<\/script>\n<!-- \/ Yoast SEO plugin. -->","yoast_head_json":{"title":"DE-BW Black Forest Schiltach west - Gravel 68 km, D+ 1670 m, 18 cols - Club des Cent Cols","robots":{"index":"index","follow":"follow","max-snippet":"max-snippet:-1","max-image-preview":"max-image-preview:large","max-video-preview":"max-video-preview:-1"},"canonical":"https:\/\/centcols.org\/en\/de-bw-foret-noire-schiltach-ouest-gravel\/","og_locale":"en_GB","og_type":"article","og_title":"DE-BW For\u00eat-Noire Schiltach ouest - Gravel 68 km, D+ 1670 m, 18 cols - Club des Cent Cols","og_description":"Description de l\u2019auteur Auteur: Jean-Luc CeccatoParcours : effectu\u00e9 le 14 Septembre 2020D\u00e9part : Schiltach, plusieurs parkings gratuits dont celui le long de la Kinzig au croisement de la Hauptstra\u00dfe et de l\u2019Auestra\u00dfe. Alt : 330 m.Pour l\u2019h\u00e9bergement, je recommande le Gasthof Zum Wey\u00dfen R\u00f6\u00dfle. Rosemarie Wolber est tr\u00e8s sympathique et parle fran\u00e7ais. La nourriture est [&hellip;]","og_url":"https:\/\/centcols.org\/en\/de-bw-foret-noire-schiltach-ouest-gravel\/","og_site_name":"Club des Cent Cols","article_publisher":"https:\/\/www.facebook.com\/groups\/5261880558\/?locale=fr_FR","article_published_time":"2023-08-03T12:40:00+00:00","article_modified_time":"2026-04-25T15:08:57+00:00","og_image":[{"width":500,"height":352,"url":"https:\/\/centcols.org\/wp-content\/uploads\/2023\/08\/2NzySr09kikyn4uxwdlDwHwm1Dg-1-500x3521-1.jpg","type":"image\/jpeg"}],"author":"Webmestre","twitter_card":"summary_large_image","twitter_misc":{"Written by":"Webmestre","Estimated reading time":"8 minutes"},"schema":{"@context":"https:\/\/schema.org","@graph":[{"@type":"Article","@id":"https:\/\/centcols.org\/de-bw-foret-noire-schiltach-ouest-gravel\/#article","isPartOf":{"@id":"https:\/\/centcols.org\/de-bw-foret-noire-schiltach-ouest-gravel\/"},"author":{"name":"Webmestre","@id":"https:\/\/centcols.org\/#\/schema\/person\/911b404fb133d8c913dd27cdcf71c8e5"},"headline":"DE-BW For\u00eat-Noire Schiltach ouest &#8211; Gravel 68 km, D+ 1670 m, 18 cols","datePublished":"2023-08-03T12:40:00+00:00","dateModified":"2026-04-25T15:08:57+00:00","mainEntityOfPage":{"@id":"https:\/\/centcols.org\/de-bw-foret-noire-schiltach-ouest-gravel\/"},"wordCount":439,"commentCount":0,"publisher":{"@id":"https:\/\/centcols.org\/#organization"},"image":{"@id":"https:\/\/centcols.org\/de-bw-foret-noire-schiltach-ouest-gravel\/#primaryimage"},"thumbnailUrl":"https:\/\/centcols.org\/wp-content\/uploads\/2023\/08\/2NzySr09kikyn4uxwdlDwHwm1Dg-1-500x3521-1.jpg","articleSection":["Parcours Allemagne","Gravel","For\u00eat-Noire","Parcours membres"],"inLanguage":"en-GB","potentialAction":[{"@type":"CommentAction","name":"Comment","target":["https:\/\/centcols.org\/de-bw-foret-noire-schiltach-ouest-gravel\/#respond"]}]},{"@type":"WebPage","@id":"https:\/\/centcols.org\/de-bw-foret-noire-schiltach-ouest-gravel\/","url":"https:\/\/centcols.org\/de-bw-foret-noire-schiltach-ouest-gravel\/","name":"DE-BW Black Forest Schiltach west - Gravel 68 km, D+ 1670 m, 18 cols - Club des Cent Cols","isPartOf":{"@id":"https:\/\/centcols.org\/#website"},"primaryImageOfPage":{"@id":"https:\/\/centcols.org\/de-bw-foret-noire-schiltach-ouest-gravel\/#primaryimage"},"image":{"@id":"https:\/\/centcols.org\/de-bw-foret-noire-schiltach-ouest-gravel\/#primaryimage"},"thumbnailUrl":"https:\/\/centcols.org\/wp-content\/uploads\/2023\/08\/2NzySr09kikyn4uxwdlDwHwm1Dg-1-500x3521-1.jpg","datePublished":"2023-08-03T12:40:00+00:00","dateModified":"2026-04-25T15:08:57+00:00","breadcrumb":{"@id":"https:\/\/centcols.org\/de-bw-foret-noire-schiltach-ouest-gravel\/#breadcrumb"},"inLanguage":"en-GB","potentialAction":[{"@type":"ReadAction","target":["https:\/\/centcols.org\/de-bw-foret-noire-schiltach-ouest-gravel\/"]}]},{"@type":"ImageObject","inLanguage":"en-GB","@id":"https:\/\/centcols.org\/de-bw-foret-noire-schiltach-ouest-gravel\/#primaryimage","url":"https:\/\/centcols.org\/wp-content\/uploads\/2023\/08\/2NzySr09kikyn4uxwdlDwHwm1Dg-1-500x3521-1.jpg","contentUrl":"https:\/\/centcols.org\/wp-content\/uploads\/2023\/08\/2NzySr09kikyn4uxwdlDwHwm1Dg-1-500x3521-1.jpg","width":500,"height":352},{"@type":"BreadcrumbList","@id":"https:\/\/centcols.org\/de-bw-foret-noire-schiltach-ouest-gravel\/#breadcrumb","itemListElement":[{"@type":"ListItem","position":1,"name":"Accueil","item":"https:\/\/centcols.org\/"},{"@type":"ListItem","position":2,"name":"Parcours membres","item":"https:\/\/centcols.org\/rubrique\/parcours-membres\/"},{"@type":"ListItem","position":3,"name":"Pays","item":"https:\/\/centcols.org\/rubrique\/parcours-membres\/pays-parcours-membres\/"},{"@type":"ListItem","position":4,"name":"Parcours Allemagne","item":"https:\/\/centcols.org\/rubrique\/parcours-membres\/pays-parcours-membres\/parcours-allemagne\/"},{"@type":"ListItem","position":5,"name":"DE-BW For\u00eat-Noire Schiltach ouest &#8211; Gravel 68 km, D+ 1670 m, 18 cols"}]},{"@type":"WebSite","@id":"https:\/\/centcols.org\/#website","url":"https:\/\/centcols.org\/","name":"Club des Cent Cols","description":"","publisher":{"@id":"https:\/\/centcols.org\/#organization"},"potentialAction":[{"@type":"SearchAction","target":{"@type":"EntryPoint","urlTemplate":"https:\/\/centcols.org\/?s={search_term_string}"},"query-input":{"@type":"PropertyValueSpecification","valueRequired":true,"valueName":"search_term_string"}}],"inLanguage":"en-GB"},{"@type":"Organization","@id":"https:\/\/centcols.org\/#organization","name":"Club des Cent Cols","url":"https:\/\/centcols.org\/","logo":{"@type":"ImageObject","inLanguage":"en-GB","@id":"https:\/\/centcols.org\/#\/schema\/logo\/image\/","url":"https:\/\/centcols.org\/wp-content\/uploads\/2025\/01\/carte-icone.png","contentUrl":"https:\/\/centcols.org\/wp-content\/uploads\/2025\/01\/carte-icone.png","width":250,"height":250,"caption":"Club des Cent Cols"},"image":{"@id":"https:\/\/centcols.org\/#\/schema\/logo\/image\/"},"sameAs":["https:\/\/www.facebook.com\/groups\/5261880558\/?locale=fr_FR"]},{"@type":"Person","@id":"https:\/\/centcols.org\/#\/schema\/person\/911b404fb133d8c913dd27cdcf71c8e5","name":"Webmaster","image":{"@type":"ImageObject","inLanguage":"en-GB","@id":"https:\/\/centcols.org\/wp-content\/litespeed\/avatar\/2d246e4b6b4f773e08515e1ffc53690b.jpg?ver=1777222892","url":"https:\/\/centcols.org\/wp-content\/litespeed\/avatar\/2d246e4b6b4f773e08515e1ffc53690b.jpg?ver=1777222892","contentUrl":"https:\/\/centcols.org\/wp-content\/litespeed\/avatar\/2d246e4b6b4f773e08515e1ffc53690b.jpg?ver=1777222892","caption":"Webmestre"},"url":"https:\/\/centcols.org\/en\/author\/webmestre\/"}]}},"_links":{"self":[{"href":"https:\/\/centcols.org\/en\/wp-json\/wp\/v2\/posts\/82482","targetHints":{"allow":["GET"]}}],"collection":[{"href":"https:\/\/centcols.org\/en\/wp-json\/wp\/v2\/posts"}],"about":[{"href":"https:\/\/centcols.org\/en\/wp-json\/wp\/v2\/types\/post"}],"author":[{"embeddable":true,"href":"https:\/\/centcols.org\/en\/wp-json\/wp\/v2\/users\/3"}],"replies":[{"embeddable":true,"href":"https:\/\/centcols.org\/en\/wp-json\/wp\/v2\/comments?post=82482"}],"version-history":[{"count":0,"href":"https:\/\/centcols.org\/en\/wp-json\/wp\/v2\/posts\/82482\/revisions"}],"wp:featuredmedia":[{"embeddable":true,"href":"https:\/\/centcols.org\/en\/wp-json\/wp\/v2\/media\/82875"}],"wp:attachment":[{"href":"https:\/\/centcols.org\/en\/wp-json\/wp\/v2\/media?parent=82482"}],"wp:term":[{"taxonomy":"category","embeddable":true,"href":"https:\/\/centcols.org\/en\/wp-json\/wp\/v2\/categories?post=82482"},{"taxonomy":"post_tag","embeddable":true,"href":"https:\/\/centcols.org\/en\/wp-json\/wp\/v2\/tags?post=82482"}],"curies":[{"name":"wp","href":"https:\/\/api.w.org\/{rel}","templated":true}]}}