{"id":82483,"date":"2023-08-02T08:40:23","date_gmt":"2023-08-02T06:40:23","guid":{"rendered":"https:\/\/centcols.org\/de-bw-foret-noire-schonach-gravel-41-km-d-1500-m-14-cols\/"},"modified":"2025-09-12T20:35:01","modified_gmt":"2025-09-12T18:35:01","slug":"de-bw-foret-noire-schonach-gravel-41-km-d-1500-m-14-passes","status":"publish","type":"post","link":"https:\/\/centcols.org\/en\/de-bw-foret-noire-schonach-gravel-41-km-d-1500-m-14-cols\/","title":{"rendered":"DE-BW Black Forest Schonach - Gravel 41 km, D+ 1500 m, 14 passes"},"content":{"rendered":"<iframe width=\"100%\" height=\"650\" loading=\"lazy\" src=\"https:\/\/www.openrunner.com\/embed\/4a4e70614d4d43455a4747645a616b44624761714871737030647770425045344169647a32696e4d2f4c6b3d3a3a9f58d0d752373942482bf3dcd878d158?unit=metric\" style=\"border: none;\"><\/iframe>\n\n\n\n<h2 class=\"wp-block-heading\">Author description<\/h2>\n\n\n\n<p><strong>Author: <\/strong>Jean-Luc Ceccato<\/p>\n\n\n\n<p>Route taken on 28 July 2022<\/p>\n\n\n\n<p>Start: there is a small car park on Hauptstrasse in Schonach im Schwarzwald. Height: 871 m<\/p>\n\n\n\n<h2 class=\"wp-block-heading\">Tourist description<\/h2>\n\n\n\n<p>The route winds its way through forests, fields and meadows. There are a number of viewpoints along the way. The architecture of the old houses is a must-see.<\/p>\n\n\n\n<p>14 collars<\/p>\n\n\n<ol>\n<li style=\"text-align: left;\"><span style=\"font-family: arial, helvetica, sans-serif;\">Ogeleck\u00a0\u00a0\u00a0\u00a0\u00a0\u00a0\u00a0\u00a0\u00a0\u00a0\u00a0\u00a0\u00a0\u00a0\u00a0\u00a0\u00a0\u00a0\u00a0\u00a0\u00a0\u00a0\u00a0\u00a0\u00a0\u00a0\u00a0\u00a0\u00a0\u00a0\u00a0\u00a0\u00a0\u00a0\u00a0\u00a0\u00a0\u00a0\u00a0\u00a0\u00a0\u00a0\u00a0\u00a0 <a href=\"https:\/\/centcols.org\/en\/util\/geo\/visuGen.php\/?code=DE-BW-0972a\">DE-BW-0972a<\/a><\/span><\/li>\n<li style=\"text-align: left;\"><span style=\"font-family: arial, helvetica, sans-serif;\">Kroneck\u00a0\u00a0\u00a0\u00a0\u00a0\u00a0\u00a0\u00a0\u00a0\u00a0\u00a0\u00a0\u00a0\u00a0\u00a0\u00a0\u00a0\u00a0\u00a0\u00a0\u00a0\u00a0\u00a0\u00a0\u00a0\u00a0\u00a0\u00a0\u00a0\u00a0\u00a0\u00a0\u00a0\u00a0\u00a0\u00a0\u00a0\u00a0\u00a0\u00a0\u00a0\u00a0\u00a0\u00a0 <a href=\"https:\/\/centcols.org\/en\/util\/geo\/visuGen.php\/?code=DE-BW-0998a\">DE-BW-0998a<\/a><\/span><\/li>\n<li style=\"text-align: left;\"><span style=\"font-family: arial, helvetica, sans-serif;\">Geiswaldeckle\u00a0\u00a0\u00a0\u00a0\u00a0\u00a0\u00a0\u00a0\u00a0\u00a0\u00a0\u00a0\u00a0\u00a0\u00a0\u00a0\u00a0\u00a0\u00a0\u00a0\u00a0\u00a0\u00a0\u00a0\u00a0\u00a0\u00a0\u00a0\u00a0\u00a0\u00a0\u00a0\u00a0\u00a0 <a href=\"https:\/\/centcols.org\/en\/util\/geo\/visuGen.php\/?code=DE-BW-0666\">DE-BW-0666<\/a><\/span><\/li>\n<li style=\"text-align: left;\"><span style=\"font-family: arial, helvetica, sans-serif;\">Storenwald Hohe\u00a0\u00a0\u00a0\u00a0\u00a0\u00a0\u00a0\u00a0\u00a0\u00a0\u00a0\u00a0\u00a0\u00a0\u00a0\u00a0\u00a0\u00a0\u00a0\u00a0\u00a0\u00a0\u00a0\u00a0\u00a0\u00a0\u00a0\u00a0\u00a0\u00a0 <a href=\"https:\/\/centcols.org\/en\/util\/geo\/visuGen.php\/?code=DE-BW-0680b\">DE-BW-0680b<\/a><\/span><\/li>\n<li style=\"text-align: left;\"><span style=\"font-family: arial, helvetica, sans-serif;\">Adenbauerneckle\u00a0\u00a0\u00a0\u00a0\u00a0\u00a0\u00a0\u00a0\u00a0\u00a0\u00a0\u00a0\u00a0\u00a0\u00a0\u00a0\u00a0\u00a0\u00a0\u00a0\u00a0\u00a0\u00a0\u00a0\u00a0\u00a0\u00a0\u00a0\u00a0\u00a0 <a href=\"https:\/\/centcols.org\/en\/util\/geo\/visuGen.php\/?code=DE-BW-0674a\">DE-BW-0674a<\/a><\/span><\/li>\n<li style=\"text-align: left;\"><span style=\"font-family: arial, helvetica, sans-serif;\">Martinsecke\u00a0\u00a0\u00a0\u00a0\u00a0\u00a0\u00a0\u00a0\u00a0\u00a0\u00a0\u00a0\u00a0\u00a0\u00a0\u00a0\u00a0\u00a0\u00a0\u00a0\u00a0\u00a0\u00a0\u00a0\u00a0\u00a0\u00a0\u00a0\u00a0\u00a0\u00a0\u00a0\u00a0\u00a0\u00a0\u00a0\u00a0\u00a0 <a href=\"https:\/\/centcols.org\/en\/util\/geo\/visuGen.php\/?code=DE-BW-0790\">DE-BW-0790<\/a><\/span><\/li>\n<li style=\"text-align: left;\"><span style=\"font-family: arial, helvetica, sans-serif;\">Offenbacher Eckle\u00a0\u00a0\u00a0\u00a0\u00a0\u00a0\u00a0\u00a0\u00a0\u00a0\u00a0\u00a0\u00a0\u00a0\u00a0\u00a0\u00a0\u00a0\u00a0\u00a0\u00a0\u00a0\u00a0\u00a0\u00a0\u00a0\u00a0\u00a0 <a href=\"https:\/\/centcols.org\/en\/util\/geo\/visuGen.php\/?code=DE-BW-0737\">DE-BW-0737<\/a><\/span><\/li>\n<li style=\"text-align: left;\"><span style=\"font-family: arial, helvetica, sans-serif;\">Hirzeckle\u00a0\u00a0\u00a0\u00a0\u00a0\u00a0\u00a0\u00a0\u00a0\u00a0\u00a0\u00a0\u00a0\u00a0\u00a0\u00a0\u00a0\u00a0\u00a0\u00a0\u00a0\u00a0\u00a0\u00a0\u00a0\u00a0\u00a0\u00a0\u00a0\u00a0\u00a0\u00a0\u00a0\u00a0\u00a0\u00a0\u00a0\u00a0\u00a0\u00a0\u00a0\u00a0 <a href=\"https:\/\/centcols.org\/en\/util\/geo\/visuGen.php\/?code=DE-BW-0743a\">DE-BW-0743a<\/a><\/span><\/li>\n<li style=\"text-align: left;\"><span style=\"font-family: arial, helvetica, sans-serif;\">Barlochle\u00a0\u00a0\u00a0\u00a0\u00a0\u00a0\u00a0\u00a0\u00a0\u00a0\u00a0\u00a0\u00a0\u00a0\u00a0\u00a0\u00a0\u00a0\u00a0\u00a0\u00a0\u00a0\u00a0\u00a0\u00a0\u00a0\u00a0\u00a0\u00a0\u00a0\u00a0\u00a0\u00a0\u00a0\u00a0\u00a0\u00a0\u00a0\u00a0\u00a0\u00a0\u00a0 <a href=\"https:\/\/centcols.org\/en\/util\/geo\/visuGen.php\/?code=DE-BW-0919\">DE-BW-0919<\/a><\/span><\/li>\n<li style=\"text-align: left;\"><span style=\"font-family: arial, helvetica, sans-serif;\">Auf der Ecke\u00a0\u00a0\u00a0\u00a0\u00a0\u00a0\u00a0\u00a0\u00a0\u00a0\u00a0\u00a0\u00a0\u00a0\u00a0\u00a0\u00a0\u00a0\u00a0\u00a0\u00a0\u00a0\u00a0\u00a0\u00a0\u00a0\u00a0\u00a0\u00a0\u00a0\u00a0\u00a0\u00a0\u00a0\u00a0\u00a0 <a href=\"https:\/\/centcols.org\/en\/util\/geo\/visuGen.php\/?code=DE-BW-0949\">DE-BW-0949<\/a><\/span><\/li>\n<li style=\"text-align: left;\"><span style=\"font-family: arial, helvetica, sans-serif;\">Haseneck\u00a0\u00a0\u00a0\u00a0\u00a0\u00a0\u00a0\u00a0\u00a0\u00a0\u00a0\u00a0\u00a0\u00a0\u00a0\u00a0\u00a0\u00a0\u00a0\u00a0\u00a0\u00a0\u00a0\u00a0\u00a0\u00a0\u00a0\u00a0\u00a0\u00a0\u00a0\u00a0\u00a0\u00a0\u00a0\u00a0\u00a0\u00a0\u00a0\u00a0\u00a0\u00a0 <a href=\"https:\/\/centcols.org\/en\/util\/geo\/visuGen.php\/?code=DE-BW-0980b\">DE-BW-0980b<\/a><\/span><\/li>\n<li style=\"text-align: left;\"><span style=\"font-family: arial, helvetica, sans-serif;\">Wilhelmshohe\u00a0\u00a0\u00a0\u00a0\u00a0\u00a0\u00a0\u00a0\u00a0\u00a0\u00a0\u00a0\u00a0\u00a0\u00a0\u00a0\u00a0\u00a0\u00a0\u00a0\u00a0\u00a0\u00a0\u00a0\u00a0\u00a0\u00a0\u00a0\u00a0\u00a0\u00a0\u00a0\u00a0\u00a0 <a href=\"https:\/\/centcols.org\/en\/util\/geo\/visuGen.php\/?code=DE-BW-0975\">DE-BW-0975<\/a><\/span><\/li>\n<li style=\"text-align: left;\"><span style=\"font-family: arial, helvetica, sans-serif;\">Laubeck\u00a0\u00a0\u00a0\u00a0\u00a0\u00a0\u00a0\u00a0\u00a0\u00a0\u00a0\u00a0\u00a0\u00a0\u00a0\u00a0\u00a0\u00a0\u00a0\u00a0\u00a0\u00a0\u00a0\u00a0\u00a0\u00a0\u00a0\u00a0\u00a0\u00a0\u00a0\u00a0\u00a0\u00a0\u00a0\u00a0\u00a0\u00a0\u00a0\u00a0\u00a0\u00a0\u00a0\u00a0 <a href=\"https:\/\/centcols.org\/en\/util\/geo\/visuGen.php\/?code=DE-BW-0970a\">DE-BW-0970a<\/a><\/span><\/li>\n<li style=\"text-align: left;\"><span style=\"font-family: arial, helvetica, sans-serif;\">Holzeck\u00a0\u00a0\u00a0\u00a0\u00a0\u00a0\u00a0\u00a0\u00a0\u00a0\u00a0\u00a0\u00a0\u00a0\u00a0\u00a0\u00a0\u00a0\u00a0\u00a0\u00a0\u00a0\u00a0\u00a0\u00a0\u00a0\u00a0\u00a0\u00a0\u00a0\u00a0\u00a0\u00a0\u00a0\u00a0\u00a0\u00a0\u00a0\u00a0\u00a0\u00a0\u00a0\u00a0\u00a0 <a href=\"https:\/\/centcols.org\/en\/util\/geo\/visuGen.php\/?code=DE-BW-0985\"><span style=\"font-family: arial, helvetica, sans-serif;\">DE-BW-098<\/span>5<\/a><\/span><\/li>\n<\/ol>\n\n\n<h2 class=\"wp-block-heading\">Technical description<\/h2>\n\n\n\n<p>This route presents no difficulties, and was completed with a Gravel. The route covers around 60% of nice rolling tracks and the rest on tarmac roads.<\/p>\n\n\n\n<p>At km 15.8, we push on to join a track that leads to the DE-BW-0680b pass. <\/p>\n\n\n\n<p>As with most routes in the Black Forest, there are often quite steep gradients to contend with.<\/p>\n\n\n\n<p><strong>Link<\/strong> <strong><strong>Openrunner, interactive map, profile, gpx track<\/strong><\/strong> <a href=\"https:\/\/www.openrunner.com\/route-details\/16554368\" target=\"_blank\" rel=\"noopener\" title=\"\">https:\/\/www.openrunner.com\/route-details\/16554368<\/a><\/p>\n\n\n\n<p><strong>Key words<\/strong>Black Forest, Schonach, Haseneck, Baden, Centcols<\/p>\n\n\n\n<p>This itinerary is given as an indication only. The author declines all responsibility, as well as that of the Club des Cent Cols, for imponderables caused by the cyclist himself, the equipment used or anything relating to the road, its environment or other road users.<\/p>\n\n\n\n<h2 class=\"wp-block-heading has--font-size\">Photos<\/h2>\n\n\n<div class=\"wp-block-image\">\n<figure class=\"aligncenter size-full is-resized\"><a href=\"https:\/\/centcols.org\/wp-content\/uploads\/2023\/08\/2ORzr36vPMnEdRFNYrhMZhEM1Xc1.jpg\"><img loading=\"lazy\" decoding=\"async\" width=\"1000\" height=\"750\" src=\"https:\/\/centcols.org\/wp-content\/uploads\/2023\/08\/2ORzr36vPMnEdRFNYrhMZhEM1Xc1.jpg\" alt=\"\" class=\"wp-image-89883\" style=\"width:800px\" srcset=\"https:\/\/centcols.org\/wp-content\/uploads\/2023\/08\/2ORzr36vPMnEdRFNYrhMZhEM1Xc1.jpg 1000w, https:\/\/centcols.org\/wp-content\/uploads\/2023\/08\/2ORzr36vPMnEdRFNYrhMZhEM1Xc1-768x576.jpg 768w, https:\/\/centcols.org\/wp-content\/uploads\/2023\/08\/2ORzr36vPMnEdRFNYrhMZhEM1Xc1-16x12.jpg 16w\" sizes=\"auto, (max-width: 1000px) 100vw, 1000px\" \/><\/a><figcaption class=\"wp-element-caption\"><strong>Panorama<\/strong><\/figcaption><\/figure>\n<\/div>\n\n<div class=\"wp-block-image\">\n<figure class=\"aligncenter size-large is-resized\"><img decoding=\"async\" src=\"https:\/\/centcols.org\/util\/geo\/visu\/DE\/img\/1097\/8500.jpg\" alt=\"\" style=\"width:800px\"\/><figcaption class=\"wp-element-caption\"><strong>Vogeleck<\/strong><\/figcaption><\/figure>\n<\/div>\n\n<div class=\"wp-block-image\">\n<figure class=\"aligncenter size-large is-resized\"><img decoding=\"async\" src=\"https:\/\/centcols.org\/util\/geo\/visu\/DE\/img\/1097\/9601.jpg\" alt=\"\" style=\"width:800px\"\/><figcaption class=\"wp-element-caption\"><strong>Kroneck<\/strong><\/figcaption><\/figure>\n<\/div>\n\n<div class=\"wp-block-image\">\n<figure class=\"aligncenter size-large is-resized\"><img decoding=\"async\" src=\"https:\/\/centcols.org\/util\/geo\/visu\/DE\/img\/1095\/8201.jpg\" alt=\"\" style=\"width:800px\"\/><figcaption class=\"wp-element-caption\"><strong>Geiswaldeckle<\/strong><\/figcaption><\/figure>\n<\/div>\n\n<div class=\"wp-block-image\">\n<figure class=\"aligncenter size-large is-resized\"><img decoding=\"async\" src=\"https:\/\/centcols.org\/util\/geo\/visu\/DE\/img\/1095\/9300.jpg\" alt=\"\" style=\"width:800px\"\/><figcaption class=\"wp-element-caption\"><strong>Storenwald Hohe<\/strong><\/figcaption><\/figure>\n<\/div>\n\n<div class=\"wp-block-image\">\n<figure class=\"aligncenter size-large is-resized\"><img decoding=\"async\" src=\"https:\/\/centcols.org\/util\/geo\/visu\/DE\/img\/1095\/8800.jpg\" alt=\"\" style=\"width:800px\"\/><figcaption class=\"wp-element-caption\"><strong>Adenbauerneckle<\/strong><\/figcaption><\/figure>\n<\/div>\n\n<div class=\"wp-block-image\">\n<figure class=\"aligncenter size-large is-resized\"><img decoding=\"async\" src=\"https:\/\/centcols.org\/util\/geo\/visu\/DE\/img\/1096\/9002.jpg\" alt=\"\" style=\"width:800px\"\/><figcaption class=\"wp-element-caption\"><strong>Martinsecke<\/strong><\/figcaption><\/figure>\n<\/div>\n\n<div class=\"wp-block-image\">\n<figure class=\"aligncenter size-large is-resized\"><img decoding=\"async\" src=\"https:\/\/centcols.org\/util\/geo\/visu\/DE\/img\/1096\/4501.jpg\" alt=\"\" style=\"width:800px\"\/><figcaption class=\"wp-element-caption\"><strong>Offenbacher Eckle<\/strong><\/figcaption><\/figure>\n<\/div>\n\n<div class=\"wp-block-image\">\n<figure class=\"aligncenter size-large is-resized\"><img decoding=\"async\" src=\"https:\/\/centcols.org\/util\/geo\/visu\/DE\/img\/1096\/5200.jpg\" alt=\"\" style=\"width:800px\"\/><figcaption class=\"wp-element-caption\"><strong>Hirzeckle<\/strong><\/figcaption><\/figure>\n<\/div>\n\n<div class=\"wp-block-image\">\n<figure class=\"aligncenter size-large is-resized\"><img decoding=\"async\" src=\"https:\/\/centcols.org\/util\/geo\/visu\/DE\/img\/1097\/5800.jpg\" alt=\"\" style=\"width:800px\"\/><figcaption class=\"wp-element-caption\"><strong>B\u00e4rl\u00f6chle<\/strong><\/figcaption><\/figure>\n<\/div>\n\n<div class=\"wp-block-image\">\n<figure class=\"aligncenter size-large is-resized\"><img decoding=\"async\" src=\"https:\/\/centcols.org\/util\/geo\/visu\/DE\/img\/1097\/7300.jpg\" alt=\"\" style=\"width:800px\"\/><figcaption class=\"wp-element-caption\"><strong>Auf der Ecke<\/strong><\/figcaption><\/figure>\n<\/div>\n\n<div class=\"wp-block-image\">\n<figure class=\"aligncenter size-large is-resized\"><img decoding=\"async\" src=\"https:\/\/centcols.org\/util\/geo\/visu\/DE\/img\/1097\/9001.jpg\" alt=\"\" style=\"width:800px\"\/><figcaption class=\"wp-element-caption\"><strong>Haseneck<\/strong><\/figcaption><\/figure>\n<\/div>\n\n<div class=\"wp-block-image\">\n<figure class=\"aligncenter size-full\"><img loading=\"lazy\" decoding=\"async\" width=\"1000\" height=\"750\" src=\"https:\/\/centcols.org\/wp-content\/uploads\/2023\/08\/2ORzr36vPMnEdRFNYrhMZhEM1Xc1.jpg\" alt=\"\" class=\"wp-image-89883\" srcset=\"https:\/\/centcols.org\/wp-content\/uploads\/2023\/08\/2ORzr36vPMnEdRFNYrhMZhEM1Xc1.jpg 1000w, https:\/\/centcols.org\/wp-content\/uploads\/2023\/08\/2ORzr36vPMnEdRFNYrhMZhEM1Xc1-768x576.jpg 768w, https:\/\/centcols.org\/wp-content\/uploads\/2023\/08\/2ORzr36vPMnEdRFNYrhMZhEM1Xc1-16x12.jpg 16w\" sizes=\"auto, (max-width: 1000px) 100vw, 1000px\" \/><\/figure>\n<\/div>\n\n<div class=\"wp-block-image\">\n<figure class=\"aligncenter size-large is-resized\"><img decoding=\"async\" src=\"https:\/\/centcols.org\/util\/geo\/visu\/DE\/img\/1097\/8201.jpg\" alt=\"\" style=\"width:800px\"\/><figcaption class=\"wp-element-caption\"><strong>Laubeck<\/strong><\/figcaption><\/figure>\n<\/div>\n\n<div class=\"wp-block-image\">\n<figure class=\"aligncenter size-large is-resized\"><img decoding=\"async\" src=\"https:\/\/centcols.org\/util\/geo\/visu\/DE\/img\/1097\/9201.jpg\" alt=\"\" style=\"width:800px\"\/><figcaption class=\"wp-element-caption\"><strong>Holzeck<\/strong><\/figcaption><\/figure>\n<\/div>","protected":false},"excerpt":{"rendered":"<p>Description de l&rsquo;auteur Auteur : Jean-Luc Ceccato Parcours effectu\u00e9 le 28 juillet 2022 D\u00e9part : il existe un petit parking situ\u00e9 sur la Hauptstrasse \u00e0 Schonach im Schwarzwald. Alt: 871 m Description touristique Le circuit s&rsquo;insinue entre for\u00eats, champs et prairies. Quelques points de vue agr\u00e9mentent ce parcours. L&rsquo;architecture des maisons anciennes sont absolument \u00e0 [&hellip;]<\/p>\n","protected":false},"author":3,"featured_media":82876,"comment_status":"open","ping_status":"open","sticky":false,"template":"","format":"standard","meta":{"_acf_changed":false,"footnotes":""},"categories":[302,320,323,220],"tags":[],"class_list":["post-82483","post","type-post","status-publish","format-standard","has-post-thumbnail","hentry","category-parcours-allemagne","category-gravel-type-parcours","category-foret-noire-massif-parcours-membres","category-parcours-membres"],"acf":[],"yoast_head":"<!-- This site is optimized with the Yoast SEO plugin v27.2 - https:\/\/yoast.com\/product\/yoast-seo-wordpress\/ -->\n<title>DE-BW For\u00eat Noire Schonach - Gravel 41 km, D+ 1500 m, 14 cols - Club des Cent Cols<\/title>\n<meta name=\"robots\" content=\"index, follow, max-snippet:-1, max-image-preview:large, max-video-preview:-1\" \/>\n<link rel=\"canonical\" href=\"https:\/\/centcols.org\/en\/de-bw-foret-noire-schonach-gravel-41-km-d-1500-m-14-passes\/\" \/>\n<meta property=\"og:locale\" content=\"en_GB\" \/>\n<meta property=\"og:type\" content=\"article\" \/>\n<meta property=\"og:title\" content=\"DE-BW For\u00eat Noire Schonach - Gravel 41 km, D+ 1500 m, 14 cols - Club des Cent Cols\" \/>\n<meta property=\"og:description\" content=\"Description de l&rsquo;auteur Auteur : Jean-Luc Ceccato Parcours effectu\u00e9 le 28 juillet 2022 D\u00e9part : il existe un petit parking situ\u00e9 sur la Hauptstrasse \u00e0 Schonach im Schwarzwald. Alt: 871 m Description touristique Le circuit s&rsquo;insinue entre for\u00eats, champs et prairies. Quelques points de vue agr\u00e9mentent ce parcours. L&rsquo;architecture des maisons anciennes sont absolument \u00e0 [&hellip;]\" \/>\n<meta property=\"og:url\" content=\"https:\/\/centcols.org\/en\/de-bw-foret-noire-schonach-gravel-41-km-d-1500-m-14-passes\/\" \/>\n<meta property=\"og:site_name\" content=\"Club des Cent Cols\" \/>\n<meta property=\"article:publisher\" content=\"https:\/\/www.facebook.com\/groups\/5261880558\/?locale=fr_FR\" \/>\n<meta property=\"article:published_time\" content=\"2023-08-02T06:40:23+00:00\" \/>\n<meta property=\"article:modified_time\" content=\"2025-09-12T18:35:01+00:00\" \/>\n<meta property=\"og:image\" content=\"https:\/\/centcols.org\/wp-content\/uploads\/2023\/08\/90021.jpg\" \/>\n\t<meta property=\"og:image:width\" content=\"781\" \/>\n\t<meta property=\"og:image:height\" content=\"416\" \/>\n\t<meta property=\"og:image:type\" content=\"image\/jpeg\" \/>\n<meta name=\"author\" content=\"Webmestre\" \/>\n<meta name=\"twitter:card\" content=\"summary_large_image\" \/>\n<meta name=\"twitter:label1\" content=\"Written by\" \/>\n\t<meta name=\"twitter:data1\" content=\"Webmestre\" \/>\n\t<meta name=\"twitter:label2\" content=\"Estimated reading time\" \/>\n\t<meta name=\"twitter:data2\" content=\"5 minutes\" \/>\n<script type=\"application\/ld+json\" class=\"yoast-schema-graph\">{\"@context\":\"https:\/\/schema.org\",\"@graph\":[{\"@type\":\"Article\",\"@id\":\"https:\/\/centcols.org\/de-bw-foret-noire-schonach-gravel-41-km-d-1500-m-14-cols\/#article\",\"isPartOf\":{\"@id\":\"https:\/\/centcols.org\/de-bw-foret-noire-schonach-gravel-41-km-d-1500-m-14-cols\/\"},\"author\":{\"name\":\"Webmestre\",\"@id\":\"https:\/\/centcols.org\/#\/schema\/person\/911b404fb133d8c913dd27cdcf71c8e5\"},\"headline\":\"DE-BW For\u00eat Noire Schonach &#8211; Gravel 41 km, D+ 1500 m, 14 cols\",\"datePublished\":\"2023-08-02T06:40:23+00:00\",\"dateModified\":\"2025-09-12T18:35:01+00:00\",\"mainEntityOfPage\":{\"@id\":\"https:\/\/centcols.org\/de-bw-foret-noire-schonach-gravel-41-km-d-1500-m-14-cols\/\"},\"wordCount\":269,\"commentCount\":0,\"publisher\":{\"@id\":\"https:\/\/centcols.org\/#organization\"},\"image\":{\"@id\":\"https:\/\/centcols.org\/de-bw-foret-noire-schonach-gravel-41-km-d-1500-m-14-cols\/#primaryimage\"},\"thumbnailUrl\":\"https:\/\/centcols.org\/wp-content\/uploads\/2023\/08\/90021.jpg\",\"articleSection\":[\"Parcours Allemagne\",\"Gravel\",\"For\u00eat-Noire\",\"Parcours membres\"],\"inLanguage\":\"en-GB\",\"potentialAction\":[{\"@type\":\"CommentAction\",\"name\":\"Comment\",\"target\":[\"https:\/\/centcols.org\/de-bw-foret-noire-schonach-gravel-41-km-d-1500-m-14-cols\/#respond\"]}]},{\"@type\":\"WebPage\",\"@id\":\"https:\/\/centcols.org\/de-bw-foret-noire-schonach-gravel-41-km-d-1500-m-14-cols\/\",\"url\":\"https:\/\/centcols.org\/de-bw-foret-noire-schonach-gravel-41-km-d-1500-m-14-cols\/\",\"name\":\"DE-BW For\u00eat Noire Schonach - Gravel 41 km, D+ 1500 m, 14 cols - Club des Cent Cols\",\"isPartOf\":{\"@id\":\"https:\/\/centcols.org\/#website\"},\"primaryImageOfPage\":{\"@id\":\"https:\/\/centcols.org\/de-bw-foret-noire-schonach-gravel-41-km-d-1500-m-14-cols\/#primaryimage\"},\"image\":{\"@id\":\"https:\/\/centcols.org\/de-bw-foret-noire-schonach-gravel-41-km-d-1500-m-14-cols\/#primaryimage\"},\"thumbnailUrl\":\"https:\/\/centcols.org\/wp-content\/uploads\/2023\/08\/90021.jpg\",\"datePublished\":\"2023-08-02T06:40:23+00:00\",\"dateModified\":\"2025-09-12T18:35:01+00:00\",\"breadcrumb\":{\"@id\":\"https:\/\/centcols.org\/de-bw-foret-noire-schonach-gravel-41-km-d-1500-m-14-cols\/#breadcrumb\"},\"inLanguage\":\"en-GB\",\"potentialAction\":[{\"@type\":\"ReadAction\",\"target\":[\"https:\/\/centcols.org\/de-bw-foret-noire-schonach-gravel-41-km-d-1500-m-14-cols\/\"]}]},{\"@type\":\"ImageObject\",\"inLanguage\":\"en-GB\",\"@id\":\"https:\/\/centcols.org\/de-bw-foret-noire-schonach-gravel-41-km-d-1500-m-14-cols\/#primaryimage\",\"url\":\"https:\/\/centcols.org\/wp-content\/uploads\/2023\/08\/90021.jpg\",\"contentUrl\":\"https:\/\/centcols.org\/wp-content\/uploads\/2023\/08\/90021.jpg\",\"width\":781,\"height\":416,\"caption\":\"La photo BW-790 Martinsecke.JPG a \u00e9t\u00e9 r\u00e9duite de 97.92 % le Lundi 09 Mars 2020 \u00e0 17:03 par Photo R\u00e9ducteur v4.10 \u00e0 t\u00e9l\u00e9charger sur http:\/\/www.emjysoft.com\/\"},{\"@type\":\"BreadcrumbList\",\"@id\":\"https:\/\/centcols.org\/de-bw-foret-noire-schonach-gravel-41-km-d-1500-m-14-cols\/#breadcrumb\",\"itemListElement\":[{\"@type\":\"ListItem\",\"position\":1,\"name\":\"Accueil\",\"item\":\"https:\/\/centcols.org\/\"},{\"@type\":\"ListItem\",\"position\":2,\"name\":\"Parcours membres\",\"item\":\"https:\/\/centcols.org\/rubrique\/parcours-membres\/\"},{\"@type\":\"ListItem\",\"position\":3,\"name\":\"Pays\",\"item\":\"https:\/\/centcols.org\/rubrique\/parcours-membres\/pays-parcours-membres\/\"},{\"@type\":\"ListItem\",\"position\":4,\"name\":\"Parcours Allemagne\",\"item\":\"https:\/\/centcols.org\/rubrique\/parcours-membres\/pays-parcours-membres\/parcours-allemagne\/\"},{\"@type\":\"ListItem\",\"position\":5,\"name\":\"DE-BW For\u00eat Noire Schonach &#8211; Gravel 41 km, D+ 1500 m, 14 cols\"}]},{\"@type\":\"WebSite\",\"@id\":\"https:\/\/centcols.org\/#website\",\"url\":\"https:\/\/centcols.org\/\",\"name\":\"Club des Cent Cols\",\"description\":\"\",\"publisher\":{\"@id\":\"https:\/\/centcols.org\/#organization\"},\"potentialAction\":[{\"@type\":\"SearchAction\",\"target\":{\"@type\":\"EntryPoint\",\"urlTemplate\":\"https:\/\/centcols.org\/?s={search_term_string}\"},\"query-input\":{\"@type\":\"PropertyValueSpecification\",\"valueRequired\":true,\"valueName\":\"search_term_string\"}}],\"inLanguage\":\"en-GB\"},{\"@type\":\"Organization\",\"@id\":\"https:\/\/centcols.org\/#organization\",\"name\":\"Club des Cent Cols\",\"url\":\"https:\/\/centcols.org\/\",\"logo\":{\"@type\":\"ImageObject\",\"inLanguage\":\"en-GB\",\"@id\":\"https:\/\/centcols.org\/#\/schema\/logo\/image\/\",\"url\":\"https:\/\/centcols.org\/wp-content\/uploads\/2025\/01\/carte-icone.png\",\"contentUrl\":\"https:\/\/centcols.org\/wp-content\/uploads\/2025\/01\/carte-icone.png\",\"width\":250,\"height\":250,\"caption\":\"Club des Cent Cols\"},\"image\":{\"@id\":\"https:\/\/centcols.org\/#\/schema\/logo\/image\/\"},\"sameAs\":[\"https:\/\/www.facebook.com\/groups\/5261880558\/?locale=fr_FR\"]},{\"@type\":\"Person\",\"@id\":\"https:\/\/centcols.org\/#\/schema\/person\/911b404fb133d8c913dd27cdcf71c8e5\",\"name\":\"Webmestre\",\"image\":{\"@type\":\"ImageObject\",\"inLanguage\":\"en-GB\",\"@id\":\"https:\/\/centcols.org\/wp-content\/litespeed\/avatar\/2d246e4b6b4f773e08515e1ffc53690b.jpg?ver=1777222892\",\"url\":\"https:\/\/centcols.org\/wp-content\/litespeed\/avatar\/2d246e4b6b4f773e08515e1ffc53690b.jpg?ver=1777222892\",\"contentUrl\":\"https:\/\/centcols.org\/wp-content\/litespeed\/avatar\/2d246e4b6b4f773e08515e1ffc53690b.jpg?ver=1777222892\",\"caption\":\"Webmestre\"},\"url\":\"https:\/\/centcols.org\/en\/author\/webmestre\/\"}]}<\/script>\n<!-- \/ Yoast SEO plugin. -->","yoast_head_json":{"title":"DE-BW Black Forest Schonach - Gravel 41 km, D+ 1500 m, 14 passes - Club des Cent Cols","robots":{"index":"index","follow":"follow","max-snippet":"max-snippet:-1","max-image-preview":"max-image-preview:large","max-video-preview":"max-video-preview:-1"},"canonical":"https:\/\/centcols.org\/en\/de-bw-foret-noire-schonach-gravel-41-km-d-1500-m-14-passes\/","og_locale":"en_GB","og_type":"article","og_title":"DE-BW For\u00eat Noire Schonach - Gravel 41 km, D+ 1500 m, 14 cols - Club des Cent Cols","og_description":"Description de l&rsquo;auteur Auteur : Jean-Luc Ceccato Parcours effectu\u00e9 le 28 juillet 2022 D\u00e9part : il existe un petit parking situ\u00e9 sur la Hauptstrasse \u00e0 Schonach im Schwarzwald. Alt: 871 m Description touristique Le circuit s&rsquo;insinue entre for\u00eats, champs et prairies. Quelques points de vue agr\u00e9mentent ce parcours. L&rsquo;architecture des maisons anciennes sont absolument \u00e0 [&hellip;]","og_url":"https:\/\/centcols.org\/en\/de-bw-foret-noire-schonach-gravel-41-km-d-1500-m-14-passes\/","og_site_name":"Club des Cent Cols","article_publisher":"https:\/\/www.facebook.com\/groups\/5261880558\/?locale=fr_FR","article_published_time":"2023-08-02T06:40:23+00:00","article_modified_time":"2025-09-12T18:35:01+00:00","og_image":[{"width":781,"height":416,"url":"https:\/\/centcols.org\/wp-content\/uploads\/2023\/08\/90021.jpg","type":"image\/jpeg"}],"author":"Webmestre","twitter_card":"summary_large_image","twitter_misc":{"Written by":"Webmestre","Estimated reading time":"5 minutes"},"schema":{"@context":"https:\/\/schema.org","@graph":[{"@type":"Article","@id":"https:\/\/centcols.org\/de-bw-foret-noire-schonach-gravel-41-km-d-1500-m-14-cols\/#article","isPartOf":{"@id":"https:\/\/centcols.org\/de-bw-foret-noire-schonach-gravel-41-km-d-1500-m-14-cols\/"},"author":{"name":"Webmestre","@id":"https:\/\/centcols.org\/#\/schema\/person\/911b404fb133d8c913dd27cdcf71c8e5"},"headline":"DE-BW For\u00eat Noire Schonach &#8211; Gravel 41 km, D+ 1500 m, 14 cols","datePublished":"2023-08-02T06:40:23+00:00","dateModified":"2025-09-12T18:35:01+00:00","mainEntityOfPage":{"@id":"https:\/\/centcols.org\/de-bw-foret-noire-schonach-gravel-41-km-d-1500-m-14-cols\/"},"wordCount":269,"commentCount":0,"publisher":{"@id":"https:\/\/centcols.org\/#organization"},"image":{"@id":"https:\/\/centcols.org\/de-bw-foret-noire-schonach-gravel-41-km-d-1500-m-14-cols\/#primaryimage"},"thumbnailUrl":"https:\/\/centcols.org\/wp-content\/uploads\/2023\/08\/90021.jpg","articleSection":["Parcours Allemagne","Gravel","For\u00eat-Noire","Parcours membres"],"inLanguage":"en-GB","potentialAction":[{"@type":"CommentAction","name":"Comment","target":["https:\/\/centcols.org\/de-bw-foret-noire-schonach-gravel-41-km-d-1500-m-14-cols\/#respond"]}]},{"@type":"WebPage","@id":"https:\/\/centcols.org\/de-bw-foret-noire-schonach-gravel-41-km-d-1500-m-14-cols\/","url":"https:\/\/centcols.org\/de-bw-foret-noire-schonach-gravel-41-km-d-1500-m-14-cols\/","name":"DE-BW Black Forest Schonach - Gravel 41 km, D+ 1500 m, 14 passes - Club des Cent Cols","isPartOf":{"@id":"https:\/\/centcols.org\/#website"},"primaryImageOfPage":{"@id":"https:\/\/centcols.org\/de-bw-foret-noire-schonach-gravel-41-km-d-1500-m-14-cols\/#primaryimage"},"image":{"@id":"https:\/\/centcols.org\/de-bw-foret-noire-schonach-gravel-41-km-d-1500-m-14-cols\/#primaryimage"},"thumbnailUrl":"https:\/\/centcols.org\/wp-content\/uploads\/2023\/08\/90021.jpg","datePublished":"2023-08-02T06:40:23+00:00","dateModified":"2025-09-12T18:35:01+00:00","breadcrumb":{"@id":"https:\/\/centcols.org\/de-bw-foret-noire-schonach-gravel-41-km-d-1500-m-14-cols\/#breadcrumb"},"inLanguage":"en-GB","potentialAction":[{"@type":"ReadAction","target":["https:\/\/centcols.org\/de-bw-foret-noire-schonach-gravel-41-km-d-1500-m-14-cols\/"]}]},{"@type":"ImageObject","inLanguage":"en-GB","@id":"https:\/\/centcols.org\/de-bw-foret-noire-schonach-gravel-41-km-d-1500-m-14-cols\/#primaryimage","url":"https:\/\/centcols.org\/wp-content\/uploads\/2023\/08\/90021.jpg","contentUrl":"https:\/\/centcols.org\/wp-content\/uploads\/2023\/08\/90021.jpg","width":781,"height":416,"caption":"La photo BW-790 Martinsecke.JPG a \u00e9t\u00e9 r\u00e9duite de 97.92 % le Lundi 09 Mars 2020 \u00e0 17:03 par Photo R\u00e9ducteur v4.10 \u00e0 t\u00e9l\u00e9charger sur http:\/\/www.emjysoft.com\/"},{"@type":"BreadcrumbList","@id":"https:\/\/centcols.org\/de-bw-foret-noire-schonach-gravel-41-km-d-1500-m-14-cols\/#breadcrumb","itemListElement":[{"@type":"ListItem","position":1,"name":"Accueil","item":"https:\/\/centcols.org\/"},{"@type":"ListItem","position":2,"name":"Parcours membres","item":"https:\/\/centcols.org\/rubrique\/parcours-membres\/"},{"@type":"ListItem","position":3,"name":"Pays","item":"https:\/\/centcols.org\/rubrique\/parcours-membres\/pays-parcours-membres\/"},{"@type":"ListItem","position":4,"name":"Parcours Allemagne","item":"https:\/\/centcols.org\/rubrique\/parcours-membres\/pays-parcours-membres\/parcours-allemagne\/"},{"@type":"ListItem","position":5,"name":"DE-BW For\u00eat Noire Schonach &#8211; Gravel 41 km, D+ 1500 m, 14 cols"}]},{"@type":"WebSite","@id":"https:\/\/centcols.org\/#website","url":"https:\/\/centcols.org\/","name":"Club des Cent Cols","description":"","publisher":{"@id":"https:\/\/centcols.org\/#organization"},"potentialAction":[{"@type":"SearchAction","target":{"@type":"EntryPoint","urlTemplate":"https:\/\/centcols.org\/?s={search_term_string}"},"query-input":{"@type":"PropertyValueSpecification","valueRequired":true,"valueName":"search_term_string"}}],"inLanguage":"en-GB"},{"@type":"Organization","@id":"https:\/\/centcols.org\/#organization","name":"Club des Cent Cols","url":"https:\/\/centcols.org\/","logo":{"@type":"ImageObject","inLanguage":"en-GB","@id":"https:\/\/centcols.org\/#\/schema\/logo\/image\/","url":"https:\/\/centcols.org\/wp-content\/uploads\/2025\/01\/carte-icone.png","contentUrl":"https:\/\/centcols.org\/wp-content\/uploads\/2025\/01\/carte-icone.png","width":250,"height":250,"caption":"Club des Cent Cols"},"image":{"@id":"https:\/\/centcols.org\/#\/schema\/logo\/image\/"},"sameAs":["https:\/\/www.facebook.com\/groups\/5261880558\/?locale=fr_FR"]},{"@type":"Person","@id":"https:\/\/centcols.org\/#\/schema\/person\/911b404fb133d8c913dd27cdcf71c8e5","name":"Webmaster","image":{"@type":"ImageObject","inLanguage":"en-GB","@id":"https:\/\/centcols.org\/wp-content\/litespeed\/avatar\/2d246e4b6b4f773e08515e1ffc53690b.jpg?ver=1777222892","url":"https:\/\/centcols.org\/wp-content\/litespeed\/avatar\/2d246e4b6b4f773e08515e1ffc53690b.jpg?ver=1777222892","contentUrl":"https:\/\/centcols.org\/wp-content\/litespeed\/avatar\/2d246e4b6b4f773e08515e1ffc53690b.jpg?ver=1777222892","caption":"Webmestre"},"url":"https:\/\/centcols.org\/en\/author\/webmestre\/"}]}},"_links":{"self":[{"href":"https:\/\/centcols.org\/en\/wp-json\/wp\/v2\/posts\/82483","targetHints":{"allow":["GET"]}}],"collection":[{"href":"https:\/\/centcols.org\/en\/wp-json\/wp\/v2\/posts"}],"about":[{"href":"https:\/\/centcols.org\/en\/wp-json\/wp\/v2\/types\/post"}],"author":[{"embeddable":true,"href":"https:\/\/centcols.org\/en\/wp-json\/wp\/v2\/users\/3"}],"replies":[{"embeddable":true,"href":"https:\/\/centcols.org\/en\/wp-json\/wp\/v2\/comments?post=82483"}],"version-history":[{"count":0,"href":"https:\/\/centcols.org\/en\/wp-json\/wp\/v2\/posts\/82483\/revisions"}],"wp:featuredmedia":[{"embeddable":true,"href":"https:\/\/centcols.org\/en\/wp-json\/wp\/v2\/media\/82876"}],"wp:attachment":[{"href":"https:\/\/centcols.org\/en\/wp-json\/wp\/v2\/media?parent=82483"}],"wp:term":[{"taxonomy":"category","embeddable":true,"href":"https:\/\/centcols.org\/en\/wp-json\/wp\/v2\/categories?post=82483"},{"taxonomy":"post_tag","embeddable":true,"href":"https:\/\/centcols.org\/en\/wp-json\/wp\/v2\/tags?post=82483"}],"curies":[{"name":"wp","href":"https:\/\/api.w.org\/{rel}","templated":true}]}}