{"id":82494,"date":"2023-07-03T14:26:26","date_gmt":"2023-07-03T12:26:26","guid":{"rendered":"https:\/\/centcols.org\/fr-70-rassemblement-grand-est-2023-vtt-36-km-d-1220-m-4-cols\/"},"modified":"2025-09-12T20:10:34","modified_gmt":"2025-09-12T18:10:34","slug":"fr-70-rassemblement-grand-est-2023-vtt-36-km-d-1220-m-4-cols","status":"publish","type":"post","link":"https:\/\/centcols.org\/en\/fr-70-rassemblement-grand-est-2023-vtt-36-km-d-1220-m-4-cols\/","title":{"rendered":"FR-70 Rassemblement Grand Est 2023 - Mountain bike 36 km, D+ 1220 m, 4 passes"},"content":{"rendered":"<iframe width=\"100%\" height=\"650\" loading=\"lazy\" src=\"https:\/\/www.openrunner.com\/embed\/725562436b3673325949367276737847434549573462447a504c6445653558454e754572796f4d2b784d303d3a3ab314b7d9aecb377a7136ac48b10e3a35?unit=metric\" style=\"border: none;\"><\/iframe>\n\n\n\n<h2 class=\"wp-block-heading\">Author description<\/h2>\n\n\n\n<p><strong>Author<\/strong> : Denis Mathieu<\/p>\n\n\n\n<p><strong>Course<\/strong> made on 27 May 2023<\/p>\n\n\n\n<p><strong>Departure <\/strong>Car park: Located in the commune of Plancher les Mines, at the impasse du canal (turn right into the rue du pont du Var, the car park is on the left after the small bridge). Alt: 500 m<\/p>\n\n\n\n<h2 class=\"wp-block-heading\">Tourist description<\/h2>\n\n\n\n<p>After the Col de la Chevestraye, you cross the commune of BELFAHY. The village centre is at 840 m and it is the highest commune in Haute-Sa\u00f4ne and even in the Vosges Massif. At the Col des Chevr\u00e8res, the trail leads to the brand new Col Sans-Nom and the Goutte des Saules waterfall. Before returning to Plancher Les Mines, the Super Planche via the Planche des Belles Filles, world-famous thanks to the Tour de France, is on the programme. The Col d'Auxelles, which straddles the Haute-Sa\u00f4ne (70) and the Territoire de Belfort (90), is located on the southern edge of the Vosges Massif. It offers a view to the south over the famous Trou\u00e9e de Belfort, a 20km-wide passage between the Vosges and the Jura, otherwise known as the Porte de Bourgogne.<\/p>\n\n\n\n<p class=\"has-medium-font-size\"><strong>4 collars<\/strong><\/p>\n\n\n\n<figure class=\"wp-block-table is-style-stripes\"><table class=\"has-fixed-layout\"><tbody><tr><td>Col de la Chevestraye <br>Col des Chevr\u00e8res&nbsp; &nbsp; &nbsp; &nbsp;<br>No Name Pass&nbsp; &nbsp; &nbsp; &nbsp; &nbsp; &nbsp; &nbsp; &nbsp;<br>Col d'Auxelles&nbsp; &nbsp; &nbsp; &nbsp; &nbsp; &nbsp; &nbsp; <\/td><td><a href=\"https:\/\/centcols.org\/en\/util\/geo\/visu.php\/?code=FR-70-0640\" target=\"_blank\" rel=\"noopener\">FR-70-0640<\/a><br><a href=\"https:\/\/centcols.org\/en\/util\/geo\/visu.php\/?code=FR-70-0914\" target=\"_blank\" rel=\"noopener\">FR-70-0914<\/a><br><a href=\"https:\/\/centcols.org\/en\/util\/geo\/visu.php\/?code=FR-70-1001\" target=\"_blank\" rel=\"noopener\">FR-70-1001<\/a><br><a href=\"https:\/\/centcols.org\/en\/util\/geo\/visu.php\/?code=FR-70-0827\" target=\"_blank\" rel=\"noopener\">FR-70-0827<\/a><\/td><\/tr><\/tbody><\/table><\/figure>\n\n\n\n<h2 class=\"wp-block-heading\">Technical description<\/h2>\n\n\n\n<p>The route starts on a road, which is a little steep and busy, as far as the Col des Chevr\u00e8res. A cycle path on the right leads over the pass without a name (except for the last 50 metres).<\/p>\n\n\n\n<p>A beautiful forest track followed by a tricky section leads us to the waterfall. This tricky section can be avoided by going straight on the track. The climb up to the Super-Planches des Belles Filles is tough (7 km and 600 metres of ascent, with some very steep sections). The return to the car park is straightforward.<\/p>\n\n\n\n<p><strong>Link<\/strong> <strong>Openrunner, interactive map, profile, gpx track<\/strong> <a href=\"https:\/\/www.openrunner.com\/route-details\/17034241\" target=\"_blank\" rel=\"noreferrer noopener\">https:\/\/www.openrunner.com\/route-details\/17034241<\/a><\/p>\n\n\n\n<p><strong>Key words<\/strong>: Plancher les mines, Belfahy, Haute Sa\u00f4ne, Planches des belles filles, Chevr\u00e8res<\/p>\n\n\n\n<p>This itinerary is given as an indication only. The author declines all responsibility, as well as that of the Club des Cent Cols, for imponderables caused by the cyclist himself, the equipment used or anything relating to the road, its environment or other road users.<\/p>\n\n\n\n<h2 class=\"wp-block-heading\">Photos<\/h2>\n\n\n<div class=\"wp-block-image\">\n<figure class=\"aligncenter size-full is-resized\"><a href=\"https:\/\/centcols.org\/wp-content\/uploads\/2023\/07\/019-Au-niveau-de-la-station-il-ne-reste-quun-kilom_tre.-768x512-1.jpg\"><img loading=\"lazy\" decoding=\"async\" width=\"768\" height=\"512\" src=\"https:\/\/centcols.org\/wp-content\/uploads\/2023\/07\/019-Au-niveau-de-la-station-il-ne-reste-quun-kilom_tre.-768x512-1.jpg\" alt=\"\" class=\"wp-image-89483\" style=\"width:798px\" srcset=\"https:\/\/centcols.org\/wp-content\/uploads\/2023\/07\/019-Au-niveau-de-la-station-il-ne-reste-quun-kilom_tre.-768x512-1.jpg 768w, https:\/\/centcols.org\/wp-content\/uploads\/2023\/07\/019-Au-niveau-de-la-station-il-ne-reste-quun-kilom_tre.-768x512-1-18x12.jpg 18w\" sizes=\"auto, (max-width: 768px) 100vw, 768px\" \/><\/a><figcaption class=\"wp-element-caption\"><strong>At the station, only one km remains.<\/strong><\/figcaption><\/figure>\n<\/div>\n\n<div class=\"wp-block-image\">\n<figure class=\"aligncenter size-full is-resized\"><a href=\"https:\/\/centcols.org\/wp-content\/uploads\/2023\/07\/021.jpg\"><img loading=\"lazy\" decoding=\"async\" width=\"1200\" height=\"800\" src=\"https:\/\/centcols.org\/wp-content\/uploads\/2023\/07\/021.jpg\" alt=\"\" class=\"wp-image-89484\" style=\"width:800px\" srcset=\"https:\/\/centcols.org\/wp-content\/uploads\/2023\/07\/021.jpg 1200w, https:\/\/centcols.org\/wp-content\/uploads\/2023\/07\/021-768x512.jpg 768w, https:\/\/centcols.org\/wp-content\/uploads\/2023\/07\/021-18x12.jpg 18w\" sizes=\"auto, (max-width: 1200px) 100vw, 1200px\" \/><\/a><figcaption class=\"wp-element-caption\"><strong>View of the Trou\u00e9e de Belfort from the Super Planche<\/strong><\/figcaption><\/figure>\n<\/div>\n\n<div class=\"wp-block-image\">\n<figure class=\"aligncenter size-full is-resized\"><a href=\"https:\/\/centcols.org\/wp-content\/uploads\/2023\/07\/027.jpg\"><img loading=\"lazy\" decoding=\"async\" width=\"1200\" height=\"800\" src=\"https:\/\/centcols.org\/wp-content\/uploads\/2023\/07\/027.jpg\" alt=\"\" class=\"wp-image-89485\" style=\"width:800px\" srcset=\"https:\/\/centcols.org\/wp-content\/uploads\/2023\/07\/027.jpg 1200w, https:\/\/centcols.org\/wp-content\/uploads\/2023\/07\/027-768x512.jpg 768w, https:\/\/centcols.org\/wp-content\/uploads\/2023\/07\/027-18x12.jpg 18w\" sizes=\"auto, (max-width: 1200px) 100vw, 1200px\" \/><\/a><figcaption class=\"wp-element-caption\"><strong>On the way down from the Super Planche<\/strong><\/figcaption><\/figure>\n<\/div>\n\n<div class=\"wp-block-image\">\n<figure class=\"aligncenter size-large is-resized\"><img decoding=\"async\" src=\"https:\/\/centcols.org\/util\/geo\/visu\/FR\/img\/1383\/0304.jpg\" alt=\"\" style=\"width:800px\"\/><figcaption class=\"wp-element-caption\"><strong>Col de la Chevestraye<\/strong><\/figcaption><\/figure>\n<\/div>\n\n<div class=\"wp-block-image\">\n<figure class=\"aligncenter size-large is-resized\"><img decoding=\"async\" src=\"https:\/\/centcols.org\/util\/geo\/visu\/FR\/img\/1383\/0807.jpg\" alt=\"\" style=\"width:800px\"\/><figcaption class=\"wp-element-caption\"><strong>Col des Chevr\u00e8res<\/strong><\/figcaption><\/figure>\n<\/div>\n\n<div class=\"wp-block-image\">\n<figure class=\"aligncenter size-large is-resized\"><img decoding=\"async\" src=\"https:\/\/centcols.org\/util\/geo\/visu\/FR\/img\/1865\/4702.jpg\" alt=\"\" style=\"width:800px\"\/><figcaption class=\"wp-element-caption\"><strong>No Name Pass<\/strong><\/figcaption><\/figure>\n<\/div>\n\n<div class=\"wp-block-image\">\n<figure class=\"aligncenter size-large is-resized\"><img decoding=\"async\" src=\"https:\/\/centcols.org\/util\/geo\/visu\/FR\/img\/1383\/0701.jpg\" alt=\"\" style=\"width:800px\"\/><figcaption class=\"wp-element-caption\"><strong>Col d'Auxelles<\/strong><\/figcaption><\/figure>\n<\/div>\n\n<div class=\"wp-block-image\">\n<figure class=\"aligncenter size-full is-resized\"><img loading=\"lazy\" decoding=\"async\" width=\"1200\" height=\"800\" src=\"https:\/\/centcols.org\/wp-content\/uploads\/2023\/07\/030.jpg\" alt=\"\" class=\"wp-image-89546\" style=\"width:800px\" srcset=\"https:\/\/centcols.org\/wp-content\/uploads\/2023\/07\/030.jpg 1200w, https:\/\/centcols.org\/wp-content\/uploads\/2023\/07\/030-768x512.jpg 768w, https:\/\/centcols.org\/wp-content\/uploads\/2023\/07\/030-18x12.jpg 18w\" sizes=\"auto, (max-width: 1200px) 100vw, 1200px\" \/><figcaption class=\"wp-element-caption\"><strong>After the Col d'Auxelles<\/strong><\/figcaption><\/figure>\n<\/div>","protected":false},"excerpt":{"rendered":"<p>Description de l\u2019auteur Auteur : Denis Mathieu Parcours effectu\u00e9 le 27 mai 2023 D\u00e9part : Parking situ\u00e9 dans la commune de Plancher les Mines, \u00e0 l\u2019impasse du canal (prendre \u00e0 droite la rue du pont du Var, le parking est \u00e0 gauche apr\u00e8s le petit pont). Alt&nbsp;: 500 m Description touristique Apr\u00e8s le col de [&hellip;]<\/p>\n","protected":false},"author":3,"featured_media":82892,"comment_status":"open","ping_status":"open","sticky":false,"template":"","format":"standard","meta":{"_acf_changed":false,"footnotes":""},"categories":[303,319,332,335,338,220],"tags":[],"class_list":["post-82494","post","type-post","status-publish","format-standard","has-post-thumbnail","hentry","category-parcours-france","category-vtt-type-parcours","category-bourgogne-franche-comte-region-parcours-membres","category-vosges-massif-parcours-membres","category-70-haute-saone","category-parcours-membres"],"acf":[],"yoast_head":"<!-- This site is optimized with the Yoast SEO plugin v27.2 - https:\/\/yoast.com\/product\/yoast-seo-wordpress\/ -->\n<title>FR-70 Rassemblement Grand Est 2023 - VTT 36 km, D+ 1220 m, 4 cols - Club des Cent Cols<\/title>\n<meta name=\"robots\" content=\"index, follow, max-snippet:-1, max-image-preview:large, max-video-preview:-1\" \/>\n<link rel=\"canonical\" href=\"https:\/\/centcols.org\/en\/fr-70-rassemblement-grand-est-2023-vtt-36-km-d-1220-m-4-cols\/\" \/>\n<meta property=\"og:locale\" content=\"en_GB\" \/>\n<meta property=\"og:type\" content=\"article\" \/>\n<meta property=\"og:title\" content=\"FR-70 Rassemblement Grand Est 2023 - VTT 36 km, D+ 1220 m, 4 cols - Club des Cent Cols\" \/>\n<meta property=\"og:description\" content=\"Description de l\u2019auteur Auteur : Denis Mathieu Parcours effectu\u00e9 le 27 mai 2023 D\u00e9part : Parking situ\u00e9 dans la commune de Plancher les Mines, \u00e0 l\u2019impasse du canal (prendre \u00e0 droite la rue du pont du Var, le parking est \u00e0 gauche apr\u00e8s le petit pont). Alt&nbsp;: 500 m Description touristique Apr\u00e8s le col de [&hellip;]\" \/>\n<meta property=\"og:url\" content=\"https:\/\/centcols.org\/en\/fr-70-rassemblement-grand-est-2023-vtt-36-km-d-1220-m-4-cols\/\" \/>\n<meta property=\"og:site_name\" content=\"Club des Cent Cols\" \/>\n<meta property=\"article:publisher\" content=\"https:\/\/www.facebook.com\/groups\/5261880558\/?locale=fr_FR\" \/>\n<meta property=\"article:published_time\" content=\"2023-07-03T12:26:26+00:00\" \/>\n<meta property=\"article:modified_time\" content=\"2025-09-12T18:10:34+00:00\" \/>\n<meta property=\"og:image\" content=\"https:\/\/centcols.org\/wp-content\/uploads\/2023\/07\/07011.jpg\" \/>\n\t<meta property=\"og:image:width\" content=\"800\" \/>\n\t<meta property=\"og:image:height\" content=\"532\" \/>\n\t<meta property=\"og:image:type\" content=\"image\/jpeg\" \/>\n<meta name=\"author\" content=\"Webmestre\" \/>\n<meta name=\"twitter:card\" content=\"summary_large_image\" \/>\n<meta name=\"twitter:label1\" content=\"Written by\" \/>\n\t<meta name=\"twitter:data1\" content=\"Webmestre\" \/>\n\t<meta name=\"twitter:label2\" content=\"Estimated reading time\" \/>\n\t<meta name=\"twitter:data2\" content=\"4 minutes\" \/>\n<script type=\"application\/ld+json\" class=\"yoast-schema-graph\">{\"@context\":\"https:\/\/schema.org\",\"@graph\":[{\"@type\":\"Article\",\"@id\":\"https:\/\/centcols.org\/fr-70-rassemblement-grand-est-2023-vtt-36-km-d-1220-m-4-cols\/#article\",\"isPartOf\":{\"@id\":\"https:\/\/centcols.org\/fr-70-rassemblement-grand-est-2023-vtt-36-km-d-1220-m-4-cols\/\"},\"author\":{\"name\":\"Webmestre\",\"@id\":\"https:\/\/centcols.org\/#\/schema\/person\/911b404fb133d8c913dd27cdcf71c8e5\"},\"headline\":\"FR-70 Rassemblement Grand Est 2023 &#8211; VTT 36 km, D+ 1220 m, 4 cols\",\"datePublished\":\"2023-07-03T12:26:26+00:00\",\"dateModified\":\"2025-09-12T18:10:34+00:00\",\"mainEntityOfPage\":{\"@id\":\"https:\/\/centcols.org\/fr-70-rassemblement-grand-est-2023-vtt-36-km-d-1220-m-4-cols\/\"},\"wordCount\":469,\"commentCount\":0,\"publisher\":{\"@id\":\"https:\/\/centcols.org\/#organization\"},\"image\":{\"@id\":\"https:\/\/centcols.org\/fr-70-rassemblement-grand-est-2023-vtt-36-km-d-1220-m-4-cols\/#primaryimage\"},\"thumbnailUrl\":\"https:\/\/centcols.org\/wp-content\/uploads\/2023\/07\/07011.jpg\",\"articleSection\":[\"Parcours France\",\"VTT\",\"Bourgogne-Franche-Comt\u00e9\",\"Vosges\",\"70-Haute-Sa\u00f4ne\",\"Parcours membres\"],\"inLanguage\":\"en-GB\",\"potentialAction\":[{\"@type\":\"CommentAction\",\"name\":\"Comment\",\"target\":[\"https:\/\/centcols.org\/fr-70-rassemblement-grand-est-2023-vtt-36-km-d-1220-m-4-cols\/#respond\"]}]},{\"@type\":\"WebPage\",\"@id\":\"https:\/\/centcols.org\/fr-70-rassemblement-grand-est-2023-vtt-36-km-d-1220-m-4-cols\/\",\"url\":\"https:\/\/centcols.org\/fr-70-rassemblement-grand-est-2023-vtt-36-km-d-1220-m-4-cols\/\",\"name\":\"FR-70 Rassemblement Grand Est 2023 - VTT 36 km, D+ 1220 m, 4 cols - Club des Cent Cols\",\"isPartOf\":{\"@id\":\"https:\/\/centcols.org\/#website\"},\"primaryImageOfPage\":{\"@id\":\"https:\/\/centcols.org\/fr-70-rassemblement-grand-est-2023-vtt-36-km-d-1220-m-4-cols\/#primaryimage\"},\"image\":{\"@id\":\"https:\/\/centcols.org\/fr-70-rassemblement-grand-est-2023-vtt-36-km-d-1220-m-4-cols\/#primaryimage\"},\"thumbnailUrl\":\"https:\/\/centcols.org\/wp-content\/uploads\/2023\/07\/07011.jpg\",\"datePublished\":\"2023-07-03T12:26:26+00:00\",\"dateModified\":\"2025-09-12T18:10:34+00:00\",\"breadcrumb\":{\"@id\":\"https:\/\/centcols.org\/fr-70-rassemblement-grand-est-2023-vtt-36-km-d-1220-m-4-cols\/#breadcrumb\"},\"inLanguage\":\"en-GB\",\"potentialAction\":[{\"@type\":\"ReadAction\",\"target\":[\"https:\/\/centcols.org\/fr-70-rassemblement-grand-est-2023-vtt-36-km-d-1220-m-4-cols\/\"]}]},{\"@type\":\"ImageObject\",\"inLanguage\":\"en-GB\",\"@id\":\"https:\/\/centcols.org\/fr-70-rassemblement-grand-est-2023-vtt-36-km-d-1220-m-4-cols\/#primaryimage\",\"url\":\"https:\/\/centcols.org\/wp-content\/uploads\/2023\/07\/07011.jpg\",\"contentUrl\":\"https:\/\/centcols.org\/wp-content\/uploads\/2023\/07\/07011.jpg\",\"width\":800,\"height\":532},{\"@type\":\"BreadcrumbList\",\"@id\":\"https:\/\/centcols.org\/fr-70-rassemblement-grand-est-2023-vtt-36-km-d-1220-m-4-cols\/#breadcrumb\",\"itemListElement\":[{\"@type\":\"ListItem\",\"position\":1,\"name\":\"Accueil\",\"item\":\"https:\/\/centcols.org\/\"},{\"@type\":\"ListItem\",\"position\":2,\"name\":\"Parcours membres\",\"item\":\"https:\/\/centcols.org\/rubrique\/parcours-membres\/\"},{\"@type\":\"ListItem\",\"position\":3,\"name\":\"Pays\",\"item\":\"https:\/\/centcols.org\/rubrique\/parcours-membres\/pays-parcours-membres\/\"},{\"@type\":\"ListItem\",\"position\":4,\"name\":\"Parcours France\",\"item\":\"https:\/\/centcols.org\/rubrique\/parcours-membres\/pays-parcours-membres\/parcours-france\/\"},{\"@type\":\"ListItem\",\"position\":5,\"name\":\"FR-70 Rassemblement Grand Est 2023 &#8211; VTT 36 km, D+ 1220 m, 4 cols\"}]},{\"@type\":\"WebSite\",\"@id\":\"https:\/\/centcols.org\/#website\",\"url\":\"https:\/\/centcols.org\/\",\"name\":\"Club des Cent Cols\",\"description\":\"\",\"publisher\":{\"@id\":\"https:\/\/centcols.org\/#organization\"},\"potentialAction\":[{\"@type\":\"SearchAction\",\"target\":{\"@type\":\"EntryPoint\",\"urlTemplate\":\"https:\/\/centcols.org\/?s={search_term_string}\"},\"query-input\":{\"@type\":\"PropertyValueSpecification\",\"valueRequired\":true,\"valueName\":\"search_term_string\"}}],\"inLanguage\":\"en-GB\"},{\"@type\":\"Organization\",\"@id\":\"https:\/\/centcols.org\/#organization\",\"name\":\"Club des Cent Cols\",\"url\":\"https:\/\/centcols.org\/\",\"logo\":{\"@type\":\"ImageObject\",\"inLanguage\":\"en-GB\",\"@id\":\"https:\/\/centcols.org\/#\/schema\/logo\/image\/\",\"url\":\"https:\/\/centcols.org\/wp-content\/uploads\/2025\/01\/carte-icone.png\",\"contentUrl\":\"https:\/\/centcols.org\/wp-content\/uploads\/2025\/01\/carte-icone.png\",\"width\":250,\"height\":250,\"caption\":\"Club des Cent Cols\"},\"image\":{\"@id\":\"https:\/\/centcols.org\/#\/schema\/logo\/image\/\"},\"sameAs\":[\"https:\/\/www.facebook.com\/groups\/5261880558\/?locale=fr_FR\"]},{\"@type\":\"Person\",\"@id\":\"https:\/\/centcols.org\/#\/schema\/person\/911b404fb133d8c913dd27cdcf71c8e5\",\"name\":\"Webmestre\",\"image\":{\"@type\":\"ImageObject\",\"inLanguage\":\"en-GB\",\"@id\":\"https:\/\/centcols.org\/wp-content\/litespeed\/avatar\/2d246e4b6b4f773e08515e1ffc53690b.jpg?ver=1777222892\",\"url\":\"https:\/\/centcols.org\/wp-content\/litespeed\/avatar\/2d246e4b6b4f773e08515e1ffc53690b.jpg?ver=1777222892\",\"contentUrl\":\"https:\/\/centcols.org\/wp-content\/litespeed\/avatar\/2d246e4b6b4f773e08515e1ffc53690b.jpg?ver=1777222892\",\"caption\":\"Webmestre\"},\"url\":\"https:\/\/centcols.org\/en\/author\/webmestre\/\"}]}<\/script>\n<!-- \/ Yoast SEO plugin. -->","yoast_head_json":{"title":"FR-70 Rassemblement Grand Est 2023 - Mountain bike 36 km, D+ 1220 m, 4 passes - Club des Cent Cols","robots":{"index":"index","follow":"follow","max-snippet":"max-snippet:-1","max-image-preview":"max-image-preview:large","max-video-preview":"max-video-preview:-1"},"canonical":"https:\/\/centcols.org\/en\/fr-70-rassemblement-grand-est-2023-vtt-36-km-d-1220-m-4-cols\/","og_locale":"en_GB","og_type":"article","og_title":"FR-70 Rassemblement Grand Est 2023 - VTT 36 km, D+ 1220 m, 4 cols - Club des Cent Cols","og_description":"Description de l\u2019auteur Auteur : Denis Mathieu Parcours effectu\u00e9 le 27 mai 2023 D\u00e9part : Parking situ\u00e9 dans la commune de Plancher les Mines, \u00e0 l\u2019impasse du canal (prendre \u00e0 droite la rue du pont du Var, le parking est \u00e0 gauche apr\u00e8s le petit pont). Alt&nbsp;: 500 m Description touristique Apr\u00e8s le col de [&hellip;]","og_url":"https:\/\/centcols.org\/en\/fr-70-rassemblement-grand-est-2023-vtt-36-km-d-1220-m-4-cols\/","og_site_name":"Club des Cent Cols","article_publisher":"https:\/\/www.facebook.com\/groups\/5261880558\/?locale=fr_FR","article_published_time":"2023-07-03T12:26:26+00:00","article_modified_time":"2025-09-12T18:10:34+00:00","og_image":[{"width":800,"height":532,"url":"https:\/\/centcols.org\/wp-content\/uploads\/2023\/07\/07011.jpg","type":"image\/jpeg"}],"author":"Webmestre","twitter_card":"summary_large_image","twitter_misc":{"Written by":"Webmestre","Estimated reading time":"4 minutes"},"schema":{"@context":"https:\/\/schema.org","@graph":[{"@type":"Article","@id":"https:\/\/centcols.org\/fr-70-rassemblement-grand-est-2023-vtt-36-km-d-1220-m-4-cols\/#article","isPartOf":{"@id":"https:\/\/centcols.org\/fr-70-rassemblement-grand-est-2023-vtt-36-km-d-1220-m-4-cols\/"},"author":{"name":"Webmestre","@id":"https:\/\/centcols.org\/#\/schema\/person\/911b404fb133d8c913dd27cdcf71c8e5"},"headline":"FR-70 Rassemblement Grand Est 2023 &#8211; VTT 36 km, D+ 1220 m, 4 cols","datePublished":"2023-07-03T12:26:26+00:00","dateModified":"2025-09-12T18:10:34+00:00","mainEntityOfPage":{"@id":"https:\/\/centcols.org\/fr-70-rassemblement-grand-est-2023-vtt-36-km-d-1220-m-4-cols\/"},"wordCount":469,"commentCount":0,"publisher":{"@id":"https:\/\/centcols.org\/#organization"},"image":{"@id":"https:\/\/centcols.org\/fr-70-rassemblement-grand-est-2023-vtt-36-km-d-1220-m-4-cols\/#primaryimage"},"thumbnailUrl":"https:\/\/centcols.org\/wp-content\/uploads\/2023\/07\/07011.jpg","articleSection":["Parcours France","VTT","Bourgogne-Franche-Comt\u00e9","Vosges","70-Haute-Sa\u00f4ne","Parcours membres"],"inLanguage":"en-GB","potentialAction":[{"@type":"CommentAction","name":"Comment","target":["https:\/\/centcols.org\/fr-70-rassemblement-grand-est-2023-vtt-36-km-d-1220-m-4-cols\/#respond"]}]},{"@type":"WebPage","@id":"https:\/\/centcols.org\/fr-70-rassemblement-grand-est-2023-vtt-36-km-d-1220-m-4-cols\/","url":"https:\/\/centcols.org\/fr-70-rassemblement-grand-est-2023-vtt-36-km-d-1220-m-4-cols\/","name":"FR-70 Rassemblement Grand Est 2023 - Mountain bike 36 km, D+ 1220 m, 4 passes - Club des Cent Cols","isPartOf":{"@id":"https:\/\/centcols.org\/#website"},"primaryImageOfPage":{"@id":"https:\/\/centcols.org\/fr-70-rassemblement-grand-est-2023-vtt-36-km-d-1220-m-4-cols\/#primaryimage"},"image":{"@id":"https:\/\/centcols.org\/fr-70-rassemblement-grand-est-2023-vtt-36-km-d-1220-m-4-cols\/#primaryimage"},"thumbnailUrl":"https:\/\/centcols.org\/wp-content\/uploads\/2023\/07\/07011.jpg","datePublished":"2023-07-03T12:26:26+00:00","dateModified":"2025-09-12T18:10:34+00:00","breadcrumb":{"@id":"https:\/\/centcols.org\/fr-70-rassemblement-grand-est-2023-vtt-36-km-d-1220-m-4-cols\/#breadcrumb"},"inLanguage":"en-GB","potentialAction":[{"@type":"ReadAction","target":["https:\/\/centcols.org\/fr-70-rassemblement-grand-est-2023-vtt-36-km-d-1220-m-4-cols\/"]}]},{"@type":"ImageObject","inLanguage":"en-GB","@id":"https:\/\/centcols.org\/fr-70-rassemblement-grand-est-2023-vtt-36-km-d-1220-m-4-cols\/#primaryimage","url":"https:\/\/centcols.org\/wp-content\/uploads\/2023\/07\/07011.jpg","contentUrl":"https:\/\/centcols.org\/wp-content\/uploads\/2023\/07\/07011.jpg","width":800,"height":532},{"@type":"BreadcrumbList","@id":"https:\/\/centcols.org\/fr-70-rassemblement-grand-est-2023-vtt-36-km-d-1220-m-4-cols\/#breadcrumb","itemListElement":[{"@type":"ListItem","position":1,"name":"Accueil","item":"https:\/\/centcols.org\/"},{"@type":"ListItem","position":2,"name":"Parcours membres","item":"https:\/\/centcols.org\/rubrique\/parcours-membres\/"},{"@type":"ListItem","position":3,"name":"Pays","item":"https:\/\/centcols.org\/rubrique\/parcours-membres\/pays-parcours-membres\/"},{"@type":"ListItem","position":4,"name":"Parcours France","item":"https:\/\/centcols.org\/rubrique\/parcours-membres\/pays-parcours-membres\/parcours-france\/"},{"@type":"ListItem","position":5,"name":"FR-70 Rassemblement Grand Est 2023 &#8211; VTT 36 km, D+ 1220 m, 4 cols"}]},{"@type":"WebSite","@id":"https:\/\/centcols.org\/#website","url":"https:\/\/centcols.org\/","name":"Club des Cent Cols","description":"","publisher":{"@id":"https:\/\/centcols.org\/#organization"},"potentialAction":[{"@type":"SearchAction","target":{"@type":"EntryPoint","urlTemplate":"https:\/\/centcols.org\/?s={search_term_string}"},"query-input":{"@type":"PropertyValueSpecification","valueRequired":true,"valueName":"search_term_string"}}],"inLanguage":"en-GB"},{"@type":"Organization","@id":"https:\/\/centcols.org\/#organization","name":"Club des Cent Cols","url":"https:\/\/centcols.org\/","logo":{"@type":"ImageObject","inLanguage":"en-GB","@id":"https:\/\/centcols.org\/#\/schema\/logo\/image\/","url":"https:\/\/centcols.org\/wp-content\/uploads\/2025\/01\/carte-icone.png","contentUrl":"https:\/\/centcols.org\/wp-content\/uploads\/2025\/01\/carte-icone.png","width":250,"height":250,"caption":"Club des Cent Cols"},"image":{"@id":"https:\/\/centcols.org\/#\/schema\/logo\/image\/"},"sameAs":["https:\/\/www.facebook.com\/groups\/5261880558\/?locale=fr_FR"]},{"@type":"Person","@id":"https:\/\/centcols.org\/#\/schema\/person\/911b404fb133d8c913dd27cdcf71c8e5","name":"Webmaster","image":{"@type":"ImageObject","inLanguage":"en-GB","@id":"https:\/\/centcols.org\/wp-content\/litespeed\/avatar\/2d246e4b6b4f773e08515e1ffc53690b.jpg?ver=1777222892","url":"https:\/\/centcols.org\/wp-content\/litespeed\/avatar\/2d246e4b6b4f773e08515e1ffc53690b.jpg?ver=1777222892","contentUrl":"https:\/\/centcols.org\/wp-content\/litespeed\/avatar\/2d246e4b6b4f773e08515e1ffc53690b.jpg?ver=1777222892","caption":"Webmestre"},"url":"https:\/\/centcols.org\/en\/author\/webmestre\/"}]}},"_links":{"self":[{"href":"https:\/\/centcols.org\/en\/wp-json\/wp\/v2\/posts\/82494","targetHints":{"allow":["GET"]}}],"collection":[{"href":"https:\/\/centcols.org\/en\/wp-json\/wp\/v2\/posts"}],"about":[{"href":"https:\/\/centcols.org\/en\/wp-json\/wp\/v2\/types\/post"}],"author":[{"embeddable":true,"href":"https:\/\/centcols.org\/en\/wp-json\/wp\/v2\/users\/3"}],"replies":[{"embeddable":true,"href":"https:\/\/centcols.org\/en\/wp-json\/wp\/v2\/comments?post=82494"}],"version-history":[{"count":0,"href":"https:\/\/centcols.org\/en\/wp-json\/wp\/v2\/posts\/82494\/revisions"}],"wp:featuredmedia":[{"embeddable":true,"href":"https:\/\/centcols.org\/en\/wp-json\/wp\/v2\/media\/82892"}],"wp:attachment":[{"href":"https:\/\/centcols.org\/en\/wp-json\/wp\/v2\/media?parent=82494"}],"wp:term":[{"taxonomy":"category","embeddable":true,"href":"https:\/\/centcols.org\/en\/wp-json\/wp\/v2\/categories?post=82494"},{"taxonomy":"post_tag","embeddable":true,"href":"https:\/\/centcols.org\/en\/wp-json\/wp\/v2\/tags?post=82494"}],"curies":[{"name":"wp","href":"https:\/\/api.w.org\/{rel}","templated":true}]}}