{"id":82534,"date":"2023-08-06T07:30:29","date_gmt":"2023-08-06T05:30:29","guid":{"rendered":"https:\/\/centcols.org\/le-col-du-telegraphe\/"},"modified":"2026-01-31T19:03:49","modified_gmt":"2026-01-31T17:03:49","slug":"le-col-du-telegraphe","status":"publish","type":"post","link":"https:\/\/centcols.org\/en\/le-col-du-telegraphe\/","title":{"rendered":"The Telegraphe Pass"},"content":{"rendered":"<div class=\"wp-block-image\">\n<figure class=\"aligncenter size-full is-resized\"><img loading=\"lazy\" decoding=\"async\" width=\"1200\" height=\"900\" src=\"https:\/\/centcols.org\/wp-content\/uploads\/2023\/08\/telegraphe01.jpg\" alt=\"\" class=\"wp-image-83285\" style=\"width:800px\" srcset=\"https:\/\/centcols.org\/wp-content\/uploads\/2023\/08\/telegraphe01.jpg 1200w, https:\/\/centcols.org\/wp-content\/uploads\/2023\/08\/telegraphe01-768x576.jpg 768w, https:\/\/centcols.org\/wp-content\/uploads\/2023\/08\/telegraphe01-16x12.jpg 16w\" sizes=\"auto, (max-width: 1200px) 100vw, 1200px\" \/><\/figure>\n<\/div>\n\n\n<h2 class=\"wp-block-heading\">Toponymy<\/h2>\n\n\n\n<p class=\"has-medium-font-size\">The Telegraphe Pass (<a href=\"https:\/\/centcols.org\/en\/util\/geo\/visu.php\/?code=FR-73-1566\" target=\"_blank\" rel=\"noopener\" title=\"\">FR-73-1566<\/a>) is named after a tower in the <a href=\"https:\/\/fr.wikipedia.org\/wiki\/T%C3%A9l%C3%A9graphe_Chappe\" target=\"_blank\" rel=\"noopener\" title=\"\">Chappe telegraph<\/a>built in 1807 on the edge of the cliff. The&nbsp;<a href=\"https:\/\/fr.wikipedia.org\/wiki\/Fort_du_T%C3%A9l%C3%A9graphe\" target=\"_blank\" rel=\"noopener\" title=\"\">Fort du T\u00e9l\u00e9graphe<\/a>&nbsp;close to the pass took full advantage of its strategic position above the Maurienne valley.<\/p>\n\n\n\n<h2 class=\"wp-block-heading\">Geographical location<\/h2>\n\n\n\n<h3 class=\"wp-block-heading\">Massif<\/h3>\n\n\n\n<p class=\"has-medium-font-size\">The Col du T\u00e9l\u00e9graphe is located in the<strong>&nbsp;<a href=\"https:\/\/fr.wikipedia.org\/wiki\/Massif_des_Cerces\" target=\"_blank\" rel=\"noreferrer noopener\">Cerces massif<\/a>,<\/strong><\/p>\n\n\n\n<h3 class=\"wp-block-heading\">Geology<\/h3>\n\n\n\n<p class=\"has-medium-font-size\">The Col du T\u00e9l\u00e9graphe road, as soon as you leave St-Michel-de-Maurienne, is dominated to the west by the rocky bar of the Pas du Roc. The lower part of this limestone massif is crossed by the river Arc, which has carved out the D\u00e9fil\u00e9 du Pas du Roc gorge.  The massif then rises steeply to the Fort and the Col du T\u00e9l\u00e9graphe. <\/p>\n\n\n\n<p class=\"has-medium-font-size\">As soon as you cross the pass, the view plunges down into the Valloirette valley. In fact, the torrent dug its bed in the concave part of the folding of the relief under the action of tectonic thrusts, the syncline, while the Fort and pass are on the convex part of the same folding, the eastern anticline. <\/p>\n\n\n\n<p class=\"has-medium-font-size\">The Col d'Albanne (<a href=\"https:\/\/centcols.org\/en\/util\/geo\/visu.php\/?code=FR-73-1652\" target=\"_blank\" rel=\"noopener\" title=\"\">FR-73-1652<\/a>) is located on the western anticline.<\/p>\n\n\n<div class=\"wp-block-image\">\n<figure class=\"aligncenter size-full is-resized\"><img loading=\"lazy\" decoding=\"async\" width=\"818\" height=\"695\" src=\"https:\/\/centcols.org\/wp-content\/uploads\/2023\/08\/photo21.png\" alt=\"\" class=\"wp-image-89756\" style=\"width:800px\" srcset=\"https:\/\/centcols.org\/wp-content\/uploads\/2023\/08\/photo21.png 818w, https:\/\/centcols.org\/wp-content\/uploads\/2023\/08\/photo21-768x653.png 768w, https:\/\/centcols.org\/wp-content\/uploads\/2023\/08\/photo21-14x12.png 14w\" sizes=\"auto, (max-width: 818px) 100vw, 818px\" \/><figcaption class=\"wp-element-caption\"><strong>The folding described =&gt; Openrunner and Open Street Map extract<\/strong><\/figcaption><\/figure>\n<\/div>\n\n\n<h3 class=\"wp-block-heading\">Hydrography<\/h3>\n\n\n\n<p class=\"has-medium-font-size\">&nbsp;The pass is located on a LPE between tributaries of the Arc, including the Valloirette to the west, and torrents tributary to the Ruisseau des Seignes to the east.<\/p>\n\n\n\n<h3 class=\"wp-block-heading\">Access and neighbouring pass<\/h3>\n\n\n\n<p class=\"has-medium-font-size\">The D902 links Saint-Michel de Maurienne (to the north, 11.8 km - alt. 730 m) to Valloire (to the south, 4.8 km - alt. 1430 m) via the Col du T\u00e9l\u00e9graphe.<\/p>\n\n\n<div class=\"wp-block-image\">\n<figure class=\"aligncenter size-full is-resized\"><img loading=\"lazy\" decoding=\"async\" width=\"795\" height=\"528\" src=\"https:\/\/centcols.org\/wp-content\/uploads\/2023\/08\/photo31.png\" alt=\"\" class=\"wp-image-89757\" style=\"width:800px\" srcset=\"https:\/\/centcols.org\/wp-content\/uploads\/2023\/08\/photo31.png 795w, https:\/\/centcols.org\/wp-content\/uploads\/2023\/08\/photo31-768x510.png 768w, https:\/\/centcols.org\/wp-content\/uploads\/2023\/08\/photo31-18x12.png 18w\" sizes=\"auto, (max-width: 795px) 100vw, 795px\" \/><\/figure>\n<\/div>\n\n\n<div class=\"wp-block-columns is-layout-flex wp-container-core-columns-is-layout-9d6595d7 wp-block-columns-is-layout-flex\">\n<div class=\"wp-block-column is-layout-flow wp-block-column-is-layout-flow\" style=\"flex-basis:50%\">\n<p class=\"has-medium-font-size\">On the descent towards Valloire, the D902 passes through the hamlet of Le Col (<a title=\"\" href=\"https:\/\/centcols.org\/en\/util\/geo\/visu.php\/?code=FR-73-1522\" target=\"_blank\" rel=\"noopener\">FR-73-1522<\/a>), it is a flank pass listed in the Club des Cent Cols catalogue.<\/p>\n\n\n\n<p class=\"has-medium-font-size\">&nbsp;It lies on a watershed between tributaries of the Valloirette.<\/p>\n<\/div>\n\n\n\n<div class=\"wp-block-column is-layout-flow wp-block-column-is-layout-flow\" style=\"flex-basis:50%\">\n<figure class=\"wp-block-image size-full\"><img loading=\"lazy\" decoding=\"async\" width=\"400\" height=\"225\" src=\"https:\/\/centcols.org\/wp-content\/uploads\/2023\/08\/Photo4-11.jpg\" alt=\"\" class=\"wp-image-89758\" srcset=\"https:\/\/centcols.org\/wp-content\/uploads\/2023\/08\/Photo4-11.jpg 400w, https:\/\/centcols.org\/wp-content\/uploads\/2023\/08\/Photo4-11-18x10.jpg 18w\" sizes=\"auto, (max-width: 400px) 100vw, 400px\" \/><figcaption class=\"wp-element-caption\">The Col - Photo Guy Garcin<\/figcaption><\/figure>\n<\/div>\n<\/div>\n\n\n\n<h2 class=\"wp-block-heading\">Modification of access<\/h2>\n\n\n\n<p class=\"has-medium-font-size\">During the 1936 to 1942 BRAs (the BRAs were held every year), the route went through a tunnel that started around 500 m before the current crossing (on the Valloire side) and came out in a curve near the cantonal house that is still standing on the Arc valley side. This tunnel was destroyed by the Germans in 1944.&nbsp;<em>(the ARO did not take place in 1943 and 1944)<\/em>. A road over the current pass has been opened. Collapses and vegetation have completely blocked the entrance to this tunnel upstream and downstream, and not even the slightest trace of it can be seen ...<\/p>\n\n\n\n<h2 class=\"wp-block-heading\">What to see - tourism\u00a0<\/h2>\n\n\n\n<p class=\"has-medium-font-size\">1 km north of the pass, Le&nbsp;<strong>Fort du T\u00e9l\u00e9graphe<\/strong>(rarely called&nbsp;<strong>Fort Berwick<\/strong>), is at an altitude of 1,620 metres. It overlooks the Maurienne valley by 900 metres.<\/p>\n\n\n\n<p class=\"has-medium-font-size\">This was originally the site of a railway station.&nbsp;<a href=\"https:\/\/fr.wikipedia.org\/wiki\/T%C3%A9l%C3%A9graphe\">telegraphy<\/a>&nbsp;<a href=\"https:\/\/fr.wikipedia.org\/wiki\/Tour_de_Chappe\">Chappe<\/a>&nbsp;(optical telegraphy with articulated arms), located on the line from Lyon to Milan (then Venice in 1809). <\/p>\n\n\n\n<p class=\"has-medium-font-size\">The fort was built between 1886 and 1890, and belongs to the&nbsp;<a href=\"https:\/\/fr.wikipedia.org\/wiki\/Syst%C3%A8me_S%C3%A9r%C3%A9_de_Rivi%C3%A8res\">S\u00e9r\u00e9 de Rivi\u00e8res system<\/a>.<\/p>\n\n\n<div class=\"wp-block-image\">\n<figure class=\"aligncenter size-full is-resized\"><img loading=\"lazy\" decoding=\"async\" width=\"1024\" height=\"683\" src=\"https:\/\/centcols.org\/wp-content\/uploads\/2023\/08\/Photo61.jpg\" alt=\"\" class=\"wp-image-89759\" style=\"width:800px\" srcset=\"https:\/\/centcols.org\/wp-content\/uploads\/2023\/08\/Photo61.jpg 1024w, https:\/\/centcols.org\/wp-content\/uploads\/2023\/08\/Photo61-768x512.jpg 768w, https:\/\/centcols.org\/wp-content\/uploads\/2023\/08\/Photo61-18x12.jpg 18w\" sizes=\"auto, (max-width: 1024px) 100vw, 1024px\" \/><\/figure>\n<\/div>\n\n\n<p class=\"has-medium-font-size\">The fort is open to visitors every summer from July to August,&nbsp;<\/p>\n\n\n\n<div class=\"wp-block-columns is-layout-flex wp-container-core-columns-is-layout-9d6595d7 wp-block-columns-is-layout-flex\">\n<div class=\"wp-block-column is-layout-flow wp-block-column-is-layout-flow\" style=\"flex-basis:50%\"><\/div>\n\n\n\n<div class=\"wp-block-column is-layout-flow wp-block-column-is-layout-flow\" style=\"flex-basis:50%\"><\/div>\n<\/div>\n\n\n\n<h2 class=\"wp-block-heading\">Cycling and cycle tourism<\/h2>\n\n\n\n<p class=\"has-medium-font-size\">The various tests pass over the Col du T\u00e9l\u00e9graphe ... when they pass over the <a href=\"https:\/\/centcols.org\/en\/the-col-du-galibier\/\" target=\"_blank\" rel=\"noopener\" title=\"\">Galibier pass<\/a>. <\/p>\n\n\n<div class=\"wp-block-image\">\n<figure class=\"aligncenter size-full is-resized\"><img loading=\"lazy\" decoding=\"async\" width=\"1024\" height=\"768\" src=\"https:\/\/centcols.org\/wp-content\/uploads\/2025\/05\/photo5-1.jpg\" alt=\"\" class=\"wp-image-82537\" style=\"width:800px\" srcset=\"https:\/\/centcols.org\/wp-content\/uploads\/2025\/05\/photo5-1.jpg 1024w, https:\/\/centcols.org\/wp-content\/uploads\/2025\/05\/photo5-1-768x576.jpg 768w\" sizes=\"auto, (max-width: 1024px) 100vw, 1024px\" \/><figcaption class=\"wp-element-caption\">BRA 2023 : The Bourbon-Lancy Club (Sa\u00f4ne et Loire) - the most numerous outside Is\u00e8re<br><em>(note: the bicycle statue is recent - not in old photos or on the internet)<\/em><\/figcaption><\/figure>\n<\/div>\n\n\n<h3 class=\"wp-block-heading\">Profile<\/h3>\n\n\n\n<p class=\"has-medium-font-size\">For the Maurienne side (11.8 km, D+: 856 m): a few passages at more than 10 % (in red)<\/p>\n\n\n<div class=\"wp-block-image is-resized\">\n<figure class=\"aligncenter size-full\"><img loading=\"lazy\" decoding=\"async\" width=\"450\" height=\"281\" src=\"https:\/\/centcols.org\/wp-content\/uploads\/2025\/05\/Photo9.png\" alt=\"\" class=\"wp-image-82535\"\/><\/figure>\n<\/div>\n\n\n<p class=\"has-medium-font-size\">And from St-Michel-de-Maurienne to Valloire (Openrunner)<\/p>\n\n\n<div class=\"wp-block-image is-resized\">\n<figure class=\"aligncenter size-full\"><img loading=\"lazy\" decoding=\"async\" width=\"1012\" height=\"409\" src=\"https:\/\/centcols.org\/wp-content\/uploads\/2025\/05\/photo8.jpg\" alt=\"\" class=\"wp-image-82536\" srcset=\"https:\/\/centcols.org\/wp-content\/uploads\/2025\/05\/photo8.jpg 1012w, https:\/\/centcols.org\/wp-content\/uploads\/2025\/05\/photo8-768x310.jpg 768w\" sizes=\"auto, (max-width: 1012px) 100vw, 1012px\" \/><\/figure>\n<\/div>\n\n\n<p><\/p>\n\n\n\n<p class=\"has-text-align-right\"><em><em>An article by G\u00e9rard Galland<\/em><\/em><br><em>and Bernard Giraudeau (for the geology section) <\/em><\/p>","protected":false},"excerpt":{"rendered":"<p>Toponymie Le col du T\u00e9l\u00e9graphe (FR-73-1566) est appel\u00e9 ainsi en raison d\u2019une tour du t\u00e9l\u00e9graphe Chappe, \u00e0 bras articul\u00e9s, construite en&nbsp;1807&nbsp;au bord de la falaise. Le&nbsp;fort du T\u00e9l\u00e9graphe&nbsp;\u00e0 proximit\u00e9 du col profitait pleinement de sa position strat\u00e9gique au-dessus de la vall\u00e9e de la&nbsp;Maurienne. Situation g\u00e9ographique Massif Le col du T\u00e9l\u00e9graphe est situ\u00e9 dans le le&nbsp;massif [&hellip;]<\/p>\n","protected":false},"author":3,"featured_media":83284,"comment_status":"closed","ping_status":"closed","sticky":false,"template":"","format":"standard","meta":{"_acf_changed":false,"footnotes":""},"categories":[308],"tags":[],"class_list":["post-82534","post","type-post","status-publish","format-standard","has-post-thumbnail","hentry","category-cols-en-vrac"],"acf":[],"yoast_head":"<!-- This site is optimized with the Yoast SEO plugin v27.2 - https:\/\/yoast.com\/product\/yoast-seo-wordpress\/ -->\n<title>Le col du T\u00e9l\u00e9graphe - Club des Cent Cols<\/title>\n<meta name=\"robots\" content=\"index, follow, max-snippet:-1, max-image-preview:large, max-video-preview:-1\" \/>\n<link rel=\"canonical\" href=\"https:\/\/centcols.org\/en\/le-col-du-telegraphe\/\" \/>\n<meta property=\"og:locale\" content=\"en_GB\" \/>\n<meta property=\"og:type\" content=\"article\" \/>\n<meta property=\"og:title\" content=\"Le col du T\u00e9l\u00e9graphe - Club des Cent Cols\" \/>\n<meta property=\"og:description\" content=\"Toponymie Le col du T\u00e9l\u00e9graphe (FR-73-1566) est appel\u00e9 ainsi en raison d\u2019une tour du t\u00e9l\u00e9graphe Chappe, \u00e0 bras articul\u00e9s, construite en&nbsp;1807&nbsp;au bord de la falaise. Le&nbsp;fort du T\u00e9l\u00e9graphe&nbsp;\u00e0 proximit\u00e9 du col profitait pleinement de sa position strat\u00e9gique au-dessus de la vall\u00e9e de la&nbsp;Maurienne. Situation g\u00e9ographique Massif Le col du T\u00e9l\u00e9graphe est situ\u00e9 dans le le&nbsp;massif [&hellip;]\" \/>\n<meta property=\"og:url\" content=\"https:\/\/centcols.org\/en\/le-col-du-telegraphe\/\" \/>\n<meta property=\"og:site_name\" content=\"Club des Cent Cols\" \/>\n<meta property=\"article:publisher\" content=\"https:\/\/www.facebook.com\/groups\/5261880558\/?locale=fr_FR\" \/>\n<meta property=\"article:published_time\" content=\"2023-08-06T05:30:29+00:00\" \/>\n<meta property=\"article:modified_time\" content=\"2026-01-31T17:03:49+00:00\" \/>\n<meta property=\"og:image\" content=\"https:\/\/centcols.org\/wp-content\/uploads\/\/2023\/08\/telegraphe02.jpg\" \/>\n\t<meta property=\"og:image:width\" content=\"1200\" \/>\n\t<meta property=\"og:image:height\" content=\"675\" \/>\n\t<meta property=\"og:image:type\" content=\"image\/jpeg\" \/>\n<meta name=\"author\" content=\"Webmestre\" \/>\n<meta name=\"twitter:card\" content=\"summary_large_image\" \/>\n<meta name=\"twitter:label1\" content=\"Written by\" \/>\n\t<meta name=\"twitter:data1\" content=\"Webmestre\" \/>\n\t<meta name=\"twitter:label2\" content=\"Estimated reading time\" \/>\n\t<meta name=\"twitter:data2\" content=\"5 minutes\" \/>\n<script type=\"application\/ld+json\" class=\"yoast-schema-graph\">{\"@context\":\"https:\/\/schema.org\",\"@graph\":[{\"@type\":\"Article\",\"@id\":\"https:\/\/centcols.org\/le-col-du-telegraphe\/#article\",\"isPartOf\":{\"@id\":\"https:\/\/centcols.org\/le-col-du-telegraphe\/\"},\"author\":{\"name\":\"Webmestre\",\"@id\":\"https:\/\/centcols.org\/#\/schema\/person\/911b404fb133d8c913dd27cdcf71c8e5\"},\"headline\":\"Le col du T\u00e9l\u00e9graphe\",\"datePublished\":\"2023-08-06T05:30:29+00:00\",\"dateModified\":\"2026-01-31T17:03:49+00:00\",\"mainEntityOfPage\":{\"@id\":\"https:\/\/centcols.org\/le-col-du-telegraphe\/\"},\"wordCount\":688,\"publisher\":{\"@id\":\"https:\/\/centcols.org\/#organization\"},\"image\":{\"@id\":\"https:\/\/centcols.org\/le-col-du-telegraphe\/#primaryimage\"},\"thumbnailUrl\":\"https:\/\/centcols.org\/wp-content\/uploads\/\/2023\/08\/telegraphe02.jpg\",\"articleSection\":[\"Cols en vrac\"],\"inLanguage\":\"en-GB\"},{\"@type\":\"WebPage\",\"@id\":\"https:\/\/centcols.org\/le-col-du-telegraphe\/\",\"url\":\"https:\/\/centcols.org\/le-col-du-telegraphe\/\",\"name\":\"Le col du T\u00e9l\u00e9graphe - Club des Cent Cols\",\"isPartOf\":{\"@id\":\"https:\/\/centcols.org\/#website\"},\"primaryImageOfPage\":{\"@id\":\"https:\/\/centcols.org\/le-col-du-telegraphe\/#primaryimage\"},\"image\":{\"@id\":\"https:\/\/centcols.org\/le-col-du-telegraphe\/#primaryimage\"},\"thumbnailUrl\":\"https:\/\/centcols.org\/wp-content\/uploads\/\/2023\/08\/telegraphe02.jpg\",\"datePublished\":\"2023-08-06T05:30:29+00:00\",\"dateModified\":\"2026-01-31T17:03:49+00:00\",\"breadcrumb\":{\"@id\":\"https:\/\/centcols.org\/le-col-du-telegraphe\/#breadcrumb\"},\"inLanguage\":\"en-GB\",\"potentialAction\":[{\"@type\":\"ReadAction\",\"target\":[\"https:\/\/centcols.org\/le-col-du-telegraphe\/\"]}]},{\"@type\":\"ImageObject\",\"inLanguage\":\"en-GB\",\"@id\":\"https:\/\/centcols.org\/le-col-du-telegraphe\/#primaryimage\",\"url\":\"https:\/\/centcols.org\/wp-content\/uploads\/\/2023\/08\/telegraphe02.jpg\",\"contentUrl\":\"https:\/\/centcols.org\/wp-content\/uploads\/\/2023\/08\/telegraphe02.jpg\",\"width\":1200,\"height\":675},{\"@type\":\"BreadcrumbList\",\"@id\":\"https:\/\/centcols.org\/le-col-du-telegraphe\/#breadcrumb\",\"itemListElement\":[{\"@type\":\"ListItem\",\"position\":1,\"name\":\"Accueil\",\"item\":\"https:\/\/centcols.org\/\"},{\"@type\":\"ListItem\",\"position\":2,\"name\":\"Cols en vrac\",\"item\":\"https:\/\/centcols.org\/rubrique\/cols-en-vrac\/\"},{\"@type\":\"ListItem\",\"position\":3,\"name\":\"Le col du T\u00e9l\u00e9graphe\"}]},{\"@type\":\"WebSite\",\"@id\":\"https:\/\/centcols.org\/#website\",\"url\":\"https:\/\/centcols.org\/\",\"name\":\"Club des Cent Cols\",\"description\":\"\",\"publisher\":{\"@id\":\"https:\/\/centcols.org\/#organization\"},\"potentialAction\":[{\"@type\":\"SearchAction\",\"target\":{\"@type\":\"EntryPoint\",\"urlTemplate\":\"https:\/\/centcols.org\/?s={search_term_string}\"},\"query-input\":{\"@type\":\"PropertyValueSpecification\",\"valueRequired\":true,\"valueName\":\"search_term_string\"}}],\"inLanguage\":\"en-GB\"},{\"@type\":\"Organization\",\"@id\":\"https:\/\/centcols.org\/#organization\",\"name\":\"Club des Cent Cols\",\"url\":\"https:\/\/centcols.org\/\",\"logo\":{\"@type\":\"ImageObject\",\"inLanguage\":\"en-GB\",\"@id\":\"https:\/\/centcols.org\/#\/schema\/logo\/image\/\",\"url\":\"https:\/\/centcols.org\/wp-content\/uploads\/2025\/01\/carte-icone.png\",\"contentUrl\":\"https:\/\/centcols.org\/wp-content\/uploads\/2025\/01\/carte-icone.png\",\"width\":250,\"height\":250,\"caption\":\"Club des Cent Cols\"},\"image\":{\"@id\":\"https:\/\/centcols.org\/#\/schema\/logo\/image\/\"},\"sameAs\":[\"https:\/\/www.facebook.com\/groups\/5261880558\/?locale=fr_FR\"]},{\"@type\":\"Person\",\"@id\":\"https:\/\/centcols.org\/#\/schema\/person\/911b404fb133d8c913dd27cdcf71c8e5\",\"name\":\"Webmestre\",\"image\":{\"@type\":\"ImageObject\",\"inLanguage\":\"en-GB\",\"@id\":\"https:\/\/centcols.org\/wp-content\/litespeed\/avatar\/2d246e4b6b4f773e08515e1ffc53690b.jpg?ver=1777222892\",\"url\":\"https:\/\/centcols.org\/wp-content\/litespeed\/avatar\/2d246e4b6b4f773e08515e1ffc53690b.jpg?ver=1777222892\",\"contentUrl\":\"https:\/\/centcols.org\/wp-content\/litespeed\/avatar\/2d246e4b6b4f773e08515e1ffc53690b.jpg?ver=1777222892\",\"caption\":\"Webmestre\"},\"url\":\"https:\/\/centcols.org\/en\/author\/webmestre\/\"}]}<\/script>\n<!-- \/ Yoast SEO plugin. -->","yoast_head_json":{"title":"The Telegraphe Pass - Club des Cent Cols","robots":{"index":"index","follow":"follow","max-snippet":"max-snippet:-1","max-image-preview":"max-image-preview:large","max-video-preview":"max-video-preview:-1"},"canonical":"https:\/\/centcols.org\/en\/le-col-du-telegraphe\/","og_locale":"en_GB","og_type":"article","og_title":"Le col du T\u00e9l\u00e9graphe - Club des Cent Cols","og_description":"Toponymie Le col du T\u00e9l\u00e9graphe (FR-73-1566) est appel\u00e9 ainsi en raison d\u2019une tour du t\u00e9l\u00e9graphe Chappe, \u00e0 bras articul\u00e9s, construite en&nbsp;1807&nbsp;au bord de la falaise. Le&nbsp;fort du T\u00e9l\u00e9graphe&nbsp;\u00e0 proximit\u00e9 du col profitait pleinement de sa position strat\u00e9gique au-dessus de la vall\u00e9e de la&nbsp;Maurienne. Situation g\u00e9ographique Massif Le col du T\u00e9l\u00e9graphe est situ\u00e9 dans le le&nbsp;massif [&hellip;]","og_url":"https:\/\/centcols.org\/en\/le-col-du-telegraphe\/","og_site_name":"Club des Cent Cols","article_publisher":"https:\/\/www.facebook.com\/groups\/5261880558\/?locale=fr_FR","article_published_time":"2023-08-06T05:30:29+00:00","article_modified_time":"2026-01-31T17:03:49+00:00","og_image":[{"width":1200,"height":675,"url":"https:\/\/centcols.org\/wp-content\/uploads\/\/2023\/08\/telegraphe02.jpg","type":"image\/jpeg"}],"author":"Webmestre","twitter_card":"summary_large_image","twitter_misc":{"Written by":"Webmestre","Estimated reading time":"5 minutes"},"schema":{"@context":"https:\/\/schema.org","@graph":[{"@type":"Article","@id":"https:\/\/centcols.org\/le-col-du-telegraphe\/#article","isPartOf":{"@id":"https:\/\/centcols.org\/le-col-du-telegraphe\/"},"author":{"name":"Webmestre","@id":"https:\/\/centcols.org\/#\/schema\/person\/911b404fb133d8c913dd27cdcf71c8e5"},"headline":"Le col du T\u00e9l\u00e9graphe","datePublished":"2023-08-06T05:30:29+00:00","dateModified":"2026-01-31T17:03:49+00:00","mainEntityOfPage":{"@id":"https:\/\/centcols.org\/le-col-du-telegraphe\/"},"wordCount":688,"publisher":{"@id":"https:\/\/centcols.org\/#organization"},"image":{"@id":"https:\/\/centcols.org\/le-col-du-telegraphe\/#primaryimage"},"thumbnailUrl":"https:\/\/centcols.org\/wp-content\/uploads\/\/2023\/08\/telegraphe02.jpg","articleSection":["Cols en vrac"],"inLanguage":"en-GB"},{"@type":"WebPage","@id":"https:\/\/centcols.org\/le-col-du-telegraphe\/","url":"https:\/\/centcols.org\/le-col-du-telegraphe\/","name":"The Telegraphe Pass - Club des Cent Cols","isPartOf":{"@id":"https:\/\/centcols.org\/#website"},"primaryImageOfPage":{"@id":"https:\/\/centcols.org\/le-col-du-telegraphe\/#primaryimage"},"image":{"@id":"https:\/\/centcols.org\/le-col-du-telegraphe\/#primaryimage"},"thumbnailUrl":"https:\/\/centcols.org\/wp-content\/uploads\/\/2023\/08\/telegraphe02.jpg","datePublished":"2023-08-06T05:30:29+00:00","dateModified":"2026-01-31T17:03:49+00:00","breadcrumb":{"@id":"https:\/\/centcols.org\/le-col-du-telegraphe\/#breadcrumb"},"inLanguage":"en-GB","potentialAction":[{"@type":"ReadAction","target":["https:\/\/centcols.org\/le-col-du-telegraphe\/"]}]},{"@type":"ImageObject","inLanguage":"en-GB","@id":"https:\/\/centcols.org\/le-col-du-telegraphe\/#primaryimage","url":"https:\/\/centcols.org\/wp-content\/uploads\/\/2023\/08\/telegraphe02.jpg","contentUrl":"https:\/\/centcols.org\/wp-content\/uploads\/\/2023\/08\/telegraphe02.jpg","width":1200,"height":675},{"@type":"BreadcrumbList","@id":"https:\/\/centcols.org\/le-col-du-telegraphe\/#breadcrumb","itemListElement":[{"@type":"ListItem","position":1,"name":"Accueil","item":"https:\/\/centcols.org\/"},{"@type":"ListItem","position":2,"name":"Cols en vrac","item":"https:\/\/centcols.org\/rubrique\/cols-en-vrac\/"},{"@type":"ListItem","position":3,"name":"Le col du T\u00e9l\u00e9graphe"}]},{"@type":"WebSite","@id":"https:\/\/centcols.org\/#website","url":"https:\/\/centcols.org\/","name":"Club des Cent Cols","description":"","publisher":{"@id":"https:\/\/centcols.org\/#organization"},"potentialAction":[{"@type":"SearchAction","target":{"@type":"EntryPoint","urlTemplate":"https:\/\/centcols.org\/?s={search_term_string}"},"query-input":{"@type":"PropertyValueSpecification","valueRequired":true,"valueName":"search_term_string"}}],"inLanguage":"en-GB"},{"@type":"Organization","@id":"https:\/\/centcols.org\/#organization","name":"Club des Cent Cols","url":"https:\/\/centcols.org\/","logo":{"@type":"ImageObject","inLanguage":"en-GB","@id":"https:\/\/centcols.org\/#\/schema\/logo\/image\/","url":"https:\/\/centcols.org\/wp-content\/uploads\/2025\/01\/carte-icone.png","contentUrl":"https:\/\/centcols.org\/wp-content\/uploads\/2025\/01\/carte-icone.png","width":250,"height":250,"caption":"Club des Cent Cols"},"image":{"@id":"https:\/\/centcols.org\/#\/schema\/logo\/image\/"},"sameAs":["https:\/\/www.facebook.com\/groups\/5261880558\/?locale=fr_FR"]},{"@type":"Person","@id":"https:\/\/centcols.org\/#\/schema\/person\/911b404fb133d8c913dd27cdcf71c8e5","name":"Webmaster","image":{"@type":"ImageObject","inLanguage":"en-GB","@id":"https:\/\/centcols.org\/wp-content\/litespeed\/avatar\/2d246e4b6b4f773e08515e1ffc53690b.jpg?ver=1777222892","url":"https:\/\/centcols.org\/wp-content\/litespeed\/avatar\/2d246e4b6b4f773e08515e1ffc53690b.jpg?ver=1777222892","contentUrl":"https:\/\/centcols.org\/wp-content\/litespeed\/avatar\/2d246e4b6b4f773e08515e1ffc53690b.jpg?ver=1777222892","caption":"Webmestre"},"url":"https:\/\/centcols.org\/en\/author\/webmestre\/"}]}},"_links":{"self":[{"href":"https:\/\/centcols.org\/en\/wp-json\/wp\/v2\/posts\/82534","targetHints":{"allow":["GET"]}}],"collection":[{"href":"https:\/\/centcols.org\/en\/wp-json\/wp\/v2\/posts"}],"about":[{"href":"https:\/\/centcols.org\/en\/wp-json\/wp\/v2\/types\/post"}],"author":[{"embeddable":true,"href":"https:\/\/centcols.org\/en\/wp-json\/wp\/v2\/users\/3"}],"replies":[{"embeddable":true,"href":"https:\/\/centcols.org\/en\/wp-json\/wp\/v2\/comments?post=82534"}],"version-history":[{"count":0,"href":"https:\/\/centcols.org\/en\/wp-json\/wp\/v2\/posts\/82534\/revisions"}],"wp:featuredmedia":[{"embeddable":true,"href":"https:\/\/centcols.org\/en\/wp-json\/wp\/v2\/media\/83284"}],"wp:attachment":[{"href":"https:\/\/centcols.org\/en\/wp-json\/wp\/v2\/media?parent=82534"}],"wp:term":[{"taxonomy":"category","embeddable":true,"href":"https:\/\/centcols.org\/en\/wp-json\/wp\/v2\/categories?post=82534"},{"taxonomy":"post_tag","embeddable":true,"href":"https:\/\/centcols.org\/en\/wp-json\/wp\/v2\/tags?post=82534"}],"curies":[{"name":"wp","href":"https:\/\/api.w.org\/{rel}","templated":true}]}}