{"id":82538,"date":"2023-08-06T09:05:53","date_gmt":"2023-08-06T07:05:53","guid":{"rendered":"https:\/\/centcols.org\/le-col-du-lautaret\/"},"modified":"2025-10-20T19:45:16","modified_gmt":"2025-10-20T17:45:16","slug":"the-col-du-lautaret","status":"publish","type":"post","link":"https:\/\/centcols.org\/en\/le-col-du-lautaret\/","title":{"rendered":"The Col du Lautaret"},"content":{"rendered":"<h2 class=\"wp-block-heading\">Toponymy<\/h2>\n\n\n\n<p>The name of the Col du Lautaret (<strong><a href=\"https:\/\/centcols.org\/en\/util\/geo\/visu.php\/?code=FR-05-2057\" target=\"_blank\" rel=\"noreferrer noopener\">FR-05-2057<\/a><\/strong>) has a disputed origin. The name is thought to derive from :<\/p>\n\n\n\n<ul class=\"wp-block-list\">\n<li>from autaret (from Latin altare - altar) a small hill on which sacrifices were made to the gods<\/li>\n\n\n\n<li>or more likely the pre-Indo-European radical&nbsp;<em>aut&nbsp;<\/em>expressing the idea of \"height\", \"elevation\", a root from which the Latin word&nbsp;<em>all\u00e2re<\/em>altar\" and on the other,&nbsp;<em>allaret<\/em>,&nbsp;<em>allare<\/em>&nbsp;or&nbsp;<em>autaret<\/em>The highest point of a path leading to a pass, a mountain pasture or a mountain.<\/li>\n<\/ul>\n\n\n\n<p>Please note: the catalogue of French mountain passes includes 2 Le Lautaret passes and 4 Autaret passes.<\/p>\n\n\n<div class=\"wp-block-image\">\n<figure class=\"aligncenter size-full is-resized\"><img loading=\"lazy\" decoding=\"async\" width=\"1200\" height=\"900\" src=\"https:\/\/centcols.org\/wp-content\/uploads\/2023\/08\/lautaret-photo-1200x9001-1.jpg\" alt=\"\" class=\"wp-image-89747\" style=\"width:800px\" srcset=\"https:\/\/centcols.org\/wp-content\/uploads\/2023\/08\/lautaret-photo-1200x9001-1.jpg 1200w, https:\/\/centcols.org\/wp-content\/uploads\/2023\/08\/lautaret-photo-1200x9001-1-768x576.jpg 768w, https:\/\/centcols.org\/wp-content\/uploads\/2023\/08\/lautaret-photo-1200x9001-1-16x12.jpg 16w\" sizes=\"auto, (max-width: 1200px) 100vw, 1200px\" \/><\/figure>\n<\/div>\n\n\n<h2 class=\"wp-block-heading\">Geographical location<\/h2>\n\n\n\n<h3 class=\"wp-block-heading\">Massifs<\/h3>\n\n\n\n<p>This is one of the lowest points on the ridgeline separating the&nbsp;<a href=\"https:\/\/fr.wikipedia.org\/wiki\/Alpes_du_Nord\" target=\"_blank\" rel=\"noreferrer noopener\">Northern Alps<\/a>&nbsp;and&nbsp;<a href=\"https:\/\/fr.wikipedia.org\/wiki\/Alpes_du_Sud_(France)\" target=\"_blank\" rel=\"noreferrer noopener\">Southern Alps<\/a>between the&nbsp;<a href=\"https:\/\/fr.wikipedia.org\/wiki\/Massif_des_Arves\" target=\"_blank\" rel=\"noreferrer noopener\">Arves<\/a>&nbsp;to the north and the &nbsp;<a href=\"https:\/\/fr.wikipedia.org\/wiki\/Massif_des_%C3%89crins\" target=\"_blank\" rel=\"noreferrer noopener\">\u00c9crins massif<\/a>&nbsp;to the south. &nbsp;<\/p>\n\n\n\n<h3 class=\"wp-block-heading\">Geology<\/h3>\n\n\n\n<p>The Col du Lautaret is no exception to the rule in this sector of the Alps.  Dissimilar geological strata lie side by side, happily overlapping each other as the Alpine uplift continues.<\/p>\n\n\n\n<p>The distinctive feature of the Col du Lautaret is its mossy, rounded ridge, the result of the abrasive action of a glacier spreading into each of the two adjoining valleys. A moraine deposit at the bottom of the glacier has accentuated the flatness of the pass.  Serre Orel, the small knoll to the south of the pass, is more resistant and has kept a more vigorous relief.<\/p>\n\n\n\n<p>A large number of religious buildings in the Oisans, Guisane, Clar\u00e9e, Haute Durance and Haute Romanche valleys were built using calcareous tuff with plants extracted from local tuffi\u00e8res, one of which can be found at the Col du Lautaret in the Jardin alpin. The tuffieres are so named because of the way they are formed by the interaction between limestone, water and plants.&nbsp;<\/p>\n\n\n\n<p>Readers interested in this subject should refer to the comprehensive article by&nbsp;<a href=\"http:\/\/www.geol-alp.com\/h_oisans\/_lieux\/guisane_vallouise\/Lautaret.html\" target=\"_blank\" rel=\"noreferrer noopener\">geol-alp.com&nbsp;<\/a><\/p>\n\n\n\n<h3 class=\"wp-block-heading\">Hydrography<\/h3>\n\n\n\n<p>The Col du Lautaret is located on the watershed between the \u00a0<a href=\"https:\/\/cyclotouristes-grenoblois.assoconnect.com\/articles\/135683-les-cols-situes-sur-les-lignes-de-p-des-e-autour-du-bassin-de-lisere\" target=\"_blank\" rel=\"noreferrer noopener\">Is\u00e8re basin<\/a>\u00a0and the\u00a0<a href=\"https:\/\/cyclotouristes-grenoblois.assoconnect.com\/articles\/138513-les-cols-situes-sur-les-lpe-autour-du-bassin-de-la-durance\" target=\"_blank\" rel=\"noreferrer noopener\">Durance basin<\/a>\u00a0(both tributaries of the Rh\u00f4ne).<\/p>\n\n\n\n<p>Visit&nbsp;<strong>Northern Alps<\/strong>&nbsp;(but facing west at the Col du Lautaret), the&nbsp;<a href=\"https:\/\/fr.wikipedia.org\/wiki\/Romanche_(rivi%C3%A8re)\" target=\"_blank\" rel=\"noreferrer noopener\">Romanche<\/a>&nbsp;(a tributary of the Drac and then the Is\u00e8re) rises to the south-west of the pass, at the Plate des Agneaux glacier in the northern part of the \u00c9crins massif.<\/p>\n\n\n\n<p>Visit&nbsp;<strong>Southern Alps<\/strong>,&nbsp;<a href=\"https:\/\/fr.wikipedia.org\/wiki\/Vall%C3%A9e_de_la_Guisane\" target=\"_blank\" rel=\"noreferrer noopener\">&nbsp;the Guisane<\/a>&nbsp;(a tributary of the Durance) rises near the pass, to the south of it, on the northern slopes of the massif de&nbsp;<a href=\"https:\/\/fr.wikipedia.org\/wiki\/Combeynot\" target=\"_blank\" rel=\"noreferrer noopener\">Combeynot<\/a>.<\/p>\n\n\n\n<h3 class=\"wp-block-heading\">Access<\/h3>\n\n\n<div class=\"wp-block-image is-resized\">\n<figure class=\"aligncenter size-full\"><img loading=\"lazy\" decoding=\"async\" width=\"802\" height=\"439\" src=\"https:\/\/centcols.org\/wp-content\/uploads\/2023\/08\/Lautaret1.jpg\" alt=\"\" class=\"wp-image-89749\" style=\"width:800px\" srcset=\"https:\/\/centcols.org\/wp-content\/uploads\/2023\/08\/Lautaret1.jpg 802w, https:\/\/centcols.org\/wp-content\/uploads\/2023\/08\/Lautaret1-768x420.jpg 768w, https:\/\/centcols.org\/wp-content\/uploads\/2023\/08\/Lautaret1-18x10.jpg 18w\" sizes=\"auto, (max-width: 802px) 100vw, 802px\" \/><\/figure>\n<\/div>\n\n\n<p><strong>Western slopes (Northern Alps)<\/strong><\/p>\n\n\n\n<p>The N85 runs from Grenoble (90km, alt. 214m) to Vizille (72km, alt. 278m), then the D1091 to Bourg d'Oisans (40km, alt. 719m).<\/p>\n\n\n\n<p>After Bourg d'Oisans, the 4.5km-long straight stretch along the right bank of the Romanche leads to Le Clapier. At the eponymous dam, the D1091 climbs the Comm\u00e8res ramp, above the Infernet gorges.<br>Collective memory has it that the name \"rampe des comm\u00e8res\" (\"gossip ramp\") comes from the need for travellers to get off the stagecoach - so as not to wear out the horses - on this section of road, which was too steep. This forced walk loosened tongues, especially those of the ladies, who talked about everything and anything.<br>A more rational explanation is that the name comes from the presence of the Comm\u00e8res stream, which had to be channelled to make way for the road. For more details, click here:<br><a href=\"https:\/\/freneydoisans.com\/freneytique\/mystere-de-la-rampe-des-commeres\/\" target=\"_blank\" rel=\"noreferrer noopener\">https:\/\/freneydoisans.com\/freneytique\/mystere-de-la-rampe-des-commeres\/<\/a><\/p>\n\n\n\n<p>The road then leads to the Chambon dam (25 km away, alt. 1040 m), and crosses the Is\u00e8re \/ Hautes-Alpes border 19 km from the pass (alt. 1134 m) before crossing La Grave (11 km away, alt.1526 m).<\/p>\n\n\n\n<p><strong>South-East slope (Southern Alps)<\/strong><\/p>\n\n\n\n<p>From Brian\u00e7on (27 km away, alt. 1215 m) the D1091 leads to the Col du Lautaret, passing through the resort of Serre-Chevalier and its various villages: Chantemerle (commune of St Chaffrey - 22.5 km away, alt. 1350m), Villeneuve (commune of La Salle-les-Alpes, 19 km away, alt. 1385), Monetier les Bains (13 km away, alt.1500 m).<\/p>\n\n\n\n<p><strong>Access from the Galibier<\/strong><\/p>\n\n\n\n<p>From the Col du Galibier (2642 m) to the Col du Lautaret (2057 m), 8.7 km downhill on the D1091 (average gradient 6.7 %).<\/p>\n\n\n\n<h3 class=\"wp-block-heading\"><strong>Changes to access<\/strong><\/h3>\n\n\n\n<p><strong>Western slopes (Northern Alps)<\/strong><\/p>\n\n\n\n<p>This route through the Alps was preceded by several other traffic routes, including a Roman road linking Grenoble to Brian\u00e7on in Antiquity and, centuries later, the road from Grenoble to Brian\u00e7on, also known as the Petite Route de l'Oisans, then the Route Imp\u00e9riale n<sup>o<\/sup>&nbsp;110 at the beginning of the nineteenth century<sup>e<\/sup>&nbsp;century. Their layouts were not identical, but broadly similar.<\/p>\n\n\n\n<p>Before the creation of&nbsp;<a href=\"https:\/\/fr.wikipedia.org\/wiki\/Barrage_du_Chambon\" target=\"_blank\" rel=\"noreferrer noopener\">Chambon dam<\/a>&nbsp;(impounded in 1935), the road ran along the valley floor. As the reservoir had the effect of drowning this area, a new route was chosen for the road, which passed over the top of the dam before skirting the north side of the lake, passing by the&nbsp;<a href=\"https:\/\/fr.wikipedia.org\/wiki\/Tunnel_du_Chambon\" target=\"_blank\" rel=\"noreferrer noopener\">Chambon tunnel<\/a>.<\/p>\n\n\n\n<p>On 10 April 2015, the&nbsp;<a href=\"https:\/\/fr.wikipedia.org\/wiki\/Tunnel_du_Chambon\" target=\"_blank\" rel=\"noreferrer noopener\">Chambon tunnel<\/a>&nbsp;&nbsp;is completely closed to traffic, because of the<a href=\"https:\/\/fr.wikipedia.org\/wiki\/Glissement_de_terrain_du_Chambon\" target=\"_blank\" rel=\"noreferrer noopener\">landslides and landslides<\/a>&nbsp;which weakened the structure. As a result, the D1091 is completely cut off, causing major traffic problems in the valley for local residents as well as for professionals and tourists who use the road.&nbsp;<a href=\"https:\/\/fr.wikipedia.org\/wiki\/Route_de_secours_1091\" target=\"_blank\" rel=\"noreferrer noopener\">emergency road (RS 1091)<\/a>&nbsp;was opened on the left bank of the lake on 24 November 2015. It was used by the BRA in 2017 (by obligation) and in 2019 (when the new tunnel was inaugurated by the Is\u00e8re d\u00e9partement). A green route since 2020, it was used in 2023 to avoid the 990 m long tunnel.<\/p>\n\n\n\n<p class=\"has-medium-font-size\"><strong>Western slopes (Northern Alps)<\/strong><\/p>\n\n\n<div class=\"wp-block-image is-resized\">\n<figure class=\"aligncenter size-full\"><img loading=\"lazy\" decoding=\"async\" width=\"860\" height=\"466\" src=\"https:\/\/centcols.org\/wp-content\/uploads\/2023\/08\/Chambon1.jpg\" alt=\"\" class=\"wp-image-89750\" style=\"width:800px\" srcset=\"https:\/\/centcols.org\/wp-content\/uploads\/2023\/08\/Chambon1.jpg 860w, https:\/\/centcols.org\/wp-content\/uploads\/2023\/08\/Chambon1-768x416.jpg 768w, https:\/\/centcols.org\/wp-content\/uploads\/2023\/08\/Chambon1-18x10.jpg 18w\" sizes=\"auto, (max-width: 860px) 100vw, 860px\" \/><figcaption class=\"wp-element-caption\"><strong>Work to dig a diversion tunnel, led by the D\u00e9partement de l'Is\u00e8re, began in May 2016. This&nbsp;<a href=\"http:\/\/geoconfluences.ens-lyon.fr\/actualites\/veille\/la-fermeture-du-tunnel-du-chambon-un-exemple-de-risque-en-montagne#:~:text=D'une%20\" target=\"_blank\" rel=\"noopener\" title=\"\">bypass tunnel<\/a>&nbsp;is dug deeper into the mountain, avoiding the vulnerable area. After temporary openings, the final opening took place on 15 December 2017, after two and a half years of closure.<\/strong><\/figcaption><\/figure>\n<\/div>\n\n\n<p><strong>Towards the Galibier<\/strong><\/p>\n\n\n\n<p>The current road dates back to 1936.<\/p>\n\n\n\n<p>For a history of changes to the road, see Lucien Chevalier's article :&nbsp;<strong><u><a href=\"https:\/\/centcols.org\/wp-admin\/Une%20histoire%20de%20la%20route%20du%20col%20du%20Galibier%20.\" target=\"_blank\" rel=\"noreferrer noopener\">A <\/a><a href=\"https:\/\/cyclotouristes-grenoblois.assoconnect.com\/articles\/125949-une-histoire-de-la-route-du-col-du-galibier\" target=\"_blank\" rel=\"noreferrer noopener\">history of the Galibier pass road<\/a><\/u><\/strong>.<\/p>\n\n\n\n<h2 class=\"wp-block-heading\">What to see - tourism\u00a0<\/h2>\n\n\n\n<h4 class=\"wp-block-heading\"><br>Western slopes (Northern Alps)<\/h4>\n\n\n\n<p><strong>The Chambon dam<\/strong><\/p>\n\n\n\n<p>&nbsp;Construction work began in September 1929 and was completed in December 1935.<\/p>\n\n\n<div class=\"wp-block-image\">\n<figure class=\"aligncenter size-full is-resized\"><img loading=\"lazy\" decoding=\"async\" width=\"1200\" height=\"800\" src=\"https:\/\/centcols.org\/wp-content\/uploads\/2023\/08\/4528492-diaporama1.jpg\" alt=\"\" class=\"wp-image-89751\" style=\"width:800px\" srcset=\"https:\/\/centcols.org\/wp-content\/uploads\/2023\/08\/4528492-diaporama1.jpg 1200w, https:\/\/centcols.org\/wp-content\/uploads\/2023\/08\/4528492-diaporama1-768x512.jpg 768w, https:\/\/centcols.org\/wp-content\/uploads\/2023\/08\/4528492-diaporama1-18x12.jpg 18w\" sizes=\"auto, (max-width: 1200px) 100vw, 1200px\" \/><\/figure>\n<\/div>\n\n\n<p>Since 2003, it has been awarded the<strong>&nbsp;<a href=\"https:\/\/fr.wikipedia.org\/wiki\/Liste_des_%C3%A9difices_labellis%C3%A9s_%C2%AB_Patrimoine_du_XXe_si%C3%A8cle_%C2%BB_de_l%27Is%C3%A8re\" target=\"_blank\" rel=\"noreferrer noopener\">\"Is\u00e8re's 20th-century heritage site<\/a><\/strong>.<\/p>\n\n\n\n<p>After 80 years of existence, the dam has fallen victim to the alkali-reaction phenomenon (concrete disease), and every fifteen years it has to undergo special treatment. For this reason, replacement of the dam is planned within the next twenty years.<\/p>\n\n\n<div class=\"wp-block-image\">\n<figure class=\"alignright size-full\"><img loading=\"lazy\" decoding=\"async\" width=\"502\" height=\"683\" src=\"https:\/\/centcols.org\/wp-content\/uploads\/2023\/08\/image-52.png\" alt=\"\" class=\"wp-image-89752\" srcset=\"https:\/\/centcols.org\/wp-content\/uploads\/2023\/08\/image-52.png 502w, https:\/\/centcols.org\/wp-content\/uploads\/2023\/08\/image-52-9x12.png 9w\" sizes=\"auto, (max-width: 502px) 100vw, 502px\" \/><\/figure>\n<\/div>\n\n\n<p><strong>La Grave&nbsp;<\/strong><\/p>\n\n\n\n<ul class=\"wp-block-list\">\n<li>The internationally renowned Vallons de la Meije off-piste skiing area.<\/li>\n\n\n\n<li>Religious complex comprising the parish church, a chapel and the cemetery, at La Grave, listed as a historic monument since 1959. This complex includes the<strong>'<\/strong><strong><a href=\"https:\/\/fr.wikipedia.org\/wiki\/%C3%89glise_Notre-Dame-de-l%27Assomption_de_La_Grave\" target=\"_blank\" rel=\"noreferrer noopener\">Notre-Dame-de-l'Assomption church<\/a><\/strong>originally dating from the XI<sup>e<\/sup>&nbsp;It is in the Lombard Romanesque style and was rebuilt or modified in the 15th and 16th centuries.<sup>e<\/sup>XVII<sup>e<\/sup>&nbsp;and XIX<sup>e<\/sup>&nbsp;centuries. Also part of the religious complex: the cemetery surrounding the church and the&nbsp;<em>Chapel of the White Penitents<\/em><sup>.<\/sup><\/li>\n<\/ul>\n\n\n\n<p><strong>Villar-d'Ar\u00eane&nbsp;<\/strong><\/p>\n\n\n\n<p>The traditional baking of bread still takes place in the communal oven building for a few days a year, particularly on the 3rd of July.<sup>e<\/sup>&nbsp;weekend in November, with the making of \"boiled bread\".<\/p>\n\n\n\n<h4 class=\"wp-block-heading\">South-eastern slopes (Southern Alps)<\/h4>\n\n\n\n<ul class=\"wp-block-list\">\n<li>Serre-Chevalier ski resort<\/li>\n\n\n\n<li><a href=\"https:\/\/lesgrandsbainsdumonetier.fr\/\" target=\"_blank\" rel=\"noreferrer noopener\">The Grands Bains du Monetier&nbsp;<\/a>Located in the heart of the Serre-Chevalier ski resort in the Southern Alps, the Grands Bains du Mon\u00eatier SPA benefits from naturally hot water that gushes out of the spring at a temperature of 44\u00b0C.<\/li>\n\n\n\n<li>Le Casset (commune of Mon\u00e9tier-les Bains). Visit&nbsp;<a href=\"https:\/\/www.serre-chevalier.com\/fr\/faune-flore\/centre-accueil-parc-national-ecrins-casset\" target=\"_blank\" rel=\"noreferrer noopener\">Ecrins National Park Visitor Centre<\/a>&nbsp;screenings, workshops, meetings with a warden, etc.<\/li>\n<\/ul>\n\n\n\n<h4 class=\"wp-block-heading\">At the pass<\/h4>\n\n\n\n<p><strong>The Alpine resort<\/strong>&nbsp;Joseph-Fourier is part of Grenoble-Alpes University and the CNRS. It comprises three units, two of which are located at the Col du Lautaret:<\/p>\n\n\n\n<ul class=\"wp-block-list\">\n<li>the chalet-laboratory at Le Lautaret ;<\/li>\n\n\n\n<li>the&nbsp;<a href=\"https:\/\/fr.wikipedia.org\/wiki\/Jardin_botanique_du_col_du_Lautaret\" target=\"_blank\" rel=\"noreferrer noopener\">Le Lautaret alpine botanical garden<\/a>&nbsp;(which is also a listed site);<\/li>\n\n\n\n<li>l'<a href=\"https:\/\/fr.wikipedia.org\/wiki\/Arboretum_Robert_Ruffier-Lanche\" target=\"_blank\" rel=\"noreferrer noopener\">Robert Ruffier-Lanche arboretum<\/a>&nbsp;(on the Saint-Martin d'H\u00e8res campus).<\/li>\n<\/ul>\n\n\n\n<p>The botanical garden features plants from the Col du Lautaret region and from other mountains around the world. The garden's collections include more than 2,000 species. The garden is set in a natural environment that is itself characterised by specific climatic conditions and a high level of biodiversity. Various scientific studies have been and are being carried out in the area, in conjunction with the Joseph-Fourier alpine station and other scientific research bodies. Visit&nbsp;<em>Cahiers illustr\u00e9s du Lautaret<\/em>&nbsp;are an example of how work carried out in connection with this station can be made available to the public in the form of published documents.<\/p>\n\n\n\n<p>Since 2016, the facilities on the Col du Lautaret have been complemented by the Galerie de l'Alpe, a building better suited to the Alpine resort's public reception, research and training activities than the existing chalets.<\/p>\n\n\n\n<p>Please note:<br><em>- before being on the Col du Lautaret, the alpine garden was in Villar-d'Ar\u00eane (a little above the village on the way to the foot of the pass)<br>- with global warming, experimental plantations are being planted on the slopes of the Galibier above 2400 m .....<\/em><\/p>\n\n\n\n<p><strong>La<\/strong>&nbsp;<strong>Chapel of the Fused<\/strong>&nbsp;Perched on the summit of the Col du Lautaret, a chapel has been erected in memory of several victims of the Second World War.<br>At the beginning of August 1944, a column of retreating German soldiers struggled from Brian\u00e7on towards Grenoble. Harassed by Resistance fighters, they sowed death along the way. On 11 August, seventeen Resistance fighters were executed at the Col du Lautaret. On the same day, the Germans took all the male inhabitants of Villar-d'Ar\u00eane hostage. Six hostages and a German soldier died in a mine explosion under the Chambon tunnel. On 14 and 15 August 1944, the Nazis executed Jews, Resistance fighters and hostages in Bourg-d'Oisans, before continuing on to Grenoble.<\/p>\n\n\n\n<h2 class=\"wp-block-heading\">Administrative status<\/h2>\n\n\n\n<h3 class=\"wp-block-heading\">Currently<\/h3>\n\n\n\n<p>The pass marks the boundary between two communes in the Hautes-Alpes department \u00a0<a href=\"https:\/\/fr.wikipedia.org\/wiki\/Villar-d%27Ar%C3%AAne\" target=\"_blank\" rel=\"noreferrer noopener\">Villar-d'Ar\u00eane<\/a>\u00a0and\u00a0<a href=\"https:\/\/fr.wikipedia.org\/wiki\/Le_Mon%C3%AAtier-les-Bains\" target=\"_blank\" rel=\"noreferrer noopener\">Mon\u00eatier-les-Bains<\/a>.<\/p>\n\n\n\n<h3 class=\"wp-block-heading\">History<\/h3>\n\n\n\n<p>Both sides of the Col du Lautaret are in the Hautes-Alpes d\u00e9partement.<\/p>\n\n\n\n<p>&nbsp;Why doesn't the boundary between the Is\u00e8re and Hautes-Alpes departments coincide with the Is\u00e8re \/ Durance LPE at the Col du Lautaret pass?<\/p>\n\n\n\n<p><em>When the department was created,<\/em>&nbsp;<em>in 1790, the communes of La Grave and&nbsp;<a href=\"https:\/\/fr.wikipedia.org\/wiki\/Villar-d%27Ar%C3%AAne\" target=\"_blank\" rel=\"noreferrer noopener\">Villar-d'Ar\u00eane<\/a>&nbsp;(val de Romanche) demanded that they be attached to the Hautes-Alpes (and not to Is\u00e8re) because they hoped to benefit from the advantageous status of the&nbsp;<u><a href=\"https:\/\/fr.wikipedia.org\/wiki\/R%C3%A9publique_des_Escartons\" target=\"_blank\" rel=\"noreferrer noopener\">Escartons of the Brian\u00e7onnais<\/a><\/u>.<\/em><\/p>\n\n\n\n<p>Until 1790, both sides of the Col du Lautaret were part of the Dauphin\u00e9 Province, but since 1790 they have been part of the Hautes-Alpes d\u00e9partement.<\/p>\n\n\n\n<h2 class=\"wp-block-heading\">Cycling and cycle tourism<\/h2>\n\n\n\n<p>The Col du Lautaret is a \"great classic\" on the route of the&nbsp;<a href=\"https:\/\/centcols.org\/en\/the-col-du-galibier\/\" target=\"_blank\" rel=\"noreferrer noopener\">Galibier pass<\/a>&nbsp;All cycling events (Tour de France, Crit\u00e9rium du Dauphin\u00e9) and cycle tours (Marmotte, BRA) pass through here.<\/p>\n\n\n\n<h3 class=\"wp-block-heading\">Profile<\/h3>\n\n\n\n<p>There are many profiles on the internet.<\/p>\n\n\n\n<p>For example, those copied on the&nbsp;<a href=\"https:\/\/www.cols-cyclisme.com\/arves-et-grandes-rousses\/france\/col-du-lautaret-depuis-le-clapier-c48.htm\" target=\"_blank\" rel=\"noreferrer noopener\">cols-cycling website<\/a>&nbsp;show that there are no \"severe\" sections on the ascent of Le Lautaret.<\/p>\n\n\n<div class=\"wp-block-image\">\n<figure class=\"aligncenter size-full\"><img loading=\"lazy\" decoding=\"async\" width=\"636\" height=\"420\" src=\"https:\/\/centcols.org\/wp-content\/uploads\/2023\/08\/Profil1-11.jpg\" alt=\"\" class=\"wp-image-89753\" srcset=\"https:\/\/centcols.org\/wp-content\/uploads\/2023\/08\/Profil1-11.jpg 636w, https:\/\/centcols.org\/wp-content\/uploads\/2023\/08\/Profil1-11-18x12.jpg 18w\" sizes=\"auto, (max-width: 636px) 100vw, 636px\" \/><\/figure>\n<\/div>\n\n<div class=\"wp-block-image\">\n<figure class=\"aligncenter size-full\"><img loading=\"lazy\" decoding=\"async\" width=\"633\" height=\"352\" src=\"https:\/\/centcols.org\/wp-content\/uploads\/2023\/08\/Profil21.jpg\" alt=\"\" class=\"wp-image-89754\" srcset=\"https:\/\/centcols.org\/wp-content\/uploads\/2023\/08\/Profil21.jpg 633w, https:\/\/centcols.org\/wp-content\/uploads\/2023\/08\/Profil21-18x10.jpg 18w\" sizes=\"auto, (max-width: 633px) 100vw, 633px\" \/><\/figure>\n<\/div>\n\n\n<p class=\"has-text-align-right\"><em><em>An article by G\u00e9rard Galland <\/em><\/em><br><em><em>with contributions from Jules Arnaud and <\/em><\/em><br><em><em>Bernard Giraudeau (for the geology section)<\/em><\/em><\/p>","protected":false},"excerpt":{"rendered":"<p>Toponymie Le toponyme du col du Lautaret (FR-05-2057) a une origine discut\u00e9e. Ce nom d\u00e9riverait&nbsp;: A noter&nbsp;: le catalogue des cols de France contient 2 cols du Lautaret et 4 cols de l\u2019Autaret. Situation g\u00e9ographique Massifs C\u2019est un des points les plus bas de la ligne de cr\u00eate s\u00e9parant&nbsp;les&nbsp;Alpes du Nord&nbsp;et les&nbsp;Alpes du Sud, entre [&hellip;]<\/p>\n","protected":false},"author":3,"featured_media":90425,"comment_status":"closed","ping_status":"closed","sticky":false,"template":"","format":"standard","meta":{"_acf_changed":false,"footnotes":""},"categories":[308],"tags":[],"class_list":["post-82538","post","type-post","status-publish","format-standard","has-post-thumbnail","hentry","category-cols-en-vrac"],"acf":[],"yoast_head":"<!-- This site is optimized with the Yoast SEO plugin v27.2 - https:\/\/yoast.com\/product\/yoast-seo-wordpress\/ -->\n<title>Le col du Lautaret - Club des Cent Cols<\/title>\n<meta name=\"robots\" content=\"index, follow, max-snippet:-1, max-image-preview:large, max-video-preview:-1\" \/>\n<link rel=\"canonical\" href=\"https:\/\/centcols.org\/en\/the-col-du-lautaret\/\" \/>\n<meta property=\"og:locale\" content=\"en_GB\" \/>\n<meta property=\"og:type\" content=\"article\" \/>\n<meta property=\"og:title\" content=\"Le col du Lautaret - Club des Cent Cols\" \/>\n<meta property=\"og:description\" content=\"Toponymie Le toponyme du col du Lautaret (FR-05-2057) a une origine discut\u00e9e. Ce nom d\u00e9riverait&nbsp;: A noter&nbsp;: le catalogue des cols de France contient 2 cols du Lautaret et 4 cols de l\u2019Autaret. Situation g\u00e9ographique Massifs C\u2019est un des points les plus bas de la ligne de cr\u00eate s\u00e9parant&nbsp;les&nbsp;Alpes du Nord&nbsp;et les&nbsp;Alpes du Sud, entre [&hellip;]\" \/>\n<meta property=\"og:url\" content=\"https:\/\/centcols.org\/en\/the-col-du-lautaret\/\" \/>\n<meta property=\"og:site_name\" content=\"Club des Cent Cols\" \/>\n<meta property=\"article:publisher\" content=\"https:\/\/www.facebook.com\/groups\/5261880558\/?locale=fr_FR\" \/>\n<meta property=\"article:published_time\" content=\"2023-08-06T07:05:53+00:00\" \/>\n<meta property=\"article:modified_time\" content=\"2025-10-20T17:45:16+00:00\" \/>\n<meta property=\"og:image\" content=\"https:\/\/centcols.org\/wp-content\/uploads\/2023\/08\/lautaret01-1.jpg\" \/>\n\t<meta property=\"og:image:width\" content=\"1200\" \/>\n\t<meta property=\"og:image:height\" content=\"675\" \/>\n\t<meta property=\"og:image:type\" content=\"image\/jpeg\" \/>\n<meta name=\"author\" content=\"Webmestre\" \/>\n<meta name=\"twitter:card\" content=\"summary_large_image\" \/>\n<meta name=\"twitter:label1\" content=\"Written by\" \/>\n\t<meta name=\"twitter:data1\" content=\"Webmestre\" \/>\n\t<meta name=\"twitter:label2\" content=\"Estimated reading time\" \/>\n\t<meta name=\"twitter:data2\" content=\"12 minutes\" \/>\n<script type=\"application\/ld+json\" class=\"yoast-schema-graph\">{\"@context\":\"https:\/\/schema.org\",\"@graph\":[{\"@type\":\"Article\",\"@id\":\"https:\/\/centcols.org\/le-col-du-lautaret\/#article\",\"isPartOf\":{\"@id\":\"https:\/\/centcols.org\/le-col-du-lautaret\/\"},\"author\":{\"name\":\"Webmestre\",\"@id\":\"https:\/\/centcols.org\/#\/schema\/person\/911b404fb133d8c913dd27cdcf71c8e5\"},\"headline\":\"Le col du Lautaret\",\"datePublished\":\"2023-08-06T07:05:53+00:00\",\"dateModified\":\"2025-10-20T17:45:16+00:00\",\"mainEntityOfPage\":{\"@id\":\"https:\/\/centcols.org\/le-col-du-lautaret\/\"},\"wordCount\":2181,\"publisher\":{\"@id\":\"https:\/\/centcols.org\/#organization\"},\"image\":{\"@id\":\"https:\/\/centcols.org\/le-col-du-lautaret\/#primaryimage\"},\"thumbnailUrl\":\"https:\/\/centcols.org\/wp-content\/uploads\/2023\/08\/lautaret01-1.jpg\",\"articleSection\":[\"Cols en vrac\"],\"inLanguage\":\"en-GB\"},{\"@type\":\"WebPage\",\"@id\":\"https:\/\/centcols.org\/le-col-du-lautaret\/\",\"url\":\"https:\/\/centcols.org\/le-col-du-lautaret\/\",\"name\":\"Le col du Lautaret - Club des Cent Cols\",\"isPartOf\":{\"@id\":\"https:\/\/centcols.org\/#website\"},\"primaryImageOfPage\":{\"@id\":\"https:\/\/centcols.org\/le-col-du-lautaret\/#primaryimage\"},\"image\":{\"@id\":\"https:\/\/centcols.org\/le-col-du-lautaret\/#primaryimage\"},\"thumbnailUrl\":\"https:\/\/centcols.org\/wp-content\/uploads\/2023\/08\/lautaret01-1.jpg\",\"datePublished\":\"2023-08-06T07:05:53+00:00\",\"dateModified\":\"2025-10-20T17:45:16+00:00\",\"breadcrumb\":{\"@id\":\"https:\/\/centcols.org\/le-col-du-lautaret\/#breadcrumb\"},\"inLanguage\":\"en-GB\",\"potentialAction\":[{\"@type\":\"ReadAction\",\"target\":[\"https:\/\/centcols.org\/le-col-du-lautaret\/\"]}]},{\"@type\":\"ImageObject\",\"inLanguage\":\"en-GB\",\"@id\":\"https:\/\/centcols.org\/le-col-du-lautaret\/#primaryimage\",\"url\":\"https:\/\/centcols.org\/wp-content\/uploads\/2023\/08\/lautaret01-1.jpg\",\"contentUrl\":\"https:\/\/centcols.org\/wp-content\/uploads\/2023\/08\/lautaret01-1.jpg\",\"width\":1200,\"height\":675},{\"@type\":\"BreadcrumbList\",\"@id\":\"https:\/\/centcols.org\/le-col-du-lautaret\/#breadcrumb\",\"itemListElement\":[{\"@type\":\"ListItem\",\"position\":1,\"name\":\"Accueil\",\"item\":\"https:\/\/centcols.org\/\"},{\"@type\":\"ListItem\",\"position\":2,\"name\":\"Cols en vrac\",\"item\":\"https:\/\/centcols.org\/rubrique\/cols-en-vrac\/\"},{\"@type\":\"ListItem\",\"position\":3,\"name\":\"Le col du Lautaret\"}]},{\"@type\":\"WebSite\",\"@id\":\"https:\/\/centcols.org\/#website\",\"url\":\"https:\/\/centcols.org\/\",\"name\":\"Club des Cent Cols\",\"description\":\"\",\"publisher\":{\"@id\":\"https:\/\/centcols.org\/#organization\"},\"potentialAction\":[{\"@type\":\"SearchAction\",\"target\":{\"@type\":\"EntryPoint\",\"urlTemplate\":\"https:\/\/centcols.org\/?s={search_term_string}\"},\"query-input\":{\"@type\":\"PropertyValueSpecification\",\"valueRequired\":true,\"valueName\":\"search_term_string\"}}],\"inLanguage\":\"en-GB\"},{\"@type\":\"Organization\",\"@id\":\"https:\/\/centcols.org\/#organization\",\"name\":\"Club des Cent Cols\",\"url\":\"https:\/\/centcols.org\/\",\"logo\":{\"@type\":\"ImageObject\",\"inLanguage\":\"en-GB\",\"@id\":\"https:\/\/centcols.org\/#\/schema\/logo\/image\/\",\"url\":\"https:\/\/centcols.org\/wp-content\/uploads\/2025\/01\/carte-icone.png\",\"contentUrl\":\"https:\/\/centcols.org\/wp-content\/uploads\/2025\/01\/carte-icone.png\",\"width\":250,\"height\":250,\"caption\":\"Club des Cent Cols\"},\"image\":{\"@id\":\"https:\/\/centcols.org\/#\/schema\/logo\/image\/\"},\"sameAs\":[\"https:\/\/www.facebook.com\/groups\/5261880558\/?locale=fr_FR\"]},{\"@type\":\"Person\",\"@id\":\"https:\/\/centcols.org\/#\/schema\/person\/911b404fb133d8c913dd27cdcf71c8e5\",\"name\":\"Webmestre\",\"image\":{\"@type\":\"ImageObject\",\"inLanguage\":\"en-GB\",\"@id\":\"https:\/\/centcols.org\/wp-content\/litespeed\/avatar\/2d246e4b6b4f773e08515e1ffc53690b.jpg?ver=1777222892\",\"url\":\"https:\/\/centcols.org\/wp-content\/litespeed\/avatar\/2d246e4b6b4f773e08515e1ffc53690b.jpg?ver=1777222892\",\"contentUrl\":\"https:\/\/centcols.org\/wp-content\/litespeed\/avatar\/2d246e4b6b4f773e08515e1ffc53690b.jpg?ver=1777222892\",\"caption\":\"Webmestre\"},\"url\":\"https:\/\/centcols.org\/en\/author\/webmestre\/\"}]}<\/script>\n<!-- \/ Yoast SEO plugin. -->","yoast_head_json":{"title":"The Col du Lautaret - Club des Cent Cols","robots":{"index":"index","follow":"follow","max-snippet":"max-snippet:-1","max-image-preview":"max-image-preview:large","max-video-preview":"max-video-preview:-1"},"canonical":"https:\/\/centcols.org\/en\/the-col-du-lautaret\/","og_locale":"en_GB","og_type":"article","og_title":"Le col du Lautaret - Club des Cent Cols","og_description":"Toponymie Le toponyme du col du Lautaret (FR-05-2057) a une origine discut\u00e9e. Ce nom d\u00e9riverait&nbsp;: A noter&nbsp;: le catalogue des cols de France contient 2 cols du Lautaret et 4 cols de l\u2019Autaret. Situation g\u00e9ographique Massifs C\u2019est un des points les plus bas de la ligne de cr\u00eate s\u00e9parant&nbsp;les&nbsp;Alpes du Nord&nbsp;et les&nbsp;Alpes du Sud, entre [&hellip;]","og_url":"https:\/\/centcols.org\/en\/the-col-du-lautaret\/","og_site_name":"Club des Cent Cols","article_publisher":"https:\/\/www.facebook.com\/groups\/5261880558\/?locale=fr_FR","article_published_time":"2023-08-06T07:05:53+00:00","article_modified_time":"2025-10-20T17:45:16+00:00","og_image":[{"width":1200,"height":675,"url":"https:\/\/centcols.org\/wp-content\/uploads\/2023\/08\/lautaret01-1.jpg","type":"image\/jpeg"}],"author":"Webmestre","twitter_card":"summary_large_image","twitter_misc":{"Written by":"Webmestre","Estimated reading time":"12 minutes"},"schema":{"@context":"https:\/\/schema.org","@graph":[{"@type":"Article","@id":"https:\/\/centcols.org\/le-col-du-lautaret\/#article","isPartOf":{"@id":"https:\/\/centcols.org\/le-col-du-lautaret\/"},"author":{"name":"Webmestre","@id":"https:\/\/centcols.org\/#\/schema\/person\/911b404fb133d8c913dd27cdcf71c8e5"},"headline":"Le col du Lautaret","datePublished":"2023-08-06T07:05:53+00:00","dateModified":"2025-10-20T17:45:16+00:00","mainEntityOfPage":{"@id":"https:\/\/centcols.org\/le-col-du-lautaret\/"},"wordCount":2181,"publisher":{"@id":"https:\/\/centcols.org\/#organization"},"image":{"@id":"https:\/\/centcols.org\/le-col-du-lautaret\/#primaryimage"},"thumbnailUrl":"https:\/\/centcols.org\/wp-content\/uploads\/2023\/08\/lautaret01-1.jpg","articleSection":["Cols en vrac"],"inLanguage":"en-GB"},{"@type":"WebPage","@id":"https:\/\/centcols.org\/le-col-du-lautaret\/","url":"https:\/\/centcols.org\/le-col-du-lautaret\/","name":"The Col du Lautaret - Club des Cent Cols","isPartOf":{"@id":"https:\/\/centcols.org\/#website"},"primaryImageOfPage":{"@id":"https:\/\/centcols.org\/le-col-du-lautaret\/#primaryimage"},"image":{"@id":"https:\/\/centcols.org\/le-col-du-lautaret\/#primaryimage"},"thumbnailUrl":"https:\/\/centcols.org\/wp-content\/uploads\/2023\/08\/lautaret01-1.jpg","datePublished":"2023-08-06T07:05:53+00:00","dateModified":"2025-10-20T17:45:16+00:00","breadcrumb":{"@id":"https:\/\/centcols.org\/le-col-du-lautaret\/#breadcrumb"},"inLanguage":"en-GB","potentialAction":[{"@type":"ReadAction","target":["https:\/\/centcols.org\/le-col-du-lautaret\/"]}]},{"@type":"ImageObject","inLanguage":"en-GB","@id":"https:\/\/centcols.org\/le-col-du-lautaret\/#primaryimage","url":"https:\/\/centcols.org\/wp-content\/uploads\/2023\/08\/lautaret01-1.jpg","contentUrl":"https:\/\/centcols.org\/wp-content\/uploads\/2023\/08\/lautaret01-1.jpg","width":1200,"height":675},{"@type":"BreadcrumbList","@id":"https:\/\/centcols.org\/le-col-du-lautaret\/#breadcrumb","itemListElement":[{"@type":"ListItem","position":1,"name":"Accueil","item":"https:\/\/centcols.org\/"},{"@type":"ListItem","position":2,"name":"Cols en vrac","item":"https:\/\/centcols.org\/rubrique\/cols-en-vrac\/"},{"@type":"ListItem","position":3,"name":"Le col du Lautaret"}]},{"@type":"WebSite","@id":"https:\/\/centcols.org\/#website","url":"https:\/\/centcols.org\/","name":"Club des Cent Cols","description":"","publisher":{"@id":"https:\/\/centcols.org\/#organization"},"potentialAction":[{"@type":"SearchAction","target":{"@type":"EntryPoint","urlTemplate":"https:\/\/centcols.org\/?s={search_term_string}"},"query-input":{"@type":"PropertyValueSpecification","valueRequired":true,"valueName":"search_term_string"}}],"inLanguage":"en-GB"},{"@type":"Organization","@id":"https:\/\/centcols.org\/#organization","name":"Club des Cent Cols","url":"https:\/\/centcols.org\/","logo":{"@type":"ImageObject","inLanguage":"en-GB","@id":"https:\/\/centcols.org\/#\/schema\/logo\/image\/","url":"https:\/\/centcols.org\/wp-content\/uploads\/2025\/01\/carte-icone.png","contentUrl":"https:\/\/centcols.org\/wp-content\/uploads\/2025\/01\/carte-icone.png","width":250,"height":250,"caption":"Club des Cent Cols"},"image":{"@id":"https:\/\/centcols.org\/#\/schema\/logo\/image\/"},"sameAs":["https:\/\/www.facebook.com\/groups\/5261880558\/?locale=fr_FR"]},{"@type":"Person","@id":"https:\/\/centcols.org\/#\/schema\/person\/911b404fb133d8c913dd27cdcf71c8e5","name":"Webmaster","image":{"@type":"ImageObject","inLanguage":"en-GB","@id":"https:\/\/centcols.org\/wp-content\/litespeed\/avatar\/2d246e4b6b4f773e08515e1ffc53690b.jpg?ver=1777222892","url":"https:\/\/centcols.org\/wp-content\/litespeed\/avatar\/2d246e4b6b4f773e08515e1ffc53690b.jpg?ver=1777222892","contentUrl":"https:\/\/centcols.org\/wp-content\/litespeed\/avatar\/2d246e4b6b4f773e08515e1ffc53690b.jpg?ver=1777222892","caption":"Webmestre"},"url":"https:\/\/centcols.org\/en\/author\/webmestre\/"}]}},"_links":{"self":[{"href":"https:\/\/centcols.org\/en\/wp-json\/wp\/v2\/posts\/82538","targetHints":{"allow":["GET"]}}],"collection":[{"href":"https:\/\/centcols.org\/en\/wp-json\/wp\/v2\/posts"}],"about":[{"href":"https:\/\/centcols.org\/en\/wp-json\/wp\/v2\/types\/post"}],"author":[{"embeddable":true,"href":"https:\/\/centcols.org\/en\/wp-json\/wp\/v2\/users\/3"}],"replies":[{"embeddable":true,"href":"https:\/\/centcols.org\/en\/wp-json\/wp\/v2\/comments?post=82538"}],"version-history":[{"count":0,"href":"https:\/\/centcols.org\/en\/wp-json\/wp\/v2\/posts\/82538\/revisions"}],"wp:featuredmedia":[{"embeddable":true,"href":"https:\/\/centcols.org\/en\/wp-json\/wp\/v2\/media\/90425"}],"wp:attachment":[{"href":"https:\/\/centcols.org\/en\/wp-json\/wp\/v2\/media?parent=82538"}],"wp:term":[{"taxonomy":"category","embeddable":true,"href":"https:\/\/centcols.org\/en\/wp-json\/wp\/v2\/categories?post=82538"},{"taxonomy":"post_tag","embeddable":true,"href":"https:\/\/centcols.org\/en\/wp-json\/wp\/v2\/tags?post=82538"}],"curies":[{"name":"wp","href":"https:\/\/api.w.org\/{rel}","templated":true}]}}