{"id":82539,"date":"2023-08-20T12:49:03","date_gmt":"2023-08-20T10:49:03","guid":{"rendered":"https:\/\/centcols.org\/le-col-du-mollard\/"},"modified":"2026-01-16T10:29:20","modified_gmt":"2026-01-16T08:29:20","slug":"the-col-du-mollard","status":"publish","type":"post","link":"https:\/\/centcols.org\/en\/le-col-du-mollard\/","title":{"rendered":"The Col du Mollard"},"content":{"rendered":"<h2 class=\"wp-block-heading\">Toponymy<\/h2>\n\n\n\n<p class=\"has-medium-font-size\">The Col du Mollard <a href=\"https:\/\/centcols.org\/en\/util\/geo\/visu.php\/?code=FR-73-1638\" target=\"_blank\" rel=\"noopener\" title=\"\">FR-73-1638<\/a> has a place name that occurs regularly in the Alps<\/p>\n\n\n<div class=\"wp-block-image is-resized\">\n<figure class=\"aligncenter size-full\"><img loading=\"lazy\" decoding=\"async\" width=\"1200\" height=\"900\" src=\"https:\/\/centcols.org\/wp-content\/uploads\/2023\/08\/BRA-1200x9001-1.jpg\" alt=\"\" class=\"wp-image-89736\" style=\"width:800px\" srcset=\"https:\/\/centcols.org\/wp-content\/uploads\/2023\/08\/BRA-1200x9001-1.jpg 1200w, https:\/\/centcols.org\/wp-content\/uploads\/2023\/08\/BRA-1200x9001-1-768x576.jpg 768w, https:\/\/centcols.org\/wp-content\/uploads\/2023\/08\/BRA-1200x9001-1-16x12.jpg 16w\" sizes=\"auto, (max-width: 1200px) 100vw, 1200px\" \/><\/figure>\n<\/div>\n\n\n<p class=\"has-medium-font-size\"> The name of&nbsp;<em>Mollard<\/em>in the former&nbsp;<em>molar<\/em>&nbsp;or&nbsp;<em>molard<\/em>It is regularly found in the Alps.<\/p>\n\n\n\n<p class=\"has-medium-font-size\">The place name comes from the Latin&nbsp;<em>molarum<\/em>&nbsp;which refers to a hamlet located \"on a mamelon - a rounded top of a hill\/mountain - or a small plateau\".<\/p>\n\n\n\n<p class=\"has-medium-font-size\"><em>Please note: there are two cols du Mollard in Savoie : (<\/em><em><u><a href=\"https:\/\/centcols.org\/en\/util\/geo\/visu.php\/?code=FR-73-1320b\">FR-73-1320b<\/a><\/u><\/em><em>), rated R1, is located in the north of the Chartreuse massif (on the GR9).<\/em><\/p>\n\n\n\n<h2 class=\"wp-block-heading\">Geographical location<\/h2>\n\n\n\n<h3 class=\"wp-block-heading\">Massif<\/h3>\n\n\n\n<p class=\"has-medium-font-size\">The Col du Mollard is located in the <strong>Arves massif<\/strong><\/p>\n\n\n<div class=\"wp-block-image is-resized\">\n<figure class=\"aligncenter size-full\"><img loading=\"lazy\" decoding=\"async\" width=\"1200\" height=\"327\" src=\"https:\/\/centcols.org\/wp-content\/uploads\/2023\/08\/Arves-1200x3271-1.jpg\" alt=\"\" class=\"wp-image-89737\" srcset=\"https:\/\/centcols.org\/wp-content\/uploads\/2023\/08\/Arves-1200x3271-1.jpg 1200w, https:\/\/centcols.org\/wp-content\/uploads\/2023\/08\/Arves-1200x3271-1-768x209.jpg 768w, https:\/\/centcols.org\/wp-content\/uploads\/2023\/08\/Arves-1200x3271-1-18x5.jpg 18w\" sizes=\"auto, (max-width: 1200px) 100vw, 1200px\" \/><figcaption class=\"wp-element-caption\">View of the Aiguilles d'Arves from the Col du Mollard (photo alpes4ever)<\/figcaption><\/figure>\n<\/div>\n\n\n<h3 class=\"wp-block-heading\">Geology<\/h3>\n\n\n\n<p class=\"has-medium-font-size\">The Col du Mollard lies on the edge of the Plateau d'Albiez, which slopes roughly south-north. It offers a wide flat area that is unusual in these parts. It originates from a combe carved out of horizontal marl strata that have not been folded. This combe was widened by the Aiguilles d'Arves glacier as it descended to the north and then filled in by glacial alluvium. <\/p>\n\n\n<div class=\"wp-block-image\">\n<figure class=\"aligncenter size-full\"><img loading=\"lazy\" decoding=\"async\" width=\"680\" height=\"448\" src=\"https:\/\/centcols.org\/wp-content\/uploads\/2023\/08\/Massif1.jpg\" alt=\"\" class=\"wp-image-89738\" srcset=\"https:\/\/centcols.org\/wp-content\/uploads\/2023\/08\/Massif1.jpg 680w, https:\/\/centcols.org\/wp-content\/uploads\/2023\/08\/Massif1-18x12.jpg 18w\" sizes=\"auto, (max-width: 680px) 100vw, 680px\" \/><\/figure>\n<\/div>\n\n\n<p class=\"has-medium-font-size\">To the west, Mont Charvin attracts attention with the vast Combe G\u00e9nin gap carved out of the gypsum layers, revealing a harrow of tapering points made of cargneule, a limestone that is much harder to erode. &nbsp;<\/p>\n\n\n<div class=\"wp-block-image\">\n<figure class=\"aligncenter size-full\"><img loading=\"lazy\" decoding=\"async\" width=\"420\" height=\"281\" src=\"https:\/\/centcols.org\/wp-content\/uploads\/2023\/08\/pointes1.jpg\" alt=\"\" class=\"wp-image-89739\" srcset=\"https:\/\/centcols.org\/wp-content\/uploads\/2023\/08\/pointes1.jpg 420w, https:\/\/centcols.org\/wp-content\/uploads\/2023\/08\/pointes1-18x12.jpg 18w\" sizes=\"auto, (max-width: 420px) 100vw, 420px\" \/><figcaption class=\"wp-element-caption\">2 photos from www.geol-alp.com<\/figcaption><\/figure>\n<\/div>\n\n\n<h3 class=\"wp-block-heading\">Hydrography<\/h3>\n\n\n\n<p class=\"has-medium-font-size\">To the north, between Albiez le Vieux and Albiez le Jeune, flows the Torrent du Merderel.<\/p>\n\n\n\n<p class=\"has-medium-font-size\">To the south, the water flows towards the Rieu Gilbert.<\/p>\n\n\n\n<p class=\"has-medium-font-size\">These 2 torrents are tributaries of the Arvan (a tributary of the Arc).<\/p>\n\n\n\n<h3 class=\"wp-block-heading\">Administrative status<\/h3>\n\n\n\n<p class=\"has-medium-font-size\">The Col du Mollard is located in the commune of Albiez-Montrond (Savoie),<\/p>\n\n\n\n<h3 class=\"wp-block-heading\">Access and neighbouring passes<\/h3>\n\n\n<div class=\"wp-block-image is-resized\">\n<figure class=\"aligncenter size-full\"><img loading=\"lazy\" decoding=\"async\" width=\"997\" height=\"756\" src=\"https:\/\/centcols.org\/wp-content\/uploads\/2023\/08\/carte1.png\" alt=\"\" class=\"wp-image-89741\" style=\"width:800px\" srcset=\"https:\/\/centcols.org\/wp-content\/uploads\/2023\/08\/carte1.png 997w, https:\/\/centcols.org\/wp-content\/uploads\/2023\/08\/carte1-768x582.png 768w, https:\/\/centcols.org\/wp-content\/uploads\/2023\/08\/carte1-16x12.png 16w\" sizes=\"auto, (max-width: 997px) 100vw, 997px\" \/><\/figure>\n<\/div>\n\n\n<p class=\"has-medium-font-size\"><strong>To the south<\/strong> the D80 joins the route de la Croix de Fer - D526 (Saint Jean de Maurienne - Saint Sorlin d'Arves) at Belleville bridge (1228 m).<\/p>\n\n\n\n<p class=\"has-medium-font-size\"><strong>To the north<\/strong> the D80, passes Albiez-le-Vieux, and after Albiez-le-Jeune takes the Villargondran switchbacks to join the Maurienne.<\/p>\n\n\n\n<p class=\"has-medium-font-size\">After Albiez-le-Vieux, the D110 leads to the Arvan valley and Saint Jean de Maurienne via G\u00e9voudaz. This road was used for the first time by the BRA in 1979, in the uphill direction (St Jean de Maurienne - G\u00e9voudaz -Albiez).<\/p>\n\n\n\n<p class=\"has-medium-font-size\">This route passes over two passes listed in the Club des Cent Cols catalogue:<br><strong>La Cochette<\/strong>&nbsp;(<strong><u><a href=\"http:\/\/centcols.org\/en\/util\/geo\/visuFR.php\/?code=FR-73-1355\" target=\"_blank\" rel=\"noopener\" title=\"\">FR-73-1355<\/a>)<\/u><\/strong>&nbsp; and&nbsp; &nbsp;<strong>Le Collet<\/strong>&nbsp;<strong><u>(<a href=\"http:\/\/centcols.org\/en\/util\/geo\/visuFR.php\/?code=FR-73-1150\" target=\"_blank\" rel=\"noopener\" title=\"\">FR-73-1150<\/a>)<br><\/u><\/strong><em>For the \"purists\" please note that - although noted on the D110 in the CCC catalogue - La Cochette is slightly to the north of the D110, in the centre of the hamlet of the same name (see CCWay - Google Earth).<\/em><\/p>\n\n\n<div class=\"wp-block-image\">\n<figure class=\"aligncenter size-full is-resized\"><img loading=\"lazy\" decoding=\"async\" width=\"1017\" height=\"557\" src=\"https:\/\/centcols.org\/wp-content\/uploads\/2023\/08\/carte21.png\" alt=\"\" class=\"wp-image-89742\" style=\"width:800px\" srcset=\"https:\/\/centcols.org\/wp-content\/uploads\/2023\/08\/carte21.png 1017w, https:\/\/centcols.org\/wp-content\/uploads\/2023\/08\/carte21-768x421.png 768w, https:\/\/centcols.org\/wp-content\/uploads\/2023\/08\/carte21-18x10.png 18w\" sizes=\"auto, (max-width: 1017px) 100vw, 1017px\" \/><\/figure>\n<\/div>\n\n\n<div class=\"wp-block-columns are-vertically-aligned-center is-layout-flex wp-container-core-columns-is-layout-9d6595d7 wp-block-columns-is-layout-flex\">\n<div class=\"wp-block-column is-vertically-aligned-center is-layout-flow wp-block-column-is-layout-flow\"><\/div>\n\n\n\n<div class=\"wp-block-column is-vertically-aligned-center is-layout-flow wp-block-column-is-layout-flow\"><\/div>\n<\/div>\n\n\n\n<h2 class=\"wp-block-heading\">Sightseeing - tourism - history<\/h2>\n\n\n\n<ul class=\"wp-block-list\">\n<li>A <strong>Albiez-Montrond<\/strong> (Chemin de l'Adret, le Mollard) : Ecomus\u00e9e le temps d'Antan.<\/li>\n\n\n\n<li>The Opinel knife was invented by Joseph Opinel (1872-1960) in 1890, when he was 18 years old, at <strong>Gevoudaz,<\/strong> hamlet of Albiez-le-Vieux.<\/li>\n<\/ul>\n\n\n\n<h2 class=\"wp-block-heading\">Cycling and cycle tourism<\/h2>\n\n\n\n<h3 class=\"wp-block-heading\">Tour de France&nbsp;<\/h3>\n\n\n\n<p class=\"has-medium-font-size\">The Col du Mollard was crossed for the first time by the Tour de France riders during the 16th edition of the race.<sup>e<\/sup>&nbsp;stage of the 2006 edition.&nbsp;<\/p>\n\n\n\n<h3 class=\"wp-block-heading\">BRA<\/h3>\n\n\n\n<p class=\"has-medium-font-size\">This pass was climbed by participants in the BRA for the first time in 1979 in the Maurienne - Col du Mollard direction.<\/p>\n\n\n\n<p class=\"has-medium-font-size\">It was an option in 2017, not in the 2019 programme and included in all the options in 2023 (after the Croix de Fer, from the Pont de Belleville).<\/p>\n\n\n\n<h3 class=\"wp-block-heading\">Profile<\/h3>\n\n\n\n<p class=\"has-medium-font-size\">There are many profiles on the internet. <a href=\"https:\/\/www.cols-cyclisme.com\/arves-et-grandes-rousses\/france\/col-du-mollard-depuis-saint-jean-de-maurienne-c2212.htm\" target=\"_blank\" rel=\"noopener\" title=\"\">According to Cols-Cyclisme.com<\/a> :<\/p>\n\n\n<div class=\"wp-block-image\">\n<figure class=\"aligncenter size-full is-resized\"><img loading=\"lazy\" decoding=\"async\" width=\"901\" height=\"539\" src=\"https:\/\/centcols.org\/wp-content\/uploads\/2023\/08\/profil3-11.png\" alt=\"\" class=\"wp-image-89743\" style=\"width:800px\" srcset=\"https:\/\/centcols.org\/wp-content\/uploads\/2023\/08\/profil3-11.png 901w, https:\/\/centcols.org\/wp-content\/uploads\/2023\/08\/profil3-11-768x459.png 768w, https:\/\/centcols.org\/wp-content\/uploads\/2023\/08\/profil3-11-18x12.png 18w\" sizes=\"auto, (max-width: 901px) 100vw, 901px\" \/><figcaption class=\"wp-element-caption\">From the Pont de Belleville (6 km, D+ 413 m)<\/figcaption><\/figure>\n<\/div>\n\n<div class=\"wp-block-image\">\n<figure class=\"aligncenter size-full is-resized\"><img loading=\"lazy\" decoding=\"async\" width=\"1014\" height=\"600\" src=\"https:\/\/centcols.org\/wp-content\/uploads\/2023\/08\/Profil21.png\" alt=\"\" class=\"wp-image-89744\" style=\"width:800px\" srcset=\"https:\/\/centcols.org\/wp-content\/uploads\/2023\/08\/Profil21.png 1014w, https:\/\/centcols.org\/wp-content\/uploads\/2023\/08\/Profil21-768x454.png 768w, https:\/\/centcols.org\/wp-content\/uploads\/2023\/08\/Profil21-18x12.png 18w\" sizes=\"auto, (max-width: 1014px) 100vw, 1014px\" \/><figcaption class=\"wp-element-caption\">Via the Villardgondran switchbacks (17 km, D+: 1038 m)<\/figcaption><\/figure>\n<\/div>\n\n<div class=\"wp-block-image\">\n<figure class=\"aligncenter size-full is-resized\"><img loading=\"lazy\" decoding=\"async\" width=\"1200\" height=\"600\" src=\"https:\/\/centcols.org\/wp-content\/uploads\/2023\/08\/Profil1-1200x6001-1.png\" alt=\"\" class=\"wp-image-89745\" style=\"width:800px\" srcset=\"https:\/\/centcols.org\/wp-content\/uploads\/2023\/08\/Profil1-1200x6001-1.png 1200w, https:\/\/centcols.org\/wp-content\/uploads\/2023\/08\/Profil1-1200x6001-1-768x384.png 768w, https:\/\/centcols.org\/wp-content\/uploads\/2023\/08\/Profil1-1200x6001-1-18x9.png 18w\" sizes=\"auto, (max-width: 1200px) 100vw, 1200px\" \/><figcaption class=\"wp-element-caption\">From the Maurienne via Le Collet and la Cochette (16.9 km, D+: 1038 m)<\/figcaption><\/figure>\n<\/div>\n\n\n<p class=\"has-text-align-right\"><em><em>An article by G\u00e9rard Galland <\/em><\/em><br><em><em>with contributions from Jules Arnaud and <\/em><\/em><br><em><em>Bernard Giraudeau (for the geology section)<\/em><\/em><\/p>","protected":false},"excerpt":{"rendered":"<p>Toponymie Le col du Mollard FR-73-1638 a un toponyme qui se rencontre r\u00e9guli\u00e8rement dans les Alpes Le nom de&nbsp;Mollard, dans \u00e9crit anciennement&nbsp;molar&nbsp;ou&nbsp;molard, se rencontre r\u00e9guli\u00e8rement dans les Alpes. Le&nbsp;toponyme&nbsp;provient du latin&nbsp;molarum&nbsp;qui d\u00e9signe un hameau install\u00e9 \u00ab&nbsp;sur un mamelon \u2014&nbsp;un sommet arrondi d&rsquo;une colline\/montagne&nbsp;\u2014 ou un petit plateau&nbsp;\u00bb. A noter&nbsp;: il y a deux cols du [&hellip;]<\/p>\n","protected":false},"author":3,"featured_media":83279,"comment_status":"closed","ping_status":"open","sticky":false,"template":"","format":"standard","meta":{"_acf_changed":false,"footnotes":""},"categories":[308],"tags":[],"class_list":["post-82539","post","type-post","status-publish","format-standard","has-post-thumbnail","hentry","category-cols-en-vrac"],"acf":[],"yoast_head":"<!-- This site is optimized with the Yoast SEO plugin v27.2 - https:\/\/yoast.com\/product\/yoast-seo-wordpress\/ -->\n<title>Le col du Mollard - Club des Cent Cols<\/title>\n<meta name=\"robots\" content=\"index, follow, max-snippet:-1, max-image-preview:large, max-video-preview:-1\" \/>\n<link rel=\"canonical\" href=\"https:\/\/centcols.org\/en\/the-col-du-mollard\/\" \/>\n<meta property=\"og:locale\" content=\"en_GB\" \/>\n<meta property=\"og:type\" content=\"article\" \/>\n<meta property=\"og:title\" content=\"Le col du Mollard - Club des Cent Cols\" \/>\n<meta property=\"og:description\" content=\"Toponymie Le col du Mollard FR-73-1638 a un toponyme qui se rencontre r\u00e9guli\u00e8rement dans les Alpes Le nom de&nbsp;Mollard, dans \u00e9crit anciennement&nbsp;molar&nbsp;ou&nbsp;molard, se rencontre r\u00e9guli\u00e8rement dans les Alpes. Le&nbsp;toponyme&nbsp;provient du latin&nbsp;molarum&nbsp;qui d\u00e9signe un hameau install\u00e9 \u00ab&nbsp;sur un mamelon \u2014&nbsp;un sommet arrondi d&rsquo;une colline\/montagne&nbsp;\u2014 ou un petit plateau&nbsp;\u00bb. A noter&nbsp;: il y a deux cols du [&hellip;]\" \/>\n<meta property=\"og:url\" content=\"https:\/\/centcols.org\/en\/the-col-du-mollard\/\" \/>\n<meta property=\"og:site_name\" content=\"Club des Cent Cols\" \/>\n<meta property=\"article:publisher\" content=\"https:\/\/www.facebook.com\/groups\/5261880558\/?locale=fr_FR\" \/>\n<meta property=\"article:published_time\" content=\"2023-08-20T10:49:03+00:00\" \/>\n<meta property=\"article:modified_time\" content=\"2026-01-16T08:29:20+00:00\" \/>\n<meta property=\"og:image\" content=\"https:\/\/centcols.org\/wp-content\/uploads\/2023\/08\/mollardjpg.jpg\" \/>\n\t<meta property=\"og:image:width\" content=\"1200\" \/>\n\t<meta property=\"og:image:height\" content=\"675\" \/>\n\t<meta property=\"og:image:type\" content=\"image\/jpeg\" \/>\n<meta name=\"author\" content=\"Webmestre\" \/>\n<meta name=\"twitter:card\" content=\"summary_large_image\" \/>\n<meta name=\"twitter:label1\" content=\"Written by\" \/>\n\t<meta name=\"twitter:data1\" content=\"Webmestre\" \/>\n\t<meta name=\"twitter:label2\" content=\"Estimated reading time\" \/>\n\t<meta name=\"twitter:data2\" content=\"6 minutes\" \/>\n<script type=\"application\/ld+json\" class=\"yoast-schema-graph\">{\"@context\":\"https:\/\/schema.org\",\"@graph\":[{\"@type\":\"Article\",\"@id\":\"https:\/\/centcols.org\/le-col-du-mollard\/#article\",\"isPartOf\":{\"@id\":\"https:\/\/centcols.org\/le-col-du-mollard\/\"},\"author\":{\"name\":\"Webmestre\",\"@id\":\"https:\/\/centcols.org\/#\/schema\/person\/911b404fb133d8c913dd27cdcf71c8e5\"},\"headline\":\"Le col du Mollard\",\"datePublished\":\"2023-08-20T10:49:03+00:00\",\"dateModified\":\"2026-01-16T08:29:20+00:00\",\"mainEntityOfPage\":{\"@id\":\"https:\/\/centcols.org\/le-col-du-mollard\/\"},\"wordCount\":692,\"publisher\":{\"@id\":\"https:\/\/centcols.org\/#organization\"},\"image\":{\"@id\":\"https:\/\/centcols.org\/le-col-du-mollard\/#primaryimage\"},\"thumbnailUrl\":\"https:\/\/centcols.org\/wp-content\/uploads\/2023\/08\/mollardjpg.jpg\",\"articleSection\":[\"Cols en vrac\"],\"inLanguage\":\"en-GB\"},{\"@type\":\"WebPage\",\"@id\":\"https:\/\/centcols.org\/le-col-du-mollard\/\",\"url\":\"https:\/\/centcols.org\/le-col-du-mollard\/\",\"name\":\"Le col du Mollard - Club des Cent Cols\",\"isPartOf\":{\"@id\":\"https:\/\/centcols.org\/#website\"},\"primaryImageOfPage\":{\"@id\":\"https:\/\/centcols.org\/le-col-du-mollard\/#primaryimage\"},\"image\":{\"@id\":\"https:\/\/centcols.org\/le-col-du-mollard\/#primaryimage\"},\"thumbnailUrl\":\"https:\/\/centcols.org\/wp-content\/uploads\/2023\/08\/mollardjpg.jpg\",\"datePublished\":\"2023-08-20T10:49:03+00:00\",\"dateModified\":\"2026-01-16T08:29:20+00:00\",\"breadcrumb\":{\"@id\":\"https:\/\/centcols.org\/le-col-du-mollard\/#breadcrumb\"},\"inLanguage\":\"en-GB\",\"potentialAction\":[{\"@type\":\"ReadAction\",\"target\":[\"https:\/\/centcols.org\/le-col-du-mollard\/\"]}]},{\"@type\":\"ImageObject\",\"inLanguage\":\"en-GB\",\"@id\":\"https:\/\/centcols.org\/le-col-du-mollard\/#primaryimage\",\"url\":\"https:\/\/centcols.org\/wp-content\/uploads\/2023\/08\/mollardjpg.jpg\",\"contentUrl\":\"https:\/\/centcols.org\/wp-content\/uploads\/2023\/08\/mollardjpg.jpg\",\"width\":1200,\"height\":675},{\"@type\":\"BreadcrumbList\",\"@id\":\"https:\/\/centcols.org\/le-col-du-mollard\/#breadcrumb\",\"itemListElement\":[{\"@type\":\"ListItem\",\"position\":1,\"name\":\"Accueil\",\"item\":\"https:\/\/centcols.org\/\"},{\"@type\":\"ListItem\",\"position\":2,\"name\":\"Cols en vrac\",\"item\":\"https:\/\/centcols.org\/rubrique\/cols-en-vrac\/\"},{\"@type\":\"ListItem\",\"position\":3,\"name\":\"Le col du Mollard\"}]},{\"@type\":\"WebSite\",\"@id\":\"https:\/\/centcols.org\/#website\",\"url\":\"https:\/\/centcols.org\/\",\"name\":\"Club des Cent Cols\",\"description\":\"\",\"publisher\":{\"@id\":\"https:\/\/centcols.org\/#organization\"},\"potentialAction\":[{\"@type\":\"SearchAction\",\"target\":{\"@type\":\"EntryPoint\",\"urlTemplate\":\"https:\/\/centcols.org\/?s={search_term_string}\"},\"query-input\":{\"@type\":\"PropertyValueSpecification\",\"valueRequired\":true,\"valueName\":\"search_term_string\"}}],\"inLanguage\":\"en-GB\"},{\"@type\":\"Organization\",\"@id\":\"https:\/\/centcols.org\/#organization\",\"name\":\"Club des Cent Cols\",\"url\":\"https:\/\/centcols.org\/\",\"logo\":{\"@type\":\"ImageObject\",\"inLanguage\":\"en-GB\",\"@id\":\"https:\/\/centcols.org\/#\/schema\/logo\/image\/\",\"url\":\"https:\/\/centcols.org\/wp-content\/uploads\/2025\/01\/carte-icone.png\",\"contentUrl\":\"https:\/\/centcols.org\/wp-content\/uploads\/2025\/01\/carte-icone.png\",\"width\":250,\"height\":250,\"caption\":\"Club des Cent Cols\"},\"image\":{\"@id\":\"https:\/\/centcols.org\/#\/schema\/logo\/image\/\"},\"sameAs\":[\"https:\/\/www.facebook.com\/groups\/5261880558\/?locale=fr_FR\"]},{\"@type\":\"Person\",\"@id\":\"https:\/\/centcols.org\/#\/schema\/person\/911b404fb133d8c913dd27cdcf71c8e5\",\"name\":\"Webmestre\",\"image\":{\"@type\":\"ImageObject\",\"inLanguage\":\"en-GB\",\"@id\":\"https:\/\/centcols.org\/wp-content\/litespeed\/avatar\/2d246e4b6b4f773e08515e1ffc53690b.jpg?ver=1777222892\",\"url\":\"https:\/\/centcols.org\/wp-content\/litespeed\/avatar\/2d246e4b6b4f773e08515e1ffc53690b.jpg?ver=1777222892\",\"contentUrl\":\"https:\/\/centcols.org\/wp-content\/litespeed\/avatar\/2d246e4b6b4f773e08515e1ffc53690b.jpg?ver=1777222892\",\"caption\":\"Webmestre\"},\"url\":\"https:\/\/centcols.org\/en\/author\/webmestre\/\"}]}<\/script>\n<!-- \/ Yoast SEO plugin. -->","yoast_head_json":{"title":"The Col du Mollard - Club des Cent Cols","robots":{"index":"index","follow":"follow","max-snippet":"max-snippet:-1","max-image-preview":"max-image-preview:large","max-video-preview":"max-video-preview:-1"},"canonical":"https:\/\/centcols.org\/en\/the-col-du-mollard\/","og_locale":"en_GB","og_type":"article","og_title":"Le col du Mollard - Club des Cent Cols","og_description":"Toponymie Le col du Mollard FR-73-1638 a un toponyme qui se rencontre r\u00e9guli\u00e8rement dans les Alpes Le nom de&nbsp;Mollard, dans \u00e9crit anciennement&nbsp;molar&nbsp;ou&nbsp;molard, se rencontre r\u00e9guli\u00e8rement dans les Alpes. Le&nbsp;toponyme&nbsp;provient du latin&nbsp;molarum&nbsp;qui d\u00e9signe un hameau install\u00e9 \u00ab&nbsp;sur un mamelon \u2014&nbsp;un sommet arrondi d&rsquo;une colline\/montagne&nbsp;\u2014 ou un petit plateau&nbsp;\u00bb. A noter&nbsp;: il y a deux cols du [&hellip;]","og_url":"https:\/\/centcols.org\/en\/the-col-du-mollard\/","og_site_name":"Club des Cent Cols","article_publisher":"https:\/\/www.facebook.com\/groups\/5261880558\/?locale=fr_FR","article_published_time":"2023-08-20T10:49:03+00:00","article_modified_time":"2026-01-16T08:29:20+00:00","og_image":[{"width":1200,"height":675,"url":"https:\/\/centcols.org\/wp-content\/uploads\/2023\/08\/mollardjpg.jpg","type":"image\/jpeg"}],"author":"Webmestre","twitter_card":"summary_large_image","twitter_misc":{"Written by":"Webmestre","Estimated reading time":"6 minutes"},"schema":{"@context":"https:\/\/schema.org","@graph":[{"@type":"Article","@id":"https:\/\/centcols.org\/le-col-du-mollard\/#article","isPartOf":{"@id":"https:\/\/centcols.org\/le-col-du-mollard\/"},"author":{"name":"Webmestre","@id":"https:\/\/centcols.org\/#\/schema\/person\/911b404fb133d8c913dd27cdcf71c8e5"},"headline":"Le col du Mollard","datePublished":"2023-08-20T10:49:03+00:00","dateModified":"2026-01-16T08:29:20+00:00","mainEntityOfPage":{"@id":"https:\/\/centcols.org\/le-col-du-mollard\/"},"wordCount":692,"publisher":{"@id":"https:\/\/centcols.org\/#organization"},"image":{"@id":"https:\/\/centcols.org\/le-col-du-mollard\/#primaryimage"},"thumbnailUrl":"https:\/\/centcols.org\/wp-content\/uploads\/2023\/08\/mollardjpg.jpg","articleSection":["Cols en vrac"],"inLanguage":"en-GB"},{"@type":"WebPage","@id":"https:\/\/centcols.org\/le-col-du-mollard\/","url":"https:\/\/centcols.org\/le-col-du-mollard\/","name":"The Col du Mollard - Club des Cent Cols","isPartOf":{"@id":"https:\/\/centcols.org\/#website"},"primaryImageOfPage":{"@id":"https:\/\/centcols.org\/le-col-du-mollard\/#primaryimage"},"image":{"@id":"https:\/\/centcols.org\/le-col-du-mollard\/#primaryimage"},"thumbnailUrl":"https:\/\/centcols.org\/wp-content\/uploads\/2023\/08\/mollardjpg.jpg","datePublished":"2023-08-20T10:49:03+00:00","dateModified":"2026-01-16T08:29:20+00:00","breadcrumb":{"@id":"https:\/\/centcols.org\/le-col-du-mollard\/#breadcrumb"},"inLanguage":"en-GB","potentialAction":[{"@type":"ReadAction","target":["https:\/\/centcols.org\/le-col-du-mollard\/"]}]},{"@type":"ImageObject","inLanguage":"en-GB","@id":"https:\/\/centcols.org\/le-col-du-mollard\/#primaryimage","url":"https:\/\/centcols.org\/wp-content\/uploads\/2023\/08\/mollardjpg.jpg","contentUrl":"https:\/\/centcols.org\/wp-content\/uploads\/2023\/08\/mollardjpg.jpg","width":1200,"height":675},{"@type":"BreadcrumbList","@id":"https:\/\/centcols.org\/le-col-du-mollard\/#breadcrumb","itemListElement":[{"@type":"ListItem","position":1,"name":"Accueil","item":"https:\/\/centcols.org\/"},{"@type":"ListItem","position":2,"name":"Cols en vrac","item":"https:\/\/centcols.org\/rubrique\/cols-en-vrac\/"},{"@type":"ListItem","position":3,"name":"Le col du Mollard"}]},{"@type":"WebSite","@id":"https:\/\/centcols.org\/#website","url":"https:\/\/centcols.org\/","name":"Club des Cent Cols","description":"","publisher":{"@id":"https:\/\/centcols.org\/#organization"},"potentialAction":[{"@type":"SearchAction","target":{"@type":"EntryPoint","urlTemplate":"https:\/\/centcols.org\/?s={search_term_string}"},"query-input":{"@type":"PropertyValueSpecification","valueRequired":true,"valueName":"search_term_string"}}],"inLanguage":"en-GB"},{"@type":"Organization","@id":"https:\/\/centcols.org\/#organization","name":"Club des Cent Cols","url":"https:\/\/centcols.org\/","logo":{"@type":"ImageObject","inLanguage":"en-GB","@id":"https:\/\/centcols.org\/#\/schema\/logo\/image\/","url":"https:\/\/centcols.org\/wp-content\/uploads\/2025\/01\/carte-icone.png","contentUrl":"https:\/\/centcols.org\/wp-content\/uploads\/2025\/01\/carte-icone.png","width":250,"height":250,"caption":"Club des Cent Cols"},"image":{"@id":"https:\/\/centcols.org\/#\/schema\/logo\/image\/"},"sameAs":["https:\/\/www.facebook.com\/groups\/5261880558\/?locale=fr_FR"]},{"@type":"Person","@id":"https:\/\/centcols.org\/#\/schema\/person\/911b404fb133d8c913dd27cdcf71c8e5","name":"Webmaster","image":{"@type":"ImageObject","inLanguage":"en-GB","@id":"https:\/\/centcols.org\/wp-content\/litespeed\/avatar\/2d246e4b6b4f773e08515e1ffc53690b.jpg?ver=1777222892","url":"https:\/\/centcols.org\/wp-content\/litespeed\/avatar\/2d246e4b6b4f773e08515e1ffc53690b.jpg?ver=1777222892","contentUrl":"https:\/\/centcols.org\/wp-content\/litespeed\/avatar\/2d246e4b6b4f773e08515e1ffc53690b.jpg?ver=1777222892","caption":"Webmestre"},"url":"https:\/\/centcols.org\/en\/author\/webmestre\/"}]}},"_links":{"self":[{"href":"https:\/\/centcols.org\/en\/wp-json\/wp\/v2\/posts\/82539","targetHints":{"allow":["GET"]}}],"collection":[{"href":"https:\/\/centcols.org\/en\/wp-json\/wp\/v2\/posts"}],"about":[{"href":"https:\/\/centcols.org\/en\/wp-json\/wp\/v2\/types\/post"}],"author":[{"embeddable":true,"href":"https:\/\/centcols.org\/en\/wp-json\/wp\/v2\/users\/3"}],"replies":[{"embeddable":true,"href":"https:\/\/centcols.org\/en\/wp-json\/wp\/v2\/comments?post=82539"}],"version-history":[{"count":0,"href":"https:\/\/centcols.org\/en\/wp-json\/wp\/v2\/posts\/82539\/revisions"}],"wp:featuredmedia":[{"embeddable":true,"href":"https:\/\/centcols.org\/en\/wp-json\/wp\/v2\/media\/83279"}],"wp:attachment":[{"href":"https:\/\/centcols.org\/en\/wp-json\/wp\/v2\/media?parent=82539"}],"wp:term":[{"taxonomy":"category","embeddable":true,"href":"https:\/\/centcols.org\/en\/wp-json\/wp\/v2\/categories?post=82539"},{"taxonomy":"post_tag","embeddable":true,"href":"https:\/\/centcols.org\/en\/wp-json\/wp\/v2\/tags?post=82539"}],"curies":[{"name":"wp","href":"https:\/\/api.w.org\/{rel}","templated":true}]}}