{"id":82569,"date":"2024-01-22T17:08:40","date_gmt":"2024-01-22T15:08:40","guid":{"rendered":"https:\/\/centcols.org\/sejour-dete-a-vogue-29-juin-au-06-juillet-2024\/"},"modified":"2025-08-27T18:03:56","modified_gmt":"2025-08-27T16:03:56","slug":"stay-2024-vogue","status":"publish","type":"post","link":"https:\/\/centcols.org\/en\/sejour-2024-vogue\/","title":{"rendered":"Summer holiday in Vog\u00fce, 29 June to 06 July 2024"},"content":{"rendered":"\n<p><em>Ont contribu\u00e9 \u00e0 cette page de pr\u00e9sentation du s\u00e9jour Enrico Alberini, Jean Luc Matte, Christophe Badonnel et les responsables informatiques.<\/em><\/p>\n\n\n\n<p>Le s\u00e9jour d\u2019\u00e9t\u00e9 2024 se d\u00e9roulera du 29 juin au 06 juillet 2024 dans le d\u00e9partement de l\u2019Ard\u00e8che. Il a \u00e9t\u00e9 pr\u00e9par\u00e9 par une petite \u00e9quipe&nbsp; : Corinne Dameron, Roland Dameron et Bernard Pommel.<\/p>\n\n\n\n<p>Nous s\u00e9journerons dans le village vacances \u201cDomaine Lou Capitelle\u201d.<\/p>\n\n\n        <div class=\"toc-wrapper\" data-columns=\"3\"\n            data-headings=\"[{&quot;level&quot;:2,&quot;text&quot;:&quot;Pr\\u00e9sentation de la r\\u00e9gion&quot;,&quot;id&quot;:&quot;0-pr%C3%A9sentation-de-la-r%C3%A9gion&quot;,&quot;page&quot;:1,&quot;existing_id&quot;:true},{&quot;level&quot;:2,&quot;text&quot;:&quot;Circuits&quot;,&quot;id&quot;:&quot;1-circuits&quot;,&quot;page&quot;:1,&quot;existing_id&quot;:true},{&quot;level&quot;:3,&quot;text&quot;:&quot;Parcours ccTours Vog\\u00fc\\u00e9 2024&quot;,&quot;id&quot;:&quot;2-parcours-cctours-vog%C3%BC%C3%A9-2024-&quot;,&quot;page&quot;:1,&quot;existing_id&quot;:true},{&quot;level&quot;:2,&quot;text&quot;:&quot;Le rassemblement international annuel Jean Perdoux&quot;,&quot;id&quot;:&quot;3-le-rassemblement-international-annuel-jean-perdoux&quot;,&quot;page&quot;:1,&quot;existing_id&quot;:true},{&quot;level&quot;:2,&quot;text&quot;:&quot;H\\u00e9bergement&quot;,&quot;id&quot;:&quot;4-h%C3%A9bergement&quot;,&quot;page&quot;:1,&quot;existing_id&quot;:true},{&quot;level&quot;:2,&quot;text&quot;:&quot;Note du Conseil d\\u2019Administration&quot;,&quot;id&quot;:&quot;heading-1751057926500-5&quot;,&quot;page&quot;:1,&quot;existing_id&quot;:true},{&quot;level&quot;:2,&quot;text&quot;:&quot;Inscriptions&quot;,&quot;id&quot;:&quot;5-inscriptions&quot;,&quot;page&quot;:1,&quot;existing_id&quot;:true},{&quot;level&quot;:3,&quot;text&quot;:&quot;T\\u00e9l\\u00e9charger le bulletin \\\/ download the booking form \\\/ scarica il modulo&quot;,&quot;id&quot;:&quot;6-t%C3%A9l%C3%A9charger-le-bulletin-download-the-booking-form-scarica-il-modulo&quot;,&quot;page&quot;:1,&quot;existing_id&quot;:true},{&quot;level&quot;:2,&quot;text&quot;:&quot;Livret&quot;,&quot;id&quot;:&quot;7-livret&quot;,&quot;page&quot;:1,&quot;existing_id&quot;:true},{&quot;level&quot;:2,&quot;text&quot;:&quot;Autres activit\\u00e9s ou visites&quot;,&quot;id&quot;:&quot;8-autres-activit%C3%A9s-ou-visites&quot;,&quot;page&quot;:1,&quot;existing_id&quot;:true},{&quot;level&quot;:4,&quot;text&quot;:&quot;randonn\\u00e9es p\\u00e9destres&quot;,&quot;id&quot;:&quot;9-randonn%C3%A9es-p%C3%A9destre-s&quot;,&quot;page&quot;:1,&quot;existing_id&quot;:true}]\"\n            data-current-page=\"1\"\n            data-base-url=\"https:\/\/centcols.org\/en\/sejour-2024-vogue\/\">\n            <div class=\"toc-title\">\n                Table des mati\u00e8res            <\/div>\n            <div class=\"toc-content\" style=\"column-count: 3;\">\n                <ul class=\"toc-list\"><li class=\"toc-item toc-level-2\"><a href=\"#0-pr%C3%A9sentation-de-la-r%C3%A9gion\" class=\"toc-link\" data-same-page=\"true\">Pr\u00e9sentation de la r\u00e9gion<\/a><\/li><li class=\"toc-item toc-level-2\"><a href=\"#1-circuits\" class=\"toc-link\" data-same-page=\"true\">Circuits<\/a><ul class=\"toc-sublist\"><li class=\"toc-item toc-level-3\"><a href=\"#2-parcours-cctours-vog%C3%BC%C3%A9-2024-\" class=\"toc-link\" data-same-page=\"true\">Parcours ccTours Vog\u00fc\u00e9 2024<\/a><\/li><\/ul><\/li><li class=\"toc-item toc-level-2\"><a href=\"#3-le-rassemblement-international-annuel-jean-perdoux\" class=\"toc-link\" data-same-page=\"true\">Le rassemblement international annuel Jean Perdoux<\/a><\/li><li class=\"toc-item toc-level-2\"><a href=\"#4-h%C3%A9bergement\" class=\"toc-link\" data-same-page=\"true\">H\u00e9bergement<\/a><\/li><li class=\"toc-item toc-level-2\"><a href=\"#heading-1751057926500-5\" class=\"toc-link\" data-same-page=\"true\">Note du Conseil d\u2019Administration<\/a><\/li><li class=\"toc-item toc-level-2\"><a href=\"#5-inscriptions\" class=\"toc-link\" data-same-page=\"true\">Inscriptions<\/a><ul class=\"toc-sublist\"><li class=\"toc-item toc-level-3\"><a href=\"#6-t%C3%A9l%C3%A9charger-le-bulletin-download-the-booking-form-scarica-il-modulo\" class=\"toc-link\" data-same-page=\"true\">T\u00e9l\u00e9charger le bulletin \/ download the booking form \/ scarica il modulo<\/a><\/li><\/ul><\/li><li class=\"toc-item toc-level-2\"><a href=\"#7-livret\" class=\"toc-link\" data-same-page=\"true\">Livret<\/a><\/li><li class=\"toc-item toc-level-2\"><a href=\"#8-autres-activit%C3%A9s-ou-visites\" class=\"toc-link\" data-same-page=\"true\">Autres activit\u00e9s ou visites<\/a><ul class=\"toc-sublist\"><li class=\"toc-item toc-level-4\"><a href=\"#9-randonn%C3%A9es-p%C3%A9destre-s\" class=\"toc-link\" data-same-page=\"true\">randonn\u00e9es p\u00e9destres<\/a><\/li><\/ul><\/li><\/ul>            <\/div>\n        <\/div>\n    \n\n\n<h2 class=\"wp-block-heading\" id=\"0-pr%C3%A9sentation-de-la-r%C3%A9gion\">Pr\u00e9sentation de la r\u00e9gion<\/h2>\n\n\n\n<p>Situ\u00e9 dans la r\u00e9gion Auvergne-Rh\u00f4ne-Alpes, nich\u00e9 au coeur des paysages pittoresques de l\u2019Ard\u00e8che m\u00e9ridionale, Vog\u00fce s\u2019est construit \u00e0 l\u2019abri des vents, au pied d\u2019une falaise de cinquante m\u00e8tres de haut, le long de la rivi\u00e8re Ard\u00e8che.<\/p>\n\n\n<p><div class=\"leaflet-map WPLeafletMap\" style=\"height:700px; width:100%;\"><\/div><script>\nwindow.WPLeafletMapPlugin = window.WPLeafletMapPlugin || [];\nwindow.WPLeafletMapPlugin.push(function WPLeafletMapShortcode() {\/*<script>*\/\nvar baseUrl = atob('aHR0cHM6Ly90aWxlLm9wZW5zdHJlZXRtYXAub3JnL3t6fS97eH0ve3l9LnBuZw==');\nvar base = (!baseUrl && window.MQ) ?\n    window.MQ.mapLayer() : L.tileLayer(baseUrl,\n        L.Util.extend({}, {\n            detectRetina: 0,\n        },\n        {\"subdomains\":\"abc\",\"noWrap\":false,\"maxZoom\":19}        )\n    );\n    var options = L.Util.extend({}, {\n        layers: [base],\n        attributionControl: false\n    },\n    {\"zoomControl\":false,\"scrollWheelZoom\":false,\"doubleClickZoom\":false,\"fitBounds\":false,\"minZoom\":0,\"maxZoom\":19,\"maxBounds\":null,\"attribution\":\"<a href=\\\"http:\\\/\\\/leafletjs.com\\\" title=\\\"Une biblioth\\u00e8que JS pour des cartes interactives\\\">Leaflet<\\\/a>; \\u00a9 <a href=\\\"http:\\\/\\\/www.openstreetmap.org\\\/copyright\\\">OpenStreetMap<\\\/a> contributeurs\\\/contributrices\"},\n    {});\nwindow.WPLeafletMapPlugin.createMap(options).setView([44.547,4.414],12);});<\/script><br \/>\n<script>\nwindow.WPLeafletMapPlugin = window.WPLeafletMapPlugin || [];\nwindow.WPLeafletMapPlugin.push(function WPLeafletMarkerShortcode() {\/*<script>*\/\nvar map = window.WPLeafletMapPlugin.getCurrentMap();\nvar group = window.WPLeafletMapPlugin.getCurrentGroup();\nvar marker_options = window.WPLeafletMapPlugin.getIconOptions({\"iconUrl\":\"\\\/res\\\/lib\\\/leaflet\\\/images\\\/hotel.png\",\"iconSize\":\"24,72\",\"popupAnchor\":\"0,-32\"});\nvar marker = L.marker(\n    [44.547,4.414],\n    marker_options\n);\nvar is_image = map.is_image_map;\nif (marker_options.draggable) {\n    marker.on('dragend', function () {\n        var latlng = this.getLatLng();\n        var lat = latlng.lat;\n        var lng = latlng.lng;\n        if (is_image) {\n            console.log('leaflet-marker y=' + lat + ' x=' + lng);\n        } else {\n            console.log('leaflet-marker lat=' + lat + ' lng=' + lng);\n        }\n    });\n}\nmarker.addTo( group );\nmarker.bindPopup(window.WPLeafletMapPlugin.unescape('Lou Capitelle'));window.WPLeafletMapPlugin.markers.push( marker );\n        });<\/script><\/p>\n\n\n<div class=\"wp-block-image\">\n<figure data-wp-context=\"{&quot;imageId&quot;:&quot;69f3853e02e85&quot;}\" data-wp-interactive=\"core\/image\" data-wp-key=\"69f3853e02e85\" class=\"aligncenter size-full is-resized wp-lightbox-container\"><img loading=\"lazy\" decoding=\"async\" width=\"1200\" height=\"798\" data-wp-class--hide=\"state.isContentHidden\" data-wp-class--show=\"state.isContentVisible\" data-wp-init=\"callbacks.setButtonStyles\" data-wp-on--click=\"actions.showLightbox\" data-wp-on--load=\"callbacks.setButtonStyles\" data-wp-on-window--resize=\"callbacks.setButtonStyles\" src=\"https:\/\/centcols.org\/wp-content\/uploads\/2025\/05\/chateau-\u00a9loucapitelle.jpg\" alt=\"\" class=\"wp-image-82570\" style=\"width:800px\" srcset=\"https:\/\/centcols.org\/wp-content\/uploads\/2025\/05\/chateau-\u00a9loucapitelle.jpg 1200w, https:\/\/centcols.org\/wp-content\/uploads\/2025\/05\/chateau-\u00a9loucapitelle-768x511.jpg 768w\" sizes=\"auto, (max-width: 1200px) 100vw, 1200px\" \/><button\n\t\t\tclass=\"lightbox-trigger\"\n\t\t\ttype=\"button\"\n\t\t\taria-haspopup=\"dialog\"\n\t\t\taria-label=\"Enlarge\"\n\t\t\tdata-wp-init=\"callbacks.initTriggerButton\"\n\t\t\tdata-wp-on--click=\"actions.showLightbox\"\n\t\t\tdata-wp-style--right=\"state.imageButtonRight\"\n\t\t\tdata-wp-style--top=\"state.imageButtonTop\"\n\t\t>\n\t\t\t<svg xmlns=\"http:\/\/www.w3.org\/2000\/svg\" width=\"12\" height=\"12\" fill=\"none\" viewBox=\"0 0 12 12\">\n\t\t\t\t<path fill=\"#fff\" d=\"M2 0a2 2 0 0 0-2 2v2h1.5V2a.5.5 0 0 1 .5-.5h2V0H2Zm2 10.5H2a.5.5 0 0 1-.5-.5V8H0v2a2 2 0 0 0 2 2h2v-1.5ZM8 12v-1.5h2a.5.5 0 0 0 .5-.5V8H12v2a2 2 0 0 1-2 2H8Zm2-12a2 2 0 0 1 2 2v2h-1.5V2a.5.5 0 0 0-.5-.5H8V0h2Z\" \/>\n\t\t\t<\/svg>\n\t\t<\/button><figcaption class=\"wp-element-caption\">ch\u00e2teau \u00a9loucapitelle<\/figcaption><\/figure>\n<\/div>\n\n\n<p>\u00c0 proximit\u00e9 des gorges de l\u2019Ard\u00e8che, ce village pittoresque est class\u00e9 parmi les \u201cPlus beaux villages de France\u201d et est appr\u00e9ci\u00e9 pour son cadre naturel exceptionnel, son architecture m\u00e9di\u00e9vale et son atmosph\u00e8re authentique.<\/p>\n\n\n\n<p>Les traces d\u2019occupation humaine remontent \u00e0 la Pr\u00e9histoire, mais ce n\u2019est qu\u2019au Moyen-\u00e2ge que le village conna\u00eet v\u00e9ritablement un essor important. Fond\u00e9 par les seigneurs de Vog\u00fce au XII\u00e8me si\u00e8cle, il se d\u00e9veloppe rapidement autour de son ch\u00e2teau. C\u2019est l\u2019un des joyaux historiques du village, reconstruit au XVII\u00e8me si\u00e8cle, il est ouvert au public et abrite des salles d\u2019exposition. A quelques pas du ch\u00e2teau se trouve l\u2019\u00e9glise Sainte Marie, \u00e9difi\u00e9e sur l\u2019emplacement d\u2019un ancien prieur\u00e9 b\u00e9n\u00e9dictin. Elle fut enti\u00e8rement reconstruite en 1691, apr\u00e8s les guerres de religion.<\/p>\n\n\n\n<p>En se promenant dans les ruelles \u00e9troites, il est impossible de ne pas remarquer les maisons de pierre, typiques de la r\u00e9gion. Certaines de ces maisons datent du XVII\u00e8me si\u00e8cle. Jusqu\u2019en 1940, les carriers exploitaient la pierre bleue de Vog\u00fce. Ils habitaient rue des balcons o\u00f9 les escaliers t\u00e9moignent de leur savoir-faire.<\/p>\n\n\n\n<p>Aujourd\u2019hui, le village vit principalement du tourisme gr\u00e2ce \u00e0 ses trois labels : Plus beau village de France, Village de caract\u00e8re et la Via Ard\u00e8che.<\/p>\n\n\n\n<p>Depuis le Domaine Lou Capitelle, vous pourrez vous lancer \u00e0 la d\u00e9couverte des merveilles des C\u00e9vennes ard\u00e9choises, du massif du Tanargue, du plateau du M\u00e9zenc ou du Gerbier de Jonc. Vous d\u00e9couvrirez les gorges de l\u2019Ard\u00e8che, le fameux Pont d\u2019Arc, la grotte Chauvet, les villages de Joyeuse, Largenti\u00e8re et les ch\u00e2teaux de Montr\u00e9al, de Joannas.<\/p>\n\n\n\n<p>Vous d\u00e9gusterez les criques, les caillettes, la maoche et les innombrables sp\u00e9cialit\u00e9s \u00e0 la ch\u00e2taigne, autre embl\u00e8me de ce beau pays. Vous terminerez votre repas par un picodon, arros\u00e9 de syrah ou de viognier, suivi d\u2019un macaron de Joyeuse, sp\u00e9cialit\u00e9 de la ville depuis 1851.<\/p>\n\n\n\n<p>Et surtout, il y aura des cols, plus de 60 aussi bien routiers que muletiers.<\/p>\n\n\n\n<p><a href=\"https:\/\/www.francetvinfo.fr\/culture\/patrimoine\/ardeche-a-la-decouverte-du-village-de-vogue_6064170.html\" target=\"_blank\" rel=\"noreferrer noopener\">A la d\u00e9couverte du village de l\u2019Ard\u00e8che<\/a><\/p>\n\n\n\n<h2 class=\"wp-block-heading\" id=\"1-circuits\">Circuits<\/h2>\n\n\n\n<h3 class=\"wp-block-heading\" id=\"2-parcours-cctours-vog%C3%BC%C3%A9-2024-\"><a href=\"https:\/\/centcols.org\/membres\/cctours\/tours.php?lieu=Vog%C3%BC%C3%A9&amp;an=2024\" target=\"_blank\" rel=\"noreferrer noopener\">Parcours ccTours Vog\u00fc\u00e9 2024<\/a><\/h3>\n\n\n\n<p>Parcours route<\/p>\n\n\n\n<div class=\"wp-block-columns is-layout-flex wp-container-core-columns-is-layout-9d6595d7 wp-block-columns-is-layout-flex\">\n<div class=\"wp-block-column is-layout-flow wp-block-column-is-layout-flow\">\n<ul class=\"wp-block-list\">\n<li><a href=\"https:\/\/www.openrunner.com\/route-details\/18412376\" target=\"_blank\" rel=\"noreferrer noopener\">R0 Rassemblement Juvinas<\/a><\/li>\n\n\n\n<li><a href=\"https:\/\/www.openrunner.com\/route-details\/18412405\" target=\"_blank\" rel=\"noreferrer noopener\">R 1 la corniche du Vivarais<\/a><\/li>\n\n\n\n<li><a href=\"https:\/\/www.openrunner.com\/route-details\/18412426\" target=\"_blank\" rel=\"noreferrer noopener\">R 2 des c\u00f4tes et des croix<\/a><\/li>\n<\/ul>\n<\/div>\n\n\n\n<div class=\"wp-block-column is-layout-flow wp-block-column-is-layout-flow\">\n<ul class=\"wp-block-list\">\n<li><a href=\"https:\/\/www.openrunner.com\/route-details\/18412440\" target=\"_blank\" rel=\"noreferrer noopener\">R 3 autour d&rsquo;Aubenas<\/a><\/li>\n\n\n\n<li><a href=\"https:\/\/www.openrunner.com\/route-details\/18412461\" target=\"_blank\" rel=\"noreferrer noopener\">R 4 cols en stock<\/a><\/li>\n\n\n\n<li><a href=\"https:\/\/www.openrunner.com\/route-details\/18412484\" target=\"_blank\" rel=\"noreferrer noopener\">R 5 ch\u00e2teaux et chemins<\/a><\/li>\n<\/ul>\n<\/div>\n\n\n\n<div class=\"wp-block-column is-layout-flow wp-block-column-is-layout-flow\">\n<ul class=\"wp-block-list\">\n<li><a href=\"https:\/\/www.openrunner.com\/route-details\/18412495\" target=\"_blank\" rel=\"noreferrer noopener\">R 6 petites routes, grands bonheurs<\/a><\/li>\n\n\n\n<li><a href=\"https:\/\/www.openrunner.com\/route-details\/18412514\" target=\"_blank\" rel=\"noreferrer noopener\">R 7 les gorges d\u00e9ploy\u00e9es<\/a><\/li>\n\n\n\n<li><a href=\"https:\/\/www.openrunner.com\/route-details\/18412537\" target=\"_blank\" rel=\"noreferrer noopener\">R 8 des serres et des coulets<\/a><\/li>\n<\/ul>\n<\/div>\n<\/div>\n\n\n\n<p>localisation des parcours routiers<\/p>\n\n\n\n<p>Parcours VTT<\/p>\n\n\n\n<div class=\"wp-block-columns is-layout-flex wp-container-core-columns-is-layout-9d6595d7 wp-block-columns-is-layout-flex\">\n<div class=\"wp-block-column is-layout-flow wp-block-column-is-layout-flow\">\n<ul class=\"wp-block-list\">\n<li><a href=\"https:\/\/www.openrunner.com\/route-details\/18412626\" target=\"_blank\" rel=\"noreferrer noopener\">V0 Rassemblement Juvinas<\/a><\/li>\n\n\n\n<li><a href=\"https:\/\/www.openrunner.com\/route-details\/18412640\" target=\"_blank\" rel=\"noreferrer noopener\">V 1 Grospierres<\/a><\/li>\n\n\n\n<li><a href=\"https:\/\/www.openrunner.com\/route-details\/18412652\" target=\"_blank\" rel=\"noreferrer noopener\">V 2 Lagorce<\/a><\/li>\n<\/ul>\n<\/div>\n\n\n\n<div class=\"wp-block-column is-layout-flow wp-block-column-is-layout-flow\">\n<ul class=\"wp-block-list\">\n<li><a href=\"https:\/\/www.openrunner.com\/route-details\/18412672\" target=\"_blank\" rel=\"noreferrer noopener\">V 3 Joannas<\/a><\/li>\n\n\n\n<li><a href=\"https:\/\/www.openrunner.com\/route-details\/18412685\" target=\"_blank\" rel=\"noreferrer noopener\">V 4 col d&rsquo;Auriolles<\/a><\/li>\n\n\n\n<li><a href=\"https:\/\/www.openrunner.com\/route-details\/18412875\" target=\"_blank\" rel=\"noreferrer noopener\">V 5 Vals-les-Bains<\/a><\/li>\n<\/ul>\n<\/div>\n\n\n\n<div class=\"wp-block-column is-layout-flow wp-block-column-is-layout-flow\">\n<ul class=\"wp-block-list\">\n<li><a href=\"https:\/\/www.openrunner.com\/route-details\/18412903\" target=\"_blank\" rel=\"noreferrer noopener\">V 6 Beaumont<\/a><\/li>\n\n\n\n<li><a href=\"https:\/\/www.openrunner.com\/route-details\/18412936\" target=\"_blank\" rel=\"noreferrer noopener\">V 7 Saint-Joseph-des-Bancs<\/a><\/li>\n\n\n\n<li><a href=\"https:\/\/www.openrunner.com\/route-details\/18412964\" target=\"_blank\" rel=\"noreferrer noopener\">V 8 Vals-les-Bains<\/a><\/li>\n<\/ul>\n<\/div>\n<\/div>\n\n\n\n<p>localisation des parcours VTT<\/p>\n\n\n\n<h2 class=\"wp-block-heading\" id=\"3-le-rassemblement-international-annuel-jean-perdoux\">Le rassemblement international annuel Jean Perdoux<\/h2>\n\n\n\n<p>Le traditionnel rassemblement international annuel aura lieu le dimanche 30 juin 2024 \u00e0 partir de 11H00 sur la commune de Juvinas \u00e0 proximit\u00e9 du <a href=\"https:\/\/centcols.org\/util\/geo\/visu.php?code=FR-07-0718\" target=\"_blank\" rel=\"noreferrer noopener\">col de Juvinas FR-07-0718<\/a>.<\/p>\n\n\n\n<figure class=\"wp-block-gallery has-nested-images columns-default is-cropped wp-block-gallery-1 is-layout-flex wp-block-gallery-is-layout-flex\">\n<figure class=\"wp-block-image size-full\"><a href=\"https:\/\/centcols.org\/wp-content\/uploads\/2024\/01\/col-de-Juvinas.jpg\"><img loading=\"lazy\" decoding=\"async\" width=\"1200\" height=\"900\" data-id=\"85832\" src=\"https:\/\/centcols.org\/wp-content\/uploads\/2024\/01\/col-de-Juvinas.jpg\" alt=\"\" class=\"wp-image-85832\" srcset=\"https:\/\/centcols.org\/wp-content\/uploads\/2024\/01\/col-de-Juvinas.jpg 1200w, https:\/\/centcols.org\/wp-content\/uploads\/2024\/01\/col-de-Juvinas-768x576.jpg 768w\" sizes=\"auto, (max-width: 1200px) 100vw, 1200px\" \/><\/a><figcaption class=\"wp-element-caption\">col de Juvinas \u00a9 Luc Rioland<\/figcaption><\/figure>\n\n\n\n<figure class=\"wp-block-image size-full\"><a href=\"https:\/\/centcols.org\/wp-content\/uploads\/2024\/01\/JUVINAS.jpg\"><img loading=\"lazy\" decoding=\"async\" width=\"1200\" height=\"900\" data-id=\"85833\" src=\"https:\/\/centcols.org\/wp-content\/uploads\/2024\/01\/JUVINAS.jpg\" alt=\"\" class=\"wp-image-85833\" srcset=\"https:\/\/centcols.org\/wp-content\/uploads\/2024\/01\/JUVINAS.jpg 1200w, https:\/\/centcols.org\/wp-content\/uploads\/2024\/01\/JUVINAS-768x576.jpg 768w\" sizes=\"auto, (max-width: 1200px) 100vw, 1200px\" \/><\/a><figcaption class=\"wp-element-caption\">vue sur le village du Juvinas \u00a9mairie Juvinas<\/figcaption><\/figure>\n<\/figure>\n\n\n\n<p>Un buffet ap\u00e9ritif sera servi sur place et tous nos membres pourront en b\u00e9n\u00e9ficier et pas uniquement aux personnes inscrites en pension compl\u00e8te. Il suffira juste de s\u2019inscrire \u00e0 ce repas d\u00e9port\u00e9 (voir \u00e0 la rubrique inscriptions).<\/p>\n\n\n\n<p><a href=\"https:\/\/www.aubenas-vals.com\/video\/1-minute-col-de-juvinas-ardeche-drone\/\" target=\"_blank\" rel=\"noreferrer noopener\">Vue du col en drone<\/a><\/p>\n\n\n\n<h2 class=\"wp-block-heading\" id=\"4-h%C3%A9bergement\">H\u00e9bergement<\/h2>\n\n\n\n<p>Le Domaine Lou Capitelle nous accueillera au c\u0153ur d\u2019un site exceptionnel en bord de rivi\u00e8re face aux falaises calcaires du d\u00e9but des Gorges de l\u2019Ard\u00e8che. Vous serez log\u00e9s dans des chambres de 18m2 avec deux lits jumeaux en&nbsp; 90 cm et d\u2019une salle d\u2019eau avec toilettes s\u00e9par\u00e9s. Possibilit\u00e9 de chambre individuelle. Le linge de lit et les serviettes de toilettes sont fournies et chang\u00e9es une fois pendant le s\u00e9jour. Les repas (petit-d\u00e9jeuner et d\u00eener) seront pris dans une salle panoramique avec une vue imprenable sur le village de Vog\u00fce.<\/p>\n\n\n\n<p>Vous aurez acc\u00e8s gratuitement \u00e0 l\u2019espace piscine int\u00e9rieure avec bain bouillonnant, jets hydromassants, jacuzzi. Pensez \u00e0 apporter votre maillot de bain (short de bain interdit).<\/p>\n\n\n\n<figure class=\"wp-block-gallery has-nested-images columns-3 is-cropped wp-block-gallery-2 is-layout-flex wp-block-gallery-is-layout-flex\">\n<figure class=\"wp-block-image size-full\"><a href=\"https:\/\/centcols.org\/wp-content\/uploads\/2024\/01\/SALLE-DE-RESTAURANT.jpg\"><img loading=\"lazy\" decoding=\"async\" width=\"1200\" height=\"800\" data-id=\"85834\" src=\"https:\/\/centcols.org\/wp-content\/uploads\/2024\/01\/SALLE-DE-RESTAURANT.jpg\" alt=\"\" class=\"wp-image-85834\" srcset=\"https:\/\/centcols.org\/wp-content\/uploads\/2024\/01\/SALLE-DE-RESTAURANT.jpg 1200w, https:\/\/centcols.org\/wp-content\/uploads\/2024\/01\/SALLE-DE-RESTAURANT-768x512.jpg 768w\" sizes=\"auto, (max-width: 1200px) 100vw, 1200px\" \/><\/a><figcaption class=\"wp-element-caption\">salle de restaurant \u00a9loucapitelle<\/figcaption><\/figure>\n\n\n\n<figure class=\"wp-block-image size-full\"><a href=\"https:\/\/centcols.org\/wp-content\/uploads\/2024\/01\/Chambre-Lou-Capitelle.jpg\"><img loading=\"lazy\" decoding=\"async\" width=\"1200\" height=\"800\" data-id=\"85835\" src=\"https:\/\/centcols.org\/wp-content\/uploads\/2024\/01\/Chambre-Lou-Capitelle.jpg\" alt=\"\" class=\"wp-image-85835\" srcset=\"https:\/\/centcols.org\/wp-content\/uploads\/2024\/01\/Chambre-Lou-Capitelle.jpg 1200w, https:\/\/centcols.org\/wp-content\/uploads\/2024\/01\/Chambre-Lou-Capitelle-768x512.jpg 768w\" sizes=\"auto, (max-width: 1200px) 100vw, 1200px\" \/><\/a><figcaption class=\"wp-element-caption\">chambre \u00a9loucapitelle<\/figcaption><\/figure>\n\n\n\n<figure class=\"wp-block-image size-full\"><a href=\"https:\/\/centcols.org\/wp-content\/uploads\/2024\/01\/Piscine-Lou-Capitelle.jpg\"><img loading=\"lazy\" decoding=\"async\" width=\"1200\" height=\"800\" data-id=\"85837\" src=\"https:\/\/centcols.org\/wp-content\/uploads\/2024\/01\/Piscine-Lou-Capitelle.jpg\" alt=\"\" class=\"wp-image-85837\" srcset=\"https:\/\/centcols.org\/wp-content\/uploads\/2024\/01\/Piscine-Lou-Capitelle.jpg 1200w, https:\/\/centcols.org\/wp-content\/uploads\/2024\/01\/Piscine-Lou-Capitelle-768x512.jpg 768w\" sizes=\"auto, (max-width: 1200px) 100vw, 1200px\" \/><\/a><figcaption class=\"wp-element-caption\">piscine \u00a9loucapitelle<\/figcaption><\/figure>\n<\/figure>\n\n\n\n<div class=\"wp-block-columns is-layout-flex wp-container-core-columns-is-layout-9d6595d7 wp-block-columns-is-layout-flex\">\n<div class=\"wp-block-column is-layout-flow wp-block-column-is-layout-flow\" style=\"flex-basis:50%\">\n<p>L\u2019espace d\u00e9tente hammam et sauna est accessible avec un suppl\u00e9ment.<\/p>\n\n\n\n<p>Domaine Lou Capitelle<br>470 rue du Pigeonnier<br>07200 Vog\u00fce<\/p>\n\n\n\n<p>Autres h\u00e9bergements<\/p>\n\n\n\n<p>Camping Oasis des Garrigues<br>290 chemin de l\u2019Auzon<br>07200 Vog\u00fce<\/p>\n\n\n\n<p><\/p>\n<\/div>\n\n\n\n<div class=\"wp-block-column has-very-light-gray-background-color has-background is-layout-flow wp-block-column-is-layout-flow\" style=\"flex-basis:50%\">\n<h2 class=\"wp-block-heading has-text-align-center\" id=\"heading-1751057926500-5\">Note du Conseil d\u2019Administration<\/h2>\n\n\n<div class=\"wp-block-image\">\n<figure class=\"aligncenter size-full\"><img loading=\"lazy\" decoding=\"async\" width=\"100\" height=\"100\" src=\"https:\/\/centcols.org\/wp-content\/uploads\/2025\/08\/icons8-note-100.png\" alt=\"\" class=\"wp-image-88085\" srcset=\"https:\/\/centcols.org\/wp-content\/uploads\/2025\/08\/icons8-note-100.png 100w, https:\/\/centcols.org\/wp-content\/uploads\/2025\/08\/icons8-note-100-12x12.png 12w\" sizes=\"auto, (max-width: 100px) 100vw, 100px\" \/><\/figure>\n<\/div>\n\n\n<p>Si vous organisez votre h\u00e9bergement ailleurs que dans le centre de s\u00e9jour, n\u2019oubliez pas de vous inscrire en tant que \u00ab Simple Participant \u00bb :<\/p>\n\n\n\n<ul class=\"wp-block-list\">\n<li>Afin de pouvoir dimensionner correctement les \u00e9v\u00e9nements communs (sessions d\u2019information, boissons de bienvenue et de cl\u00f4ture).<\/li>\n\n\n\n<li>Pour pouvoir fournir le livret de vacances.<\/li>\n\n\n\n<li>Afin d\u2019assurer une bonne r\u00e9partition des co\u00fbts de pr\u00e9paration et d\u2019organisation.<\/li>\n<\/ul>\n<\/div>\n<\/div>\n\n\n\n<div style=\"height:18px\" aria-hidden=\"true\" class=\"wp-block-spacer\"><\/div>\n\n\n\n<h2 class=\"wp-block-heading\" id=\"5-inscriptions\">Inscriptions<\/h2>\n\n\n        <div class=\"toggle-content-wrapper\">\n            <div class=\"visible-text\">\n                Pour vous inscrire, t\u00e9l\u00e9chargez le bulletin d\u2019inscription PDF avec le lien ci-dessous. Attention, le bulletin d\u2019inscription comprend deux pages : l\u2019inscription proprement dite (veillez \u00e0 bien remplir toutes les rubriques qui vous concernent et \u00e0 signer au bas de la page), et les conditions particuli\u00e8res que vous voudrez bien signer \u00e9galement. Si vous envisagez de vous faire accompagner par votre compagnon\/compagne veillez bien \u00e0 l\u2019inscrire auparavant comme membre associ\u00e9 aupr\u00e8s de votre D\u00e9l\u00e9gu\u00e9 Territorial ou National et n\u2019oubliez pas de \u2026 par d\u00e9faut&#8230;            <\/div>\n            <div class=\"toggle-controls\">\n                <button class=\"toggle-btn read-more-btn\"\n                    data-show-text=\"Afficher moins\"\n                    data-hide-text=\"Lire la suite\">\n                    Lire la suite                <\/button>\n            <\/div>\n            <div class=\"hidden-text\" style=\"display: none;\">\n                mettre son N\u00b0 de membre associ\u00e9 dans la case pr\u00e9vue.<br>\u201cLe Forfait Frais d\u2019Organisation\u201d doit \u00eatre souscrit par tous les membres participant au s\u00e9jour (qu\u2019ils choisissent la pension compl\u00e8te, le forfait 7 d\u00eeners, ou qu\u2019ils se logent et se nourrissent par leur propres moyens) \u00e0 l\u2019exception des seuls membres associ\u00e9s (d\u00e9cision du CA du 26 septembre 2020). Ce forfait est une participation \u00e0 toutes les prestations et services dont ils b\u00e9n\u00e9ficient en prenant part au s\u00e9jour : co\u00fbt de la pr\u00e9paration du s\u00e9jour et des circuits, \u00e9dition des cartes affich\u00e9es et du trombinoscope, plaquette du s\u00e9jour, organisation des activit\u00e9s des accompagnants, assurance du Club, etc.<br>Les s\u00e9jours n\u2019\u00e9tant accessibles, pour des raisons l\u00e9gales, qu\u2019aux seuls membres du Club, veillez \u00e0 \u00eatre \u00e0 jour de cotisation avant d\u2019envoyer votre bulletin d\u2019inscription<br>Vous pouvez choisir les formules :<br>\u201cPension Compl\u00e8te\u201d \u00e0\u00a0527\u20ac auquel vous devez rajouter le forfait \u201cfrais d\u2019organisation\u201d \u00e0 16\u20ac soit un total de\u00a0\u00a0543 euros<br>\u201cForfait 7 d\u00eeners\u201d \u00e0\u00a0164\u20ac si vous vous logez par vos propres moyens mais souhaitez partager les d\u00eeners avec vos amis. Vous devez rajouter le forfait \u201cfrais d\u2019organisation \u00e0\u00a0 16\u20ac soit un total de\u00a0180 euros<br><br>\u201cForfait frais d\u2019organisation\u201d \u00e0\u00a0 16\u20ac si vous logez et assurez vos d\u00eeners par vos propres moyens (sauf les membres associ\u00e9s)<br>Souscription facultative \u00e0 l\u2019assurance Gritchen (2,34 % du montant des prestations avec un minimum de 8\u20ac par personne soit 16\u20ac pour un couple)<br>Si vous n\u2019\u00eates pas licenci\u00e9 FFCT, ajoutez l\u2019assurance obligatoire \u00e0 7\u20ac par personne<br><br>Si vous \u00eates un couple dont un membre est membre associ\u00e9 non licenci\u00e9 \u00e0 la FFCT et que vous souhaitez souscrire \u00e0 l\u2019assurance Gritchen, vous choisissez deux forfaits \u00e0\u00a0 527 euros, un forfait frais d\u2019organisation \u00e0\u00a0 16 euros soit un total de\u00a01070 euros, vous ajoutez l\u2019assurance Gritchen 2,34 % x\u00a01070 euros =\u00a025,03 euros (qui est sup\u00e9rieur au minimum de 16 euros) et l\u2019assurance non FFCT \u00e0 7 euros soit un total de 1102,03 euros<br>Vous pouvez r\u00e9gler le montant de l\u2019inscription par ch\u00e8que ou par virement sur le compte du Club. Compte tenu des frais suppl\u00e9mentaires factur\u00e9s par l\u2019organisme qui le g\u00e8re, nous ne prenons pas de paiement par PayPal. L\u2019affectation des membres se fait dans l\u2019ordre d\u2019envoi du ch\u00e8que ou d\u2019\u00e9mission du virement. Pour le premier, c\u2019est le cachet de la Poste qui fait foi, pour le second, veillez \u00e0 nous envoyer une copie de l\u2019ordre de virement. Si le s\u00e9jour est complet, une liste d\u2019attente est mise en place, elle fonctionne avec les m\u00eames r\u00e8gles de priorit\u00e9 d\u2019affectation que les inscriptions directes. Trombinoscope<strong> :<\/strong> Si vous n\u2019avez pas encore fourni votre photo pour le trombinoscope et souhaitez y figurer, pensez \u00e0 cocher la case correspondante et \u00e0 nous faire parvenir par mail une photo au format JPG. Des informations compl\u00e9mentaires seront diffus\u00e9es ult\u00e9rieurement sur le site que vous pouvez consulter r\u00e9guli\u00e8rement. A chaque fois, le responsable des s\u00e9jours met un petit mail sur la liste de diffusion. Si vous souhaitez recevoir ces mails, nous vous invitons \u00e0 vous inscrire sur la liste de diffusion, si vous ne l\u2019avez pas encore fait. Si vous avez des questions n\u2019h\u00e9sitez pas \u00e0 appeler le responsable du s\u00e9jour : +33 6 78 87 33 67.Texte masqu\u00e9 par d\u00e9faut&#8230;            <\/div>\n            <div class=\"toggle-controls-bottom\" style=\"display: none;\">\n                <button class=\"toggle-btn show-less-btn\"\n                    data-show-text=\"Afficher moins\"\n                    data-hide-text=\"Lire la suite\">\n                    Afficher moins                <\/button>\n            <\/div>\n        <\/div>\n    \n\n\n<h3 class=\"wp-block-heading\" id=\"6-t%C3%A9l%C3%A9charger-le-bulletin-download-the-booking-form-scarica-il-modulo\">T\u00e9l\u00e9charger le bulletin \/ download the booking form \/ scarica il modulo<\/h3>\n\n\n\n<p>Bulletin d\u2019Inscription Vog\u00fce en fran\u00e7ais<\/p>\n\n\n\n<p>Booking form Vog\u00fce in English<\/p>\n\n\n\n<p>Modulo d\u2019iscrizione Vog\u00fce in italiano<\/p>\n\n\n\n<p><strong>La date limite de r\u00e9ception des inscriptions a \u00e9t\u00e9 fix\u00e9e au &nbsp;14\/05\/2024 .<\/strong><\/p>\n\n\n\n<h2 class=\"wp-block-heading\" id=\"7-livret\">Livret<\/h2>\n\n\n\n<p>Vous pouvez feuilleter <strong><a href=\"\/wp-content\/uploads\/2025\/08\/livret-vogue-Jean-Perdoux-2024-04-08-GG.pdf\" target=\"_blank\" rel=\"noreferrer noopener\">ici<\/a><\/strong> le Livret qui sera distribu\u00e9 lors du s\u00e9jour et qui contient, outre les messages de bienvenue, des informations sur la r\u00e9gion et sur l\u2019acc\u00e8s, des \u00e9l\u00e9ments sur la s\u00e9curit\u00e9 et le descriptif d\u00e9taill\u00e9 des circuits.<\/p>\n\n\n\n<p>Dans cette version num\u00e9rique, vous pouvez visualiser les cols sur carte et afficher leurs photos par un clic sur le code de chaque col (dans les pages 10,11 et 36,37 du programme pr\u00e9visionnel route et VTT)<\/p>\n\n\n<div class=\"wp-block-image\">\n<figure class=\"aligncenter size-full\"><a href=\"\/wp-content\/uploads\/2025\/08\/livret-vogue-Jean-Perdoux-2024-04-08-GG.pdf\" target=\"_blank\" rel=\"noreferrer noopener\"><img loading=\"lazy\" decoding=\"async\" width=\"353\" height=\"500\" src=\"https:\/\/centcols.org\/wp-content\/uploads\/2024\/01\/livret-Vogue-page-1.jpg\" alt=\"\" class=\"wp-image-85842\"\/><\/a><\/figure>\n<\/div>\n\n\n<h2 class=\"wp-block-heading\" id=\"8-autres-activit%C3%A9s-ou-visites\">Autres activit\u00e9s ou visites<\/h2>\n\n\n\n<ul class=\"wp-block-list\">\n<li>Aubenas : ch\u00e2teau d\u2019Aubenas appel\u00e9 \u00e9galement ch\u00e2teau de Montlaur, D\u00f4me St-Benoit, maison Delich\u00e8res, \u00e9difice d\u2019architecture gothique orn\u00e9e de gargouilles sculpt\u00e9es dans le gr\u00e8s, \u00e9glise Saint-Laurent, h\u00f4tel Goudard-Ruelle, chapelle des Cordeliers et sa cr\u00e8me de marron (Sabaton, Imbert).<\/li>\n<\/ul>\n\n\n\n<p><a href=\"https:\/\/www.patrimoine-ardeche.com\/visites\/aubenas.htm\" target=\"_blank\" rel=\"noreferrer noopener\">cit\u00e9 d\u2019Aubenas<\/a><\/p>\n\n\n\n<ul class=\"wp-block-list\">\n<li>Privas : pr\u00e9fecture de l\u2019Ard\u00e8che, tour Diane de Poitiers, <a href=\"https:\/\/www.ardeche-buissonniere.fr\/preparer-et-reserver\/decouvrir\/a-denicher\/107207_le-pont-louis-xiii\/\" target=\"_blank\" rel=\"noreferrer noopener\">pont Louis XIII<\/a>, <a href=\"https:\/\/www.privas.fr\/decouvrir-bouger\/histoire-et-patrimoine\/patrimoine-naturel\" target=\"_blank\" rel=\"noreferrer noopener\">site de Montoulon<\/a>, <a href=\"https:\/\/www.clementfaugier.fr\/fr\/accueil\" target=\"_blank\" rel=\"noreferrer noopener\">capitale du marron glac\u00e9<\/a><\/li>\n\n\n\n<li>Les nombreux villages m\u00e9di\u00e9vaux : Alba-la-Romaine, Balazuc, Labeaume, Ruoms, Beaulieu, Banne, Boucieu-le-Roi, Vallon Pont-d\u2019Arc, Naves, Saint-Laurent-sous-Coiron<\/li>\n\n\n\n<li>Les nombreux ch\u00e2teaux : Joyeuse, Montr\u00e9al, Joannas, Vog\u00fce, Rochemaure, <a href=\"https:\/\/www.chateauhautsegur.fr\/francais\/accueil_fr.htm\" target=\"_blank\" rel=\"noreferrer noopener\">Hauts\u00e9gur<\/a><\/li>\n\n\n\n<li>Les nombreuses grottes : <a href=\"https:\/\/www.grotte-ardeche.com\/\" target=\"_blank\" rel=\"noreferrer noopener\">grotte St-Marcel-d\u2019Ard\u00e8che<\/a>, <a href=\"https:\/\/www.grottemadeleine.com\/\" target=\"_blank\" rel=\"noreferrer noopener\">grotte de la Madeleine<\/a>, <a href=\"https:\/\/www.orgnac.com\/\" target=\"_blank\" rel=\"noreferrer noopener\">l\u2019Aven d\u2019Orgnac<\/a> Grand site de France, la cit\u00e9 de la Pr\u00e9histoire, <a href=\"https:\/\/www.grottechauvet2ardeche.com\/\" target=\"_blank\" rel=\"noreferrer noopener\">la grotte Chauvet 2 Ard\u00e8che<\/a>, plus grande r\u00e9plique de cavit\u00e9 au monde, restitue la magie de la grotte Chauvet<\/li>\n\n\n\n<li><a href=\"https:\/\/www.parc-monts-ardeche.fr\/\" target=\"_blank\" rel=\"noreferrer noopener\">Parc naturel r\u00e9gional des Monts d\u2019Ard\u00e8che<\/a><\/li>\n<\/ul>\n\n\n\n<p>Le massif du Tanargue s\u2019\u00e9tend entre trois vall\u00e9es : la Beaume, la Borne et le Lignon. Ce massif s\u2019\u00e9tend au sud-ouest du d\u00e9partement de l\u2019Ard\u00e8che, \u00e0 proximit\u00e9 du Gard et de la Loz\u00e8re (son point culminant est le Grand Tanargue \u00e0 1511 m\u00e8tres).<\/p>\n\n\n\n<p>La Maison du Parc, la Maison des Monts d\u2019Ard\u00e8che, au c\u0153ur du Domaine de Rochemure sur la commune de Jaujac.<\/p>\n\n\n\n<ul class=\"wp-block-list\">\n<li><a href=\"https:\/\/www.gerbier-de-jonc.fr\/FR\/home.html\" target=\"_blank\" rel=\"noreferrer noopener\">Le Mont Gerbier de Jonc<\/a><\/li>\n<\/ul>\n\n\n\n<p>A la d\u00e9couverte des trois sources qui donnent naissance au plus long fleuve de France : la Loire<\/p>\n\n\n\n<p>Faire l\u2019ascension du plus c\u00e9l\u00e8bre suc de l\u2019Ard\u00e8che qui culmine \u00e0 1551 m\u00e8tres<\/p>\n\n\n\n<p>La Maison de site du Gerbier de Jonc<\/p>\n\n\n\n<ul class=\"wp-block-list\">\n<li><a href=\"https:\/\/www.bois-de-paiolive.org\/\" target=\"_blank\" rel=\"noreferrer noopener\">le bois de Pa\u00efolive<\/a><\/li>\n<\/ul>\n\n\n\n<p>\u201cHabit\u00e9\u201d d\u2019\u00e9tranges et inimitables sculptures de blocs de calcaires d\u00e9chiquet\u00e9s et d\u00e9fi\u00e9s par l\u2019\u00e9rosion. Envo\u00fbtant et \u00e9nigmatique, ce chaos min\u00e9ral et v\u00e9g\u00e9tal invite \u00e0 l\u2019exploration.<\/p>\n\n\n\n<ul class=\"wp-block-list\">\n<li><a href=\"https:\/\/via-ardeche.fr\/\" target=\"_blank\" rel=\"noreferrer noopener\">La Via Ard\u00e8che<\/a> : est une piste cyclable (voie verte) longue de 53 km, construite sur d\u2019anciennes voies ferr\u00e9es<\/li>\n\n\n\n<li><a href=\"https:\/\/www.vals-les-bains.fr\/la-source-intermittente-2\/\" target=\"_blank\" rel=\"noreferrer noopener\">la source Intermittente de Vals-les-Bains<\/a> : il s\u2019agit d\u2019un geyser qui jaillit 4 fois par jour. Parfois, le jet est discret, et les grands jours, il peut atteindre 15 m\u00e8tres de haut ! Mais \u00e7a, c\u2019est la nature qui d\u00e9cide.<\/li>\n\n\n\n<li>Divers<\/li>\n<\/ul>\n\n\n\n<p>Faire la route de Vallon Pont-d\u2019Arc \u00e0 Saint-Martin-d\u2019Ard\u00e8che : 29 km, elle surplombe les gorges en rive gauche, 11 belv\u00e9d\u00e8res y sont am\u00e9nag\u00e9s<\/p>\n\n\n\n<p>Descendre les gorges en kayak au d\u00e9part de Vog\u00fce<\/p>\n\n\n\n<p><a href=\"https:\/\/www.gorges-ardeche-pontdarc.fr\/decouverte-ardeche\/sites-naturels-ardeche\/cascade-de-rochecolombe-ardeche\/\" target=\"_blank\" rel=\"noreferrer noopener\">La cascade de Rochecolombe<\/a>, <a href=\"https:\/\/www.cevennes-ardeche.com\/cevennes-dardeche\/vous-allez-adorer\/les-gorges-du-chassezac\/\" target=\"_blank\" rel=\"noreferrer noopener\">les gorges du Chassezac<\/a>, <a href=\"https:\/\/www.gorges-ardeche-pontdarc.fr\/decouverte-ardeche\/sites-naturels-ardeche\/cirque-de-gens-ardeche\/\" target=\"_blank\" rel=\"noreferrer noopener\">cirque de Gens<\/a>, <a href=\"https:\/\/www.ardeche-guide.com\/lieux-de-visites\/patrimoine-naturel\/defiles-de-ruoms-161676\" target=\"_blank\" rel=\"noreferrer noopener\">d\u00e9fil\u00e9 de Ruoms<\/a>, <a href=\"https:\/\/destination.cevennes-parcnational.fr\/fr\/trek\/42378-Viaduc-de-Doulovy\" target=\"_blank\" rel=\"noreferrer noopener\">viaduc de Doulovy<\/a><\/p>\n\n\n\n<h4 class=\"wp-block-heading\" id=\"9-randonn%C3%A9es-p%C3%A9destre-s\"><strong>randonn\u00e9es p\u00e9destre<\/strong>s<\/h4>\n\n\n\n<ul class=\"wp-block-list\">\n<li><a href=\"https:\/\/www.openrunner.com\/route-details\/18114892\" target=\"_blank\" rel=\"noreferrer noopener\">Petite boucle \u00e0 partir de Vog\u00fc\u00e9<\/a><\/li>\n\n\n\n<li><a href=\"https:\/\/www.openrunner.com\/route-details\/18114881\" target=\"_blank\" rel=\"noreferrer noopener\">De Vog\u00fc\u00e9 \u00e0 Balazuc<\/a><\/li>\n\n\n\n<li><a href=\"https:\/\/www.openrunner.com\/route-details\/18114877\" target=\"_blank\" rel=\"noreferrer noopener\">Autour de Rochecolombe<\/a><\/li>\n\n\n\n<li><a href=\"https:\/\/www.openrunner.com\/route-details\/18114864\" target=\"_blank\" rel=\"noreferrer noopener\">Au-dessus de Vog\u00fc\u00e9 \u00e0 partir des Chazes<\/a><\/li>\n<\/ul>\n","protected":false},"excerpt":{"rendered":"<p>The 2024 summer holiday will take place from 29 June to 06 July 2024 in the Ard\u00e8che department. It has been put together by a small team: Corinne Dameron, Roland Dameron and Bernard Pommel. Located in the Auvergne-Rh\u00f4ne-Alpes region, nestled in the picturesque countryside of the southern Ard\u00e8che, Vog\u00fce was built sheltered from the wind at the foot of a fifty-metre-high cliff along the banks of the Ard\u00e8che river.<\/p>","protected":false},"author":64,"featured_media":82570,"comment_status":"closed","ping_status":"open","sticky":false,"template":"","format":"standard","meta":{"_acf_changed":false,"footnotes":""},"categories":[349,367,365,135,363,231],"tags":[],"class_list":["post-82569","post","type-post","status-publish","format-standard","has-post-thumbnail","hentry","category-france-pays-sejours","category-auvergne-rhone-alpes-region-sejours","category-07-ardeche","category-calendrier","category-massif-central-massif-sejours","category-sejours"],"acf":[],"yoast_head":"<!-- This site is optimized with the Yoast SEO plugin v27.2 - https:\/\/yoast.com\/product\/yoast-seo-wordpress\/ -->\n<title>S\u00e9jour d\u2019\u00e9t\u00e9 \u00e0 Vog\u00fce, 29 juin au 06 juillet 2024 - Club des Cent Cols<\/title>\n<meta name=\"robots\" content=\"index, follow, max-snippet:-1, max-image-preview:large, max-video-preview:-1\" \/>\n<link rel=\"canonical\" href=\"https:\/\/centcols.org\/en\/stay-2024-vogue\/\" \/>\n<meta property=\"og:locale\" content=\"en_GB\" \/>\n<meta property=\"og:type\" content=\"article\" \/>\n<meta property=\"og:title\" content=\"S\u00e9jour d\u2019\u00e9t\u00e9 \u00e0 Vog\u00fce, 29 juin au 06 juillet 2024 - Club des Cent Cols\" \/>\n<meta property=\"og:description\" content=\"Le s\u00e9jour d\u2019\u00e9t\u00e9 2024 se d\u00e9roulera du 29 juin au 06 juillet 2024 dans le d\u00e9partement de l\u2019Ard\u00e8che. Il a \u00e9t\u00e9 pr\u00e9par\u00e9 par une petite \u00e9quipe\u00a0 : Corinne Dameron, Roland Dameron et Bernard Pommel. Situ\u00e9 dans la r\u00e9gion Auvergne-Rh\u00f4ne-Alpes, nich\u00e9 au coeur des paysages pittoresques de l\u2019Ard\u00e8che m\u00e9ridionale, Vog\u00fce s\u2019est construit \u00e0 l\u2019abri des vents, au pied d\u2019une falaise de cinquante m\u00e8tres de haut, le long de la rivi\u00e8re Ard\u00e8che.\" \/>\n<meta property=\"og:url\" content=\"https:\/\/centcols.org\/en\/stay-2024-vogue\/\" \/>\n<meta property=\"og:site_name\" content=\"Club des Cent Cols\" \/>\n<meta property=\"article:publisher\" content=\"https:\/\/www.facebook.com\/groups\/5261880558\/?locale=fr_FR\" \/>\n<meta property=\"article:published_time\" content=\"2024-01-22T15:08:40+00:00\" \/>\n<meta property=\"article:modified_time\" content=\"2025-08-27T16:03:56+00:00\" \/>\n<meta property=\"og:image\" content=\"https:\/\/centcols.org\/wp-content\/uploads\/2025\/05\/chateau-\u00a9loucapitelle.jpg\" \/>\n\t<meta property=\"og:image:width\" content=\"1200\" \/>\n\t<meta property=\"og:image:height\" content=\"798\" \/>\n\t<meta property=\"og:image:type\" content=\"image\/jpeg\" \/>\n<meta name=\"author\" content=\"Christophe Badonnel\" \/>\n<meta name=\"twitter:card\" content=\"summary_large_image\" \/>\n<meta name=\"twitter:label1\" content=\"Written by\" \/>\n\t<meta name=\"twitter:data1\" content=\"Christophe Badonnel\" \/>\n\t<meta name=\"twitter:label2\" content=\"Estimated reading time\" \/>\n\t<meta name=\"twitter:data2\" content=\"9 minutes\" \/>\n<script type=\"application\/ld+json\" class=\"yoast-schema-graph\">{\"@context\":\"https:\/\/schema.org\",\"@graph\":[{\"@type\":\"Article\",\"@id\":\"https:\/\/centcols.org\/sejour-2024-vogue\/#article\",\"isPartOf\":{\"@id\":\"https:\/\/centcols.org\/sejour-2024-vogue\/\"},\"author\":{\"name\":\"Christophe Badonnel\",\"@id\":\"https:\/\/centcols.org\/#\/schema\/person\/5c1a9d61132fb33ccec149272abff6e1\"},\"headline\":\"S\u00e9jour d\u2019\u00e9t\u00e9 \u00e0 Vog\u00fce, 29 juin au 06 juillet 2024\",\"datePublished\":\"2024-01-22T15:08:40+00:00\",\"dateModified\":\"2025-08-27T16:03:56+00:00\",\"mainEntityOfPage\":{\"@id\":\"https:\/\/centcols.org\/sejour-2024-vogue\/\"},\"wordCount\":1532,\"publisher\":{\"@id\":\"https:\/\/centcols.org\/#organization\"},\"image\":{\"@id\":\"https:\/\/centcols.org\/sejour-2024-vogue\/#primaryimage\"},\"thumbnailUrl\":\"https:\/\/centcols.org\/wp-content\/uploads\/2025\/05\/chateau-\u00a9loucapitelle.jpg\",\"articleSection\":[\"France\",\"Auvergne-Rh\u00f4ne-Alpes\",\"07-Ard\u00e8che\",\"Calendrier\",\"Massif Central\",\"S\u00e9jours du Club des Cent Cols\"],\"inLanguage\":\"en-GB\"},{\"@type\":\"WebPage\",\"@id\":\"https:\/\/centcols.org\/sejour-2024-vogue\/\",\"url\":\"https:\/\/centcols.org\/sejour-2024-vogue\/\",\"name\":\"S\u00e9jour d\u2019\u00e9t\u00e9 \u00e0 Vog\u00fce, 29 juin au 06 juillet 2024 - Club des Cent Cols\",\"isPartOf\":{\"@id\":\"https:\/\/centcols.org\/#website\"},\"primaryImageOfPage\":{\"@id\":\"https:\/\/centcols.org\/sejour-2024-vogue\/#primaryimage\"},\"image\":{\"@id\":\"https:\/\/centcols.org\/sejour-2024-vogue\/#primaryimage\"},\"thumbnailUrl\":\"https:\/\/centcols.org\/wp-content\/uploads\/2025\/05\/chateau-\u00a9loucapitelle.jpg\",\"datePublished\":\"2024-01-22T15:08:40+00:00\",\"dateModified\":\"2025-08-27T16:03:56+00:00\",\"breadcrumb\":{\"@id\":\"https:\/\/centcols.org\/sejour-2024-vogue\/#breadcrumb\"},\"inLanguage\":\"en-GB\",\"potentialAction\":[{\"@type\":\"ReadAction\",\"target\":[\"https:\/\/centcols.org\/sejour-2024-vogue\/\"]}]},{\"@type\":\"ImageObject\",\"inLanguage\":\"en-GB\",\"@id\":\"https:\/\/centcols.org\/sejour-2024-vogue\/#primaryimage\",\"url\":\"https:\/\/centcols.org\/wp-content\/uploads\/2025\/05\/chateau-\u00a9loucapitelle.jpg\",\"contentUrl\":\"https:\/\/centcols.org\/wp-content\/uploads\/2025\/05\/chateau-\u00a9loucapitelle.jpg\",\"width\":1200,\"height\":798},{\"@type\":\"BreadcrumbList\",\"@id\":\"https:\/\/centcols.org\/sejour-2024-vogue\/#breadcrumb\",\"itemListElement\":[{\"@type\":\"ListItem\",\"position\":1,\"name\":\"Accueil\",\"item\":\"https:\/\/centcols.org\/\"},{\"@type\":\"ListItem\",\"position\":2,\"name\":\"S\u00e9jours du Club des Cent Cols\",\"item\":\"https:\/\/centcols.org\/rubrique\/sejours\/\"},{\"@type\":\"ListItem\",\"position\":3,\"name\":\"Pays\",\"item\":\"https:\/\/centcols.org\/rubrique\/sejours\/pays-sejours\/\"},{\"@type\":\"ListItem\",\"position\":4,\"name\":\"France\",\"item\":\"https:\/\/centcols.org\/rubrique\/sejours\/pays-sejours\/france-pays-sejours\/\"},{\"@type\":\"ListItem\",\"position\":5,\"name\":\"S\u00e9jour d\u2019\u00e9t\u00e9 \u00e0 Vog\u00fce, 29 juin au 06 juillet 2024\"}]},{\"@type\":\"WebSite\",\"@id\":\"https:\/\/centcols.org\/#website\",\"url\":\"https:\/\/centcols.org\/\",\"name\":\"Club des Cent Cols\",\"description\":\"\",\"publisher\":{\"@id\":\"https:\/\/centcols.org\/#organization\"},\"potentialAction\":[{\"@type\":\"SearchAction\",\"target\":{\"@type\":\"EntryPoint\",\"urlTemplate\":\"https:\/\/centcols.org\/?s={search_term_string}\"},\"query-input\":{\"@type\":\"PropertyValueSpecification\",\"valueRequired\":true,\"valueName\":\"search_term_string\"}}],\"inLanguage\":\"en-GB\"},{\"@type\":\"Organization\",\"@id\":\"https:\/\/centcols.org\/#organization\",\"name\":\"Club des Cent Cols\",\"url\":\"https:\/\/centcols.org\/\",\"logo\":{\"@type\":\"ImageObject\",\"inLanguage\":\"en-GB\",\"@id\":\"https:\/\/centcols.org\/#\/schema\/logo\/image\/\",\"url\":\"https:\/\/centcols.org\/wp-content\/uploads\/2025\/01\/carte-icone.png\",\"contentUrl\":\"https:\/\/centcols.org\/wp-content\/uploads\/2025\/01\/carte-icone.png\",\"width\":250,\"height\":250,\"caption\":\"Club des Cent Cols\"},\"image\":{\"@id\":\"https:\/\/centcols.org\/#\/schema\/logo\/image\/\"},\"sameAs\":[\"https:\/\/www.facebook.com\/groups\/5261880558\/?locale=fr_FR\"]},{\"@type\":\"Person\",\"@id\":\"https:\/\/centcols.org\/#\/schema\/person\/5c1a9d61132fb33ccec149272abff6e1\",\"name\":\"Christophe Badonnel\",\"image\":{\"@type\":\"ImageObject\",\"inLanguage\":\"en-GB\",\"@id\":\"https:\/\/centcols.org\/wp-content\/litespeed\/avatar\/9f363966b51271bd99ebbb6ebd632889.jpg?ver=1777238111\",\"url\":\"https:\/\/centcols.org\/wp-content\/litespeed\/avatar\/9f363966b51271bd99ebbb6ebd632889.jpg?ver=1777238111\",\"contentUrl\":\"https:\/\/centcols.org\/wp-content\/litespeed\/avatar\/9f363966b51271bd99ebbb6ebd632889.jpg?ver=1777238111\",\"caption\":\"Christophe Badonnel\"},\"url\":\"https:\/\/centcols.org\/en\/author\/5799\/\"}]}<\/script>\n<!-- \/ Yoast SEO plugin. -->","yoast_head_json":{"title":"Summer holiday in Vog\u00fce, 29 June to 06 July 2024 - Club des Cent Cols","robots":{"index":"index","follow":"follow","max-snippet":"max-snippet:-1","max-image-preview":"max-image-preview:large","max-video-preview":"max-video-preview:-1"},"canonical":"https:\/\/centcols.org\/en\/stay-2024-vogue\/","og_locale":"en_GB","og_type":"article","og_title":"S\u00e9jour d\u2019\u00e9t\u00e9 \u00e0 Vog\u00fce, 29 juin au 06 juillet 2024 - Club des Cent Cols","og_description":"Le s\u00e9jour d\u2019\u00e9t\u00e9 2024 se d\u00e9roulera du 29 juin au 06 juillet 2024 dans le d\u00e9partement de l\u2019Ard\u00e8che. Il a \u00e9t\u00e9 pr\u00e9par\u00e9 par une petite \u00e9quipe\u00a0 : Corinne Dameron, Roland Dameron et Bernard Pommel. Situ\u00e9 dans la r\u00e9gion Auvergne-Rh\u00f4ne-Alpes, nich\u00e9 au coeur des paysages pittoresques de l\u2019Ard\u00e8che m\u00e9ridionale, Vog\u00fce s\u2019est construit \u00e0 l\u2019abri des vents, au pied d\u2019une falaise de cinquante m\u00e8tres de haut, le long de la rivi\u00e8re Ard\u00e8che.","og_url":"https:\/\/centcols.org\/en\/stay-2024-vogue\/","og_site_name":"Club des Cent Cols","article_publisher":"https:\/\/www.facebook.com\/groups\/5261880558\/?locale=fr_FR","article_published_time":"2024-01-22T15:08:40+00:00","article_modified_time":"2025-08-27T16:03:56+00:00","og_image":[{"width":1200,"height":798,"url":"https:\/\/centcols.org\/wp-content\/uploads\/2025\/05\/chateau-\u00a9loucapitelle.jpg","type":"image\/jpeg"}],"author":"Christophe Badonnel","twitter_card":"summary_large_image","twitter_misc":{"Written by":"Christophe Badonnel","Estimated reading time":"9 minutes"},"schema":{"@context":"https:\/\/schema.org","@graph":[{"@type":"Article","@id":"https:\/\/centcols.org\/sejour-2024-vogue\/#article","isPartOf":{"@id":"https:\/\/centcols.org\/sejour-2024-vogue\/"},"author":{"name":"Christophe Badonnel","@id":"https:\/\/centcols.org\/#\/schema\/person\/5c1a9d61132fb33ccec149272abff6e1"},"headline":"S\u00e9jour d\u2019\u00e9t\u00e9 \u00e0 Vog\u00fce, 29 juin au 06 juillet 2024","datePublished":"2024-01-22T15:08:40+00:00","dateModified":"2025-08-27T16:03:56+00:00","mainEntityOfPage":{"@id":"https:\/\/centcols.org\/sejour-2024-vogue\/"},"wordCount":1532,"publisher":{"@id":"https:\/\/centcols.org\/#organization"},"image":{"@id":"https:\/\/centcols.org\/sejour-2024-vogue\/#primaryimage"},"thumbnailUrl":"https:\/\/centcols.org\/wp-content\/uploads\/2025\/05\/chateau-\u00a9loucapitelle.jpg","articleSection":["France","Auvergne-Rh\u00f4ne-Alpes","07-Ard\u00e8che","Calendrier","Massif Central","S\u00e9jours du Club des Cent Cols"],"inLanguage":"en-GB"},{"@type":"WebPage","@id":"https:\/\/centcols.org\/sejour-2024-vogue\/","url":"https:\/\/centcols.org\/sejour-2024-vogue\/","name":"Summer holiday in Vog\u00fce, 29 June to 06 July 2024 - Club des Cent Cols","isPartOf":{"@id":"https:\/\/centcols.org\/#website"},"primaryImageOfPage":{"@id":"https:\/\/centcols.org\/sejour-2024-vogue\/#primaryimage"},"image":{"@id":"https:\/\/centcols.org\/sejour-2024-vogue\/#primaryimage"},"thumbnailUrl":"https:\/\/centcols.org\/wp-content\/uploads\/2025\/05\/chateau-\u00a9loucapitelle.jpg","datePublished":"2024-01-22T15:08:40+00:00","dateModified":"2025-08-27T16:03:56+00:00","breadcrumb":{"@id":"https:\/\/centcols.org\/sejour-2024-vogue\/#breadcrumb"},"inLanguage":"en-GB","potentialAction":[{"@type":"ReadAction","target":["https:\/\/centcols.org\/sejour-2024-vogue\/"]}]},{"@type":"ImageObject","inLanguage":"en-GB","@id":"https:\/\/centcols.org\/sejour-2024-vogue\/#primaryimage","url":"https:\/\/centcols.org\/wp-content\/uploads\/2025\/05\/chateau-\u00a9loucapitelle.jpg","contentUrl":"https:\/\/centcols.org\/wp-content\/uploads\/2025\/05\/chateau-\u00a9loucapitelle.jpg","width":1200,"height":798},{"@type":"BreadcrumbList","@id":"https:\/\/centcols.org\/sejour-2024-vogue\/#breadcrumb","itemListElement":[{"@type":"ListItem","position":1,"name":"Accueil","item":"https:\/\/centcols.org\/"},{"@type":"ListItem","position":2,"name":"S\u00e9jours du Club des Cent Cols","item":"https:\/\/centcols.org\/rubrique\/sejours\/"},{"@type":"ListItem","position":3,"name":"Pays","item":"https:\/\/centcols.org\/rubrique\/sejours\/pays-sejours\/"},{"@type":"ListItem","position":4,"name":"France","item":"https:\/\/centcols.org\/rubrique\/sejours\/pays-sejours\/france-pays-sejours\/"},{"@type":"ListItem","position":5,"name":"S\u00e9jour d\u2019\u00e9t\u00e9 \u00e0 Vog\u00fce, 29 juin au 06 juillet 2024"}]},{"@type":"WebSite","@id":"https:\/\/centcols.org\/#website","url":"https:\/\/centcols.org\/","name":"Club des Cent Cols","description":"","publisher":{"@id":"https:\/\/centcols.org\/#organization"},"potentialAction":[{"@type":"SearchAction","target":{"@type":"EntryPoint","urlTemplate":"https:\/\/centcols.org\/?s={search_term_string}"},"query-input":{"@type":"PropertyValueSpecification","valueRequired":true,"valueName":"search_term_string"}}],"inLanguage":"en-GB"},{"@type":"Organization","@id":"https:\/\/centcols.org\/#organization","name":"Club des Cent Cols","url":"https:\/\/centcols.org\/","logo":{"@type":"ImageObject","inLanguage":"en-GB","@id":"https:\/\/centcols.org\/#\/schema\/logo\/image\/","url":"https:\/\/centcols.org\/wp-content\/uploads\/2025\/01\/carte-icone.png","contentUrl":"https:\/\/centcols.org\/wp-content\/uploads\/2025\/01\/carte-icone.png","width":250,"height":250,"caption":"Club des Cent Cols"},"image":{"@id":"https:\/\/centcols.org\/#\/schema\/logo\/image\/"},"sameAs":["https:\/\/www.facebook.com\/groups\/5261880558\/?locale=fr_FR"]},{"@type":"Person","@id":"https:\/\/centcols.org\/#\/schema\/person\/5c1a9d61132fb33ccec149272abff6e1","name":"Christophe Badonnel","image":{"@type":"ImageObject","inLanguage":"en-GB","@id":"https:\/\/centcols.org\/wp-content\/litespeed\/avatar\/9f363966b51271bd99ebbb6ebd632889.jpg?ver=1777238111","url":"https:\/\/centcols.org\/wp-content\/litespeed\/avatar\/9f363966b51271bd99ebbb6ebd632889.jpg?ver=1777238111","contentUrl":"https:\/\/centcols.org\/wp-content\/litespeed\/avatar\/9f363966b51271bd99ebbb6ebd632889.jpg?ver=1777238111","caption":"Christophe Badonnel"},"url":"https:\/\/centcols.org\/en\/author\/5799\/"}]}},"_links":{"self":[{"href":"https:\/\/centcols.org\/en\/wp-json\/wp\/v2\/posts\/82569","targetHints":{"allow":["GET"]}}],"collection":[{"href":"https:\/\/centcols.org\/en\/wp-json\/wp\/v2\/posts"}],"about":[{"href":"https:\/\/centcols.org\/en\/wp-json\/wp\/v2\/types\/post"}],"author":[{"embeddable":true,"href":"https:\/\/centcols.org\/en\/wp-json\/wp\/v2\/users\/64"}],"replies":[{"embeddable":true,"href":"https:\/\/centcols.org\/en\/wp-json\/wp\/v2\/comments?post=82569"}],"version-history":[{"count":0,"href":"https:\/\/centcols.org\/en\/wp-json\/wp\/v2\/posts\/82569\/revisions"}],"wp:featuredmedia":[{"embeddable":true,"href":"https:\/\/centcols.org\/en\/wp-json\/wp\/v2\/media\/82570"}],"wp:attachment":[{"href":"https:\/\/centcols.org\/en\/wp-json\/wp\/v2\/media?parent=82569"}],"wp:term":[{"taxonomy":"category","embeddable":true,"href":"https:\/\/centcols.org\/en\/wp-json\/wp\/v2\/categories?post=82569"},{"taxonomy":"post_tag","embeddable":true,"href":"https:\/\/centcols.org\/en\/wp-json\/wp\/v2\/tags?post=82569"}],"curies":[{"name":"wp","href":"https:\/\/api.w.org\/{rel}","templated":true}]}}