{"id":82681,"date":"2024-12-09T17:24:32","date_gmt":"2024-12-09T15:24:32","guid":{"rendered":"https:\/\/centcols.org\/es-b-vic-et-coll-de-fonfreda-gravel-56-km-d-1200-m-18-cols\/"},"modified":"2026-03-14T17:42:41","modified_gmt":"2026-03-14T15:42:41","slug":"es-b-vic-et-coll-de-fonfreda-gravel-56-km-d-1200-m-18-passes","status":"publish","type":"post","link":"https:\/\/centcols.org\/en\/es-b-vic-et-coll-de-fonfreda-gravel-56-km-d-1200-m-18-cols\/","title":{"rendered":"SS-B Vic and Coll de Fonfreda - Gravel 56 km, D+ 1200 m, 18 passes"},"content":{"rendered":"<iframe width=\"100%\" height=\"650\" loading=\"lazy\" src=\"https:\/\/www.openrunner.com\/embed\/2b6a424a565639375a724a492f335470386d574277787a364c584167357237304b6e737a744d74497362493d3a3a408915d7563c07e6d61607266c27e41d?unit=metric\" style=\"border: none;\"><\/iframe>\n\n\n\n<div style=\"height:30px\" aria-hidden=\"true\" class=\"wp-block-spacer\"><\/div>\n\n\n\n<h2 class=\"wp-block-heading\">Author description<\/h2>\n\n\n\n<p><strong>Author&nbsp;<\/strong>G\u00e9rard Birelli<br><strong>Course&nbsp;<\/strong>Completed in March 2023<br><strong>Departure&nbsp;<\/strong>: Vic<\/p>\n\n\n\n<div style=\"height:30px\" aria-hidden=\"true\" class=\"wp-block-spacer\"><\/div>\n\n\n\n<h2 class=\"wp-block-heading\">Tourist information<\/h2>\n\n\n\n<p>Vic lies to the north of the Cordilleras Costeras in the Comarca of Osona. The town lies at the centre of a plain known as the Plana de Vic. The route explores the terrain to the west of the town.<\/p>\n\n\n\n<div style=\"height:30px\" aria-hidden=\"true\" class=\"wp-block-spacer\"><\/div>\n\n\n\n<h2 class=\"wp-block-heading\">Technical specifications<\/h2>\n\n\n\n<p>There are no technical difficulties on this route, which uses mainly surfaced roads, forest tracks and cycle paths.<br>Coll de Bena (ES-B-0700b) at km 49.5 is off-limits (private property)<\/p>\n\n\n\n<div style=\"height:30px\" aria-hidden=\"true\" class=\"wp-block-spacer\"><\/div>\n\n\n\n<p><strong>13 passes<\/strong><\/p>\n\n\n\n<figure class=\"wp-block-table\"><table class=\"has-background has-fixed-layout\" style=\"background-color:#f0f0f0\"><tbody><tr><td>1 - Collet de Gatillepa<\/td><td class=\"has-text-align-center\" data-align=\"center\">553 m<\/td><td><a href=\"https:\/\/centcols.org\/en\/util\/geo\/visu.php\/?code=ES-B-0553\" target=\"_blank\" rel=\"noreferrer noopener\">ES-B-0553<\/a><\/td><\/tr><tr><td>2 - Collet de Cal Canonge<\/td><td class=\"has-text-align-center\" data-align=\"center\">561 m<\/td><td><a href=\"https:\/\/whttps:\/\/centcols.org\/util\/geo\/visu.php?code=ES-B-0561a\" target=\"_blank\" rel=\"noreferrer noopener\"><\/a><a href=\"https:\/\/centcols.org\/en\/util\/geo\/visu.php\/?code=ES-B-0561a\">ES-B-0561a<\/a><\/td><\/tr><tr><td>3 - Coll Bur\u00ed<\/td><td class=\"has-text-align-center\" data-align=\"center\">626 m<\/td><td><a href=\"https:\/\/whttps:\/\/centcols.org\/util\/geo\/visu.php?code=ES-B-0626a\" target=\"_blank\" rel=\"noreferrer noopener\"><\/a><a href=\"https:\/\/centcols.org\/en\/util\/geo\/visu.php\/?code=ES-B-0626a\">ES-B-0626a<\/a><\/td><\/tr><tr><td>4 - Collet del Pi<\/td><td class=\"has-text-align-center\" data-align=\"center\">775 m<\/td><td><a href=\"https:\/\/centcols.org\/en\/util\/geo\/visu.php\/?code=ES-B-0775b\" target=\"_blank\" rel=\"noreferrer noopener\">ES-B-0775b<\/a><\/td><\/tr><tr><td>5 - Collet de la Gu\u00e0rdia<\/td><td class=\"has-text-align-center\" data-align=\"center\">840 m<\/td><td><a href=\"https:\/\/centcols.org\/en\/util\/geo\/visu.php\/?code=ES-B-0840\" target=\"_blank\" rel=\"noreferrer noopener\">ES-B-0840<\/a><\/td><\/tr><tr><td>6 - Coll de Pedra Dreta<\/td><td class=\"has-text-align-center\" data-align=\"center\">853 m<\/td><td><a href=\"https:\/\/centcols.org\/en\/util\/geo\/visu.php\/?code=ES-B-0855\" target=\"_blank\" rel=\"noreferrer noopener\">ES-B-0855<\/a><\/td><\/tr><tr><td>7 - Collet de les Carreres <\/td><td class=\"has-text-align-center\" data-align=\"center\">914 m<\/td><td><a href=\"https:\/\/centcols.org\/en\/util\/geo\/visu.php\/?code=ES-B-0910\" target=\"_blank\" rel=\"noreferrer noopener\">ES-B-0910<\/a><\/td><\/tr><tr><td>8 - Coll Dirana<\/td><td class=\"has-text-align-center\" data-align=\"center\">910 m<\/td><td><a href=\"https:\/\/centcols.org\/en\/util\/geo\/visu.php\/?code=ES-B-0910e\" target=\"_blank\" rel=\"noreferrer noopener\">ES-B-0910e<\/a><\/td><\/tr><tr><td>9 - Collet de la Casa de Postius<\/td><td class=\"has-text-align-center\" data-align=\"center\">903 m<\/td><td><a href=\"https:\/\/centcols.org\/en\/util\/geo\/visu.php\/?code=ES-B-0903a\" target=\"_blank\" rel=\"noreferrer noopener\">ES-B-0903a<\/a><\/td><\/tr><tr><td>10 - Collet de la Por <\/td><td class=\"has-text-align-center\" data-align=\"center\">923 m<\/td><td><a href=\"https:\/\/centcols.org\/en\/util\/geo\/visu.php\/?code=ES-B-0910b\" target=\"_blank\" rel=\"noreferrer noopener\">ES-B-0910b<\/a><\/td><\/tr><tr><td>11 - Coll de Fontfreda<\/td><td class=\"has-text-align-center\" data-align=\"center\">860 m<\/td><td><a href=\"https:\/\/centcols.org\/en\/util\/geo\/visu.php\/?code=ES-B-0860a\" target=\"_blank\" rel=\"noreferrer noopener\">ES-B-0860a<\/a><\/td><\/tr><tr><td>12 - Collet de l'Horta del Sunyer<\/td><td class=\"has-text-align-center\" data-align=\"center\">790 m<\/td><td><a href=\"https:\/\/centcols.org\/en\/util\/geo\/visu.php\/?code=ES-B-0790a\" target=\"_blank\" rel=\"noreferrer noopener\">ES-B-0790a<\/a><\/td><\/tr><tr><td>13 - Collet del Cementiri<\/td><td class=\"has-text-align-center\" data-align=\"center\">760 m<\/td><td><a href=\"https:\/\/centcols.org\/en\/util\/geo\/visu.php\/?code=ES-B-0760a\" target=\"_blank\" rel=\"noreferrer noopener\">ES-B-0760a<\/a><\/td><\/tr><tr><td>14 - Collet Bones<\/td><td class=\"has-text-align-center\" data-align=\"center\">782 m<\/td><td><a href=\"https:\/\/centcols.org\/en\/util\/geo\/visu.php\/?code=ES-B-0782\" target=\"_blank\" rel=\"noreferrer noopener\">ES-B-0782<\/a><\/td><\/tr><tr><td>15 - Collet de les Vaques<\/td><td class=\"has-text-align-center\" data-align=\"center\">759 m<\/td><td><a href=\"https:\/\/centcols.org\/en\/util\/geo\/visu.php\/?code=ES-B-0764\" target=\"_blank\" rel=\"noreferrer noopener\">ES-B-0764<\/a><\/td><\/tr><tr><td>16 - Collet dels Cementiri dels Moros<\/td><td class=\"has-text-align-center\" data-align=\"center\">698 m<\/td><td><a href=\"https:\/\/centcols.org\/en\/util\/geo\/visu.php\/?code=ES-B-0695\" target=\"_blank\" rel=\"noreferrer noopener\">ES-B-0695<\/a><\/td><\/tr><tr><td>17 - Collet del Permanyer<\/td><td class=\"has-text-align-center\" data-align=\"center\">817 m<\/td><td><a href=\"https:\/\/centcols.org\/en\/util\/geo\/visu.php\/?code=ES-B-0817b\" target=\"_blank\" rel=\"noreferrer noopener\">ES-B-0817b<\/a><\/td><\/tr><tr><td>18 - Collet de la Creu de la Casamiquela<\/td><td class=\"has-text-align-center\" data-align=\"center\">803 m<\/td><td><a href=\"https:\/\/centcols.org\/en\/util\/geo\/visu.php\/?code=ES-B-0803d\" target=\"_blank\" rel=\"noreferrer noopener\">ES-B-0803d<\/a><\/td><\/tr><\/tbody><\/table><\/figure>\n\n\n\n<p><strong>Keywords<\/strong>\u00a0: Solsona, Vic, Fontfreda, Catalonia, centcols<\/p>\n\n\n\n<p>Openrunner link, interactive map, profile, track : <a href=\"https:\/\/www.openrunner.com\/route-details\/16619010\" target=\"_blank\" rel=\"noreferrer noopener\">https:\/\/www.openrunner.com\/route-details\/16619010<\/a><\/p>\n\n\n\n<p>This itinerary is provided for information only. The author accepts no liability, nor that of the Club des Cent Cols, for any imponderables due to the cyclist himself, the equipment used or anything to do with the road, tracks and paths, their surroundings or other users.<\/p>\n\n\n\n<div style=\"height:30px\" aria-hidden=\"true\" class=\"wp-block-spacer\"><\/div>\n\n\n\n<h2 class=\"wp-block-heading\">Photos<\/h2>\n\n\n\n<figure class=\"wp-block-gallery has-nested-images columns-4 is-cropped wp-block-gallery-1 is-layout-flex wp-block-gallery-is-layout-flex\">\n<figure class=\"wp-block-image size-full\"><a href=\"https:\/\/centcols.org\/wp-content\/uploads\/2025\/05\/Gatillepa.jpg\"><img loading=\"lazy\" decoding=\"async\" width=\"1000\" height=\"564\" data-id=\"82683\" src=\"https:\/\/centcols.org\/wp-content\/uploads\/2025\/05\/Gatillepa.jpg\" alt=\"\" class=\"wp-image-82683\" srcset=\"https:\/\/centcols.org\/wp-content\/uploads\/2025\/05\/Gatillepa.jpg 1000w, https:\/\/centcols.org\/wp-content\/uploads\/2025\/05\/Gatillepa-768x433.jpg 768w\" sizes=\"auto, (max-width: 1000px) 100vw, 1000px\" \/><\/a><\/figure>\n\n\n\n<figure class=\"wp-block-image size-full\"><a href=\"https:\/\/centcols.org\/wp-content\/uploads\/2025\/05\/canonge.jpg\"><img loading=\"lazy\" decoding=\"async\" width=\"1000\" height=\"564\" data-id=\"82684\" src=\"https:\/\/centcols.org\/wp-content\/uploads\/2025\/05\/canonge.jpg\" alt=\"\" class=\"wp-image-82684\" srcset=\"https:\/\/centcols.org\/wp-content\/uploads\/2025\/05\/canonge.jpg 1000w, https:\/\/centcols.org\/wp-content\/uploads\/2025\/05\/canonge-768x433.jpg 768w\" sizes=\"auto, (max-width: 1000px) 100vw, 1000px\" \/><\/a><\/figure>\n\n\n\n<figure class=\"wp-block-image size-full\"><a href=\"https:\/\/centcols.org\/wp-content\/uploads\/2025\/05\/buri.jpg\"><img loading=\"lazy\" decoding=\"async\" width=\"1000\" height=\"564\" data-id=\"82685\" src=\"https:\/\/centcols.org\/wp-content\/uploads\/2025\/05\/buri.jpg\" alt=\"\" class=\"wp-image-82685\" srcset=\"https:\/\/centcols.org\/wp-content\/uploads\/2025\/05\/buri.jpg 1000w, https:\/\/centcols.org\/wp-content\/uploads\/2025\/05\/buri-768x433.jpg 768w\" sizes=\"auto, (max-width: 1000px) 100vw, 1000px\" \/><\/a><\/figure>\n\n\n\n<figure class=\"wp-block-image size-full\"><a href=\"https:\/\/centcols.org\/wp-content\/uploads\/2025\/05\/pi.jpg\"><img loading=\"lazy\" decoding=\"async\" width=\"1000\" height=\"564\" data-id=\"82682\" src=\"https:\/\/centcols.org\/wp-content\/uploads\/2025\/05\/pi.jpg\" alt=\"\" class=\"wp-image-82682\" srcset=\"https:\/\/centcols.org\/wp-content\/uploads\/2025\/05\/pi.jpg 1000w, https:\/\/centcols.org\/wp-content\/uploads\/2025\/05\/pi-768x433.jpg 768w\" sizes=\"auto, (max-width: 1000px) 100vw, 1000px\" \/><\/a><\/figure>\n\n\n\n<figure class=\"wp-block-image size-full\"><a href=\"https:\/\/centcols.org\/wp-content\/uploads\/2025\/05\/guardia.jpg\"><img loading=\"lazy\" decoding=\"async\" width=\"1000\" height=\"564\" data-id=\"82686\" src=\"https:\/\/centcols.org\/wp-content\/uploads\/2025\/05\/guardia.jpg\" alt=\"\" class=\"wp-image-82686\" srcset=\"https:\/\/centcols.org\/wp-content\/uploads\/2025\/05\/guardia.jpg 1000w, https:\/\/centcols.org\/wp-content\/uploads\/2025\/05\/guardia-768x433.jpg 768w\" sizes=\"auto, (max-width: 1000px) 100vw, 1000px\" \/><\/a><\/figure>\n\n\n\n<figure class=\"wp-block-image size-full\"><a href=\"https:\/\/centcols.org\/wp-content\/uploads\/2025\/05\/preda-dreta.jpg\"><img loading=\"lazy\" decoding=\"async\" width=\"1000\" height=\"564\" data-id=\"82687\" src=\"https:\/\/centcols.org\/wp-content\/uploads\/2025\/05\/preda-dreta.jpg\" alt=\"\" class=\"wp-image-82687\" srcset=\"https:\/\/centcols.org\/wp-content\/uploads\/2025\/05\/preda-dreta.jpg 1000w, https:\/\/centcols.org\/wp-content\/uploads\/2025\/05\/preda-dreta-768x433.jpg 768w\" sizes=\"auto, (max-width: 1000px) 100vw, 1000px\" \/><\/a><\/figure>\n\n\n\n<figure class=\"wp-block-image size-full\"><a href=\"https:\/\/centcols.org\/wp-content\/uploads\/2025\/05\/carreres.jpg\"><img loading=\"lazy\" decoding=\"async\" width=\"1000\" height=\"564\" data-id=\"82688\" src=\"https:\/\/centcols.org\/wp-content\/uploads\/2025\/05\/carreres.jpg\" alt=\"\" class=\"wp-image-82688\" srcset=\"https:\/\/centcols.org\/wp-content\/uploads\/2025\/05\/carreres.jpg 1000w, https:\/\/centcols.org\/wp-content\/uploads\/2025\/05\/carreres-768x433.jpg 768w\" sizes=\"auto, (max-width: 1000px) 100vw, 1000px\" \/><\/a><\/figure>\n\n\n\n<figure class=\"wp-block-image size-full\"><a href=\"https:\/\/centcols.org\/wp-content\/uploads\/2025\/05\/postius.jpg\"><img loading=\"lazy\" decoding=\"async\" width=\"1000\" height=\"564\" data-id=\"82689\" src=\"https:\/\/centcols.org\/wp-content\/uploads\/2025\/05\/postius.jpg\" alt=\"\" class=\"wp-image-82689\" srcset=\"https:\/\/centcols.org\/wp-content\/uploads\/2025\/05\/postius.jpg 1000w, https:\/\/centcols.org\/wp-content\/uploads\/2025\/05\/postius-768x433.jpg 768w\" sizes=\"auto, (max-width: 1000px) 100vw, 1000px\" \/><\/a><\/figure>\n\n\n\n<figure class=\"wp-block-image size-full\"><a href=\"https:\/\/centcols.org\/wp-content\/uploads\/2025\/05\/por.jpg\"><img loading=\"lazy\" decoding=\"async\" width=\"1000\" height=\"564\" data-id=\"82690\" src=\"https:\/\/centcols.org\/wp-content\/uploads\/2025\/05\/por.jpg\" alt=\"\" class=\"wp-image-82690\" srcset=\"https:\/\/centcols.org\/wp-content\/uploads\/2025\/05\/por.jpg 1000w, https:\/\/centcols.org\/wp-content\/uploads\/2025\/05\/por-768x433.jpg 768w\" sizes=\"auto, (max-width: 1000px) 100vw, 1000px\" \/><\/a><\/figure>\n\n\n\n<figure class=\"wp-block-image size-full\"><a href=\"https:\/\/centcols.org\/wp-content\/uploads\/2025\/05\/fonfreda.jpg\"><img loading=\"lazy\" decoding=\"async\" width=\"1000\" height=\"564\" data-id=\"82691\" src=\"https:\/\/centcols.org\/wp-content\/uploads\/2025\/05\/fonfreda.jpg\" alt=\"\" class=\"wp-image-82691\" srcset=\"https:\/\/centcols.org\/wp-content\/uploads\/2025\/05\/fonfreda.jpg 1000w, https:\/\/centcols.org\/wp-content\/uploads\/2025\/05\/fonfreda-768x433.jpg 768w\" sizes=\"auto, (max-width: 1000px) 100vw, 1000px\" \/><\/a><\/figure>\n\n\n\n<figure class=\"wp-block-image size-full\"><a href=\"https:\/\/centcols.org\/wp-content\/uploads\/2025\/05\/horta.jpg\"><img loading=\"lazy\" decoding=\"async\" width=\"1000\" height=\"564\" data-id=\"82692\" src=\"https:\/\/centcols.org\/wp-content\/uploads\/2025\/05\/horta.jpg\" alt=\"\" class=\"wp-image-82692\" srcset=\"https:\/\/centcols.org\/wp-content\/uploads\/2025\/05\/horta.jpg 1000w, https:\/\/centcols.org\/wp-content\/uploads\/2025\/05\/horta-768x433.jpg 768w\" sizes=\"auto, (max-width: 1000px) 100vw, 1000px\" \/><\/a><\/figure>\n\n\n\n<figure class=\"wp-block-image size-full\"><a href=\"https:\/\/centcols.org\/wp-content\/uploads\/2025\/05\/cementiri.jpg\"><img loading=\"lazy\" decoding=\"async\" width=\"1000\" height=\"564\" data-id=\"82693\" src=\"https:\/\/centcols.org\/wp-content\/uploads\/2025\/05\/cementiri.jpg\" alt=\"\" class=\"wp-image-82693\" srcset=\"https:\/\/centcols.org\/wp-content\/uploads\/2025\/05\/cementiri.jpg 1000w, https:\/\/centcols.org\/wp-content\/uploads\/2025\/05\/cementiri-768x433.jpg 768w\" sizes=\"auto, (max-width: 1000px) 100vw, 1000px\" \/><\/a><\/figure>\n\n\n\n<figure class=\"wp-block-image size-full\"><a href=\"https:\/\/centcols.org\/wp-content\/uploads\/2025\/05\/bones.jpg\"><img loading=\"lazy\" decoding=\"async\" width=\"1000\" height=\"564\" data-id=\"82694\" src=\"https:\/\/centcols.org\/wp-content\/uploads\/2025\/05\/bones.jpg\" alt=\"\" class=\"wp-image-82694\" srcset=\"https:\/\/centcols.org\/wp-content\/uploads\/2025\/05\/bones.jpg 1000w, https:\/\/centcols.org\/wp-content\/uploads\/2025\/05\/bones-768x433.jpg 768w\" sizes=\"auto, (max-width: 1000px) 100vw, 1000px\" \/><\/a><\/figure>\n\n\n\n<figure class=\"wp-block-image size-full\"><a href=\"https:\/\/centcols.org\/wp-content\/uploads\/2025\/05\/cementiri-mors.jpg\"><img loading=\"lazy\" decoding=\"async\" width=\"1000\" height=\"564\" data-id=\"82695\" src=\"https:\/\/centcols.org\/wp-content\/uploads\/2025\/05\/cementiri-mors.jpg\" alt=\"\" class=\"wp-image-82695\" srcset=\"https:\/\/centcols.org\/wp-content\/uploads\/2025\/05\/cementiri-mors.jpg 1000w, https:\/\/centcols.org\/wp-content\/uploads\/2025\/05\/cementiri-mors-768x433.jpg 768w\" sizes=\"auto, (max-width: 1000px) 100vw, 1000px\" \/><\/a><\/figure>\n\n\n\n<figure class=\"wp-block-image size-full\"><a href=\"https:\/\/centcols.org\/wp-content\/uploads\/2025\/05\/permanyer.jpg\"><img loading=\"lazy\" decoding=\"async\" width=\"1000\" height=\"564\" data-id=\"82696\" src=\"https:\/\/centcols.org\/wp-content\/uploads\/2025\/05\/permanyer.jpg\" alt=\"\" class=\"wp-image-82696\" srcset=\"https:\/\/centcols.org\/wp-content\/uploads\/2025\/05\/permanyer.jpg 1000w, https:\/\/centcols.org\/wp-content\/uploads\/2025\/05\/permanyer-768x433.jpg 768w\" sizes=\"auto, (max-width: 1000px) 100vw, 1000px\" \/><\/a><\/figure>\n\n\n\n<figure class=\"wp-block-image size-full\"><a href=\"https:\/\/centcols.org\/wp-content\/uploads\/2025\/05\/casamiquela.jpg\"><img loading=\"lazy\" decoding=\"async\" width=\"1000\" height=\"564\" data-id=\"82697\" src=\"https:\/\/centcols.org\/wp-content\/uploads\/2025\/05\/casamiquela.jpg\" alt=\"\" class=\"wp-image-82697\" srcset=\"https:\/\/centcols.org\/wp-content\/uploads\/2025\/05\/casamiquela.jpg 1000w, https:\/\/centcols.org\/wp-content\/uploads\/2025\/05\/casamiquela-768x433.jpg 768w\" sizes=\"auto, (max-width: 1000px) 100vw, 1000px\" \/><\/a><\/figure>\n<\/figure>","protected":false},"excerpt":{"rendered":"<p>Description de l\u2019auteur Auteur&nbsp;: G\u00e9rard BirelliParcours&nbsp;: effectu\u00e9 en mars 2023D\u00e9part&nbsp;: Vic Descriptif touristique Vic se trouve au nord de la \u00ab\u00a0Cordilleras Costeras\u00a0\u00bb dans la Comarque d\u2019Osona. La ville est situ\u00e9e au centre d\u2019une plaine nomm\u00e9e \u00ab\u00a0Plana de Vic\u00a0\u00bb. Le parcours explore le relief situ\u00e9 \u00e0 l\u2019ouest de la ville. Descriptif technique Ce parcours ne pr\u00e9sente [&hellip;]<\/p>\n","protected":false},"author":3,"featured_media":82682,"comment_status":"open","ping_status":"open","sticky":false,"template":"","format":"standard","meta":{"_acf_changed":false,"footnotes":""},"categories":[305,320,345,220],"tags":[],"class_list":["post-82681","post","type-post","status-publish","format-standard","has-post-thumbnail","hentry","category-parcours-espagne","category-gravel-type-parcours","category-barcelone","category-parcours-membres"],"acf":[],"yoast_head":"<!-- This site is optimized with the Yoast SEO plugin v27.2 - https:\/\/yoast.com\/product\/yoast-seo-wordpress\/ -->\n<title>ES-B Vic et Coll de Fonfreda - Gravel 56 km, D+ 1200 m, 18 cols - Club des Cent Cols<\/title>\n<meta name=\"robots\" content=\"index, follow, max-snippet:-1, max-image-preview:large, max-video-preview:-1\" \/>\n<link rel=\"canonical\" href=\"https:\/\/centcols.org\/en\/es-b-vic-et-coll-de-fonfreda-gravel-56-km-d-1200-m-18-passes\/\" \/>\n<meta property=\"og:locale\" content=\"en_GB\" \/>\n<meta property=\"og:type\" content=\"article\" \/>\n<meta property=\"og:title\" content=\"ES-B Vic et Coll de Fonfreda - Gravel 56 km, D+ 1200 m, 18 cols - Club des Cent Cols\" \/>\n<meta property=\"og:description\" content=\"Description de l\u2019auteur Auteur&nbsp;: G\u00e9rard BirelliParcours&nbsp;: effectu\u00e9 en mars 2023D\u00e9part&nbsp;: Vic Descriptif touristique Vic se trouve au nord de la \u00ab\u00a0Cordilleras Costeras\u00a0\u00bb dans la Comarque d\u2019Osona. La ville est situ\u00e9e au centre d\u2019une plaine nomm\u00e9e \u00ab\u00a0Plana de Vic\u00a0\u00bb. Le parcours explore le relief situ\u00e9 \u00e0 l\u2019ouest de la ville. Descriptif technique Ce parcours ne pr\u00e9sente [&hellip;]\" \/>\n<meta property=\"og:url\" content=\"https:\/\/centcols.org\/en\/es-b-vic-et-coll-de-fonfreda-gravel-56-km-d-1200-m-18-passes\/\" \/>\n<meta property=\"og:site_name\" content=\"Club des Cent Cols\" \/>\n<meta property=\"article:publisher\" content=\"https:\/\/www.facebook.com\/groups\/5261880558\/?locale=fr_FR\" \/>\n<meta property=\"article:published_time\" content=\"2024-12-09T15:24:32+00:00\" \/>\n<meta property=\"article:modified_time\" content=\"2026-03-14T15:42:41+00:00\" \/>\n<meta property=\"og:image\" content=\"https:\/\/centcols.org\/wp-content\/uploads\/2025\/05\/pi.jpg\" \/>\n\t<meta property=\"og:image:width\" content=\"1000\" \/>\n\t<meta property=\"og:image:height\" content=\"564\" \/>\n\t<meta property=\"og:image:type\" content=\"image\/jpeg\" \/>\n<meta name=\"author\" content=\"Webmestre\" \/>\n<meta name=\"twitter:card\" content=\"summary_large_image\" \/>\n<meta name=\"twitter:label1\" content=\"Written by\" \/>\n\t<meta name=\"twitter:data1\" content=\"Webmestre\" \/>\n\t<meta name=\"twitter:label2\" content=\"Estimated reading time\" \/>\n\t<meta name=\"twitter:data2\" content=\"5 minutes\" \/>\n<script type=\"application\/ld+json\" class=\"yoast-schema-graph\">{\"@context\":\"https:\/\/schema.org\",\"@graph\":[{\"@type\":\"Article\",\"@id\":\"https:\/\/centcols.org\/es-b-vic-et-coll-de-fonfreda-gravel-56-km-d-1200-m-18-cols\/#article\",\"isPartOf\":{\"@id\":\"https:\/\/centcols.org\/es-b-vic-et-coll-de-fonfreda-gravel-56-km-d-1200-m-18-cols\/\"},\"author\":{\"name\":\"Webmestre\",\"@id\":\"https:\/\/centcols.org\/#\/schema\/person\/911b404fb133d8c913dd27cdcf71c8e5\"},\"headline\":\"ES-B Vic et Coll de Fonfreda &#8211; Gravel 56 km, D+ 1200 m, 18 cols\",\"datePublished\":\"2024-12-09T15:24:32+00:00\",\"dateModified\":\"2026-03-14T15:42:41+00:00\",\"mainEntityOfPage\":{\"@id\":\"https:\/\/centcols.org\/es-b-vic-et-coll-de-fonfreda-gravel-56-km-d-1200-m-18-cols\/\"},\"wordCount\":323,\"commentCount\":0,\"publisher\":{\"@id\":\"https:\/\/centcols.org\/#organization\"},\"image\":{\"@id\":\"https:\/\/centcols.org\/es-b-vic-et-coll-de-fonfreda-gravel-56-km-d-1200-m-18-cols\/#primaryimage\"},\"thumbnailUrl\":\"https:\/\/centcols.org\/wp-content\/uploads\/2025\/05\/pi.jpg\",\"articleSection\":[\"Parcours Espagne\",\"Gravel\",\"Barcelone\",\"Parcours membres\"],\"inLanguage\":\"en-GB\",\"potentialAction\":[{\"@type\":\"CommentAction\",\"name\":\"Comment\",\"target\":[\"https:\/\/centcols.org\/es-b-vic-et-coll-de-fonfreda-gravel-56-km-d-1200-m-18-cols\/#respond\"]}]},{\"@type\":\"WebPage\",\"@id\":\"https:\/\/centcols.org\/es-b-vic-et-coll-de-fonfreda-gravel-56-km-d-1200-m-18-cols\/\",\"url\":\"https:\/\/centcols.org\/es-b-vic-et-coll-de-fonfreda-gravel-56-km-d-1200-m-18-cols\/\",\"name\":\"ES-B Vic et Coll de Fonfreda - Gravel 56 km, D+ 1200 m, 18 cols - Club des Cent Cols\",\"isPartOf\":{\"@id\":\"https:\/\/centcols.org\/#website\"},\"primaryImageOfPage\":{\"@id\":\"https:\/\/centcols.org\/es-b-vic-et-coll-de-fonfreda-gravel-56-km-d-1200-m-18-cols\/#primaryimage\"},\"image\":{\"@id\":\"https:\/\/centcols.org\/es-b-vic-et-coll-de-fonfreda-gravel-56-km-d-1200-m-18-cols\/#primaryimage\"},\"thumbnailUrl\":\"https:\/\/centcols.org\/wp-content\/uploads\/2025\/05\/pi.jpg\",\"datePublished\":\"2024-12-09T15:24:32+00:00\",\"dateModified\":\"2026-03-14T15:42:41+00:00\",\"breadcrumb\":{\"@id\":\"https:\/\/centcols.org\/es-b-vic-et-coll-de-fonfreda-gravel-56-km-d-1200-m-18-cols\/#breadcrumb\"},\"inLanguage\":\"en-GB\",\"potentialAction\":[{\"@type\":\"ReadAction\",\"target\":[\"https:\/\/centcols.org\/es-b-vic-et-coll-de-fonfreda-gravel-56-km-d-1200-m-18-cols\/\"]}]},{\"@type\":\"ImageObject\",\"inLanguage\":\"en-GB\",\"@id\":\"https:\/\/centcols.org\/es-b-vic-et-coll-de-fonfreda-gravel-56-km-d-1200-m-18-cols\/#primaryimage\",\"url\":\"https:\/\/centcols.org\/wp-content\/uploads\/2025\/05\/pi.jpg\",\"contentUrl\":\"https:\/\/centcols.org\/wp-content\/uploads\/2025\/05\/pi.jpg\",\"width\":1000,\"height\":564},{\"@type\":\"BreadcrumbList\",\"@id\":\"https:\/\/centcols.org\/es-b-vic-et-coll-de-fonfreda-gravel-56-km-d-1200-m-18-cols\/#breadcrumb\",\"itemListElement\":[{\"@type\":\"ListItem\",\"position\":1,\"name\":\"Accueil\",\"item\":\"https:\/\/centcols.org\/\"},{\"@type\":\"ListItem\",\"position\":2,\"name\":\"Parcours membres\",\"item\":\"https:\/\/centcols.org\/rubrique\/parcours-membres\/\"},{\"@type\":\"ListItem\",\"position\":3,\"name\":\"Pays\",\"item\":\"https:\/\/centcols.org\/rubrique\/parcours-membres\/pays-parcours-membres\/\"},{\"@type\":\"ListItem\",\"position\":4,\"name\":\"Parcours Espagne\",\"item\":\"https:\/\/centcols.org\/rubrique\/parcours-membres\/pays-parcours-membres\/parcours-espagne\/\"},{\"@type\":\"ListItem\",\"position\":5,\"name\":\"ES-B Vic et Coll de Fonfreda &#8211; Gravel 56 km, D+ 1200 m, 18 cols\"}]},{\"@type\":\"WebSite\",\"@id\":\"https:\/\/centcols.org\/#website\",\"url\":\"https:\/\/centcols.org\/\",\"name\":\"Club des Cent Cols\",\"description\":\"\",\"publisher\":{\"@id\":\"https:\/\/centcols.org\/#organization\"},\"potentialAction\":[{\"@type\":\"SearchAction\",\"target\":{\"@type\":\"EntryPoint\",\"urlTemplate\":\"https:\/\/centcols.org\/?s={search_term_string}\"},\"query-input\":{\"@type\":\"PropertyValueSpecification\",\"valueRequired\":true,\"valueName\":\"search_term_string\"}}],\"inLanguage\":\"en-GB\"},{\"@type\":\"Organization\",\"@id\":\"https:\/\/centcols.org\/#organization\",\"name\":\"Club des Cent Cols\",\"url\":\"https:\/\/centcols.org\/\",\"logo\":{\"@type\":\"ImageObject\",\"inLanguage\":\"en-GB\",\"@id\":\"https:\/\/centcols.org\/#\/schema\/logo\/image\/\",\"url\":\"https:\/\/centcols.org\/wp-content\/uploads\/2025\/01\/carte-icone.png\",\"contentUrl\":\"https:\/\/centcols.org\/wp-content\/uploads\/2025\/01\/carte-icone.png\",\"width\":250,\"height\":250,\"caption\":\"Club des Cent Cols\"},\"image\":{\"@id\":\"https:\/\/centcols.org\/#\/schema\/logo\/image\/\"},\"sameAs\":[\"https:\/\/www.facebook.com\/groups\/5261880558\/?locale=fr_FR\"]},{\"@type\":\"Person\",\"@id\":\"https:\/\/centcols.org\/#\/schema\/person\/911b404fb133d8c913dd27cdcf71c8e5\",\"name\":\"Webmestre\",\"image\":{\"@type\":\"ImageObject\",\"inLanguage\":\"en-GB\",\"@id\":\"https:\/\/centcols.org\/wp-content\/litespeed\/avatar\/2d246e4b6b4f773e08515e1ffc53690b.jpg?ver=1777222892\",\"url\":\"https:\/\/centcols.org\/wp-content\/litespeed\/avatar\/2d246e4b6b4f773e08515e1ffc53690b.jpg?ver=1777222892\",\"contentUrl\":\"https:\/\/centcols.org\/wp-content\/litespeed\/avatar\/2d246e4b6b4f773e08515e1ffc53690b.jpg?ver=1777222892\",\"caption\":\"Webmestre\"},\"url\":\"https:\/\/centcols.org\/en\/author\/webmestre\/\"}]}<\/script>\n<!-- \/ Yoast SEO plugin. -->","yoast_head_json":{"title":"ES-B Vic et Coll de Fonfreda - Gravel 56 km, D+ 1200 m, 18 passes - Club des Cent Cols","robots":{"index":"index","follow":"follow","max-snippet":"max-snippet:-1","max-image-preview":"max-image-preview:large","max-video-preview":"max-video-preview:-1"},"canonical":"https:\/\/centcols.org\/en\/es-b-vic-et-coll-de-fonfreda-gravel-56-km-d-1200-m-18-passes\/","og_locale":"en_GB","og_type":"article","og_title":"ES-B Vic et Coll de Fonfreda - Gravel 56 km, D+ 1200 m, 18 cols - Club des Cent Cols","og_description":"Description de l\u2019auteur Auteur&nbsp;: G\u00e9rard BirelliParcours&nbsp;: effectu\u00e9 en mars 2023D\u00e9part&nbsp;: Vic Descriptif touristique Vic se trouve au nord de la \u00ab\u00a0Cordilleras Costeras\u00a0\u00bb dans la Comarque d\u2019Osona. La ville est situ\u00e9e au centre d\u2019une plaine nomm\u00e9e \u00ab\u00a0Plana de Vic\u00a0\u00bb. Le parcours explore le relief situ\u00e9 \u00e0 l\u2019ouest de la ville. Descriptif technique Ce parcours ne pr\u00e9sente [&hellip;]","og_url":"https:\/\/centcols.org\/en\/es-b-vic-et-coll-de-fonfreda-gravel-56-km-d-1200-m-18-passes\/","og_site_name":"Club des Cent Cols","article_publisher":"https:\/\/www.facebook.com\/groups\/5261880558\/?locale=fr_FR","article_published_time":"2024-12-09T15:24:32+00:00","article_modified_time":"2026-03-14T15:42:41+00:00","og_image":[{"width":1000,"height":564,"url":"https:\/\/centcols.org\/wp-content\/uploads\/2025\/05\/pi.jpg","type":"image\/jpeg"}],"author":"Webmestre","twitter_card":"summary_large_image","twitter_misc":{"Written by":"Webmestre","Estimated reading time":"5 minutes"},"schema":{"@context":"https:\/\/schema.org","@graph":[{"@type":"Article","@id":"https:\/\/centcols.org\/es-b-vic-et-coll-de-fonfreda-gravel-56-km-d-1200-m-18-cols\/#article","isPartOf":{"@id":"https:\/\/centcols.org\/es-b-vic-et-coll-de-fonfreda-gravel-56-km-d-1200-m-18-cols\/"},"author":{"name":"Webmestre","@id":"https:\/\/centcols.org\/#\/schema\/person\/911b404fb133d8c913dd27cdcf71c8e5"},"headline":"ES-B Vic et Coll de Fonfreda &#8211; Gravel 56 km, D+ 1200 m, 18 cols","datePublished":"2024-12-09T15:24:32+00:00","dateModified":"2026-03-14T15:42:41+00:00","mainEntityOfPage":{"@id":"https:\/\/centcols.org\/es-b-vic-et-coll-de-fonfreda-gravel-56-km-d-1200-m-18-cols\/"},"wordCount":323,"commentCount":0,"publisher":{"@id":"https:\/\/centcols.org\/#organization"},"image":{"@id":"https:\/\/centcols.org\/es-b-vic-et-coll-de-fonfreda-gravel-56-km-d-1200-m-18-cols\/#primaryimage"},"thumbnailUrl":"https:\/\/centcols.org\/wp-content\/uploads\/2025\/05\/pi.jpg","articleSection":["Parcours Espagne","Gravel","Barcelone","Parcours membres"],"inLanguage":"en-GB","potentialAction":[{"@type":"CommentAction","name":"Comment","target":["https:\/\/centcols.org\/es-b-vic-et-coll-de-fonfreda-gravel-56-km-d-1200-m-18-cols\/#respond"]}]},{"@type":"WebPage","@id":"https:\/\/centcols.org\/es-b-vic-et-coll-de-fonfreda-gravel-56-km-d-1200-m-18-cols\/","url":"https:\/\/centcols.org\/es-b-vic-et-coll-de-fonfreda-gravel-56-km-d-1200-m-18-cols\/","name":"ES-B Vic et Coll de Fonfreda - Gravel 56 km, D+ 1200 m, 18 passes - Club des Cent Cols","isPartOf":{"@id":"https:\/\/centcols.org\/#website"},"primaryImageOfPage":{"@id":"https:\/\/centcols.org\/es-b-vic-et-coll-de-fonfreda-gravel-56-km-d-1200-m-18-cols\/#primaryimage"},"image":{"@id":"https:\/\/centcols.org\/es-b-vic-et-coll-de-fonfreda-gravel-56-km-d-1200-m-18-cols\/#primaryimage"},"thumbnailUrl":"https:\/\/centcols.org\/wp-content\/uploads\/2025\/05\/pi.jpg","datePublished":"2024-12-09T15:24:32+00:00","dateModified":"2026-03-14T15:42:41+00:00","breadcrumb":{"@id":"https:\/\/centcols.org\/es-b-vic-et-coll-de-fonfreda-gravel-56-km-d-1200-m-18-cols\/#breadcrumb"},"inLanguage":"en-GB","potentialAction":[{"@type":"ReadAction","target":["https:\/\/centcols.org\/es-b-vic-et-coll-de-fonfreda-gravel-56-km-d-1200-m-18-cols\/"]}]},{"@type":"ImageObject","inLanguage":"en-GB","@id":"https:\/\/centcols.org\/es-b-vic-et-coll-de-fonfreda-gravel-56-km-d-1200-m-18-cols\/#primaryimage","url":"https:\/\/centcols.org\/wp-content\/uploads\/2025\/05\/pi.jpg","contentUrl":"https:\/\/centcols.org\/wp-content\/uploads\/2025\/05\/pi.jpg","width":1000,"height":564},{"@type":"BreadcrumbList","@id":"https:\/\/centcols.org\/es-b-vic-et-coll-de-fonfreda-gravel-56-km-d-1200-m-18-cols\/#breadcrumb","itemListElement":[{"@type":"ListItem","position":1,"name":"Accueil","item":"https:\/\/centcols.org\/"},{"@type":"ListItem","position":2,"name":"Parcours membres","item":"https:\/\/centcols.org\/rubrique\/parcours-membres\/"},{"@type":"ListItem","position":3,"name":"Pays","item":"https:\/\/centcols.org\/rubrique\/parcours-membres\/pays-parcours-membres\/"},{"@type":"ListItem","position":4,"name":"Parcours Espagne","item":"https:\/\/centcols.org\/rubrique\/parcours-membres\/pays-parcours-membres\/parcours-espagne\/"},{"@type":"ListItem","position":5,"name":"ES-B Vic et Coll de Fonfreda &#8211; Gravel 56 km, D+ 1200 m, 18 cols"}]},{"@type":"WebSite","@id":"https:\/\/centcols.org\/#website","url":"https:\/\/centcols.org\/","name":"Club des Cent Cols","description":"","publisher":{"@id":"https:\/\/centcols.org\/#organization"},"potentialAction":[{"@type":"SearchAction","target":{"@type":"EntryPoint","urlTemplate":"https:\/\/centcols.org\/?s={search_term_string}"},"query-input":{"@type":"PropertyValueSpecification","valueRequired":true,"valueName":"search_term_string"}}],"inLanguage":"en-GB"},{"@type":"Organization","@id":"https:\/\/centcols.org\/#organization","name":"Club des Cent Cols","url":"https:\/\/centcols.org\/","logo":{"@type":"ImageObject","inLanguage":"en-GB","@id":"https:\/\/centcols.org\/#\/schema\/logo\/image\/","url":"https:\/\/centcols.org\/wp-content\/uploads\/2025\/01\/carte-icone.png","contentUrl":"https:\/\/centcols.org\/wp-content\/uploads\/2025\/01\/carte-icone.png","width":250,"height":250,"caption":"Club des Cent Cols"},"image":{"@id":"https:\/\/centcols.org\/#\/schema\/logo\/image\/"},"sameAs":["https:\/\/www.facebook.com\/groups\/5261880558\/?locale=fr_FR"]},{"@type":"Person","@id":"https:\/\/centcols.org\/#\/schema\/person\/911b404fb133d8c913dd27cdcf71c8e5","name":"Webmaster","image":{"@type":"ImageObject","inLanguage":"en-GB","@id":"https:\/\/centcols.org\/wp-content\/litespeed\/avatar\/2d246e4b6b4f773e08515e1ffc53690b.jpg?ver=1777222892","url":"https:\/\/centcols.org\/wp-content\/litespeed\/avatar\/2d246e4b6b4f773e08515e1ffc53690b.jpg?ver=1777222892","contentUrl":"https:\/\/centcols.org\/wp-content\/litespeed\/avatar\/2d246e4b6b4f773e08515e1ffc53690b.jpg?ver=1777222892","caption":"Webmestre"},"url":"https:\/\/centcols.org\/en\/author\/webmestre\/"}]}},"_links":{"self":[{"href":"https:\/\/centcols.org\/en\/wp-json\/wp\/v2\/posts\/82681","targetHints":{"allow":["GET"]}}],"collection":[{"href":"https:\/\/centcols.org\/en\/wp-json\/wp\/v2\/posts"}],"about":[{"href":"https:\/\/centcols.org\/en\/wp-json\/wp\/v2\/types\/post"}],"author":[{"embeddable":true,"href":"https:\/\/centcols.org\/en\/wp-json\/wp\/v2\/users\/3"}],"replies":[{"embeddable":true,"href":"https:\/\/centcols.org\/en\/wp-json\/wp\/v2\/comments?post=82681"}],"version-history":[{"count":0,"href":"https:\/\/centcols.org\/en\/wp-json\/wp\/v2\/posts\/82681\/revisions"}],"wp:featuredmedia":[{"embeddable":true,"href":"https:\/\/centcols.org\/en\/wp-json\/wp\/v2\/media\/82682"}],"wp:attachment":[{"href":"https:\/\/centcols.org\/en\/wp-json\/wp\/v2\/media?parent=82681"}],"wp:term":[{"taxonomy":"category","embeddable":true,"href":"https:\/\/centcols.org\/en\/wp-json\/wp\/v2\/categories?post=82681"},{"taxonomy":"post_tag","embeddable":true,"href":"https:\/\/centcols.org\/en\/wp-json\/wp\/v2\/tags?post=82681"}],"curies":[{"name":"wp","href":"https:\/\/api.w.org\/{rel}","templated":true}]}}