{"id":82712,"date":"2025-01-21T07:00:01","date_gmt":"2025-01-21T05:00:01","guid":{"rendered":"https:\/\/centcols.org\/suisse-fondue-samedi-1er-mars-2025-2\/"},"modified":"2025-09-09T13:32:25","modified_gmt":"2025-09-09T11:32:25","slug":"suisse-fondue-saturday-1-march-2025-2","status":"publish","type":"post","link":"https:\/\/centcols.org\/en\/suisse-fondue-samedi-1er-mars-2025-2\/","title":{"rendered":"Switzerland, Fondue, Saturday 1 March 2025"},"content":{"rendered":"<p>Fondue at the Caf\u00e9 Tivoli, place d'Armes 18, 1618 Ch\u00e2tel-Saint-Denis. Meeting point: 11.30 a.m.<\/p>\n\n\n\n<p>Traditional fondue at the start of the season organised by Jacques Bezzola<\/p>\n\n\n\n<p>Booking: Jacques Bezzola<\/p>\n\n\n\n<h2 class=\"wp-block-heading\">Contact<\/h2>\n\n\n\n<p>Jacques Bezzola<br><a href=\"\/en\/&\/#x6d;&#97;i&#x6c;&#x74;&#111;:&#x62;&#x6f;&#117;s&#x73;&#x6f;&#108;e&#x40;&#x62;&#108;u&#x65;&#119;&#105;n&#x2e;&#99;h\">boussole@bluewin.ch<\/a><br>Phone: +41 26 411 36 30<br>Mobile : +41 79 598 92 20<\/p>","protected":false},"excerpt":{"rendered":"<p>Fondue au caf\u00e9 Tivoli, place d\u2019Armes 18, 1618 Ch\u00e2tel-Saint-Denis. Rendez-vous \u00e0 11 h 30 Traditionnelle fondue de d\u00e9but de saison organis\u00e9e par Jacques Bezzola R\u00e9servation : Jacques Bezzola Contact Jacques Bezzola&#x62;&#111;&#x75;&#x73;&#115;&#x6f;&#108;e&#x40;&#98;l&#x75;&#101;w&#x69;&#110;&#46;&#x63;&#104;T\u00e9l : +41 26 411 36 30Natel : +41 79 598 92 20<\/p>","protected":false},"author":136,"featured_media":83745,"comment_status":"open","ping_status":"open","sticky":false,"template":"","format":"standard","meta":{"_acf_changed":false,"footnotes":""},"categories":[314,135,216],"tags":[],"class_list":["post-82712","post","type-post","status-publish","format-standard","has-post-thumbnail","hentry","category-les-rassemblements-de-2025","category-calendrier","category-rencontres-regionales"],"acf":[],"yoast_head":"<!-- This site is optimized with the Yoast SEO plugin v27.2 - https:\/\/yoast.com\/product\/yoast-seo-wordpress\/ -->\n<title>Suisse, Fondue, samedi 1er mars 2025 - Club des Cent Cols<\/title>\n<meta name=\"robots\" content=\"index, follow, max-snippet:-1, max-image-preview:large, max-video-preview:-1\" \/>\n<link rel=\"canonical\" href=\"https:\/\/centcols.org\/en\/suisse-fondue-saturday-1-march-2025-2\/\" \/>\n<meta property=\"og:locale\" content=\"en_GB\" \/>\n<meta property=\"og:type\" content=\"article\" \/>\n<meta property=\"og:title\" content=\"Suisse, Fondue, samedi 1er mars 2025 - Club des Cent Cols\" \/>\n<meta property=\"og:description\" content=\"Fondue au caf\u00e9 Tivoli, place d\u2019Armes 18, 1618 Ch\u00e2tel-Saint-Denis. Rendez-vous \u00e0 11 h 30 Traditionnelle fondue de d\u00e9but de saison organis\u00e9e par Jacques Bezzola R\u00e9servation : Jacques Bezzola Contact Jacques Bezzola&#098;o&#x75;s&#x73;&#111;&#x6c;&#101;&#x40;&#098;l&#x75;e&#x77;&#105;&#x6e;&#046;&#x63;&#104;T\u00e9l : +41 26 411 36 30Natel : +41 79 598 92 20\" \/>\n<meta property=\"og:url\" content=\"https:\/\/centcols.org\/en\/suisse-fondue-saturday-1-march-2025-2\/\" \/>\n<meta property=\"og:site_name\" content=\"Club des Cent Cols\" \/>\n<meta property=\"article:publisher\" content=\"https:\/\/www.facebook.com\/groups\/5261880558\/?locale=fr_FR\" \/>\n<meta property=\"article:published_time\" content=\"2025-01-21T05:00:01+00:00\" \/>\n<meta property=\"article:modified_time\" content=\"2025-09-09T11:32:25+00:00\" \/>\n<meta property=\"og:image\" content=\"https:\/\/centcols.org\/wp-content\/uploads\/2025\/01\/fondue.jpg\" \/>\n\t<meta property=\"og:image:width\" content=\"800\" \/>\n\t<meta property=\"og:image:height\" content=\"533\" \/>\n\t<meta property=\"og:image:type\" content=\"image\/jpeg\" \/>\n<meta name=\"author\" content=\"Guy Harl\u00e9\" \/>\n<meta name=\"twitter:card\" content=\"summary_large_image\" \/>\n<meta name=\"twitter:label1\" content=\"Written by\" \/>\n\t<meta name=\"twitter:data1\" content=\"Guy Harl\u00e9\" \/>\n\t<meta name=\"twitter:label2\" content=\"Estimated reading time\" \/>\n\t<meta name=\"twitter:data2\" content=\"1 minute\" \/>\n<script type=\"application\/ld+json\" class=\"yoast-schema-graph\">{\"@context\":\"https:\/\/schema.org\",\"@graph\":[{\"@type\":\"Article\",\"@id\":\"https:\/\/centcols.org\/suisse-fondue-samedi-1er-mars-2025-2\/#article\",\"isPartOf\":{\"@id\":\"https:\/\/centcols.org\/suisse-fondue-samedi-1er-mars-2025-2\/\"},\"author\":{\"name\":\"Guy Harl\u00e9\",\"@id\":\"https:\/\/centcols.org\/#\/schema\/person\/377f00da2793c0363246869bb3a344d0\"},\"headline\":\"Suisse, Fondue, samedi 1er mars 2025\",\"datePublished\":\"2025-01-21T05:00:01+00:00\",\"dateModified\":\"2025-09-09T11:32:25+00:00\",\"mainEntityOfPage\":{\"@id\":\"https:\/\/centcols.org\/suisse-fondue-samedi-1er-mars-2025-2\/\"},\"wordCount\":41,\"commentCount\":0,\"publisher\":{\"@id\":\"https:\/\/centcols.org\/#organization\"},\"image\":{\"@id\":\"https:\/\/centcols.org\/suisse-fondue-samedi-1er-mars-2025-2\/#primaryimage\"},\"thumbnailUrl\":\"https:\/\/centcols.org\/wp-content\/uploads\/2025\/01\/fondue.jpg\",\"articleSection\":[\"2025-rassemblements\",\"Calendrier\",\"Rencontres r\u00e9gionales\"],\"inLanguage\":\"en-GB\",\"potentialAction\":[{\"@type\":\"CommentAction\",\"name\":\"Comment\",\"target\":[\"https:\/\/centcols.org\/suisse-fondue-samedi-1er-mars-2025-2\/#respond\"]}]},{\"@type\":\"WebPage\",\"@id\":\"https:\/\/centcols.org\/suisse-fondue-samedi-1er-mars-2025-2\/\",\"url\":\"https:\/\/centcols.org\/suisse-fondue-samedi-1er-mars-2025-2\/\",\"name\":\"Suisse, Fondue, samedi 1er mars 2025 - Club des Cent Cols\",\"isPartOf\":{\"@id\":\"https:\/\/centcols.org\/#website\"},\"primaryImageOfPage\":{\"@id\":\"https:\/\/centcols.org\/suisse-fondue-samedi-1er-mars-2025-2\/#primaryimage\"},\"image\":{\"@id\":\"https:\/\/centcols.org\/suisse-fondue-samedi-1er-mars-2025-2\/#primaryimage\"},\"thumbnailUrl\":\"https:\/\/centcols.org\/wp-content\/uploads\/2025\/01\/fondue.jpg\",\"datePublished\":\"2025-01-21T05:00:01+00:00\",\"dateModified\":\"2025-09-09T11:32:25+00:00\",\"breadcrumb\":{\"@id\":\"https:\/\/centcols.org\/suisse-fondue-samedi-1er-mars-2025-2\/#breadcrumb\"},\"inLanguage\":\"en-GB\",\"potentialAction\":[{\"@type\":\"ReadAction\",\"target\":[\"https:\/\/centcols.org\/suisse-fondue-samedi-1er-mars-2025-2\/\"]}]},{\"@type\":\"ImageObject\",\"inLanguage\":\"en-GB\",\"@id\":\"https:\/\/centcols.org\/suisse-fondue-samedi-1er-mars-2025-2\/#primaryimage\",\"url\":\"https:\/\/centcols.org\/wp-content\/uploads\/2025\/01\/fondue.jpg\",\"contentUrl\":\"https:\/\/centcols.org\/wp-content\/uploads\/2025\/01\/fondue.jpg\",\"width\":800,\"height\":533},{\"@type\":\"BreadcrumbList\",\"@id\":\"https:\/\/centcols.org\/suisse-fondue-samedi-1er-mars-2025-2\/#breadcrumb\",\"itemListElement\":[{\"@type\":\"ListItem\",\"position\":1,\"name\":\"Accueil\",\"item\":\"https:\/\/centcols.org\/\"},{\"@type\":\"ListItem\",\"position\":2,\"name\":\"Rencontres r\u00e9gionales\",\"item\":\"https:\/\/centcols.org\/rubrique\/rencontres-regionales\/\"},{\"@type\":\"ListItem\",\"position\":3,\"name\":\"Suisse, Fondue, samedi 1er mars 2025\"}]},{\"@type\":\"WebSite\",\"@id\":\"https:\/\/centcols.org\/#website\",\"url\":\"https:\/\/centcols.org\/\",\"name\":\"Club des Cent Cols\",\"description\":\"\",\"publisher\":{\"@id\":\"https:\/\/centcols.org\/#organization\"},\"potentialAction\":[{\"@type\":\"SearchAction\",\"target\":{\"@type\":\"EntryPoint\",\"urlTemplate\":\"https:\/\/centcols.org\/?s={search_term_string}\"},\"query-input\":{\"@type\":\"PropertyValueSpecification\",\"valueRequired\":true,\"valueName\":\"search_term_string\"}}],\"inLanguage\":\"en-GB\"},{\"@type\":\"Organization\",\"@id\":\"https:\/\/centcols.org\/#organization\",\"name\":\"Club des Cent Cols\",\"url\":\"https:\/\/centcols.org\/\",\"logo\":{\"@type\":\"ImageObject\",\"inLanguage\":\"en-GB\",\"@id\":\"https:\/\/centcols.org\/#\/schema\/logo\/image\/\",\"url\":\"https:\/\/centcols.org\/wp-content\/uploads\/2025\/01\/carte-icone.png\",\"contentUrl\":\"https:\/\/centcols.org\/wp-content\/uploads\/2025\/01\/carte-icone.png\",\"width\":250,\"height\":250,\"caption\":\"Club des Cent Cols\"},\"image\":{\"@id\":\"https:\/\/centcols.org\/#\/schema\/logo\/image\/\"},\"sameAs\":[\"https:\/\/www.facebook.com\/groups\/5261880558\/?locale=fr_FR\"]},{\"@type\":\"Person\",\"@id\":\"https:\/\/centcols.org\/#\/schema\/person\/377f00da2793c0363246869bb3a344d0\",\"name\":\"Guy Harl\u00e9\",\"image\":{\"@type\":\"ImageObject\",\"inLanguage\":\"en-GB\",\"@id\":\"https:\/\/centcols.org\/wp-content\/litespeed\/avatar\/94c4de37e46cf090f296d42ab3e8d6a6.jpg?ver=1777238144\",\"url\":\"https:\/\/centcols.org\/wp-content\/litespeed\/avatar\/94c4de37e46cf090f296d42ab3e8d6a6.jpg?ver=1777238144\",\"contentUrl\":\"https:\/\/centcols.org\/wp-content\/litespeed\/avatar\/94c4de37e46cf090f296d42ab3e8d6a6.jpg?ver=1777238144\",\"caption\":\"Guy Harl\u00e9\"},\"url\":\"https:\/\/centcols.org\/en\/author\/5193\/\"}]}<\/script>\n<!-- \/ Yoast SEO plugin. -->","yoast_head_json":{"title":"Switzerland, Fondue, Saturday 1st March 2025 - Club des Cent Cols","robots":{"index":"index","follow":"follow","max-snippet":"max-snippet:-1","max-image-preview":"max-image-preview:large","max-video-preview":"max-video-preview:-1"},"canonical":"https:\/\/centcols.org\/en\/suisse-fondue-saturday-1-march-2025-2\/","og_locale":"en_GB","og_type":"article","og_title":"Suisse, Fondue, samedi 1er mars 2025 - Club des Cent Cols","og_description":"Fondue au caf\u00e9 Tivoli, place d\u2019Armes 18, 1618 Ch\u00e2tel-Saint-Denis. Rendez-vous \u00e0 11 h 30 Traditionnelle fondue de d\u00e9but de saison organis\u00e9e par Jacques Bezzola R\u00e9servation : Jacques Bezzola Contact Jacques Bezzola&#98;o&#x75;s&#x73;&#111;&#x6c;&#101;&#x40;&#98;l&#x75;e&#x77;&#105;&#x6e;&#46;&#x63;&#104;T\u00e9l : +41 26 411 36 30Natel : +41 79 598 92 20","og_url":"https:\/\/centcols.org\/en\/suisse-fondue-saturday-1-march-2025-2\/","og_site_name":"Club des Cent Cols","article_publisher":"https:\/\/www.facebook.com\/groups\/5261880558\/?locale=fr_FR","article_published_time":"2025-01-21T05:00:01+00:00","article_modified_time":"2025-09-09T11:32:25+00:00","og_image":[{"width":800,"height":533,"url":"https:\/\/centcols.org\/wp-content\/uploads\/2025\/01\/fondue.jpg","type":"image\/jpeg"}],"author":"Guy Harl\u00e9","twitter_card":"summary_large_image","twitter_misc":{"Written by":"Guy Harl\u00e9","Estimated reading time":"1 minute"},"schema":{"@context":"https:\/\/schema.org","@graph":[{"@type":"Article","@id":"https:\/\/centcols.org\/suisse-fondue-samedi-1er-mars-2025-2\/#article","isPartOf":{"@id":"https:\/\/centcols.org\/suisse-fondue-samedi-1er-mars-2025-2\/"},"author":{"name":"Guy Harl\u00e9","@id":"https:\/\/centcols.org\/#\/schema\/person\/377f00da2793c0363246869bb3a344d0"},"headline":"Suisse, Fondue, samedi 1er mars 2025","datePublished":"2025-01-21T05:00:01+00:00","dateModified":"2025-09-09T11:32:25+00:00","mainEntityOfPage":{"@id":"https:\/\/centcols.org\/suisse-fondue-samedi-1er-mars-2025-2\/"},"wordCount":41,"commentCount":0,"publisher":{"@id":"https:\/\/centcols.org\/#organization"},"image":{"@id":"https:\/\/centcols.org\/suisse-fondue-samedi-1er-mars-2025-2\/#primaryimage"},"thumbnailUrl":"https:\/\/centcols.org\/wp-content\/uploads\/2025\/01\/fondue.jpg","articleSection":["2025-rassemblements","Calendrier","Rencontres r\u00e9gionales"],"inLanguage":"en-GB","potentialAction":[{"@type":"CommentAction","name":"Comment","target":["https:\/\/centcols.org\/suisse-fondue-samedi-1er-mars-2025-2\/#respond"]}]},{"@type":"WebPage","@id":"https:\/\/centcols.org\/suisse-fondue-samedi-1er-mars-2025-2\/","url":"https:\/\/centcols.org\/suisse-fondue-samedi-1er-mars-2025-2\/","name":"Switzerland, Fondue, Saturday 1st March 2025 - Club des Cent Cols","isPartOf":{"@id":"https:\/\/centcols.org\/#website"},"primaryImageOfPage":{"@id":"https:\/\/centcols.org\/suisse-fondue-samedi-1er-mars-2025-2\/#primaryimage"},"image":{"@id":"https:\/\/centcols.org\/suisse-fondue-samedi-1er-mars-2025-2\/#primaryimage"},"thumbnailUrl":"https:\/\/centcols.org\/wp-content\/uploads\/2025\/01\/fondue.jpg","datePublished":"2025-01-21T05:00:01+00:00","dateModified":"2025-09-09T11:32:25+00:00","breadcrumb":{"@id":"https:\/\/centcols.org\/suisse-fondue-samedi-1er-mars-2025-2\/#breadcrumb"},"inLanguage":"en-GB","potentialAction":[{"@type":"ReadAction","target":["https:\/\/centcols.org\/suisse-fondue-samedi-1er-mars-2025-2\/"]}]},{"@type":"ImageObject","inLanguage":"en-GB","@id":"https:\/\/centcols.org\/suisse-fondue-samedi-1er-mars-2025-2\/#primaryimage","url":"https:\/\/centcols.org\/wp-content\/uploads\/2025\/01\/fondue.jpg","contentUrl":"https:\/\/centcols.org\/wp-content\/uploads\/2025\/01\/fondue.jpg","width":800,"height":533},{"@type":"BreadcrumbList","@id":"https:\/\/centcols.org\/suisse-fondue-samedi-1er-mars-2025-2\/#breadcrumb","itemListElement":[{"@type":"ListItem","position":1,"name":"Accueil","item":"https:\/\/centcols.org\/"},{"@type":"ListItem","position":2,"name":"Rencontres r\u00e9gionales","item":"https:\/\/centcols.org\/rubrique\/rencontres-regionales\/"},{"@type":"ListItem","position":3,"name":"Suisse, Fondue, samedi 1er mars 2025"}]},{"@type":"WebSite","@id":"https:\/\/centcols.org\/#website","url":"https:\/\/centcols.org\/","name":"Club des Cent Cols","description":"","publisher":{"@id":"https:\/\/centcols.org\/#organization"},"potentialAction":[{"@type":"SearchAction","target":{"@type":"EntryPoint","urlTemplate":"https:\/\/centcols.org\/?s={search_term_string}"},"query-input":{"@type":"PropertyValueSpecification","valueRequired":true,"valueName":"search_term_string"}}],"inLanguage":"en-GB"},{"@type":"Organization","@id":"https:\/\/centcols.org\/#organization","name":"Club des Cent Cols","url":"https:\/\/centcols.org\/","logo":{"@type":"ImageObject","inLanguage":"en-GB","@id":"https:\/\/centcols.org\/#\/schema\/logo\/image\/","url":"https:\/\/centcols.org\/wp-content\/uploads\/2025\/01\/carte-icone.png","contentUrl":"https:\/\/centcols.org\/wp-content\/uploads\/2025\/01\/carte-icone.png","width":250,"height":250,"caption":"Club des Cent Cols"},"image":{"@id":"https:\/\/centcols.org\/#\/schema\/logo\/image\/"},"sameAs":["https:\/\/www.facebook.com\/groups\/5261880558\/?locale=fr_FR"]},{"@type":"Person","@id":"https:\/\/centcols.org\/#\/schema\/person\/377f00da2793c0363246869bb3a344d0","name":"Guy Harl\u00e9","image":{"@type":"ImageObject","inLanguage":"en-GB","@id":"https:\/\/centcols.org\/wp-content\/litespeed\/avatar\/94c4de37e46cf090f296d42ab3e8d6a6.jpg?ver=1777238144","url":"https:\/\/centcols.org\/wp-content\/litespeed\/avatar\/94c4de37e46cf090f296d42ab3e8d6a6.jpg?ver=1777238144","contentUrl":"https:\/\/centcols.org\/wp-content\/litespeed\/avatar\/94c4de37e46cf090f296d42ab3e8d6a6.jpg?ver=1777238144","caption":"Guy Harl\u00e9"},"url":"https:\/\/centcols.org\/en\/author\/5193\/"}]}},"_links":{"self":[{"href":"https:\/\/centcols.org\/en\/wp-json\/wp\/v2\/posts\/82712","targetHints":{"allow":["GET"]}}],"collection":[{"href":"https:\/\/centcols.org\/en\/wp-json\/wp\/v2\/posts"}],"about":[{"href":"https:\/\/centcols.org\/en\/wp-json\/wp\/v2\/types\/post"}],"author":[{"embeddable":true,"href":"https:\/\/centcols.org\/en\/wp-json\/wp\/v2\/users\/136"}],"replies":[{"embeddable":true,"href":"https:\/\/centcols.org\/en\/wp-json\/wp\/v2\/comments?post=82712"}],"version-history":[{"count":0,"href":"https:\/\/centcols.org\/en\/wp-json\/wp\/v2\/posts\/82712\/revisions"}],"wp:featuredmedia":[{"embeddable":true,"href":"https:\/\/centcols.org\/en\/wp-json\/wp\/v2\/media\/83745"}],"wp:attachment":[{"href":"https:\/\/centcols.org\/en\/wp-json\/wp\/v2\/media?parent=82712"}],"wp:term":[{"taxonomy":"category","embeddable":true,"href":"https:\/\/centcols.org\/en\/wp-json\/wp\/v2\/categories?post=82712"},{"taxonomy":"post_tag","embeddable":true,"href":"https:\/\/centcols.org\/en\/wp-json\/wp\/v2\/tags?post=82712"}],"curies":[{"name":"wp","href":"https:\/\/api.w.org\/{rel}","templated":true}]}}