{"id":82719,"date":"2025-01-24T16:53:36","date_gmt":"2025-01-24T14:53:36","guid":{"rendered":"https:\/\/centcols.org\/rassemblement-pyreneen-bernardini-26-au-30-juin-2025\/"},"modified":"2025-09-09T13:32:24","modified_gmt":"2025-09-09T11:32:24","slug":"bernardini-2025-arette","status":"publish","type":"post","link":"https:\/\/centcols.org\/en\/bernardini-2025-arette\/","title":{"rendered":"Bernardini\" Pyrenean gathering, 26 to 30 June 2025"},"content":{"rendered":"\n<p class=\"has-medium-font-size\">Le rassemblement pyr\u00e9n\u00e9en \u00ab\u00a0Bernardini\u00a0\u00bb aura lieu du jeudi 26 au lundi 30 juin \u00e0 Arette (64)<br>Le programme propos\u00e9 permet de franchir plus de 60 cols. Les circuits VTT sont assez faciles et roulants<br>Beaucoup de cols routiers dans le secteur pour ceux qui ne veulent faire que de la route<br>Il est possible de se joindre au groupe pour une partie du s\u00e9jour seulement<br>Nous sommes d\u00e9j\u00e0 quelques-uns \u00e0 avoir r\u00e9serv\u00e9 un h\u00e9bergement et serons bas\u00e9s dans l\u2019\u00e9tablissement suivant :<br><em>Base Aventure<\/em><br><em>29 avenue Marcel Loubens<\/em><br><em>64570 Arette<br><\/em>Il s\u2019agit d\u2019un g\u00eete pour groupes, donc h\u00e9bergement en dortoirs, il reste quelques places : me contacter par mail exclusivement si vous \u00eates int\u00e9ress\u00e9s<br><strong>Jeudi 26 : <\/strong>44 km, d\u00e9nivel\u00e9 1600 m, 11 cols (67% de goudron)<br><strong>Vendredi 27 :\u00a0<\/strong>61 km, d\u00e9nivel\u00e9 1850 m, 18 cols (68% de goudron)<a href=\"https:\/\/www.openrunner.com\/route-details\/20555454\" target=\"_blank\" rel=\"noreferrer noopener\"><\/a><br><strong>Samedi 28 : <\/strong>64 km, d\u00e9nivel\u00e9 1870 m, 14 cols (63% de goudron)<br><strong>Dimanche 29, la Bernardini :\u00a0<\/strong>68 km, d\u00e9nivel\u00e9 1950 m, 16 cols (90% de goudron)<br>Au km 27, \u00e9ventuellement possibilit\u00e9 de 4 cols suppl\u00e9mentaires dont 3 \u00ab\u00a02000\u00a0\u00bb. A voir sur place car le relief dans ce secteur est tra\u00eetre (crevasses, gouffres\u2026) De plus, le brouillard peut arriver en quelques minutes, donc danger!<br><strong>Lundi 30 :<\/strong> 32 km, d\u00e9nivel\u00e9 1150, 5 cols (60% de goudron)<\/p>\n\n\n\n<h2 class=\"wp-block-heading\">Circuits<\/h2>\n\n\n\n<p><a href=\"https:\/\/centcols.org\/membres\/cctours\/tours.php?lieu=Arette&amp;an=2025\" target=\"_blank\" rel=\"noreferrer noopener\">Carte des parcours et fichiers gpx<\/a><\/p>\n\n\n\n<h2 class=\"wp-block-heading\">Contact<\/h2>\n\n\n\n<p class=\"has-medium-font-size\">&nbsp;Fred Singla<br>[email]&#x35;1&#x37;&#51;&#x63;&#99;&#x63;&#x40;g&#x6d;&#97;&#x69;&#108;&#x2e;&#99;o&#x6d;[\/email]&nbsp;<br>T\u00e9l : +33 6 33 68 33 44<\/p>\n","protected":false},"excerpt":{"rendered":"<p>Le rassemblement pyr\u00e9n\u00e9en \u00ab\u00a0Bernardini\u00a0\u00bb aura lieu du jeudi 26 au lundi 30 juin \u00e0 Arette (64)Le programme propos\u00e9 permet de franchir plus de 60 cols. Les circuits VTT sont assez faciles et roulantsBeaucoup de cols routiers dans le secteur pour ceux qui ne veulent faire que de la routeIl est possible de se joindre au [&hellip;]<\/p>\n","protected":false},"author":136,"featured_media":83739,"comment_status":"open","ping_status":"open","sticky":false,"template":"","format":"standard","meta":{"_acf_changed":false,"footnotes":""},"categories":[314,135,216],"tags":[],"class_list":["post-82719","post","type-post","status-publish","format-standard","has-post-thumbnail","hentry","category-les-rassemblements-de-2025","category-calendrier","category-rencontres-regionales"],"acf":[],"yoast_head":"<!-- This site is optimized with the Yoast SEO plugin v27.2 - https:\/\/yoast.com\/product\/yoast-seo-wordpress\/ -->\n<title>Rassemblement pyr\u00e9n\u00e9en &quot;Bernardini&quot;, 26 au 30 juin 2025 - Club des Cent Cols<\/title>\n<meta name=\"robots\" content=\"index, follow, max-snippet:-1, max-image-preview:large, max-video-preview:-1\" \/>\n<link rel=\"canonical\" href=\"https:\/\/centcols.org\/en\/bernardini-2025-arette\/\" \/>\n<meta property=\"og:locale\" content=\"en_GB\" \/>\n<meta property=\"og:type\" content=\"article\" \/>\n<meta property=\"og:title\" content=\"Rassemblement pyr\u00e9n\u00e9en &quot;Bernardini&quot;, 26 au 30 juin 2025 - Club des Cent Cols\" \/>\n<meta property=\"og:description\" content=\"Le rassemblement pyr\u00e9n\u00e9en \u00ab\u00a0Bernardini\u00a0\u00bb aura lieu du jeudi 26 au lundi 30 juin \u00e0 Arette (64)Le programme propos\u00e9 permet de franchir plus de 60 cols. Les circuits VTT sont assez faciles et roulantsBeaucoup de cols routiers dans le secteur pour ceux qui ne veulent faire que de la routeIl est possible de se joindre au [&hellip;]\" \/>\n<meta property=\"og:url\" content=\"https:\/\/centcols.org\/en\/bernardini-2025-arette\/\" \/>\n<meta property=\"og:site_name\" content=\"Club des Cent Cols\" \/>\n<meta property=\"article:publisher\" content=\"https:\/\/www.facebook.com\/groups\/5261880558\/?locale=fr_FR\" \/>\n<meta property=\"article:published_time\" content=\"2025-01-24T14:53:36+00:00\" \/>\n<meta property=\"article:modified_time\" content=\"2025-09-09T11:32:24+00:00\" \/>\n<meta property=\"og:image\" content=\"https:\/\/centcols.org\/wp-content\/uploads\/2025\/01\/soudet.pg_.jpg\" \/>\n\t<meta property=\"og:image:width\" content=\"800\" \/>\n\t<meta property=\"og:image:height\" content=\"450\" \/>\n\t<meta property=\"og:image:type\" content=\"image\/jpeg\" \/>\n<meta name=\"author\" content=\"Guy Harl\u00e9\" \/>\n<meta name=\"twitter:card\" content=\"summary_large_image\" \/>\n<meta name=\"twitter:label1\" content=\"Written by\" \/>\n\t<meta name=\"twitter:data1\" content=\"Guy Harl\u00e9\" \/>\n\t<meta name=\"twitter:label2\" content=\"Estimated reading time\" \/>\n\t<meta name=\"twitter:data2\" content=\"2 minutes\" \/>\n<script type=\"application\/ld+json\" class=\"yoast-schema-graph\">{\"@context\":\"https:\/\/schema.org\",\"@graph\":[{\"@type\":\"Article\",\"@id\":\"https:\/\/centcols.org\/bernardini-2025-arette\/#article\",\"isPartOf\":{\"@id\":\"https:\/\/centcols.org\/bernardini-2025-arette\/\"},\"author\":{\"name\":\"Guy Harl\u00e9\",\"@id\":\"https:\/\/centcols.org\/#\/schema\/person\/377f00da2793c0363246869bb3a344d0\"},\"headline\":\"Rassemblement pyr\u00e9n\u00e9en \u00ab\u00a0Bernardini\u00a0\u00bb, 26 au 30 juin 2025\",\"datePublished\":\"2025-01-24T14:53:36+00:00\",\"dateModified\":\"2025-09-09T11:32:24+00:00\",\"mainEntityOfPage\":{\"@id\":\"https:\/\/centcols.org\/bernardini-2025-arette\/\"},\"wordCount\":216,\"commentCount\":0,\"publisher\":{\"@id\":\"https:\/\/centcols.org\/#organization\"},\"image\":{\"@id\":\"https:\/\/centcols.org\/bernardini-2025-arette\/#primaryimage\"},\"thumbnailUrl\":\"https:\/\/centcols.org\/wp-content\/uploads\/2025\/01\/soudet.pg_.jpg\",\"articleSection\":[\"2025-rassemblements\",\"Calendrier\",\"Rencontres r\u00e9gionales\"],\"inLanguage\":\"en-GB\",\"potentialAction\":[{\"@type\":\"CommentAction\",\"name\":\"Comment\",\"target\":[\"https:\/\/centcols.org\/bernardini-2025-arette\/#respond\"]}]},{\"@type\":\"WebPage\",\"@id\":\"https:\/\/centcols.org\/bernardini-2025-arette\/\",\"url\":\"https:\/\/centcols.org\/bernardini-2025-arette\/\",\"name\":\"Rassemblement pyr\u00e9n\u00e9en \\\"Bernardini\\\", 26 au 30 juin 2025 - Club des Cent Cols\",\"isPartOf\":{\"@id\":\"https:\/\/centcols.org\/#website\"},\"primaryImageOfPage\":{\"@id\":\"https:\/\/centcols.org\/bernardini-2025-arette\/#primaryimage\"},\"image\":{\"@id\":\"https:\/\/centcols.org\/bernardini-2025-arette\/#primaryimage\"},\"thumbnailUrl\":\"https:\/\/centcols.org\/wp-content\/uploads\/2025\/01\/soudet.pg_.jpg\",\"datePublished\":\"2025-01-24T14:53:36+00:00\",\"dateModified\":\"2025-09-09T11:32:24+00:00\",\"breadcrumb\":{\"@id\":\"https:\/\/centcols.org\/bernardini-2025-arette\/#breadcrumb\"},\"inLanguage\":\"en-GB\",\"potentialAction\":[{\"@type\":\"ReadAction\",\"target\":[\"https:\/\/centcols.org\/bernardini-2025-arette\/\"]}]},{\"@type\":\"ImageObject\",\"inLanguage\":\"en-GB\",\"@id\":\"https:\/\/centcols.org\/bernardini-2025-arette\/#primaryimage\",\"url\":\"https:\/\/centcols.org\/wp-content\/uploads\/2025\/01\/soudet.pg_.jpg\",\"contentUrl\":\"https:\/\/centcols.org\/wp-content\/uploads\/2025\/01\/soudet.pg_.jpg\",\"width\":800,\"height\":450},{\"@type\":\"BreadcrumbList\",\"@id\":\"https:\/\/centcols.org\/bernardini-2025-arette\/#breadcrumb\",\"itemListElement\":[{\"@type\":\"ListItem\",\"position\":1,\"name\":\"Accueil\",\"item\":\"https:\/\/centcols.org\/\"},{\"@type\":\"ListItem\",\"position\":2,\"name\":\"Rencontres r\u00e9gionales\",\"item\":\"https:\/\/centcols.org\/rubrique\/rencontres-regionales\/\"},{\"@type\":\"ListItem\",\"position\":3,\"name\":\"Rassemblement pyr\u00e9n\u00e9en \u00ab\u00a0Bernardini\u00a0\u00bb, 26 au 30 juin 2025\"}]},{\"@type\":\"WebSite\",\"@id\":\"https:\/\/centcols.org\/#website\",\"url\":\"https:\/\/centcols.org\/\",\"name\":\"Club des Cent Cols\",\"description\":\"\",\"publisher\":{\"@id\":\"https:\/\/centcols.org\/#organization\"},\"potentialAction\":[{\"@type\":\"SearchAction\",\"target\":{\"@type\":\"EntryPoint\",\"urlTemplate\":\"https:\/\/centcols.org\/?s={search_term_string}\"},\"query-input\":{\"@type\":\"PropertyValueSpecification\",\"valueRequired\":true,\"valueName\":\"search_term_string\"}}],\"inLanguage\":\"en-GB\"},{\"@type\":\"Organization\",\"@id\":\"https:\/\/centcols.org\/#organization\",\"name\":\"Club des Cent Cols\",\"url\":\"https:\/\/centcols.org\/\",\"logo\":{\"@type\":\"ImageObject\",\"inLanguage\":\"en-GB\",\"@id\":\"https:\/\/centcols.org\/#\/schema\/logo\/image\/\",\"url\":\"https:\/\/centcols.org\/wp-content\/uploads\/2025\/01\/carte-icone.png\",\"contentUrl\":\"https:\/\/centcols.org\/wp-content\/uploads\/2025\/01\/carte-icone.png\",\"width\":250,\"height\":250,\"caption\":\"Club des Cent Cols\"},\"image\":{\"@id\":\"https:\/\/centcols.org\/#\/schema\/logo\/image\/\"},\"sameAs\":[\"https:\/\/www.facebook.com\/groups\/5261880558\/?locale=fr_FR\"]},{\"@type\":\"Person\",\"@id\":\"https:\/\/centcols.org\/#\/schema\/person\/377f00da2793c0363246869bb3a344d0\",\"name\":\"Guy Harl\u00e9\",\"image\":{\"@type\":\"ImageObject\",\"inLanguage\":\"en-GB\",\"@id\":\"https:\/\/centcols.org\/wp-content\/litespeed\/avatar\/94c4de37e46cf090f296d42ab3e8d6a6.jpg?ver=1777238144\",\"url\":\"https:\/\/centcols.org\/wp-content\/litespeed\/avatar\/94c4de37e46cf090f296d42ab3e8d6a6.jpg?ver=1777238144\",\"contentUrl\":\"https:\/\/centcols.org\/wp-content\/litespeed\/avatar\/94c4de37e46cf090f296d42ab3e8d6a6.jpg?ver=1777238144\",\"caption\":\"Guy Harl\u00e9\"},\"url\":\"https:\/\/centcols.org\/en\/author\/5193\/\"}]}<\/script>\n<!-- \/ Yoast SEO plugin. -->","yoast_head_json":{"title":"Bernardini Pyrenean Rally, 26 to 30 June 2025 - Club des Cent Cols","robots":{"index":"index","follow":"follow","max-snippet":"max-snippet:-1","max-image-preview":"max-image-preview:large","max-video-preview":"max-video-preview:-1"},"canonical":"https:\/\/centcols.org\/en\/bernardini-2025-arette\/","og_locale":"en_GB","og_type":"article","og_title":"Rassemblement pyr\u00e9n\u00e9en \"Bernardini\", 26 au 30 juin 2025 - Club des Cent Cols","og_description":"Le rassemblement pyr\u00e9n\u00e9en \u00ab\u00a0Bernardini\u00a0\u00bb aura lieu du jeudi 26 au lundi 30 juin \u00e0 Arette (64)Le programme propos\u00e9 permet de franchir plus de 60 cols. Les circuits VTT sont assez faciles et roulantsBeaucoup de cols routiers dans le secteur pour ceux qui ne veulent faire que de la routeIl est possible de se joindre au [&hellip;]","og_url":"https:\/\/centcols.org\/en\/bernardini-2025-arette\/","og_site_name":"Club des Cent Cols","article_publisher":"https:\/\/www.facebook.com\/groups\/5261880558\/?locale=fr_FR","article_published_time":"2025-01-24T14:53:36+00:00","article_modified_time":"2025-09-09T11:32:24+00:00","og_image":[{"width":800,"height":450,"url":"https:\/\/centcols.org\/wp-content\/uploads\/2025\/01\/soudet.pg_.jpg","type":"image\/jpeg"}],"author":"Guy Harl\u00e9","twitter_card":"summary_large_image","twitter_misc":{"Written by":"Guy Harl\u00e9","Estimated reading time":"2 minutes"},"schema":{"@context":"https:\/\/schema.org","@graph":[{"@type":"Article","@id":"https:\/\/centcols.org\/bernardini-2025-arette\/#article","isPartOf":{"@id":"https:\/\/centcols.org\/bernardini-2025-arette\/"},"author":{"name":"Guy Harl\u00e9","@id":"https:\/\/centcols.org\/#\/schema\/person\/377f00da2793c0363246869bb3a344d0"},"headline":"Rassemblement pyr\u00e9n\u00e9en \u00ab\u00a0Bernardini\u00a0\u00bb, 26 au 30 juin 2025","datePublished":"2025-01-24T14:53:36+00:00","dateModified":"2025-09-09T11:32:24+00:00","mainEntityOfPage":{"@id":"https:\/\/centcols.org\/bernardini-2025-arette\/"},"wordCount":216,"commentCount":0,"publisher":{"@id":"https:\/\/centcols.org\/#organization"},"image":{"@id":"https:\/\/centcols.org\/bernardini-2025-arette\/#primaryimage"},"thumbnailUrl":"https:\/\/centcols.org\/wp-content\/uploads\/2025\/01\/soudet.pg_.jpg","articleSection":["2025-rassemblements","Calendrier","Rencontres r\u00e9gionales"],"inLanguage":"en-GB","potentialAction":[{"@type":"CommentAction","name":"Comment","target":["https:\/\/centcols.org\/bernardini-2025-arette\/#respond"]}]},{"@type":"WebPage","@id":"https:\/\/centcols.org\/bernardini-2025-arette\/","url":"https:\/\/centcols.org\/bernardini-2025-arette\/","name":"Bernardini Pyrenean Rally, 26 to 30 June 2025 - Club des Cent Cols","isPartOf":{"@id":"https:\/\/centcols.org\/#website"},"primaryImageOfPage":{"@id":"https:\/\/centcols.org\/bernardini-2025-arette\/#primaryimage"},"image":{"@id":"https:\/\/centcols.org\/bernardini-2025-arette\/#primaryimage"},"thumbnailUrl":"https:\/\/centcols.org\/wp-content\/uploads\/2025\/01\/soudet.pg_.jpg","datePublished":"2025-01-24T14:53:36+00:00","dateModified":"2025-09-09T11:32:24+00:00","breadcrumb":{"@id":"https:\/\/centcols.org\/bernardini-2025-arette\/#breadcrumb"},"inLanguage":"en-GB","potentialAction":[{"@type":"ReadAction","target":["https:\/\/centcols.org\/bernardini-2025-arette\/"]}]},{"@type":"ImageObject","inLanguage":"en-GB","@id":"https:\/\/centcols.org\/bernardini-2025-arette\/#primaryimage","url":"https:\/\/centcols.org\/wp-content\/uploads\/2025\/01\/soudet.pg_.jpg","contentUrl":"https:\/\/centcols.org\/wp-content\/uploads\/2025\/01\/soudet.pg_.jpg","width":800,"height":450},{"@type":"BreadcrumbList","@id":"https:\/\/centcols.org\/bernardini-2025-arette\/#breadcrumb","itemListElement":[{"@type":"ListItem","position":1,"name":"Accueil","item":"https:\/\/centcols.org\/"},{"@type":"ListItem","position":2,"name":"Rencontres r\u00e9gionales","item":"https:\/\/centcols.org\/rubrique\/rencontres-regionales\/"},{"@type":"ListItem","position":3,"name":"Rassemblement pyr\u00e9n\u00e9en \u00ab\u00a0Bernardini\u00a0\u00bb, 26 au 30 juin 2025"}]},{"@type":"WebSite","@id":"https:\/\/centcols.org\/#website","url":"https:\/\/centcols.org\/","name":"Club des Cent Cols","description":"","publisher":{"@id":"https:\/\/centcols.org\/#organization"},"potentialAction":[{"@type":"SearchAction","target":{"@type":"EntryPoint","urlTemplate":"https:\/\/centcols.org\/?s={search_term_string}"},"query-input":{"@type":"PropertyValueSpecification","valueRequired":true,"valueName":"search_term_string"}}],"inLanguage":"en-GB"},{"@type":"Organization","@id":"https:\/\/centcols.org\/#organization","name":"Club des Cent Cols","url":"https:\/\/centcols.org\/","logo":{"@type":"ImageObject","inLanguage":"en-GB","@id":"https:\/\/centcols.org\/#\/schema\/logo\/image\/","url":"https:\/\/centcols.org\/wp-content\/uploads\/2025\/01\/carte-icone.png","contentUrl":"https:\/\/centcols.org\/wp-content\/uploads\/2025\/01\/carte-icone.png","width":250,"height":250,"caption":"Club des Cent Cols"},"image":{"@id":"https:\/\/centcols.org\/#\/schema\/logo\/image\/"},"sameAs":["https:\/\/www.facebook.com\/groups\/5261880558\/?locale=fr_FR"]},{"@type":"Person","@id":"https:\/\/centcols.org\/#\/schema\/person\/377f00da2793c0363246869bb3a344d0","name":"Guy Harl\u00e9","image":{"@type":"ImageObject","inLanguage":"en-GB","@id":"https:\/\/centcols.org\/wp-content\/litespeed\/avatar\/94c4de37e46cf090f296d42ab3e8d6a6.jpg?ver=1777238144","url":"https:\/\/centcols.org\/wp-content\/litespeed\/avatar\/94c4de37e46cf090f296d42ab3e8d6a6.jpg?ver=1777238144","contentUrl":"https:\/\/centcols.org\/wp-content\/litespeed\/avatar\/94c4de37e46cf090f296d42ab3e8d6a6.jpg?ver=1777238144","caption":"Guy Harl\u00e9"},"url":"https:\/\/centcols.org\/en\/author\/5193\/"}]}},"_links":{"self":[{"href":"https:\/\/centcols.org\/en\/wp-json\/wp\/v2\/posts\/82719","targetHints":{"allow":["GET"]}}],"collection":[{"href":"https:\/\/centcols.org\/en\/wp-json\/wp\/v2\/posts"}],"about":[{"href":"https:\/\/centcols.org\/en\/wp-json\/wp\/v2\/types\/post"}],"author":[{"embeddable":true,"href":"https:\/\/centcols.org\/en\/wp-json\/wp\/v2\/users\/136"}],"replies":[{"embeddable":true,"href":"https:\/\/centcols.org\/en\/wp-json\/wp\/v2\/comments?post=82719"}],"version-history":[{"count":0,"href":"https:\/\/centcols.org\/en\/wp-json\/wp\/v2\/posts\/82719\/revisions"}],"wp:featuredmedia":[{"embeddable":true,"href":"https:\/\/centcols.org\/en\/wp-json\/wp\/v2\/media\/83739"}],"wp:attachment":[{"href":"https:\/\/centcols.org\/en\/wp-json\/wp\/v2\/media?parent=82719"}],"wp:term":[{"taxonomy":"category","embeddable":true,"href":"https:\/\/centcols.org\/en\/wp-json\/wp\/v2\/categories?post=82719"},{"taxonomy":"post_tag","embeddable":true,"href":"https:\/\/centcols.org\/en\/wp-json\/wp\/v2\/tags?post=82719"}],"curies":[{"name":"wp","href":"https:\/\/api.w.org\/{rel}","templated":true}]}}