{"id":82720,"date":"2025-01-24T17:07:53","date_gmt":"2025-01-24T15:07:53","guid":{"rendered":"https:\/\/centcols.org\/grand-est-col-du-coutre-samedi-5-juillet-2025\/"},"modified":"2025-10-13T17:24:53","modified_gmt":"2025-10-13T15:24:53","slug":"grand-est-2025-saulxures","status":"publish","type":"post","link":"https:\/\/centcols.org\/en\/grand-est-2025-saulxures\/","title":{"rendered":"Grand-Est, Col du Coutre, Saturday 5 July 2025"},"content":{"rendered":"\n<p>Col du Coutre (FR-88-0704)<br>D\u00e9part de Saulxures-sur-Moselotte (88), parking centre ville \u00e0 partir de 9 h 00<br>Circuit route ou VTT, passage au col du Coutre, et rendez-vous \u00e0 partir de 11 h 00 au point de d\u00e9part<\/p>\n\n\n\n<h2 class=\"wp-block-heading\">Circuits<\/h2>\n\n\n\n<p>Route : 23,5 km, d\u00e9nivel\u00e9 700 m<br>VTT : 17,5 km, d\u00e9nivel\u00e9 500 m<br><a href=\"https:\/\/centcols.org\/membres\/cctours\/tours.php?lieu=Saulxures&amp;an=2025\" target=\"_blank\" rel=\"noreferrer noopener\">Carte des parcours et fichier gpx<\/a><\/p>\n\n\n\n<h2 class=\"wp-block-heading\">Contact<\/h2>\n\n\n\n<p>Jean-Christophe Braumann<br>+33 6 48 80 28 48<br>[email]&#x6a;&#x65;&#97;n-&#x63;&#x68;&#114;&#105;s&#x74;&#x6f;&#112;&#104;e&#x2e;&#x62;&#x72;&#97;um&#x61;&#x6e;&#110;&#64;o&#x72;&#x61;&#110;&#103;e&#x2e;&#x66;&#114;[\/email],<\/p>\n\n\n<h3 class=\"wp-album-user\"><a href=\"https:\/\/centcols.org\/wp-content\/albums\/90782\/6820\/album-90782-6820-20251013-211520.jpg\" class=\"fancybox\" data-fancybox=\"album-90782-user-283\" rel=\"album-90782-user-283\" data-caption=\"Une partie de l&#039;\u00e9quipe au col\" title=\"Une partie de l&#039;\u00e9quipe au col\">Album de Denis Mathieu - CC 6820<\/a><\/h3><div class=\"wp-album-hidden\"><a href=\"https:\/\/centcols.org\/wp-content\/albums\/90782\/6820\/album-90782-6820-20251013-211524.jpeg\" class=\"fancybox wp-album-vh\" data-fancybox=\"album-90782-user-283\" rel=\"album-90782-user-283\" data-caption=\"Le petit chemin d&#039;acc\u00e9s au col\" title=\"Le petit chemin d&#039;acc\u00e9s au col\"><\/a><\/div>\n\n\n\n","protected":false},"excerpt":{"rendered":"<p>Col du Coutre (FR-88-0704)D\u00e9part de Saulxures-sur-Moselotte (88), parking centre ville \u00e0 partir de 9 h 00Circuit route ou VTT, passage au col du Coutre, et rendez-vous \u00e0 partir de 11 h 00 au point de d\u00e9part Circuits Route : 23,5 km, d\u00e9nivel\u00e9 700 mVTT : 17,5 km, d\u00e9nivel\u00e9 500 mCarte des parcours et fichier gpx [&hellip;]<\/p>\n","protected":false},"author":136,"featured_media":83737,"comment_status":"open","ping_status":"open","sticky":false,"template":"","format":"standard","meta":{"_acf_changed":false,"footnotes":""},"categories":[314,135,216],"tags":[],"class_list":["post-82720","post","type-post","status-publish","format-standard","has-post-thumbnail","hentry","category-les-rassemblements-de-2025","category-calendrier","category-rencontres-regionales"],"acf":[],"yoast_head":"<!-- This site is optimized with the Yoast SEO plugin v27.2 - https:\/\/yoast.com\/product\/yoast-seo-wordpress\/ -->\n<title>Grand-Est, Col du Coutre, samedi 5 juillet 2025 - Club des Cent Cols<\/title>\n<meta name=\"robots\" content=\"index, follow, max-snippet:-1, max-image-preview:large, max-video-preview:-1\" \/>\n<link rel=\"canonical\" href=\"https:\/\/centcols.org\/en\/grand-est-2025-saulxures\/\" \/>\n<meta property=\"og:locale\" content=\"en_GB\" \/>\n<meta property=\"og:type\" content=\"article\" \/>\n<meta property=\"og:title\" content=\"Grand-Est, Col du Coutre, samedi 5 juillet 2025 - Club des Cent Cols\" \/>\n<meta property=\"og:description\" content=\"Col du Coutre (FR-88-0704)D\u00e9part de Saulxures-sur-Moselotte (88), parking centre ville \u00e0 partir de 9 h 00Circuit route ou VTT, passage au col du Coutre, et rendez-vous \u00e0 partir de 11 h 00 au point de d\u00e9part Circuits Route : 23,5 km, d\u00e9nivel\u00e9 700 mVTT : 17,5 km, d\u00e9nivel\u00e9 500 mCarte des parcours et fichier gpx [&hellip;]\" \/>\n<meta property=\"og:url\" content=\"https:\/\/centcols.org\/en\/grand-est-2025-saulxures\/\" \/>\n<meta property=\"og:site_name\" content=\"Club des Cent Cols\" \/>\n<meta property=\"article:publisher\" content=\"https:\/\/www.facebook.com\/groups\/5261880558\/?locale=fr_FR\" \/>\n<meta property=\"article:published_time\" content=\"2025-01-24T15:07:53+00:00\" \/>\n<meta property=\"article:modified_time\" content=\"2025-10-13T15:24:53+00:00\" \/>\n<meta property=\"og:image\" content=\"https:\/\/centcols.org\/wp-content\/uploads\/2025\/01\/coutre.jpg\" \/>\n\t<meta property=\"og:image:width\" content=\"800\" \/>\n\t<meta property=\"og:image:height\" content=\"450\" \/>\n\t<meta property=\"og:image:type\" content=\"image\/jpeg\" \/>\n<meta name=\"author\" content=\"Guy Harl\u00e9\" \/>\n<meta name=\"twitter:card\" content=\"summary_large_image\" \/>\n<meta name=\"twitter:label1\" content=\"Written by\" \/>\n\t<meta name=\"twitter:data1\" content=\"Guy Harl\u00e9\" \/>\n\t<meta name=\"twitter:label2\" content=\"Estimated reading time\" \/>\n\t<meta name=\"twitter:data2\" content=\"1 minute\" \/>\n<script type=\"application\/ld+json\" class=\"yoast-schema-graph\">{\"@context\":\"https:\/\/schema.org\",\"@graph\":[{\"@type\":\"Article\",\"@id\":\"https:\/\/centcols.org\/grand-est-2025-saulxures\/#article\",\"isPartOf\":{\"@id\":\"https:\/\/centcols.org\/grand-est-2025-saulxures\/\"},\"author\":{\"name\":\"Guy Harl\u00e9\",\"@id\":\"https:\/\/centcols.org\/#\/schema\/person\/377f00da2793c0363246869bb3a344d0\"},\"headline\":\"Grand-Est, Col du Coutre, samedi 5 juillet 2025\",\"datePublished\":\"2025-01-24T15:07:53+00:00\",\"dateModified\":\"2025-10-13T15:24:53+00:00\",\"mainEntityOfPage\":{\"@id\":\"https:\/\/centcols.org\/grand-est-2025-saulxures\/\"},\"wordCount\":75,\"commentCount\":0,\"publisher\":{\"@id\":\"https:\/\/centcols.org\/#organization\"},\"image\":{\"@id\":\"https:\/\/centcols.org\/grand-est-2025-saulxures\/#primaryimage\"},\"thumbnailUrl\":\"https:\/\/centcols.org\/wp-content\/uploads\/2025\/01\/coutre.jpg\",\"articleSection\":[\"2025-rassemblements\",\"Calendrier\",\"Rencontres r\u00e9gionales\"],\"inLanguage\":\"en-GB\",\"potentialAction\":[{\"@type\":\"CommentAction\",\"name\":\"Comment\",\"target\":[\"https:\/\/centcols.org\/grand-est-2025-saulxures\/#respond\"]}]},{\"@type\":\"WebPage\",\"@id\":\"https:\/\/centcols.org\/grand-est-2025-saulxures\/\",\"url\":\"https:\/\/centcols.org\/grand-est-2025-saulxures\/\",\"name\":\"Grand-Est, Col du Coutre, samedi 5 juillet 2025 - Club des Cent Cols\",\"isPartOf\":{\"@id\":\"https:\/\/centcols.org\/#website\"},\"primaryImageOfPage\":{\"@id\":\"https:\/\/centcols.org\/grand-est-2025-saulxures\/#primaryimage\"},\"image\":{\"@id\":\"https:\/\/centcols.org\/grand-est-2025-saulxures\/#primaryimage\"},\"thumbnailUrl\":\"https:\/\/centcols.org\/wp-content\/uploads\/2025\/01\/coutre.jpg\",\"datePublished\":\"2025-01-24T15:07:53+00:00\",\"dateModified\":\"2025-10-13T15:24:53+00:00\",\"breadcrumb\":{\"@id\":\"https:\/\/centcols.org\/grand-est-2025-saulxures\/#breadcrumb\"},\"inLanguage\":\"en-GB\",\"potentialAction\":[{\"@type\":\"ReadAction\",\"target\":[\"https:\/\/centcols.org\/grand-est-2025-saulxures\/\"]}]},{\"@type\":\"ImageObject\",\"inLanguage\":\"en-GB\",\"@id\":\"https:\/\/centcols.org\/grand-est-2025-saulxures\/#primaryimage\",\"url\":\"https:\/\/centcols.org\/wp-content\/uploads\/2025\/01\/coutre.jpg\",\"contentUrl\":\"https:\/\/centcols.org\/wp-content\/uploads\/2025\/01\/coutre.jpg\",\"width\":800,\"height\":450},{\"@type\":\"BreadcrumbList\",\"@id\":\"https:\/\/centcols.org\/grand-est-2025-saulxures\/#breadcrumb\",\"itemListElement\":[{\"@type\":\"ListItem\",\"position\":1,\"name\":\"Accueil\",\"item\":\"https:\/\/centcols.org\/\"},{\"@type\":\"ListItem\",\"position\":2,\"name\":\"Rencontres r\u00e9gionales\",\"item\":\"https:\/\/centcols.org\/rubrique\/rencontres-regionales\/\"},{\"@type\":\"ListItem\",\"position\":3,\"name\":\"Grand-Est, Col du Coutre, samedi 5 juillet 2025\"}]},{\"@type\":\"WebSite\",\"@id\":\"https:\/\/centcols.org\/#website\",\"url\":\"https:\/\/centcols.org\/\",\"name\":\"Club des Cent Cols\",\"description\":\"\",\"publisher\":{\"@id\":\"https:\/\/centcols.org\/#organization\"},\"potentialAction\":[{\"@type\":\"SearchAction\",\"target\":{\"@type\":\"EntryPoint\",\"urlTemplate\":\"https:\/\/centcols.org\/?s={search_term_string}\"},\"query-input\":{\"@type\":\"PropertyValueSpecification\",\"valueRequired\":true,\"valueName\":\"search_term_string\"}}],\"inLanguage\":\"en-GB\"},{\"@type\":\"Organization\",\"@id\":\"https:\/\/centcols.org\/#organization\",\"name\":\"Club des Cent Cols\",\"url\":\"https:\/\/centcols.org\/\",\"logo\":{\"@type\":\"ImageObject\",\"inLanguage\":\"en-GB\",\"@id\":\"https:\/\/centcols.org\/#\/schema\/logo\/image\/\",\"url\":\"https:\/\/centcols.org\/wp-content\/uploads\/2025\/01\/carte-icone.png\",\"contentUrl\":\"https:\/\/centcols.org\/wp-content\/uploads\/2025\/01\/carte-icone.png\",\"width\":250,\"height\":250,\"caption\":\"Club des Cent Cols\"},\"image\":{\"@id\":\"https:\/\/centcols.org\/#\/schema\/logo\/image\/\"},\"sameAs\":[\"https:\/\/www.facebook.com\/groups\/5261880558\/?locale=fr_FR\"]},{\"@type\":\"Person\",\"@id\":\"https:\/\/centcols.org\/#\/schema\/person\/377f00da2793c0363246869bb3a344d0\",\"name\":\"Guy Harl\u00e9\",\"image\":{\"@type\":\"ImageObject\",\"inLanguage\":\"en-GB\",\"@id\":\"https:\/\/centcols.org\/wp-content\/litespeed\/avatar\/94c4de37e46cf090f296d42ab3e8d6a6.jpg?ver=1777238144\",\"url\":\"https:\/\/centcols.org\/wp-content\/litespeed\/avatar\/94c4de37e46cf090f296d42ab3e8d6a6.jpg?ver=1777238144\",\"contentUrl\":\"https:\/\/centcols.org\/wp-content\/litespeed\/avatar\/94c4de37e46cf090f296d42ab3e8d6a6.jpg?ver=1777238144\",\"caption\":\"Guy Harl\u00e9\"},\"url\":\"https:\/\/centcols.org\/en\/author\/5193\/\"}]}<\/script>\n<!-- \/ Yoast SEO plugin. -->","yoast_head_json":{"title":"Grand-Est, Col du Coutre, Saturday 5 July 2025 - Club des Cent Cols","robots":{"index":"index","follow":"follow","max-snippet":"max-snippet:-1","max-image-preview":"max-image-preview:large","max-video-preview":"max-video-preview:-1"},"canonical":"https:\/\/centcols.org\/en\/grand-est-2025-saulxures\/","og_locale":"en_GB","og_type":"article","og_title":"Grand-Est, Col du Coutre, samedi 5 juillet 2025 - Club des Cent Cols","og_description":"Col du Coutre (FR-88-0704)D\u00e9part de Saulxures-sur-Moselotte (88), parking centre ville \u00e0 partir de 9 h 00Circuit route ou VTT, passage au col du Coutre, et rendez-vous \u00e0 partir de 11 h 00 au point de d\u00e9part Circuits Route : 23,5 km, d\u00e9nivel\u00e9 700 mVTT : 17,5 km, d\u00e9nivel\u00e9 500 mCarte des parcours et fichier gpx [&hellip;]","og_url":"https:\/\/centcols.org\/en\/grand-est-2025-saulxures\/","og_site_name":"Club des Cent Cols","article_publisher":"https:\/\/www.facebook.com\/groups\/5261880558\/?locale=fr_FR","article_published_time":"2025-01-24T15:07:53+00:00","article_modified_time":"2025-10-13T15:24:53+00:00","og_image":[{"width":800,"height":450,"url":"https:\/\/centcols.org\/wp-content\/uploads\/2025\/01\/coutre.jpg","type":"image\/jpeg"}],"author":"Guy Harl\u00e9","twitter_card":"summary_large_image","twitter_misc":{"Written by":"Guy Harl\u00e9","Estimated reading time":"1 minute"},"schema":{"@context":"https:\/\/schema.org","@graph":[{"@type":"Article","@id":"https:\/\/centcols.org\/grand-est-2025-saulxures\/#article","isPartOf":{"@id":"https:\/\/centcols.org\/grand-est-2025-saulxures\/"},"author":{"name":"Guy Harl\u00e9","@id":"https:\/\/centcols.org\/#\/schema\/person\/377f00da2793c0363246869bb3a344d0"},"headline":"Grand-Est, Col du Coutre, samedi 5 juillet 2025","datePublished":"2025-01-24T15:07:53+00:00","dateModified":"2025-10-13T15:24:53+00:00","mainEntityOfPage":{"@id":"https:\/\/centcols.org\/grand-est-2025-saulxures\/"},"wordCount":75,"commentCount":0,"publisher":{"@id":"https:\/\/centcols.org\/#organization"},"image":{"@id":"https:\/\/centcols.org\/grand-est-2025-saulxures\/#primaryimage"},"thumbnailUrl":"https:\/\/centcols.org\/wp-content\/uploads\/2025\/01\/coutre.jpg","articleSection":["2025-rassemblements","Calendrier","Rencontres r\u00e9gionales"],"inLanguage":"en-GB","potentialAction":[{"@type":"CommentAction","name":"Comment","target":["https:\/\/centcols.org\/grand-est-2025-saulxures\/#respond"]}]},{"@type":"WebPage","@id":"https:\/\/centcols.org\/grand-est-2025-saulxures\/","url":"https:\/\/centcols.org\/grand-est-2025-saulxures\/","name":"Grand-Est, Col du Coutre, Saturday 5 July 2025 - Club des Cent Cols","isPartOf":{"@id":"https:\/\/centcols.org\/#website"},"primaryImageOfPage":{"@id":"https:\/\/centcols.org\/grand-est-2025-saulxures\/#primaryimage"},"image":{"@id":"https:\/\/centcols.org\/grand-est-2025-saulxures\/#primaryimage"},"thumbnailUrl":"https:\/\/centcols.org\/wp-content\/uploads\/2025\/01\/coutre.jpg","datePublished":"2025-01-24T15:07:53+00:00","dateModified":"2025-10-13T15:24:53+00:00","breadcrumb":{"@id":"https:\/\/centcols.org\/grand-est-2025-saulxures\/#breadcrumb"},"inLanguage":"en-GB","potentialAction":[{"@type":"ReadAction","target":["https:\/\/centcols.org\/grand-est-2025-saulxures\/"]}]},{"@type":"ImageObject","inLanguage":"en-GB","@id":"https:\/\/centcols.org\/grand-est-2025-saulxures\/#primaryimage","url":"https:\/\/centcols.org\/wp-content\/uploads\/2025\/01\/coutre.jpg","contentUrl":"https:\/\/centcols.org\/wp-content\/uploads\/2025\/01\/coutre.jpg","width":800,"height":450},{"@type":"BreadcrumbList","@id":"https:\/\/centcols.org\/grand-est-2025-saulxures\/#breadcrumb","itemListElement":[{"@type":"ListItem","position":1,"name":"Accueil","item":"https:\/\/centcols.org\/"},{"@type":"ListItem","position":2,"name":"Rencontres r\u00e9gionales","item":"https:\/\/centcols.org\/rubrique\/rencontres-regionales\/"},{"@type":"ListItem","position":3,"name":"Grand-Est, Col du Coutre, samedi 5 juillet 2025"}]},{"@type":"WebSite","@id":"https:\/\/centcols.org\/#website","url":"https:\/\/centcols.org\/","name":"Club des Cent Cols","description":"","publisher":{"@id":"https:\/\/centcols.org\/#organization"},"potentialAction":[{"@type":"SearchAction","target":{"@type":"EntryPoint","urlTemplate":"https:\/\/centcols.org\/?s={search_term_string}"},"query-input":{"@type":"PropertyValueSpecification","valueRequired":true,"valueName":"search_term_string"}}],"inLanguage":"en-GB"},{"@type":"Organization","@id":"https:\/\/centcols.org\/#organization","name":"Club des Cent Cols","url":"https:\/\/centcols.org\/","logo":{"@type":"ImageObject","inLanguage":"en-GB","@id":"https:\/\/centcols.org\/#\/schema\/logo\/image\/","url":"https:\/\/centcols.org\/wp-content\/uploads\/2025\/01\/carte-icone.png","contentUrl":"https:\/\/centcols.org\/wp-content\/uploads\/2025\/01\/carte-icone.png","width":250,"height":250,"caption":"Club des Cent Cols"},"image":{"@id":"https:\/\/centcols.org\/#\/schema\/logo\/image\/"},"sameAs":["https:\/\/www.facebook.com\/groups\/5261880558\/?locale=fr_FR"]},{"@type":"Person","@id":"https:\/\/centcols.org\/#\/schema\/person\/377f00da2793c0363246869bb3a344d0","name":"Guy Harl\u00e9","image":{"@type":"ImageObject","inLanguage":"en-GB","@id":"https:\/\/centcols.org\/wp-content\/litespeed\/avatar\/94c4de37e46cf090f296d42ab3e8d6a6.jpg?ver=1777238144","url":"https:\/\/centcols.org\/wp-content\/litespeed\/avatar\/94c4de37e46cf090f296d42ab3e8d6a6.jpg?ver=1777238144","contentUrl":"https:\/\/centcols.org\/wp-content\/litespeed\/avatar\/94c4de37e46cf090f296d42ab3e8d6a6.jpg?ver=1777238144","caption":"Guy Harl\u00e9"},"url":"https:\/\/centcols.org\/en\/author\/5193\/"}]}},"_links":{"self":[{"href":"https:\/\/centcols.org\/en\/wp-json\/wp\/v2\/posts\/82720","targetHints":{"allow":["GET"]}}],"collection":[{"href":"https:\/\/centcols.org\/en\/wp-json\/wp\/v2\/posts"}],"about":[{"href":"https:\/\/centcols.org\/en\/wp-json\/wp\/v2\/types\/post"}],"author":[{"embeddable":true,"href":"https:\/\/centcols.org\/en\/wp-json\/wp\/v2\/users\/136"}],"replies":[{"embeddable":true,"href":"https:\/\/centcols.org\/en\/wp-json\/wp\/v2\/comments?post=82720"}],"version-history":[{"count":0,"href":"https:\/\/centcols.org\/en\/wp-json\/wp\/v2\/posts\/82720\/revisions"}],"wp:featuredmedia":[{"embeddable":true,"href":"https:\/\/centcols.org\/en\/wp-json\/wp\/v2\/media\/83737"}],"wp:attachment":[{"href":"https:\/\/centcols.org\/en\/wp-json\/wp\/v2\/media?parent=82720"}],"wp:term":[{"taxonomy":"category","embeddable":true,"href":"https:\/\/centcols.org\/en\/wp-json\/wp\/v2\/categories?post=82720"},{"taxonomy":"post_tag","embeddable":true,"href":"https:\/\/centcols.org\/en\/wp-json\/wp\/v2\/tags?post=82720"}],"curies":[{"name":"wp","href":"https:\/\/api.w.org\/{rel}","templated":true}]}}