{"id":82723,"date":"2025-01-25T11:07:50","date_gmt":"2025-01-25T09:07:50","guid":{"rendered":"https:\/\/centcols.org\/suisse-sortie-route-flamatt-samedi-9-aout-2025\/"},"modified":"2025-09-09T13:32:24","modified_gmt":"2025-09-09T11:32:24","slug":"switzerland-2025-flamatt","status":"publish","type":"post","link":"https:\/\/centcols.org\/en\/suisse-2025-flamatt\/","title":{"rendered":"Switzerland, road exit, Flamatt, Saturday 9 August 2025"},"content":{"rendered":"\n<p>D\u00e9part de Flamatt (Canton de Fribourg)<br>Rendez-vous au parking sous l\u2019autoroute (payant, 6 CHF la journ\u00e9e), Bahnhofstrasse \u00e0 9 h 30 pour le caf\u00e9, d\u00e9part \u00e0 10 h 00<\/p>\n\n\n\n<figure class=\"wp-block-image size-full\"><img loading=\"lazy\" decoding=\"async\" width=\"1200\" height=\"520\" src=\"https:\/\/centcols.org\/wp-content\/uploads\/2025\/01\/flamatt-1200x5201-1.jpg\" alt=\"\" class=\"wp-image-84090\" srcset=\"https:\/\/centcols.org\/wp-content\/uploads\/2025\/01\/flamatt-1200x5201-1.jpg 1200w, https:\/\/centcols.org\/wp-content\/uploads\/2025\/01\/flamatt-1200x5201-1-768x333.jpg 768w\" sizes=\"auto, (max-width: 1200px) 100vw, 1200px\" \/><\/figure>\n\n\n\n<p>44 km, 720 m de d\u00e9nivel\u00e9, 9 cols : Sandgruben (BE-594 m, \u00e9tude en cours), Ebnet (CH-FR-0649), Eggli (CH-FR-0655), Hangb\u00fcel (CH-FR-0763), \u00c4bnet (CH-FR-0762), Bergli (CH-BE-0806), M\u00e4useboden (CH-BE-0809), Loch (CH-BE-0815a), Tr\u00fcllplatz (CH-BE-0801), Schnittbifang (BE-781 m, \u00e9tude en cours), Hubel (CH-BE-0789a)<\/p>\n\n\n\n<h4 class=\"wp-block-heading\">Circuit<\/h4>\n\n\n\n<p><a href=\"https:\/\/centcols.org\/membres\/cctours\/tours.php?lieu=Flamatt&amp;an=2025\">Carte des parcours et fichiers gpx<\/a><\/p>\n\n\n\n<h4 class=\"wp-block-heading\">Contact<\/h4>\n\n\n\n<p>Michel Boni<br>Natel : +41 79 302 95 82<br>[email]&#x6d;&#x69;&#99;&#104;e&#x6c;&#x2e;&#x62;&#111;ni&#x40;&#x62;&#108;&#117;e&#x77;&#x69;&#x6e;&#46;ch[\/email]<\/p>\n","protected":false},"excerpt":{"rendered":"<p>D\u00e9part de Flamatt (Canton de Fribourg)Rendez-vous au parking sous l\u2019autoroute (payant, 6 CHF la journ\u00e9e), Bahnhofstrasse \u00e0 9 h 30 pour le caf\u00e9, d\u00e9part \u00e0 10 h 00 44 km, 720 m de d\u00e9nivel\u00e9, 9 cols : Sandgruben (BE-594 m, \u00e9tude en cours), Ebnet (CH-FR-0649), Eggli (CH-FR-0655), Hangb\u00fcel (CH-FR-0763), \u00c4bnet (CH-FR-0762), Bergli (CH-BE-0806), M\u00e4useboden (CH-BE-0809), [&hellip;]<\/p>\n","protected":false},"author":136,"featured_media":84088,"comment_status":"open","ping_status":"open","sticky":false,"template":"","format":"standard","meta":{"_acf_changed":false,"footnotes":""},"categories":[314,135,216],"tags":[],"class_list":["post-82723","post","type-post","status-publish","format-standard","has-post-thumbnail","hentry","category-les-rassemblements-de-2025","category-calendrier","category-rencontres-regionales"],"acf":[],"yoast_head":"<!-- This site is optimized with the Yoast SEO plugin v27.2 - https:\/\/yoast.com\/product\/yoast-seo-wordpress\/ -->\n<title>Suisse, sortie route, Flamatt, samedi 9 ao\u00fbt 2025 - Club des Cent Cols<\/title>\n<meta name=\"robots\" content=\"index, follow, max-snippet:-1, max-image-preview:large, max-video-preview:-1\" \/>\n<link rel=\"canonical\" href=\"https:\/\/centcols.org\/en\/switzerland-2025-flamatt\/\" \/>\n<meta property=\"og:locale\" content=\"en_GB\" \/>\n<meta property=\"og:type\" content=\"article\" \/>\n<meta property=\"og:title\" content=\"Suisse, sortie route, Flamatt, samedi 9 ao\u00fbt 2025 - Club des Cent Cols\" \/>\n<meta property=\"og:description\" content=\"D\u00e9part de Flamatt (Canton de Fribourg)Rendez-vous au parking sous l\u2019autoroute (payant, 6 CHF la journ\u00e9e), Bahnhofstrasse \u00e0 9 h 30 pour le caf\u00e9, d\u00e9part \u00e0 10 h 00 44 km, 720 m de d\u00e9nivel\u00e9, 9 cols : Sandgruben (BE-594 m, \u00e9tude en cours), Ebnet (CH-FR-0649), Eggli (CH-FR-0655), Hangb\u00fcel (CH-FR-0763), \u00c4bnet (CH-FR-0762), Bergli (CH-BE-0806), M\u00e4useboden (CH-BE-0809), [&hellip;]\" \/>\n<meta property=\"og:url\" content=\"https:\/\/centcols.org\/en\/switzerland-2025-flamatt\/\" \/>\n<meta property=\"og:site_name\" content=\"Club des Cent Cols\" \/>\n<meta property=\"article:publisher\" content=\"https:\/\/www.facebook.com\/groups\/5261880558\/?locale=fr_FR\" \/>\n<meta property=\"article:published_time\" content=\"2025-01-25T09:07:50+00:00\" \/>\n<meta property=\"article:modified_time\" content=\"2025-09-09T11:32:24+00:00\" \/>\n<meta property=\"og:image\" content=\"https:\/\/centcols.org\/wp-content\/uploads\/2025\/01\/ch-be-0815.jpg\" \/>\n\t<meta property=\"og:image:width\" content=\"800\" \/>\n\t<meta property=\"og:image:height\" content=\"450\" \/>\n\t<meta property=\"og:image:type\" content=\"image\/jpeg\" \/>\n<meta name=\"author\" content=\"Guy Harl\u00e9\" \/>\n<meta name=\"twitter:card\" content=\"summary_large_image\" \/>\n<meta name=\"twitter:label1\" content=\"Written by\" \/>\n\t<meta name=\"twitter:data1\" content=\"Guy Harl\u00e9\" \/>\n\t<meta name=\"twitter:label2\" content=\"Estimated reading time\" \/>\n\t<meta name=\"twitter:data2\" content=\"1 minute\" \/>\n<script type=\"application\/ld+json\" class=\"yoast-schema-graph\">{\"@context\":\"https:\/\/schema.org\",\"@graph\":[{\"@type\":\"Article\",\"@id\":\"https:\/\/centcols.org\/suisse-2025-flamatt\/#article\",\"isPartOf\":{\"@id\":\"https:\/\/centcols.org\/suisse-2025-flamatt\/\"},\"author\":{\"name\":\"Guy Harl\u00e9\",\"@id\":\"https:\/\/centcols.org\/#\/schema\/person\/377f00da2793c0363246869bb3a344d0\"},\"headline\":\"Suisse, sortie route, Flamatt, samedi 9 ao\u00fbt 2025\",\"datePublished\":\"2025-01-25T09:07:50+00:00\",\"dateModified\":\"2025-09-09T11:32:24+00:00\",\"mainEntityOfPage\":{\"@id\":\"https:\/\/centcols.org\/suisse-2025-flamatt\/\"},\"wordCount\":90,\"commentCount\":0,\"publisher\":{\"@id\":\"https:\/\/centcols.org\/#organization\"},\"image\":{\"@id\":\"https:\/\/centcols.org\/suisse-2025-flamatt\/#primaryimage\"},\"thumbnailUrl\":\"https:\/\/centcols.org\/wp-content\/uploads\/2025\/01\/ch-be-0815.jpg\",\"articleSection\":[\"2025-rassemblements\",\"Calendrier\",\"Rencontres r\u00e9gionales\"],\"inLanguage\":\"en-GB\",\"potentialAction\":[{\"@type\":\"CommentAction\",\"name\":\"Comment\",\"target\":[\"https:\/\/centcols.org\/suisse-2025-flamatt\/#respond\"]}]},{\"@type\":\"WebPage\",\"@id\":\"https:\/\/centcols.org\/suisse-2025-flamatt\/\",\"url\":\"https:\/\/centcols.org\/suisse-2025-flamatt\/\",\"name\":\"Suisse, sortie route, Flamatt, samedi 9 ao\u00fbt 2025 - Club des Cent Cols\",\"isPartOf\":{\"@id\":\"https:\/\/centcols.org\/#website\"},\"primaryImageOfPage\":{\"@id\":\"https:\/\/centcols.org\/suisse-2025-flamatt\/#primaryimage\"},\"image\":{\"@id\":\"https:\/\/centcols.org\/suisse-2025-flamatt\/#primaryimage\"},\"thumbnailUrl\":\"https:\/\/centcols.org\/wp-content\/uploads\/2025\/01\/ch-be-0815.jpg\",\"datePublished\":\"2025-01-25T09:07:50+00:00\",\"dateModified\":\"2025-09-09T11:32:24+00:00\",\"breadcrumb\":{\"@id\":\"https:\/\/centcols.org\/suisse-2025-flamatt\/#breadcrumb\"},\"inLanguage\":\"en-GB\",\"potentialAction\":[{\"@type\":\"ReadAction\",\"target\":[\"https:\/\/centcols.org\/suisse-2025-flamatt\/\"]}]},{\"@type\":\"ImageObject\",\"inLanguage\":\"en-GB\",\"@id\":\"https:\/\/centcols.org\/suisse-2025-flamatt\/#primaryimage\",\"url\":\"https:\/\/centcols.org\/wp-content\/uploads\/2025\/01\/ch-be-0815.jpg\",\"contentUrl\":\"https:\/\/centcols.org\/wp-content\/uploads\/2025\/01\/ch-be-0815.jpg\",\"width\":800,\"height\":450},{\"@type\":\"BreadcrumbList\",\"@id\":\"https:\/\/centcols.org\/suisse-2025-flamatt\/#breadcrumb\",\"itemListElement\":[{\"@type\":\"ListItem\",\"position\":1,\"name\":\"Accueil\",\"item\":\"https:\/\/centcols.org\/\"},{\"@type\":\"ListItem\",\"position\":2,\"name\":\"Rencontres r\u00e9gionales\",\"item\":\"https:\/\/centcols.org\/rubrique\/rencontres-regionales\/\"},{\"@type\":\"ListItem\",\"position\":3,\"name\":\"Suisse, sortie route, Flamatt, samedi 9 ao\u00fbt 2025\"}]},{\"@type\":\"WebSite\",\"@id\":\"https:\/\/centcols.org\/#website\",\"url\":\"https:\/\/centcols.org\/\",\"name\":\"Club des Cent Cols\",\"description\":\"\",\"publisher\":{\"@id\":\"https:\/\/centcols.org\/#organization\"},\"potentialAction\":[{\"@type\":\"SearchAction\",\"target\":{\"@type\":\"EntryPoint\",\"urlTemplate\":\"https:\/\/centcols.org\/?s={search_term_string}\"},\"query-input\":{\"@type\":\"PropertyValueSpecification\",\"valueRequired\":true,\"valueName\":\"search_term_string\"}}],\"inLanguage\":\"en-GB\"},{\"@type\":\"Organization\",\"@id\":\"https:\/\/centcols.org\/#organization\",\"name\":\"Club des Cent Cols\",\"url\":\"https:\/\/centcols.org\/\",\"logo\":{\"@type\":\"ImageObject\",\"inLanguage\":\"en-GB\",\"@id\":\"https:\/\/centcols.org\/#\/schema\/logo\/image\/\",\"url\":\"https:\/\/centcols.org\/wp-content\/uploads\/2025\/01\/carte-icone.png\",\"contentUrl\":\"https:\/\/centcols.org\/wp-content\/uploads\/2025\/01\/carte-icone.png\",\"width\":250,\"height\":250,\"caption\":\"Club des Cent Cols\"},\"image\":{\"@id\":\"https:\/\/centcols.org\/#\/schema\/logo\/image\/\"},\"sameAs\":[\"https:\/\/www.facebook.com\/groups\/5261880558\/?locale=fr_FR\"]},{\"@type\":\"Person\",\"@id\":\"https:\/\/centcols.org\/#\/schema\/person\/377f00da2793c0363246869bb3a344d0\",\"name\":\"Guy Harl\u00e9\",\"image\":{\"@type\":\"ImageObject\",\"inLanguage\":\"en-GB\",\"@id\":\"https:\/\/centcols.org\/wp-content\/litespeed\/avatar\/94c4de37e46cf090f296d42ab3e8d6a6.jpg?ver=1777238144\",\"url\":\"https:\/\/centcols.org\/wp-content\/litespeed\/avatar\/94c4de37e46cf090f296d42ab3e8d6a6.jpg?ver=1777238144\",\"contentUrl\":\"https:\/\/centcols.org\/wp-content\/litespeed\/avatar\/94c4de37e46cf090f296d42ab3e8d6a6.jpg?ver=1777238144\",\"caption\":\"Guy Harl\u00e9\"},\"url\":\"https:\/\/centcols.org\/en\/author\/5193\/\"}]}<\/script>\n<!-- \/ Yoast SEO plugin. -->","yoast_head_json":{"title":"Switzerland, road trip, Flamatt, Saturday 9 August 2025 - Club des Cent Cols","robots":{"index":"index","follow":"follow","max-snippet":"max-snippet:-1","max-image-preview":"max-image-preview:large","max-video-preview":"max-video-preview:-1"},"canonical":"https:\/\/centcols.org\/en\/switzerland-2025-flamatt\/","og_locale":"en_GB","og_type":"article","og_title":"Suisse, sortie route, Flamatt, samedi 9 ao\u00fbt 2025 - Club des Cent Cols","og_description":"D\u00e9part de Flamatt (Canton de Fribourg)Rendez-vous au parking sous l\u2019autoroute (payant, 6 CHF la journ\u00e9e), Bahnhofstrasse \u00e0 9 h 30 pour le caf\u00e9, d\u00e9part \u00e0 10 h 00 44 km, 720 m de d\u00e9nivel\u00e9, 9 cols : Sandgruben (BE-594 m, \u00e9tude en cours), Ebnet (CH-FR-0649), Eggli (CH-FR-0655), Hangb\u00fcel (CH-FR-0763), \u00c4bnet (CH-FR-0762), Bergli (CH-BE-0806), M\u00e4useboden (CH-BE-0809), [&hellip;]","og_url":"https:\/\/centcols.org\/en\/switzerland-2025-flamatt\/","og_site_name":"Club des Cent Cols","article_publisher":"https:\/\/www.facebook.com\/groups\/5261880558\/?locale=fr_FR","article_published_time":"2025-01-25T09:07:50+00:00","article_modified_time":"2025-09-09T11:32:24+00:00","og_image":[{"width":800,"height":450,"url":"https:\/\/centcols.org\/wp-content\/uploads\/2025\/01\/ch-be-0815.jpg","type":"image\/jpeg"}],"author":"Guy Harl\u00e9","twitter_card":"summary_large_image","twitter_misc":{"Written by":"Guy Harl\u00e9","Estimated reading time":"1 minute"},"schema":{"@context":"https:\/\/schema.org","@graph":[{"@type":"Article","@id":"https:\/\/centcols.org\/suisse-2025-flamatt\/#article","isPartOf":{"@id":"https:\/\/centcols.org\/suisse-2025-flamatt\/"},"author":{"name":"Guy Harl\u00e9","@id":"https:\/\/centcols.org\/#\/schema\/person\/377f00da2793c0363246869bb3a344d0"},"headline":"Suisse, sortie route, Flamatt, samedi 9 ao\u00fbt 2025","datePublished":"2025-01-25T09:07:50+00:00","dateModified":"2025-09-09T11:32:24+00:00","mainEntityOfPage":{"@id":"https:\/\/centcols.org\/suisse-2025-flamatt\/"},"wordCount":90,"commentCount":0,"publisher":{"@id":"https:\/\/centcols.org\/#organization"},"image":{"@id":"https:\/\/centcols.org\/suisse-2025-flamatt\/#primaryimage"},"thumbnailUrl":"https:\/\/centcols.org\/wp-content\/uploads\/2025\/01\/ch-be-0815.jpg","articleSection":["2025-rassemblements","Calendrier","Rencontres r\u00e9gionales"],"inLanguage":"en-GB","potentialAction":[{"@type":"CommentAction","name":"Comment","target":["https:\/\/centcols.org\/suisse-2025-flamatt\/#respond"]}]},{"@type":"WebPage","@id":"https:\/\/centcols.org\/suisse-2025-flamatt\/","url":"https:\/\/centcols.org\/suisse-2025-flamatt\/","name":"Switzerland, road trip, Flamatt, Saturday 9 August 2025 - Club des Cent Cols","isPartOf":{"@id":"https:\/\/centcols.org\/#website"},"primaryImageOfPage":{"@id":"https:\/\/centcols.org\/suisse-2025-flamatt\/#primaryimage"},"image":{"@id":"https:\/\/centcols.org\/suisse-2025-flamatt\/#primaryimage"},"thumbnailUrl":"https:\/\/centcols.org\/wp-content\/uploads\/2025\/01\/ch-be-0815.jpg","datePublished":"2025-01-25T09:07:50+00:00","dateModified":"2025-09-09T11:32:24+00:00","breadcrumb":{"@id":"https:\/\/centcols.org\/suisse-2025-flamatt\/#breadcrumb"},"inLanguage":"en-GB","potentialAction":[{"@type":"ReadAction","target":["https:\/\/centcols.org\/suisse-2025-flamatt\/"]}]},{"@type":"ImageObject","inLanguage":"en-GB","@id":"https:\/\/centcols.org\/suisse-2025-flamatt\/#primaryimage","url":"https:\/\/centcols.org\/wp-content\/uploads\/2025\/01\/ch-be-0815.jpg","contentUrl":"https:\/\/centcols.org\/wp-content\/uploads\/2025\/01\/ch-be-0815.jpg","width":800,"height":450},{"@type":"BreadcrumbList","@id":"https:\/\/centcols.org\/suisse-2025-flamatt\/#breadcrumb","itemListElement":[{"@type":"ListItem","position":1,"name":"Accueil","item":"https:\/\/centcols.org\/"},{"@type":"ListItem","position":2,"name":"Rencontres r\u00e9gionales","item":"https:\/\/centcols.org\/rubrique\/rencontres-regionales\/"},{"@type":"ListItem","position":3,"name":"Suisse, sortie route, Flamatt, samedi 9 ao\u00fbt 2025"}]},{"@type":"WebSite","@id":"https:\/\/centcols.org\/#website","url":"https:\/\/centcols.org\/","name":"Club des Cent Cols","description":"","publisher":{"@id":"https:\/\/centcols.org\/#organization"},"potentialAction":[{"@type":"SearchAction","target":{"@type":"EntryPoint","urlTemplate":"https:\/\/centcols.org\/?s={search_term_string}"},"query-input":{"@type":"PropertyValueSpecification","valueRequired":true,"valueName":"search_term_string"}}],"inLanguage":"en-GB"},{"@type":"Organization","@id":"https:\/\/centcols.org\/#organization","name":"Club des Cent Cols","url":"https:\/\/centcols.org\/","logo":{"@type":"ImageObject","inLanguage":"en-GB","@id":"https:\/\/centcols.org\/#\/schema\/logo\/image\/","url":"https:\/\/centcols.org\/wp-content\/uploads\/2025\/01\/carte-icone.png","contentUrl":"https:\/\/centcols.org\/wp-content\/uploads\/2025\/01\/carte-icone.png","width":250,"height":250,"caption":"Club des Cent Cols"},"image":{"@id":"https:\/\/centcols.org\/#\/schema\/logo\/image\/"},"sameAs":["https:\/\/www.facebook.com\/groups\/5261880558\/?locale=fr_FR"]},{"@type":"Person","@id":"https:\/\/centcols.org\/#\/schema\/person\/377f00da2793c0363246869bb3a344d0","name":"Guy Harl\u00e9","image":{"@type":"ImageObject","inLanguage":"en-GB","@id":"https:\/\/centcols.org\/wp-content\/litespeed\/avatar\/94c4de37e46cf090f296d42ab3e8d6a6.jpg?ver=1777238144","url":"https:\/\/centcols.org\/wp-content\/litespeed\/avatar\/94c4de37e46cf090f296d42ab3e8d6a6.jpg?ver=1777238144","contentUrl":"https:\/\/centcols.org\/wp-content\/litespeed\/avatar\/94c4de37e46cf090f296d42ab3e8d6a6.jpg?ver=1777238144","caption":"Guy Harl\u00e9"},"url":"https:\/\/centcols.org\/en\/author\/5193\/"}]}},"_links":{"self":[{"href":"https:\/\/centcols.org\/en\/wp-json\/wp\/v2\/posts\/82723","targetHints":{"allow":["GET"]}}],"collection":[{"href":"https:\/\/centcols.org\/en\/wp-json\/wp\/v2\/posts"}],"about":[{"href":"https:\/\/centcols.org\/en\/wp-json\/wp\/v2\/types\/post"}],"author":[{"embeddable":true,"href":"https:\/\/centcols.org\/en\/wp-json\/wp\/v2\/users\/136"}],"replies":[{"embeddable":true,"href":"https:\/\/centcols.org\/en\/wp-json\/wp\/v2\/comments?post=82723"}],"version-history":[{"count":0,"href":"https:\/\/centcols.org\/en\/wp-json\/wp\/v2\/posts\/82723\/revisions"}],"wp:featuredmedia":[{"embeddable":true,"href":"https:\/\/centcols.org\/en\/wp-json\/wp\/v2\/media\/84088"}],"wp:attachment":[{"href":"https:\/\/centcols.org\/en\/wp-json\/wp\/v2\/media?parent=82723"}],"wp:term":[{"taxonomy":"category","embeddable":true,"href":"https:\/\/centcols.org\/en\/wp-json\/wp\/v2\/categories?post=82723"},{"taxonomy":"post_tag","embeddable":true,"href":"https:\/\/centcols.org\/en\/wp-json\/wp\/v2\/tags?post=82723"}],"curies":[{"name":"wp","href":"https:\/\/api.w.org\/{rel}","templated":true}]}}