{"id":82725,"date":"2025-01-25T16:51:14","date_gmt":"2025-01-25T14:51:14","guid":{"rendered":"https:\/\/centcols.org\/alpes-du-sud-samedi-30-aout-2025\/"},"modified":"2025-09-09T13:32:24","modified_gmt":"2025-09-09T11:32:24","slug":"southern-alps-saturday-30-august-2025","status":"publish","type":"post","link":"https:\/\/centcols.org\/en\/alpes-du-sud-samedi-30-aout-2025\/","title":{"rendered":"Southern Alps, Saturday 30 August 2025"},"content":{"rendered":"\n<p>Col des Gu\u00e9rins (FR-05-1312)<br>Rendez-vous au parking de la piscine \u00e0 Gap \u00e0 partir de 8 h 30<br>D\u00e9part par la contre-all\u00e9e cyclabble, Gap Saint-Jean, lac de Pelleautier, D19, col du Villar (FR-05-1039), avant Sigoyer, \u00e0 droite pour rejoindre le col des Gu\u00e9rins<\/p>\n\n\n\n<h2 class=\"wp-block-heading\">Contact<\/h2>\n\n\n\n<p>Bernard Henry<br>T\u00e9l : +33 6 08 74 29 59<br>[email]&#x62;e&#x72;&#110;a&#x72;&#100;&#x2e;&#104;e&#x6e;&#114;&#x79;&#48;5&#x40;&#111;&#x72;&#x61;n&#x67;&#101;&#46;&#x66;&#114;[\/email]<\/p>\n","protected":false},"excerpt":{"rendered":"<p>Col des Gu\u00e9rins (FR-05-1312)Rendez-vous au parking de la piscine \u00e0 Gap \u00e0 partir de 8 h 30D\u00e9part par la contre-all\u00e9e cyclabble, Gap Saint-Jean, lac de Pelleautier, D19, col du Villar (FR-05-1039), avant Sigoyer, \u00e0 droite pour rejoindre le col des Gu\u00e9rins Contact Bernard HenryT\u00e9l : +33 6 08 74 29 59[email]&#98;&#x65;&#x72;n&#97;&#x72;d&#46;&#x68;&#x65;n&#114;&#x79;0&#53;&#x40;&#x6f;r&#97;&#x6e;g&#101;&#x2e;&#x66;&#114;[\/email]<\/p>\n","protected":false},"author":136,"featured_media":83734,"comment_status":"open","ping_status":"open","sticky":false,"template":"","format":"standard","meta":{"_acf_changed":false,"footnotes":""},"categories":[314,135,216],"tags":[],"class_list":["post-82725","post","type-post","status-publish","format-standard","has-post-thumbnail","hentry","category-les-rassemblements-de-2025","category-calendrier","category-rencontres-regionales"],"acf":[],"yoast_head":"<!-- This site is optimized with the Yoast SEO plugin v27.2 - https:\/\/yoast.com\/product\/yoast-seo-wordpress\/ -->\n<title>Alpes du Sud, samedi 30 ao\u00fbt 2025 - Club des Cent Cols<\/title>\n<meta name=\"robots\" content=\"index, follow, max-snippet:-1, max-image-preview:large, max-video-preview:-1\" \/>\n<link rel=\"canonical\" href=\"https:\/\/centcols.org\/en\/southern-alps-saturday-30-august-2025\/\" \/>\n<meta property=\"og:locale\" content=\"en_GB\" \/>\n<meta property=\"og:type\" content=\"article\" \/>\n<meta property=\"og:title\" content=\"Alpes du Sud, samedi 30 ao\u00fbt 2025 - Club des Cent Cols\" \/>\n<meta property=\"og:description\" content=\"Col des Gu\u00e9rins (FR-05-1312)Rendez-vous au parking de la piscine \u00e0 Gap \u00e0 partir de 8 h 30D\u00e9part par la contre-all\u00e9e cyclabble, Gap Saint-Jean, lac de Pelleautier, D19, col du Villar (FR-05-1039), avant Sigoyer, \u00e0 droite pour rejoindre le col des Gu\u00e9rins Contact Bernard HenryT\u00e9l : +33 6 08 74 29 59[email]&#x62;&#x65;&#114;n&#x61;&#x72;&#100;&#046;h&#x65;&#x6e;&#114;y&#x30;&#x35;&#064;&#111;r&#x61;&#x6e;&#103;e&#x2e;&#x66;&#114;[\/email]\" \/>\n<meta property=\"og:url\" content=\"https:\/\/centcols.org\/en\/southern-alps-saturday-30-august-2025\/\" \/>\n<meta property=\"og:site_name\" content=\"Club des Cent Cols\" \/>\n<meta property=\"article:publisher\" content=\"https:\/\/www.facebook.com\/groups\/5261880558\/?locale=fr_FR\" \/>\n<meta property=\"article:published_time\" content=\"2025-01-25T14:51:14+00:00\" \/>\n<meta property=\"article:modified_time\" content=\"2025-09-09T11:32:24+00:00\" \/>\n<meta property=\"og:image\" content=\"https:\/\/centcols.org\/wp-content\/uploads\/2025\/01\/14021.jpg\" \/>\n\t<meta property=\"og:image:width\" content=\"800\" \/>\n\t<meta property=\"og:image:height\" content=\"558\" \/>\n\t<meta property=\"og:image:type\" content=\"image\/jpeg\" \/>\n<meta name=\"author\" content=\"Guy Harl\u00e9\" \/>\n<meta name=\"twitter:card\" content=\"summary_large_image\" \/>\n<meta name=\"twitter:label1\" content=\"Written by\" \/>\n\t<meta name=\"twitter:data1\" content=\"Guy Harl\u00e9\" \/>\n\t<meta name=\"twitter:label2\" content=\"Estimated reading time\" \/>\n\t<meta name=\"twitter:data2\" content=\"1 minute\" \/>\n<script type=\"application\/ld+json\" class=\"yoast-schema-graph\">{\"@context\":\"https:\/\/schema.org\",\"@graph\":[{\"@type\":\"Article\",\"@id\":\"https:\/\/centcols.org\/alpes-du-sud-samedi-30-aout-2025\/#article\",\"isPartOf\":{\"@id\":\"https:\/\/centcols.org\/alpes-du-sud-samedi-30-aout-2025\/\"},\"author\":{\"name\":\"Guy Harl\u00e9\",\"@id\":\"https:\/\/centcols.org\/#\/schema\/person\/377f00da2793c0363246869bb3a344d0\"},\"headline\":\"Alpes du Sud, samedi 30 ao\u00fbt 2025\",\"datePublished\":\"2025-01-25T14:51:14+00:00\",\"dateModified\":\"2025-09-09T11:32:24+00:00\",\"mainEntityOfPage\":{\"@id\":\"https:\/\/centcols.org\/alpes-du-sud-samedi-30-aout-2025\/\"},\"wordCount\":60,\"commentCount\":0,\"publisher\":{\"@id\":\"https:\/\/centcols.org\/#organization\"},\"image\":{\"@id\":\"https:\/\/centcols.org\/alpes-du-sud-samedi-30-aout-2025\/#primaryimage\"},\"thumbnailUrl\":\"https:\/\/centcols.org\/wp-content\/uploads\/2025\/01\/14021.jpg\",\"articleSection\":[\"2025-rassemblements\",\"Calendrier\",\"Rencontres r\u00e9gionales\"],\"inLanguage\":\"en-GB\",\"potentialAction\":[{\"@type\":\"CommentAction\",\"name\":\"Comment\",\"target\":[\"https:\/\/centcols.org\/alpes-du-sud-samedi-30-aout-2025\/#respond\"]}]},{\"@type\":\"WebPage\",\"@id\":\"https:\/\/centcols.org\/alpes-du-sud-samedi-30-aout-2025\/\",\"url\":\"https:\/\/centcols.org\/alpes-du-sud-samedi-30-aout-2025\/\",\"name\":\"Alpes du Sud, samedi 30 ao\u00fbt 2025 - Club des Cent Cols\",\"isPartOf\":{\"@id\":\"https:\/\/centcols.org\/#website\"},\"primaryImageOfPage\":{\"@id\":\"https:\/\/centcols.org\/alpes-du-sud-samedi-30-aout-2025\/#primaryimage\"},\"image\":{\"@id\":\"https:\/\/centcols.org\/alpes-du-sud-samedi-30-aout-2025\/#primaryimage\"},\"thumbnailUrl\":\"https:\/\/centcols.org\/wp-content\/uploads\/2025\/01\/14021.jpg\",\"datePublished\":\"2025-01-25T14:51:14+00:00\",\"dateModified\":\"2025-09-09T11:32:24+00:00\",\"breadcrumb\":{\"@id\":\"https:\/\/centcols.org\/alpes-du-sud-samedi-30-aout-2025\/#breadcrumb\"},\"inLanguage\":\"en-GB\",\"potentialAction\":[{\"@type\":\"ReadAction\",\"target\":[\"https:\/\/centcols.org\/alpes-du-sud-samedi-30-aout-2025\/\"]}]},{\"@type\":\"ImageObject\",\"inLanguage\":\"en-GB\",\"@id\":\"https:\/\/centcols.org\/alpes-du-sud-samedi-30-aout-2025\/#primaryimage\",\"url\":\"https:\/\/centcols.org\/wp-content\/uploads\/2025\/01\/14021.jpg\",\"contentUrl\":\"https:\/\/centcols.org\/wp-content\/uploads\/2025\/01\/14021.jpg\",\"width\":800,\"height\":558},{\"@type\":\"BreadcrumbList\",\"@id\":\"https:\/\/centcols.org\/alpes-du-sud-samedi-30-aout-2025\/#breadcrumb\",\"itemListElement\":[{\"@type\":\"ListItem\",\"position\":1,\"name\":\"Accueil\",\"item\":\"https:\/\/centcols.org\/\"},{\"@type\":\"ListItem\",\"position\":2,\"name\":\"Rencontres r\u00e9gionales\",\"item\":\"https:\/\/centcols.org\/rubrique\/rencontres-regionales\/\"},{\"@type\":\"ListItem\",\"position\":3,\"name\":\"Alpes du Sud, samedi 30 ao\u00fbt 2025\"}]},{\"@type\":\"WebSite\",\"@id\":\"https:\/\/centcols.org\/#website\",\"url\":\"https:\/\/centcols.org\/\",\"name\":\"Club des Cent Cols\",\"description\":\"\",\"publisher\":{\"@id\":\"https:\/\/centcols.org\/#organization\"},\"potentialAction\":[{\"@type\":\"SearchAction\",\"target\":{\"@type\":\"EntryPoint\",\"urlTemplate\":\"https:\/\/centcols.org\/?s={search_term_string}\"},\"query-input\":{\"@type\":\"PropertyValueSpecification\",\"valueRequired\":true,\"valueName\":\"search_term_string\"}}],\"inLanguage\":\"en-GB\"},{\"@type\":\"Organization\",\"@id\":\"https:\/\/centcols.org\/#organization\",\"name\":\"Club des Cent Cols\",\"url\":\"https:\/\/centcols.org\/\",\"logo\":{\"@type\":\"ImageObject\",\"inLanguage\":\"en-GB\",\"@id\":\"https:\/\/centcols.org\/#\/schema\/logo\/image\/\",\"url\":\"https:\/\/centcols.org\/wp-content\/uploads\/2025\/01\/carte-icone.png\",\"contentUrl\":\"https:\/\/centcols.org\/wp-content\/uploads\/2025\/01\/carte-icone.png\",\"width\":250,\"height\":250,\"caption\":\"Club des Cent Cols\"},\"image\":{\"@id\":\"https:\/\/centcols.org\/#\/schema\/logo\/image\/\"},\"sameAs\":[\"https:\/\/www.facebook.com\/groups\/5261880558\/?locale=fr_FR\"]},{\"@type\":\"Person\",\"@id\":\"https:\/\/centcols.org\/#\/schema\/person\/377f00da2793c0363246869bb3a344d0\",\"name\":\"Guy Harl\u00e9\",\"image\":{\"@type\":\"ImageObject\",\"inLanguage\":\"en-GB\",\"@id\":\"https:\/\/centcols.org\/wp-content\/litespeed\/avatar\/94c4de37e46cf090f296d42ab3e8d6a6.jpg?ver=1777238144\",\"url\":\"https:\/\/centcols.org\/wp-content\/litespeed\/avatar\/94c4de37e46cf090f296d42ab3e8d6a6.jpg?ver=1777238144\",\"contentUrl\":\"https:\/\/centcols.org\/wp-content\/litespeed\/avatar\/94c4de37e46cf090f296d42ab3e8d6a6.jpg?ver=1777238144\",\"caption\":\"Guy Harl\u00e9\"},\"url\":\"https:\/\/centcols.org\/en\/author\/5193\/\"}]}<\/script>\n<!-- \/ Yoast SEO plugin. -->","yoast_head_json":{"title":"Alpes du Sud, Saturday 30 August 2025 - Club des Cent Cols","robots":{"index":"index","follow":"follow","max-snippet":"max-snippet:-1","max-image-preview":"max-image-preview:large","max-video-preview":"max-video-preview:-1"},"canonical":"https:\/\/centcols.org\/en\/southern-alps-saturday-30-august-2025\/","og_locale":"en_GB","og_type":"article","og_title":"Alpes du Sud, samedi 30 ao\u00fbt 2025 - Club des Cent Cols","og_description":"Col des Gu\u00e9rins (FR-05-1312)Rendez-vous au parking de la piscine \u00e0 Gap \u00e0 partir de 8 h 30D\u00e9part par la contre-all\u00e9e cyclabble, Gap Saint-Jean, lac de Pelleautier, D19, col du Villar (FR-05-1039), avant Sigoyer, \u00e0 droite pour rejoindre le col des Gu\u00e9rins Contact Bernard HenryT\u00e9l : +33 6 08 74 29 59[email]&#x62;&#x65;&#114;n&#x61;&#x72;&#100;&#46;h&#x65;&#x6e;&#114;y&#x30;&#x35;&#64;&#111;r&#x61;&#x6e;&#103;e&#x2e;&#x66;&#114;[\/email]","og_url":"https:\/\/centcols.org\/en\/southern-alps-saturday-30-august-2025\/","og_site_name":"Club des Cent Cols","article_publisher":"https:\/\/www.facebook.com\/groups\/5261880558\/?locale=fr_FR","article_published_time":"2025-01-25T14:51:14+00:00","article_modified_time":"2025-09-09T11:32:24+00:00","og_image":[{"width":800,"height":558,"url":"https:\/\/centcols.org\/wp-content\/uploads\/2025\/01\/14021.jpg","type":"image\/jpeg"}],"author":"Guy Harl\u00e9","twitter_card":"summary_large_image","twitter_misc":{"Written by":"Guy Harl\u00e9","Estimated reading time":"1 minute"},"schema":{"@context":"https:\/\/schema.org","@graph":[{"@type":"Article","@id":"https:\/\/centcols.org\/alpes-du-sud-samedi-30-aout-2025\/#article","isPartOf":{"@id":"https:\/\/centcols.org\/alpes-du-sud-samedi-30-aout-2025\/"},"author":{"name":"Guy Harl\u00e9","@id":"https:\/\/centcols.org\/#\/schema\/person\/377f00da2793c0363246869bb3a344d0"},"headline":"Alpes du Sud, samedi 30 ao\u00fbt 2025","datePublished":"2025-01-25T14:51:14+00:00","dateModified":"2025-09-09T11:32:24+00:00","mainEntityOfPage":{"@id":"https:\/\/centcols.org\/alpes-du-sud-samedi-30-aout-2025\/"},"wordCount":60,"commentCount":0,"publisher":{"@id":"https:\/\/centcols.org\/#organization"},"image":{"@id":"https:\/\/centcols.org\/alpes-du-sud-samedi-30-aout-2025\/#primaryimage"},"thumbnailUrl":"https:\/\/centcols.org\/wp-content\/uploads\/2025\/01\/14021.jpg","articleSection":["2025-rassemblements","Calendrier","Rencontres r\u00e9gionales"],"inLanguage":"en-GB","potentialAction":[{"@type":"CommentAction","name":"Comment","target":["https:\/\/centcols.org\/alpes-du-sud-samedi-30-aout-2025\/#respond"]}]},{"@type":"WebPage","@id":"https:\/\/centcols.org\/alpes-du-sud-samedi-30-aout-2025\/","url":"https:\/\/centcols.org\/alpes-du-sud-samedi-30-aout-2025\/","name":"Alpes du Sud, Saturday 30 August 2025 - Club des Cent Cols","isPartOf":{"@id":"https:\/\/centcols.org\/#website"},"primaryImageOfPage":{"@id":"https:\/\/centcols.org\/alpes-du-sud-samedi-30-aout-2025\/#primaryimage"},"image":{"@id":"https:\/\/centcols.org\/alpes-du-sud-samedi-30-aout-2025\/#primaryimage"},"thumbnailUrl":"https:\/\/centcols.org\/wp-content\/uploads\/2025\/01\/14021.jpg","datePublished":"2025-01-25T14:51:14+00:00","dateModified":"2025-09-09T11:32:24+00:00","breadcrumb":{"@id":"https:\/\/centcols.org\/alpes-du-sud-samedi-30-aout-2025\/#breadcrumb"},"inLanguage":"en-GB","potentialAction":[{"@type":"ReadAction","target":["https:\/\/centcols.org\/alpes-du-sud-samedi-30-aout-2025\/"]}]},{"@type":"ImageObject","inLanguage":"en-GB","@id":"https:\/\/centcols.org\/alpes-du-sud-samedi-30-aout-2025\/#primaryimage","url":"https:\/\/centcols.org\/wp-content\/uploads\/2025\/01\/14021.jpg","contentUrl":"https:\/\/centcols.org\/wp-content\/uploads\/2025\/01\/14021.jpg","width":800,"height":558},{"@type":"BreadcrumbList","@id":"https:\/\/centcols.org\/alpes-du-sud-samedi-30-aout-2025\/#breadcrumb","itemListElement":[{"@type":"ListItem","position":1,"name":"Accueil","item":"https:\/\/centcols.org\/"},{"@type":"ListItem","position":2,"name":"Rencontres r\u00e9gionales","item":"https:\/\/centcols.org\/rubrique\/rencontres-regionales\/"},{"@type":"ListItem","position":3,"name":"Alpes du Sud, samedi 30 ao\u00fbt 2025"}]},{"@type":"WebSite","@id":"https:\/\/centcols.org\/#website","url":"https:\/\/centcols.org\/","name":"Club des Cent Cols","description":"","publisher":{"@id":"https:\/\/centcols.org\/#organization"},"potentialAction":[{"@type":"SearchAction","target":{"@type":"EntryPoint","urlTemplate":"https:\/\/centcols.org\/?s={search_term_string}"},"query-input":{"@type":"PropertyValueSpecification","valueRequired":true,"valueName":"search_term_string"}}],"inLanguage":"en-GB"},{"@type":"Organization","@id":"https:\/\/centcols.org\/#organization","name":"Club des Cent Cols","url":"https:\/\/centcols.org\/","logo":{"@type":"ImageObject","inLanguage":"en-GB","@id":"https:\/\/centcols.org\/#\/schema\/logo\/image\/","url":"https:\/\/centcols.org\/wp-content\/uploads\/2025\/01\/carte-icone.png","contentUrl":"https:\/\/centcols.org\/wp-content\/uploads\/2025\/01\/carte-icone.png","width":250,"height":250,"caption":"Club des Cent Cols"},"image":{"@id":"https:\/\/centcols.org\/#\/schema\/logo\/image\/"},"sameAs":["https:\/\/www.facebook.com\/groups\/5261880558\/?locale=fr_FR"]},{"@type":"Person","@id":"https:\/\/centcols.org\/#\/schema\/person\/377f00da2793c0363246869bb3a344d0","name":"Guy Harl\u00e9","image":{"@type":"ImageObject","inLanguage":"en-GB","@id":"https:\/\/centcols.org\/wp-content\/litespeed\/avatar\/94c4de37e46cf090f296d42ab3e8d6a6.jpg?ver=1777238144","url":"https:\/\/centcols.org\/wp-content\/litespeed\/avatar\/94c4de37e46cf090f296d42ab3e8d6a6.jpg?ver=1777238144","contentUrl":"https:\/\/centcols.org\/wp-content\/litespeed\/avatar\/94c4de37e46cf090f296d42ab3e8d6a6.jpg?ver=1777238144","caption":"Guy Harl\u00e9"},"url":"https:\/\/centcols.org\/en\/author\/5193\/"}]}},"_links":{"self":[{"href":"https:\/\/centcols.org\/en\/wp-json\/wp\/v2\/posts\/82725","targetHints":{"allow":["GET"]}}],"collection":[{"href":"https:\/\/centcols.org\/en\/wp-json\/wp\/v2\/posts"}],"about":[{"href":"https:\/\/centcols.org\/en\/wp-json\/wp\/v2\/types\/post"}],"author":[{"embeddable":true,"href":"https:\/\/centcols.org\/en\/wp-json\/wp\/v2\/users\/136"}],"replies":[{"embeddable":true,"href":"https:\/\/centcols.org\/en\/wp-json\/wp\/v2\/comments?post=82725"}],"version-history":[{"count":0,"href":"https:\/\/centcols.org\/en\/wp-json\/wp\/v2\/posts\/82725\/revisions"}],"wp:featuredmedia":[{"embeddable":true,"href":"https:\/\/centcols.org\/en\/wp-json\/wp\/v2\/media\/83734"}],"wp:attachment":[{"href":"https:\/\/centcols.org\/en\/wp-json\/wp\/v2\/media?parent=82725"}],"wp:term":[{"taxonomy":"category","embeddable":true,"href":"https:\/\/centcols.org\/en\/wp-json\/wp\/v2\/categories?post=82725"},{"taxonomy":"post_tag","embeddable":true,"href":"https:\/\/centcols.org\/en\/wp-json\/wp\/v2\/tags?post=82725"}],"curies":[{"name":"wp","href":"https:\/\/api.w.org\/{rel}","templated":true}]}}