{"id":84147,"date":"2025-06-24T03:19:09","date_gmt":"2025-06-24T01:19:09","guid":{"rendered":"https:\/\/centcols.org\/?p=84147"},"modified":"2026-01-25T11:10:34","modified_gmt":"2026-01-25T09:10:34","slug":"autumn-break-and-elective-general-meeting-in-autrans-isere-10-to-12-october-2025","status":"publish","type":"post","link":"https:\/\/centcols.org\/en\/sejour-dautomne-et-assemblee-generale-elective-a-autrans-isere-10-au-12-octobre-2025\/","title":{"rendered":"Autumn break and elective general meeting in Autrans (Is\u00e8re), 10 to 12 October 2025"},"content":{"rendered":"\n<p><em>Ont contribu\u00e9 \u00e0 cette page de pr\u00e9sentation du s\u00e9jour Enrico Alberini, Jean-Luc Matte, Christophe Badonnel et les responsables de l&rsquo;informatique.<\/em><\/p>\n\n\n\n<p>Le s\u00e9jour d\u2019automne 2025 se d\u00e9roulera du 10 au 12 octobre 2025 dans le d\u00e9partement de l&rsquo;Is\u00e8re. Les parcours ont \u00e9t\u00e9 con\u00e7us et reconnus par Alain Benoist et Philippe Imbert.<\/p>\n\n\n\n<p>Nous s\u00e9journerons dans le village vacances \u201cL&rsquo;Escandille\u201d.<\/p>\n\n\n        <div class=\"toc-wrapper\" data-columns=\"3\"\n            data-headings=\"[{&quot;level&quot;:2,&quot;text&quot;:&quot;Pr\\u00e9sentation de la r\\u00e9gion&quot;,&quot;id&quot;:&quot;0-pr%C3%A9sentation-de-la-r%C3%A9gion&quot;,&quot;page&quot;:1,&quot;existing_id&quot;:true},{&quot;level&quot;:2,&quot;text&quot;:&quot;Circuits&quot;,&quot;id&quot;:&quot;1-circuits&quot;,&quot;page&quot;:1,&quot;existing_id&quot;:true},{&quot;level&quot;:3,&quot;text&quot;:&quot;Parcours ccTours Autrans 2025&quot;,&quot;id&quot;:&quot;2-parcours-cctours-autrans-2025&quot;,&quot;page&quot;:1,&quot;existing_id&quot;:true},{&quot;level&quot;:2,&quot;text&quot;:&quot;H\\u00e9bergement&quot;,&quot;id&quot;:&quot;3-h%C3%A9bergement&quot;,&quot;page&quot;:1,&quot;existing_id&quot;:true},{&quot;level&quot;:2,&quot;text&quot;:&quot;Assembl\\u00e9e g\\u00e9n\\u00e9rale 2025&quot;,&quot;id&quot;:&quot;4-assembl%C3%A9e-g%C3%A9n%C3%A9rale-2025&quot;,&quot;page&quot;:1,&quot;existing_id&quot;:true},{&quot;level&quot;:2,&quot;text&quot;:&quot;Note du Conseil d\\u2019Administration&quot;,&quot;id&quot;:&quot;toc-note-du-conseil-dadministration&quot;,&quot;page&quot;:1,&quot;existing_id&quot;:false},{&quot;level&quot;:2,&quot;text&quot;:&quot;Inscriptions&quot;,&quot;id&quot;:&quot;5-inscriptions&quot;,&quot;page&quot;:1,&quot;existing_id&quot;:true},{&quot;level&quot;:3,&quot;text&quot;:&quot;T\\u00e9l\\u00e9charger le bulletin \\\/ download the booking form \\\/ scarica il modulo&quot;,&quot;id&quot;:&quot;6-t%C3%A9l%C3%A9charger-le-bulletin-download-the-booking-form-scarica-il-modulo&quot;,&quot;page&quot;:1,&quot;existing_id&quot;:true},{&quot;level&quot;:2,&quot;text&quot;:&quot;Autres activit\\u00e9s ou visites&quot;,&quot;id&quot;:&quot;7-autres-activit%C3%A9s-ou-visites&quot;,&quot;page&quot;:1,&quot;existing_id&quot;:true},{&quot;level&quot;:2,&quot;text&quot;:&quot;Article du Dauphin\\u00e9 Lib\\u00e9r\\u00e9&quot;,&quot;id&quot;:&quot;toc-article-du-dauphine-libere&quot;,&quot;page&quot;:1,&quot;existing_id&quot;:false},{&quot;level&quot;:2,&quot;text&quot;:&quot;Reportage de Fran\\u00e7ois Rieu&quot;,&quot;id&quot;:&quot;toc-reportage-de-francois-rieu&quot;,&quot;page&quot;:1,&quot;existing_id&quot;:false},{&quot;level&quot;:2,&quot;text&quot;:&quot;Albums&quot;,&quot;id&quot;:&quot;toc-albums&quot;,&quot;page&quot;:1,&quot;existing_id&quot;:false}]\"\n            data-current-page=\"1\"\n            data-base-url=\"https:\/\/centcols.org\/en\/sejour-dautomne-et-assemblee-generale-elective-a-autrans-isere-10-au-12-octobre-2025\/\">\n            <div class=\"toc-title\">\n                Sommaire            <\/div>\n            <div class=\"toc-content\" style=\"column-count: 3;\">\n                <ul class=\"toc-list\"><li class=\"toc-item toc-level-2\"><a href=\"#0-pr%C3%A9sentation-de-la-r%C3%A9gion\" class=\"toc-link\" data-same-page=\"true\">Pr\u00e9sentation de la r\u00e9gion<\/a><\/li><li class=\"toc-item toc-level-2\"><a href=\"#1-circuits\" class=\"toc-link\" data-same-page=\"true\">Circuits<\/a><ul class=\"toc-sublist\"><li class=\"toc-item toc-level-3\"><a href=\"#2-parcours-cctours-autrans-2025\" class=\"toc-link\" data-same-page=\"true\">Parcours ccTours Autrans 2025<\/a><\/li><\/ul><\/li><li class=\"toc-item toc-level-2\"><a href=\"#3-h%C3%A9bergement\" class=\"toc-link\" data-same-page=\"true\">H\u00e9bergement<\/a><\/li><li class=\"toc-item toc-level-2\"><a href=\"#4-assembl%C3%A9e-g%C3%A9n%C3%A9rale-2025\" class=\"toc-link\" data-same-page=\"true\">Assembl\u00e9e g\u00e9n\u00e9rale 2025<\/a><\/li><li class=\"toc-item toc-level-2\"><a href=\"#toc-note-du-conseil-dadministration\" class=\"toc-link\" data-same-page=\"true\">Note du Conseil d\u2019Administration<\/a><\/li><li class=\"toc-item toc-level-2\"><a href=\"#5-inscriptions\" class=\"toc-link\" data-same-page=\"true\">Inscriptions<\/a><ul class=\"toc-sublist\"><li class=\"toc-item toc-level-3\"><a href=\"#6-t%C3%A9l%C3%A9charger-le-bulletin-download-the-booking-form-scarica-il-modulo\" class=\"toc-link\" data-same-page=\"true\">T\u00e9l\u00e9charger le bulletin \/ download the booking form \/ scarica il modulo<\/a><\/li><\/ul><\/li><li class=\"toc-item toc-level-2\"><a href=\"#7-autres-activit%C3%A9s-ou-visites\" class=\"toc-link\" data-same-page=\"true\">Autres activit\u00e9s ou visites<\/a><\/li><li class=\"toc-item toc-level-2\"><a href=\"#toc-article-du-dauphine-libere\" class=\"toc-link\" data-same-page=\"true\">Article du Dauphin\u00e9 Lib\u00e9r\u00e9<\/a><\/li><li class=\"toc-item toc-level-2\"><a href=\"#toc-reportage-de-francois-rieu\" class=\"toc-link\" data-same-page=\"true\">Reportage de Fran\u00e7ois Rieu<\/a><\/li><li class=\"toc-item toc-level-2\"><a href=\"#toc-albums\" class=\"toc-link\" data-same-page=\"true\">Albums<\/a><\/li><\/ul>            <\/div>\n        <\/div>\n    \n\n\n<h2 class=\"wp-block-heading\" id=\"0-pr%C3%A9sentation-de-la-r%C3%A9gion\">Pr\u00e9sentation de la r\u00e9gion<\/h2>\n\n\n\n<p>Autrans-M\u00e9audre en Vercors est une commune nouvelle, n\u00e9e de la fusion des villages d&rsquo;Autrans et de M\u00e9audre le 1er janvier 2016. Elle compte environ 3000 habitants en 2023.<\/p>\n\n\n\n<figure class=\"wp-block-image size-large\"><img loading=\"lazy\" decoding=\"async\" width=\"1920\" height=\"1440\" src=\"https:\/\/centcols.org\/wp-content\/uploads\/2025\/06\/Plaine-Autrans-Meaudre-1920x1440.jpg\" alt=\"\" class=\"wp-image-84149\" style=\"aspect-ratio:16\/9;object-fit:cover\" srcset=\"https:\/\/centcols.org\/wp-content\/uploads\/2025\/06\/Plaine-Autrans-Meaudre-1920x1440.jpg 1920w, https:\/\/centcols.org\/wp-content\/uploads\/2025\/06\/Plaine-Autrans-Meaudre-1200x900.jpg 1200w, https:\/\/centcols.org\/wp-content\/uploads\/2025\/06\/Plaine-Autrans-Meaudre-768x576.jpg 768w, https:\/\/centcols.org\/wp-content\/uploads\/2025\/06\/Plaine-Autrans-Meaudre-1536x1152.jpg 1536w, https:\/\/centcols.org\/wp-content\/uploads\/2025\/06\/Plaine-Autrans-Meaudre-2048x1536.jpg 2048w\" sizes=\"auto, (max-width: 1920px) 100vw, 1920px\" \/><figcaption class=\"wp-element-caption\">Plaine Autrans M\u00e9audre \u00a9 OT<\/figcaption><\/figure>\n\n\n\n<p>Situ\u00e9e en Is\u00e8re, en Auvergne Rh\u00f4ne-Alpes, la commune est nich\u00e9e au c\u0153ur du Parc Naturel R\u00e9gional du Vercors et de la Communaut\u00e9 de Communes du Massif du Vercors.<\/p>\n\n\n\n<p>Autrans-M\u00e9audre en Vercors offre une multitude d&rsquo;activit\u00e9s sportives et familiales.<\/p>\n\n\n\n<p>Cr\u00e9\u00e9 en 1970, le Parc naturel r\u00e9gional du Vercors est situ\u00e9 en<a href=\"http:\/\/auvergnerhonealpes.fr\" target=\"_blank\" rel=\"noreferrer noopener\"><strong> R\u00e9gion Auvergne Rh\u00f4ne-Alpes<\/strong><\/a>, ce territoire de moyenne montagne s&rsquo;\u00e9tend sur un vaste massif de 227 621 ha entre <a href=\"http:\/\/ladrome.fr\/\" target=\"_blank\" rel=\"noreferrer noopener\"><strong>Dr\u00f4me<\/strong><\/a> et <a href=\"http:\/\/isere.fr\/\" target=\"_blank\" rel=\"noreferrer noopener\"><strong>Is\u00e8re<\/strong><\/a> et comprend <strong>98 communes<\/strong> r\u00e9parties dans plusieurs r\u00e9gions naturelles : le Pi\u00e9mont nord, les Quatre-Montagnes, les Coulmes, le Diois, le Vercors Dr\u00f4mois, le Royans, le Tri\u00e8ves, la Gervanne, Raye et Monts du Matin, Pays de Saillans.<\/p>\n\n\n\n<p>Le Vercors rec\u00e8le<strong>&nbsp;une grande vari\u00e9t\u00e9 d\u2019\u00e9cosyst\u00e8mes<\/strong>, conditions favorables au d\u00e9veloppement et au maintien d\u2019<strong>une belle biodiversit\u00e9&nbsp;: faune de \u00ab\u00a0haute\u00a0\u00bb montagne&nbsp;<\/strong>(campagnol des neiges, venturon montagnard\u2026)&nbsp;<strong>et des falaises<\/strong>&nbsp;(tichodrome \u00e9chelette, bouquetin, vautours&#8230;)<strong>&nbsp;<\/strong>;&nbsp;<strong>esp\u00e8ces d\u2019affinit\u00e9s m\u00e9ridionales<\/strong>&nbsp;(cigale, perdrix rouge\u2026) et&nbsp;<strong>des esp\u00e8ces \u00ab&nbsp;<a href=\"https:\/\/fr.wikipedia.org\/wiki\/Population_relique#Populations_reliques_dues_aux_glaciations\" target=\"_blank\" rel=\"noreferrer noopener\">reliques&nbsp; glaciaires&nbsp;<\/a>\u00bb<\/strong>&nbsp;(li\u00e8vre variable, t\u00e9tras-lyre, lagop\u00e8de alpin, chev\u00eachette d\u2019Europe\u2026).<\/p>\n\n\n\n<p>Le massif accueille des esp\u00e8ces animales d\u2019une exceptionnelle diversit\u00e9 dont la r\u00e9partition \u00e0 l\u2019\u00e9chelle de l\u2019Europe est souvent r\u00e9duite et dont beaucoup sont prot\u00e9g\u00e9es.<strong>\u00a072 esp\u00e8ces de mammif\u00e8res<\/strong>\u00a0dont <strong>29 esp\u00e8ces de chauves-souris<\/strong> (parmi les 36 r\u00e9pertori\u00e9es en France),<strong>\u00a0les 6 ongul\u00e9s sauvages<\/strong>\u00a0(cerf, mouflon, chamois, sanglier, chevreuil, bouquetin), belettes, \u00e9cureuils, marmottes, loups, renards, lynx\u2026\u00a0<strong>140 esp\u00e8ces d\u2019oiseaux nicheurs<\/strong>\u00a0dont l\u2019aigle royal, le grand duc d\u2019Europe et le t\u00e9tras-lyre, embl\u00e8me du Parc\u2026 et les <strong>4 esp\u00e8ces de vautours<\/strong>. Le Vercors abrite \u00e9galement\u00a0<strong>25 esp\u00e8ces de reptiles et amphibiens.<\/strong><\/p>\n\n\n\n<p>Les esp\u00e8ces v\u00e9g\u00e9tales sont tout autant diversifi\u00e9es.\u00a0<strong>La flore alpine c\u00f4toie la lavande et les prairies s\u00e8ches \u00e0 orchid\u00e9es<\/strong>, pr\u00e9sentes en grand nombre sur le massif. Sur une m\u00eame pente dans le Diois, on peut rencontrer l\u2019edelweiss, symbole de la \u00ab\u00a0haute\u00a0\u00bb montagne, et le thym, typiquement m\u00e9diterran\u00e9en. En tout,\u00a0<strong>1800 esp\u00e8ces v\u00e9g\u00e9tales<\/strong>\u00a0<strong>dont 85 esp\u00e8ces prot\u00e9g\u00e9es<\/strong> (le sabot-de-V\u00e9nus, la primev\u00e8re \u00aboreille d\u2019ours\u00bb, la tulipe sauvage&#8230;),\u00a0<strong>79 esp\u00e8ces d\u2019orchid\u00e9es (dont\u00a0<\/strong>l\u2019orchis de Spitzel ou la racine de corail), la tulipe sauvage, pulsatille de Haller, doradille \u00e9l\u00e9gante, lycopode, ancolie, lys martagon&#8230;<\/p>\n\n\n\n<p><strong>Le paysage du Vercors est \u00e9galement l&rsquo;h\u00e9ritier d&rsquo;une tr\u00e8s longue histoire humaine<\/strong> qui l&rsquo;a model\u00e9 au fil des si\u00e8cles. La premi\u00e8re trace humaine sur le territoire est due \u00e0 <strong>l&rsquo;agriculture<\/strong>. En l&rsquo;absence de toute intervention humaine, le Vercors serait bois\u00e9 quasi int\u00e9gralement.<\/p>\n\n\n\n<p>En effet, hormis les falaises et quelques pentes tr\u00e8s raides, les humains ont transform\u00e9 les \u00e9l\u00e9ments naturels pour composer le paysage d&rsquo;aujourd&rsquo;hui. Les bergers et agriculteurs ont cr\u00e9e une mosa\u00efque de champs et p\u00e2turages, les b\u00fbcherons et charbonniers ont modifi\u00e9<strong> la composition des for\u00eats<\/strong>&#8230;<\/p>\n\n\n\n<p>En ouvrant ainsi des aires de parcours dans le dense couvert forestier, et en les maintenant ouvertes, les agriculteurs participent toujours largement \u00e0 la d\u00e9finition du paysage du massif.<\/p>\n\n\n\n<p><strong>Situ\u00e9 \u00e0 la transition entre Alpes du Nord et des Alpes du Sud, le Vercors est soumis \u00e0 la triple influence climatique de l&rsquo;altitude, des pr\u00e9cipitations oc\u00e9aniques et des r\u00e9gimes m\u00e9diterran\u00e9ens.<\/strong><\/p>\n\n\n\n<p>Ces influences, visibles autant dans les pr\u00e9cipitations que dans les temp\u00e9ratures, font du Vercors un massif pr\u00e9alpin particulier et <strong>participent largement \u00e0 la richesse des<\/strong> <strong>milieux et des esp\u00e8ces<\/strong> rencontr\u00e9s sur le territoire.<\/p>\n\n\n\n<p>Dress\u00e9<strong> \u00e0 l\u2019avant-poste des Alpes fran\u00e7aises, le Vercors pr\u00e9sente une grande diversit\u00e9 de paysages et de reliefs<\/strong> ce qui permet la pratique d\u2019innombrables activit\u00e9s, <strong>le Vercors s\u2019apprivoise \u00e0 pied, \u00e0 v\u00e9lo, \u00e0 cheval, en cord\u00e9e, en raquettes ou \u00e0 ski, suspendu \u00e0 une voile<\/strong>&#8230;<\/p>\n\n\n\n<p>\u00c0 travers les \u00e2ges, <strong>l\u2019homme et le massif du Vercors ont tiss\u00e9 des liens qui nourrissent l\u2019identit\u00e9 d\u2019un territoire unique<\/strong>, \u00e9crin d\u2019un patrimoine parfois discret mais bien pr\u00e9sent et surprenant&#8230;<\/p>\n\n\n\n<p>En chemin, des grottes abris-sous-roche naturelles, des ruines traces de civilisations lointaines, des routes \u00e0 encorbellement trac\u00e9es au XIX<sup>e<\/sup> si\u00e8cle, des monuments comm\u00e9morant le dernier conflit mondial t\u00e9moignent d\u2019un riche pass\u00e9, force pour l\u2019avenir.<\/p>\n\n\n\n<p>Deux mus\u00e9es d\u2019histoire situ\u00e9s \u00e0 Vassieux-en-Vercors sont g\u00e9r\u00e9s par le Parc du Vercors : le <a href=\"https:\/\/www.parc-du-vercors.fr\/resistance\/home\" target=\"_blank\" rel=\"noreferrer noopener\"><strong>m\u00e9morial de la R\u00e9sistance<\/strong><\/a> constitue une \u00e9tape centrale d\u2019un parcours pour d\u00e9couvrir, dans tout le massif, les lieux o\u00f9 se sont d\u00e9roul\u00e9es les actions de R\u00e9sistance lors de la Seconde Guerre mondiale et <a href=\"https:\/\/www.parc-du-vercors.fr\/prehistoire\/home\" target=\"_blank\" rel=\"noreferrer noopener\"><strong>le mus\u00e9e de la Pr\u00e9histoire<\/strong><\/a>, install\u00e9 sur le site d\u2019un atelier de taille de silex abandonn\u00e9 il y a 4 500 ans par des artisans-tailleurs, expose une trentaine d&rsquo;ann\u00e9es de recherches arch\u00e9ologiques.<\/p>\n\n\n\n<p>De nombreux autres sites permettent d&rsquo;aborder diff\u00e9rentes facettes de l&rsquo;histoire : le <a href=\"https:\/\/www.facebook.com\/Musee.Resistance.Vercors.Vassieux\/\" target=\"_blank\" rel=\"noreferrer noopener\">mus\u00e9e d\u00e9partemental de la R\u00e9sistance \u00e0 Vassieux-en-Vercors<\/a>, le <a href=\"https:\/\/www.museededie.org\/\" target=\"_blank\" rel=\"noreferrer noopener\">mus\u00e9e arch\u00e9ologique et historique du pays Diois<\/a> et du Diois \u00e0 Die, le <a href=\"http:\/\/www.musee-eau.com\/fr_FR\/index.php\" target=\"_blank\" rel=\"noreferrer noopener\">mus\u00e9e de l&rsquo;eau<\/a> \u00e0 Pont-en-Royans&#8230;<\/p>\n\n\n\n<p><strong>Villard-de-Lans fut la troisi\u00e8me station de ski fran\u00e7aise<\/strong> \u00e0 voir le jour en 1906 ; les professionnels du r\u00e9seaux des <strong>Grandes Travers\u00e9es du Vercors<\/strong> comptent parmi les <strong>pionniers de l&rsquo;itin\u00e9rance<\/strong> ; en 1956, <strong>un record mondial est \u00e9tabli par une \u00e9quipe de sp\u00e9l\u00e9o<\/strong> qui d\u00e9passe les 1000 m\u00e8tres (-1122m) de profondeur au gouffre Berger ;&nbsp;<strong> d\u00e8s le d\u00e9but des ann\u00e9es 2000<\/strong>, des acteurs du territoire investissent les questions relatives \u00e0 <strong>la qualit\u00e9 de l&rsquo;alimentation<\/strong> ; l&rsquo;ant\u00e9riorit\u00e9 des projets de <strong>centrales villageoises<\/strong> dans le Vercors les identifiera tr\u00e8s vite comme <strong>sites pilotes pour le d\u00e9veloppement d&rsquo;un nouveau mod\u00e8le de production d&rsquo;\u00e9nergie renouvelable au niveau national<\/strong> ; plusieurs entreprises proposent <strong>des produits ou des services de pointe<\/strong> comme Pal\u00e9otime par exemple ; au sein de la soci\u00e9t\u00e9 civile, <strong>les habitants ne cessent d&rsquo;inventer<\/strong> pour l&rsquo;\u00e9ducation, la mutualisation, la valorisation du patrimoine, le bien commun&#8230;<\/p>\n\n\n<p><div class=\"leaflet-map WPLeafletMap\" style=\"height:700px; width:100%;\"><\/div><script>\nwindow.WPLeafletMapPlugin = window.WPLeafletMapPlugin || [];\nwindow.WPLeafletMapPlugin.push(function WPLeafletMapShortcode() {\/*<script>*\/\nvar baseUrl = atob('aHR0cHM6Ly90aWxlLm9wZW5zdHJlZXRtYXAub3JnL3t6fS97eH0ve3l9LnBuZw==');\nvar base = (!baseUrl && window.MQ) ?\n    window.MQ.mapLayer() : L.tileLayer(baseUrl,\n        L.Util.extend({}, {\n            detectRetina: 0,\n        },\n        {\"subdomains\":\"abc\",\"noWrap\":false,\"maxZoom\":19}        )\n    );\n    var options = L.Util.extend({}, {\n        layers: [base],\n        attributionControl: false\n    },\n    {\"zoomControl\":false,\"scrollWheelZoom\":false,\"doubleClickZoom\":false,\"fitBounds\":false,\"minZoom\":0,\"maxZoom\":19,\"maxBounds\":null,\"attribution\":\"<a href=\\\"http:\\\/\\\/leafletjs.com\\\" title=\\\"Une biblioth\\u00e8que JS pour des cartes interactives\\\">Leaflet<\\\/a>; \\u00a9 <a href=\\\"http:\\\/\\\/www.openstreetmap.org\\\/copyright\\\">OpenStreetMap<\\\/a> contributeurs\\\/contributrices\"},\n    {});\nwindow.WPLeafletMapPlugin.createMap(options).setView([45.18346,5.55256],12);});<\/script><br \/>\n<script>\nwindow.WPLeafletMapPlugin = window.WPLeafletMapPlugin || [];\nwindow.WPLeafletMapPlugin.push(function WPLeafletMarkerShortcode() {\/*<script>*\/\nvar map = window.WPLeafletMapPlugin.getCurrentMap();\nvar group = window.WPLeafletMapPlugin.getCurrentGroup();\nvar marker_options = window.WPLeafletMapPlugin.getIconOptions({\"iconUrl\":\"\\\/res\\\/lib\\\/leaflet\\\/images\\\/hotel.png\",\"iconSize\":\"24,72\",\"popupAnchor\":\"0,-32\"});\nvar marker = L.marker(\n    [45.18346,5.55256],\n    marker_options\n);\nvar is_image = map.is_image_map;\nif (marker_options.draggable) {\n    marker.on('dragend', function () {\n        var latlng = this.getLatLng();\n        var lat = latlng.lat;\n        var lng = latlng.lng;\n        if (is_image) {\n            console.log('leaflet-marker y=' + lat + ' x=' + lng);\n        } else {\n            console.log('leaflet-marker lat=' + lat + ' lng=' + lng);\n        }\n    });\n}\nmarker.addTo( group );\nmarker.bindPopup(window.WPLeafletMapPlugin.unescape('Escandille'));window.WPLeafletMapPlugin.markers.push( marker );\n        });<\/script><\/p>\n\n\n\n<h2 class=\"wp-block-heading\" id=\"1-circuits\">Circuits<\/h2>\n\n\n<div class=\"wp-block-image\">\n<figure class=\"aligncenter size-full\"><img loading=\"lazy\" decoding=\"async\" width=\"1000\" height=\"750\" src=\"https:\/\/centcols.org\/wp-content\/uploads\/2025\/06\/Col-de-lArc.jpg\" alt=\"\" class=\"wp-image-84150\" srcset=\"https:\/\/centcols.org\/wp-content\/uploads\/2025\/06\/Col-de-lArc.jpg 1000w, https:\/\/centcols.org\/wp-content\/uploads\/2025\/06\/Col-de-lArc-768x576.jpg 768w\" sizes=\"auto, (max-width: 1000px) 100vw, 1000px\" \/><figcaption class=\"wp-element-caption\">Col de l&rsquo;Arc \u00a9 Philippe Imbert<\/figcaption><\/figure>\n<\/div>\n\n\n<h3 class=\"wp-block-heading\" id=\"2-parcours-cctours-autrans-2025\">Parcours ccTours Autrans 2025<\/h3>\n\n\n\n<p><a href=\"https:\/\/centcols.org\/membres\/cctours\/tours.php?lieu=Autrans&amp;an=2025\">Ils sont ici<\/a><\/p>\n\n\n\n<h2 class=\"wp-block-heading\" id=\"3-h%C3%A9bergement\">H\u00e9bergement<\/h2>\n\n\n\n<p>Proche du village perch\u00e9 d&rsquo;Autrans, \u00e0 1080 m\u00e8tres d&rsquo;altitude, le village vacances L&rsquo;Escandille est situ\u00e9 en plein c\u0153ur du parc naturel r\u00e9gional du Vercors. Ce village entour\u00e9 d\u2019un parc arbor\u00e9 de 12 hectares, est le lieu id\u00e9al pour se ressourcer o\u00f9 vous trouverez de nombreux \u00e9quipements de d\u00e9tente et de multiples activit\u00e9s organis\u00e9es durant votre s\u00e9jour.<\/p>\n\n\n\n<p>Piscine couverte et chauff\u00e9e, pataugeoire, sauna, hammam, bain \u00e0 remous, salle de remise en forme seront \u00e0 votre disposition pour profiter pleinement de votre s\u00e9jour. <\/p>\n\n\n\n<p>Le stationnement des camping cars sera autoris\u00e9 sur le village de vacances au prix de 7 euros par jour.<\/p>\n\n\n\n<figure class=\"wp-block-gallery has-nested-images columns-2 is-cropped wp-block-gallery-1 is-layout-flex wp-block-gallery-is-layout-flex\">\n<figure class=\"wp-block-image size-full\"><a href=\"https:\/\/centcols.org\/wp-content\/uploads\/2025\/06\/pataugeoire.jpg\"><img loading=\"lazy\" decoding=\"async\" width=\"1766\" height=\"1179\" data-id=\"84151\" src=\"https:\/\/centcols.org\/wp-content\/uploads\/2025\/06\/pataugeoire.jpg\" alt=\"\" class=\"wp-image-84151\" srcset=\"https:\/\/centcols.org\/wp-content\/uploads\/2025\/06\/pataugeoire.jpg 1766w, https:\/\/centcols.org\/wp-content\/uploads\/2025\/06\/pataugeoire-1200x801.jpg 1200w, https:\/\/centcols.org\/wp-content\/uploads\/2025\/06\/pataugeoire-768x513.jpg 768w, https:\/\/centcols.org\/wp-content\/uploads\/2025\/06\/pataugeoire-1536x1025.jpg 1536w\" sizes=\"auto, (max-width: 1766px) 100vw, 1766px\" \/><\/a><figcaption class=\"wp-element-caption\">pataugeoire \u00a9 Escandille<\/figcaption><\/figure>\n\n\n\n<figure class=\"wp-block-image size-full\"><a href=\"https:\/\/centcols.org\/wp-content\/uploads\/2025\/06\/chambreescandille.jpg\"><img loading=\"lazy\" decoding=\"async\" width=\"1766\" height=\"1179\" data-id=\"84152\" src=\"https:\/\/centcols.org\/wp-content\/uploads\/2025\/06\/chambreescandille.jpg\" alt=\"\" class=\"wp-image-84152\" srcset=\"https:\/\/centcols.org\/wp-content\/uploads\/2025\/06\/chambreescandille.jpg 1766w, https:\/\/centcols.org\/wp-content\/uploads\/2025\/06\/chambreescandille-1200x801.jpg 1200w, https:\/\/centcols.org\/wp-content\/uploads\/2025\/06\/chambreescandille-768x513.jpg 768w, https:\/\/centcols.org\/wp-content\/uploads\/2025\/06\/chambreescandille-1536x1025.jpg 1536w\" sizes=\"auto, (max-width: 1766px) 100vw, 1766px\" \/><\/a><figcaption class=\"wp-element-caption\">chambre \u00a9 Escandille<\/figcaption><\/figure>\n\n\n\n<figure class=\"wp-block-image size-large\"><a href=\"https:\/\/centcols.org\/wp-content\/uploads\/2025\/06\/Vue-densemble-autrans.jpg\"><img loading=\"lazy\" decoding=\"async\" width=\"1920\" height=\"1440\" data-id=\"84153\" src=\"https:\/\/centcols.org\/wp-content\/uploads\/2025\/06\/Vue-densemble-autrans-1920x1440.jpg\" alt=\"\" class=\"wp-image-84153\" srcset=\"https:\/\/centcols.org\/wp-content\/uploads\/2025\/06\/Vue-densemble-autrans-1920x1440.jpg 1920w, https:\/\/centcols.org\/wp-content\/uploads\/2025\/06\/Vue-densemble-autrans-1200x900.jpg 1200w, https:\/\/centcols.org\/wp-content\/uploads\/2025\/06\/Vue-densemble-autrans-768x576.jpg 768w, https:\/\/centcols.org\/wp-content\/uploads\/2025\/06\/Vue-densemble-autrans-1536x1152.jpg 1536w, https:\/\/centcols.org\/wp-content\/uploads\/2025\/06\/Vue-densemble-autrans-2048x1536.jpg 2048w\" sizes=\"auto, (max-width: 1920px) 100vw, 1920px\" \/><\/a><figcaption class=\"wp-element-caption\">vue d&rsquo;ensemble \u00a9 Escandille<\/figcaption><\/figure>\n<\/figure>\n\n\n\n<div class=\"wp-block-columns is-layout-flex wp-container-core-columns-is-layout-9d6595d7 wp-block-columns-is-layout-flex\">\n<div class=\"wp-block-column is-layout-flow wp-block-column-is-layout-flow\">\n<h2 class=\"wp-block-heading\" id=\"4-assembl%C3%A9e-g%C3%A9n%C3%A9rale-2025\">Assembl\u00e9e g\u00e9n\u00e9rale 2025<\/h2>\n\n\n\n<p>L&rsquo;Assembl\u00e9e G\u00e9n\u00e9rale se d\u00e9roulera le samedi 11 octobre 2025 \u00e0 partir de 14h30.<\/p>\n\n\n\n<p>Elle se terminera par le traditionnel vin d&rsquo;honneur.<\/p>\n\n\n\n<p>Salle Moli\u00e8re L&rsquo;Escandille 931 route de la Sure 38880 Autrans-M\u00e9audre<\/p>\n<\/div>\n\n\n\n<div class=\"wp-block-column has-very-light-gray-background-color has-background is-layout-flow wp-block-column-is-layout-flow\" style=\"flex-basis:50%\">\n<h2 class=\"wp-block-heading has-text-align-center\">Note du Conseil d\u2019Administration<\/h2>\n\n\n<div class=\"wp-block-image\">\n<figure class=\"aligncenter size-full\"><img loading=\"lazy\" decoding=\"async\" width=\"100\" height=\"100\" src=\"https:\/\/centcols.org\/wp-content\/uploads\/2025\/08\/icons8-note-100.png\" alt=\"\" class=\"wp-image-88085\" srcset=\"https:\/\/centcols.org\/wp-content\/uploads\/2025\/08\/icons8-note-100.png 100w, https:\/\/centcols.org\/wp-content\/uploads\/2025\/08\/icons8-note-100-12x12.png 12w\" sizes=\"auto, (max-width: 100px) 100vw, 100px\" \/><\/figure>\n<\/div>\n\n\n<p>Si vous organisez votre h\u00e9bergement ailleurs que dans le centre de s\u00e9jour, n\u2019oubliez pas de vous inscrire en tant que \u00ab Simple Participant \u00bb :<\/p>\n\n\n\n<ul class=\"wp-block-list\">\n<li>Afin de pouvoir dimensionner correctement les \u00e9v\u00e9nements communs (sessions d\u2019information, boissons de bienvenue et de cl\u00f4ture).<\/li>\n\n\n\n<li>Pour pouvoir fournir le livret de vacances.<\/li>\n\n\n\n<li>Afin d\u2019assurer une bonne r\u00e9partition des co\u00fbts de pr\u00e9paration et d\u2019organisation.<\/li>\n<\/ul>\n<\/div>\n<\/div>\n\n\n\n<h2 class=\"wp-block-heading\" id=\"5-inscriptions\">Inscriptions<\/h2>\n\n\n        <div class=\"toggle-content-wrapper\">\n            <div class=\"visible-text\">\n                Pour vous inscrire, t\u00e9l\u00e9chargez le bulletin d\u2019inscription PDF avec le lien ci-dessous. Attention, le bulletin d\u2019inscription comprend deux pages : l\u2019inscription proprement dite (veillez \u00e0 bien remplir toutes les rubriques qui vous concernent et \u00e0 signer au bas de la page), et les conditions particuli\u00e8res que vous voudrez bien signer \u00e9galement. Si vous envisagez de vous faire accompagner par votre compagnon\/compagne veillez bien \u00e0 l\u2019inscrire auparavant comme membre associ\u00e9 aupr\u00e8s de votre D\u00e9l\u00e9gu\u00e9 Territorial ou National et n\u2019oubliez pas de \u2026            <\/div>\n            <div class=\"toggle-controls\">\n                <button class=\"toggle-btn read-more-btn\"\n                    data-show-text=\"Afficher moins\"\n                    data-hide-text=\"Lire la suite\">\n                    Lire la suite                <\/button>\n            <\/div>\n            <div class=\"hidden-text\" style=\"display: none;\">\n                mettre son N\u00b0 de membre associ\u00e9 dans la case pr\u00e9vue.<br>Les s\u00e9jours n\u2019\u00e9tant accessibles, pour des raisons l\u00e9gales, qu\u2019aux seuls membres du Club, veillez \u00e0 \u00eatre \u00e0 jour de cotisation avant d\u2019envoyer votre bulletin d\u2019inscription<br>Vous pouvez r\u00e9gler le montant de l\u2019inscription par ch\u00e8que ou par virement sur le compte du Club. Compte tenu des frais suppl\u00e9mentaires factur\u00e9s par l\u2019organisme qui le g\u00e8re, nous ne prenons pas de paiement par PayPal. L\u2019affectation des membres se fait dans l\u2019ordre d\u2019envoi du ch\u00e8que ou d\u2019\u00e9mission du virement. Pour le premier, c\u2019est le cachet de la Poste qui fait foi, pour le second, veillez \u00e0 nous envoyer une copie de l\u2019ordre de virement. Si le s\u00e9jour est complet, une liste d\u2019attente est mise en place, elle fonctionne avec les m\u00eames r\u00e8gles de priorit\u00e9 d\u2019affectation que les inscriptions directes. Trombinoscope<strong>\u00a0:<\/strong>\u00a0Si vous n\u2019avez pas encore fourni votre photo pour le trombinoscope et souhaitez y figurer, pensez \u00e0 cocher la case correspondante et \u00e0 nous faire parvenir par mail une photo au format JPG. Des informations compl\u00e9mentaires seront diffus\u00e9es ult\u00e9rieurement sur le site que vous pouvez consulter r\u00e9guli\u00e8rement. A chaque fois, le responsable des s\u00e9jours met un petit mail sur la liste de diffusion. Si vous souhaitez recevoir ces mails, nous vous invitons \u00e0 vous inscrire sur la liste de diffusion, si vous ne l\u2019avez pas encore fait. Si vous avez des questions n\u2019h\u00e9sitez pas \u00e0 appeler le responsable du s\u00e9jour : +33 6 78 87 33 67.Texte masqu\u00e9 par d\u00e9faut&#8230;            <\/div>\n            <div class=\"toggle-controls-bottom\" style=\"display: none;\">\n                <button class=\"toggle-btn show-less-btn\"\n                    data-show-text=\"Afficher moins\"\n                    data-hide-text=\"Lire la suite\">\n                    Afficher moins                <\/button>\n            <\/div>\n        <\/div>\n    \n\n\n<h3 class=\"wp-block-heading\" id=\"6-t%C3%A9l%C3%A9charger-le-bulletin-download-the-booking-form-scarica-il-modulo\">T\u00e9l\u00e9charger le bulletin \/ download the booking form \/ scarica il modulo<\/h3>\n\n\n\n<div class=\"wp-block-columns is-layout-flex wp-container-core-columns-is-layout-9d6595d7 wp-block-columns-is-layout-flex\">\n<div class=\"wp-block-column is-layout-flow wp-block-column-is-layout-flow\">\n<ul class=\"wp-block-list\">\n<li><a href=\"https:\/\/centcols.org\/wp-content\/uploads\/2025\/06\/bulletin-inscription-autrans.pdf\" target=\"_blank\" rel=\"noreferrer noopener\">Bulletin d\u2019Inscription Autrans en fran\u00e7ais<\/a><\/li>\n\n\n\n<li><a href=\"https:\/\/centcols.org\/wp-content\/uploads\/2025\/06\/bulletin-inscription-autrans-GB.pdf\" target=\"_blank\" rel=\"noreferrer noopener\">Booking form Autrans in English<\/a><\/li>\n\n\n\n<li><a href=\"https:\/\/centcols.org\/wp-content\/uploads\/2025\/06\/IT-bulletin-inscription-autrans.pdf\" target=\"_blank\" rel=\"noreferrer noopener\">Modulo d\u2019iscrizione Autrans in italiano<\/a><\/li>\n<\/ul>\n<\/div>\n\n\n\n<div class=\"wp-block-column is-layout-flow wp-block-column-is-layout-flow\">\n<ul class=\"wp-block-list\">\n<li><a href=\"https:\/\/centcols.org\/wp-content\/uploads\/2025\/06\/CGA-Residence-de-tourisme-Cent-cols1.pdf\" target=\"_blank\" rel=\"noreferrer noopener\">Conditions g\u00e9n\u00e9rales assurance Gritchen<\/a><\/li>\n\n\n\n<li><a href=\"https:\/\/centcols.org\/wp-content\/uploads\/2025\/06\/Gritchen_Covid19_Gritchen_FR1.pdf\" target=\"_blank\" rel=\"noreferrer noopener\">Gritchen couverture Covid 19<\/a><\/li>\n<\/ul>\n<\/div>\n<\/div>\n\n\n\n<p><strong>La date limite de r\u00e9ception des inscriptions a \u00e9t\u00e9 fix\u00e9e au &nbsp;10\/08\/2025<\/strong><\/p>\n\n\n\n<h2 class=\"wp-block-heading\" id=\"7-autres-activit%C3%A9s-ou-visites\">Autres activit\u00e9s ou visites<\/h2>\n\n\n\n<p>Quelques id\u00e9es de visites : <\/p>\n\n\n\n<ul class=\"wp-block-list\">\n<li><a href=\"https:\/\/www.magiedesautomates.fr\/\" target=\"_blank\" rel=\"noreferrer noopener\">la magie des automates \u00e0 Lans-en-Vercors<\/a><\/li>\n\n\n\n<li><a href=\"https:\/\/www.ladrome.fr\/mon-quotidien\/culture\/le-musee-departemental-de-la-resistance-du-vercors\/\" target=\"_blank\" rel=\"noreferrer noopener\">le mus\u00e9e d\u00e9partemental de la r\u00e9sistance<\/a><\/li>\n<\/ul>\n\n\n\n<h2 class=\"wp-block-heading\">Article du Dauphin\u00e9 Lib\u00e9r\u00e9<\/h2>\n\n\n\n<p><a href=\"https:\/\/centcols.org\/wp-content\/uploads\/2025\/10\/ArtDLclub100cols.pdf\">Le voir ici<\/a><\/p>\n\n\n\n<h2 class=\"wp-block-heading\">Reportage de Fran\u00e7ois Rieu<\/h2>\n\n\n\n<figure class=\"wp-block-gallery has-nested-images columns-default is-cropped wp-block-gallery-2 is-layout-flex wp-block-gallery-is-layout-flex\">\n<figure class=\"wp-block-image size-full\"><a href=\"https:\/\/centcols.org\/wp-content\/uploads\/2025\/10\/ag-autrans-12.jpg\"><img loading=\"lazy\" decoding=\"async\" width=\"1670\" height=\"1113\" data-id=\"91004\" src=\"https:\/\/centcols.org\/wp-content\/uploads\/2025\/10\/ag-autrans-12.jpg\" alt=\"\" class=\"wp-image-91004\" srcset=\"https:\/\/centcols.org\/wp-content\/uploads\/2025\/10\/ag-autrans-12.jpg 1670w, https:\/\/centcols.org\/wp-content\/uploads\/2025\/10\/ag-autrans-12-1200x800.jpg 1200w, https:\/\/centcols.org\/wp-content\/uploads\/2025\/10\/ag-autrans-12-768x512.jpg 768w, https:\/\/centcols.org\/wp-content\/uploads\/2025\/10\/ag-autrans-12-1536x1024.jpg 1536w, https:\/\/centcols.org\/wp-content\/uploads\/2025\/10\/ag-autrans-12-18x12.jpg 18w\" sizes=\"auto, (max-width: 1670px) 100vw, 1670px\" \/><\/a><figcaption class=\"wp-element-caption\">a vot\u00e9 !<\/figcaption><\/figure>\n\n\n\n<figure class=\"wp-block-image size-full\"><a href=\"https:\/\/centcols.org\/wp-content\/uploads\/2025\/10\/ag-autrans-11.jpg\"><img loading=\"lazy\" decoding=\"async\" width=\"1200\" height=\"900\" data-id=\"91003\" src=\"https:\/\/centcols.org\/wp-content\/uploads\/2025\/10\/ag-autrans-11.jpg\" alt=\"\" class=\"wp-image-91003\" srcset=\"https:\/\/centcols.org\/wp-content\/uploads\/2025\/10\/ag-autrans-11.jpg 1200w, https:\/\/centcols.org\/wp-content\/uploads\/2025\/10\/ag-autrans-11-768x576.jpg 768w, https:\/\/centcols.org\/wp-content\/uploads\/2025\/10\/ag-autrans-11-16x12.jpg 16w\" sizes=\"auto, (max-width: 1200px) 100vw, 1200px\" \/><\/a><figcaption class=\"wp-element-caption\">La salle<\/figcaption><\/figure>\n\n\n\n<figure class=\"wp-block-image size-full\"><a href=\"https:\/\/centcols.org\/wp-content\/uploads\/2025\/10\/ag-autrans-08.jpg\"><img loading=\"lazy\" decoding=\"async\" width=\"1670\" height=\"1113\" data-id=\"91000\" src=\"https:\/\/centcols.org\/wp-content\/uploads\/2025\/10\/ag-autrans-08.jpg\" alt=\"\" class=\"wp-image-91000\" srcset=\"https:\/\/centcols.org\/wp-content\/uploads\/2025\/10\/ag-autrans-08.jpg 1670w, https:\/\/centcols.org\/wp-content\/uploads\/2025\/10\/ag-autrans-08-1200x800.jpg 1200w, https:\/\/centcols.org\/wp-content\/uploads\/2025\/10\/ag-autrans-08-768x512.jpg 768w, https:\/\/centcols.org\/wp-content\/uploads\/2025\/10\/ag-autrans-08-1536x1024.jpg 1536w, https:\/\/centcols.org\/wp-content\/uploads\/2025\/10\/ag-autrans-08-18x12.jpg 18w\" sizes=\"auto, (max-width: 1670px) 100vw, 1670px\" \/><\/a><figcaption class=\"wp-element-caption\">Rapport moral d&rsquo;Enrico Alberini<\/figcaption><\/figure>\n\n\n\n<figure class=\"wp-block-image size-full\"><a href=\"https:\/\/centcols.org\/wp-content\/uploads\/2025\/10\/ag-autrans-10.jpg\"><img loading=\"lazy\" decoding=\"async\" width=\"1200\" height=\"900\" data-id=\"91002\" src=\"https:\/\/centcols.org\/wp-content\/uploads\/2025\/10\/ag-autrans-10.jpg\" alt=\"\" class=\"wp-image-91002\" srcset=\"https:\/\/centcols.org\/wp-content\/uploads\/2025\/10\/ag-autrans-10.jpg 1200w, https:\/\/centcols.org\/wp-content\/uploads\/2025\/10\/ag-autrans-10-768x576.jpg 768w, https:\/\/centcols.org\/wp-content\/uploads\/2025\/10\/ag-autrans-10-16x12.jpg 16w\" sizes=\"auto, (max-width: 1200px) 100vw, 1200px\" \/><\/a><figcaption class=\"wp-element-caption\">3 repr\u00e9sentants de la FFCT au premier rang<\/figcaption><\/figure>\n\n\n\n<figure class=\"wp-block-image size-full\"><a href=\"https:\/\/centcols.org\/wp-content\/uploads\/2025\/10\/ag-autrans-03.jpg\"><img loading=\"lazy\" decoding=\"async\" width=\"1670\" height=\"1113\" data-id=\"90995\" src=\"https:\/\/centcols.org\/wp-content\/uploads\/2025\/10\/ag-autrans-03.jpg\" alt=\"\" class=\"wp-image-90995\" srcset=\"https:\/\/centcols.org\/wp-content\/uploads\/2025\/10\/ag-autrans-03.jpg 1670w, https:\/\/centcols.org\/wp-content\/uploads\/2025\/10\/ag-autrans-03-1200x800.jpg 1200w, https:\/\/centcols.org\/wp-content\/uploads\/2025\/10\/ag-autrans-03-768x512.jpg 768w, https:\/\/centcols.org\/wp-content\/uploads\/2025\/10\/ag-autrans-03-1536x1024.jpg 1536w, https:\/\/centcols.org\/wp-content\/uploads\/2025\/10\/ag-autrans-03-18x12.jpg 18w\" sizes=\"auto, (max-width: 1670px) 100vw, 1670px\" \/><\/a><figcaption class=\"wp-element-caption\">D\u00e9pouillement des derniers votes<\/figcaption><\/figure>\n<\/figure>\n\n\n\n<div style=\"height:30px\" aria-hidden=\"true\" class=\"wp-block-spacer\"><\/div>\n\n\n\n<figure class=\"wp-block-gallery has-nested-images columns-default is-cropped wp-block-gallery-3 is-layout-flex wp-block-gallery-is-layout-flex\">\n<figure class=\"wp-block-image size-large\"><a href=\"https:\/\/centcols.org\/wp-content\/uploads\/2025\/10\/ag-autrans-04.jpg\"><img loading=\"lazy\" decoding=\"async\" width=\"1113\" height=\"1670\" data-id=\"90996\" src=\"https:\/\/centcols.org\/wp-content\/uploads\/2025\/10\/ag-autrans-04.jpg\" alt=\"\" class=\"wp-image-90996\" srcset=\"https:\/\/centcols.org\/wp-content\/uploads\/2025\/10\/ag-autrans-04.jpg 1113w, https:\/\/centcols.org\/wp-content\/uploads\/2025\/10\/ag-autrans-04-800x1200.jpg 800w, https:\/\/centcols.org\/wp-content\/uploads\/2025\/10\/ag-autrans-04-768x1152.jpg 768w, https:\/\/centcols.org\/wp-content\/uploads\/2025\/10\/ag-autrans-04-1024x1536.jpg 1024w, https:\/\/centcols.org\/wp-content\/uploads\/2025\/10\/ag-autrans-04-8x12.jpg 8w\" sizes=\"auto, (max-width: 1113px) 100vw, 1113px\" \/><\/a><figcaption class=\"wp-element-caption\">Graham Cutting<\/figcaption><\/figure>\n\n\n\n<figure class=\"wp-block-image size-large\"><a href=\"https:\/\/centcols.org\/wp-content\/uploads\/2025\/10\/ag-autrans-09.jpg\"><img loading=\"lazy\" decoding=\"async\" width=\"1670\" height=\"1113\" data-id=\"91001\" src=\"https:\/\/centcols.org\/wp-content\/uploads\/2025\/10\/ag-autrans-09.jpg\" alt=\"\" class=\"wp-image-91001\" srcset=\"https:\/\/centcols.org\/wp-content\/uploads\/2025\/10\/ag-autrans-09.jpg 1670w, https:\/\/centcols.org\/wp-content\/uploads\/2025\/10\/ag-autrans-09-1200x800.jpg 1200w, https:\/\/centcols.org\/wp-content\/uploads\/2025\/10\/ag-autrans-09-768x512.jpg 768w, https:\/\/centcols.org\/wp-content\/uploads\/2025\/10\/ag-autrans-09-1536x1024.jpg 1536w, https:\/\/centcols.org\/wp-content\/uploads\/2025\/10\/ag-autrans-09-18x12.jpg 18w\" sizes=\"auto, (max-width: 1670px) 100vw, 1670px\" \/><\/a><figcaption class=\"wp-element-caption\">tandem Mabillot<\/figcaption><\/figure>\n\n\n\n<figure class=\"wp-block-image size-large\"><a href=\"https:\/\/centcols.org\/wp-content\/uploads\/2025\/10\/ag-autrans-05.jpg\"><img loading=\"lazy\" decoding=\"async\" width=\"1113\" height=\"1670\" data-id=\"90997\" src=\"https:\/\/centcols.org\/wp-content\/uploads\/2025\/10\/ag-autrans-05.jpg\" alt=\"\" class=\"wp-image-90997\" srcset=\"https:\/\/centcols.org\/wp-content\/uploads\/2025\/10\/ag-autrans-05.jpg 1113w, https:\/\/centcols.org\/wp-content\/uploads\/2025\/10\/ag-autrans-05-800x1200.jpg 800w, https:\/\/centcols.org\/wp-content\/uploads\/2025\/10\/ag-autrans-05-768x1152.jpg 768w, https:\/\/centcols.org\/wp-content\/uploads\/2025\/10\/ag-autrans-05-1024x1536.jpg 1024w, https:\/\/centcols.org\/wp-content\/uploads\/2025\/10\/ag-autrans-05-8x12.jpg 8w\" sizes=\"auto, (max-width: 1113px) 100vw, 1113px\" \/><\/a><figcaption class=\"wp-element-caption\">Pascale Diener<\/figcaption><\/figure>\n\n\n\n<figure class=\"wp-block-image size-large\"><a href=\"https:\/\/centcols.org\/wp-content\/uploads\/2025\/10\/ag-autrans-02.jpg\"><img loading=\"lazy\" decoding=\"async\" width=\"1670\" height=\"1113\" data-id=\"90994\" src=\"https:\/\/centcols.org\/wp-content\/uploads\/2025\/10\/ag-autrans-02.jpg\" alt=\"\" class=\"wp-image-90994\" srcset=\"https:\/\/centcols.org\/wp-content\/uploads\/2025\/10\/ag-autrans-02.jpg 1670w, https:\/\/centcols.org\/wp-content\/uploads\/2025\/10\/ag-autrans-02-1200x800.jpg 1200w, https:\/\/centcols.org\/wp-content\/uploads\/2025\/10\/ag-autrans-02-768x512.jpg 768w, https:\/\/centcols.org\/wp-content\/uploads\/2025\/10\/ag-autrans-02-1536x1024.jpg 1536w, https:\/\/centcols.org\/wp-content\/uploads\/2025\/10\/ag-autrans-02-18x12.jpg 18w\" sizes=\"auto, (max-width: 1670px) 100vw, 1670px\" \/><\/a><figcaption class=\"wp-element-caption\">caissier et r\u00e9viseur<\/figcaption><\/figure>\n\n\n\n<figure class=\"wp-block-image size-large\"><a href=\"https:\/\/centcols.org\/wp-content\/uploads\/2025\/10\/ag-autrans-06.jpg\"><img loading=\"lazy\" decoding=\"async\" width=\"1113\" height=\"1670\" data-id=\"90998\" src=\"https:\/\/centcols.org\/wp-content\/uploads\/2025\/10\/ag-autrans-06.jpg\" alt=\"\" class=\"wp-image-90998\" srcset=\"https:\/\/centcols.org\/wp-content\/uploads\/2025\/10\/ag-autrans-06.jpg 1113w, https:\/\/centcols.org\/wp-content\/uploads\/2025\/10\/ag-autrans-06-800x1200.jpg 800w, https:\/\/centcols.org\/wp-content\/uploads\/2025\/10\/ag-autrans-06-768x1152.jpg 768w, https:\/\/centcols.org\/wp-content\/uploads\/2025\/10\/ag-autrans-06-1024x1536.jpg 1024w, https:\/\/centcols.org\/wp-content\/uploads\/2025\/10\/ag-autrans-06-8x12.jpg 8w\" sizes=\"auto, (max-width: 1113px) 100vw, 1113px\" \/><\/a><figcaption class=\"wp-element-caption\">Pierre Chatel<\/figcaption><\/figure>\n<figcaption class=\"blocks-gallery-caption wp-element-caption\">Portraits<\/figcaption><\/figure>\n\n\n<div class=\"wp-block-image\">\n<figure class=\"aligncenter size-full is-resized\"><a href=\"https:\/\/centcols.org\/wp-content\/uploads\/2025\/10\/ag-autrans-01.jpg\"><img loading=\"lazy\" decoding=\"async\" width=\"1113\" height=\"1670\" src=\"https:\/\/centcols.org\/wp-content\/uploads\/2025\/10\/ag-autrans-01.jpg\" alt=\"\" class=\"wp-image-90993\" style=\"width:auto;height:600px\" srcset=\"https:\/\/centcols.org\/wp-content\/uploads\/2025\/10\/ag-autrans-01.jpg 1113w, https:\/\/centcols.org\/wp-content\/uploads\/2025\/10\/ag-autrans-01-800x1200.jpg 800w, https:\/\/centcols.org\/wp-content\/uploads\/2025\/10\/ag-autrans-01-768x1152.jpg 768w, https:\/\/centcols.org\/wp-content\/uploads\/2025\/10\/ag-autrans-01-1024x1536.jpg 1024w, https:\/\/centcols.org\/wp-content\/uploads\/2025\/10\/ag-autrans-01-8x12.jpg 8w\" sizes=\"auto, (max-width: 1113px) 100vw, 1113px\" \/><\/a><figcaption class=\"wp-element-caption\">La salle est pr\u00eate \u00e0 \u00e9couter les r\u00e9sultats des votes<\/figcaption><\/figure>\n<\/div>\n\n<div class=\"wp-block-image\">\n<figure class=\"aligncenter size-full\"><img loading=\"lazy\" decoding=\"async\" width=\"1670\" height=\"1113\" src=\"https:\/\/centcols.org\/wp-content\/uploads\/2025\/10\/ag-autrans-07.jpg\" alt=\"\" class=\"wp-image-90999\" srcset=\"https:\/\/centcols.org\/wp-content\/uploads\/2025\/10\/ag-autrans-07.jpg 1670w, https:\/\/centcols.org\/wp-content\/uploads\/2025\/10\/ag-autrans-07-1200x800.jpg 1200w, https:\/\/centcols.org\/wp-content\/uploads\/2025\/10\/ag-autrans-07-768x512.jpg 768w, https:\/\/centcols.org\/wp-content\/uploads\/2025\/10\/ag-autrans-07-1536x1024.jpg 1536w, https:\/\/centcols.org\/wp-content\/uploads\/2025\/10\/ag-autrans-07-18x12.jpg 18w\" sizes=\"auto, (max-width: 1670px) 100vw, 1670px\" \/><figcaption class=\"wp-element-caption\">Ag finie, place aux projets !<\/figcaption><\/figure>\n<\/div>\n\n\n<h2 class=\"wp-block-heading\">Albums<\/h2>\n\n\n<h3 class=\"wp-album-user\"><a href=\"https:\/\/centcols.org\/wp-content\/albums\/90759\/4909\/album-90759-4909-20251014-170513.jpg\" class=\"fancybox\" data-fancybox=\"album-90759-user-965\" rel=\"album-90759-user-965\" data-caption=\"D\u00e9part pour le col des Deux Soeurs\" title=\"D\u00e9part pour le col des Deux Soeurs\">Album de Catherine Mai - CC 4909<\/a><\/h3><div class=\"wp-album-hidden\"><a href=\"https:\/\/centcols.org\/wp-content\/albums\/90759\/4909\/album-90759-4909-20251014-170520.jpg\" class=\"fancybox wp-album-vh\" data-fancybox=\"album-90759-user-965\" rel=\"album-90759-user-965\" data-caption=\"Dur, dur\" title=\"Dur, dur\"><\/a><a href=\"https:\/\/centcols.org\/wp-content\/albums\/90759\/4909\/album-90759-4909-20251014-170527.jpg\" class=\"fancybox wp-album-vh\" data-fancybox=\"album-90759-user-965\" rel=\"album-90759-user-965\" data-caption=\"Je surveille !\" title=\"Je surveille !\"><\/a><a href=\"https:\/\/centcols.org\/wp-content\/albums\/90759\/4909\/album-90759-4909-20251014-170533.jpg\" class=\"fancybox wp-album-vh\" data-fancybox=\"album-90759-user-965\" rel=\"album-90759-user-965\" data-caption=\"Mont\u00e9e au col du Mont Noir\" title=\"Mont\u00e9e au col du Mont Noir\"><\/a><a href=\"https:\/\/centcols.org\/wp-content\/albums\/90759\/4909\/album-90759-4909-20251014-170541.jpg\" class=\"fancybox wp-album-vh\" data-fancybox=\"album-90759-user-965\" rel=\"album-90759-user-965\" data-caption=\"Vue depuis le Pas de l&#039;Ane\" title=\"Vue depuis le Pas de l&#039;Ane\"><\/a><a href=\"https:\/\/centcols.org\/wp-content\/albums\/90759\/4909\/album-90759-4909-20251014-170545.jpg\" class=\"fancybox wp-album-vh\" data-fancybox=\"album-90759-user-965\" rel=\"album-90759-user-965\" data-caption=\"Couleur d&#039;automne\" title=\"Couleur d&#039;automne\"><\/a><a href=\"https:\/\/centcols.org\/wp-content\/albums\/90759\/4909\/album-90759-4909-20251014-170550.jpg\" class=\"fancybox wp-album-vh\" data-fancybox=\"album-90759-user-965\" rel=\"album-90759-user-965\" data-caption=\"Album de Catherine Mai - CC 4909 \u00b7 Canon IXUS 190 \u00b7 4.3 mm \u00b7 f\/3 \u00b7 ISO 200 \u00b7 1\/250 s \u00b7 12 October 2025 11:53 am\" title=\"Album de Catherine Mai - CC 4909 \u00b7 Canon IXUS 190 \u00b7 4.3 mm \u00b7 f\/3 \u00b7 ISO 200 \u00b7 1\/250 s \u00b7 12 October 2025 11:53 am\"><\/a><a href=\"https:\/\/centcols.org\/wp-content\/albums\/90759\/4909\/album-90759-4909-20251014-170559.jpg\" class=\"fancybox wp-album-vh\" data-fancybox=\"album-90759-user-965\" rel=\"album-90759-user-965\" data-caption=\"Au Pas de l&#039;Ane\" title=\"Au Pas de l&#039;Ane\"><\/a><a href=\"https:\/\/centcols.org\/wp-content\/albums\/90759\/4909\/album-90759-4909-20251014-170607.jpg\" class=\"fancybox wp-album-vh\" data-fancybox=\"album-90759-user-965\" rel=\"album-90759-user-965\" data-caption=\"En descendant du col du Mont Noir\" title=\"En descendant du col du Mont Noir\"><\/a><a href=\"https:\/\/centcols.org\/wp-content\/albums\/90759\/4909\/album-90759-4909-20251014-170620-rotated.jpg\" class=\"fancybox wp-album-vh\" data-fancybox=\"album-90759-user-965\" rel=\"album-90759-user-965\" data-caption=\"J&#039;ai de belles cornes\" title=\"J&#039;ai de belles cornes\"><\/a><a href=\"https:\/\/centcols.org\/wp-content\/albums\/90759\/4909\/album-90759-4909-20251014-170624.jpg\" class=\"fancybox wp-album-vh\" data-fancybox=\"album-90759-user-965\" rel=\"album-90759-user-965\" data-caption=\"Pierre re\u00e7oit son dipl\u00f4me\" title=\"Pierre re\u00e7oit son dipl\u00f4me\"><\/a><a href=\"https:\/\/centcols.org\/wp-content\/albums\/90759\/4909\/album-90759-4909-20251014-170628.jpg\" class=\"fancybox wp-album-vh\" data-fancybox=\"album-90759-user-965\" rel=\"album-90759-user-965\" data-caption=\"Petit cadeau \u00e0 notre d\u00e9j\u00e0 &quot;ancien&quot; pr\u00e9sident\" title=\"Petit cadeau \u00e0 notre d\u00e9j\u00e0 &quot;ancien&quot; pr\u00e9sident\"><\/a><\/div><h3 class=\"wp-album-user\"><a href=\"https:\/\/centcols.org\/wp-content\/albums\/90759\/4906\/album-90759-4906-20251014-174037.jpg\" class=\"fancybox\" data-fancybox=\"album-90759-user-69\" rel=\"album-90759-user-69\" data-caption=\"Vue sur Villard de Lans\" title=\"Vue sur Villard de Lans\">Album de Pierre Mai - CC 4906<\/a><\/h3><div class=\"wp-album-hidden\"><a href=\"https:\/\/centcols.org\/wp-content\/albums\/90759\/4906\/album-90759-4906-20251014-174044.jpg\" class=\"fancybox wp-album-vh\" data-fancybox=\"album-90759-user-69\" rel=\"album-90759-user-69\" data-caption=\"Mont\u00e9e au col des Deux Soeurs\" title=\"Mont\u00e9e au col des Deux Soeurs\"><\/a><a href=\"https:\/\/centcols.org\/wp-content\/albums\/90759\/4906\/album-90759-4906-20251014-174051.jpg\" class=\"fancybox wp-album-vh\" data-fancybox=\"album-90759-user-69\" rel=\"album-90759-user-69\" data-caption=\"Pas facile !\" title=\"Pas facile !\"><\/a><a href=\"https:\/\/centcols.org\/wp-content\/albums\/90759\/4906\/album-90759-4906-20251014-174058.jpg\" class=\"fancybox wp-album-vh\" data-fancybox=\"album-90759-user-69\" rel=\"album-90759-user-69\" data-caption=\"Centre de vacances l&#039;Escandille\" title=\"Centre de vacances l&#039;Escandille\"><\/a><a href=\"https:\/\/centcols.org\/wp-content\/albums\/90759\/4906\/album-90759-4906-20251014-174105.jpg\" class=\"fancybox wp-album-vh\" data-fancybox=\"album-90759-user-69\" rel=\"album-90759-user-69\" data-caption=\"En route pour le Pas de Montbrand avec Enrico\" title=\"En route pour le Pas de Montbrand avec Enrico\"><\/a><a href=\"https:\/\/centcols.org\/wp-content\/albums\/90759\/4906\/album-90759-4906-20251014-174113.jpg\" class=\"fancybox wp-album-vh\" data-fancybox=\"album-90759-user-69\" rel=\"album-90759-user-69\" data-caption=\"Arriv\u00e9e au Pas de Montbrand\" title=\"Arriv\u00e9e au Pas de Montbrand\"><\/a><a href=\"https:\/\/centcols.org\/wp-content\/albums\/90759\/4906\/album-90759-4906-20251014-174121.jpg\" class=\"fancybox wp-album-vh\" data-fancybox=\"album-90759-user-69\" rel=\"album-90759-user-69\" data-caption=\"Le gardien du centre de vacances !!!\" title=\"Le gardien du centre de vacances !!!\"><\/a><a href=\"https:\/\/centcols.org\/wp-content\/albums\/90759\/4906\/album-90759-4906-20251014-174128-rotated.jpg\" class=\"fancybox wp-album-vh\" data-fancybox=\"album-90759-user-69\" rel=\"album-90759-user-69\" data-caption=\"Route du col du Mont Noir\" title=\"Route du col du Mont Noir\"><\/a><a href=\"https:\/\/centcols.org\/wp-content\/albums\/90759\/4906\/album-90759-4906-20251014-174136.jpg\" class=\"fancybox wp-album-vh\" data-fancybox=\"album-90759-user-69\" rel=\"album-90759-user-69\" data-caption=\"Le col s&#039;approche\" title=\"Le col s&#039;approche\"><\/a><a href=\"https:\/\/centcols.org\/wp-content\/albums\/90759\/4906\/album-90759-4906-20251014-174144.jpg\" class=\"fancybox wp-album-vh\" data-fancybox=\"album-90759-user-69\" rel=\"album-90759-user-69\" data-caption=\"Joli chemin direction le Pas de l&#039;Ane\" title=\"Joli chemin direction le Pas de l&#039;Ane\"><\/a><a href=\"https:\/\/centcols.org\/wp-content\/albums\/90759\/4906\/album-90759-4906-20251014-174151.jpg\" class=\"fancybox wp-album-vh\" data-fancybox=\"album-90759-user-69\" rel=\"album-90759-user-69\" data-caption=\"Pas de l&#039;Ane\" title=\"Pas de l&#039;Ane\"><\/a><a href=\"https:\/\/centcols.org\/wp-content\/albums\/90759\/4906\/album-90759-4906-20251014-174158.jpg\" class=\"fancybox wp-album-vh\" data-fancybox=\"album-90759-user-69\" rel=\"album-90759-user-69\" data-caption=\"Couleurs d&#039;automne\" title=\"Couleurs d&#039;automne\"><\/a><\/div><h3 class=\"wp-album-user\"><a href=\"https:\/\/centcols.org\/wp-content\/albums\/90759\/5178\/album-90759-5178-20251015-114239.jpg\" class=\"fancybox\" data-fancybox=\"album-90759-user-498\" rel=\"album-90759-user-498\" data-caption=\"Depuis le col de la Moli\u00e8re \u00e0 gauche la Chartreuse avec Chamechaude et la Dent de Crolles\" title=\"Depuis le col de la Moli\u00e8re \u00e0 gauche la Chartreuse avec Chamechaude et la Dent de Crolles\">Album de Philippe Chazottier - CC 5178<\/a><\/h3><div class=\"wp-album-hidden\"><a href=\"https:\/\/centcols.org\/wp-content\/albums\/90759\/5178\/album-90759-5178-20251015-114241.jpg\" class=\"fancybox wp-album-vh\" data-fancybox=\"album-90759-user-498\" rel=\"album-90759-user-498\" data-caption=\"Au fond de gauche \u00e0 droite :  le Pic Gaspard, la Meije, le R\u00e2teau, le glacier de Mont de Lans, la Barre des Ecrins, l&#039;Aiguille du Plat de la Selle, le Pelvoux et Ailefroide\" title=\"Au fond de gauche \u00e0 droite :  le Pic Gaspard, la Meije, le R\u00e2teau, le glacier de Mont de Lans, la Barre des Ecrins, l&#039;Aiguille du Plat de la Selle, le Pelvoux et Ailefroide\"><\/a><a href=\"https:\/\/centcols.org\/wp-content\/albums\/90759\/5178\/album-90759-5178-20251015-114243.jpg\" class=\"fancybox wp-album-vh\" data-fancybox=\"album-90759-user-498\" rel=\"album-90759-user-498\" data-caption=\"Autrans se d\u00e9voile ...\" title=\"Autrans se d\u00e9voile ...\"><\/a><a href=\"https:\/\/centcols.org\/wp-content\/albums\/90759\/5178\/album-90759-5178-20251015-114246.jpg\" class=\"fancybox wp-album-vh\" data-fancybox=\"album-90759-user-498\" rel=\"album-90759-user-498\" data-caption=\"Couleurs d&#039;automne ...\" title=\"Couleurs d&#039;automne ...\"><\/a><a href=\"https:\/\/centcols.org\/wp-content\/albums\/90759\/5178\/album-90759-5178-20251015-114248.jpg\" class=\"fancybox wp-album-vh\" data-fancybox=\"album-90759-user-498\" rel=\"album-90759-user-498\" data-caption=\"Falaises impressionnantes au col du Mortier\" title=\"Falaises impressionnantes au col du Mortier\"><\/a><a href=\"https:\/\/centcols.org\/wp-content\/albums\/90759\/5178\/album-90759-5178-20251015-114250.jpg\" class=\"fancybox wp-album-vh\" data-fancybox=\"album-90759-user-498\" rel=\"album-90759-user-498\" data-caption=\"La station d&#039;Autrans au dessus du brouillard\" title=\"La station d&#039;Autrans au dessus du brouillard\"><\/a><a href=\"https:\/\/centcols.org\/wp-content\/albums\/90759\/5178\/album-90759-5178-20251015-114252.jpg\" class=\"fancybox wp-album-vh\" data-fancybox=\"album-90759-user-498\" rel=\"album-90759-user-498\" data-caption=\"Station d&#039;Autrans (Domaine de la Sure)\" title=\"Station d&#039;Autrans (Domaine de la Sure)\"><\/a><\/div><h3 class=\"wp-album-user\"><a href=\"https:\/\/centcols.org\/wp-content\/albums\/90759\/8168\/album-90759-8168-20251021-105918.jpg\" class=\"fancybox\" data-fancybox=\"album-90759-user-2350\" rel=\"album-90759-user-2350\" data-caption=\"La Meije et le Rateau\" title=\"La Meije et le Rateau\">Album de Bertrand Couturier - CC 8168<\/a><\/h3><div class=\"wp-album-hidden\"><a href=\"https:\/\/centcols.org\/wp-content\/albums\/90759\/8168\/album-90759-8168-20251021-105921.jpg\" class=\"fancybox wp-album-vh\" data-fancybox=\"album-90759-user-2350\" rel=\"album-90759-user-2350\" data-caption=\"Croix en Hommage aux resistants\" title=\"Croix en Hommage aux resistants\"><\/a><a href=\"https:\/\/centcols.org\/wp-content\/albums\/90759\/8168\/album-90759-8168-20251021-105927-rotated.jpg\" class=\"fancybox wp-album-vh\" data-fancybox=\"album-90759-user-2350\" rel=\"album-90759-user-2350\" data-caption=\"Le chemin de croix\" title=\"Le chemin de croix\"><\/a><a href=\"https:\/\/centcols.org\/wp-content\/albums\/90759\/8168\/album-90759-8168-20251021-105931.jpg\" class=\"fancybox wp-album-vh\" data-fancybox=\"album-90759-user-2350\" rel=\"album-90759-user-2350\" data-caption=\"Samedi depart d&#039;Autrans\" title=\"Samedi depart d&#039;Autrans\"><\/a><a href=\"https:\/\/centcols.org\/wp-content\/albums\/90759\/8168\/album-90759-8168-20251021-105935-rotated.jpg\" class=\"fancybox wp-album-vh\" data-fancybox=\"album-90759-user-2350\" rel=\"album-90759-user-2350\" data-caption=\"Descente du col de la Moli\u00e9re\" title=\"Descente du col de la Moli\u00e9re\"><\/a><a href=\"https:\/\/centcols.org\/wp-content\/albums\/90759\/8168\/album-90759-8168-20251022-204937-rotated.jpg\" class=\"fancybox wp-album-vh\" data-fancybox=\"album-90759-user-2350\" rel=\"album-90759-user-2350\" data-caption=\"Depuis le belv\u00e9d\u00e8re de Valchevri\u00e8re\" title=\"Depuis le belv\u00e9d\u00e8re de Valchevri\u00e8re\"><\/a><a href=\"https:\/\/centcols.org\/wp-content\/albums\/90759\/8168\/album-90759-8168-20251022-204941.jpg\" class=\"fancybox wp-album-vh\" data-fancybox=\"album-90759-user-2350\" rel=\"album-90759-user-2350\" data-caption=\"Retour sur Grenoble\" title=\"Retour sur Grenoble\"><\/a><a href=\"https:\/\/centcols.org\/wp-content\/albums\/90759\/8168\/album-90759-8168-20251022-204944-rotated.jpg\" class=\"fancybox wp-album-vh\" data-fancybox=\"album-90759-user-2350\" rel=\"album-90759-user-2350\" data-caption=\"Album de Bertrand Couturier - CC 8168 \u00b7 Galaxy S24 FE \u00b7 7 mm \u00b7 f\/2.4 \u00b7 ISO 32 \u00b7 1\/1596 s \u00b7 12 October 2025 12:19 pm\" title=\"Album de Bertrand Couturier - CC 8168 \u00b7 Galaxy S24 FE \u00b7 7 mm \u00b7 f\/2.4 \u00b7 ISO 32 \u00b7 1\/1596 s \u00b7 12 October 2025 12:19 pm\"><\/a><\/div><h3 class=\"wp-album-user\"><a href=\"https:\/\/centcols.org\/wp-content\/albums\/90759\/1202\/album-90759-1202-20251022-165346.jpg\" class=\"fancybox\" data-fancybox=\"album-90759-user-244\" rel=\"album-90759-user-244\" data-caption=\"Le Pr\u00e9sident d&#039;Honneur et le Secr\u00e9taire au Goulet\" title=\"Le Pr\u00e9sident d&#039;Honneur et le Secr\u00e9taire au Goulet\">Album de Didier R\u00e9mond - CC 1202<\/a><\/h3><div class=\"wp-album-hidden\"><a href=\"https:\/\/centcols.org\/wp-content\/albums\/90759\/1202\/album-90759-1202-20251022-165349.jpg\" class=\"fancybox wp-album-vh\" data-fancybox=\"album-90759-user-244\" rel=\"album-90759-user-244\" data-caption=\"Le Goulet\" title=\"Le Goulet\"><\/a><a href=\"https:\/\/centcols.org\/wp-content\/albums\/90759\/1202\/album-90759-1202-20251022-165353.jpg\" class=\"fancybox wp-album-vh\" data-fancybox=\"album-90759-user-244\" rel=\"album-90759-user-244\" data-caption=\"Le brouillard se l\u00e8ve en montant au Collet du Furon\" title=\"Le brouillard se l\u00e8ve en montant au Collet du Furon\"><\/a><a href=\"https:\/\/centcols.org\/wp-content\/albums\/90759\/1202\/album-90759-1202-20251022-165359.jpg\" class=\"fancybox wp-album-vh\" data-fancybox=\"album-90759-user-244\" rel=\"album-90759-user-244\" data-caption=\"Piste d&#039;acc\u00e8s au Collet du Furon\" title=\"Piste d&#039;acc\u00e8s au Collet du Furon\"><\/a><a href=\"https:\/\/centcols.org\/wp-content\/albums\/90759\/1202\/album-90759-1202-20251022-165403.jpg\" class=\"fancybox wp-album-vh\" data-fancybox=\"album-90759-user-244\" rel=\"album-90759-user-244\" data-caption=\"Le Collet du Furon\" title=\"Le Collet du Furon\"><\/a><a href=\"https:\/\/centcols.org\/wp-content\/albums\/90759\/1202\/album-90759-1202-20251022-165407.jpg\" class=\"fancybox wp-album-vh\" data-fancybox=\"album-90759-user-244\" rel=\"album-90759-user-244\" data-caption=\"Claude dans le final du Collet du Furon\" title=\"Claude dans le final du Collet du Furon\"><\/a><a href=\"https:\/\/centcols.org\/wp-content\/albums\/90759\/1202\/album-90759-1202-20251022-165411.jpg\" class=\"fancybox wp-album-vh\" data-fancybox=\"album-90759-user-244\" rel=\"album-90759-user-244\" data-caption=\"Collet du Furon et le col de l&#039;Arc \u00e0 gauche en arri\u00e8re plan\" title=\"Collet du Furon et le col de l&#039;Arc \u00e0 gauche en arri\u00e8re plan\"><\/a><a href=\"https:\/\/centcols.org\/wp-content\/albums\/90759\/1202\/album-90759-1202-20251022-165415.jpg\" class=\"fancybox wp-album-vh\" data-fancybox=\"album-90759-user-244\" rel=\"album-90759-user-244\" data-caption=\"Claude au col de la Croix Perrin\" title=\"Claude au col de la Croix Perrin\"><\/a><a href=\"https:\/\/centcols.org\/wp-content\/albums\/90759\/1202\/album-90759-1202-20251022-165419.jpg\" class=\"fancybox wp-album-vh\" data-fancybox=\"album-90759-user-244\" rel=\"album-90759-user-244\" data-caption=\"Dimanche d\u00e9part d&#039;Autrans 2\u00b0\" title=\"Dimanche d\u00e9part d&#039;Autrans 2\u00b0\"><\/a><a href=\"https:\/\/centcols.org\/wp-content\/albums\/90759\/1202\/album-90759-1202-20251022-165422.jpg\" class=\"fancybox wp-album-vh\" data-fancybox=\"album-90759-user-244\" rel=\"album-90759-user-244\" data-caption=\"Villard de Lans sort de sa torpeur\" title=\"Villard de Lans sort de sa torpeur\"><\/a><a href=\"https:\/\/centcols.org\/wp-content\/albums\/90759\/1202\/album-90759-1202-20251022-165426.jpg\" class=\"fancybox wp-album-vh\" data-fancybox=\"album-90759-user-244\" rel=\"album-90759-user-244\" data-caption=\"Auberge de Malaterre c&#039;est Halloween avant l&#039;heure\" title=\"Auberge de Malaterre c&#039;est Halloween avant l&#039;heure\"><\/a><a href=\"https:\/\/centcols.org\/wp-content\/albums\/90759\/1202\/album-90759-1202-20251022-165429.jpg\" class=\"fancybox wp-album-vh\" data-fancybox=\"album-90759-user-244\" rel=\"album-90759-user-244\" data-caption=\"Col de Malaterre, il se m\u00e9rite\" title=\"Col de Malaterre, il se m\u00e9rite\"><\/a><a href=\"https:\/\/centcols.org\/wp-content\/albums\/90759\/1202\/album-90759-1202-20251022-165434.jpg\" class=\"fancybox wp-album-vh\" data-fancybox=\"album-90759-user-244\" rel=\"album-90759-user-244\" data-caption=\"Une des nombreuses st\u00e8les d\u00e9di\u00e9es aux resistants dans la mont\u00e9e du Liorin\" title=\"Une des nombreuses st\u00e8les d\u00e9di\u00e9es aux resistants dans la mont\u00e9e du Liorin\"><\/a><a href=\"https:\/\/centcols.org\/wp-content\/albums\/90759\/1202\/album-90759-1202-20251022-165438.jpg\" class=\"fancybox wp-album-vh\" data-fancybox=\"album-90759-user-244\" rel=\"album-90759-user-244\" data-caption=\"La Roche Pointue\" title=\"La Roche Pointue\"><\/a><a href=\"https:\/\/centcols.org\/wp-content\/albums\/90759\/1202\/album-90759-1202-20251022-165442.jpg\" class=\"fancybox wp-album-vh\" data-fancybox=\"album-90759-user-244\" rel=\"album-90759-user-244\" data-caption=\"Boeufs bien \u00e9quip\u00e9s pour le gel\" title=\"Boeufs bien \u00e9quip\u00e9s pour le gel\"><\/a><\/div><h3 class=\"wp-album-user\"><a href=\"https:\/\/centcols.org\/wp-content\/albums\/90759\/2875\/album-90759-2875-20251114-120104.jpg\" class=\"fancybox\" data-fancybox=\"album-90759-user-2347\" rel=\"album-90759-user-2347\" data-caption=\"L&#039;Escandille \u00e0 Autrans\" title=\"L&#039;Escandille \u00e0 Autrans\">Album de Fran\u00e7ois Farnier - CC 2875<\/a><\/h3><div class=\"wp-album-hidden\"><a href=\"https:\/\/centcols.org\/wp-content\/albums\/90759\/2875\/album-90759-2875-20251114-192211.jpg\" class=\"fancybox wp-album-vh\" data-fancybox=\"album-90759-user-2347\" rel=\"album-90759-user-2347\" data-caption=\"Pr\u00e9sentation challenge Corinne Dameron et Herv\u00e9 Reuti\u00e8re\" title=\"Pr\u00e9sentation challenge Corinne Dameron et Herv\u00e9 Reuti\u00e8re\"><\/a><a href=\"https:\/\/centcols.org\/wp-content\/albums\/90759\/2875\/album-90759-2875-20251114-192213.jpg\" class=\"fancybox wp-album-vh\" data-fancybox=\"album-90759-user-2347\" rel=\"album-90759-user-2347\" data-caption=\"Rapport financier du tr\u00e9sorier S\u00e9bastien Vadot\" title=\"Rapport financier du tr\u00e9sorier S\u00e9bastien Vadot\"><\/a><a href=\"https:\/\/centcols.org\/wp-content\/albums\/90759\/2875\/album-90759-2875-20251114-192215.jpg\" class=\"fancybox wp-album-vh\" data-fancybox=\"album-90759-user-2347\" rel=\"album-90759-user-2347\" data-caption=\"Statistiques\" title=\"Statistiques\"><\/a><a href=\"https:\/\/centcols.org\/wp-content\/albums\/90759\/2875\/album-90759-2875-20251114-192217.jpg\" class=\"fancybox wp-album-vh\" data-fancybox=\"album-90759-user-2347\" rel=\"album-90759-user-2347\" data-caption=\"Rapport v\u00e9rificateur aux comptes Michel Mathieu\" title=\"Rapport v\u00e9rificateur aux comptes Michel Mathieu\"><\/a><a href=\"https:\/\/centcols.org\/wp-content\/albums\/90759\/2875\/album-90759-2875-20251114-192219.jpg\" class=\"fancybox wp-album-vh\" data-fancybox=\"album-90759-user-2347\" rel=\"album-90759-user-2347\" data-caption=\"Pr\u00e9sentation nouveau site Internet\" title=\"Pr\u00e9sentation nouveau site Internet\"><\/a><a href=\"https:\/\/centcols.org\/wp-content\/albums\/90759\/2875\/album-90759-2875-20251114-192221.jpg\" class=\"fancybox wp-album-vh\" data-fancybox=\"album-90759-user-2347\" rel=\"album-90759-user-2347\" data-caption=\"Que la montagne est belle !\" title=\"Que la montagne est belle !\"><\/a><a href=\"https:\/\/centcols.org\/wp-content\/albums\/90759\/2875\/album-90759-2875-20251114-192223.jpg\" class=\"fancybox wp-album-vh\" data-fancybox=\"album-90759-user-2347\" rel=\"album-90759-user-2347\" data-caption=\"La terrasse au soleil\" title=\"La terrasse au soleil\"><\/a><a href=\"https:\/\/centcols.org\/wp-content\/albums\/90759\/2875\/album-90759-2875-20251114-192225.jpg\" class=\"fancybox wp-album-vh\" data-fancybox=\"album-90759-user-2347\" rel=\"album-90759-user-2347\" data-caption=\"Les fleurs de la terrasse\" title=\"Les fleurs de la terrasse\"><\/a><a href=\"https:\/\/centcols.org\/wp-content\/albums\/90759\/2875\/album-90759-2875-20251114-192227.jpg\" class=\"fancybox wp-album-vh\" data-fancybox=\"album-90759-user-2347\" rel=\"album-90759-user-2347\" data-caption=\"Ca m&#039;\u00e9meuh toujours de voir des vaches\" title=\"Ca m&#039;\u00e9meuh toujours de voir des vaches\"><\/a><a href=\"https:\/\/centcols.org\/wp-content\/albums\/90759\/2875\/album-90759-2875-20251114-192229.jpg\" class=\"fancybox wp-album-vh\" data-fancybox=\"album-90759-user-2347\" rel=\"album-90759-user-2347\" data-caption=\"L&#039;air pur de la montagne \u00e7a vous donne des envies\" title=\"L&#039;air pur de la montagne \u00e7a vous donne des envies\"><\/a><a href=\"https:\/\/centcols.org\/wp-content\/albums\/90759\/2875\/album-90759-2875-20251114-192231.jpg\" class=\"fancybox wp-album-vh\" data-fancybox=\"album-90759-user-2347\" rel=\"album-90759-user-2347\" data-caption=\"Paysage d&#039;automne \u00e0 Autrans\" title=\"Paysage d&#039;automne \u00e0 Autrans\"><\/a><a href=\"https:\/\/centcols.org\/wp-content\/albums\/90759\/2875\/album-90759-2875-20251114-192233.jpg\" class=\"fancybox wp-album-vh\" data-fancybox=\"album-90759-user-2347\" rel=\"album-90759-user-2347\" data-caption=\"Autrans paysage d&#039;automne\" title=\"Autrans paysage d&#039;automne\"><\/a><a href=\"https:\/\/centcols.org\/wp-content\/albums\/90759\/2875\/album-90759-2875-20251114-192235.jpg\" class=\"fancybox wp-album-vh\" data-fancybox=\"album-90759-user-2347\" rel=\"album-90759-user-2347\" data-caption=\"Josy ma ch\u00e9rie\" title=\"Josy ma ch\u00e9rie\"><\/a><a href=\"https:\/\/centcols.org\/wp-content\/albums\/90759\/2875\/album-90759-2875-20251114-192237.jpg\" class=\"fancybox wp-album-vh\" data-fancybox=\"album-90759-user-2347\" rel=\"album-90759-user-2347\" data-caption=\"Ces v\u00e9los me font baver d&#039;envie\" title=\"Ces v\u00e9los me font baver d&#039;envie\"><\/a><\/div>\n\n\n\n\n\n\n<p><\/p>\n\n\n\n<p><\/p>\n","protected":false},"excerpt":{"rendered":"<p>Ont contribu\u00e9 \u00e0 cette page de pr\u00e9sentation du s\u00e9jour Enrico Alberini, Jean-Luc Matte, Christophe Badonnel et les responsables de l&rsquo;informatique. Le s\u00e9jour d\u2019automne 2025 se d\u00e9roulera du 10 au 12 octobre 2025 dans le d\u00e9partement de l&rsquo;Is\u00e8re. Les parcours ont \u00e9t\u00e9 con\u00e7us et reconnus par Alain Benoist et Philippe Imbert. Nous s\u00e9journerons dans le village [&hellip;]<\/p>\n","protected":false},"author":64,"featured_media":84149,"comment_status":"open","ping_status":"closed","sticky":false,"template":"","format":"standard","meta":{"_acf_changed":false,"footnotes":""},"categories":[349,367,373,410,217,135,448,231],"tags":[],"class_list":["post-84147","post","type-post","status-publish","format-standard","has-post-thumbnail","hentry","category-france-pays-sejours","category-auvergne-rhone-alpes-region-sejours","category-alpes-francaises-du-nord-massif-sejours","category-vercors","category-assemblees-generales","category-calendrier","category-newsletter","category-sejours"],"acf":[],"yoast_head":"<!-- This site is optimized with the Yoast SEO plugin v27.2 - https:\/\/yoast.com\/product\/yoast-seo-wordpress\/ -->\n<title>S\u00e9jour d\u2019automne et assembl\u00e9e g\u00e9n\u00e9rale \u00e9lective \u00e0 Autrans (Is\u00e8re), 10 au 12 octobre 2025 - Club des Cent Cols<\/title>\n<meta name=\"robots\" content=\"index, follow, max-snippet:-1, max-image-preview:large, max-video-preview:-1\" \/>\n<link rel=\"canonical\" href=\"https:\/\/centcols.org\/en\/autumn-break-and-elective-general-meeting-in-autrans-isere-10-to-12-october-2025\/\" \/>\n<meta property=\"og:locale\" content=\"en_GB\" \/>\n<meta property=\"og:type\" content=\"article\" \/>\n<meta property=\"og:title\" content=\"S\u00e9jour d\u2019automne et assembl\u00e9e g\u00e9n\u00e9rale \u00e9lective \u00e0 Autrans (Is\u00e8re), 10 au 12 octobre 2025 - Club des Cent Cols\" \/>\n<meta property=\"og:description\" content=\"Ont contribu\u00e9 \u00e0 cette page de pr\u00e9sentation du s\u00e9jour Enrico Alberini, Jean-Luc Matte, Christophe Badonnel et les responsables de l&rsquo;informatique. Le s\u00e9jour d\u2019automne 2025 se d\u00e9roulera du 10 au 12 octobre 2025 dans le d\u00e9partement de l&rsquo;Is\u00e8re. Les parcours ont \u00e9t\u00e9 con\u00e7us et reconnus par Alain Benoist et Philippe Imbert. Nous s\u00e9journerons dans le village [&hellip;]\" \/>\n<meta property=\"og:url\" content=\"https:\/\/centcols.org\/en\/autumn-break-and-elective-general-meeting-in-autrans-isere-10-to-12-october-2025\/\" \/>\n<meta property=\"og:site_name\" content=\"Club des Cent Cols\" \/>\n<meta property=\"article:publisher\" content=\"https:\/\/www.facebook.com\/groups\/5261880558\/?locale=fr_FR\" \/>\n<meta property=\"article:published_time\" content=\"2025-06-24T01:19:09+00:00\" \/>\n<meta property=\"article:modified_time\" content=\"2026-01-25T09:10:34+00:00\" \/>\n<meta property=\"og:image\" content=\"https:\/\/centcols.org\/wp-content\/uploads\/2025\/06\/Plaine-Autrans-Meaudre.jpg\" \/>\n\t<meta property=\"og:image:width\" content=\"2560\" \/>\n\t<meta property=\"og:image:height\" content=\"1920\" \/>\n\t<meta property=\"og:image:type\" content=\"image\/jpeg\" \/>\n<meta name=\"author\" content=\"Christophe Badonnel\" \/>\n<meta name=\"twitter:card\" content=\"summary_large_image\" \/>\n<meta name=\"twitter:label1\" content=\"Written by\" \/>\n\t<meta name=\"twitter:data1\" content=\"Christophe Badonnel\" \/>\n\t<meta name=\"twitter:label2\" content=\"Estimated reading time\" \/>\n\t<meta name=\"twitter:data2\" content=\"11 minutes\" \/>\n<script type=\"application\/ld+json\" class=\"yoast-schema-graph\">{\"@context\":\"https:\/\/schema.org\",\"@graph\":[{\"@type\":\"Article\",\"@id\":\"https:\/\/centcols.org\/sejour-dautomne-et-assemblee-generale-elective-a-autrans-isere-10-au-12-octobre-2025\/#article\",\"isPartOf\":{\"@id\":\"https:\/\/centcols.org\/sejour-dautomne-et-assemblee-generale-elective-a-autrans-isere-10-au-12-octobre-2025\/\"},\"author\":{\"name\":\"Christophe Badonnel\",\"@id\":\"https:\/\/centcols.org\/#\/schema\/person\/5c1a9d61132fb33ccec149272abff6e1\"},\"headline\":\"S\u00e9jour d\u2019automne et assembl\u00e9e g\u00e9n\u00e9rale \u00e9lective \u00e0 Autrans (Is\u00e8re), 10 au 12 octobre 2025\",\"datePublished\":\"2025-06-24T01:19:09+00:00\",\"dateModified\":\"2026-01-25T09:10:34+00:00\",\"mainEntityOfPage\":{\"@id\":\"https:\/\/centcols.org\/sejour-dautomne-et-assemblee-generale-elective-a-autrans-isere-10-au-12-octobre-2025\/\"},\"wordCount\":1569,\"commentCount\":0,\"publisher\":{\"@id\":\"https:\/\/centcols.org\/#organization\"},\"image\":{\"@id\":\"https:\/\/centcols.org\/sejour-dautomne-et-assemblee-generale-elective-a-autrans-isere-10-au-12-octobre-2025\/#primaryimage\"},\"thumbnailUrl\":\"https:\/\/centcols.org\/wp-content\/uploads\/2025\/06\/Plaine-Autrans-Meaudre.jpg\",\"articleSection\":[\"France\",\"Auvergne-Rh\u00f4ne-Alpes\",\"Alpes fran\u00e7aises du Nord\",\"Vercors\",\"Assembl\u00e9es g\u00e9n\u00e9rales\",\"Calendrier\",\"Newsletter\",\"S\u00e9jours du Club des Cent Cols\"],\"inLanguage\":\"en-GB\",\"potentialAction\":[{\"@type\":\"CommentAction\",\"name\":\"Comment\",\"target\":[\"https:\/\/centcols.org\/sejour-dautomne-et-assemblee-generale-elective-a-autrans-isere-10-au-12-octobre-2025\/#respond\"]}]},{\"@type\":\"WebPage\",\"@id\":\"https:\/\/centcols.org\/sejour-dautomne-et-assemblee-generale-elective-a-autrans-isere-10-au-12-octobre-2025\/\",\"url\":\"https:\/\/centcols.org\/sejour-dautomne-et-assemblee-generale-elective-a-autrans-isere-10-au-12-octobre-2025\/\",\"name\":\"S\u00e9jour d\u2019automne et assembl\u00e9e g\u00e9n\u00e9rale \u00e9lective \u00e0 Autrans (Is\u00e8re), 10 au 12 octobre 2025 - Club des Cent Cols\",\"isPartOf\":{\"@id\":\"https:\/\/centcols.org\/#website\"},\"primaryImageOfPage\":{\"@id\":\"https:\/\/centcols.org\/sejour-dautomne-et-assemblee-generale-elective-a-autrans-isere-10-au-12-octobre-2025\/#primaryimage\"},\"image\":{\"@id\":\"https:\/\/centcols.org\/sejour-dautomne-et-assemblee-generale-elective-a-autrans-isere-10-au-12-octobre-2025\/#primaryimage\"},\"thumbnailUrl\":\"https:\/\/centcols.org\/wp-content\/uploads\/2025\/06\/Plaine-Autrans-Meaudre.jpg\",\"datePublished\":\"2025-06-24T01:19:09+00:00\",\"dateModified\":\"2026-01-25T09:10:34+00:00\",\"breadcrumb\":{\"@id\":\"https:\/\/centcols.org\/sejour-dautomne-et-assemblee-generale-elective-a-autrans-isere-10-au-12-octobre-2025\/#breadcrumb\"},\"inLanguage\":\"en-GB\",\"potentialAction\":[{\"@type\":\"ReadAction\",\"target\":[\"https:\/\/centcols.org\/sejour-dautomne-et-assemblee-generale-elective-a-autrans-isere-10-au-12-octobre-2025\/\"]}]},{\"@type\":\"ImageObject\",\"inLanguage\":\"en-GB\",\"@id\":\"https:\/\/centcols.org\/sejour-dautomne-et-assemblee-generale-elective-a-autrans-isere-10-au-12-octobre-2025\/#primaryimage\",\"url\":\"https:\/\/centcols.org\/wp-content\/uploads\/2025\/06\/Plaine-Autrans-Meaudre.jpg\",\"contentUrl\":\"https:\/\/centcols.org\/wp-content\/uploads\/2025\/06\/Plaine-Autrans-Meaudre.jpg\",\"width\":2560,\"height\":1920,\"caption\":\"Plaine Autrans M\u00e9audre \u00a9 OT\"},{\"@type\":\"BreadcrumbList\",\"@id\":\"https:\/\/centcols.org\/sejour-dautomne-et-assemblee-generale-elective-a-autrans-isere-10-au-12-octobre-2025\/#breadcrumb\",\"itemListElement\":[{\"@type\":\"ListItem\",\"position\":1,\"name\":\"Accueil\",\"item\":\"https:\/\/centcols.org\/\"},{\"@type\":\"ListItem\",\"position\":2,\"name\":\"S\u00e9jours du Club des Cent Cols\",\"item\":\"https:\/\/centcols.org\/rubrique\/sejours\/\"},{\"@type\":\"ListItem\",\"position\":3,\"name\":\"Pays\",\"item\":\"https:\/\/centcols.org\/rubrique\/sejours\/pays-sejours\/\"},{\"@type\":\"ListItem\",\"position\":4,\"name\":\"France\",\"item\":\"https:\/\/centcols.org\/rubrique\/sejours\/pays-sejours\/france-pays-sejours\/\"},{\"@type\":\"ListItem\",\"position\":5,\"name\":\"S\u00e9jour d\u2019automne et assembl\u00e9e g\u00e9n\u00e9rale \u00e9lective \u00e0 Autrans (Is\u00e8re), 10 au 12 octobre 2025\"}]},{\"@type\":\"WebSite\",\"@id\":\"https:\/\/centcols.org\/#website\",\"url\":\"https:\/\/centcols.org\/\",\"name\":\"Club des Cent Cols\",\"description\":\"\",\"publisher\":{\"@id\":\"https:\/\/centcols.org\/#organization\"},\"potentialAction\":[{\"@type\":\"SearchAction\",\"target\":{\"@type\":\"EntryPoint\",\"urlTemplate\":\"https:\/\/centcols.org\/?s={search_term_string}\"},\"query-input\":{\"@type\":\"PropertyValueSpecification\",\"valueRequired\":true,\"valueName\":\"search_term_string\"}}],\"inLanguage\":\"en-GB\"},{\"@type\":\"Organization\",\"@id\":\"https:\/\/centcols.org\/#organization\",\"name\":\"Club des Cent Cols\",\"url\":\"https:\/\/centcols.org\/\",\"logo\":{\"@type\":\"ImageObject\",\"inLanguage\":\"en-GB\",\"@id\":\"https:\/\/centcols.org\/#\/schema\/logo\/image\/\",\"url\":\"https:\/\/centcols.org\/wp-content\/uploads\/2025\/01\/carte-icone.png\",\"contentUrl\":\"https:\/\/centcols.org\/wp-content\/uploads\/2025\/01\/carte-icone.png\",\"width\":250,\"height\":250,\"caption\":\"Club des Cent Cols\"},\"image\":{\"@id\":\"https:\/\/centcols.org\/#\/schema\/logo\/image\/\"},\"sameAs\":[\"https:\/\/www.facebook.com\/groups\/5261880558\/?locale=fr_FR\"]},{\"@type\":\"Person\",\"@id\":\"https:\/\/centcols.org\/#\/schema\/person\/5c1a9d61132fb33ccec149272abff6e1\",\"name\":\"Christophe Badonnel\",\"image\":{\"@type\":\"ImageObject\",\"inLanguage\":\"en-GB\",\"@id\":\"https:\/\/centcols.org\/wp-content\/litespeed\/avatar\/9f363966b51271bd99ebbb6ebd632889.jpg?ver=1777238111\",\"url\":\"https:\/\/centcols.org\/wp-content\/litespeed\/avatar\/9f363966b51271bd99ebbb6ebd632889.jpg?ver=1777238111\",\"contentUrl\":\"https:\/\/centcols.org\/wp-content\/litespeed\/avatar\/9f363966b51271bd99ebbb6ebd632889.jpg?ver=1777238111\",\"caption\":\"Christophe Badonnel\"},\"url\":\"https:\/\/centcols.org\/en\/author\/5799\/\"}]}<\/script>\n<!-- \/ Yoast SEO plugin. -->","yoast_head_json":{"title":"Autumn break and elective general meeting in Autrans (Is\u00e8re), 10 to 12 October 2025 - Club des Cent Cols","robots":{"index":"index","follow":"follow","max-snippet":"max-snippet:-1","max-image-preview":"max-image-preview:large","max-video-preview":"max-video-preview:-1"},"canonical":"https:\/\/centcols.org\/en\/autumn-break-and-elective-general-meeting-in-autrans-isere-10-to-12-october-2025\/","og_locale":"en_GB","og_type":"article","og_title":"S\u00e9jour d\u2019automne et assembl\u00e9e g\u00e9n\u00e9rale \u00e9lective \u00e0 Autrans (Is\u00e8re), 10 au 12 octobre 2025 - Club des Cent Cols","og_description":"Ont contribu\u00e9 \u00e0 cette page de pr\u00e9sentation du s\u00e9jour Enrico Alberini, Jean-Luc Matte, Christophe Badonnel et les responsables de l&rsquo;informatique. Le s\u00e9jour d\u2019automne 2025 se d\u00e9roulera du 10 au 12 octobre 2025 dans le d\u00e9partement de l&rsquo;Is\u00e8re. Les parcours ont \u00e9t\u00e9 con\u00e7us et reconnus par Alain Benoist et Philippe Imbert. Nous s\u00e9journerons dans le village [&hellip;]","og_url":"https:\/\/centcols.org\/en\/autumn-break-and-elective-general-meeting-in-autrans-isere-10-to-12-october-2025\/","og_site_name":"Club des Cent Cols","article_publisher":"https:\/\/www.facebook.com\/groups\/5261880558\/?locale=fr_FR","article_published_time":"2025-06-24T01:19:09+00:00","article_modified_time":"2026-01-25T09:10:34+00:00","og_image":[{"width":2560,"height":1920,"url":"https:\/\/centcols.org\/wp-content\/uploads\/2025\/06\/Plaine-Autrans-Meaudre.jpg","type":"image\/jpeg"}],"author":"Christophe Badonnel","twitter_card":"summary_large_image","twitter_misc":{"Written by":"Christophe Badonnel","Estimated reading time":"11 minutes"},"schema":{"@context":"https:\/\/schema.org","@graph":[{"@type":"Article","@id":"https:\/\/centcols.org\/sejour-dautomne-et-assemblee-generale-elective-a-autrans-isere-10-au-12-octobre-2025\/#article","isPartOf":{"@id":"https:\/\/centcols.org\/sejour-dautomne-et-assemblee-generale-elective-a-autrans-isere-10-au-12-octobre-2025\/"},"author":{"name":"Christophe Badonnel","@id":"https:\/\/centcols.org\/#\/schema\/person\/5c1a9d61132fb33ccec149272abff6e1"},"headline":"S\u00e9jour d\u2019automne et assembl\u00e9e g\u00e9n\u00e9rale \u00e9lective \u00e0 Autrans (Is\u00e8re), 10 au 12 octobre 2025","datePublished":"2025-06-24T01:19:09+00:00","dateModified":"2026-01-25T09:10:34+00:00","mainEntityOfPage":{"@id":"https:\/\/centcols.org\/sejour-dautomne-et-assemblee-generale-elective-a-autrans-isere-10-au-12-octobre-2025\/"},"wordCount":1569,"commentCount":0,"publisher":{"@id":"https:\/\/centcols.org\/#organization"},"image":{"@id":"https:\/\/centcols.org\/sejour-dautomne-et-assemblee-generale-elective-a-autrans-isere-10-au-12-octobre-2025\/#primaryimage"},"thumbnailUrl":"https:\/\/centcols.org\/wp-content\/uploads\/2025\/06\/Plaine-Autrans-Meaudre.jpg","articleSection":["France","Auvergne-Rh\u00f4ne-Alpes","Alpes fran\u00e7aises du Nord","Vercors","Assembl\u00e9es g\u00e9n\u00e9rales","Calendrier","Newsletter","S\u00e9jours du Club des Cent Cols"],"inLanguage":"en-GB","potentialAction":[{"@type":"CommentAction","name":"Comment","target":["https:\/\/centcols.org\/sejour-dautomne-et-assemblee-generale-elective-a-autrans-isere-10-au-12-octobre-2025\/#respond"]}]},{"@type":"WebPage","@id":"https:\/\/centcols.org\/sejour-dautomne-et-assemblee-generale-elective-a-autrans-isere-10-au-12-octobre-2025\/","url":"https:\/\/centcols.org\/sejour-dautomne-et-assemblee-generale-elective-a-autrans-isere-10-au-12-octobre-2025\/","name":"Autumn break and elective general meeting in Autrans (Is\u00e8re), 10 to 12 October 2025 - Club des Cent Cols","isPartOf":{"@id":"https:\/\/centcols.org\/#website"},"primaryImageOfPage":{"@id":"https:\/\/centcols.org\/sejour-dautomne-et-assemblee-generale-elective-a-autrans-isere-10-au-12-octobre-2025\/#primaryimage"},"image":{"@id":"https:\/\/centcols.org\/sejour-dautomne-et-assemblee-generale-elective-a-autrans-isere-10-au-12-octobre-2025\/#primaryimage"},"thumbnailUrl":"https:\/\/centcols.org\/wp-content\/uploads\/2025\/06\/Plaine-Autrans-Meaudre.jpg","datePublished":"2025-06-24T01:19:09+00:00","dateModified":"2026-01-25T09:10:34+00:00","breadcrumb":{"@id":"https:\/\/centcols.org\/sejour-dautomne-et-assemblee-generale-elective-a-autrans-isere-10-au-12-octobre-2025\/#breadcrumb"},"inLanguage":"en-GB","potentialAction":[{"@type":"ReadAction","target":["https:\/\/centcols.org\/sejour-dautomne-et-assemblee-generale-elective-a-autrans-isere-10-au-12-octobre-2025\/"]}]},{"@type":"ImageObject","inLanguage":"en-GB","@id":"https:\/\/centcols.org\/sejour-dautomne-et-assemblee-generale-elective-a-autrans-isere-10-au-12-octobre-2025\/#primaryimage","url":"https:\/\/centcols.org\/wp-content\/uploads\/2025\/06\/Plaine-Autrans-Meaudre.jpg","contentUrl":"https:\/\/centcols.org\/wp-content\/uploads\/2025\/06\/Plaine-Autrans-Meaudre.jpg","width":2560,"height":1920,"caption":"Plaine Autrans M\u00e9audre \u00a9 OT"},{"@type":"BreadcrumbList","@id":"https:\/\/centcols.org\/sejour-dautomne-et-assemblee-generale-elective-a-autrans-isere-10-au-12-octobre-2025\/#breadcrumb","itemListElement":[{"@type":"ListItem","position":1,"name":"Accueil","item":"https:\/\/centcols.org\/"},{"@type":"ListItem","position":2,"name":"S\u00e9jours du Club des Cent Cols","item":"https:\/\/centcols.org\/rubrique\/sejours\/"},{"@type":"ListItem","position":3,"name":"Pays","item":"https:\/\/centcols.org\/rubrique\/sejours\/pays-sejours\/"},{"@type":"ListItem","position":4,"name":"France","item":"https:\/\/centcols.org\/rubrique\/sejours\/pays-sejours\/france-pays-sejours\/"},{"@type":"ListItem","position":5,"name":"S\u00e9jour d\u2019automne et assembl\u00e9e g\u00e9n\u00e9rale \u00e9lective \u00e0 Autrans (Is\u00e8re), 10 au 12 octobre 2025"}]},{"@type":"WebSite","@id":"https:\/\/centcols.org\/#website","url":"https:\/\/centcols.org\/","name":"Club des Cent Cols","description":"","publisher":{"@id":"https:\/\/centcols.org\/#organization"},"potentialAction":[{"@type":"SearchAction","target":{"@type":"EntryPoint","urlTemplate":"https:\/\/centcols.org\/?s={search_term_string}"},"query-input":{"@type":"PropertyValueSpecification","valueRequired":true,"valueName":"search_term_string"}}],"inLanguage":"en-GB"},{"@type":"Organization","@id":"https:\/\/centcols.org\/#organization","name":"Club des Cent Cols","url":"https:\/\/centcols.org\/","logo":{"@type":"ImageObject","inLanguage":"en-GB","@id":"https:\/\/centcols.org\/#\/schema\/logo\/image\/","url":"https:\/\/centcols.org\/wp-content\/uploads\/2025\/01\/carte-icone.png","contentUrl":"https:\/\/centcols.org\/wp-content\/uploads\/2025\/01\/carte-icone.png","width":250,"height":250,"caption":"Club des Cent Cols"},"image":{"@id":"https:\/\/centcols.org\/#\/schema\/logo\/image\/"},"sameAs":["https:\/\/www.facebook.com\/groups\/5261880558\/?locale=fr_FR"]},{"@type":"Person","@id":"https:\/\/centcols.org\/#\/schema\/person\/5c1a9d61132fb33ccec149272abff6e1","name":"Christophe Badonnel","image":{"@type":"ImageObject","inLanguage":"en-GB","@id":"https:\/\/centcols.org\/wp-content\/litespeed\/avatar\/9f363966b51271bd99ebbb6ebd632889.jpg?ver=1777238111","url":"https:\/\/centcols.org\/wp-content\/litespeed\/avatar\/9f363966b51271bd99ebbb6ebd632889.jpg?ver=1777238111","contentUrl":"https:\/\/centcols.org\/wp-content\/litespeed\/avatar\/9f363966b51271bd99ebbb6ebd632889.jpg?ver=1777238111","caption":"Christophe Badonnel"},"url":"https:\/\/centcols.org\/en\/author\/5799\/"}]}},"_links":{"self":[{"href":"https:\/\/centcols.org\/en\/wp-json\/wp\/v2\/posts\/84147","targetHints":{"allow":["GET"]}}],"collection":[{"href":"https:\/\/centcols.org\/en\/wp-json\/wp\/v2\/posts"}],"about":[{"href":"https:\/\/centcols.org\/en\/wp-json\/wp\/v2\/types\/post"}],"author":[{"embeddable":true,"href":"https:\/\/centcols.org\/en\/wp-json\/wp\/v2\/users\/64"}],"replies":[{"embeddable":true,"href":"https:\/\/centcols.org\/en\/wp-json\/wp\/v2\/comments?post=84147"}],"version-history":[{"count":0,"href":"https:\/\/centcols.org\/en\/wp-json\/wp\/v2\/posts\/84147\/revisions"}],"wp:featuredmedia":[{"embeddable":true,"href":"https:\/\/centcols.org\/en\/wp-json\/wp\/v2\/media\/84149"}],"wp:attachment":[{"href":"https:\/\/centcols.org\/en\/wp-json\/wp\/v2\/media?parent=84147"}],"wp:term":[{"taxonomy":"category","embeddable":true,"href":"https:\/\/centcols.org\/en\/wp-json\/wp\/v2\/categories?post=84147"},{"taxonomy":"post_tag","embeddable":true,"href":"https:\/\/centcols.org\/en\/wp-json\/wp\/v2\/tags?post=84147"}],"curies":[{"name":"wp","href":"https:\/\/api.w.org\/{rel}","templated":true}]}}