{"id":84461,"date":"2025-06-29T10:46:24","date_gmt":"2025-06-29T08:46:24","guid":{"rendered":"https:\/\/centcols.org\/?p=84461"},"modified":"2025-09-09T13:31:34","modified_gmt":"2025-09-09T11:31:34","slug":"saturday-7-september-drome-ardeche-vaucluse","status":"publish","type":"post","link":"https:\/\/centcols.org\/en\/samedi-7-septembre-drome-ardeche-vaucluse\/","title":{"rendered":"Saturday 7 September, Dr\u00f4me, Ard\u00e8che, Vaucluse"},"content":{"rendered":"\n<p><strong>Lieu\u00a0:<\/strong> Col de la Croix de Cruas <strong><a href=\"https:\/\/centcols.org\/util\/geo\/visuGen.php?code=FR-07-0388\" target=\"_blank\" rel=\"noreferrer noopener\">FR-07-0388<\/a><\/strong><br>Le col de la Croix de Cruas se trouve en Ard\u00e8che sur la ligne de cr\u00eate des collines qui<br>surplombent le Rh\u00f4ne entre Le Pouzin et Le Teil.<br>Accueil \u00e0 partir de 11h jusqu\u2019\u00e0 15h30.<br>Les organisateurs vous proposeront un moment de convivialit\u00e9 et d\u2019\u00e9change autour<br>d\u2019un ravitaillement \u00e0 base de produits r\u00e9gionaux.<br>La place \u00e9tant limit\u00e9e au col, le d\u00e9part des circuits se fera sur le parking du cimeti\u00e8re<br>au village de Saint Vincent de Barr\u00e8s. Coordonn\u00e9es GPS 44\u00b039\u201948.0\u2033N 4\u00b042\u201933.5\u2033E<br>D\u00e9part \u00e0 8 H 00, Alain THIBON accompagnera les VTTistes<br>Les circuits propos\u00e9s vous permettront de d\u00e9couvrir les sites volcaniques de la<br><strong><a href=\"https:\/\/sciences-nature.fr\/le-gisement-exceptionnel-de-la-montagne-dandance-saint-bauzile\/\" target=\"_blank\" rel=\"noreferrer noopener\">montagne d\u2019Andance<\/a><\/strong> et des contreforts du <strong><a href=\"https:\/\/fr.wikipedia.org\/wiki\/Plateau_du_Coiron\" target=\"_blank\" rel=\"noreferrer noopener\">plateau du Coiron<\/a><\/strong><br><strong>Route\u00a0:<\/strong> 59km, d\u00e9nivel\u00e9 1050m, 5 cols, Num\u00e9ro openrunner\u00a0: <a href=\"https:\/\/www.openrunner.com\/route-search?name=17972233&amp;is_loop=true\" target=\"_blank\" rel=\"noreferrer noopener\"><strong>17972233<\/strong><\/a> , possibilit\u00e9<br>d\u2019ajouter 2 muletiers (Duranne et Esterpau) pr\u00e9vus sur le circuit VTT<br>Le col des Tribles (FR-07-0506b), n\u2019est pas propos\u00e9 car la chauss\u00e9e est d\u00e9fonc\u00e9e et<br>dangereuse \u00e0 la descente en v\u00e9lo de route.<br><strong>VTT ou Gravel<\/strong> : 46km, d\u00e9nivel\u00e9 1100m, 7 cols, Num\u00e9ro openrunner\u00a0: <strong><a href=\"https:\/\/www.openrunner.com\/route-search?name=17968679&amp;is_loop=true\" target=\"_blank\" rel=\"noreferrer noopener\">17968679<\/a><\/strong><br>Ce circuit, tr\u00e8s roulant, peut \u00eatre all\u00e9g\u00e9 de 6km et 300m de D+ au d\u00e9triment de 2 cols<br>en prenant la route entre St Martin le Sup\u00e9rieur et St martin l\u2019Inf\u00e9rieur,\u00a0mais ce<br>serait dommage de rater les magnifiques points de vue de la cr\u00eate Les Vans<br><strong>Merci de nous pr\u00e9venir de votre pr\u00e9sence quelques jours avant la date afin que<br>nous puissions dimensionner correctement la logistique.<\/strong><\/p>\n\n\n\n<h2 class=\"wp-block-heading\"><strong>Contact <\/strong><\/h2>\n\n\n\n<p>Alain BENOIST T\u00e9l : 06 76 96 23 94 Mail : [email]&#x61;&#x6c;&#x61;&#105;&#110;&#46;b&#x65;&#x6e;&#x6f;&#105;&#115;t&#46;&#x64;&#x74;&#x30;&#52;&#115;w&#64;&#x67;&#x6d;&#x61;&#105;&#108;&#46;c&#x6f;&#x6d; [\/email]<br>Alain THIBON T\u00e9l : 06 37 31 54 76 Mail : [email]&#116;h&#x69;b&#x6f;n&#x61;&#64;&#x77;a&#x6e;a&#x64;&#111;&#x6f;&#46;&#x66;&#114;[\/email]<\/p>\n","protected":false},"excerpt":{"rendered":"<p>Lieu\u00a0: Col de la Croix de Cruas FR-07-0388Le col de la Croix de Cruas se trouve en Ard\u00e8che sur la ligne de cr\u00eate des collines quisurplombent le Rh\u00f4ne entre Le Pouzin et Le Teil.Accueil \u00e0 partir de 11h jusqu\u2019\u00e0 15h30.Les organisateurs vous proposeront un moment de convivialit\u00e9 et d\u2019\u00e9change autourd\u2019un ravitaillement \u00e0 base de produits [&hellip;]<\/p>\n","protected":false},"author":3,"featured_media":84462,"comment_status":"open","ping_status":"open","sticky":false,"template":"","format":"standard","meta":{"_acf_changed":false,"footnotes":""},"categories":[311,135,216],"tags":[],"class_list":["post-84461","post","type-post","status-publish","format-standard","has-post-thumbnail","hentry","category-les-rassemblements-de-2024","category-calendrier","category-rencontres-regionales"],"acf":[],"yoast_head":"<!-- This site is optimized with the Yoast SEO plugin v27.2 - https:\/\/yoast.com\/product\/yoast-seo-wordpress\/ -->\n<title>Samedi 7 septembre, Dr\u00f4me, Ard\u00e8che, Vaucluse - Club des Cent Cols<\/title>\n<meta name=\"robots\" content=\"index, follow, max-snippet:-1, max-image-preview:large, max-video-preview:-1\" \/>\n<link rel=\"canonical\" href=\"https:\/\/centcols.org\/en\/saturday-7-september-drome-ardeche-vaucluse\/\" \/>\n<meta property=\"og:locale\" content=\"en_GB\" \/>\n<meta property=\"og:type\" content=\"article\" \/>\n<meta property=\"og:title\" content=\"Samedi 7 septembre, Dr\u00f4me, Ard\u00e8che, Vaucluse - Club des Cent Cols\" \/>\n<meta property=\"og:description\" content=\"Lieu\u00a0: Col de la Croix de Cruas FR-07-0388Le col de la Croix de Cruas se trouve en Ard\u00e8che sur la ligne de cr\u00eate des collines quisurplombent le Rh\u00f4ne entre Le Pouzin et Le Teil.Accueil \u00e0 partir de 11h jusqu\u2019\u00e0 15h30.Les organisateurs vous proposeront un moment de convivialit\u00e9 et d\u2019\u00e9change autourd\u2019un ravitaillement \u00e0 base de produits [&hellip;]\" \/>\n<meta property=\"og:url\" content=\"https:\/\/centcols.org\/en\/saturday-7-september-drome-ardeche-vaucluse\/\" \/>\n<meta property=\"og:site_name\" content=\"Club des Cent Cols\" \/>\n<meta property=\"article:publisher\" content=\"https:\/\/www.facebook.com\/groups\/5261880558\/?locale=fr_FR\" \/>\n<meta property=\"article:published_time\" content=\"2025-06-29T08:46:24+00:00\" \/>\n<meta property=\"article:modified_time\" content=\"2025-09-09T11:31:34+00:00\" \/>\n<meta property=\"og:image\" content=\"https:\/\/centcols.org\/wp-content\/uploads\/2025\/06\/79011.jpg\" \/>\n\t<meta property=\"og:image:width\" content=\"800\" \/>\n\t<meta property=\"og:image:height\" content=\"602\" \/>\n\t<meta property=\"og:image:type\" content=\"image\/jpeg\" \/>\n<meta name=\"author\" content=\"Webmestre\" \/>\n<meta name=\"twitter:card\" content=\"summary_large_image\" \/>\n<meta name=\"twitter:label1\" content=\"Written by\" \/>\n\t<meta name=\"twitter:data1\" content=\"Webmestre\" \/>\n\t<meta name=\"twitter:label2\" content=\"Estimated reading time\" \/>\n\t<meta name=\"twitter:data2\" content=\"2 minutes\" \/>\n<script type=\"application\/ld+json\" class=\"yoast-schema-graph\">{\"@context\":\"https:\/\/schema.org\",\"@graph\":[{\"@type\":\"Article\",\"@id\":\"https:\/\/centcols.org\/samedi-7-septembre-drome-ardeche-vaucluse\/#article\",\"isPartOf\":{\"@id\":\"https:\/\/centcols.org\/samedi-7-septembre-drome-ardeche-vaucluse\/\"},\"author\":{\"name\":\"Webmestre\",\"@id\":\"https:\/\/centcols.org\/#\/schema\/person\/911b404fb133d8c913dd27cdcf71c8e5\"},\"headline\":\"Samedi 7 septembre, Dr\u00f4me, Ard\u00e8che, Vaucluse\",\"datePublished\":\"2025-06-29T08:46:24+00:00\",\"dateModified\":\"2025-09-09T11:31:34+00:00\",\"mainEntityOfPage\":{\"@id\":\"https:\/\/centcols.org\/samedi-7-septembre-drome-ardeche-vaucluse\/\"},\"wordCount\":288,\"commentCount\":0,\"publisher\":{\"@id\":\"https:\/\/centcols.org\/#organization\"},\"image\":{\"@id\":\"https:\/\/centcols.org\/samedi-7-septembre-drome-ardeche-vaucluse\/#primaryimage\"},\"thumbnailUrl\":\"https:\/\/centcols.org\/wp-content\/uploads\/2025\/06\/79011.jpg\",\"articleSection\":[\"2024-rassemblements\",\"Calendrier\",\"Rencontres r\u00e9gionales\"],\"inLanguage\":\"en-GB\",\"potentialAction\":[{\"@type\":\"CommentAction\",\"name\":\"Comment\",\"target\":[\"https:\/\/centcols.org\/samedi-7-septembre-drome-ardeche-vaucluse\/#respond\"]}]},{\"@type\":\"WebPage\",\"@id\":\"https:\/\/centcols.org\/samedi-7-septembre-drome-ardeche-vaucluse\/\",\"url\":\"https:\/\/centcols.org\/samedi-7-septembre-drome-ardeche-vaucluse\/\",\"name\":\"Samedi 7 septembre, Dr\u00f4me, Ard\u00e8che, Vaucluse - Club des Cent Cols\",\"isPartOf\":{\"@id\":\"https:\/\/centcols.org\/#website\"},\"primaryImageOfPage\":{\"@id\":\"https:\/\/centcols.org\/samedi-7-septembre-drome-ardeche-vaucluse\/#primaryimage\"},\"image\":{\"@id\":\"https:\/\/centcols.org\/samedi-7-septembre-drome-ardeche-vaucluse\/#primaryimage\"},\"thumbnailUrl\":\"https:\/\/centcols.org\/wp-content\/uploads\/2025\/06\/79011.jpg\",\"datePublished\":\"2025-06-29T08:46:24+00:00\",\"dateModified\":\"2025-09-09T11:31:34+00:00\",\"breadcrumb\":{\"@id\":\"https:\/\/centcols.org\/samedi-7-septembre-drome-ardeche-vaucluse\/#breadcrumb\"},\"inLanguage\":\"en-GB\",\"potentialAction\":[{\"@type\":\"ReadAction\",\"target\":[\"https:\/\/centcols.org\/samedi-7-septembre-drome-ardeche-vaucluse\/\"]}]},{\"@type\":\"ImageObject\",\"inLanguage\":\"en-GB\",\"@id\":\"https:\/\/centcols.org\/samedi-7-septembre-drome-ardeche-vaucluse\/#primaryimage\",\"url\":\"https:\/\/centcols.org\/wp-content\/uploads\/2025\/06\/79011.jpg\",\"contentUrl\":\"https:\/\/centcols.org\/wp-content\/uploads\/2025\/06\/79011.jpg\",\"width\":800,\"height\":602},{\"@type\":\"BreadcrumbList\",\"@id\":\"https:\/\/centcols.org\/samedi-7-septembre-drome-ardeche-vaucluse\/#breadcrumb\",\"itemListElement\":[{\"@type\":\"ListItem\",\"position\":1,\"name\":\"Accueil\",\"item\":\"https:\/\/centcols.org\/\"},{\"@type\":\"ListItem\",\"position\":2,\"name\":\"Rencontres r\u00e9gionales\",\"item\":\"https:\/\/centcols.org\/rubrique\/rencontres-regionales\/\"},{\"@type\":\"ListItem\",\"position\":3,\"name\":\"Samedi 7 septembre, Dr\u00f4me, Ard\u00e8che, Vaucluse\"}]},{\"@type\":\"WebSite\",\"@id\":\"https:\/\/centcols.org\/#website\",\"url\":\"https:\/\/centcols.org\/\",\"name\":\"Club des Cent Cols\",\"description\":\"\",\"publisher\":{\"@id\":\"https:\/\/centcols.org\/#organization\"},\"potentialAction\":[{\"@type\":\"SearchAction\",\"target\":{\"@type\":\"EntryPoint\",\"urlTemplate\":\"https:\/\/centcols.org\/?s={search_term_string}\"},\"query-input\":{\"@type\":\"PropertyValueSpecification\",\"valueRequired\":true,\"valueName\":\"search_term_string\"}}],\"inLanguage\":\"en-GB\"},{\"@type\":\"Organization\",\"@id\":\"https:\/\/centcols.org\/#organization\",\"name\":\"Club des Cent Cols\",\"url\":\"https:\/\/centcols.org\/\",\"logo\":{\"@type\":\"ImageObject\",\"inLanguage\":\"en-GB\",\"@id\":\"https:\/\/centcols.org\/#\/schema\/logo\/image\/\",\"url\":\"https:\/\/centcols.org\/wp-content\/uploads\/2025\/01\/carte-icone.png\",\"contentUrl\":\"https:\/\/centcols.org\/wp-content\/uploads\/2025\/01\/carte-icone.png\",\"width\":250,\"height\":250,\"caption\":\"Club des Cent Cols\"},\"image\":{\"@id\":\"https:\/\/centcols.org\/#\/schema\/logo\/image\/\"},\"sameAs\":[\"https:\/\/www.facebook.com\/groups\/5261880558\/?locale=fr_FR\"]},{\"@type\":\"Person\",\"@id\":\"https:\/\/centcols.org\/#\/schema\/person\/911b404fb133d8c913dd27cdcf71c8e5\",\"name\":\"Webmestre\",\"image\":{\"@type\":\"ImageObject\",\"inLanguage\":\"en-GB\",\"@id\":\"https:\/\/centcols.org\/wp-content\/litespeed\/avatar\/2d246e4b6b4f773e08515e1ffc53690b.jpg?ver=1777222892\",\"url\":\"https:\/\/centcols.org\/wp-content\/litespeed\/avatar\/2d246e4b6b4f773e08515e1ffc53690b.jpg?ver=1777222892\",\"contentUrl\":\"https:\/\/centcols.org\/wp-content\/litespeed\/avatar\/2d246e4b6b4f773e08515e1ffc53690b.jpg?ver=1777222892\",\"caption\":\"Webmestre\"},\"url\":\"https:\/\/centcols.org\/en\/author\/webmestre\/\"}]}<\/script>\n<!-- \/ Yoast SEO plugin. -->","yoast_head_json":{"title":"Saturday 7 September, Dr\u00f4me, Ard\u00e8che, Vaucluse - Club des Cent Cols","robots":{"index":"index","follow":"follow","max-snippet":"max-snippet:-1","max-image-preview":"max-image-preview:large","max-video-preview":"max-video-preview:-1"},"canonical":"https:\/\/centcols.org\/en\/saturday-7-september-drome-ardeche-vaucluse\/","og_locale":"en_GB","og_type":"article","og_title":"Samedi 7 septembre, Dr\u00f4me, Ard\u00e8che, Vaucluse - Club des Cent Cols","og_description":"Lieu\u00a0: Col de la Croix de Cruas FR-07-0388Le col de la Croix de Cruas se trouve en Ard\u00e8che sur la ligne de cr\u00eate des collines quisurplombent le Rh\u00f4ne entre Le Pouzin et Le Teil.Accueil \u00e0 partir de 11h jusqu\u2019\u00e0 15h30.Les organisateurs vous proposeront un moment de convivialit\u00e9 et d\u2019\u00e9change autourd\u2019un ravitaillement \u00e0 base de produits [&hellip;]","og_url":"https:\/\/centcols.org\/en\/saturday-7-september-drome-ardeche-vaucluse\/","og_site_name":"Club des Cent Cols","article_publisher":"https:\/\/www.facebook.com\/groups\/5261880558\/?locale=fr_FR","article_published_time":"2025-06-29T08:46:24+00:00","article_modified_time":"2025-09-09T11:31:34+00:00","og_image":[{"width":800,"height":602,"url":"https:\/\/centcols.org\/wp-content\/uploads\/2025\/06\/79011.jpg","type":"image\/jpeg"}],"author":"Webmestre","twitter_card":"summary_large_image","twitter_misc":{"Written by":"Webmestre","Estimated reading time":"2 minutes"},"schema":{"@context":"https:\/\/schema.org","@graph":[{"@type":"Article","@id":"https:\/\/centcols.org\/samedi-7-septembre-drome-ardeche-vaucluse\/#article","isPartOf":{"@id":"https:\/\/centcols.org\/samedi-7-septembre-drome-ardeche-vaucluse\/"},"author":{"name":"Webmestre","@id":"https:\/\/centcols.org\/#\/schema\/person\/911b404fb133d8c913dd27cdcf71c8e5"},"headline":"Samedi 7 septembre, Dr\u00f4me, Ard\u00e8che, Vaucluse","datePublished":"2025-06-29T08:46:24+00:00","dateModified":"2025-09-09T11:31:34+00:00","mainEntityOfPage":{"@id":"https:\/\/centcols.org\/samedi-7-septembre-drome-ardeche-vaucluse\/"},"wordCount":288,"commentCount":0,"publisher":{"@id":"https:\/\/centcols.org\/#organization"},"image":{"@id":"https:\/\/centcols.org\/samedi-7-septembre-drome-ardeche-vaucluse\/#primaryimage"},"thumbnailUrl":"https:\/\/centcols.org\/wp-content\/uploads\/2025\/06\/79011.jpg","articleSection":["2024-rassemblements","Calendrier","Rencontres r\u00e9gionales"],"inLanguage":"en-GB","potentialAction":[{"@type":"CommentAction","name":"Comment","target":["https:\/\/centcols.org\/samedi-7-septembre-drome-ardeche-vaucluse\/#respond"]}]},{"@type":"WebPage","@id":"https:\/\/centcols.org\/samedi-7-septembre-drome-ardeche-vaucluse\/","url":"https:\/\/centcols.org\/samedi-7-septembre-drome-ardeche-vaucluse\/","name":"Saturday 7 September, Dr\u00f4me, Ard\u00e8che, Vaucluse - Club des Cent Cols","isPartOf":{"@id":"https:\/\/centcols.org\/#website"},"primaryImageOfPage":{"@id":"https:\/\/centcols.org\/samedi-7-septembre-drome-ardeche-vaucluse\/#primaryimage"},"image":{"@id":"https:\/\/centcols.org\/samedi-7-septembre-drome-ardeche-vaucluse\/#primaryimage"},"thumbnailUrl":"https:\/\/centcols.org\/wp-content\/uploads\/2025\/06\/79011.jpg","datePublished":"2025-06-29T08:46:24+00:00","dateModified":"2025-09-09T11:31:34+00:00","breadcrumb":{"@id":"https:\/\/centcols.org\/samedi-7-septembre-drome-ardeche-vaucluse\/#breadcrumb"},"inLanguage":"en-GB","potentialAction":[{"@type":"ReadAction","target":["https:\/\/centcols.org\/samedi-7-septembre-drome-ardeche-vaucluse\/"]}]},{"@type":"ImageObject","inLanguage":"en-GB","@id":"https:\/\/centcols.org\/samedi-7-septembre-drome-ardeche-vaucluse\/#primaryimage","url":"https:\/\/centcols.org\/wp-content\/uploads\/2025\/06\/79011.jpg","contentUrl":"https:\/\/centcols.org\/wp-content\/uploads\/2025\/06\/79011.jpg","width":800,"height":602},{"@type":"BreadcrumbList","@id":"https:\/\/centcols.org\/samedi-7-septembre-drome-ardeche-vaucluse\/#breadcrumb","itemListElement":[{"@type":"ListItem","position":1,"name":"Accueil","item":"https:\/\/centcols.org\/"},{"@type":"ListItem","position":2,"name":"Rencontres r\u00e9gionales","item":"https:\/\/centcols.org\/rubrique\/rencontres-regionales\/"},{"@type":"ListItem","position":3,"name":"Samedi 7 septembre, Dr\u00f4me, Ard\u00e8che, Vaucluse"}]},{"@type":"WebSite","@id":"https:\/\/centcols.org\/#website","url":"https:\/\/centcols.org\/","name":"Club des Cent Cols","description":"","publisher":{"@id":"https:\/\/centcols.org\/#organization"},"potentialAction":[{"@type":"SearchAction","target":{"@type":"EntryPoint","urlTemplate":"https:\/\/centcols.org\/?s={search_term_string}"},"query-input":{"@type":"PropertyValueSpecification","valueRequired":true,"valueName":"search_term_string"}}],"inLanguage":"en-GB"},{"@type":"Organization","@id":"https:\/\/centcols.org\/#organization","name":"Club des Cent Cols","url":"https:\/\/centcols.org\/","logo":{"@type":"ImageObject","inLanguage":"en-GB","@id":"https:\/\/centcols.org\/#\/schema\/logo\/image\/","url":"https:\/\/centcols.org\/wp-content\/uploads\/2025\/01\/carte-icone.png","contentUrl":"https:\/\/centcols.org\/wp-content\/uploads\/2025\/01\/carte-icone.png","width":250,"height":250,"caption":"Club des Cent Cols"},"image":{"@id":"https:\/\/centcols.org\/#\/schema\/logo\/image\/"},"sameAs":["https:\/\/www.facebook.com\/groups\/5261880558\/?locale=fr_FR"]},{"@type":"Person","@id":"https:\/\/centcols.org\/#\/schema\/person\/911b404fb133d8c913dd27cdcf71c8e5","name":"Webmaster","image":{"@type":"ImageObject","inLanguage":"en-GB","@id":"https:\/\/centcols.org\/wp-content\/litespeed\/avatar\/2d246e4b6b4f773e08515e1ffc53690b.jpg?ver=1777222892","url":"https:\/\/centcols.org\/wp-content\/litespeed\/avatar\/2d246e4b6b4f773e08515e1ffc53690b.jpg?ver=1777222892","contentUrl":"https:\/\/centcols.org\/wp-content\/litespeed\/avatar\/2d246e4b6b4f773e08515e1ffc53690b.jpg?ver=1777222892","caption":"Webmestre"},"url":"https:\/\/centcols.org\/en\/author\/webmestre\/"}]}},"_links":{"self":[{"href":"https:\/\/centcols.org\/en\/wp-json\/wp\/v2\/posts\/84461","targetHints":{"allow":["GET"]}}],"collection":[{"href":"https:\/\/centcols.org\/en\/wp-json\/wp\/v2\/posts"}],"about":[{"href":"https:\/\/centcols.org\/en\/wp-json\/wp\/v2\/types\/post"}],"author":[{"embeddable":true,"href":"https:\/\/centcols.org\/en\/wp-json\/wp\/v2\/users\/3"}],"replies":[{"embeddable":true,"href":"https:\/\/centcols.org\/en\/wp-json\/wp\/v2\/comments?post=84461"}],"version-history":[{"count":0,"href":"https:\/\/centcols.org\/en\/wp-json\/wp\/v2\/posts\/84461\/revisions"}],"wp:featuredmedia":[{"embeddable":true,"href":"https:\/\/centcols.org\/en\/wp-json\/wp\/v2\/media\/84462"}],"wp:attachment":[{"href":"https:\/\/centcols.org\/en\/wp-json\/wp\/v2\/media?parent=84461"}],"wp:term":[{"taxonomy":"category","embeddable":true,"href":"https:\/\/centcols.org\/en\/wp-json\/wp\/v2\/categories?post=84461"},{"taxonomy":"post_tag","embeddable":true,"href":"https:\/\/centcols.org\/en\/wp-json\/wp\/v2\/tags?post=84461"}],"curies":[{"name":"wp","href":"https:\/\/api.w.org\/{rel}","templated":true}]}}